{"id":166137,"date":"2023-05-16T11:53:40","date_gmt":"2023-05-16T15:53:40","guid":{"rendered":"https:\/\/digital58.com.ve\/site\/?p=166137"},"modified":"2023-05-16T12:27:48","modified_gmt":"2023-05-16T16:27:48","slug":"la-generacion-z-esta-ocupada-en-tiktok","status":"publish","type":"post","link":"https:\/\/digital58.com.ve\/site\/2023\/05\/16\/la-generacion-z-esta-ocupada-en-tiktok\/","title":{"rendered":"La generaci\u00f3n Z \u00abest\u00e1 ocupada en TikTok\u00bb"},"content":{"rendered":"<p>&nbsp;<\/p>\n<p><a href=\"https:\/\/digital58.com.ve\/site\/wp-content\/uploads\/2023\/05\/jovenes-redes.jpg\"><img loading=\"lazy\" decoding=\"async\" class=\"aligncenter size-full wp-image-166153\" src=\"https:\/\/digital58.com.ve\/site\/wp-content\/uploads\/2023\/05\/jovenes-redes.jpg\" alt=\"\" width=\"800\" height=\"532\" srcset=\"https:\/\/digital58.com.ve\/site\/wp-content\/uploads\/2023\/05\/jovenes-redes.jpg 800w, https:\/\/digital58.com.ve\/site\/wp-content\/uploads\/2023\/05\/jovenes-redes-300x200.jpg 300w, https:\/\/digital58.com.ve\/site\/wp-content\/uploads\/2023\/05\/jovenes-redes-768x511.jpg 768w\" sizes=\"auto, (max-width: 800px) 100vw, 800px\" \/><\/a><\/p>\n<p>Uno de los problemas de los j\u00f3venes de hoy en d\u00eda es que est\u00e1n m\u00e1s tiempo en las redes sociales que en construir sus carreras profesionales, as\u00ed lo afirma el multimillonario estadounidense John Catsimatidis.<\/p>\n<p><strong>Internacionales, 16 de mayo de 2023 (ND58).-\u00a0<\/strong>El due\u00f1o de un imperio de propiedades inmobiliarias y supermercados, ha revelado que hizo su fortuna, que ahora se estima en m\u00e1s de 4.000 millones de d\u00f3lares, solo gracias al trabajo duro.<\/p>\n<p>\u00abSi trabajas 100 horas a la semana y no te da resultado, ser\u00e1 mejor que trabajes 120\u00bb, dijo, recordando que cuando termin\u00f3 la escuela \u00abestaba dispuesto a dormir en el sof\u00e1 todo el verano y ver la televisi\u00f3n\u00bb, pero su madre le ech\u00f3 del sof\u00e1 y empez\u00f3 a trabajar 70 horas a la semana en un supermercado.<\/p>\n<p>Al ser preguntado sobre su mejor consejo para quienes quieren desarrollarse como empresarios, el magnate destac\u00f3 que se trata de \u00abuna combinaci\u00f3n entre recibir una buena educaci\u00f3n, no meterse en l\u00edos y trabajar duro\u00bb.<\/p>\n<p>Al mismo tiempo, se\u00f1al\u00f3 que es trabajo duro lo que le falta a la generaci\u00f3n Z.<\/p>\n<p>\u00abEste es uno de los problemas que tenemos hoy en d\u00eda en nuestro pa\u00eds: los ni\u00f1os est\u00e1n ocupados jugando al TikTok. Cuanto m\u00e1s trabajas, m\u00e1s f\u00e1cil te resulta ganar. Mira a la gente que solo trabaja tres d\u00edas a la semana y te mostrar\u00e9 los fracasos\u00bb, declar\u00f3.<\/p><div class=\"zuxdq69f1da74c5c75\" ><p style=\"text-align: center;\"><a href=\"https:\/\/t.me\/noticiasdigital58\" target=\"_blank\" rel=\"noopener\"><img class=\"aligncenter size-full wp-image-125363\" src=\"https:\/\/digital58.com.ve\/site\/wp-content\/uploads\/2021\/04\/banner-telegram-web-2021.png\" alt=\"\" width=\"600\" height=\"90\" \/><\/a><\/p><\/div><style type=\"text\/css\">\r\n@media screen and (min-width: 1201px) {\r\n.zuxdq69f1da74c5c75 {\r\ndisplay: block;\r\n}\r\n}\r\n@media screen and (min-width: 993px) and (max-width: 1200px) {\r\n.zuxdq69f1da74c5c75 {\r\ndisplay: block;\r\n}\r\n}\r\n@media screen and (min-width: 769px) and (max-width: 992px) {\r\n.zuxdq69f1da74c5c75 {\r\ndisplay: block;\r\n}\r\n}\r\n@media screen and (min-width: 768px) and (max-width: 768px) {\r\n.zuxdq69f1da74c5c75 {\r\ndisplay: block;\r\n}\r\n}\r\n@media screen and (max-width: 767px) {\r\n.zuxdq69f1da74c5c75 {\r\ndisplay: block;\r\n}\r\n}\r\n<\/style>\r\n\n<p><strong>Redacci\u00f3n ND58\/N\u00fa\u00f1ez, Patricia | RT<\/strong><br \/>\n<strong>Edici\u00f3n: Villasmil, Henry<\/strong><br \/>\n<strong>Gr\u00e1fica: Philippe Lopez<\/strong><\/p>\n<div style=\"margin-top: 0px; margin-bottom: 0px;\" class=\"sharethis-inline-share-buttons\" ><\/div>","protected":false},"excerpt":{"rendered":"<p>&nbsp; Uno de los problemas de los j\u00f3venes de hoy en d\u00eda es que est\u00e1n m\u00e1s tiempo en las redes<\/p>\n","protected":false},"author":45,"featured_media":166139,"comment_status":"open","ping_status":"closed","sticky":false,"template":"","format":"standard","meta":{"colormag_page_container_layout":"default_layout","colormag_page_sidebar_layout":"default_layout","_uag_custom_page_level_css":"","footnotes":""},"categories":[16451],"tags":[31405,8,247,31399,7387,248,16708],"class_list":["post-166137","post","type-post","status-publish","format-standard","has-post-thumbnail","hentry","category-mundo","tag-generacion-z","tag-internacionales","tag-internet","tag-john-catsimatidis","tag-jovenes","tag-redes-sociales","tag-tiktok"],"yoast_head":"<!-- This site is optimized with the Yoast SEO plugin v27.5 - https:\/\/yoast.com\/product\/yoast-seo-wordpress\/ -->\n<title>La generaci\u00f3n Z \u00abest\u00e1 ocupada en TikTok\u00bb<\/title>\n<meta name=\"robots\" content=\"index, follow, max-snippet:-1, max-image-preview:large, max-video-preview:-1\" \/>\n<link rel=\"canonical\" href=\"https:\/\/digital58.com.ve\/site\/2023\/05\/16\/la-generacion-z-esta-ocupada-en-tiktok\/\" \/>\n<meta property=\"og:locale\" content=\"es_ES\" \/>\n<meta property=\"og:type\" content=\"article\" \/>\n<meta property=\"og:title\" content=\"La generaci\u00f3n Z \u00abest\u00e1 ocupada en TikTok\u00bb\" \/>\n<meta property=\"og:url\" content=\"https:\/\/digital58.com.ve\/site\/2023\/05\/16\/la-generacion-z-esta-ocupada-en-tiktok\/\" \/>\n<meta property=\"og:site_name\" content=\"Noticias Digital58\" \/>\n<meta property=\"article:published_time\" content=\"2023-05-16T15:53:40+00:00\" \/>\n<meta property=\"article:modified_time\" content=\"2023-05-16T16:27:48+00:00\" \/>\n<meta property=\"og:image\" content=\"https:\/\/i0.wp.com\/digital58.com.ve\/site\/wp-content\/uploads\/2023\/05\/TikTok_1.jpg?fit=800%2C600&ssl=1\" \/>\n\t<meta property=\"og:image:width\" content=\"800\" \/>\n\t<meta property=\"og:image:height\" content=\"600\" \/>\n\t<meta property=\"og:image:type\" content=\"image\/jpeg\" \/>\n<meta name=\"author\" content=\"Patricia Nu\u00f1ez\" \/>\n<meta name=\"twitter:card\" content=\"summary_large_image\" \/>\n<meta name=\"twitter:creator\" content=\"@Digital_58\" \/>\n<meta name=\"twitter:site\" content=\"@villasmilhfoto\" \/>\n<meta name=\"twitter:label1\" content=\"Escrito por\" \/>\n\t<meta name=\"twitter:data1\" content=\"Patricia Nu\u00f1ez\" \/>\n\t<meta name=\"twitter:label2\" content=\"Tiempo estimado de lectura\" \/>\n\t<meta name=\"twitter:data2\" content=\"1 minuto\" \/>\n<script type=\"application\/ld+json\" class=\"yoast-schema-graph\">{\"@context\":\"https:\\\/\\\/schema.org\",\"@graph\":[{\"@type\":\"Article\",\"@id\":\"https:\\\/\\\/digital58.com.ve\\\/site\\\/2023\\\/05\\\/16\\\/la-generacion-z-esta-ocupada-en-tiktok\\\/#article\",\"isPartOf\":{\"@id\":\"https:\\\/\\\/digital58.com.ve\\\/site\\\/2023\\\/05\\\/16\\\/la-generacion-z-esta-ocupada-en-tiktok\\\/\"},\"author\":{\"name\":\"Patricia Nu\u00f1ez\",\"@id\":\"https:\\\/\\\/digital58.com.ve\\\/site\\\/#\\\/schema\\\/person\\\/9c4e9fffddfc3054e5ef465fe9dfe228\"},\"headline\":\"La generaci\u00f3n Z \u00abest\u00e1 ocupada en TikTok\u00bb\",\"datePublished\":\"2023-05-16T15:53:40+00:00\",\"dateModified\":\"2023-05-16T16:27:48+00:00\",\"mainEntityOfPage\":{\"@id\":\"https:\\\/\\\/digital58.com.ve\\\/site\\\/2023\\\/05\\\/16\\\/la-generacion-z-esta-ocupada-en-tiktok\\\/\"},\"wordCount\":267,\"commentCount\":0,\"publisher\":{\"@id\":\"https:\\\/\\\/digital58.com.ve\\\/site\\\/#\\\/schema\\\/person\\\/64d1c2e4d0d4fd1b849980c4331c2951\"},\"image\":{\"@id\":\"https:\\\/\\\/digital58.com.ve\\\/site\\\/2023\\\/05\\\/16\\\/la-generacion-z-esta-ocupada-en-tiktok\\\/#primaryimage\"},\"thumbnailUrl\":\"https:\\\/\\\/digital58.com.ve\\\/site\\\/wp-content\\\/uploads\\\/2023\\\/05\\\/TikTok_1.jpg\",\"keywords\":[\"Generaci\u00f3n Z\",\"Internacionales\",\"Internet\",\"John Catsimatidis.\",\"J\u00f3venes\",\"Redes Sociales\",\"TikTok\"],\"articleSection\":[\"Mundo\"],\"inLanguage\":\"es\",\"potentialAction\":[{\"@type\":\"CommentAction\",\"name\":\"Comment\",\"target\":[\"https:\\\/\\\/digital58.com.ve\\\/site\\\/2023\\\/05\\\/16\\\/la-generacion-z-esta-ocupada-en-tiktok\\\/#respond\"]}]},{\"@type\":\"WebPage\",\"@id\":\"https:\\\/\\\/digital58.com.ve\\\/site\\\/2023\\\/05\\\/16\\\/la-generacion-z-esta-ocupada-en-tiktok\\\/\",\"url\":\"https:\\\/\\\/digital58.com.ve\\\/site\\\/2023\\\/05\\\/16\\\/la-generacion-z-esta-ocupada-en-tiktok\\\/\",\"name\":\"La generaci\u00f3n Z \u00abest\u00e1 ocupada en TikTok\u00bb\",\"isPartOf\":{\"@id\":\"https:\\\/\\\/digital58.com.ve\\\/site\\\/#website\"},\"primaryImageOfPage\":{\"@id\":\"https:\\\/\\\/digital58.com.ve\\\/site\\\/2023\\\/05\\\/16\\\/la-generacion-z-esta-ocupada-en-tiktok\\\/#primaryimage\"},\"image\":{\"@id\":\"https:\\\/\\\/digital58.com.ve\\\/site\\\/2023\\\/05\\\/16\\\/la-generacion-z-esta-ocupada-en-tiktok\\\/#primaryimage\"},\"thumbnailUrl\":\"https:\\\/\\\/digital58.com.ve\\\/site\\\/wp-content\\\/uploads\\\/2023\\\/05\\\/TikTok_1.jpg\",\"datePublished\":\"2023-05-16T15:53:40+00:00\",\"dateModified\":\"2023-05-16T16:27:48+00:00\",\"breadcrumb\":{\"@id\":\"https:\\\/\\\/digital58.com.ve\\\/site\\\/2023\\\/05\\\/16\\\/la-generacion-z-esta-ocupada-en-tiktok\\\/#breadcrumb\"},\"inLanguage\":\"es\",\"potentialAction\":[{\"@type\":\"ReadAction\",\"target\":[\"https:\\\/\\\/digital58.com.ve\\\/site\\\/2023\\\/05\\\/16\\\/la-generacion-z-esta-ocupada-en-tiktok\\\/\"]}]},{\"@type\":\"ImageObject\",\"inLanguage\":\"es\",\"@id\":\"https:\\\/\\\/digital58.com.ve\\\/site\\\/2023\\\/05\\\/16\\\/la-generacion-z-esta-ocupada-en-tiktok\\\/#primaryimage\",\"url\":\"https:\\\/\\\/digital58.com.ve\\\/site\\\/wp-content\\\/uploads\\\/2023\\\/05\\\/TikTok_1.jpg\",\"contentUrl\":\"https:\\\/\\\/digital58.com.ve\\\/site\\\/wp-content\\\/uploads\\\/2023\\\/05\\\/TikTok_1.jpg\",\"width\":800,\"height\":600},{\"@type\":\"BreadcrumbList\",\"@id\":\"https:\\\/\\\/digital58.com.ve\\\/site\\\/2023\\\/05\\\/16\\\/la-generacion-z-esta-ocupada-en-tiktok\\\/#breadcrumb\",\"itemListElement\":[{\"@type\":\"ListItem\",\"position\":1,\"name\":\"Home\",\"item\":\"https:\\\/\\\/digital58.com.ve\\\/site\\\/\"},{\"@type\":\"ListItem\",\"position\":2,\"name\":\"La generaci\u00f3n Z \u00abest\u00e1 ocupada en TikTok\u00bb\"}]},{\"@type\":\"WebSite\",\"@id\":\"https:\\\/\\\/digital58.com.ve\\\/site\\\/#website\",\"url\":\"https:\\\/\\\/digital58.com.ve\\\/site\\\/\",\"name\":\"Noticias Digital58\",\"description\":\"Portal de Noticias \u00a1Periodismo web de verdad! Lanzamiento web 22.11.2005 \\\/ Maracaibo, Venezuela\",\"publisher\":{\"@id\":\"https:\\\/\\\/digital58.com.ve\\\/site\\\/#\\\/schema\\\/person\\\/64d1c2e4d0d4fd1b849980c4331c2951\"},\"alternateName\":\"ND58\",\"potentialAction\":[{\"@type\":\"SearchAction\",\"target\":{\"@type\":\"EntryPoint\",\"urlTemplate\":\"https:\\\/\\\/digital58.com.ve\\\/site\\\/?s={search_term_string}\"},\"query-input\":{\"@type\":\"PropertyValueSpecification\",\"valueRequired\":true,\"valueName\":\"search_term_string\"}}],\"inLanguage\":\"es\"},{\"@type\":[\"Person\",\"Organization\"],\"@id\":\"https:\\\/\\\/digital58.com.ve\\\/site\\\/#\\\/schema\\\/person\\\/64d1c2e4d0d4fd1b849980c4331c2951\",\"name\":\"Villasmil Henry\",\"image\":{\"@type\":\"ImageObject\",\"inLanguage\":\"es\",\"@id\":\"https:\\\/\\\/secure.gravatar.com\\\/avatar\\\/bb0c4a2fcb7970138239f7e404ea75757b1b507b28b5ce4c53fbd62d797c5a7c?s=96&d=mm&r=g\",\"url\":\"https:\\\/\\\/secure.gravatar.com\\\/avatar\\\/bb0c4a2fcb7970138239f7e404ea75757b1b507b28b5ce4c53fbd62d797c5a7c?s=96&d=mm&r=g\",\"contentUrl\":\"https:\\\/\\\/secure.gravatar.com\\\/avatar\\\/bb0c4a2fcb7970138239f7e404ea75757b1b507b28b5ce4c53fbd62d797c5a7c?s=96&d=mm&r=g\",\"caption\":\"Villasmil Henry\"},\"logo\":{\"@id\":\"https:\\\/\\\/secure.gravatar.com\\\/avatar\\\/bb0c4a2fcb7970138239f7e404ea75757b1b507b28b5ce4c53fbd62d797c5a7c?s=96&d=mm&r=g\"},\"sameAs\":[\"http:\\\/\\\/www.henryvillasmil.com.ve\",\"https:\\\/\\\/www.instagram.com\\\/villasmilhfoto\\\/\",\"https:\\\/\\\/x.com\\\/https:\\\/\\\/twitter.com\\\/villasmilhfoto\"]},{\"@type\":\"Person\",\"@id\":\"https:\\\/\\\/digital58.com.ve\\\/site\\\/#\\\/schema\\\/person\\\/9c4e9fffddfc3054e5ef465fe9dfe228\",\"name\":\"Patricia Nu\u00f1ez\",\"image\":{\"@type\":\"ImageObject\",\"inLanguage\":\"es\",\"@id\":\"https:\\\/\\\/secure.gravatar.com\\\/avatar\\\/296bd0fc15cab799d817cc02e8be7d539c4b4c17e875d92273fa44574101bdc1?s=96&d=mm&r=g\",\"url\":\"https:\\\/\\\/secure.gravatar.com\\\/avatar\\\/296bd0fc15cab799d817cc02e8be7d539c4b4c17e875d92273fa44574101bdc1?s=96&d=mm&r=g\",\"contentUrl\":\"https:\\\/\\\/secure.gravatar.com\\\/avatar\\\/296bd0fc15cab799d817cc02e8be7d539c4b4c17e875d92273fa44574101bdc1?s=96&d=mm&r=g\",\"caption\":\"Patricia Nu\u00f1ez\"},\"url\":\"https:\\\/\\\/digital58.com.ve\\\/site\\\/author\\\/patypnc23\\\/\"}]}<\/script>\n<!-- \/ Yoast SEO plugin. -->","yoast_head_json":{"title":"La generaci\u00f3n Z \u00abest\u00e1 ocupada en TikTok\u00bb","robots":{"index":"index","follow":"follow","max-snippet":"max-snippet:-1","max-image-preview":"max-image-preview:large","max-video-preview":"max-video-preview:-1"},"canonical":"https:\/\/digital58.com.ve\/site\/2023\/05\/16\/la-generacion-z-esta-ocupada-en-tiktok\/","og_locale":"es_ES","og_type":"article","og_title":"La generaci\u00f3n Z \u00abest\u00e1 ocupada en TikTok\u00bb","og_url":"https:\/\/digital58.com.ve\/site\/2023\/05\/16\/la-generacion-z-esta-ocupada-en-tiktok\/","og_site_name":"Noticias Digital58","article_published_time":"2023-05-16T15:53:40+00:00","article_modified_time":"2023-05-16T16:27:48+00:00","og_image":[{"width":800,"height":600,"url":"https:\/\/i0.wp.com\/digital58.com.ve\/site\/wp-content\/uploads\/2023\/05\/TikTok_1.jpg?fit=800%2C600&ssl=1","type":"image\/jpeg"}],"author":"Patricia Nu\u00f1ez","twitter_card":"summary_large_image","twitter_creator":"@Digital_58","twitter_site":"@villasmilhfoto","twitter_misc":{"Escrito por":"Patricia Nu\u00f1ez","Tiempo estimado de lectura":"1 minuto"},"schema":{"@context":"https:\/\/schema.org","@graph":[{"@type":"Article","@id":"https:\/\/digital58.com.ve\/site\/2023\/05\/16\/la-generacion-z-esta-ocupada-en-tiktok\/#article","isPartOf":{"@id":"https:\/\/digital58.com.ve\/site\/2023\/05\/16\/la-generacion-z-esta-ocupada-en-tiktok\/"},"author":{"name":"Patricia Nu\u00f1ez","@id":"https:\/\/digital58.com.ve\/site\/#\/schema\/person\/9c4e9fffddfc3054e5ef465fe9dfe228"},"headline":"La generaci\u00f3n Z \u00abest\u00e1 ocupada en TikTok\u00bb","datePublished":"2023-05-16T15:53:40+00:00","dateModified":"2023-05-16T16:27:48+00:00","mainEntityOfPage":{"@id":"https:\/\/digital58.com.ve\/site\/2023\/05\/16\/la-generacion-z-esta-ocupada-en-tiktok\/"},"wordCount":267,"commentCount":0,"publisher":{"@id":"https:\/\/digital58.com.ve\/site\/#\/schema\/person\/64d1c2e4d0d4fd1b849980c4331c2951"},"image":{"@id":"https:\/\/digital58.com.ve\/site\/2023\/05\/16\/la-generacion-z-esta-ocupada-en-tiktok\/#primaryimage"},"thumbnailUrl":"https:\/\/digital58.com.ve\/site\/wp-content\/uploads\/2023\/05\/TikTok_1.jpg","keywords":["Generaci\u00f3n Z","Internacionales","Internet","John Catsimatidis.","J\u00f3venes","Redes Sociales","TikTok"],"articleSection":["Mundo"],"inLanguage":"es","potentialAction":[{"@type":"CommentAction","name":"Comment","target":["https:\/\/digital58.com.ve\/site\/2023\/05\/16\/la-generacion-z-esta-ocupada-en-tiktok\/#respond"]}]},{"@type":"WebPage","@id":"https:\/\/digital58.com.ve\/site\/2023\/05\/16\/la-generacion-z-esta-ocupada-en-tiktok\/","url":"https:\/\/digital58.com.ve\/site\/2023\/05\/16\/la-generacion-z-esta-ocupada-en-tiktok\/","name":"La generaci\u00f3n Z \u00abest\u00e1 ocupada en TikTok\u00bb","isPartOf":{"@id":"https:\/\/digital58.com.ve\/site\/#website"},"primaryImageOfPage":{"@id":"https:\/\/digital58.com.ve\/site\/2023\/05\/16\/la-generacion-z-esta-ocupada-en-tiktok\/#primaryimage"},"image":{"@id":"https:\/\/digital58.com.ve\/site\/2023\/05\/16\/la-generacion-z-esta-ocupada-en-tiktok\/#primaryimage"},"thumbnailUrl":"https:\/\/digital58.com.ve\/site\/wp-content\/uploads\/2023\/05\/TikTok_1.jpg","datePublished":"2023-05-16T15:53:40+00:00","dateModified":"2023-05-16T16:27:48+00:00","breadcrumb":{"@id":"https:\/\/digital58.com.ve\/site\/2023\/05\/16\/la-generacion-z-esta-ocupada-en-tiktok\/#breadcrumb"},"inLanguage":"es","potentialAction":[{"@type":"ReadAction","target":["https:\/\/digital58.com.ve\/site\/2023\/05\/16\/la-generacion-z-esta-ocupada-en-tiktok\/"]}]},{"@type":"ImageObject","inLanguage":"es","@id":"https:\/\/digital58.com.ve\/site\/2023\/05\/16\/la-generacion-z-esta-ocupada-en-tiktok\/#primaryimage","url":"https:\/\/digital58.com.ve\/site\/wp-content\/uploads\/2023\/05\/TikTok_1.jpg","contentUrl":"https:\/\/digital58.com.ve\/site\/wp-content\/uploads\/2023\/05\/TikTok_1.jpg","width":800,"height":600},{"@type":"BreadcrumbList","@id":"https:\/\/digital58.com.ve\/site\/2023\/05\/16\/la-generacion-z-esta-ocupada-en-tiktok\/#breadcrumb","itemListElement":[{"@type":"ListItem","position":1,"name":"Home","item":"https:\/\/digital58.com.ve\/site\/"},{"@type":"ListItem","position":2,"name":"La generaci\u00f3n Z \u00abest\u00e1 ocupada en TikTok\u00bb"}]},{"@type":"WebSite","@id":"https:\/\/digital58.com.ve\/site\/#website","url":"https:\/\/digital58.com.ve\/site\/","name":"Noticias Digital58","description":"Portal de Noticias \u00a1Periodismo web de verdad! Lanzamiento web 22.11.2005 \/ Maracaibo, Venezuela","publisher":{"@id":"https:\/\/digital58.com.ve\/site\/#\/schema\/person\/64d1c2e4d0d4fd1b849980c4331c2951"},"alternateName":"ND58","potentialAction":[{"@type":"SearchAction","target":{"@type":"EntryPoint","urlTemplate":"https:\/\/digital58.com.ve\/site\/?s={search_term_string}"},"query-input":{"@type":"PropertyValueSpecification","valueRequired":true,"valueName":"search_term_string"}}],"inLanguage":"es"},{"@type":["Person","Organization"],"@id":"https:\/\/digital58.com.ve\/site\/#\/schema\/person\/64d1c2e4d0d4fd1b849980c4331c2951","name":"Villasmil Henry","image":{"@type":"ImageObject","inLanguage":"es","@id":"https:\/\/secure.gravatar.com\/avatar\/bb0c4a2fcb7970138239f7e404ea75757b1b507b28b5ce4c53fbd62d797c5a7c?s=96&d=mm&r=g","url":"https:\/\/secure.gravatar.com\/avatar\/bb0c4a2fcb7970138239f7e404ea75757b1b507b28b5ce4c53fbd62d797c5a7c?s=96&d=mm&r=g","contentUrl":"https:\/\/secure.gravatar.com\/avatar\/bb0c4a2fcb7970138239f7e404ea75757b1b507b28b5ce4c53fbd62d797c5a7c?s=96&d=mm&r=g","caption":"Villasmil Henry"},"logo":{"@id":"https:\/\/secure.gravatar.com\/avatar\/bb0c4a2fcb7970138239f7e404ea75757b1b507b28b5ce4c53fbd62d797c5a7c?s=96&d=mm&r=g"},"sameAs":["http:\/\/www.henryvillasmil.com.ve","https:\/\/www.instagram.com\/villasmilhfoto\/","https:\/\/x.com\/https:\/\/twitter.com\/villasmilhfoto"]},{"@type":"Person","@id":"https:\/\/digital58.com.ve\/site\/#\/schema\/person\/9c4e9fffddfc3054e5ef465fe9dfe228","name":"Patricia Nu\u00f1ez","image":{"@type":"ImageObject","inLanguage":"es","@id":"https:\/\/secure.gravatar.com\/avatar\/296bd0fc15cab799d817cc02e8be7d539c4b4c17e875d92273fa44574101bdc1?s=96&d=mm&r=g","url":"https:\/\/secure.gravatar.com\/avatar\/296bd0fc15cab799d817cc02e8be7d539c4b4c17e875d92273fa44574101bdc1?s=96&d=mm&r=g","contentUrl":"https:\/\/secure.gravatar.com\/avatar\/296bd0fc15cab799d817cc02e8be7d539c4b4c17e875d92273fa44574101bdc1?s=96&d=mm&r=g","caption":"Patricia Nu\u00f1ez"},"url":"https:\/\/digital58.com.ve\/site\/author\/patypnc23\/"}]}},"uagb_featured_image_src":{"full":["https:\/\/digital58.com.ve\/site\/wp-content\/uploads\/2023\/05\/TikTok_1.jpg",800,600,false],"thumbnail":["https:\/\/digital58.com.ve\/site\/wp-content\/uploads\/2023\/05\/TikTok_1-150x150.jpg",150,150,true],"medium":["https:\/\/digital58.com.ve\/site\/wp-content\/uploads\/2023\/05\/TikTok_1-300x225.jpg",300,225,true],"medium_large":["https:\/\/digital58.com.ve\/site\/wp-content\/uploads\/2023\/05\/TikTok_1-768x576.jpg",768,576,true],"large":["https:\/\/digital58.com.ve\/site\/wp-content\/uploads\/2023\/05\/TikTok_1.jpg",800,600,false],"1536x1536":["https:\/\/digital58.com.ve\/site\/wp-content\/uploads\/2023\/05\/TikTok_1.jpg",800,600,false],"2048x2048":["https:\/\/digital58.com.ve\/site\/wp-content\/uploads\/2023\/05\/TikTok_1.jpg",800,600,false],"colormag-highlighted-post":["https:\/\/digital58.com.ve\/site\/wp-content\/uploads\/2023\/05\/TikTok_1-392x272.jpg",392,272,true],"colormag-featured-post-medium":["https:\/\/digital58.com.ve\/site\/wp-content\/uploads\/2023\/05\/TikTok_1-390x205.jpg",390,205,true],"colormag-featured-post-small":["https:\/\/digital58.com.ve\/site\/wp-content\/uploads\/2023\/05\/TikTok_1-130x90.jpg",130,90,true],"colormag-featured-image":["https:\/\/digital58.com.ve\/site\/wp-content\/uploads\/2023\/05\/TikTok_1-800x445.jpg",800,445,true],"colormag-default-news":["https:\/\/digital58.com.ve\/site\/wp-content\/uploads\/2023\/05\/TikTok_1.jpg",150,113,false],"colormag-featured-image-large":["https:\/\/digital58.com.ve\/site\/wp-content\/uploads\/2023\/05\/TikTok_1.jpg",800,600,false]},"uagb_author_info":{"display_name":"Patricia Nu\u00f1ez","author_link":"https:\/\/digital58.com.ve\/site\/author\/patypnc23\/"},"uagb_comment_info":0,"uagb_excerpt":"&nbsp; Uno de los problemas de los j\u00f3venes de hoy en d\u00eda es que est\u00e1n m\u00e1s tiempo en las redes","_links":{"self":[{"href":"https:\/\/digital58.com.ve\/site\/wp-json\/wp\/v2\/posts\/166137","targetHints":{"allow":["GET"]}}],"collection":[{"href":"https:\/\/digital58.com.ve\/site\/wp-json\/wp\/v2\/posts"}],"about":[{"href":"https:\/\/digital58.com.ve\/site\/wp-json\/wp\/v2\/types\/post"}],"author":[{"embeddable":true,"href":"https:\/\/digital58.com.ve\/site\/wp-json\/wp\/v2\/users\/45"}],"replies":[{"embeddable":true,"href":"https:\/\/digital58.com.ve\/site\/wp-json\/wp\/v2\/comments?post=166137"}],"version-history":[{"count":6,"href":"https:\/\/digital58.com.ve\/site\/wp-json\/wp\/v2\/posts\/166137\/revisions"}],"predecessor-version":[{"id":166154,"href":"https:\/\/digital58.com.ve\/site\/wp-json\/wp\/v2\/posts\/166137\/revisions\/166154"}],"wp:featuredmedia":[{"embeddable":true,"href":"https:\/\/digital58.com.ve\/site\/wp-json\/wp\/v2\/media\/166139"}],"wp:attachment":[{"href":"https:\/\/digital58.com.ve\/site\/wp-json\/wp\/v2\/media?parent=166137"}],"wp:term":[{"taxonomy":"category","embeddable":true,"href":"https:\/\/digital58.com.ve\/site\/wp-json\/wp\/v2\/categories?post=166137"},{"taxonomy":"post_tag","embeddable":true,"href":"https:\/\/digital58.com.ve\/site\/wp-json\/wp\/v2\/tags?post=166137"}],"curies":[{"name":"wp","href":"https:\/\/api.w.org\/{rel}","templated":true}]}}