{"id":166158,"date":"2023-05-16T14:39:53","date_gmt":"2023-05-16T18:39:53","guid":{"rendered":"https:\/\/digital58.com.ve\/site\/?p=166158"},"modified":"2023-05-16T14:39:53","modified_gmt":"2023-05-16T18:39:53","slug":"nicolas-maduro-asegura-que-dedica-el-77-de-su-presupuesto-en-la-inversion-social","status":"publish","type":"post","link":"https:\/\/digital58.com.ve\/site\/2023\/05\/16\/nicolas-maduro-asegura-que-dedica-el-77-de-su-presupuesto-en-la-inversion-social\/","title":{"rendered":"Nicol\u00e1s Maduro asegura que dedica el 77 % de su presupuesto en la inversi\u00f3n social"},"content":{"rendered":"<p><img decoding=\"async\" class=\"aligncenter\" src=\"https:\/\/static.dw.com\/image\/64483618_303.jpg\" alt=\"Nicol\u00e1s Maduro afirma que Venezuela no volver\u00e1 a la OEA | Las noticias y an\u00e1lisis m\u00e1s importantes en Am\u00e9rica Latina | DW | 16.05.2023\" \/><\/p>\n<p>El pasado 13 de diciembre, la vicepresidenta ejecutiva, Delcy Rodr\u00edguez, present\u00f3 para el 2023 un monto de 11.565 millones de d\u00f3lares, un catorce por ciento menos que en el 2022. Esta propuesta fue aprobada por el Consejo Legislativo.<\/p>\n<p><strong>Caracas, DC, Venezuela, 16 de mayo de 2023 (ND58).-\u00a0<\/strong>El presidente de Venezuela, Nicol\u00e1s Maduro dijo en su cuenta de Twitter que \u00abVenezuela es el \u00fanico pa\u00eds del mundo que dedica el 77 % del presupuesto nacional a la inversi\u00f3n social\u00bb.<\/p>\n<blockquote class=\"twitter-tweet\" data-width=\"550\" data-dnt=\"true\">\n<p lang=\"es\" dir=\"ltr\">Venezuela es el \u00fanico pa\u00eds del mundo que dedica el 77 % del Presupuesto Nacional a la inversi\u00f3n social. En ello, las madres y las familias son vitales para el desarrollo de los ni\u00f1os, las ni\u00f1as y los j\u00f3venes en los valores, la moral, la honestidad y la vida. \u00a1Construir la\u2026<\/p>\n<p>&mdash; Nicol\u00e1s Maduro (@NicolasMaduro) <a href=\"https:\/\/twitter.com\/NicolasMaduro\/status\/1658449575223410696?ref_src=twsrc%5Etfw\">May 16, 2023<\/a><\/p><\/blockquote>\n<p><script async src=\"https:\/\/platform.twitter.com\/widgets.js\" charset=\"utf-8\"><\/script><\/p>\n<p>La vicepresidenta indic\u00f3 entonces que, pese a las sanciones econ\u00f3micas internacionales contra el Gobierno, el pa\u00eds ha ido recuperando sus ingresos en divisas, al pasar de 743 millones de d\u00f3lares en 2020 a cerca de 4.000 millones este a\u00f1o, si bien ese monto equivale al 10 % de lo que percib\u00edan antes del bloqueo, en 2012.<\/p>\n<p><b>Redacci\u00f3n ND58\/Patricia N\u00fa\u00f1ez\u00a0 | Fuente: Banca y Negocio<\/b><br \/>\n<b>Edici\u00f3n: Villasmil, Henry<\/b><br \/>\n<b>Gr\u00e1fica: Cortes\u00eda<\/b><\/p><div class=\"yttsh69f1d8acb1af9\" ><p style=\"text-align: center;\"><a href=\"https:\/\/t.me\/noticiasdigital58\" target=\"_blank\" rel=\"noopener\"><img class=\"aligncenter size-full wp-image-125363\" src=\"https:\/\/digital58.com.ve\/site\/wp-content\/uploads\/2021\/04\/banner-telegram-web-2021.png\" alt=\"\" width=\"600\" height=\"90\" \/><\/a><\/p><\/div><style type=\"text\/css\">\r\n@media screen and (min-width: 1201px) {\r\n.yttsh69f1d8acb1af9 {\r\ndisplay: block;\r\n}\r\n}\r\n@media screen and (min-width: 993px) and (max-width: 1200px) {\r\n.yttsh69f1d8acb1af9 {\r\ndisplay: block;\r\n}\r\n}\r\n@media screen and (min-width: 769px) and (max-width: 992px) {\r\n.yttsh69f1d8acb1af9 {\r\ndisplay: block;\r\n}\r\n}\r\n@media screen and (min-width: 768px) and (max-width: 768px) {\r\n.yttsh69f1d8acb1af9 {\r\ndisplay: block;\r\n}\r\n}\r\n@media screen and (max-width: 767px) {\r\n.yttsh69f1d8acb1af9 {\r\ndisplay: block;\r\n}\r\n}\r\n<\/style>\r\n\n<p>&nbsp;<\/p>\n<div style=\"margin-top: 0px; margin-bottom: 0px;\" class=\"sharethis-inline-share-buttons\" ><\/div>","protected":false},"excerpt":{"rendered":"<p>El pasado 13 de diciembre, la vicepresidenta ejecutiva, Delcy Rodr\u00edguez, present\u00f3 para el 2023 un monto de 11.565 millones de<\/p>\n","protected":false},"author":45,"featured_media":160789,"comment_status":"open","ping_status":"closed","sticky":false,"template":"","format":"standard","meta":{"colormag_page_container_layout":"default_layout","colormag_page_sidebar_layout":"default_layout","_uag_custom_page_level_css":"","footnotes":""},"categories":[16454],"tags":[16081,11386,1818,31415,233,2724,31408],"class_list":["post-166158","post","type-post","status-publish","format-standard","has-post-thumbnail","hentry","category-venezuela","tag-consejo-legislativo","tag-delcy-rodriguez","tag-gobierno-nacional","tag-inversion-social","tag-nacionales","tag-nicolas-maduro","tag-presupuesto-nacional"],"yoast_head":"<!-- This site is optimized with the Yoast SEO plugin v27.5 - https:\/\/yoast.com\/product\/yoast-seo-wordpress\/ -->\n<title>Nicol\u00e1s Maduro asegura que dedica el 77 % de su presupuesto en la inversi\u00f3n social<\/title>\n<meta name=\"robots\" content=\"index, follow, max-snippet:-1, max-image-preview:large, max-video-preview:-1\" \/>\n<link rel=\"canonical\" href=\"https:\/\/digital58.com.ve\/site\/2023\/05\/16\/nicolas-maduro-asegura-que-dedica-el-77-de-su-presupuesto-en-la-inversion-social\/\" \/>\n<meta property=\"og:locale\" content=\"es_ES\" \/>\n<meta property=\"og:type\" content=\"article\" \/>\n<meta property=\"og:title\" content=\"Nicol\u00e1s Maduro asegura que dedica el 77 % de su presupuesto en la inversi\u00f3n social\" \/>\n<meta property=\"og:url\" content=\"https:\/\/digital58.com.ve\/site\/2023\/05\/16\/nicolas-maduro-asegura-que-dedica-el-77-de-su-presupuesto-en-la-inversion-social\/\" \/>\n<meta property=\"og:site_name\" content=\"Noticias Digital58\" \/>\n<meta property=\"article:published_time\" content=\"2023-05-16T18:39:53+00:00\" \/>\n<meta property=\"og:image\" content=\"https:\/\/i0.wp.com\/digital58.com.ve\/site\/wp-content\/uploads\/2022\/12\/Maduro-dialogue-2.jpeg?fit=800%2C450&ssl=1\" \/>\n\t<meta property=\"og:image:width\" content=\"800\" \/>\n\t<meta property=\"og:image:height\" content=\"450\" \/>\n\t<meta property=\"og:image:type\" content=\"image\/jpeg\" \/>\n<meta name=\"author\" content=\"Patricia Nu\u00f1ez\" \/>\n<meta name=\"twitter:card\" content=\"summary_large_image\" \/>\n<meta name=\"twitter:creator\" content=\"@Digital_58\" \/>\n<meta name=\"twitter:site\" content=\"@villasmilhfoto\" \/>\n<meta name=\"twitter:label1\" content=\"Escrito por\" \/>\n\t<meta name=\"twitter:data1\" content=\"Patricia Nu\u00f1ez\" \/>\n\t<meta name=\"twitter:label2\" content=\"Tiempo estimado de lectura\" \/>\n\t<meta name=\"twitter:data2\" content=\"1 minuto\" \/>\n<script type=\"application\/ld+json\" class=\"yoast-schema-graph\">{\"@context\":\"https:\\\/\\\/schema.org\",\"@graph\":[{\"@type\":\"Article\",\"@id\":\"https:\\\/\\\/digital58.com.ve\\\/site\\\/2023\\\/05\\\/16\\\/nicolas-maduro-asegura-que-dedica-el-77-de-su-presupuesto-en-la-inversion-social\\\/#article\",\"isPartOf\":{\"@id\":\"https:\\\/\\\/digital58.com.ve\\\/site\\\/2023\\\/05\\\/16\\\/nicolas-maduro-asegura-que-dedica-el-77-de-su-presupuesto-en-la-inversion-social\\\/\"},\"author\":{\"name\":\"Patricia Nu\u00f1ez\",\"@id\":\"https:\\\/\\\/digital58.com.ve\\\/site\\\/#\\\/schema\\\/person\\\/9c4e9fffddfc3054e5ef465fe9dfe228\"},\"headline\":\"Nicol\u00e1s Maduro asegura que dedica el 77 % de su presupuesto en la inversi\u00f3n social\",\"datePublished\":\"2023-05-16T18:39:53+00:00\",\"mainEntityOfPage\":{\"@id\":\"https:\\\/\\\/digital58.com.ve\\\/site\\\/2023\\\/05\\\/16\\\/nicolas-maduro-asegura-que-dedica-el-77-de-su-presupuesto-en-la-inversion-social\\\/\"},\"wordCount\":171,\"commentCount\":0,\"publisher\":{\"@id\":\"https:\\\/\\\/digital58.com.ve\\\/site\\\/#\\\/schema\\\/person\\\/64d1c2e4d0d4fd1b849980c4331c2951\"},\"image\":{\"@id\":\"https:\\\/\\\/digital58.com.ve\\\/site\\\/2023\\\/05\\\/16\\\/nicolas-maduro-asegura-que-dedica-el-77-de-su-presupuesto-en-la-inversion-social\\\/#primaryimage\"},\"thumbnailUrl\":\"https:\\\/\\\/digital58.com.ve\\\/site\\\/wp-content\\\/uploads\\\/2022\\\/12\\\/Maduro-dialogue-2.jpeg\",\"keywords\":[\"Consejo Legislativo\",\"Delcy Rodr\u00edguez\",\"Gobierno Nacional\",\"Inversi\u00f3n social\",\"Nacionales\",\"Nicol\u00e1s Maduro\",\"Presupuesto Nacional\"],\"articleSection\":[\"Venezuela\"],\"inLanguage\":\"es\",\"potentialAction\":[{\"@type\":\"CommentAction\",\"name\":\"Comment\",\"target\":[\"https:\\\/\\\/digital58.com.ve\\\/site\\\/2023\\\/05\\\/16\\\/nicolas-maduro-asegura-que-dedica-el-77-de-su-presupuesto-en-la-inversion-social\\\/#respond\"]}]},{\"@type\":\"WebPage\",\"@id\":\"https:\\\/\\\/digital58.com.ve\\\/site\\\/2023\\\/05\\\/16\\\/nicolas-maduro-asegura-que-dedica-el-77-de-su-presupuesto-en-la-inversion-social\\\/\",\"url\":\"https:\\\/\\\/digital58.com.ve\\\/site\\\/2023\\\/05\\\/16\\\/nicolas-maduro-asegura-que-dedica-el-77-de-su-presupuesto-en-la-inversion-social\\\/\",\"name\":\"Nicol\u00e1s Maduro asegura que dedica el 77 % de su presupuesto en la inversi\u00f3n social\",\"isPartOf\":{\"@id\":\"https:\\\/\\\/digital58.com.ve\\\/site\\\/#website\"},\"primaryImageOfPage\":{\"@id\":\"https:\\\/\\\/digital58.com.ve\\\/site\\\/2023\\\/05\\\/16\\\/nicolas-maduro-asegura-que-dedica-el-77-de-su-presupuesto-en-la-inversion-social\\\/#primaryimage\"},\"image\":{\"@id\":\"https:\\\/\\\/digital58.com.ve\\\/site\\\/2023\\\/05\\\/16\\\/nicolas-maduro-asegura-que-dedica-el-77-de-su-presupuesto-en-la-inversion-social\\\/#primaryimage\"},\"thumbnailUrl\":\"https:\\\/\\\/digital58.com.ve\\\/site\\\/wp-content\\\/uploads\\\/2022\\\/12\\\/Maduro-dialogue-2.jpeg\",\"datePublished\":\"2023-05-16T18:39:53+00:00\",\"breadcrumb\":{\"@id\":\"https:\\\/\\\/digital58.com.ve\\\/site\\\/2023\\\/05\\\/16\\\/nicolas-maduro-asegura-que-dedica-el-77-de-su-presupuesto-en-la-inversion-social\\\/#breadcrumb\"},\"inLanguage\":\"es\",\"potentialAction\":[{\"@type\":\"ReadAction\",\"target\":[\"https:\\\/\\\/digital58.com.ve\\\/site\\\/2023\\\/05\\\/16\\\/nicolas-maduro-asegura-que-dedica-el-77-de-su-presupuesto-en-la-inversion-social\\\/\"]}]},{\"@type\":\"ImageObject\",\"inLanguage\":\"es\",\"@id\":\"https:\\\/\\\/digital58.com.ve\\\/site\\\/2023\\\/05\\\/16\\\/nicolas-maduro-asegura-que-dedica-el-77-de-su-presupuesto-en-la-inversion-social\\\/#primaryimage\",\"url\":\"https:\\\/\\\/digital58.com.ve\\\/site\\\/wp-content\\\/uploads\\\/2022\\\/12\\\/Maduro-dialogue-2.jpeg\",\"contentUrl\":\"https:\\\/\\\/digital58.com.ve\\\/site\\\/wp-content\\\/uploads\\\/2022\\\/12\\\/Maduro-dialogue-2.jpeg\",\"width\":800,\"height\":450},{\"@type\":\"BreadcrumbList\",\"@id\":\"https:\\\/\\\/digital58.com.ve\\\/site\\\/2023\\\/05\\\/16\\\/nicolas-maduro-asegura-que-dedica-el-77-de-su-presupuesto-en-la-inversion-social\\\/#breadcrumb\",\"itemListElement\":[{\"@type\":\"ListItem\",\"position\":1,\"name\":\"Home\",\"item\":\"https:\\\/\\\/digital58.com.ve\\\/site\\\/\"},{\"@type\":\"ListItem\",\"position\":2,\"name\":\"Nicol\u00e1s Maduro asegura que dedica el 77 % de su presupuesto en la inversi\u00f3n social\"}]},{\"@type\":\"WebSite\",\"@id\":\"https:\\\/\\\/digital58.com.ve\\\/site\\\/#website\",\"url\":\"https:\\\/\\\/digital58.com.ve\\\/site\\\/\",\"name\":\"Noticias Digital58\",\"description\":\"Portal de Noticias \u00a1Periodismo web de verdad! Lanzamiento web 22.11.2005 \\\/ Maracaibo, Venezuela\",\"publisher\":{\"@id\":\"https:\\\/\\\/digital58.com.ve\\\/site\\\/#\\\/schema\\\/person\\\/64d1c2e4d0d4fd1b849980c4331c2951\"},\"alternateName\":\"ND58\",\"potentialAction\":[{\"@type\":\"SearchAction\",\"target\":{\"@type\":\"EntryPoint\",\"urlTemplate\":\"https:\\\/\\\/digital58.com.ve\\\/site\\\/?s={search_term_string}\"},\"query-input\":{\"@type\":\"PropertyValueSpecification\",\"valueRequired\":true,\"valueName\":\"search_term_string\"}}],\"inLanguage\":\"es\"},{\"@type\":[\"Person\",\"Organization\"],\"@id\":\"https:\\\/\\\/digital58.com.ve\\\/site\\\/#\\\/schema\\\/person\\\/64d1c2e4d0d4fd1b849980c4331c2951\",\"name\":\"Villasmil Henry\",\"image\":{\"@type\":\"ImageObject\",\"inLanguage\":\"es\",\"@id\":\"https:\\\/\\\/secure.gravatar.com\\\/avatar\\\/bb0c4a2fcb7970138239f7e404ea75757b1b507b28b5ce4c53fbd62d797c5a7c?s=96&d=mm&r=g\",\"url\":\"https:\\\/\\\/secure.gravatar.com\\\/avatar\\\/bb0c4a2fcb7970138239f7e404ea75757b1b507b28b5ce4c53fbd62d797c5a7c?s=96&d=mm&r=g\",\"contentUrl\":\"https:\\\/\\\/secure.gravatar.com\\\/avatar\\\/bb0c4a2fcb7970138239f7e404ea75757b1b507b28b5ce4c53fbd62d797c5a7c?s=96&d=mm&r=g\",\"caption\":\"Villasmil Henry\"},\"logo\":{\"@id\":\"https:\\\/\\\/secure.gravatar.com\\\/avatar\\\/bb0c4a2fcb7970138239f7e404ea75757b1b507b28b5ce4c53fbd62d797c5a7c?s=96&d=mm&r=g\"},\"sameAs\":[\"http:\\\/\\\/www.henryvillasmil.com.ve\",\"https:\\\/\\\/www.instagram.com\\\/villasmilhfoto\\\/\",\"https:\\\/\\\/x.com\\\/https:\\\/\\\/twitter.com\\\/villasmilhfoto\"]},{\"@type\":\"Person\",\"@id\":\"https:\\\/\\\/digital58.com.ve\\\/site\\\/#\\\/schema\\\/person\\\/9c4e9fffddfc3054e5ef465fe9dfe228\",\"name\":\"Patricia Nu\u00f1ez\",\"image\":{\"@type\":\"ImageObject\",\"inLanguage\":\"es\",\"@id\":\"https:\\\/\\\/secure.gravatar.com\\\/avatar\\\/296bd0fc15cab799d817cc02e8be7d539c4b4c17e875d92273fa44574101bdc1?s=96&d=mm&r=g\",\"url\":\"https:\\\/\\\/secure.gravatar.com\\\/avatar\\\/296bd0fc15cab799d817cc02e8be7d539c4b4c17e875d92273fa44574101bdc1?s=96&d=mm&r=g\",\"contentUrl\":\"https:\\\/\\\/secure.gravatar.com\\\/avatar\\\/296bd0fc15cab799d817cc02e8be7d539c4b4c17e875d92273fa44574101bdc1?s=96&d=mm&r=g\",\"caption\":\"Patricia Nu\u00f1ez\"},\"url\":\"https:\\\/\\\/digital58.com.ve\\\/site\\\/author\\\/patypnc23\\\/\"}]}<\/script>\n<!-- \/ Yoast SEO plugin. -->","yoast_head_json":{"title":"Nicol\u00e1s Maduro asegura que dedica el 77 % de su presupuesto en la inversi\u00f3n social","robots":{"index":"index","follow":"follow","max-snippet":"max-snippet:-1","max-image-preview":"max-image-preview:large","max-video-preview":"max-video-preview:-1"},"canonical":"https:\/\/digital58.com.ve\/site\/2023\/05\/16\/nicolas-maduro-asegura-que-dedica-el-77-de-su-presupuesto-en-la-inversion-social\/","og_locale":"es_ES","og_type":"article","og_title":"Nicol\u00e1s Maduro asegura que dedica el 77 % de su presupuesto en la inversi\u00f3n social","og_url":"https:\/\/digital58.com.ve\/site\/2023\/05\/16\/nicolas-maduro-asegura-que-dedica-el-77-de-su-presupuesto-en-la-inversion-social\/","og_site_name":"Noticias Digital58","article_published_time":"2023-05-16T18:39:53+00:00","og_image":[{"width":800,"height":450,"url":"https:\/\/i0.wp.com\/digital58.com.ve\/site\/wp-content\/uploads\/2022\/12\/Maduro-dialogue-2.jpeg?fit=800%2C450&ssl=1","type":"image\/jpeg"}],"author":"Patricia Nu\u00f1ez","twitter_card":"summary_large_image","twitter_creator":"@Digital_58","twitter_site":"@villasmilhfoto","twitter_misc":{"Escrito por":"Patricia Nu\u00f1ez","Tiempo estimado de lectura":"1 minuto"},"schema":{"@context":"https:\/\/schema.org","@graph":[{"@type":"Article","@id":"https:\/\/digital58.com.ve\/site\/2023\/05\/16\/nicolas-maduro-asegura-que-dedica-el-77-de-su-presupuesto-en-la-inversion-social\/#article","isPartOf":{"@id":"https:\/\/digital58.com.ve\/site\/2023\/05\/16\/nicolas-maduro-asegura-que-dedica-el-77-de-su-presupuesto-en-la-inversion-social\/"},"author":{"name":"Patricia Nu\u00f1ez","@id":"https:\/\/digital58.com.ve\/site\/#\/schema\/person\/9c4e9fffddfc3054e5ef465fe9dfe228"},"headline":"Nicol\u00e1s Maduro asegura que dedica el 77 % de su presupuesto en la inversi\u00f3n social","datePublished":"2023-05-16T18:39:53+00:00","mainEntityOfPage":{"@id":"https:\/\/digital58.com.ve\/site\/2023\/05\/16\/nicolas-maduro-asegura-que-dedica-el-77-de-su-presupuesto-en-la-inversion-social\/"},"wordCount":171,"commentCount":0,"publisher":{"@id":"https:\/\/digital58.com.ve\/site\/#\/schema\/person\/64d1c2e4d0d4fd1b849980c4331c2951"},"image":{"@id":"https:\/\/digital58.com.ve\/site\/2023\/05\/16\/nicolas-maduro-asegura-que-dedica-el-77-de-su-presupuesto-en-la-inversion-social\/#primaryimage"},"thumbnailUrl":"https:\/\/digital58.com.ve\/site\/wp-content\/uploads\/2022\/12\/Maduro-dialogue-2.jpeg","keywords":["Consejo Legislativo","Delcy Rodr\u00edguez","Gobierno Nacional","Inversi\u00f3n social","Nacionales","Nicol\u00e1s Maduro","Presupuesto Nacional"],"articleSection":["Venezuela"],"inLanguage":"es","potentialAction":[{"@type":"CommentAction","name":"Comment","target":["https:\/\/digital58.com.ve\/site\/2023\/05\/16\/nicolas-maduro-asegura-que-dedica-el-77-de-su-presupuesto-en-la-inversion-social\/#respond"]}]},{"@type":"WebPage","@id":"https:\/\/digital58.com.ve\/site\/2023\/05\/16\/nicolas-maduro-asegura-que-dedica-el-77-de-su-presupuesto-en-la-inversion-social\/","url":"https:\/\/digital58.com.ve\/site\/2023\/05\/16\/nicolas-maduro-asegura-que-dedica-el-77-de-su-presupuesto-en-la-inversion-social\/","name":"Nicol\u00e1s Maduro asegura que dedica el 77 % de su presupuesto en la inversi\u00f3n social","isPartOf":{"@id":"https:\/\/digital58.com.ve\/site\/#website"},"primaryImageOfPage":{"@id":"https:\/\/digital58.com.ve\/site\/2023\/05\/16\/nicolas-maduro-asegura-que-dedica-el-77-de-su-presupuesto-en-la-inversion-social\/#primaryimage"},"image":{"@id":"https:\/\/digital58.com.ve\/site\/2023\/05\/16\/nicolas-maduro-asegura-que-dedica-el-77-de-su-presupuesto-en-la-inversion-social\/#primaryimage"},"thumbnailUrl":"https:\/\/digital58.com.ve\/site\/wp-content\/uploads\/2022\/12\/Maduro-dialogue-2.jpeg","datePublished":"2023-05-16T18:39:53+00:00","breadcrumb":{"@id":"https:\/\/digital58.com.ve\/site\/2023\/05\/16\/nicolas-maduro-asegura-que-dedica-el-77-de-su-presupuesto-en-la-inversion-social\/#breadcrumb"},"inLanguage":"es","potentialAction":[{"@type":"ReadAction","target":["https:\/\/digital58.com.ve\/site\/2023\/05\/16\/nicolas-maduro-asegura-que-dedica-el-77-de-su-presupuesto-en-la-inversion-social\/"]}]},{"@type":"ImageObject","inLanguage":"es","@id":"https:\/\/digital58.com.ve\/site\/2023\/05\/16\/nicolas-maduro-asegura-que-dedica-el-77-de-su-presupuesto-en-la-inversion-social\/#primaryimage","url":"https:\/\/digital58.com.ve\/site\/wp-content\/uploads\/2022\/12\/Maduro-dialogue-2.jpeg","contentUrl":"https:\/\/digital58.com.ve\/site\/wp-content\/uploads\/2022\/12\/Maduro-dialogue-2.jpeg","width":800,"height":450},{"@type":"BreadcrumbList","@id":"https:\/\/digital58.com.ve\/site\/2023\/05\/16\/nicolas-maduro-asegura-que-dedica-el-77-de-su-presupuesto-en-la-inversion-social\/#breadcrumb","itemListElement":[{"@type":"ListItem","position":1,"name":"Home","item":"https:\/\/digital58.com.ve\/site\/"},{"@type":"ListItem","position":2,"name":"Nicol\u00e1s Maduro asegura que dedica el 77 % de su presupuesto en la inversi\u00f3n social"}]},{"@type":"WebSite","@id":"https:\/\/digital58.com.ve\/site\/#website","url":"https:\/\/digital58.com.ve\/site\/","name":"Noticias Digital58","description":"Portal de Noticias \u00a1Periodismo web de verdad! Lanzamiento web 22.11.2005 \/ Maracaibo, Venezuela","publisher":{"@id":"https:\/\/digital58.com.ve\/site\/#\/schema\/person\/64d1c2e4d0d4fd1b849980c4331c2951"},"alternateName":"ND58","potentialAction":[{"@type":"SearchAction","target":{"@type":"EntryPoint","urlTemplate":"https:\/\/digital58.com.ve\/site\/?s={search_term_string}"},"query-input":{"@type":"PropertyValueSpecification","valueRequired":true,"valueName":"search_term_string"}}],"inLanguage":"es"},{"@type":["Person","Organization"],"@id":"https:\/\/digital58.com.ve\/site\/#\/schema\/person\/64d1c2e4d0d4fd1b849980c4331c2951","name":"Villasmil Henry","image":{"@type":"ImageObject","inLanguage":"es","@id":"https:\/\/secure.gravatar.com\/avatar\/bb0c4a2fcb7970138239f7e404ea75757b1b507b28b5ce4c53fbd62d797c5a7c?s=96&d=mm&r=g","url":"https:\/\/secure.gravatar.com\/avatar\/bb0c4a2fcb7970138239f7e404ea75757b1b507b28b5ce4c53fbd62d797c5a7c?s=96&d=mm&r=g","contentUrl":"https:\/\/secure.gravatar.com\/avatar\/bb0c4a2fcb7970138239f7e404ea75757b1b507b28b5ce4c53fbd62d797c5a7c?s=96&d=mm&r=g","caption":"Villasmil Henry"},"logo":{"@id":"https:\/\/secure.gravatar.com\/avatar\/bb0c4a2fcb7970138239f7e404ea75757b1b507b28b5ce4c53fbd62d797c5a7c?s=96&d=mm&r=g"},"sameAs":["http:\/\/www.henryvillasmil.com.ve","https:\/\/www.instagram.com\/villasmilhfoto\/","https:\/\/x.com\/https:\/\/twitter.com\/villasmilhfoto"]},{"@type":"Person","@id":"https:\/\/digital58.com.ve\/site\/#\/schema\/person\/9c4e9fffddfc3054e5ef465fe9dfe228","name":"Patricia Nu\u00f1ez","image":{"@type":"ImageObject","inLanguage":"es","@id":"https:\/\/secure.gravatar.com\/avatar\/296bd0fc15cab799d817cc02e8be7d539c4b4c17e875d92273fa44574101bdc1?s=96&d=mm&r=g","url":"https:\/\/secure.gravatar.com\/avatar\/296bd0fc15cab799d817cc02e8be7d539c4b4c17e875d92273fa44574101bdc1?s=96&d=mm&r=g","contentUrl":"https:\/\/secure.gravatar.com\/avatar\/296bd0fc15cab799d817cc02e8be7d539c4b4c17e875d92273fa44574101bdc1?s=96&d=mm&r=g","caption":"Patricia Nu\u00f1ez"},"url":"https:\/\/digital58.com.ve\/site\/author\/patypnc23\/"}]}},"uagb_featured_image_src":{"full":["https:\/\/digital58.com.ve\/site\/wp-content\/uploads\/2022\/12\/Maduro-dialogue-2.jpeg",800,450,false],"thumbnail":["https:\/\/digital58.com.ve\/site\/wp-content\/uploads\/2022\/12\/Maduro-dialogue-2-150x150.jpeg",150,150,true],"medium":["https:\/\/digital58.com.ve\/site\/wp-content\/uploads\/2022\/12\/Maduro-dialogue-2-300x169.jpeg",300,169,true],"medium_large":["https:\/\/digital58.com.ve\/site\/wp-content\/uploads\/2022\/12\/Maduro-dialogue-2-768x432.jpeg",768,432,true],"large":["https:\/\/digital58.com.ve\/site\/wp-content\/uploads\/2022\/12\/Maduro-dialogue-2.jpeg",800,450,false],"1536x1536":["https:\/\/digital58.com.ve\/site\/wp-content\/uploads\/2022\/12\/Maduro-dialogue-2.jpeg",800,450,false],"2048x2048":["https:\/\/digital58.com.ve\/site\/wp-content\/uploads\/2022\/12\/Maduro-dialogue-2.jpeg",800,450,false],"colormag-highlighted-post":["https:\/\/digital58.com.ve\/site\/wp-content\/uploads\/2022\/12\/Maduro-dialogue-2-392x272.jpeg",392,272,true],"colormag-featured-post-medium":["https:\/\/digital58.com.ve\/site\/wp-content\/uploads\/2022\/12\/Maduro-dialogue-2-390x205.jpeg",390,205,true],"colormag-featured-post-small":["https:\/\/digital58.com.ve\/site\/wp-content\/uploads\/2022\/12\/Maduro-dialogue-2-130x90.jpeg",130,90,true],"colormag-featured-image":["https:\/\/digital58.com.ve\/site\/wp-content\/uploads\/2022\/12\/Maduro-dialogue-2-800x445.jpeg",800,445,true],"colormag-default-news":["https:\/\/digital58.com.ve\/site\/wp-content\/uploads\/2022\/12\/Maduro-dialogue-2.jpeg",150,84,false],"colormag-featured-image-large":["https:\/\/digital58.com.ve\/site\/wp-content\/uploads\/2022\/12\/Maduro-dialogue-2.jpeg",800,450,false]},"uagb_author_info":{"display_name":"Patricia Nu\u00f1ez","author_link":"https:\/\/digital58.com.ve\/site\/author\/patypnc23\/"},"uagb_comment_info":0,"uagb_excerpt":"El pasado 13 de diciembre, la vicepresidenta ejecutiva, Delcy Rodr\u00edguez, present\u00f3 para el 2023 un monto de 11.565 millones de","_links":{"self":[{"href":"https:\/\/digital58.com.ve\/site\/wp-json\/wp\/v2\/posts\/166158","targetHints":{"allow":["GET"]}}],"collection":[{"href":"https:\/\/digital58.com.ve\/site\/wp-json\/wp\/v2\/posts"}],"about":[{"href":"https:\/\/digital58.com.ve\/site\/wp-json\/wp\/v2\/types\/post"}],"author":[{"embeddable":true,"href":"https:\/\/digital58.com.ve\/site\/wp-json\/wp\/v2\/users\/45"}],"replies":[{"embeddable":true,"href":"https:\/\/digital58.com.ve\/site\/wp-json\/wp\/v2\/comments?post=166158"}],"version-history":[{"count":5,"href":"https:\/\/digital58.com.ve\/site\/wp-json\/wp\/v2\/posts\/166158\/revisions"}],"predecessor-version":[{"id":166172,"href":"https:\/\/digital58.com.ve\/site\/wp-json\/wp\/v2\/posts\/166158\/revisions\/166172"}],"wp:featuredmedia":[{"embeddable":true,"href":"https:\/\/digital58.com.ve\/site\/wp-json\/wp\/v2\/media\/160789"}],"wp:attachment":[{"href":"https:\/\/digital58.com.ve\/site\/wp-json\/wp\/v2\/media?parent=166158"}],"wp:term":[{"taxonomy":"category","embeddable":true,"href":"https:\/\/digital58.com.ve\/site\/wp-json\/wp\/v2\/categories?post=166158"},{"taxonomy":"post_tag","embeddable":true,"href":"https:\/\/digital58.com.ve\/site\/wp-json\/wp\/v2\/tags?post=166158"}],"curies":[{"name":"wp","href":"https:\/\/api.w.org\/{rel}","templated":true}]}}