{"id":166487,"date":"2023-05-23T08:18:40","date_gmt":"2023-05-23T12:18:40","guid":{"rendered":"https:\/\/digital58.com.ve\/site\/?p=166487"},"modified":"2023-05-23T13:11:05","modified_gmt":"2023-05-23T17:11:05","slug":"venezuela-fue-el-tercer-pais-con-mas-inmigrantes-en-espana-en-el-primer-trimestre-del-ano","status":"publish","type":"post","link":"https:\/\/digital58.com.ve\/site\/2023\/05\/23\/venezuela-fue-el-tercer-pais-con-mas-inmigrantes-en-espana-en-el-primer-trimestre-del-ano\/","title":{"rendered":"Venezuela fue el tercer pa\u00eds con m\u00e1s inmigrantes en Espa\u00f1a en el primer trimestre del a\u00f1o"},"content":{"rendered":"<p><img loading=\"lazy\" decoding=\"async\" class=\"size-large wp-image-166489 aligncenter\" src=\"https:\/\/digital58.com.ve\/site\/wp-content\/uploads\/2023\/05\/16hours-Madrid-lede-mkjg-superJumbo-1000x667.jpeg\" alt=\"\" width=\"800\" height=\"534\" \/><\/p>\n<p>Venezuela fue el tercer pa\u00eds de procedencia del mayor n\u00famero de inmigrantes registrados en Espa\u00f1a en el primer trimestre del a\u00f1o, seguidos por Per\u00fa, Honduras y Argentina, seg\u00fan datos oficiales publicados este martes.<\/p>\n<p><strong>Madrid, Espa\u00f1a, 23 de mayo de 2023 (ND58).-<\/strong>Las principales nacionalidades de los inmigrantes registrados de enero a marzo de 2023 fueron la colombiana con 44.300 llegadas a Espa\u00f1a, la marroqu\u00ed con 23.200 y la venezolana con 21.500, de acuerdo a estos datos de Instituto Nacional de Estad\u00edstica.<\/p>\n<p>A continuaci\u00f3n aparecen pa\u00edses como Per\u00fa con 18.800, Honduras con 10.100 y Argentina con ocho mil 600 personas.<\/p>\n<p>El incremento de extranjeros compens\u00f3 la reducci\u00f3n de residentes con nacionalidad espa\u00f1ola, con lo que el conjunto de la poblaci\u00f3n aument\u00f3 en 136.916 personas, el 1,24 por ciento, hasta situarse en 48.196.693 habitantes, su m\u00e1ximo hist\u00f3rico.<\/p><div class=\"dnkni69edd98e40553\" ><p style=\"text-align: center;\"><a href=\"https:\/\/t.me\/noticiasdigital58\" target=\"_blank\" rel=\"noopener\"><img class=\"aligncenter size-full wp-image-125363\" src=\"https:\/\/digital58.com.ve\/site\/wp-content\/uploads\/2021\/04\/banner-telegram-web-2021.png\" alt=\"\" width=\"600\" height=\"90\" \/><\/a><\/p><\/div><style type=\"text\/css\">\r\n@media screen and (min-width: 1201px) {\r\n.dnkni69edd98e40553 {\r\ndisplay: block;\r\n}\r\n}\r\n@media screen and (min-width: 993px) and (max-width: 1200px) {\r\n.dnkni69edd98e40553 {\r\ndisplay: block;\r\n}\r\n}\r\n@media screen and (min-width: 769px) and (max-width: 992px) {\r\n.dnkni69edd98e40553 {\r\ndisplay: block;\r\n}\r\n}\r\n@media screen and (min-width: 768px) and (max-width: 768px) {\r\n.dnkni69edd98e40553 {\r\ndisplay: block;\r\n}\r\n}\r\n@media screen and (max-width: 767px) {\r\n.dnkni69edd98e40553 {\r\ndisplay: block;\r\n}\r\n}\r\n<\/style>\r\n\n<p class=\"p1\"><b>Redacci\u00f3n ND58 | Agencia<\/b><br \/>\n<b>Edici\u00f3n: \u00c1\u00f1ez, Caren\u00a0<\/b><br \/>\n<b>Gr\u00e1fica: New York Times<\/b><\/p>\n<div style=\"margin-top: 0px; margin-bottom: 0px;\" class=\"sharethis-inline-share-buttons\" ><\/div>","protected":false},"excerpt":{"rendered":"<p>Venezuela fue el tercer pa\u00eds de procedencia del mayor n\u00famero de inmigrantes registrados en Espa\u00f1a en el primer trimestre del<\/p>\n","protected":false},"author":39,"featured_media":166489,"comment_status":"open","ping_status":"closed","sticky":false,"template":"","format":"standard","meta":{"colormag_page_container_layout":"default_layout","colormag_page_sidebar_layout":"default_layout","_uag_custom_page_level_css":"","footnotes":""},"categories":[16451],"tags":[36,98,115,4152,31485,7703,8,8722,14535,112,8371,795],"class_list":["post-166487","post","type-post","status-publish","format-standard","has-post-thumbnail","hentry","category-mundo","tag-argentina","tag-colombia","tag-espana","tag-honduras","tag-incremento","tag-inmigrantes","tag-internacionales","tag-marruecos","tag-migrantes","tag-peru","tag-poblacion","tag-venezolanos"],"yoast_head":"<!-- This site is optimized with the Yoast SEO plugin v27.4 - https:\/\/yoast.com\/product\/yoast-seo-wordpress\/ -->\n<title>Venezuela fue el tercer pa\u00eds con m\u00e1s inmigrantes en Espa\u00f1a en el primer trimestre del a\u00f1o<\/title>\n<meta name=\"robots\" content=\"index, follow, max-snippet:-1, max-image-preview:large, max-video-preview:-1\" \/>\n<link rel=\"canonical\" href=\"https:\/\/digital58.com.ve\/site\/2023\/05\/23\/venezuela-fue-el-tercer-pais-con-mas-inmigrantes-en-espana-en-el-primer-trimestre-del-ano\/\" \/>\n<meta property=\"og:locale\" content=\"es_ES\" \/>\n<meta property=\"og:type\" content=\"article\" \/>\n<meta property=\"og:title\" content=\"Venezuela fue el tercer pa\u00eds con m\u00e1s inmigrantes en Espa\u00f1a en el primer trimestre del a\u00f1o\" \/>\n<meta property=\"og:url\" content=\"https:\/\/digital58.com.ve\/site\/2023\/05\/23\/venezuela-fue-el-tercer-pais-con-mas-inmigrantes-en-espana-en-el-primer-trimestre-del-ano\/\" \/>\n<meta property=\"og:site_name\" content=\"Noticias Digital58\" \/>\n<meta property=\"article:published_time\" content=\"2023-05-23T12:18:40+00:00\" \/>\n<meta property=\"article:modified_time\" content=\"2023-05-23T17:11:05+00:00\" \/>\n<meta property=\"og:image\" content=\"https:\/\/i0.wp.com\/digital58.com.ve\/site\/wp-content\/uploads\/2023\/05\/16hours-Madrid-lede-mkjg-superJumbo-e1684844194327.jpeg?fit=800%2C534&ssl=1\" \/>\n\t<meta property=\"og:image:width\" content=\"800\" \/>\n\t<meta property=\"og:image:height\" content=\"534\" \/>\n\t<meta property=\"og:image:type\" content=\"image\/jpeg\" \/>\n<meta name=\"author\" content=\"Caren A\u00f1ez\" \/>\n<meta name=\"twitter:card\" content=\"summary_large_image\" \/>\n<meta name=\"twitter:creator\" content=\"@carenanez\" \/>\n<meta name=\"twitter:site\" content=\"@villasmilhfoto\" \/>\n<meta name=\"twitter:label1\" content=\"Escrito por\" \/>\n\t<meta name=\"twitter:data1\" content=\"Caren A\u00f1ez\" \/>\n\t<meta name=\"twitter:label2\" content=\"Tiempo estimado de lectura\" \/>\n\t<meta name=\"twitter:data2\" content=\"1 minuto\" \/>\n<script type=\"application\/ld+json\" class=\"yoast-schema-graph\">{\"@context\":\"https:\\\/\\\/schema.org\",\"@graph\":[{\"@type\":\"Article\",\"@id\":\"https:\\\/\\\/digital58.com.ve\\\/site\\\/2023\\\/05\\\/23\\\/venezuela-fue-el-tercer-pais-con-mas-inmigrantes-en-espana-en-el-primer-trimestre-del-ano\\\/#article\",\"isPartOf\":{\"@id\":\"https:\\\/\\\/digital58.com.ve\\\/site\\\/2023\\\/05\\\/23\\\/venezuela-fue-el-tercer-pais-con-mas-inmigrantes-en-espana-en-el-primer-trimestre-del-ano\\\/\"},\"author\":{\"name\":\"Caren A\u00f1ez\",\"@id\":\"https:\\\/\\\/digital58.com.ve\\\/site\\\/#\\\/schema\\\/person\\\/38596b127602deaa13fbcd7585635238\"},\"headline\":\"Venezuela fue el tercer pa\u00eds con m\u00e1s inmigrantes en Espa\u00f1a en el primer trimestre del a\u00f1o\",\"datePublished\":\"2023-05-23T12:18:40+00:00\",\"dateModified\":\"2023-05-23T17:11:05+00:00\",\"mainEntityOfPage\":{\"@id\":\"https:\\\/\\\/digital58.com.ve\\\/site\\\/2023\\\/05\\\/23\\\/venezuela-fue-el-tercer-pais-con-mas-inmigrantes-en-espana-en-el-primer-trimestre-del-ano\\\/\"},\"wordCount\":171,\"commentCount\":0,\"publisher\":{\"@id\":\"https:\\\/\\\/digital58.com.ve\\\/site\\\/#\\\/schema\\\/person\\\/64d1c2e4d0d4fd1b849980c4331c2951\"},\"image\":{\"@id\":\"https:\\\/\\\/digital58.com.ve\\\/site\\\/2023\\\/05\\\/23\\\/venezuela-fue-el-tercer-pais-con-mas-inmigrantes-en-espana-en-el-primer-trimestre-del-ano\\\/#primaryimage\"},\"thumbnailUrl\":\"https:\\\/\\\/digital58.com.ve\\\/site\\\/wp-content\\\/uploads\\\/2023\\\/05\\\/16hours-Madrid-lede-mkjg-superJumbo-e1684844194327.jpeg\",\"keywords\":[\"Argentina\",\"Colombia\",\"Espa\u00f1a\",\"Honduras\",\"incremento\",\"Inmigrantes\",\"Internacionales\",\"Marruecos\",\"Migrantes\",\"Per\u00fa\",\"Poblaci\u00f3n\",\"Venezolanos\"],\"articleSection\":[\"Mundo\"],\"inLanguage\":\"es\",\"potentialAction\":[{\"@type\":\"CommentAction\",\"name\":\"Comment\",\"target\":[\"https:\\\/\\\/digital58.com.ve\\\/site\\\/2023\\\/05\\\/23\\\/venezuela-fue-el-tercer-pais-con-mas-inmigrantes-en-espana-en-el-primer-trimestre-del-ano\\\/#respond\"]}]},{\"@type\":\"WebPage\",\"@id\":\"https:\\\/\\\/digital58.com.ve\\\/site\\\/2023\\\/05\\\/23\\\/venezuela-fue-el-tercer-pais-con-mas-inmigrantes-en-espana-en-el-primer-trimestre-del-ano\\\/\",\"url\":\"https:\\\/\\\/digital58.com.ve\\\/site\\\/2023\\\/05\\\/23\\\/venezuela-fue-el-tercer-pais-con-mas-inmigrantes-en-espana-en-el-primer-trimestre-del-ano\\\/\",\"name\":\"Venezuela fue el tercer pa\u00eds con m\u00e1s inmigrantes en Espa\u00f1a en el primer trimestre del a\u00f1o\",\"isPartOf\":{\"@id\":\"https:\\\/\\\/digital58.com.ve\\\/site\\\/#website\"},\"primaryImageOfPage\":{\"@id\":\"https:\\\/\\\/digital58.com.ve\\\/site\\\/2023\\\/05\\\/23\\\/venezuela-fue-el-tercer-pais-con-mas-inmigrantes-en-espana-en-el-primer-trimestre-del-ano\\\/#primaryimage\"},\"image\":{\"@id\":\"https:\\\/\\\/digital58.com.ve\\\/site\\\/2023\\\/05\\\/23\\\/venezuela-fue-el-tercer-pais-con-mas-inmigrantes-en-espana-en-el-primer-trimestre-del-ano\\\/#primaryimage\"},\"thumbnailUrl\":\"https:\\\/\\\/digital58.com.ve\\\/site\\\/wp-content\\\/uploads\\\/2023\\\/05\\\/16hours-Madrid-lede-mkjg-superJumbo-e1684844194327.jpeg\",\"datePublished\":\"2023-05-23T12:18:40+00:00\",\"dateModified\":\"2023-05-23T17:11:05+00:00\",\"breadcrumb\":{\"@id\":\"https:\\\/\\\/digital58.com.ve\\\/site\\\/2023\\\/05\\\/23\\\/venezuela-fue-el-tercer-pais-con-mas-inmigrantes-en-espana-en-el-primer-trimestre-del-ano\\\/#breadcrumb\"},\"inLanguage\":\"es\",\"potentialAction\":[{\"@type\":\"ReadAction\",\"target\":[\"https:\\\/\\\/digital58.com.ve\\\/site\\\/2023\\\/05\\\/23\\\/venezuela-fue-el-tercer-pais-con-mas-inmigrantes-en-espana-en-el-primer-trimestre-del-ano\\\/\"]}]},{\"@type\":\"ImageObject\",\"inLanguage\":\"es\",\"@id\":\"https:\\\/\\\/digital58.com.ve\\\/site\\\/2023\\\/05\\\/23\\\/venezuela-fue-el-tercer-pais-con-mas-inmigrantes-en-espana-en-el-primer-trimestre-del-ano\\\/#primaryimage\",\"url\":\"https:\\\/\\\/digital58.com.ve\\\/site\\\/wp-content\\\/uploads\\\/2023\\\/05\\\/16hours-Madrid-lede-mkjg-superJumbo-e1684844194327.jpeg\",\"contentUrl\":\"https:\\\/\\\/digital58.com.ve\\\/site\\\/wp-content\\\/uploads\\\/2023\\\/05\\\/16hours-Madrid-lede-mkjg-superJumbo-e1684844194327.jpeg\",\"width\":800,\"height\":534},{\"@type\":\"BreadcrumbList\",\"@id\":\"https:\\\/\\\/digital58.com.ve\\\/site\\\/2023\\\/05\\\/23\\\/venezuela-fue-el-tercer-pais-con-mas-inmigrantes-en-espana-en-el-primer-trimestre-del-ano\\\/#breadcrumb\",\"itemListElement\":[{\"@type\":\"ListItem\",\"position\":1,\"name\":\"Home\",\"item\":\"https:\\\/\\\/digital58.com.ve\\\/site\\\/\"},{\"@type\":\"ListItem\",\"position\":2,\"name\":\"Venezuela fue el tercer pa\u00eds con m\u00e1s inmigrantes en Espa\u00f1a en el primer trimestre del a\u00f1o\"}]},{\"@type\":\"WebSite\",\"@id\":\"https:\\\/\\\/digital58.com.ve\\\/site\\\/#website\",\"url\":\"https:\\\/\\\/digital58.com.ve\\\/site\\\/\",\"name\":\"Noticias Digital58\",\"description\":\"Portal de Noticias \u00a1Periodismo web de verdad! Lanzamiento web 22.11.2005 \\\/ Maracaibo, Venezuela\",\"publisher\":{\"@id\":\"https:\\\/\\\/digital58.com.ve\\\/site\\\/#\\\/schema\\\/person\\\/64d1c2e4d0d4fd1b849980c4331c2951\"},\"alternateName\":\"ND58\",\"potentialAction\":[{\"@type\":\"SearchAction\",\"target\":{\"@type\":\"EntryPoint\",\"urlTemplate\":\"https:\\\/\\\/digital58.com.ve\\\/site\\\/?s={search_term_string}\"},\"query-input\":{\"@type\":\"PropertyValueSpecification\",\"valueRequired\":true,\"valueName\":\"search_term_string\"}}],\"inLanguage\":\"es\"},{\"@type\":[\"Person\",\"Organization\"],\"@id\":\"https:\\\/\\\/digital58.com.ve\\\/site\\\/#\\\/schema\\\/person\\\/64d1c2e4d0d4fd1b849980c4331c2951\",\"name\":\"Villasmil Henry\",\"image\":{\"@type\":\"ImageObject\",\"inLanguage\":\"es\",\"@id\":\"https:\\\/\\\/secure.gravatar.com\\\/avatar\\\/bb0c4a2fcb7970138239f7e404ea75757b1b507b28b5ce4c53fbd62d797c5a7c?s=96&d=mm&r=g\",\"url\":\"https:\\\/\\\/secure.gravatar.com\\\/avatar\\\/bb0c4a2fcb7970138239f7e404ea75757b1b507b28b5ce4c53fbd62d797c5a7c?s=96&d=mm&r=g\",\"contentUrl\":\"https:\\\/\\\/secure.gravatar.com\\\/avatar\\\/bb0c4a2fcb7970138239f7e404ea75757b1b507b28b5ce4c53fbd62d797c5a7c?s=96&d=mm&r=g\",\"caption\":\"Villasmil Henry\"},\"logo\":{\"@id\":\"https:\\\/\\\/secure.gravatar.com\\\/avatar\\\/bb0c4a2fcb7970138239f7e404ea75757b1b507b28b5ce4c53fbd62d797c5a7c?s=96&d=mm&r=g\"},\"sameAs\":[\"http:\\\/\\\/www.henryvillasmil.com.ve\",\"https:\\\/\\\/www.instagram.com\\\/villasmilhfoto\\\/\",\"https:\\\/\\\/x.com\\\/https:\\\/\\\/twitter.com\\\/villasmilhfoto\"]},{\"@type\":\"Person\",\"@id\":\"https:\\\/\\\/digital58.com.ve\\\/site\\\/#\\\/schema\\\/person\\\/38596b127602deaa13fbcd7585635238\",\"name\":\"Caren A\u00f1ez\",\"image\":{\"@type\":\"ImageObject\",\"inLanguage\":\"es\",\"@id\":\"https:\\\/\\\/secure.gravatar.com\\\/avatar\\\/53aadd693aa414991c9ff2f2b19c39be94d2c342463b80f5402d344911bc9782?s=96&d=mm&r=g\",\"url\":\"https:\\\/\\\/secure.gravatar.com\\\/avatar\\\/53aadd693aa414991c9ff2f2b19c39be94d2c342463b80f5402d344911bc9782?s=96&d=mm&r=g\",\"contentUrl\":\"https:\\\/\\\/secure.gravatar.com\\\/avatar\\\/53aadd693aa414991c9ff2f2b19c39be94d2c342463b80f5402d344911bc9782?s=96&d=mm&r=g\",\"caption\":\"Caren A\u00f1ez\"},\"description\":\"\ud83d\udc69\u200d\ud83c\udfa4Editora en @digital_58 \ud83d\udc69\ud83c\udffb\u200d\ud83c\udfebPeriodista musical y de entretenimiento. \ud83d\udcf8Fotografa \ud83d\udc69\ud83c\udffb\u200d\ud83d\udcbbMedia Management. \ud83d\udc69\u200d\ud83d\udc67\u200d\ud83d\udc67AspieMon 24\\\/7\",\"sameAs\":[\"https:\\\/\\\/www.instagram.com\\\/carenanez\\\/\",\"https:\\\/\\\/x.com\\\/carenanez\"],\"url\":\"https:\\\/\\\/digital58.com.ve\\\/site\\\/author\\\/carena21\\\/\"}]}<\/script>\n<!-- \/ Yoast SEO plugin. -->","yoast_head_json":{"title":"Venezuela fue el tercer pa\u00eds con m\u00e1s inmigrantes en Espa\u00f1a en el primer trimestre del a\u00f1o","robots":{"index":"index","follow":"follow","max-snippet":"max-snippet:-1","max-image-preview":"max-image-preview:large","max-video-preview":"max-video-preview:-1"},"canonical":"https:\/\/digital58.com.ve\/site\/2023\/05\/23\/venezuela-fue-el-tercer-pais-con-mas-inmigrantes-en-espana-en-el-primer-trimestre-del-ano\/","og_locale":"es_ES","og_type":"article","og_title":"Venezuela fue el tercer pa\u00eds con m\u00e1s inmigrantes en Espa\u00f1a en el primer trimestre del a\u00f1o","og_url":"https:\/\/digital58.com.ve\/site\/2023\/05\/23\/venezuela-fue-el-tercer-pais-con-mas-inmigrantes-en-espana-en-el-primer-trimestre-del-ano\/","og_site_name":"Noticias Digital58","article_published_time":"2023-05-23T12:18:40+00:00","article_modified_time":"2023-05-23T17:11:05+00:00","og_image":[{"width":800,"height":534,"url":"https:\/\/i0.wp.com\/digital58.com.ve\/site\/wp-content\/uploads\/2023\/05\/16hours-Madrid-lede-mkjg-superJumbo-e1684844194327.jpeg?fit=800%2C534&ssl=1","type":"image\/jpeg"}],"author":"Caren A\u00f1ez","twitter_card":"summary_large_image","twitter_creator":"@carenanez","twitter_site":"@villasmilhfoto","twitter_misc":{"Escrito por":"Caren A\u00f1ez","Tiempo estimado de lectura":"1 minuto"},"schema":{"@context":"https:\/\/schema.org","@graph":[{"@type":"Article","@id":"https:\/\/digital58.com.ve\/site\/2023\/05\/23\/venezuela-fue-el-tercer-pais-con-mas-inmigrantes-en-espana-en-el-primer-trimestre-del-ano\/#article","isPartOf":{"@id":"https:\/\/digital58.com.ve\/site\/2023\/05\/23\/venezuela-fue-el-tercer-pais-con-mas-inmigrantes-en-espana-en-el-primer-trimestre-del-ano\/"},"author":{"name":"Caren A\u00f1ez","@id":"https:\/\/digital58.com.ve\/site\/#\/schema\/person\/38596b127602deaa13fbcd7585635238"},"headline":"Venezuela fue el tercer pa\u00eds con m\u00e1s inmigrantes en Espa\u00f1a en el primer trimestre del a\u00f1o","datePublished":"2023-05-23T12:18:40+00:00","dateModified":"2023-05-23T17:11:05+00:00","mainEntityOfPage":{"@id":"https:\/\/digital58.com.ve\/site\/2023\/05\/23\/venezuela-fue-el-tercer-pais-con-mas-inmigrantes-en-espana-en-el-primer-trimestre-del-ano\/"},"wordCount":171,"commentCount":0,"publisher":{"@id":"https:\/\/digital58.com.ve\/site\/#\/schema\/person\/64d1c2e4d0d4fd1b849980c4331c2951"},"image":{"@id":"https:\/\/digital58.com.ve\/site\/2023\/05\/23\/venezuela-fue-el-tercer-pais-con-mas-inmigrantes-en-espana-en-el-primer-trimestre-del-ano\/#primaryimage"},"thumbnailUrl":"https:\/\/digital58.com.ve\/site\/wp-content\/uploads\/2023\/05\/16hours-Madrid-lede-mkjg-superJumbo-e1684844194327.jpeg","keywords":["Argentina","Colombia","Espa\u00f1a","Honduras","incremento","Inmigrantes","Internacionales","Marruecos","Migrantes","Per\u00fa","Poblaci\u00f3n","Venezolanos"],"articleSection":["Mundo"],"inLanguage":"es","potentialAction":[{"@type":"CommentAction","name":"Comment","target":["https:\/\/digital58.com.ve\/site\/2023\/05\/23\/venezuela-fue-el-tercer-pais-con-mas-inmigrantes-en-espana-en-el-primer-trimestre-del-ano\/#respond"]}]},{"@type":"WebPage","@id":"https:\/\/digital58.com.ve\/site\/2023\/05\/23\/venezuela-fue-el-tercer-pais-con-mas-inmigrantes-en-espana-en-el-primer-trimestre-del-ano\/","url":"https:\/\/digital58.com.ve\/site\/2023\/05\/23\/venezuela-fue-el-tercer-pais-con-mas-inmigrantes-en-espana-en-el-primer-trimestre-del-ano\/","name":"Venezuela fue el tercer pa\u00eds con m\u00e1s inmigrantes en Espa\u00f1a en el primer trimestre del a\u00f1o","isPartOf":{"@id":"https:\/\/digital58.com.ve\/site\/#website"},"primaryImageOfPage":{"@id":"https:\/\/digital58.com.ve\/site\/2023\/05\/23\/venezuela-fue-el-tercer-pais-con-mas-inmigrantes-en-espana-en-el-primer-trimestre-del-ano\/#primaryimage"},"image":{"@id":"https:\/\/digital58.com.ve\/site\/2023\/05\/23\/venezuela-fue-el-tercer-pais-con-mas-inmigrantes-en-espana-en-el-primer-trimestre-del-ano\/#primaryimage"},"thumbnailUrl":"https:\/\/digital58.com.ve\/site\/wp-content\/uploads\/2023\/05\/16hours-Madrid-lede-mkjg-superJumbo-e1684844194327.jpeg","datePublished":"2023-05-23T12:18:40+00:00","dateModified":"2023-05-23T17:11:05+00:00","breadcrumb":{"@id":"https:\/\/digital58.com.ve\/site\/2023\/05\/23\/venezuela-fue-el-tercer-pais-con-mas-inmigrantes-en-espana-en-el-primer-trimestre-del-ano\/#breadcrumb"},"inLanguage":"es","potentialAction":[{"@type":"ReadAction","target":["https:\/\/digital58.com.ve\/site\/2023\/05\/23\/venezuela-fue-el-tercer-pais-con-mas-inmigrantes-en-espana-en-el-primer-trimestre-del-ano\/"]}]},{"@type":"ImageObject","inLanguage":"es","@id":"https:\/\/digital58.com.ve\/site\/2023\/05\/23\/venezuela-fue-el-tercer-pais-con-mas-inmigrantes-en-espana-en-el-primer-trimestre-del-ano\/#primaryimage","url":"https:\/\/digital58.com.ve\/site\/wp-content\/uploads\/2023\/05\/16hours-Madrid-lede-mkjg-superJumbo-e1684844194327.jpeg","contentUrl":"https:\/\/digital58.com.ve\/site\/wp-content\/uploads\/2023\/05\/16hours-Madrid-lede-mkjg-superJumbo-e1684844194327.jpeg","width":800,"height":534},{"@type":"BreadcrumbList","@id":"https:\/\/digital58.com.ve\/site\/2023\/05\/23\/venezuela-fue-el-tercer-pais-con-mas-inmigrantes-en-espana-en-el-primer-trimestre-del-ano\/#breadcrumb","itemListElement":[{"@type":"ListItem","position":1,"name":"Home","item":"https:\/\/digital58.com.ve\/site\/"},{"@type":"ListItem","position":2,"name":"Venezuela fue el tercer pa\u00eds con m\u00e1s inmigrantes en Espa\u00f1a en el primer trimestre del a\u00f1o"}]},{"@type":"WebSite","@id":"https:\/\/digital58.com.ve\/site\/#website","url":"https:\/\/digital58.com.ve\/site\/","name":"Noticias Digital58","description":"Portal de Noticias \u00a1Periodismo web de verdad! Lanzamiento web 22.11.2005 \/ Maracaibo, Venezuela","publisher":{"@id":"https:\/\/digital58.com.ve\/site\/#\/schema\/person\/64d1c2e4d0d4fd1b849980c4331c2951"},"alternateName":"ND58","potentialAction":[{"@type":"SearchAction","target":{"@type":"EntryPoint","urlTemplate":"https:\/\/digital58.com.ve\/site\/?s={search_term_string}"},"query-input":{"@type":"PropertyValueSpecification","valueRequired":true,"valueName":"search_term_string"}}],"inLanguage":"es"},{"@type":["Person","Organization"],"@id":"https:\/\/digital58.com.ve\/site\/#\/schema\/person\/64d1c2e4d0d4fd1b849980c4331c2951","name":"Villasmil Henry","image":{"@type":"ImageObject","inLanguage":"es","@id":"https:\/\/secure.gravatar.com\/avatar\/bb0c4a2fcb7970138239f7e404ea75757b1b507b28b5ce4c53fbd62d797c5a7c?s=96&d=mm&r=g","url":"https:\/\/secure.gravatar.com\/avatar\/bb0c4a2fcb7970138239f7e404ea75757b1b507b28b5ce4c53fbd62d797c5a7c?s=96&d=mm&r=g","contentUrl":"https:\/\/secure.gravatar.com\/avatar\/bb0c4a2fcb7970138239f7e404ea75757b1b507b28b5ce4c53fbd62d797c5a7c?s=96&d=mm&r=g","caption":"Villasmil Henry"},"logo":{"@id":"https:\/\/secure.gravatar.com\/avatar\/bb0c4a2fcb7970138239f7e404ea75757b1b507b28b5ce4c53fbd62d797c5a7c?s=96&d=mm&r=g"},"sameAs":["http:\/\/www.henryvillasmil.com.ve","https:\/\/www.instagram.com\/villasmilhfoto\/","https:\/\/x.com\/https:\/\/twitter.com\/villasmilhfoto"]},{"@type":"Person","@id":"https:\/\/digital58.com.ve\/site\/#\/schema\/person\/38596b127602deaa13fbcd7585635238","name":"Caren A\u00f1ez","image":{"@type":"ImageObject","inLanguage":"es","@id":"https:\/\/secure.gravatar.com\/avatar\/53aadd693aa414991c9ff2f2b19c39be94d2c342463b80f5402d344911bc9782?s=96&d=mm&r=g","url":"https:\/\/secure.gravatar.com\/avatar\/53aadd693aa414991c9ff2f2b19c39be94d2c342463b80f5402d344911bc9782?s=96&d=mm&r=g","contentUrl":"https:\/\/secure.gravatar.com\/avatar\/53aadd693aa414991c9ff2f2b19c39be94d2c342463b80f5402d344911bc9782?s=96&d=mm&r=g","caption":"Caren A\u00f1ez"},"description":"\ud83d\udc69\u200d\ud83c\udfa4Editora en @digital_58 \ud83d\udc69\ud83c\udffb\u200d\ud83c\udfebPeriodista musical y de entretenimiento. \ud83d\udcf8Fotografa \ud83d\udc69\ud83c\udffb\u200d\ud83d\udcbbMedia Management. \ud83d\udc69\u200d\ud83d\udc67\u200d\ud83d\udc67AspieMon 24\/7","sameAs":["https:\/\/www.instagram.com\/carenanez\/","https:\/\/x.com\/carenanez"],"url":"https:\/\/digital58.com.ve\/site\/author\/carena21\/"}]}},"uagb_featured_image_src":{"full":["https:\/\/digital58.com.ve\/site\/wp-content\/uploads\/2023\/05\/16hours-Madrid-lede-mkjg-superJumbo-e1684844194327.jpeg",800,534,false],"thumbnail":["https:\/\/digital58.com.ve\/site\/wp-content\/uploads\/2023\/05\/16hours-Madrid-lede-mkjg-superJumbo-e1684844194327-150x150.jpeg",150,150,true],"medium":["https:\/\/digital58.com.ve\/site\/wp-content\/uploads\/2023\/05\/16hours-Madrid-lede-mkjg-superJumbo-e1684844194327-300x200.jpeg",300,200,true],"medium_large":["https:\/\/digital58.com.ve\/site\/wp-content\/uploads\/2023\/05\/16hours-Madrid-lede-mkjg-superJumbo-e1684844194327-768x513.jpeg",768,513,true],"large":["https:\/\/digital58.com.ve\/site\/wp-content\/uploads\/2023\/05\/16hours-Madrid-lede-mkjg-superJumbo-1000x667.jpeg",800,534,true],"1536x1536":["https:\/\/digital58.com.ve\/site\/wp-content\/uploads\/2023\/05\/16hours-Madrid-lede-mkjg-superJumbo-1536x1025.jpeg",1536,1025,true],"2048x2048":["https:\/\/digital58.com.ve\/site\/wp-content\/uploads\/2023\/05\/16hours-Madrid-lede-mkjg-superJumbo-e1684844194327.jpeg",800,534,false],"colormag-highlighted-post":["https:\/\/digital58.com.ve\/site\/wp-content\/uploads\/2023\/05\/16hours-Madrid-lede-mkjg-superJumbo-e1684844194327-392x272.jpeg",392,272,true],"colormag-featured-post-medium":["https:\/\/digital58.com.ve\/site\/wp-content\/uploads\/2023\/05\/16hours-Madrid-lede-mkjg-superJumbo-e1684844194327-390x205.jpeg",390,205,true],"colormag-featured-post-small":["https:\/\/digital58.com.ve\/site\/wp-content\/uploads\/2023\/05\/16hours-Madrid-lede-mkjg-superJumbo-e1684844194327-130x90.jpeg",130,90,true],"colormag-featured-image":["https:\/\/digital58.com.ve\/site\/wp-content\/uploads\/2023\/05\/16hours-Madrid-lede-mkjg-superJumbo-e1684844194327-800x445.jpeg",800,445,true],"colormag-default-news":["https:\/\/digital58.com.ve\/site\/wp-content\/uploads\/2023\/05\/16hours-Madrid-lede-mkjg-superJumbo-e1684844194327.jpeg",150,100,false],"colormag-featured-image-large":["https:\/\/digital58.com.ve\/site\/wp-content\/uploads\/2023\/05\/16hours-Madrid-lede-mkjg-superJumbo-e1684844194327.jpeg",800,534,false]},"uagb_author_info":{"display_name":"Caren A\u00f1ez","author_link":"https:\/\/digital58.com.ve\/site\/author\/carena21\/"},"uagb_comment_info":0,"uagb_excerpt":"Venezuela fue el tercer pa\u00eds de procedencia del mayor n\u00famero de inmigrantes registrados en Espa\u00f1a en el primer trimestre del","_links":{"self":[{"href":"https:\/\/digital58.com.ve\/site\/wp-json\/wp\/v2\/posts\/166487","targetHints":{"allow":["GET"]}}],"collection":[{"href":"https:\/\/digital58.com.ve\/site\/wp-json\/wp\/v2\/posts"}],"about":[{"href":"https:\/\/digital58.com.ve\/site\/wp-json\/wp\/v2\/types\/post"}],"author":[{"embeddable":true,"href":"https:\/\/digital58.com.ve\/site\/wp-json\/wp\/v2\/users\/39"}],"replies":[{"embeddable":true,"href":"https:\/\/digital58.com.ve\/site\/wp-json\/wp\/v2\/comments?post=166487"}],"version-history":[{"count":1,"href":"https:\/\/digital58.com.ve\/site\/wp-json\/wp\/v2\/posts\/166487\/revisions"}],"predecessor-version":[{"id":166490,"href":"https:\/\/digital58.com.ve\/site\/wp-json\/wp\/v2\/posts\/166487\/revisions\/166490"}],"wp:featuredmedia":[{"embeddable":true,"href":"https:\/\/digital58.com.ve\/site\/wp-json\/wp\/v2\/media\/166489"}],"wp:attachment":[{"href":"https:\/\/digital58.com.ve\/site\/wp-json\/wp\/v2\/media?parent=166487"}],"wp:term":[{"taxonomy":"category","embeddable":true,"href":"https:\/\/digital58.com.ve\/site\/wp-json\/wp\/v2\/categories?post=166487"},{"taxonomy":"post_tag","embeddable":true,"href":"https:\/\/digital58.com.ve\/site\/wp-json\/wp\/v2\/tags?post=166487"}],"curies":[{"name":"wp","href":"https:\/\/api.w.org\/{rel}","templated":true}]}}