{"id":166533,"date":"2023-05-23T20:01:07","date_gmt":"2023-05-24T00:01:07","guid":{"rendered":"https:\/\/digital58.com.ve\/site\/?p=166533"},"modified":"2023-05-23T20:01:07","modified_gmt":"2023-05-24T00:01:07","slug":"israel-y-colombia-unidos-por-el-vallenato-de-jorge-celedon","status":"publish","type":"post","link":"https:\/\/digital58.com.ve\/site\/2023\/05\/23\/israel-y-colombia-unidos-por-el-vallenato-de-jorge-celedon\/","title":{"rendered":"Israel y Colombia, unidos por el vallenato de Jorge Celed\u00f3n"},"content":{"rendered":"<p><a href=\"https:\/\/digital58.com.ve\/site\/wp-content\/uploads\/2023\/05\/jorge-celedon.jpg\"><img loading=\"lazy\" decoding=\"async\" class=\"aligncenter size-full wp-image-166535\" src=\"https:\/\/digital58.com.ve\/site\/wp-content\/uploads\/2023\/05\/jorge-celedon.jpg\" alt=\"\" width=\"800\" height=\"533\" srcset=\"https:\/\/digital58.com.ve\/site\/wp-content\/uploads\/2023\/05\/jorge-celedon.jpg 800w, https:\/\/digital58.com.ve\/site\/wp-content\/uploads\/2023\/05\/jorge-celedon-300x200.jpg 300w, https:\/\/digital58.com.ve\/site\/wp-content\/uploads\/2023\/05\/jorge-celedon-768x512.jpg 768w\" sizes=\"auto, (max-width: 800px) 100vw, 800px\" \/><\/a><\/p>\n<p>El colombiano enamor\u00f3 al pa\u00eds de Israel, con su voz que retumb\u00f3 en el emblem\u00e1tico escenario destinado para los eventos con grandes artistas de talla internacional y donde el colombiano tuvo una presentaci\u00f3n hist\u00f3rica.<\/p>\n<p><strong>Internacionales, 23 de mayo de 2023 (ND58).-<\/strong> Las banderas de Israel y Colombia ondearon con el sentimiento vallenato de Jorge Celed\u00f3n, quien llen\u00f3 teatro Reading Tres en la ciudad de Tel Aviv, que por primera vez abri\u00f3 sus puertas para este g\u00e9nero musical que cautiv\u00f3 con sus cantos y acordeones.<\/p>\n<p>Un seguidor llev\u00f3 una bandera muy especial con las mitades de Israel y Colombia y se la entreg\u00f3 a Jorge Celed\u00f3n en pleno concierto, quien la exhibi\u00f3 y la onde\u00f3 con todo el fervor patri\u00f3tico, sentando precedente de la uni\u00f3n de dos pa\u00edses al ritmo del vallenato.<\/p>\n<p>Esa fotograf\u00eda queda para la historia con Jorge Celed\u00f3n, el primer artista vallenato que llega a Israel y cautiva con su concierto a esta tierra Santa. Un <em>Sol Out<\/em>, que se suma al brillante <em>tour<\/em> musical \u00abQue te vaya bien\u00bb, que contempla 16 conciertos en diez pa\u00edses. Ya pas\u00f3 por Ecuador, Colombia, Venezuela, Argentina, Paraguay y lleg\u00f3 a Europa y Asia, para estar en Espa\u00f1a, Italia, Israel, Suiza y Francia.<\/p>\n<p><a href=\"https:\/\/digital58.com.ve\/site\/wp-content\/uploads\/2023\/05\/jorge-celedon-2.jpg\"><img loading=\"lazy\" decoding=\"async\" class=\"aligncenter size-full wp-image-166534\" src=\"https:\/\/digital58.com.ve\/site\/wp-content\/uploads\/2023\/05\/jorge-celedon-2.jpg\" alt=\"\" width=\"800\" height=\"533\" srcset=\"https:\/\/digital58.com.ve\/site\/wp-content\/uploads\/2023\/05\/jorge-celedon-2.jpg 800w, https:\/\/digital58.com.ve\/site\/wp-content\/uploads\/2023\/05\/jorge-celedon-2-300x200.jpg 300w, https:\/\/digital58.com.ve\/site\/wp-content\/uploads\/2023\/05\/jorge-celedon-2-768x512.jpg 768w\" sizes=\"auto, (max-width: 800px) 100vw, 800px\" \/><\/a><\/p>\n<p>\u00abLa felicidad es inmensa, al ver que nuestra m\u00fasica vallenata conquista los corazones del mundo. Mucha gracias a este hermoso pa\u00eds y a Dios, por esta bella oportunidad que me da la vida\u00bb, dijo emocionado Jorge Celed\u00f3n, quien cant\u00f3 La Invitaci\u00f3n, obra insigne que convida a visitar a Colombia.<\/p>\n<p><strong>El tour musical tiene la siguiente agenda:<\/strong><\/p>\n<p>Viernes 26 de mayo: Bilbao &#8211; Espa\u00f1a<br \/>\nS\u00e1bado 27: Ginebra &#8211; Suiza<br \/>\nDomingo 28: Paris &#8211; Francia<br \/>\nViernes 2 de junio: Lanzarote &#8211; Espa\u00f1a<br \/>\nS\u00e1bado 3: Tenerife \u2013 Espa\u00f1a.<\/p>\n<p>Jorge Celed\u00f3n sigue abanderando el vallenato internacional llevando estos aires por los mejores escenarios del mundo.<\/p>\n<p><strong>Redacci\u00f3n ND58 | Fuente: NDP<\/strong><br \/>\n<strong>Edici\u00f3n: Villasmil, Henry<\/strong><br \/>\n<strong>Gr\u00e1ficas: Rai Rueda<\/strong><\/p>\n<p>&nbsp;<\/p><div class=\"qzdzl69f1c1ca50c38\" ><p style=\"text-align: center;\"><a href=\"https:\/\/t.me\/noticiasdigital58\" target=\"_blank\" rel=\"noopener\"><img class=\"aligncenter size-full wp-image-125363\" src=\"https:\/\/digital58.com.ve\/site\/wp-content\/uploads\/2021\/04\/banner-telegram-web-2021.png\" alt=\"\" width=\"600\" height=\"90\" \/><\/a><\/p><\/div><style type=\"text\/css\">\r\n@media screen and (min-width: 1201px) {\r\n.qzdzl69f1c1ca50c38 {\r\ndisplay: block;\r\n}\r\n}\r\n@media screen and (min-width: 993px) and (max-width: 1200px) {\r\n.qzdzl69f1c1ca50c38 {\r\ndisplay: block;\r\n}\r\n}\r\n@media screen and (min-width: 769px) and (max-width: 992px) {\r\n.qzdzl69f1c1ca50c38 {\r\ndisplay: block;\r\n}\r\n}\r\n@media screen and (min-width: 768px) and (max-width: 768px) {\r\n.qzdzl69f1c1ca50c38 {\r\ndisplay: block;\r\n}\r\n}\r\n@media screen and (max-width: 767px) {\r\n.qzdzl69f1c1ca50c38 {\r\ndisplay: block;\r\n}\r\n}\r\n<\/style>\r\n\n<p>&nbsp;<\/p>\n<div style=\"margin-top: 0px; margin-bottom: 0px;\" class=\"sharethis-inline-share-buttons\" ><\/div>","protected":false},"excerpt":{"rendered":"<p>El colombiano enamor\u00f3 al pa\u00eds de Israel, con su voz que retumb\u00f3 en el emblem\u00e1tico escenario destinado para los eventos<\/p>\n","protected":false},"author":1,"featured_media":166534,"comment_status":"open","ping_status":"closed","sticky":false,"template":"","format":"standard","meta":{"colormag_page_container_layout":"default_layout","colormag_page_sidebar_layout":"default_layout","_uag_custom_page_level_css":"","footnotes":""},"categories":[1],"tags":[78,98,83,50,211,273,27544,8,7798,486,61,31497,30994],"class_list":["post-166533","post","type-post","status-publish","format-standard","has-post-thumbnail","hentry","category-fama","tag-cantantes","tag-colombia","tag-conciertos","tag-entretenimiento","tag-espectaculos","tag-farandula","tag-genero-vallenato","tag-internacionales","tag-israel","tag-jorge-celedon","tag-musica","tag-teatro-reading-tres","tag-tel-aviv"],"yoast_head":"<!-- This site is optimized with the Yoast SEO plugin v27.5 - https:\/\/yoast.com\/product\/yoast-seo-wordpress\/ -->\n<title>Israel y Colombia, unidos por el vallenato de Jorge Celed\u00f3n<\/title>\n<meta name=\"robots\" content=\"index, follow, max-snippet:-1, max-image-preview:large, max-video-preview:-1\" \/>\n<link rel=\"canonical\" href=\"https:\/\/digital58.com.ve\/site\/2023\/05\/23\/israel-y-colombia-unidos-por-el-vallenato-de-jorge-celedon\/\" \/>\n<meta property=\"og:locale\" content=\"es_ES\" \/>\n<meta property=\"og:type\" content=\"article\" \/>\n<meta property=\"og:title\" content=\"Israel y Colombia, unidos por el vallenato de Jorge Celed\u00f3n\" \/>\n<meta property=\"og:url\" content=\"https:\/\/digital58.com.ve\/site\/2023\/05\/23\/israel-y-colombia-unidos-por-el-vallenato-de-jorge-celedon\/\" \/>\n<meta property=\"og:site_name\" content=\"Noticias Digital58\" \/>\n<meta property=\"article:published_time\" content=\"2023-05-24T00:01:07+00:00\" \/>\n<meta property=\"og:image\" content=\"https:\/\/i0.wp.com\/digital58.com.ve\/site\/wp-content\/uploads\/2023\/05\/jorge-celedon-2.jpg?fit=800%2C533&ssl=1\" \/>\n\t<meta property=\"og:image:width\" content=\"800\" \/>\n\t<meta property=\"og:image:height\" content=\"533\" \/>\n\t<meta property=\"og:image:type\" content=\"image\/jpeg\" \/>\n<meta name=\"author\" content=\"Villasmil Henry\" \/>\n<meta name=\"twitter:card\" content=\"summary_large_image\" \/>\n<meta name=\"twitter:creator\" content=\"@https:\/\/twitter.com\/villasmilhfoto\" \/>\n<meta name=\"twitter:site\" content=\"@villasmilhfoto\" \/>\n<meta name=\"twitter:label1\" content=\"Escrito por\" \/>\n\t<meta name=\"twitter:data1\" content=\"Villasmil Henry\" \/>\n\t<meta name=\"twitter:label2\" content=\"Tiempo estimado de lectura\" \/>\n\t<meta name=\"twitter:data2\" content=\"2 minutos\" \/>\n<script type=\"application\/ld+json\" class=\"yoast-schema-graph\">{\"@context\":\"https:\\\/\\\/schema.org\",\"@graph\":[{\"@type\":\"Article\",\"@id\":\"https:\\\/\\\/digital58.com.ve\\\/site\\\/2023\\\/05\\\/23\\\/israel-y-colombia-unidos-por-el-vallenato-de-jorge-celedon\\\/#article\",\"isPartOf\":{\"@id\":\"https:\\\/\\\/digital58.com.ve\\\/site\\\/2023\\\/05\\\/23\\\/israel-y-colombia-unidos-por-el-vallenato-de-jorge-celedon\\\/\"},\"author\":{\"name\":\"Villasmil Henry\",\"@id\":\"https:\\\/\\\/digital58.com.ve\\\/site\\\/#\\\/schema\\\/person\\\/64d1c2e4d0d4fd1b849980c4331c2951\"},\"headline\":\"Israel y Colombia, unidos por el vallenato de Jorge Celed\u00f3n\",\"datePublished\":\"2023-05-24T00:01:07+00:00\",\"mainEntityOfPage\":{\"@id\":\"https:\\\/\\\/digital58.com.ve\\\/site\\\/2023\\\/05\\\/23\\\/israel-y-colombia-unidos-por-el-vallenato-de-jorge-celedon\\\/\"},\"wordCount\":344,\"commentCount\":0,\"publisher\":{\"@id\":\"https:\\\/\\\/digital58.com.ve\\\/site\\\/#\\\/schema\\\/person\\\/64d1c2e4d0d4fd1b849980c4331c2951\"},\"image\":{\"@id\":\"https:\\\/\\\/digital58.com.ve\\\/site\\\/2023\\\/05\\\/23\\\/israel-y-colombia-unidos-por-el-vallenato-de-jorge-celedon\\\/#primaryimage\"},\"thumbnailUrl\":\"https:\\\/\\\/digital58.com.ve\\\/site\\\/wp-content\\\/uploads\\\/2023\\\/05\\\/jorge-celedon-2.jpg\",\"keywords\":[\"Cantantes\",\"Colombia\",\"Conciertos\",\"Entretenimiento\",\"Espect\u00e1culos\",\"Far\u00e1ndula\",\"G\u00e9nero Vallenato\",\"Internacionales\",\"Israel\",\"Jorge Celed\u00f3n\",\"M\u00fasica\",\"Teatro Reading Tres\",\"Tel Aviv\"],\"articleSection\":[\"Fama\"],\"inLanguage\":\"es\",\"potentialAction\":[{\"@type\":\"CommentAction\",\"name\":\"Comment\",\"target\":[\"https:\\\/\\\/digital58.com.ve\\\/site\\\/2023\\\/05\\\/23\\\/israel-y-colombia-unidos-por-el-vallenato-de-jorge-celedon\\\/#respond\"]}]},{\"@type\":\"WebPage\",\"@id\":\"https:\\\/\\\/digital58.com.ve\\\/site\\\/2023\\\/05\\\/23\\\/israel-y-colombia-unidos-por-el-vallenato-de-jorge-celedon\\\/\",\"url\":\"https:\\\/\\\/digital58.com.ve\\\/site\\\/2023\\\/05\\\/23\\\/israel-y-colombia-unidos-por-el-vallenato-de-jorge-celedon\\\/\",\"name\":\"Israel y Colombia, unidos por el vallenato de Jorge Celed\u00f3n\",\"isPartOf\":{\"@id\":\"https:\\\/\\\/digital58.com.ve\\\/site\\\/#website\"},\"primaryImageOfPage\":{\"@id\":\"https:\\\/\\\/digital58.com.ve\\\/site\\\/2023\\\/05\\\/23\\\/israel-y-colombia-unidos-por-el-vallenato-de-jorge-celedon\\\/#primaryimage\"},\"image\":{\"@id\":\"https:\\\/\\\/digital58.com.ve\\\/site\\\/2023\\\/05\\\/23\\\/israel-y-colombia-unidos-por-el-vallenato-de-jorge-celedon\\\/#primaryimage\"},\"thumbnailUrl\":\"https:\\\/\\\/digital58.com.ve\\\/site\\\/wp-content\\\/uploads\\\/2023\\\/05\\\/jorge-celedon-2.jpg\",\"datePublished\":\"2023-05-24T00:01:07+00:00\",\"breadcrumb\":{\"@id\":\"https:\\\/\\\/digital58.com.ve\\\/site\\\/2023\\\/05\\\/23\\\/israel-y-colombia-unidos-por-el-vallenato-de-jorge-celedon\\\/#breadcrumb\"},\"inLanguage\":\"es\",\"potentialAction\":[{\"@type\":\"ReadAction\",\"target\":[\"https:\\\/\\\/digital58.com.ve\\\/site\\\/2023\\\/05\\\/23\\\/israel-y-colombia-unidos-por-el-vallenato-de-jorge-celedon\\\/\"]}]},{\"@type\":\"ImageObject\",\"inLanguage\":\"es\",\"@id\":\"https:\\\/\\\/digital58.com.ve\\\/site\\\/2023\\\/05\\\/23\\\/israel-y-colombia-unidos-por-el-vallenato-de-jorge-celedon\\\/#primaryimage\",\"url\":\"https:\\\/\\\/digital58.com.ve\\\/site\\\/wp-content\\\/uploads\\\/2023\\\/05\\\/jorge-celedon-2.jpg\",\"contentUrl\":\"https:\\\/\\\/digital58.com.ve\\\/site\\\/wp-content\\\/uploads\\\/2023\\\/05\\\/jorge-celedon-2.jpg\",\"width\":800,\"height\":533},{\"@type\":\"BreadcrumbList\",\"@id\":\"https:\\\/\\\/digital58.com.ve\\\/site\\\/2023\\\/05\\\/23\\\/israel-y-colombia-unidos-por-el-vallenato-de-jorge-celedon\\\/#breadcrumb\",\"itemListElement\":[{\"@type\":\"ListItem\",\"position\":1,\"name\":\"Home\",\"item\":\"https:\\\/\\\/digital58.com.ve\\\/site\\\/\"},{\"@type\":\"ListItem\",\"position\":2,\"name\":\"Israel y Colombia, unidos por el vallenato de Jorge Celed\u00f3n\"}]},{\"@type\":\"WebSite\",\"@id\":\"https:\\\/\\\/digital58.com.ve\\\/site\\\/#website\",\"url\":\"https:\\\/\\\/digital58.com.ve\\\/site\\\/\",\"name\":\"Noticias Digital58\",\"description\":\"Portal de Noticias \u00a1Periodismo web de verdad! Lanzamiento web 22.11.2005 \\\/ Maracaibo, Venezuela\",\"publisher\":{\"@id\":\"https:\\\/\\\/digital58.com.ve\\\/site\\\/#\\\/schema\\\/person\\\/64d1c2e4d0d4fd1b849980c4331c2951\"},\"alternateName\":\"ND58\",\"potentialAction\":[{\"@type\":\"SearchAction\",\"target\":{\"@type\":\"EntryPoint\",\"urlTemplate\":\"https:\\\/\\\/digital58.com.ve\\\/site\\\/?s={search_term_string}\"},\"query-input\":{\"@type\":\"PropertyValueSpecification\",\"valueRequired\":true,\"valueName\":\"search_term_string\"}}],\"inLanguage\":\"es\"},{\"@type\":[\"Person\",\"Organization\"],\"@id\":\"https:\\\/\\\/digital58.com.ve\\\/site\\\/#\\\/schema\\\/person\\\/64d1c2e4d0d4fd1b849980c4331c2951\",\"name\":\"Villasmil Henry\",\"image\":{\"@type\":\"ImageObject\",\"inLanguage\":\"es\",\"@id\":\"https:\\\/\\\/secure.gravatar.com\\\/avatar\\\/bb0c4a2fcb7970138239f7e404ea75757b1b507b28b5ce4c53fbd62d797c5a7c?s=96&d=mm&r=g\",\"url\":\"https:\\\/\\\/secure.gravatar.com\\\/avatar\\\/bb0c4a2fcb7970138239f7e404ea75757b1b507b28b5ce4c53fbd62d797c5a7c?s=96&d=mm&r=g\",\"contentUrl\":\"https:\\\/\\\/secure.gravatar.com\\\/avatar\\\/bb0c4a2fcb7970138239f7e404ea75757b1b507b28b5ce4c53fbd62d797c5a7c?s=96&d=mm&r=g\",\"caption\":\"Villasmil Henry\"},\"logo\":{\"@id\":\"https:\\\/\\\/secure.gravatar.com\\\/avatar\\\/bb0c4a2fcb7970138239f7e404ea75757b1b507b28b5ce4c53fbd62d797c5a7c?s=96&d=mm&r=g\"},\"sameAs\":[\"http:\\\/\\\/www.henryvillasmil.com.ve\",\"https:\\\/\\\/www.instagram.com\\\/villasmilhfoto\\\/\",\"https:\\\/\\\/x.com\\\/https:\\\/\\\/twitter.com\\\/villasmilhfoto\"],\"url\":\"https:\\\/\\\/digital58.com.ve\\\/site\\\/author\\\/droopy_68\\\/\"}]}<\/script>\n<!-- \/ Yoast SEO plugin. -->","yoast_head_json":{"title":"Israel y Colombia, unidos por el vallenato de Jorge Celed\u00f3n","robots":{"index":"index","follow":"follow","max-snippet":"max-snippet:-1","max-image-preview":"max-image-preview:large","max-video-preview":"max-video-preview:-1"},"canonical":"https:\/\/digital58.com.ve\/site\/2023\/05\/23\/israel-y-colombia-unidos-por-el-vallenato-de-jorge-celedon\/","og_locale":"es_ES","og_type":"article","og_title":"Israel y Colombia, unidos por el vallenato de Jorge Celed\u00f3n","og_url":"https:\/\/digital58.com.ve\/site\/2023\/05\/23\/israel-y-colombia-unidos-por-el-vallenato-de-jorge-celedon\/","og_site_name":"Noticias Digital58","article_published_time":"2023-05-24T00:01:07+00:00","og_image":[{"width":800,"height":533,"url":"https:\/\/i0.wp.com\/digital58.com.ve\/site\/wp-content\/uploads\/2023\/05\/jorge-celedon-2.jpg?fit=800%2C533&ssl=1","type":"image\/jpeg"}],"author":"Villasmil Henry","twitter_card":"summary_large_image","twitter_creator":"@https:\/\/twitter.com\/villasmilhfoto","twitter_site":"@villasmilhfoto","twitter_misc":{"Escrito por":"Villasmil Henry","Tiempo estimado de lectura":"2 minutos"},"schema":{"@context":"https:\/\/schema.org","@graph":[{"@type":"Article","@id":"https:\/\/digital58.com.ve\/site\/2023\/05\/23\/israel-y-colombia-unidos-por-el-vallenato-de-jorge-celedon\/#article","isPartOf":{"@id":"https:\/\/digital58.com.ve\/site\/2023\/05\/23\/israel-y-colombia-unidos-por-el-vallenato-de-jorge-celedon\/"},"author":{"name":"Villasmil Henry","@id":"https:\/\/digital58.com.ve\/site\/#\/schema\/person\/64d1c2e4d0d4fd1b849980c4331c2951"},"headline":"Israel y Colombia, unidos por el vallenato de Jorge Celed\u00f3n","datePublished":"2023-05-24T00:01:07+00:00","mainEntityOfPage":{"@id":"https:\/\/digital58.com.ve\/site\/2023\/05\/23\/israel-y-colombia-unidos-por-el-vallenato-de-jorge-celedon\/"},"wordCount":344,"commentCount":0,"publisher":{"@id":"https:\/\/digital58.com.ve\/site\/#\/schema\/person\/64d1c2e4d0d4fd1b849980c4331c2951"},"image":{"@id":"https:\/\/digital58.com.ve\/site\/2023\/05\/23\/israel-y-colombia-unidos-por-el-vallenato-de-jorge-celedon\/#primaryimage"},"thumbnailUrl":"https:\/\/digital58.com.ve\/site\/wp-content\/uploads\/2023\/05\/jorge-celedon-2.jpg","keywords":["Cantantes","Colombia","Conciertos","Entretenimiento","Espect\u00e1culos","Far\u00e1ndula","G\u00e9nero Vallenato","Internacionales","Israel","Jorge Celed\u00f3n","M\u00fasica","Teatro Reading Tres","Tel Aviv"],"articleSection":["Fama"],"inLanguage":"es","potentialAction":[{"@type":"CommentAction","name":"Comment","target":["https:\/\/digital58.com.ve\/site\/2023\/05\/23\/israel-y-colombia-unidos-por-el-vallenato-de-jorge-celedon\/#respond"]}]},{"@type":"WebPage","@id":"https:\/\/digital58.com.ve\/site\/2023\/05\/23\/israel-y-colombia-unidos-por-el-vallenato-de-jorge-celedon\/","url":"https:\/\/digital58.com.ve\/site\/2023\/05\/23\/israel-y-colombia-unidos-por-el-vallenato-de-jorge-celedon\/","name":"Israel y Colombia, unidos por el vallenato de Jorge Celed\u00f3n","isPartOf":{"@id":"https:\/\/digital58.com.ve\/site\/#website"},"primaryImageOfPage":{"@id":"https:\/\/digital58.com.ve\/site\/2023\/05\/23\/israel-y-colombia-unidos-por-el-vallenato-de-jorge-celedon\/#primaryimage"},"image":{"@id":"https:\/\/digital58.com.ve\/site\/2023\/05\/23\/israel-y-colombia-unidos-por-el-vallenato-de-jorge-celedon\/#primaryimage"},"thumbnailUrl":"https:\/\/digital58.com.ve\/site\/wp-content\/uploads\/2023\/05\/jorge-celedon-2.jpg","datePublished":"2023-05-24T00:01:07+00:00","breadcrumb":{"@id":"https:\/\/digital58.com.ve\/site\/2023\/05\/23\/israel-y-colombia-unidos-por-el-vallenato-de-jorge-celedon\/#breadcrumb"},"inLanguage":"es","potentialAction":[{"@type":"ReadAction","target":["https:\/\/digital58.com.ve\/site\/2023\/05\/23\/israel-y-colombia-unidos-por-el-vallenato-de-jorge-celedon\/"]}]},{"@type":"ImageObject","inLanguage":"es","@id":"https:\/\/digital58.com.ve\/site\/2023\/05\/23\/israel-y-colombia-unidos-por-el-vallenato-de-jorge-celedon\/#primaryimage","url":"https:\/\/digital58.com.ve\/site\/wp-content\/uploads\/2023\/05\/jorge-celedon-2.jpg","contentUrl":"https:\/\/digital58.com.ve\/site\/wp-content\/uploads\/2023\/05\/jorge-celedon-2.jpg","width":800,"height":533},{"@type":"BreadcrumbList","@id":"https:\/\/digital58.com.ve\/site\/2023\/05\/23\/israel-y-colombia-unidos-por-el-vallenato-de-jorge-celedon\/#breadcrumb","itemListElement":[{"@type":"ListItem","position":1,"name":"Home","item":"https:\/\/digital58.com.ve\/site\/"},{"@type":"ListItem","position":2,"name":"Israel y Colombia, unidos por el vallenato de Jorge Celed\u00f3n"}]},{"@type":"WebSite","@id":"https:\/\/digital58.com.ve\/site\/#website","url":"https:\/\/digital58.com.ve\/site\/","name":"Noticias Digital58","description":"Portal de Noticias \u00a1Periodismo web de verdad! Lanzamiento web 22.11.2005 \/ Maracaibo, Venezuela","publisher":{"@id":"https:\/\/digital58.com.ve\/site\/#\/schema\/person\/64d1c2e4d0d4fd1b849980c4331c2951"},"alternateName":"ND58","potentialAction":[{"@type":"SearchAction","target":{"@type":"EntryPoint","urlTemplate":"https:\/\/digital58.com.ve\/site\/?s={search_term_string}"},"query-input":{"@type":"PropertyValueSpecification","valueRequired":true,"valueName":"search_term_string"}}],"inLanguage":"es"},{"@type":["Person","Organization"],"@id":"https:\/\/digital58.com.ve\/site\/#\/schema\/person\/64d1c2e4d0d4fd1b849980c4331c2951","name":"Villasmil Henry","image":{"@type":"ImageObject","inLanguage":"es","@id":"https:\/\/secure.gravatar.com\/avatar\/bb0c4a2fcb7970138239f7e404ea75757b1b507b28b5ce4c53fbd62d797c5a7c?s=96&d=mm&r=g","url":"https:\/\/secure.gravatar.com\/avatar\/bb0c4a2fcb7970138239f7e404ea75757b1b507b28b5ce4c53fbd62d797c5a7c?s=96&d=mm&r=g","contentUrl":"https:\/\/secure.gravatar.com\/avatar\/bb0c4a2fcb7970138239f7e404ea75757b1b507b28b5ce4c53fbd62d797c5a7c?s=96&d=mm&r=g","caption":"Villasmil Henry"},"logo":{"@id":"https:\/\/secure.gravatar.com\/avatar\/bb0c4a2fcb7970138239f7e404ea75757b1b507b28b5ce4c53fbd62d797c5a7c?s=96&d=mm&r=g"},"sameAs":["http:\/\/www.henryvillasmil.com.ve","https:\/\/www.instagram.com\/villasmilhfoto\/","https:\/\/x.com\/https:\/\/twitter.com\/villasmilhfoto"],"url":"https:\/\/digital58.com.ve\/site\/author\/droopy_68\/"}]}},"uagb_featured_image_src":{"full":["https:\/\/digital58.com.ve\/site\/wp-content\/uploads\/2023\/05\/jorge-celedon-2.jpg",800,533,false],"thumbnail":["https:\/\/digital58.com.ve\/site\/wp-content\/uploads\/2023\/05\/jorge-celedon-2-150x150.jpg",150,150,true],"medium":["https:\/\/digital58.com.ve\/site\/wp-content\/uploads\/2023\/05\/jorge-celedon-2-300x200.jpg",300,200,true],"medium_large":["https:\/\/digital58.com.ve\/site\/wp-content\/uploads\/2023\/05\/jorge-celedon-2-768x512.jpg",768,512,true],"large":["https:\/\/digital58.com.ve\/site\/wp-content\/uploads\/2023\/05\/jorge-celedon-2.jpg",800,533,false],"1536x1536":["https:\/\/digital58.com.ve\/site\/wp-content\/uploads\/2023\/05\/jorge-celedon-2.jpg",800,533,false],"2048x2048":["https:\/\/digital58.com.ve\/site\/wp-content\/uploads\/2023\/05\/jorge-celedon-2.jpg",800,533,false],"colormag-highlighted-post":["https:\/\/digital58.com.ve\/site\/wp-content\/uploads\/2023\/05\/jorge-celedon-2-392x272.jpg",392,272,true],"colormag-featured-post-medium":["https:\/\/digital58.com.ve\/site\/wp-content\/uploads\/2023\/05\/jorge-celedon-2-390x205.jpg",390,205,true],"colormag-featured-post-small":["https:\/\/digital58.com.ve\/site\/wp-content\/uploads\/2023\/05\/jorge-celedon-2-130x90.jpg",130,90,true],"colormag-featured-image":["https:\/\/digital58.com.ve\/site\/wp-content\/uploads\/2023\/05\/jorge-celedon-2-800x445.jpg",800,445,true],"colormag-default-news":["https:\/\/digital58.com.ve\/site\/wp-content\/uploads\/2023\/05\/jorge-celedon-2.jpg",150,100,false],"colormag-featured-image-large":["https:\/\/digital58.com.ve\/site\/wp-content\/uploads\/2023\/05\/jorge-celedon-2.jpg",800,533,false]},"uagb_author_info":{"display_name":"Villasmil Henry","author_link":"https:\/\/digital58.com.ve\/site\/author\/droopy_68\/"},"uagb_comment_info":0,"uagb_excerpt":"El colombiano enamor\u00f3 al pa\u00eds de Israel, con su voz que retumb\u00f3 en el emblem\u00e1tico escenario destinado para los eventos","_links":{"self":[{"href":"https:\/\/digital58.com.ve\/site\/wp-json\/wp\/v2\/posts\/166533","targetHints":{"allow":["GET"]}}],"collection":[{"href":"https:\/\/digital58.com.ve\/site\/wp-json\/wp\/v2\/posts"}],"about":[{"href":"https:\/\/digital58.com.ve\/site\/wp-json\/wp\/v2\/types\/post"}],"author":[{"embeddable":true,"href":"https:\/\/digital58.com.ve\/site\/wp-json\/wp\/v2\/users\/1"}],"replies":[{"embeddable":true,"href":"https:\/\/digital58.com.ve\/site\/wp-json\/wp\/v2\/comments?post=166533"}],"version-history":[{"count":1,"href":"https:\/\/digital58.com.ve\/site\/wp-json\/wp\/v2\/posts\/166533\/revisions"}],"predecessor-version":[{"id":166536,"href":"https:\/\/digital58.com.ve\/site\/wp-json\/wp\/v2\/posts\/166533\/revisions\/166536"}],"wp:featuredmedia":[{"embeddable":true,"href":"https:\/\/digital58.com.ve\/site\/wp-json\/wp\/v2\/media\/166534"}],"wp:attachment":[{"href":"https:\/\/digital58.com.ve\/site\/wp-json\/wp\/v2\/media?parent=166533"}],"wp:term":[{"taxonomy":"category","embeddable":true,"href":"https:\/\/digital58.com.ve\/site\/wp-json\/wp\/v2\/categories?post=166533"},{"taxonomy":"post_tag","embeddable":true,"href":"https:\/\/digital58.com.ve\/site\/wp-json\/wp\/v2\/tags?post=166533"}],"curies":[{"name":"wp","href":"https:\/\/api.w.org\/{rel}","templated":true}]}}