{"id":166537,"date":"2023-05-23T22:51:00","date_gmt":"2023-05-24T02:51:00","guid":{"rendered":"https:\/\/digital58.com.ve\/site\/?p=166537"},"modified":"2023-05-23T22:51:00","modified_gmt":"2023-05-24T02:51:00","slug":"zulia-maracaibo-tendra-premio-municipal-de-periodismo-2023","status":"publish","type":"post","link":"https:\/\/digital58.com.ve\/site\/2023\/05\/23\/zulia-maracaibo-tendra-premio-municipal-de-periodismo-2023\/","title":{"rendered":"#Zulia | Maracaibo tendr\u00e1 Premio Municipal de Periodismo 2023"},"content":{"rendered":"<p><a href=\"https:\/\/digital58.com.ve\/site\/wp-content\/uploads\/2023\/05\/WhatsApp-Image-2023-05-23-at-2.27.52-PM.jpeg\"><img loading=\"lazy\" decoding=\"async\" class=\"aligncenter size-full wp-image-166550\" src=\"https:\/\/digital58.com.ve\/site\/wp-content\/uploads\/2023\/05\/WhatsApp-Image-2023-05-23-at-2.27.52-PM.jpeg\" alt=\"\" width=\"1280\" height=\"718\" srcset=\"https:\/\/digital58.com.ve\/site\/wp-content\/uploads\/2023\/05\/WhatsApp-Image-2023-05-23-at-2.27.52-PM.jpeg 1280w, https:\/\/digital58.com.ve\/site\/wp-content\/uploads\/2023\/05\/WhatsApp-Image-2023-05-23-at-2.27.52-PM-300x168.jpeg 300w, https:\/\/digital58.com.ve\/site\/wp-content\/uploads\/2023\/05\/WhatsApp-Image-2023-05-23-at-2.27.52-PM-1000x561.jpeg 1000w, https:\/\/digital58.com.ve\/site\/wp-content\/uploads\/2023\/05\/WhatsApp-Image-2023-05-23-at-2.27.52-PM-768x431.jpeg 768w\" sizes=\"auto, (max-width: 1280px) 100vw, 1280px\" \/><\/a><\/p>\n<p>Los Comunicadores Sociales de la capital zuliana podr\u00e1n postular sus trabajos a cualquiera de las seis categor\u00edas del Premio Municipal de Periodismo Eduardo L\u00f3pez Rivas.<\/p>\n<p><strong>Maracaibo, Zulia, Venezuela, 23 de mayo de 2023 (ND58).-<\/strong> Para reconocer el m\u00e9rito, sacrificio y trabajo de los periodistas; el Concejo Municipal de Maracaibo realiz\u00f3 la convocatoria al Premio Municipal de Periodismo Eduardo L\u00f3pez Rivas.<\/p>\n<p>Los profesionales ganadores recibir\u00e1n premios en met\u00e1lico, tras ser evaluados por un jurado calificado que re\u00fane al gremio period\u00edstico y persigue la excelencia en la labor informativa.<\/p>\n<p>Quienes se postulen podr\u00e1n entregar como m\u00e1ximo tres de sus trabajos, desde este martes 23 de mayo hasta el martes 20 de junio ante la secretar\u00eda del Concejo Municipal, acompa\u00f1ado con el nombre, c\u00e9dula de identidad, direcci\u00f3n, copia de fondo negro o blanco del t\u00edtulo de Licenciado en Comunicaci\u00f3n Social.<\/p>\n<p>As\u00ed mismo, deber\u00e1n llenar una ficha de inscripci\u00f3n donde se especificar\u00e1: la fecha de entrega, el nombre del trabajo, la categor\u00eda y menci\u00f3n donde participar\u00e1n, determinando adem\u00e1s si lo har\u00e1n de forma personal o en representaci\u00f3n de alg\u00fan medio de comunicaci\u00f3n.<\/p>\n<p>Los trabajos postulados deben haber sido difundidos entre los meses de junio de 2022 y marzo de 2023.<\/p>\n<p>Jos\u00e9 Berm\u00fadez, presidente del Concejo Municipal, explic\u00f3 que el concurso contar\u00e1 con seis categor\u00edas: periodismo escrito en las menciones de informaci\u00f3n, opini\u00f3n, cr\u00f3nica y reportaje; periodismo radial con informaci\u00f3n, opini\u00f3n, reportaje y magazine; periodismo audiovisual con informaci\u00f3n, opini\u00f3n, reportaje y producci\u00f3n audiovisual; periodismo fotogr\u00e1fico con reportaje fotogr\u00e1fico y fotograf\u00eda unitaria; periodismo digital con informaci\u00f3n, opini\u00f3n, cr\u00f3nica y reportaje; y periodismo de investigaci\u00f3n en la educaci\u00f3n superior.<\/p>\n<p>\u00abLos Licenciados en Comunicaci\u00f3n Social que quieran participar deben estar ejerciendo en Maracaibo o laborando para medios nacionales e internacionales, poniendo en alto el nombre de Maracaibo con sus noticias. Adem\u00e1s, deben estar colegiados y al d\u00eda ante el Colegio Nacional de Periodistas (CNP)\u00bb, detall\u00f3 Berm\u00fadez.<\/p>\n<p>Por su parte Moraima Guti\u00e9rrez, comunicadora social, locutora y presidente del jurado calificador, invit\u00f3 a los profesionales de la comunicaci\u00f3n a postular sus trabajos para que \u00abformen parte de un momento tan importante para los periodistas\u00bb.<\/p>\n<p>\u00abLos miembros del jurado calificador tenemos un reto porque nos imaginamos que la producci\u00f3n a nivel de impreso, digital, radial, televisivo, a nivel de investigaci\u00f3n, cr\u00f3nica, reportaje de informaci\u00f3n y opini\u00f3n; va a estar muy nutrida por parte de los colegas que hacen ejercicio profesional en el municipio considerando que desde hace varios a\u00f1os no se convocaba a este premio\u00bb, manifest\u00f3 Guti\u00e9rrez.<\/p>\n<p>El jurado estar\u00e1 conformado por un representante del Colegio Nacional de Periodistas, del Circulo de Reporteros Gr\u00e1ficos del estado Zulia y de las Escuelas de Comunicaci\u00f3n Social de LUZ, URBE, UNICA y UBV.<\/p>\n<p><strong>Redacci\u00f3n ND58 | Fuente:\u00a0 DCI Alcald\u00eda de Maracaibo<\/strong><br \/>\n<strong>Edici\u00f3n: Villasmil, Henry<\/strong><br \/>\n<strong>Gr\u00e1fica: Prensa ADM<\/strong><\/p>\n<p>&nbsp;<\/p><div class=\"eiwds69edabfc69d05\" ><p style=\"text-align: center;\"><a href=\"https:\/\/t.me\/noticiasdigital58\" target=\"_blank\" rel=\"noopener\"><img class=\"aligncenter size-full wp-image-125363\" src=\"https:\/\/digital58.com.ve\/site\/wp-content\/uploads\/2021\/04\/banner-telegram-web-2021.png\" alt=\"\" width=\"600\" height=\"90\" \/><\/a><\/p><\/div><style type=\"text\/css\">\r\n@media screen and (min-width: 1201px) {\r\n.eiwds69edabfc69d05 {\r\ndisplay: block;\r\n}\r\n}\r\n@media screen and (min-width: 993px) and (max-width: 1200px) {\r\n.eiwds69edabfc69d05 {\r\ndisplay: block;\r\n}\r\n}\r\n@media screen and (min-width: 769px) and (max-width: 992px) {\r\n.eiwds69edabfc69d05 {\r\ndisplay: block;\r\n}\r\n}\r\n@media screen and (min-width: 768px) and (max-width: 768px) {\r\n.eiwds69edabfc69d05 {\r\ndisplay: block;\r\n}\r\n}\r\n@media screen and (max-width: 767px) {\r\n.eiwds69edabfc69d05 {\r\ndisplay: block;\r\n}\r\n}\r\n<\/style>\r\n\n<p>&nbsp;<\/p>\n<div style=\"margin-top: 0px; margin-bottom: 0px;\" class=\"sharethis-inline-share-buttons\" ><\/div>","protected":false},"excerpt":{"rendered":"<p>Los Comunicadores Sociales de la capital zuliana podr\u00e1n postular sus trabajos a cualquiera de las seis categor\u00edas del Premio Municipal<\/p>\n","protected":false},"author":1,"featured_media":166550,"comment_status":"open","ping_status":"closed","sticky":false,"template":"","format":"standard","meta":{"colormag_page_container_layout":"default_layout","colormag_page_sidebar_layout":"default_layout","_uag_custom_page_level_css":"","footnotes":""},"categories":[14504],"tags":[290,4261,11598,26614,27297,73,233,31500,2354,32],"class_list":["post-166537","post","type-post","status-publish","format-standard","has-post-thumbnail","hentry","category-zulia","tag-alcaldia-de-maracaibo","tag-cnp","tag-comunicadores-sociales","tag-concejo-municipal","tag-jose-bermudez","tag-maracaibo","tag-nacionales","tag-premio-municipal-de-periodismo-eduardo-lopez-rivas","tag-regionales","tag-venezuela"],"yoast_head":"<!-- This site is optimized with the Yoast SEO plugin v27.4 - https:\/\/yoast.com\/product\/yoast-seo-wordpress\/ -->\n<title>#Zulia | Maracaibo tendr\u00e1 Premio Municipal de Periodismo 2023<\/title>\n<meta name=\"robots\" content=\"index, follow, max-snippet:-1, max-image-preview:large, max-video-preview:-1\" \/>\n<link rel=\"canonical\" href=\"https:\/\/digital58.com.ve\/site\/2023\/05\/23\/zulia-maracaibo-tendra-premio-municipal-de-periodismo-2023\/\" \/>\n<meta property=\"og:locale\" content=\"es_ES\" \/>\n<meta property=\"og:type\" content=\"article\" \/>\n<meta property=\"og:title\" content=\"#Zulia | Maracaibo tendr\u00e1 Premio Municipal de Periodismo 2023\" \/>\n<meta property=\"og:url\" content=\"https:\/\/digital58.com.ve\/site\/2023\/05\/23\/zulia-maracaibo-tendra-premio-municipal-de-periodismo-2023\/\" \/>\n<meta property=\"og:site_name\" content=\"Noticias Digital58\" \/>\n<meta property=\"article:published_time\" content=\"2023-05-24T02:51:00+00:00\" \/>\n<meta property=\"og:image\" content=\"https:\/\/i0.wp.com\/digital58.com.ve\/site\/wp-content\/uploads\/2023\/05\/WhatsApp-Image-2023-05-23-at-2.27.52-PM.jpeg?fit=1280%2C718&ssl=1\" \/>\n\t<meta property=\"og:image:width\" content=\"1280\" \/>\n\t<meta property=\"og:image:height\" content=\"718\" \/>\n\t<meta property=\"og:image:type\" content=\"image\/jpeg\" \/>\n<meta name=\"author\" content=\"Villasmil Henry\" \/>\n<meta name=\"twitter:card\" content=\"summary_large_image\" \/>\n<meta name=\"twitter:creator\" content=\"@https:\/\/twitter.com\/villasmilhfoto\" \/>\n<meta name=\"twitter:site\" content=\"@villasmilhfoto\" \/>\n<meta name=\"twitter:label1\" content=\"Escrito por\" \/>\n\t<meta name=\"twitter:data1\" content=\"Villasmil Henry\" \/>\n\t<meta name=\"twitter:label2\" content=\"Tiempo estimado de lectura\" \/>\n\t<meta name=\"twitter:data2\" content=\"3 minutos\" \/>\n<script type=\"application\/ld+json\" class=\"yoast-schema-graph\">{\"@context\":\"https:\\\/\\\/schema.org\",\"@graph\":[{\"@type\":\"Article\",\"@id\":\"https:\\\/\\\/digital58.com.ve\\\/site\\\/2023\\\/05\\\/23\\\/zulia-maracaibo-tendra-premio-municipal-de-periodismo-2023\\\/#article\",\"isPartOf\":{\"@id\":\"https:\\\/\\\/digital58.com.ve\\\/site\\\/2023\\\/05\\\/23\\\/zulia-maracaibo-tendra-premio-municipal-de-periodismo-2023\\\/\"},\"author\":{\"name\":\"Villasmil Henry\",\"@id\":\"https:\\\/\\\/digital58.com.ve\\\/site\\\/#\\\/schema\\\/person\\\/64d1c2e4d0d4fd1b849980c4331c2951\"},\"headline\":\"#Zulia | Maracaibo tendr\u00e1 Premio Municipal de Periodismo 2023\",\"datePublished\":\"2023-05-24T02:51:00+00:00\",\"mainEntityOfPage\":{\"@id\":\"https:\\\/\\\/digital58.com.ve\\\/site\\\/2023\\\/05\\\/23\\\/zulia-maracaibo-tendra-premio-municipal-de-periodismo-2023\\\/\"},\"wordCount\":520,\"commentCount\":0,\"publisher\":{\"@id\":\"https:\\\/\\\/digital58.com.ve\\\/site\\\/#\\\/schema\\\/person\\\/64d1c2e4d0d4fd1b849980c4331c2951\"},\"image\":{\"@id\":\"https:\\\/\\\/digital58.com.ve\\\/site\\\/2023\\\/05\\\/23\\\/zulia-maracaibo-tendra-premio-municipal-de-periodismo-2023\\\/#primaryimage\"},\"thumbnailUrl\":\"https:\\\/\\\/digital58.com.ve\\\/site\\\/wp-content\\\/uploads\\\/2023\\\/05\\\/WhatsApp-Image-2023-05-23-at-2.27.52-PM.jpeg\",\"keywords\":[\"Alcald\u00eda de Maracaibo\",\"CNP\",\"Comunicadores Sociales\",\"Concejo Municipal\",\"Jos\u00e9 Berm\u00fadez\",\"Maracaibo\",\"Nacionales\",\"Premio Municipal de Periodismo Eduardo L\u00f3pez Rivas\",\"Regionales\",\"Venezuela\"],\"articleSection\":[\"Zulia\"],\"inLanguage\":\"es\",\"potentialAction\":[{\"@type\":\"CommentAction\",\"name\":\"Comment\",\"target\":[\"https:\\\/\\\/digital58.com.ve\\\/site\\\/2023\\\/05\\\/23\\\/zulia-maracaibo-tendra-premio-municipal-de-periodismo-2023\\\/#respond\"]}]},{\"@type\":\"WebPage\",\"@id\":\"https:\\\/\\\/digital58.com.ve\\\/site\\\/2023\\\/05\\\/23\\\/zulia-maracaibo-tendra-premio-municipal-de-periodismo-2023\\\/\",\"url\":\"https:\\\/\\\/digital58.com.ve\\\/site\\\/2023\\\/05\\\/23\\\/zulia-maracaibo-tendra-premio-municipal-de-periodismo-2023\\\/\",\"name\":\"#Zulia | Maracaibo tendr\u00e1 Premio Municipal de Periodismo 2023\",\"isPartOf\":{\"@id\":\"https:\\\/\\\/digital58.com.ve\\\/site\\\/#website\"},\"primaryImageOfPage\":{\"@id\":\"https:\\\/\\\/digital58.com.ve\\\/site\\\/2023\\\/05\\\/23\\\/zulia-maracaibo-tendra-premio-municipal-de-periodismo-2023\\\/#primaryimage\"},\"image\":{\"@id\":\"https:\\\/\\\/digital58.com.ve\\\/site\\\/2023\\\/05\\\/23\\\/zulia-maracaibo-tendra-premio-municipal-de-periodismo-2023\\\/#primaryimage\"},\"thumbnailUrl\":\"https:\\\/\\\/digital58.com.ve\\\/site\\\/wp-content\\\/uploads\\\/2023\\\/05\\\/WhatsApp-Image-2023-05-23-at-2.27.52-PM.jpeg\",\"datePublished\":\"2023-05-24T02:51:00+00:00\",\"breadcrumb\":{\"@id\":\"https:\\\/\\\/digital58.com.ve\\\/site\\\/2023\\\/05\\\/23\\\/zulia-maracaibo-tendra-premio-municipal-de-periodismo-2023\\\/#breadcrumb\"},\"inLanguage\":\"es\",\"potentialAction\":[{\"@type\":\"ReadAction\",\"target\":[\"https:\\\/\\\/digital58.com.ve\\\/site\\\/2023\\\/05\\\/23\\\/zulia-maracaibo-tendra-premio-municipal-de-periodismo-2023\\\/\"]}]},{\"@type\":\"ImageObject\",\"inLanguage\":\"es\",\"@id\":\"https:\\\/\\\/digital58.com.ve\\\/site\\\/2023\\\/05\\\/23\\\/zulia-maracaibo-tendra-premio-municipal-de-periodismo-2023\\\/#primaryimage\",\"url\":\"https:\\\/\\\/digital58.com.ve\\\/site\\\/wp-content\\\/uploads\\\/2023\\\/05\\\/WhatsApp-Image-2023-05-23-at-2.27.52-PM.jpeg\",\"contentUrl\":\"https:\\\/\\\/digital58.com.ve\\\/site\\\/wp-content\\\/uploads\\\/2023\\\/05\\\/WhatsApp-Image-2023-05-23-at-2.27.52-PM.jpeg\",\"width\":1280,\"height\":718},{\"@type\":\"BreadcrumbList\",\"@id\":\"https:\\\/\\\/digital58.com.ve\\\/site\\\/2023\\\/05\\\/23\\\/zulia-maracaibo-tendra-premio-municipal-de-periodismo-2023\\\/#breadcrumb\",\"itemListElement\":[{\"@type\":\"ListItem\",\"position\":1,\"name\":\"Home\",\"item\":\"https:\\\/\\\/digital58.com.ve\\\/site\\\/\"},{\"@type\":\"ListItem\",\"position\":2,\"name\":\"#Zulia | Maracaibo tendr\u00e1 Premio Municipal de Periodismo 2023\"}]},{\"@type\":\"WebSite\",\"@id\":\"https:\\\/\\\/digital58.com.ve\\\/site\\\/#website\",\"url\":\"https:\\\/\\\/digital58.com.ve\\\/site\\\/\",\"name\":\"Noticias Digital58\",\"description\":\"Portal de Noticias \u00a1Periodismo web de verdad! Lanzamiento web 22.11.2005 \\\/ Maracaibo, Venezuela\",\"publisher\":{\"@id\":\"https:\\\/\\\/digital58.com.ve\\\/site\\\/#\\\/schema\\\/person\\\/64d1c2e4d0d4fd1b849980c4331c2951\"},\"alternateName\":\"ND58\",\"potentialAction\":[{\"@type\":\"SearchAction\",\"target\":{\"@type\":\"EntryPoint\",\"urlTemplate\":\"https:\\\/\\\/digital58.com.ve\\\/site\\\/?s={search_term_string}\"},\"query-input\":{\"@type\":\"PropertyValueSpecification\",\"valueRequired\":true,\"valueName\":\"search_term_string\"}}],\"inLanguage\":\"es\"},{\"@type\":[\"Person\",\"Organization\"],\"@id\":\"https:\\\/\\\/digital58.com.ve\\\/site\\\/#\\\/schema\\\/person\\\/64d1c2e4d0d4fd1b849980c4331c2951\",\"name\":\"Villasmil Henry\",\"image\":{\"@type\":\"ImageObject\",\"inLanguage\":\"es\",\"@id\":\"https:\\\/\\\/secure.gravatar.com\\\/avatar\\\/bb0c4a2fcb7970138239f7e404ea75757b1b507b28b5ce4c53fbd62d797c5a7c?s=96&d=mm&r=g\",\"url\":\"https:\\\/\\\/secure.gravatar.com\\\/avatar\\\/bb0c4a2fcb7970138239f7e404ea75757b1b507b28b5ce4c53fbd62d797c5a7c?s=96&d=mm&r=g\",\"contentUrl\":\"https:\\\/\\\/secure.gravatar.com\\\/avatar\\\/bb0c4a2fcb7970138239f7e404ea75757b1b507b28b5ce4c53fbd62d797c5a7c?s=96&d=mm&r=g\",\"caption\":\"Villasmil Henry\"},\"logo\":{\"@id\":\"https:\\\/\\\/secure.gravatar.com\\\/avatar\\\/bb0c4a2fcb7970138239f7e404ea75757b1b507b28b5ce4c53fbd62d797c5a7c?s=96&d=mm&r=g\"},\"sameAs\":[\"http:\\\/\\\/www.henryvillasmil.com.ve\",\"https:\\\/\\\/www.instagram.com\\\/villasmilhfoto\\\/\",\"https:\\\/\\\/x.com\\\/https:\\\/\\\/twitter.com\\\/villasmilhfoto\"],\"url\":\"https:\\\/\\\/digital58.com.ve\\\/site\\\/author\\\/droopy_68\\\/\"}]}<\/script>\n<!-- \/ Yoast SEO plugin. -->","yoast_head_json":{"title":"#Zulia | Maracaibo tendr\u00e1 Premio Municipal de Periodismo 2023","robots":{"index":"index","follow":"follow","max-snippet":"max-snippet:-1","max-image-preview":"max-image-preview:large","max-video-preview":"max-video-preview:-1"},"canonical":"https:\/\/digital58.com.ve\/site\/2023\/05\/23\/zulia-maracaibo-tendra-premio-municipal-de-periodismo-2023\/","og_locale":"es_ES","og_type":"article","og_title":"#Zulia | Maracaibo tendr\u00e1 Premio Municipal de Periodismo 2023","og_url":"https:\/\/digital58.com.ve\/site\/2023\/05\/23\/zulia-maracaibo-tendra-premio-municipal-de-periodismo-2023\/","og_site_name":"Noticias Digital58","article_published_time":"2023-05-24T02:51:00+00:00","og_image":[{"width":1280,"height":718,"url":"https:\/\/i0.wp.com\/digital58.com.ve\/site\/wp-content\/uploads\/2023\/05\/WhatsApp-Image-2023-05-23-at-2.27.52-PM.jpeg?fit=1280%2C718&ssl=1","type":"image\/jpeg"}],"author":"Villasmil Henry","twitter_card":"summary_large_image","twitter_creator":"@https:\/\/twitter.com\/villasmilhfoto","twitter_site":"@villasmilhfoto","twitter_misc":{"Escrito por":"Villasmil Henry","Tiempo estimado de lectura":"3 minutos"},"schema":{"@context":"https:\/\/schema.org","@graph":[{"@type":"Article","@id":"https:\/\/digital58.com.ve\/site\/2023\/05\/23\/zulia-maracaibo-tendra-premio-municipal-de-periodismo-2023\/#article","isPartOf":{"@id":"https:\/\/digital58.com.ve\/site\/2023\/05\/23\/zulia-maracaibo-tendra-premio-municipal-de-periodismo-2023\/"},"author":{"name":"Villasmil Henry","@id":"https:\/\/digital58.com.ve\/site\/#\/schema\/person\/64d1c2e4d0d4fd1b849980c4331c2951"},"headline":"#Zulia | Maracaibo tendr\u00e1 Premio Municipal de Periodismo 2023","datePublished":"2023-05-24T02:51:00+00:00","mainEntityOfPage":{"@id":"https:\/\/digital58.com.ve\/site\/2023\/05\/23\/zulia-maracaibo-tendra-premio-municipal-de-periodismo-2023\/"},"wordCount":520,"commentCount":0,"publisher":{"@id":"https:\/\/digital58.com.ve\/site\/#\/schema\/person\/64d1c2e4d0d4fd1b849980c4331c2951"},"image":{"@id":"https:\/\/digital58.com.ve\/site\/2023\/05\/23\/zulia-maracaibo-tendra-premio-municipal-de-periodismo-2023\/#primaryimage"},"thumbnailUrl":"https:\/\/digital58.com.ve\/site\/wp-content\/uploads\/2023\/05\/WhatsApp-Image-2023-05-23-at-2.27.52-PM.jpeg","keywords":["Alcald\u00eda de Maracaibo","CNP","Comunicadores Sociales","Concejo Municipal","Jos\u00e9 Berm\u00fadez","Maracaibo","Nacionales","Premio Municipal de Periodismo Eduardo L\u00f3pez Rivas","Regionales","Venezuela"],"articleSection":["Zulia"],"inLanguage":"es","potentialAction":[{"@type":"CommentAction","name":"Comment","target":["https:\/\/digital58.com.ve\/site\/2023\/05\/23\/zulia-maracaibo-tendra-premio-municipal-de-periodismo-2023\/#respond"]}]},{"@type":"WebPage","@id":"https:\/\/digital58.com.ve\/site\/2023\/05\/23\/zulia-maracaibo-tendra-premio-municipal-de-periodismo-2023\/","url":"https:\/\/digital58.com.ve\/site\/2023\/05\/23\/zulia-maracaibo-tendra-premio-municipal-de-periodismo-2023\/","name":"#Zulia | Maracaibo tendr\u00e1 Premio Municipal de Periodismo 2023","isPartOf":{"@id":"https:\/\/digital58.com.ve\/site\/#website"},"primaryImageOfPage":{"@id":"https:\/\/digital58.com.ve\/site\/2023\/05\/23\/zulia-maracaibo-tendra-premio-municipal-de-periodismo-2023\/#primaryimage"},"image":{"@id":"https:\/\/digital58.com.ve\/site\/2023\/05\/23\/zulia-maracaibo-tendra-premio-municipal-de-periodismo-2023\/#primaryimage"},"thumbnailUrl":"https:\/\/digital58.com.ve\/site\/wp-content\/uploads\/2023\/05\/WhatsApp-Image-2023-05-23-at-2.27.52-PM.jpeg","datePublished":"2023-05-24T02:51:00+00:00","breadcrumb":{"@id":"https:\/\/digital58.com.ve\/site\/2023\/05\/23\/zulia-maracaibo-tendra-premio-municipal-de-periodismo-2023\/#breadcrumb"},"inLanguage":"es","potentialAction":[{"@type":"ReadAction","target":["https:\/\/digital58.com.ve\/site\/2023\/05\/23\/zulia-maracaibo-tendra-premio-municipal-de-periodismo-2023\/"]}]},{"@type":"ImageObject","inLanguage":"es","@id":"https:\/\/digital58.com.ve\/site\/2023\/05\/23\/zulia-maracaibo-tendra-premio-municipal-de-periodismo-2023\/#primaryimage","url":"https:\/\/digital58.com.ve\/site\/wp-content\/uploads\/2023\/05\/WhatsApp-Image-2023-05-23-at-2.27.52-PM.jpeg","contentUrl":"https:\/\/digital58.com.ve\/site\/wp-content\/uploads\/2023\/05\/WhatsApp-Image-2023-05-23-at-2.27.52-PM.jpeg","width":1280,"height":718},{"@type":"BreadcrumbList","@id":"https:\/\/digital58.com.ve\/site\/2023\/05\/23\/zulia-maracaibo-tendra-premio-municipal-de-periodismo-2023\/#breadcrumb","itemListElement":[{"@type":"ListItem","position":1,"name":"Home","item":"https:\/\/digital58.com.ve\/site\/"},{"@type":"ListItem","position":2,"name":"#Zulia | Maracaibo tendr\u00e1 Premio Municipal de Periodismo 2023"}]},{"@type":"WebSite","@id":"https:\/\/digital58.com.ve\/site\/#website","url":"https:\/\/digital58.com.ve\/site\/","name":"Noticias Digital58","description":"Portal de Noticias \u00a1Periodismo web de verdad! Lanzamiento web 22.11.2005 \/ Maracaibo, Venezuela","publisher":{"@id":"https:\/\/digital58.com.ve\/site\/#\/schema\/person\/64d1c2e4d0d4fd1b849980c4331c2951"},"alternateName":"ND58","potentialAction":[{"@type":"SearchAction","target":{"@type":"EntryPoint","urlTemplate":"https:\/\/digital58.com.ve\/site\/?s={search_term_string}"},"query-input":{"@type":"PropertyValueSpecification","valueRequired":true,"valueName":"search_term_string"}}],"inLanguage":"es"},{"@type":["Person","Organization"],"@id":"https:\/\/digital58.com.ve\/site\/#\/schema\/person\/64d1c2e4d0d4fd1b849980c4331c2951","name":"Villasmil Henry","image":{"@type":"ImageObject","inLanguage":"es","@id":"https:\/\/secure.gravatar.com\/avatar\/bb0c4a2fcb7970138239f7e404ea75757b1b507b28b5ce4c53fbd62d797c5a7c?s=96&d=mm&r=g","url":"https:\/\/secure.gravatar.com\/avatar\/bb0c4a2fcb7970138239f7e404ea75757b1b507b28b5ce4c53fbd62d797c5a7c?s=96&d=mm&r=g","contentUrl":"https:\/\/secure.gravatar.com\/avatar\/bb0c4a2fcb7970138239f7e404ea75757b1b507b28b5ce4c53fbd62d797c5a7c?s=96&d=mm&r=g","caption":"Villasmil Henry"},"logo":{"@id":"https:\/\/secure.gravatar.com\/avatar\/bb0c4a2fcb7970138239f7e404ea75757b1b507b28b5ce4c53fbd62d797c5a7c?s=96&d=mm&r=g"},"sameAs":["http:\/\/www.henryvillasmil.com.ve","https:\/\/www.instagram.com\/villasmilhfoto\/","https:\/\/x.com\/https:\/\/twitter.com\/villasmilhfoto"],"url":"https:\/\/digital58.com.ve\/site\/author\/droopy_68\/"}]}},"uagb_featured_image_src":{"full":["https:\/\/digital58.com.ve\/site\/wp-content\/uploads\/2023\/05\/WhatsApp-Image-2023-05-23-at-2.27.52-PM.jpeg",1280,718,false],"thumbnail":["https:\/\/digital58.com.ve\/site\/wp-content\/uploads\/2023\/05\/WhatsApp-Image-2023-05-23-at-2.27.52-PM-150x150.jpeg",150,150,true],"medium":["https:\/\/digital58.com.ve\/site\/wp-content\/uploads\/2023\/05\/WhatsApp-Image-2023-05-23-at-2.27.52-PM-300x168.jpeg",300,168,true],"medium_large":["https:\/\/digital58.com.ve\/site\/wp-content\/uploads\/2023\/05\/WhatsApp-Image-2023-05-23-at-2.27.52-PM-768x431.jpeg",768,431,true],"large":["https:\/\/digital58.com.ve\/site\/wp-content\/uploads\/2023\/05\/WhatsApp-Image-2023-05-23-at-2.27.52-PM-1000x561.jpeg",800,449,true],"1536x1536":["https:\/\/digital58.com.ve\/site\/wp-content\/uploads\/2023\/05\/WhatsApp-Image-2023-05-23-at-2.27.52-PM.jpeg",1280,718,false],"2048x2048":["https:\/\/digital58.com.ve\/site\/wp-content\/uploads\/2023\/05\/WhatsApp-Image-2023-05-23-at-2.27.52-PM.jpeg",1280,718,false],"colormag-highlighted-post":["https:\/\/digital58.com.ve\/site\/wp-content\/uploads\/2023\/05\/WhatsApp-Image-2023-05-23-at-2.27.52-PM-392x272.jpeg",392,272,true],"colormag-featured-post-medium":["https:\/\/digital58.com.ve\/site\/wp-content\/uploads\/2023\/05\/WhatsApp-Image-2023-05-23-at-2.27.52-PM-390x205.jpeg",390,205,true],"colormag-featured-post-small":["https:\/\/digital58.com.ve\/site\/wp-content\/uploads\/2023\/05\/WhatsApp-Image-2023-05-23-at-2.27.52-PM-130x90.jpeg",130,90,true],"colormag-featured-image":["https:\/\/digital58.com.ve\/site\/wp-content\/uploads\/2023\/05\/WhatsApp-Image-2023-05-23-at-2.27.52-PM-800x445.jpeg",800,445,true],"colormag-default-news":["https:\/\/digital58.com.ve\/site\/wp-content\/uploads\/2023\/05\/WhatsApp-Image-2023-05-23-at-2.27.52-PM.jpeg",150,84,false],"colormag-featured-image-large":["https:\/\/digital58.com.ve\/site\/wp-content\/uploads\/2023\/05\/WhatsApp-Image-2023-05-23-at-2.27.52-PM.jpeg",1070,600,false]},"uagb_author_info":{"display_name":"Villasmil Henry","author_link":"https:\/\/digital58.com.ve\/site\/author\/droopy_68\/"},"uagb_comment_info":0,"uagb_excerpt":"Los Comunicadores Sociales de la capital zuliana podr\u00e1n postular sus trabajos a cualquiera de las seis categor\u00edas del Premio Municipal","_links":{"self":[{"href":"https:\/\/digital58.com.ve\/site\/wp-json\/wp\/v2\/posts\/166537","targetHints":{"allow":["GET"]}}],"collection":[{"href":"https:\/\/digital58.com.ve\/site\/wp-json\/wp\/v2\/posts"}],"about":[{"href":"https:\/\/digital58.com.ve\/site\/wp-json\/wp\/v2\/types\/post"}],"author":[{"embeddable":true,"href":"https:\/\/digital58.com.ve\/site\/wp-json\/wp\/v2\/users\/1"}],"replies":[{"embeddable":true,"href":"https:\/\/digital58.com.ve\/site\/wp-json\/wp\/v2\/comments?post=166537"}],"version-history":[{"count":2,"href":"https:\/\/digital58.com.ve\/site\/wp-json\/wp\/v2\/posts\/166537\/revisions"}],"predecessor-version":[{"id":166553,"href":"https:\/\/digital58.com.ve\/site\/wp-json\/wp\/v2\/posts\/166537\/revisions\/166553"}],"wp:featuredmedia":[{"embeddable":true,"href":"https:\/\/digital58.com.ve\/site\/wp-json\/wp\/v2\/media\/166550"}],"wp:attachment":[{"href":"https:\/\/digital58.com.ve\/site\/wp-json\/wp\/v2\/media?parent=166537"}],"wp:term":[{"taxonomy":"category","embeddable":true,"href":"https:\/\/digital58.com.ve\/site\/wp-json\/wp\/v2\/categories?post=166537"},{"taxonomy":"post_tag","embeddable":true,"href":"https:\/\/digital58.com.ve\/site\/wp-json\/wp\/v2\/tags?post=166537"}],"curies":[{"name":"wp","href":"https:\/\/api.w.org\/{rel}","templated":true}]}}