{"id":166652,"date":"2023-05-25T16:13:44","date_gmt":"2023-05-25T20:13:44","guid":{"rendered":"https:\/\/digital58.com.ve\/site\/?p=166652"},"modified":"2023-05-25T16:41:24","modified_gmt":"2023-05-25T20:41:24","slug":"papa-francisco-sobre-pornografia-por-falta-de-educacion-sexual-se-termina-en-la-comercializacion-del-amor","status":"publish","type":"post","link":"https:\/\/digital58.com.ve\/site\/2023\/05\/25\/papa-francisco-sobre-pornografia-por-falta-de-educacion-sexual-se-termina-en-la-comercializacion-del-amor\/","title":{"rendered":"Papa Francisco sobre pornograf\u00eda: \u00abPor falta de educaci\u00f3n sexual se termina en la comercializaci\u00f3n del amor\u00bb"},"content":{"rendered":"<p><img loading=\"lazy\" decoding=\"async\" class=\"size-large wp-image-166653 aligncenter\" src=\"https:\/\/digital58.com.ve\/site\/wp-content\/uploads\/2023\/05\/16802436233796-1000x666.jpeg\" alt=\"\" width=\"800\" height=\"533\" \/><\/p>\n<p>El papa Francisco se\u00f1al\u00f3 la falta de educaci\u00f3n sexual como un problema para los j\u00f3venes y afirm\u00f3 que la pornograf\u00eda es \u00abla comercializaci\u00f3n m\u00e1s burda del amor\u00bb, durante un la clausura del primer Congreso Mundial de \u00abEcociudades Educativas\u00bb.<\/p>\n<p><strong>Ciudad del Vaticano, 25 de mayo de 2023 (ND58).-<\/strong> \u00abLa pornograf\u00eda es, en este momento, la comercializaci\u00f3n m\u00e1s burda del amor\u00bb, afirm\u00f3 el pont\u00edfice tras indicar que la educaci\u00f3n \u00abes un deber de la sociedad y de los padres\u00bb, que entre sus cometidos han de preparar a los m\u00e1s j\u00f3venes para que sepan \u00abqu\u00e9 es el amor en la vida\u00bb.<\/p>\n<p>\u00abPor falta de educaci\u00f3n sexual se termina en la comercializaci\u00f3n del amor. El amor no es para comercializar y los chicos (j\u00f3venes) no deben ser usados\u00bb, dijo Francisco al responder a una pregunta formulada por uno de los participantes de la organizaci\u00f3n Scholas desde Puerto Vallarta (M\u00e9xico) sobre la violencia sexual y el sistema educativo.<\/p>\n<p>El pont\u00edfice dialog\u00f3 desde Roma, mediante videoconferencia, con j\u00f3venes de Argentina, Estados Unidos, M\u00e9xico y la Amazon\u00eda colombiana. Adem\u00e1s de un grupo de una residencia de Espa\u00f1a en la que ancianos reciben las visitas regulares de estudiantes.<\/p>\n<p>Cada uno de los participantes expuso al papa sus dudas sobre el futuro de la sociedad, para recibir su consejo. Aunque en el evento el pont\u00edfice tambi\u00e9n confirm\u00f3 su intenci\u00f3n de viajar a Argentina, su pa\u00eds natal, el pr\u00f3ximo a\u00f1o.<\/p>\n<p><strong>Sobre la convivencia entre ancianos y j\u00f3venes, el argentino subray\u00f3 que es necesaria para que una sociedad \u00absobreviva\u00bb.<\/strong><\/p>\n<p>El papa habla sobre la violencia en Estados Unidos<br \/>\n\u00abUna sociedad se echa a perder cuando se pierde la uni\u00f3n de la ra\u00edz con el tronco, si no nos unimos con las ra\u00edces, si no recibimos la savia de all\u00ed, nos secamos\u00bb, sostuvo antes de alertar que en \u00abalgunos sectores de la sociedad se esconde a los viejos\u00bb.<\/p>\n<p>\u00abEl anciano no debe estar guardado, y ellos tambi\u00e9n deben aprender de los j\u00f3venes, de su ilusi\u00f3n\u00bb, a\u00f1adi\u00f3 al dirigirse a los participantes del programa \u00abEstar Juntos\u00bb, que une a varias generaciones en la Residencia Claret de Granada (Espa\u00f1a).<\/p>\n<p><strong>Durante el evento, a Francisco tambi\u00e9n se le consult\u00f3 sobre la violencia en Estados Unidos, una \u00abcrisis\u00bb sobre la que asegur\u00f3 que solo ser\u00e1 posible salir \u00abjuntos\u00bb.<\/strong><\/p>\n<p>\u00abDe una crisis no se sale igual, se sale mejor o peor. Hay que jug\u00e1rsela para tratar de salir mejor\u00bb, dijo. Y mencion\u00f3 que \u00ablamentablemente algunas medidas que se toman contra la crisis no ayudan\u00bb sin hacer m\u00e1s referencias pol\u00edticas.<\/p>\n<p>El acto sirvi\u00f3 tambi\u00e9n como clausura del primer Congreso Mundial de \u00abEcociudades Educativas\u00bb, organizado por la Fundaci\u00f3n Pontificia Scholas Occurrentes y del Banco de Desarrollo de Am\u00e9rica Latina (CAF) y en el que 50 alcaldes de ciudades iberoamericanas discutieron esta semana sobre el desarrollo sostenible.<\/p>\n<p>Scholas Occurrentes es una organizaci\u00f3n Internacional de Derecho Pontificio creada por decreto del papa Francisco, que est\u00e1 presente en 190 pa\u00edses y que a trav\u00e9s de su red integra a m\u00e1s de medio mill\u00f3n de escuelas y redes educativas.<\/p><div class=\"yiurk69edf0ab82b14\" ><p style=\"text-align: center;\"><a href=\"https:\/\/t.me\/noticiasdigital58\" target=\"_blank\" rel=\"noopener\"><img class=\"aligncenter size-full wp-image-125363\" src=\"https:\/\/digital58.com.ve\/site\/wp-content\/uploads\/2021\/04\/banner-telegram-web-2021.png\" alt=\"\" width=\"600\" height=\"90\" \/><\/a><\/p><\/div><style type=\"text\/css\">\r\n@media screen and (min-width: 1201px) {\r\n.yiurk69edf0ab82b14 {\r\ndisplay: block;\r\n}\r\n}\r\n@media screen and (min-width: 993px) and (max-width: 1200px) {\r\n.yiurk69edf0ab82b14 {\r\ndisplay: block;\r\n}\r\n}\r\n@media screen and (min-width: 769px) and (max-width: 992px) {\r\n.yiurk69edf0ab82b14 {\r\ndisplay: block;\r\n}\r\n}\r\n@media screen and (min-width: 768px) and (max-width: 768px) {\r\n.yiurk69edf0ab82b14 {\r\ndisplay: block;\r\n}\r\n}\r\n@media screen and (max-width: 767px) {\r\n.yiurk69edf0ab82b14 {\r\ndisplay: block;\r\n}\r\n}\r\n<\/style>\r\n\n<p class=\"p1\"><b>Redacci\u00f3n ND58 |EFE<\/b><br \/>\n<b>Edici\u00f3n: \u00c1\u00f1ez, Caren\u00a0<\/b><br \/>\n<b>Gr\u00e1fica: Cortes\u00eda <\/b><\/p>\n<div style=\"margin-top: 0px; margin-bottom: 0px;\" class=\"sharethis-inline-share-buttons\" ><\/div>","protected":false},"excerpt":{"rendered":"<p>El papa Francisco se\u00f1al\u00f3 la falta de educaci\u00f3n sexual como un problema para los j\u00f3venes y afirm\u00f3 que la pornograf\u00eda<\/p>\n","protected":false},"author":39,"featured_media":166653,"comment_status":"open","ping_status":"closed","sticky":false,"template":"","format":"standard","meta":{"colormag_page_container_layout":"default_layout","colormag_page_sidebar_layout":"default_layout","_uag_custom_page_level_css":"","footnotes":""},"categories":[16451],"tags":[11086,31526,8788,1692,31525,8],"class_list":["post-166652","post","type-post","status-publish","format-standard","has-post-thumbnail","hentry","category-mundo","tag-ciudad-del-vaticano","tag-congreso-mundial-de-ecociudades-educativas","tag-el-papa-francisco","tag-iglesia-catolica","tag-internacional-de-derecho-pontificio","tag-internacionales"],"yoast_head":"<!-- This site is optimized with the Yoast SEO plugin v27.4 - https:\/\/yoast.com\/product\/yoast-seo-wordpress\/ -->\n<title>Papa Francisco sobre pornograf\u00eda: \u00abPor falta de educaci\u00f3n sexual se termina en la comercializaci\u00f3n del amor\u00bb<\/title>\n<meta name=\"robots\" content=\"index, follow, max-snippet:-1, max-image-preview:large, max-video-preview:-1\" \/>\n<link rel=\"canonical\" href=\"https:\/\/digital58.com.ve\/site\/2023\/05\/25\/papa-francisco-sobre-pornografia-por-falta-de-educacion-sexual-se-termina-en-la-comercializacion-del-amor\/\" \/>\n<meta property=\"og:locale\" content=\"es_ES\" \/>\n<meta property=\"og:type\" content=\"article\" \/>\n<meta property=\"og:title\" content=\"Papa Francisco sobre pornograf\u00eda: \u00abPor falta de educaci\u00f3n sexual se termina en la comercializaci\u00f3n del amor\u00bb\" \/>\n<meta property=\"og:url\" content=\"https:\/\/digital58.com.ve\/site\/2023\/05\/25\/papa-francisco-sobre-pornografia-por-falta-de-educacion-sexual-se-termina-en-la-comercializacion-del-amor\/\" \/>\n<meta property=\"og:site_name\" content=\"Noticias Digital58\" \/>\n<meta property=\"article:published_time\" content=\"2023-05-25T20:13:44+00:00\" \/>\n<meta property=\"article:modified_time\" content=\"2023-05-25T20:41:24+00:00\" \/>\n<meta property=\"og:image\" content=\"https:\/\/i0.wp.com\/digital58.com.ve\/site\/wp-content\/uploads\/2023\/05\/16802436233796-scaled-e1685045600451.jpeg?fit=800%2C533&ssl=1\" \/>\n\t<meta property=\"og:image:width\" content=\"800\" \/>\n\t<meta property=\"og:image:height\" content=\"533\" \/>\n\t<meta property=\"og:image:type\" content=\"image\/jpeg\" \/>\n<meta name=\"author\" content=\"Caren A\u00f1ez\" \/>\n<meta name=\"twitter:card\" content=\"summary_large_image\" \/>\n<meta name=\"twitter:creator\" content=\"@carenanez\" \/>\n<meta name=\"twitter:site\" content=\"@villasmilhfoto\" \/>\n<meta name=\"twitter:label1\" content=\"Escrito por\" \/>\n\t<meta name=\"twitter:data1\" content=\"Caren A\u00f1ez\" \/>\n\t<meta name=\"twitter:label2\" content=\"Tiempo estimado de lectura\" \/>\n\t<meta name=\"twitter:data2\" content=\"3 minutos\" \/>\n<script type=\"application\/ld+json\" class=\"yoast-schema-graph\">{\"@context\":\"https:\\\/\\\/schema.org\",\"@graph\":[{\"@type\":\"Article\",\"@id\":\"https:\\\/\\\/digital58.com.ve\\\/site\\\/2023\\\/05\\\/25\\\/papa-francisco-sobre-pornografia-por-falta-de-educacion-sexual-se-termina-en-la-comercializacion-del-amor\\\/#article\",\"isPartOf\":{\"@id\":\"https:\\\/\\\/digital58.com.ve\\\/site\\\/2023\\\/05\\\/25\\\/papa-francisco-sobre-pornografia-por-falta-de-educacion-sexual-se-termina-en-la-comercializacion-del-amor\\\/\"},\"author\":{\"name\":\"Caren A\u00f1ez\",\"@id\":\"https:\\\/\\\/digital58.com.ve\\\/site\\\/#\\\/schema\\\/person\\\/38596b127602deaa13fbcd7585635238\"},\"headline\":\"Papa Francisco sobre pornograf\u00eda: \u00abPor falta de educaci\u00f3n sexual se termina en la comercializaci\u00f3n del amor\u00bb\",\"datePublished\":\"2023-05-25T20:13:44+00:00\",\"dateModified\":\"2023-05-25T20:41:24+00:00\",\"mainEntityOfPage\":{\"@id\":\"https:\\\/\\\/digital58.com.ve\\\/site\\\/2023\\\/05\\\/25\\\/papa-francisco-sobre-pornografia-por-falta-de-educacion-sexual-se-termina-en-la-comercializacion-del-amor\\\/\"},\"wordCount\":575,\"commentCount\":0,\"publisher\":{\"@id\":\"https:\\\/\\\/digital58.com.ve\\\/site\\\/#\\\/schema\\\/person\\\/64d1c2e4d0d4fd1b849980c4331c2951\"},\"image\":{\"@id\":\"https:\\\/\\\/digital58.com.ve\\\/site\\\/2023\\\/05\\\/25\\\/papa-francisco-sobre-pornografia-por-falta-de-educacion-sexual-se-termina-en-la-comercializacion-del-amor\\\/#primaryimage\"},\"thumbnailUrl\":\"https:\\\/\\\/digital58.com.ve\\\/site\\\/wp-content\\\/uploads\\\/2023\\\/05\\\/16802436233796-scaled-e1685045600451.jpeg\",\"keywords\":[\"Ciudad del Vaticano\",\"Congreso Mundial de \u00abEcociudades Educativas\u00bb\",\"El Papa Francisco\",\"Iglesia Cat\u00f3lica\",\"Internacional de Derecho Pontificio\",\"Internacionales\"],\"articleSection\":[\"Mundo\"],\"inLanguage\":\"es\",\"potentialAction\":[{\"@type\":\"CommentAction\",\"name\":\"Comment\",\"target\":[\"https:\\\/\\\/digital58.com.ve\\\/site\\\/2023\\\/05\\\/25\\\/papa-francisco-sobre-pornografia-por-falta-de-educacion-sexual-se-termina-en-la-comercializacion-del-amor\\\/#respond\"]}]},{\"@type\":\"WebPage\",\"@id\":\"https:\\\/\\\/digital58.com.ve\\\/site\\\/2023\\\/05\\\/25\\\/papa-francisco-sobre-pornografia-por-falta-de-educacion-sexual-se-termina-en-la-comercializacion-del-amor\\\/\",\"url\":\"https:\\\/\\\/digital58.com.ve\\\/site\\\/2023\\\/05\\\/25\\\/papa-francisco-sobre-pornografia-por-falta-de-educacion-sexual-se-termina-en-la-comercializacion-del-amor\\\/\",\"name\":\"Papa Francisco sobre pornograf\u00eda: \u00abPor falta de educaci\u00f3n sexual se termina en la comercializaci\u00f3n del amor\u00bb\",\"isPartOf\":{\"@id\":\"https:\\\/\\\/digital58.com.ve\\\/site\\\/#website\"},\"primaryImageOfPage\":{\"@id\":\"https:\\\/\\\/digital58.com.ve\\\/site\\\/2023\\\/05\\\/25\\\/papa-francisco-sobre-pornografia-por-falta-de-educacion-sexual-se-termina-en-la-comercializacion-del-amor\\\/#primaryimage\"},\"image\":{\"@id\":\"https:\\\/\\\/digital58.com.ve\\\/site\\\/2023\\\/05\\\/25\\\/papa-francisco-sobre-pornografia-por-falta-de-educacion-sexual-se-termina-en-la-comercializacion-del-amor\\\/#primaryimage\"},\"thumbnailUrl\":\"https:\\\/\\\/digital58.com.ve\\\/site\\\/wp-content\\\/uploads\\\/2023\\\/05\\\/16802436233796-scaled-e1685045600451.jpeg\",\"datePublished\":\"2023-05-25T20:13:44+00:00\",\"dateModified\":\"2023-05-25T20:41:24+00:00\",\"breadcrumb\":{\"@id\":\"https:\\\/\\\/digital58.com.ve\\\/site\\\/2023\\\/05\\\/25\\\/papa-francisco-sobre-pornografia-por-falta-de-educacion-sexual-se-termina-en-la-comercializacion-del-amor\\\/#breadcrumb\"},\"inLanguage\":\"es\",\"potentialAction\":[{\"@type\":\"ReadAction\",\"target\":[\"https:\\\/\\\/digital58.com.ve\\\/site\\\/2023\\\/05\\\/25\\\/papa-francisco-sobre-pornografia-por-falta-de-educacion-sexual-se-termina-en-la-comercializacion-del-amor\\\/\"]}]},{\"@type\":\"ImageObject\",\"inLanguage\":\"es\",\"@id\":\"https:\\\/\\\/digital58.com.ve\\\/site\\\/2023\\\/05\\\/25\\\/papa-francisco-sobre-pornografia-por-falta-de-educacion-sexual-se-termina-en-la-comercializacion-del-amor\\\/#primaryimage\",\"url\":\"https:\\\/\\\/digital58.com.ve\\\/site\\\/wp-content\\\/uploads\\\/2023\\\/05\\\/16802436233796-scaled-e1685045600451.jpeg\",\"contentUrl\":\"https:\\\/\\\/digital58.com.ve\\\/site\\\/wp-content\\\/uploads\\\/2023\\\/05\\\/16802436233796-scaled-e1685045600451.jpeg\",\"width\":800,\"height\":533},{\"@type\":\"BreadcrumbList\",\"@id\":\"https:\\\/\\\/digital58.com.ve\\\/site\\\/2023\\\/05\\\/25\\\/papa-francisco-sobre-pornografia-por-falta-de-educacion-sexual-se-termina-en-la-comercializacion-del-amor\\\/#breadcrumb\",\"itemListElement\":[{\"@type\":\"ListItem\",\"position\":1,\"name\":\"Home\",\"item\":\"https:\\\/\\\/digital58.com.ve\\\/site\\\/\"},{\"@type\":\"ListItem\",\"position\":2,\"name\":\"Papa Francisco sobre pornograf\u00eda: \u00abPor falta de educaci\u00f3n sexual se termina en la comercializaci\u00f3n del amor\u00bb\"}]},{\"@type\":\"WebSite\",\"@id\":\"https:\\\/\\\/digital58.com.ve\\\/site\\\/#website\",\"url\":\"https:\\\/\\\/digital58.com.ve\\\/site\\\/\",\"name\":\"Noticias Digital58\",\"description\":\"Portal de Noticias \u00a1Periodismo web de verdad! Lanzamiento web 22.11.2005 \\\/ Maracaibo, Venezuela\",\"publisher\":{\"@id\":\"https:\\\/\\\/digital58.com.ve\\\/site\\\/#\\\/schema\\\/person\\\/64d1c2e4d0d4fd1b849980c4331c2951\"},\"alternateName\":\"ND58\",\"potentialAction\":[{\"@type\":\"SearchAction\",\"target\":{\"@type\":\"EntryPoint\",\"urlTemplate\":\"https:\\\/\\\/digital58.com.ve\\\/site\\\/?s={search_term_string}\"},\"query-input\":{\"@type\":\"PropertyValueSpecification\",\"valueRequired\":true,\"valueName\":\"search_term_string\"}}],\"inLanguage\":\"es\"},{\"@type\":[\"Person\",\"Organization\"],\"@id\":\"https:\\\/\\\/digital58.com.ve\\\/site\\\/#\\\/schema\\\/person\\\/64d1c2e4d0d4fd1b849980c4331c2951\",\"name\":\"Villasmil Henry\",\"image\":{\"@type\":\"ImageObject\",\"inLanguage\":\"es\",\"@id\":\"https:\\\/\\\/secure.gravatar.com\\\/avatar\\\/bb0c4a2fcb7970138239f7e404ea75757b1b507b28b5ce4c53fbd62d797c5a7c?s=96&d=mm&r=g\",\"url\":\"https:\\\/\\\/secure.gravatar.com\\\/avatar\\\/bb0c4a2fcb7970138239f7e404ea75757b1b507b28b5ce4c53fbd62d797c5a7c?s=96&d=mm&r=g\",\"contentUrl\":\"https:\\\/\\\/secure.gravatar.com\\\/avatar\\\/bb0c4a2fcb7970138239f7e404ea75757b1b507b28b5ce4c53fbd62d797c5a7c?s=96&d=mm&r=g\",\"caption\":\"Villasmil Henry\"},\"logo\":{\"@id\":\"https:\\\/\\\/secure.gravatar.com\\\/avatar\\\/bb0c4a2fcb7970138239f7e404ea75757b1b507b28b5ce4c53fbd62d797c5a7c?s=96&d=mm&r=g\"},\"sameAs\":[\"http:\\\/\\\/www.henryvillasmil.com.ve\",\"https:\\\/\\\/www.instagram.com\\\/villasmilhfoto\\\/\",\"https:\\\/\\\/x.com\\\/https:\\\/\\\/twitter.com\\\/villasmilhfoto\"]},{\"@type\":\"Person\",\"@id\":\"https:\\\/\\\/digital58.com.ve\\\/site\\\/#\\\/schema\\\/person\\\/38596b127602deaa13fbcd7585635238\",\"name\":\"Caren A\u00f1ez\",\"image\":{\"@type\":\"ImageObject\",\"inLanguage\":\"es\",\"@id\":\"https:\\\/\\\/secure.gravatar.com\\\/avatar\\\/53aadd693aa414991c9ff2f2b19c39be94d2c342463b80f5402d344911bc9782?s=96&d=mm&r=g\",\"url\":\"https:\\\/\\\/secure.gravatar.com\\\/avatar\\\/53aadd693aa414991c9ff2f2b19c39be94d2c342463b80f5402d344911bc9782?s=96&d=mm&r=g\",\"contentUrl\":\"https:\\\/\\\/secure.gravatar.com\\\/avatar\\\/53aadd693aa414991c9ff2f2b19c39be94d2c342463b80f5402d344911bc9782?s=96&d=mm&r=g\",\"caption\":\"Caren A\u00f1ez\"},\"description\":\"\ud83d\udc69\u200d\ud83c\udfa4Editora en @digital_58 \ud83d\udc69\ud83c\udffb\u200d\ud83c\udfebPeriodista musical y de entretenimiento. \ud83d\udcf8Fotografa \ud83d\udc69\ud83c\udffb\u200d\ud83d\udcbbMedia Management. \ud83d\udc69\u200d\ud83d\udc67\u200d\ud83d\udc67AspieMon 24\\\/7\",\"sameAs\":[\"https:\\\/\\\/www.instagram.com\\\/carenanez\\\/\",\"https:\\\/\\\/x.com\\\/carenanez\"],\"url\":\"https:\\\/\\\/digital58.com.ve\\\/site\\\/author\\\/carena21\\\/\"}]}<\/script>\n<!-- \/ Yoast SEO plugin. -->","yoast_head_json":{"title":"Papa Francisco sobre pornograf\u00eda: \u00abPor falta de educaci\u00f3n sexual se termina en la comercializaci\u00f3n del amor\u00bb","robots":{"index":"index","follow":"follow","max-snippet":"max-snippet:-1","max-image-preview":"max-image-preview:large","max-video-preview":"max-video-preview:-1"},"canonical":"https:\/\/digital58.com.ve\/site\/2023\/05\/25\/papa-francisco-sobre-pornografia-por-falta-de-educacion-sexual-se-termina-en-la-comercializacion-del-amor\/","og_locale":"es_ES","og_type":"article","og_title":"Papa Francisco sobre pornograf\u00eda: \u00abPor falta de educaci\u00f3n sexual se termina en la comercializaci\u00f3n del amor\u00bb","og_url":"https:\/\/digital58.com.ve\/site\/2023\/05\/25\/papa-francisco-sobre-pornografia-por-falta-de-educacion-sexual-se-termina-en-la-comercializacion-del-amor\/","og_site_name":"Noticias Digital58","article_published_time":"2023-05-25T20:13:44+00:00","article_modified_time":"2023-05-25T20:41:24+00:00","og_image":[{"width":800,"height":533,"url":"https:\/\/i0.wp.com\/digital58.com.ve\/site\/wp-content\/uploads\/2023\/05\/16802436233796-scaled-e1685045600451.jpeg?fit=800%2C533&ssl=1","type":"image\/jpeg"}],"author":"Caren A\u00f1ez","twitter_card":"summary_large_image","twitter_creator":"@carenanez","twitter_site":"@villasmilhfoto","twitter_misc":{"Escrito por":"Caren A\u00f1ez","Tiempo estimado de lectura":"3 minutos"},"schema":{"@context":"https:\/\/schema.org","@graph":[{"@type":"Article","@id":"https:\/\/digital58.com.ve\/site\/2023\/05\/25\/papa-francisco-sobre-pornografia-por-falta-de-educacion-sexual-se-termina-en-la-comercializacion-del-amor\/#article","isPartOf":{"@id":"https:\/\/digital58.com.ve\/site\/2023\/05\/25\/papa-francisco-sobre-pornografia-por-falta-de-educacion-sexual-se-termina-en-la-comercializacion-del-amor\/"},"author":{"name":"Caren A\u00f1ez","@id":"https:\/\/digital58.com.ve\/site\/#\/schema\/person\/38596b127602deaa13fbcd7585635238"},"headline":"Papa Francisco sobre pornograf\u00eda: \u00abPor falta de educaci\u00f3n sexual se termina en la comercializaci\u00f3n del amor\u00bb","datePublished":"2023-05-25T20:13:44+00:00","dateModified":"2023-05-25T20:41:24+00:00","mainEntityOfPage":{"@id":"https:\/\/digital58.com.ve\/site\/2023\/05\/25\/papa-francisco-sobre-pornografia-por-falta-de-educacion-sexual-se-termina-en-la-comercializacion-del-amor\/"},"wordCount":575,"commentCount":0,"publisher":{"@id":"https:\/\/digital58.com.ve\/site\/#\/schema\/person\/64d1c2e4d0d4fd1b849980c4331c2951"},"image":{"@id":"https:\/\/digital58.com.ve\/site\/2023\/05\/25\/papa-francisco-sobre-pornografia-por-falta-de-educacion-sexual-se-termina-en-la-comercializacion-del-amor\/#primaryimage"},"thumbnailUrl":"https:\/\/digital58.com.ve\/site\/wp-content\/uploads\/2023\/05\/16802436233796-scaled-e1685045600451.jpeg","keywords":["Ciudad del Vaticano","Congreso Mundial de \u00abEcociudades Educativas\u00bb","El Papa Francisco","Iglesia Cat\u00f3lica","Internacional de Derecho Pontificio","Internacionales"],"articleSection":["Mundo"],"inLanguage":"es","potentialAction":[{"@type":"CommentAction","name":"Comment","target":["https:\/\/digital58.com.ve\/site\/2023\/05\/25\/papa-francisco-sobre-pornografia-por-falta-de-educacion-sexual-se-termina-en-la-comercializacion-del-amor\/#respond"]}]},{"@type":"WebPage","@id":"https:\/\/digital58.com.ve\/site\/2023\/05\/25\/papa-francisco-sobre-pornografia-por-falta-de-educacion-sexual-se-termina-en-la-comercializacion-del-amor\/","url":"https:\/\/digital58.com.ve\/site\/2023\/05\/25\/papa-francisco-sobre-pornografia-por-falta-de-educacion-sexual-se-termina-en-la-comercializacion-del-amor\/","name":"Papa Francisco sobre pornograf\u00eda: \u00abPor falta de educaci\u00f3n sexual se termina en la comercializaci\u00f3n del amor\u00bb","isPartOf":{"@id":"https:\/\/digital58.com.ve\/site\/#website"},"primaryImageOfPage":{"@id":"https:\/\/digital58.com.ve\/site\/2023\/05\/25\/papa-francisco-sobre-pornografia-por-falta-de-educacion-sexual-se-termina-en-la-comercializacion-del-amor\/#primaryimage"},"image":{"@id":"https:\/\/digital58.com.ve\/site\/2023\/05\/25\/papa-francisco-sobre-pornografia-por-falta-de-educacion-sexual-se-termina-en-la-comercializacion-del-amor\/#primaryimage"},"thumbnailUrl":"https:\/\/digital58.com.ve\/site\/wp-content\/uploads\/2023\/05\/16802436233796-scaled-e1685045600451.jpeg","datePublished":"2023-05-25T20:13:44+00:00","dateModified":"2023-05-25T20:41:24+00:00","breadcrumb":{"@id":"https:\/\/digital58.com.ve\/site\/2023\/05\/25\/papa-francisco-sobre-pornografia-por-falta-de-educacion-sexual-se-termina-en-la-comercializacion-del-amor\/#breadcrumb"},"inLanguage":"es","potentialAction":[{"@type":"ReadAction","target":["https:\/\/digital58.com.ve\/site\/2023\/05\/25\/papa-francisco-sobre-pornografia-por-falta-de-educacion-sexual-se-termina-en-la-comercializacion-del-amor\/"]}]},{"@type":"ImageObject","inLanguage":"es","@id":"https:\/\/digital58.com.ve\/site\/2023\/05\/25\/papa-francisco-sobre-pornografia-por-falta-de-educacion-sexual-se-termina-en-la-comercializacion-del-amor\/#primaryimage","url":"https:\/\/digital58.com.ve\/site\/wp-content\/uploads\/2023\/05\/16802436233796-scaled-e1685045600451.jpeg","contentUrl":"https:\/\/digital58.com.ve\/site\/wp-content\/uploads\/2023\/05\/16802436233796-scaled-e1685045600451.jpeg","width":800,"height":533},{"@type":"BreadcrumbList","@id":"https:\/\/digital58.com.ve\/site\/2023\/05\/25\/papa-francisco-sobre-pornografia-por-falta-de-educacion-sexual-se-termina-en-la-comercializacion-del-amor\/#breadcrumb","itemListElement":[{"@type":"ListItem","position":1,"name":"Home","item":"https:\/\/digital58.com.ve\/site\/"},{"@type":"ListItem","position":2,"name":"Papa Francisco sobre pornograf\u00eda: \u00abPor falta de educaci\u00f3n sexual se termina en la comercializaci\u00f3n del amor\u00bb"}]},{"@type":"WebSite","@id":"https:\/\/digital58.com.ve\/site\/#website","url":"https:\/\/digital58.com.ve\/site\/","name":"Noticias Digital58","description":"Portal de Noticias \u00a1Periodismo web de verdad! Lanzamiento web 22.11.2005 \/ Maracaibo, Venezuela","publisher":{"@id":"https:\/\/digital58.com.ve\/site\/#\/schema\/person\/64d1c2e4d0d4fd1b849980c4331c2951"},"alternateName":"ND58","potentialAction":[{"@type":"SearchAction","target":{"@type":"EntryPoint","urlTemplate":"https:\/\/digital58.com.ve\/site\/?s={search_term_string}"},"query-input":{"@type":"PropertyValueSpecification","valueRequired":true,"valueName":"search_term_string"}}],"inLanguage":"es"},{"@type":["Person","Organization"],"@id":"https:\/\/digital58.com.ve\/site\/#\/schema\/person\/64d1c2e4d0d4fd1b849980c4331c2951","name":"Villasmil Henry","image":{"@type":"ImageObject","inLanguage":"es","@id":"https:\/\/secure.gravatar.com\/avatar\/bb0c4a2fcb7970138239f7e404ea75757b1b507b28b5ce4c53fbd62d797c5a7c?s=96&d=mm&r=g","url":"https:\/\/secure.gravatar.com\/avatar\/bb0c4a2fcb7970138239f7e404ea75757b1b507b28b5ce4c53fbd62d797c5a7c?s=96&d=mm&r=g","contentUrl":"https:\/\/secure.gravatar.com\/avatar\/bb0c4a2fcb7970138239f7e404ea75757b1b507b28b5ce4c53fbd62d797c5a7c?s=96&d=mm&r=g","caption":"Villasmil Henry"},"logo":{"@id":"https:\/\/secure.gravatar.com\/avatar\/bb0c4a2fcb7970138239f7e404ea75757b1b507b28b5ce4c53fbd62d797c5a7c?s=96&d=mm&r=g"},"sameAs":["http:\/\/www.henryvillasmil.com.ve","https:\/\/www.instagram.com\/villasmilhfoto\/","https:\/\/x.com\/https:\/\/twitter.com\/villasmilhfoto"]},{"@type":"Person","@id":"https:\/\/digital58.com.ve\/site\/#\/schema\/person\/38596b127602deaa13fbcd7585635238","name":"Caren A\u00f1ez","image":{"@type":"ImageObject","inLanguage":"es","@id":"https:\/\/secure.gravatar.com\/avatar\/53aadd693aa414991c9ff2f2b19c39be94d2c342463b80f5402d344911bc9782?s=96&d=mm&r=g","url":"https:\/\/secure.gravatar.com\/avatar\/53aadd693aa414991c9ff2f2b19c39be94d2c342463b80f5402d344911bc9782?s=96&d=mm&r=g","contentUrl":"https:\/\/secure.gravatar.com\/avatar\/53aadd693aa414991c9ff2f2b19c39be94d2c342463b80f5402d344911bc9782?s=96&d=mm&r=g","caption":"Caren A\u00f1ez"},"description":"\ud83d\udc69\u200d\ud83c\udfa4Editora en @digital_58 \ud83d\udc69\ud83c\udffb\u200d\ud83c\udfebPeriodista musical y de entretenimiento. \ud83d\udcf8Fotografa \ud83d\udc69\ud83c\udffb\u200d\ud83d\udcbbMedia Management. \ud83d\udc69\u200d\ud83d\udc67\u200d\ud83d\udc67AspieMon 24\/7","sameAs":["https:\/\/www.instagram.com\/carenanez\/","https:\/\/x.com\/carenanez"],"url":"https:\/\/digital58.com.ve\/site\/author\/carena21\/"}]}},"uagb_featured_image_src":{"full":["https:\/\/digital58.com.ve\/site\/wp-content\/uploads\/2023\/05\/16802436233796-scaled-e1685045600451.jpeg",800,533,false],"thumbnail":["https:\/\/digital58.com.ve\/site\/wp-content\/uploads\/2023\/05\/16802436233796-scaled-e1685045600451-150x150.jpeg",150,150,true],"medium":["https:\/\/digital58.com.ve\/site\/wp-content\/uploads\/2023\/05\/16802436233796-scaled-e1685045600451-300x200.jpeg",300,200,true],"medium_large":["https:\/\/digital58.com.ve\/site\/wp-content\/uploads\/2023\/05\/16802436233796-scaled-e1685045600451-768x512.jpeg",768,512,true],"large":["https:\/\/digital58.com.ve\/site\/wp-content\/uploads\/2023\/05\/16802436233796-1000x666.jpeg",800,533,true],"1536x1536":["https:\/\/digital58.com.ve\/site\/wp-content\/uploads\/2023\/05\/16802436233796-1536x1024.jpeg",1536,1024,true],"2048x2048":["https:\/\/digital58.com.ve\/site\/wp-content\/uploads\/2023\/05\/16802436233796-2048x1365.jpeg",2048,1365,true],"colormag-highlighted-post":["https:\/\/digital58.com.ve\/site\/wp-content\/uploads\/2023\/05\/16802436233796-scaled-e1685045600451-392x272.jpeg",392,272,true],"colormag-featured-post-medium":["https:\/\/digital58.com.ve\/site\/wp-content\/uploads\/2023\/05\/16802436233796-scaled-e1685045600451-390x205.jpeg",390,205,true],"colormag-featured-post-small":["https:\/\/digital58.com.ve\/site\/wp-content\/uploads\/2023\/05\/16802436233796-scaled-e1685045600451-130x90.jpeg",130,90,true],"colormag-featured-image":["https:\/\/digital58.com.ve\/site\/wp-content\/uploads\/2023\/05\/16802436233796-scaled-e1685045600451-800x445.jpeg",800,445,true],"colormag-default-news":["https:\/\/digital58.com.ve\/site\/wp-content\/uploads\/2023\/05\/16802436233796-scaled-e1685045600451.jpeg",150,100,false],"colormag-featured-image-large":["https:\/\/digital58.com.ve\/site\/wp-content\/uploads\/2023\/05\/16802436233796-scaled-e1685045600451.jpeg",800,533,false]},"uagb_author_info":{"display_name":"Caren A\u00f1ez","author_link":"https:\/\/digital58.com.ve\/site\/author\/carena21\/"},"uagb_comment_info":0,"uagb_excerpt":"El papa Francisco se\u00f1al\u00f3 la falta de educaci\u00f3n sexual como un problema para los j\u00f3venes y afirm\u00f3 que la pornograf\u00eda","_links":{"self":[{"href":"https:\/\/digital58.com.ve\/site\/wp-json\/wp\/v2\/posts\/166652","targetHints":{"allow":["GET"]}}],"collection":[{"href":"https:\/\/digital58.com.ve\/site\/wp-json\/wp\/v2\/posts"}],"about":[{"href":"https:\/\/digital58.com.ve\/site\/wp-json\/wp\/v2\/types\/post"}],"author":[{"embeddable":true,"href":"https:\/\/digital58.com.ve\/site\/wp-json\/wp\/v2\/users\/39"}],"replies":[{"embeddable":true,"href":"https:\/\/digital58.com.ve\/site\/wp-json\/wp\/v2\/comments?post=166652"}],"version-history":[{"count":2,"href":"https:\/\/digital58.com.ve\/site\/wp-json\/wp\/v2\/posts\/166652\/revisions"}],"predecessor-version":[{"id":166655,"href":"https:\/\/digital58.com.ve\/site\/wp-json\/wp\/v2\/posts\/166652\/revisions\/166655"}],"wp:featuredmedia":[{"embeddable":true,"href":"https:\/\/digital58.com.ve\/site\/wp-json\/wp\/v2\/media\/166653"}],"wp:attachment":[{"href":"https:\/\/digital58.com.ve\/site\/wp-json\/wp\/v2\/media?parent=166652"}],"wp:term":[{"taxonomy":"category","embeddable":true,"href":"https:\/\/digital58.com.ve\/site\/wp-json\/wp\/v2\/categories?post=166652"},{"taxonomy":"post_tag","embeddable":true,"href":"https:\/\/digital58.com.ve\/site\/wp-json\/wp\/v2\/tags?post=166652"}],"curies":[{"name":"wp","href":"https:\/\/api.w.org\/{rel}","templated":true}]}}