{"id":166741,"date":"2023-05-26T19:12:29","date_gmt":"2023-05-26T23:12:29","guid":{"rendered":"https:\/\/digital58.com.ve\/site\/?p=166741"},"modified":"2023-05-26T20:22:54","modified_gmt":"2023-05-27T00:22:54","slug":"zulia-100-dias-de-gestion-para-el-progreso-y-salon-legislativo-rehabilitado-presento-presidente-del-concejo-municipal-de-maracaibo","status":"publish","type":"post","link":"https:\/\/digital58.com.ve\/site\/2023\/05\/26\/zulia-100-dias-de-gestion-para-el-progreso-y-salon-legislativo-rehabilitado-presento-presidente-del-concejo-municipal-de-maracaibo\/","title":{"rendered":"#Maracaibo | Sal\u00f3n Legislativo rehabilitado present\u00f3 presidente del Concejo Municipal"},"content":{"rendered":"<p><img loading=\"lazy\" decoding=\"async\" class=\"aligncenter wp-image-166745 size-large\" src=\"https:\/\/digital58.com.ve\/site\/wp-content\/uploads\/2023\/05\/WhatsApp-Image-2023-05-26-at-4.56.25-PM-1-1000x750.jpeg\" alt=\"\" width=\"800\" height=\"600\" srcset=\"https:\/\/digital58.com.ve\/site\/wp-content\/uploads\/2023\/05\/WhatsApp-Image-2023-05-26-at-4.56.25-PM-1-1000x750.jpeg 1000w, https:\/\/digital58.com.ve\/site\/wp-content\/uploads\/2023\/05\/WhatsApp-Image-2023-05-26-at-4.56.25-PM-1-300x225.jpeg 300w, https:\/\/digital58.com.ve\/site\/wp-content\/uploads\/2023\/05\/WhatsApp-Image-2023-05-26-at-4.56.25-PM-1-768x576.jpeg 768w, https:\/\/digital58.com.ve\/site\/wp-content\/uploads\/2023\/05\/WhatsApp-Image-2023-05-26-at-4.56.25-PM-1.jpeg 1280w\" sizes=\"auto, (max-width: 800px) 100vw, 800px\" \/><\/p>\n<p>A sala llena, present\u00f3 su balance de gesti\u00f3n para el progreso de sus primeros 100 d\u00edas, el presidente del Concejo Municipal de Maracaibo, Jos\u00e9 Berm\u00fadez, quien, acompa\u00f1ado del alcalde de Maracaibo, tambi\u00e9n devel\u00f3 la placa de reinauguraci\u00f3n del Sal\u00f3n de Sesiones \u00abDr. Jes\u00fas Enrique Lossada\u00bb del ente legislativo, espacio que pas\u00f3 de la desidia y el abandono a unas instalaciones modernas y equipadas para ejercer las funciones de los ediles y ofrecer comodidad a los ciudadanos y trabajadores.<\/p>\n<p><strong>Maracaibo, Estado Zulia, Venezuela 26 de mayo de 2023 (ND58).-<\/strong> Representantes de los gremios, c\u00e1maras empresariales, dirigentes de partidos pol\u00edticos, trabajadores y medios de comunicaci\u00f3n, se hicieron presentes en el Palacio Legislativo municipal, para acompa\u00f1ar la sesi\u00f3n solemne, junto a todos los concejales de la unidad que acompa\u00f1aron el acto cargado de emotividad y buenas noticias para la ciudad y su reactivaci\u00f3n comercial.<\/p>\n<p>Jos\u00e9 Berm\u00fadez, destac\u00f3 en su intervenci\u00f3n , la aprobaci\u00f3n de importantes leyes para el desarrollo y progreso de la ciudad de Maracaibo, tales como: Reforma a la Ordenanza de Actividades Econ\u00f3micas con al\u00edcuotas concertadas con las c\u00e1maras empresariales, donde se bajaron impuestos a 106 aforos, para reactivar la econom\u00eda en el municipio, la Ordenanza de Estacionamientos, Ordenanza de Transparencia y Acceso a la Informaci\u00f3n P\u00fablica, de Solvencia \u00danica, Reforma de la Ordenanza de Aseo Urbano y Gas Domiciliario, Creaci\u00f3n del Instituto de Pueblos Ind\u00edgenas, entre otras . Y actualmente se discuten otro grupo importante de leyes que permitan organizar la ciudad y mejorar la atenci\u00f3n a los ciudadanos.<\/p>\n<p>\u00ab2023 ha sido un a\u00f1o de retos que asum\u00ed desde que fue electo para llevar las riendas de la acci\u00f3n legislativa como presidente del Concejo Municipal y 100 d\u00edas despu\u00e9s, me siento satisfecho de los resultados y a\u00fan m\u00e1s comprometido por seguir aportando al bienestar de nuestra gente\u00bb. Expres\u00f3 Jos\u00e9 Berm\u00fadez.<\/p>\n<p>El edil se comprometi\u00f3 a entregar este a\u00f1o, la rehabilitaci\u00f3n de las oficinas de atenci\u00f3n comunitaria de las distintas fracciones pol\u00edticas que representan a los concejales del municipio, las cuales est\u00e1n siendo intervenidas, debido a su deterioro, producto de la falta de mantenimiento e inversi\u00f3n por las gestiones de gobierno anteriores.<\/p>\n<p><strong>Redacci\u00f3n ND58 | Fuente: NDP<\/strong><br \/>\n<strong>Edici\u00f3n: Villasmil, Henry<\/strong><br \/>\n<strong>Gr\u00e1fica: Cortes\u00eda<\/strong><\/p>\n<p>&nbsp;<\/p>\n<p>&nbsp;<\/p>\n<p>&nbsp;<\/p>\n<p>&nbsp;<\/p>\n<p>&nbsp;<\/p>\n<p>&nbsp;<\/p><div class=\"nyusb69f28ed63de5f\" ><p style=\"text-align: center;\"><a href=\"https:\/\/t.me\/noticiasdigital58\" target=\"_blank\" rel=\"noopener\"><img class=\"aligncenter size-full wp-image-125363\" src=\"https:\/\/digital58.com.ve\/site\/wp-content\/uploads\/2021\/04\/banner-telegram-web-2021.png\" alt=\"\" width=\"600\" height=\"90\" \/><\/a><\/p><\/div><style type=\"text\/css\">\r\n@media screen and (min-width: 1201px) {\r\n.nyusb69f28ed63de5f {\r\ndisplay: block;\r\n}\r\n}\r\n@media screen and (min-width: 993px) and (max-width: 1200px) {\r\n.nyusb69f28ed63de5f {\r\ndisplay: block;\r\n}\r\n}\r\n@media screen and (min-width: 769px) and (max-width: 992px) {\r\n.nyusb69f28ed63de5f {\r\ndisplay: block;\r\n}\r\n}\r\n@media screen and (min-width: 768px) and (max-width: 768px) {\r\n.nyusb69f28ed63de5f {\r\ndisplay: block;\r\n}\r\n}\r\n@media screen and (max-width: 767px) {\r\n.nyusb69f28ed63de5f {\r\ndisplay: block;\r\n}\r\n}\r\n<\/style>\r\n\n<p>&nbsp;<\/p>\n<div style=\"margin-top: 0px; margin-bottom: 0px;\" class=\"sharethis-inline-share-buttons\" ><\/div>","protected":false},"excerpt":{"rendered":"<p>A sala llena, present\u00f3 su balance de gesti\u00f3n para el progreso de sus primeros 100 d\u00edas, el presidente del Concejo<\/p>\n","protected":false},"author":34,"featured_media":166745,"comment_status":"open","ping_status":"closed","sticky":false,"template":"","format":"standard","meta":{"colormag_page_container_layout":"default_layout","colormag_page_sidebar_layout":"default_layout","_uag_custom_page_level_css":"","footnotes":""},"categories":[14504],"tags":[19078,27297,73,233,2354,32,761],"class_list":["post-166741","post","type-post","status-publish","format-standard","has-post-thumbnail","hentry","category-zulia","tag-concejo-municipal-de-maracaibo","tag-jose-bermudez","tag-maracaibo","tag-nacionales","tag-regionales","tag-venezuela","tag-zulia"],"yoast_head":"<!-- This site is optimized with the Yoast SEO plugin v27.5 - https:\/\/yoast.com\/product\/yoast-seo-wordpress\/ -->\n<title>#Maracaibo | Sal\u00f3n Legislativo rehabilitado present\u00f3 presidente del Concejo Municipal<\/title>\n<meta name=\"robots\" content=\"index, follow, max-snippet:-1, max-image-preview:large, max-video-preview:-1\" \/>\n<link rel=\"canonical\" href=\"https:\/\/digital58.com.ve\/site\/2023\/05\/26\/zulia-100-dias-de-gestion-para-el-progreso-y-salon-legislativo-rehabilitado-presento-presidente-del-concejo-municipal-de-maracaibo\/\" \/>\n<meta property=\"og:locale\" content=\"es_ES\" \/>\n<meta property=\"og:type\" content=\"article\" \/>\n<meta property=\"og:title\" content=\"#Maracaibo | Sal\u00f3n Legislativo rehabilitado present\u00f3 presidente del Concejo Municipal\" \/>\n<meta property=\"og:url\" content=\"https:\/\/digital58.com.ve\/site\/2023\/05\/26\/zulia-100-dias-de-gestion-para-el-progreso-y-salon-legislativo-rehabilitado-presento-presidente-del-concejo-municipal-de-maracaibo\/\" \/>\n<meta property=\"og:site_name\" content=\"Noticias Digital58\" \/>\n<meta property=\"article:published_time\" content=\"2023-05-26T23:12:29+00:00\" \/>\n<meta property=\"article:modified_time\" content=\"2023-05-27T00:22:54+00:00\" \/>\n<meta property=\"og:image\" content=\"https:\/\/i0.wp.com\/digital58.com.ve\/site\/wp-content\/uploads\/2023\/05\/WhatsApp-Image-2023-05-26-at-4.56.25-PM-1.jpeg?fit=1280%2C960&ssl=1\" \/>\n\t<meta property=\"og:image:width\" content=\"1280\" \/>\n\t<meta property=\"og:image:height\" content=\"960\" \/>\n\t<meta property=\"og:image:type\" content=\"image\/jpeg\" \/>\n<meta name=\"author\" content=\"Carolina del Valle Morales\" \/>\n<meta name=\"twitter:card\" content=\"summary_large_image\" \/>\n<meta name=\"twitter:creator\" content=\"@Digital_58\" \/>\n<meta name=\"twitter:site\" content=\"@villasmilhfoto\" \/>\n<meta name=\"twitter:label1\" content=\"Escrito por\" \/>\n\t<meta name=\"twitter:data1\" content=\"Carolina del Valle Morales\" \/>\n\t<meta name=\"twitter:label2\" content=\"Tiempo estimado de lectura\" \/>\n\t<meta name=\"twitter:data2\" content=\"2 minutos\" \/>\n<script type=\"application\/ld+json\" class=\"yoast-schema-graph\">{\"@context\":\"https:\\\/\\\/schema.org\",\"@graph\":[{\"@type\":\"Article\",\"@id\":\"https:\\\/\\\/digital58.com.ve\\\/site\\\/2023\\\/05\\\/26\\\/zulia-100-dias-de-gestion-para-el-progreso-y-salon-legislativo-rehabilitado-presento-presidente-del-concejo-municipal-de-maracaibo\\\/#article\",\"isPartOf\":{\"@id\":\"https:\\\/\\\/digital58.com.ve\\\/site\\\/2023\\\/05\\\/26\\\/zulia-100-dias-de-gestion-para-el-progreso-y-salon-legislativo-rehabilitado-presento-presidente-del-concejo-municipal-de-maracaibo\\\/\"},\"author\":{\"name\":\"Carolina del Valle Morales\",\"@id\":\"https:\\\/\\\/digital58.com.ve\\\/site\\\/#\\\/schema\\\/person\\\/5ef3ed6588a1de18f098d7d8c909834b\"},\"headline\":\"#Maracaibo | Sal\u00f3n Legislativo rehabilitado present\u00f3 presidente del Concejo Municipal\",\"datePublished\":\"2023-05-26T23:12:29+00:00\",\"dateModified\":\"2023-05-27T00:22:54+00:00\",\"mainEntityOfPage\":{\"@id\":\"https:\\\/\\\/digital58.com.ve\\\/site\\\/2023\\\/05\\\/26\\\/zulia-100-dias-de-gestion-para-el-progreso-y-salon-legislativo-rehabilitado-presento-presidente-del-concejo-municipal-de-maracaibo\\\/\"},\"wordCount\":414,\"commentCount\":0,\"publisher\":{\"@id\":\"https:\\\/\\\/digital58.com.ve\\\/site\\\/#\\\/schema\\\/person\\\/64d1c2e4d0d4fd1b849980c4331c2951\"},\"image\":{\"@id\":\"https:\\\/\\\/digital58.com.ve\\\/site\\\/2023\\\/05\\\/26\\\/zulia-100-dias-de-gestion-para-el-progreso-y-salon-legislativo-rehabilitado-presento-presidente-del-concejo-municipal-de-maracaibo\\\/#primaryimage\"},\"thumbnailUrl\":\"https:\\\/\\\/digital58.com.ve\\\/site\\\/wp-content\\\/uploads\\\/2023\\\/05\\\/WhatsApp-Image-2023-05-26-at-4.56.25-PM-1.jpeg\",\"keywords\":[\"Concejo Municipal de Maracaibo\",\"Jos\u00e9 Berm\u00fadez\",\"Maracaibo\",\"Nacionales\",\"Regionales\",\"Venezuela\",\"Zulia\"],\"articleSection\":[\"Zulia\"],\"inLanguage\":\"es\",\"potentialAction\":[{\"@type\":\"CommentAction\",\"name\":\"Comment\",\"target\":[\"https:\\\/\\\/digital58.com.ve\\\/site\\\/2023\\\/05\\\/26\\\/zulia-100-dias-de-gestion-para-el-progreso-y-salon-legislativo-rehabilitado-presento-presidente-del-concejo-municipal-de-maracaibo\\\/#respond\"]}]},{\"@type\":\"WebPage\",\"@id\":\"https:\\\/\\\/digital58.com.ve\\\/site\\\/2023\\\/05\\\/26\\\/zulia-100-dias-de-gestion-para-el-progreso-y-salon-legislativo-rehabilitado-presento-presidente-del-concejo-municipal-de-maracaibo\\\/\",\"url\":\"https:\\\/\\\/digital58.com.ve\\\/site\\\/2023\\\/05\\\/26\\\/zulia-100-dias-de-gestion-para-el-progreso-y-salon-legislativo-rehabilitado-presento-presidente-del-concejo-municipal-de-maracaibo\\\/\",\"name\":\"#Maracaibo | Sal\u00f3n Legislativo rehabilitado present\u00f3 presidente del Concejo Municipal\",\"isPartOf\":{\"@id\":\"https:\\\/\\\/digital58.com.ve\\\/site\\\/#website\"},\"primaryImageOfPage\":{\"@id\":\"https:\\\/\\\/digital58.com.ve\\\/site\\\/2023\\\/05\\\/26\\\/zulia-100-dias-de-gestion-para-el-progreso-y-salon-legislativo-rehabilitado-presento-presidente-del-concejo-municipal-de-maracaibo\\\/#primaryimage\"},\"image\":{\"@id\":\"https:\\\/\\\/digital58.com.ve\\\/site\\\/2023\\\/05\\\/26\\\/zulia-100-dias-de-gestion-para-el-progreso-y-salon-legislativo-rehabilitado-presento-presidente-del-concejo-municipal-de-maracaibo\\\/#primaryimage\"},\"thumbnailUrl\":\"https:\\\/\\\/digital58.com.ve\\\/site\\\/wp-content\\\/uploads\\\/2023\\\/05\\\/WhatsApp-Image-2023-05-26-at-4.56.25-PM-1.jpeg\",\"datePublished\":\"2023-05-26T23:12:29+00:00\",\"dateModified\":\"2023-05-27T00:22:54+00:00\",\"breadcrumb\":{\"@id\":\"https:\\\/\\\/digital58.com.ve\\\/site\\\/2023\\\/05\\\/26\\\/zulia-100-dias-de-gestion-para-el-progreso-y-salon-legislativo-rehabilitado-presento-presidente-del-concejo-municipal-de-maracaibo\\\/#breadcrumb\"},\"inLanguage\":\"es\",\"potentialAction\":[{\"@type\":\"ReadAction\",\"target\":[\"https:\\\/\\\/digital58.com.ve\\\/site\\\/2023\\\/05\\\/26\\\/zulia-100-dias-de-gestion-para-el-progreso-y-salon-legislativo-rehabilitado-presento-presidente-del-concejo-municipal-de-maracaibo\\\/\"]}]},{\"@type\":\"ImageObject\",\"inLanguage\":\"es\",\"@id\":\"https:\\\/\\\/digital58.com.ve\\\/site\\\/2023\\\/05\\\/26\\\/zulia-100-dias-de-gestion-para-el-progreso-y-salon-legislativo-rehabilitado-presento-presidente-del-concejo-municipal-de-maracaibo\\\/#primaryimage\",\"url\":\"https:\\\/\\\/digital58.com.ve\\\/site\\\/wp-content\\\/uploads\\\/2023\\\/05\\\/WhatsApp-Image-2023-05-26-at-4.56.25-PM-1.jpeg\",\"contentUrl\":\"https:\\\/\\\/digital58.com.ve\\\/site\\\/wp-content\\\/uploads\\\/2023\\\/05\\\/WhatsApp-Image-2023-05-26-at-4.56.25-PM-1.jpeg\",\"width\":1280,\"height\":960},{\"@type\":\"BreadcrumbList\",\"@id\":\"https:\\\/\\\/digital58.com.ve\\\/site\\\/2023\\\/05\\\/26\\\/zulia-100-dias-de-gestion-para-el-progreso-y-salon-legislativo-rehabilitado-presento-presidente-del-concejo-municipal-de-maracaibo\\\/#breadcrumb\",\"itemListElement\":[{\"@type\":\"ListItem\",\"position\":1,\"name\":\"Home\",\"item\":\"https:\\\/\\\/digital58.com.ve\\\/site\\\/\"},{\"@type\":\"ListItem\",\"position\":2,\"name\":\"#Maracaibo | Sal\u00f3n Legislativo rehabilitado present\u00f3 presidente del Concejo Municipal\"}]},{\"@type\":\"WebSite\",\"@id\":\"https:\\\/\\\/digital58.com.ve\\\/site\\\/#website\",\"url\":\"https:\\\/\\\/digital58.com.ve\\\/site\\\/\",\"name\":\"Noticias Digital58\",\"description\":\"Portal de Noticias \u00a1Periodismo web de verdad! Lanzamiento web 22.11.2005 \\\/ Maracaibo, Venezuela\",\"publisher\":{\"@id\":\"https:\\\/\\\/digital58.com.ve\\\/site\\\/#\\\/schema\\\/person\\\/64d1c2e4d0d4fd1b849980c4331c2951\"},\"alternateName\":\"ND58\",\"potentialAction\":[{\"@type\":\"SearchAction\",\"target\":{\"@type\":\"EntryPoint\",\"urlTemplate\":\"https:\\\/\\\/digital58.com.ve\\\/site\\\/?s={search_term_string}\"},\"query-input\":{\"@type\":\"PropertyValueSpecification\",\"valueRequired\":true,\"valueName\":\"search_term_string\"}}],\"inLanguage\":\"es\"},{\"@type\":[\"Person\",\"Organization\"],\"@id\":\"https:\\\/\\\/digital58.com.ve\\\/site\\\/#\\\/schema\\\/person\\\/64d1c2e4d0d4fd1b849980c4331c2951\",\"name\":\"Villasmil Henry\",\"image\":{\"@type\":\"ImageObject\",\"inLanguage\":\"es\",\"@id\":\"https:\\\/\\\/secure.gravatar.com\\\/avatar\\\/bb0c4a2fcb7970138239f7e404ea75757b1b507b28b5ce4c53fbd62d797c5a7c?s=96&d=mm&r=g\",\"url\":\"https:\\\/\\\/secure.gravatar.com\\\/avatar\\\/bb0c4a2fcb7970138239f7e404ea75757b1b507b28b5ce4c53fbd62d797c5a7c?s=96&d=mm&r=g\",\"contentUrl\":\"https:\\\/\\\/secure.gravatar.com\\\/avatar\\\/bb0c4a2fcb7970138239f7e404ea75757b1b507b28b5ce4c53fbd62d797c5a7c?s=96&d=mm&r=g\",\"caption\":\"Villasmil Henry\"},\"logo\":{\"@id\":\"https:\\\/\\\/secure.gravatar.com\\\/avatar\\\/bb0c4a2fcb7970138239f7e404ea75757b1b507b28b5ce4c53fbd62d797c5a7c?s=96&d=mm&r=g\"},\"sameAs\":[\"http:\\\/\\\/www.henryvillasmil.com.ve\",\"https:\\\/\\\/www.instagram.com\\\/villasmilhfoto\\\/\",\"https:\\\/\\\/x.com\\\/https:\\\/\\\/twitter.com\\\/villasmilhfoto\"]},{\"@type\":\"Person\",\"@id\":\"https:\\\/\\\/digital58.com.ve\\\/site\\\/#\\\/schema\\\/person\\\/5ef3ed6588a1de18f098d7d8c909834b\",\"name\":\"Carolina del Valle Morales\",\"image\":{\"@type\":\"ImageObject\",\"inLanguage\":\"es\",\"@id\":\"https:\\\/\\\/secure.gravatar.com\\\/avatar\\\/0cdf0a8cbb9d61ccd1c45dac3181142ad3ad1771aecb28412b09b868d168ef63?s=96&d=mm&r=g\",\"url\":\"https:\\\/\\\/secure.gravatar.com\\\/avatar\\\/0cdf0a8cbb9d61ccd1c45dac3181142ad3ad1771aecb28412b09b868d168ef63?s=96&d=mm&r=g\",\"contentUrl\":\"https:\\\/\\\/secure.gravatar.com\\\/avatar\\\/0cdf0a8cbb9d61ccd1c45dac3181142ad3ad1771aecb28412b09b868d168ef63?s=96&d=mm&r=g\",\"caption\":\"Carolina del Valle Morales\"},\"url\":\"https:\\\/\\\/digital58.com.ve\\\/site\\\/author\\\/vallecarola\\\/\"}]}<\/script>\n<!-- \/ Yoast SEO plugin. -->","yoast_head_json":{"title":"#Maracaibo | Sal\u00f3n Legislativo rehabilitado present\u00f3 presidente del Concejo Municipal","robots":{"index":"index","follow":"follow","max-snippet":"max-snippet:-1","max-image-preview":"max-image-preview:large","max-video-preview":"max-video-preview:-1"},"canonical":"https:\/\/digital58.com.ve\/site\/2023\/05\/26\/zulia-100-dias-de-gestion-para-el-progreso-y-salon-legislativo-rehabilitado-presento-presidente-del-concejo-municipal-de-maracaibo\/","og_locale":"es_ES","og_type":"article","og_title":"#Maracaibo | Sal\u00f3n Legislativo rehabilitado present\u00f3 presidente del Concejo Municipal","og_url":"https:\/\/digital58.com.ve\/site\/2023\/05\/26\/zulia-100-dias-de-gestion-para-el-progreso-y-salon-legislativo-rehabilitado-presento-presidente-del-concejo-municipal-de-maracaibo\/","og_site_name":"Noticias Digital58","article_published_time":"2023-05-26T23:12:29+00:00","article_modified_time":"2023-05-27T00:22:54+00:00","og_image":[{"width":1280,"height":960,"url":"https:\/\/i0.wp.com\/digital58.com.ve\/site\/wp-content\/uploads\/2023\/05\/WhatsApp-Image-2023-05-26-at-4.56.25-PM-1.jpeg?fit=1280%2C960&ssl=1","type":"image\/jpeg"}],"author":"Carolina del Valle Morales","twitter_card":"summary_large_image","twitter_creator":"@Digital_58","twitter_site":"@villasmilhfoto","twitter_misc":{"Escrito por":"Carolina del Valle Morales","Tiempo estimado de lectura":"2 minutos"},"schema":{"@context":"https:\/\/schema.org","@graph":[{"@type":"Article","@id":"https:\/\/digital58.com.ve\/site\/2023\/05\/26\/zulia-100-dias-de-gestion-para-el-progreso-y-salon-legislativo-rehabilitado-presento-presidente-del-concejo-municipal-de-maracaibo\/#article","isPartOf":{"@id":"https:\/\/digital58.com.ve\/site\/2023\/05\/26\/zulia-100-dias-de-gestion-para-el-progreso-y-salon-legislativo-rehabilitado-presento-presidente-del-concejo-municipal-de-maracaibo\/"},"author":{"name":"Carolina del Valle Morales","@id":"https:\/\/digital58.com.ve\/site\/#\/schema\/person\/5ef3ed6588a1de18f098d7d8c909834b"},"headline":"#Maracaibo | Sal\u00f3n Legislativo rehabilitado present\u00f3 presidente del Concejo Municipal","datePublished":"2023-05-26T23:12:29+00:00","dateModified":"2023-05-27T00:22:54+00:00","mainEntityOfPage":{"@id":"https:\/\/digital58.com.ve\/site\/2023\/05\/26\/zulia-100-dias-de-gestion-para-el-progreso-y-salon-legislativo-rehabilitado-presento-presidente-del-concejo-municipal-de-maracaibo\/"},"wordCount":414,"commentCount":0,"publisher":{"@id":"https:\/\/digital58.com.ve\/site\/#\/schema\/person\/64d1c2e4d0d4fd1b849980c4331c2951"},"image":{"@id":"https:\/\/digital58.com.ve\/site\/2023\/05\/26\/zulia-100-dias-de-gestion-para-el-progreso-y-salon-legislativo-rehabilitado-presento-presidente-del-concejo-municipal-de-maracaibo\/#primaryimage"},"thumbnailUrl":"https:\/\/digital58.com.ve\/site\/wp-content\/uploads\/2023\/05\/WhatsApp-Image-2023-05-26-at-4.56.25-PM-1.jpeg","keywords":["Concejo Municipal de Maracaibo","Jos\u00e9 Berm\u00fadez","Maracaibo","Nacionales","Regionales","Venezuela","Zulia"],"articleSection":["Zulia"],"inLanguage":"es","potentialAction":[{"@type":"CommentAction","name":"Comment","target":["https:\/\/digital58.com.ve\/site\/2023\/05\/26\/zulia-100-dias-de-gestion-para-el-progreso-y-salon-legislativo-rehabilitado-presento-presidente-del-concejo-municipal-de-maracaibo\/#respond"]}]},{"@type":"WebPage","@id":"https:\/\/digital58.com.ve\/site\/2023\/05\/26\/zulia-100-dias-de-gestion-para-el-progreso-y-salon-legislativo-rehabilitado-presento-presidente-del-concejo-municipal-de-maracaibo\/","url":"https:\/\/digital58.com.ve\/site\/2023\/05\/26\/zulia-100-dias-de-gestion-para-el-progreso-y-salon-legislativo-rehabilitado-presento-presidente-del-concejo-municipal-de-maracaibo\/","name":"#Maracaibo | Sal\u00f3n Legislativo rehabilitado present\u00f3 presidente del Concejo Municipal","isPartOf":{"@id":"https:\/\/digital58.com.ve\/site\/#website"},"primaryImageOfPage":{"@id":"https:\/\/digital58.com.ve\/site\/2023\/05\/26\/zulia-100-dias-de-gestion-para-el-progreso-y-salon-legislativo-rehabilitado-presento-presidente-del-concejo-municipal-de-maracaibo\/#primaryimage"},"image":{"@id":"https:\/\/digital58.com.ve\/site\/2023\/05\/26\/zulia-100-dias-de-gestion-para-el-progreso-y-salon-legislativo-rehabilitado-presento-presidente-del-concejo-municipal-de-maracaibo\/#primaryimage"},"thumbnailUrl":"https:\/\/digital58.com.ve\/site\/wp-content\/uploads\/2023\/05\/WhatsApp-Image-2023-05-26-at-4.56.25-PM-1.jpeg","datePublished":"2023-05-26T23:12:29+00:00","dateModified":"2023-05-27T00:22:54+00:00","breadcrumb":{"@id":"https:\/\/digital58.com.ve\/site\/2023\/05\/26\/zulia-100-dias-de-gestion-para-el-progreso-y-salon-legislativo-rehabilitado-presento-presidente-del-concejo-municipal-de-maracaibo\/#breadcrumb"},"inLanguage":"es","potentialAction":[{"@type":"ReadAction","target":["https:\/\/digital58.com.ve\/site\/2023\/05\/26\/zulia-100-dias-de-gestion-para-el-progreso-y-salon-legislativo-rehabilitado-presento-presidente-del-concejo-municipal-de-maracaibo\/"]}]},{"@type":"ImageObject","inLanguage":"es","@id":"https:\/\/digital58.com.ve\/site\/2023\/05\/26\/zulia-100-dias-de-gestion-para-el-progreso-y-salon-legislativo-rehabilitado-presento-presidente-del-concejo-municipal-de-maracaibo\/#primaryimage","url":"https:\/\/digital58.com.ve\/site\/wp-content\/uploads\/2023\/05\/WhatsApp-Image-2023-05-26-at-4.56.25-PM-1.jpeg","contentUrl":"https:\/\/digital58.com.ve\/site\/wp-content\/uploads\/2023\/05\/WhatsApp-Image-2023-05-26-at-4.56.25-PM-1.jpeg","width":1280,"height":960},{"@type":"BreadcrumbList","@id":"https:\/\/digital58.com.ve\/site\/2023\/05\/26\/zulia-100-dias-de-gestion-para-el-progreso-y-salon-legislativo-rehabilitado-presento-presidente-del-concejo-municipal-de-maracaibo\/#breadcrumb","itemListElement":[{"@type":"ListItem","position":1,"name":"Home","item":"https:\/\/digital58.com.ve\/site\/"},{"@type":"ListItem","position":2,"name":"#Maracaibo | Sal\u00f3n Legislativo rehabilitado present\u00f3 presidente del Concejo Municipal"}]},{"@type":"WebSite","@id":"https:\/\/digital58.com.ve\/site\/#website","url":"https:\/\/digital58.com.ve\/site\/","name":"Noticias Digital58","description":"Portal de Noticias \u00a1Periodismo web de verdad! Lanzamiento web 22.11.2005 \/ Maracaibo, Venezuela","publisher":{"@id":"https:\/\/digital58.com.ve\/site\/#\/schema\/person\/64d1c2e4d0d4fd1b849980c4331c2951"},"alternateName":"ND58","potentialAction":[{"@type":"SearchAction","target":{"@type":"EntryPoint","urlTemplate":"https:\/\/digital58.com.ve\/site\/?s={search_term_string}"},"query-input":{"@type":"PropertyValueSpecification","valueRequired":true,"valueName":"search_term_string"}}],"inLanguage":"es"},{"@type":["Person","Organization"],"@id":"https:\/\/digital58.com.ve\/site\/#\/schema\/person\/64d1c2e4d0d4fd1b849980c4331c2951","name":"Villasmil Henry","image":{"@type":"ImageObject","inLanguage":"es","@id":"https:\/\/secure.gravatar.com\/avatar\/bb0c4a2fcb7970138239f7e404ea75757b1b507b28b5ce4c53fbd62d797c5a7c?s=96&d=mm&r=g","url":"https:\/\/secure.gravatar.com\/avatar\/bb0c4a2fcb7970138239f7e404ea75757b1b507b28b5ce4c53fbd62d797c5a7c?s=96&d=mm&r=g","contentUrl":"https:\/\/secure.gravatar.com\/avatar\/bb0c4a2fcb7970138239f7e404ea75757b1b507b28b5ce4c53fbd62d797c5a7c?s=96&d=mm&r=g","caption":"Villasmil Henry"},"logo":{"@id":"https:\/\/secure.gravatar.com\/avatar\/bb0c4a2fcb7970138239f7e404ea75757b1b507b28b5ce4c53fbd62d797c5a7c?s=96&d=mm&r=g"},"sameAs":["http:\/\/www.henryvillasmil.com.ve","https:\/\/www.instagram.com\/villasmilhfoto\/","https:\/\/x.com\/https:\/\/twitter.com\/villasmilhfoto"]},{"@type":"Person","@id":"https:\/\/digital58.com.ve\/site\/#\/schema\/person\/5ef3ed6588a1de18f098d7d8c909834b","name":"Carolina del Valle Morales","image":{"@type":"ImageObject","inLanguage":"es","@id":"https:\/\/secure.gravatar.com\/avatar\/0cdf0a8cbb9d61ccd1c45dac3181142ad3ad1771aecb28412b09b868d168ef63?s=96&d=mm&r=g","url":"https:\/\/secure.gravatar.com\/avatar\/0cdf0a8cbb9d61ccd1c45dac3181142ad3ad1771aecb28412b09b868d168ef63?s=96&d=mm&r=g","contentUrl":"https:\/\/secure.gravatar.com\/avatar\/0cdf0a8cbb9d61ccd1c45dac3181142ad3ad1771aecb28412b09b868d168ef63?s=96&d=mm&r=g","caption":"Carolina del Valle Morales"},"url":"https:\/\/digital58.com.ve\/site\/author\/vallecarola\/"}]}},"uagb_featured_image_src":{"full":["https:\/\/digital58.com.ve\/site\/wp-content\/uploads\/2023\/05\/WhatsApp-Image-2023-05-26-at-4.56.25-PM-1.jpeg",1280,960,false],"thumbnail":["https:\/\/digital58.com.ve\/site\/wp-content\/uploads\/2023\/05\/WhatsApp-Image-2023-05-26-at-4.56.25-PM-1-150x150.jpeg",150,150,true],"medium":["https:\/\/digital58.com.ve\/site\/wp-content\/uploads\/2023\/05\/WhatsApp-Image-2023-05-26-at-4.56.25-PM-1-300x225.jpeg",300,225,true],"medium_large":["https:\/\/digital58.com.ve\/site\/wp-content\/uploads\/2023\/05\/WhatsApp-Image-2023-05-26-at-4.56.25-PM-1-768x576.jpeg",768,576,true],"large":["https:\/\/digital58.com.ve\/site\/wp-content\/uploads\/2023\/05\/WhatsApp-Image-2023-05-26-at-4.56.25-PM-1-1000x750.jpeg",800,600,true],"1536x1536":["https:\/\/digital58.com.ve\/site\/wp-content\/uploads\/2023\/05\/WhatsApp-Image-2023-05-26-at-4.56.25-PM-1.jpeg",1280,960,false],"2048x2048":["https:\/\/digital58.com.ve\/site\/wp-content\/uploads\/2023\/05\/WhatsApp-Image-2023-05-26-at-4.56.25-PM-1.jpeg",1280,960,false],"colormag-highlighted-post":["https:\/\/digital58.com.ve\/site\/wp-content\/uploads\/2023\/05\/WhatsApp-Image-2023-05-26-at-4.56.25-PM-1-392x272.jpeg",392,272,true],"colormag-featured-post-medium":["https:\/\/digital58.com.ve\/site\/wp-content\/uploads\/2023\/05\/WhatsApp-Image-2023-05-26-at-4.56.25-PM-1-390x205.jpeg",390,205,true],"colormag-featured-post-small":["https:\/\/digital58.com.ve\/site\/wp-content\/uploads\/2023\/05\/WhatsApp-Image-2023-05-26-at-4.56.25-PM-1-130x90.jpeg",130,90,true],"colormag-featured-image":["https:\/\/digital58.com.ve\/site\/wp-content\/uploads\/2023\/05\/WhatsApp-Image-2023-05-26-at-4.56.25-PM-1-800x445.jpeg",800,445,true],"colormag-default-news":["https:\/\/digital58.com.ve\/site\/wp-content\/uploads\/2023\/05\/WhatsApp-Image-2023-05-26-at-4.56.25-PM-1.jpeg",150,113,false],"colormag-featured-image-large":["https:\/\/digital58.com.ve\/site\/wp-content\/uploads\/2023\/05\/WhatsApp-Image-2023-05-26-at-4.56.25-PM-1.jpeg",800,600,false]},"uagb_author_info":{"display_name":"Carolina del Valle Morales","author_link":"https:\/\/digital58.com.ve\/site\/author\/vallecarola\/"},"uagb_comment_info":0,"uagb_excerpt":"A sala llena, present\u00f3 su balance de gesti\u00f3n para el progreso de sus primeros 100 d\u00edas, el presidente del Concejo","_links":{"self":[{"href":"https:\/\/digital58.com.ve\/site\/wp-json\/wp\/v2\/posts\/166741","targetHints":{"allow":["GET"]}}],"collection":[{"href":"https:\/\/digital58.com.ve\/site\/wp-json\/wp\/v2\/posts"}],"about":[{"href":"https:\/\/digital58.com.ve\/site\/wp-json\/wp\/v2\/types\/post"}],"author":[{"embeddable":true,"href":"https:\/\/digital58.com.ve\/site\/wp-json\/wp\/v2\/users\/34"}],"replies":[{"embeddable":true,"href":"https:\/\/digital58.com.ve\/site\/wp-json\/wp\/v2\/comments?post=166741"}],"version-history":[{"count":5,"href":"https:\/\/digital58.com.ve\/site\/wp-json\/wp\/v2\/posts\/166741\/revisions"}],"predecessor-version":[{"id":166752,"href":"https:\/\/digital58.com.ve\/site\/wp-json\/wp\/v2\/posts\/166741\/revisions\/166752"}],"wp:featuredmedia":[{"embeddable":true,"href":"https:\/\/digital58.com.ve\/site\/wp-json\/wp\/v2\/media\/166745"}],"wp:attachment":[{"href":"https:\/\/digital58.com.ve\/site\/wp-json\/wp\/v2\/media?parent=166741"}],"wp:term":[{"taxonomy":"category","embeddable":true,"href":"https:\/\/digital58.com.ve\/site\/wp-json\/wp\/v2\/categories?post=166741"},{"taxonomy":"post_tag","embeddable":true,"href":"https:\/\/digital58.com.ve\/site\/wp-json\/wp\/v2\/tags?post=166741"}],"curies":[{"name":"wp","href":"https:\/\/api.w.org\/{rel}","templated":true}]}}