{"id":166905,"date":"2023-05-28T16:56:17","date_gmt":"2023-05-28T20:56:17","guid":{"rendered":"https:\/\/digital58.com.ve\/site\/?p=166905"},"modified":"2023-05-28T16:56:17","modified_gmt":"2023-05-28T20:56:17","slug":"maduro-viajara-a-brasil-para-retiro-de-lula-con-homologos-suramericanos","status":"publish","type":"post","link":"https:\/\/digital58.com.ve\/site\/2023\/05\/28\/maduro-viajara-a-brasil-para-retiro-de-lula-con-homologos-suramericanos\/","title":{"rendered":"Maduro viajar\u00e1 a Brasil para \u00abretiro\u00bb de Lula con hom\u00f3logos suramericanos"},"content":{"rendered":"<p><img loading=\"lazy\" decoding=\"async\" class=\"alignnone size-large wp-image-166906\" src=\"https:\/\/digital58.com.ve\/site\/wp-content\/uploads\/2023\/05\/maduro-1000x563.jpg\" alt=\"\" width=\"800\" height=\"450\" \/>Los gobernantes de Suram\u00e9rica se re\u00fanen el martes en Brasilia en lo que el gobierno de Luiz In\u00e1cio Lula da Silva presenta como un \u00abretiro\u00bb para reactivar la integraci\u00f3n de una regi\u00f3n con quiebres ideol\u00f3gicos y crisis internas.<\/p>\n<p><strong>Caracas, DC, Venezuela, 28 de mayo de 2023 (ND58).- <\/strong>Con la excepci\u00f3n de la presidenta peruana, Dina Boluarte, todos los mandatarios, diez en total, confirmaron su asistencia. Comenzar\u00e1n a llegar a la capital brasile\u00f1a el lunes para esta primera reuni\u00f3n regional de m\u00e1ximo nivel en casi una d\u00e9cada.<\/p>\n<p><strong>Maduro viajar\u00e1 a Brasil<\/strong><br \/>\nEl presidente Nicol\u00e1s Maduro viajar\u00e1 a Brasil, luego de que le fuera impedido por el exmandatario ultraderechista Jair Bolsonaro (2019-2022).<\/p>\n<p>Pero el gobierno brasile\u00f1o a\u00fan no anunci\u00f3 si Lula mantendr\u00e1 una reuni\u00f3n bilateral con Maduro o con alguno de los dem\u00e1s l\u00edderes invitados.<\/p>\n<p>El evento tendr\u00e1 lugar principalmente en el Palacio de Itamaraty. Esta joya arquitect\u00f3nica rodeada de agua dise\u00f1ada por Oscar Niemeyer sirve de sede de la canciller\u00eda.<\/p>\n<p>Luego de ser recibidos uno a uno por Lula, los presidentes se reunir\u00e1n en dos sesiones. Primero con pronunciamientos individuales y luego para un debate informal. Le seguir\u00e1 una cena en la Alvorada, residencia oficial del mandatario brasile\u00f1o.<\/p>\n<p><strong>Discusiones a puerta cerrada<\/strong><\/p>\n<p>Todas las discusiones ser\u00e1n a puerta cerrada y a\u00fan no est\u00e1 garantizada una declaraci\u00f3n final con una posici\u00f3n com\u00fan.<\/p>\n<p>Sin una agenda preestablecida y con un formato reducido -en la sala solo estar\u00e1n los mandatarios, sus cancilleres y algunos asesores-, la idea del \u00abretiro\u00bb propuesto por Lula es que los pa\u00edses puedan discutir con franqueza los problemas comunes.<\/p>\n<p>Le dar\u00e1 a la cita un aire \u00abdesacartonado\u00bb, \u00abcon el m\u00e1ximo de conversaci\u00f3n posible\u00bb, dijo a la AFP una fuente de canciller\u00eda.<\/p>\n<p>Seg\u00fan Gisela Maria Figuereido, secretaria brasile\u00f1a para Am\u00e9rica Latina y Caribe, el encuentro tendr\u00e1 tres objetivos.<\/p>\n<p>Los dos primeros son \u00abretomar el di\u00e1logo\u00bb para buscar una \u00abvisi\u00f3n com\u00fan\u00bb; y acordar una agenda de cooperaci\u00f3n en temas como salud, infraestructura, energ\u00eda, medioambiente y combate del crimen organizado.<\/p>\n<p>Por ejemplo, el canciller brasile\u00f1o Mauro Vieira dio impulso la semana pasada al llamado \u00abcorredor bioce\u00e1nico\u00bb. Una iniciativa para mover carga entre los oc\u00e9anos Atl\u00e1ntico y Pac\u00edfico, y que discuten desde hace a\u00f1os Per\u00fa, Chile, Brasil, Argentina, Paraguay y Bolivia.<\/p>\n<p>La tercera meta luce m\u00e1s complicada: encontrar un camino para un nuevo mecanismo de integraci\u00f3n suramericana.<\/p>\n<p><strong>M\u00e1s all\u00e1 de Unasur<\/strong><\/p>\n<p>Un encuentro entre los l\u00edderes suramericanos no ocurr\u00eda desde 2014 en Quito, durante la cumbre de Unasur, la instancia creada seis a\u00f1os antes por Lula (2003-2010) y el venezolano Hugo Ch\u00e1vez durante la primera ola de gobiernos izquierdistas.<\/p>\n<p>Pero luego de un giro conservador en las urnas, un Brasil bajo inestabilidad pol\u00edtica tras el \u00abimpeachment\u00bb de Dilma Rousseff en 2016 y las desavenencias entre pa\u00edses por la crisis venezolana, el bloque regional qued\u00f3 pr\u00e1cticamente paralizado, sin presupuesto y sin sede.<\/p>\n<p>Actualmente solo siete de los doce miembros de Unasur siguen en el organismo (Bolivia, Guyana, Surinam, Venezuela y Per\u00fa -que nunca lo abandonaron-, adem\u00e1s de Brasil y Argentina, que regresaron este a\u00f1o).<\/p>\n<p><strong>El gobierno brasile\u00f1o no descarta, sin embargo, que el nuevo ente se construya desde cero.<\/strong><\/p>\n<p>\u00abEsperamos dar inicio a un di\u00e1logo entre todos para volver a contar con un mecanismo de concertaci\u00f3n inclusivo, eficaz y permanente que pueda estar por encima de las orientaciones de los gobiernos de turno\u00bb, dijo esta semana Vieira.<\/p>\n<p>Para Jason Marczak, del Atlantic Council en Washington, la cita \u00abes potencialmente un primer intento de Lula para ver qu\u00e9 se puede lograr\u00bb en integraci\u00f3n suramericana.<\/p>\n<p>\u00abLula est\u00e1 buscando c\u00f3mo hacer\u00bb que su tercera presidencia sirva para \u00abinsertar a\u00fan m\u00e1s a Brasil como un l\u00edder y avanzar una gran variedad de temas globales\u00bb, afirm\u00f3 a la AFP.<\/p>\n<p>Pero sin discusiones t\u00e9cnicas previas entre los pa\u00edses, el encuentro ser\u00e1 \u00abmeramente simb\u00f3lico\u00bb, afirma Eduardo Mello, internacionalista de la Fundaci\u00f3n Getulio Vargas.<\/p>\n<p>\u00abHay problemas estructurales, la regi\u00f3n pasa por crisis pol\u00edticas y econ\u00f3micas desde hace m\u00e1s de una d\u00e9cada, y los principales proyectos de desarrollo econ\u00f3mico suramericanos fracasaron\u00bb, dijo a la AFP.<\/p>\n<p><strong>\u00abSon factores estructurales que no se resuelven con voluntad, conversando\u00bb.<\/strong><\/p><div class=\"beauz69ec9325ae3d2\" ><p style=\"text-align: center;\"><a href=\"https:\/\/t.me\/noticiasdigital58\" target=\"_blank\" rel=\"noopener\"><img class=\"aligncenter size-full wp-image-125363\" src=\"https:\/\/digital58.com.ve\/site\/wp-content\/uploads\/2021\/04\/banner-telegram-web-2021.png\" alt=\"\" width=\"600\" height=\"90\" \/><\/a><\/p><\/div><style type=\"text\/css\">\r\n@media screen and (min-width: 1201px) {\r\n.beauz69ec9325ae3d2 {\r\ndisplay: block;\r\n}\r\n}\r\n@media screen and (min-width: 993px) and (max-width: 1200px) {\r\n.beauz69ec9325ae3d2 {\r\ndisplay: block;\r\n}\r\n}\r\n@media screen and (min-width: 769px) and (max-width: 992px) {\r\n.beauz69ec9325ae3d2 {\r\ndisplay: block;\r\n}\r\n}\r\n@media screen and (min-width: 768px) and (max-width: 768px) {\r\n.beauz69ec9325ae3d2 {\r\ndisplay: block;\r\n}\r\n}\r\n@media screen and (max-width: 767px) {\r\n.beauz69ec9325ae3d2 {\r\ndisplay: block;\r\n}\r\n}\r\n<\/style>\r\n\n<p class=\"p1\"><b>Redacci\u00f3n ND58 | AFP<\/b><br \/>\n<b>Edici\u00f3n: \u00c1\u00f1ez, Caren\u00a0<\/b><br \/>\n<b>Gr\u00e1fica: Cortes\u00eda <\/b><\/p>\n<div style=\"margin-top: 0px; margin-bottom: 0px;\" class=\"sharethis-inline-share-buttons\" ><\/div>","protected":false},"excerpt":{"rendered":"<p>Los gobernantes de Suram\u00e9rica se re\u00fanen el martes en Brasilia en lo que el gobierno de Luiz In\u00e1cio Lula da<\/p>\n","protected":false},"author":39,"featured_media":166906,"comment_status":"open","ping_status":"closed","sticky":false,"template":"","format":"standard","meta":{"colormag_page_container_layout":"default_layout","colormag_page_sidebar_layout":"default_layout","_uag_custom_page_level_css":"","footnotes":""},"categories":[16451],"tags":[35,13326,8,29270,14182,21283,20199],"class_list":["post-166905","post","type-post","status-publish","format-standard","has-post-thumbnail","hentry","category-mundo","tag-brasil","tag-brasilia","tag-internacionales","tag-luiz-inacio-lula-da-silva","tag-nicolas-maduro-moros","tag-politicos","tag-presidentes"],"yoast_head":"<!-- This site is optimized with the Yoast SEO plugin v27.4 - https:\/\/yoast.com\/product\/yoast-seo-wordpress\/ -->\n<title>Maduro viajar\u00e1 a Brasil para \u00abretiro\u00bb de Lula con hom\u00f3logos suramericanos<\/title>\n<meta name=\"robots\" content=\"index, follow, max-snippet:-1, max-image-preview:large, max-video-preview:-1\" \/>\n<link rel=\"canonical\" href=\"https:\/\/digital58.com.ve\/site\/2023\/05\/28\/maduro-viajara-a-brasil-para-retiro-de-lula-con-homologos-suramericanos\/\" \/>\n<meta property=\"og:locale\" content=\"es_ES\" \/>\n<meta property=\"og:type\" content=\"article\" \/>\n<meta property=\"og:title\" content=\"Maduro viajar\u00e1 a Brasil para \u00abretiro\u00bb de Lula con hom\u00f3logos suramericanos\" \/>\n<meta property=\"og:url\" content=\"https:\/\/digital58.com.ve\/site\/2023\/05\/28\/maduro-viajara-a-brasil-para-retiro-de-lula-con-homologos-suramericanos\/\" \/>\n<meta property=\"og:site_name\" content=\"Noticias Digital58\" \/>\n<meta property=\"article:published_time\" content=\"2023-05-28T20:56:17+00:00\" \/>\n<meta property=\"og:image\" content=\"https:\/\/i0.wp.com\/digital58.com.ve\/site\/wp-content\/uploads\/2023\/05\/maduro-e1685307347838.jpg?fit=800%2C450&ssl=1\" \/>\n\t<meta property=\"og:image:width\" content=\"800\" \/>\n\t<meta property=\"og:image:height\" content=\"450\" \/>\n\t<meta property=\"og:image:type\" content=\"image\/jpeg\" \/>\n<meta name=\"author\" content=\"Caren A\u00f1ez\" \/>\n<meta name=\"twitter:card\" content=\"summary_large_image\" \/>\n<meta name=\"twitter:creator\" content=\"@carenanez\" \/>\n<meta name=\"twitter:site\" content=\"@villasmilhfoto\" \/>\n<meta name=\"twitter:label1\" content=\"Escrito por\" \/>\n\t<meta name=\"twitter:data1\" content=\"Caren A\u00f1ez\" \/>\n\t<meta name=\"twitter:label2\" content=\"Tiempo estimado de lectura\" \/>\n\t<meta name=\"twitter:data2\" content=\"4 minutos\" \/>\n<script type=\"application\/ld+json\" class=\"yoast-schema-graph\">{\"@context\":\"https:\\\/\\\/schema.org\",\"@graph\":[{\"@type\":\"Article\",\"@id\":\"https:\\\/\\\/digital58.com.ve\\\/site\\\/2023\\\/05\\\/28\\\/maduro-viajara-a-brasil-para-retiro-de-lula-con-homologos-suramericanos\\\/#article\",\"isPartOf\":{\"@id\":\"https:\\\/\\\/digital58.com.ve\\\/site\\\/2023\\\/05\\\/28\\\/maduro-viajara-a-brasil-para-retiro-de-lula-con-homologos-suramericanos\\\/\"},\"author\":{\"name\":\"Caren A\u00f1ez\",\"@id\":\"https:\\\/\\\/digital58.com.ve\\\/site\\\/#\\\/schema\\\/person\\\/38596b127602deaa13fbcd7585635238\"},\"headline\":\"Maduro viajar\u00e1 a Brasil para \u00abretiro\u00bb de Lula con hom\u00f3logos suramericanos\",\"datePublished\":\"2023-05-28T20:56:17+00:00\",\"mainEntityOfPage\":{\"@id\":\"https:\\\/\\\/digital58.com.ve\\\/site\\\/2023\\\/05\\\/28\\\/maduro-viajara-a-brasil-para-retiro-de-lula-con-homologos-suramericanos\\\/\"},\"wordCount\":769,\"commentCount\":0,\"publisher\":{\"@id\":\"https:\\\/\\\/digital58.com.ve\\\/site\\\/#\\\/schema\\\/person\\\/64d1c2e4d0d4fd1b849980c4331c2951\"},\"image\":{\"@id\":\"https:\\\/\\\/digital58.com.ve\\\/site\\\/2023\\\/05\\\/28\\\/maduro-viajara-a-brasil-para-retiro-de-lula-con-homologos-suramericanos\\\/#primaryimage\"},\"thumbnailUrl\":\"https:\\\/\\\/digital58.com.ve\\\/site\\\/wp-content\\\/uploads\\\/2023\\\/05\\\/maduro-e1685307347838.jpg\",\"keywords\":[\"Brasil\",\"Brasilia\",\"Internacionales\",\"Luiz In\u00e1cio Lula da Silva\",\"Nicol\u00e1s Maduro Moros\",\"Pol\u00edticos\",\"Presidentes\"],\"articleSection\":[\"Mundo\"],\"inLanguage\":\"es\",\"potentialAction\":[{\"@type\":\"CommentAction\",\"name\":\"Comment\",\"target\":[\"https:\\\/\\\/digital58.com.ve\\\/site\\\/2023\\\/05\\\/28\\\/maduro-viajara-a-brasil-para-retiro-de-lula-con-homologos-suramericanos\\\/#respond\"]}]},{\"@type\":\"WebPage\",\"@id\":\"https:\\\/\\\/digital58.com.ve\\\/site\\\/2023\\\/05\\\/28\\\/maduro-viajara-a-brasil-para-retiro-de-lula-con-homologos-suramericanos\\\/\",\"url\":\"https:\\\/\\\/digital58.com.ve\\\/site\\\/2023\\\/05\\\/28\\\/maduro-viajara-a-brasil-para-retiro-de-lula-con-homologos-suramericanos\\\/\",\"name\":\"Maduro viajar\u00e1 a Brasil para \u00abretiro\u00bb de Lula con hom\u00f3logos suramericanos\",\"isPartOf\":{\"@id\":\"https:\\\/\\\/digital58.com.ve\\\/site\\\/#website\"},\"primaryImageOfPage\":{\"@id\":\"https:\\\/\\\/digital58.com.ve\\\/site\\\/2023\\\/05\\\/28\\\/maduro-viajara-a-brasil-para-retiro-de-lula-con-homologos-suramericanos\\\/#primaryimage\"},\"image\":{\"@id\":\"https:\\\/\\\/digital58.com.ve\\\/site\\\/2023\\\/05\\\/28\\\/maduro-viajara-a-brasil-para-retiro-de-lula-con-homologos-suramericanos\\\/#primaryimage\"},\"thumbnailUrl\":\"https:\\\/\\\/digital58.com.ve\\\/site\\\/wp-content\\\/uploads\\\/2023\\\/05\\\/maduro-e1685307347838.jpg\",\"datePublished\":\"2023-05-28T20:56:17+00:00\",\"breadcrumb\":{\"@id\":\"https:\\\/\\\/digital58.com.ve\\\/site\\\/2023\\\/05\\\/28\\\/maduro-viajara-a-brasil-para-retiro-de-lula-con-homologos-suramericanos\\\/#breadcrumb\"},\"inLanguage\":\"es\",\"potentialAction\":[{\"@type\":\"ReadAction\",\"target\":[\"https:\\\/\\\/digital58.com.ve\\\/site\\\/2023\\\/05\\\/28\\\/maduro-viajara-a-brasil-para-retiro-de-lula-con-homologos-suramericanos\\\/\"]}]},{\"@type\":\"ImageObject\",\"inLanguage\":\"es\",\"@id\":\"https:\\\/\\\/digital58.com.ve\\\/site\\\/2023\\\/05\\\/28\\\/maduro-viajara-a-brasil-para-retiro-de-lula-con-homologos-suramericanos\\\/#primaryimage\",\"url\":\"https:\\\/\\\/digital58.com.ve\\\/site\\\/wp-content\\\/uploads\\\/2023\\\/05\\\/maduro-e1685307347838.jpg\",\"contentUrl\":\"https:\\\/\\\/digital58.com.ve\\\/site\\\/wp-content\\\/uploads\\\/2023\\\/05\\\/maduro-e1685307347838.jpg\",\"width\":800,\"height\":450},{\"@type\":\"BreadcrumbList\",\"@id\":\"https:\\\/\\\/digital58.com.ve\\\/site\\\/2023\\\/05\\\/28\\\/maduro-viajara-a-brasil-para-retiro-de-lula-con-homologos-suramericanos\\\/#breadcrumb\",\"itemListElement\":[{\"@type\":\"ListItem\",\"position\":1,\"name\":\"Home\",\"item\":\"https:\\\/\\\/digital58.com.ve\\\/site\\\/\"},{\"@type\":\"ListItem\",\"position\":2,\"name\":\"Maduro viajar\u00e1 a Brasil para \u00abretiro\u00bb de Lula con hom\u00f3logos suramericanos\"}]},{\"@type\":\"WebSite\",\"@id\":\"https:\\\/\\\/digital58.com.ve\\\/site\\\/#website\",\"url\":\"https:\\\/\\\/digital58.com.ve\\\/site\\\/\",\"name\":\"Noticias Digital58\",\"description\":\"Portal de Noticias \u00a1Periodismo web de verdad! Lanzamiento web 22.11.2005 \\\/ Maracaibo, Venezuela\",\"publisher\":{\"@id\":\"https:\\\/\\\/digital58.com.ve\\\/site\\\/#\\\/schema\\\/person\\\/64d1c2e4d0d4fd1b849980c4331c2951\"},\"alternateName\":\"ND58\",\"potentialAction\":[{\"@type\":\"SearchAction\",\"target\":{\"@type\":\"EntryPoint\",\"urlTemplate\":\"https:\\\/\\\/digital58.com.ve\\\/site\\\/?s={search_term_string}\"},\"query-input\":{\"@type\":\"PropertyValueSpecification\",\"valueRequired\":true,\"valueName\":\"search_term_string\"}}],\"inLanguage\":\"es\"},{\"@type\":[\"Person\",\"Organization\"],\"@id\":\"https:\\\/\\\/digital58.com.ve\\\/site\\\/#\\\/schema\\\/person\\\/64d1c2e4d0d4fd1b849980c4331c2951\",\"name\":\"Villasmil Henry\",\"image\":{\"@type\":\"ImageObject\",\"inLanguage\":\"es\",\"@id\":\"https:\\\/\\\/secure.gravatar.com\\\/avatar\\\/bb0c4a2fcb7970138239f7e404ea75757b1b507b28b5ce4c53fbd62d797c5a7c?s=96&d=mm&r=g\",\"url\":\"https:\\\/\\\/secure.gravatar.com\\\/avatar\\\/bb0c4a2fcb7970138239f7e404ea75757b1b507b28b5ce4c53fbd62d797c5a7c?s=96&d=mm&r=g\",\"contentUrl\":\"https:\\\/\\\/secure.gravatar.com\\\/avatar\\\/bb0c4a2fcb7970138239f7e404ea75757b1b507b28b5ce4c53fbd62d797c5a7c?s=96&d=mm&r=g\",\"caption\":\"Villasmil Henry\"},\"logo\":{\"@id\":\"https:\\\/\\\/secure.gravatar.com\\\/avatar\\\/bb0c4a2fcb7970138239f7e404ea75757b1b507b28b5ce4c53fbd62d797c5a7c?s=96&d=mm&r=g\"},\"sameAs\":[\"http:\\\/\\\/www.henryvillasmil.com.ve\",\"https:\\\/\\\/www.instagram.com\\\/villasmilhfoto\\\/\",\"https:\\\/\\\/x.com\\\/https:\\\/\\\/twitter.com\\\/villasmilhfoto\"]},{\"@type\":\"Person\",\"@id\":\"https:\\\/\\\/digital58.com.ve\\\/site\\\/#\\\/schema\\\/person\\\/38596b127602deaa13fbcd7585635238\",\"name\":\"Caren A\u00f1ez\",\"image\":{\"@type\":\"ImageObject\",\"inLanguage\":\"es\",\"@id\":\"https:\\\/\\\/secure.gravatar.com\\\/avatar\\\/53aadd693aa414991c9ff2f2b19c39be94d2c342463b80f5402d344911bc9782?s=96&d=mm&r=g\",\"url\":\"https:\\\/\\\/secure.gravatar.com\\\/avatar\\\/53aadd693aa414991c9ff2f2b19c39be94d2c342463b80f5402d344911bc9782?s=96&d=mm&r=g\",\"contentUrl\":\"https:\\\/\\\/secure.gravatar.com\\\/avatar\\\/53aadd693aa414991c9ff2f2b19c39be94d2c342463b80f5402d344911bc9782?s=96&d=mm&r=g\",\"caption\":\"Caren A\u00f1ez\"},\"description\":\"\ud83d\udc69\u200d\ud83c\udfa4Editora en @digital_58 \ud83d\udc69\ud83c\udffb\u200d\ud83c\udfebPeriodista musical y de entretenimiento. \ud83d\udcf8Fotografa \ud83d\udc69\ud83c\udffb\u200d\ud83d\udcbbMedia Management. \ud83d\udc69\u200d\ud83d\udc67\u200d\ud83d\udc67AspieMon 24\\\/7\",\"sameAs\":[\"https:\\\/\\\/www.instagram.com\\\/carenanez\\\/\",\"https:\\\/\\\/x.com\\\/carenanez\"],\"url\":\"https:\\\/\\\/digital58.com.ve\\\/site\\\/author\\\/carena21\\\/\"}]}<\/script>\n<!-- \/ Yoast SEO plugin. -->","yoast_head_json":{"title":"Maduro viajar\u00e1 a Brasil para \u00abretiro\u00bb de Lula con hom\u00f3logos suramericanos","robots":{"index":"index","follow":"follow","max-snippet":"max-snippet:-1","max-image-preview":"max-image-preview:large","max-video-preview":"max-video-preview:-1"},"canonical":"https:\/\/digital58.com.ve\/site\/2023\/05\/28\/maduro-viajara-a-brasil-para-retiro-de-lula-con-homologos-suramericanos\/","og_locale":"es_ES","og_type":"article","og_title":"Maduro viajar\u00e1 a Brasil para \u00abretiro\u00bb de Lula con hom\u00f3logos suramericanos","og_url":"https:\/\/digital58.com.ve\/site\/2023\/05\/28\/maduro-viajara-a-brasil-para-retiro-de-lula-con-homologos-suramericanos\/","og_site_name":"Noticias Digital58","article_published_time":"2023-05-28T20:56:17+00:00","og_image":[{"width":800,"height":450,"url":"https:\/\/i0.wp.com\/digital58.com.ve\/site\/wp-content\/uploads\/2023\/05\/maduro-e1685307347838.jpg?fit=800%2C450&ssl=1","type":"image\/jpeg"}],"author":"Caren A\u00f1ez","twitter_card":"summary_large_image","twitter_creator":"@carenanez","twitter_site":"@villasmilhfoto","twitter_misc":{"Escrito por":"Caren A\u00f1ez","Tiempo estimado de lectura":"4 minutos"},"schema":{"@context":"https:\/\/schema.org","@graph":[{"@type":"Article","@id":"https:\/\/digital58.com.ve\/site\/2023\/05\/28\/maduro-viajara-a-brasil-para-retiro-de-lula-con-homologos-suramericanos\/#article","isPartOf":{"@id":"https:\/\/digital58.com.ve\/site\/2023\/05\/28\/maduro-viajara-a-brasil-para-retiro-de-lula-con-homologos-suramericanos\/"},"author":{"name":"Caren A\u00f1ez","@id":"https:\/\/digital58.com.ve\/site\/#\/schema\/person\/38596b127602deaa13fbcd7585635238"},"headline":"Maduro viajar\u00e1 a Brasil para \u00abretiro\u00bb de Lula con hom\u00f3logos suramericanos","datePublished":"2023-05-28T20:56:17+00:00","mainEntityOfPage":{"@id":"https:\/\/digital58.com.ve\/site\/2023\/05\/28\/maduro-viajara-a-brasil-para-retiro-de-lula-con-homologos-suramericanos\/"},"wordCount":769,"commentCount":0,"publisher":{"@id":"https:\/\/digital58.com.ve\/site\/#\/schema\/person\/64d1c2e4d0d4fd1b849980c4331c2951"},"image":{"@id":"https:\/\/digital58.com.ve\/site\/2023\/05\/28\/maduro-viajara-a-brasil-para-retiro-de-lula-con-homologos-suramericanos\/#primaryimage"},"thumbnailUrl":"https:\/\/digital58.com.ve\/site\/wp-content\/uploads\/2023\/05\/maduro-e1685307347838.jpg","keywords":["Brasil","Brasilia","Internacionales","Luiz In\u00e1cio Lula da Silva","Nicol\u00e1s Maduro Moros","Pol\u00edticos","Presidentes"],"articleSection":["Mundo"],"inLanguage":"es","potentialAction":[{"@type":"CommentAction","name":"Comment","target":["https:\/\/digital58.com.ve\/site\/2023\/05\/28\/maduro-viajara-a-brasil-para-retiro-de-lula-con-homologos-suramericanos\/#respond"]}]},{"@type":"WebPage","@id":"https:\/\/digital58.com.ve\/site\/2023\/05\/28\/maduro-viajara-a-brasil-para-retiro-de-lula-con-homologos-suramericanos\/","url":"https:\/\/digital58.com.ve\/site\/2023\/05\/28\/maduro-viajara-a-brasil-para-retiro-de-lula-con-homologos-suramericanos\/","name":"Maduro viajar\u00e1 a Brasil para \u00abretiro\u00bb de Lula con hom\u00f3logos suramericanos","isPartOf":{"@id":"https:\/\/digital58.com.ve\/site\/#website"},"primaryImageOfPage":{"@id":"https:\/\/digital58.com.ve\/site\/2023\/05\/28\/maduro-viajara-a-brasil-para-retiro-de-lula-con-homologos-suramericanos\/#primaryimage"},"image":{"@id":"https:\/\/digital58.com.ve\/site\/2023\/05\/28\/maduro-viajara-a-brasil-para-retiro-de-lula-con-homologos-suramericanos\/#primaryimage"},"thumbnailUrl":"https:\/\/digital58.com.ve\/site\/wp-content\/uploads\/2023\/05\/maduro-e1685307347838.jpg","datePublished":"2023-05-28T20:56:17+00:00","breadcrumb":{"@id":"https:\/\/digital58.com.ve\/site\/2023\/05\/28\/maduro-viajara-a-brasil-para-retiro-de-lula-con-homologos-suramericanos\/#breadcrumb"},"inLanguage":"es","potentialAction":[{"@type":"ReadAction","target":["https:\/\/digital58.com.ve\/site\/2023\/05\/28\/maduro-viajara-a-brasil-para-retiro-de-lula-con-homologos-suramericanos\/"]}]},{"@type":"ImageObject","inLanguage":"es","@id":"https:\/\/digital58.com.ve\/site\/2023\/05\/28\/maduro-viajara-a-brasil-para-retiro-de-lula-con-homologos-suramericanos\/#primaryimage","url":"https:\/\/digital58.com.ve\/site\/wp-content\/uploads\/2023\/05\/maduro-e1685307347838.jpg","contentUrl":"https:\/\/digital58.com.ve\/site\/wp-content\/uploads\/2023\/05\/maduro-e1685307347838.jpg","width":800,"height":450},{"@type":"BreadcrumbList","@id":"https:\/\/digital58.com.ve\/site\/2023\/05\/28\/maduro-viajara-a-brasil-para-retiro-de-lula-con-homologos-suramericanos\/#breadcrumb","itemListElement":[{"@type":"ListItem","position":1,"name":"Home","item":"https:\/\/digital58.com.ve\/site\/"},{"@type":"ListItem","position":2,"name":"Maduro viajar\u00e1 a Brasil para \u00abretiro\u00bb de Lula con hom\u00f3logos suramericanos"}]},{"@type":"WebSite","@id":"https:\/\/digital58.com.ve\/site\/#website","url":"https:\/\/digital58.com.ve\/site\/","name":"Noticias Digital58","description":"Portal de Noticias \u00a1Periodismo web de verdad! Lanzamiento web 22.11.2005 \/ Maracaibo, Venezuela","publisher":{"@id":"https:\/\/digital58.com.ve\/site\/#\/schema\/person\/64d1c2e4d0d4fd1b849980c4331c2951"},"alternateName":"ND58","potentialAction":[{"@type":"SearchAction","target":{"@type":"EntryPoint","urlTemplate":"https:\/\/digital58.com.ve\/site\/?s={search_term_string}"},"query-input":{"@type":"PropertyValueSpecification","valueRequired":true,"valueName":"search_term_string"}}],"inLanguage":"es"},{"@type":["Person","Organization"],"@id":"https:\/\/digital58.com.ve\/site\/#\/schema\/person\/64d1c2e4d0d4fd1b849980c4331c2951","name":"Villasmil Henry","image":{"@type":"ImageObject","inLanguage":"es","@id":"https:\/\/secure.gravatar.com\/avatar\/bb0c4a2fcb7970138239f7e404ea75757b1b507b28b5ce4c53fbd62d797c5a7c?s=96&d=mm&r=g","url":"https:\/\/secure.gravatar.com\/avatar\/bb0c4a2fcb7970138239f7e404ea75757b1b507b28b5ce4c53fbd62d797c5a7c?s=96&d=mm&r=g","contentUrl":"https:\/\/secure.gravatar.com\/avatar\/bb0c4a2fcb7970138239f7e404ea75757b1b507b28b5ce4c53fbd62d797c5a7c?s=96&d=mm&r=g","caption":"Villasmil Henry"},"logo":{"@id":"https:\/\/secure.gravatar.com\/avatar\/bb0c4a2fcb7970138239f7e404ea75757b1b507b28b5ce4c53fbd62d797c5a7c?s=96&d=mm&r=g"},"sameAs":["http:\/\/www.henryvillasmil.com.ve","https:\/\/www.instagram.com\/villasmilhfoto\/","https:\/\/x.com\/https:\/\/twitter.com\/villasmilhfoto"]},{"@type":"Person","@id":"https:\/\/digital58.com.ve\/site\/#\/schema\/person\/38596b127602deaa13fbcd7585635238","name":"Caren A\u00f1ez","image":{"@type":"ImageObject","inLanguage":"es","@id":"https:\/\/secure.gravatar.com\/avatar\/53aadd693aa414991c9ff2f2b19c39be94d2c342463b80f5402d344911bc9782?s=96&d=mm&r=g","url":"https:\/\/secure.gravatar.com\/avatar\/53aadd693aa414991c9ff2f2b19c39be94d2c342463b80f5402d344911bc9782?s=96&d=mm&r=g","contentUrl":"https:\/\/secure.gravatar.com\/avatar\/53aadd693aa414991c9ff2f2b19c39be94d2c342463b80f5402d344911bc9782?s=96&d=mm&r=g","caption":"Caren A\u00f1ez"},"description":"\ud83d\udc69\u200d\ud83c\udfa4Editora en @digital_58 \ud83d\udc69\ud83c\udffb\u200d\ud83c\udfebPeriodista musical y de entretenimiento. \ud83d\udcf8Fotografa \ud83d\udc69\ud83c\udffb\u200d\ud83d\udcbbMedia Management. \ud83d\udc69\u200d\ud83d\udc67\u200d\ud83d\udc67AspieMon 24\/7","sameAs":["https:\/\/www.instagram.com\/carenanez\/","https:\/\/x.com\/carenanez"],"url":"https:\/\/digital58.com.ve\/site\/author\/carena21\/"}]}},"uagb_featured_image_src":{"full":["https:\/\/digital58.com.ve\/site\/wp-content\/uploads\/2023\/05\/maduro-e1685307347838.jpg",800,450,false],"thumbnail":["https:\/\/digital58.com.ve\/site\/wp-content\/uploads\/2023\/05\/maduro-e1685307347838-150x150.jpg",150,150,true],"medium":["https:\/\/digital58.com.ve\/site\/wp-content\/uploads\/2023\/05\/maduro-e1685307347838-300x169.jpg",300,169,true],"medium_large":["https:\/\/digital58.com.ve\/site\/wp-content\/uploads\/2023\/05\/maduro-e1685307347838-768x432.jpg",768,432,true],"large":["https:\/\/digital58.com.ve\/site\/wp-content\/uploads\/2023\/05\/maduro-1000x563.jpg",800,450,true],"1536x1536":["https:\/\/digital58.com.ve\/site\/wp-content\/uploads\/2023\/05\/maduro-1536x864.jpg",1536,864,true],"2048x2048":["https:\/\/digital58.com.ve\/site\/wp-content\/uploads\/2023\/05\/maduro-e1685307347838.jpg",800,450,false],"colormag-highlighted-post":["https:\/\/digital58.com.ve\/site\/wp-content\/uploads\/2023\/05\/maduro-e1685307347838-392x272.jpg",392,272,true],"colormag-featured-post-medium":["https:\/\/digital58.com.ve\/site\/wp-content\/uploads\/2023\/05\/maduro-e1685307347838-390x205.jpg",390,205,true],"colormag-featured-post-small":["https:\/\/digital58.com.ve\/site\/wp-content\/uploads\/2023\/05\/maduro-e1685307347838-130x90.jpg",130,90,true],"colormag-featured-image":["https:\/\/digital58.com.ve\/site\/wp-content\/uploads\/2023\/05\/maduro-e1685307347838-800x445.jpg",800,445,true],"colormag-default-news":["https:\/\/digital58.com.ve\/site\/wp-content\/uploads\/2023\/05\/maduro-e1685307347838.jpg",150,84,false],"colormag-featured-image-large":["https:\/\/digital58.com.ve\/site\/wp-content\/uploads\/2023\/05\/maduro-e1685307347838.jpg",800,450,false]},"uagb_author_info":{"display_name":"Caren A\u00f1ez","author_link":"https:\/\/digital58.com.ve\/site\/author\/carena21\/"},"uagb_comment_info":0,"uagb_excerpt":"Los gobernantes de Suram\u00e9rica se re\u00fanen el martes en Brasilia en lo que el gobierno de Luiz In\u00e1cio Lula da","_links":{"self":[{"href":"https:\/\/digital58.com.ve\/site\/wp-json\/wp\/v2\/posts\/166905","targetHints":{"allow":["GET"]}}],"collection":[{"href":"https:\/\/digital58.com.ve\/site\/wp-json\/wp\/v2\/posts"}],"about":[{"href":"https:\/\/digital58.com.ve\/site\/wp-json\/wp\/v2\/types\/post"}],"author":[{"embeddable":true,"href":"https:\/\/digital58.com.ve\/site\/wp-json\/wp\/v2\/users\/39"}],"replies":[{"embeddable":true,"href":"https:\/\/digital58.com.ve\/site\/wp-json\/wp\/v2\/comments?post=166905"}],"version-history":[{"count":1,"href":"https:\/\/digital58.com.ve\/site\/wp-json\/wp\/v2\/posts\/166905\/revisions"}],"predecessor-version":[{"id":166907,"href":"https:\/\/digital58.com.ve\/site\/wp-json\/wp\/v2\/posts\/166905\/revisions\/166907"}],"wp:featuredmedia":[{"embeddable":true,"href":"https:\/\/digital58.com.ve\/site\/wp-json\/wp\/v2\/media\/166906"}],"wp:attachment":[{"href":"https:\/\/digital58.com.ve\/site\/wp-json\/wp\/v2\/media?parent=166905"}],"wp:term":[{"taxonomy":"category","embeddable":true,"href":"https:\/\/digital58.com.ve\/site\/wp-json\/wp\/v2\/categories?post=166905"},{"taxonomy":"post_tag","embeddable":true,"href":"https:\/\/digital58.com.ve\/site\/wp-json\/wp\/v2\/tags?post=166905"}],"curies":[{"name":"wp","href":"https:\/\/api.w.org\/{rel}","templated":true}]}}