{"id":167069,"date":"2023-05-31T09:07:14","date_gmt":"2023-05-31T13:07:14","guid":{"rendered":"https:\/\/digital58.com.ve\/site\/?p=167069"},"modified":"2023-05-31T13:08:34","modified_gmt":"2023-05-31T17:08:34","slug":"llega-primer-vuelo-directo-entre-venezuela-y-siria-en-mas-de-10-anos","status":"publish","type":"post","link":"https:\/\/digital58.com.ve\/site\/2023\/05\/31\/llega-primer-vuelo-directo-entre-venezuela-y-siria-en-mas-de-10-anos\/","title":{"rendered":"Llega primer vuelo directo entre Venezuela y Siria en mas de 10 a\u00f1os"},"content":{"rendered":"<p><img loading=\"lazy\" decoding=\"async\" class=\"size-large wp-image-167074 aligncenter\" src=\"https:\/\/digital58.com.ve\/site\/wp-content\/uploads\/2023\/05\/Fxc6-FEX0AAeQ0f-563x1000.jpeg\" alt=\"\" width=\"563\" height=\"1000\" \/><\/p>\n<p>Un avi\u00f3n comercial de la aerol\u00ednea venezolana Conviasa aterriz\u00f3 este mi\u00e9rcoles en Damasco, la primera conexi\u00f3n sin escalas entre ambos pa\u00edses desde el inicio del conflicto armado en el pa\u00eds sirio hace casi 12 a\u00f1os.<\/p>\n<p><strong>Beirut, 31 de mayo de 2023 (ND58).- \u00ab<\/strong>Despu\u00e9s de doce a\u00f1os, se reanudan los vuelos entre nuestros dos pa\u00edses\u00ab, dijo el ministro de Transporte, Ram\u00f3n Vel\u00e1squez Araguay\u00e1n, tras aterrizar en la capital siria.<\/p>\n<p>Est\u00e1 previsto que Conviasa siga los vuelos con esta ruta cada dos semanas, saliendo en martes del Aeropuerto Internacional Sim\u00f3n Bol\u00edvar de Maiquet\u00eda y los jueves del Aeropuerto Internacional de Damasco.<\/p>\n<p><img loading=\"lazy\" decoding=\"async\" class=\"size-large wp-image-167073 aligncenter\" src=\"https:\/\/digital58.com.ve\/site\/wp-content\/uploads\/2023\/05\/Fxc6-E-WIAArP2Z-750x1000.jpeg\" alt=\"\" width=\"750\" height=\"1000\" \/><\/p>\n<p>\u00abHoy unimos a los pueblos hermanos de Siria y Venezuela en un vuelo de la aerol\u00ednea bandera Conviasa que tendr\u00e1 una frecuencia quincenal y conectar\u00e1 a Caracas con Damasco\u00ab, dijo Vel\u00e1squez en su cuenta de Twitter.<\/p>\n<blockquote class=\"twitter-tweet\">\n<p dir=\"ltr\" lang=\"es\"><a href=\"https:\/\/twitter.com\/hashtag\/31May?src=hash&amp;ref_src=twsrc%5Etfw\">#31May<\/a> As\u00ed lleg\u00f3 el vuelo directo de Conviasa en la ruta Caracas- Damasco; con esta operaci\u00f3n ratificamos la cooperaci\u00f3n entre ambas naciones en todos los niveles, econ\u00f3mico, diplom\u00e1tico, comercial y cultural. Cumpliendo la instrucci\u00f3n del presidente <a href=\"https:\/\/twitter.com\/NicolasMaduro?ref_src=twsrc%5Etfw\">@NicolasMaduro<\/a> <a href=\"https:\/\/t.co\/FQKlN3Gp7R\">pic.twitter.com\/FQKlN3Gp7R<\/a><\/p>\n<p>\u2014 Ram\u00f3n Celestino Vel\u00e1squez Araguay\u00e1n (@rvaraguayan) <a href=\"https:\/\/twitter.com\/rvaraguayan\/status\/1663863533040283649?ref_src=twsrc%5Etfw\">May 31, 2023<\/a><\/p><\/blockquote>\n<p>El ministro particip\u00f3 en una ceremonia de inauguraci\u00f3n oficial de la ruta en el aer\u00f3dromo Sim\u00f3n Bol\u00edvar antes de tomar parte en el vuelo inaugural.<\/p>\n<p class=\"p1\"><b>Redacci\u00f3n ND58 | Fuente: NDP\u00a0<\/b><br \/>\n<b>Edici\u00f3n: \u00c1\u00f1ez, Caren\u00a0<\/b><br \/>\n<b>Gr\u00e1fica: Cortes\u00eda <\/b><\/p>\n<p>&nbsp;<\/p><div class=\"tjbsq69ec81f0466b7\" ><p style=\"text-align: center;\"><a href=\"https:\/\/t.me\/noticiasdigital58\" target=\"_blank\" rel=\"noopener\"><img class=\"aligncenter size-full wp-image-125363\" src=\"https:\/\/digital58.com.ve\/site\/wp-content\/uploads\/2021\/04\/banner-telegram-web-2021.png\" alt=\"\" width=\"600\" height=\"90\" \/><\/a><\/p><\/div><style type=\"text\/css\">\r\n@media screen and (min-width: 1201px) {\r\n.tjbsq69ec81f0466b7 {\r\ndisplay: block;\r\n}\r\n}\r\n@media screen and (min-width: 993px) and (max-width: 1200px) {\r\n.tjbsq69ec81f0466b7 {\r\ndisplay: block;\r\n}\r\n}\r\n@media screen and (min-width: 769px) and (max-width: 992px) {\r\n.tjbsq69ec81f0466b7 {\r\ndisplay: block;\r\n}\r\n}\r\n@media screen and (min-width: 768px) and (max-width: 768px) {\r\n.tjbsq69ec81f0466b7 {\r\ndisplay: block;\r\n}\r\n}\r\n@media screen and (max-width: 767px) {\r\n.tjbsq69ec81f0466b7 {\r\ndisplay: block;\r\n}\r\n}\r\n<\/style>\r\n\n<p>&nbsp;<\/p>\n<div style=\"margin-top: 0px; margin-bottom: 0px;\" class=\"sharethis-inline-share-buttons\" ><\/div>","protected":false},"excerpt":{"rendered":"<p>Un avi\u00f3n comercial de la aerol\u00ednea venezolana Conviasa aterriz\u00f3 este mi\u00e9rcoles en Damasco, la primera conexi\u00f3n sin escalas entre ambos<\/p>\n","protected":false},"author":39,"featured_media":167075,"comment_status":"open","ping_status":"closed","sticky":false,"template":"","format":"standard","meta":{"colormag_page_container_layout":"default_layout","colormag_page_sidebar_layout":"default_layout","_uag_custom_page_level_css":"","footnotes":""},"categories":[5404],"tags":[31608,13884,29,13177,31599,8,9243,32,13178,15995],"class_list":["post-167069","post","type-post","status-publish","format-standard","has-post-thumbnail","hentry","category-turismo","tag-aeropuerto-internacional-de-damasco","tag-aeropuerto-internacional-simon-bolivar","tag-caracas","tag-conviasa","tag-damasco","tag-internacionales","tag-siria","tag-venezuela","tag-vuelos-aereos","tag-vuelos-comerciales"],"yoast_head":"<!-- This site is optimized with the Yoast SEO plugin v27.4 - https:\/\/yoast.com\/product\/yoast-seo-wordpress\/ -->\n<title>Llega primer vuelo directo entre Venezuela y Siria en mas de 10 a\u00f1os<\/title>\n<meta name=\"robots\" content=\"index, follow, max-snippet:-1, max-image-preview:large, max-video-preview:-1\" \/>\n<link rel=\"canonical\" href=\"https:\/\/digital58.com.ve\/site\/2023\/05\/31\/llega-primer-vuelo-directo-entre-venezuela-y-siria-en-mas-de-10-anos\/\" \/>\n<meta property=\"og:locale\" content=\"es_ES\" \/>\n<meta property=\"og:type\" content=\"article\" \/>\n<meta property=\"og:title\" content=\"Llega primer vuelo directo entre Venezuela y Siria en mas de 10 a\u00f1os\" \/>\n<meta property=\"og:url\" content=\"https:\/\/digital58.com.ve\/site\/2023\/05\/31\/llega-primer-vuelo-directo-entre-venezuela-y-siria-en-mas-de-10-anos\/\" \/>\n<meta property=\"og:site_name\" content=\"Noticias Digital58\" \/>\n<meta property=\"article:published_time\" content=\"2023-05-31T13:07:14+00:00\" \/>\n<meta property=\"article:modified_time\" content=\"2023-05-31T17:08:34+00:00\" \/>\n<meta property=\"og:image\" content=\"https:\/\/i0.wp.com\/digital58.com.ve\/site\/wp-content\/uploads\/2023\/05\/Fxc6-HRWwAc9nfH-e1685537529406.jpeg?fit=600%2C800&ssl=1\" \/>\n\t<meta property=\"og:image:width\" content=\"600\" \/>\n\t<meta property=\"og:image:height\" content=\"800\" \/>\n\t<meta property=\"og:image:type\" content=\"image\/jpeg\" \/>\n<meta name=\"author\" content=\"Caren A\u00f1ez\" \/>\n<meta name=\"twitter:card\" content=\"summary_large_image\" \/>\n<meta name=\"twitter:creator\" content=\"@carenanez\" \/>\n<meta name=\"twitter:site\" content=\"@villasmilhfoto\" \/>\n<meta name=\"twitter:label1\" content=\"Escrito por\" \/>\n\t<meta name=\"twitter:data1\" content=\"Caren A\u00f1ez\" \/>\n\t<meta name=\"twitter:label2\" content=\"Tiempo estimado de lectura\" \/>\n\t<meta name=\"twitter:data2\" content=\"1 minuto\" \/>\n<script type=\"application\/ld+json\" class=\"yoast-schema-graph\">{\"@context\":\"https:\\\/\\\/schema.org\",\"@graph\":[{\"@type\":\"Article\",\"@id\":\"https:\\\/\\\/digital58.com.ve\\\/site\\\/2023\\\/05\\\/31\\\/llega-primer-vuelo-directo-entre-venezuela-y-siria-en-mas-de-10-anos\\\/#article\",\"isPartOf\":{\"@id\":\"https:\\\/\\\/digital58.com.ve\\\/site\\\/2023\\\/05\\\/31\\\/llega-primer-vuelo-directo-entre-venezuela-y-siria-en-mas-de-10-anos\\\/\"},\"author\":{\"name\":\"Caren A\u00f1ez\",\"@id\":\"https:\\\/\\\/digital58.com.ve\\\/site\\\/#\\\/schema\\\/person\\\/38596b127602deaa13fbcd7585635238\"},\"headline\":\"Llega primer vuelo directo entre Venezuela y Siria en mas de 10 a\u00f1os\",\"datePublished\":\"2023-05-31T13:07:14+00:00\",\"dateModified\":\"2023-05-31T17:08:34+00:00\",\"mainEntityOfPage\":{\"@id\":\"https:\\\/\\\/digital58.com.ve\\\/site\\\/2023\\\/05\\\/31\\\/llega-primer-vuelo-directo-entre-venezuela-y-siria-en-mas-de-10-anos\\\/\"},\"wordCount\":265,\"commentCount\":0,\"publisher\":{\"@id\":\"https:\\\/\\\/digital58.com.ve\\\/site\\\/#\\\/schema\\\/person\\\/64d1c2e4d0d4fd1b849980c4331c2951\"},\"image\":{\"@id\":\"https:\\\/\\\/digital58.com.ve\\\/site\\\/2023\\\/05\\\/31\\\/llega-primer-vuelo-directo-entre-venezuela-y-siria-en-mas-de-10-anos\\\/#primaryimage\"},\"thumbnailUrl\":\"https:\\\/\\\/digital58.com.ve\\\/site\\\/wp-content\\\/uploads\\\/2023\\\/05\\\/Fxc6-HRWwAc9nfH-e1685537529406.jpeg\",\"keywords\":[\"Aeropuerto Internacional de Damasco\",\"Aeropuerto Internacional Sim\u00f3n Bol\u00edvar\",\"Caracas\",\"Conviasa\",\"Damasco\",\"Internacionales\",\"Siria\",\"Venezuela\",\"Vuelos A\u00e9reos\",\"Vuelos comerciales\"],\"articleSection\":[\"Turismo\"],\"inLanguage\":\"es\",\"potentialAction\":[{\"@type\":\"CommentAction\",\"name\":\"Comment\",\"target\":[\"https:\\\/\\\/digital58.com.ve\\\/site\\\/2023\\\/05\\\/31\\\/llega-primer-vuelo-directo-entre-venezuela-y-siria-en-mas-de-10-anos\\\/#respond\"]}]},{\"@type\":\"WebPage\",\"@id\":\"https:\\\/\\\/digital58.com.ve\\\/site\\\/2023\\\/05\\\/31\\\/llega-primer-vuelo-directo-entre-venezuela-y-siria-en-mas-de-10-anos\\\/\",\"url\":\"https:\\\/\\\/digital58.com.ve\\\/site\\\/2023\\\/05\\\/31\\\/llega-primer-vuelo-directo-entre-venezuela-y-siria-en-mas-de-10-anos\\\/\",\"name\":\"Llega primer vuelo directo entre Venezuela y Siria en mas de 10 a\u00f1os\",\"isPartOf\":{\"@id\":\"https:\\\/\\\/digital58.com.ve\\\/site\\\/#website\"},\"primaryImageOfPage\":{\"@id\":\"https:\\\/\\\/digital58.com.ve\\\/site\\\/2023\\\/05\\\/31\\\/llega-primer-vuelo-directo-entre-venezuela-y-siria-en-mas-de-10-anos\\\/#primaryimage\"},\"image\":{\"@id\":\"https:\\\/\\\/digital58.com.ve\\\/site\\\/2023\\\/05\\\/31\\\/llega-primer-vuelo-directo-entre-venezuela-y-siria-en-mas-de-10-anos\\\/#primaryimage\"},\"thumbnailUrl\":\"https:\\\/\\\/digital58.com.ve\\\/site\\\/wp-content\\\/uploads\\\/2023\\\/05\\\/Fxc6-HRWwAc9nfH-e1685537529406.jpeg\",\"datePublished\":\"2023-05-31T13:07:14+00:00\",\"dateModified\":\"2023-05-31T17:08:34+00:00\",\"breadcrumb\":{\"@id\":\"https:\\\/\\\/digital58.com.ve\\\/site\\\/2023\\\/05\\\/31\\\/llega-primer-vuelo-directo-entre-venezuela-y-siria-en-mas-de-10-anos\\\/#breadcrumb\"},\"inLanguage\":\"es\",\"potentialAction\":[{\"@type\":\"ReadAction\",\"target\":[\"https:\\\/\\\/digital58.com.ve\\\/site\\\/2023\\\/05\\\/31\\\/llega-primer-vuelo-directo-entre-venezuela-y-siria-en-mas-de-10-anos\\\/\"]}]},{\"@type\":\"ImageObject\",\"inLanguage\":\"es\",\"@id\":\"https:\\\/\\\/digital58.com.ve\\\/site\\\/2023\\\/05\\\/31\\\/llega-primer-vuelo-directo-entre-venezuela-y-siria-en-mas-de-10-anos\\\/#primaryimage\",\"url\":\"https:\\\/\\\/digital58.com.ve\\\/site\\\/wp-content\\\/uploads\\\/2023\\\/05\\\/Fxc6-HRWwAc9nfH-e1685537529406.jpeg\",\"contentUrl\":\"https:\\\/\\\/digital58.com.ve\\\/site\\\/wp-content\\\/uploads\\\/2023\\\/05\\\/Fxc6-HRWwAc9nfH-e1685537529406.jpeg\",\"width\":600,\"height\":800},{\"@type\":\"BreadcrumbList\",\"@id\":\"https:\\\/\\\/digital58.com.ve\\\/site\\\/2023\\\/05\\\/31\\\/llega-primer-vuelo-directo-entre-venezuela-y-siria-en-mas-de-10-anos\\\/#breadcrumb\",\"itemListElement\":[{\"@type\":\"ListItem\",\"position\":1,\"name\":\"Home\",\"item\":\"https:\\\/\\\/digital58.com.ve\\\/site\\\/\"},{\"@type\":\"ListItem\",\"position\":2,\"name\":\"Llega primer vuelo directo entre Venezuela y Siria en mas de 10 a\u00f1os\"}]},{\"@type\":\"WebSite\",\"@id\":\"https:\\\/\\\/digital58.com.ve\\\/site\\\/#website\",\"url\":\"https:\\\/\\\/digital58.com.ve\\\/site\\\/\",\"name\":\"Noticias Digital58\",\"description\":\"Portal de Noticias \u00a1Periodismo web de verdad! Lanzamiento web 22.11.2005 \\\/ Maracaibo, Venezuela\",\"publisher\":{\"@id\":\"https:\\\/\\\/digital58.com.ve\\\/site\\\/#\\\/schema\\\/person\\\/64d1c2e4d0d4fd1b849980c4331c2951\"},\"alternateName\":\"ND58\",\"potentialAction\":[{\"@type\":\"SearchAction\",\"target\":{\"@type\":\"EntryPoint\",\"urlTemplate\":\"https:\\\/\\\/digital58.com.ve\\\/site\\\/?s={search_term_string}\"},\"query-input\":{\"@type\":\"PropertyValueSpecification\",\"valueRequired\":true,\"valueName\":\"search_term_string\"}}],\"inLanguage\":\"es\"},{\"@type\":[\"Person\",\"Organization\"],\"@id\":\"https:\\\/\\\/digital58.com.ve\\\/site\\\/#\\\/schema\\\/person\\\/64d1c2e4d0d4fd1b849980c4331c2951\",\"name\":\"Villasmil Henry\",\"image\":{\"@type\":\"ImageObject\",\"inLanguage\":\"es\",\"@id\":\"https:\\\/\\\/secure.gravatar.com\\\/avatar\\\/bb0c4a2fcb7970138239f7e404ea75757b1b507b28b5ce4c53fbd62d797c5a7c?s=96&d=mm&r=g\",\"url\":\"https:\\\/\\\/secure.gravatar.com\\\/avatar\\\/bb0c4a2fcb7970138239f7e404ea75757b1b507b28b5ce4c53fbd62d797c5a7c?s=96&d=mm&r=g\",\"contentUrl\":\"https:\\\/\\\/secure.gravatar.com\\\/avatar\\\/bb0c4a2fcb7970138239f7e404ea75757b1b507b28b5ce4c53fbd62d797c5a7c?s=96&d=mm&r=g\",\"caption\":\"Villasmil Henry\"},\"logo\":{\"@id\":\"https:\\\/\\\/secure.gravatar.com\\\/avatar\\\/bb0c4a2fcb7970138239f7e404ea75757b1b507b28b5ce4c53fbd62d797c5a7c?s=96&d=mm&r=g\"},\"sameAs\":[\"http:\\\/\\\/www.henryvillasmil.com.ve\",\"https:\\\/\\\/www.instagram.com\\\/villasmilhfoto\\\/\",\"https:\\\/\\\/x.com\\\/https:\\\/\\\/twitter.com\\\/villasmilhfoto\"]},{\"@type\":\"Person\",\"@id\":\"https:\\\/\\\/digital58.com.ve\\\/site\\\/#\\\/schema\\\/person\\\/38596b127602deaa13fbcd7585635238\",\"name\":\"Caren A\u00f1ez\",\"image\":{\"@type\":\"ImageObject\",\"inLanguage\":\"es\",\"@id\":\"https:\\\/\\\/secure.gravatar.com\\\/avatar\\\/53aadd693aa414991c9ff2f2b19c39be94d2c342463b80f5402d344911bc9782?s=96&d=mm&r=g\",\"url\":\"https:\\\/\\\/secure.gravatar.com\\\/avatar\\\/53aadd693aa414991c9ff2f2b19c39be94d2c342463b80f5402d344911bc9782?s=96&d=mm&r=g\",\"contentUrl\":\"https:\\\/\\\/secure.gravatar.com\\\/avatar\\\/53aadd693aa414991c9ff2f2b19c39be94d2c342463b80f5402d344911bc9782?s=96&d=mm&r=g\",\"caption\":\"Caren A\u00f1ez\"},\"description\":\"\ud83d\udc69\u200d\ud83c\udfa4Editora en @digital_58 \ud83d\udc69\ud83c\udffb\u200d\ud83c\udfebPeriodista musical y de entretenimiento. \ud83d\udcf8Fotografa \ud83d\udc69\ud83c\udffb\u200d\ud83d\udcbbMedia Management. \ud83d\udc69\u200d\ud83d\udc67\u200d\ud83d\udc67AspieMon 24\\\/7\",\"sameAs\":[\"https:\\\/\\\/www.instagram.com\\\/carenanez\\\/\",\"https:\\\/\\\/x.com\\\/carenanez\"],\"url\":\"https:\\\/\\\/digital58.com.ve\\\/site\\\/author\\\/carena21\\\/\"}]}<\/script>\n<!-- \/ Yoast SEO plugin. -->","yoast_head_json":{"title":"Llega primer vuelo directo entre Venezuela y Siria en mas de 10 a\u00f1os","robots":{"index":"index","follow":"follow","max-snippet":"max-snippet:-1","max-image-preview":"max-image-preview:large","max-video-preview":"max-video-preview:-1"},"canonical":"https:\/\/digital58.com.ve\/site\/2023\/05\/31\/llega-primer-vuelo-directo-entre-venezuela-y-siria-en-mas-de-10-anos\/","og_locale":"es_ES","og_type":"article","og_title":"Llega primer vuelo directo entre Venezuela y Siria en mas de 10 a\u00f1os","og_url":"https:\/\/digital58.com.ve\/site\/2023\/05\/31\/llega-primer-vuelo-directo-entre-venezuela-y-siria-en-mas-de-10-anos\/","og_site_name":"Noticias Digital58","article_published_time":"2023-05-31T13:07:14+00:00","article_modified_time":"2023-05-31T17:08:34+00:00","og_image":[{"width":600,"height":800,"url":"https:\/\/i0.wp.com\/digital58.com.ve\/site\/wp-content\/uploads\/2023\/05\/Fxc6-HRWwAc9nfH-e1685537529406.jpeg?fit=600%2C800&ssl=1","type":"image\/jpeg"}],"author":"Caren A\u00f1ez","twitter_card":"summary_large_image","twitter_creator":"@carenanez","twitter_site":"@villasmilhfoto","twitter_misc":{"Escrito por":"Caren A\u00f1ez","Tiempo estimado de lectura":"1 minuto"},"schema":{"@context":"https:\/\/schema.org","@graph":[{"@type":"Article","@id":"https:\/\/digital58.com.ve\/site\/2023\/05\/31\/llega-primer-vuelo-directo-entre-venezuela-y-siria-en-mas-de-10-anos\/#article","isPartOf":{"@id":"https:\/\/digital58.com.ve\/site\/2023\/05\/31\/llega-primer-vuelo-directo-entre-venezuela-y-siria-en-mas-de-10-anos\/"},"author":{"name":"Caren A\u00f1ez","@id":"https:\/\/digital58.com.ve\/site\/#\/schema\/person\/38596b127602deaa13fbcd7585635238"},"headline":"Llega primer vuelo directo entre Venezuela y Siria en mas de 10 a\u00f1os","datePublished":"2023-05-31T13:07:14+00:00","dateModified":"2023-05-31T17:08:34+00:00","mainEntityOfPage":{"@id":"https:\/\/digital58.com.ve\/site\/2023\/05\/31\/llega-primer-vuelo-directo-entre-venezuela-y-siria-en-mas-de-10-anos\/"},"wordCount":265,"commentCount":0,"publisher":{"@id":"https:\/\/digital58.com.ve\/site\/#\/schema\/person\/64d1c2e4d0d4fd1b849980c4331c2951"},"image":{"@id":"https:\/\/digital58.com.ve\/site\/2023\/05\/31\/llega-primer-vuelo-directo-entre-venezuela-y-siria-en-mas-de-10-anos\/#primaryimage"},"thumbnailUrl":"https:\/\/digital58.com.ve\/site\/wp-content\/uploads\/2023\/05\/Fxc6-HRWwAc9nfH-e1685537529406.jpeg","keywords":["Aeropuerto Internacional de Damasco","Aeropuerto Internacional Sim\u00f3n Bol\u00edvar","Caracas","Conviasa","Damasco","Internacionales","Siria","Venezuela","Vuelos A\u00e9reos","Vuelos comerciales"],"articleSection":["Turismo"],"inLanguage":"es","potentialAction":[{"@type":"CommentAction","name":"Comment","target":["https:\/\/digital58.com.ve\/site\/2023\/05\/31\/llega-primer-vuelo-directo-entre-venezuela-y-siria-en-mas-de-10-anos\/#respond"]}]},{"@type":"WebPage","@id":"https:\/\/digital58.com.ve\/site\/2023\/05\/31\/llega-primer-vuelo-directo-entre-venezuela-y-siria-en-mas-de-10-anos\/","url":"https:\/\/digital58.com.ve\/site\/2023\/05\/31\/llega-primer-vuelo-directo-entre-venezuela-y-siria-en-mas-de-10-anos\/","name":"Llega primer vuelo directo entre Venezuela y Siria en mas de 10 a\u00f1os","isPartOf":{"@id":"https:\/\/digital58.com.ve\/site\/#website"},"primaryImageOfPage":{"@id":"https:\/\/digital58.com.ve\/site\/2023\/05\/31\/llega-primer-vuelo-directo-entre-venezuela-y-siria-en-mas-de-10-anos\/#primaryimage"},"image":{"@id":"https:\/\/digital58.com.ve\/site\/2023\/05\/31\/llega-primer-vuelo-directo-entre-venezuela-y-siria-en-mas-de-10-anos\/#primaryimage"},"thumbnailUrl":"https:\/\/digital58.com.ve\/site\/wp-content\/uploads\/2023\/05\/Fxc6-HRWwAc9nfH-e1685537529406.jpeg","datePublished":"2023-05-31T13:07:14+00:00","dateModified":"2023-05-31T17:08:34+00:00","breadcrumb":{"@id":"https:\/\/digital58.com.ve\/site\/2023\/05\/31\/llega-primer-vuelo-directo-entre-venezuela-y-siria-en-mas-de-10-anos\/#breadcrumb"},"inLanguage":"es","potentialAction":[{"@type":"ReadAction","target":["https:\/\/digital58.com.ve\/site\/2023\/05\/31\/llega-primer-vuelo-directo-entre-venezuela-y-siria-en-mas-de-10-anos\/"]}]},{"@type":"ImageObject","inLanguage":"es","@id":"https:\/\/digital58.com.ve\/site\/2023\/05\/31\/llega-primer-vuelo-directo-entre-venezuela-y-siria-en-mas-de-10-anos\/#primaryimage","url":"https:\/\/digital58.com.ve\/site\/wp-content\/uploads\/2023\/05\/Fxc6-HRWwAc9nfH-e1685537529406.jpeg","contentUrl":"https:\/\/digital58.com.ve\/site\/wp-content\/uploads\/2023\/05\/Fxc6-HRWwAc9nfH-e1685537529406.jpeg","width":600,"height":800},{"@type":"BreadcrumbList","@id":"https:\/\/digital58.com.ve\/site\/2023\/05\/31\/llega-primer-vuelo-directo-entre-venezuela-y-siria-en-mas-de-10-anos\/#breadcrumb","itemListElement":[{"@type":"ListItem","position":1,"name":"Home","item":"https:\/\/digital58.com.ve\/site\/"},{"@type":"ListItem","position":2,"name":"Llega primer vuelo directo entre Venezuela y Siria en mas de 10 a\u00f1os"}]},{"@type":"WebSite","@id":"https:\/\/digital58.com.ve\/site\/#website","url":"https:\/\/digital58.com.ve\/site\/","name":"Noticias Digital58","description":"Portal de Noticias \u00a1Periodismo web de verdad! Lanzamiento web 22.11.2005 \/ Maracaibo, Venezuela","publisher":{"@id":"https:\/\/digital58.com.ve\/site\/#\/schema\/person\/64d1c2e4d0d4fd1b849980c4331c2951"},"alternateName":"ND58","potentialAction":[{"@type":"SearchAction","target":{"@type":"EntryPoint","urlTemplate":"https:\/\/digital58.com.ve\/site\/?s={search_term_string}"},"query-input":{"@type":"PropertyValueSpecification","valueRequired":true,"valueName":"search_term_string"}}],"inLanguage":"es"},{"@type":["Person","Organization"],"@id":"https:\/\/digital58.com.ve\/site\/#\/schema\/person\/64d1c2e4d0d4fd1b849980c4331c2951","name":"Villasmil Henry","image":{"@type":"ImageObject","inLanguage":"es","@id":"https:\/\/secure.gravatar.com\/avatar\/bb0c4a2fcb7970138239f7e404ea75757b1b507b28b5ce4c53fbd62d797c5a7c?s=96&d=mm&r=g","url":"https:\/\/secure.gravatar.com\/avatar\/bb0c4a2fcb7970138239f7e404ea75757b1b507b28b5ce4c53fbd62d797c5a7c?s=96&d=mm&r=g","contentUrl":"https:\/\/secure.gravatar.com\/avatar\/bb0c4a2fcb7970138239f7e404ea75757b1b507b28b5ce4c53fbd62d797c5a7c?s=96&d=mm&r=g","caption":"Villasmil Henry"},"logo":{"@id":"https:\/\/secure.gravatar.com\/avatar\/bb0c4a2fcb7970138239f7e404ea75757b1b507b28b5ce4c53fbd62d797c5a7c?s=96&d=mm&r=g"},"sameAs":["http:\/\/www.henryvillasmil.com.ve","https:\/\/www.instagram.com\/villasmilhfoto\/","https:\/\/x.com\/https:\/\/twitter.com\/villasmilhfoto"]},{"@type":"Person","@id":"https:\/\/digital58.com.ve\/site\/#\/schema\/person\/38596b127602deaa13fbcd7585635238","name":"Caren A\u00f1ez","image":{"@type":"ImageObject","inLanguage":"es","@id":"https:\/\/secure.gravatar.com\/avatar\/53aadd693aa414991c9ff2f2b19c39be94d2c342463b80f5402d344911bc9782?s=96&d=mm&r=g","url":"https:\/\/secure.gravatar.com\/avatar\/53aadd693aa414991c9ff2f2b19c39be94d2c342463b80f5402d344911bc9782?s=96&d=mm&r=g","contentUrl":"https:\/\/secure.gravatar.com\/avatar\/53aadd693aa414991c9ff2f2b19c39be94d2c342463b80f5402d344911bc9782?s=96&d=mm&r=g","caption":"Caren A\u00f1ez"},"description":"\ud83d\udc69\u200d\ud83c\udfa4Editora en @digital_58 \ud83d\udc69\ud83c\udffb\u200d\ud83c\udfebPeriodista musical y de entretenimiento. \ud83d\udcf8Fotografa \ud83d\udc69\ud83c\udffb\u200d\ud83d\udcbbMedia Management. \ud83d\udc69\u200d\ud83d\udc67\u200d\ud83d\udc67AspieMon 24\/7","sameAs":["https:\/\/www.instagram.com\/carenanez\/","https:\/\/x.com\/carenanez"],"url":"https:\/\/digital58.com.ve\/site\/author\/carena21\/"}]}},"uagb_featured_image_src":{"full":["https:\/\/digital58.com.ve\/site\/wp-content\/uploads\/2023\/05\/Fxc6-HRWwAc9nfH-e1685537529406.jpeg",600,800,false],"thumbnail":["https:\/\/digital58.com.ve\/site\/wp-content\/uploads\/2023\/05\/Fxc6-HRWwAc9nfH-e1685537529406-150x150.jpeg",150,150,true],"medium":["https:\/\/digital58.com.ve\/site\/wp-content\/uploads\/2023\/05\/Fxc6-HRWwAc9nfH-e1685537529406-225x300.jpeg",225,300,true],"medium_large":["https:\/\/digital58.com.ve\/site\/wp-content\/uploads\/2023\/05\/Fxc6-HRWwAc9nfH-768x1024.jpeg",768,1024,true],"large":["https:\/\/digital58.com.ve\/site\/wp-content\/uploads\/2023\/05\/Fxc6-HRWwAc9nfH-750x1000.jpeg",750,1000,true],"1536x1536":["https:\/\/digital58.com.ve\/site\/wp-content\/uploads\/2023\/05\/Fxc6-HRWwAc9nfH-1152x1536.jpeg",1152,1536,true],"2048x2048":["https:\/\/digital58.com.ve\/site\/wp-content\/uploads\/2023\/05\/Fxc6-HRWwAc9nfH-e1685537529406.jpeg",600,800,false],"colormag-highlighted-post":["https:\/\/digital58.com.ve\/site\/wp-content\/uploads\/2023\/05\/Fxc6-HRWwAc9nfH-e1685537529406-392x272.jpeg",392,272,true],"colormag-featured-post-medium":["https:\/\/digital58.com.ve\/site\/wp-content\/uploads\/2023\/05\/Fxc6-HRWwAc9nfH-e1685537529406-390x205.jpeg",390,205,true],"colormag-featured-post-small":["https:\/\/digital58.com.ve\/site\/wp-content\/uploads\/2023\/05\/Fxc6-HRWwAc9nfH-e1685537529406-130x90.jpeg",130,90,true],"colormag-featured-image":["https:\/\/digital58.com.ve\/site\/wp-content\/uploads\/2023\/05\/Fxc6-HRWwAc9nfH-e1685537529406-600x445.jpeg",600,445,true],"colormag-default-news":["https:\/\/digital58.com.ve\/site\/wp-content\/uploads\/2023\/05\/Fxc6-HRWwAc9nfH-e1685537529406.jpeg",113,150,false],"colormag-featured-image-large":["https:\/\/digital58.com.ve\/site\/wp-content\/uploads\/2023\/05\/Fxc6-HRWwAc9nfH-e1685537529406.jpeg",450,600,false]},"uagb_author_info":{"display_name":"Caren A\u00f1ez","author_link":"https:\/\/digital58.com.ve\/site\/author\/carena21\/"},"uagb_comment_info":0,"uagb_excerpt":"Un avi\u00f3n comercial de la aerol\u00ednea venezolana Conviasa aterriz\u00f3 este mi\u00e9rcoles en Damasco, la primera conexi\u00f3n sin escalas entre ambos","_links":{"self":[{"href":"https:\/\/digital58.com.ve\/site\/wp-json\/wp\/v2\/posts\/167069","targetHints":{"allow":["GET"]}}],"collection":[{"href":"https:\/\/digital58.com.ve\/site\/wp-json\/wp\/v2\/posts"}],"about":[{"href":"https:\/\/digital58.com.ve\/site\/wp-json\/wp\/v2\/types\/post"}],"author":[{"embeddable":true,"href":"https:\/\/digital58.com.ve\/site\/wp-json\/wp\/v2\/users\/39"}],"replies":[{"embeddable":true,"href":"https:\/\/digital58.com.ve\/site\/wp-json\/wp\/v2\/comments?post=167069"}],"version-history":[{"count":3,"href":"https:\/\/digital58.com.ve\/site\/wp-json\/wp\/v2\/posts\/167069\/revisions"}],"predecessor-version":[{"id":167102,"href":"https:\/\/digital58.com.ve\/site\/wp-json\/wp\/v2\/posts\/167069\/revisions\/167102"}],"wp:featuredmedia":[{"embeddable":true,"href":"https:\/\/digital58.com.ve\/site\/wp-json\/wp\/v2\/media\/167075"}],"wp:attachment":[{"href":"https:\/\/digital58.com.ve\/site\/wp-json\/wp\/v2\/media?parent=167069"}],"wp:term":[{"taxonomy":"category","embeddable":true,"href":"https:\/\/digital58.com.ve\/site\/wp-json\/wp\/v2\/categories?post=167069"},{"taxonomy":"post_tag","embeddable":true,"href":"https:\/\/digital58.com.ve\/site\/wp-json\/wp\/v2\/tags?post=167069"}],"curies":[{"name":"wp","href":"https:\/\/api.w.org\/{rel}","templated":true}]}}