{"id":167089,"date":"2023-05-31T11:31:51","date_gmt":"2023-05-31T15:31:51","guid":{"rendered":"https:\/\/digital58.com.ve\/site\/?p=167089"},"modified":"2023-05-31T14:19:32","modified_gmt":"2023-05-31T18:19:32","slug":"alemania-aprueba-proyecto-para-dotacion-de-equipos-medicos-al-hospital-madre-rafols","status":"publish","type":"post","link":"https:\/\/digital58.com.ve\/site\/2023\/05\/31\/alemania-aprueba-proyecto-para-dotacion-de-equipos-medicos-al-hospital-madre-rafols\/","title":{"rendered":"#Maracaibo | Alemania aprueba proyecto para dotaci\u00f3n de equipos m\u00e9dicos al Hospital Madre Rafols"},"content":{"rendered":"<p><img loading=\"lazy\" decoding=\"async\" class=\"size-large wp-image-167091 aligncenter\" src=\"https:\/\/digital58.com.ve\/site\/wp-content\/uploads\/2023\/05\/WhatsApp-Image-2023-05-26-at-8.10.16-PM-750x1000.jpeg\" alt=\"\" width=\"750\" height=\"1000\" \/><\/p>\n<p>El Jefe de la misi\u00f3n diplom\u00e1tica en Venezuela, Stefan Duppel, en representaci\u00f3n del gobierno alem\u00e1n oficializaron el 25 de mayo, en Caracas, la aprobaci\u00f3n del proyecto denominado \u00abDotaci\u00f3n de equipos m\u00e9dicos tecnol\u00f3gicos para el \u00c1rea de Emergencia del centro de salud maracaibero\u00bb.<\/p>\n<p><strong>Maracaibo, Zulia, Venezuela, 31 de mayo de 2023 (ND58).-<\/strong> La Embajada de Alemania en Venezuela, sirvi\u00f3 de escenario para que Duppel conjuntamente con el Jon\u00e1s Bozo Parra, presidente de la Asociaci\u00f3n Civil Madre Rafols, V\u00edctor Montero, director de salud, y Fernando Pirela director de comunicaci\u00f3n y desarrollo, firmaran el convenio y dieran inicio a este importante proyecto que beneficiar\u00e1 a la comunidad zuliana.<\/p>\n<p><strong>El Sistema de Salud Madre Rafols, ha centrado sus esfuerzos en lograr por medio de la cooperaci\u00f3n internacional los recursos necesarios para la apertura o crecimiento de nuevas \u00e1reas de atenci\u00f3n.<\/strong><\/p>\n<p><img loading=\"lazy\" decoding=\"async\" class=\"alignnone size-large wp-image-167092\" src=\"https:\/\/digital58.com.ve\/site\/wp-content\/uploads\/2023\/05\/WhatsApp-Image-2023-05-26-at-8.10.02-PM-1000x750.jpeg\" alt=\"\" width=\"800\" height=\"600\" \/><\/p>\n<p>Las donaciones para el desarrollo y expansi\u00f3n de los servicios, han permitido la adquisici\u00f3n del equipamiento tecnol\u00f3gico, adecuaci\u00f3n de \u00e1reas y dem\u00e1s elementos fundamentales para la apertura de nuevas unidades de autogesti\u00f3n que le dan fortaleza al Sistema de Salud Madre Rafols, sin sacrificar nunca el modelo de prestaci\u00f3n de servicios m\u00e9dicos caritativos y a bajos costos.<\/p>\n<p class=\"p1\"><b>Redacci\u00f3n ND58 | NDP Sistema de Salud Madre Rafols<\/b><br \/>\n<b>Edici\u00f3n: \u00c1\u00f1ez, Caren\u00a0<\/b><br \/>\n<b>Gr\u00e1fica: Cortes\u00eda <\/b><\/p><div class=\"mapsz69f35da528a0c\" ><p style=\"text-align: center;\"><a href=\"https:\/\/t.me\/noticiasdigital58\" target=\"_blank\" rel=\"noopener\"><img class=\"aligncenter size-full wp-image-125363\" src=\"https:\/\/digital58.com.ve\/site\/wp-content\/uploads\/2021\/04\/banner-telegram-web-2021.png\" alt=\"\" width=\"600\" height=\"90\" \/><\/a><\/p><\/div><style type=\"text\/css\">\r\n@media screen and (min-width: 1201px) {\r\n.mapsz69f35da528a0c {\r\ndisplay: block;\r\n}\r\n}\r\n@media screen and (min-width: 993px) and (max-width: 1200px) {\r\n.mapsz69f35da528a0c {\r\ndisplay: block;\r\n}\r\n}\r\n@media screen and (min-width: 769px) and (max-width: 992px) {\r\n.mapsz69f35da528a0c {\r\ndisplay: block;\r\n}\r\n}\r\n@media screen and (min-width: 768px) and (max-width: 768px) {\r\n.mapsz69f35da528a0c {\r\ndisplay: block;\r\n}\r\n}\r\n@media screen and (max-width: 767px) {\r\n.mapsz69f35da528a0c {\r\ndisplay: block;\r\n}\r\n}\r\n<\/style>\r\n\n<p>&nbsp;<\/p>\n<div style=\"margin-top: 0px; margin-bottom: 0px;\" class=\"sharethis-inline-share-buttons\" ><\/div>","protected":false},"excerpt":{"rendered":"<p>El Jefe de la misi\u00f3n diplom\u00e1tica en Venezuela, Stefan Duppel, en representaci\u00f3n del gobierno alem\u00e1n oficializaron el 25 de mayo,<\/p>\n","protected":false},"author":39,"featured_media":167092,"comment_status":"open","ping_status":"closed","sticky":false,"template":"","format":"standard","meta":{"colormag_page_container_layout":"default_layout","colormag_page_sidebar_layout":"default_layout","_uag_custom_page_level_css":"","footnotes":""},"categories":[14504],"tags":[38,355,31604,24174,25032,73,233,2354,269,31602,31609,32],"class_list":["post-167089","post","type-post","status-publish","format-standard","has-post-thumbnail","hentry","category-zulia","tag-alemania","tag-donaciones","tag-embajada-de-alemania","tag-equipos-medicos","tag-hospital-madre-rafols","tag-maracaibo","tag-nacionales","tag-regionales","tag-salud","tag-sistema-de-salud-madre-rafols","tag-stefan-duppel","tag-venezuela"],"yoast_head":"<!-- This site is optimized with the Yoast SEO plugin v27.5 - https:\/\/yoast.com\/product\/yoast-seo-wordpress\/ -->\n<title>#Maracaibo | Alemania aprueba proyecto para dotaci\u00f3n de equipos m\u00e9dicos al Hospital Madre Rafols<\/title>\n<meta name=\"robots\" content=\"index, follow, max-snippet:-1, max-image-preview:large, max-video-preview:-1\" \/>\n<link rel=\"canonical\" href=\"https:\/\/digital58.com.ve\/site\/2023\/05\/31\/alemania-aprueba-proyecto-para-dotacion-de-equipos-medicos-al-hospital-madre-rafols\/\" \/>\n<meta property=\"og:locale\" content=\"es_ES\" \/>\n<meta property=\"og:type\" content=\"article\" \/>\n<meta property=\"og:title\" content=\"#Maracaibo | Alemania aprueba proyecto para dotaci\u00f3n de equipos m\u00e9dicos al Hospital Madre Rafols\" \/>\n<meta property=\"og:url\" content=\"https:\/\/digital58.com.ve\/site\/2023\/05\/31\/alemania-aprueba-proyecto-para-dotacion-de-equipos-medicos-al-hospital-madre-rafols\/\" \/>\n<meta property=\"og:site_name\" content=\"Noticias Digital58\" \/>\n<meta property=\"article:published_time\" content=\"2023-05-31T15:31:51+00:00\" \/>\n<meta property=\"article:modified_time\" content=\"2023-05-31T18:19:32+00:00\" \/>\n<meta property=\"og:image\" content=\"https:\/\/i0.wp.com\/digital58.com.ve\/site\/wp-content\/uploads\/2023\/05\/WhatsApp-Image-2023-05-26-at-8.10.02-PM-e1685547062994.jpeg?fit=800%2C600&ssl=1\" \/>\n\t<meta property=\"og:image:width\" content=\"800\" \/>\n\t<meta property=\"og:image:height\" content=\"600\" \/>\n\t<meta property=\"og:image:type\" content=\"image\/jpeg\" \/>\n<meta name=\"author\" content=\"Caren A\u00f1ez\" \/>\n<meta name=\"twitter:card\" content=\"summary_large_image\" \/>\n<meta name=\"twitter:creator\" content=\"@carenanez\" \/>\n<meta name=\"twitter:site\" content=\"@villasmilhfoto\" \/>\n<meta name=\"twitter:label1\" content=\"Escrito por\" \/>\n\t<meta name=\"twitter:data1\" content=\"Caren A\u00f1ez\" \/>\n\t<meta name=\"twitter:label2\" content=\"Tiempo estimado de lectura\" \/>\n\t<meta name=\"twitter:data2\" content=\"1 minuto\" \/>\n<script type=\"application\/ld+json\" class=\"yoast-schema-graph\">{\"@context\":\"https:\\\/\\\/schema.org\",\"@graph\":[{\"@type\":\"Article\",\"@id\":\"https:\\\/\\\/digital58.com.ve\\\/site\\\/2023\\\/05\\\/31\\\/alemania-aprueba-proyecto-para-dotacion-de-equipos-medicos-al-hospital-madre-rafols\\\/#article\",\"isPartOf\":{\"@id\":\"https:\\\/\\\/digital58.com.ve\\\/site\\\/2023\\\/05\\\/31\\\/alemania-aprueba-proyecto-para-dotacion-de-equipos-medicos-al-hospital-madre-rafols\\\/\"},\"author\":{\"name\":\"Caren A\u00f1ez\",\"@id\":\"https:\\\/\\\/digital58.com.ve\\\/site\\\/#\\\/schema\\\/person\\\/38596b127602deaa13fbcd7585635238\"},\"headline\":\"#Maracaibo | Alemania aprueba proyecto para dotaci\u00f3n de equipos m\u00e9dicos al Hospital Madre Rafols\",\"datePublished\":\"2023-05-31T15:31:51+00:00\",\"dateModified\":\"2023-05-31T18:19:32+00:00\",\"mainEntityOfPage\":{\"@id\":\"https:\\\/\\\/digital58.com.ve\\\/site\\\/2023\\\/05\\\/31\\\/alemania-aprueba-proyecto-para-dotacion-de-equipos-medicos-al-hospital-madre-rafols\\\/\"},\"wordCount\":246,\"commentCount\":0,\"publisher\":{\"@id\":\"https:\\\/\\\/digital58.com.ve\\\/site\\\/#\\\/schema\\\/person\\\/64d1c2e4d0d4fd1b849980c4331c2951\"},\"image\":{\"@id\":\"https:\\\/\\\/digital58.com.ve\\\/site\\\/2023\\\/05\\\/31\\\/alemania-aprueba-proyecto-para-dotacion-de-equipos-medicos-al-hospital-madre-rafols\\\/#primaryimage\"},\"thumbnailUrl\":\"https:\\\/\\\/digital58.com.ve\\\/site\\\/wp-content\\\/uploads\\\/2023\\\/05\\\/WhatsApp-Image-2023-05-26-at-8.10.02-PM-e1685547062994.jpeg\",\"keywords\":[\"Alemania\",\"Donaciones\",\"Embajada de Alemania\",\"equipos m\u00e9dicos\",\"Hospital Madre Rafols\",\"Maracaibo\",\"Nacionales\",\"Regionales\",\"Salud\",\"Sistema de Salud Madre Rafols\",\"Stefan Duppel\",\"Venezuela\"],\"articleSection\":[\"Zulia\"],\"inLanguage\":\"es\",\"potentialAction\":[{\"@type\":\"CommentAction\",\"name\":\"Comment\",\"target\":[\"https:\\\/\\\/digital58.com.ve\\\/site\\\/2023\\\/05\\\/31\\\/alemania-aprueba-proyecto-para-dotacion-de-equipos-medicos-al-hospital-madre-rafols\\\/#respond\"]}]},{\"@type\":\"WebPage\",\"@id\":\"https:\\\/\\\/digital58.com.ve\\\/site\\\/2023\\\/05\\\/31\\\/alemania-aprueba-proyecto-para-dotacion-de-equipos-medicos-al-hospital-madre-rafols\\\/\",\"url\":\"https:\\\/\\\/digital58.com.ve\\\/site\\\/2023\\\/05\\\/31\\\/alemania-aprueba-proyecto-para-dotacion-de-equipos-medicos-al-hospital-madre-rafols\\\/\",\"name\":\"#Maracaibo | Alemania aprueba proyecto para dotaci\u00f3n de equipos m\u00e9dicos al Hospital Madre Rafols\",\"isPartOf\":{\"@id\":\"https:\\\/\\\/digital58.com.ve\\\/site\\\/#website\"},\"primaryImageOfPage\":{\"@id\":\"https:\\\/\\\/digital58.com.ve\\\/site\\\/2023\\\/05\\\/31\\\/alemania-aprueba-proyecto-para-dotacion-de-equipos-medicos-al-hospital-madre-rafols\\\/#primaryimage\"},\"image\":{\"@id\":\"https:\\\/\\\/digital58.com.ve\\\/site\\\/2023\\\/05\\\/31\\\/alemania-aprueba-proyecto-para-dotacion-de-equipos-medicos-al-hospital-madre-rafols\\\/#primaryimage\"},\"thumbnailUrl\":\"https:\\\/\\\/digital58.com.ve\\\/site\\\/wp-content\\\/uploads\\\/2023\\\/05\\\/WhatsApp-Image-2023-05-26-at-8.10.02-PM-e1685547062994.jpeg\",\"datePublished\":\"2023-05-31T15:31:51+00:00\",\"dateModified\":\"2023-05-31T18:19:32+00:00\",\"breadcrumb\":{\"@id\":\"https:\\\/\\\/digital58.com.ve\\\/site\\\/2023\\\/05\\\/31\\\/alemania-aprueba-proyecto-para-dotacion-de-equipos-medicos-al-hospital-madre-rafols\\\/#breadcrumb\"},\"inLanguage\":\"es\",\"potentialAction\":[{\"@type\":\"ReadAction\",\"target\":[\"https:\\\/\\\/digital58.com.ve\\\/site\\\/2023\\\/05\\\/31\\\/alemania-aprueba-proyecto-para-dotacion-de-equipos-medicos-al-hospital-madre-rafols\\\/\"]}]},{\"@type\":\"ImageObject\",\"inLanguage\":\"es\",\"@id\":\"https:\\\/\\\/digital58.com.ve\\\/site\\\/2023\\\/05\\\/31\\\/alemania-aprueba-proyecto-para-dotacion-de-equipos-medicos-al-hospital-madre-rafols\\\/#primaryimage\",\"url\":\"https:\\\/\\\/digital58.com.ve\\\/site\\\/wp-content\\\/uploads\\\/2023\\\/05\\\/WhatsApp-Image-2023-05-26-at-8.10.02-PM-e1685547062994.jpeg\",\"contentUrl\":\"https:\\\/\\\/digital58.com.ve\\\/site\\\/wp-content\\\/uploads\\\/2023\\\/05\\\/WhatsApp-Image-2023-05-26-at-8.10.02-PM-e1685547062994.jpeg\",\"width\":800,\"height\":600},{\"@type\":\"BreadcrumbList\",\"@id\":\"https:\\\/\\\/digital58.com.ve\\\/site\\\/2023\\\/05\\\/31\\\/alemania-aprueba-proyecto-para-dotacion-de-equipos-medicos-al-hospital-madre-rafols\\\/#breadcrumb\",\"itemListElement\":[{\"@type\":\"ListItem\",\"position\":1,\"name\":\"Home\",\"item\":\"https:\\\/\\\/digital58.com.ve\\\/site\\\/\"},{\"@type\":\"ListItem\",\"position\":2,\"name\":\"#Maracaibo | Alemania aprueba proyecto para dotaci\u00f3n de equipos m\u00e9dicos al Hospital Madre Rafols\"}]},{\"@type\":\"WebSite\",\"@id\":\"https:\\\/\\\/digital58.com.ve\\\/site\\\/#website\",\"url\":\"https:\\\/\\\/digital58.com.ve\\\/site\\\/\",\"name\":\"Noticias Digital58\",\"description\":\"Portal de Noticias \u00a1Periodismo web de verdad! Lanzamiento web 22.11.2005 \\\/ Maracaibo, Venezuela\",\"publisher\":{\"@id\":\"https:\\\/\\\/digital58.com.ve\\\/site\\\/#\\\/schema\\\/person\\\/64d1c2e4d0d4fd1b849980c4331c2951\"},\"alternateName\":\"ND58\",\"potentialAction\":[{\"@type\":\"SearchAction\",\"target\":{\"@type\":\"EntryPoint\",\"urlTemplate\":\"https:\\\/\\\/digital58.com.ve\\\/site\\\/?s={search_term_string}\"},\"query-input\":{\"@type\":\"PropertyValueSpecification\",\"valueRequired\":true,\"valueName\":\"search_term_string\"}}],\"inLanguage\":\"es\"},{\"@type\":[\"Person\",\"Organization\"],\"@id\":\"https:\\\/\\\/digital58.com.ve\\\/site\\\/#\\\/schema\\\/person\\\/64d1c2e4d0d4fd1b849980c4331c2951\",\"name\":\"Villasmil Henry\",\"image\":{\"@type\":\"ImageObject\",\"inLanguage\":\"es\",\"@id\":\"https:\\\/\\\/secure.gravatar.com\\\/avatar\\\/bb0c4a2fcb7970138239f7e404ea75757b1b507b28b5ce4c53fbd62d797c5a7c?s=96&d=mm&r=g\",\"url\":\"https:\\\/\\\/secure.gravatar.com\\\/avatar\\\/bb0c4a2fcb7970138239f7e404ea75757b1b507b28b5ce4c53fbd62d797c5a7c?s=96&d=mm&r=g\",\"contentUrl\":\"https:\\\/\\\/secure.gravatar.com\\\/avatar\\\/bb0c4a2fcb7970138239f7e404ea75757b1b507b28b5ce4c53fbd62d797c5a7c?s=96&d=mm&r=g\",\"caption\":\"Villasmil Henry\"},\"logo\":{\"@id\":\"https:\\\/\\\/secure.gravatar.com\\\/avatar\\\/bb0c4a2fcb7970138239f7e404ea75757b1b507b28b5ce4c53fbd62d797c5a7c?s=96&d=mm&r=g\"},\"sameAs\":[\"http:\\\/\\\/www.henryvillasmil.com.ve\",\"https:\\\/\\\/www.instagram.com\\\/villasmilhfoto\\\/\",\"https:\\\/\\\/x.com\\\/https:\\\/\\\/twitter.com\\\/villasmilhfoto\"]},{\"@type\":\"Person\",\"@id\":\"https:\\\/\\\/digital58.com.ve\\\/site\\\/#\\\/schema\\\/person\\\/38596b127602deaa13fbcd7585635238\",\"name\":\"Caren A\u00f1ez\",\"image\":{\"@type\":\"ImageObject\",\"inLanguage\":\"es\",\"@id\":\"https:\\\/\\\/secure.gravatar.com\\\/avatar\\\/53aadd693aa414991c9ff2f2b19c39be94d2c342463b80f5402d344911bc9782?s=96&d=mm&r=g\",\"url\":\"https:\\\/\\\/secure.gravatar.com\\\/avatar\\\/53aadd693aa414991c9ff2f2b19c39be94d2c342463b80f5402d344911bc9782?s=96&d=mm&r=g\",\"contentUrl\":\"https:\\\/\\\/secure.gravatar.com\\\/avatar\\\/53aadd693aa414991c9ff2f2b19c39be94d2c342463b80f5402d344911bc9782?s=96&d=mm&r=g\",\"caption\":\"Caren A\u00f1ez\"},\"description\":\"\ud83d\udc69\u200d\ud83c\udfa4Editora en @digital_58 \ud83d\udc69\ud83c\udffb\u200d\ud83c\udfebPeriodista musical y de entretenimiento. \ud83d\udcf8Fotografa \ud83d\udc69\ud83c\udffb\u200d\ud83d\udcbbMedia Management. \ud83d\udc69\u200d\ud83d\udc67\u200d\ud83d\udc67AspieMon 24\\\/7\",\"sameAs\":[\"https:\\\/\\\/www.instagram.com\\\/carenanez\\\/\",\"https:\\\/\\\/x.com\\\/carenanez\"],\"url\":\"https:\\\/\\\/digital58.com.ve\\\/site\\\/author\\\/carena21\\\/\"}]}<\/script>\n<!-- \/ Yoast SEO plugin. -->","yoast_head_json":{"title":"#Maracaibo | Alemania aprueba proyecto para dotaci\u00f3n de equipos m\u00e9dicos al Hospital Madre Rafols","robots":{"index":"index","follow":"follow","max-snippet":"max-snippet:-1","max-image-preview":"max-image-preview:large","max-video-preview":"max-video-preview:-1"},"canonical":"https:\/\/digital58.com.ve\/site\/2023\/05\/31\/alemania-aprueba-proyecto-para-dotacion-de-equipos-medicos-al-hospital-madre-rafols\/","og_locale":"es_ES","og_type":"article","og_title":"#Maracaibo | Alemania aprueba proyecto para dotaci\u00f3n de equipos m\u00e9dicos al Hospital Madre Rafols","og_url":"https:\/\/digital58.com.ve\/site\/2023\/05\/31\/alemania-aprueba-proyecto-para-dotacion-de-equipos-medicos-al-hospital-madre-rafols\/","og_site_name":"Noticias Digital58","article_published_time":"2023-05-31T15:31:51+00:00","article_modified_time":"2023-05-31T18:19:32+00:00","og_image":[{"width":800,"height":600,"url":"https:\/\/i0.wp.com\/digital58.com.ve\/site\/wp-content\/uploads\/2023\/05\/WhatsApp-Image-2023-05-26-at-8.10.02-PM-e1685547062994.jpeg?fit=800%2C600&ssl=1","type":"image\/jpeg"}],"author":"Caren A\u00f1ez","twitter_card":"summary_large_image","twitter_creator":"@carenanez","twitter_site":"@villasmilhfoto","twitter_misc":{"Escrito por":"Caren A\u00f1ez","Tiempo estimado de lectura":"1 minuto"},"schema":{"@context":"https:\/\/schema.org","@graph":[{"@type":"Article","@id":"https:\/\/digital58.com.ve\/site\/2023\/05\/31\/alemania-aprueba-proyecto-para-dotacion-de-equipos-medicos-al-hospital-madre-rafols\/#article","isPartOf":{"@id":"https:\/\/digital58.com.ve\/site\/2023\/05\/31\/alemania-aprueba-proyecto-para-dotacion-de-equipos-medicos-al-hospital-madre-rafols\/"},"author":{"name":"Caren A\u00f1ez","@id":"https:\/\/digital58.com.ve\/site\/#\/schema\/person\/38596b127602deaa13fbcd7585635238"},"headline":"#Maracaibo | Alemania aprueba proyecto para dotaci\u00f3n de equipos m\u00e9dicos al Hospital Madre Rafols","datePublished":"2023-05-31T15:31:51+00:00","dateModified":"2023-05-31T18:19:32+00:00","mainEntityOfPage":{"@id":"https:\/\/digital58.com.ve\/site\/2023\/05\/31\/alemania-aprueba-proyecto-para-dotacion-de-equipos-medicos-al-hospital-madre-rafols\/"},"wordCount":246,"commentCount":0,"publisher":{"@id":"https:\/\/digital58.com.ve\/site\/#\/schema\/person\/64d1c2e4d0d4fd1b849980c4331c2951"},"image":{"@id":"https:\/\/digital58.com.ve\/site\/2023\/05\/31\/alemania-aprueba-proyecto-para-dotacion-de-equipos-medicos-al-hospital-madre-rafols\/#primaryimage"},"thumbnailUrl":"https:\/\/digital58.com.ve\/site\/wp-content\/uploads\/2023\/05\/WhatsApp-Image-2023-05-26-at-8.10.02-PM-e1685547062994.jpeg","keywords":["Alemania","Donaciones","Embajada de Alemania","equipos m\u00e9dicos","Hospital Madre Rafols","Maracaibo","Nacionales","Regionales","Salud","Sistema de Salud Madre Rafols","Stefan Duppel","Venezuela"],"articleSection":["Zulia"],"inLanguage":"es","potentialAction":[{"@type":"CommentAction","name":"Comment","target":["https:\/\/digital58.com.ve\/site\/2023\/05\/31\/alemania-aprueba-proyecto-para-dotacion-de-equipos-medicos-al-hospital-madre-rafols\/#respond"]}]},{"@type":"WebPage","@id":"https:\/\/digital58.com.ve\/site\/2023\/05\/31\/alemania-aprueba-proyecto-para-dotacion-de-equipos-medicos-al-hospital-madre-rafols\/","url":"https:\/\/digital58.com.ve\/site\/2023\/05\/31\/alemania-aprueba-proyecto-para-dotacion-de-equipos-medicos-al-hospital-madre-rafols\/","name":"#Maracaibo | Alemania aprueba proyecto para dotaci\u00f3n de equipos m\u00e9dicos al Hospital Madre Rafols","isPartOf":{"@id":"https:\/\/digital58.com.ve\/site\/#website"},"primaryImageOfPage":{"@id":"https:\/\/digital58.com.ve\/site\/2023\/05\/31\/alemania-aprueba-proyecto-para-dotacion-de-equipos-medicos-al-hospital-madre-rafols\/#primaryimage"},"image":{"@id":"https:\/\/digital58.com.ve\/site\/2023\/05\/31\/alemania-aprueba-proyecto-para-dotacion-de-equipos-medicos-al-hospital-madre-rafols\/#primaryimage"},"thumbnailUrl":"https:\/\/digital58.com.ve\/site\/wp-content\/uploads\/2023\/05\/WhatsApp-Image-2023-05-26-at-8.10.02-PM-e1685547062994.jpeg","datePublished":"2023-05-31T15:31:51+00:00","dateModified":"2023-05-31T18:19:32+00:00","breadcrumb":{"@id":"https:\/\/digital58.com.ve\/site\/2023\/05\/31\/alemania-aprueba-proyecto-para-dotacion-de-equipos-medicos-al-hospital-madre-rafols\/#breadcrumb"},"inLanguage":"es","potentialAction":[{"@type":"ReadAction","target":["https:\/\/digital58.com.ve\/site\/2023\/05\/31\/alemania-aprueba-proyecto-para-dotacion-de-equipos-medicos-al-hospital-madre-rafols\/"]}]},{"@type":"ImageObject","inLanguage":"es","@id":"https:\/\/digital58.com.ve\/site\/2023\/05\/31\/alemania-aprueba-proyecto-para-dotacion-de-equipos-medicos-al-hospital-madre-rafols\/#primaryimage","url":"https:\/\/digital58.com.ve\/site\/wp-content\/uploads\/2023\/05\/WhatsApp-Image-2023-05-26-at-8.10.02-PM-e1685547062994.jpeg","contentUrl":"https:\/\/digital58.com.ve\/site\/wp-content\/uploads\/2023\/05\/WhatsApp-Image-2023-05-26-at-8.10.02-PM-e1685547062994.jpeg","width":800,"height":600},{"@type":"BreadcrumbList","@id":"https:\/\/digital58.com.ve\/site\/2023\/05\/31\/alemania-aprueba-proyecto-para-dotacion-de-equipos-medicos-al-hospital-madre-rafols\/#breadcrumb","itemListElement":[{"@type":"ListItem","position":1,"name":"Home","item":"https:\/\/digital58.com.ve\/site\/"},{"@type":"ListItem","position":2,"name":"#Maracaibo | Alemania aprueba proyecto para dotaci\u00f3n de equipos m\u00e9dicos al Hospital Madre Rafols"}]},{"@type":"WebSite","@id":"https:\/\/digital58.com.ve\/site\/#website","url":"https:\/\/digital58.com.ve\/site\/","name":"Noticias Digital58","description":"Portal de Noticias \u00a1Periodismo web de verdad! Lanzamiento web 22.11.2005 \/ Maracaibo, Venezuela","publisher":{"@id":"https:\/\/digital58.com.ve\/site\/#\/schema\/person\/64d1c2e4d0d4fd1b849980c4331c2951"},"alternateName":"ND58","potentialAction":[{"@type":"SearchAction","target":{"@type":"EntryPoint","urlTemplate":"https:\/\/digital58.com.ve\/site\/?s={search_term_string}"},"query-input":{"@type":"PropertyValueSpecification","valueRequired":true,"valueName":"search_term_string"}}],"inLanguage":"es"},{"@type":["Person","Organization"],"@id":"https:\/\/digital58.com.ve\/site\/#\/schema\/person\/64d1c2e4d0d4fd1b849980c4331c2951","name":"Villasmil Henry","image":{"@type":"ImageObject","inLanguage":"es","@id":"https:\/\/secure.gravatar.com\/avatar\/bb0c4a2fcb7970138239f7e404ea75757b1b507b28b5ce4c53fbd62d797c5a7c?s=96&d=mm&r=g","url":"https:\/\/secure.gravatar.com\/avatar\/bb0c4a2fcb7970138239f7e404ea75757b1b507b28b5ce4c53fbd62d797c5a7c?s=96&d=mm&r=g","contentUrl":"https:\/\/secure.gravatar.com\/avatar\/bb0c4a2fcb7970138239f7e404ea75757b1b507b28b5ce4c53fbd62d797c5a7c?s=96&d=mm&r=g","caption":"Villasmil Henry"},"logo":{"@id":"https:\/\/secure.gravatar.com\/avatar\/bb0c4a2fcb7970138239f7e404ea75757b1b507b28b5ce4c53fbd62d797c5a7c?s=96&d=mm&r=g"},"sameAs":["http:\/\/www.henryvillasmil.com.ve","https:\/\/www.instagram.com\/villasmilhfoto\/","https:\/\/x.com\/https:\/\/twitter.com\/villasmilhfoto"]},{"@type":"Person","@id":"https:\/\/digital58.com.ve\/site\/#\/schema\/person\/38596b127602deaa13fbcd7585635238","name":"Caren A\u00f1ez","image":{"@type":"ImageObject","inLanguage":"es","@id":"https:\/\/secure.gravatar.com\/avatar\/53aadd693aa414991c9ff2f2b19c39be94d2c342463b80f5402d344911bc9782?s=96&d=mm&r=g","url":"https:\/\/secure.gravatar.com\/avatar\/53aadd693aa414991c9ff2f2b19c39be94d2c342463b80f5402d344911bc9782?s=96&d=mm&r=g","contentUrl":"https:\/\/secure.gravatar.com\/avatar\/53aadd693aa414991c9ff2f2b19c39be94d2c342463b80f5402d344911bc9782?s=96&d=mm&r=g","caption":"Caren A\u00f1ez"},"description":"\ud83d\udc69\u200d\ud83c\udfa4Editora en @digital_58 \ud83d\udc69\ud83c\udffb\u200d\ud83c\udfebPeriodista musical y de entretenimiento. \ud83d\udcf8Fotografa \ud83d\udc69\ud83c\udffb\u200d\ud83d\udcbbMedia Management. \ud83d\udc69\u200d\ud83d\udc67\u200d\ud83d\udc67AspieMon 24\/7","sameAs":["https:\/\/www.instagram.com\/carenanez\/","https:\/\/x.com\/carenanez"],"url":"https:\/\/digital58.com.ve\/site\/author\/carena21\/"}]}},"uagb_featured_image_src":{"full":["https:\/\/digital58.com.ve\/site\/wp-content\/uploads\/2023\/05\/WhatsApp-Image-2023-05-26-at-8.10.02-PM-e1685547062994.jpeg",800,600,false],"thumbnail":["https:\/\/digital58.com.ve\/site\/wp-content\/uploads\/2023\/05\/WhatsApp-Image-2023-05-26-at-8.10.02-PM-e1685547062994-150x150.jpeg",150,150,true],"medium":["https:\/\/digital58.com.ve\/site\/wp-content\/uploads\/2023\/05\/WhatsApp-Image-2023-05-26-at-8.10.02-PM-e1685547062994-300x225.jpeg",300,225,true],"medium_large":["https:\/\/digital58.com.ve\/site\/wp-content\/uploads\/2023\/05\/WhatsApp-Image-2023-05-26-at-8.10.02-PM-e1685547062994-768x576.jpeg",768,576,true],"large":["https:\/\/digital58.com.ve\/site\/wp-content\/uploads\/2023\/05\/WhatsApp-Image-2023-05-26-at-8.10.02-PM-1000x750.jpeg",800,600,true],"1536x1536":["https:\/\/digital58.com.ve\/site\/wp-content\/uploads\/2023\/05\/WhatsApp-Image-2023-05-26-at-8.10.02-PM-e1685547062994.jpeg",800,600,false],"2048x2048":["https:\/\/digital58.com.ve\/site\/wp-content\/uploads\/2023\/05\/WhatsApp-Image-2023-05-26-at-8.10.02-PM-e1685547062994.jpeg",800,600,false],"colormag-highlighted-post":["https:\/\/digital58.com.ve\/site\/wp-content\/uploads\/2023\/05\/WhatsApp-Image-2023-05-26-at-8.10.02-PM-e1685547062994-392x272.jpeg",392,272,true],"colormag-featured-post-medium":["https:\/\/digital58.com.ve\/site\/wp-content\/uploads\/2023\/05\/WhatsApp-Image-2023-05-26-at-8.10.02-PM-e1685547062994-390x205.jpeg",390,205,true],"colormag-featured-post-small":["https:\/\/digital58.com.ve\/site\/wp-content\/uploads\/2023\/05\/WhatsApp-Image-2023-05-26-at-8.10.02-PM-e1685547062994-130x90.jpeg",130,90,true],"colormag-featured-image":["https:\/\/digital58.com.ve\/site\/wp-content\/uploads\/2023\/05\/WhatsApp-Image-2023-05-26-at-8.10.02-PM-e1685547062994-800x445.jpeg",800,445,true],"colormag-default-news":["https:\/\/digital58.com.ve\/site\/wp-content\/uploads\/2023\/05\/WhatsApp-Image-2023-05-26-at-8.10.02-PM-e1685547062994.jpeg",150,113,false],"colormag-featured-image-large":["https:\/\/digital58.com.ve\/site\/wp-content\/uploads\/2023\/05\/WhatsApp-Image-2023-05-26-at-8.10.02-PM-e1685547062994.jpeg",800,600,false]},"uagb_author_info":{"display_name":"Caren A\u00f1ez","author_link":"https:\/\/digital58.com.ve\/site\/author\/carena21\/"},"uagb_comment_info":0,"uagb_excerpt":"El Jefe de la misi\u00f3n diplom\u00e1tica en Venezuela, Stefan Duppel, en representaci\u00f3n del gobierno alem\u00e1n oficializaron el 25 de mayo,","_links":{"self":[{"href":"https:\/\/digital58.com.ve\/site\/wp-json\/wp\/v2\/posts\/167089","targetHints":{"allow":["GET"]}}],"collection":[{"href":"https:\/\/digital58.com.ve\/site\/wp-json\/wp\/v2\/posts"}],"about":[{"href":"https:\/\/digital58.com.ve\/site\/wp-json\/wp\/v2\/types\/post"}],"author":[{"embeddable":true,"href":"https:\/\/digital58.com.ve\/site\/wp-json\/wp\/v2\/users\/39"}],"replies":[{"embeddable":true,"href":"https:\/\/digital58.com.ve\/site\/wp-json\/wp\/v2\/comments?post=167089"}],"version-history":[{"count":5,"href":"https:\/\/digital58.com.ve\/site\/wp-json\/wp\/v2\/posts\/167089\/revisions"}],"predecessor-version":[{"id":167105,"href":"https:\/\/digital58.com.ve\/site\/wp-json\/wp\/v2\/posts\/167089\/revisions\/167105"}],"wp:featuredmedia":[{"embeddable":true,"href":"https:\/\/digital58.com.ve\/site\/wp-json\/wp\/v2\/media\/167092"}],"wp:attachment":[{"href":"https:\/\/digital58.com.ve\/site\/wp-json\/wp\/v2\/media?parent=167089"}],"wp:term":[{"taxonomy":"category","embeddable":true,"href":"https:\/\/digital58.com.ve\/site\/wp-json\/wp\/v2\/categories?post=167089"},{"taxonomy":"post_tag","embeddable":true,"href":"https:\/\/digital58.com.ve\/site\/wp-json\/wp\/v2\/tags?post=167089"}],"curies":[{"name":"wp","href":"https:\/\/api.w.org\/{rel}","templated":true}]}}