{"id":167145,"date":"2023-06-01T13:35:30","date_gmt":"2023-06-01T17:35:30","guid":{"rendered":"https:\/\/digital58.com.ve\/site\/?p=167145"},"modified":"2023-06-01T13:35:30","modified_gmt":"2023-06-01T17:35:30","slug":"maracaibo-la-opera-rock-pink-floyd-the-wall-vibro-en-el-teatro-baralt","status":"publish","type":"post","link":"https:\/\/digital58.com.ve\/site\/2023\/06\/01\/maracaibo-la-opera-rock-pink-floyd-the-wall-vibro-en-el-teatro-baralt\/","title":{"rendered":"#Maracaibo | La \u00d3pera Rock Pink Floyd: \u00abThe Wall\u00bb vibr\u00f3 en el Teatro Baralt"},"content":{"rendered":"<p><a href=\"https:\/\/digital58.com.ve\/site\/wp-content\/uploads\/2023\/06\/pink-floyd-12.jpg\"><img loading=\"lazy\" decoding=\"async\" class=\"aligncenter wp-image-167177 size-full\" src=\"https:\/\/digital58.com.ve\/site\/wp-content\/uploads\/2023\/06\/pink-floyd-12.jpg\" alt=\"\" width=\"800\" height=\"558\" srcset=\"https:\/\/digital58.com.ve\/site\/wp-content\/uploads\/2023\/06\/pink-floyd-12.jpg 800w, https:\/\/digital58.com.ve\/site\/wp-content\/uploads\/2023\/06\/pink-floyd-12-300x209.jpg 300w, https:\/\/digital58.com.ve\/site\/wp-content\/uploads\/2023\/06\/pink-floyd-12-768x536.jpg 768w, https:\/\/digital58.com.ve\/site\/wp-content\/uploads\/2023\/06\/pink-floyd-12-392x272.jpg 392w, https:\/\/digital58.com.ve\/site\/wp-content\/uploads\/2023\/06\/pink-floyd-12-130x90.jpg 130w\" sizes=\"auto, (max-width: 800px) 100vw, 800px\" \/><\/a><\/p>\n<p>La segunda edici\u00f3n de la serie \u00abRock en el Baralt\u00bb fue presentada este 27 de mayo en el emblem\u00e1tico recinto teatral maracaibero. Con una obra basada en uno de los \u00e1lbumes m\u00e1s ic\u00f3nicos del g\u00e9nero progresivo.<\/p>\n<p><strong>Maracaibo, Zulia, Venezuela, 01 de junio de 2023 (ND58).-<\/strong> Una producci\u00f3n de la compa\u00f1\u00eda residente del teatro hizo posible una noche inolvidable para los presentes, con un elenco de artistas teatrales de alto nivel, liderados por Isabel Gonz\u00e1lez.<\/p>\n<p><a href=\"https:\/\/digital58.com.ve\/site\/wp-content\/uploads\/2023\/06\/pink-floyd-6.jpg\"><img loading=\"lazy\" decoding=\"async\" class=\"aligncenter size-full wp-image-167183\" src=\"https:\/\/digital58.com.ve\/site\/wp-content\/uploads\/2023\/06\/pink-floyd-6.jpg\" alt=\"\" width=\"800\" height=\"543\" srcset=\"https:\/\/digital58.com.ve\/site\/wp-content\/uploads\/2023\/06\/pink-floyd-6.jpg 800w, https:\/\/digital58.com.ve\/site\/wp-content\/uploads\/2023\/06\/pink-floyd-6-300x204.jpg 300w, https:\/\/digital58.com.ve\/site\/wp-content\/uploads\/2023\/06\/pink-floyd-6-768x521.jpg 768w\" sizes=\"auto, (max-width: 800px) 100vw, 800px\" \/><\/a><\/p>\n<p>El concepto presentado tenia una d\u00e9cada engavetado. \u00abHace 10 a\u00f1os hicimos un concierto de Pink Floyd sinf\u00f3nico con el maestro Eugenio Duarte (Sinf\u00f3nica de los Puertos de Altagracia), luego de ese concierto, nos qued\u00f3 la inquietud de hacer \u00abLa Pared\u00bb y por diferentes circunstancias no lo hab\u00edamos materializado hasta el \u00e9xito conseguido en la primera edici\u00f3n de \u00abRock en el Baralt\u00bb y con el apoyo de Jes\u00fas Lombardi y el Teatro Baralt pudimos armar el proyecto\u00bb.<\/p>\n<p>\u00abThe Wall\u00bb para \u00abRock en el Baralt\u00bb cont\u00f3 con m\u00e1s de cinco meses de preparaci\u00f3n, para que el p\u00fablico pudiese disfrutar de una gran puesta en escena.<\/p>\n<p><a href=\"https:\/\/digital58.com.ve\/site\/wp-content\/uploads\/2023\/06\/pink-floyd-3.jpg\"><img loading=\"lazy\" decoding=\"async\" class=\"aligncenter size-full wp-image-167186\" src=\"https:\/\/digital58.com.ve\/site\/wp-content\/uploads\/2023\/06\/pink-floyd-3.jpg\" alt=\"\" width=\"800\" height=\"533\" srcset=\"https:\/\/digital58.com.ve\/site\/wp-content\/uploads\/2023\/06\/pink-floyd-3.jpg 800w, https:\/\/digital58.com.ve\/site\/wp-content\/uploads\/2023\/06\/pink-floyd-3-300x200.jpg 300w, https:\/\/digital58.com.ve\/site\/wp-content\/uploads\/2023\/06\/pink-floyd-3-768x512.jpg 768w\" sizes=\"auto, (max-width: 800px) 100vw, 800px\" \/><\/a><\/p>\n<p>La producci\u00f3n fue de las bandas Knister y Meikyo quienes ademas aportaron su talento para darle vida a las canciones del \u00e1lbum \u00abThe Wall\u00bb con un espect\u00e1culo acompa\u00f1ado de efectos visuales, humo, ilustraciones a gran escala y un sonido inmejorable, \u00e9xitos como; \u00abAnother brick in the wall part1\u00bb, \u00abOne Of My Turns\u00bb, \u00abHey You\u00bb, \u00abMother\u00bb, \u00abEmpty Spaces\u00bb formaron parte del repertorio.<\/p>\n<p><a href=\"https:\/\/digital58.com.ve\/site\/wp-content\/uploads\/2023\/06\/pink-floyd-5.jpg\"><img loading=\"lazy\" decoding=\"async\" class=\"aligncenter size-full wp-image-167184\" src=\"https:\/\/digital58.com.ve\/site\/wp-content\/uploads\/2023\/06\/pink-floyd-5.jpg\" alt=\"\" width=\"800\" height=\"531\" srcset=\"https:\/\/digital58.com.ve\/site\/wp-content\/uploads\/2023\/06\/pink-floyd-5.jpg 800w, https:\/\/digital58.com.ve\/site\/wp-content\/uploads\/2023\/06\/pink-floyd-5-300x199.jpg 300w, https:\/\/digital58.com.ve\/site\/wp-content\/uploads\/2023\/06\/pink-floyd-5-768x510.jpg 768w\" sizes=\"auto, (max-width: 800px) 100vw, 800px\" \/><\/a><\/p>\n<p><strong>A medida que fue transcurriendo la presentaci\u00f3n, los actores fueron construyendo un gran muro alusivo al audiovisual que realiz\u00f3 originalmente, y fueron agregando uno a uno los bloques que conforman los temas del emblem\u00e1tica producci\u00f3n musical inspirada en la vida.<\/strong><\/p>\n<p><a href=\"https:\/\/digital58.com.ve\/site\/wp-content\/uploads\/2023\/06\/pink-floyd-4.jpg\"><img loading=\"lazy\" decoding=\"async\" class=\"aligncenter size-full wp-image-167185\" src=\"https:\/\/digital58.com.ve\/site\/wp-content\/uploads\/2023\/06\/pink-floyd-4.jpg\" alt=\"\" width=\"800\" height=\"533\" srcset=\"https:\/\/digital58.com.ve\/site\/wp-content\/uploads\/2023\/06\/pink-floyd-4.jpg 800w, https:\/\/digital58.com.ve\/site\/wp-content\/uploads\/2023\/06\/pink-floyd-4-300x200.jpg 300w, https:\/\/digital58.com.ve\/site\/wp-content\/uploads\/2023\/06\/pink-floyd-4-768x512.jpg 768w\" sizes=\"auto, (max-width: 800px) 100vw, 800px\" \/><\/a><\/p>\n<p>\u00abOtro ladrillo en la muro\u00bb se refiere \u00abA la imagen del profesor, que es visto como uno de las causas del aislamiento mental de \u00abPink\u00bb, el personaje de la historia que narra el \u00e1lbum\u00bb.<\/p>\n<p><a href=\"https:\/\/digital58.com.ve\/site\/wp-content\/uploads\/2023\/06\/pink-floyd-9.jpg\"><img loading=\"lazy\" decoding=\"async\" class=\"aligncenter size-full wp-image-167180\" src=\"https:\/\/digital58.com.ve\/site\/wp-content\/uploads\/2023\/06\/pink-floyd-9.jpg\" alt=\"\" width=\"800\" height=\"548\" srcset=\"https:\/\/digital58.com.ve\/site\/wp-content\/uploads\/2023\/06\/pink-floyd-9.jpg 800w, https:\/\/digital58.com.ve\/site\/wp-content\/uploads\/2023\/06\/pink-floyd-9-300x206.jpg 300w, https:\/\/digital58.com.ve\/site\/wp-content\/uploads\/2023\/06\/pink-floyd-9-768x526.jpg 768w, https:\/\/digital58.com.ve\/site\/wp-content\/uploads\/2023\/06\/pink-floyd-9-130x90.jpg 130w\" sizes=\"auto, (max-width: 800px) 100vw, 800px\" \/><\/a><\/p>\n<p>\u00abAnother Brick In The Wall Part 2\u00bb, \u00abThe Show Must Go On\u00bb, \u00abRun Like Hell\u00bb, \u00abGoodbye Blue Sky\u00bb, \u00abGoodbye Cruel World\u00bb, \u00abIn The Flesh\u00bb, \u00abThe Thin Ice\u00bb, entre otros, fueron algunos de los temas interpretados por los m\u00fasicos en tarima, conformados por Sol \u00c1vila en los coros, Roberto Mart\u00ednez con la guitarra r\u00edtmica y ac\u00fastica.<\/p>\n<p><a href=\"https:\/\/digital58.com.ve\/site\/wp-content\/uploads\/2023\/06\/pink-floyd-10.jpg\"><img loading=\"lazy\" decoding=\"async\" class=\"aligncenter size-full wp-image-167179\" src=\"https:\/\/digital58.com.ve\/site\/wp-content\/uploads\/2023\/06\/pink-floyd-10.jpg\" alt=\"\" width=\"800\" height=\"538\" srcset=\"https:\/\/digital58.com.ve\/site\/wp-content\/uploads\/2023\/06\/pink-floyd-10.jpg 800w, https:\/\/digital58.com.ve\/site\/wp-content\/uploads\/2023\/06\/pink-floyd-10-300x202.jpg 300w, https:\/\/digital58.com.ve\/site\/wp-content\/uploads\/2023\/06\/pink-floyd-10-768x516.jpg 768w\" sizes=\"auto, (max-width: 800px) 100vw, 800px\" \/><\/a><\/p>\n<p>Acompa\u00f1ados por Luis Salavarria en la guitarra el\u00e9ctrica, Carlos Pacheco, bajista; Jes\u00fas Black en la bater\u00eda, Jonathan Pati\u00f1o interpretando al juez y tocando la guitarra el\u00e9ctrica, Gaby Cardozo (teclado) y Rafmar Rangel (vocalista\/ madre de Pink).<\/p>\n<p><a href=\"https:\/\/digital58.com.ve\/site\/wp-content\/uploads\/2023\/06\/pink-floyd-11.jpg\"><img loading=\"lazy\" decoding=\"async\" class=\"aligncenter size-full wp-image-167178\" src=\"https:\/\/digital58.com.ve\/site\/wp-content\/uploads\/2023\/06\/pink-floyd-11.jpg\" alt=\"\" width=\"800\" height=\"526\" srcset=\"https:\/\/digital58.com.ve\/site\/wp-content\/uploads\/2023\/06\/pink-floyd-11.jpg 800w, https:\/\/digital58.com.ve\/site\/wp-content\/uploads\/2023\/06\/pink-floyd-11-300x197.jpg 300w, https:\/\/digital58.com.ve\/site\/wp-content\/uploads\/2023\/06\/pink-floyd-11-768x505.jpg 768w\" sizes=\"auto, (max-width: 800px) 100vw, 800px\" \/><\/a><\/p>\n<p>El reparto principal estuvo integrado por: Samuel Lam (vocalista\/Pink), Eliza Mavares (esposa), Diego Abreu (profesor\/amante) y Leonardo Ortega (fiscal\/Pordiosero), como actores de reparto; Elisaul y Julio Ortega, Gabriel Pernalette, Nicolas Mel\u00e9ndez y Chantal Crespo.<\/p>\n<p>La asistencia de producci\u00f3n; Ileana Arteaga, Emmanuel Arenas, David Romero, Ramiro Parra y Luis Cabrita director de iluminaci\u00f3n teatro Baralt.<\/p>\n<p><a href=\"https:\/\/digital58.com.ve\/site\/wp-content\/uploads\/2023\/06\/pink-floyd-13.jpg\"><img loading=\"lazy\" decoding=\"async\" class=\"aligncenter size-full wp-image-167176\" src=\"https:\/\/digital58.com.ve\/site\/wp-content\/uploads\/2023\/06\/pink-floyd-13.jpg\" alt=\"\" width=\"800\" height=\"531\" srcset=\"https:\/\/digital58.com.ve\/site\/wp-content\/uploads\/2023\/06\/pink-floyd-13.jpg 800w, https:\/\/digital58.com.ve\/site\/wp-content\/uploads\/2023\/06\/pink-floyd-13-300x199.jpg 300w, https:\/\/digital58.com.ve\/site\/wp-content\/uploads\/2023\/06\/pink-floyd-13-768x510.jpg 768w\" sizes=\"auto, (max-width: 800px) 100vw, 800px\" \/><\/a><\/p>\n<p>La obra tuvo una duraci\u00f3n promedio de dos horas con un intermedio de 15 minutos, se tomaron en cuenta ciertos detalles para que el publico en el teatro siempre se sintiera dentro de la obra, no hubo espacios en blanco a lo largo de la presentaci\u00f3n.<\/p>\n<p><a href=\"https:\/\/digital58.com.ve\/site\/wp-content\/uploads\/2023\/06\/pink-floyd-8.jpg\"><img loading=\"lazy\" decoding=\"async\" class=\"aligncenter size-full wp-image-167181\" src=\"https:\/\/digital58.com.ve\/site\/wp-content\/uploads\/2023\/06\/pink-floyd-8.jpg\" alt=\"\" width=\"800\" height=\"535\" srcset=\"https:\/\/digital58.com.ve\/site\/wp-content\/uploads\/2023\/06\/pink-floyd-8.jpg 800w, https:\/\/digital58.com.ve\/site\/wp-content\/uploads\/2023\/06\/pink-floyd-8-300x201.jpg 300w, https:\/\/digital58.com.ve\/site\/wp-content\/uploads\/2023\/06\/pink-floyd-8-768x514.jpg 768w\" sizes=\"auto, (max-width: 800px) 100vw, 800px\" \/><\/a><\/p>\n<p>Los artistas se encargaron de mantener inmersa a la audiencia dentro de la obra, haci\u00e9ndolos sentir como parte de la historia de Pink Floyd y lo que representa \u00abThe Wall\u00bb.<\/p>\n<p><a href=\"https:\/\/digital58.com.ve\/site\/wp-content\/uploads\/2023\/06\/pink-floyd.jpg\"><img loading=\"lazy\" decoding=\"async\" class=\"aligncenter size-full wp-image-167188\" src=\"https:\/\/digital58.com.ve\/site\/wp-content\/uploads\/2023\/06\/pink-floyd.jpg\" alt=\"\" width=\"800\" height=\"533\" srcset=\"https:\/\/digital58.com.ve\/site\/wp-content\/uploads\/2023\/06\/pink-floyd.jpg 800w, https:\/\/digital58.com.ve\/site\/wp-content\/uploads\/2023\/06\/pink-floyd-300x200.jpg 300w, https:\/\/digital58.com.ve\/site\/wp-content\/uploads\/2023\/06\/pink-floyd-768x512.jpg 768w\" sizes=\"auto, (max-width: 800px) 100vw, 800px\" \/><\/a><\/p>\n<p><a href=\"https:\/\/digital58.com.ve\/site\/wp-content\/uploads\/2023\/06\/pink-floyd-2.jpg\"><img loading=\"lazy\" decoding=\"async\" class=\"aligncenter size-full wp-image-167187\" src=\"https:\/\/digital58.com.ve\/site\/wp-content\/uploads\/2023\/06\/pink-floyd-2.jpg\" alt=\"\" width=\"800\" height=\"520\" srcset=\"https:\/\/digital58.com.ve\/site\/wp-content\/uploads\/2023\/06\/pink-floyd-2.jpg 800w, https:\/\/digital58.com.ve\/site\/wp-content\/uploads\/2023\/06\/pink-floyd-2-300x195.jpg 300w, https:\/\/digital58.com.ve\/site\/wp-content\/uploads\/2023\/06\/pink-floyd-2-768x499.jpg 768w\" sizes=\"auto, (max-width: 800px) 100vw, 800px\" \/><\/a><\/p>\n<p><a href=\"https:\/\/digital58.com.ve\/site\/wp-content\/uploads\/2023\/06\/pink-floyd-12.jpg\"><img loading=\"lazy\" decoding=\"async\" class=\"aligncenter size-full wp-image-167177\" src=\"https:\/\/digital58.com.ve\/site\/wp-content\/uploads\/2023\/06\/pink-floyd-12.jpg\" alt=\"\" width=\"800\" height=\"558\" srcset=\"https:\/\/digital58.com.ve\/site\/wp-content\/uploads\/2023\/06\/pink-floyd-12.jpg 800w, https:\/\/digital58.com.ve\/site\/wp-content\/uploads\/2023\/06\/pink-floyd-12-300x209.jpg 300w, https:\/\/digital58.com.ve\/site\/wp-content\/uploads\/2023\/06\/pink-floyd-12-768x536.jpg 768w, https:\/\/digital58.com.ve\/site\/wp-content\/uploads\/2023\/06\/pink-floyd-12-392x272.jpg 392w, https:\/\/digital58.com.ve\/site\/wp-content\/uploads\/2023\/06\/pink-floyd-12-130x90.jpg 130w\" sizes=\"auto, (max-width: 800px) 100vw, 800px\" \/><\/a><\/p>\n<p><a href=\"https:\/\/digital58.com.ve\/site\/wp-content\/uploads\/2023\/06\/pink-floyd-7.jpg\"><img loading=\"lazy\" decoding=\"async\" class=\"aligncenter size-full wp-image-167182\" src=\"https:\/\/digital58.com.ve\/site\/wp-content\/uploads\/2023\/06\/pink-floyd-7.jpg\" alt=\"\" width=\"800\" height=\"538\" srcset=\"https:\/\/digital58.com.ve\/site\/wp-content\/uploads\/2023\/06\/pink-floyd-7.jpg 800w, https:\/\/digital58.com.ve\/site\/wp-content\/uploads\/2023\/06\/pink-floyd-7-300x202.jpg 300w, https:\/\/digital58.com.ve\/site\/wp-content\/uploads\/2023\/06\/pink-floyd-7-768x516.jpg 768w\" sizes=\"auto, (max-width: 800px) 100vw, 800px\" \/><\/a><\/p>\n<p class=\"p1\"><b>Redacci\u00f3n ND58\/Marrero, Alexis<\/b><br \/>\n<b>Edici\u00f3n: \u00c1\u00f1ez, Caren\u00a0<\/b><br \/>\n<b>Gr\u00e1fica: Marrero, Alexis \/ @villasmilhfoto<br \/>\n<\/b><\/p>\n<p>&nbsp;<\/p>\n<p>&nbsp;<\/p>\n<p>&nbsp;<\/p><div class=\"brple69efb6f758a6d\" ><p style=\"text-align: center;\"><a href=\"https:\/\/t.me\/noticiasdigital58\" target=\"_blank\" rel=\"noopener\"><img class=\"aligncenter size-full wp-image-125363\" src=\"https:\/\/digital58.com.ve\/site\/wp-content\/uploads\/2021\/04\/banner-telegram-web-2021.png\" alt=\"\" width=\"600\" height=\"90\" \/><\/a><\/p><\/div><style type=\"text\/css\">\r\n@media screen and (min-width: 1201px) {\r\n.brple69efb6f758a6d {\r\ndisplay: block;\r\n}\r\n}\r\n@media screen and (min-width: 993px) and (max-width: 1200px) {\r\n.brple69efb6f758a6d {\r\ndisplay: block;\r\n}\r\n}\r\n@media screen and (min-width: 769px) and (max-width: 992px) {\r\n.brple69efb6f758a6d {\r\ndisplay: block;\r\n}\r\n}\r\n@media screen and (min-width: 768px) and (max-width: 768px) {\r\n.brple69efb6f758a6d {\r\ndisplay: block;\r\n}\r\n}\r\n@media screen and (max-width: 767px) {\r\n.brple69efb6f758a6d {\r\ndisplay: block;\r\n}\r\n}\r\n<\/style>\r\n\n<p>&nbsp;<\/p>\n<div style=\"margin-top: 0px; margin-bottom: 0px;\" class=\"sharethis-inline-share-buttons\" ><\/div>","protected":false},"excerpt":{"rendered":"<p>La segunda edici\u00f3n de la serie \u00abRock en el Baralt\u00bb fue presentada este 27 de mayo en el emblem\u00e1tico recinto<\/p>\n","protected":false},"author":39,"featured_media":167176,"comment_status":"open","ping_status":"closed","sticky":false,"template":"","format":"standard","meta":{"colormag_page_container_layout":"default_layout","colormag_page_sidebar_layout":"default_layout","_uag_custom_page_level_css":"","footnotes":""},"categories":[5417],"tags":[31634,31635,50,211,73,233,31636,31621,2354,29383,97,8401,31622,32,761],"class_list":["post-167145","post","type-post","status-publish","format-standard","has-post-thumbnail","hentry","category-conciertos","tag-banda-knister","tag-banda-meikyo","tag-entretenimiento","tag-espectaculos","tag-maracaibo","tag-nacionales","tag-opera-rock","tag-pink-floyd","tag-regionales","tag-rock-en-el-baralt","tag-teatro-baralt","tag-teatros","tag-the-wall","tag-venezuela","tag-zulia"],"yoast_head":"<!-- This site is optimized with the Yoast SEO plugin v27.4 - https:\/\/yoast.com\/product\/yoast-seo-wordpress\/ -->\n<title>#Maracaibo | La \u00d3pera Rock Pink Floyd: \u00abThe Wall\u00bb vibr\u00f3 en el Teatro Baralt<\/title>\n<meta name=\"robots\" content=\"index, follow, max-snippet:-1, max-image-preview:large, max-video-preview:-1\" \/>\n<link rel=\"canonical\" href=\"https:\/\/digital58.com.ve\/site\/2023\/06\/01\/maracaibo-la-opera-rock-pink-floyd-the-wall-vibro-en-el-teatro-baralt\/\" \/>\n<meta property=\"og:locale\" content=\"es_ES\" \/>\n<meta property=\"og:type\" content=\"article\" \/>\n<meta property=\"og:title\" content=\"#Maracaibo | La \u00d3pera Rock Pink Floyd: \u00abThe Wall\u00bb vibr\u00f3 en el Teatro Baralt\" \/>\n<meta property=\"og:url\" content=\"https:\/\/digital58.com.ve\/site\/2023\/06\/01\/maracaibo-la-opera-rock-pink-floyd-the-wall-vibro-en-el-teatro-baralt\/\" \/>\n<meta property=\"og:site_name\" content=\"Noticias Digital58\" \/>\n<meta property=\"article:published_time\" content=\"2023-06-01T17:35:30+00:00\" \/>\n<meta property=\"og:image\" content=\"https:\/\/i0.wp.com\/digital58.com.ve\/site\/wp-content\/uploads\/2023\/06\/pink-floyd-13.jpg?fit=800%2C531&ssl=1\" \/>\n\t<meta property=\"og:image:width\" content=\"800\" \/>\n\t<meta property=\"og:image:height\" content=\"531\" \/>\n\t<meta property=\"og:image:type\" content=\"image\/jpeg\" \/>\n<meta name=\"author\" content=\"Caren A\u00f1ez\" \/>\n<meta name=\"twitter:card\" content=\"summary_large_image\" \/>\n<meta name=\"twitter:creator\" content=\"@carenanez\" \/>\n<meta name=\"twitter:site\" content=\"@villasmilhfoto\" \/>\n<meta name=\"twitter:label1\" content=\"Escrito por\" \/>\n\t<meta name=\"twitter:data1\" content=\"Caren A\u00f1ez\" \/>\n\t<meta name=\"twitter:label2\" content=\"Tiempo estimado de lectura\" \/>\n\t<meta name=\"twitter:data2\" content=\"3 minutos\" \/>\n<script type=\"application\/ld+json\" class=\"yoast-schema-graph\">{\"@context\":\"https:\\\/\\\/schema.org\",\"@graph\":[{\"@type\":\"Article\",\"@id\":\"https:\\\/\\\/digital58.com.ve\\\/site\\\/2023\\\/06\\\/01\\\/maracaibo-la-opera-rock-pink-floyd-the-wall-vibro-en-el-teatro-baralt\\\/#article\",\"isPartOf\":{\"@id\":\"https:\\\/\\\/digital58.com.ve\\\/site\\\/2023\\\/06\\\/01\\\/maracaibo-la-opera-rock-pink-floyd-the-wall-vibro-en-el-teatro-baralt\\\/\"},\"author\":{\"name\":\"Caren A\u00f1ez\",\"@id\":\"https:\\\/\\\/digital58.com.ve\\\/site\\\/#\\\/schema\\\/person\\\/38596b127602deaa13fbcd7585635238\"},\"headline\":\"#Maracaibo | La \u00d3pera Rock Pink Floyd: \u00abThe Wall\u00bb vibr\u00f3 en el Teatro Baralt\",\"datePublished\":\"2023-06-01T17:35:30+00:00\",\"mainEntityOfPage\":{\"@id\":\"https:\\\/\\\/digital58.com.ve\\\/site\\\/2023\\\/06\\\/01\\\/maracaibo-la-opera-rock-pink-floyd-the-wall-vibro-en-el-teatro-baralt\\\/\"},\"wordCount\":602,\"commentCount\":0,\"publisher\":{\"@id\":\"https:\\\/\\\/digital58.com.ve\\\/site\\\/#\\\/schema\\\/person\\\/64d1c2e4d0d4fd1b849980c4331c2951\"},\"image\":{\"@id\":\"https:\\\/\\\/digital58.com.ve\\\/site\\\/2023\\\/06\\\/01\\\/maracaibo-la-opera-rock-pink-floyd-the-wall-vibro-en-el-teatro-baralt\\\/#primaryimage\"},\"thumbnailUrl\":\"https:\\\/\\\/digital58.com.ve\\\/site\\\/wp-content\\\/uploads\\\/2023\\\/06\\\/pink-floyd-13.jpg\",\"keywords\":[\"Banda Knister\",\"Banda Meikyo\",\"Entretenimiento\",\"Espect\u00e1culos\",\"Maracaibo\",\"Nacionales\",\"\u00d3pera Rock\",\"Pink Floyd\",\"Regionales\",\"Rock en el Baralt\",\"Teatro Baralt\",\"Teatros\",\"the wall\",\"Venezuela\",\"Zulia\"],\"articleSection\":[\"Conciertos\"],\"inLanguage\":\"es\",\"potentialAction\":[{\"@type\":\"CommentAction\",\"name\":\"Comment\",\"target\":[\"https:\\\/\\\/digital58.com.ve\\\/site\\\/2023\\\/06\\\/01\\\/maracaibo-la-opera-rock-pink-floyd-the-wall-vibro-en-el-teatro-baralt\\\/#respond\"]}]},{\"@type\":\"WebPage\",\"@id\":\"https:\\\/\\\/digital58.com.ve\\\/site\\\/2023\\\/06\\\/01\\\/maracaibo-la-opera-rock-pink-floyd-the-wall-vibro-en-el-teatro-baralt\\\/\",\"url\":\"https:\\\/\\\/digital58.com.ve\\\/site\\\/2023\\\/06\\\/01\\\/maracaibo-la-opera-rock-pink-floyd-the-wall-vibro-en-el-teatro-baralt\\\/\",\"name\":\"#Maracaibo | La \u00d3pera Rock Pink Floyd: \u00abThe Wall\u00bb vibr\u00f3 en el Teatro Baralt\",\"isPartOf\":{\"@id\":\"https:\\\/\\\/digital58.com.ve\\\/site\\\/#website\"},\"primaryImageOfPage\":{\"@id\":\"https:\\\/\\\/digital58.com.ve\\\/site\\\/2023\\\/06\\\/01\\\/maracaibo-la-opera-rock-pink-floyd-the-wall-vibro-en-el-teatro-baralt\\\/#primaryimage\"},\"image\":{\"@id\":\"https:\\\/\\\/digital58.com.ve\\\/site\\\/2023\\\/06\\\/01\\\/maracaibo-la-opera-rock-pink-floyd-the-wall-vibro-en-el-teatro-baralt\\\/#primaryimage\"},\"thumbnailUrl\":\"https:\\\/\\\/digital58.com.ve\\\/site\\\/wp-content\\\/uploads\\\/2023\\\/06\\\/pink-floyd-13.jpg\",\"datePublished\":\"2023-06-01T17:35:30+00:00\",\"breadcrumb\":{\"@id\":\"https:\\\/\\\/digital58.com.ve\\\/site\\\/2023\\\/06\\\/01\\\/maracaibo-la-opera-rock-pink-floyd-the-wall-vibro-en-el-teatro-baralt\\\/#breadcrumb\"},\"inLanguage\":\"es\",\"potentialAction\":[{\"@type\":\"ReadAction\",\"target\":[\"https:\\\/\\\/digital58.com.ve\\\/site\\\/2023\\\/06\\\/01\\\/maracaibo-la-opera-rock-pink-floyd-the-wall-vibro-en-el-teatro-baralt\\\/\"]}]},{\"@type\":\"ImageObject\",\"inLanguage\":\"es\",\"@id\":\"https:\\\/\\\/digital58.com.ve\\\/site\\\/2023\\\/06\\\/01\\\/maracaibo-la-opera-rock-pink-floyd-the-wall-vibro-en-el-teatro-baralt\\\/#primaryimage\",\"url\":\"https:\\\/\\\/digital58.com.ve\\\/site\\\/wp-content\\\/uploads\\\/2023\\\/06\\\/pink-floyd-13.jpg\",\"contentUrl\":\"https:\\\/\\\/digital58.com.ve\\\/site\\\/wp-content\\\/uploads\\\/2023\\\/06\\\/pink-floyd-13.jpg\",\"width\":800,\"height\":531},{\"@type\":\"BreadcrumbList\",\"@id\":\"https:\\\/\\\/digital58.com.ve\\\/site\\\/2023\\\/06\\\/01\\\/maracaibo-la-opera-rock-pink-floyd-the-wall-vibro-en-el-teatro-baralt\\\/#breadcrumb\",\"itemListElement\":[{\"@type\":\"ListItem\",\"position\":1,\"name\":\"Home\",\"item\":\"https:\\\/\\\/digital58.com.ve\\\/site\\\/\"},{\"@type\":\"ListItem\",\"position\":2,\"name\":\"#Maracaibo | La \u00d3pera Rock Pink Floyd: \u00abThe Wall\u00bb vibr\u00f3 en el Teatro Baralt\"}]},{\"@type\":\"WebSite\",\"@id\":\"https:\\\/\\\/digital58.com.ve\\\/site\\\/#website\",\"url\":\"https:\\\/\\\/digital58.com.ve\\\/site\\\/\",\"name\":\"Noticias Digital58\",\"description\":\"Portal de Noticias \u00a1Periodismo web de verdad! Lanzamiento web 22.11.2005 \\\/ Maracaibo, Venezuela\",\"publisher\":{\"@id\":\"https:\\\/\\\/digital58.com.ve\\\/site\\\/#\\\/schema\\\/person\\\/64d1c2e4d0d4fd1b849980c4331c2951\"},\"alternateName\":\"ND58\",\"potentialAction\":[{\"@type\":\"SearchAction\",\"target\":{\"@type\":\"EntryPoint\",\"urlTemplate\":\"https:\\\/\\\/digital58.com.ve\\\/site\\\/?s={search_term_string}\"},\"query-input\":{\"@type\":\"PropertyValueSpecification\",\"valueRequired\":true,\"valueName\":\"search_term_string\"}}],\"inLanguage\":\"es\"},{\"@type\":[\"Person\",\"Organization\"],\"@id\":\"https:\\\/\\\/digital58.com.ve\\\/site\\\/#\\\/schema\\\/person\\\/64d1c2e4d0d4fd1b849980c4331c2951\",\"name\":\"Villasmil Henry\",\"image\":{\"@type\":\"ImageObject\",\"inLanguage\":\"es\",\"@id\":\"https:\\\/\\\/secure.gravatar.com\\\/avatar\\\/bb0c4a2fcb7970138239f7e404ea75757b1b507b28b5ce4c53fbd62d797c5a7c?s=96&d=mm&r=g\",\"url\":\"https:\\\/\\\/secure.gravatar.com\\\/avatar\\\/bb0c4a2fcb7970138239f7e404ea75757b1b507b28b5ce4c53fbd62d797c5a7c?s=96&d=mm&r=g\",\"contentUrl\":\"https:\\\/\\\/secure.gravatar.com\\\/avatar\\\/bb0c4a2fcb7970138239f7e404ea75757b1b507b28b5ce4c53fbd62d797c5a7c?s=96&d=mm&r=g\",\"caption\":\"Villasmil Henry\"},\"logo\":{\"@id\":\"https:\\\/\\\/secure.gravatar.com\\\/avatar\\\/bb0c4a2fcb7970138239f7e404ea75757b1b507b28b5ce4c53fbd62d797c5a7c?s=96&d=mm&r=g\"},\"sameAs\":[\"http:\\\/\\\/www.henryvillasmil.com.ve\",\"https:\\\/\\\/www.instagram.com\\\/villasmilhfoto\\\/\",\"https:\\\/\\\/x.com\\\/https:\\\/\\\/twitter.com\\\/villasmilhfoto\"]},{\"@type\":\"Person\",\"@id\":\"https:\\\/\\\/digital58.com.ve\\\/site\\\/#\\\/schema\\\/person\\\/38596b127602deaa13fbcd7585635238\",\"name\":\"Caren A\u00f1ez\",\"image\":{\"@type\":\"ImageObject\",\"inLanguage\":\"es\",\"@id\":\"https:\\\/\\\/secure.gravatar.com\\\/avatar\\\/53aadd693aa414991c9ff2f2b19c39be94d2c342463b80f5402d344911bc9782?s=96&d=mm&r=g\",\"url\":\"https:\\\/\\\/secure.gravatar.com\\\/avatar\\\/53aadd693aa414991c9ff2f2b19c39be94d2c342463b80f5402d344911bc9782?s=96&d=mm&r=g\",\"contentUrl\":\"https:\\\/\\\/secure.gravatar.com\\\/avatar\\\/53aadd693aa414991c9ff2f2b19c39be94d2c342463b80f5402d344911bc9782?s=96&d=mm&r=g\",\"caption\":\"Caren A\u00f1ez\"},\"description\":\"\ud83d\udc69\u200d\ud83c\udfa4Editora en @digital_58 \ud83d\udc69\ud83c\udffb\u200d\ud83c\udfebPeriodista musical y de entretenimiento. \ud83d\udcf8Fotografa \ud83d\udc69\ud83c\udffb\u200d\ud83d\udcbbMedia Management. \ud83d\udc69\u200d\ud83d\udc67\u200d\ud83d\udc67AspieMon 24\\\/7\",\"sameAs\":[\"https:\\\/\\\/www.instagram.com\\\/carenanez\\\/\",\"https:\\\/\\\/x.com\\\/carenanez\"],\"url\":\"https:\\\/\\\/digital58.com.ve\\\/site\\\/author\\\/carena21\\\/\"}]}<\/script>\n<!-- \/ Yoast SEO plugin. -->","yoast_head_json":{"title":"#Maracaibo | La \u00d3pera Rock Pink Floyd: \u00abThe Wall\u00bb vibr\u00f3 en el Teatro Baralt","robots":{"index":"index","follow":"follow","max-snippet":"max-snippet:-1","max-image-preview":"max-image-preview:large","max-video-preview":"max-video-preview:-1"},"canonical":"https:\/\/digital58.com.ve\/site\/2023\/06\/01\/maracaibo-la-opera-rock-pink-floyd-the-wall-vibro-en-el-teatro-baralt\/","og_locale":"es_ES","og_type":"article","og_title":"#Maracaibo | La \u00d3pera Rock Pink Floyd: \u00abThe Wall\u00bb vibr\u00f3 en el Teatro Baralt","og_url":"https:\/\/digital58.com.ve\/site\/2023\/06\/01\/maracaibo-la-opera-rock-pink-floyd-the-wall-vibro-en-el-teatro-baralt\/","og_site_name":"Noticias Digital58","article_published_time":"2023-06-01T17:35:30+00:00","og_image":[{"width":800,"height":531,"url":"https:\/\/i0.wp.com\/digital58.com.ve\/site\/wp-content\/uploads\/2023\/06\/pink-floyd-13.jpg?fit=800%2C531&ssl=1","type":"image\/jpeg"}],"author":"Caren A\u00f1ez","twitter_card":"summary_large_image","twitter_creator":"@carenanez","twitter_site":"@villasmilhfoto","twitter_misc":{"Escrito por":"Caren A\u00f1ez","Tiempo estimado de lectura":"3 minutos"},"schema":{"@context":"https:\/\/schema.org","@graph":[{"@type":"Article","@id":"https:\/\/digital58.com.ve\/site\/2023\/06\/01\/maracaibo-la-opera-rock-pink-floyd-the-wall-vibro-en-el-teatro-baralt\/#article","isPartOf":{"@id":"https:\/\/digital58.com.ve\/site\/2023\/06\/01\/maracaibo-la-opera-rock-pink-floyd-the-wall-vibro-en-el-teatro-baralt\/"},"author":{"name":"Caren A\u00f1ez","@id":"https:\/\/digital58.com.ve\/site\/#\/schema\/person\/38596b127602deaa13fbcd7585635238"},"headline":"#Maracaibo | La \u00d3pera Rock Pink Floyd: \u00abThe Wall\u00bb vibr\u00f3 en el Teatro Baralt","datePublished":"2023-06-01T17:35:30+00:00","mainEntityOfPage":{"@id":"https:\/\/digital58.com.ve\/site\/2023\/06\/01\/maracaibo-la-opera-rock-pink-floyd-the-wall-vibro-en-el-teatro-baralt\/"},"wordCount":602,"commentCount":0,"publisher":{"@id":"https:\/\/digital58.com.ve\/site\/#\/schema\/person\/64d1c2e4d0d4fd1b849980c4331c2951"},"image":{"@id":"https:\/\/digital58.com.ve\/site\/2023\/06\/01\/maracaibo-la-opera-rock-pink-floyd-the-wall-vibro-en-el-teatro-baralt\/#primaryimage"},"thumbnailUrl":"https:\/\/digital58.com.ve\/site\/wp-content\/uploads\/2023\/06\/pink-floyd-13.jpg","keywords":["Banda Knister","Banda Meikyo","Entretenimiento","Espect\u00e1culos","Maracaibo","Nacionales","\u00d3pera Rock","Pink Floyd","Regionales","Rock en el Baralt","Teatro Baralt","Teatros","the wall","Venezuela","Zulia"],"articleSection":["Conciertos"],"inLanguage":"es","potentialAction":[{"@type":"CommentAction","name":"Comment","target":["https:\/\/digital58.com.ve\/site\/2023\/06\/01\/maracaibo-la-opera-rock-pink-floyd-the-wall-vibro-en-el-teatro-baralt\/#respond"]}]},{"@type":"WebPage","@id":"https:\/\/digital58.com.ve\/site\/2023\/06\/01\/maracaibo-la-opera-rock-pink-floyd-the-wall-vibro-en-el-teatro-baralt\/","url":"https:\/\/digital58.com.ve\/site\/2023\/06\/01\/maracaibo-la-opera-rock-pink-floyd-the-wall-vibro-en-el-teatro-baralt\/","name":"#Maracaibo | La \u00d3pera Rock Pink Floyd: \u00abThe Wall\u00bb vibr\u00f3 en el Teatro Baralt","isPartOf":{"@id":"https:\/\/digital58.com.ve\/site\/#website"},"primaryImageOfPage":{"@id":"https:\/\/digital58.com.ve\/site\/2023\/06\/01\/maracaibo-la-opera-rock-pink-floyd-the-wall-vibro-en-el-teatro-baralt\/#primaryimage"},"image":{"@id":"https:\/\/digital58.com.ve\/site\/2023\/06\/01\/maracaibo-la-opera-rock-pink-floyd-the-wall-vibro-en-el-teatro-baralt\/#primaryimage"},"thumbnailUrl":"https:\/\/digital58.com.ve\/site\/wp-content\/uploads\/2023\/06\/pink-floyd-13.jpg","datePublished":"2023-06-01T17:35:30+00:00","breadcrumb":{"@id":"https:\/\/digital58.com.ve\/site\/2023\/06\/01\/maracaibo-la-opera-rock-pink-floyd-the-wall-vibro-en-el-teatro-baralt\/#breadcrumb"},"inLanguage":"es","potentialAction":[{"@type":"ReadAction","target":["https:\/\/digital58.com.ve\/site\/2023\/06\/01\/maracaibo-la-opera-rock-pink-floyd-the-wall-vibro-en-el-teatro-baralt\/"]}]},{"@type":"ImageObject","inLanguage":"es","@id":"https:\/\/digital58.com.ve\/site\/2023\/06\/01\/maracaibo-la-opera-rock-pink-floyd-the-wall-vibro-en-el-teatro-baralt\/#primaryimage","url":"https:\/\/digital58.com.ve\/site\/wp-content\/uploads\/2023\/06\/pink-floyd-13.jpg","contentUrl":"https:\/\/digital58.com.ve\/site\/wp-content\/uploads\/2023\/06\/pink-floyd-13.jpg","width":800,"height":531},{"@type":"BreadcrumbList","@id":"https:\/\/digital58.com.ve\/site\/2023\/06\/01\/maracaibo-la-opera-rock-pink-floyd-the-wall-vibro-en-el-teatro-baralt\/#breadcrumb","itemListElement":[{"@type":"ListItem","position":1,"name":"Home","item":"https:\/\/digital58.com.ve\/site\/"},{"@type":"ListItem","position":2,"name":"#Maracaibo | La \u00d3pera Rock Pink Floyd: \u00abThe Wall\u00bb vibr\u00f3 en el Teatro Baralt"}]},{"@type":"WebSite","@id":"https:\/\/digital58.com.ve\/site\/#website","url":"https:\/\/digital58.com.ve\/site\/","name":"Noticias Digital58","description":"Portal de Noticias \u00a1Periodismo web de verdad! Lanzamiento web 22.11.2005 \/ Maracaibo, Venezuela","publisher":{"@id":"https:\/\/digital58.com.ve\/site\/#\/schema\/person\/64d1c2e4d0d4fd1b849980c4331c2951"},"alternateName":"ND58","potentialAction":[{"@type":"SearchAction","target":{"@type":"EntryPoint","urlTemplate":"https:\/\/digital58.com.ve\/site\/?s={search_term_string}"},"query-input":{"@type":"PropertyValueSpecification","valueRequired":true,"valueName":"search_term_string"}}],"inLanguage":"es"},{"@type":["Person","Organization"],"@id":"https:\/\/digital58.com.ve\/site\/#\/schema\/person\/64d1c2e4d0d4fd1b849980c4331c2951","name":"Villasmil Henry","image":{"@type":"ImageObject","inLanguage":"es","@id":"https:\/\/secure.gravatar.com\/avatar\/bb0c4a2fcb7970138239f7e404ea75757b1b507b28b5ce4c53fbd62d797c5a7c?s=96&d=mm&r=g","url":"https:\/\/secure.gravatar.com\/avatar\/bb0c4a2fcb7970138239f7e404ea75757b1b507b28b5ce4c53fbd62d797c5a7c?s=96&d=mm&r=g","contentUrl":"https:\/\/secure.gravatar.com\/avatar\/bb0c4a2fcb7970138239f7e404ea75757b1b507b28b5ce4c53fbd62d797c5a7c?s=96&d=mm&r=g","caption":"Villasmil Henry"},"logo":{"@id":"https:\/\/secure.gravatar.com\/avatar\/bb0c4a2fcb7970138239f7e404ea75757b1b507b28b5ce4c53fbd62d797c5a7c?s=96&d=mm&r=g"},"sameAs":["http:\/\/www.henryvillasmil.com.ve","https:\/\/www.instagram.com\/villasmilhfoto\/","https:\/\/x.com\/https:\/\/twitter.com\/villasmilhfoto"]},{"@type":"Person","@id":"https:\/\/digital58.com.ve\/site\/#\/schema\/person\/38596b127602deaa13fbcd7585635238","name":"Caren A\u00f1ez","image":{"@type":"ImageObject","inLanguage":"es","@id":"https:\/\/secure.gravatar.com\/avatar\/53aadd693aa414991c9ff2f2b19c39be94d2c342463b80f5402d344911bc9782?s=96&d=mm&r=g","url":"https:\/\/secure.gravatar.com\/avatar\/53aadd693aa414991c9ff2f2b19c39be94d2c342463b80f5402d344911bc9782?s=96&d=mm&r=g","contentUrl":"https:\/\/secure.gravatar.com\/avatar\/53aadd693aa414991c9ff2f2b19c39be94d2c342463b80f5402d344911bc9782?s=96&d=mm&r=g","caption":"Caren A\u00f1ez"},"description":"\ud83d\udc69\u200d\ud83c\udfa4Editora en @digital_58 \ud83d\udc69\ud83c\udffb\u200d\ud83c\udfebPeriodista musical y de entretenimiento. \ud83d\udcf8Fotografa \ud83d\udc69\ud83c\udffb\u200d\ud83d\udcbbMedia Management. \ud83d\udc69\u200d\ud83d\udc67\u200d\ud83d\udc67AspieMon 24\/7","sameAs":["https:\/\/www.instagram.com\/carenanez\/","https:\/\/x.com\/carenanez"],"url":"https:\/\/digital58.com.ve\/site\/author\/carena21\/"}]}},"uagb_featured_image_src":{"full":["https:\/\/digital58.com.ve\/site\/wp-content\/uploads\/2023\/06\/pink-floyd-13.jpg",800,531,false],"thumbnail":["https:\/\/digital58.com.ve\/site\/wp-content\/uploads\/2023\/06\/pink-floyd-13-150x150.jpg",150,150,true],"medium":["https:\/\/digital58.com.ve\/site\/wp-content\/uploads\/2023\/06\/pink-floyd-13-300x199.jpg",300,199,true],"medium_large":["https:\/\/digital58.com.ve\/site\/wp-content\/uploads\/2023\/06\/pink-floyd-13-768x510.jpg",768,510,true],"large":["https:\/\/digital58.com.ve\/site\/wp-content\/uploads\/2023\/06\/pink-floyd-13.jpg",800,531,false],"1536x1536":["https:\/\/digital58.com.ve\/site\/wp-content\/uploads\/2023\/06\/pink-floyd-13.jpg",800,531,false],"2048x2048":["https:\/\/digital58.com.ve\/site\/wp-content\/uploads\/2023\/06\/pink-floyd-13.jpg",800,531,false],"colormag-highlighted-post":["https:\/\/digital58.com.ve\/site\/wp-content\/uploads\/2023\/06\/pink-floyd-13-392x272.jpg",392,272,true],"colormag-featured-post-medium":["https:\/\/digital58.com.ve\/site\/wp-content\/uploads\/2023\/06\/pink-floyd-13-390x205.jpg",390,205,true],"colormag-featured-post-small":["https:\/\/digital58.com.ve\/site\/wp-content\/uploads\/2023\/06\/pink-floyd-13-130x90.jpg",130,90,true],"colormag-featured-image":["https:\/\/digital58.com.ve\/site\/wp-content\/uploads\/2023\/06\/pink-floyd-13-800x445.jpg",800,445,true],"colormag-default-news":["https:\/\/digital58.com.ve\/site\/wp-content\/uploads\/2023\/06\/pink-floyd-13.jpg",150,100,false],"colormag-featured-image-large":["https:\/\/digital58.com.ve\/site\/wp-content\/uploads\/2023\/06\/pink-floyd-13.jpg",800,531,false]},"uagb_author_info":{"display_name":"Caren A\u00f1ez","author_link":"https:\/\/digital58.com.ve\/site\/author\/carena21\/"},"uagb_comment_info":0,"uagb_excerpt":"La segunda edici\u00f3n de la serie \u00abRock en el Baralt\u00bb fue presentada este 27 de mayo en el emblem\u00e1tico recinto","_links":{"self":[{"href":"https:\/\/digital58.com.ve\/site\/wp-json\/wp\/v2\/posts\/167145","targetHints":{"allow":["GET"]}}],"collection":[{"href":"https:\/\/digital58.com.ve\/site\/wp-json\/wp\/v2\/posts"}],"about":[{"href":"https:\/\/digital58.com.ve\/site\/wp-json\/wp\/v2\/types\/post"}],"author":[{"embeddable":true,"href":"https:\/\/digital58.com.ve\/site\/wp-json\/wp\/v2\/users\/39"}],"replies":[{"embeddable":true,"href":"https:\/\/digital58.com.ve\/site\/wp-json\/wp\/v2\/comments?post=167145"}],"version-history":[{"count":6,"href":"https:\/\/digital58.com.ve\/site\/wp-json\/wp\/v2\/posts\/167145\/revisions"}],"predecessor-version":[{"id":167189,"href":"https:\/\/digital58.com.ve\/site\/wp-json\/wp\/v2\/posts\/167145\/revisions\/167189"}],"wp:featuredmedia":[{"embeddable":true,"href":"https:\/\/digital58.com.ve\/site\/wp-json\/wp\/v2\/media\/167176"}],"wp:attachment":[{"href":"https:\/\/digital58.com.ve\/site\/wp-json\/wp\/v2\/media?parent=167145"}],"wp:term":[{"taxonomy":"category","embeddable":true,"href":"https:\/\/digital58.com.ve\/site\/wp-json\/wp\/v2\/categories?post=167145"},{"taxonomy":"post_tag","embeddable":true,"href":"https:\/\/digital58.com.ve\/site\/wp-json\/wp\/v2\/tags?post=167145"}],"curies":[{"name":"wp","href":"https:\/\/api.w.org\/{rel}","templated":true}]}}