{"id":167150,"date":"2023-06-01T10:52:26","date_gmt":"2023-06-01T14:52:26","guid":{"rendered":"https:\/\/digital58.com.ve\/site\/?p=167150"},"modified":"2023-06-01T10:52:26","modified_gmt":"2023-06-01T14:52:26","slug":"anamaria-font-es-premiada-por-la-unesco-por-sus-investigaciones-en-fisica-teorica","status":"publish","type":"post","link":"https:\/\/digital58.com.ve\/site\/2023\/06\/01\/anamaria-font-es-premiada-por-la-unesco-por-sus-investigaciones-en-fisica-teorica\/","title":{"rendered":"Anamar\u00eda Font es premiada por la Unesco por sus investigaciones en f\u00edsica te\u00f3rica"},"content":{"rendered":"<p><img loading=\"lazy\" decoding=\"async\" class=\"size-large wp-image-167151 aligncenter\" src=\"https:\/\/digital58.com.ve\/site\/wp-content\/uploads\/2023\/06\/Venezolanos-ejemplares-Anamaria-Font-Villarroel-1000x656.webp\" alt=\"\" width=\"800\" height=\"525\" \/><\/p>\n<p>La f\u00edsica venezolana Anamar\u00eda Font y la qu\u00edmica de origen brasile\u00f1o Suzana Nunes, catedr\u00e1tica en Arabia Saudita, fueron distinguidas con los Premios internacionales L\u2019Oreal-Unesco para las mujeres y la ciencia. El reconocimiento se otorga anualmente y distingue la labor de investigadoras en todo el mundo.<\/p>\n<p><strong>Internacionales, 01 junio de 2023 (ND58).-<\/strong> En la edici\u00f3n n\u00famero 25 de estos galardones, Anamar\u00eda Font, profesora en la Universidad Central de Venezuela, fue la cient\u00edfica elegida de la regi\u00f3n de Am\u00e9rica Latina y el Caribe por sus trabajos en f\u00edsica te\u00f3rica, en particular en el estudio de la teor\u00eda de cuerdas.<\/p>\n<p>\u00abSus investigaciones han permitido comprender mejor la estructura de la materia y han ayudado a explicar la gravedad cu\u00e1ntica, los primeros instantes tras el Big Bang y la relaci\u00f3n entre el espacio y el tiempo\u00bb, destac\u00f3 la Fundaci\u00f3n L\u2019Oreal-Unesco en un comunicado.<\/p>\n<p>Nunes, por su parte, debido a su puesto en la Universidad de Ciencia y Tecnolog\u00eda del rey Abdal\u00e1 (KAUST, en Arabia Saudita), fue la investigadora seleccionada de la regi\u00f3n africana y \u00e1rabe.<\/p>\n<p>\u00abLa profesora Nunes ha sido galardonada por su extraordinaria labor en el desarrollo de membranas innovadoras para lograr separaciones qu\u00edmicas altamente eficientes con una menor huella de carbono. Su investigaci\u00f3n ha resultado especialmente beneficiosa para los sectores del agua, la petroqu\u00edmica y la farmacia, en favor de un medioambiente m\u00e1s sostenible\u00bb, seg\u00fan el jurado.<\/p>\n<p>Completaron el palmar\u00e9s de 2023 la profesora de Oxford especializada en geometr\u00eda Frances Kirwan; la catedr\u00e1tica australiana Lidia Morawska por su trabajo en ciencias de la tierra y el medioambiente; y la bioinform\u00e1tica Aviv Regev, responsable de investigaci\u00f3n de la compa\u00f1\u00eda Genentech (pionera en el campo de la biotecnolog\u00eda), en San Francisco.<\/p>\n<p>Las cinco premiadas fueron escogidas por un jurado independiente liderado por el matem\u00e1tico francobrasile\u00f1o Artur \u00c0vila. Cada una recibir\u00e1 100 mil euros (casi 107 mil d\u00f3lares) para proseguir sus investigaciones.<\/p>\n<p>\u00abCada cient\u00edfica ha seguido una trayectoria \u00fanica que combina un talento excepcional, un profundo compromiso con su profesi\u00f3n y un notable valor en un campo todav\u00eda dominado en gran medida por los hombres\u00bb, indic\u00f3 la fundaci\u00f3n.<\/p>\n<p>Las disciplinas cient\u00edficas a las que se conceden los premios alternan entre las ciencias de la vida y del medioambiente en los a\u00f1os pares; y las ciencias de la materia, las matem\u00e1ticas y la inform\u00e1tica en los a\u00f1os impares.<\/p>\n<p>Estos premios tambi\u00e9n buscan ser un altavoz para que el trabajo de estas mujeres cient\u00edficas sea divulgado. Asimismo, que crezca en \u00abnotoriedad\u00bb tanto entre la comunidad cient\u00edfica internacional como ante el p\u00fablico.<\/p>\n<p>Desde su creaci\u00f3n, el programa de L\u2019Oreal-Unesco For Women in Science (para las mujeres en la ciencia) ha reconocido la labor de algo m\u00e1s de cuatro mil investigadoras a trav\u00e9s de iniciativas en unos 110 pa\u00edses.<\/p>\n<p>Al final de la d\u00e9cada de 1990, las mujeres representaban tan solo 27 por ciento de la comunidad cient\u00edfica mundial. En 2014, esa tasa sobrepas\u00f3 30 por ciento y hoy uno de cada tres cient\u00edficos es mujer (33 por ciento).<\/p>\n<p>\u00abAunque el n\u00famero de mujeres que siguen una carrera cient\u00edfica aumenta gradualmente, en el \u00e1mbito de la investigaci\u00f3n es insuficiente\u00bb, recalc\u00f3 la fundaci\u00f3n.<\/p>\n<p>\u00abEl techo de cristal sigue siendo una realidad: solo 18 por ciento de los altos cargos cient\u00edficos est\u00e1n ocupados por mujeres en Europa; y solo 12 por ciento de los miembros de las de las academias nacionales de ciencias del mundo son mujeres. Adem\u00e1s, menos de cuatro por ciento de los premios Nobel en ciencias naturales se han concedido a mujeres\u00bb, agreg\u00f3.<\/p>\n<p>Los premios se entregar\u00e1n el d\u00eda 15 de junio en una ceremonia en Par\u00eds. En el evento tambi\u00e9n se celebrar\u00e1 el cuarto de siglo de trayectoria del programa de apoyo a cient\u00edficas L\u2019Oreal-Unesco.<\/p><div class=\"xammx69f411133d68c\" ><p style=\"text-align: center;\"><a href=\"https:\/\/t.me\/noticiasdigital58\" target=\"_blank\" rel=\"noopener\"><img class=\"aligncenter size-full wp-image-125363\" src=\"https:\/\/digital58.com.ve\/site\/wp-content\/uploads\/2021\/04\/banner-telegram-web-2021.png\" alt=\"\" width=\"600\" height=\"90\" \/><\/a><\/p><\/div><style type=\"text\/css\">\r\n@media screen and (min-width: 1201px) {\r\n.xammx69f411133d68c {\r\ndisplay: block;\r\n}\r\n}\r\n@media screen and (min-width: 993px) and (max-width: 1200px) {\r\n.xammx69f411133d68c {\r\ndisplay: block;\r\n}\r\n}\r\n@media screen and (min-width: 769px) and (max-width: 992px) {\r\n.xammx69f411133d68c {\r\ndisplay: block;\r\n}\r\n}\r\n@media screen and (min-width: 768px) and (max-width: 768px) {\r\n.xammx69f411133d68c {\r\ndisplay: block;\r\n}\r\n}\r\n@media screen and (max-width: 767px) {\r\n.xammx69f411133d68c {\r\ndisplay: block;\r\n}\r\n}\r\n<\/style>\r\n\n<p class=\"p1\"><b>Redacci\u00f3n ND58 | EFE<\/b><br \/>\n<b>Edici\u00f3n: \u00c1\u00f1ez, Caren\u00a0<\/b><br \/>\n<b>Gr\u00e1fica: Cortes\u00eda <\/b><\/p>\n<div style=\"margin-top: 0px; margin-bottom: 0px;\" class=\"sharethis-inline-share-buttons\" ><\/div>","protected":false},"excerpt":{"rendered":"<p>La f\u00edsica venezolana Anamar\u00eda Font y la qu\u00edmica de origen brasile\u00f1o Suzana Nunes, catedr\u00e1tica en Arabia Saudita, fueron distinguidas con<\/p>\n","protected":false},"author":39,"featured_media":167151,"comment_status":"open","ping_status":"closed","sticky":false,"template":"","format":"standard","meta":{"colormag_page_container_layout":"default_layout","colormag_page_sidebar_layout":"default_layout","_uag_custom_page_level_css":"","footnotes":""},"categories":[5406],"tags":[31623,17903,31625,8,2885,31624,7748],"class_list":["post-167150","post","type-post","status-publish","format-standard","has-post-thumbnail","hentry","category-tecnologia","tag-anamaria-font","tag-cientificas","tag-fundacion-loreal-unesco","tag-internacionales","tag-investigacion","tag-programa-de-loreal-unesco-for-women-in-science","tag-venezolana"],"yoast_head":"<!-- This site is optimized with the Yoast SEO plugin v27.5 - https:\/\/yoast.com\/product\/yoast-seo-wordpress\/ -->\n<title>Anamar\u00eda Font es premiada por la Unesco por sus investigaciones en f\u00edsica te\u00f3rica<\/title>\n<meta name=\"robots\" content=\"index, follow, max-snippet:-1, max-image-preview:large, max-video-preview:-1\" \/>\n<link rel=\"canonical\" href=\"https:\/\/digital58.com.ve\/site\/2023\/06\/01\/anamaria-font-es-premiada-por-la-unesco-por-sus-investigaciones-en-fisica-teorica\/\" \/>\n<meta property=\"og:locale\" content=\"es_ES\" \/>\n<meta property=\"og:type\" content=\"article\" \/>\n<meta property=\"og:title\" content=\"Anamar\u00eda Font es premiada por la Unesco por sus investigaciones en f\u00edsica te\u00f3rica\" \/>\n<meta property=\"og:url\" content=\"https:\/\/digital58.com.ve\/site\/2023\/06\/01\/anamaria-font-es-premiada-por-la-unesco-por-sus-investigaciones-en-fisica-teorica\/\" \/>\n<meta property=\"og:site_name\" content=\"Noticias Digital58\" \/>\n<meta property=\"article:published_time\" content=\"2023-06-01T14:52:26+00:00\" \/>\n<meta property=\"og:image\" content=\"https:\/\/i0.wp.com\/digital58.com.ve\/site\/wp-content\/uploads\/2023\/06\/Venezolanos-ejemplares-Anamaria-Font-Villarroel-e1685630815487.webp?fit=800%2C525&ssl=1\" \/>\n\t<meta property=\"og:image:width\" content=\"800\" \/>\n\t<meta property=\"og:image:height\" content=\"525\" \/>\n\t<meta property=\"og:image:type\" content=\"image\/webp\" \/>\n<meta name=\"author\" content=\"Caren A\u00f1ez\" \/>\n<meta name=\"twitter:card\" content=\"summary_large_image\" \/>\n<meta name=\"twitter:creator\" content=\"@carenanez\" \/>\n<meta name=\"twitter:site\" content=\"@villasmilhfoto\" \/>\n<meta name=\"twitter:label1\" content=\"Escrito por\" \/>\n\t<meta name=\"twitter:data1\" content=\"Caren A\u00f1ez\" \/>\n\t<meta name=\"twitter:label2\" content=\"Tiempo estimado de lectura\" \/>\n\t<meta name=\"twitter:data2\" content=\"3 minutos\" \/>\n<script type=\"application\/ld+json\" class=\"yoast-schema-graph\">{\"@context\":\"https:\\\/\\\/schema.org\",\"@graph\":[{\"@type\":\"Article\",\"@id\":\"https:\\\/\\\/digital58.com.ve\\\/site\\\/2023\\\/06\\\/01\\\/anamaria-font-es-premiada-por-la-unesco-por-sus-investigaciones-en-fisica-teorica\\\/#article\",\"isPartOf\":{\"@id\":\"https:\\\/\\\/digital58.com.ve\\\/site\\\/2023\\\/06\\\/01\\\/anamaria-font-es-premiada-por-la-unesco-por-sus-investigaciones-en-fisica-teorica\\\/\"},\"author\":{\"name\":\"Caren A\u00f1ez\",\"@id\":\"https:\\\/\\\/digital58.com.ve\\\/site\\\/#\\\/schema\\\/person\\\/38596b127602deaa13fbcd7585635238\"},\"headline\":\"Anamar\u00eda Font es premiada por la Unesco por sus investigaciones en f\u00edsica te\u00f3rica\",\"datePublished\":\"2023-06-01T14:52:26+00:00\",\"mainEntityOfPage\":{\"@id\":\"https:\\\/\\\/digital58.com.ve\\\/site\\\/2023\\\/06\\\/01\\\/anamaria-font-es-premiada-por-la-unesco-por-sus-investigaciones-en-fisica-teorica\\\/\"},\"wordCount\":692,\"commentCount\":0,\"publisher\":{\"@id\":\"https:\\\/\\\/digital58.com.ve\\\/site\\\/#\\\/schema\\\/person\\\/64d1c2e4d0d4fd1b849980c4331c2951\"},\"image\":{\"@id\":\"https:\\\/\\\/digital58.com.ve\\\/site\\\/2023\\\/06\\\/01\\\/anamaria-font-es-premiada-por-la-unesco-por-sus-investigaciones-en-fisica-teorica\\\/#primaryimage\"},\"thumbnailUrl\":\"https:\\\/\\\/digital58.com.ve\\\/site\\\/wp-content\\\/uploads\\\/2023\\\/06\\\/Venezolanos-ejemplares-Anamaria-Font-Villarroel-e1685630815487.webp\",\"keywords\":[\"Anamar\u00eda Font\",\"Cient\u00edficas\",\"Fundaci\u00f3n L\u2019Oreal-Unesco\",\"Internacionales\",\"Investigaci\u00f3n\",\"programa de L\u2019Oreal-Unesco For Women in Science\",\"Venezolana\"],\"articleSection\":[\"Tecnolog\u00eda\"],\"inLanguage\":\"es\",\"potentialAction\":[{\"@type\":\"CommentAction\",\"name\":\"Comment\",\"target\":[\"https:\\\/\\\/digital58.com.ve\\\/site\\\/2023\\\/06\\\/01\\\/anamaria-font-es-premiada-por-la-unesco-por-sus-investigaciones-en-fisica-teorica\\\/#respond\"]}]},{\"@type\":\"WebPage\",\"@id\":\"https:\\\/\\\/digital58.com.ve\\\/site\\\/2023\\\/06\\\/01\\\/anamaria-font-es-premiada-por-la-unesco-por-sus-investigaciones-en-fisica-teorica\\\/\",\"url\":\"https:\\\/\\\/digital58.com.ve\\\/site\\\/2023\\\/06\\\/01\\\/anamaria-font-es-premiada-por-la-unesco-por-sus-investigaciones-en-fisica-teorica\\\/\",\"name\":\"Anamar\u00eda Font es premiada por la Unesco por sus investigaciones en f\u00edsica te\u00f3rica\",\"isPartOf\":{\"@id\":\"https:\\\/\\\/digital58.com.ve\\\/site\\\/#website\"},\"primaryImageOfPage\":{\"@id\":\"https:\\\/\\\/digital58.com.ve\\\/site\\\/2023\\\/06\\\/01\\\/anamaria-font-es-premiada-por-la-unesco-por-sus-investigaciones-en-fisica-teorica\\\/#primaryimage\"},\"image\":{\"@id\":\"https:\\\/\\\/digital58.com.ve\\\/site\\\/2023\\\/06\\\/01\\\/anamaria-font-es-premiada-por-la-unesco-por-sus-investigaciones-en-fisica-teorica\\\/#primaryimage\"},\"thumbnailUrl\":\"https:\\\/\\\/digital58.com.ve\\\/site\\\/wp-content\\\/uploads\\\/2023\\\/06\\\/Venezolanos-ejemplares-Anamaria-Font-Villarroel-e1685630815487.webp\",\"datePublished\":\"2023-06-01T14:52:26+00:00\",\"breadcrumb\":{\"@id\":\"https:\\\/\\\/digital58.com.ve\\\/site\\\/2023\\\/06\\\/01\\\/anamaria-font-es-premiada-por-la-unesco-por-sus-investigaciones-en-fisica-teorica\\\/#breadcrumb\"},\"inLanguage\":\"es\",\"potentialAction\":[{\"@type\":\"ReadAction\",\"target\":[\"https:\\\/\\\/digital58.com.ve\\\/site\\\/2023\\\/06\\\/01\\\/anamaria-font-es-premiada-por-la-unesco-por-sus-investigaciones-en-fisica-teorica\\\/\"]}]},{\"@type\":\"ImageObject\",\"inLanguage\":\"es\",\"@id\":\"https:\\\/\\\/digital58.com.ve\\\/site\\\/2023\\\/06\\\/01\\\/anamaria-font-es-premiada-por-la-unesco-por-sus-investigaciones-en-fisica-teorica\\\/#primaryimage\",\"url\":\"https:\\\/\\\/digital58.com.ve\\\/site\\\/wp-content\\\/uploads\\\/2023\\\/06\\\/Venezolanos-ejemplares-Anamaria-Font-Villarroel-e1685630815487.webp\",\"contentUrl\":\"https:\\\/\\\/digital58.com.ve\\\/site\\\/wp-content\\\/uploads\\\/2023\\\/06\\\/Venezolanos-ejemplares-Anamaria-Font-Villarroel-e1685630815487.webp\",\"width\":800,\"height\":525},{\"@type\":\"BreadcrumbList\",\"@id\":\"https:\\\/\\\/digital58.com.ve\\\/site\\\/2023\\\/06\\\/01\\\/anamaria-font-es-premiada-por-la-unesco-por-sus-investigaciones-en-fisica-teorica\\\/#breadcrumb\",\"itemListElement\":[{\"@type\":\"ListItem\",\"position\":1,\"name\":\"Home\",\"item\":\"https:\\\/\\\/digital58.com.ve\\\/site\\\/\"},{\"@type\":\"ListItem\",\"position\":2,\"name\":\"Anamar\u00eda Font es premiada por la Unesco por sus investigaciones en f\u00edsica te\u00f3rica\"}]},{\"@type\":\"WebSite\",\"@id\":\"https:\\\/\\\/digital58.com.ve\\\/site\\\/#website\",\"url\":\"https:\\\/\\\/digital58.com.ve\\\/site\\\/\",\"name\":\"Noticias Digital58\",\"description\":\"Portal de Noticias \u00a1Periodismo web de verdad! Lanzamiento web 22.11.2005 \\\/ Maracaibo, Venezuela\",\"publisher\":{\"@id\":\"https:\\\/\\\/digital58.com.ve\\\/site\\\/#\\\/schema\\\/person\\\/64d1c2e4d0d4fd1b849980c4331c2951\"},\"alternateName\":\"ND58\",\"potentialAction\":[{\"@type\":\"SearchAction\",\"target\":{\"@type\":\"EntryPoint\",\"urlTemplate\":\"https:\\\/\\\/digital58.com.ve\\\/site\\\/?s={search_term_string}\"},\"query-input\":{\"@type\":\"PropertyValueSpecification\",\"valueRequired\":true,\"valueName\":\"search_term_string\"}}],\"inLanguage\":\"es\"},{\"@type\":[\"Person\",\"Organization\"],\"@id\":\"https:\\\/\\\/digital58.com.ve\\\/site\\\/#\\\/schema\\\/person\\\/64d1c2e4d0d4fd1b849980c4331c2951\",\"name\":\"Villasmil Henry\",\"image\":{\"@type\":\"ImageObject\",\"inLanguage\":\"es\",\"@id\":\"https:\\\/\\\/secure.gravatar.com\\\/avatar\\\/bb0c4a2fcb7970138239f7e404ea75757b1b507b28b5ce4c53fbd62d797c5a7c?s=96&d=mm&r=g\",\"url\":\"https:\\\/\\\/secure.gravatar.com\\\/avatar\\\/bb0c4a2fcb7970138239f7e404ea75757b1b507b28b5ce4c53fbd62d797c5a7c?s=96&d=mm&r=g\",\"contentUrl\":\"https:\\\/\\\/secure.gravatar.com\\\/avatar\\\/bb0c4a2fcb7970138239f7e404ea75757b1b507b28b5ce4c53fbd62d797c5a7c?s=96&d=mm&r=g\",\"caption\":\"Villasmil Henry\"},\"logo\":{\"@id\":\"https:\\\/\\\/secure.gravatar.com\\\/avatar\\\/bb0c4a2fcb7970138239f7e404ea75757b1b507b28b5ce4c53fbd62d797c5a7c?s=96&d=mm&r=g\"},\"sameAs\":[\"http:\\\/\\\/www.henryvillasmil.com.ve\",\"https:\\\/\\\/www.instagram.com\\\/villasmilhfoto\\\/\",\"https:\\\/\\\/x.com\\\/https:\\\/\\\/twitter.com\\\/villasmilhfoto\"]},{\"@type\":\"Person\",\"@id\":\"https:\\\/\\\/digital58.com.ve\\\/site\\\/#\\\/schema\\\/person\\\/38596b127602deaa13fbcd7585635238\",\"name\":\"Caren A\u00f1ez\",\"image\":{\"@type\":\"ImageObject\",\"inLanguage\":\"es\",\"@id\":\"https:\\\/\\\/secure.gravatar.com\\\/avatar\\\/53aadd693aa414991c9ff2f2b19c39be94d2c342463b80f5402d344911bc9782?s=96&d=mm&r=g\",\"url\":\"https:\\\/\\\/secure.gravatar.com\\\/avatar\\\/53aadd693aa414991c9ff2f2b19c39be94d2c342463b80f5402d344911bc9782?s=96&d=mm&r=g\",\"contentUrl\":\"https:\\\/\\\/secure.gravatar.com\\\/avatar\\\/53aadd693aa414991c9ff2f2b19c39be94d2c342463b80f5402d344911bc9782?s=96&d=mm&r=g\",\"caption\":\"Caren A\u00f1ez\"},\"description\":\"\ud83d\udc69\u200d\ud83c\udfa4Editora en @digital_58 \ud83d\udc69\ud83c\udffb\u200d\ud83c\udfebPeriodista musical y de entretenimiento. \ud83d\udcf8Fotografa \ud83d\udc69\ud83c\udffb\u200d\ud83d\udcbbMedia Management. \ud83d\udc69\u200d\ud83d\udc67\u200d\ud83d\udc67AspieMon 24\\\/7\",\"sameAs\":[\"https:\\\/\\\/www.instagram.com\\\/carenanez\\\/\",\"https:\\\/\\\/x.com\\\/carenanez\"],\"url\":\"https:\\\/\\\/digital58.com.ve\\\/site\\\/author\\\/carena21\\\/\"}]}<\/script>\n<!-- \/ Yoast SEO plugin. -->","yoast_head_json":{"title":"Anamar\u00eda Font es premiada por la Unesco por sus investigaciones en f\u00edsica te\u00f3rica","robots":{"index":"index","follow":"follow","max-snippet":"max-snippet:-1","max-image-preview":"max-image-preview:large","max-video-preview":"max-video-preview:-1"},"canonical":"https:\/\/digital58.com.ve\/site\/2023\/06\/01\/anamaria-font-es-premiada-por-la-unesco-por-sus-investigaciones-en-fisica-teorica\/","og_locale":"es_ES","og_type":"article","og_title":"Anamar\u00eda Font es premiada por la Unesco por sus investigaciones en f\u00edsica te\u00f3rica","og_url":"https:\/\/digital58.com.ve\/site\/2023\/06\/01\/anamaria-font-es-premiada-por-la-unesco-por-sus-investigaciones-en-fisica-teorica\/","og_site_name":"Noticias Digital58","article_published_time":"2023-06-01T14:52:26+00:00","og_image":[{"width":800,"height":525,"url":"https:\/\/i0.wp.com\/digital58.com.ve\/site\/wp-content\/uploads\/2023\/06\/Venezolanos-ejemplares-Anamaria-Font-Villarroel-e1685630815487.webp?fit=800%2C525&ssl=1","type":"image\/webp"}],"author":"Caren A\u00f1ez","twitter_card":"summary_large_image","twitter_creator":"@carenanez","twitter_site":"@villasmilhfoto","twitter_misc":{"Escrito por":"Caren A\u00f1ez","Tiempo estimado de lectura":"3 minutos"},"schema":{"@context":"https:\/\/schema.org","@graph":[{"@type":"Article","@id":"https:\/\/digital58.com.ve\/site\/2023\/06\/01\/anamaria-font-es-premiada-por-la-unesco-por-sus-investigaciones-en-fisica-teorica\/#article","isPartOf":{"@id":"https:\/\/digital58.com.ve\/site\/2023\/06\/01\/anamaria-font-es-premiada-por-la-unesco-por-sus-investigaciones-en-fisica-teorica\/"},"author":{"name":"Caren A\u00f1ez","@id":"https:\/\/digital58.com.ve\/site\/#\/schema\/person\/38596b127602deaa13fbcd7585635238"},"headline":"Anamar\u00eda Font es premiada por la Unesco por sus investigaciones en f\u00edsica te\u00f3rica","datePublished":"2023-06-01T14:52:26+00:00","mainEntityOfPage":{"@id":"https:\/\/digital58.com.ve\/site\/2023\/06\/01\/anamaria-font-es-premiada-por-la-unesco-por-sus-investigaciones-en-fisica-teorica\/"},"wordCount":692,"commentCount":0,"publisher":{"@id":"https:\/\/digital58.com.ve\/site\/#\/schema\/person\/64d1c2e4d0d4fd1b849980c4331c2951"},"image":{"@id":"https:\/\/digital58.com.ve\/site\/2023\/06\/01\/anamaria-font-es-premiada-por-la-unesco-por-sus-investigaciones-en-fisica-teorica\/#primaryimage"},"thumbnailUrl":"https:\/\/digital58.com.ve\/site\/wp-content\/uploads\/2023\/06\/Venezolanos-ejemplares-Anamaria-Font-Villarroel-e1685630815487.webp","keywords":["Anamar\u00eda Font","Cient\u00edficas","Fundaci\u00f3n L\u2019Oreal-Unesco","Internacionales","Investigaci\u00f3n","programa de L\u2019Oreal-Unesco For Women in Science","Venezolana"],"articleSection":["Tecnolog\u00eda"],"inLanguage":"es","potentialAction":[{"@type":"CommentAction","name":"Comment","target":["https:\/\/digital58.com.ve\/site\/2023\/06\/01\/anamaria-font-es-premiada-por-la-unesco-por-sus-investigaciones-en-fisica-teorica\/#respond"]}]},{"@type":"WebPage","@id":"https:\/\/digital58.com.ve\/site\/2023\/06\/01\/anamaria-font-es-premiada-por-la-unesco-por-sus-investigaciones-en-fisica-teorica\/","url":"https:\/\/digital58.com.ve\/site\/2023\/06\/01\/anamaria-font-es-premiada-por-la-unesco-por-sus-investigaciones-en-fisica-teorica\/","name":"Anamar\u00eda Font es premiada por la Unesco por sus investigaciones en f\u00edsica te\u00f3rica","isPartOf":{"@id":"https:\/\/digital58.com.ve\/site\/#website"},"primaryImageOfPage":{"@id":"https:\/\/digital58.com.ve\/site\/2023\/06\/01\/anamaria-font-es-premiada-por-la-unesco-por-sus-investigaciones-en-fisica-teorica\/#primaryimage"},"image":{"@id":"https:\/\/digital58.com.ve\/site\/2023\/06\/01\/anamaria-font-es-premiada-por-la-unesco-por-sus-investigaciones-en-fisica-teorica\/#primaryimage"},"thumbnailUrl":"https:\/\/digital58.com.ve\/site\/wp-content\/uploads\/2023\/06\/Venezolanos-ejemplares-Anamaria-Font-Villarroel-e1685630815487.webp","datePublished":"2023-06-01T14:52:26+00:00","breadcrumb":{"@id":"https:\/\/digital58.com.ve\/site\/2023\/06\/01\/anamaria-font-es-premiada-por-la-unesco-por-sus-investigaciones-en-fisica-teorica\/#breadcrumb"},"inLanguage":"es","potentialAction":[{"@type":"ReadAction","target":["https:\/\/digital58.com.ve\/site\/2023\/06\/01\/anamaria-font-es-premiada-por-la-unesco-por-sus-investigaciones-en-fisica-teorica\/"]}]},{"@type":"ImageObject","inLanguage":"es","@id":"https:\/\/digital58.com.ve\/site\/2023\/06\/01\/anamaria-font-es-premiada-por-la-unesco-por-sus-investigaciones-en-fisica-teorica\/#primaryimage","url":"https:\/\/digital58.com.ve\/site\/wp-content\/uploads\/2023\/06\/Venezolanos-ejemplares-Anamaria-Font-Villarroel-e1685630815487.webp","contentUrl":"https:\/\/digital58.com.ve\/site\/wp-content\/uploads\/2023\/06\/Venezolanos-ejemplares-Anamaria-Font-Villarroel-e1685630815487.webp","width":800,"height":525},{"@type":"BreadcrumbList","@id":"https:\/\/digital58.com.ve\/site\/2023\/06\/01\/anamaria-font-es-premiada-por-la-unesco-por-sus-investigaciones-en-fisica-teorica\/#breadcrumb","itemListElement":[{"@type":"ListItem","position":1,"name":"Home","item":"https:\/\/digital58.com.ve\/site\/"},{"@type":"ListItem","position":2,"name":"Anamar\u00eda Font es premiada por la Unesco por sus investigaciones en f\u00edsica te\u00f3rica"}]},{"@type":"WebSite","@id":"https:\/\/digital58.com.ve\/site\/#website","url":"https:\/\/digital58.com.ve\/site\/","name":"Noticias Digital58","description":"Portal de Noticias \u00a1Periodismo web de verdad! Lanzamiento web 22.11.2005 \/ Maracaibo, Venezuela","publisher":{"@id":"https:\/\/digital58.com.ve\/site\/#\/schema\/person\/64d1c2e4d0d4fd1b849980c4331c2951"},"alternateName":"ND58","potentialAction":[{"@type":"SearchAction","target":{"@type":"EntryPoint","urlTemplate":"https:\/\/digital58.com.ve\/site\/?s={search_term_string}"},"query-input":{"@type":"PropertyValueSpecification","valueRequired":true,"valueName":"search_term_string"}}],"inLanguage":"es"},{"@type":["Person","Organization"],"@id":"https:\/\/digital58.com.ve\/site\/#\/schema\/person\/64d1c2e4d0d4fd1b849980c4331c2951","name":"Villasmil Henry","image":{"@type":"ImageObject","inLanguage":"es","@id":"https:\/\/secure.gravatar.com\/avatar\/bb0c4a2fcb7970138239f7e404ea75757b1b507b28b5ce4c53fbd62d797c5a7c?s=96&d=mm&r=g","url":"https:\/\/secure.gravatar.com\/avatar\/bb0c4a2fcb7970138239f7e404ea75757b1b507b28b5ce4c53fbd62d797c5a7c?s=96&d=mm&r=g","contentUrl":"https:\/\/secure.gravatar.com\/avatar\/bb0c4a2fcb7970138239f7e404ea75757b1b507b28b5ce4c53fbd62d797c5a7c?s=96&d=mm&r=g","caption":"Villasmil Henry"},"logo":{"@id":"https:\/\/secure.gravatar.com\/avatar\/bb0c4a2fcb7970138239f7e404ea75757b1b507b28b5ce4c53fbd62d797c5a7c?s=96&d=mm&r=g"},"sameAs":["http:\/\/www.henryvillasmil.com.ve","https:\/\/www.instagram.com\/villasmilhfoto\/","https:\/\/x.com\/https:\/\/twitter.com\/villasmilhfoto"]},{"@type":"Person","@id":"https:\/\/digital58.com.ve\/site\/#\/schema\/person\/38596b127602deaa13fbcd7585635238","name":"Caren A\u00f1ez","image":{"@type":"ImageObject","inLanguage":"es","@id":"https:\/\/secure.gravatar.com\/avatar\/53aadd693aa414991c9ff2f2b19c39be94d2c342463b80f5402d344911bc9782?s=96&d=mm&r=g","url":"https:\/\/secure.gravatar.com\/avatar\/53aadd693aa414991c9ff2f2b19c39be94d2c342463b80f5402d344911bc9782?s=96&d=mm&r=g","contentUrl":"https:\/\/secure.gravatar.com\/avatar\/53aadd693aa414991c9ff2f2b19c39be94d2c342463b80f5402d344911bc9782?s=96&d=mm&r=g","caption":"Caren A\u00f1ez"},"description":"\ud83d\udc69\u200d\ud83c\udfa4Editora en @digital_58 \ud83d\udc69\ud83c\udffb\u200d\ud83c\udfebPeriodista musical y de entretenimiento. \ud83d\udcf8Fotografa \ud83d\udc69\ud83c\udffb\u200d\ud83d\udcbbMedia Management. \ud83d\udc69\u200d\ud83d\udc67\u200d\ud83d\udc67AspieMon 24\/7","sameAs":["https:\/\/www.instagram.com\/carenanez\/","https:\/\/x.com\/carenanez"],"url":"https:\/\/digital58.com.ve\/site\/author\/carena21\/"}]}},"uagb_featured_image_src":{"full":["https:\/\/digital58.com.ve\/site\/wp-content\/uploads\/2023\/06\/Venezolanos-ejemplares-Anamaria-Font-Villarroel-e1685630815487.webp",800,525,false],"thumbnail":["https:\/\/digital58.com.ve\/site\/wp-content\/uploads\/2023\/06\/Venezolanos-ejemplares-Anamaria-Font-Villarroel-e1685630815487-150x150.webp",150,150,true],"medium":["https:\/\/digital58.com.ve\/site\/wp-content\/uploads\/2023\/06\/Venezolanos-ejemplares-Anamaria-Font-Villarroel-e1685630815487-300x197.webp",300,197,true],"medium_large":["https:\/\/digital58.com.ve\/site\/wp-content\/uploads\/2023\/06\/Venezolanos-ejemplares-Anamaria-Font-Villarroel-e1685630815487-768x504.webp",768,504,true],"large":["https:\/\/digital58.com.ve\/site\/wp-content\/uploads\/2023\/06\/Venezolanos-ejemplares-Anamaria-Font-Villarroel-1000x656.webp",800,525,true],"1536x1536":["https:\/\/digital58.com.ve\/site\/wp-content\/uploads\/2023\/06\/Venezolanos-ejemplares-Anamaria-Font-Villarroel-e1685630815487.webp",800,525,false],"2048x2048":["https:\/\/digital58.com.ve\/site\/wp-content\/uploads\/2023\/06\/Venezolanos-ejemplares-Anamaria-Font-Villarroel-e1685630815487.webp",800,525,false],"colormag-highlighted-post":["https:\/\/digital58.com.ve\/site\/wp-content\/uploads\/2023\/06\/Venezolanos-ejemplares-Anamaria-Font-Villarroel-e1685630815487-392x272.webp",392,272,true],"colormag-featured-post-medium":["https:\/\/digital58.com.ve\/site\/wp-content\/uploads\/2023\/06\/Venezolanos-ejemplares-Anamaria-Font-Villarroel-e1685630815487-390x205.webp",390,205,true],"colormag-featured-post-small":["https:\/\/digital58.com.ve\/site\/wp-content\/uploads\/2023\/06\/Venezolanos-ejemplares-Anamaria-Font-Villarroel-e1685630815487-130x90.webp",130,90,true],"colormag-featured-image":["https:\/\/digital58.com.ve\/site\/wp-content\/uploads\/2023\/06\/Venezolanos-ejemplares-Anamaria-Font-Villarroel-e1685630815487-800x445.webp",800,445,true],"colormag-default-news":["https:\/\/digital58.com.ve\/site\/wp-content\/uploads\/2023\/06\/Venezolanos-ejemplares-Anamaria-Font-Villarroel-e1685630815487.webp",150,98,false],"colormag-featured-image-large":["https:\/\/digital58.com.ve\/site\/wp-content\/uploads\/2023\/06\/Venezolanos-ejemplares-Anamaria-Font-Villarroel-e1685630815487.webp",800,525,false]},"uagb_author_info":{"display_name":"Caren A\u00f1ez","author_link":"https:\/\/digital58.com.ve\/site\/author\/carena21\/"},"uagb_comment_info":0,"uagb_excerpt":"La f\u00edsica venezolana Anamar\u00eda Font y la qu\u00edmica de origen brasile\u00f1o Suzana Nunes, catedr\u00e1tica en Arabia Saudita, fueron distinguidas con","_links":{"self":[{"href":"https:\/\/digital58.com.ve\/site\/wp-json\/wp\/v2\/posts\/167150","targetHints":{"allow":["GET"]}}],"collection":[{"href":"https:\/\/digital58.com.ve\/site\/wp-json\/wp\/v2\/posts"}],"about":[{"href":"https:\/\/digital58.com.ve\/site\/wp-json\/wp\/v2\/types\/post"}],"author":[{"embeddable":true,"href":"https:\/\/digital58.com.ve\/site\/wp-json\/wp\/v2\/users\/39"}],"replies":[{"embeddable":true,"href":"https:\/\/digital58.com.ve\/site\/wp-json\/wp\/v2\/comments?post=167150"}],"version-history":[{"count":1,"href":"https:\/\/digital58.com.ve\/site\/wp-json\/wp\/v2\/posts\/167150\/revisions"}],"predecessor-version":[{"id":167152,"href":"https:\/\/digital58.com.ve\/site\/wp-json\/wp\/v2\/posts\/167150\/revisions\/167152"}],"wp:featuredmedia":[{"embeddable":true,"href":"https:\/\/digital58.com.ve\/site\/wp-json\/wp\/v2\/media\/167151"}],"wp:attachment":[{"href":"https:\/\/digital58.com.ve\/site\/wp-json\/wp\/v2\/media?parent=167150"}],"wp:term":[{"taxonomy":"category","embeddable":true,"href":"https:\/\/digital58.com.ve\/site\/wp-json\/wp\/v2\/categories?post=167150"},{"taxonomy":"post_tag","embeddable":true,"href":"https:\/\/digital58.com.ve\/site\/wp-json\/wp\/v2\/tags?post=167150"}],"curies":[{"name":"wp","href":"https:\/\/api.w.org\/{rel}","templated":true}]}}