{"id":167463,"date":"2023-06-08T09:27:34","date_gmt":"2023-06-08T13:27:34","guid":{"rendered":"https:\/\/digital58.com.ve\/site\/?p=167463"},"modified":"2023-06-08T09:27:34","modified_gmt":"2023-06-08T13:27:34","slug":"messi-tome-la-decision-de-que-voy-a-ir-a-miami-y-pensar-mas-en-mi-familia","status":"publish","type":"post","link":"https:\/\/digital58.com.ve\/site\/2023\/06\/08\/messi-tome-la-decision-de-que-voy-a-ir-a-miami-y-pensar-mas-en-mi-familia\/","title":{"rendered":"Messi: \u00abTom\u00e9 la decisi\u00f3n de que voy a ir a Miami y pensar m\u00e1s en mi familia\u00bb"},"content":{"rendered":"<p><a href=\"https:\/\/digital58.com.ve\/site\/wp-content\/uploads\/2023\/06\/f6e0c6a33b034445f141e950ad65987e1c2c0452miniw.jpg\"><img loading=\"lazy\" decoding=\"async\" class=\"aligncenter size-full wp-image-167464\" src=\"https:\/\/digital58.com.ve\/site\/wp-content\/uploads\/2023\/06\/f6e0c6a33b034445f141e950ad65987e1c2c0452miniw.jpg\" alt=\"\" width=\"900\" height=\"599\" srcset=\"https:\/\/digital58.com.ve\/site\/wp-content\/uploads\/2023\/06\/f6e0c6a33b034445f141e950ad65987e1c2c0452miniw.jpg 900w, https:\/\/digital58.com.ve\/site\/wp-content\/uploads\/2023\/06\/f6e0c6a33b034445f141e950ad65987e1c2c0452miniw-300x200.jpg 300w, https:\/\/digital58.com.ve\/site\/wp-content\/uploads\/2023\/06\/f6e0c6a33b034445f141e950ad65987e1c2c0452miniw-768x511.jpg 768w\" sizes=\"auto, (max-width: 900px) 100vw, 900px\" \/><\/a><\/p>\n<p>El astro del futbol argentino confirm\u00f3 su decisi\u00f3n de firmar con el Inter Miami en una entrevista conjunta, realizada en su domicilio parisino, con los rotativos barceloneses Mundo Deportivo y Sport.<\/p>\n<p><strong>Internacionales, 08 de junio de 2023 (ND58).-<\/strong> El argentino Leo Messi anunci\u00f3 este mi\u00e9rcoles su decisi\u00f3n de firmar por el Inter Miami de la Liga Estadounidense de F\u00fatbol (MLS) tras descartar las opciones de regresar al Barcelona o de firmar por el Al-Hilal saud\u00ed.<\/p>\n<p>\u00abTom\u00e9 la decisi\u00f3n de que voy a ir a Miami. Todav\u00eda no lo tengo cerrado al cien por cien. Me faltan algunas cosas pero decidimos continuar el camino. Si no sal\u00eda lo del Barcelona, quer\u00eda irme de Europa, salir del foco y pensar m\u00e1s en mi familia\u00bb, dijo.<\/p>\n<p><strong>MESSI TEN\u00cdA MUCHAS GANAS DE VOLVER AL BARCELONA<\/strong><\/p>\n<p>El argentino admiti\u00f3 que ten\u00eda \u00abmuchas ganas, mucha ilusi\u00f3n\u00bb de poder volver al Barcelona, pero lo descart\u00f3 despu\u00e9s de \u00abhaber vivido lo que viv\u00ed y la salida que tuve (del Barcelona), no quer\u00eda volver a estar otra vez en la misma situaci\u00f3n: esperar a ver qu\u00e9 iba a pasar y dejar mi futuro en mano de otro\u00bb, asegura el argentino.<\/p>\n<p>Messi se enter\u00f3 de que para volver al Bar\u00e7a, el club ten\u00eda que \u00abvender jugadores o bajar el sueldo a jugadores\u00bb y por ese motivo \u00abno quer\u00eda pasar por eso, ni hacerme cargo de obtener algo que tuviera que ver con todo eso\u00bb.<\/p>\n<p>\u00abDespu\u00e9s de haber conseguido todo gracias a Dios y de haber conseguido por \u00faltimo el Mundial, lo que tanto deseaba, quer\u00eda buscar otra cosa tambi\u00e9n y un poco de tranquilidad\u00bb, insisti\u00f3, a pesar de admitir que su familia, que cada dos por tres viajaba a Barcelona, estaba \u00abmuy ilusionada con todo lo que escuchaba\u00bb.<\/p>\n<p>\u00abAl mismo tiempo no nos hac\u00edamos tanta ilusi\u00f3n porque la realidad era que todav\u00eda no sab\u00edamos qu\u00e9 pod\u00eda pasar, pero obviamente que ellos estaban con muchas ganas de volver. Nunca nos quisimos ir de ah\u00ed, fue muy dif\u00edcil, pero tambi\u00e9n me apoyan y es una decisi\u00f3n tomada en familia, no solo m\u00eda\u00bb, confes\u00f3.<\/p>\n<p>Messi dice que tras la decisi\u00f3n adoptada todos \u00abest\u00e1n contentos\u00bb con el nuevo cambio, aunque \u00abtristes tambi\u00e9n por irse\u00bb, ya que les cost\u00f3 adaptarse a Par\u00eds, especialmente sus hijos.<\/p>\n<p>\u00abTienen sus amigos en el colegio y tambi\u00e9n les duele separarse de todo eso. Ya son grandes. Sobre todo Thiago entiende la situaci\u00f3n y est\u00e1 feliz de lo que vendr\u00e1\u00bb, a\u00f1adi\u00f3.<\/p>\n<p><strong>QUER\u00cdA TOMAR LA DECISI\u00d3N YA PARA ESTAR TRANQUILO<\/strong><\/p>\n<p>Messi no cree que la decisi\u00f3n de no firmar por el Barcelona haya sido exclusivamente suya, porque faltaban \u00abmuchas cosas\u00bb y se preve\u00eda \u00abun verano largo\u00bb por lo cual prefiri\u00f3 tomar la decisi\u00f3n antes \u00abpara terminar ya con esto, estar tranquilo y pensar en las vacaciones y en mi futuro, ya planeando lo que s\u00e9 que va a ser posible\u00bb.<\/p>\n<p>Preguntado sobre sus conversaciones con el presidente del Barcelona, Joan Laporta, o con Xavi Hern\u00e1ndez; Messi dijo que con el dirigente habl\u00f3 \u00abmuy poquito, una o dos veces como mucho\u00bb, mientras que con Xavi s\u00ed tuvo m\u00e1s comunicaci\u00f3n.<\/p>\n<p>\u00abEst\u00e1bamos muy ilusionados, porque cuando sal\u00eda algo coment\u00e1bamos si realmente quer\u00eda que volviese, si era bueno para el equipo y para \u00e9l, y nos manten\u00edamos en comunicaci\u00f3n\u00bb, insisti\u00f3.<\/p>\n<p><strong>MESSI DICE QUE EL DINERO NO FUE UN PROBLEMA PARA VOLVER AL BAR\u00c7A<\/strong><\/p>\n<p>El argentino desvel\u00f3 que la cuesti\u00f3n econ\u00f3mica \u00abnunca fue un problema ni un obst\u00e1culo en nada\u00bb y coment\u00f3 que nunca llegaron a hablar de un contrato.<\/p>\n<p>\u00abSe pas\u00f3 por encima una propuesta, pero nunca una propuesta formal, escrita, firmada, porque todav\u00eda no hab\u00eda nada y no sab\u00edamos si se iba a poder hacer o no. Hab\u00eda la intenci\u00f3n, pero no pod\u00edamos adelantar nada, incluso no hablamos de dinero formalmente. Si hubiese sido una cuesti\u00f3n de dinero me habr\u00eda ido a Arabia o a otro lado\u00bb, dijo.<\/p>\n<p>Desconoce Messi si el Barcelona ha hecho todo lo posible para ficharle: \u00abEs un tema de ellos. La verdad, sinceramente, no s\u00e9 si ha hecho todo lo posible o no. Yo sab\u00eda lo que hablaba con Xavi, sobre todo&#8230; Ahora hab\u00edan, por lo que se dice, logrado el permiso de la Liga para poder hacerlo.<\/p>\n<p>Faltaban muchas cosas. El club, hoy por hoy, no estaba en condiciones de afirmarme al 100 % de que pod\u00eda volver. Y es comprensible, por la situaci\u00f3n que est\u00e1 pasando el club, Y as\u00ed lo viv\u00ed\u00bb.<\/p>\n<p><strong>A MESSI LE GUSTAR\u00cdA ESTAR EN EL FUTURO CERCA DEL BAR\u00c7A<\/strong><\/p>\n<p>En cuanto a la posibilidad de volver alg\u00fan d\u00eda al Bar\u00e7a, Messi afirm\u00f3 que le gustar\u00eda \u00abestar cerca del club\u00bb y confirm\u00f3 que se instalar\u00e1 en Barcelona.<\/p>\n<p>\u00abEs una de las cosas que tenemos clar\u00edsimo con mi mujer, mis hijos. Ojal\u00e1, no s\u00e9 en qu\u00e9 momento ni qu\u00e9 ni cu\u00e1ndo, pero ojal\u00e1 alg\u00fan d\u00eda pueda aportar algo al club y ayudar porque es un club que amo como siempre dije. Agradezco el cari\u00f1o que tuve de la gente durante mi carrera y me gustar\u00eda estar otra vez ac\u00e1, s\u00ed\u00bb, insisti\u00f3.<\/p>\n<p><strong>Redacci\u00f3n ND58 | Fuente: EFE<\/strong><br \/>\n<strong>Edici\u00f3n: Villasmil, Henry<\/strong><br \/>\n<strong>Gr\u00e1fica: EFE<\/strong><\/p>\n<p>&nbsp;<\/p><div class=\"yizru69edd9904c737\" ><p style=\"text-align: center;\"><a href=\"https:\/\/t.me\/noticiasdigital58\" target=\"_blank\" rel=\"noopener\"><img class=\"aligncenter size-full wp-image-125363\" src=\"https:\/\/digital58.com.ve\/site\/wp-content\/uploads\/2021\/04\/banner-telegram-web-2021.png\" alt=\"\" width=\"600\" height=\"90\" \/><\/a><\/p><\/div><style type=\"text\/css\">\r\n@media screen and (min-width: 1201px) {\r\n.yizru69edd9904c737 {\r\ndisplay: block;\r\n}\r\n}\r\n@media screen and (min-width: 993px) and (max-width: 1200px) {\r\n.yizru69edd9904c737 {\r\ndisplay: block;\r\n}\r\n}\r\n@media screen and (min-width: 769px) and (max-width: 992px) {\r\n.yizru69edd9904c737 {\r\ndisplay: block;\r\n}\r\n}\r\n@media screen and (min-width: 768px) and (max-width: 768px) {\r\n.yizru69edd9904c737 {\r\ndisplay: block;\r\n}\r\n}\r\n@media screen and (max-width: 767px) {\r\n.yizru69edd9904c737 {\r\ndisplay: block;\r\n}\r\n}\r\n<\/style>\r\n\n<p>&nbsp;<\/p>\n<div style=\"margin-top: 0px; margin-bottom: 0px;\" class=\"sharethis-inline-share-buttons\" ><\/div>","protected":false},"excerpt":{"rendered":"<p>El astro del futbol argentino confirm\u00f3 su decisi\u00f3n de firmar con el Inter Miami en una entrevista conjunta, realizada en<\/p>\n","protected":false},"author":1,"featured_media":167464,"comment_status":"open","ping_status":"closed","sticky":false,"template":"","format":"standard","meta":{"colormag_page_container_layout":"default_layout","colormag_page_sidebar_layout":"default_layout","_uag_custom_page_level_css":"","footnotes":""},"categories":[5402],"tags":[1517,13,41,31716,6933,123],"class_list":["post-167463","post","type-post","status-publish","format-standard","has-post-thumbnail","hentry","category-deportes","tag-barcelona","tag-futbol","tag-futbol-internacional","tag-inter-miami","tag-jugadores-de-futbol","tag-lionel-messi"],"yoast_head":"<!-- This site is optimized with the Yoast SEO plugin v27.4 - https:\/\/yoast.com\/product\/yoast-seo-wordpress\/ -->\n<title>Messi: \u00abTom\u00e9 la decisi\u00f3n de que voy a ir a Miami y pensar m\u00e1s en mi familia\u00bb<\/title>\n<meta name=\"robots\" content=\"index, follow, max-snippet:-1, max-image-preview:large, max-video-preview:-1\" \/>\n<link rel=\"canonical\" href=\"https:\/\/digital58.com.ve\/site\/2023\/06\/08\/messi-tome-la-decision-de-que-voy-a-ir-a-miami-y-pensar-mas-en-mi-familia\/\" \/>\n<meta property=\"og:locale\" content=\"es_ES\" \/>\n<meta property=\"og:type\" content=\"article\" \/>\n<meta property=\"og:title\" content=\"Messi: \u00abTom\u00e9 la decisi\u00f3n de que voy a ir a Miami y pensar m\u00e1s en mi familia\u00bb\" \/>\n<meta property=\"og:url\" content=\"https:\/\/digital58.com.ve\/site\/2023\/06\/08\/messi-tome-la-decision-de-que-voy-a-ir-a-miami-y-pensar-mas-en-mi-familia\/\" \/>\n<meta property=\"og:site_name\" content=\"Noticias Digital58\" \/>\n<meta property=\"article:published_time\" content=\"2023-06-08T13:27:34+00:00\" \/>\n<meta property=\"og:image\" content=\"https:\/\/i0.wp.com\/digital58.com.ve\/site\/wp-content\/uploads\/2023\/06\/f6e0c6a33b034445f141e950ad65987e1c2c0452miniw.jpg?fit=900%2C599&ssl=1\" \/>\n\t<meta property=\"og:image:width\" content=\"900\" \/>\n\t<meta property=\"og:image:height\" content=\"599\" \/>\n\t<meta property=\"og:image:type\" content=\"image\/jpeg\" \/>\n<meta name=\"author\" content=\"Villasmil Henry\" \/>\n<meta name=\"twitter:card\" content=\"summary_large_image\" \/>\n<meta name=\"twitter:creator\" content=\"@https:\/\/twitter.com\/villasmilhfoto\" \/>\n<meta name=\"twitter:site\" content=\"@villasmilhfoto\" \/>\n<meta name=\"twitter:label1\" content=\"Escrito por\" \/>\n\t<meta name=\"twitter:data1\" content=\"Villasmil Henry\" \/>\n\t<meta name=\"twitter:label2\" content=\"Tiempo estimado de lectura\" \/>\n\t<meta name=\"twitter:data2\" content=\"5 minutos\" \/>\n<script type=\"application\/ld+json\" class=\"yoast-schema-graph\">{\"@context\":\"https:\\\/\\\/schema.org\",\"@graph\":[{\"@type\":\"Article\",\"@id\":\"https:\\\/\\\/digital58.com.ve\\\/site\\\/2023\\\/06\\\/08\\\/messi-tome-la-decision-de-que-voy-a-ir-a-miami-y-pensar-mas-en-mi-familia\\\/#article\",\"isPartOf\":{\"@id\":\"https:\\\/\\\/digital58.com.ve\\\/site\\\/2023\\\/06\\\/08\\\/messi-tome-la-decision-de-que-voy-a-ir-a-miami-y-pensar-mas-en-mi-familia\\\/\"},\"author\":{\"name\":\"Villasmil Henry\",\"@id\":\"https:\\\/\\\/digital58.com.ve\\\/site\\\/#\\\/schema\\\/person\\\/64d1c2e4d0d4fd1b849980c4331c2951\"},\"headline\":\"Messi: \u00abTom\u00e9 la decisi\u00f3n de que voy a ir a Miami y pensar m\u00e1s en mi familia\u00bb\",\"datePublished\":\"2023-06-08T13:27:34+00:00\",\"mainEntityOfPage\":{\"@id\":\"https:\\\/\\\/digital58.com.ve\\\/site\\\/2023\\\/06\\\/08\\\/messi-tome-la-decision-de-que-voy-a-ir-a-miami-y-pensar-mas-en-mi-familia\\\/\"},\"wordCount\":935,\"commentCount\":0,\"publisher\":{\"@id\":\"https:\\\/\\\/digital58.com.ve\\\/site\\\/#\\\/schema\\\/person\\\/64d1c2e4d0d4fd1b849980c4331c2951\"},\"image\":{\"@id\":\"https:\\\/\\\/digital58.com.ve\\\/site\\\/2023\\\/06\\\/08\\\/messi-tome-la-decision-de-que-voy-a-ir-a-miami-y-pensar-mas-en-mi-familia\\\/#primaryimage\"},\"thumbnailUrl\":\"https:\\\/\\\/digital58.com.ve\\\/site\\\/wp-content\\\/uploads\\\/2023\\\/06\\\/f6e0c6a33b034445f141e950ad65987e1c2c0452miniw.jpg\",\"keywords\":[\"Barcelona\",\"F\u00fatbol\",\"F\u00fatbol Internacional\",\"Inter Miami\",\"Jugadores de F\u00fatbol\",\"Lionel Messi\"],\"articleSection\":[\"Deportes\"],\"inLanguage\":\"es\",\"potentialAction\":[{\"@type\":\"CommentAction\",\"name\":\"Comment\",\"target\":[\"https:\\\/\\\/digital58.com.ve\\\/site\\\/2023\\\/06\\\/08\\\/messi-tome-la-decision-de-que-voy-a-ir-a-miami-y-pensar-mas-en-mi-familia\\\/#respond\"]}]},{\"@type\":\"WebPage\",\"@id\":\"https:\\\/\\\/digital58.com.ve\\\/site\\\/2023\\\/06\\\/08\\\/messi-tome-la-decision-de-que-voy-a-ir-a-miami-y-pensar-mas-en-mi-familia\\\/\",\"url\":\"https:\\\/\\\/digital58.com.ve\\\/site\\\/2023\\\/06\\\/08\\\/messi-tome-la-decision-de-que-voy-a-ir-a-miami-y-pensar-mas-en-mi-familia\\\/\",\"name\":\"Messi: \u00abTom\u00e9 la decisi\u00f3n de que voy a ir a Miami y pensar m\u00e1s en mi familia\u00bb\",\"isPartOf\":{\"@id\":\"https:\\\/\\\/digital58.com.ve\\\/site\\\/#website\"},\"primaryImageOfPage\":{\"@id\":\"https:\\\/\\\/digital58.com.ve\\\/site\\\/2023\\\/06\\\/08\\\/messi-tome-la-decision-de-que-voy-a-ir-a-miami-y-pensar-mas-en-mi-familia\\\/#primaryimage\"},\"image\":{\"@id\":\"https:\\\/\\\/digital58.com.ve\\\/site\\\/2023\\\/06\\\/08\\\/messi-tome-la-decision-de-que-voy-a-ir-a-miami-y-pensar-mas-en-mi-familia\\\/#primaryimage\"},\"thumbnailUrl\":\"https:\\\/\\\/digital58.com.ve\\\/site\\\/wp-content\\\/uploads\\\/2023\\\/06\\\/f6e0c6a33b034445f141e950ad65987e1c2c0452miniw.jpg\",\"datePublished\":\"2023-06-08T13:27:34+00:00\",\"breadcrumb\":{\"@id\":\"https:\\\/\\\/digital58.com.ve\\\/site\\\/2023\\\/06\\\/08\\\/messi-tome-la-decision-de-que-voy-a-ir-a-miami-y-pensar-mas-en-mi-familia\\\/#breadcrumb\"},\"inLanguage\":\"es\",\"potentialAction\":[{\"@type\":\"ReadAction\",\"target\":[\"https:\\\/\\\/digital58.com.ve\\\/site\\\/2023\\\/06\\\/08\\\/messi-tome-la-decision-de-que-voy-a-ir-a-miami-y-pensar-mas-en-mi-familia\\\/\"]}]},{\"@type\":\"ImageObject\",\"inLanguage\":\"es\",\"@id\":\"https:\\\/\\\/digital58.com.ve\\\/site\\\/2023\\\/06\\\/08\\\/messi-tome-la-decision-de-que-voy-a-ir-a-miami-y-pensar-mas-en-mi-familia\\\/#primaryimage\",\"url\":\"https:\\\/\\\/digital58.com.ve\\\/site\\\/wp-content\\\/uploads\\\/2023\\\/06\\\/f6e0c6a33b034445f141e950ad65987e1c2c0452miniw.jpg\",\"contentUrl\":\"https:\\\/\\\/digital58.com.ve\\\/site\\\/wp-content\\\/uploads\\\/2023\\\/06\\\/f6e0c6a33b034445f141e950ad65987e1c2c0452miniw.jpg\",\"width\":900,\"height\":599},{\"@type\":\"BreadcrumbList\",\"@id\":\"https:\\\/\\\/digital58.com.ve\\\/site\\\/2023\\\/06\\\/08\\\/messi-tome-la-decision-de-que-voy-a-ir-a-miami-y-pensar-mas-en-mi-familia\\\/#breadcrumb\",\"itemListElement\":[{\"@type\":\"ListItem\",\"position\":1,\"name\":\"Home\",\"item\":\"https:\\\/\\\/digital58.com.ve\\\/site\\\/\"},{\"@type\":\"ListItem\",\"position\":2,\"name\":\"Messi: \u00abTom\u00e9 la decisi\u00f3n de que voy a ir a Miami y pensar m\u00e1s en mi familia\u00bb\"}]},{\"@type\":\"WebSite\",\"@id\":\"https:\\\/\\\/digital58.com.ve\\\/site\\\/#website\",\"url\":\"https:\\\/\\\/digital58.com.ve\\\/site\\\/\",\"name\":\"Noticias Digital58\",\"description\":\"Portal de Noticias \u00a1Periodismo web de verdad! Lanzamiento web 22.11.2005 \\\/ Maracaibo, Venezuela\",\"publisher\":{\"@id\":\"https:\\\/\\\/digital58.com.ve\\\/site\\\/#\\\/schema\\\/person\\\/64d1c2e4d0d4fd1b849980c4331c2951\"},\"alternateName\":\"ND58\",\"potentialAction\":[{\"@type\":\"SearchAction\",\"target\":{\"@type\":\"EntryPoint\",\"urlTemplate\":\"https:\\\/\\\/digital58.com.ve\\\/site\\\/?s={search_term_string}\"},\"query-input\":{\"@type\":\"PropertyValueSpecification\",\"valueRequired\":true,\"valueName\":\"search_term_string\"}}],\"inLanguage\":\"es\"},{\"@type\":[\"Person\",\"Organization\"],\"@id\":\"https:\\\/\\\/digital58.com.ve\\\/site\\\/#\\\/schema\\\/person\\\/64d1c2e4d0d4fd1b849980c4331c2951\",\"name\":\"Villasmil Henry\",\"image\":{\"@type\":\"ImageObject\",\"inLanguage\":\"es\",\"@id\":\"https:\\\/\\\/secure.gravatar.com\\\/avatar\\\/bb0c4a2fcb7970138239f7e404ea75757b1b507b28b5ce4c53fbd62d797c5a7c?s=96&d=mm&r=g\",\"url\":\"https:\\\/\\\/secure.gravatar.com\\\/avatar\\\/bb0c4a2fcb7970138239f7e404ea75757b1b507b28b5ce4c53fbd62d797c5a7c?s=96&d=mm&r=g\",\"contentUrl\":\"https:\\\/\\\/secure.gravatar.com\\\/avatar\\\/bb0c4a2fcb7970138239f7e404ea75757b1b507b28b5ce4c53fbd62d797c5a7c?s=96&d=mm&r=g\",\"caption\":\"Villasmil Henry\"},\"logo\":{\"@id\":\"https:\\\/\\\/secure.gravatar.com\\\/avatar\\\/bb0c4a2fcb7970138239f7e404ea75757b1b507b28b5ce4c53fbd62d797c5a7c?s=96&d=mm&r=g\"},\"sameAs\":[\"http:\\\/\\\/www.henryvillasmil.com.ve\",\"https:\\\/\\\/www.instagram.com\\\/villasmilhfoto\\\/\",\"https:\\\/\\\/x.com\\\/https:\\\/\\\/twitter.com\\\/villasmilhfoto\"],\"url\":\"https:\\\/\\\/digital58.com.ve\\\/site\\\/author\\\/droopy_68\\\/\"}]}<\/script>\n<!-- \/ Yoast SEO plugin. -->","yoast_head_json":{"title":"Messi: \u00abTom\u00e9 la decisi\u00f3n de que voy a ir a Miami y pensar m\u00e1s en mi familia\u00bb","robots":{"index":"index","follow":"follow","max-snippet":"max-snippet:-1","max-image-preview":"max-image-preview:large","max-video-preview":"max-video-preview:-1"},"canonical":"https:\/\/digital58.com.ve\/site\/2023\/06\/08\/messi-tome-la-decision-de-que-voy-a-ir-a-miami-y-pensar-mas-en-mi-familia\/","og_locale":"es_ES","og_type":"article","og_title":"Messi: \u00abTom\u00e9 la decisi\u00f3n de que voy a ir a Miami y pensar m\u00e1s en mi familia\u00bb","og_url":"https:\/\/digital58.com.ve\/site\/2023\/06\/08\/messi-tome-la-decision-de-que-voy-a-ir-a-miami-y-pensar-mas-en-mi-familia\/","og_site_name":"Noticias Digital58","article_published_time":"2023-06-08T13:27:34+00:00","og_image":[{"width":900,"height":599,"url":"https:\/\/i0.wp.com\/digital58.com.ve\/site\/wp-content\/uploads\/2023\/06\/f6e0c6a33b034445f141e950ad65987e1c2c0452miniw.jpg?fit=900%2C599&ssl=1","type":"image\/jpeg"}],"author":"Villasmil Henry","twitter_card":"summary_large_image","twitter_creator":"@https:\/\/twitter.com\/villasmilhfoto","twitter_site":"@villasmilhfoto","twitter_misc":{"Escrito por":"Villasmil Henry","Tiempo estimado de lectura":"5 minutos"},"schema":{"@context":"https:\/\/schema.org","@graph":[{"@type":"Article","@id":"https:\/\/digital58.com.ve\/site\/2023\/06\/08\/messi-tome-la-decision-de-que-voy-a-ir-a-miami-y-pensar-mas-en-mi-familia\/#article","isPartOf":{"@id":"https:\/\/digital58.com.ve\/site\/2023\/06\/08\/messi-tome-la-decision-de-que-voy-a-ir-a-miami-y-pensar-mas-en-mi-familia\/"},"author":{"name":"Villasmil Henry","@id":"https:\/\/digital58.com.ve\/site\/#\/schema\/person\/64d1c2e4d0d4fd1b849980c4331c2951"},"headline":"Messi: \u00abTom\u00e9 la decisi\u00f3n de que voy a ir a Miami y pensar m\u00e1s en mi familia\u00bb","datePublished":"2023-06-08T13:27:34+00:00","mainEntityOfPage":{"@id":"https:\/\/digital58.com.ve\/site\/2023\/06\/08\/messi-tome-la-decision-de-que-voy-a-ir-a-miami-y-pensar-mas-en-mi-familia\/"},"wordCount":935,"commentCount":0,"publisher":{"@id":"https:\/\/digital58.com.ve\/site\/#\/schema\/person\/64d1c2e4d0d4fd1b849980c4331c2951"},"image":{"@id":"https:\/\/digital58.com.ve\/site\/2023\/06\/08\/messi-tome-la-decision-de-que-voy-a-ir-a-miami-y-pensar-mas-en-mi-familia\/#primaryimage"},"thumbnailUrl":"https:\/\/digital58.com.ve\/site\/wp-content\/uploads\/2023\/06\/f6e0c6a33b034445f141e950ad65987e1c2c0452miniw.jpg","keywords":["Barcelona","F\u00fatbol","F\u00fatbol Internacional","Inter Miami","Jugadores de F\u00fatbol","Lionel Messi"],"articleSection":["Deportes"],"inLanguage":"es","potentialAction":[{"@type":"CommentAction","name":"Comment","target":["https:\/\/digital58.com.ve\/site\/2023\/06\/08\/messi-tome-la-decision-de-que-voy-a-ir-a-miami-y-pensar-mas-en-mi-familia\/#respond"]}]},{"@type":"WebPage","@id":"https:\/\/digital58.com.ve\/site\/2023\/06\/08\/messi-tome-la-decision-de-que-voy-a-ir-a-miami-y-pensar-mas-en-mi-familia\/","url":"https:\/\/digital58.com.ve\/site\/2023\/06\/08\/messi-tome-la-decision-de-que-voy-a-ir-a-miami-y-pensar-mas-en-mi-familia\/","name":"Messi: \u00abTom\u00e9 la decisi\u00f3n de que voy a ir a Miami y pensar m\u00e1s en mi familia\u00bb","isPartOf":{"@id":"https:\/\/digital58.com.ve\/site\/#website"},"primaryImageOfPage":{"@id":"https:\/\/digital58.com.ve\/site\/2023\/06\/08\/messi-tome-la-decision-de-que-voy-a-ir-a-miami-y-pensar-mas-en-mi-familia\/#primaryimage"},"image":{"@id":"https:\/\/digital58.com.ve\/site\/2023\/06\/08\/messi-tome-la-decision-de-que-voy-a-ir-a-miami-y-pensar-mas-en-mi-familia\/#primaryimage"},"thumbnailUrl":"https:\/\/digital58.com.ve\/site\/wp-content\/uploads\/2023\/06\/f6e0c6a33b034445f141e950ad65987e1c2c0452miniw.jpg","datePublished":"2023-06-08T13:27:34+00:00","breadcrumb":{"@id":"https:\/\/digital58.com.ve\/site\/2023\/06\/08\/messi-tome-la-decision-de-que-voy-a-ir-a-miami-y-pensar-mas-en-mi-familia\/#breadcrumb"},"inLanguage":"es","potentialAction":[{"@type":"ReadAction","target":["https:\/\/digital58.com.ve\/site\/2023\/06\/08\/messi-tome-la-decision-de-que-voy-a-ir-a-miami-y-pensar-mas-en-mi-familia\/"]}]},{"@type":"ImageObject","inLanguage":"es","@id":"https:\/\/digital58.com.ve\/site\/2023\/06\/08\/messi-tome-la-decision-de-que-voy-a-ir-a-miami-y-pensar-mas-en-mi-familia\/#primaryimage","url":"https:\/\/digital58.com.ve\/site\/wp-content\/uploads\/2023\/06\/f6e0c6a33b034445f141e950ad65987e1c2c0452miniw.jpg","contentUrl":"https:\/\/digital58.com.ve\/site\/wp-content\/uploads\/2023\/06\/f6e0c6a33b034445f141e950ad65987e1c2c0452miniw.jpg","width":900,"height":599},{"@type":"BreadcrumbList","@id":"https:\/\/digital58.com.ve\/site\/2023\/06\/08\/messi-tome-la-decision-de-que-voy-a-ir-a-miami-y-pensar-mas-en-mi-familia\/#breadcrumb","itemListElement":[{"@type":"ListItem","position":1,"name":"Home","item":"https:\/\/digital58.com.ve\/site\/"},{"@type":"ListItem","position":2,"name":"Messi: \u00abTom\u00e9 la decisi\u00f3n de que voy a ir a Miami y pensar m\u00e1s en mi familia\u00bb"}]},{"@type":"WebSite","@id":"https:\/\/digital58.com.ve\/site\/#website","url":"https:\/\/digital58.com.ve\/site\/","name":"Noticias Digital58","description":"Portal de Noticias \u00a1Periodismo web de verdad! Lanzamiento web 22.11.2005 \/ Maracaibo, Venezuela","publisher":{"@id":"https:\/\/digital58.com.ve\/site\/#\/schema\/person\/64d1c2e4d0d4fd1b849980c4331c2951"},"alternateName":"ND58","potentialAction":[{"@type":"SearchAction","target":{"@type":"EntryPoint","urlTemplate":"https:\/\/digital58.com.ve\/site\/?s={search_term_string}"},"query-input":{"@type":"PropertyValueSpecification","valueRequired":true,"valueName":"search_term_string"}}],"inLanguage":"es"},{"@type":["Person","Organization"],"@id":"https:\/\/digital58.com.ve\/site\/#\/schema\/person\/64d1c2e4d0d4fd1b849980c4331c2951","name":"Villasmil Henry","image":{"@type":"ImageObject","inLanguage":"es","@id":"https:\/\/secure.gravatar.com\/avatar\/bb0c4a2fcb7970138239f7e404ea75757b1b507b28b5ce4c53fbd62d797c5a7c?s=96&d=mm&r=g","url":"https:\/\/secure.gravatar.com\/avatar\/bb0c4a2fcb7970138239f7e404ea75757b1b507b28b5ce4c53fbd62d797c5a7c?s=96&d=mm&r=g","contentUrl":"https:\/\/secure.gravatar.com\/avatar\/bb0c4a2fcb7970138239f7e404ea75757b1b507b28b5ce4c53fbd62d797c5a7c?s=96&d=mm&r=g","caption":"Villasmil Henry"},"logo":{"@id":"https:\/\/secure.gravatar.com\/avatar\/bb0c4a2fcb7970138239f7e404ea75757b1b507b28b5ce4c53fbd62d797c5a7c?s=96&d=mm&r=g"},"sameAs":["http:\/\/www.henryvillasmil.com.ve","https:\/\/www.instagram.com\/villasmilhfoto\/","https:\/\/x.com\/https:\/\/twitter.com\/villasmilhfoto"],"url":"https:\/\/digital58.com.ve\/site\/author\/droopy_68\/"}]}},"uagb_featured_image_src":{"full":["https:\/\/digital58.com.ve\/site\/wp-content\/uploads\/2023\/06\/f6e0c6a33b034445f141e950ad65987e1c2c0452miniw.jpg",900,599,false],"thumbnail":["https:\/\/digital58.com.ve\/site\/wp-content\/uploads\/2023\/06\/f6e0c6a33b034445f141e950ad65987e1c2c0452miniw-150x150.jpg",150,150,true],"medium":["https:\/\/digital58.com.ve\/site\/wp-content\/uploads\/2023\/06\/f6e0c6a33b034445f141e950ad65987e1c2c0452miniw-300x200.jpg",300,200,true],"medium_large":["https:\/\/digital58.com.ve\/site\/wp-content\/uploads\/2023\/06\/f6e0c6a33b034445f141e950ad65987e1c2c0452miniw-768x511.jpg",768,511,true],"large":["https:\/\/digital58.com.ve\/site\/wp-content\/uploads\/2023\/06\/f6e0c6a33b034445f141e950ad65987e1c2c0452miniw.jpg",800,532,false],"1536x1536":["https:\/\/digital58.com.ve\/site\/wp-content\/uploads\/2023\/06\/f6e0c6a33b034445f141e950ad65987e1c2c0452miniw.jpg",900,599,false],"2048x2048":["https:\/\/digital58.com.ve\/site\/wp-content\/uploads\/2023\/06\/f6e0c6a33b034445f141e950ad65987e1c2c0452miniw.jpg",900,599,false],"colormag-highlighted-post":["https:\/\/digital58.com.ve\/site\/wp-content\/uploads\/2023\/06\/f6e0c6a33b034445f141e950ad65987e1c2c0452miniw-392x272.jpg",392,272,true],"colormag-featured-post-medium":["https:\/\/digital58.com.ve\/site\/wp-content\/uploads\/2023\/06\/f6e0c6a33b034445f141e950ad65987e1c2c0452miniw-390x205.jpg",390,205,true],"colormag-featured-post-small":["https:\/\/digital58.com.ve\/site\/wp-content\/uploads\/2023\/06\/f6e0c6a33b034445f141e950ad65987e1c2c0452miniw-130x90.jpg",130,90,true],"colormag-featured-image":["https:\/\/digital58.com.ve\/site\/wp-content\/uploads\/2023\/06\/f6e0c6a33b034445f141e950ad65987e1c2c0452miniw-800x445.jpg",800,445,true],"colormag-default-news":["https:\/\/digital58.com.ve\/site\/wp-content\/uploads\/2023\/06\/f6e0c6a33b034445f141e950ad65987e1c2c0452miniw.jpg",150,100,false],"colormag-featured-image-large":["https:\/\/digital58.com.ve\/site\/wp-content\/uploads\/2023\/06\/f6e0c6a33b034445f141e950ad65987e1c2c0452miniw.jpg",900,599,false]},"uagb_author_info":{"display_name":"Villasmil Henry","author_link":"https:\/\/digital58.com.ve\/site\/author\/droopy_68\/"},"uagb_comment_info":0,"uagb_excerpt":"El astro del futbol argentino confirm\u00f3 su decisi\u00f3n de firmar con el Inter Miami en una entrevista conjunta, realizada en","_links":{"self":[{"href":"https:\/\/digital58.com.ve\/site\/wp-json\/wp\/v2\/posts\/167463","targetHints":{"allow":["GET"]}}],"collection":[{"href":"https:\/\/digital58.com.ve\/site\/wp-json\/wp\/v2\/posts"}],"about":[{"href":"https:\/\/digital58.com.ve\/site\/wp-json\/wp\/v2\/types\/post"}],"author":[{"embeddable":true,"href":"https:\/\/digital58.com.ve\/site\/wp-json\/wp\/v2\/users\/1"}],"replies":[{"embeddable":true,"href":"https:\/\/digital58.com.ve\/site\/wp-json\/wp\/v2\/comments?post=167463"}],"version-history":[{"count":1,"href":"https:\/\/digital58.com.ve\/site\/wp-json\/wp\/v2\/posts\/167463\/revisions"}],"predecessor-version":[{"id":167465,"href":"https:\/\/digital58.com.ve\/site\/wp-json\/wp\/v2\/posts\/167463\/revisions\/167465"}],"wp:featuredmedia":[{"embeddable":true,"href":"https:\/\/digital58.com.ve\/site\/wp-json\/wp\/v2\/media\/167464"}],"wp:attachment":[{"href":"https:\/\/digital58.com.ve\/site\/wp-json\/wp\/v2\/media?parent=167463"}],"wp:term":[{"taxonomy":"category","embeddable":true,"href":"https:\/\/digital58.com.ve\/site\/wp-json\/wp\/v2\/categories?post=167463"},{"taxonomy":"post_tag","embeddable":true,"href":"https:\/\/digital58.com.ve\/site\/wp-json\/wp\/v2\/tags?post=167463"}],"curies":[{"name":"wp","href":"https:\/\/api.w.org\/{rel}","templated":true}]}}