{"id":167480,"date":"2023-06-08T11:27:56","date_gmt":"2023-06-08T15:27:56","guid":{"rendered":"https:\/\/digital58.com.ve\/site\/?p=167480"},"modified":"2023-06-08T18:20:04","modified_gmt":"2023-06-08T22:20:04","slug":"karina-supera-nuevo-record-en-su-carrera","status":"publish","type":"post","link":"https:\/\/digital58.com.ve\/site\/2023\/06\/08\/karina-supera-nuevo-record-en-su-carrera\/","title":{"rendered":"Karina supera nuevo record en su carrera"},"content":{"rendered":"<figure id=\"attachment_166878\" aria-describedby=\"caption-attachment-166878\" style=\"width: 800px\" class=\"wp-caption aligncenter\"><img loading=\"lazy\" decoding=\"async\" class=\"wp-image-166878 size-full\" src=\"https:\/\/digital58.com.ve\/site\/wp-content\/uploads\/2023\/05\/karina-9.jpg\" alt=\"\" width=\"800\" height=\"533\" srcset=\"https:\/\/digital58.com.ve\/site\/wp-content\/uploads\/2023\/05\/karina-9.jpg 800w, https:\/\/digital58.com.ve\/site\/wp-content\/uploads\/2023\/05\/karina-9-300x200.jpg 300w, https:\/\/digital58.com.ve\/site\/wp-content\/uploads\/2023\/05\/karina-9-768x512.jpg 768w\" sizes=\"auto, (max-width: 800px) 100vw, 800px\" \/><figcaption id=\"caption-attachment-166878\" class=\"wp-caption-text\">Karina durante su presentaci\u00f3n en el Aula Magna de la URU el pasado 27 de mayo de 2023 (Foto: Villasmil, Henry)<\/figcaption><\/figure>\n<p>La querida int\u00e9rprete suma m\u00e1s triunfos a su trayectoria. En esta oportunidad, con ventas de agotados en las taquillas\u00a0 de Maracay y Barquisimeto. El inicio de su \u00ab11\/11 Tour\u00bb ha sido todo un \u00e9xito, imponiendo nuevas marcas de asistencia a sus conciertos.<\/p>\n<p><strong>Caracas, DC, Venezuela, 08 de junio de 2023 (ND58).-<\/strong> De la mano de su ritmo que conquista como siempre la escena musical, a tal punto que su exitoso sencillo \u00abYo Soy Tu Vicio\u00bb volvi\u00f3 a posicionarla como l\u00edder en el movimiento femenino pop latino.<\/p>\n<p><strong>Nuevas colaboraciones<\/strong><\/p>\n<p>La artista une tres generaciones del pop venezolano al lanzar un remix de su tema \u00abCuarenta\u00bb, en esta nueva colaboraci\u00f3n junto a Daniela Barranco, una composici\u00f3n del cantante Jerem\u00edas, un tr\u00edo de int\u00e9rpretes de lujo, que seguramente dar\u00e1 mucho de qu\u00e9 hablar con esta producci\u00f3n, que promete marcar pauta en la movida musical.<\/p>\n<p><img loading=\"lazy\" decoding=\"async\" class=\"size-large wp-image-167482 aligncenter\" src=\"https:\/\/digital58.com.ve\/site\/wp-content\/uploads\/2023\/06\/CUARENTA-KARINA-Y-DANIELA-BARRANCO-1000x1000.jpg\" alt=\"\" width=\"800\" height=\"800\" \/><\/p>\n<p>La gira de Karina, continuar\u00e1 en Valencia el 16 Junio, mientras que en Caracas se presentar\u00e1 el 17 de Junio, Margarita la recibe el 23 de junio y Lecher\u00eda el 24 de Junio, respectivamente.<\/p>\n<div class=\"lyte-wrapper\" title=\"Karina ft. @DaniBarranco13 - Cuarenta (40) (Video Oficial) | Disco: 11\/11\" style=\"width:640px;max-width:100%;margin:5px auto;\"><div class=\"lyMe\" id=\"WYL_BHWlOpk4RJQ\" itemprop=\"video\" itemscope itemtype=\"https:\/\/schema.org\/VideoObject\"><div><meta itemprop=\"thumbnailUrl\" content=\"https:\/\/i.ytimg.com\/vi\/BHWlOpk4RJQ\/hqdefault.jpg\" \/><meta itemprop=\"embedURL\" content=\"https:\/\/www.youtube.com\/embed\/BHWlOpk4RJQ\" \/><meta itemprop=\"duration\" content=\"PT2M58S\" \/><meta itemprop=\"uploadDate\" content=\"2023-06-02T03:32:14Z\" \/><\/div><div id=\"lyte_BHWlOpk4RJQ\" data-src=\"https:\/\/i.ytimg.com\/vi\/BHWlOpk4RJQ\/hqdefault.jpg\" class=\"pL\"><div class=\"tC\"><div class=\"tT\" itemprop=\"name\">Karina ft. @DaniBarranco13 - Cuarenta (40) (Video Oficial) | Disco: 11\/11<\/div><\/div><div class=\"play\"><\/div><div class=\"ctrl\"><div class=\"Lctrl\"><\/div><div class=\"Rctrl\"><\/div><\/div><\/div><noscript><a href=\"https:\/\/youtu.be\/BHWlOpk4RJQ\" rel=\"nofollow\"><img loading=\"lazy\" decoding=\"async\" src=\"https:\/\/i.ytimg.com\/vi\/BHWlOpk4RJQ\/0.jpg\" alt=\"Karina ft. @DaniBarranco13 - Cuarenta (40) (Video Oficial) | Disco: 11\/11\" width=\"640\" height=\"340\" \/><br \/>Ver este video en YouTube<\/a><\/noscript><meta itemprop=\"description\" content=\"Suscr\u00edbete a mi canal de YouTube: https:\/\/www.youtube.com\/c\/YoSoyKarinaLaVoz Tema: Cuarenta (40). Cantantes: Karina ft. Daniela Barranco. Compositor: Jerem\u00edas. Tema del disco: 11\/11. VIDEO ORIGINAL: Director: Jos\u00e9 D\u00edaz Merry. Productor: Eghel. Mezcla en Miami: Marcello Azevedo. Locaci\u00f3n: Caracas (Venezuela). Para estar informado de Karina La Voz, pueden seguirla, en: Instagram: https:\/\/www.instagram.com\/karinalavoz\/ Facebook: https:\/\/www.facebook.com\/karinalavozoficial LETRA: **CUARENTA** Hoy tengo la suerte de ser \u00e9sta que al fin soy Ninguna de veinte te da lo que yo te doy Tu me llamas y cuando quieras salimos Y as\u00ed te muestro todo lo que yo he aprendido. Tu me llamas, tengo un par de truquitos Pero te advierto pueden ser adictivos Y cuando lo sientas te vas a dar cuenta Lo que te doy no te lo da ninguna nena Y cuando lo sientas sacar\u00e1s la cuenta Con dos de veinte no haces una de cuarenta. Ah ah ah , lo que te doy no te lo da ninguna nena Con dos de veinte no haces una de Cuarenta\u2026 Cuarenta primaveras buen\u00edsima y con la cartera llena No me hace falta nada, hoy voy a bailar la noche entera No estoy buscando promesas, tampoco quien me mantenga, Lo que yo quiero es brindar por todo y que siga la fiesta. Tu me llamas y cuando quieras salimos Y tu me ense\u00f1as todo lo que has aprendido Tu me llamas, tienes par de truquitos Que me dijeron pueden ser adictivos. Y cuando lo sientas te vas a dar cuenta Lo que te doy no lo vas a encontrar en ella. La la la solo debate llevar Una noche pa gozar Ah ah Que la que sabe hace la diferencia. #Karina #Cuarenta #DanielaBarranco\"><\/div><\/div><div class=\"lL\" style=\"max-width:100%;width:640px;margin:5px auto;\"><\/div><\/p>\n<p>\u00abHay muchas ciudades en Venezuela que quieren presentar el espect\u00e1culo de Karina, pero los tiempos son muy cortos, por la agenda tan apretada que ella tiene. Sin embargo, activamos dos \u00faltimas semanas para finales del mes de julio y as\u00ed poder llevar el tour a seis ciudades m\u00e1s. Pronto daremos m\u00e1s informaci\u00f3n\u00bb, coment\u00f3 su manager Remil Renna.<\/p>\n<p>Adem\u00e1s dijo que, en el \u00faltimo trimestre del a\u00f1o, \u00abKarina dar\u00e1 su concierto en el Auditorio Nacional en ciudad de M\u00e9xico\u00bb, culmin\u00f3.<\/p>\n<p class=\"p1\"><b>Redacci\u00f3n ND58 | NDP\u00a0<\/b><br \/>\n<b>Edici\u00f3n: \u00c1\u00f1ez, Caren\u00a0<\/b><br \/>\n<b>Gr\u00e1fica: Cortes\u00eda <\/b><\/p><div class=\"luezu69f42e0656623\" ><p style=\"text-align: center;\"><a href=\"https:\/\/t.me\/noticiasdigital58\" target=\"_blank\" rel=\"noopener\"><img class=\"aligncenter size-full wp-image-125363\" src=\"https:\/\/digital58.com.ve\/site\/wp-content\/uploads\/2021\/04\/banner-telegram-web-2021.png\" alt=\"\" width=\"600\" height=\"90\" \/><\/a><\/p><\/div><style type=\"text\/css\">\r\n@media screen and (min-width: 1201px) {\r\n.luezu69f42e0656623 {\r\ndisplay: block;\r\n}\r\n}\r\n@media screen and (min-width: 993px) and (max-width: 1200px) {\r\n.luezu69f42e0656623 {\r\ndisplay: block;\r\n}\r\n}\r\n@media screen and (min-width: 769px) and (max-width: 992px) {\r\n.luezu69f42e0656623 {\r\ndisplay: block;\r\n}\r\n}\r\n@media screen and (min-width: 768px) and (max-width: 768px) {\r\n.luezu69f42e0656623 {\r\ndisplay: block;\r\n}\r\n}\r\n@media screen and (max-width: 767px) {\r\n.luezu69f42e0656623 {\r\ndisplay: block;\r\n}\r\n}\r\n<\/style>\r\n\n<p>&nbsp;<\/p>\n<div style=\"margin-top: 0px; margin-bottom: 0px;\" class=\"sharethis-inline-share-buttons\" ><\/div>","protected":false},"excerpt":{"rendered":"<p>La querida int\u00e9rprete suma m\u00e1s triunfos a su trayectoria. En esta oportunidad, con ventas de agotados en las taquillas\u00a0 de<\/p>\n","protected":false},"author":39,"featured_media":166877,"comment_status":"open","ping_status":"closed","sticky":false,"template":"","format":"standard","meta":{"colormag_page_container_layout":"default_layout","colormag_page_sidebar_layout":"default_layout","_uag_custom_page_level_css":"","footnotes":""},"categories":[1],"tags":[31563,373,78,29,24630,50,211,273,8341,6176,4817,61,233,32],"class_list":["post-167480","post","type-post","status-publish","format-standard","has-post-thumbnail","hentry","category-fama","tag-11-11-tour","tag-barquisimeto","tag-cantantes","tag-caracas","tag-dani-barranco","tag-entretenimiento","tag-espectaculos","tag-farandula","tag-jeremias","tag-karina","tag-maracay","tag-musica","tag-nacionales","tag-venezuela"],"yoast_head":"<!-- This site is optimized with the Yoast SEO plugin v27.5 - https:\/\/yoast.com\/product\/yoast-seo-wordpress\/ -->\n<title>Karina supera nuevo record en su carrera<\/title>\n<meta name=\"robots\" content=\"index, follow, max-snippet:-1, max-image-preview:large, max-video-preview:-1\" \/>\n<link rel=\"canonical\" href=\"https:\/\/digital58.com.ve\/site\/2023\/06\/08\/karina-supera-nuevo-record-en-su-carrera\/\" \/>\n<meta property=\"og:locale\" content=\"es_ES\" \/>\n<meta property=\"og:type\" content=\"article\" \/>\n<meta property=\"og:title\" content=\"Karina supera nuevo record en su carrera\" \/>\n<meta property=\"og:url\" content=\"https:\/\/digital58.com.ve\/site\/2023\/06\/08\/karina-supera-nuevo-record-en-su-carrera\/\" \/>\n<meta property=\"og:site_name\" content=\"Noticias Digital58\" \/>\n<meta property=\"article:published_time\" content=\"2023-06-08T15:27:56+00:00\" \/>\n<meta property=\"article:modified_time\" content=\"2023-06-08T22:20:04+00:00\" \/>\n<meta property=\"og:image\" content=\"https:\/\/i0.wp.com\/digital58.com.ve\/site\/wp-content\/uploads\/2023\/05\/karina-10.jpg?fit=800%2C546&ssl=1\" \/>\n\t<meta property=\"og:image:width\" content=\"800\" \/>\n\t<meta property=\"og:image:height\" content=\"546\" \/>\n\t<meta property=\"og:image:type\" content=\"image\/jpeg\" \/>\n<meta name=\"author\" content=\"Caren A\u00f1ez\" \/>\n<meta name=\"twitter:card\" content=\"summary_large_image\" \/>\n<meta name=\"twitter:creator\" content=\"@carenanez\" \/>\n<meta name=\"twitter:site\" content=\"@villasmilhfoto\" \/>\n<meta name=\"twitter:label1\" content=\"Escrito por\" \/>\n\t<meta name=\"twitter:data1\" content=\"Caren A\u00f1ez\" \/>\n\t<meta name=\"twitter:label2\" content=\"Tiempo estimado de lectura\" \/>\n\t<meta name=\"twitter:data2\" content=\"2 minutos\" \/>\n<script type=\"application\/ld+json\" class=\"yoast-schema-graph\">{\"@context\":\"https:\\\/\\\/schema.org\",\"@graph\":[{\"@type\":\"Article\",\"@id\":\"https:\\\/\\\/digital58.com.ve\\\/site\\\/2023\\\/06\\\/08\\\/karina-supera-nuevo-record-en-su-carrera\\\/#article\",\"isPartOf\":{\"@id\":\"https:\\\/\\\/digital58.com.ve\\\/site\\\/2023\\\/06\\\/08\\\/karina-supera-nuevo-record-en-su-carrera\\\/\"},\"author\":{\"name\":\"Caren A\u00f1ez\",\"@id\":\"https:\\\/\\\/digital58.com.ve\\\/site\\\/#\\\/schema\\\/person\\\/38596b127602deaa13fbcd7585635238\"},\"headline\":\"Karina supera nuevo record en su carrera\",\"datePublished\":\"2023-06-08T15:27:56+00:00\",\"dateModified\":\"2023-06-08T22:20:04+00:00\",\"mainEntityOfPage\":{\"@id\":\"https:\\\/\\\/digital58.com.ve\\\/site\\\/2023\\\/06\\\/08\\\/karina-supera-nuevo-record-en-su-carrera\\\/\"},\"wordCount\":320,\"commentCount\":0,\"publisher\":{\"@id\":\"https:\\\/\\\/digital58.com.ve\\\/site\\\/#\\\/schema\\\/person\\\/64d1c2e4d0d4fd1b849980c4331c2951\"},\"image\":{\"@id\":\"https:\\\/\\\/digital58.com.ve\\\/site\\\/2023\\\/06\\\/08\\\/karina-supera-nuevo-record-en-su-carrera\\\/#primaryimage\"},\"thumbnailUrl\":\"https:\\\/\\\/digital58.com.ve\\\/site\\\/wp-content\\\/uploads\\\/2023\\\/05\\\/karina-10.jpg\",\"keywords\":[\"11.11 Tour\",\"Barquisimeto\",\"Cantantes\",\"Caracas\",\"Dani Barranco\",\"Entretenimiento\",\"Espect\u00e1culos\",\"Far\u00e1ndula\",\"Jerem\u00edas\",\"Karina\",\"Maracay\",\"M\u00fasica\",\"Nacionales\",\"Venezuela\"],\"articleSection\":[\"Fama\"],\"inLanguage\":\"es\",\"potentialAction\":[{\"@type\":\"CommentAction\",\"name\":\"Comment\",\"target\":[\"https:\\\/\\\/digital58.com.ve\\\/site\\\/2023\\\/06\\\/08\\\/karina-supera-nuevo-record-en-su-carrera\\\/#respond\"]}]},{\"@type\":\"WebPage\",\"@id\":\"https:\\\/\\\/digital58.com.ve\\\/site\\\/2023\\\/06\\\/08\\\/karina-supera-nuevo-record-en-su-carrera\\\/\",\"url\":\"https:\\\/\\\/digital58.com.ve\\\/site\\\/2023\\\/06\\\/08\\\/karina-supera-nuevo-record-en-su-carrera\\\/\",\"name\":\"Karina supera nuevo record en su carrera\",\"isPartOf\":{\"@id\":\"https:\\\/\\\/digital58.com.ve\\\/site\\\/#website\"},\"primaryImageOfPage\":{\"@id\":\"https:\\\/\\\/digital58.com.ve\\\/site\\\/2023\\\/06\\\/08\\\/karina-supera-nuevo-record-en-su-carrera\\\/#primaryimage\"},\"image\":{\"@id\":\"https:\\\/\\\/digital58.com.ve\\\/site\\\/2023\\\/06\\\/08\\\/karina-supera-nuevo-record-en-su-carrera\\\/#primaryimage\"},\"thumbnailUrl\":\"https:\\\/\\\/digital58.com.ve\\\/site\\\/wp-content\\\/uploads\\\/2023\\\/05\\\/karina-10.jpg\",\"datePublished\":\"2023-06-08T15:27:56+00:00\",\"dateModified\":\"2023-06-08T22:20:04+00:00\",\"breadcrumb\":{\"@id\":\"https:\\\/\\\/digital58.com.ve\\\/site\\\/2023\\\/06\\\/08\\\/karina-supera-nuevo-record-en-su-carrera\\\/#breadcrumb\"},\"inLanguage\":\"es\",\"potentialAction\":[{\"@type\":\"ReadAction\",\"target\":[\"https:\\\/\\\/digital58.com.ve\\\/site\\\/2023\\\/06\\\/08\\\/karina-supera-nuevo-record-en-su-carrera\\\/\"]}]},{\"@type\":\"ImageObject\",\"inLanguage\":\"es\",\"@id\":\"https:\\\/\\\/digital58.com.ve\\\/site\\\/2023\\\/06\\\/08\\\/karina-supera-nuevo-record-en-su-carrera\\\/#primaryimage\",\"url\":\"https:\\\/\\\/digital58.com.ve\\\/site\\\/wp-content\\\/uploads\\\/2023\\\/05\\\/karina-10.jpg\",\"contentUrl\":\"https:\\\/\\\/digital58.com.ve\\\/site\\\/wp-content\\\/uploads\\\/2023\\\/05\\\/karina-10.jpg\",\"width\":800,\"height\":546},{\"@type\":\"BreadcrumbList\",\"@id\":\"https:\\\/\\\/digital58.com.ve\\\/site\\\/2023\\\/06\\\/08\\\/karina-supera-nuevo-record-en-su-carrera\\\/#breadcrumb\",\"itemListElement\":[{\"@type\":\"ListItem\",\"position\":1,\"name\":\"Home\",\"item\":\"https:\\\/\\\/digital58.com.ve\\\/site\\\/\"},{\"@type\":\"ListItem\",\"position\":2,\"name\":\"Karina supera nuevo record en su carrera\"}]},{\"@type\":\"WebSite\",\"@id\":\"https:\\\/\\\/digital58.com.ve\\\/site\\\/#website\",\"url\":\"https:\\\/\\\/digital58.com.ve\\\/site\\\/\",\"name\":\"Noticias Digital58\",\"description\":\"Portal de Noticias \u00a1Periodismo web de verdad! Lanzamiento web 22.11.2005 \\\/ Maracaibo, Venezuela\",\"publisher\":{\"@id\":\"https:\\\/\\\/digital58.com.ve\\\/site\\\/#\\\/schema\\\/person\\\/64d1c2e4d0d4fd1b849980c4331c2951\"},\"alternateName\":\"ND58\",\"potentialAction\":[{\"@type\":\"SearchAction\",\"target\":{\"@type\":\"EntryPoint\",\"urlTemplate\":\"https:\\\/\\\/digital58.com.ve\\\/site\\\/?s={search_term_string}\"},\"query-input\":{\"@type\":\"PropertyValueSpecification\",\"valueRequired\":true,\"valueName\":\"search_term_string\"}}],\"inLanguage\":\"es\"},{\"@type\":[\"Person\",\"Organization\"],\"@id\":\"https:\\\/\\\/digital58.com.ve\\\/site\\\/#\\\/schema\\\/person\\\/64d1c2e4d0d4fd1b849980c4331c2951\",\"name\":\"Villasmil Henry\",\"image\":{\"@type\":\"ImageObject\",\"inLanguage\":\"es\",\"@id\":\"https:\\\/\\\/secure.gravatar.com\\\/avatar\\\/bb0c4a2fcb7970138239f7e404ea75757b1b507b28b5ce4c53fbd62d797c5a7c?s=96&d=mm&r=g\",\"url\":\"https:\\\/\\\/secure.gravatar.com\\\/avatar\\\/bb0c4a2fcb7970138239f7e404ea75757b1b507b28b5ce4c53fbd62d797c5a7c?s=96&d=mm&r=g\",\"contentUrl\":\"https:\\\/\\\/secure.gravatar.com\\\/avatar\\\/bb0c4a2fcb7970138239f7e404ea75757b1b507b28b5ce4c53fbd62d797c5a7c?s=96&d=mm&r=g\",\"caption\":\"Villasmil Henry\"},\"logo\":{\"@id\":\"https:\\\/\\\/secure.gravatar.com\\\/avatar\\\/bb0c4a2fcb7970138239f7e404ea75757b1b507b28b5ce4c53fbd62d797c5a7c?s=96&d=mm&r=g\"},\"sameAs\":[\"http:\\\/\\\/www.henryvillasmil.com.ve\",\"https:\\\/\\\/www.instagram.com\\\/villasmilhfoto\\\/\",\"https:\\\/\\\/x.com\\\/https:\\\/\\\/twitter.com\\\/villasmilhfoto\"]},{\"@type\":\"Person\",\"@id\":\"https:\\\/\\\/digital58.com.ve\\\/site\\\/#\\\/schema\\\/person\\\/38596b127602deaa13fbcd7585635238\",\"name\":\"Caren A\u00f1ez\",\"image\":{\"@type\":\"ImageObject\",\"inLanguage\":\"es\",\"@id\":\"https:\\\/\\\/secure.gravatar.com\\\/avatar\\\/53aadd693aa414991c9ff2f2b19c39be94d2c342463b80f5402d344911bc9782?s=96&d=mm&r=g\",\"url\":\"https:\\\/\\\/secure.gravatar.com\\\/avatar\\\/53aadd693aa414991c9ff2f2b19c39be94d2c342463b80f5402d344911bc9782?s=96&d=mm&r=g\",\"contentUrl\":\"https:\\\/\\\/secure.gravatar.com\\\/avatar\\\/53aadd693aa414991c9ff2f2b19c39be94d2c342463b80f5402d344911bc9782?s=96&d=mm&r=g\",\"caption\":\"Caren A\u00f1ez\"},\"description\":\"\ud83d\udc69\u200d\ud83c\udfa4Editora en @digital_58 \ud83d\udc69\ud83c\udffb\u200d\ud83c\udfebPeriodista musical y de entretenimiento. \ud83d\udcf8Fotografa \ud83d\udc69\ud83c\udffb\u200d\ud83d\udcbbMedia Management. \ud83d\udc69\u200d\ud83d\udc67\u200d\ud83d\udc67AspieMon 24\\\/7\",\"sameAs\":[\"https:\\\/\\\/www.instagram.com\\\/carenanez\\\/\",\"https:\\\/\\\/x.com\\\/carenanez\"],\"url\":\"https:\\\/\\\/digital58.com.ve\\\/site\\\/author\\\/carena21\\\/\"}]}<\/script>\n<!-- \/ Yoast SEO plugin. -->","yoast_head_json":{"title":"Karina supera nuevo record en su carrera","robots":{"index":"index","follow":"follow","max-snippet":"max-snippet:-1","max-image-preview":"max-image-preview:large","max-video-preview":"max-video-preview:-1"},"canonical":"https:\/\/digital58.com.ve\/site\/2023\/06\/08\/karina-supera-nuevo-record-en-su-carrera\/","og_locale":"es_ES","og_type":"article","og_title":"Karina supera nuevo record en su carrera","og_url":"https:\/\/digital58.com.ve\/site\/2023\/06\/08\/karina-supera-nuevo-record-en-su-carrera\/","og_site_name":"Noticias Digital58","article_published_time":"2023-06-08T15:27:56+00:00","article_modified_time":"2023-06-08T22:20:04+00:00","og_image":[{"width":800,"height":546,"url":"https:\/\/i0.wp.com\/digital58.com.ve\/site\/wp-content\/uploads\/2023\/05\/karina-10.jpg?fit=800%2C546&ssl=1","type":"image\/jpeg"}],"author":"Caren A\u00f1ez","twitter_card":"summary_large_image","twitter_creator":"@carenanez","twitter_site":"@villasmilhfoto","twitter_misc":{"Escrito por":"Caren A\u00f1ez","Tiempo estimado de lectura":"2 minutos"},"schema":{"@context":"https:\/\/schema.org","@graph":[{"@type":"Article","@id":"https:\/\/digital58.com.ve\/site\/2023\/06\/08\/karina-supera-nuevo-record-en-su-carrera\/#article","isPartOf":{"@id":"https:\/\/digital58.com.ve\/site\/2023\/06\/08\/karina-supera-nuevo-record-en-su-carrera\/"},"author":{"name":"Caren A\u00f1ez","@id":"https:\/\/digital58.com.ve\/site\/#\/schema\/person\/38596b127602deaa13fbcd7585635238"},"headline":"Karina supera nuevo record en su carrera","datePublished":"2023-06-08T15:27:56+00:00","dateModified":"2023-06-08T22:20:04+00:00","mainEntityOfPage":{"@id":"https:\/\/digital58.com.ve\/site\/2023\/06\/08\/karina-supera-nuevo-record-en-su-carrera\/"},"wordCount":320,"commentCount":0,"publisher":{"@id":"https:\/\/digital58.com.ve\/site\/#\/schema\/person\/64d1c2e4d0d4fd1b849980c4331c2951"},"image":{"@id":"https:\/\/digital58.com.ve\/site\/2023\/06\/08\/karina-supera-nuevo-record-en-su-carrera\/#primaryimage"},"thumbnailUrl":"https:\/\/digital58.com.ve\/site\/wp-content\/uploads\/2023\/05\/karina-10.jpg","keywords":["11.11 Tour","Barquisimeto","Cantantes","Caracas","Dani Barranco","Entretenimiento","Espect\u00e1culos","Far\u00e1ndula","Jerem\u00edas","Karina","Maracay","M\u00fasica","Nacionales","Venezuela"],"articleSection":["Fama"],"inLanguage":"es","potentialAction":[{"@type":"CommentAction","name":"Comment","target":["https:\/\/digital58.com.ve\/site\/2023\/06\/08\/karina-supera-nuevo-record-en-su-carrera\/#respond"]}]},{"@type":"WebPage","@id":"https:\/\/digital58.com.ve\/site\/2023\/06\/08\/karina-supera-nuevo-record-en-su-carrera\/","url":"https:\/\/digital58.com.ve\/site\/2023\/06\/08\/karina-supera-nuevo-record-en-su-carrera\/","name":"Karina supera nuevo record en su carrera","isPartOf":{"@id":"https:\/\/digital58.com.ve\/site\/#website"},"primaryImageOfPage":{"@id":"https:\/\/digital58.com.ve\/site\/2023\/06\/08\/karina-supera-nuevo-record-en-su-carrera\/#primaryimage"},"image":{"@id":"https:\/\/digital58.com.ve\/site\/2023\/06\/08\/karina-supera-nuevo-record-en-su-carrera\/#primaryimage"},"thumbnailUrl":"https:\/\/digital58.com.ve\/site\/wp-content\/uploads\/2023\/05\/karina-10.jpg","datePublished":"2023-06-08T15:27:56+00:00","dateModified":"2023-06-08T22:20:04+00:00","breadcrumb":{"@id":"https:\/\/digital58.com.ve\/site\/2023\/06\/08\/karina-supera-nuevo-record-en-su-carrera\/#breadcrumb"},"inLanguage":"es","potentialAction":[{"@type":"ReadAction","target":["https:\/\/digital58.com.ve\/site\/2023\/06\/08\/karina-supera-nuevo-record-en-su-carrera\/"]}]},{"@type":"ImageObject","inLanguage":"es","@id":"https:\/\/digital58.com.ve\/site\/2023\/06\/08\/karina-supera-nuevo-record-en-su-carrera\/#primaryimage","url":"https:\/\/digital58.com.ve\/site\/wp-content\/uploads\/2023\/05\/karina-10.jpg","contentUrl":"https:\/\/digital58.com.ve\/site\/wp-content\/uploads\/2023\/05\/karina-10.jpg","width":800,"height":546},{"@type":"BreadcrumbList","@id":"https:\/\/digital58.com.ve\/site\/2023\/06\/08\/karina-supera-nuevo-record-en-su-carrera\/#breadcrumb","itemListElement":[{"@type":"ListItem","position":1,"name":"Home","item":"https:\/\/digital58.com.ve\/site\/"},{"@type":"ListItem","position":2,"name":"Karina supera nuevo record en su carrera"}]},{"@type":"WebSite","@id":"https:\/\/digital58.com.ve\/site\/#website","url":"https:\/\/digital58.com.ve\/site\/","name":"Noticias Digital58","description":"Portal de Noticias \u00a1Periodismo web de verdad! Lanzamiento web 22.11.2005 \/ Maracaibo, Venezuela","publisher":{"@id":"https:\/\/digital58.com.ve\/site\/#\/schema\/person\/64d1c2e4d0d4fd1b849980c4331c2951"},"alternateName":"ND58","potentialAction":[{"@type":"SearchAction","target":{"@type":"EntryPoint","urlTemplate":"https:\/\/digital58.com.ve\/site\/?s={search_term_string}"},"query-input":{"@type":"PropertyValueSpecification","valueRequired":true,"valueName":"search_term_string"}}],"inLanguage":"es"},{"@type":["Person","Organization"],"@id":"https:\/\/digital58.com.ve\/site\/#\/schema\/person\/64d1c2e4d0d4fd1b849980c4331c2951","name":"Villasmil Henry","image":{"@type":"ImageObject","inLanguage":"es","@id":"https:\/\/secure.gravatar.com\/avatar\/bb0c4a2fcb7970138239f7e404ea75757b1b507b28b5ce4c53fbd62d797c5a7c?s=96&d=mm&r=g","url":"https:\/\/secure.gravatar.com\/avatar\/bb0c4a2fcb7970138239f7e404ea75757b1b507b28b5ce4c53fbd62d797c5a7c?s=96&d=mm&r=g","contentUrl":"https:\/\/secure.gravatar.com\/avatar\/bb0c4a2fcb7970138239f7e404ea75757b1b507b28b5ce4c53fbd62d797c5a7c?s=96&d=mm&r=g","caption":"Villasmil Henry"},"logo":{"@id":"https:\/\/secure.gravatar.com\/avatar\/bb0c4a2fcb7970138239f7e404ea75757b1b507b28b5ce4c53fbd62d797c5a7c?s=96&d=mm&r=g"},"sameAs":["http:\/\/www.henryvillasmil.com.ve","https:\/\/www.instagram.com\/villasmilhfoto\/","https:\/\/x.com\/https:\/\/twitter.com\/villasmilhfoto"]},{"@type":"Person","@id":"https:\/\/digital58.com.ve\/site\/#\/schema\/person\/38596b127602deaa13fbcd7585635238","name":"Caren A\u00f1ez","image":{"@type":"ImageObject","inLanguage":"es","@id":"https:\/\/secure.gravatar.com\/avatar\/53aadd693aa414991c9ff2f2b19c39be94d2c342463b80f5402d344911bc9782?s=96&d=mm&r=g","url":"https:\/\/secure.gravatar.com\/avatar\/53aadd693aa414991c9ff2f2b19c39be94d2c342463b80f5402d344911bc9782?s=96&d=mm&r=g","contentUrl":"https:\/\/secure.gravatar.com\/avatar\/53aadd693aa414991c9ff2f2b19c39be94d2c342463b80f5402d344911bc9782?s=96&d=mm&r=g","caption":"Caren A\u00f1ez"},"description":"\ud83d\udc69\u200d\ud83c\udfa4Editora en @digital_58 \ud83d\udc69\ud83c\udffb\u200d\ud83c\udfebPeriodista musical y de entretenimiento. \ud83d\udcf8Fotografa \ud83d\udc69\ud83c\udffb\u200d\ud83d\udcbbMedia Management. \ud83d\udc69\u200d\ud83d\udc67\u200d\ud83d\udc67AspieMon 24\/7","sameAs":["https:\/\/www.instagram.com\/carenanez\/","https:\/\/x.com\/carenanez"],"url":"https:\/\/digital58.com.ve\/site\/author\/carena21\/"}]}},"uagb_featured_image_src":{"full":["https:\/\/digital58.com.ve\/site\/wp-content\/uploads\/2023\/05\/karina-10.jpg",800,546,false],"thumbnail":["https:\/\/digital58.com.ve\/site\/wp-content\/uploads\/2023\/05\/karina-10-150x150.jpg",150,150,true],"medium":["https:\/\/digital58.com.ve\/site\/wp-content\/uploads\/2023\/05\/karina-10-300x205.jpg",300,205,true],"medium_large":["https:\/\/digital58.com.ve\/site\/wp-content\/uploads\/2023\/05\/karina-10-768x524.jpg",768,524,true],"large":["https:\/\/digital58.com.ve\/site\/wp-content\/uploads\/2023\/05\/karina-10.jpg",800,546,false],"1536x1536":["https:\/\/digital58.com.ve\/site\/wp-content\/uploads\/2023\/05\/karina-10.jpg",800,546,false],"2048x2048":["https:\/\/digital58.com.ve\/site\/wp-content\/uploads\/2023\/05\/karina-10.jpg",800,546,false],"colormag-highlighted-post":["https:\/\/digital58.com.ve\/site\/wp-content\/uploads\/2023\/05\/karina-10-392x272.jpg",392,272,true],"colormag-featured-post-medium":["https:\/\/digital58.com.ve\/site\/wp-content\/uploads\/2023\/05\/karina-10-390x205.jpg",390,205,true],"colormag-featured-post-small":["https:\/\/digital58.com.ve\/site\/wp-content\/uploads\/2023\/05\/karina-10-130x90.jpg",130,90,true],"colormag-featured-image":["https:\/\/digital58.com.ve\/site\/wp-content\/uploads\/2023\/05\/karina-10-800x445.jpg",800,445,true],"colormag-default-news":["https:\/\/digital58.com.ve\/site\/wp-content\/uploads\/2023\/05\/karina-10.jpg",150,102,false],"colormag-featured-image-large":["https:\/\/digital58.com.ve\/site\/wp-content\/uploads\/2023\/05\/karina-10.jpg",800,546,false]},"uagb_author_info":{"display_name":"Caren A\u00f1ez","author_link":"https:\/\/digital58.com.ve\/site\/author\/carena21\/"},"uagb_comment_info":0,"uagb_excerpt":"La querida int\u00e9rprete suma m\u00e1s triunfos a su trayectoria. En esta oportunidad, con ventas de agotados en las taquillas\u00a0 de","_links":{"self":[{"href":"https:\/\/digital58.com.ve\/site\/wp-json\/wp\/v2\/posts\/167480","targetHints":{"allow":["GET"]}}],"collection":[{"href":"https:\/\/digital58.com.ve\/site\/wp-json\/wp\/v2\/posts"}],"about":[{"href":"https:\/\/digital58.com.ve\/site\/wp-json\/wp\/v2\/types\/post"}],"author":[{"embeddable":true,"href":"https:\/\/digital58.com.ve\/site\/wp-json\/wp\/v2\/users\/39"}],"replies":[{"embeddable":true,"href":"https:\/\/digital58.com.ve\/site\/wp-json\/wp\/v2\/comments?post=167480"}],"version-history":[{"count":3,"href":"https:\/\/digital58.com.ve\/site\/wp-json\/wp\/v2\/posts\/167480\/revisions"}],"predecessor-version":[{"id":167486,"href":"https:\/\/digital58.com.ve\/site\/wp-json\/wp\/v2\/posts\/167480\/revisions\/167486"}],"wp:featuredmedia":[{"embeddable":true,"href":"https:\/\/digital58.com.ve\/site\/wp-json\/wp\/v2\/media\/166877"}],"wp:attachment":[{"href":"https:\/\/digital58.com.ve\/site\/wp-json\/wp\/v2\/media?parent=167480"}],"wp:term":[{"taxonomy":"category","embeddable":true,"href":"https:\/\/digital58.com.ve\/site\/wp-json\/wp\/v2\/categories?post=167480"},{"taxonomy":"post_tag","embeddable":true,"href":"https:\/\/digital58.com.ve\/site\/wp-json\/wp\/v2\/tags?post=167480"}],"curies":[{"name":"wp","href":"https:\/\/api.w.org\/{rel}","templated":true}]}}