{"id":167932,"date":"2023-06-16T19:02:23","date_gmt":"2023-06-16T23:02:23","guid":{"rendered":"https:\/\/digital58.com.ve\/site\/?p=167932"},"modified":"2023-06-16T19:02:23","modified_gmt":"2023-06-16T23:02:23","slug":"venezuela-recibe-a-embajador-de-uruguay-luego-de-siete-anos-de-relaciones-disminuidas","status":"publish","type":"post","link":"https:\/\/digital58.com.ve\/site\/2023\/06\/16\/venezuela-recibe-a-embajador-de-uruguay-luego-de-siete-anos-de-relaciones-disminuidas\/","title":{"rendered":"Venezuela recibe a embajador de Uruguay luego de siete a\u00f1os de relaciones disminuidas"},"content":{"rendered":"<p><a href=\"https:\/\/digital58.com.ve\/site\/wp-content\/uploads\/2023\/06\/Fys7AWWX0AAlhv3-768x512-1.jpg\"><img loading=\"lazy\" decoding=\"async\" class=\"aligncenter size-full wp-image-167933\" src=\"https:\/\/digital58.com.ve\/site\/wp-content\/uploads\/2023\/06\/Fys7AWWX0AAlhv3-768x512-1.jpg\" alt=\"\" width=\"768\" height=\"512\" srcset=\"https:\/\/digital58.com.ve\/site\/wp-content\/uploads\/2023\/06\/Fys7AWWX0AAlhv3-768x512-1.jpg 768w, https:\/\/digital58.com.ve\/site\/wp-content\/uploads\/2023\/06\/Fys7AWWX0AAlhv3-768x512-1-300x200.jpg 300w\" sizes=\"auto, (max-width: 768px) 100vw, 768px\" \/><\/a><\/p>\n<p>Uruguay no ten\u00eda embajador en Venezuela desde 2016, cuando el diplom\u00e1tico Jos\u00e9 Mujica abandon\u00f3 el cargo y la Embajada uruguaya en Caracas qued\u00f3 a cargo de un encargado de negocios.<\/p>\n<p><strong>Caracas, DC, Venezuela, 16 de junio de 2023 (ND58).-<\/strong> El presidente de Venezuela, Nicol\u00e1s Maduro, recibi\u00f3 este jueves las cartas credenciales del embajador de Uruguay, Eber da Rosa, luego de siete a\u00f1os de relaciones diplom\u00e1ticas disminuidas, tras el retiro del \u00faltimo diplom\u00e1tico de alto nivel en 2016.<\/p>\n<p>Da Rosa, quien es abogado y pol\u00edtico, fue recibido por el jefe de Estado en el palacio de Miraflores, en Caracas, sede de Gobierno, donde le dio la bienvenida el ministro de Relaciones Exteriores, Yv\u00e1n Gil, en un acto que fue transmitido por el canal estatal Venezolana de Televisi\u00f3n (VTV).<\/p>\n<p>En un comunicado del equipo de prensa de la Presidencia se afirm\u00f3 que la designaci\u00f3n de Da Rosa \u00abmarca un giro en la postura que el Gobierno de Luis Lacalle Pou ha mantenido con respecto a Venezuela, y busca dar un paso importante para elevar las relaciones bilaterales y el di\u00e1logo diplom\u00e1tico entre ambas naciones\u00bb.<\/p>\n<p>La decisi\u00f3n de restablecer la figura de embajador en Caracas fue tomada por el Gobierno uruguayo en noviembre de 2022, cuando Lacalle Pou dijo que Venezuela \u00abes una dictadura\u00bb y que su Gobierno no cambi\u00f3 de postura, pese a haber nombrado a un nuevo embajador para el pa\u00eds caribe\u00f1o.<\/p>\n<p>El mandatario asegur\u00f3 entonces que no habr\u00eda un acercamiento bilateral con Venezuela, aunque plante\u00f3 como una posible excepci\u00f3n un v\u00ednculo comercial.<\/p>\n<p><strong>Redacci\u00f3n ND58 | Fuente: EFE<\/strong><br \/>\n<strong>Edici\u00f3n: Villasmil, Henry<\/strong><br \/>\n<strong>Gr\u00e1fica: Cortes\u00eda<\/strong><\/p>\n<p>&nbsp;<\/p><div class=\"kqikx69f1e68a99e2f\" ><p style=\"text-align: center;\"><a href=\"https:\/\/t.me\/noticiasdigital58\" target=\"_blank\" rel=\"noopener\"><img class=\"aligncenter size-full wp-image-125363\" src=\"https:\/\/digital58.com.ve\/site\/wp-content\/uploads\/2021\/04\/banner-telegram-web-2021.png\" alt=\"\" width=\"600\" height=\"90\" \/><\/a><\/p><\/div><style type=\"text\/css\">\r\n@media screen and (min-width: 1201px) {\r\n.kqikx69f1e68a99e2f {\r\ndisplay: block;\r\n}\r\n}\r\n@media screen and (min-width: 993px) and (max-width: 1200px) {\r\n.kqikx69f1e68a99e2f {\r\ndisplay: block;\r\n}\r\n}\r\n@media screen and (min-width: 769px) and (max-width: 992px) {\r\n.kqikx69f1e68a99e2f {\r\ndisplay: block;\r\n}\r\n}\r\n@media screen and (min-width: 768px) and (max-width: 768px) {\r\n.kqikx69f1e68a99e2f {\r\ndisplay: block;\r\n}\r\n}\r\n@media screen and (max-width: 767px) {\r\n.kqikx69f1e68a99e2f {\r\ndisplay: block;\r\n}\r\n}\r\n<\/style>\r\n\n<p>&nbsp;<\/p>\n<div style=\"margin-top: 0px; margin-bottom: 0px;\" class=\"sharethis-inline-share-buttons\" ><\/div>","protected":false},"excerpt":{"rendered":"<p>Uruguay no ten\u00eda embajador en Venezuela desde 2016, cuando el diplom\u00e1tico Jos\u00e9 Mujica abandon\u00f3 el cargo y la Embajada uruguaya<\/p>\n","protected":false},"author":1,"featured_media":167933,"comment_status":"open","ping_status":"closed","sticky":false,"template":"","format":"standard","meta":{"colormag_page_container_layout":"default_layout","colormag_page_sidebar_layout":"default_layout","_uag_custom_page_level_css":"","footnotes":""},"categories":[8610],"tags":[31843,31844,233,14182,23455,37,32],"class_list":["post-167932","post","type-post","status-publish","format-standard","has-post-thumbnail","hentry","category-politica","tag-eber-da-rosa","tag-embajador-de-uruguay","tag-nacionales","tag-nicolas-maduro-moros","tag-relaciones-diplomaticas","tag-uruguay","tag-venezuela"],"yoast_head":"<!-- This site is optimized with the Yoast SEO plugin v27.5 - https:\/\/yoast.com\/product\/yoast-seo-wordpress\/ -->\n<title>Venezuela recibe a embajador de Uruguay luego de siete a\u00f1os de relaciones disminuidas<\/title>\n<meta name=\"robots\" content=\"index, follow, max-snippet:-1, max-image-preview:large, max-video-preview:-1\" \/>\n<link rel=\"canonical\" href=\"https:\/\/digital58.com.ve\/site\/2023\/06\/16\/venezuela-recibe-a-embajador-de-uruguay-luego-de-siete-anos-de-relaciones-disminuidas\/\" \/>\n<meta property=\"og:locale\" content=\"es_ES\" \/>\n<meta property=\"og:type\" content=\"article\" \/>\n<meta property=\"og:title\" content=\"Venezuela recibe a embajador de Uruguay luego de siete a\u00f1os de relaciones disminuidas\" \/>\n<meta property=\"og:url\" content=\"https:\/\/digital58.com.ve\/site\/2023\/06\/16\/venezuela-recibe-a-embajador-de-uruguay-luego-de-siete-anos-de-relaciones-disminuidas\/\" \/>\n<meta property=\"og:site_name\" content=\"Noticias Digital58\" \/>\n<meta property=\"article:published_time\" content=\"2023-06-16T23:02:23+00:00\" \/>\n<meta property=\"og:image\" content=\"https:\/\/i0.wp.com\/digital58.com.ve\/site\/wp-content\/uploads\/2023\/06\/Fys7AWWX0AAlhv3-768x512-1.jpg?fit=768%2C512&ssl=1\" \/>\n\t<meta property=\"og:image:width\" content=\"768\" \/>\n\t<meta property=\"og:image:height\" content=\"512\" \/>\n\t<meta property=\"og:image:type\" content=\"image\/jpeg\" \/>\n<meta name=\"author\" content=\"Villasmil Henry\" \/>\n<meta name=\"twitter:card\" content=\"summary_large_image\" \/>\n<meta name=\"twitter:creator\" content=\"@https:\/\/twitter.com\/villasmilhfoto\" \/>\n<meta name=\"twitter:site\" content=\"@villasmilhfoto\" \/>\n<meta name=\"twitter:label1\" content=\"Escrito por\" \/>\n\t<meta name=\"twitter:data1\" content=\"Villasmil Henry\" \/>\n\t<meta name=\"twitter:label2\" content=\"Tiempo estimado de lectura\" \/>\n\t<meta name=\"twitter:data2\" content=\"1 minuto\" \/>\n<script type=\"application\/ld+json\" class=\"yoast-schema-graph\">{\"@context\":\"https:\\\/\\\/schema.org\",\"@graph\":[{\"@type\":\"Article\",\"@id\":\"https:\\\/\\\/digital58.com.ve\\\/site\\\/2023\\\/06\\\/16\\\/venezuela-recibe-a-embajador-de-uruguay-luego-de-siete-anos-de-relaciones-disminuidas\\\/#article\",\"isPartOf\":{\"@id\":\"https:\\\/\\\/digital58.com.ve\\\/site\\\/2023\\\/06\\\/16\\\/venezuela-recibe-a-embajador-de-uruguay-luego-de-siete-anos-de-relaciones-disminuidas\\\/\"},\"author\":{\"name\":\"Villasmil Henry\",\"@id\":\"https:\\\/\\\/digital58.com.ve\\\/site\\\/#\\\/schema\\\/person\\\/64d1c2e4d0d4fd1b849980c4331c2951\"},\"headline\":\"Venezuela recibe a embajador de Uruguay luego de siete a\u00f1os de relaciones disminuidas\",\"datePublished\":\"2023-06-16T23:02:23+00:00\",\"mainEntityOfPage\":{\"@id\":\"https:\\\/\\\/digital58.com.ve\\\/site\\\/2023\\\/06\\\/16\\\/venezuela-recibe-a-embajador-de-uruguay-luego-de-siete-anos-de-relaciones-disminuidas\\\/\"},\"wordCount\":295,\"commentCount\":0,\"publisher\":{\"@id\":\"https:\\\/\\\/digital58.com.ve\\\/site\\\/#\\\/schema\\\/person\\\/64d1c2e4d0d4fd1b849980c4331c2951\"},\"image\":{\"@id\":\"https:\\\/\\\/digital58.com.ve\\\/site\\\/2023\\\/06\\\/16\\\/venezuela-recibe-a-embajador-de-uruguay-luego-de-siete-anos-de-relaciones-disminuidas\\\/#primaryimage\"},\"thumbnailUrl\":\"https:\\\/\\\/digital58.com.ve\\\/site\\\/wp-content\\\/uploads\\\/2023\\\/06\\\/Fys7AWWX0AAlhv3-768x512-1.jpg\",\"keywords\":[\"Eber da Rosa\",\"Embajador de Uruguay\",\"Nacionales\",\"Nicol\u00e1s Maduro Moros\",\"Relaciones diplom\u00e1ticas\",\"Uruguay\",\"Venezuela\"],\"articleSection\":[\"Pol\u00edtica\"],\"inLanguage\":\"es\",\"potentialAction\":[{\"@type\":\"CommentAction\",\"name\":\"Comment\",\"target\":[\"https:\\\/\\\/digital58.com.ve\\\/site\\\/2023\\\/06\\\/16\\\/venezuela-recibe-a-embajador-de-uruguay-luego-de-siete-anos-de-relaciones-disminuidas\\\/#respond\"]}]},{\"@type\":\"WebPage\",\"@id\":\"https:\\\/\\\/digital58.com.ve\\\/site\\\/2023\\\/06\\\/16\\\/venezuela-recibe-a-embajador-de-uruguay-luego-de-siete-anos-de-relaciones-disminuidas\\\/\",\"url\":\"https:\\\/\\\/digital58.com.ve\\\/site\\\/2023\\\/06\\\/16\\\/venezuela-recibe-a-embajador-de-uruguay-luego-de-siete-anos-de-relaciones-disminuidas\\\/\",\"name\":\"Venezuela recibe a embajador de Uruguay luego de siete a\u00f1os de relaciones disminuidas\",\"isPartOf\":{\"@id\":\"https:\\\/\\\/digital58.com.ve\\\/site\\\/#website\"},\"primaryImageOfPage\":{\"@id\":\"https:\\\/\\\/digital58.com.ve\\\/site\\\/2023\\\/06\\\/16\\\/venezuela-recibe-a-embajador-de-uruguay-luego-de-siete-anos-de-relaciones-disminuidas\\\/#primaryimage\"},\"image\":{\"@id\":\"https:\\\/\\\/digital58.com.ve\\\/site\\\/2023\\\/06\\\/16\\\/venezuela-recibe-a-embajador-de-uruguay-luego-de-siete-anos-de-relaciones-disminuidas\\\/#primaryimage\"},\"thumbnailUrl\":\"https:\\\/\\\/digital58.com.ve\\\/site\\\/wp-content\\\/uploads\\\/2023\\\/06\\\/Fys7AWWX0AAlhv3-768x512-1.jpg\",\"datePublished\":\"2023-06-16T23:02:23+00:00\",\"breadcrumb\":{\"@id\":\"https:\\\/\\\/digital58.com.ve\\\/site\\\/2023\\\/06\\\/16\\\/venezuela-recibe-a-embajador-de-uruguay-luego-de-siete-anos-de-relaciones-disminuidas\\\/#breadcrumb\"},\"inLanguage\":\"es\",\"potentialAction\":[{\"@type\":\"ReadAction\",\"target\":[\"https:\\\/\\\/digital58.com.ve\\\/site\\\/2023\\\/06\\\/16\\\/venezuela-recibe-a-embajador-de-uruguay-luego-de-siete-anos-de-relaciones-disminuidas\\\/\"]}]},{\"@type\":\"ImageObject\",\"inLanguage\":\"es\",\"@id\":\"https:\\\/\\\/digital58.com.ve\\\/site\\\/2023\\\/06\\\/16\\\/venezuela-recibe-a-embajador-de-uruguay-luego-de-siete-anos-de-relaciones-disminuidas\\\/#primaryimage\",\"url\":\"https:\\\/\\\/digital58.com.ve\\\/site\\\/wp-content\\\/uploads\\\/2023\\\/06\\\/Fys7AWWX0AAlhv3-768x512-1.jpg\",\"contentUrl\":\"https:\\\/\\\/digital58.com.ve\\\/site\\\/wp-content\\\/uploads\\\/2023\\\/06\\\/Fys7AWWX0AAlhv3-768x512-1.jpg\",\"width\":768,\"height\":512},{\"@type\":\"BreadcrumbList\",\"@id\":\"https:\\\/\\\/digital58.com.ve\\\/site\\\/2023\\\/06\\\/16\\\/venezuela-recibe-a-embajador-de-uruguay-luego-de-siete-anos-de-relaciones-disminuidas\\\/#breadcrumb\",\"itemListElement\":[{\"@type\":\"ListItem\",\"position\":1,\"name\":\"Home\",\"item\":\"https:\\\/\\\/digital58.com.ve\\\/site\\\/\"},{\"@type\":\"ListItem\",\"position\":2,\"name\":\"Venezuela recibe a embajador de Uruguay luego de siete a\u00f1os de relaciones disminuidas\"}]},{\"@type\":\"WebSite\",\"@id\":\"https:\\\/\\\/digital58.com.ve\\\/site\\\/#website\",\"url\":\"https:\\\/\\\/digital58.com.ve\\\/site\\\/\",\"name\":\"Noticias Digital58\",\"description\":\"Portal de Noticias \u00a1Periodismo web de verdad! Lanzamiento web 22.11.2005 \\\/ Maracaibo, Venezuela\",\"publisher\":{\"@id\":\"https:\\\/\\\/digital58.com.ve\\\/site\\\/#\\\/schema\\\/person\\\/64d1c2e4d0d4fd1b849980c4331c2951\"},\"alternateName\":\"ND58\",\"potentialAction\":[{\"@type\":\"SearchAction\",\"target\":{\"@type\":\"EntryPoint\",\"urlTemplate\":\"https:\\\/\\\/digital58.com.ve\\\/site\\\/?s={search_term_string}\"},\"query-input\":{\"@type\":\"PropertyValueSpecification\",\"valueRequired\":true,\"valueName\":\"search_term_string\"}}],\"inLanguage\":\"es\"},{\"@type\":[\"Person\",\"Organization\"],\"@id\":\"https:\\\/\\\/digital58.com.ve\\\/site\\\/#\\\/schema\\\/person\\\/64d1c2e4d0d4fd1b849980c4331c2951\",\"name\":\"Villasmil Henry\",\"image\":{\"@type\":\"ImageObject\",\"inLanguage\":\"es\",\"@id\":\"https:\\\/\\\/secure.gravatar.com\\\/avatar\\\/bb0c4a2fcb7970138239f7e404ea75757b1b507b28b5ce4c53fbd62d797c5a7c?s=96&d=mm&r=g\",\"url\":\"https:\\\/\\\/secure.gravatar.com\\\/avatar\\\/bb0c4a2fcb7970138239f7e404ea75757b1b507b28b5ce4c53fbd62d797c5a7c?s=96&d=mm&r=g\",\"contentUrl\":\"https:\\\/\\\/secure.gravatar.com\\\/avatar\\\/bb0c4a2fcb7970138239f7e404ea75757b1b507b28b5ce4c53fbd62d797c5a7c?s=96&d=mm&r=g\",\"caption\":\"Villasmil Henry\"},\"logo\":{\"@id\":\"https:\\\/\\\/secure.gravatar.com\\\/avatar\\\/bb0c4a2fcb7970138239f7e404ea75757b1b507b28b5ce4c53fbd62d797c5a7c?s=96&d=mm&r=g\"},\"sameAs\":[\"http:\\\/\\\/www.henryvillasmil.com.ve\",\"https:\\\/\\\/www.instagram.com\\\/villasmilhfoto\\\/\",\"https:\\\/\\\/x.com\\\/https:\\\/\\\/twitter.com\\\/villasmilhfoto\"],\"url\":\"https:\\\/\\\/digital58.com.ve\\\/site\\\/author\\\/droopy_68\\\/\"}]}<\/script>\n<!-- \/ Yoast SEO plugin. -->","yoast_head_json":{"title":"Venezuela recibe a embajador de Uruguay luego de siete a\u00f1os de relaciones disminuidas","robots":{"index":"index","follow":"follow","max-snippet":"max-snippet:-1","max-image-preview":"max-image-preview:large","max-video-preview":"max-video-preview:-1"},"canonical":"https:\/\/digital58.com.ve\/site\/2023\/06\/16\/venezuela-recibe-a-embajador-de-uruguay-luego-de-siete-anos-de-relaciones-disminuidas\/","og_locale":"es_ES","og_type":"article","og_title":"Venezuela recibe a embajador de Uruguay luego de siete a\u00f1os de relaciones disminuidas","og_url":"https:\/\/digital58.com.ve\/site\/2023\/06\/16\/venezuela-recibe-a-embajador-de-uruguay-luego-de-siete-anos-de-relaciones-disminuidas\/","og_site_name":"Noticias Digital58","article_published_time":"2023-06-16T23:02:23+00:00","og_image":[{"width":768,"height":512,"url":"https:\/\/i0.wp.com\/digital58.com.ve\/site\/wp-content\/uploads\/2023\/06\/Fys7AWWX0AAlhv3-768x512-1.jpg?fit=768%2C512&ssl=1","type":"image\/jpeg"}],"author":"Villasmil Henry","twitter_card":"summary_large_image","twitter_creator":"@https:\/\/twitter.com\/villasmilhfoto","twitter_site":"@villasmilhfoto","twitter_misc":{"Escrito por":"Villasmil Henry","Tiempo estimado de lectura":"1 minuto"},"schema":{"@context":"https:\/\/schema.org","@graph":[{"@type":"Article","@id":"https:\/\/digital58.com.ve\/site\/2023\/06\/16\/venezuela-recibe-a-embajador-de-uruguay-luego-de-siete-anos-de-relaciones-disminuidas\/#article","isPartOf":{"@id":"https:\/\/digital58.com.ve\/site\/2023\/06\/16\/venezuela-recibe-a-embajador-de-uruguay-luego-de-siete-anos-de-relaciones-disminuidas\/"},"author":{"name":"Villasmil Henry","@id":"https:\/\/digital58.com.ve\/site\/#\/schema\/person\/64d1c2e4d0d4fd1b849980c4331c2951"},"headline":"Venezuela recibe a embajador de Uruguay luego de siete a\u00f1os de relaciones disminuidas","datePublished":"2023-06-16T23:02:23+00:00","mainEntityOfPage":{"@id":"https:\/\/digital58.com.ve\/site\/2023\/06\/16\/venezuela-recibe-a-embajador-de-uruguay-luego-de-siete-anos-de-relaciones-disminuidas\/"},"wordCount":295,"commentCount":0,"publisher":{"@id":"https:\/\/digital58.com.ve\/site\/#\/schema\/person\/64d1c2e4d0d4fd1b849980c4331c2951"},"image":{"@id":"https:\/\/digital58.com.ve\/site\/2023\/06\/16\/venezuela-recibe-a-embajador-de-uruguay-luego-de-siete-anos-de-relaciones-disminuidas\/#primaryimage"},"thumbnailUrl":"https:\/\/digital58.com.ve\/site\/wp-content\/uploads\/2023\/06\/Fys7AWWX0AAlhv3-768x512-1.jpg","keywords":["Eber da Rosa","Embajador de Uruguay","Nacionales","Nicol\u00e1s Maduro Moros","Relaciones diplom\u00e1ticas","Uruguay","Venezuela"],"articleSection":["Pol\u00edtica"],"inLanguage":"es","potentialAction":[{"@type":"CommentAction","name":"Comment","target":["https:\/\/digital58.com.ve\/site\/2023\/06\/16\/venezuela-recibe-a-embajador-de-uruguay-luego-de-siete-anos-de-relaciones-disminuidas\/#respond"]}]},{"@type":"WebPage","@id":"https:\/\/digital58.com.ve\/site\/2023\/06\/16\/venezuela-recibe-a-embajador-de-uruguay-luego-de-siete-anos-de-relaciones-disminuidas\/","url":"https:\/\/digital58.com.ve\/site\/2023\/06\/16\/venezuela-recibe-a-embajador-de-uruguay-luego-de-siete-anos-de-relaciones-disminuidas\/","name":"Venezuela recibe a embajador de Uruguay luego de siete a\u00f1os de relaciones disminuidas","isPartOf":{"@id":"https:\/\/digital58.com.ve\/site\/#website"},"primaryImageOfPage":{"@id":"https:\/\/digital58.com.ve\/site\/2023\/06\/16\/venezuela-recibe-a-embajador-de-uruguay-luego-de-siete-anos-de-relaciones-disminuidas\/#primaryimage"},"image":{"@id":"https:\/\/digital58.com.ve\/site\/2023\/06\/16\/venezuela-recibe-a-embajador-de-uruguay-luego-de-siete-anos-de-relaciones-disminuidas\/#primaryimage"},"thumbnailUrl":"https:\/\/digital58.com.ve\/site\/wp-content\/uploads\/2023\/06\/Fys7AWWX0AAlhv3-768x512-1.jpg","datePublished":"2023-06-16T23:02:23+00:00","breadcrumb":{"@id":"https:\/\/digital58.com.ve\/site\/2023\/06\/16\/venezuela-recibe-a-embajador-de-uruguay-luego-de-siete-anos-de-relaciones-disminuidas\/#breadcrumb"},"inLanguage":"es","potentialAction":[{"@type":"ReadAction","target":["https:\/\/digital58.com.ve\/site\/2023\/06\/16\/venezuela-recibe-a-embajador-de-uruguay-luego-de-siete-anos-de-relaciones-disminuidas\/"]}]},{"@type":"ImageObject","inLanguage":"es","@id":"https:\/\/digital58.com.ve\/site\/2023\/06\/16\/venezuela-recibe-a-embajador-de-uruguay-luego-de-siete-anos-de-relaciones-disminuidas\/#primaryimage","url":"https:\/\/digital58.com.ve\/site\/wp-content\/uploads\/2023\/06\/Fys7AWWX0AAlhv3-768x512-1.jpg","contentUrl":"https:\/\/digital58.com.ve\/site\/wp-content\/uploads\/2023\/06\/Fys7AWWX0AAlhv3-768x512-1.jpg","width":768,"height":512},{"@type":"BreadcrumbList","@id":"https:\/\/digital58.com.ve\/site\/2023\/06\/16\/venezuela-recibe-a-embajador-de-uruguay-luego-de-siete-anos-de-relaciones-disminuidas\/#breadcrumb","itemListElement":[{"@type":"ListItem","position":1,"name":"Home","item":"https:\/\/digital58.com.ve\/site\/"},{"@type":"ListItem","position":2,"name":"Venezuela recibe a embajador de Uruguay luego de siete a\u00f1os de relaciones disminuidas"}]},{"@type":"WebSite","@id":"https:\/\/digital58.com.ve\/site\/#website","url":"https:\/\/digital58.com.ve\/site\/","name":"Noticias Digital58","description":"Portal de Noticias \u00a1Periodismo web de verdad! Lanzamiento web 22.11.2005 \/ Maracaibo, Venezuela","publisher":{"@id":"https:\/\/digital58.com.ve\/site\/#\/schema\/person\/64d1c2e4d0d4fd1b849980c4331c2951"},"alternateName":"ND58","potentialAction":[{"@type":"SearchAction","target":{"@type":"EntryPoint","urlTemplate":"https:\/\/digital58.com.ve\/site\/?s={search_term_string}"},"query-input":{"@type":"PropertyValueSpecification","valueRequired":true,"valueName":"search_term_string"}}],"inLanguage":"es"},{"@type":["Person","Organization"],"@id":"https:\/\/digital58.com.ve\/site\/#\/schema\/person\/64d1c2e4d0d4fd1b849980c4331c2951","name":"Villasmil Henry","image":{"@type":"ImageObject","inLanguage":"es","@id":"https:\/\/secure.gravatar.com\/avatar\/bb0c4a2fcb7970138239f7e404ea75757b1b507b28b5ce4c53fbd62d797c5a7c?s=96&d=mm&r=g","url":"https:\/\/secure.gravatar.com\/avatar\/bb0c4a2fcb7970138239f7e404ea75757b1b507b28b5ce4c53fbd62d797c5a7c?s=96&d=mm&r=g","contentUrl":"https:\/\/secure.gravatar.com\/avatar\/bb0c4a2fcb7970138239f7e404ea75757b1b507b28b5ce4c53fbd62d797c5a7c?s=96&d=mm&r=g","caption":"Villasmil Henry"},"logo":{"@id":"https:\/\/secure.gravatar.com\/avatar\/bb0c4a2fcb7970138239f7e404ea75757b1b507b28b5ce4c53fbd62d797c5a7c?s=96&d=mm&r=g"},"sameAs":["http:\/\/www.henryvillasmil.com.ve","https:\/\/www.instagram.com\/villasmilhfoto\/","https:\/\/x.com\/https:\/\/twitter.com\/villasmilhfoto"],"url":"https:\/\/digital58.com.ve\/site\/author\/droopy_68\/"}]}},"uagb_featured_image_src":{"full":["https:\/\/digital58.com.ve\/site\/wp-content\/uploads\/2023\/06\/Fys7AWWX0AAlhv3-768x512-1.jpg",768,512,false],"thumbnail":["https:\/\/digital58.com.ve\/site\/wp-content\/uploads\/2023\/06\/Fys7AWWX0AAlhv3-768x512-1-150x150.jpg",150,150,true],"medium":["https:\/\/digital58.com.ve\/site\/wp-content\/uploads\/2023\/06\/Fys7AWWX0AAlhv3-768x512-1-300x200.jpg",300,200,true],"medium_large":["https:\/\/digital58.com.ve\/site\/wp-content\/uploads\/2023\/06\/Fys7AWWX0AAlhv3-768x512-1.jpg",768,512,false],"large":["https:\/\/digital58.com.ve\/site\/wp-content\/uploads\/2023\/06\/Fys7AWWX0AAlhv3-768x512-1.jpg",768,512,false],"1536x1536":["https:\/\/digital58.com.ve\/site\/wp-content\/uploads\/2023\/06\/Fys7AWWX0AAlhv3-768x512-1.jpg",768,512,false],"2048x2048":["https:\/\/digital58.com.ve\/site\/wp-content\/uploads\/2023\/06\/Fys7AWWX0AAlhv3-768x512-1.jpg",768,512,false],"colormag-highlighted-post":["https:\/\/digital58.com.ve\/site\/wp-content\/uploads\/2023\/06\/Fys7AWWX0AAlhv3-768x512-1-392x272.jpg",392,272,true],"colormag-featured-post-medium":["https:\/\/digital58.com.ve\/site\/wp-content\/uploads\/2023\/06\/Fys7AWWX0AAlhv3-768x512-1-390x205.jpg",390,205,true],"colormag-featured-post-small":["https:\/\/digital58.com.ve\/site\/wp-content\/uploads\/2023\/06\/Fys7AWWX0AAlhv3-768x512-1-130x90.jpg",130,90,true],"colormag-featured-image":["https:\/\/digital58.com.ve\/site\/wp-content\/uploads\/2023\/06\/Fys7AWWX0AAlhv3-768x512-1-768x445.jpg",768,445,true],"colormag-default-news":["https:\/\/digital58.com.ve\/site\/wp-content\/uploads\/2023\/06\/Fys7AWWX0AAlhv3-768x512-1-150x150.jpg",150,150,true],"colormag-featured-image-large":["https:\/\/digital58.com.ve\/site\/wp-content\/uploads\/2023\/06\/Fys7AWWX0AAlhv3-768x512-1.jpg",768,512,false]},"uagb_author_info":{"display_name":"Villasmil Henry","author_link":"https:\/\/digital58.com.ve\/site\/author\/droopy_68\/"},"uagb_comment_info":0,"uagb_excerpt":"Uruguay no ten\u00eda embajador en Venezuela desde 2016, cuando el diplom\u00e1tico Jos\u00e9 Mujica abandon\u00f3 el cargo y la Embajada uruguaya","_links":{"self":[{"href":"https:\/\/digital58.com.ve\/site\/wp-json\/wp\/v2\/posts\/167932","targetHints":{"allow":["GET"]}}],"collection":[{"href":"https:\/\/digital58.com.ve\/site\/wp-json\/wp\/v2\/posts"}],"about":[{"href":"https:\/\/digital58.com.ve\/site\/wp-json\/wp\/v2\/types\/post"}],"author":[{"embeddable":true,"href":"https:\/\/digital58.com.ve\/site\/wp-json\/wp\/v2\/users\/1"}],"replies":[{"embeddable":true,"href":"https:\/\/digital58.com.ve\/site\/wp-json\/wp\/v2\/comments?post=167932"}],"version-history":[{"count":1,"href":"https:\/\/digital58.com.ve\/site\/wp-json\/wp\/v2\/posts\/167932\/revisions"}],"predecessor-version":[{"id":167934,"href":"https:\/\/digital58.com.ve\/site\/wp-json\/wp\/v2\/posts\/167932\/revisions\/167934"}],"wp:featuredmedia":[{"embeddable":true,"href":"https:\/\/digital58.com.ve\/site\/wp-json\/wp\/v2\/media\/167933"}],"wp:attachment":[{"href":"https:\/\/digital58.com.ve\/site\/wp-json\/wp\/v2\/media?parent=167932"}],"wp:term":[{"taxonomy":"category","embeddable":true,"href":"https:\/\/digital58.com.ve\/site\/wp-json\/wp\/v2\/categories?post=167932"},{"taxonomy":"post_tag","embeddable":true,"href":"https:\/\/digital58.com.ve\/site\/wp-json\/wp\/v2\/tags?post=167932"}],"curies":[{"name":"wp","href":"https:\/\/api.w.org\/{rel}","templated":true}]}}