{"id":167949,"date":"2023-06-19T20:26:07","date_gmt":"2023-06-20T00:26:07","guid":{"rendered":"https:\/\/digital58.com.ve\/site\/?p=167949"},"modified":"2023-06-19T22:36:10","modified_gmt":"2023-06-20T02:36:10","slug":"ismael-cala-en-maracaibo-el-destino-es-una-eleccion","status":"publish","type":"post","link":"https:\/\/digital58.com.ve\/site\/2023\/06\/19\/ismael-cala-en-maracaibo-el-destino-es-una-eleccion\/","title":{"rendered":"Ismael Cala en Maracaibo: \u00abEl destino es una elecci\u00f3n\u00bb"},"content":{"rendered":"<p><a href=\"https:\/\/digital58.com.ve\/site\/wp-content\/uploads\/2023\/06\/ismael-cala-6.jpg\"><img loading=\"lazy\" decoding=\"async\" class=\"aligncenter wp-image-167966 size-full\" src=\"https:\/\/digital58.com.ve\/site\/wp-content\/uploads\/2023\/06\/ismael-cala-6.jpg\" alt=\"\" width=\"800\" height=\"574\" srcset=\"https:\/\/digital58.com.ve\/site\/wp-content\/uploads\/2023\/06\/ismael-cala-6.jpg 800w, https:\/\/digital58.com.ve\/site\/wp-content\/uploads\/2023\/06\/ismael-cala-6-300x215.jpg 300w, https:\/\/digital58.com.ve\/site\/wp-content\/uploads\/2023\/06\/ismael-cala-6-768x551.jpg 768w\" sizes=\"auto, (max-width: 800px) 100vw, 800px\" \/><\/a><\/p>\n<p>El comunicador social de origen cubano expuso a los oyentes siete factores para entrenar la propia mente. Dedic\u00f3 el encuentro a Estefany Moreno, a quien conoci\u00f3 el a\u00f1o pasado, meses antes de su partida en su lucha contra el c\u00e1ncer.<\/p>\n<p><strong>Maracaibo, Zulia, Venezuela, 19 de junio de 2023 (ND58).- <a href=\"https:\/\/www.instagram.com\/ismaelcala\/\" target=\"_blank\" rel=\"noopener\">Ismael Cala<\/a><\/strong> colm\u00f3 de emociones la noche de este viernes 16 de junio en Maracaibo (Aula Magna de la URU) con su conferencia-experiencia \u00abManifiesta tu Destino 2023\u00bb, en la cual comparti\u00f3 las claves para vibrar positivamente y alcanzar un destino extraordinario.<\/p>\n<p><a href=\"https:\/\/digital58.com.ve\/site\/wp-content\/uploads\/2023\/06\/ismael-cala-1.jpg\"><img loading=\"lazy\" decoding=\"async\" class=\"aligncenter size-full wp-image-167971\" src=\"https:\/\/digital58.com.ve\/site\/wp-content\/uploads\/2023\/06\/ismael-cala-1.jpg\" alt=\"\" width=\"800\" height=\"533\" srcset=\"https:\/\/digital58.com.ve\/site\/wp-content\/uploads\/2023\/06\/ismael-cala-1.jpg 800w, https:\/\/digital58.com.ve\/site\/wp-content\/uploads\/2023\/06\/ismael-cala-1-300x200.jpg 300w, https:\/\/digital58.com.ve\/site\/wp-content\/uploads\/2023\/06\/ismael-cala-1-768x512.jpg 768w\" sizes=\"auto, (max-width: 800px) 100vw, 800px\" \/><\/a><\/p>\n<p>Cientos de personas recibieron el mensaje y participaron de din\u00e1micas en las cuales no falt\u00f3 la alegr\u00eda y el grato compartir. Cala invit\u00f3 a estar presentes en cuerpo y alma, celebrando el hecho de estar vivo.<\/p>\n<p><a href=\"https:\/\/digital58.com.ve\/site\/wp-content\/uploads\/2023\/06\/ismael-cala-2.jpg\"><img loading=\"lazy\" decoding=\"async\" class=\"aligncenter size-full wp-image-167970\" src=\"https:\/\/digital58.com.ve\/site\/wp-content\/uploads\/2023\/06\/ismael-cala-2.jpg\" alt=\"\" width=\"800\" height=\"533\" srcset=\"https:\/\/digital58.com.ve\/site\/wp-content\/uploads\/2023\/06\/ismael-cala-2.jpg 800w, https:\/\/digital58.com.ve\/site\/wp-content\/uploads\/2023\/06\/ismael-cala-2-300x200.jpg 300w, https:\/\/digital58.com.ve\/site\/wp-content\/uploads\/2023\/06\/ismael-cala-2-768x512.jpg 768w\" sizes=\"auto, (max-width: 800px) 100vw, 800px\" \/><\/a><\/p>\n<p>El conferencista y comunicador, tan apreciado y admirado por el p\u00fablico maracaibero, mencion\u00f3 que entre los factores para tomar las riendas de nuestro presente y futuro est\u00e1n los pensamientos, el c\u00edrculo de influencia, la banda sonora de nuestra vida, lo que consumimos, el entorno, la palabra y la gratitud que manifestamos.<\/p>\n<p><a href=\"https:\/\/digital58.com.ve\/site\/wp-content\/uploads\/2023\/06\/ismael-cala-3.jpg\"><img loading=\"lazy\" decoding=\"async\" class=\"aligncenter size-full wp-image-167969\" src=\"https:\/\/digital58.com.ve\/site\/wp-content\/uploads\/2023\/06\/ismael-cala-3.jpg\" alt=\"\" width=\"800\" height=\"533\" srcset=\"https:\/\/digital58.com.ve\/site\/wp-content\/uploads\/2023\/06\/ismael-cala-3.jpg 800w, https:\/\/digital58.com.ve\/site\/wp-content\/uploads\/2023\/06\/ismael-cala-3-300x200.jpg 300w, https:\/\/digital58.com.ve\/site\/wp-content\/uploads\/2023\/06\/ismael-cala-3-768x512.jpg 768w\" sizes=\"auto, (max-width: 800px) 100vw, 800px\" \/><\/a><\/p>\n<p>Cala dio inicio a la charla al pedirle a los oyentes mirarse a los ojos con una persona que tuvieran a su alrededor. \u00abBusca a tu lado a otro ser humano con quien no llegaste aqu\u00ed; miren a los ojos a esa persona y preg\u00fantenle&#8230; \u00bfEst\u00e1s estre\u00f1ida? \u00bfC\u00f3mo te puedo ayudar a evacuar?\u00bb, con lo cual el p\u00fablico estall\u00f3 en risas y anim\u00f3 a los presentes.<\/p>\n<p><a href=\"https:\/\/digital58.com.ve\/site\/wp-content\/uploads\/2023\/06\/ismael-cala-5.jpg\"><img loading=\"lazy\" decoding=\"async\" class=\"aligncenter size-full wp-image-167967\" src=\"https:\/\/digital58.com.ve\/site\/wp-content\/uploads\/2023\/06\/ismael-cala-5.jpg\" alt=\"\" width=\"800\" height=\"533\" srcset=\"https:\/\/digital58.com.ve\/site\/wp-content\/uploads\/2023\/06\/ismael-cala-5.jpg 800w, https:\/\/digital58.com.ve\/site\/wp-content\/uploads\/2023\/06\/ismael-cala-5-300x200.jpg 300w, https:\/\/digital58.com.ve\/site\/wp-content\/uploads\/2023\/06\/ismael-cala-5-768x512.jpg 768w\" sizes=\"auto, (max-width: 800px) 100vw, 800px\" \/><\/a><\/p>\n<p>\u00abVeo unos pocos felices asistiendo a una fiesta y unos muchos que m\u00e1s bien parec\u00edan convidados a un funeral, y esto no es un funeral, esto es una fiesta. Entonces dite a ti mismo, \u00abno solo mi cuerpo lleg\u00f3 esta noche al Aula Magna, tambi\u00e9n lleg\u00f3 mi alma, estoy vivo\u00bb\u00bb, momento en el cual empez\u00f3 a sonar m\u00fasica y comenz\u00f3 a bailar.<\/p>\n<p><a href=\"https:\/\/digital58.com.ve\/site\/wp-content\/uploads\/2023\/06\/ismael-cala-7.jpg\"><img loading=\"lazy\" decoding=\"async\" class=\"aligncenter size-full wp-image-167965\" src=\"https:\/\/digital58.com.ve\/site\/wp-content\/uploads\/2023\/06\/ismael-cala-7.jpg\" alt=\"\" width=\"800\" height=\"524\" srcset=\"https:\/\/digital58.com.ve\/site\/wp-content\/uploads\/2023\/06\/ismael-cala-7.jpg 800w, https:\/\/digital58.com.ve\/site\/wp-content\/uploads\/2023\/06\/ismael-cala-7-300x197.jpg 300w, https:\/\/digital58.com.ve\/site\/wp-content\/uploads\/2023\/06\/ismael-cala-7-768x503.jpg 768w\" sizes=\"auto, (max-width: 800px) 100vw, 800px\" \/><\/a><\/p>\n<p>El comunicador social asegura que por lo menos el 50 % del porvenir de cada persona est\u00e1 en sus manos y detall\u00f3 que no todo es \u00abobra del destino\u00bb.<\/p>\n<p><a href=\"https:\/\/digital58.com.ve\/site\/wp-content\/uploads\/2023\/06\/ismael-cala-9.jpg\"><img loading=\"lazy\" decoding=\"async\" class=\"aligncenter size-full wp-image-167963\" src=\"https:\/\/digital58.com.ve\/site\/wp-content\/uploads\/2023\/06\/ismael-cala-9.jpg\" alt=\"\" width=\"800\" height=\"523\" srcset=\"https:\/\/digital58.com.ve\/site\/wp-content\/uploads\/2023\/06\/ismael-cala-9.jpg 800w, https:\/\/digital58.com.ve\/site\/wp-content\/uploads\/2023\/06\/ismael-cala-9-300x196.jpg 300w, https:\/\/digital58.com.ve\/site\/wp-content\/uploads\/2023\/06\/ismael-cala-9-768x502.jpg 768w\" sizes=\"auto, (max-width: 800px) 100vw, 800px\" \/><\/a><\/p>\n<p>Relat\u00f3 parte de su vida, donde tuvo que superar los retos de tener un padre con esquizofrenia y un abuelo que se suicid\u00f3 a sus cuatro a\u00f1os. \u00abHonro tu historia pap\u00e1, honro tu historia abuelo, pero no tengo por qu\u00e9 repetirla\u00bb.<\/p>\n<p><a href=\"https:\/\/digital58.com.ve\/site\/wp-content\/uploads\/2023\/06\/ismael-cala-8.jpg\"><img loading=\"lazy\" decoding=\"async\" class=\"aligncenter size-full wp-image-167964\" src=\"https:\/\/digital58.com.ve\/site\/wp-content\/uploads\/2023\/06\/ismael-cala-8.jpg\" alt=\"\" width=\"800\" height=\"515\" srcset=\"https:\/\/digital58.com.ve\/site\/wp-content\/uploads\/2023\/06\/ismael-cala-8.jpg 800w, https:\/\/digital58.com.ve\/site\/wp-content\/uploads\/2023\/06\/ismael-cala-8-300x193.jpg 300w, https:\/\/digital58.com.ve\/site\/wp-content\/uploads\/2023\/06\/ismael-cala-8-768x494.jpg 768w\" sizes=\"auto, (max-width: 800px) 100vw, 800px\" \/><\/a><\/p>\n<p><strong>El destino es una elecci\u00f3n<\/strong><\/p>\n<p>Durante su disertaci\u00f3n enfatiz\u00f3 que el destino no es cuesti\u00f3n de casualidad, sino una elecci\u00f3n de cada persona. Agreg\u00f3 que somos energ\u00eda en movimiento y que debemos darle direcci\u00f3n a esa esencia, para lograr nuestro bienestar y metas.<\/p>\n<p><a href=\"https:\/\/digital58.com.ve\/site\/wp-content\/uploads\/2023\/06\/ismael-cala-4.jpg\"><img loading=\"lazy\" decoding=\"async\" class=\"aligncenter size-full wp-image-167968\" src=\"https:\/\/digital58.com.ve\/site\/wp-content\/uploads\/2023\/06\/ismael-cala-4.jpg\" alt=\"\" width=\"800\" height=\"533\" srcset=\"https:\/\/digital58.com.ve\/site\/wp-content\/uploads\/2023\/06\/ismael-cala-4.jpg 800w, https:\/\/digital58.com.ve\/site\/wp-content\/uploads\/2023\/06\/ismael-cala-4-300x200.jpg 300w, https:\/\/digital58.com.ve\/site\/wp-content\/uploads\/2023\/06\/ismael-cala-4-768x512.jpg 768w\" sizes=\"auto, (max-width: 800px) 100vw, 800px\" \/><\/a><\/p>\n<p>\u00abNuestro derecho al nacer es reclamar una vida extraordinaria, que no quiere decir ser el m\u00e1s rico en dinero, pero s\u00ed el m\u00e1s rico en esp\u00edritu, en sue\u00f1os (\u2026)\u00bb, asever\u00f3.<\/p>\n<p><a href=\"https:\/\/digital58.com.ve\/site\/wp-content\/uploads\/2023\/06\/ismael-cala-10.jpg\"><img loading=\"lazy\" decoding=\"async\" class=\"aligncenter size-full wp-image-167962\" src=\"https:\/\/digital58.com.ve\/site\/wp-content\/uploads\/2023\/06\/ismael-cala-10.jpg\" alt=\"\" width=\"800\" height=\"533\" srcset=\"https:\/\/digital58.com.ve\/site\/wp-content\/uploads\/2023\/06\/ismael-cala-10.jpg 800w, https:\/\/digital58.com.ve\/site\/wp-content\/uploads\/2023\/06\/ismael-cala-10-300x200.jpg 300w, https:\/\/digital58.com.ve\/site\/wp-content\/uploads\/2023\/06\/ismael-cala-10-768x512.jpg 768w\" sizes=\"auto, (max-width: 800px) 100vw, 800px\" \/><\/a><\/p>\n<p>Se refiri\u00f3 al concepto de f\u00edsica cu\u00e1ntica, t\u00e9rmino aceptado por la comunidad cient\u00edfica para lo que anteriormente se llamaba metaf\u00edsica, seg\u00fan el cual \u00abvivimos en un universo inteligente donde tu mente crea pr\u00e1cticamente todo lo que experimentas en tu historia de vida\u00bb.<\/p>\n<p><a href=\"https:\/\/digital58.com.ve\/site\/wp-content\/uploads\/2023\/06\/publico.jpg\"><img loading=\"lazy\" decoding=\"async\" class=\"aligncenter size-full wp-image-167972\" src=\"https:\/\/digital58.com.ve\/site\/wp-content\/uploads\/2023\/06\/publico.jpg\" alt=\"\" width=\"800\" height=\"533\" srcset=\"https:\/\/digital58.com.ve\/site\/wp-content\/uploads\/2023\/06\/publico.jpg 800w, https:\/\/digital58.com.ve\/site\/wp-content\/uploads\/2023\/06\/publico-300x200.jpg 300w, https:\/\/digital58.com.ve\/site\/wp-content\/uploads\/2023\/06\/publico-768x512.jpg 768w\" sizes=\"auto, (max-width: 800px) 100vw, 800px\" \/><\/a><\/p>\n<p>\u00abVivimos en un campo de potencialidad pura; somos seres que -con nuestra consciencia- manifestamos y materializamos eventos y situaciones\u00bb, agreg\u00f3.<\/p>\n<p><a href=\"https:\/\/digital58.com.ve\/site\/wp-content\/uploads\/2023\/06\/ismael-cala-132.jpg\"><img loading=\"lazy\" decoding=\"async\" class=\"aligncenter size-full wp-image-167959\" src=\"https:\/\/digital58.com.ve\/site\/wp-content\/uploads\/2023\/06\/ismael-cala-132.jpg\" alt=\"\" width=\"800\" height=\"568\" srcset=\"https:\/\/digital58.com.ve\/site\/wp-content\/uploads\/2023\/06\/ismael-cala-132.jpg 800w, https:\/\/digital58.com.ve\/site\/wp-content\/uploads\/2023\/06\/ismael-cala-132-300x213.jpg 300w, https:\/\/digital58.com.ve\/site\/wp-content\/uploads\/2023\/06\/ismael-cala-132-768x545.jpg 768w\" sizes=\"auto, (max-width: 800px) 100vw, 800px\" \/><\/a><\/p>\n<p><strong>Dedicatoria del evento<\/strong><\/p>\n<p>Ismael Cala dedic\u00f3 el encuentro a la odont\u00f3loga zuliana <strong><a href=\"https:\/\/www.instagram.com\/estefysinlimites\/\" target=\"_blank\" rel=\"noopener\">Estefany Moreno<\/a><\/strong>, a quien tuvo la oportunidad de conocer en su \u00faltima visita a la capital zuliana en febrero del a\u00f1o pasado, meses antes de su fallecimiento en su lucha contra el c\u00e1ncer.<\/p>\n<p><a href=\"https:\/\/digital58.com.ve\/site\/wp-content\/uploads\/2023\/06\/ismael-cala-14.jpg\"><img loading=\"lazy\" decoding=\"async\" class=\"aligncenter size-full wp-image-167958\" src=\"https:\/\/digital58.com.ve\/site\/wp-content\/uploads\/2023\/06\/ismael-cala-14.jpg\" alt=\"\" width=\"800\" height=\"533\" srcset=\"https:\/\/digital58.com.ve\/site\/wp-content\/uploads\/2023\/06\/ismael-cala-14.jpg 800w, https:\/\/digital58.com.ve\/site\/wp-content\/uploads\/2023\/06\/ismael-cala-14-300x200.jpg 300w, https:\/\/digital58.com.ve\/site\/wp-content\/uploads\/2023\/06\/ismael-cala-14-768x512.jpg 768w\" sizes=\"auto, (max-width: 800px) 100vw, 800px\" \/><\/a><\/p>\n<p>Precis\u00f3 que, aunque \u00abhoy ya no est\u00e1 con nosotros\u00bb, su presencia se hizo vigente en el sitio.<\/p>\n<p>\u00abEntre tantos lugares que visito, viajes, a veces no recuerdo todos los momentos que vivo&#8230; de momento lleg\u00f3 la consciencia de Estefany diciendo \u00abHola Ismael, aqu\u00ed estoy. No tengo cuerpo, pero aqu\u00ed estoy\u00bb y sent\u00ed una alegr\u00eda, porque sent\u00ed paz\u00bb, indic\u00f3 el conferencista.<\/p>\n<p><a href=\"https:\/\/digital58.com.ve\/site\/wp-content\/uploads\/2023\/06\/ismael-cala-11.jpg\"><img loading=\"lazy\" decoding=\"async\" class=\"aligncenter size-full wp-image-167961\" src=\"https:\/\/digital58.com.ve\/site\/wp-content\/uploads\/2023\/06\/ismael-cala-11.jpg\" alt=\"\" width=\"800\" height=\"533\" srcset=\"https:\/\/digital58.com.ve\/site\/wp-content\/uploads\/2023\/06\/ismael-cala-11.jpg 800w, https:\/\/digital58.com.ve\/site\/wp-content\/uploads\/2023\/06\/ismael-cala-11-300x200.jpg 300w, https:\/\/digital58.com.ve\/site\/wp-content\/uploads\/2023\/06\/ismael-cala-11-768x512.jpg 768w\" sizes=\"auto, (max-width: 800px) 100vw, 800px\" \/><\/a><\/p>\n<p>Agreg\u00f3 que en esta visita a Maracaibo est\u00e1 festejando su legado e historia de resiliencia; \u00abcelebr\u00f3 que sigui\u00f3 en la batalla por su vida hasta en las \u00faltimas circunstancias\u00bb.<\/p>\n<p><a href=\"https:\/\/digital58.com.ve\/site\/wp-content\/uploads\/2023\/06\/ismael-cala-12.jpg\"><img loading=\"lazy\" decoding=\"async\" class=\"aligncenter size-full wp-image-167960\" src=\"https:\/\/digital58.com.ve\/site\/wp-content\/uploads\/2023\/06\/ismael-cala-12.jpg\" alt=\"\" width=\"800\" height=\"533\" srcset=\"https:\/\/digital58.com.ve\/site\/wp-content\/uploads\/2023\/06\/ismael-cala-12.jpg 800w, https:\/\/digital58.com.ve\/site\/wp-content\/uploads\/2023\/06\/ismael-cala-12-300x200.jpg 300w, https:\/\/digital58.com.ve\/site\/wp-content\/uploads\/2023\/06\/ismael-cala-12-768x512.jpg 768w\" sizes=\"auto, (max-width: 800px) 100vw, 800px\" \/><\/a><\/p>\n<p>Estefany Moreno falleci\u00f3 el 21 de septiembre el a\u00f1o pasado, su historia conmovi\u00f3 a miles de personas por su sonrisa contagiosa y su relato de vida en su lucha contra el c\u00e1ncer. Cumpli\u00f3 su sue\u00f1o de conocer a Ismael Cala en febrero del 2022, con quien sostuvo un encuentro en los camerinos del Aula Magna de la URU.<\/p>\n<p><a href=\"https:\/\/digital58.com.ve\/site\/wp-content\/uploads\/2023\/06\/ismael-cala-15.jpg\"><img loading=\"lazy\" decoding=\"async\" class=\"aligncenter size-full wp-image-167957\" src=\"https:\/\/digital58.com.ve\/site\/wp-content\/uploads\/2023\/06\/ismael-cala-15.jpg\" alt=\"\" width=\"800\" height=\"533\" srcset=\"https:\/\/digital58.com.ve\/site\/wp-content\/uploads\/2023\/06\/ismael-cala-15.jpg 800w, https:\/\/digital58.com.ve\/site\/wp-content\/uploads\/2023\/06\/ismael-cala-15-300x200.jpg 300w, https:\/\/digital58.com.ve\/site\/wp-content\/uploads\/2023\/06\/ismael-cala-15-768x512.jpg 768w\" sizes=\"auto, (max-width: 800px) 100vw, 800px\" \/><\/a><\/p>\n<p>Asimismo, elogi\u00f3 la fortaleza de los zulianos ante las diferentes adversidades que viven en su d\u00eda a d\u00eda. \u00abSon especiales, no pueden permitir apagarse, tienen que vivir encendidos\u00bb.<\/p>\n<p><a href=\"https:\/\/digital58.com.ve\/site\/wp-content\/uploads\/2023\/06\/marco-comesana.jpg\"><img loading=\"lazy\" decoding=\"async\" class=\"aligncenter size-full wp-image-167975\" src=\"https:\/\/digital58.com.ve\/site\/wp-content\/uploads\/2023\/06\/marco-comesana.jpg\" alt=\"\" width=\"800\" height=\"533\" srcset=\"https:\/\/digital58.com.ve\/site\/wp-content\/uploads\/2023\/06\/marco-comesana.jpg 800w, https:\/\/digital58.com.ve\/site\/wp-content\/uploads\/2023\/06\/marco-comesana-300x200.jpg 300w, https:\/\/digital58.com.ve\/site\/wp-content\/uploads\/2023\/06\/marco-comesana-768x512.jpg 768w\" sizes=\"auto, (max-width: 800px) 100vw, 800px\" \/><\/a><\/p>\n<p>La conferencia tambi\u00e9n cont\u00f3 con la participaci\u00f3n especial del deportista y entrenador f\u00edsico <strong><a href=\"https:\/\/www.instagram.com\/comesanamarco\/\" target=\"_blank\" rel=\"noopener\">Marco Vinicio Comesan\u0303a<\/a><\/strong>, quien ofreci\u00f3 una entretenida antesala.<\/p>\n<p><a href=\"https:\/\/digital58.com.ve\/site\/wp-content\/uploads\/2023\/06\/andreina-socorro.jpg\"><img loading=\"lazy\" decoding=\"async\" class=\"aligncenter size-full wp-image-167976\" src=\"https:\/\/digital58.com.ve\/site\/wp-content\/uploads\/2023\/06\/andreina-socorro.jpg\" alt=\"\" width=\"800\" height=\"559\" srcset=\"https:\/\/digital58.com.ve\/site\/wp-content\/uploads\/2023\/06\/andreina-socorro.jpg 800w, https:\/\/digital58.com.ve\/site\/wp-content\/uploads\/2023\/06\/andreina-socorro-300x210.jpg 300w, https:\/\/digital58.com.ve\/site\/wp-content\/uploads\/2023\/06\/andreina-socorro-768x537.jpg 768w, https:\/\/digital58.com.ve\/site\/wp-content\/uploads\/2023\/06\/andreina-socorro-130x90.jpg 130w\" sizes=\"auto, (max-width: 800px) 100vw, 800px\" \/><\/a><\/p>\n<p>La locutora <strong><a href=\"https:\/\/www.instagram.com\/andreinasocorro\/\" target=\"_blank\" rel=\"noopener\">Andre\u00edna Socorro<\/a><\/strong> fue la presentadora del evento producido por <strong><a href=\"https:\/\/www.instagram.com\/monicaeventsvzla\/\" target=\"_blank\" rel=\"noopener\">M\u00f3nica Events Venezuela<\/a><\/strong>, el cual comenz\u00f3 con distintas din\u00e1micas y regalos a los presentes; entre tarjetas de regalos, globos con bonos de consumo y una moto recorriendo las instalaciones del Aula Magna.<\/p>\n<p><a href=\"https:\/\/digital58.com.ve\/site\/wp-content\/uploads\/2023\/06\/ismael-cala-16.jpg\"><img loading=\"lazy\" decoding=\"async\" class=\"aligncenter size-full wp-image-167956\" src=\"https:\/\/digital58.com.ve\/site\/wp-content\/uploads\/2023\/06\/ismael-cala-16.jpg\" alt=\"\" width=\"800\" height=\"533\" srcset=\"https:\/\/digital58.com.ve\/site\/wp-content\/uploads\/2023\/06\/ismael-cala-16.jpg 800w, https:\/\/digital58.com.ve\/site\/wp-content\/uploads\/2023\/06\/ismael-cala-16-300x200.jpg 300w, https:\/\/digital58.com.ve\/site\/wp-content\/uploads\/2023\/06\/ismael-cala-16-768x512.jpg 768w\" sizes=\"auto, (max-width: 800px) 100vw, 800px\" \/><\/a><\/p>\n<p>Ismael Cala dej\u00f3 a sus seguidores \u00e1vidos de m\u00e1s, pero enriquecidos por todo lo experimentado en \u00abManifiesta tu Destino 2023\u00bb.<\/p>\n<p><a href=\"https:\/\/digital58.com.ve\/site\/wp-content\/uploads\/2023\/06\/ismael-cala-18.jpg\"><img loading=\"lazy\" decoding=\"async\" class=\"aligncenter size-full wp-image-167954\" src=\"https:\/\/digital58.com.ve\/site\/wp-content\/uploads\/2023\/06\/ismael-cala-18.jpg\" alt=\"\" width=\"800\" height=\"533\" srcset=\"https:\/\/digital58.com.ve\/site\/wp-content\/uploads\/2023\/06\/ismael-cala-18.jpg 800w, https:\/\/digital58.com.ve\/site\/wp-content\/uploads\/2023\/06\/ismael-cala-18-300x200.jpg 300w, https:\/\/digital58.com.ve\/site\/wp-content\/uploads\/2023\/06\/ismael-cala-18-768x512.jpg 768w\" sizes=\"auto, (max-width: 800px) 100vw, 800px\" \/><\/a><\/p>\n<p><a href=\"https:\/\/digital58.com.ve\/site\/wp-content\/uploads\/2023\/06\/ismael-cala-17.jpg\"><img loading=\"lazy\" decoding=\"async\" class=\"aligncenter size-full wp-image-167955\" src=\"https:\/\/digital58.com.ve\/site\/wp-content\/uploads\/2023\/06\/ismael-cala-17.jpg\" alt=\"\" width=\"800\" height=\"540\" srcset=\"https:\/\/digital58.com.ve\/site\/wp-content\/uploads\/2023\/06\/ismael-cala-17.jpg 800w, https:\/\/digital58.com.ve\/site\/wp-content\/uploads\/2023\/06\/ismael-cala-17-300x203.jpg 300w, https:\/\/digital58.com.ve\/site\/wp-content\/uploads\/2023\/06\/ismael-cala-17-768x518.jpg 768w\" sizes=\"auto, (max-width: 800px) 100vw, 800px\" \/><\/a><\/p>\n<p><a href=\"https:\/\/digital58.com.ve\/site\/wp-content\/uploads\/2023\/06\/marco-comesana-3.jpg\"><img loading=\"lazy\" decoding=\"async\" class=\"aligncenter size-full wp-image-167973\" src=\"https:\/\/digital58.com.ve\/site\/wp-content\/uploads\/2023\/06\/marco-comesana-3.jpg\" alt=\"\" width=\"800\" height=\"526\" srcset=\"https:\/\/digital58.com.ve\/site\/wp-content\/uploads\/2023\/06\/marco-comesana-3.jpg 800w, https:\/\/digital58.com.ve\/site\/wp-content\/uploads\/2023\/06\/marco-comesana-3-300x197.jpg 300w, https:\/\/digital58.com.ve\/site\/wp-content\/uploads\/2023\/06\/marco-comesana-3-768x505.jpg 768w\" sizes=\"auto, (max-width: 800px) 100vw, 800px\" \/><\/a><\/p>\n<p><a href=\"https:\/\/digital58.com.ve\/site\/wp-content\/uploads\/2023\/06\/marco-comesana-2.jpg\"><img loading=\"lazy\" decoding=\"async\" class=\"aligncenter size-full wp-image-167974\" src=\"https:\/\/digital58.com.ve\/site\/wp-content\/uploads\/2023\/06\/marco-comesana-2.jpg\" alt=\"\" width=\"800\" height=\"533\" srcset=\"https:\/\/digital58.com.ve\/site\/wp-content\/uploads\/2023\/06\/marco-comesana-2.jpg 800w, https:\/\/digital58.com.ve\/site\/wp-content\/uploads\/2023\/06\/marco-comesana-2-300x200.jpg 300w, https:\/\/digital58.com.ve\/site\/wp-content\/uploads\/2023\/06\/marco-comesana-2-768x512.jpg 768w\" sizes=\"auto, (max-width: 800px) 100vw, 800px\" \/><\/a><\/p>\n<p><strong>Redacci\u00f3n ND58 | Fuente: Fanny Reyes \/ Carlos Hern\u00e1ndez<\/strong><br \/>\n<strong>Edici\u00f3n: Villasmil, Henry<\/strong><br \/>\n<strong>Gr\u00e1ficas y audiovisuales: <a href=\"https:\/\/www.instagram.com\/cinthyagalvisr\/\" target=\"_blank\" rel=\"noopener\">@cinthyagalvisr<\/a> \/ <a href=\"https:\/\/www.instagram.com\/villasmilhfoto\/\" target=\"_blank\" rel=\"noopener\">@villasmilhfoto<\/a><\/strong><\/p>\n<p>&nbsp;<\/p><div class=\"iwfgb69f4805d9aca6\" ><p style=\"text-align: center;\"><a href=\"https:\/\/t.me\/noticiasdigital58\" target=\"_blank\" rel=\"noopener\"><img class=\"aligncenter size-full wp-image-125363\" src=\"https:\/\/digital58.com.ve\/site\/wp-content\/uploads\/2021\/04\/banner-telegram-web-2021.png\" alt=\"\" width=\"600\" height=\"90\" \/><\/a><\/p><\/div><style type=\"text\/css\">\r\n@media screen and (min-width: 1201px) {\r\n.iwfgb69f4805d9aca6 {\r\ndisplay: block;\r\n}\r\n}\r\n@media screen and (min-width: 993px) and (max-width: 1200px) {\r\n.iwfgb69f4805d9aca6 {\r\ndisplay: block;\r\n}\r\n}\r\n@media screen and (min-width: 769px) and (max-width: 992px) {\r\n.iwfgb69f4805d9aca6 {\r\ndisplay: block;\r\n}\r\n}\r\n@media screen and (min-width: 768px) and (max-width: 768px) {\r\n.iwfgb69f4805d9aca6 {\r\ndisplay: block;\r\n}\r\n}\r\n@media screen and (max-width: 767px) {\r\n.iwfgb69f4805d9aca6 {\r\ndisplay: block;\r\n}\r\n}\r\n<\/style>\r\n\n<p>&nbsp;<\/p>\n<div style=\"margin-top: 0px; margin-bottom: 0px;\" class=\"sharethis-inline-share-buttons\" ><\/div>","protected":false},"excerpt":{"rendered":"<p>El comunicador social de origen cubano expuso a los oyentes siete factores para entrenar la propia mente. Dedic\u00f3 el encuentro<\/p>\n","protected":false},"author":1,"featured_media":167964,"comment_status":"open","ping_status":"closed","sticky":false,"template":"","format":"standard","meta":{"colormag_page_container_layout":"default_layout","colormag_page_sidebar_layout":"default_layout","_uag_custom_page_level_css":"","footnotes":""},"categories":[1],"tags":[104,347,6697,23430,1523,31850,73,31849,233,2354,32,761],"class_list":["post-167949","post","type-post","status-publish","format-standard","has-post-thumbnail","hentry","category-fama","tag-aula-magna-de-la-uru","tag-conferencias","tag-conferencistas","tag-crecimiento-y-empoderamiento","tag-ismael-cala","tag-manifiesta-tu-destino-2023","tag-maracaibo","tag-monica-events-venezuela","tag-nacionales","tag-regionales","tag-venezuela","tag-zulia"],"yoast_head":"<!-- This site is optimized with the Yoast SEO plugin v27.5 - https:\/\/yoast.com\/product\/yoast-seo-wordpress\/ -->\n<title>Ismael Cala en Maracaibo: \u00abEl destino es una elecci\u00f3n\u00bb<\/title>\n<meta name=\"robots\" content=\"index, follow, max-snippet:-1, max-image-preview:large, max-video-preview:-1\" \/>\n<link rel=\"canonical\" href=\"https:\/\/digital58.com.ve\/site\/2023\/06\/19\/ismael-cala-en-maracaibo-el-destino-es-una-eleccion\/\" \/>\n<meta property=\"og:locale\" content=\"es_ES\" \/>\n<meta property=\"og:type\" content=\"article\" \/>\n<meta property=\"og:title\" content=\"Ismael Cala en Maracaibo: \u00abEl destino es una elecci\u00f3n\u00bb\" \/>\n<meta property=\"og:url\" content=\"https:\/\/digital58.com.ve\/site\/2023\/06\/19\/ismael-cala-en-maracaibo-el-destino-es-una-eleccion\/\" \/>\n<meta property=\"og:site_name\" content=\"Noticias Digital58\" \/>\n<meta property=\"article:published_time\" content=\"2023-06-20T00:26:07+00:00\" \/>\n<meta property=\"article:modified_time\" content=\"2023-06-20T02:36:10+00:00\" \/>\n<meta property=\"og:image\" content=\"https:\/\/i0.wp.com\/digital58.com.ve\/site\/wp-content\/uploads\/2023\/06\/ismael-cala-8.jpg?fit=800%2C515&ssl=1\" \/>\n\t<meta property=\"og:image:width\" content=\"800\" \/>\n\t<meta property=\"og:image:height\" content=\"515\" \/>\n\t<meta property=\"og:image:type\" content=\"image\/jpeg\" \/>\n<meta name=\"author\" content=\"Villasmil Henry\" \/>\n<meta name=\"twitter:card\" content=\"summary_large_image\" \/>\n<meta name=\"twitter:creator\" content=\"@https:\/\/twitter.com\/villasmilhfoto\" \/>\n<meta name=\"twitter:site\" content=\"@villasmilhfoto\" \/>\n<meta name=\"twitter:label1\" content=\"Escrito por\" \/>\n\t<meta name=\"twitter:data1\" content=\"Villasmil Henry\" \/>\n\t<meta name=\"twitter:label2\" content=\"Tiempo estimado de lectura\" \/>\n\t<meta name=\"twitter:data2\" content=\"4 minutos\" \/>\n<script type=\"application\/ld+json\" class=\"yoast-schema-graph\">{\"@context\":\"https:\\\/\\\/schema.org\",\"@graph\":[{\"@type\":\"Article\",\"@id\":\"https:\\\/\\\/digital58.com.ve\\\/site\\\/2023\\\/06\\\/19\\\/ismael-cala-en-maracaibo-el-destino-es-una-eleccion\\\/#article\",\"isPartOf\":{\"@id\":\"https:\\\/\\\/digital58.com.ve\\\/site\\\/2023\\\/06\\\/19\\\/ismael-cala-en-maracaibo-el-destino-es-una-eleccion\\\/\"},\"author\":{\"name\":\"Villasmil Henry\",\"@id\":\"https:\\\/\\\/digital58.com.ve\\\/site\\\/#\\\/schema\\\/person\\\/64d1c2e4d0d4fd1b849980c4331c2951\"},\"headline\":\"Ismael Cala en Maracaibo: \u00abEl destino es una elecci\u00f3n\u00bb\",\"datePublished\":\"2023-06-20T00:26:07+00:00\",\"dateModified\":\"2023-06-20T02:36:10+00:00\",\"mainEntityOfPage\":{\"@id\":\"https:\\\/\\\/digital58.com.ve\\\/site\\\/2023\\\/06\\\/19\\\/ismael-cala-en-maracaibo-el-destino-es-una-eleccion\\\/\"},\"wordCount\":887,\"commentCount\":0,\"publisher\":{\"@id\":\"https:\\\/\\\/digital58.com.ve\\\/site\\\/#\\\/schema\\\/person\\\/64d1c2e4d0d4fd1b849980c4331c2951\"},\"image\":{\"@id\":\"https:\\\/\\\/digital58.com.ve\\\/site\\\/2023\\\/06\\\/19\\\/ismael-cala-en-maracaibo-el-destino-es-una-eleccion\\\/#primaryimage\"},\"thumbnailUrl\":\"https:\\\/\\\/digital58.com.ve\\\/site\\\/wp-content\\\/uploads\\\/2023\\\/06\\\/ismael-cala-8.jpg\",\"keywords\":[\"Aula Magna de la URU\",\"Conferencias\",\"Conferencistas\",\"Crecimiento y empoderamiento\",\"Ismael Cala\",\"Manifiesta tu Destino 2023\",\"Maracaibo\",\"M\u00f3nica Events Venezuela\",\"Nacionales\",\"Regionales\",\"Venezuela\",\"Zulia\"],\"articleSection\":[\"Fama\"],\"inLanguage\":\"es\",\"potentialAction\":[{\"@type\":\"CommentAction\",\"name\":\"Comment\",\"target\":[\"https:\\\/\\\/digital58.com.ve\\\/site\\\/2023\\\/06\\\/19\\\/ismael-cala-en-maracaibo-el-destino-es-una-eleccion\\\/#respond\"]}]},{\"@type\":\"WebPage\",\"@id\":\"https:\\\/\\\/digital58.com.ve\\\/site\\\/2023\\\/06\\\/19\\\/ismael-cala-en-maracaibo-el-destino-es-una-eleccion\\\/\",\"url\":\"https:\\\/\\\/digital58.com.ve\\\/site\\\/2023\\\/06\\\/19\\\/ismael-cala-en-maracaibo-el-destino-es-una-eleccion\\\/\",\"name\":\"Ismael Cala en Maracaibo: \u00abEl destino es una elecci\u00f3n\u00bb\",\"isPartOf\":{\"@id\":\"https:\\\/\\\/digital58.com.ve\\\/site\\\/#website\"},\"primaryImageOfPage\":{\"@id\":\"https:\\\/\\\/digital58.com.ve\\\/site\\\/2023\\\/06\\\/19\\\/ismael-cala-en-maracaibo-el-destino-es-una-eleccion\\\/#primaryimage\"},\"image\":{\"@id\":\"https:\\\/\\\/digital58.com.ve\\\/site\\\/2023\\\/06\\\/19\\\/ismael-cala-en-maracaibo-el-destino-es-una-eleccion\\\/#primaryimage\"},\"thumbnailUrl\":\"https:\\\/\\\/digital58.com.ve\\\/site\\\/wp-content\\\/uploads\\\/2023\\\/06\\\/ismael-cala-8.jpg\",\"datePublished\":\"2023-06-20T00:26:07+00:00\",\"dateModified\":\"2023-06-20T02:36:10+00:00\",\"breadcrumb\":{\"@id\":\"https:\\\/\\\/digital58.com.ve\\\/site\\\/2023\\\/06\\\/19\\\/ismael-cala-en-maracaibo-el-destino-es-una-eleccion\\\/#breadcrumb\"},\"inLanguage\":\"es\",\"potentialAction\":[{\"@type\":\"ReadAction\",\"target\":[\"https:\\\/\\\/digital58.com.ve\\\/site\\\/2023\\\/06\\\/19\\\/ismael-cala-en-maracaibo-el-destino-es-una-eleccion\\\/\"]}]},{\"@type\":\"ImageObject\",\"inLanguage\":\"es\",\"@id\":\"https:\\\/\\\/digital58.com.ve\\\/site\\\/2023\\\/06\\\/19\\\/ismael-cala-en-maracaibo-el-destino-es-una-eleccion\\\/#primaryimage\",\"url\":\"https:\\\/\\\/digital58.com.ve\\\/site\\\/wp-content\\\/uploads\\\/2023\\\/06\\\/ismael-cala-8.jpg\",\"contentUrl\":\"https:\\\/\\\/digital58.com.ve\\\/site\\\/wp-content\\\/uploads\\\/2023\\\/06\\\/ismael-cala-8.jpg\",\"width\":800,\"height\":515},{\"@type\":\"BreadcrumbList\",\"@id\":\"https:\\\/\\\/digital58.com.ve\\\/site\\\/2023\\\/06\\\/19\\\/ismael-cala-en-maracaibo-el-destino-es-una-eleccion\\\/#breadcrumb\",\"itemListElement\":[{\"@type\":\"ListItem\",\"position\":1,\"name\":\"Home\",\"item\":\"https:\\\/\\\/digital58.com.ve\\\/site\\\/\"},{\"@type\":\"ListItem\",\"position\":2,\"name\":\"Ismael Cala en Maracaibo: \u00abEl destino es una elecci\u00f3n\u00bb\"}]},{\"@type\":\"WebSite\",\"@id\":\"https:\\\/\\\/digital58.com.ve\\\/site\\\/#website\",\"url\":\"https:\\\/\\\/digital58.com.ve\\\/site\\\/\",\"name\":\"Noticias Digital58\",\"description\":\"Portal de Noticias \u00a1Periodismo web de verdad! Lanzamiento web 22.11.2005 \\\/ Maracaibo, Venezuela\",\"publisher\":{\"@id\":\"https:\\\/\\\/digital58.com.ve\\\/site\\\/#\\\/schema\\\/person\\\/64d1c2e4d0d4fd1b849980c4331c2951\"},\"alternateName\":\"ND58\",\"potentialAction\":[{\"@type\":\"SearchAction\",\"target\":{\"@type\":\"EntryPoint\",\"urlTemplate\":\"https:\\\/\\\/digital58.com.ve\\\/site\\\/?s={search_term_string}\"},\"query-input\":{\"@type\":\"PropertyValueSpecification\",\"valueRequired\":true,\"valueName\":\"search_term_string\"}}],\"inLanguage\":\"es\"},{\"@type\":[\"Person\",\"Organization\"],\"@id\":\"https:\\\/\\\/digital58.com.ve\\\/site\\\/#\\\/schema\\\/person\\\/64d1c2e4d0d4fd1b849980c4331c2951\",\"name\":\"Villasmil Henry\",\"image\":{\"@type\":\"ImageObject\",\"inLanguage\":\"es\",\"@id\":\"https:\\\/\\\/secure.gravatar.com\\\/avatar\\\/bb0c4a2fcb7970138239f7e404ea75757b1b507b28b5ce4c53fbd62d797c5a7c?s=96&d=mm&r=g\",\"url\":\"https:\\\/\\\/secure.gravatar.com\\\/avatar\\\/bb0c4a2fcb7970138239f7e404ea75757b1b507b28b5ce4c53fbd62d797c5a7c?s=96&d=mm&r=g\",\"contentUrl\":\"https:\\\/\\\/secure.gravatar.com\\\/avatar\\\/bb0c4a2fcb7970138239f7e404ea75757b1b507b28b5ce4c53fbd62d797c5a7c?s=96&d=mm&r=g\",\"caption\":\"Villasmil Henry\"},\"logo\":{\"@id\":\"https:\\\/\\\/secure.gravatar.com\\\/avatar\\\/bb0c4a2fcb7970138239f7e404ea75757b1b507b28b5ce4c53fbd62d797c5a7c?s=96&d=mm&r=g\"},\"sameAs\":[\"http:\\\/\\\/www.henryvillasmil.com.ve\",\"https:\\\/\\\/www.instagram.com\\\/villasmilhfoto\\\/\",\"https:\\\/\\\/x.com\\\/https:\\\/\\\/twitter.com\\\/villasmilhfoto\"],\"url\":\"https:\\\/\\\/digital58.com.ve\\\/site\\\/author\\\/droopy_68\\\/\"}]}<\/script>\n<!-- \/ Yoast SEO plugin. -->","yoast_head_json":{"title":"Ismael Cala en Maracaibo: \u00abEl destino es una elecci\u00f3n\u00bb","robots":{"index":"index","follow":"follow","max-snippet":"max-snippet:-1","max-image-preview":"max-image-preview:large","max-video-preview":"max-video-preview:-1"},"canonical":"https:\/\/digital58.com.ve\/site\/2023\/06\/19\/ismael-cala-en-maracaibo-el-destino-es-una-eleccion\/","og_locale":"es_ES","og_type":"article","og_title":"Ismael Cala en Maracaibo: \u00abEl destino es una elecci\u00f3n\u00bb","og_url":"https:\/\/digital58.com.ve\/site\/2023\/06\/19\/ismael-cala-en-maracaibo-el-destino-es-una-eleccion\/","og_site_name":"Noticias Digital58","article_published_time":"2023-06-20T00:26:07+00:00","article_modified_time":"2023-06-20T02:36:10+00:00","og_image":[{"width":800,"height":515,"url":"https:\/\/i0.wp.com\/digital58.com.ve\/site\/wp-content\/uploads\/2023\/06\/ismael-cala-8.jpg?fit=800%2C515&ssl=1","type":"image\/jpeg"}],"author":"Villasmil Henry","twitter_card":"summary_large_image","twitter_creator":"@https:\/\/twitter.com\/villasmilhfoto","twitter_site":"@villasmilhfoto","twitter_misc":{"Escrito por":"Villasmil Henry","Tiempo estimado de lectura":"4 minutos"},"schema":{"@context":"https:\/\/schema.org","@graph":[{"@type":"Article","@id":"https:\/\/digital58.com.ve\/site\/2023\/06\/19\/ismael-cala-en-maracaibo-el-destino-es-una-eleccion\/#article","isPartOf":{"@id":"https:\/\/digital58.com.ve\/site\/2023\/06\/19\/ismael-cala-en-maracaibo-el-destino-es-una-eleccion\/"},"author":{"name":"Villasmil Henry","@id":"https:\/\/digital58.com.ve\/site\/#\/schema\/person\/64d1c2e4d0d4fd1b849980c4331c2951"},"headline":"Ismael Cala en Maracaibo: \u00abEl destino es una elecci\u00f3n\u00bb","datePublished":"2023-06-20T00:26:07+00:00","dateModified":"2023-06-20T02:36:10+00:00","mainEntityOfPage":{"@id":"https:\/\/digital58.com.ve\/site\/2023\/06\/19\/ismael-cala-en-maracaibo-el-destino-es-una-eleccion\/"},"wordCount":887,"commentCount":0,"publisher":{"@id":"https:\/\/digital58.com.ve\/site\/#\/schema\/person\/64d1c2e4d0d4fd1b849980c4331c2951"},"image":{"@id":"https:\/\/digital58.com.ve\/site\/2023\/06\/19\/ismael-cala-en-maracaibo-el-destino-es-una-eleccion\/#primaryimage"},"thumbnailUrl":"https:\/\/digital58.com.ve\/site\/wp-content\/uploads\/2023\/06\/ismael-cala-8.jpg","keywords":["Aula Magna de la URU","Conferencias","Conferencistas","Crecimiento y empoderamiento","Ismael Cala","Manifiesta tu Destino 2023","Maracaibo","M\u00f3nica Events Venezuela","Nacionales","Regionales","Venezuela","Zulia"],"articleSection":["Fama"],"inLanguage":"es","potentialAction":[{"@type":"CommentAction","name":"Comment","target":["https:\/\/digital58.com.ve\/site\/2023\/06\/19\/ismael-cala-en-maracaibo-el-destino-es-una-eleccion\/#respond"]}]},{"@type":"WebPage","@id":"https:\/\/digital58.com.ve\/site\/2023\/06\/19\/ismael-cala-en-maracaibo-el-destino-es-una-eleccion\/","url":"https:\/\/digital58.com.ve\/site\/2023\/06\/19\/ismael-cala-en-maracaibo-el-destino-es-una-eleccion\/","name":"Ismael Cala en Maracaibo: \u00abEl destino es una elecci\u00f3n\u00bb","isPartOf":{"@id":"https:\/\/digital58.com.ve\/site\/#website"},"primaryImageOfPage":{"@id":"https:\/\/digital58.com.ve\/site\/2023\/06\/19\/ismael-cala-en-maracaibo-el-destino-es-una-eleccion\/#primaryimage"},"image":{"@id":"https:\/\/digital58.com.ve\/site\/2023\/06\/19\/ismael-cala-en-maracaibo-el-destino-es-una-eleccion\/#primaryimage"},"thumbnailUrl":"https:\/\/digital58.com.ve\/site\/wp-content\/uploads\/2023\/06\/ismael-cala-8.jpg","datePublished":"2023-06-20T00:26:07+00:00","dateModified":"2023-06-20T02:36:10+00:00","breadcrumb":{"@id":"https:\/\/digital58.com.ve\/site\/2023\/06\/19\/ismael-cala-en-maracaibo-el-destino-es-una-eleccion\/#breadcrumb"},"inLanguage":"es","potentialAction":[{"@type":"ReadAction","target":["https:\/\/digital58.com.ve\/site\/2023\/06\/19\/ismael-cala-en-maracaibo-el-destino-es-una-eleccion\/"]}]},{"@type":"ImageObject","inLanguage":"es","@id":"https:\/\/digital58.com.ve\/site\/2023\/06\/19\/ismael-cala-en-maracaibo-el-destino-es-una-eleccion\/#primaryimage","url":"https:\/\/digital58.com.ve\/site\/wp-content\/uploads\/2023\/06\/ismael-cala-8.jpg","contentUrl":"https:\/\/digital58.com.ve\/site\/wp-content\/uploads\/2023\/06\/ismael-cala-8.jpg","width":800,"height":515},{"@type":"BreadcrumbList","@id":"https:\/\/digital58.com.ve\/site\/2023\/06\/19\/ismael-cala-en-maracaibo-el-destino-es-una-eleccion\/#breadcrumb","itemListElement":[{"@type":"ListItem","position":1,"name":"Home","item":"https:\/\/digital58.com.ve\/site\/"},{"@type":"ListItem","position":2,"name":"Ismael Cala en Maracaibo: \u00abEl destino es una elecci\u00f3n\u00bb"}]},{"@type":"WebSite","@id":"https:\/\/digital58.com.ve\/site\/#website","url":"https:\/\/digital58.com.ve\/site\/","name":"Noticias Digital58","description":"Portal de Noticias \u00a1Periodismo web de verdad! Lanzamiento web 22.11.2005 \/ Maracaibo, Venezuela","publisher":{"@id":"https:\/\/digital58.com.ve\/site\/#\/schema\/person\/64d1c2e4d0d4fd1b849980c4331c2951"},"alternateName":"ND58","potentialAction":[{"@type":"SearchAction","target":{"@type":"EntryPoint","urlTemplate":"https:\/\/digital58.com.ve\/site\/?s={search_term_string}"},"query-input":{"@type":"PropertyValueSpecification","valueRequired":true,"valueName":"search_term_string"}}],"inLanguage":"es"},{"@type":["Person","Organization"],"@id":"https:\/\/digital58.com.ve\/site\/#\/schema\/person\/64d1c2e4d0d4fd1b849980c4331c2951","name":"Villasmil Henry","image":{"@type":"ImageObject","inLanguage":"es","@id":"https:\/\/secure.gravatar.com\/avatar\/bb0c4a2fcb7970138239f7e404ea75757b1b507b28b5ce4c53fbd62d797c5a7c?s=96&d=mm&r=g","url":"https:\/\/secure.gravatar.com\/avatar\/bb0c4a2fcb7970138239f7e404ea75757b1b507b28b5ce4c53fbd62d797c5a7c?s=96&d=mm&r=g","contentUrl":"https:\/\/secure.gravatar.com\/avatar\/bb0c4a2fcb7970138239f7e404ea75757b1b507b28b5ce4c53fbd62d797c5a7c?s=96&d=mm&r=g","caption":"Villasmil Henry"},"logo":{"@id":"https:\/\/secure.gravatar.com\/avatar\/bb0c4a2fcb7970138239f7e404ea75757b1b507b28b5ce4c53fbd62d797c5a7c?s=96&d=mm&r=g"},"sameAs":["http:\/\/www.henryvillasmil.com.ve","https:\/\/www.instagram.com\/villasmilhfoto\/","https:\/\/x.com\/https:\/\/twitter.com\/villasmilhfoto"],"url":"https:\/\/digital58.com.ve\/site\/author\/droopy_68\/"}]}},"uagb_featured_image_src":{"full":["https:\/\/digital58.com.ve\/site\/wp-content\/uploads\/2023\/06\/ismael-cala-8.jpg",800,515,false],"thumbnail":["https:\/\/digital58.com.ve\/site\/wp-content\/uploads\/2023\/06\/ismael-cala-8-150x150.jpg",150,150,true],"medium":["https:\/\/digital58.com.ve\/site\/wp-content\/uploads\/2023\/06\/ismael-cala-8-300x193.jpg",300,193,true],"medium_large":["https:\/\/digital58.com.ve\/site\/wp-content\/uploads\/2023\/06\/ismael-cala-8-768x494.jpg",768,494,true],"large":["https:\/\/digital58.com.ve\/site\/wp-content\/uploads\/2023\/06\/ismael-cala-8.jpg",800,515,false],"1536x1536":["https:\/\/digital58.com.ve\/site\/wp-content\/uploads\/2023\/06\/ismael-cala-8.jpg",800,515,false],"2048x2048":["https:\/\/digital58.com.ve\/site\/wp-content\/uploads\/2023\/06\/ismael-cala-8.jpg",800,515,false],"colormag-highlighted-post":["https:\/\/digital58.com.ve\/site\/wp-content\/uploads\/2023\/06\/ismael-cala-8-392x272.jpg",392,272,true],"colormag-featured-post-medium":["https:\/\/digital58.com.ve\/site\/wp-content\/uploads\/2023\/06\/ismael-cala-8-390x205.jpg",390,205,true],"colormag-featured-post-small":["https:\/\/digital58.com.ve\/site\/wp-content\/uploads\/2023\/06\/ismael-cala-8-130x90.jpg",130,90,true],"colormag-featured-image":["https:\/\/digital58.com.ve\/site\/wp-content\/uploads\/2023\/06\/ismael-cala-8-800x445.jpg",800,445,true],"colormag-default-news":["https:\/\/digital58.com.ve\/site\/wp-content\/uploads\/2023\/06\/ismael-cala-8-150x150.jpg",150,150,true],"colormag-featured-image-large":["https:\/\/digital58.com.ve\/site\/wp-content\/uploads\/2023\/06\/ismael-cala-8.jpg",800,515,false]},"uagb_author_info":{"display_name":"Villasmil Henry","author_link":"https:\/\/digital58.com.ve\/site\/author\/droopy_68\/"},"uagb_comment_info":0,"uagb_excerpt":"El comunicador social de origen cubano expuso a los oyentes siete factores para entrenar la propia mente. Dedic\u00f3 el encuentro","_links":{"self":[{"href":"https:\/\/digital58.com.ve\/site\/wp-json\/wp\/v2\/posts\/167949","targetHints":{"allow":["GET"]}}],"collection":[{"href":"https:\/\/digital58.com.ve\/site\/wp-json\/wp\/v2\/posts"}],"about":[{"href":"https:\/\/digital58.com.ve\/site\/wp-json\/wp\/v2\/types\/post"}],"author":[{"embeddable":true,"href":"https:\/\/digital58.com.ve\/site\/wp-json\/wp\/v2\/users\/1"}],"replies":[{"embeddable":true,"href":"https:\/\/digital58.com.ve\/site\/wp-json\/wp\/v2\/comments?post=167949"}],"version-history":[{"count":5,"href":"https:\/\/digital58.com.ve\/site\/wp-json\/wp\/v2\/posts\/167949\/revisions"}],"predecessor-version":[{"id":167990,"href":"https:\/\/digital58.com.ve\/site\/wp-json\/wp\/v2\/posts\/167949\/revisions\/167990"}],"wp:featuredmedia":[{"embeddable":true,"href":"https:\/\/digital58.com.ve\/site\/wp-json\/wp\/v2\/media\/167964"}],"wp:attachment":[{"href":"https:\/\/digital58.com.ve\/site\/wp-json\/wp\/v2\/media?parent=167949"}],"wp:term":[{"taxonomy":"category","embeddable":true,"href":"https:\/\/digital58.com.ve\/site\/wp-json\/wp\/v2\/categories?post=167949"},{"taxonomy":"post_tag","embeddable":true,"href":"https:\/\/digital58.com.ve\/site\/wp-json\/wp\/v2\/tags?post=167949"}],"curies":[{"name":"wp","href":"https:\/\/api.w.org\/{rel}","templated":true}]}}