{"id":168054,"date":"2023-06-22T01:29:11","date_gmt":"2023-06-22T05:29:11","guid":{"rendered":"https:\/\/digital58.com.ve\/site\/?p=168054"},"modified":"2023-06-22T07:58:43","modified_gmt":"2023-06-22T11:58:43","slug":"abriran-la-disco-lgbtiq-mas-grande-de-mexico","status":"publish","type":"post","link":"https:\/\/digital58.com.ve\/site\/2023\/06\/22\/abriran-la-disco-lgbtiq-mas-grande-de-mexico\/","title":{"rendered":"Abrir\u00e1n la \u00abdisco\u00bb LGBTIQ+ m\u00e1s grande de M\u00e9xico"},"content":{"rendered":"<p><img loading=\"lazy\" decoding=\"async\" class=\"aligncenter wp-image-168055 size-full\" src=\"https:\/\/digital58.com.ve\/site\/wp-content\/uploads\/2023\/06\/antro.jpg\" alt=\"\" width=\"824\" height=\"936\" srcset=\"https:\/\/digital58.com.ve\/site\/wp-content\/uploads\/2023\/06\/antro.jpg 824w, https:\/\/digital58.com.ve\/site\/wp-content\/uploads\/2023\/06\/antro-264x300.jpg 264w, https:\/\/digital58.com.ve\/site\/wp-content\/uploads\/2023\/06\/antro-768x872.jpg 768w\" sizes=\"auto, (max-width: 824px) 100vw, 824px\" \/><\/p>\n<p>Con atracciones, espect\u00e1culos y la presencia de reconocidos <em>influencers<\/em> comenzar\u00e1 la fiesta este viernes 23 de junio.<\/p>\n<p><strong>M\u00e9xico, 22 de junio de 2023 (ND58).-<\/strong> El vidente, numer\u00f3logo, conferencista y conductor Farath Coronel, conocido como \u00abLa Diabla Coronel\u00bb, da el salto de las cartas del tarot al mundo del entretenimiento nocturno para crear el antro dedicado a la comunidad LGBTIQ+ m\u00e1s grande de Playa del Carmen, en M\u00e9xico.<\/p>\n<p>Enclavado en la Quinta Avenida, la \u00a0calle m\u00e1s rumbera y movida de uno de los destinos tur\u00edsticos m\u00e1s top de la Riviera Maya, est\u00e1 \u00abLa Diabla\u00bb, el antro bar que llega para hacer las noches de Playa Carmen, \u00fanicas e inolvidables con una alta dosis de infierno, diversi\u00f3n y lujuria.<\/p>\n<p>Farath Coronel se inspir\u00f3 en las llamas del inframundo para hacer de \u00abLa Diabla\u00bb,\u00a0 un lugar candente que jam\u00e1s se apagar\u00e1. El espacio para 1800 personas cuenta con dos ambientes, el primero en planta baja m\u00e1s oscuro que te da la bienvenida al infierno y el primer piso, en el que se presentar\u00e1n shows en vivo de gogos, imitadores, dragas y hombres en llamas.<\/p>\n<p>\u00abLa Diabla\u00bb abrir\u00e1 sus puertas en medio de las celebraciones del Pride en M\u00e9xico y justo el fin de semana en que se conmemora el Orgullo Gay.<\/p>\n<p>La fiesta inicia el viernes 23 de junio con una m\u00e1gica gala de preapertura abierta al p\u00fablico, para luego dar paso el s\u00e1bado 24 a la gran apertura con alfombra roja y la presencia de celebridades e <em>influencers<\/em> como: AimeP3, Dulce Gipsy, Gus Ciudad Cumbia, Medio Metro, Pinky Me, Paris Elegance, Maite Lometo, Goodboy, Mith Lagunes y Charlotte Lascurain.<\/p>\n<p>La adrenalina se extender\u00e1 hasta el domingo 25 y lunes 26 de junio. Todos los eventos son abiertos al p\u00fablico.<\/p>\n<p><strong>Redacci\u00f3n ND58 | Fuente: NDP<\/strong><br \/>\n<strong>Edici\u00f3n: Villasmil, Henry<\/strong><br \/>\n<strong>Gr\u00e1fica: cortes\u00eda<\/strong><\/p>\n<p>&nbsp;<\/p><div class=\"imsex6a9c90a90ed98\" ><p style=\"text-align: center;\"><a href=\"https:\/\/t.me\/noticiasdigital58\" target=\"_blank\" rel=\"noopener\"><img class=\"aligncenter size-full wp-image-125363\" src=\"https:\/\/digital58.com.ve\/site\/wp-content\/uploads\/2021\/04\/banner-telegram-web-2021.png\" alt=\"\" width=\"600\" height=\"90\" \/><\/a><\/p><\/div><style type=\"text\/css\">\r\n@media screen and (min-width: 1201px) {\r\n.imsex6a9c90a90ed98 {\r\ndisplay: block;\r\n}\r\n}\r\n@media screen and (min-width: 993px) and (max-width: 1200px) {\r\n.imsex6a9c90a90ed98 {\r\ndisplay: block;\r\n}\r\n}\r\n@media screen and (min-width: 769px) and (max-width: 992px) {\r\n.imsex6a9c90a90ed98 {\r\ndisplay: block;\r\n}\r\n}\r\n@media screen and (min-width: 768px) and (max-width: 768px) {\r\n.imsex6a9c90a90ed98 {\r\ndisplay: block;\r\n}\r\n}\r\n@media screen and (max-width: 767px) {\r\n.imsex6a9c90a90ed98 {\r\ndisplay: block;\r\n}\r\n}\r\n<\/style>\r\n\n<p>&nbsp;<\/p>\n<div style=\"margin-top: 0px; margin-bottom: 0px;\" class=\"sharethis-inline-share-buttons\" ><\/div>","protected":false},"excerpt":{"rendered":"<p>Con atracciones, espect\u00e1culos y la presencia de reconocidos influencers comenzar\u00e1 la fiesta este viernes 23 de junio. M\u00e9xico, 22 de<\/p>\n","protected":false},"author":20,"featured_media":168056,"comment_status":"open","ping_status":"closed","sticky":false,"template":"","format":"standard","meta":{"colormag_page_container_layout":"default_layout","colormag_page_sidebar_layout":"default_layout","_uag_custom_page_level_css":"","footnotes":""},"categories":[5409],"tags":[31852,31854,31853,165,8,175,31851],"class_list":["post-168054","post","type-post","status-publish","format-standard","has-post-thumbnail","hentry","category-sociales","tag-comunidad-lgbtiq","tag-discoteca-la-diabla","tag-farath-coronel","tag-inauguraciones","tag-internacionales","tag-mexico","tag-quinta-avenida"],"yoast_head":"<!-- This site is optimized with the Yoast SEO plugin v28.4 - https:\/\/yoast.com\/product\/yoast-seo-wordpress\/ -->\n<title>Abrir\u00e1n la \u00abdisco\u00bb LGBTIQ+ m\u00e1s grande de M\u00e9xico<\/title>\n<meta name=\"robots\" content=\"index, follow, max-snippet:-1, max-image-preview:large, max-video-preview:-1\" \/>\n<link rel=\"canonical\" href=\"https:\/\/digital58.com.ve\/site\/2023\/06\/22\/abriran-la-disco-lgbtiq-mas-grande-de-mexico\/\" \/>\n<meta property=\"og:locale\" content=\"es_ES\" \/>\n<meta property=\"og:type\" content=\"article\" \/>\n<meta property=\"og:title\" content=\"Abrir\u00e1n la \u00abdisco\u00bb LGBTIQ+ m\u00e1s grande de M\u00e9xico\" \/>\n<meta property=\"og:url\" content=\"https:\/\/digital58.com.ve\/site\/2023\/06\/22\/abriran-la-disco-lgbtiq-mas-grande-de-mexico\/\" \/>\n<meta property=\"og:site_name\" content=\"Noticias Digital58\" \/>\n<meta property=\"article:published_time\" content=\"2023-06-22T05:29:11+00:00\" \/>\n<meta property=\"article:modified_time\" content=\"2023-06-22T11:58:43+00:00\" \/>\n<meta property=\"og:image\" content=\"https:\/\/i0.wp.com\/digital58.com.ve\/site\/wp-content\/uploads\/2023\/06\/antro-1.jpg?fit=824%2C936&ssl=1\" \/>\n\t<meta property=\"og:image:width\" content=\"824\" \/>\n\t<meta property=\"og:image:height\" content=\"936\" \/>\n\t<meta property=\"og:image:type\" content=\"image\/jpeg\" \/>\n<meta name=\"author\" content=\"Cana\u00e1n Nayib\" \/>\n<meta name=\"twitter:card\" content=\"summary_large_image\" \/>\n<meta name=\"twitter:creator\" content=\"@Digital_58\" \/>\n<meta name=\"twitter:site\" content=\"@villasmilhfoto\" \/>\n<meta name=\"twitter:label1\" content=\"Escrito por\" \/>\n\t<meta name=\"twitter:data1\" content=\"Cana\u00e1n Nayib\" \/>\n\t<meta name=\"twitter:label2\" content=\"Tiempo estimado de lectura\" \/>\n\t<meta name=\"twitter:data2\" content=\"2 minutos\" \/>\n<script type=\"application\/ld+json\" class=\"yoast-schema-graph\">{\"@context\":\"https:\\\/\\\/schema.org\",\"@graph\":[{\"@type\":\"Article\",\"@id\":\"https:\\\/\\\/digital58.com.ve\\\/site\\\/2023\\\/06\\\/22\\\/abriran-la-disco-lgbtiq-mas-grande-de-mexico\\\/#article\",\"isPartOf\":{\"@id\":\"https:\\\/\\\/digital58.com.ve\\\/site\\\/2023\\\/06\\\/22\\\/abriran-la-disco-lgbtiq-mas-grande-de-mexico\\\/\"},\"author\":{\"name\":\"Cana\u00e1n Nayib\",\"@id\":\"https:\\\/\\\/digital58.com.ve\\\/site\\\/#\\\/schema\\\/person\\\/730f125d3b753ef33fc78d403e3544bd\"},\"headline\":\"Abrir\u00e1n la \u00abdisco\u00bb LGBTIQ+ m\u00e1s grande de M\u00e9xico\",\"datePublished\":\"2023-06-22T05:29:11+00:00\",\"dateModified\":\"2023-06-22T11:58:43+00:00\",\"mainEntityOfPage\":{\"@id\":\"https:\\\/\\\/digital58.com.ve\\\/site\\\/2023\\\/06\\\/22\\\/abriran-la-disco-lgbtiq-mas-grande-de-mexico\\\/\"},\"wordCount\":323,\"commentCount\":0,\"publisher\":{\"@id\":\"https:\\\/\\\/digital58.com.ve\\\/site\\\/#\\\/schema\\\/person\\\/64d1c2e4d0d4fd1b849980c4331c2951\"},\"image\":{\"@id\":\"https:\\\/\\\/digital58.com.ve\\\/site\\\/2023\\\/06\\\/22\\\/abriran-la-disco-lgbtiq-mas-grande-de-mexico\\\/#primaryimage\"},\"thumbnailUrl\":\"https:\\\/\\\/digital58.com.ve\\\/site\\\/wp-content\\\/uploads\\\/2023\\\/06\\\/antro-1.jpg\",\"keywords\":[\"Comunidad LGBTIQ+\",\"Discoteca La Diabla\",\"Farath Coronel\",\"Inauguraciones\",\"Internacionales\",\"M\u00e9xico\",\"Quinta Avenida\"],\"articleSection\":[\"Sociales\"],\"inLanguage\":\"es\",\"potentialAction\":[{\"@type\":\"CommentAction\",\"name\":\"Comment\",\"target\":[\"https:\\\/\\\/digital58.com.ve\\\/site\\\/2023\\\/06\\\/22\\\/abriran-la-disco-lgbtiq-mas-grande-de-mexico\\\/#respond\"]}]},{\"@type\":\"WebPage\",\"@id\":\"https:\\\/\\\/digital58.com.ve\\\/site\\\/2023\\\/06\\\/22\\\/abriran-la-disco-lgbtiq-mas-grande-de-mexico\\\/\",\"url\":\"https:\\\/\\\/digital58.com.ve\\\/site\\\/2023\\\/06\\\/22\\\/abriran-la-disco-lgbtiq-mas-grande-de-mexico\\\/\",\"name\":\"Abrir\u00e1n la \u00abdisco\u00bb LGBTIQ+ m\u00e1s grande de M\u00e9xico\",\"isPartOf\":{\"@id\":\"https:\\\/\\\/digital58.com.ve\\\/site\\\/#website\"},\"primaryImageOfPage\":{\"@id\":\"https:\\\/\\\/digital58.com.ve\\\/site\\\/2023\\\/06\\\/22\\\/abriran-la-disco-lgbtiq-mas-grande-de-mexico\\\/#primaryimage\"},\"image\":{\"@id\":\"https:\\\/\\\/digital58.com.ve\\\/site\\\/2023\\\/06\\\/22\\\/abriran-la-disco-lgbtiq-mas-grande-de-mexico\\\/#primaryimage\"},\"thumbnailUrl\":\"https:\\\/\\\/digital58.com.ve\\\/site\\\/wp-content\\\/uploads\\\/2023\\\/06\\\/antro-1.jpg\",\"datePublished\":\"2023-06-22T05:29:11+00:00\",\"dateModified\":\"2023-06-22T11:58:43+00:00\",\"breadcrumb\":{\"@id\":\"https:\\\/\\\/digital58.com.ve\\\/site\\\/2023\\\/06\\\/22\\\/abriran-la-disco-lgbtiq-mas-grande-de-mexico\\\/#breadcrumb\"},\"inLanguage\":\"es\",\"potentialAction\":[{\"@type\":\"ReadAction\",\"target\":[\"https:\\\/\\\/digital58.com.ve\\\/site\\\/2023\\\/06\\\/22\\\/abriran-la-disco-lgbtiq-mas-grande-de-mexico\\\/\"]}]},{\"@type\":\"ImageObject\",\"inLanguage\":\"es\",\"@id\":\"https:\\\/\\\/digital58.com.ve\\\/site\\\/2023\\\/06\\\/22\\\/abriran-la-disco-lgbtiq-mas-grande-de-mexico\\\/#primaryimage\",\"url\":\"https:\\\/\\\/digital58.com.ve\\\/site\\\/wp-content\\\/uploads\\\/2023\\\/06\\\/antro-1.jpg\",\"contentUrl\":\"https:\\\/\\\/digital58.com.ve\\\/site\\\/wp-content\\\/uploads\\\/2023\\\/06\\\/antro-1.jpg\",\"width\":824,\"height\":936},{\"@type\":\"BreadcrumbList\",\"@id\":\"https:\\\/\\\/digital58.com.ve\\\/site\\\/2023\\\/06\\\/22\\\/abriran-la-disco-lgbtiq-mas-grande-de-mexico\\\/#breadcrumb\",\"itemListElement\":[{\"@type\":\"ListItem\",\"position\":1,\"name\":\"Home\",\"item\":\"https:\\\/\\\/digital58.com.ve\\\/site\\\/\"},{\"@type\":\"ListItem\",\"position\":2,\"name\":\"Abrir\u00e1n la \u00abdisco\u00bb LGBTIQ+ m\u00e1s grande de M\u00e9xico\"}]},{\"@type\":\"WebSite\",\"@id\":\"https:\\\/\\\/digital58.com.ve\\\/site\\\/#website\",\"url\":\"https:\\\/\\\/digital58.com.ve\\\/site\\\/\",\"name\":\"Noticias Digital58\",\"description\":\"Portal de Noticias \u00a1Periodismo web de verdad! Lanzamiento web 22.11.2005 \\\/ Maracaibo, Venezuela\",\"publisher\":{\"@id\":\"https:\\\/\\\/digital58.com.ve\\\/site\\\/#\\\/schema\\\/person\\\/64d1c2e4d0d4fd1b849980c4331c2951\"},\"alternateName\":\"ND58\",\"potentialAction\":[{\"@type\":\"SearchAction\",\"target\":{\"@type\":\"EntryPoint\",\"urlTemplate\":\"https:\\\/\\\/digital58.com.ve\\\/site\\\/?s={search_term_string}\"},\"query-input\":{\"@type\":\"PropertyValueSpecification\",\"valueRequired\":true,\"valueName\":\"search_term_string\"}}],\"inLanguage\":\"es\"},{\"@type\":[\"Person\",\"Organization\"],\"@id\":\"https:\\\/\\\/digital58.com.ve\\\/site\\\/#\\\/schema\\\/person\\\/64d1c2e4d0d4fd1b849980c4331c2951\",\"name\":\"Villasmil Henry\",\"image\":{\"@type\":\"ImageObject\",\"inLanguage\":\"es\",\"@id\":\"https:\\\/\\\/secure.gravatar.com\\\/avatar\\\/bb0c4a2fcb7970138239f7e404ea75757b1b507b28b5ce4c53fbd62d797c5a7c?s=96&d=mm&r=g\",\"url\":\"https:\\\/\\\/secure.gravatar.com\\\/avatar\\\/bb0c4a2fcb7970138239f7e404ea75757b1b507b28b5ce4c53fbd62d797c5a7c?s=96&d=mm&r=g\",\"contentUrl\":\"https:\\\/\\\/secure.gravatar.com\\\/avatar\\\/bb0c4a2fcb7970138239f7e404ea75757b1b507b28b5ce4c53fbd62d797c5a7c?s=96&d=mm&r=g\",\"caption\":\"Villasmil Henry\"},\"logo\":{\"@id\":\"https:\\\/\\\/secure.gravatar.com\\\/avatar\\\/bb0c4a2fcb7970138239f7e404ea75757b1b507b28b5ce4c53fbd62d797c5a7c?s=96&d=mm&r=g\"},\"sameAs\":[\"http:\\\/\\\/www.henryvillasmil.com.ve\",\"https:\\\/\\\/www.instagram.com\\\/villasmilhfoto\\\/\",\"https:\\\/\\\/x.com\\\/https:\\\/\\\/twitter.com\\\/villasmilhfoto\"]},{\"@type\":\"Person\",\"@id\":\"https:\\\/\\\/digital58.com.ve\\\/site\\\/#\\\/schema\\\/person\\\/730f125d3b753ef33fc78d403e3544bd\",\"name\":\"Cana\u00e1n Nayib\",\"image\":{\"@type\":\"ImageObject\",\"inLanguage\":\"es\",\"@id\":\"https:\\\/\\\/secure.gravatar.com\\\/avatar\\\/ed8ccf663f2ad260520149da7d559dfa679a1540b599a98f841e423f68e4d7cc?s=96&d=mm&r=g\",\"url\":\"https:\\\/\\\/secure.gravatar.com\\\/avatar\\\/ed8ccf663f2ad260520149da7d559dfa679a1540b599a98f841e423f68e4d7cc?s=96&d=mm&r=g\",\"contentUrl\":\"https:\\\/\\\/secure.gravatar.com\\\/avatar\\\/ed8ccf663f2ad260520149da7d559dfa679a1540b599a98f841e423f68e4d7cc?s=96&d=mm&r=g\",\"caption\":\"Cana\u00e1n Nayib\"},\"url\":\"https:\\\/\\\/digital58.com.ve\\\/site\\\/author\\\/ncanaan\\\/\"}]}<\/script>\n<!-- \/ Yoast SEO plugin. -->","yoast_head_json":{"title":"Abrir\u00e1n la \u00abdisco\u00bb LGBTIQ+ m\u00e1s grande de M\u00e9xico","robots":{"index":"index","follow":"follow","max-snippet":"max-snippet:-1","max-image-preview":"max-image-preview:large","max-video-preview":"max-video-preview:-1"},"canonical":"https:\/\/digital58.com.ve\/site\/2023\/06\/22\/abriran-la-disco-lgbtiq-mas-grande-de-mexico\/","og_locale":"es_ES","og_type":"article","og_title":"Abrir\u00e1n la \u00abdisco\u00bb LGBTIQ+ m\u00e1s grande de M\u00e9xico","og_url":"https:\/\/digital58.com.ve\/site\/2023\/06\/22\/abriran-la-disco-lgbtiq-mas-grande-de-mexico\/","og_site_name":"Noticias Digital58","article_published_time":"2023-06-22T05:29:11+00:00","article_modified_time":"2023-06-22T11:58:43+00:00","og_image":[{"width":824,"height":936,"url":"https:\/\/i0.wp.com\/digital58.com.ve\/site\/wp-content\/uploads\/2023\/06\/antro-1.jpg?fit=824%2C936&ssl=1","type":"image\/jpeg"}],"author":"Cana\u00e1n Nayib","twitter_card":"summary_large_image","twitter_creator":"@Digital_58","twitter_site":"@villasmilhfoto","twitter_misc":{"Escrito por":"Cana\u00e1n Nayib","Tiempo estimado de lectura":"2 minutos"},"schema":{"@context":"https:\/\/schema.org","@graph":[{"@type":"Article","@id":"https:\/\/digital58.com.ve\/site\/2023\/06\/22\/abriran-la-disco-lgbtiq-mas-grande-de-mexico\/#article","isPartOf":{"@id":"https:\/\/digital58.com.ve\/site\/2023\/06\/22\/abriran-la-disco-lgbtiq-mas-grande-de-mexico\/"},"author":{"name":"Cana\u00e1n Nayib","@id":"https:\/\/digital58.com.ve\/site\/#\/schema\/person\/730f125d3b753ef33fc78d403e3544bd"},"headline":"Abrir\u00e1n la \u00abdisco\u00bb LGBTIQ+ m\u00e1s grande de M\u00e9xico","datePublished":"2023-06-22T05:29:11+00:00","dateModified":"2023-06-22T11:58:43+00:00","mainEntityOfPage":{"@id":"https:\/\/digital58.com.ve\/site\/2023\/06\/22\/abriran-la-disco-lgbtiq-mas-grande-de-mexico\/"},"wordCount":323,"commentCount":0,"publisher":{"@id":"https:\/\/digital58.com.ve\/site\/#\/schema\/person\/64d1c2e4d0d4fd1b849980c4331c2951"},"image":{"@id":"https:\/\/digital58.com.ve\/site\/2023\/06\/22\/abriran-la-disco-lgbtiq-mas-grande-de-mexico\/#primaryimage"},"thumbnailUrl":"https:\/\/digital58.com.ve\/site\/wp-content\/uploads\/2023\/06\/antro-1.jpg","keywords":["Comunidad LGBTIQ+","Discoteca La Diabla","Farath Coronel","Inauguraciones","Internacionales","M\u00e9xico","Quinta Avenida"],"articleSection":["Sociales"],"inLanguage":"es","potentialAction":[{"@type":"CommentAction","name":"Comment","target":["https:\/\/digital58.com.ve\/site\/2023\/06\/22\/abriran-la-disco-lgbtiq-mas-grande-de-mexico\/#respond"]}]},{"@type":"WebPage","@id":"https:\/\/digital58.com.ve\/site\/2023\/06\/22\/abriran-la-disco-lgbtiq-mas-grande-de-mexico\/","url":"https:\/\/digital58.com.ve\/site\/2023\/06\/22\/abriran-la-disco-lgbtiq-mas-grande-de-mexico\/","name":"Abrir\u00e1n la \u00abdisco\u00bb LGBTIQ+ m\u00e1s grande de M\u00e9xico","isPartOf":{"@id":"https:\/\/digital58.com.ve\/site\/#website"},"primaryImageOfPage":{"@id":"https:\/\/digital58.com.ve\/site\/2023\/06\/22\/abriran-la-disco-lgbtiq-mas-grande-de-mexico\/#primaryimage"},"image":{"@id":"https:\/\/digital58.com.ve\/site\/2023\/06\/22\/abriran-la-disco-lgbtiq-mas-grande-de-mexico\/#primaryimage"},"thumbnailUrl":"https:\/\/digital58.com.ve\/site\/wp-content\/uploads\/2023\/06\/antro-1.jpg","datePublished":"2023-06-22T05:29:11+00:00","dateModified":"2023-06-22T11:58:43+00:00","breadcrumb":{"@id":"https:\/\/digital58.com.ve\/site\/2023\/06\/22\/abriran-la-disco-lgbtiq-mas-grande-de-mexico\/#breadcrumb"},"inLanguage":"es","potentialAction":[{"@type":"ReadAction","target":["https:\/\/digital58.com.ve\/site\/2023\/06\/22\/abriran-la-disco-lgbtiq-mas-grande-de-mexico\/"]}]},{"@type":"ImageObject","inLanguage":"es","@id":"https:\/\/digital58.com.ve\/site\/2023\/06\/22\/abriran-la-disco-lgbtiq-mas-grande-de-mexico\/#primaryimage","url":"https:\/\/digital58.com.ve\/site\/wp-content\/uploads\/2023\/06\/antro-1.jpg","contentUrl":"https:\/\/digital58.com.ve\/site\/wp-content\/uploads\/2023\/06\/antro-1.jpg","width":824,"height":936},{"@type":"BreadcrumbList","@id":"https:\/\/digital58.com.ve\/site\/2023\/06\/22\/abriran-la-disco-lgbtiq-mas-grande-de-mexico\/#breadcrumb","itemListElement":[{"@type":"ListItem","position":1,"name":"Home","item":"https:\/\/digital58.com.ve\/site\/"},{"@type":"ListItem","position":2,"name":"Abrir\u00e1n la \u00abdisco\u00bb LGBTIQ+ m\u00e1s grande de M\u00e9xico"}]},{"@type":"WebSite","@id":"https:\/\/digital58.com.ve\/site\/#website","url":"https:\/\/digital58.com.ve\/site\/","name":"Noticias Digital58","description":"Portal de Noticias \u00a1Periodismo web de verdad! Lanzamiento web 22.11.2005 \/ Maracaibo, Venezuela","publisher":{"@id":"https:\/\/digital58.com.ve\/site\/#\/schema\/person\/64d1c2e4d0d4fd1b849980c4331c2951"},"alternateName":"ND58","potentialAction":[{"@type":"SearchAction","target":{"@type":"EntryPoint","urlTemplate":"https:\/\/digital58.com.ve\/site\/?s={search_term_string}"},"query-input":{"@type":"PropertyValueSpecification","valueRequired":true,"valueName":"search_term_string"}}],"inLanguage":"es"},{"@type":["Person","Organization"],"@id":"https:\/\/digital58.com.ve\/site\/#\/schema\/person\/64d1c2e4d0d4fd1b849980c4331c2951","name":"Villasmil Henry","image":{"@type":"ImageObject","inLanguage":"es","@id":"https:\/\/secure.gravatar.com\/avatar\/bb0c4a2fcb7970138239f7e404ea75757b1b507b28b5ce4c53fbd62d797c5a7c?s=96&d=mm&r=g","url":"https:\/\/secure.gravatar.com\/avatar\/bb0c4a2fcb7970138239f7e404ea75757b1b507b28b5ce4c53fbd62d797c5a7c?s=96&d=mm&r=g","contentUrl":"https:\/\/secure.gravatar.com\/avatar\/bb0c4a2fcb7970138239f7e404ea75757b1b507b28b5ce4c53fbd62d797c5a7c?s=96&d=mm&r=g","caption":"Villasmil Henry"},"logo":{"@id":"https:\/\/secure.gravatar.com\/avatar\/bb0c4a2fcb7970138239f7e404ea75757b1b507b28b5ce4c53fbd62d797c5a7c?s=96&d=mm&r=g"},"sameAs":["http:\/\/www.henryvillasmil.com.ve","https:\/\/www.instagram.com\/villasmilhfoto\/","https:\/\/x.com\/https:\/\/twitter.com\/villasmilhfoto"]},{"@type":"Person","@id":"https:\/\/digital58.com.ve\/site\/#\/schema\/person\/730f125d3b753ef33fc78d403e3544bd","name":"Cana\u00e1n Nayib","image":{"@type":"ImageObject","inLanguage":"es","@id":"https:\/\/secure.gravatar.com\/avatar\/ed8ccf663f2ad260520149da7d559dfa679a1540b599a98f841e423f68e4d7cc?s=96&d=mm&r=g","url":"https:\/\/secure.gravatar.com\/avatar\/ed8ccf663f2ad260520149da7d559dfa679a1540b599a98f841e423f68e4d7cc?s=96&d=mm&r=g","contentUrl":"https:\/\/secure.gravatar.com\/avatar\/ed8ccf663f2ad260520149da7d559dfa679a1540b599a98f841e423f68e4d7cc?s=96&d=mm&r=g","caption":"Cana\u00e1n Nayib"},"url":"https:\/\/digital58.com.ve\/site\/author\/ncanaan\/"}]}},"uagb_featured_image_src":{"full":["https:\/\/digital58.com.ve\/site\/wp-content\/uploads\/2023\/06\/antro-1.jpg",824,936,false],"thumbnail":["https:\/\/digital58.com.ve\/site\/wp-content\/uploads\/2023\/06\/antro-1-150x150.jpg",150,150,true],"medium":["https:\/\/digital58.com.ve\/site\/wp-content\/uploads\/2023\/06\/antro-1-264x300.jpg",264,300,true],"medium_large":["https:\/\/digital58.com.ve\/site\/wp-content\/uploads\/2023\/06\/antro-1-768x872.jpg",768,872,true],"large":["https:\/\/digital58.com.ve\/site\/wp-content\/uploads\/2023\/06\/antro-1.jpg",800,909,false],"1536x1536":["https:\/\/digital58.com.ve\/site\/wp-content\/uploads\/2023\/06\/antro-1.jpg",824,936,false],"2048x2048":["https:\/\/digital58.com.ve\/site\/wp-content\/uploads\/2023\/06\/antro-1.jpg",824,936,false],"colormag-highlighted-post":["https:\/\/digital58.com.ve\/site\/wp-content\/uploads\/2023\/06\/antro-1-392x272.jpg",392,272,true],"colormag-featured-post-medium":["https:\/\/digital58.com.ve\/site\/wp-content\/uploads\/2023\/06\/antro-1-390x205.jpg",390,205,true],"colormag-featured-post-small":["https:\/\/digital58.com.ve\/site\/wp-content\/uploads\/2023\/06\/antro-1-130x90.jpg",130,90,true],"colormag-featured-image":["https:\/\/digital58.com.ve\/site\/wp-content\/uploads\/2023\/06\/antro-1-800x445.jpg",800,445,true],"colormag-default-news":["https:\/\/digital58.com.ve\/site\/wp-content\/uploads\/2023\/06\/antro-1-150x150.jpg",150,150,true],"colormag-featured-image-large":["https:\/\/digital58.com.ve\/site\/wp-content\/uploads\/2023\/06\/antro-1-824x600.jpg",824,600,true]},"uagb_author_info":{"display_name":"Cana\u00e1n Nayib","author_link":"https:\/\/digital58.com.ve\/site\/author\/ncanaan\/"},"uagb_comment_info":0,"uagb_excerpt":"Con atracciones, espect\u00e1culos y la presencia de reconocidos influencers comenzar\u00e1 la fiesta este viernes 23 de junio. M\u00e9xico, 22 de","_links":{"self":[{"href":"https:\/\/digital58.com.ve\/site\/wp-json\/wp\/v2\/posts\/168054","targetHints":{"allow":["GET"]}}],"collection":[{"href":"https:\/\/digital58.com.ve\/site\/wp-json\/wp\/v2\/posts"}],"about":[{"href":"https:\/\/digital58.com.ve\/site\/wp-json\/wp\/v2\/types\/post"}],"author":[{"embeddable":true,"href":"https:\/\/digital58.com.ve\/site\/wp-json\/wp\/v2\/users\/20"}],"replies":[{"embeddable":true,"href":"https:\/\/digital58.com.ve\/site\/wp-json\/wp\/v2\/comments?post=168054"}],"version-history":[{"count":3,"href":"https:\/\/digital58.com.ve\/site\/wp-json\/wp\/v2\/posts\/168054\/revisions"}],"predecessor-version":[{"id":168059,"href":"https:\/\/digital58.com.ve\/site\/wp-json\/wp\/v2\/posts\/168054\/revisions\/168059"}],"wp:featuredmedia":[{"embeddable":true,"href":"https:\/\/digital58.com.ve\/site\/wp-json\/wp\/v2\/media\/168056"}],"wp:attachment":[{"href":"https:\/\/digital58.com.ve\/site\/wp-json\/wp\/v2\/media?parent=168054"}],"wp:term":[{"taxonomy":"category","embeddable":true,"href":"https:\/\/digital58.com.ve\/site\/wp-json\/wp\/v2\/categories?post=168054"},{"taxonomy":"post_tag","embeddable":true,"href":"https:\/\/digital58.com.ve\/site\/wp-json\/wp\/v2\/tags?post=168054"}],"curies":[{"name":"wp","href":"https:\/\/api.w.org\/{rel}","templated":true}]}}