{"id":168251,"date":"2023-06-28T19:45:24","date_gmt":"2023-06-28T23:45:24","guid":{"rendered":"https:\/\/digital58.com.ve\/site\/?p=168251"},"modified":"2023-06-29T00:18:47","modified_gmt":"2023-06-29T04:18:47","slug":"zulia-concejales-marabinos-rinden-homenaje-a-los-profesionales-del-derecho-en-la-ciudad","status":"publish","type":"post","link":"https:\/\/digital58.com.ve\/site\/2023\/06\/28\/zulia-concejales-marabinos-rinden-homenaje-a-los-profesionales-del-derecho-en-la-ciudad\/","title":{"rendered":"#Zulia| Concejales maracaiberos rinden homenaje a los profesionales del derecho en la ciudad"},"content":{"rendered":"<p><img loading=\"lazy\" decoding=\"async\" class=\"aligncenter wp-image-168252 size-full\" src=\"https:\/\/digital58.com.ve\/site\/wp-content\/uploads\/2023\/06\/WhatsApp-Image-2023-06-28-at-12.12.15-PM.jpeg\" alt=\"\" width=\"893\" height=\"790\" srcset=\"https:\/\/digital58.com.ve\/site\/wp-content\/uploads\/2023\/06\/WhatsApp-Image-2023-06-28-at-12.12.15-PM.jpeg 893w, https:\/\/digital58.com.ve\/site\/wp-content\/uploads\/2023\/06\/WhatsApp-Image-2023-06-28-at-12.12.15-PM-300x265.jpeg 300w, https:\/\/digital58.com.ve\/site\/wp-content\/uploads\/2023\/06\/WhatsApp-Image-2023-06-28-at-12.12.15-PM-768x679.jpeg 768w\" sizes=\"auto, (max-width: 893px) 100vw, 893px\" \/><\/p>\n<p>Desde las instalaciones del sal\u00f3n de sesiones \u00abDr. Jes\u00fas Enrique Lossada\u00bb del Concejo Municipal de Maracaibo, este martes 27 de junio, los distintos ediles maracaiberos celebraron el D\u00eda Nacional del Abogado, donde participaron representantes del Colegio de Abogados y distintos profesionales del derecho que han desarrollado su carrera dentro de la ciudad.<\/p>\n<p><strong>Maracaibo, Zulia, Venezuela, 28 de junio de 2023 (ND58).-<\/strong> El presidente del Poder Legislativo Municipal, Jos\u00e9 Berm\u00fadez, quien adem\u00e1s es abogado de profesi\u00f3n, expres\u00f3 que \u00abes un honor para m\u00ed dirigirme a mis colegas y reconocer su trabajo y su dedicaci\u00f3n en la defensa de los derechos de la ciudadan\u00eda. Hay una frase que dice que sin abogados no hay leyes y sin leyes no hay derecho y si derecho no hay justicia, sin justicia no hay nada\u00bb.<\/p>\n<p>\u00abHoy quiero resaltar el valor de los profesionales que d\u00eda a d\u00eda seguimos trabajando y esforz\u00e1ndonos a pesar de los retos y dificultades seguimos luchando por una Venezuela donde se cumpla el estado de derecho y justicia\u00bb, finaliz\u00f3 el presidente Berm\u00fadez.<\/p>\n<p>Por otra parte, el tesorero de la Federaci\u00f3n del Colegios de Abogados de Venezuela, MSc. Jes\u00fas Vergara Pe\u00f1a, quien fue el orador de orden de esta importante sesi\u00f3n, declar\u00f3 durante su discurso que \u00abesta fecha es muy importante para dar unas sentidas palabras al gremio de abogado y legisladores especiales que se han congregado en este recinto del pueblo con motivo de la sesi\u00f3n solemne del Concejo Municipal de Maracaibo como un homenaje a los profesionales del derecho que tanto han dedicado al pa\u00eds, al estado y a la ciudad\u00bb.<\/p>\n<p>\u00abQuiero iniciar estas palabras con unas citas textuales de grandes pensadores, el derecho consiste en tres reglas que ya hablo el presidente Berm\u00fadez, que son; vivir honestamente, no da\u00f1ar a los dem\u00e1s y darle a cada uno lo suyo\u00bb, agreg\u00f3 Vergara.<\/p>\n<p>Es importante destacar, que el abogado ejerce profesionalmente la defensa jur\u00eddica de una de las partes en juicio, as\u00ed como los procesos judiciales y administrativos ocasionados o sufridos por ella adem\u00e1s asesoran y da consejo en materias jur\u00eddicas.<\/p>\n<p><strong>Redacci\u00f3n ND58 \/ Morales, Carolina (@Vallecarola) <\/strong><br \/>\n<strong>Fuente: Prensa Concejo Municipal de Maracaibo<\/strong><br \/>\n<strong>Edici\u00f3n: Villasmil, Henry<\/strong><br \/>\n<strong>Gr\u00e1fica: Cortes\u00eda<\/strong><\/p>\n<p>&nbsp;<\/p><div class=\"fwula69f22b3b89eab\" ><p style=\"text-align: center;\"><a href=\"https:\/\/t.me\/noticiasdigital58\" target=\"_blank\" rel=\"noopener\"><img class=\"aligncenter size-full wp-image-125363\" src=\"https:\/\/digital58.com.ve\/site\/wp-content\/uploads\/2021\/04\/banner-telegram-web-2021.png\" alt=\"\" width=\"600\" height=\"90\" \/><\/a><\/p><\/div><style type=\"text\/css\">\r\n@media screen and (min-width: 1201px) {\r\n.fwula69f22b3b89eab {\r\ndisplay: block;\r\n}\r\n}\r\n@media screen and (min-width: 993px) and (max-width: 1200px) {\r\n.fwula69f22b3b89eab {\r\ndisplay: block;\r\n}\r\n}\r\n@media screen and (min-width: 769px) and (max-width: 992px) {\r\n.fwula69f22b3b89eab {\r\ndisplay: block;\r\n}\r\n}\r\n@media screen and (min-width: 768px) and (max-width: 768px) {\r\n.fwula69f22b3b89eab {\r\ndisplay: block;\r\n}\r\n}\r\n@media screen and (max-width: 767px) {\r\n.fwula69f22b3b89eab {\r\ndisplay: block;\r\n}\r\n}\r\n<\/style>\r\n\n<p>&nbsp;<\/p>\n<div style=\"margin-top: 0px; margin-bottom: 0px;\" class=\"sharethis-inline-share-buttons\" ><\/div>","protected":false},"excerpt":{"rendered":"<p>Desde las instalaciones del sal\u00f3n de sesiones \u00abDr. Jes\u00fas Enrique Lossada\u00bb del Concejo Municipal de Maracaibo, este martes 27 de<\/p>\n","protected":false},"author":34,"featured_media":168252,"comment_status":"open","ping_status":"closed","sticky":false,"template":"","format":"standard","meta":{"colormag_page_container_layout":"default_layout","colormag_page_sidebar_layout":"default_layout","_uag_custom_page_level_css":"","footnotes":""},"categories":[14504],"tags":[19078,31897,27297,73,233,30473,2354,32],"class_list":["post-168251","post","type-post","status-publish","format-standard","has-post-thumbnail","hentry","category-zulia","tag-concejo-municipal-de-maracaibo","tag-dia-nacional-del-abogado","tag-jose-bermudez","tag-maracaibo","tag-nacionales","tag-poder-legislativo-municipal","tag-regionales","tag-venezuela"],"yoast_head":"<!-- This site is optimized with the Yoast SEO plugin v27.5 - https:\/\/yoast.com\/product\/yoast-seo-wordpress\/ -->\n<title>#Zulia| Concejales maracaiberos rinden homenaje a los profesionales del derecho en la ciudad<\/title>\n<meta name=\"robots\" content=\"index, follow, max-snippet:-1, max-image-preview:large, max-video-preview:-1\" \/>\n<link rel=\"canonical\" href=\"https:\/\/digital58.com.ve\/site\/2023\/06\/28\/zulia-concejales-marabinos-rinden-homenaje-a-los-profesionales-del-derecho-en-la-ciudad\/\" \/>\n<meta property=\"og:locale\" content=\"es_ES\" \/>\n<meta property=\"og:type\" content=\"article\" \/>\n<meta property=\"og:title\" content=\"#Zulia| Concejales maracaiberos rinden homenaje a los profesionales del derecho en la ciudad\" \/>\n<meta property=\"og:url\" content=\"https:\/\/digital58.com.ve\/site\/2023\/06\/28\/zulia-concejales-marabinos-rinden-homenaje-a-los-profesionales-del-derecho-en-la-ciudad\/\" \/>\n<meta property=\"og:site_name\" content=\"Noticias Digital58\" \/>\n<meta property=\"article:published_time\" content=\"2023-06-28T23:45:24+00:00\" \/>\n<meta property=\"article:modified_time\" content=\"2023-06-29T04:18:47+00:00\" \/>\n<meta property=\"og:image\" content=\"https:\/\/i0.wp.com\/digital58.com.ve\/site\/wp-content\/uploads\/2023\/06\/WhatsApp-Image-2023-06-28-at-12.12.15-PM.jpeg?fit=893%2C790&ssl=1\" \/>\n\t<meta property=\"og:image:width\" content=\"893\" \/>\n\t<meta property=\"og:image:height\" content=\"790\" \/>\n\t<meta property=\"og:image:type\" content=\"image\/jpeg\" \/>\n<meta name=\"author\" content=\"Carolina del Valle Morales\" \/>\n<meta name=\"twitter:card\" content=\"summary_large_image\" \/>\n<meta name=\"twitter:creator\" content=\"@Digital_58\" \/>\n<meta name=\"twitter:site\" content=\"@villasmilhfoto\" \/>\n<meta name=\"twitter:label1\" content=\"Escrito por\" \/>\n\t<meta name=\"twitter:data1\" content=\"Carolina del Valle Morales\" \/>\n\t<meta name=\"twitter:label2\" content=\"Tiempo estimado de lectura\" \/>\n\t<meta name=\"twitter:data2\" content=\"2 minutos\" \/>\n<script type=\"application\/ld+json\" class=\"yoast-schema-graph\">{\"@context\":\"https:\\\/\\\/schema.org\",\"@graph\":[{\"@type\":\"Article\",\"@id\":\"https:\\\/\\\/digital58.com.ve\\\/site\\\/2023\\\/06\\\/28\\\/zulia-concejales-marabinos-rinden-homenaje-a-los-profesionales-del-derecho-en-la-ciudad\\\/#article\",\"isPartOf\":{\"@id\":\"https:\\\/\\\/digital58.com.ve\\\/site\\\/2023\\\/06\\\/28\\\/zulia-concejales-marabinos-rinden-homenaje-a-los-profesionales-del-derecho-en-la-ciudad\\\/\"},\"author\":{\"name\":\"Carolina del Valle Morales\",\"@id\":\"https:\\\/\\\/digital58.com.ve\\\/site\\\/#\\\/schema\\\/person\\\/5ef3ed6588a1de18f098d7d8c909834b\"},\"headline\":\"#Zulia| Concejales maracaiberos rinden homenaje a los profesionales del derecho en la ciudad\",\"datePublished\":\"2023-06-28T23:45:24+00:00\",\"dateModified\":\"2023-06-29T04:18:47+00:00\",\"mainEntityOfPage\":{\"@id\":\"https:\\\/\\\/digital58.com.ve\\\/site\\\/2023\\\/06\\\/28\\\/zulia-concejales-marabinos-rinden-homenaje-a-los-profesionales-del-derecho-en-la-ciudad\\\/\"},\"wordCount\":397,\"commentCount\":0,\"publisher\":{\"@id\":\"https:\\\/\\\/digital58.com.ve\\\/site\\\/#\\\/schema\\\/person\\\/64d1c2e4d0d4fd1b849980c4331c2951\"},\"image\":{\"@id\":\"https:\\\/\\\/digital58.com.ve\\\/site\\\/2023\\\/06\\\/28\\\/zulia-concejales-marabinos-rinden-homenaje-a-los-profesionales-del-derecho-en-la-ciudad\\\/#primaryimage\"},\"thumbnailUrl\":\"https:\\\/\\\/digital58.com.ve\\\/site\\\/wp-content\\\/uploads\\\/2023\\\/06\\\/WhatsApp-Image-2023-06-28-at-12.12.15-PM.jpeg\",\"keywords\":[\"Concejo Municipal de Maracaibo\",\"D\u00eda Nacional del Abogado\",\"Jos\u00e9 Berm\u00fadez\",\"Maracaibo\",\"Nacionales\",\"Poder Legislativo Municipal\",\"Regionales\",\"Venezuela\"],\"articleSection\":[\"Zulia\"],\"inLanguage\":\"es\",\"potentialAction\":[{\"@type\":\"CommentAction\",\"name\":\"Comment\",\"target\":[\"https:\\\/\\\/digital58.com.ve\\\/site\\\/2023\\\/06\\\/28\\\/zulia-concejales-marabinos-rinden-homenaje-a-los-profesionales-del-derecho-en-la-ciudad\\\/#respond\"]}]},{\"@type\":\"WebPage\",\"@id\":\"https:\\\/\\\/digital58.com.ve\\\/site\\\/2023\\\/06\\\/28\\\/zulia-concejales-marabinos-rinden-homenaje-a-los-profesionales-del-derecho-en-la-ciudad\\\/\",\"url\":\"https:\\\/\\\/digital58.com.ve\\\/site\\\/2023\\\/06\\\/28\\\/zulia-concejales-marabinos-rinden-homenaje-a-los-profesionales-del-derecho-en-la-ciudad\\\/\",\"name\":\"#Zulia| Concejales maracaiberos rinden homenaje a los profesionales del derecho en la ciudad\",\"isPartOf\":{\"@id\":\"https:\\\/\\\/digital58.com.ve\\\/site\\\/#website\"},\"primaryImageOfPage\":{\"@id\":\"https:\\\/\\\/digital58.com.ve\\\/site\\\/2023\\\/06\\\/28\\\/zulia-concejales-marabinos-rinden-homenaje-a-los-profesionales-del-derecho-en-la-ciudad\\\/#primaryimage\"},\"image\":{\"@id\":\"https:\\\/\\\/digital58.com.ve\\\/site\\\/2023\\\/06\\\/28\\\/zulia-concejales-marabinos-rinden-homenaje-a-los-profesionales-del-derecho-en-la-ciudad\\\/#primaryimage\"},\"thumbnailUrl\":\"https:\\\/\\\/digital58.com.ve\\\/site\\\/wp-content\\\/uploads\\\/2023\\\/06\\\/WhatsApp-Image-2023-06-28-at-12.12.15-PM.jpeg\",\"datePublished\":\"2023-06-28T23:45:24+00:00\",\"dateModified\":\"2023-06-29T04:18:47+00:00\",\"breadcrumb\":{\"@id\":\"https:\\\/\\\/digital58.com.ve\\\/site\\\/2023\\\/06\\\/28\\\/zulia-concejales-marabinos-rinden-homenaje-a-los-profesionales-del-derecho-en-la-ciudad\\\/#breadcrumb\"},\"inLanguage\":\"es\",\"potentialAction\":[{\"@type\":\"ReadAction\",\"target\":[\"https:\\\/\\\/digital58.com.ve\\\/site\\\/2023\\\/06\\\/28\\\/zulia-concejales-marabinos-rinden-homenaje-a-los-profesionales-del-derecho-en-la-ciudad\\\/\"]}]},{\"@type\":\"ImageObject\",\"inLanguage\":\"es\",\"@id\":\"https:\\\/\\\/digital58.com.ve\\\/site\\\/2023\\\/06\\\/28\\\/zulia-concejales-marabinos-rinden-homenaje-a-los-profesionales-del-derecho-en-la-ciudad\\\/#primaryimage\",\"url\":\"https:\\\/\\\/digital58.com.ve\\\/site\\\/wp-content\\\/uploads\\\/2023\\\/06\\\/WhatsApp-Image-2023-06-28-at-12.12.15-PM.jpeg\",\"contentUrl\":\"https:\\\/\\\/digital58.com.ve\\\/site\\\/wp-content\\\/uploads\\\/2023\\\/06\\\/WhatsApp-Image-2023-06-28-at-12.12.15-PM.jpeg\",\"width\":893,\"height\":790},{\"@type\":\"BreadcrumbList\",\"@id\":\"https:\\\/\\\/digital58.com.ve\\\/site\\\/2023\\\/06\\\/28\\\/zulia-concejales-marabinos-rinden-homenaje-a-los-profesionales-del-derecho-en-la-ciudad\\\/#breadcrumb\",\"itemListElement\":[{\"@type\":\"ListItem\",\"position\":1,\"name\":\"Home\",\"item\":\"https:\\\/\\\/digital58.com.ve\\\/site\\\/\"},{\"@type\":\"ListItem\",\"position\":2,\"name\":\"#Zulia| Concejales maracaiberos rinden homenaje a los profesionales del derecho en la ciudad\"}]},{\"@type\":\"WebSite\",\"@id\":\"https:\\\/\\\/digital58.com.ve\\\/site\\\/#website\",\"url\":\"https:\\\/\\\/digital58.com.ve\\\/site\\\/\",\"name\":\"Noticias Digital58\",\"description\":\"Portal de Noticias \u00a1Periodismo web de verdad! Lanzamiento web 22.11.2005 \\\/ Maracaibo, Venezuela\",\"publisher\":{\"@id\":\"https:\\\/\\\/digital58.com.ve\\\/site\\\/#\\\/schema\\\/person\\\/64d1c2e4d0d4fd1b849980c4331c2951\"},\"alternateName\":\"ND58\",\"potentialAction\":[{\"@type\":\"SearchAction\",\"target\":{\"@type\":\"EntryPoint\",\"urlTemplate\":\"https:\\\/\\\/digital58.com.ve\\\/site\\\/?s={search_term_string}\"},\"query-input\":{\"@type\":\"PropertyValueSpecification\",\"valueRequired\":true,\"valueName\":\"search_term_string\"}}],\"inLanguage\":\"es\"},{\"@type\":[\"Person\",\"Organization\"],\"@id\":\"https:\\\/\\\/digital58.com.ve\\\/site\\\/#\\\/schema\\\/person\\\/64d1c2e4d0d4fd1b849980c4331c2951\",\"name\":\"Villasmil Henry\",\"image\":{\"@type\":\"ImageObject\",\"inLanguage\":\"es\",\"@id\":\"https:\\\/\\\/secure.gravatar.com\\\/avatar\\\/bb0c4a2fcb7970138239f7e404ea75757b1b507b28b5ce4c53fbd62d797c5a7c?s=96&d=mm&r=g\",\"url\":\"https:\\\/\\\/secure.gravatar.com\\\/avatar\\\/bb0c4a2fcb7970138239f7e404ea75757b1b507b28b5ce4c53fbd62d797c5a7c?s=96&d=mm&r=g\",\"contentUrl\":\"https:\\\/\\\/secure.gravatar.com\\\/avatar\\\/bb0c4a2fcb7970138239f7e404ea75757b1b507b28b5ce4c53fbd62d797c5a7c?s=96&d=mm&r=g\",\"caption\":\"Villasmil Henry\"},\"logo\":{\"@id\":\"https:\\\/\\\/secure.gravatar.com\\\/avatar\\\/bb0c4a2fcb7970138239f7e404ea75757b1b507b28b5ce4c53fbd62d797c5a7c?s=96&d=mm&r=g\"},\"sameAs\":[\"http:\\\/\\\/www.henryvillasmil.com.ve\",\"https:\\\/\\\/www.instagram.com\\\/villasmilhfoto\\\/\",\"https:\\\/\\\/x.com\\\/https:\\\/\\\/twitter.com\\\/villasmilhfoto\"]},{\"@type\":\"Person\",\"@id\":\"https:\\\/\\\/digital58.com.ve\\\/site\\\/#\\\/schema\\\/person\\\/5ef3ed6588a1de18f098d7d8c909834b\",\"name\":\"Carolina del Valle Morales\",\"image\":{\"@type\":\"ImageObject\",\"inLanguage\":\"es\",\"@id\":\"https:\\\/\\\/secure.gravatar.com\\\/avatar\\\/0cdf0a8cbb9d61ccd1c45dac3181142ad3ad1771aecb28412b09b868d168ef63?s=96&d=mm&r=g\",\"url\":\"https:\\\/\\\/secure.gravatar.com\\\/avatar\\\/0cdf0a8cbb9d61ccd1c45dac3181142ad3ad1771aecb28412b09b868d168ef63?s=96&d=mm&r=g\",\"contentUrl\":\"https:\\\/\\\/secure.gravatar.com\\\/avatar\\\/0cdf0a8cbb9d61ccd1c45dac3181142ad3ad1771aecb28412b09b868d168ef63?s=96&d=mm&r=g\",\"caption\":\"Carolina del Valle Morales\"},\"url\":\"https:\\\/\\\/digital58.com.ve\\\/site\\\/author\\\/vallecarola\\\/\"}]}<\/script>\n<!-- \/ Yoast SEO plugin. -->","yoast_head_json":{"title":"#Zulia| Concejales maracaiberos rinden homenaje a los profesionales del derecho en la ciudad","robots":{"index":"index","follow":"follow","max-snippet":"max-snippet:-1","max-image-preview":"max-image-preview:large","max-video-preview":"max-video-preview:-1"},"canonical":"https:\/\/digital58.com.ve\/site\/2023\/06\/28\/zulia-concejales-marabinos-rinden-homenaje-a-los-profesionales-del-derecho-en-la-ciudad\/","og_locale":"es_ES","og_type":"article","og_title":"#Zulia| Concejales maracaiberos rinden homenaje a los profesionales del derecho en la ciudad","og_url":"https:\/\/digital58.com.ve\/site\/2023\/06\/28\/zulia-concejales-marabinos-rinden-homenaje-a-los-profesionales-del-derecho-en-la-ciudad\/","og_site_name":"Noticias Digital58","article_published_time":"2023-06-28T23:45:24+00:00","article_modified_time":"2023-06-29T04:18:47+00:00","og_image":[{"width":893,"height":790,"url":"https:\/\/i0.wp.com\/digital58.com.ve\/site\/wp-content\/uploads\/2023\/06\/WhatsApp-Image-2023-06-28-at-12.12.15-PM.jpeg?fit=893%2C790&ssl=1","type":"image\/jpeg"}],"author":"Carolina del Valle Morales","twitter_card":"summary_large_image","twitter_creator":"@Digital_58","twitter_site":"@villasmilhfoto","twitter_misc":{"Escrito por":"Carolina del Valle Morales","Tiempo estimado de lectura":"2 minutos"},"schema":{"@context":"https:\/\/schema.org","@graph":[{"@type":"Article","@id":"https:\/\/digital58.com.ve\/site\/2023\/06\/28\/zulia-concejales-marabinos-rinden-homenaje-a-los-profesionales-del-derecho-en-la-ciudad\/#article","isPartOf":{"@id":"https:\/\/digital58.com.ve\/site\/2023\/06\/28\/zulia-concejales-marabinos-rinden-homenaje-a-los-profesionales-del-derecho-en-la-ciudad\/"},"author":{"name":"Carolina del Valle Morales","@id":"https:\/\/digital58.com.ve\/site\/#\/schema\/person\/5ef3ed6588a1de18f098d7d8c909834b"},"headline":"#Zulia| Concejales maracaiberos rinden homenaje a los profesionales del derecho en la ciudad","datePublished":"2023-06-28T23:45:24+00:00","dateModified":"2023-06-29T04:18:47+00:00","mainEntityOfPage":{"@id":"https:\/\/digital58.com.ve\/site\/2023\/06\/28\/zulia-concejales-marabinos-rinden-homenaje-a-los-profesionales-del-derecho-en-la-ciudad\/"},"wordCount":397,"commentCount":0,"publisher":{"@id":"https:\/\/digital58.com.ve\/site\/#\/schema\/person\/64d1c2e4d0d4fd1b849980c4331c2951"},"image":{"@id":"https:\/\/digital58.com.ve\/site\/2023\/06\/28\/zulia-concejales-marabinos-rinden-homenaje-a-los-profesionales-del-derecho-en-la-ciudad\/#primaryimage"},"thumbnailUrl":"https:\/\/digital58.com.ve\/site\/wp-content\/uploads\/2023\/06\/WhatsApp-Image-2023-06-28-at-12.12.15-PM.jpeg","keywords":["Concejo Municipal de Maracaibo","D\u00eda Nacional del Abogado","Jos\u00e9 Berm\u00fadez","Maracaibo","Nacionales","Poder Legislativo Municipal","Regionales","Venezuela"],"articleSection":["Zulia"],"inLanguage":"es","potentialAction":[{"@type":"CommentAction","name":"Comment","target":["https:\/\/digital58.com.ve\/site\/2023\/06\/28\/zulia-concejales-marabinos-rinden-homenaje-a-los-profesionales-del-derecho-en-la-ciudad\/#respond"]}]},{"@type":"WebPage","@id":"https:\/\/digital58.com.ve\/site\/2023\/06\/28\/zulia-concejales-marabinos-rinden-homenaje-a-los-profesionales-del-derecho-en-la-ciudad\/","url":"https:\/\/digital58.com.ve\/site\/2023\/06\/28\/zulia-concejales-marabinos-rinden-homenaje-a-los-profesionales-del-derecho-en-la-ciudad\/","name":"#Zulia| Concejales maracaiberos rinden homenaje a los profesionales del derecho en la ciudad","isPartOf":{"@id":"https:\/\/digital58.com.ve\/site\/#website"},"primaryImageOfPage":{"@id":"https:\/\/digital58.com.ve\/site\/2023\/06\/28\/zulia-concejales-marabinos-rinden-homenaje-a-los-profesionales-del-derecho-en-la-ciudad\/#primaryimage"},"image":{"@id":"https:\/\/digital58.com.ve\/site\/2023\/06\/28\/zulia-concejales-marabinos-rinden-homenaje-a-los-profesionales-del-derecho-en-la-ciudad\/#primaryimage"},"thumbnailUrl":"https:\/\/digital58.com.ve\/site\/wp-content\/uploads\/2023\/06\/WhatsApp-Image-2023-06-28-at-12.12.15-PM.jpeg","datePublished":"2023-06-28T23:45:24+00:00","dateModified":"2023-06-29T04:18:47+00:00","breadcrumb":{"@id":"https:\/\/digital58.com.ve\/site\/2023\/06\/28\/zulia-concejales-marabinos-rinden-homenaje-a-los-profesionales-del-derecho-en-la-ciudad\/#breadcrumb"},"inLanguage":"es","potentialAction":[{"@type":"ReadAction","target":["https:\/\/digital58.com.ve\/site\/2023\/06\/28\/zulia-concejales-marabinos-rinden-homenaje-a-los-profesionales-del-derecho-en-la-ciudad\/"]}]},{"@type":"ImageObject","inLanguage":"es","@id":"https:\/\/digital58.com.ve\/site\/2023\/06\/28\/zulia-concejales-marabinos-rinden-homenaje-a-los-profesionales-del-derecho-en-la-ciudad\/#primaryimage","url":"https:\/\/digital58.com.ve\/site\/wp-content\/uploads\/2023\/06\/WhatsApp-Image-2023-06-28-at-12.12.15-PM.jpeg","contentUrl":"https:\/\/digital58.com.ve\/site\/wp-content\/uploads\/2023\/06\/WhatsApp-Image-2023-06-28-at-12.12.15-PM.jpeg","width":893,"height":790},{"@type":"BreadcrumbList","@id":"https:\/\/digital58.com.ve\/site\/2023\/06\/28\/zulia-concejales-marabinos-rinden-homenaje-a-los-profesionales-del-derecho-en-la-ciudad\/#breadcrumb","itemListElement":[{"@type":"ListItem","position":1,"name":"Home","item":"https:\/\/digital58.com.ve\/site\/"},{"@type":"ListItem","position":2,"name":"#Zulia| Concejales maracaiberos rinden homenaje a los profesionales del derecho en la ciudad"}]},{"@type":"WebSite","@id":"https:\/\/digital58.com.ve\/site\/#website","url":"https:\/\/digital58.com.ve\/site\/","name":"Noticias Digital58","description":"Portal de Noticias \u00a1Periodismo web de verdad! Lanzamiento web 22.11.2005 \/ Maracaibo, Venezuela","publisher":{"@id":"https:\/\/digital58.com.ve\/site\/#\/schema\/person\/64d1c2e4d0d4fd1b849980c4331c2951"},"alternateName":"ND58","potentialAction":[{"@type":"SearchAction","target":{"@type":"EntryPoint","urlTemplate":"https:\/\/digital58.com.ve\/site\/?s={search_term_string}"},"query-input":{"@type":"PropertyValueSpecification","valueRequired":true,"valueName":"search_term_string"}}],"inLanguage":"es"},{"@type":["Person","Organization"],"@id":"https:\/\/digital58.com.ve\/site\/#\/schema\/person\/64d1c2e4d0d4fd1b849980c4331c2951","name":"Villasmil Henry","image":{"@type":"ImageObject","inLanguage":"es","@id":"https:\/\/secure.gravatar.com\/avatar\/bb0c4a2fcb7970138239f7e404ea75757b1b507b28b5ce4c53fbd62d797c5a7c?s=96&d=mm&r=g","url":"https:\/\/secure.gravatar.com\/avatar\/bb0c4a2fcb7970138239f7e404ea75757b1b507b28b5ce4c53fbd62d797c5a7c?s=96&d=mm&r=g","contentUrl":"https:\/\/secure.gravatar.com\/avatar\/bb0c4a2fcb7970138239f7e404ea75757b1b507b28b5ce4c53fbd62d797c5a7c?s=96&d=mm&r=g","caption":"Villasmil Henry"},"logo":{"@id":"https:\/\/secure.gravatar.com\/avatar\/bb0c4a2fcb7970138239f7e404ea75757b1b507b28b5ce4c53fbd62d797c5a7c?s=96&d=mm&r=g"},"sameAs":["http:\/\/www.henryvillasmil.com.ve","https:\/\/www.instagram.com\/villasmilhfoto\/","https:\/\/x.com\/https:\/\/twitter.com\/villasmilhfoto"]},{"@type":"Person","@id":"https:\/\/digital58.com.ve\/site\/#\/schema\/person\/5ef3ed6588a1de18f098d7d8c909834b","name":"Carolina del Valle Morales","image":{"@type":"ImageObject","inLanguage":"es","@id":"https:\/\/secure.gravatar.com\/avatar\/0cdf0a8cbb9d61ccd1c45dac3181142ad3ad1771aecb28412b09b868d168ef63?s=96&d=mm&r=g","url":"https:\/\/secure.gravatar.com\/avatar\/0cdf0a8cbb9d61ccd1c45dac3181142ad3ad1771aecb28412b09b868d168ef63?s=96&d=mm&r=g","contentUrl":"https:\/\/secure.gravatar.com\/avatar\/0cdf0a8cbb9d61ccd1c45dac3181142ad3ad1771aecb28412b09b868d168ef63?s=96&d=mm&r=g","caption":"Carolina del Valle Morales"},"url":"https:\/\/digital58.com.ve\/site\/author\/vallecarola\/"}]}},"uagb_featured_image_src":{"full":["https:\/\/digital58.com.ve\/site\/wp-content\/uploads\/2023\/06\/WhatsApp-Image-2023-06-28-at-12.12.15-PM.jpeg",893,790,false],"thumbnail":["https:\/\/digital58.com.ve\/site\/wp-content\/uploads\/2023\/06\/WhatsApp-Image-2023-06-28-at-12.12.15-PM-150x150.jpeg",150,150,true],"medium":["https:\/\/digital58.com.ve\/site\/wp-content\/uploads\/2023\/06\/WhatsApp-Image-2023-06-28-at-12.12.15-PM-300x265.jpeg",300,265,true],"medium_large":["https:\/\/digital58.com.ve\/site\/wp-content\/uploads\/2023\/06\/WhatsApp-Image-2023-06-28-at-12.12.15-PM-768x679.jpeg",768,679,true],"large":["https:\/\/digital58.com.ve\/site\/wp-content\/uploads\/2023\/06\/WhatsApp-Image-2023-06-28-at-12.12.15-PM.jpeg",800,708,false],"1536x1536":["https:\/\/digital58.com.ve\/site\/wp-content\/uploads\/2023\/06\/WhatsApp-Image-2023-06-28-at-12.12.15-PM.jpeg",893,790,false],"2048x2048":["https:\/\/digital58.com.ve\/site\/wp-content\/uploads\/2023\/06\/WhatsApp-Image-2023-06-28-at-12.12.15-PM.jpeg",893,790,false],"colormag-highlighted-post":["https:\/\/digital58.com.ve\/site\/wp-content\/uploads\/2023\/06\/WhatsApp-Image-2023-06-28-at-12.12.15-PM-392x272.jpeg",392,272,true],"colormag-featured-post-medium":["https:\/\/digital58.com.ve\/site\/wp-content\/uploads\/2023\/06\/WhatsApp-Image-2023-06-28-at-12.12.15-PM-390x205.jpeg",390,205,true],"colormag-featured-post-small":["https:\/\/digital58.com.ve\/site\/wp-content\/uploads\/2023\/06\/WhatsApp-Image-2023-06-28-at-12.12.15-PM-130x90.jpeg",130,90,true],"colormag-featured-image":["https:\/\/digital58.com.ve\/site\/wp-content\/uploads\/2023\/06\/WhatsApp-Image-2023-06-28-at-12.12.15-PM-800x445.jpeg",800,445,true],"colormag-default-news":["https:\/\/digital58.com.ve\/site\/wp-content\/uploads\/2023\/06\/WhatsApp-Image-2023-06-28-at-12.12.15-PM-150x150.jpeg",150,150,true],"colormag-featured-image-large":["https:\/\/digital58.com.ve\/site\/wp-content\/uploads\/2023\/06\/WhatsApp-Image-2023-06-28-at-12.12.15-PM-893x600.jpeg",893,600,true]},"uagb_author_info":{"display_name":"Carolina del Valle Morales","author_link":"https:\/\/digital58.com.ve\/site\/author\/vallecarola\/"},"uagb_comment_info":0,"uagb_excerpt":"Desde las instalaciones del sal\u00f3n de sesiones \u00abDr. Jes\u00fas Enrique Lossada\u00bb del Concejo Municipal de Maracaibo, este martes 27 de","_links":{"self":[{"href":"https:\/\/digital58.com.ve\/site\/wp-json\/wp\/v2\/posts\/168251","targetHints":{"allow":["GET"]}}],"collection":[{"href":"https:\/\/digital58.com.ve\/site\/wp-json\/wp\/v2\/posts"}],"about":[{"href":"https:\/\/digital58.com.ve\/site\/wp-json\/wp\/v2\/types\/post"}],"author":[{"embeddable":true,"href":"https:\/\/digital58.com.ve\/site\/wp-json\/wp\/v2\/users\/34"}],"replies":[{"embeddable":true,"href":"https:\/\/digital58.com.ve\/site\/wp-json\/wp\/v2\/comments?post=168251"}],"version-history":[{"count":3,"href":"https:\/\/digital58.com.ve\/site\/wp-json\/wp\/v2\/posts\/168251\/revisions"}],"predecessor-version":[{"id":168266,"href":"https:\/\/digital58.com.ve\/site\/wp-json\/wp\/v2\/posts\/168251\/revisions\/168266"}],"wp:featuredmedia":[{"embeddable":true,"href":"https:\/\/digital58.com.ve\/site\/wp-json\/wp\/v2\/media\/168252"}],"wp:attachment":[{"href":"https:\/\/digital58.com.ve\/site\/wp-json\/wp\/v2\/media?parent=168251"}],"wp:term":[{"taxonomy":"category","embeddable":true,"href":"https:\/\/digital58.com.ve\/site\/wp-json\/wp\/v2\/categories?post=168251"},{"taxonomy":"post_tag","embeddable":true,"href":"https:\/\/digital58.com.ve\/site\/wp-json\/wp\/v2\/tags?post=168251"}],"curies":[{"name":"wp","href":"https:\/\/api.w.org\/{rel}","templated":true}]}}