{"id":168350,"date":"2023-07-03T17:42:41","date_gmt":"2023-07-03T21:42:41","guid":{"rendered":"https:\/\/digital58.com.ve\/site\/?p=168350"},"modified":"2023-07-03T17:42:41","modified_gmt":"2023-07-03T21:42:41","slug":"venezuela-avion-sukhoi-30-cayo-a-causa-de-un-ave-que-entro-al-sistema-de-motores-dice-gobierno","status":"publish","type":"post","link":"https:\/\/digital58.com.ve\/site\/2023\/07\/03\/venezuela-avion-sukhoi-30-cayo-a-causa-de-un-ave-que-entro-al-sistema-de-motores-dice-gobierno\/","title":{"rendered":"#Venezuela | Avi\u00f3n Sukhoi 30 cay\u00f3 a causa de un ave que entr\u00f3 al sistema de motores, dice Gobierno"},"content":{"rendered":"<p><a href=\"https:\/\/digital58.com.ve\/site\/wp-content\/uploads\/2023\/07\/avion-caza.jpg\"><img loading=\"lazy\" decoding=\"async\" class=\"aligncenter size-full wp-image-168351\" src=\"https:\/\/digital58.com.ve\/site\/wp-content\/uploads\/2023\/07\/avion-caza.jpg\" alt=\"\" width=\"800\" height=\"533\" srcset=\"https:\/\/digital58.com.ve\/site\/wp-content\/uploads\/2023\/07\/avion-caza.jpg 800w, https:\/\/digital58.com.ve\/site\/wp-content\/uploads\/2023\/07\/avion-caza-300x200.jpg 300w, https:\/\/digital58.com.ve\/site\/wp-content\/uploads\/2023\/07\/avion-caza-768x512.jpg 768w\" sizes=\"auto, (max-width: 800px) 100vw, 800px\" \/><\/a><\/p>\n<p>La cartera de Estado comparti\u00f3 en la red social un v\u00eddeo en el que se ve cuando el ave entra al motor del avi\u00f3n y genera una humareda.<\/p>\n<p><strong>Maracaibo, Zulia, Venezuela, 03 de julio de 2023 (ND58).-<\/strong> El Ministerio de Interior y Justicia de Venezuela inform\u00f3 este domingo de que el siniestro de un avi\u00f3n militar, en el que falleci\u00f3 un funcionario de la Fuerza Armada Nacional Bolivariana (FANB), fue a causa de un ave que entr\u00f3 al sistema de motores mientras volaba.<\/p>\n<p>\u00abHonor y gloria al coronel Paulino Jos\u00e9 Mill\u00e1n Sabino (&#8230;) quien trascendi\u00f3 en un accidente a\u00e9reo motivado por la intervenci\u00f3n de un ave en el sistema de motores que ocasion\u00f3 su ca\u00edda a tierra, no por desperfecto mec\u00e1nicos ni errores humanos\u00bb, se\u00f1al\u00f3 el ministerio en su cuenta de Twitter.<\/p>\n<p>El Ministerio de Defensa de Venezuela inform\u00f3, en un comunicado, de que el avi\u00f3n Sukhoi 30 Mk2, siglas 3363, se precipit\u00f3 a tierra hoy aproximadamente a las 13.45 GMT en un sector despoblado del estado Miranda, cercano a Caracas, mientras realizaba pr\u00e1cticas para el desfile del pr\u00f3ximo 5 de julio, D\u00eda de la Independencia de la naci\u00f3n caribe\u00f1a.<\/p>\n<p>\u00abLa precipitada aeronave era pilotada por el coronel Paulino Jos\u00e9 Mill\u00e1n Sabino y el teniente coronel Sergio Luis Hern\u00e1ndez G\u00f3mez, ambos tripulantes lograron eyectarse, sin embargo, lamentablemente el coronel Paulino Jos\u00e9 Mill\u00e1n Sabino falleci\u00f3 al caer a tierra\u00bb, a\u00f1adi\u00f3.<\/p>\n<p>Por su parte, el presidente venezolano, Nicol\u00e1s Maduro, indic\u00f3, en un mensaje publicado en su cuenta de Twitter, que el teniente coronel Hern\u00e1ndez G\u00f3mez permanece con vida y est\u00e1 siendo atendido por personal sanitario de la FANB.<\/p>\n<p>\u00abEstamos muy pendientes y orden\u00e9 la atenci\u00f3n y seguimiento a detalle de este lamentable suceso\u00bb, apostill\u00f3.<\/p>\n<p><strong>Redacci\u00f3n ND58 | Fuente: EFE<\/strong><br \/>\n<strong>Edici\u00f3n: Villasmil, Henry<\/strong><br \/>\n<strong>Gr\u00e1fica: Cortes\u00eda<\/strong><\/p>\n<p>&nbsp;<\/p><div class=\"yuxph69f4ab7515fea\" ><p style=\"text-align: center;\"><a href=\"https:\/\/t.me\/noticiasdigital58\" target=\"_blank\" rel=\"noopener\"><img class=\"aligncenter size-full wp-image-125363\" src=\"https:\/\/digital58.com.ve\/site\/wp-content\/uploads\/2021\/04\/banner-telegram-web-2021.png\" alt=\"\" width=\"600\" height=\"90\" \/><\/a><\/p><\/div><style type=\"text\/css\">\r\n@media screen and (min-width: 1201px) {\r\n.yuxph69f4ab7515fea {\r\ndisplay: block;\r\n}\r\n}\r\n@media screen and (min-width: 993px) and (max-width: 1200px) {\r\n.yuxph69f4ab7515fea {\r\ndisplay: block;\r\n}\r\n}\r\n@media screen and (min-width: 769px) and (max-width: 992px) {\r\n.yuxph69f4ab7515fea {\r\ndisplay: block;\r\n}\r\n}\r\n@media screen and (min-width: 768px) and (max-width: 768px) {\r\n.yuxph69f4ab7515fea {\r\ndisplay: block;\r\n}\r\n}\r\n@media screen and (max-width: 767px) {\r\n.yuxph69f4ab7515fea {\r\ndisplay: block;\r\n}\r\n}\r\n<\/style>\r\n\n<p>&nbsp;<\/p>\n<div style=\"margin-top: 0px; margin-bottom: 0px;\" class=\"sharethis-inline-share-buttons\" ><\/div>","protected":false},"excerpt":{"rendered":"<p>La cartera de Estado comparti\u00f3 en la red social un v\u00eddeo en el que se ve cuando el ave entra<\/p>\n","protected":false},"author":1,"featured_media":168351,"comment_status":"open","ping_status":"closed","sticky":false,"template":"","format":"standard","meta":{"colormag_page_container_layout":"default_layout","colormag_page_sidebar_layout":"default_layout","_uag_custom_page_level_css":"","footnotes":""},"categories":[13765],"tags":[13175,31901,29,588,11997,17450,3804,233,31902,31903,23975,31900,32],"class_list":["post-168350","post","type-post","status-publish","format-standard","has-post-thumbnail","hentry","category-sucesos","tag-accidente-aereo","tag-avion-caza","tag-caracas","tag-fanb","tag-fuerza-armada-nacional-bolivariana","tag-ministerio-de-defensa","tag-miranda","tag-nacionales","tag-paulino-jose-millan-sabino","tag-sergio-luis-hernandez-gomez","tag-sucesos-nacionales","tag-sukhoi-30-mk2","tag-venezuela"],"yoast_head":"<!-- This site is optimized with the Yoast SEO plugin v27.5 - https:\/\/yoast.com\/product\/yoast-seo-wordpress\/ -->\n<title>#Venezuela | Avi\u00f3n Sukhoi 30 cay\u00f3 a causa de un ave que entr\u00f3 al sistema de motores, dice Gobierno<\/title>\n<meta name=\"robots\" content=\"index, follow, max-snippet:-1, max-image-preview:large, max-video-preview:-1\" \/>\n<link rel=\"canonical\" href=\"https:\/\/digital58.com.ve\/site\/2023\/07\/03\/venezuela-avion-sukhoi-30-cayo-a-causa-de-un-ave-que-entro-al-sistema-de-motores-dice-gobierno\/\" \/>\n<meta property=\"og:locale\" content=\"es_ES\" \/>\n<meta property=\"og:type\" content=\"article\" \/>\n<meta property=\"og:title\" content=\"#Venezuela | Avi\u00f3n Sukhoi 30 cay\u00f3 a causa de un ave que entr\u00f3 al sistema de motores, dice Gobierno\" \/>\n<meta property=\"og:url\" content=\"https:\/\/digital58.com.ve\/site\/2023\/07\/03\/venezuela-avion-sukhoi-30-cayo-a-causa-de-un-ave-que-entro-al-sistema-de-motores-dice-gobierno\/\" \/>\n<meta property=\"og:site_name\" content=\"Noticias Digital58\" \/>\n<meta property=\"article:published_time\" content=\"2023-07-03T21:42:41+00:00\" \/>\n<meta property=\"og:image\" content=\"https:\/\/i0.wp.com\/digital58.com.ve\/site\/wp-content\/uploads\/2023\/07\/avion-caza.jpg?fit=800%2C533&ssl=1\" \/>\n\t<meta property=\"og:image:width\" content=\"800\" \/>\n\t<meta property=\"og:image:height\" content=\"533\" \/>\n\t<meta property=\"og:image:type\" content=\"image\/jpeg\" \/>\n<meta name=\"author\" content=\"Villasmil Henry\" \/>\n<meta name=\"twitter:card\" content=\"summary_large_image\" \/>\n<meta name=\"twitter:creator\" content=\"@https:\/\/twitter.com\/villasmilhfoto\" \/>\n<meta name=\"twitter:site\" content=\"@villasmilhfoto\" \/>\n<meta name=\"twitter:label1\" content=\"Escrito por\" \/>\n\t<meta name=\"twitter:data1\" content=\"Villasmil Henry\" \/>\n\t<meta name=\"twitter:label2\" content=\"Tiempo estimado de lectura\" \/>\n\t<meta name=\"twitter:data2\" content=\"2 minutos\" \/>\n<script type=\"application\/ld+json\" class=\"yoast-schema-graph\">{\"@context\":\"https:\\\/\\\/schema.org\",\"@graph\":[{\"@type\":\"Article\",\"@id\":\"https:\\\/\\\/digital58.com.ve\\\/site\\\/2023\\\/07\\\/03\\\/venezuela-avion-sukhoi-30-cayo-a-causa-de-un-ave-que-entro-al-sistema-de-motores-dice-gobierno\\\/#article\",\"isPartOf\":{\"@id\":\"https:\\\/\\\/digital58.com.ve\\\/site\\\/2023\\\/07\\\/03\\\/venezuela-avion-sukhoi-30-cayo-a-causa-de-un-ave-que-entro-al-sistema-de-motores-dice-gobierno\\\/\"},\"author\":{\"name\":\"Villasmil Henry\",\"@id\":\"https:\\\/\\\/digital58.com.ve\\\/site\\\/#\\\/schema\\\/person\\\/64d1c2e4d0d4fd1b849980c4331c2951\"},\"headline\":\"#Venezuela | Avi\u00f3n Sukhoi 30 cay\u00f3 a causa de un ave que entr\u00f3 al sistema de motores, dice Gobierno\",\"datePublished\":\"2023-07-03T21:42:41+00:00\",\"mainEntityOfPage\":{\"@id\":\"https:\\\/\\\/digital58.com.ve\\\/site\\\/2023\\\/07\\\/03\\\/venezuela-avion-sukhoi-30-cayo-a-causa-de-un-ave-que-entro-al-sistema-de-motores-dice-gobierno\\\/\"},\"wordCount\":333,\"commentCount\":0,\"publisher\":{\"@id\":\"https:\\\/\\\/digital58.com.ve\\\/site\\\/#\\\/schema\\\/person\\\/64d1c2e4d0d4fd1b849980c4331c2951\"},\"image\":{\"@id\":\"https:\\\/\\\/digital58.com.ve\\\/site\\\/2023\\\/07\\\/03\\\/venezuela-avion-sukhoi-30-cayo-a-causa-de-un-ave-que-entro-al-sistema-de-motores-dice-gobierno\\\/#primaryimage\"},\"thumbnailUrl\":\"https:\\\/\\\/digital58.com.ve\\\/site\\\/wp-content\\\/uploads\\\/2023\\\/07\\\/avion-caza.jpg\",\"keywords\":[\"Accidente A\u00e9reo\",\"Avi\u00f3n caza\",\"Caracas\",\"FANB\",\"Fuerza Armada Nacional Bolivariana\",\"Ministerio de Defensa\",\"Miranda\",\"Nacionales\",\"Paulino Jos\u00e9 Mill\u00e1n Sabino\",\"Sergio Luis Hern\u00e1ndez G\u00f3mez\",\"Sucesos Nacionales\",\"Sukhoi 30 Mk2\",\"Venezuela\"],\"articleSection\":[\"Sucesos\"],\"inLanguage\":\"es\",\"potentialAction\":[{\"@type\":\"CommentAction\",\"name\":\"Comment\",\"target\":[\"https:\\\/\\\/digital58.com.ve\\\/site\\\/2023\\\/07\\\/03\\\/venezuela-avion-sukhoi-30-cayo-a-causa-de-un-ave-que-entro-al-sistema-de-motores-dice-gobierno\\\/#respond\"]}]},{\"@type\":\"WebPage\",\"@id\":\"https:\\\/\\\/digital58.com.ve\\\/site\\\/2023\\\/07\\\/03\\\/venezuela-avion-sukhoi-30-cayo-a-causa-de-un-ave-que-entro-al-sistema-de-motores-dice-gobierno\\\/\",\"url\":\"https:\\\/\\\/digital58.com.ve\\\/site\\\/2023\\\/07\\\/03\\\/venezuela-avion-sukhoi-30-cayo-a-causa-de-un-ave-que-entro-al-sistema-de-motores-dice-gobierno\\\/\",\"name\":\"#Venezuela | Avi\u00f3n Sukhoi 30 cay\u00f3 a causa de un ave que entr\u00f3 al sistema de motores, dice Gobierno\",\"isPartOf\":{\"@id\":\"https:\\\/\\\/digital58.com.ve\\\/site\\\/#website\"},\"primaryImageOfPage\":{\"@id\":\"https:\\\/\\\/digital58.com.ve\\\/site\\\/2023\\\/07\\\/03\\\/venezuela-avion-sukhoi-30-cayo-a-causa-de-un-ave-que-entro-al-sistema-de-motores-dice-gobierno\\\/#primaryimage\"},\"image\":{\"@id\":\"https:\\\/\\\/digital58.com.ve\\\/site\\\/2023\\\/07\\\/03\\\/venezuela-avion-sukhoi-30-cayo-a-causa-de-un-ave-que-entro-al-sistema-de-motores-dice-gobierno\\\/#primaryimage\"},\"thumbnailUrl\":\"https:\\\/\\\/digital58.com.ve\\\/site\\\/wp-content\\\/uploads\\\/2023\\\/07\\\/avion-caza.jpg\",\"datePublished\":\"2023-07-03T21:42:41+00:00\",\"breadcrumb\":{\"@id\":\"https:\\\/\\\/digital58.com.ve\\\/site\\\/2023\\\/07\\\/03\\\/venezuela-avion-sukhoi-30-cayo-a-causa-de-un-ave-que-entro-al-sistema-de-motores-dice-gobierno\\\/#breadcrumb\"},\"inLanguage\":\"es\",\"potentialAction\":[{\"@type\":\"ReadAction\",\"target\":[\"https:\\\/\\\/digital58.com.ve\\\/site\\\/2023\\\/07\\\/03\\\/venezuela-avion-sukhoi-30-cayo-a-causa-de-un-ave-que-entro-al-sistema-de-motores-dice-gobierno\\\/\"]}]},{\"@type\":\"ImageObject\",\"inLanguage\":\"es\",\"@id\":\"https:\\\/\\\/digital58.com.ve\\\/site\\\/2023\\\/07\\\/03\\\/venezuela-avion-sukhoi-30-cayo-a-causa-de-un-ave-que-entro-al-sistema-de-motores-dice-gobierno\\\/#primaryimage\",\"url\":\"https:\\\/\\\/digital58.com.ve\\\/site\\\/wp-content\\\/uploads\\\/2023\\\/07\\\/avion-caza.jpg\",\"contentUrl\":\"https:\\\/\\\/digital58.com.ve\\\/site\\\/wp-content\\\/uploads\\\/2023\\\/07\\\/avion-caza.jpg\",\"width\":800,\"height\":533},{\"@type\":\"BreadcrumbList\",\"@id\":\"https:\\\/\\\/digital58.com.ve\\\/site\\\/2023\\\/07\\\/03\\\/venezuela-avion-sukhoi-30-cayo-a-causa-de-un-ave-que-entro-al-sistema-de-motores-dice-gobierno\\\/#breadcrumb\",\"itemListElement\":[{\"@type\":\"ListItem\",\"position\":1,\"name\":\"Home\",\"item\":\"https:\\\/\\\/digital58.com.ve\\\/site\\\/\"},{\"@type\":\"ListItem\",\"position\":2,\"name\":\"#Venezuela | Avi\u00f3n Sukhoi 30 cay\u00f3 a causa de un ave que entr\u00f3 al sistema de motores, dice Gobierno\"}]},{\"@type\":\"WebSite\",\"@id\":\"https:\\\/\\\/digital58.com.ve\\\/site\\\/#website\",\"url\":\"https:\\\/\\\/digital58.com.ve\\\/site\\\/\",\"name\":\"Noticias Digital58\",\"description\":\"Portal de Noticias \u00a1Periodismo web de verdad! Lanzamiento web 22.11.2005 \\\/ Maracaibo, Venezuela\",\"publisher\":{\"@id\":\"https:\\\/\\\/digital58.com.ve\\\/site\\\/#\\\/schema\\\/person\\\/64d1c2e4d0d4fd1b849980c4331c2951\"},\"alternateName\":\"ND58\",\"potentialAction\":[{\"@type\":\"SearchAction\",\"target\":{\"@type\":\"EntryPoint\",\"urlTemplate\":\"https:\\\/\\\/digital58.com.ve\\\/site\\\/?s={search_term_string}\"},\"query-input\":{\"@type\":\"PropertyValueSpecification\",\"valueRequired\":true,\"valueName\":\"search_term_string\"}}],\"inLanguage\":\"es\"},{\"@type\":[\"Person\",\"Organization\"],\"@id\":\"https:\\\/\\\/digital58.com.ve\\\/site\\\/#\\\/schema\\\/person\\\/64d1c2e4d0d4fd1b849980c4331c2951\",\"name\":\"Villasmil Henry\",\"image\":{\"@type\":\"ImageObject\",\"inLanguage\":\"es\",\"@id\":\"https:\\\/\\\/secure.gravatar.com\\\/avatar\\\/bb0c4a2fcb7970138239f7e404ea75757b1b507b28b5ce4c53fbd62d797c5a7c?s=96&d=mm&r=g\",\"url\":\"https:\\\/\\\/secure.gravatar.com\\\/avatar\\\/bb0c4a2fcb7970138239f7e404ea75757b1b507b28b5ce4c53fbd62d797c5a7c?s=96&d=mm&r=g\",\"contentUrl\":\"https:\\\/\\\/secure.gravatar.com\\\/avatar\\\/bb0c4a2fcb7970138239f7e404ea75757b1b507b28b5ce4c53fbd62d797c5a7c?s=96&d=mm&r=g\",\"caption\":\"Villasmil Henry\"},\"logo\":{\"@id\":\"https:\\\/\\\/secure.gravatar.com\\\/avatar\\\/bb0c4a2fcb7970138239f7e404ea75757b1b507b28b5ce4c53fbd62d797c5a7c?s=96&d=mm&r=g\"},\"sameAs\":[\"http:\\\/\\\/www.henryvillasmil.com.ve\",\"https:\\\/\\\/www.instagram.com\\\/villasmilhfoto\\\/\",\"https:\\\/\\\/x.com\\\/https:\\\/\\\/twitter.com\\\/villasmilhfoto\"],\"url\":\"https:\\\/\\\/digital58.com.ve\\\/site\\\/author\\\/droopy_68\\\/\"}]}<\/script>\n<!-- \/ Yoast SEO plugin. -->","yoast_head_json":{"title":"#Venezuela | Avi\u00f3n Sukhoi 30 cay\u00f3 a causa de un ave que entr\u00f3 al sistema de motores, dice Gobierno","robots":{"index":"index","follow":"follow","max-snippet":"max-snippet:-1","max-image-preview":"max-image-preview:large","max-video-preview":"max-video-preview:-1"},"canonical":"https:\/\/digital58.com.ve\/site\/2023\/07\/03\/venezuela-avion-sukhoi-30-cayo-a-causa-de-un-ave-que-entro-al-sistema-de-motores-dice-gobierno\/","og_locale":"es_ES","og_type":"article","og_title":"#Venezuela | Avi\u00f3n Sukhoi 30 cay\u00f3 a causa de un ave que entr\u00f3 al sistema de motores, dice Gobierno","og_url":"https:\/\/digital58.com.ve\/site\/2023\/07\/03\/venezuela-avion-sukhoi-30-cayo-a-causa-de-un-ave-que-entro-al-sistema-de-motores-dice-gobierno\/","og_site_name":"Noticias Digital58","article_published_time":"2023-07-03T21:42:41+00:00","og_image":[{"width":800,"height":533,"url":"https:\/\/i0.wp.com\/digital58.com.ve\/site\/wp-content\/uploads\/2023\/07\/avion-caza.jpg?fit=800%2C533&ssl=1","type":"image\/jpeg"}],"author":"Villasmil Henry","twitter_card":"summary_large_image","twitter_creator":"@https:\/\/twitter.com\/villasmilhfoto","twitter_site":"@villasmilhfoto","twitter_misc":{"Escrito por":"Villasmil Henry","Tiempo estimado de lectura":"2 minutos"},"schema":{"@context":"https:\/\/schema.org","@graph":[{"@type":"Article","@id":"https:\/\/digital58.com.ve\/site\/2023\/07\/03\/venezuela-avion-sukhoi-30-cayo-a-causa-de-un-ave-que-entro-al-sistema-de-motores-dice-gobierno\/#article","isPartOf":{"@id":"https:\/\/digital58.com.ve\/site\/2023\/07\/03\/venezuela-avion-sukhoi-30-cayo-a-causa-de-un-ave-que-entro-al-sistema-de-motores-dice-gobierno\/"},"author":{"name":"Villasmil Henry","@id":"https:\/\/digital58.com.ve\/site\/#\/schema\/person\/64d1c2e4d0d4fd1b849980c4331c2951"},"headline":"#Venezuela | Avi\u00f3n Sukhoi 30 cay\u00f3 a causa de un ave que entr\u00f3 al sistema de motores, dice Gobierno","datePublished":"2023-07-03T21:42:41+00:00","mainEntityOfPage":{"@id":"https:\/\/digital58.com.ve\/site\/2023\/07\/03\/venezuela-avion-sukhoi-30-cayo-a-causa-de-un-ave-que-entro-al-sistema-de-motores-dice-gobierno\/"},"wordCount":333,"commentCount":0,"publisher":{"@id":"https:\/\/digital58.com.ve\/site\/#\/schema\/person\/64d1c2e4d0d4fd1b849980c4331c2951"},"image":{"@id":"https:\/\/digital58.com.ve\/site\/2023\/07\/03\/venezuela-avion-sukhoi-30-cayo-a-causa-de-un-ave-que-entro-al-sistema-de-motores-dice-gobierno\/#primaryimage"},"thumbnailUrl":"https:\/\/digital58.com.ve\/site\/wp-content\/uploads\/2023\/07\/avion-caza.jpg","keywords":["Accidente A\u00e9reo","Avi\u00f3n caza","Caracas","FANB","Fuerza Armada Nacional Bolivariana","Ministerio de Defensa","Miranda","Nacionales","Paulino Jos\u00e9 Mill\u00e1n Sabino","Sergio Luis Hern\u00e1ndez G\u00f3mez","Sucesos Nacionales","Sukhoi 30 Mk2","Venezuela"],"articleSection":["Sucesos"],"inLanguage":"es","potentialAction":[{"@type":"CommentAction","name":"Comment","target":["https:\/\/digital58.com.ve\/site\/2023\/07\/03\/venezuela-avion-sukhoi-30-cayo-a-causa-de-un-ave-que-entro-al-sistema-de-motores-dice-gobierno\/#respond"]}]},{"@type":"WebPage","@id":"https:\/\/digital58.com.ve\/site\/2023\/07\/03\/venezuela-avion-sukhoi-30-cayo-a-causa-de-un-ave-que-entro-al-sistema-de-motores-dice-gobierno\/","url":"https:\/\/digital58.com.ve\/site\/2023\/07\/03\/venezuela-avion-sukhoi-30-cayo-a-causa-de-un-ave-que-entro-al-sistema-de-motores-dice-gobierno\/","name":"#Venezuela | Avi\u00f3n Sukhoi 30 cay\u00f3 a causa de un ave que entr\u00f3 al sistema de motores, dice Gobierno","isPartOf":{"@id":"https:\/\/digital58.com.ve\/site\/#website"},"primaryImageOfPage":{"@id":"https:\/\/digital58.com.ve\/site\/2023\/07\/03\/venezuela-avion-sukhoi-30-cayo-a-causa-de-un-ave-que-entro-al-sistema-de-motores-dice-gobierno\/#primaryimage"},"image":{"@id":"https:\/\/digital58.com.ve\/site\/2023\/07\/03\/venezuela-avion-sukhoi-30-cayo-a-causa-de-un-ave-que-entro-al-sistema-de-motores-dice-gobierno\/#primaryimage"},"thumbnailUrl":"https:\/\/digital58.com.ve\/site\/wp-content\/uploads\/2023\/07\/avion-caza.jpg","datePublished":"2023-07-03T21:42:41+00:00","breadcrumb":{"@id":"https:\/\/digital58.com.ve\/site\/2023\/07\/03\/venezuela-avion-sukhoi-30-cayo-a-causa-de-un-ave-que-entro-al-sistema-de-motores-dice-gobierno\/#breadcrumb"},"inLanguage":"es","potentialAction":[{"@type":"ReadAction","target":["https:\/\/digital58.com.ve\/site\/2023\/07\/03\/venezuela-avion-sukhoi-30-cayo-a-causa-de-un-ave-que-entro-al-sistema-de-motores-dice-gobierno\/"]}]},{"@type":"ImageObject","inLanguage":"es","@id":"https:\/\/digital58.com.ve\/site\/2023\/07\/03\/venezuela-avion-sukhoi-30-cayo-a-causa-de-un-ave-que-entro-al-sistema-de-motores-dice-gobierno\/#primaryimage","url":"https:\/\/digital58.com.ve\/site\/wp-content\/uploads\/2023\/07\/avion-caza.jpg","contentUrl":"https:\/\/digital58.com.ve\/site\/wp-content\/uploads\/2023\/07\/avion-caza.jpg","width":800,"height":533},{"@type":"BreadcrumbList","@id":"https:\/\/digital58.com.ve\/site\/2023\/07\/03\/venezuela-avion-sukhoi-30-cayo-a-causa-de-un-ave-que-entro-al-sistema-de-motores-dice-gobierno\/#breadcrumb","itemListElement":[{"@type":"ListItem","position":1,"name":"Home","item":"https:\/\/digital58.com.ve\/site\/"},{"@type":"ListItem","position":2,"name":"#Venezuela | Avi\u00f3n Sukhoi 30 cay\u00f3 a causa de un ave que entr\u00f3 al sistema de motores, dice Gobierno"}]},{"@type":"WebSite","@id":"https:\/\/digital58.com.ve\/site\/#website","url":"https:\/\/digital58.com.ve\/site\/","name":"Noticias Digital58","description":"Portal de Noticias \u00a1Periodismo web de verdad! Lanzamiento web 22.11.2005 \/ Maracaibo, Venezuela","publisher":{"@id":"https:\/\/digital58.com.ve\/site\/#\/schema\/person\/64d1c2e4d0d4fd1b849980c4331c2951"},"alternateName":"ND58","potentialAction":[{"@type":"SearchAction","target":{"@type":"EntryPoint","urlTemplate":"https:\/\/digital58.com.ve\/site\/?s={search_term_string}"},"query-input":{"@type":"PropertyValueSpecification","valueRequired":true,"valueName":"search_term_string"}}],"inLanguage":"es"},{"@type":["Person","Organization"],"@id":"https:\/\/digital58.com.ve\/site\/#\/schema\/person\/64d1c2e4d0d4fd1b849980c4331c2951","name":"Villasmil Henry","image":{"@type":"ImageObject","inLanguage":"es","@id":"https:\/\/secure.gravatar.com\/avatar\/bb0c4a2fcb7970138239f7e404ea75757b1b507b28b5ce4c53fbd62d797c5a7c?s=96&d=mm&r=g","url":"https:\/\/secure.gravatar.com\/avatar\/bb0c4a2fcb7970138239f7e404ea75757b1b507b28b5ce4c53fbd62d797c5a7c?s=96&d=mm&r=g","contentUrl":"https:\/\/secure.gravatar.com\/avatar\/bb0c4a2fcb7970138239f7e404ea75757b1b507b28b5ce4c53fbd62d797c5a7c?s=96&d=mm&r=g","caption":"Villasmil Henry"},"logo":{"@id":"https:\/\/secure.gravatar.com\/avatar\/bb0c4a2fcb7970138239f7e404ea75757b1b507b28b5ce4c53fbd62d797c5a7c?s=96&d=mm&r=g"},"sameAs":["http:\/\/www.henryvillasmil.com.ve","https:\/\/www.instagram.com\/villasmilhfoto\/","https:\/\/x.com\/https:\/\/twitter.com\/villasmilhfoto"],"url":"https:\/\/digital58.com.ve\/site\/author\/droopy_68\/"}]}},"uagb_featured_image_src":{"full":["https:\/\/digital58.com.ve\/site\/wp-content\/uploads\/2023\/07\/avion-caza.jpg",800,533,false],"thumbnail":["https:\/\/digital58.com.ve\/site\/wp-content\/uploads\/2023\/07\/avion-caza-150x150.jpg",150,150,true],"medium":["https:\/\/digital58.com.ve\/site\/wp-content\/uploads\/2023\/07\/avion-caza-300x200.jpg",300,200,true],"medium_large":["https:\/\/digital58.com.ve\/site\/wp-content\/uploads\/2023\/07\/avion-caza-768x512.jpg",768,512,true],"large":["https:\/\/digital58.com.ve\/site\/wp-content\/uploads\/2023\/07\/avion-caza.jpg",800,533,false],"1536x1536":["https:\/\/digital58.com.ve\/site\/wp-content\/uploads\/2023\/07\/avion-caza.jpg",800,533,false],"2048x2048":["https:\/\/digital58.com.ve\/site\/wp-content\/uploads\/2023\/07\/avion-caza.jpg",800,533,false],"colormag-highlighted-post":["https:\/\/digital58.com.ve\/site\/wp-content\/uploads\/2023\/07\/avion-caza-392x272.jpg",392,272,true],"colormag-featured-post-medium":["https:\/\/digital58.com.ve\/site\/wp-content\/uploads\/2023\/07\/avion-caza-390x205.jpg",390,205,true],"colormag-featured-post-small":["https:\/\/digital58.com.ve\/site\/wp-content\/uploads\/2023\/07\/avion-caza-130x90.jpg",130,90,true],"colormag-featured-image":["https:\/\/digital58.com.ve\/site\/wp-content\/uploads\/2023\/07\/avion-caza-800x445.jpg",800,445,true],"colormag-default-news":["https:\/\/digital58.com.ve\/site\/wp-content\/uploads\/2023\/07\/avion-caza-150x150.jpg",150,150,true],"colormag-featured-image-large":["https:\/\/digital58.com.ve\/site\/wp-content\/uploads\/2023\/07\/avion-caza.jpg",800,533,false]},"uagb_author_info":{"display_name":"Villasmil Henry","author_link":"https:\/\/digital58.com.ve\/site\/author\/droopy_68\/"},"uagb_comment_info":0,"uagb_excerpt":"La cartera de Estado comparti\u00f3 en la red social un v\u00eddeo en el que se ve cuando el ave entra","_links":{"self":[{"href":"https:\/\/digital58.com.ve\/site\/wp-json\/wp\/v2\/posts\/168350","targetHints":{"allow":["GET"]}}],"collection":[{"href":"https:\/\/digital58.com.ve\/site\/wp-json\/wp\/v2\/posts"}],"about":[{"href":"https:\/\/digital58.com.ve\/site\/wp-json\/wp\/v2\/types\/post"}],"author":[{"embeddable":true,"href":"https:\/\/digital58.com.ve\/site\/wp-json\/wp\/v2\/users\/1"}],"replies":[{"embeddable":true,"href":"https:\/\/digital58.com.ve\/site\/wp-json\/wp\/v2\/comments?post=168350"}],"version-history":[{"count":1,"href":"https:\/\/digital58.com.ve\/site\/wp-json\/wp\/v2\/posts\/168350\/revisions"}],"predecessor-version":[{"id":168352,"href":"https:\/\/digital58.com.ve\/site\/wp-json\/wp\/v2\/posts\/168350\/revisions\/168352"}],"wp:featuredmedia":[{"embeddable":true,"href":"https:\/\/digital58.com.ve\/site\/wp-json\/wp\/v2\/media\/168351"}],"wp:attachment":[{"href":"https:\/\/digital58.com.ve\/site\/wp-json\/wp\/v2\/media?parent=168350"}],"wp:term":[{"taxonomy":"category","embeddable":true,"href":"https:\/\/digital58.com.ve\/site\/wp-json\/wp\/v2\/categories?post=168350"},{"taxonomy":"post_tag","embeddable":true,"href":"https:\/\/digital58.com.ve\/site\/wp-json\/wp\/v2\/tags?post=168350"}],"curies":[{"name":"wp","href":"https:\/\/api.w.org\/{rel}","templated":true}]}}