{"id":168642,"date":"2023-07-15T10:52:24","date_gmt":"2023-07-15T14:52:24","guid":{"rendered":"https:\/\/digital58.com.ve\/site\/?p=168642"},"modified":"2023-07-15T22:44:56","modified_gmt":"2023-07-16T02:44:56","slug":"zulia-jose-bermudez-declaramos-emergencia-al-lago-de-maracaibo-en-cabildo-abierto","status":"publish","type":"post","link":"https:\/\/digital58.com.ve\/site\/2023\/07\/15\/zulia-jose-bermudez-declaramos-emergencia-al-lago-de-maracaibo-en-cabildo-abierto\/","title":{"rendered":"#Zulia | Jos\u00e9 Berm\u00fadez: \u00abDeclaramos emergencia al Lago de Maracaibo en Cabildo Abierto\u00bb"},"content":{"rendered":"<p style=\"text-align: center;\"><img loading=\"lazy\" decoding=\"async\" class=\"alignnone wp-image-168643 size-large\" src=\"https:\/\/digital58.com.ve\/site\/wp-content\/uploads\/2023\/07\/unnamed-1-750x1000.jpg\" alt=\"\" width=\"750\" height=\"1000\" srcset=\"https:\/\/digital58.com.ve\/site\/wp-content\/uploads\/2023\/07\/unnamed-1-750x1000.jpg 750w, https:\/\/digital58.com.ve\/site\/wp-content\/uploads\/2023\/07\/unnamed-1-225x300.jpg 225w, https:\/\/digital58.com.ve\/site\/wp-content\/uploads\/2023\/07\/unnamed-1-768x1024.jpg 768w, https:\/\/digital58.com.ve\/site\/wp-content\/uploads\/2023\/07\/unnamed-1-1152x1536.jpg 1152w, https:\/\/digital58.com.ve\/site\/wp-content\/uploads\/2023\/07\/unnamed-1-1536x2048.jpg 1536w, https:\/\/digital58.com.ve\/site\/wp-content\/uploads\/2023\/07\/unnamed-1-scaled.jpg 1920w\" sizes=\"auto, (max-width: 750px) 100vw, 750px\" \/><\/p>\n<p>La plaza \u00abGran Cacique Nigale\u00bb en Santa Rosa de Agua, de la parroquia Coquivacoa, fue lugar propicio para que el Concejo Municipal de Maracaibo realizara un Cabildo Abierto, el cual se denomin\u00f3 \u00abTodos por el Lago\u00bb, donde se aprob\u00f3 un acuerdo con el fin de declarar en estado de emergencia el Lago de Maracaibo debido a la problem\u00e1tica presentada a causa de los derrames petroleros y las aguas servidas.<\/p>\n<p><strong>Maracaibo, Zulia, Venezuela 15 de julio de 2023 (ND58). \u2013<\/strong> El acuerdo N. 017-2023, no solo declara en estado de emergencia el Lago de Maracaibo, sino tambi\u00e9n el cese de los continuos derrames petroleros y adem\u00e1s exhortar a la empresa Petr\u00f3leos de Venezuela (PDVSA) a la aplicaci\u00f3n inmediata de medidas correctivas ante estos graves derrames.<br \/>\nEl concejal y presidente de este Concejo Municipal, Jos\u00e9 Berm\u00fadez, quien presidi\u00f3 este encuentro, declar\u00f3 que este derrame petrolero ha afectado la vida econ\u00f3mica y la vida tur\u00edstica dentro del municipio.<\/p>\n<p>\u00abEsto no solo ha afectado a los pescadores, sino tambi\u00e9n a la parte tur\u00edstica donde empresas han estado haciendo calle en el Lago de Maracaibo y hoy no lo pueden hacer, porque se le da\u00f1an hasta las aspas de los motores de sus lanchas y al final no hay nadie que d\u00e9 respuestas\u00bb, asever\u00f3 Jos\u00e9 Berm\u00fadez.<\/p>\n<p>Berm\u00fadez, adem\u00e1s, mencion\u00f3 las declaraciones del ministro de Ecosistema, Josu\u00e9 Alejandro Lorca, donde afirm\u00f3 que no exist\u00eda ning\u00fan tipo de problema en la zona costera del Zulia y en ninguna parte del Lago de Maracaibo.<\/p>\n<p>\u00abEntonces, \u00bfel derrame petrolero ha sido solo una alucinaci\u00f3n de los maracaiberos?, es decir, que el verd\u00edn que hay en nuestro lago, que no solamente ha hecho que los pescadores maracaiberos no est\u00e9n pescando porque consumir esos peces no es beneficioso para la salud, es simplemente una alucinaci\u00f3n de nosotros. Aqu\u00ed simplemente hay una irresponsabilidad de reconocer que hay un problema grave, pero para eso estamos nosotros como concejales, para defender los derechos de todos los maracaiberos que se han visto afectados por esta situaci\u00f3n\u00bb, finaliz\u00f3 el presidente.<\/p>\n<p>Por otra parte, el concejal, Omar Molina, qui\u00e9n fue el proponente de este Cabildo Abierto, exhort\u00f3 a los organismos competentes a tomar acciones ante esta realidad que hoy enfrenta uno de los reservorios de agua dulce m\u00e1s grande del mundo.<\/p>\n<p><a href=\"https:\/\/digital58.com.ve\/site\/wp-content\/uploads\/2023\/07\/unnamed.jpg\"><img loading=\"lazy\" decoding=\"async\" class=\"aligncenter size-full wp-image-168644\" src=\"https:\/\/digital58.com.ve\/site\/wp-content\/uploads\/2023\/07\/unnamed.jpg\" alt=\"\" width=\"720\" height=\"1080\" srcset=\"https:\/\/digital58.com.ve\/site\/wp-content\/uploads\/2023\/07\/unnamed.jpg 720w, https:\/\/digital58.com.ve\/site\/wp-content\/uploads\/2023\/07\/unnamed-200x300.jpg 200w, https:\/\/digital58.com.ve\/site\/wp-content\/uploads\/2023\/07\/unnamed-667x1000.jpg 667w\" sizes=\"auto, (max-width: 720px) 100vw, 720px\" \/><\/a><\/p>\n<p><strong>Salvar el Lago, es el objetivo<\/strong><\/p>\n<p>El concejal y presidente de la Comisi\u00f3n de Turismo y Ambiente, Juan Urdaneta, luego de las intervenciones de algunos pescadores y habitantes de Santa Rosa de Agua, pidi\u00f3 el derecho de palabra para hacer lectura del acuerdo N. 017-2023, el cual declara en estado de emergencia el Lago de Maracaibo, \u00abel cese de los continuos derrames petroleros, exhortar a la empresa Petr\u00f3leos de Venezuela PDVSA a la aplicaci\u00f3n inmediata de medidas correctivas y adem\u00e1s crear una campa\u00f1a de concientizaci\u00f3n y educaci\u00f3n a los maracaiberos, gobierno nacional, estadal, instituciones, organizaciones y empresas que hacen vida en Maracaibo\u00bb.<\/p>\n<p>\u00abDesde este Concejo Municipal haremos todo lo posible para salvar nuestro Lago de Maracaibo y defender los derechos de todos ustedes\u00bb, agreg\u00f3 Urdaneta.<\/p>\n<p>En este cabildo estuvieron presentes el presidente del Concejo Municipal de Cabimas, Marvin Nava y el presidente del Concejo Municipal de San Francisco, Ybrahim Gutierrez, quienes respaldaron su apoyo ante este decreto.<\/p>\n<p>Cabe destacar que estos severos derrames de petr\u00f3leo en el Lago de Maracaibo, es una realidad que durante a\u00f1os ha afectado a uno de los reservorios de agua dulce m\u00e1s grande del mundo, pero que se intensificaron desde que la mayor petrolera venezolana, PDVSA, descuid\u00f3 los procesos de mantenimiento de la tuber\u00eda en el cuerpo de agua durante la crisis econ\u00f3mica que ha vivido el pa\u00eds.<\/p>\n<p><strong>Redacci\u00f3n ND58 \/Morales, Carolina (@Vallecarola) <\/strong><br \/>\n<strong>Fuente: Prensa Concejo Municipal de Maracaibo<\/strong><br \/>\n<strong>Edici\u00f3n: Villasmil, Henry<\/strong><br \/>\n<strong>Gr\u00e1fica: Cortes\u00eda<\/strong><\/p><div class=\"dsurw69f2169dc1c88\" ><p style=\"text-align: center;\"><a href=\"https:\/\/t.me\/noticiasdigital58\" target=\"_blank\" rel=\"noopener\"><img class=\"aligncenter size-full wp-image-125363\" src=\"https:\/\/digital58.com.ve\/site\/wp-content\/uploads\/2021\/04\/banner-telegram-web-2021.png\" alt=\"\" width=\"600\" height=\"90\" \/><\/a><\/p><\/div><style type=\"text\/css\">\r\n@media screen and (min-width: 1201px) {\r\n.dsurw69f2169dc1c88 {\r\ndisplay: block;\r\n}\r\n}\r\n@media screen and (min-width: 993px) and (max-width: 1200px) {\r\n.dsurw69f2169dc1c88 {\r\ndisplay: block;\r\n}\r\n}\r\n@media screen and (min-width: 769px) and (max-width: 992px) {\r\n.dsurw69f2169dc1c88 {\r\ndisplay: block;\r\n}\r\n}\r\n@media screen and (min-width: 768px) and (max-width: 768px) {\r\n.dsurw69f2169dc1c88 {\r\ndisplay: block;\r\n}\r\n}\r\n@media screen and (max-width: 767px) {\r\n.dsurw69f2169dc1c88 {\r\ndisplay: block;\r\n}\r\n}\r\n<\/style>\r\n\n<p>&nbsp;<\/p>\n<div style=\"margin-top: 0px; margin-bottom: 0px;\" class=\"sharethis-inline-share-buttons\" ><\/div>","protected":false},"excerpt":{"rendered":"<p>La plaza \u00abGran Cacique Nigale\u00bb en Santa Rosa de Agua, de la parroquia Coquivacoa, fue lugar propicio para que el<\/p>\n","protected":false},"author":34,"featured_media":168643,"comment_status":"open","ping_status":"closed","sticky":false,"template":"","format":"standard","meta":{"colormag_page_container_layout":"default_layout","colormag_page_sidebar_layout":"default_layout","_uag_custom_page_level_css":"","footnotes":""},"categories":[14504],"tags":[19078,1214,27297,4762,73,233,14192,2354,32,761],"class_list":["post-168642","post","type-post","status-publish","format-standard","has-post-thumbnail","hentry","category-zulia","tag-concejo-municipal-de-maracaibo","tag-contaminacion-ambiental","tag-jose-bermudez","tag-lago-de-maracaibo","tag-maracaibo","tag-nacionales","tag-pdvsa","tag-regionales","tag-venezuela","tag-zulia"],"yoast_head":"<!-- This site is optimized with the Yoast SEO plugin v27.5 - https:\/\/yoast.com\/product\/yoast-seo-wordpress\/ -->\n<title>#Zulia | Jos\u00e9 Berm\u00fadez: \u00abDeclaramos emergencia al Lago de Maracaibo en Cabildo Abierto\u00bb<\/title>\n<meta name=\"robots\" content=\"index, follow, max-snippet:-1, max-image-preview:large, max-video-preview:-1\" \/>\n<link rel=\"canonical\" href=\"https:\/\/digital58.com.ve\/site\/2023\/07\/15\/zulia-jose-bermudez-declaramos-emergencia-al-lago-de-maracaibo-en-cabildo-abierto\/\" \/>\n<meta property=\"og:locale\" content=\"es_ES\" \/>\n<meta property=\"og:type\" content=\"article\" \/>\n<meta property=\"og:title\" content=\"#Zulia | Jos\u00e9 Berm\u00fadez: \u00abDeclaramos emergencia al Lago de Maracaibo en Cabildo Abierto\u00bb\" \/>\n<meta property=\"og:url\" content=\"https:\/\/digital58.com.ve\/site\/2023\/07\/15\/zulia-jose-bermudez-declaramos-emergencia-al-lago-de-maracaibo-en-cabildo-abierto\/\" \/>\n<meta property=\"og:site_name\" content=\"Noticias Digital58\" \/>\n<meta property=\"article:published_time\" content=\"2023-07-15T14:52:24+00:00\" \/>\n<meta property=\"article:modified_time\" content=\"2023-07-16T02:44:56+00:00\" \/>\n<meta property=\"og:image\" content=\"https:\/\/i0.wp.com\/digital58.com.ve\/site\/wp-content\/uploads\/2023\/07\/unnamed-1-scaled.jpg?fit=1920%2C2560&ssl=1\" \/>\n\t<meta property=\"og:image:width\" content=\"1920\" \/>\n\t<meta property=\"og:image:height\" content=\"2560\" \/>\n\t<meta property=\"og:image:type\" content=\"image\/jpeg\" \/>\n<meta name=\"author\" content=\"Carolina del Valle Morales\" \/>\n<meta name=\"twitter:card\" content=\"summary_large_image\" \/>\n<meta name=\"twitter:creator\" content=\"@Digital_58\" \/>\n<meta name=\"twitter:site\" content=\"@villasmilhfoto\" \/>\n<meta name=\"twitter:label1\" content=\"Escrito por\" \/>\n\t<meta name=\"twitter:data1\" content=\"Carolina del Valle Morales\" \/>\n\t<meta name=\"twitter:label2\" content=\"Tiempo estimado de lectura\" \/>\n\t<meta name=\"twitter:data2\" content=\"3 minutos\" \/>\n<script type=\"application\/ld+json\" class=\"yoast-schema-graph\">{\"@context\":\"https:\\\/\\\/schema.org\",\"@graph\":[{\"@type\":\"Article\",\"@id\":\"https:\\\/\\\/digital58.com.ve\\\/site\\\/2023\\\/07\\\/15\\\/zulia-jose-bermudez-declaramos-emergencia-al-lago-de-maracaibo-en-cabildo-abierto\\\/#article\",\"isPartOf\":{\"@id\":\"https:\\\/\\\/digital58.com.ve\\\/site\\\/2023\\\/07\\\/15\\\/zulia-jose-bermudez-declaramos-emergencia-al-lago-de-maracaibo-en-cabildo-abierto\\\/\"},\"author\":{\"name\":\"Carolina del Valle Morales\",\"@id\":\"https:\\\/\\\/digital58.com.ve\\\/site\\\/#\\\/schema\\\/person\\\/5ef3ed6588a1de18f098d7d8c909834b\"},\"headline\":\"#Zulia | Jos\u00e9 Berm\u00fadez: \u00abDeclaramos emergencia al Lago de Maracaibo en Cabildo Abierto\u00bb\",\"datePublished\":\"2023-07-15T14:52:24+00:00\",\"dateModified\":\"2023-07-16T02:44:56+00:00\",\"mainEntityOfPage\":{\"@id\":\"https:\\\/\\\/digital58.com.ve\\\/site\\\/2023\\\/07\\\/15\\\/zulia-jose-bermudez-declaramos-emergencia-al-lago-de-maracaibo-en-cabildo-abierto\\\/\"},\"wordCount\":664,\"commentCount\":0,\"publisher\":{\"@id\":\"https:\\\/\\\/digital58.com.ve\\\/site\\\/#\\\/schema\\\/person\\\/64d1c2e4d0d4fd1b849980c4331c2951\"},\"image\":{\"@id\":\"https:\\\/\\\/digital58.com.ve\\\/site\\\/2023\\\/07\\\/15\\\/zulia-jose-bermudez-declaramos-emergencia-al-lago-de-maracaibo-en-cabildo-abierto\\\/#primaryimage\"},\"thumbnailUrl\":\"https:\\\/\\\/digital58.com.ve\\\/site\\\/wp-content\\\/uploads\\\/2023\\\/07\\\/unnamed-1-scaled.jpg\",\"keywords\":[\"Concejo Municipal de Maracaibo\",\"Contaminaci\u00f3n ambiental\",\"Jos\u00e9 Berm\u00fadez\",\"Lago de Maracaibo\",\"Maracaibo\",\"Nacionales\",\"PDVSA\",\"Regionales\",\"Venezuela\",\"Zulia\"],\"articleSection\":[\"Zulia\"],\"inLanguage\":\"es\",\"potentialAction\":[{\"@type\":\"CommentAction\",\"name\":\"Comment\",\"target\":[\"https:\\\/\\\/digital58.com.ve\\\/site\\\/2023\\\/07\\\/15\\\/zulia-jose-bermudez-declaramos-emergencia-al-lago-de-maracaibo-en-cabildo-abierto\\\/#respond\"]}]},{\"@type\":\"WebPage\",\"@id\":\"https:\\\/\\\/digital58.com.ve\\\/site\\\/2023\\\/07\\\/15\\\/zulia-jose-bermudez-declaramos-emergencia-al-lago-de-maracaibo-en-cabildo-abierto\\\/\",\"url\":\"https:\\\/\\\/digital58.com.ve\\\/site\\\/2023\\\/07\\\/15\\\/zulia-jose-bermudez-declaramos-emergencia-al-lago-de-maracaibo-en-cabildo-abierto\\\/\",\"name\":\"#Zulia | Jos\u00e9 Berm\u00fadez: \u00abDeclaramos emergencia al Lago de Maracaibo en Cabildo Abierto\u00bb\",\"isPartOf\":{\"@id\":\"https:\\\/\\\/digital58.com.ve\\\/site\\\/#website\"},\"primaryImageOfPage\":{\"@id\":\"https:\\\/\\\/digital58.com.ve\\\/site\\\/2023\\\/07\\\/15\\\/zulia-jose-bermudez-declaramos-emergencia-al-lago-de-maracaibo-en-cabildo-abierto\\\/#primaryimage\"},\"image\":{\"@id\":\"https:\\\/\\\/digital58.com.ve\\\/site\\\/2023\\\/07\\\/15\\\/zulia-jose-bermudez-declaramos-emergencia-al-lago-de-maracaibo-en-cabildo-abierto\\\/#primaryimage\"},\"thumbnailUrl\":\"https:\\\/\\\/digital58.com.ve\\\/site\\\/wp-content\\\/uploads\\\/2023\\\/07\\\/unnamed-1-scaled.jpg\",\"datePublished\":\"2023-07-15T14:52:24+00:00\",\"dateModified\":\"2023-07-16T02:44:56+00:00\",\"breadcrumb\":{\"@id\":\"https:\\\/\\\/digital58.com.ve\\\/site\\\/2023\\\/07\\\/15\\\/zulia-jose-bermudez-declaramos-emergencia-al-lago-de-maracaibo-en-cabildo-abierto\\\/#breadcrumb\"},\"inLanguage\":\"es\",\"potentialAction\":[{\"@type\":\"ReadAction\",\"target\":[\"https:\\\/\\\/digital58.com.ve\\\/site\\\/2023\\\/07\\\/15\\\/zulia-jose-bermudez-declaramos-emergencia-al-lago-de-maracaibo-en-cabildo-abierto\\\/\"]}]},{\"@type\":\"ImageObject\",\"inLanguage\":\"es\",\"@id\":\"https:\\\/\\\/digital58.com.ve\\\/site\\\/2023\\\/07\\\/15\\\/zulia-jose-bermudez-declaramos-emergencia-al-lago-de-maracaibo-en-cabildo-abierto\\\/#primaryimage\",\"url\":\"https:\\\/\\\/digital58.com.ve\\\/site\\\/wp-content\\\/uploads\\\/2023\\\/07\\\/unnamed-1-scaled.jpg\",\"contentUrl\":\"https:\\\/\\\/digital58.com.ve\\\/site\\\/wp-content\\\/uploads\\\/2023\\\/07\\\/unnamed-1-scaled.jpg\",\"width\":1920,\"height\":2560},{\"@type\":\"BreadcrumbList\",\"@id\":\"https:\\\/\\\/digital58.com.ve\\\/site\\\/2023\\\/07\\\/15\\\/zulia-jose-bermudez-declaramos-emergencia-al-lago-de-maracaibo-en-cabildo-abierto\\\/#breadcrumb\",\"itemListElement\":[{\"@type\":\"ListItem\",\"position\":1,\"name\":\"Home\",\"item\":\"https:\\\/\\\/digital58.com.ve\\\/site\\\/\"},{\"@type\":\"ListItem\",\"position\":2,\"name\":\"#Zulia | Jos\u00e9 Berm\u00fadez: \u00abDeclaramos emergencia al Lago de Maracaibo en Cabildo Abierto\u00bb\"}]},{\"@type\":\"WebSite\",\"@id\":\"https:\\\/\\\/digital58.com.ve\\\/site\\\/#website\",\"url\":\"https:\\\/\\\/digital58.com.ve\\\/site\\\/\",\"name\":\"Noticias Digital58\",\"description\":\"Portal de Noticias \u00a1Periodismo web de verdad! Lanzamiento web 22.11.2005 \\\/ Maracaibo, Venezuela\",\"publisher\":{\"@id\":\"https:\\\/\\\/digital58.com.ve\\\/site\\\/#\\\/schema\\\/person\\\/64d1c2e4d0d4fd1b849980c4331c2951\"},\"alternateName\":\"ND58\",\"potentialAction\":[{\"@type\":\"SearchAction\",\"target\":{\"@type\":\"EntryPoint\",\"urlTemplate\":\"https:\\\/\\\/digital58.com.ve\\\/site\\\/?s={search_term_string}\"},\"query-input\":{\"@type\":\"PropertyValueSpecification\",\"valueRequired\":true,\"valueName\":\"search_term_string\"}}],\"inLanguage\":\"es\"},{\"@type\":[\"Person\",\"Organization\"],\"@id\":\"https:\\\/\\\/digital58.com.ve\\\/site\\\/#\\\/schema\\\/person\\\/64d1c2e4d0d4fd1b849980c4331c2951\",\"name\":\"Villasmil Henry\",\"image\":{\"@type\":\"ImageObject\",\"inLanguage\":\"es\",\"@id\":\"https:\\\/\\\/secure.gravatar.com\\\/avatar\\\/bb0c4a2fcb7970138239f7e404ea75757b1b507b28b5ce4c53fbd62d797c5a7c?s=96&d=mm&r=g\",\"url\":\"https:\\\/\\\/secure.gravatar.com\\\/avatar\\\/bb0c4a2fcb7970138239f7e404ea75757b1b507b28b5ce4c53fbd62d797c5a7c?s=96&d=mm&r=g\",\"contentUrl\":\"https:\\\/\\\/secure.gravatar.com\\\/avatar\\\/bb0c4a2fcb7970138239f7e404ea75757b1b507b28b5ce4c53fbd62d797c5a7c?s=96&d=mm&r=g\",\"caption\":\"Villasmil Henry\"},\"logo\":{\"@id\":\"https:\\\/\\\/secure.gravatar.com\\\/avatar\\\/bb0c4a2fcb7970138239f7e404ea75757b1b507b28b5ce4c53fbd62d797c5a7c?s=96&d=mm&r=g\"},\"sameAs\":[\"http:\\\/\\\/www.henryvillasmil.com.ve\",\"https:\\\/\\\/www.instagram.com\\\/villasmilhfoto\\\/\",\"https:\\\/\\\/x.com\\\/https:\\\/\\\/twitter.com\\\/villasmilhfoto\"]},{\"@type\":\"Person\",\"@id\":\"https:\\\/\\\/digital58.com.ve\\\/site\\\/#\\\/schema\\\/person\\\/5ef3ed6588a1de18f098d7d8c909834b\",\"name\":\"Carolina del Valle Morales\",\"image\":{\"@type\":\"ImageObject\",\"inLanguage\":\"es\",\"@id\":\"https:\\\/\\\/secure.gravatar.com\\\/avatar\\\/0cdf0a8cbb9d61ccd1c45dac3181142ad3ad1771aecb28412b09b868d168ef63?s=96&d=mm&r=g\",\"url\":\"https:\\\/\\\/secure.gravatar.com\\\/avatar\\\/0cdf0a8cbb9d61ccd1c45dac3181142ad3ad1771aecb28412b09b868d168ef63?s=96&d=mm&r=g\",\"contentUrl\":\"https:\\\/\\\/secure.gravatar.com\\\/avatar\\\/0cdf0a8cbb9d61ccd1c45dac3181142ad3ad1771aecb28412b09b868d168ef63?s=96&d=mm&r=g\",\"caption\":\"Carolina del Valle Morales\"},\"url\":\"https:\\\/\\\/digital58.com.ve\\\/site\\\/author\\\/vallecarola\\\/\"}]}<\/script>\n<!-- \/ Yoast SEO plugin. -->","yoast_head_json":{"title":"#Zulia | Jos\u00e9 Berm\u00fadez: \u00abDeclaramos emergencia al Lago de Maracaibo en Cabildo Abierto\u00bb","robots":{"index":"index","follow":"follow","max-snippet":"max-snippet:-1","max-image-preview":"max-image-preview:large","max-video-preview":"max-video-preview:-1"},"canonical":"https:\/\/digital58.com.ve\/site\/2023\/07\/15\/zulia-jose-bermudez-declaramos-emergencia-al-lago-de-maracaibo-en-cabildo-abierto\/","og_locale":"es_ES","og_type":"article","og_title":"#Zulia | Jos\u00e9 Berm\u00fadez: \u00abDeclaramos emergencia al Lago de Maracaibo en Cabildo Abierto\u00bb","og_url":"https:\/\/digital58.com.ve\/site\/2023\/07\/15\/zulia-jose-bermudez-declaramos-emergencia-al-lago-de-maracaibo-en-cabildo-abierto\/","og_site_name":"Noticias Digital58","article_published_time":"2023-07-15T14:52:24+00:00","article_modified_time":"2023-07-16T02:44:56+00:00","og_image":[{"width":1920,"height":2560,"url":"https:\/\/i0.wp.com\/digital58.com.ve\/site\/wp-content\/uploads\/2023\/07\/unnamed-1-scaled.jpg?fit=1920%2C2560&ssl=1","type":"image\/jpeg"}],"author":"Carolina del Valle Morales","twitter_card":"summary_large_image","twitter_creator":"@Digital_58","twitter_site":"@villasmilhfoto","twitter_misc":{"Escrito por":"Carolina del Valle Morales","Tiempo estimado de lectura":"3 minutos"},"schema":{"@context":"https:\/\/schema.org","@graph":[{"@type":"Article","@id":"https:\/\/digital58.com.ve\/site\/2023\/07\/15\/zulia-jose-bermudez-declaramos-emergencia-al-lago-de-maracaibo-en-cabildo-abierto\/#article","isPartOf":{"@id":"https:\/\/digital58.com.ve\/site\/2023\/07\/15\/zulia-jose-bermudez-declaramos-emergencia-al-lago-de-maracaibo-en-cabildo-abierto\/"},"author":{"name":"Carolina del Valle Morales","@id":"https:\/\/digital58.com.ve\/site\/#\/schema\/person\/5ef3ed6588a1de18f098d7d8c909834b"},"headline":"#Zulia | Jos\u00e9 Berm\u00fadez: \u00abDeclaramos emergencia al Lago de Maracaibo en Cabildo Abierto\u00bb","datePublished":"2023-07-15T14:52:24+00:00","dateModified":"2023-07-16T02:44:56+00:00","mainEntityOfPage":{"@id":"https:\/\/digital58.com.ve\/site\/2023\/07\/15\/zulia-jose-bermudez-declaramos-emergencia-al-lago-de-maracaibo-en-cabildo-abierto\/"},"wordCount":664,"commentCount":0,"publisher":{"@id":"https:\/\/digital58.com.ve\/site\/#\/schema\/person\/64d1c2e4d0d4fd1b849980c4331c2951"},"image":{"@id":"https:\/\/digital58.com.ve\/site\/2023\/07\/15\/zulia-jose-bermudez-declaramos-emergencia-al-lago-de-maracaibo-en-cabildo-abierto\/#primaryimage"},"thumbnailUrl":"https:\/\/digital58.com.ve\/site\/wp-content\/uploads\/2023\/07\/unnamed-1-scaled.jpg","keywords":["Concejo Municipal de Maracaibo","Contaminaci\u00f3n ambiental","Jos\u00e9 Berm\u00fadez","Lago de Maracaibo","Maracaibo","Nacionales","PDVSA","Regionales","Venezuela","Zulia"],"articleSection":["Zulia"],"inLanguage":"es","potentialAction":[{"@type":"CommentAction","name":"Comment","target":["https:\/\/digital58.com.ve\/site\/2023\/07\/15\/zulia-jose-bermudez-declaramos-emergencia-al-lago-de-maracaibo-en-cabildo-abierto\/#respond"]}]},{"@type":"WebPage","@id":"https:\/\/digital58.com.ve\/site\/2023\/07\/15\/zulia-jose-bermudez-declaramos-emergencia-al-lago-de-maracaibo-en-cabildo-abierto\/","url":"https:\/\/digital58.com.ve\/site\/2023\/07\/15\/zulia-jose-bermudez-declaramos-emergencia-al-lago-de-maracaibo-en-cabildo-abierto\/","name":"#Zulia | Jos\u00e9 Berm\u00fadez: \u00abDeclaramos emergencia al Lago de Maracaibo en Cabildo Abierto\u00bb","isPartOf":{"@id":"https:\/\/digital58.com.ve\/site\/#website"},"primaryImageOfPage":{"@id":"https:\/\/digital58.com.ve\/site\/2023\/07\/15\/zulia-jose-bermudez-declaramos-emergencia-al-lago-de-maracaibo-en-cabildo-abierto\/#primaryimage"},"image":{"@id":"https:\/\/digital58.com.ve\/site\/2023\/07\/15\/zulia-jose-bermudez-declaramos-emergencia-al-lago-de-maracaibo-en-cabildo-abierto\/#primaryimage"},"thumbnailUrl":"https:\/\/digital58.com.ve\/site\/wp-content\/uploads\/2023\/07\/unnamed-1-scaled.jpg","datePublished":"2023-07-15T14:52:24+00:00","dateModified":"2023-07-16T02:44:56+00:00","breadcrumb":{"@id":"https:\/\/digital58.com.ve\/site\/2023\/07\/15\/zulia-jose-bermudez-declaramos-emergencia-al-lago-de-maracaibo-en-cabildo-abierto\/#breadcrumb"},"inLanguage":"es","potentialAction":[{"@type":"ReadAction","target":["https:\/\/digital58.com.ve\/site\/2023\/07\/15\/zulia-jose-bermudez-declaramos-emergencia-al-lago-de-maracaibo-en-cabildo-abierto\/"]}]},{"@type":"ImageObject","inLanguage":"es","@id":"https:\/\/digital58.com.ve\/site\/2023\/07\/15\/zulia-jose-bermudez-declaramos-emergencia-al-lago-de-maracaibo-en-cabildo-abierto\/#primaryimage","url":"https:\/\/digital58.com.ve\/site\/wp-content\/uploads\/2023\/07\/unnamed-1-scaled.jpg","contentUrl":"https:\/\/digital58.com.ve\/site\/wp-content\/uploads\/2023\/07\/unnamed-1-scaled.jpg","width":1920,"height":2560},{"@type":"BreadcrumbList","@id":"https:\/\/digital58.com.ve\/site\/2023\/07\/15\/zulia-jose-bermudez-declaramos-emergencia-al-lago-de-maracaibo-en-cabildo-abierto\/#breadcrumb","itemListElement":[{"@type":"ListItem","position":1,"name":"Home","item":"https:\/\/digital58.com.ve\/site\/"},{"@type":"ListItem","position":2,"name":"#Zulia | Jos\u00e9 Berm\u00fadez: \u00abDeclaramos emergencia al Lago de Maracaibo en Cabildo Abierto\u00bb"}]},{"@type":"WebSite","@id":"https:\/\/digital58.com.ve\/site\/#website","url":"https:\/\/digital58.com.ve\/site\/","name":"Noticias Digital58","description":"Portal de Noticias \u00a1Periodismo web de verdad! Lanzamiento web 22.11.2005 \/ Maracaibo, Venezuela","publisher":{"@id":"https:\/\/digital58.com.ve\/site\/#\/schema\/person\/64d1c2e4d0d4fd1b849980c4331c2951"},"alternateName":"ND58","potentialAction":[{"@type":"SearchAction","target":{"@type":"EntryPoint","urlTemplate":"https:\/\/digital58.com.ve\/site\/?s={search_term_string}"},"query-input":{"@type":"PropertyValueSpecification","valueRequired":true,"valueName":"search_term_string"}}],"inLanguage":"es"},{"@type":["Person","Organization"],"@id":"https:\/\/digital58.com.ve\/site\/#\/schema\/person\/64d1c2e4d0d4fd1b849980c4331c2951","name":"Villasmil Henry","image":{"@type":"ImageObject","inLanguage":"es","@id":"https:\/\/secure.gravatar.com\/avatar\/bb0c4a2fcb7970138239f7e404ea75757b1b507b28b5ce4c53fbd62d797c5a7c?s=96&d=mm&r=g","url":"https:\/\/secure.gravatar.com\/avatar\/bb0c4a2fcb7970138239f7e404ea75757b1b507b28b5ce4c53fbd62d797c5a7c?s=96&d=mm&r=g","contentUrl":"https:\/\/secure.gravatar.com\/avatar\/bb0c4a2fcb7970138239f7e404ea75757b1b507b28b5ce4c53fbd62d797c5a7c?s=96&d=mm&r=g","caption":"Villasmil Henry"},"logo":{"@id":"https:\/\/secure.gravatar.com\/avatar\/bb0c4a2fcb7970138239f7e404ea75757b1b507b28b5ce4c53fbd62d797c5a7c?s=96&d=mm&r=g"},"sameAs":["http:\/\/www.henryvillasmil.com.ve","https:\/\/www.instagram.com\/villasmilhfoto\/","https:\/\/x.com\/https:\/\/twitter.com\/villasmilhfoto"]},{"@type":"Person","@id":"https:\/\/digital58.com.ve\/site\/#\/schema\/person\/5ef3ed6588a1de18f098d7d8c909834b","name":"Carolina del Valle Morales","image":{"@type":"ImageObject","inLanguage":"es","@id":"https:\/\/secure.gravatar.com\/avatar\/0cdf0a8cbb9d61ccd1c45dac3181142ad3ad1771aecb28412b09b868d168ef63?s=96&d=mm&r=g","url":"https:\/\/secure.gravatar.com\/avatar\/0cdf0a8cbb9d61ccd1c45dac3181142ad3ad1771aecb28412b09b868d168ef63?s=96&d=mm&r=g","contentUrl":"https:\/\/secure.gravatar.com\/avatar\/0cdf0a8cbb9d61ccd1c45dac3181142ad3ad1771aecb28412b09b868d168ef63?s=96&d=mm&r=g","caption":"Carolina del Valle Morales"},"url":"https:\/\/digital58.com.ve\/site\/author\/vallecarola\/"}]}},"uagb_featured_image_src":{"full":["https:\/\/digital58.com.ve\/site\/wp-content\/uploads\/2023\/07\/unnamed-1-scaled.jpg",1920,2560,false],"thumbnail":["https:\/\/digital58.com.ve\/site\/wp-content\/uploads\/2023\/07\/unnamed-1-150x150.jpg",150,150,true],"medium":["https:\/\/digital58.com.ve\/site\/wp-content\/uploads\/2023\/07\/unnamed-1-225x300.jpg",225,300,true],"medium_large":["https:\/\/digital58.com.ve\/site\/wp-content\/uploads\/2023\/07\/unnamed-1-768x1024.jpg",768,1024,true],"large":["https:\/\/digital58.com.ve\/site\/wp-content\/uploads\/2023\/07\/unnamed-1-750x1000.jpg",750,1000,true],"1536x1536":["https:\/\/digital58.com.ve\/site\/wp-content\/uploads\/2023\/07\/unnamed-1-1152x1536.jpg",1152,1536,true],"2048x2048":["https:\/\/digital58.com.ve\/site\/wp-content\/uploads\/2023\/07\/unnamed-1-1536x2048.jpg",1536,2048,true],"colormag-highlighted-post":["https:\/\/digital58.com.ve\/site\/wp-content\/uploads\/2023\/07\/unnamed-1-392x272.jpg",392,272,true],"colormag-featured-post-medium":["https:\/\/digital58.com.ve\/site\/wp-content\/uploads\/2023\/07\/unnamed-1-390x205.jpg",390,205,true],"colormag-featured-post-small":["https:\/\/digital58.com.ve\/site\/wp-content\/uploads\/2023\/07\/unnamed-1-130x90.jpg",130,90,true],"colormag-featured-image":["https:\/\/digital58.com.ve\/site\/wp-content\/uploads\/2023\/07\/unnamed-1-800x445.jpg",800,445,true],"colormag-default-news":["https:\/\/digital58.com.ve\/site\/wp-content\/uploads\/2023\/07\/unnamed-1-150x150.jpg",150,150,true],"colormag-featured-image-large":["https:\/\/digital58.com.ve\/site\/wp-content\/uploads\/2023\/07\/unnamed-1-1400x600.jpg",1400,600,true]},"uagb_author_info":{"display_name":"Carolina del Valle Morales","author_link":"https:\/\/digital58.com.ve\/site\/author\/vallecarola\/"},"uagb_comment_info":0,"uagb_excerpt":"La plaza \u00abGran Cacique Nigale\u00bb en Santa Rosa de Agua, de la parroquia Coquivacoa, fue lugar propicio para que el","_links":{"self":[{"href":"https:\/\/digital58.com.ve\/site\/wp-json\/wp\/v2\/posts\/168642","targetHints":{"allow":["GET"]}}],"collection":[{"href":"https:\/\/digital58.com.ve\/site\/wp-json\/wp\/v2\/posts"}],"about":[{"href":"https:\/\/digital58.com.ve\/site\/wp-json\/wp\/v2\/types\/post"}],"author":[{"embeddable":true,"href":"https:\/\/digital58.com.ve\/site\/wp-json\/wp\/v2\/users\/34"}],"replies":[{"embeddable":true,"href":"https:\/\/digital58.com.ve\/site\/wp-json\/wp\/v2\/comments?post=168642"}],"version-history":[{"count":3,"href":"https:\/\/digital58.com.ve\/site\/wp-json\/wp\/v2\/posts\/168642\/revisions"}],"predecessor-version":[{"id":168647,"href":"https:\/\/digital58.com.ve\/site\/wp-json\/wp\/v2\/posts\/168642\/revisions\/168647"}],"wp:featuredmedia":[{"embeddable":true,"href":"https:\/\/digital58.com.ve\/site\/wp-json\/wp\/v2\/media\/168643"}],"wp:attachment":[{"href":"https:\/\/digital58.com.ve\/site\/wp-json\/wp\/v2\/media?parent=168642"}],"wp:term":[{"taxonomy":"category","embeddable":true,"href":"https:\/\/digital58.com.ve\/site\/wp-json\/wp\/v2\/categories?post=168642"},{"taxonomy":"post_tag","embeddable":true,"href":"https:\/\/digital58.com.ve\/site\/wp-json\/wp\/v2\/tags?post=168642"}],"curies":[{"name":"wp","href":"https:\/\/api.w.org\/{rel}","templated":true}]}}