{"id":168650,"date":"2023-07-17T10:29:31","date_gmt":"2023-07-17T14:29:31","guid":{"rendered":"https:\/\/digital58.com.ve\/site\/?p=168650"},"modified":"2023-07-17T10:29:31","modified_gmt":"2023-07-17T14:29:31","slug":"escuelas-jose-rios-bolita-albes-aguirre-y-heberto-anez-las-ganadoras-del-festival-infantil-juvenil-de-gaita-de-furro-2023","status":"publish","type":"post","link":"https:\/\/digital58.com.ve\/site\/2023\/07\/17\/escuelas-jose-rios-bolita-albes-aguirre-y-heberto-anez-las-ganadoras-del-festival-infantil-juvenil-de-gaita-de-furro-2023\/","title":{"rendered":"Escuelas Jos\u00e9 R\u00edos \u00abBolita\u00bb, Albes Aguirre y Heberto \u00c1\u00f1ez, las ganadoras del Festival Infantil Juvenil de Gaita de Furro 2023"},"content":{"rendered":"<p><a href=\"https:\/\/digital58.com.ve\/site\/wp-content\/uploads\/2023\/07\/fg-imgra-6.jpg\"><img loading=\"lazy\" decoding=\"async\" class=\"aligncenter size-full wp-image-168652\" src=\"https:\/\/digital58.com.ve\/site\/wp-content\/uploads\/2023\/07\/fg-imgra-6.jpg\" alt=\"\" width=\"800\" height=\"450\" srcset=\"https:\/\/digital58.com.ve\/site\/wp-content\/uploads\/2023\/07\/fg-imgra-6.jpg 800w, https:\/\/digital58.com.ve\/site\/wp-content\/uploads\/2023\/07\/fg-imgra-6-300x169.jpg 300w, https:\/\/digital58.com.ve\/site\/wp-content\/uploads\/2023\/07\/fg-imgra-6-768x432.jpg 768w\" sizes=\"auto, (max-width: 800px) 100vw, 800px\" \/><\/a><\/p>\n<p>Las 10 agrupaciones que pasaron a la final dieron sus mejores interpretaciones. \u00abMi peque\u00f1a vida\u00bb, \u00abEn casa se larga el forro\u00bb y \u00abLa cabra mocha\u00bb fueron los tres temas presentados por los tres primeros lugares.<\/p>\n<p><strong>Maracaibo, Zulia, Venezuela, 17 de julio de 2023 (ND58).-<\/strong>\u00a0 Las Escuelas de Gaita Jos\u00e9 R\u00edos \u00abBolita, Albes Aguirre y Heberto \u00c1\u00f1ez resultaron los ganadores de la final del Festival Infantil Juvenil de Gaita de Furro 2023 donde las 10 agrupaciones clasificadas brindaron su mejor interpretaci\u00f3n, la noche este s\u00e1bado 15 de julio, para alcanzar el primer, segundo y tercer lugar.<\/p>\n<p><a href=\"https:\/\/digital58.com.ve\/site\/wp-content\/uploads\/2023\/07\/fg-imgra-7.jpg\"><img loading=\"lazy\" decoding=\"async\" class=\"aligncenter size-full wp-image-168651\" src=\"https:\/\/digital58.com.ve\/site\/wp-content\/uploads\/2023\/07\/fg-imgra-7.jpg\" alt=\"\" width=\"800\" height=\"450\" srcset=\"https:\/\/digital58.com.ve\/site\/wp-content\/uploads\/2023\/07\/fg-imgra-7.jpg 800w, https:\/\/digital58.com.ve\/site\/wp-content\/uploads\/2023\/07\/fg-imgra-7-300x169.jpg 300w, https:\/\/digital58.com.ve\/site\/wp-content\/uploads\/2023\/07\/fg-imgra-7-768x432.jpg 768w\" sizes=\"auto, (max-width: 800px) 100vw, 800px\" \/><\/a><\/p>\n<p>La calle 77 \u20145 de Julio\u2014 sirvi\u00f3 de escenario para este \u00faltimo d\u00eda de la muestra gaitera organizada por Alcald\u00eda de Maracaibo a trav\u00e9s del Instituto Municipal de la Gaita Ricardo Aguirre (IMGRA) que reuni\u00f3 a m\u00e1s de 2.000 ni\u00f1os y j\u00f3venes.<\/p>\n<p><a href=\"https:\/\/digital58.com.ve\/site\/wp-content\/uploads\/2023\/07\/fg-imgra-1.jpg\"><img loading=\"lazy\" decoding=\"async\" class=\"aligncenter size-full wp-image-168657\" src=\"https:\/\/digital58.com.ve\/site\/wp-content\/uploads\/2023\/07\/fg-imgra-1.jpg\" alt=\"\" width=\"800\" height=\"450\" srcset=\"https:\/\/digital58.com.ve\/site\/wp-content\/uploads\/2023\/07\/fg-imgra-1.jpg 800w, https:\/\/digital58.com.ve\/site\/wp-content\/uploads\/2023\/07\/fg-imgra-1-300x169.jpg 300w, https:\/\/digital58.com.ve\/site\/wp-content\/uploads\/2023\/07\/fg-imgra-1-768x432.jpg 768w\" sizes=\"auto, (max-width: 800px) 100vw, 800px\" \/><\/a><\/p>\n<p>Tras una impecable actuaci\u00f3n sobre el escenario con el tema: \u00abMi peque\u00f1a vida\u00bb la Escuela de gaita Jos\u00e9 R\u00edos \u00abBolita\u00bb obtuvo el primer lugar; interpretando \u00abEn casa de larga el forro\u00bb, la Escuela de gaita Albes Aguirre, el segundo lugar; y la Escuela de Gaita Heberto \u00c1\u00f1ez el tercer puesto con la gaita \u00abLa cabra mocha\u00bb.<\/p>\n<p><a href=\"https:\/\/digital58.com.ve\/site\/wp-content\/uploads\/2023\/07\/fg-imgra-2.jpg\"><img loading=\"lazy\" decoding=\"async\" class=\"aligncenter size-full wp-image-168656\" src=\"https:\/\/digital58.com.ve\/site\/wp-content\/uploads\/2023\/07\/fg-imgra-2.jpg\" alt=\"\" width=\"800\" height=\"450\" srcset=\"https:\/\/digital58.com.ve\/site\/wp-content\/uploads\/2023\/07\/fg-imgra-2.jpg 800w, https:\/\/digital58.com.ve\/site\/wp-content\/uploads\/2023\/07\/fg-imgra-2-300x169.jpg 300w, https:\/\/digital58.com.ve\/site\/wp-content\/uploads\/2023\/07\/fg-imgra-2-768x432.jpg 768w\" sizes=\"auto, (max-width: 800px) 100vw, 800px\" \/><\/a><\/p>\n<p>El jurado calificador, con la dif\u00edcil y ardua tarea de evaluar y escoger a los ganadores, estuvo conformado por gaiteros de reconocida y comprobada trayectoria como: Jes\u00fas Morillo, Humberto Bracho, Albis Reyes, Amador Berm\u00fadez, Luis Rojas, Argenis S\u00e1nchez y Algimiro Nava.<\/p>\n<p><a href=\"https:\/\/digital58.com.ve\/site\/wp-content\/uploads\/2023\/07\/fg-imgra-3.jpg\"><img loading=\"lazy\" decoding=\"async\" class=\"aligncenter size-full wp-image-168655\" src=\"https:\/\/digital58.com.ve\/site\/wp-content\/uploads\/2023\/07\/fg-imgra-3.jpg\" alt=\"\" width=\"800\" height=\"450\" srcset=\"https:\/\/digital58.com.ve\/site\/wp-content\/uploads\/2023\/07\/fg-imgra-3.jpg 800w, https:\/\/digital58.com.ve\/site\/wp-content\/uploads\/2023\/07\/fg-imgra-3-300x169.jpg 300w, https:\/\/digital58.com.ve\/site\/wp-content\/uploads\/2023\/07\/fg-imgra-3-768x432.jpg 768w\" sizes=\"auto, (max-width: 800px) 100vw, 800px\" \/><\/a><\/p>\n<p>Adem\u00e1s de uniformes, <em>kits<\/em> de instrumentos y la grabaci\u00f3n de un video musical para el primer lugar, los tres ganadores del Festival tendr\u00e1n la oportunidad de grabar una gaita in\u00e9dita en un estudio profesional.<\/p>\n<p><a href=\"https:\/\/digital58.com.ve\/site\/wp-content\/uploads\/2023\/07\/fg-imgra-5.jpg\"><img loading=\"lazy\" decoding=\"async\" class=\"aligncenter size-full wp-image-168653\" src=\"https:\/\/digital58.com.ve\/site\/wp-content\/uploads\/2023\/07\/fg-imgra-5.jpg\" alt=\"\" width=\"800\" height=\"449\" srcset=\"https:\/\/digital58.com.ve\/site\/wp-content\/uploads\/2023\/07\/fg-imgra-5.jpg 800w, https:\/\/digital58.com.ve\/site\/wp-content\/uploads\/2023\/07\/fg-imgra-5-300x168.jpg 300w, https:\/\/digital58.com.ve\/site\/wp-content\/uploads\/2023\/07\/fg-imgra-5-768x431.jpg 768w\" sizes=\"auto, (max-width: 800px) 100vw, 800px\" \/><\/a><\/p>\n<p>El resto de los grupos finalistas, las Escuelas de Gaita Astolfo Romero, Luis Oquendo Delgado, Jes\u00fas Bravo Gonz\u00e1lez, Heriberto Molina, Tino Rodr\u00edguez; y los grupos Gaiteritos de Mair\u00e9n y Gaiteritos de la U.E.P San Vicente de Pa\u00fal; tambi\u00e9n recibir\u00e1n un un <em>Kit<\/em> de instrumentos como reconocimiento y est\u00edmulo a su participaci\u00f3n.<\/p>\n<p><strong>Homenaje <em>post morten<\/em><\/strong><\/p>\n<p>La Escuela de Gaita Simon Garc\u00eda abri\u00f3 con broche de oro a la noche del Festival con un sentido y emotivo tributo gaitero y en presencia de su esposa Arminda de Garc\u00eda, a quien se le entreg\u00f3 un reconocimiento <em>post morten<\/em> al recordado poeta zuliano.<\/p>\n<p>Por otra parte, el gaitero Marvin Gonz\u00e1lez fue el homenajeado de la fase por su invalorable aporte como int\u00e9rprete vocal de la gaita de furro durante 54 a\u00f1os.<\/p>\n<p><a href=\"https:\/\/digital58.com.ve\/site\/wp-content\/uploads\/2023\/07\/fg-imgra-4.jpg\"><img loading=\"lazy\" decoding=\"async\" class=\"aligncenter size-full wp-image-168654\" src=\"https:\/\/digital58.com.ve\/site\/wp-content\/uploads\/2023\/07\/fg-imgra-4.jpg\" alt=\"\" width=\"800\" height=\"449\" srcset=\"https:\/\/digital58.com.ve\/site\/wp-content\/uploads\/2023\/07\/fg-imgra-4.jpg 800w, https:\/\/digital58.com.ve\/site\/wp-content\/uploads\/2023\/07\/fg-imgra-4-300x168.jpg 300w, https:\/\/digital58.com.ve\/site\/wp-content\/uploads\/2023\/07\/fg-imgra-4-768x431.jpg 768w\" sizes=\"auto, (max-width: 800px) 100vw, 800px\" \/><\/a><\/p>\n<p>Los alumnos de la Escuela de gaita que hace vida en la Fundaci\u00f3n de Padres y Amigos de J\u00f3venes y Adultos con Discapacidad Intelectual y del Espectro Autista (Funparm) emocionaron al p\u00fablico que asisti\u00f3 para apoyar a sus favoritos.<\/p>\n<p>La noche gaitera cont\u00f3 con la presencia del alcalde de la ciudad, Rafael Ram\u00edrez Colina; la primera dama Vanessa Linares de Ram\u00edrez; miembros del gabinete municipal, personalidades gaiteras, medios de comunicaci\u00f3n, familiares de los homenajeados y dem\u00e1s invitados especiales.<\/p>\n<p>Los premios a los grupos ganadores ser\u00e1n entregados en una actividad especial en la nueva sede del Instituto Municipal de la Gaita Ricardo Aguirre (IMGRA), ubicada en la avenida 2 (El Milagro).<\/p>\n<p>Asimismo, se anunciar\u00e1n las tres gaitas seleccionadas \u2014postuladas por compositores noveles\u2014 seleccionadas con motivo del Bicentenario de la Batalla Naval del Lago de Maracaibo y que ser\u00e1n grabadas en un estudio profesional por los tres primeros lugares del Festival.<\/p>\n<p><strong>Redacci\u00f3n ND58 | Fuente: Comunicaciones IMGRA \/ Alcald\u00eda de Maracaibo<\/strong><br \/>\n<strong>Edici\u00f3n: Villasmil, Henry<\/strong><br \/>\n<strong>Gr\u00e1fica: Cortes\u00eda IMGRA<\/strong><\/p>\n<p>&nbsp;<\/p><div class=\"nuxja69f236c5907f3\" ><p style=\"text-align: center;\"><a href=\"https:\/\/t.me\/noticiasdigital58\" target=\"_blank\" rel=\"noopener\"><img class=\"aligncenter size-full wp-image-125363\" src=\"https:\/\/digital58.com.ve\/site\/wp-content\/uploads\/2021\/04\/banner-telegram-web-2021.png\" alt=\"\" width=\"600\" height=\"90\" \/><\/a><\/p><\/div><style type=\"text\/css\">\r\n@media screen and (min-width: 1201px) {\r\n.nuxja69f236c5907f3 {\r\ndisplay: block;\r\n}\r\n}\r\n@media screen and (min-width: 993px) and (max-width: 1200px) {\r\n.nuxja69f236c5907f3 {\r\ndisplay: block;\r\n}\r\n}\r\n@media screen and (min-width: 769px) and (max-width: 992px) {\r\n.nuxja69f236c5907f3 {\r\ndisplay: block;\r\n}\r\n}\r\n@media screen and (min-width: 768px) and (max-width: 768px) {\r\n.nuxja69f236c5907f3 {\r\ndisplay: block;\r\n}\r\n}\r\n@media screen and (max-width: 767px) {\r\n.nuxja69f236c5907f3 {\r\ndisplay: block;\r\n}\r\n}\r\n<\/style>\r\n\n<p>&nbsp;<\/p>\n<div style=\"margin-top: 0px; margin-bottom: 0px;\" class=\"sharethis-inline-share-buttons\" ><\/div>","protected":false},"excerpt":{"rendered":"<p>Las 10 agrupaciones que pasaron a la final dieron sus mejores interpretaciones. \u00abMi peque\u00f1a vida\u00bb, \u00abEn casa se larga el<\/p>\n","protected":false},"author":1,"featured_media":168657,"comment_status":"open","ping_status":"closed","sticky":false,"template":"","format":"standard","meta":{"colormag_page_container_layout":"default_layout","colormag_page_sidebar_layout":"default_layout","_uag_custom_page_level_css":"","footnotes":""},"categories":[14504],"tags":[31959,290,31958,31957,31274,2139,4025,27188,73,233,2354,32],"class_list":["post-168650","post","type-post","status-publish","format-standard","has-post-thumbnail","hentry","category-zulia","tag-albes-aguirre-heberto-anez","tag-alcaldia-de-maracaibo","tag-escuela-de-gaita-albes-aguirre","tag-escuela-de-gaita-jose-rios-bolita","tag-festival-infantil-juvenil-de-gaita-de-furro-2023","tag-gaita-zuliana","tag-imgra","tag-instituto-municipal-de-la-gaita-ricardo-aguirre","tag-maracaibo","tag-nacionales","tag-regionales","tag-venezuela"],"yoast_head":"<!-- This site is optimized with the Yoast SEO plugin v27.5 - https:\/\/yoast.com\/product\/yoast-seo-wordpress\/ -->\n<title>Escuelas Jos\u00e9 R\u00edos \u00abBolita\u00bb, Albes Aguirre y Heberto \u00c1\u00f1ez, las ganadoras del Festival Infantil Juvenil de Gaita de Furro 2023<\/title>\n<meta name=\"robots\" content=\"index, follow, max-snippet:-1, max-image-preview:large, max-video-preview:-1\" \/>\n<link rel=\"canonical\" href=\"https:\/\/digital58.com.ve\/site\/2023\/07\/17\/escuelas-jose-rios-bolita-albes-aguirre-y-heberto-anez-las-ganadoras-del-festival-infantil-juvenil-de-gaita-de-furro-2023\/\" \/>\n<meta property=\"og:locale\" content=\"es_ES\" \/>\n<meta property=\"og:type\" content=\"article\" \/>\n<meta property=\"og:title\" content=\"Escuelas Jos\u00e9 R\u00edos \u00abBolita\u00bb, Albes Aguirre y Heberto \u00c1\u00f1ez, las ganadoras del Festival Infantil Juvenil de Gaita de Furro 2023\" \/>\n<meta property=\"og:url\" content=\"https:\/\/digital58.com.ve\/site\/2023\/07\/17\/escuelas-jose-rios-bolita-albes-aguirre-y-heberto-anez-las-ganadoras-del-festival-infantil-juvenil-de-gaita-de-furro-2023\/\" \/>\n<meta property=\"og:site_name\" content=\"Noticias Digital58\" \/>\n<meta property=\"article:published_time\" content=\"2023-07-17T14:29:31+00:00\" \/>\n<meta property=\"og:image\" content=\"https:\/\/i0.wp.com\/digital58.com.ve\/site\/wp-content\/uploads\/2023\/07\/fg-imgra-1.jpg?fit=800%2C450&ssl=1\" \/>\n\t<meta property=\"og:image:width\" content=\"800\" \/>\n\t<meta property=\"og:image:height\" content=\"450\" \/>\n\t<meta property=\"og:image:type\" content=\"image\/jpeg\" \/>\n<meta name=\"author\" content=\"Villasmil Henry\" \/>\n<meta name=\"twitter:card\" content=\"summary_large_image\" \/>\n<meta name=\"twitter:creator\" content=\"@https:\/\/twitter.com\/villasmilhfoto\" \/>\n<meta name=\"twitter:site\" content=\"@villasmilhfoto\" \/>\n<meta name=\"twitter:label1\" content=\"Escrito por\" \/>\n\t<meta name=\"twitter:data1\" content=\"Villasmil Henry\" \/>\n\t<meta name=\"twitter:label2\" content=\"Tiempo estimado de lectura\" \/>\n\t<meta name=\"twitter:data2\" content=\"3 minutos\" \/>\n<script type=\"application\/ld+json\" class=\"yoast-schema-graph\">{\"@context\":\"https:\\\/\\\/schema.org\",\"@graph\":[{\"@type\":\"Article\",\"@id\":\"https:\\\/\\\/digital58.com.ve\\\/site\\\/2023\\\/07\\\/17\\\/escuelas-jose-rios-bolita-albes-aguirre-y-heberto-anez-las-ganadoras-del-festival-infantil-juvenil-de-gaita-de-furro-2023\\\/#article\",\"isPartOf\":{\"@id\":\"https:\\\/\\\/digital58.com.ve\\\/site\\\/2023\\\/07\\\/17\\\/escuelas-jose-rios-bolita-albes-aguirre-y-heberto-anez-las-ganadoras-del-festival-infantil-juvenil-de-gaita-de-furro-2023\\\/\"},\"author\":{\"name\":\"Villasmil Henry\",\"@id\":\"https:\\\/\\\/digital58.com.ve\\\/site\\\/#\\\/schema\\\/person\\\/64d1c2e4d0d4fd1b849980c4331c2951\"},\"headline\":\"Escuelas Jos\u00e9 R\u00edos \u00abBolita\u00bb, Albes Aguirre y Heberto \u00c1\u00f1ez, las ganadoras del Festival Infantil Juvenil de Gaita de Furro 2023\",\"datePublished\":\"2023-07-17T14:29:31+00:00\",\"mainEntityOfPage\":{\"@id\":\"https:\\\/\\\/digital58.com.ve\\\/site\\\/2023\\\/07\\\/17\\\/escuelas-jose-rios-bolita-albes-aguirre-y-heberto-anez-las-ganadoras-del-festival-infantil-juvenil-de-gaita-de-furro-2023\\\/\"},\"wordCount\":622,\"commentCount\":0,\"publisher\":{\"@id\":\"https:\\\/\\\/digital58.com.ve\\\/site\\\/#\\\/schema\\\/person\\\/64d1c2e4d0d4fd1b849980c4331c2951\"},\"image\":{\"@id\":\"https:\\\/\\\/digital58.com.ve\\\/site\\\/2023\\\/07\\\/17\\\/escuelas-jose-rios-bolita-albes-aguirre-y-heberto-anez-las-ganadoras-del-festival-infantil-juvenil-de-gaita-de-furro-2023\\\/#primaryimage\"},\"thumbnailUrl\":\"https:\\\/\\\/digital58.com.ve\\\/site\\\/wp-content\\\/uploads\\\/2023\\\/07\\\/fg-imgra-1.jpg\",\"keywords\":[\"Albes Aguirre Heberto \u00c1\u00f1ez\",\"Alcald\u00eda de Maracaibo\",\"Escuela de Gaita Albes Aguirre\",\"Escuela de Gaita Jos\u00e9 R\u00edos \u00abBolita\",\"Festival Infantil - Juvenil de Gaita de Furro 2023\",\"Gaita Zuliana\",\"Imgra\",\"Instituto Municipal de la Gaita Ricardo Aguirre\",\"Maracaibo\",\"Nacionales\",\"Regionales\",\"Venezuela\"],\"articleSection\":[\"Zulia\"],\"inLanguage\":\"es\",\"potentialAction\":[{\"@type\":\"CommentAction\",\"name\":\"Comment\",\"target\":[\"https:\\\/\\\/digital58.com.ve\\\/site\\\/2023\\\/07\\\/17\\\/escuelas-jose-rios-bolita-albes-aguirre-y-heberto-anez-las-ganadoras-del-festival-infantil-juvenil-de-gaita-de-furro-2023\\\/#respond\"]}]},{\"@type\":\"WebPage\",\"@id\":\"https:\\\/\\\/digital58.com.ve\\\/site\\\/2023\\\/07\\\/17\\\/escuelas-jose-rios-bolita-albes-aguirre-y-heberto-anez-las-ganadoras-del-festival-infantil-juvenil-de-gaita-de-furro-2023\\\/\",\"url\":\"https:\\\/\\\/digital58.com.ve\\\/site\\\/2023\\\/07\\\/17\\\/escuelas-jose-rios-bolita-albes-aguirre-y-heberto-anez-las-ganadoras-del-festival-infantil-juvenil-de-gaita-de-furro-2023\\\/\",\"name\":\"Escuelas Jos\u00e9 R\u00edos \u00abBolita\u00bb, Albes Aguirre y Heberto \u00c1\u00f1ez, las ganadoras del Festival Infantil Juvenil de Gaita de Furro 2023\",\"isPartOf\":{\"@id\":\"https:\\\/\\\/digital58.com.ve\\\/site\\\/#website\"},\"primaryImageOfPage\":{\"@id\":\"https:\\\/\\\/digital58.com.ve\\\/site\\\/2023\\\/07\\\/17\\\/escuelas-jose-rios-bolita-albes-aguirre-y-heberto-anez-las-ganadoras-del-festival-infantil-juvenil-de-gaita-de-furro-2023\\\/#primaryimage\"},\"image\":{\"@id\":\"https:\\\/\\\/digital58.com.ve\\\/site\\\/2023\\\/07\\\/17\\\/escuelas-jose-rios-bolita-albes-aguirre-y-heberto-anez-las-ganadoras-del-festival-infantil-juvenil-de-gaita-de-furro-2023\\\/#primaryimage\"},\"thumbnailUrl\":\"https:\\\/\\\/digital58.com.ve\\\/site\\\/wp-content\\\/uploads\\\/2023\\\/07\\\/fg-imgra-1.jpg\",\"datePublished\":\"2023-07-17T14:29:31+00:00\",\"breadcrumb\":{\"@id\":\"https:\\\/\\\/digital58.com.ve\\\/site\\\/2023\\\/07\\\/17\\\/escuelas-jose-rios-bolita-albes-aguirre-y-heberto-anez-las-ganadoras-del-festival-infantil-juvenil-de-gaita-de-furro-2023\\\/#breadcrumb\"},\"inLanguage\":\"es\",\"potentialAction\":[{\"@type\":\"ReadAction\",\"target\":[\"https:\\\/\\\/digital58.com.ve\\\/site\\\/2023\\\/07\\\/17\\\/escuelas-jose-rios-bolita-albes-aguirre-y-heberto-anez-las-ganadoras-del-festival-infantil-juvenil-de-gaita-de-furro-2023\\\/\"]}]},{\"@type\":\"ImageObject\",\"inLanguage\":\"es\",\"@id\":\"https:\\\/\\\/digital58.com.ve\\\/site\\\/2023\\\/07\\\/17\\\/escuelas-jose-rios-bolita-albes-aguirre-y-heberto-anez-las-ganadoras-del-festival-infantil-juvenil-de-gaita-de-furro-2023\\\/#primaryimage\",\"url\":\"https:\\\/\\\/digital58.com.ve\\\/site\\\/wp-content\\\/uploads\\\/2023\\\/07\\\/fg-imgra-1.jpg\",\"contentUrl\":\"https:\\\/\\\/digital58.com.ve\\\/site\\\/wp-content\\\/uploads\\\/2023\\\/07\\\/fg-imgra-1.jpg\",\"width\":800,\"height\":450},{\"@type\":\"BreadcrumbList\",\"@id\":\"https:\\\/\\\/digital58.com.ve\\\/site\\\/2023\\\/07\\\/17\\\/escuelas-jose-rios-bolita-albes-aguirre-y-heberto-anez-las-ganadoras-del-festival-infantil-juvenil-de-gaita-de-furro-2023\\\/#breadcrumb\",\"itemListElement\":[{\"@type\":\"ListItem\",\"position\":1,\"name\":\"Home\",\"item\":\"https:\\\/\\\/digital58.com.ve\\\/site\\\/\"},{\"@type\":\"ListItem\",\"position\":2,\"name\":\"Escuelas Jos\u00e9 R\u00edos \u00abBolita\u00bb, Albes Aguirre y Heberto \u00c1\u00f1ez, las ganadoras del Festival Infantil Juvenil de Gaita de Furro 2023\"}]},{\"@type\":\"WebSite\",\"@id\":\"https:\\\/\\\/digital58.com.ve\\\/site\\\/#website\",\"url\":\"https:\\\/\\\/digital58.com.ve\\\/site\\\/\",\"name\":\"Noticias Digital58\",\"description\":\"Portal de Noticias \u00a1Periodismo web de verdad! Lanzamiento web 22.11.2005 \\\/ Maracaibo, Venezuela\",\"publisher\":{\"@id\":\"https:\\\/\\\/digital58.com.ve\\\/site\\\/#\\\/schema\\\/person\\\/64d1c2e4d0d4fd1b849980c4331c2951\"},\"alternateName\":\"ND58\",\"potentialAction\":[{\"@type\":\"SearchAction\",\"target\":{\"@type\":\"EntryPoint\",\"urlTemplate\":\"https:\\\/\\\/digital58.com.ve\\\/site\\\/?s={search_term_string}\"},\"query-input\":{\"@type\":\"PropertyValueSpecification\",\"valueRequired\":true,\"valueName\":\"search_term_string\"}}],\"inLanguage\":\"es\"},{\"@type\":[\"Person\",\"Organization\"],\"@id\":\"https:\\\/\\\/digital58.com.ve\\\/site\\\/#\\\/schema\\\/person\\\/64d1c2e4d0d4fd1b849980c4331c2951\",\"name\":\"Villasmil Henry\",\"image\":{\"@type\":\"ImageObject\",\"inLanguage\":\"es\",\"@id\":\"https:\\\/\\\/secure.gravatar.com\\\/avatar\\\/bb0c4a2fcb7970138239f7e404ea75757b1b507b28b5ce4c53fbd62d797c5a7c?s=96&d=mm&r=g\",\"url\":\"https:\\\/\\\/secure.gravatar.com\\\/avatar\\\/bb0c4a2fcb7970138239f7e404ea75757b1b507b28b5ce4c53fbd62d797c5a7c?s=96&d=mm&r=g\",\"contentUrl\":\"https:\\\/\\\/secure.gravatar.com\\\/avatar\\\/bb0c4a2fcb7970138239f7e404ea75757b1b507b28b5ce4c53fbd62d797c5a7c?s=96&d=mm&r=g\",\"caption\":\"Villasmil Henry\"},\"logo\":{\"@id\":\"https:\\\/\\\/secure.gravatar.com\\\/avatar\\\/bb0c4a2fcb7970138239f7e404ea75757b1b507b28b5ce4c53fbd62d797c5a7c?s=96&d=mm&r=g\"},\"sameAs\":[\"http:\\\/\\\/www.henryvillasmil.com.ve\",\"https:\\\/\\\/www.instagram.com\\\/villasmilhfoto\\\/\",\"https:\\\/\\\/x.com\\\/https:\\\/\\\/twitter.com\\\/villasmilhfoto\"],\"url\":\"https:\\\/\\\/digital58.com.ve\\\/site\\\/author\\\/droopy_68\\\/\"}]}<\/script>\n<!-- \/ Yoast SEO plugin. -->","yoast_head_json":{"title":"Escuelas Jos\u00e9 R\u00edos \u00abBolita\u00bb, Albes Aguirre y Heberto \u00c1\u00f1ez, las ganadoras del Festival Infantil Juvenil de Gaita de Furro 2023","robots":{"index":"index","follow":"follow","max-snippet":"max-snippet:-1","max-image-preview":"max-image-preview:large","max-video-preview":"max-video-preview:-1"},"canonical":"https:\/\/digital58.com.ve\/site\/2023\/07\/17\/escuelas-jose-rios-bolita-albes-aguirre-y-heberto-anez-las-ganadoras-del-festival-infantil-juvenil-de-gaita-de-furro-2023\/","og_locale":"es_ES","og_type":"article","og_title":"Escuelas Jos\u00e9 R\u00edos \u00abBolita\u00bb, Albes Aguirre y Heberto \u00c1\u00f1ez, las ganadoras del Festival Infantil Juvenil de Gaita de Furro 2023","og_url":"https:\/\/digital58.com.ve\/site\/2023\/07\/17\/escuelas-jose-rios-bolita-albes-aguirre-y-heberto-anez-las-ganadoras-del-festival-infantil-juvenil-de-gaita-de-furro-2023\/","og_site_name":"Noticias Digital58","article_published_time":"2023-07-17T14:29:31+00:00","og_image":[{"width":800,"height":450,"url":"https:\/\/i0.wp.com\/digital58.com.ve\/site\/wp-content\/uploads\/2023\/07\/fg-imgra-1.jpg?fit=800%2C450&ssl=1","type":"image\/jpeg"}],"author":"Villasmil Henry","twitter_card":"summary_large_image","twitter_creator":"@https:\/\/twitter.com\/villasmilhfoto","twitter_site":"@villasmilhfoto","twitter_misc":{"Escrito por":"Villasmil Henry","Tiempo estimado de lectura":"3 minutos"},"schema":{"@context":"https:\/\/schema.org","@graph":[{"@type":"Article","@id":"https:\/\/digital58.com.ve\/site\/2023\/07\/17\/escuelas-jose-rios-bolita-albes-aguirre-y-heberto-anez-las-ganadoras-del-festival-infantil-juvenil-de-gaita-de-furro-2023\/#article","isPartOf":{"@id":"https:\/\/digital58.com.ve\/site\/2023\/07\/17\/escuelas-jose-rios-bolita-albes-aguirre-y-heberto-anez-las-ganadoras-del-festival-infantil-juvenil-de-gaita-de-furro-2023\/"},"author":{"name":"Villasmil Henry","@id":"https:\/\/digital58.com.ve\/site\/#\/schema\/person\/64d1c2e4d0d4fd1b849980c4331c2951"},"headline":"Escuelas Jos\u00e9 R\u00edos \u00abBolita\u00bb, Albes Aguirre y Heberto \u00c1\u00f1ez, las ganadoras del Festival Infantil Juvenil de Gaita de Furro 2023","datePublished":"2023-07-17T14:29:31+00:00","mainEntityOfPage":{"@id":"https:\/\/digital58.com.ve\/site\/2023\/07\/17\/escuelas-jose-rios-bolita-albes-aguirre-y-heberto-anez-las-ganadoras-del-festival-infantil-juvenil-de-gaita-de-furro-2023\/"},"wordCount":622,"commentCount":0,"publisher":{"@id":"https:\/\/digital58.com.ve\/site\/#\/schema\/person\/64d1c2e4d0d4fd1b849980c4331c2951"},"image":{"@id":"https:\/\/digital58.com.ve\/site\/2023\/07\/17\/escuelas-jose-rios-bolita-albes-aguirre-y-heberto-anez-las-ganadoras-del-festival-infantil-juvenil-de-gaita-de-furro-2023\/#primaryimage"},"thumbnailUrl":"https:\/\/digital58.com.ve\/site\/wp-content\/uploads\/2023\/07\/fg-imgra-1.jpg","keywords":["Albes Aguirre Heberto \u00c1\u00f1ez","Alcald\u00eda de Maracaibo","Escuela de Gaita Albes Aguirre","Escuela de Gaita Jos\u00e9 R\u00edos \u00abBolita","Festival Infantil - Juvenil de Gaita de Furro 2023","Gaita Zuliana","Imgra","Instituto Municipal de la Gaita Ricardo Aguirre","Maracaibo","Nacionales","Regionales","Venezuela"],"articleSection":["Zulia"],"inLanguage":"es","potentialAction":[{"@type":"CommentAction","name":"Comment","target":["https:\/\/digital58.com.ve\/site\/2023\/07\/17\/escuelas-jose-rios-bolita-albes-aguirre-y-heberto-anez-las-ganadoras-del-festival-infantil-juvenil-de-gaita-de-furro-2023\/#respond"]}]},{"@type":"WebPage","@id":"https:\/\/digital58.com.ve\/site\/2023\/07\/17\/escuelas-jose-rios-bolita-albes-aguirre-y-heberto-anez-las-ganadoras-del-festival-infantil-juvenil-de-gaita-de-furro-2023\/","url":"https:\/\/digital58.com.ve\/site\/2023\/07\/17\/escuelas-jose-rios-bolita-albes-aguirre-y-heberto-anez-las-ganadoras-del-festival-infantil-juvenil-de-gaita-de-furro-2023\/","name":"Escuelas Jos\u00e9 R\u00edos \u00abBolita\u00bb, Albes Aguirre y Heberto \u00c1\u00f1ez, las ganadoras del Festival Infantil Juvenil de Gaita de Furro 2023","isPartOf":{"@id":"https:\/\/digital58.com.ve\/site\/#website"},"primaryImageOfPage":{"@id":"https:\/\/digital58.com.ve\/site\/2023\/07\/17\/escuelas-jose-rios-bolita-albes-aguirre-y-heberto-anez-las-ganadoras-del-festival-infantil-juvenil-de-gaita-de-furro-2023\/#primaryimage"},"image":{"@id":"https:\/\/digital58.com.ve\/site\/2023\/07\/17\/escuelas-jose-rios-bolita-albes-aguirre-y-heberto-anez-las-ganadoras-del-festival-infantil-juvenil-de-gaita-de-furro-2023\/#primaryimage"},"thumbnailUrl":"https:\/\/digital58.com.ve\/site\/wp-content\/uploads\/2023\/07\/fg-imgra-1.jpg","datePublished":"2023-07-17T14:29:31+00:00","breadcrumb":{"@id":"https:\/\/digital58.com.ve\/site\/2023\/07\/17\/escuelas-jose-rios-bolita-albes-aguirre-y-heberto-anez-las-ganadoras-del-festival-infantil-juvenil-de-gaita-de-furro-2023\/#breadcrumb"},"inLanguage":"es","potentialAction":[{"@type":"ReadAction","target":["https:\/\/digital58.com.ve\/site\/2023\/07\/17\/escuelas-jose-rios-bolita-albes-aguirre-y-heberto-anez-las-ganadoras-del-festival-infantil-juvenil-de-gaita-de-furro-2023\/"]}]},{"@type":"ImageObject","inLanguage":"es","@id":"https:\/\/digital58.com.ve\/site\/2023\/07\/17\/escuelas-jose-rios-bolita-albes-aguirre-y-heberto-anez-las-ganadoras-del-festival-infantil-juvenil-de-gaita-de-furro-2023\/#primaryimage","url":"https:\/\/digital58.com.ve\/site\/wp-content\/uploads\/2023\/07\/fg-imgra-1.jpg","contentUrl":"https:\/\/digital58.com.ve\/site\/wp-content\/uploads\/2023\/07\/fg-imgra-1.jpg","width":800,"height":450},{"@type":"BreadcrumbList","@id":"https:\/\/digital58.com.ve\/site\/2023\/07\/17\/escuelas-jose-rios-bolita-albes-aguirre-y-heberto-anez-las-ganadoras-del-festival-infantil-juvenil-de-gaita-de-furro-2023\/#breadcrumb","itemListElement":[{"@type":"ListItem","position":1,"name":"Home","item":"https:\/\/digital58.com.ve\/site\/"},{"@type":"ListItem","position":2,"name":"Escuelas Jos\u00e9 R\u00edos \u00abBolita\u00bb, Albes Aguirre y Heberto \u00c1\u00f1ez, las ganadoras del Festival Infantil Juvenil de Gaita de Furro 2023"}]},{"@type":"WebSite","@id":"https:\/\/digital58.com.ve\/site\/#website","url":"https:\/\/digital58.com.ve\/site\/","name":"Noticias Digital58","description":"Portal de Noticias \u00a1Periodismo web de verdad! Lanzamiento web 22.11.2005 \/ Maracaibo, Venezuela","publisher":{"@id":"https:\/\/digital58.com.ve\/site\/#\/schema\/person\/64d1c2e4d0d4fd1b849980c4331c2951"},"alternateName":"ND58","potentialAction":[{"@type":"SearchAction","target":{"@type":"EntryPoint","urlTemplate":"https:\/\/digital58.com.ve\/site\/?s={search_term_string}"},"query-input":{"@type":"PropertyValueSpecification","valueRequired":true,"valueName":"search_term_string"}}],"inLanguage":"es"},{"@type":["Person","Organization"],"@id":"https:\/\/digital58.com.ve\/site\/#\/schema\/person\/64d1c2e4d0d4fd1b849980c4331c2951","name":"Villasmil Henry","image":{"@type":"ImageObject","inLanguage":"es","@id":"https:\/\/secure.gravatar.com\/avatar\/bb0c4a2fcb7970138239f7e404ea75757b1b507b28b5ce4c53fbd62d797c5a7c?s=96&d=mm&r=g","url":"https:\/\/secure.gravatar.com\/avatar\/bb0c4a2fcb7970138239f7e404ea75757b1b507b28b5ce4c53fbd62d797c5a7c?s=96&d=mm&r=g","contentUrl":"https:\/\/secure.gravatar.com\/avatar\/bb0c4a2fcb7970138239f7e404ea75757b1b507b28b5ce4c53fbd62d797c5a7c?s=96&d=mm&r=g","caption":"Villasmil Henry"},"logo":{"@id":"https:\/\/secure.gravatar.com\/avatar\/bb0c4a2fcb7970138239f7e404ea75757b1b507b28b5ce4c53fbd62d797c5a7c?s=96&d=mm&r=g"},"sameAs":["http:\/\/www.henryvillasmil.com.ve","https:\/\/www.instagram.com\/villasmilhfoto\/","https:\/\/x.com\/https:\/\/twitter.com\/villasmilhfoto"],"url":"https:\/\/digital58.com.ve\/site\/author\/droopy_68\/"}]}},"uagb_featured_image_src":{"full":["https:\/\/digital58.com.ve\/site\/wp-content\/uploads\/2023\/07\/fg-imgra-1.jpg",800,450,false],"thumbnail":["https:\/\/digital58.com.ve\/site\/wp-content\/uploads\/2023\/07\/fg-imgra-1-150x150.jpg",150,150,true],"medium":["https:\/\/digital58.com.ve\/site\/wp-content\/uploads\/2023\/07\/fg-imgra-1-300x169.jpg",300,169,true],"medium_large":["https:\/\/digital58.com.ve\/site\/wp-content\/uploads\/2023\/07\/fg-imgra-1-768x432.jpg",768,432,true],"large":["https:\/\/digital58.com.ve\/site\/wp-content\/uploads\/2023\/07\/fg-imgra-1.jpg",800,450,false],"1536x1536":["https:\/\/digital58.com.ve\/site\/wp-content\/uploads\/2023\/07\/fg-imgra-1.jpg",800,450,false],"2048x2048":["https:\/\/digital58.com.ve\/site\/wp-content\/uploads\/2023\/07\/fg-imgra-1.jpg",800,450,false],"colormag-highlighted-post":["https:\/\/digital58.com.ve\/site\/wp-content\/uploads\/2023\/07\/fg-imgra-1-392x272.jpg",392,272,true],"colormag-featured-post-medium":["https:\/\/digital58.com.ve\/site\/wp-content\/uploads\/2023\/07\/fg-imgra-1-390x205.jpg",390,205,true],"colormag-featured-post-small":["https:\/\/digital58.com.ve\/site\/wp-content\/uploads\/2023\/07\/fg-imgra-1-130x90.jpg",130,90,true],"colormag-featured-image":["https:\/\/digital58.com.ve\/site\/wp-content\/uploads\/2023\/07\/fg-imgra-1-800x445.jpg",800,445,true],"colormag-default-news":["https:\/\/digital58.com.ve\/site\/wp-content\/uploads\/2023\/07\/fg-imgra-1-150x150.jpg",150,150,true],"colormag-featured-image-large":["https:\/\/digital58.com.ve\/site\/wp-content\/uploads\/2023\/07\/fg-imgra-1.jpg",800,450,false]},"uagb_author_info":{"display_name":"Villasmil Henry","author_link":"https:\/\/digital58.com.ve\/site\/author\/droopy_68\/"},"uagb_comment_info":0,"uagb_excerpt":"Las 10 agrupaciones que pasaron a la final dieron sus mejores interpretaciones. \u00abMi peque\u00f1a vida\u00bb, \u00abEn casa se larga el","_links":{"self":[{"href":"https:\/\/digital58.com.ve\/site\/wp-json\/wp\/v2\/posts\/168650","targetHints":{"allow":["GET"]}}],"collection":[{"href":"https:\/\/digital58.com.ve\/site\/wp-json\/wp\/v2\/posts"}],"about":[{"href":"https:\/\/digital58.com.ve\/site\/wp-json\/wp\/v2\/types\/post"}],"author":[{"embeddable":true,"href":"https:\/\/digital58.com.ve\/site\/wp-json\/wp\/v2\/users\/1"}],"replies":[{"embeddable":true,"href":"https:\/\/digital58.com.ve\/site\/wp-json\/wp\/v2\/comments?post=168650"}],"version-history":[{"count":1,"href":"https:\/\/digital58.com.ve\/site\/wp-json\/wp\/v2\/posts\/168650\/revisions"}],"predecessor-version":[{"id":168658,"href":"https:\/\/digital58.com.ve\/site\/wp-json\/wp\/v2\/posts\/168650\/revisions\/168658"}],"wp:featuredmedia":[{"embeddable":true,"href":"https:\/\/digital58.com.ve\/site\/wp-json\/wp\/v2\/media\/168657"}],"wp:attachment":[{"href":"https:\/\/digital58.com.ve\/site\/wp-json\/wp\/v2\/media?parent=168650"}],"wp:term":[{"taxonomy":"category","embeddable":true,"href":"https:\/\/digital58.com.ve\/site\/wp-json\/wp\/v2\/categories?post=168650"},{"taxonomy":"post_tag","embeddable":true,"href":"https:\/\/digital58.com.ve\/site\/wp-json\/wp\/v2\/tags?post=168650"}],"curies":[{"name":"wp","href":"https:\/\/api.w.org\/{rel}","templated":true}]}}