{"id":168729,"date":"2023-07-20T21:41:28","date_gmt":"2023-07-21T01:41:28","guid":{"rendered":"https:\/\/digital58.com.ve\/site\/?p=168729"},"modified":"2023-07-20T21:56:08","modified_gmt":"2023-07-21T01:56:08","slug":"tres-fallecidos-entre-ellos-alcalde-zuliano-en-accidente-de-transito-en-la-autopista-gma","status":"publish","type":"post","link":"https:\/\/digital58.com.ve\/site\/2023\/07\/20\/tres-fallecidos-entre-ellos-alcalde-zuliano-en-accidente-de-transito-en-la-autopista-gma\/","title":{"rendered":"Tres fallecidos entre ellos alcalde zuliano en accidente de tr\u00e1nsito en la autopista GMA"},"content":{"rendered":"<p><a href=\"https:\/\/digital58.com.ve\/site\/wp-content\/uploads\/2023\/07\/accidente-miranda-2.jpg\"><img loading=\"lazy\" decoding=\"async\" class=\"aligncenter size-full wp-image-168733\" src=\"https:\/\/digital58.com.ve\/site\/wp-content\/uploads\/2023\/07\/accidente-miranda-2.jpg\" alt=\"\" width=\"800\" height=\"620\" srcset=\"https:\/\/digital58.com.ve\/site\/wp-content\/uploads\/2023\/07\/accidente-miranda-2.jpg 800w, https:\/\/digital58.com.ve\/site\/wp-content\/uploads\/2023\/07\/accidente-miranda-2-300x233.jpg 300w, https:\/\/digital58.com.ve\/site\/wp-content\/uploads\/2023\/07\/accidente-miranda-2-768x595.jpg 768w\" sizes=\"auto, (max-width: 800px) 100vw, 800px\" \/><\/a><\/p>\n<p>El tr\u00e1gico accidente se registr\u00f3 en horas de la tarde de este jueves 20 de julio, en la autopista Gran Mariscal de Ayacucho, sector Araguaney, municipio Plaza del estado Miranda.<\/p>\n<p><strong>Miranda, Venezuela, 20 de julio de 2023 (ND58).-<\/strong> Extraoficialmente se conoci\u00f3 que el accidente se registr\u00f3 luego de que un cami\u00f3n perdiera los frenos en la autopista Gran Mariscal de Ayacucho, sector Araguaney, e impact\u00f3 contra 11 veh\u00edculos, en uno de los cuales se trasladaba el alcalde zuliano.<\/p>\n<p><a href=\"https:\/\/digital58.com.ve\/site\/wp-content\/uploads\/2023\/07\/accidente-miranda-3.jpg\"><img loading=\"lazy\" decoding=\"async\" class=\"aligncenter size-full wp-image-168732\" src=\"https:\/\/digital58.com.ve\/site\/wp-content\/uploads\/2023\/07\/accidente-miranda-3.jpg\" alt=\"\" width=\"800\" height=\"585\" srcset=\"https:\/\/digital58.com.ve\/site\/wp-content\/uploads\/2023\/07\/accidente-miranda-3.jpg 800w, https:\/\/digital58.com.ve\/site\/wp-content\/uploads\/2023\/07\/accidente-miranda-3-300x219.jpg 300w, https:\/\/digital58.com.ve\/site\/wp-content\/uploads\/2023\/07\/accidente-miranda-3-768x562.jpg 768w\" sizes=\"auto, (max-width: 800px) 100vw, 800px\" \/><\/a><\/p>\n<p>El parte de las autoridades indica que hasta las primeras horas de la noche se contabilizan tres muertos, Wuyhsmans Gonz\u00e1lez, alcalde del municipio Jes\u00fas Mar\u00eda Sempr\u00fan del estado Zulia, una ni\u00f1a de 11 a\u00f1os, y Adriana Matheus Escalona, funcionaria del Seniat. Hay 14 lesionados trasladados a centros asistenciales incluyendo al chofer de la gandola.<\/p>\n<p><a href=\"https:\/\/digital58.com.ve\/site\/wp-content\/uploads\/2023\/07\/accidente-miranda.jpg\"><img loading=\"lazy\" decoding=\"async\" class=\"aligncenter size-full wp-image-168734\" src=\"https:\/\/digital58.com.ve\/site\/wp-content\/uploads\/2023\/07\/accidente-miranda.jpg\" alt=\"\" width=\"780\" height=\"546\" srcset=\"https:\/\/digital58.com.ve\/site\/wp-content\/uploads\/2023\/07\/accidente-miranda.jpg 780w, https:\/\/digital58.com.ve\/site\/wp-content\/uploads\/2023\/07\/accidente-miranda-300x210.jpg 300w, https:\/\/digital58.com.ve\/site\/wp-content\/uploads\/2023\/07\/accidente-miranda-768x538.jpg 768w, https:\/\/digital58.com.ve\/site\/wp-content\/uploads\/2023\/07\/accidente-miranda-130x90.jpg 130w\" sizes=\"auto, (max-width: 780px) 100vw, 780px\" \/><\/a><\/p>\n<p>Funcionarios de los cuerpos de seguridad atiende a los sobrevivientes del accidente de tr\u00e1nsito.<\/p>\n<p><strong>Noticia en desarrollo<\/strong><\/p>\n<p><strong>Redacci\u00f3n ND58 | Fuente: <a href=\"https:\/\/twitter.com\/RCamachoVzla\" target=\"_blank\" rel=\"noopener\"><span class=\"css-901oao css-16my406 r-poiln3 r-bcqeeo r-qvutc0\">@RCamachoVzla<\/span><\/a><\/strong><br \/>\n<strong>Edici\u00f3n: Villasmil, Henry<\/strong><br \/>\n<strong>Gr\u00e1ficas: <span class=\"css-901oao css-16my406 r-poiln3 r-bcqeeo r-qvutc0\">@RCamachoVzla<\/span><\/strong><\/p>\n<p>&nbsp;<\/p>\n<p>&nbsp;<\/p>\n<p>&nbsp;<\/p><div class=\"qfdin69f3cb7f976f3\" ><p style=\"text-align: center;\"><a href=\"https:\/\/t.me\/noticiasdigital58\" target=\"_blank\" rel=\"noopener\"><img class=\"aligncenter size-full wp-image-125363\" src=\"https:\/\/digital58.com.ve\/site\/wp-content\/uploads\/2021\/04\/banner-telegram-web-2021.png\" alt=\"\" width=\"600\" height=\"90\" \/><\/a><\/p><\/div><style type=\"text\/css\">\r\n@media screen and (min-width: 1201px) {\r\n.qfdin69f3cb7f976f3 {\r\ndisplay: block;\r\n}\r\n}\r\n@media screen and (min-width: 993px) and (max-width: 1200px) {\r\n.qfdin69f3cb7f976f3 {\r\ndisplay: block;\r\n}\r\n}\r\n@media screen and (min-width: 769px) and (max-width: 992px) {\r\n.qfdin69f3cb7f976f3 {\r\ndisplay: block;\r\n}\r\n}\r\n@media screen and (min-width: 768px) and (max-width: 768px) {\r\n.qfdin69f3cb7f976f3 {\r\ndisplay: block;\r\n}\r\n}\r\n@media screen and (max-width: 767px) {\r\n.qfdin69f3cb7f976f3 {\r\ndisplay: block;\r\n}\r\n}\r\n<\/style>\r\n\n<p>&nbsp;<\/p>\n<div style=\"margin-top: 0px; margin-bottom: 0px;\" class=\"sharethis-inline-share-buttons\" ><\/div>","protected":false},"excerpt":{"rendered":"<p>El tr\u00e1gico accidente se registr\u00f3 en horas de la tarde de este jueves 20 de julio, en la autopista Gran<\/p>\n","protected":false},"author":1,"featured_media":168733,"comment_status":"open","ping_status":"closed","sticky":false,"template":"","format":"standard","meta":{"colormag_page_container_layout":"default_layout","colormag_page_sidebar_layout":"default_layout","_uag_custom_page_level_css":"","footnotes":""},"categories":[13765],"tags":[23492,31978,14549,15887,6493,13766,20389,7424,22280,233,23975,32,31977],"class_list":["post-168729","post","type-post","status-publish","format-standard","has-post-thumbnail","hentry","category-sucesos","tag-accidentes-de-transito","tag-alcalde-municipio-jesus-maria-semprun","tag-autopista-gran-mariscal-de-ayacucho","tag-estado-miranda","tag-estado-zulia","tag-fallecidos","tag-guarenas","tag-heridos","tag-municipio-jesus-maria-semprun","tag-nacionales","tag-sucesos-nacionales","tag-venezuela","tag-wuyhsmans-gonzalez"],"yoast_head":"<!-- This site is optimized with the Yoast SEO plugin v27.5 - https:\/\/yoast.com\/product\/yoast-seo-wordpress\/ -->\n<title>Tres fallecidos entre ellos alcalde zuliano en accidente de tr\u00e1nsito en la autopista GMA<\/title>\n<meta name=\"robots\" content=\"index, follow, max-snippet:-1, max-image-preview:large, max-video-preview:-1\" \/>\n<link rel=\"canonical\" href=\"https:\/\/digital58.com.ve\/site\/2023\/07\/20\/tres-fallecidos-entre-ellos-alcalde-zuliano-en-accidente-de-transito-en-la-autopista-gma\/\" \/>\n<meta property=\"og:locale\" content=\"es_ES\" \/>\n<meta property=\"og:type\" content=\"article\" \/>\n<meta property=\"og:title\" content=\"Tres fallecidos entre ellos alcalde zuliano en accidente de tr\u00e1nsito en la autopista GMA\" \/>\n<meta property=\"og:url\" content=\"https:\/\/digital58.com.ve\/site\/2023\/07\/20\/tres-fallecidos-entre-ellos-alcalde-zuliano-en-accidente-de-transito-en-la-autopista-gma\/\" \/>\n<meta property=\"og:site_name\" content=\"Noticias Digital58\" \/>\n<meta property=\"article:published_time\" content=\"2023-07-21T01:41:28+00:00\" \/>\n<meta property=\"article:modified_time\" content=\"2023-07-21T01:56:08+00:00\" \/>\n<meta property=\"og:image\" content=\"https:\/\/i0.wp.com\/digital58.com.ve\/site\/wp-content\/uploads\/2023\/07\/accidente-miranda-2.jpg?fit=800%2C620&ssl=1\" \/>\n\t<meta property=\"og:image:width\" content=\"800\" \/>\n\t<meta property=\"og:image:height\" content=\"620\" \/>\n\t<meta property=\"og:image:type\" content=\"image\/jpeg\" \/>\n<meta name=\"author\" content=\"Villasmil Henry\" \/>\n<meta name=\"twitter:card\" content=\"summary_large_image\" \/>\n<meta name=\"twitter:creator\" content=\"@https:\/\/twitter.com\/villasmilhfoto\" \/>\n<meta name=\"twitter:site\" content=\"@villasmilhfoto\" \/>\n<meta name=\"twitter:label1\" content=\"Escrito por\" \/>\n\t<meta name=\"twitter:data1\" content=\"Villasmil Henry\" \/>\n\t<meta name=\"twitter:label2\" content=\"Tiempo estimado de lectura\" \/>\n\t<meta name=\"twitter:data2\" content=\"1 minuto\" \/>\n<script type=\"application\/ld+json\" class=\"yoast-schema-graph\">{\"@context\":\"https:\\\/\\\/schema.org\",\"@graph\":[{\"@type\":\"Article\",\"@id\":\"https:\\\/\\\/digital58.com.ve\\\/site\\\/2023\\\/07\\\/20\\\/tres-fallecidos-entre-ellos-alcalde-zuliano-en-accidente-de-transito-en-la-autopista-gma\\\/#article\",\"isPartOf\":{\"@id\":\"https:\\\/\\\/digital58.com.ve\\\/site\\\/2023\\\/07\\\/20\\\/tres-fallecidos-entre-ellos-alcalde-zuliano-en-accidente-de-transito-en-la-autopista-gma\\\/\"},\"author\":{\"name\":\"Villasmil Henry\",\"@id\":\"https:\\\/\\\/digital58.com.ve\\\/site\\\/#\\\/schema\\\/person\\\/64d1c2e4d0d4fd1b849980c4331c2951\"},\"headline\":\"Tres fallecidos entre ellos alcalde zuliano en accidente de tr\u00e1nsito en la autopista GMA\",\"datePublished\":\"2023-07-21T01:41:28+00:00\",\"dateModified\":\"2023-07-21T01:56:08+00:00\",\"mainEntityOfPage\":{\"@id\":\"https:\\\/\\\/digital58.com.ve\\\/site\\\/2023\\\/07\\\/20\\\/tres-fallecidos-entre-ellos-alcalde-zuliano-en-accidente-de-transito-en-la-autopista-gma\\\/\"},\"wordCount\":185,\"commentCount\":0,\"publisher\":{\"@id\":\"https:\\\/\\\/digital58.com.ve\\\/site\\\/#\\\/schema\\\/person\\\/64d1c2e4d0d4fd1b849980c4331c2951\"},\"image\":{\"@id\":\"https:\\\/\\\/digital58.com.ve\\\/site\\\/2023\\\/07\\\/20\\\/tres-fallecidos-entre-ellos-alcalde-zuliano-en-accidente-de-transito-en-la-autopista-gma\\\/#primaryimage\"},\"thumbnailUrl\":\"https:\\\/\\\/digital58.com.ve\\\/site\\\/wp-content\\\/uploads\\\/2023\\\/07\\\/accidente-miranda-2.jpg\",\"keywords\":[\"Accidentes de transito\",\"Alcalde municipio Jes\u00fas Mar\u00eda Sempr\u00fan\",\"Autopista gran Mariscal de Ayacucho\",\"Estado Miranda\",\"Estado Zulia\",\"Fallecidos\",\"Guarenas\",\"Heridos\",\"Municipio Jes\u00fas Mar\u00eda Semprun\",\"Nacionales\",\"Sucesos Nacionales\",\"Venezuela\",\"Wuyhsmans Gonz\u00e1lez\"],\"articleSection\":[\"Sucesos\"],\"inLanguage\":\"es\",\"potentialAction\":[{\"@type\":\"CommentAction\",\"name\":\"Comment\",\"target\":[\"https:\\\/\\\/digital58.com.ve\\\/site\\\/2023\\\/07\\\/20\\\/tres-fallecidos-entre-ellos-alcalde-zuliano-en-accidente-de-transito-en-la-autopista-gma\\\/#respond\"]}]},{\"@type\":\"WebPage\",\"@id\":\"https:\\\/\\\/digital58.com.ve\\\/site\\\/2023\\\/07\\\/20\\\/tres-fallecidos-entre-ellos-alcalde-zuliano-en-accidente-de-transito-en-la-autopista-gma\\\/\",\"url\":\"https:\\\/\\\/digital58.com.ve\\\/site\\\/2023\\\/07\\\/20\\\/tres-fallecidos-entre-ellos-alcalde-zuliano-en-accidente-de-transito-en-la-autopista-gma\\\/\",\"name\":\"Tres fallecidos entre ellos alcalde zuliano en accidente de tr\u00e1nsito en la autopista GMA\",\"isPartOf\":{\"@id\":\"https:\\\/\\\/digital58.com.ve\\\/site\\\/#website\"},\"primaryImageOfPage\":{\"@id\":\"https:\\\/\\\/digital58.com.ve\\\/site\\\/2023\\\/07\\\/20\\\/tres-fallecidos-entre-ellos-alcalde-zuliano-en-accidente-de-transito-en-la-autopista-gma\\\/#primaryimage\"},\"image\":{\"@id\":\"https:\\\/\\\/digital58.com.ve\\\/site\\\/2023\\\/07\\\/20\\\/tres-fallecidos-entre-ellos-alcalde-zuliano-en-accidente-de-transito-en-la-autopista-gma\\\/#primaryimage\"},\"thumbnailUrl\":\"https:\\\/\\\/digital58.com.ve\\\/site\\\/wp-content\\\/uploads\\\/2023\\\/07\\\/accidente-miranda-2.jpg\",\"datePublished\":\"2023-07-21T01:41:28+00:00\",\"dateModified\":\"2023-07-21T01:56:08+00:00\",\"breadcrumb\":{\"@id\":\"https:\\\/\\\/digital58.com.ve\\\/site\\\/2023\\\/07\\\/20\\\/tres-fallecidos-entre-ellos-alcalde-zuliano-en-accidente-de-transito-en-la-autopista-gma\\\/#breadcrumb\"},\"inLanguage\":\"es\",\"potentialAction\":[{\"@type\":\"ReadAction\",\"target\":[\"https:\\\/\\\/digital58.com.ve\\\/site\\\/2023\\\/07\\\/20\\\/tres-fallecidos-entre-ellos-alcalde-zuliano-en-accidente-de-transito-en-la-autopista-gma\\\/\"]}]},{\"@type\":\"ImageObject\",\"inLanguage\":\"es\",\"@id\":\"https:\\\/\\\/digital58.com.ve\\\/site\\\/2023\\\/07\\\/20\\\/tres-fallecidos-entre-ellos-alcalde-zuliano-en-accidente-de-transito-en-la-autopista-gma\\\/#primaryimage\",\"url\":\"https:\\\/\\\/digital58.com.ve\\\/site\\\/wp-content\\\/uploads\\\/2023\\\/07\\\/accidente-miranda-2.jpg\",\"contentUrl\":\"https:\\\/\\\/digital58.com.ve\\\/site\\\/wp-content\\\/uploads\\\/2023\\\/07\\\/accidente-miranda-2.jpg\",\"width\":800,\"height\":620},{\"@type\":\"BreadcrumbList\",\"@id\":\"https:\\\/\\\/digital58.com.ve\\\/site\\\/2023\\\/07\\\/20\\\/tres-fallecidos-entre-ellos-alcalde-zuliano-en-accidente-de-transito-en-la-autopista-gma\\\/#breadcrumb\",\"itemListElement\":[{\"@type\":\"ListItem\",\"position\":1,\"name\":\"Home\",\"item\":\"https:\\\/\\\/digital58.com.ve\\\/site\\\/\"},{\"@type\":\"ListItem\",\"position\":2,\"name\":\"Tres fallecidos entre ellos alcalde zuliano en accidente de tr\u00e1nsito en la autopista GMA\"}]},{\"@type\":\"WebSite\",\"@id\":\"https:\\\/\\\/digital58.com.ve\\\/site\\\/#website\",\"url\":\"https:\\\/\\\/digital58.com.ve\\\/site\\\/\",\"name\":\"Noticias Digital58\",\"description\":\"Portal de Noticias \u00a1Periodismo web de verdad! Lanzamiento web 22.11.2005 \\\/ Maracaibo, Venezuela\",\"publisher\":{\"@id\":\"https:\\\/\\\/digital58.com.ve\\\/site\\\/#\\\/schema\\\/person\\\/64d1c2e4d0d4fd1b849980c4331c2951\"},\"alternateName\":\"ND58\",\"potentialAction\":[{\"@type\":\"SearchAction\",\"target\":{\"@type\":\"EntryPoint\",\"urlTemplate\":\"https:\\\/\\\/digital58.com.ve\\\/site\\\/?s={search_term_string}\"},\"query-input\":{\"@type\":\"PropertyValueSpecification\",\"valueRequired\":true,\"valueName\":\"search_term_string\"}}],\"inLanguage\":\"es\"},{\"@type\":[\"Person\",\"Organization\"],\"@id\":\"https:\\\/\\\/digital58.com.ve\\\/site\\\/#\\\/schema\\\/person\\\/64d1c2e4d0d4fd1b849980c4331c2951\",\"name\":\"Villasmil Henry\",\"image\":{\"@type\":\"ImageObject\",\"inLanguage\":\"es\",\"@id\":\"https:\\\/\\\/secure.gravatar.com\\\/avatar\\\/bb0c4a2fcb7970138239f7e404ea75757b1b507b28b5ce4c53fbd62d797c5a7c?s=96&d=mm&r=g\",\"url\":\"https:\\\/\\\/secure.gravatar.com\\\/avatar\\\/bb0c4a2fcb7970138239f7e404ea75757b1b507b28b5ce4c53fbd62d797c5a7c?s=96&d=mm&r=g\",\"contentUrl\":\"https:\\\/\\\/secure.gravatar.com\\\/avatar\\\/bb0c4a2fcb7970138239f7e404ea75757b1b507b28b5ce4c53fbd62d797c5a7c?s=96&d=mm&r=g\",\"caption\":\"Villasmil Henry\"},\"logo\":{\"@id\":\"https:\\\/\\\/secure.gravatar.com\\\/avatar\\\/bb0c4a2fcb7970138239f7e404ea75757b1b507b28b5ce4c53fbd62d797c5a7c?s=96&d=mm&r=g\"},\"sameAs\":[\"http:\\\/\\\/www.henryvillasmil.com.ve\",\"https:\\\/\\\/www.instagram.com\\\/villasmilhfoto\\\/\",\"https:\\\/\\\/x.com\\\/https:\\\/\\\/twitter.com\\\/villasmilhfoto\"],\"url\":\"https:\\\/\\\/digital58.com.ve\\\/site\\\/author\\\/droopy_68\\\/\"}]}<\/script>\n<!-- \/ Yoast SEO plugin. -->","yoast_head_json":{"title":"Tres fallecidos entre ellos alcalde zuliano en accidente de tr\u00e1nsito en la autopista GMA","robots":{"index":"index","follow":"follow","max-snippet":"max-snippet:-1","max-image-preview":"max-image-preview:large","max-video-preview":"max-video-preview:-1"},"canonical":"https:\/\/digital58.com.ve\/site\/2023\/07\/20\/tres-fallecidos-entre-ellos-alcalde-zuliano-en-accidente-de-transito-en-la-autopista-gma\/","og_locale":"es_ES","og_type":"article","og_title":"Tres fallecidos entre ellos alcalde zuliano en accidente de tr\u00e1nsito en la autopista GMA","og_url":"https:\/\/digital58.com.ve\/site\/2023\/07\/20\/tres-fallecidos-entre-ellos-alcalde-zuliano-en-accidente-de-transito-en-la-autopista-gma\/","og_site_name":"Noticias Digital58","article_published_time":"2023-07-21T01:41:28+00:00","article_modified_time":"2023-07-21T01:56:08+00:00","og_image":[{"width":800,"height":620,"url":"https:\/\/i0.wp.com\/digital58.com.ve\/site\/wp-content\/uploads\/2023\/07\/accidente-miranda-2.jpg?fit=800%2C620&ssl=1","type":"image\/jpeg"}],"author":"Villasmil Henry","twitter_card":"summary_large_image","twitter_creator":"@https:\/\/twitter.com\/villasmilhfoto","twitter_site":"@villasmilhfoto","twitter_misc":{"Escrito por":"Villasmil Henry","Tiempo estimado de lectura":"1 minuto"},"schema":{"@context":"https:\/\/schema.org","@graph":[{"@type":"Article","@id":"https:\/\/digital58.com.ve\/site\/2023\/07\/20\/tres-fallecidos-entre-ellos-alcalde-zuliano-en-accidente-de-transito-en-la-autopista-gma\/#article","isPartOf":{"@id":"https:\/\/digital58.com.ve\/site\/2023\/07\/20\/tres-fallecidos-entre-ellos-alcalde-zuliano-en-accidente-de-transito-en-la-autopista-gma\/"},"author":{"name":"Villasmil Henry","@id":"https:\/\/digital58.com.ve\/site\/#\/schema\/person\/64d1c2e4d0d4fd1b849980c4331c2951"},"headline":"Tres fallecidos entre ellos alcalde zuliano en accidente de tr\u00e1nsito en la autopista GMA","datePublished":"2023-07-21T01:41:28+00:00","dateModified":"2023-07-21T01:56:08+00:00","mainEntityOfPage":{"@id":"https:\/\/digital58.com.ve\/site\/2023\/07\/20\/tres-fallecidos-entre-ellos-alcalde-zuliano-en-accidente-de-transito-en-la-autopista-gma\/"},"wordCount":185,"commentCount":0,"publisher":{"@id":"https:\/\/digital58.com.ve\/site\/#\/schema\/person\/64d1c2e4d0d4fd1b849980c4331c2951"},"image":{"@id":"https:\/\/digital58.com.ve\/site\/2023\/07\/20\/tres-fallecidos-entre-ellos-alcalde-zuliano-en-accidente-de-transito-en-la-autopista-gma\/#primaryimage"},"thumbnailUrl":"https:\/\/digital58.com.ve\/site\/wp-content\/uploads\/2023\/07\/accidente-miranda-2.jpg","keywords":["Accidentes de transito","Alcalde municipio Jes\u00fas Mar\u00eda Sempr\u00fan","Autopista gran Mariscal de Ayacucho","Estado Miranda","Estado Zulia","Fallecidos","Guarenas","Heridos","Municipio Jes\u00fas Mar\u00eda Semprun","Nacionales","Sucesos Nacionales","Venezuela","Wuyhsmans Gonz\u00e1lez"],"articleSection":["Sucesos"],"inLanguage":"es","potentialAction":[{"@type":"CommentAction","name":"Comment","target":["https:\/\/digital58.com.ve\/site\/2023\/07\/20\/tres-fallecidos-entre-ellos-alcalde-zuliano-en-accidente-de-transito-en-la-autopista-gma\/#respond"]}]},{"@type":"WebPage","@id":"https:\/\/digital58.com.ve\/site\/2023\/07\/20\/tres-fallecidos-entre-ellos-alcalde-zuliano-en-accidente-de-transito-en-la-autopista-gma\/","url":"https:\/\/digital58.com.ve\/site\/2023\/07\/20\/tres-fallecidos-entre-ellos-alcalde-zuliano-en-accidente-de-transito-en-la-autopista-gma\/","name":"Tres fallecidos entre ellos alcalde zuliano en accidente de tr\u00e1nsito en la autopista GMA","isPartOf":{"@id":"https:\/\/digital58.com.ve\/site\/#website"},"primaryImageOfPage":{"@id":"https:\/\/digital58.com.ve\/site\/2023\/07\/20\/tres-fallecidos-entre-ellos-alcalde-zuliano-en-accidente-de-transito-en-la-autopista-gma\/#primaryimage"},"image":{"@id":"https:\/\/digital58.com.ve\/site\/2023\/07\/20\/tres-fallecidos-entre-ellos-alcalde-zuliano-en-accidente-de-transito-en-la-autopista-gma\/#primaryimage"},"thumbnailUrl":"https:\/\/digital58.com.ve\/site\/wp-content\/uploads\/2023\/07\/accidente-miranda-2.jpg","datePublished":"2023-07-21T01:41:28+00:00","dateModified":"2023-07-21T01:56:08+00:00","breadcrumb":{"@id":"https:\/\/digital58.com.ve\/site\/2023\/07\/20\/tres-fallecidos-entre-ellos-alcalde-zuliano-en-accidente-de-transito-en-la-autopista-gma\/#breadcrumb"},"inLanguage":"es","potentialAction":[{"@type":"ReadAction","target":["https:\/\/digital58.com.ve\/site\/2023\/07\/20\/tres-fallecidos-entre-ellos-alcalde-zuliano-en-accidente-de-transito-en-la-autopista-gma\/"]}]},{"@type":"ImageObject","inLanguage":"es","@id":"https:\/\/digital58.com.ve\/site\/2023\/07\/20\/tres-fallecidos-entre-ellos-alcalde-zuliano-en-accidente-de-transito-en-la-autopista-gma\/#primaryimage","url":"https:\/\/digital58.com.ve\/site\/wp-content\/uploads\/2023\/07\/accidente-miranda-2.jpg","contentUrl":"https:\/\/digital58.com.ve\/site\/wp-content\/uploads\/2023\/07\/accidente-miranda-2.jpg","width":800,"height":620},{"@type":"BreadcrumbList","@id":"https:\/\/digital58.com.ve\/site\/2023\/07\/20\/tres-fallecidos-entre-ellos-alcalde-zuliano-en-accidente-de-transito-en-la-autopista-gma\/#breadcrumb","itemListElement":[{"@type":"ListItem","position":1,"name":"Home","item":"https:\/\/digital58.com.ve\/site\/"},{"@type":"ListItem","position":2,"name":"Tres fallecidos entre ellos alcalde zuliano en accidente de tr\u00e1nsito en la autopista GMA"}]},{"@type":"WebSite","@id":"https:\/\/digital58.com.ve\/site\/#website","url":"https:\/\/digital58.com.ve\/site\/","name":"Noticias Digital58","description":"Portal de Noticias \u00a1Periodismo web de verdad! Lanzamiento web 22.11.2005 \/ Maracaibo, Venezuela","publisher":{"@id":"https:\/\/digital58.com.ve\/site\/#\/schema\/person\/64d1c2e4d0d4fd1b849980c4331c2951"},"alternateName":"ND58","potentialAction":[{"@type":"SearchAction","target":{"@type":"EntryPoint","urlTemplate":"https:\/\/digital58.com.ve\/site\/?s={search_term_string}"},"query-input":{"@type":"PropertyValueSpecification","valueRequired":true,"valueName":"search_term_string"}}],"inLanguage":"es"},{"@type":["Person","Organization"],"@id":"https:\/\/digital58.com.ve\/site\/#\/schema\/person\/64d1c2e4d0d4fd1b849980c4331c2951","name":"Villasmil Henry","image":{"@type":"ImageObject","inLanguage":"es","@id":"https:\/\/secure.gravatar.com\/avatar\/bb0c4a2fcb7970138239f7e404ea75757b1b507b28b5ce4c53fbd62d797c5a7c?s=96&d=mm&r=g","url":"https:\/\/secure.gravatar.com\/avatar\/bb0c4a2fcb7970138239f7e404ea75757b1b507b28b5ce4c53fbd62d797c5a7c?s=96&d=mm&r=g","contentUrl":"https:\/\/secure.gravatar.com\/avatar\/bb0c4a2fcb7970138239f7e404ea75757b1b507b28b5ce4c53fbd62d797c5a7c?s=96&d=mm&r=g","caption":"Villasmil Henry"},"logo":{"@id":"https:\/\/secure.gravatar.com\/avatar\/bb0c4a2fcb7970138239f7e404ea75757b1b507b28b5ce4c53fbd62d797c5a7c?s=96&d=mm&r=g"},"sameAs":["http:\/\/www.henryvillasmil.com.ve","https:\/\/www.instagram.com\/villasmilhfoto\/","https:\/\/x.com\/https:\/\/twitter.com\/villasmilhfoto"],"url":"https:\/\/digital58.com.ve\/site\/author\/droopy_68\/"}]}},"uagb_featured_image_src":{"full":["https:\/\/digital58.com.ve\/site\/wp-content\/uploads\/2023\/07\/accidente-miranda-2.jpg",800,620,false],"thumbnail":["https:\/\/digital58.com.ve\/site\/wp-content\/uploads\/2023\/07\/accidente-miranda-2-150x150.jpg",150,150,true],"medium":["https:\/\/digital58.com.ve\/site\/wp-content\/uploads\/2023\/07\/accidente-miranda-2-300x233.jpg",300,233,true],"medium_large":["https:\/\/digital58.com.ve\/site\/wp-content\/uploads\/2023\/07\/accidente-miranda-2-768x595.jpg",768,595,true],"large":["https:\/\/digital58.com.ve\/site\/wp-content\/uploads\/2023\/07\/accidente-miranda-2.jpg",800,620,false],"1536x1536":["https:\/\/digital58.com.ve\/site\/wp-content\/uploads\/2023\/07\/accidente-miranda-2.jpg",800,620,false],"2048x2048":["https:\/\/digital58.com.ve\/site\/wp-content\/uploads\/2023\/07\/accidente-miranda-2.jpg",800,620,false],"colormag-highlighted-post":["https:\/\/digital58.com.ve\/site\/wp-content\/uploads\/2023\/07\/accidente-miranda-2-392x272.jpg",392,272,true],"colormag-featured-post-medium":["https:\/\/digital58.com.ve\/site\/wp-content\/uploads\/2023\/07\/accidente-miranda-2-390x205.jpg",390,205,true],"colormag-featured-post-small":["https:\/\/digital58.com.ve\/site\/wp-content\/uploads\/2023\/07\/accidente-miranda-2-130x90.jpg",130,90,true],"colormag-featured-image":["https:\/\/digital58.com.ve\/site\/wp-content\/uploads\/2023\/07\/accidente-miranda-2-800x445.jpg",800,445,true],"colormag-default-news":["https:\/\/digital58.com.ve\/site\/wp-content\/uploads\/2023\/07\/accidente-miranda-2-150x150.jpg",150,150,true],"colormag-featured-image-large":["https:\/\/digital58.com.ve\/site\/wp-content\/uploads\/2023\/07\/accidente-miranda-2-800x600.jpg",800,600,true]},"uagb_author_info":{"display_name":"Villasmil Henry","author_link":"https:\/\/digital58.com.ve\/site\/author\/droopy_68\/"},"uagb_comment_info":0,"uagb_excerpt":"El tr\u00e1gico accidente se registr\u00f3 en horas de la tarde de este jueves 20 de julio, en la autopista Gran","_links":{"self":[{"href":"https:\/\/digital58.com.ve\/site\/wp-json\/wp\/v2\/posts\/168729","targetHints":{"allow":["GET"]}}],"collection":[{"href":"https:\/\/digital58.com.ve\/site\/wp-json\/wp\/v2\/posts"}],"about":[{"href":"https:\/\/digital58.com.ve\/site\/wp-json\/wp\/v2\/types\/post"}],"author":[{"embeddable":true,"href":"https:\/\/digital58.com.ve\/site\/wp-json\/wp\/v2\/users\/1"}],"replies":[{"embeddable":true,"href":"https:\/\/digital58.com.ve\/site\/wp-json\/wp\/v2\/comments?post=168729"}],"version-history":[{"count":4,"href":"https:\/\/digital58.com.ve\/site\/wp-json\/wp\/v2\/posts\/168729\/revisions"}],"predecessor-version":[{"id":168736,"href":"https:\/\/digital58.com.ve\/site\/wp-json\/wp\/v2\/posts\/168729\/revisions\/168736"}],"wp:featuredmedia":[{"embeddable":true,"href":"https:\/\/digital58.com.ve\/site\/wp-json\/wp\/v2\/media\/168733"}],"wp:attachment":[{"href":"https:\/\/digital58.com.ve\/site\/wp-json\/wp\/v2\/media?parent=168729"}],"wp:term":[{"taxonomy":"category","embeddable":true,"href":"https:\/\/digital58.com.ve\/site\/wp-json\/wp\/v2\/categories?post=168729"},{"taxonomy":"post_tag","embeddable":true,"href":"https:\/\/digital58.com.ve\/site\/wp-json\/wp\/v2\/tags?post=168729"}],"curies":[{"name":"wp","href":"https:\/\/api.w.org\/{rel}","templated":true}]}}