{"id":168799,"date":"2023-07-24T23:35:06","date_gmt":"2023-07-25T03:35:06","guid":{"rendered":"https:\/\/digital58.com.ve\/site\/?p=168799"},"modified":"2023-07-24T23:35:06","modified_gmt":"2023-07-25T03:35:06","slug":"nicolas-maduro-moros-creara-el-parque-monumental-ana-maria-campos-en-maracaibo","status":"publish","type":"post","link":"https:\/\/digital58.com.ve\/site\/2023\/07\/24\/nicolas-maduro-moros-creara-el-parque-monumental-ana-maria-campos-en-maracaibo\/","title":{"rendered":"Nicol\u00e1s Maduro Moros crear\u00e1 el \u00abParque Monumental Ana Mar\u00eda Campos\u00bb en Maracaibo"},"content":{"rendered":"<p><a href=\"https:\/\/digital58.com.ve\/site\/wp-content\/uploads\/2023\/07\/18EG__9529_W.jpg\"><img loading=\"lazy\" decoding=\"async\" class=\"aligncenter size-full wp-image-168800\" src=\"https:\/\/digital58.com.ve\/site\/wp-content\/uploads\/2023\/07\/18EG__9529_W.jpg\" alt=\"\" width=\"800\" height=\"445\" srcset=\"https:\/\/digital58.com.ve\/site\/wp-content\/uploads\/2023\/07\/18EG__9529_W.jpg 800w, https:\/\/digital58.com.ve\/site\/wp-content\/uploads\/2023\/07\/18EG__9529_W-300x167.jpg 300w, https:\/\/digital58.com.ve\/site\/wp-content\/uploads\/2023\/07\/18EG__9529_W-768x427.jpg 768w\" sizes=\"auto, (max-width: 800px) 100vw, 800px\" \/><\/a><\/p>\n<p>El presidente de Venezuela, tambi\u00e9n inaugur\u00f3 y entreg\u00f3 al pueblo zuliano, el <strong><a href=\"https:\/\/digital58.com.ve\/site\/2023\/07\/24\/maduro-inaugura-monumento-epico-bicentenario-batalla-naval-del-lago-de-maracaibo\/\" target=\"_blank\" rel=\"noopener\">Monumento \u00c9pico Naval del Bicentenario<\/a><\/strong>, para que puedan observar a los h\u00e9roes de la patria que le dieron la independencia definitiva a la Naci\u00f3n.<\/p>\n<p><strong>Maracaibo, Zulia, Venezuela, 24 de julio de 2023 (ND58).-<\/strong> Con el objetivo de exaltar la memoria hist\u00f3rica de las mujeres hero\u00ednas del estado Zulia, el presidente de la Rep\u00fablica Bolivariana de Venezuela, Nicol\u00e1s Maduro Moros, anunci\u00f3 la creaci\u00f3n de un Parque Monumental que llevar\u00e1 el nombre de \u00abAna Mar\u00eda Campos\u00bb, y que ocupar\u00e1 gran parte del este y el oeste de la ciudad de Maracaibo, para el disfrute de todos los zulianos, como regalo del Gobierno nacional en honor al bicentenario de la Batalla Naval del Lago.<\/p>\n<p>El jefe de Estado manifest\u00f3 que el parque beneficiar\u00e1 a un mill\u00f3n 400 mil habitantes de la ciudad y refiri\u00f3 que abarcar\u00e1 33 hect\u00e1reas de terreno. \u00abEs un trabajo que se realizar\u00e1 a trav\u00e9s de la Gran Misi\u00f3n Venezuela Bella y contar\u00e1 con espacios deportivos y recreativos para el disfrute del pueblo maracaibero\u00bb.<\/p>\n<blockquote class=\"twitter-tweet\">\n<p dir=\"ltr\" lang=\"es\"><a href=\"https:\/\/twitter.com\/hashtag\/EnVideo?src=hash&amp;ref_src=twsrc%5Etfw\">#EnVideo<\/a>\ud83d\udcf9| Jefe de Estado <a href=\"https:\/\/twitter.com\/NicolasMaduro?ref_src=twsrc%5Etfw\">@NicolasMaduro<\/a> anunci\u00f3 que en el estado Zulia se va a construir el Parque Monumental Ana Mar\u00eda Campos, el cual tendr\u00e1 m\u00e1s de 33 hect\u00e1reas que favorecer\u00e1n el ecosistema del pa\u00eds y a m\u00e1s de un mill\u00f3n de zulianos.<a href=\"https:\/\/twitter.com\/hashtag\/BatallaNaval200?src=hash&amp;ref_src=twsrc%5Etfw\">#BatallaNaval200<\/a> <a href=\"https:\/\/t.co\/X9ZVGSNxlx\">pic.twitter.com\/X9ZVGSNxlx<\/a><\/p>\n<p>\u2014 VTV CANAL 8 (@VTVcanal8) <a href=\"https:\/\/twitter.com\/VTVcanal8\/status\/1683638997682094080?ref_src=twsrc%5Etfw\">July 25, 2023<\/a><\/p><\/blockquote>\n<p><script async src=\"https:\/\/platform.twitter.com\/widgets.js\" charset=\"utf-8\"><\/script><\/p>\n<p>\u00abVamos a unir el eje deportivo del Pachencho Romero y el estadio Luis Aparicio\u00bb, expres\u00f3 el presidente Maduro, al tiempo que detall\u00f3 que el Parque Monumental tendr\u00e1: 14 canchas gigantes para realizar actividades deportivas, se realizar\u00e1 la reforestaci\u00f3n de la zona, cinco lagunas, bulevares para que los visitantes recorran caminando todo el espacio.<\/p>\n<p>El jefe de Estado catalog\u00f3 como una infraestructura novedosa la construcci\u00f3n de este espacio, \u00abcontar\u00e1 con un parque para mascotas, un parque para ni\u00f1os y ni\u00f1as con discapacidad y una imagen que se ha realizado desde la Misi\u00f3n Venezuela Bella, basado en tejidos y colores way\u00fau\u00bb.<\/p>\n<p>Destac\u00f3 que se tiene previsto culminar este a\u00f1o una parte del parque, \u00abpara el mes de diciembre, estar\u00edamos entregando las primeras ocho hect\u00e1reas para el pueblo maracaibero\u00bb.<\/p>\n<p>El presidente Maduro fue enf\u00e1tico y dijo que \u00ablos gobernaste tenemos que gobernar para la felicidad, el bienestar y la protecci\u00f3n de todo el pueblo, m\u00e1s all\u00e1 de las diferencias pol\u00edticas, partidista e ideol\u00f3gicas. Nuestra Patria tiene que ser una Patria que construya hac\u00eda el futuro\u00bb, y \u00abreconstruya el estado de bienestar social, y eso lo tenemos que hacer entre todos y todas\u00bb.<\/p>\n<p><strong>Felicitaciones a la Armada Bolivariana<\/strong><\/p>\n<p>El jefe de Estado salud\u00f3 y felicit\u00f3 a la Fuerza Armada Nacional Bolivariana por la extraordinaria demostraci\u00f3n de honor y amor, durante el desfile militar para reivindicar los 200 a\u00f1os de patriotismo e independencia de Venezuela.<\/p>\n<p>Record\u00f3 adem\u00e1s, los 240 a\u00f1os del genio de Am\u00e9rica, el Padre de la Patria Grande, el Libertador de los libertadores, Sim\u00f3n Bol\u00edvar y dijo que \u00abel pueblo venezolano debe sentirse orgullo, por tener entre nuestros grandes pr\u00f3ceres y h\u00e9roes, a Bol\u00edvar, que nos dej\u00f3 la doctrina, el pensamiento, el ejemplo, de ser un hombre de ideas, de acci\u00f3n, de ser el hombre de las dificultades, que jam\u00e1s de cans\u00f3 de luchar, que fue el genio militar que pudo conducir una guerra que abarc\u00f3 a Suram\u00e9rica entera, por la libertad\u00bb.<\/p>\n<p>El presidente Maduro destac\u00f3 que \u00abhoy tenemos la tarea de consolidar a Venezuela, como una naci\u00f3n unida, respetada por el mundo, libre, independiente y soberana, en la vanguardia por reconstruir la uni\u00f3n de Am\u00e9rica Latina como un bloque de potencia para el mundo del siglo XXI que ya vemos en el horizonte\u00bb.<\/p>\n<p><strong>Redacci\u00f3n ND58 | Fuente: VTV<\/strong><br \/>\n<strong>Edici\u00f3n: Villasmil, Henry<\/strong><br \/>\n<strong>Gr\u00e1fica: Cortes\u00eda Prensa Militar<\/strong><\/p><div class=\"ezzum6a9cfcdd5dd7f\" ><p style=\"text-align: center;\"><a href=\"https:\/\/t.me\/noticiasdigital58\" target=\"_blank\" rel=\"noopener\"><img class=\"aligncenter size-full wp-image-125363\" src=\"https:\/\/digital58.com.ve\/site\/wp-content\/uploads\/2021\/04\/banner-telegram-web-2021.png\" alt=\"\" width=\"600\" height=\"90\" \/><\/a><\/p><\/div><style type=\"text\/css\">\r\n@media screen and (min-width: 1201px) {\r\n.ezzum6a9cfcdd5dd7f {\r\ndisplay: block;\r\n}\r\n}\r\n@media screen and (min-width: 993px) and (max-width: 1200px) {\r\n.ezzum6a9cfcdd5dd7f {\r\ndisplay: block;\r\n}\r\n}\r\n@media screen and (min-width: 769px) and (max-width: 992px) {\r\n.ezzum6a9cfcdd5dd7f {\r\ndisplay: block;\r\n}\r\n}\r\n@media screen and (min-width: 768px) and (max-width: 768px) {\r\n.ezzum6a9cfcdd5dd7f {\r\ndisplay: block;\r\n}\r\n}\r\n@media screen and (max-width: 767px) {\r\n.ezzum6a9cfcdd5dd7f {\r\ndisplay: block;\r\n}\r\n}\r\n<\/style>\r\n\n<p>&nbsp;<\/p>\n<div style=\"margin-top: 0px; margin-bottom: 0px;\" class=\"sharethis-inline-share-buttons\" ><\/div>","protected":false},"excerpt":{"rendered":"<p>El presidente de Venezuela, tambi\u00e9n inaugur\u00f3 y entreg\u00f3 al pueblo zuliano, el Monumento \u00c9pico Naval del Bicentenario, para que puedan<\/p>\n","protected":false},"author":1,"featured_media":168800,"comment_status":"open","ping_status":"closed","sticky":false,"template":"","format":"standard","meta":{"colormag_page_container_layout":"default_layout","colormag_page_sidebar_layout":"default_layout","_uag_custom_page_level_css":"","footnotes":""},"categories":[14504],"tags":[8534,31995,73,233,31994,14182,28137,2354,32],"class_list":["post-168799","post","type-post","status-publish","format-standard","has-post-thumbnail","hentry","category-zulia","tag-batalla-naval-del-lago-de-maracaibo","tag-gran-mision-venezuela-bella","tag-maracaibo","tag-nacionales","tag-nacionaless","tag-nicolas-maduro-moros","tag-parque-vereda-del-lago","tag-regionales","tag-venezuela"],"yoast_head":"<!-- This site is optimized with the Yoast SEO plugin v28.4 - https:\/\/yoast.com\/product\/yoast-seo-wordpress\/ -->\n<title>Nicol\u00e1s Maduro Moros crear\u00e1 el \u00abParque Monumental Ana Mar\u00eda Campos\u00bb en Maracaibo<\/title>\n<meta name=\"robots\" content=\"index, follow, max-snippet:-1, max-image-preview:large, max-video-preview:-1\" \/>\n<link rel=\"canonical\" href=\"https:\/\/digital58.com.ve\/site\/2023\/07\/24\/nicolas-maduro-moros-creara-el-parque-monumental-ana-maria-campos-en-maracaibo\/\" \/>\n<meta property=\"og:locale\" content=\"es_ES\" \/>\n<meta property=\"og:type\" content=\"article\" \/>\n<meta property=\"og:title\" content=\"Nicol\u00e1s Maduro Moros crear\u00e1 el \u00abParque Monumental Ana Mar\u00eda Campos\u00bb en Maracaibo\" \/>\n<meta property=\"og:url\" content=\"https:\/\/digital58.com.ve\/site\/2023\/07\/24\/nicolas-maduro-moros-creara-el-parque-monumental-ana-maria-campos-en-maracaibo\/\" \/>\n<meta property=\"og:site_name\" content=\"Noticias Digital58\" \/>\n<meta property=\"article:published_time\" content=\"2023-07-25T03:35:06+00:00\" \/>\n<meta property=\"og:image\" content=\"https:\/\/i0.wp.com\/digital58.com.ve\/site\/wp-content\/uploads\/2023\/07\/18EG__9529_W.jpg?fit=800%2C445&ssl=1\" \/>\n\t<meta property=\"og:image:width\" content=\"800\" \/>\n\t<meta property=\"og:image:height\" content=\"445\" \/>\n\t<meta property=\"og:image:type\" content=\"image\/jpeg\" \/>\n<meta name=\"author\" content=\"Villasmil Henry\" \/>\n<meta name=\"twitter:card\" content=\"summary_large_image\" \/>\n<meta name=\"twitter:creator\" content=\"@https:\/\/twitter.com\/villasmilhfoto\" \/>\n<meta name=\"twitter:site\" content=\"@villasmilhfoto\" \/>\n<meta name=\"twitter:label1\" content=\"Escrito por\" \/>\n\t<meta name=\"twitter:data1\" content=\"Villasmil Henry\" \/>\n\t<meta name=\"twitter:label2\" content=\"Tiempo estimado de lectura\" \/>\n\t<meta name=\"twitter:data2\" content=\"3 minutos\" \/>\n<script type=\"application\/ld+json\" class=\"yoast-schema-graph\">{\"@context\":\"https:\\\/\\\/schema.org\",\"@graph\":[{\"@type\":\"Article\",\"@id\":\"https:\\\/\\\/digital58.com.ve\\\/site\\\/2023\\\/07\\\/24\\\/nicolas-maduro-moros-creara-el-parque-monumental-ana-maria-campos-en-maracaibo\\\/#article\",\"isPartOf\":{\"@id\":\"https:\\\/\\\/digital58.com.ve\\\/site\\\/2023\\\/07\\\/24\\\/nicolas-maduro-moros-creara-el-parque-monumental-ana-maria-campos-en-maracaibo\\\/\"},\"author\":{\"name\":\"Villasmil Henry\",\"@id\":\"https:\\\/\\\/digital58.com.ve\\\/site\\\/#\\\/schema\\\/person\\\/64d1c2e4d0d4fd1b849980c4331c2951\"},\"headline\":\"Nicol\u00e1s Maduro Moros crear\u00e1 el \u00abParque Monumental Ana Mar\u00eda Campos\u00bb en Maracaibo\",\"datePublished\":\"2023-07-25T03:35:06+00:00\",\"mainEntityOfPage\":{\"@id\":\"https:\\\/\\\/digital58.com.ve\\\/site\\\/2023\\\/07\\\/24\\\/nicolas-maduro-moros-creara-el-parque-monumental-ana-maria-campos-en-maracaibo\\\/\"},\"wordCount\":673,\"commentCount\":0,\"publisher\":{\"@id\":\"https:\\\/\\\/digital58.com.ve\\\/site\\\/#\\\/schema\\\/person\\\/64d1c2e4d0d4fd1b849980c4331c2951\"},\"image\":{\"@id\":\"https:\\\/\\\/digital58.com.ve\\\/site\\\/2023\\\/07\\\/24\\\/nicolas-maduro-moros-creara-el-parque-monumental-ana-maria-campos-en-maracaibo\\\/#primaryimage\"},\"thumbnailUrl\":\"https:\\\/\\\/digital58.com.ve\\\/site\\\/wp-content\\\/uploads\\\/2023\\\/07\\\/18EG__9529_W.jpg\",\"keywords\":[\"Batalla Naval del Lago de Maracaibo\",\"Gran Misi\u00f3n Venezuela Bella\",\"Maracaibo\",\"Nacionales\",\"Nacionaless\",\"Nicol\u00e1s Maduro Moros\",\"Parque Vereda del Lago\",\"Regionales\",\"Venezuela\"],\"articleSection\":[\"Zulia\"],\"inLanguage\":\"es\",\"potentialAction\":[{\"@type\":\"CommentAction\",\"name\":\"Comment\",\"target\":[\"https:\\\/\\\/digital58.com.ve\\\/site\\\/2023\\\/07\\\/24\\\/nicolas-maduro-moros-creara-el-parque-monumental-ana-maria-campos-en-maracaibo\\\/#respond\"]}]},{\"@type\":\"WebPage\",\"@id\":\"https:\\\/\\\/digital58.com.ve\\\/site\\\/2023\\\/07\\\/24\\\/nicolas-maduro-moros-creara-el-parque-monumental-ana-maria-campos-en-maracaibo\\\/\",\"url\":\"https:\\\/\\\/digital58.com.ve\\\/site\\\/2023\\\/07\\\/24\\\/nicolas-maduro-moros-creara-el-parque-monumental-ana-maria-campos-en-maracaibo\\\/\",\"name\":\"Nicol\u00e1s Maduro Moros crear\u00e1 el \u00abParque Monumental Ana Mar\u00eda Campos\u00bb en Maracaibo\",\"isPartOf\":{\"@id\":\"https:\\\/\\\/digital58.com.ve\\\/site\\\/#website\"},\"primaryImageOfPage\":{\"@id\":\"https:\\\/\\\/digital58.com.ve\\\/site\\\/2023\\\/07\\\/24\\\/nicolas-maduro-moros-creara-el-parque-monumental-ana-maria-campos-en-maracaibo\\\/#primaryimage\"},\"image\":{\"@id\":\"https:\\\/\\\/digital58.com.ve\\\/site\\\/2023\\\/07\\\/24\\\/nicolas-maduro-moros-creara-el-parque-monumental-ana-maria-campos-en-maracaibo\\\/#primaryimage\"},\"thumbnailUrl\":\"https:\\\/\\\/digital58.com.ve\\\/site\\\/wp-content\\\/uploads\\\/2023\\\/07\\\/18EG__9529_W.jpg\",\"datePublished\":\"2023-07-25T03:35:06+00:00\",\"breadcrumb\":{\"@id\":\"https:\\\/\\\/digital58.com.ve\\\/site\\\/2023\\\/07\\\/24\\\/nicolas-maduro-moros-creara-el-parque-monumental-ana-maria-campos-en-maracaibo\\\/#breadcrumb\"},\"inLanguage\":\"es\",\"potentialAction\":[{\"@type\":\"ReadAction\",\"target\":[\"https:\\\/\\\/digital58.com.ve\\\/site\\\/2023\\\/07\\\/24\\\/nicolas-maduro-moros-creara-el-parque-monumental-ana-maria-campos-en-maracaibo\\\/\"]}]},{\"@type\":\"ImageObject\",\"inLanguage\":\"es\",\"@id\":\"https:\\\/\\\/digital58.com.ve\\\/site\\\/2023\\\/07\\\/24\\\/nicolas-maduro-moros-creara-el-parque-monumental-ana-maria-campos-en-maracaibo\\\/#primaryimage\",\"url\":\"https:\\\/\\\/digital58.com.ve\\\/site\\\/wp-content\\\/uploads\\\/2023\\\/07\\\/18EG__9529_W.jpg\",\"contentUrl\":\"https:\\\/\\\/digital58.com.ve\\\/site\\\/wp-content\\\/uploads\\\/2023\\\/07\\\/18EG__9529_W.jpg\",\"width\":800,\"height\":445},{\"@type\":\"BreadcrumbList\",\"@id\":\"https:\\\/\\\/digital58.com.ve\\\/site\\\/2023\\\/07\\\/24\\\/nicolas-maduro-moros-creara-el-parque-monumental-ana-maria-campos-en-maracaibo\\\/#breadcrumb\",\"itemListElement\":[{\"@type\":\"ListItem\",\"position\":1,\"name\":\"Home\",\"item\":\"https:\\\/\\\/digital58.com.ve\\\/site\\\/\"},{\"@type\":\"ListItem\",\"position\":2,\"name\":\"Nicol\u00e1s Maduro Moros crear\u00e1 el \u00abParque Monumental Ana Mar\u00eda Campos\u00bb en Maracaibo\"}]},{\"@type\":\"WebSite\",\"@id\":\"https:\\\/\\\/digital58.com.ve\\\/site\\\/#website\",\"url\":\"https:\\\/\\\/digital58.com.ve\\\/site\\\/\",\"name\":\"Noticias Digital58\",\"description\":\"Portal de Noticias \u00a1Periodismo web de verdad! Lanzamiento web 22.11.2005 \\\/ Maracaibo, Venezuela\",\"publisher\":{\"@id\":\"https:\\\/\\\/digital58.com.ve\\\/site\\\/#\\\/schema\\\/person\\\/64d1c2e4d0d4fd1b849980c4331c2951\"},\"alternateName\":\"ND58\",\"potentialAction\":[{\"@type\":\"SearchAction\",\"target\":{\"@type\":\"EntryPoint\",\"urlTemplate\":\"https:\\\/\\\/digital58.com.ve\\\/site\\\/?s={search_term_string}\"},\"query-input\":{\"@type\":\"PropertyValueSpecification\",\"valueRequired\":true,\"valueName\":\"search_term_string\"}}],\"inLanguage\":\"es\"},{\"@type\":[\"Person\",\"Organization\"],\"@id\":\"https:\\\/\\\/digital58.com.ve\\\/site\\\/#\\\/schema\\\/person\\\/64d1c2e4d0d4fd1b849980c4331c2951\",\"name\":\"Villasmil Henry\",\"image\":{\"@type\":\"ImageObject\",\"inLanguage\":\"es\",\"@id\":\"https:\\\/\\\/secure.gravatar.com\\\/avatar\\\/bb0c4a2fcb7970138239f7e404ea75757b1b507b28b5ce4c53fbd62d797c5a7c?s=96&d=mm&r=g\",\"url\":\"https:\\\/\\\/secure.gravatar.com\\\/avatar\\\/bb0c4a2fcb7970138239f7e404ea75757b1b507b28b5ce4c53fbd62d797c5a7c?s=96&d=mm&r=g\",\"contentUrl\":\"https:\\\/\\\/secure.gravatar.com\\\/avatar\\\/bb0c4a2fcb7970138239f7e404ea75757b1b507b28b5ce4c53fbd62d797c5a7c?s=96&d=mm&r=g\",\"caption\":\"Villasmil Henry\"},\"logo\":{\"@id\":\"https:\\\/\\\/secure.gravatar.com\\\/avatar\\\/bb0c4a2fcb7970138239f7e404ea75757b1b507b28b5ce4c53fbd62d797c5a7c?s=96&d=mm&r=g\"},\"sameAs\":[\"http:\\\/\\\/www.henryvillasmil.com.ve\",\"https:\\\/\\\/www.instagram.com\\\/villasmilhfoto\\\/\",\"https:\\\/\\\/x.com\\\/https:\\\/\\\/twitter.com\\\/villasmilhfoto\"],\"url\":\"https:\\\/\\\/digital58.com.ve\\\/site\\\/author\\\/droopy_68\\\/\"}]}<\/script>\n<!-- \/ Yoast SEO plugin. -->","yoast_head_json":{"title":"Nicol\u00e1s Maduro Moros crear\u00e1 el \u00abParque Monumental Ana Mar\u00eda Campos\u00bb en Maracaibo","robots":{"index":"index","follow":"follow","max-snippet":"max-snippet:-1","max-image-preview":"max-image-preview:large","max-video-preview":"max-video-preview:-1"},"canonical":"https:\/\/digital58.com.ve\/site\/2023\/07\/24\/nicolas-maduro-moros-creara-el-parque-monumental-ana-maria-campos-en-maracaibo\/","og_locale":"es_ES","og_type":"article","og_title":"Nicol\u00e1s Maduro Moros crear\u00e1 el \u00abParque Monumental Ana Mar\u00eda Campos\u00bb en Maracaibo","og_url":"https:\/\/digital58.com.ve\/site\/2023\/07\/24\/nicolas-maduro-moros-creara-el-parque-monumental-ana-maria-campos-en-maracaibo\/","og_site_name":"Noticias Digital58","article_published_time":"2023-07-25T03:35:06+00:00","og_image":[{"width":800,"height":445,"url":"https:\/\/i0.wp.com\/digital58.com.ve\/site\/wp-content\/uploads\/2023\/07\/18EG__9529_W.jpg?fit=800%2C445&ssl=1","type":"image\/jpeg"}],"author":"Villasmil Henry","twitter_card":"summary_large_image","twitter_creator":"@https:\/\/twitter.com\/villasmilhfoto","twitter_site":"@villasmilhfoto","twitter_misc":{"Escrito por":"Villasmil Henry","Tiempo estimado de lectura":"3 minutos"},"schema":{"@context":"https:\/\/schema.org","@graph":[{"@type":"Article","@id":"https:\/\/digital58.com.ve\/site\/2023\/07\/24\/nicolas-maduro-moros-creara-el-parque-monumental-ana-maria-campos-en-maracaibo\/#article","isPartOf":{"@id":"https:\/\/digital58.com.ve\/site\/2023\/07\/24\/nicolas-maduro-moros-creara-el-parque-monumental-ana-maria-campos-en-maracaibo\/"},"author":{"name":"Villasmil Henry","@id":"https:\/\/digital58.com.ve\/site\/#\/schema\/person\/64d1c2e4d0d4fd1b849980c4331c2951"},"headline":"Nicol\u00e1s Maduro Moros crear\u00e1 el \u00abParque Monumental Ana Mar\u00eda Campos\u00bb en Maracaibo","datePublished":"2023-07-25T03:35:06+00:00","mainEntityOfPage":{"@id":"https:\/\/digital58.com.ve\/site\/2023\/07\/24\/nicolas-maduro-moros-creara-el-parque-monumental-ana-maria-campos-en-maracaibo\/"},"wordCount":673,"commentCount":0,"publisher":{"@id":"https:\/\/digital58.com.ve\/site\/#\/schema\/person\/64d1c2e4d0d4fd1b849980c4331c2951"},"image":{"@id":"https:\/\/digital58.com.ve\/site\/2023\/07\/24\/nicolas-maduro-moros-creara-el-parque-monumental-ana-maria-campos-en-maracaibo\/#primaryimage"},"thumbnailUrl":"https:\/\/digital58.com.ve\/site\/wp-content\/uploads\/2023\/07\/18EG__9529_W.jpg","keywords":["Batalla Naval del Lago de Maracaibo","Gran Misi\u00f3n Venezuela Bella","Maracaibo","Nacionales","Nacionaless","Nicol\u00e1s Maduro Moros","Parque Vereda del Lago","Regionales","Venezuela"],"articleSection":["Zulia"],"inLanguage":"es","potentialAction":[{"@type":"CommentAction","name":"Comment","target":["https:\/\/digital58.com.ve\/site\/2023\/07\/24\/nicolas-maduro-moros-creara-el-parque-monumental-ana-maria-campos-en-maracaibo\/#respond"]}]},{"@type":"WebPage","@id":"https:\/\/digital58.com.ve\/site\/2023\/07\/24\/nicolas-maduro-moros-creara-el-parque-monumental-ana-maria-campos-en-maracaibo\/","url":"https:\/\/digital58.com.ve\/site\/2023\/07\/24\/nicolas-maduro-moros-creara-el-parque-monumental-ana-maria-campos-en-maracaibo\/","name":"Nicol\u00e1s Maduro Moros crear\u00e1 el \u00abParque Monumental Ana Mar\u00eda Campos\u00bb en Maracaibo","isPartOf":{"@id":"https:\/\/digital58.com.ve\/site\/#website"},"primaryImageOfPage":{"@id":"https:\/\/digital58.com.ve\/site\/2023\/07\/24\/nicolas-maduro-moros-creara-el-parque-monumental-ana-maria-campos-en-maracaibo\/#primaryimage"},"image":{"@id":"https:\/\/digital58.com.ve\/site\/2023\/07\/24\/nicolas-maduro-moros-creara-el-parque-monumental-ana-maria-campos-en-maracaibo\/#primaryimage"},"thumbnailUrl":"https:\/\/digital58.com.ve\/site\/wp-content\/uploads\/2023\/07\/18EG__9529_W.jpg","datePublished":"2023-07-25T03:35:06+00:00","breadcrumb":{"@id":"https:\/\/digital58.com.ve\/site\/2023\/07\/24\/nicolas-maduro-moros-creara-el-parque-monumental-ana-maria-campos-en-maracaibo\/#breadcrumb"},"inLanguage":"es","potentialAction":[{"@type":"ReadAction","target":["https:\/\/digital58.com.ve\/site\/2023\/07\/24\/nicolas-maduro-moros-creara-el-parque-monumental-ana-maria-campos-en-maracaibo\/"]}]},{"@type":"ImageObject","inLanguage":"es","@id":"https:\/\/digital58.com.ve\/site\/2023\/07\/24\/nicolas-maduro-moros-creara-el-parque-monumental-ana-maria-campos-en-maracaibo\/#primaryimage","url":"https:\/\/digital58.com.ve\/site\/wp-content\/uploads\/2023\/07\/18EG__9529_W.jpg","contentUrl":"https:\/\/digital58.com.ve\/site\/wp-content\/uploads\/2023\/07\/18EG__9529_W.jpg","width":800,"height":445},{"@type":"BreadcrumbList","@id":"https:\/\/digital58.com.ve\/site\/2023\/07\/24\/nicolas-maduro-moros-creara-el-parque-monumental-ana-maria-campos-en-maracaibo\/#breadcrumb","itemListElement":[{"@type":"ListItem","position":1,"name":"Home","item":"https:\/\/digital58.com.ve\/site\/"},{"@type":"ListItem","position":2,"name":"Nicol\u00e1s Maduro Moros crear\u00e1 el \u00abParque Monumental Ana Mar\u00eda Campos\u00bb en Maracaibo"}]},{"@type":"WebSite","@id":"https:\/\/digital58.com.ve\/site\/#website","url":"https:\/\/digital58.com.ve\/site\/","name":"Noticias Digital58","description":"Portal de Noticias \u00a1Periodismo web de verdad! Lanzamiento web 22.11.2005 \/ Maracaibo, Venezuela","publisher":{"@id":"https:\/\/digital58.com.ve\/site\/#\/schema\/person\/64d1c2e4d0d4fd1b849980c4331c2951"},"alternateName":"ND58","potentialAction":[{"@type":"SearchAction","target":{"@type":"EntryPoint","urlTemplate":"https:\/\/digital58.com.ve\/site\/?s={search_term_string}"},"query-input":{"@type":"PropertyValueSpecification","valueRequired":true,"valueName":"search_term_string"}}],"inLanguage":"es"},{"@type":["Person","Organization"],"@id":"https:\/\/digital58.com.ve\/site\/#\/schema\/person\/64d1c2e4d0d4fd1b849980c4331c2951","name":"Villasmil Henry","image":{"@type":"ImageObject","inLanguage":"es","@id":"https:\/\/secure.gravatar.com\/avatar\/bb0c4a2fcb7970138239f7e404ea75757b1b507b28b5ce4c53fbd62d797c5a7c?s=96&d=mm&r=g","url":"https:\/\/secure.gravatar.com\/avatar\/bb0c4a2fcb7970138239f7e404ea75757b1b507b28b5ce4c53fbd62d797c5a7c?s=96&d=mm&r=g","contentUrl":"https:\/\/secure.gravatar.com\/avatar\/bb0c4a2fcb7970138239f7e404ea75757b1b507b28b5ce4c53fbd62d797c5a7c?s=96&d=mm&r=g","caption":"Villasmil Henry"},"logo":{"@id":"https:\/\/secure.gravatar.com\/avatar\/bb0c4a2fcb7970138239f7e404ea75757b1b507b28b5ce4c53fbd62d797c5a7c?s=96&d=mm&r=g"},"sameAs":["http:\/\/www.henryvillasmil.com.ve","https:\/\/www.instagram.com\/villasmilhfoto\/","https:\/\/x.com\/https:\/\/twitter.com\/villasmilhfoto"],"url":"https:\/\/digital58.com.ve\/site\/author\/droopy_68\/"}]}},"uagb_featured_image_src":{"full":["https:\/\/digital58.com.ve\/site\/wp-content\/uploads\/2023\/07\/18EG__9529_W.jpg",800,445,false],"thumbnail":["https:\/\/digital58.com.ve\/site\/wp-content\/uploads\/2023\/07\/18EG__9529_W-150x150.jpg",150,150,true],"medium":["https:\/\/digital58.com.ve\/site\/wp-content\/uploads\/2023\/07\/18EG__9529_W-300x167.jpg",300,167,true],"medium_large":["https:\/\/digital58.com.ve\/site\/wp-content\/uploads\/2023\/07\/18EG__9529_W-768x427.jpg",768,427,true],"large":["https:\/\/digital58.com.ve\/site\/wp-content\/uploads\/2023\/07\/18EG__9529_W.jpg",800,445,false],"1536x1536":["https:\/\/digital58.com.ve\/site\/wp-content\/uploads\/2023\/07\/18EG__9529_W.jpg",800,445,false],"2048x2048":["https:\/\/digital58.com.ve\/site\/wp-content\/uploads\/2023\/07\/18EG__9529_W.jpg",800,445,false],"colormag-highlighted-post":["https:\/\/digital58.com.ve\/site\/wp-content\/uploads\/2023\/07\/18EG__9529_W-392x272.jpg",392,272,true],"colormag-featured-post-medium":["https:\/\/digital58.com.ve\/site\/wp-content\/uploads\/2023\/07\/18EG__9529_W-390x205.jpg",390,205,true],"colormag-featured-post-small":["https:\/\/digital58.com.ve\/site\/wp-content\/uploads\/2023\/07\/18EG__9529_W-130x90.jpg",130,90,true],"colormag-featured-image":["https:\/\/digital58.com.ve\/site\/wp-content\/uploads\/2023\/07\/18EG__9529_W.jpg",800,445,false],"colormag-default-news":["https:\/\/digital58.com.ve\/site\/wp-content\/uploads\/2023\/07\/18EG__9529_W-150x150.jpg",150,150,true],"colormag-featured-image-large":["https:\/\/digital58.com.ve\/site\/wp-content\/uploads\/2023\/07\/18EG__9529_W.jpg",800,445,false]},"uagb_author_info":{"display_name":"Villasmil Henry","author_link":"https:\/\/digital58.com.ve\/site\/author\/droopy_68\/"},"uagb_comment_info":0,"uagb_excerpt":"El presidente de Venezuela, tambi\u00e9n inaugur\u00f3 y entreg\u00f3 al pueblo zuliano, el Monumento \u00c9pico Naval del Bicentenario, para que puedan","_links":{"self":[{"href":"https:\/\/digital58.com.ve\/site\/wp-json\/wp\/v2\/posts\/168799","targetHints":{"allow":["GET"]}}],"collection":[{"href":"https:\/\/digital58.com.ve\/site\/wp-json\/wp\/v2\/posts"}],"about":[{"href":"https:\/\/digital58.com.ve\/site\/wp-json\/wp\/v2\/types\/post"}],"author":[{"embeddable":true,"href":"https:\/\/digital58.com.ve\/site\/wp-json\/wp\/v2\/users\/1"}],"replies":[{"embeddable":true,"href":"https:\/\/digital58.com.ve\/site\/wp-json\/wp\/v2\/comments?post=168799"}],"version-history":[{"count":1,"href":"https:\/\/digital58.com.ve\/site\/wp-json\/wp\/v2\/posts\/168799\/revisions"}],"predecessor-version":[{"id":168801,"href":"https:\/\/digital58.com.ve\/site\/wp-json\/wp\/v2\/posts\/168799\/revisions\/168801"}],"wp:featuredmedia":[{"embeddable":true,"href":"https:\/\/digital58.com.ve\/site\/wp-json\/wp\/v2\/media\/168800"}],"wp:attachment":[{"href":"https:\/\/digital58.com.ve\/site\/wp-json\/wp\/v2\/media?parent=168799"}],"wp:term":[{"taxonomy":"category","embeddable":true,"href":"https:\/\/digital58.com.ve\/site\/wp-json\/wp\/v2\/categories?post=168799"},{"taxonomy":"post_tag","embeddable":true,"href":"https:\/\/digital58.com.ve\/site\/wp-json\/wp\/v2\/tags?post=168799"}],"curies":[{"name":"wp","href":"https:\/\/api.w.org\/{rel}","templated":true}]}}