{"id":168846,"date":"2023-07-26T10:54:28","date_gmt":"2023-07-26T14:54:28","guid":{"rendered":"https:\/\/digital58.com.ve\/site\/?p=168846"},"modified":"2023-07-26T10:54:28","modified_gmt":"2023-07-26T14:54:28","slug":"maduro-pide-a-los-militares-estar-en-alerta-permanente-para-garantizar-la-paz-de-venezuela","status":"publish","type":"post","link":"https:\/\/digital58.com.ve\/site\/2023\/07\/26\/maduro-pide-a-los-militares-estar-en-alerta-permanente-para-garantizar-la-paz-de-venezuela\/","title":{"rendered":"Maduro pide a los militares estar en alerta permanente para garantizar la paz de Venezuela"},"content":{"rendered":"<p><a href=\"https:\/\/digital58.com.ve\/site\/wp-content\/uploads\/2023\/07\/660756aadaf3c7e80b3e431d15e6b451044dce86miniw.jpg\"><img loading=\"lazy\" decoding=\"async\" class=\"aligncenter size-full wp-image-168847\" src=\"https:\/\/digital58.com.ve\/site\/wp-content\/uploads\/2023\/07\/660756aadaf3c7e80b3e431d15e6b451044dce86miniw.jpg\" alt=\"\" width=\"899\" height=\"614\" srcset=\"https:\/\/digital58.com.ve\/site\/wp-content\/uploads\/2023\/07\/660756aadaf3c7e80b3e431d15e6b451044dce86miniw.jpg 899w, https:\/\/digital58.com.ve\/site\/wp-content\/uploads\/2023\/07\/660756aadaf3c7e80b3e431d15e6b451044dce86miniw-300x205.jpg 300w, https:\/\/digital58.com.ve\/site\/wp-content\/uploads\/2023\/07\/660756aadaf3c7e80b3e431d15e6b451044dce86miniw-768x525.jpg 768w, https:\/\/digital58.com.ve\/site\/wp-content\/uploads\/2023\/07\/660756aadaf3c7e80b3e431d15e6b451044dce86miniw-130x90.jpg 130w\" sizes=\"auto, (max-width: 899px) 100vw, 899px\" \/><\/a><\/p>\n<p>La llamada revoluci\u00f3n bolivariana tambi\u00e9n conmemor\u00f3 este lunes el 240 aniversario del natalicio del Libertador Sim\u00f3n Bol\u00edvar y el D\u00eda de la Armada Nacional Bolivariana.<\/p>\n<p><strong>Maracaibo, Zulia, Venezuela, 26 de julio de 2023 (ND58).-<\/strong> El presidente de Venezuela, Nicol\u00e1s Maduro, pidi\u00f3 este lunes a la Fuerza Armada Nacional Bolivariana (FANB) estar en \u00abalerta permanente\u00bb para \u00abgarantizar la estabilidad\u00bb y \u00abla paz\u00bb del pa\u00eds, que conmemora el bicentenario de la Batalla Naval del Lago de Maracaibo.<\/p>\n<p>\u00abFuerza Armada Nacional Bolivariana, guardia en alto, alerta permanente, vigilancia y protecci\u00f3n para garantizar la estabilidad, la integridad territorial y la paz de la Rep\u00fablica. Saquemos grandes lecciones de la gran historia patria que tiene Venezuela y que tiene nuestra Am\u00e9rica profunda, nuestra patria grande\u00bb, dijo el mandatario en un acto en el Lago de Maracaibo, en el noroeste del pa\u00eds.<\/p>\n<p>En este sentido, el jefe de Estado sostuvo que la \u00abgran victoria heroica\u00bb alcanzada hace 200 a\u00f1os por el \u00abpueblo de la Gran Colombia\u00bb frente \u00aba la Armada espa\u00f1ola\u00bb deja \u00abcomo ense\u00f1anza\u00bb que hay que estar \u00aben alerta permanente, vigilando la soberan\u00eda de la patria\u00bb, la \u00abpaz de la patria\u00bb, la \u00abindependencia de Venezuela\u00bb y \u00abcuidando y protegiendo\u00bb al \u00abpueblo, siempre\u00bb.<\/p>\n<p>El acto, transmitido por el canal estatal Venezolana de Televisi\u00f3n (VTV), consisti\u00f3 en una \u00abdemostraci\u00f3n aeronaval\u00bb con \u00abembarcaciones, lanchas, helic\u00f3pteros, grupos de comandos del mar\u00bb, entre otros, y cont\u00f3 con la participaci\u00f3n de altos funcionarios del Gobierno, entre ellos la vicepresidenta ejecutiva, Delcy Rodr\u00edguez.<\/p>\n<p>El pasado 13 de julio, Maduro asegur\u00f3 que Venezuela est\u00e1 \u00abconsolidando\u00bb el poder militar, \u00abcolumna vertebral y garant\u00eda de la uni\u00f3n, de la cohesi\u00f3n y de la paz\u00bb del pa\u00eds, que ha podido \u00abresistir, enfrentar y salir adelante a tantas agresiones\u00bb y \u00abataques\u00bb por parte de los \u00abenemigos externos\u00bb, entre los que mencion\u00f3 entonces al \u00abimperialismo norteamericano\u00bb.<\/p>\n<p><strong>Redacci\u00f3n ND58 | Fuente: EFE<\/strong><br \/>\n<strong>Edici\u00f3n: Villasmil, Henry<\/strong><br \/>\n<strong>Gr\u00e1fica: EFE<\/strong><\/p>\n<p>&nbsp;<\/p><div class=\"vpbne69f2ab893ffb4\" ><p style=\"text-align: center;\"><a href=\"https:\/\/t.me\/noticiasdigital58\" target=\"_blank\" rel=\"noopener\"><img class=\"aligncenter size-full wp-image-125363\" src=\"https:\/\/digital58.com.ve\/site\/wp-content\/uploads\/2021\/04\/banner-telegram-web-2021.png\" alt=\"\" width=\"600\" height=\"90\" \/><\/a><\/p><\/div><style type=\"text\/css\">\r\n@media screen and (min-width: 1201px) {\r\n.vpbne69f2ab893ffb4 {\r\ndisplay: block;\r\n}\r\n}\r\n@media screen and (min-width: 993px) and (max-width: 1200px) {\r\n.vpbne69f2ab893ffb4 {\r\ndisplay: block;\r\n}\r\n}\r\n@media screen and (min-width: 769px) and (max-width: 992px) {\r\n.vpbne69f2ab893ffb4 {\r\ndisplay: block;\r\n}\r\n}\r\n@media screen and (min-width: 768px) and (max-width: 768px) {\r\n.vpbne69f2ab893ffb4 {\r\ndisplay: block;\r\n}\r\n}\r\n@media screen and (max-width: 767px) {\r\n.vpbne69f2ab893ffb4 {\r\ndisplay: block;\r\n}\r\n}\r\n<\/style>\r\n\n<p>&nbsp;<\/p>\n<div style=\"margin-top: 0px; margin-bottom: 0px;\" class=\"sharethis-inline-share-buttons\" ><\/div>","protected":false},"excerpt":{"rendered":"<p>La llamada revoluci\u00f3n bolivariana tambi\u00e9n conmemor\u00f3 este lunes el 240 aniversario del natalicio del Libertador Sim\u00f3n Bol\u00edvar y el D\u00eda<\/p>\n","protected":false},"author":1,"featured_media":168847,"comment_status":"open","ping_status":"closed","sticky":false,"template":"","format":"standard","meta":{"colormag_page_container_layout":"default_layout","colormag_page_sidebar_layout":"default_layout","_uag_custom_page_level_css":"","footnotes":""},"categories":[14504],"tags":[8534,18636,11997,73,233,14182,2354,32],"class_list":["post-168846","post","type-post","status-publish","format-standard","has-post-thumbnail","hentry","category-zulia","tag-batalla-naval-del-lago-de-maracaibo","tag-dia-de-la-armada-nacional-bolivariana","tag-fuerza-armada-nacional-bolivariana","tag-maracaibo","tag-nacionales","tag-nicolas-maduro-moros","tag-regionales","tag-venezuela"],"yoast_head":"<!-- This site is optimized with the Yoast SEO plugin v27.5 - https:\/\/yoast.com\/product\/yoast-seo-wordpress\/ -->\n<title>Maduro pide a los militares estar en alerta permanente para garantizar la paz de Venezuela<\/title>\n<meta name=\"robots\" content=\"index, follow, max-snippet:-1, max-image-preview:large, max-video-preview:-1\" \/>\n<link rel=\"canonical\" href=\"https:\/\/digital58.com.ve\/site\/2023\/07\/26\/maduro-pide-a-los-militares-estar-en-alerta-permanente-para-garantizar-la-paz-de-venezuela\/\" \/>\n<meta property=\"og:locale\" content=\"es_ES\" \/>\n<meta property=\"og:type\" content=\"article\" \/>\n<meta property=\"og:title\" content=\"Maduro pide a los militares estar en alerta permanente para garantizar la paz de Venezuela\" \/>\n<meta property=\"og:url\" content=\"https:\/\/digital58.com.ve\/site\/2023\/07\/26\/maduro-pide-a-los-militares-estar-en-alerta-permanente-para-garantizar-la-paz-de-venezuela\/\" \/>\n<meta property=\"og:site_name\" content=\"Noticias Digital58\" \/>\n<meta property=\"article:published_time\" content=\"2023-07-26T14:54:28+00:00\" \/>\n<meta property=\"og:image\" content=\"https:\/\/i0.wp.com\/digital58.com.ve\/site\/wp-content\/uploads\/2023\/07\/660756aadaf3c7e80b3e431d15e6b451044dce86miniw.jpg?fit=899%2C614&ssl=1\" \/>\n\t<meta property=\"og:image:width\" content=\"899\" \/>\n\t<meta property=\"og:image:height\" content=\"614\" \/>\n\t<meta property=\"og:image:type\" content=\"image\/jpeg\" \/>\n<meta name=\"author\" content=\"Villasmil Henry\" \/>\n<meta name=\"twitter:card\" content=\"summary_large_image\" \/>\n<meta name=\"twitter:creator\" content=\"@https:\/\/twitter.com\/villasmilhfoto\" \/>\n<meta name=\"twitter:site\" content=\"@villasmilhfoto\" \/>\n<meta name=\"twitter:label1\" content=\"Escrito por\" \/>\n\t<meta name=\"twitter:data1\" content=\"Villasmil Henry\" \/>\n\t<meta name=\"twitter:label2\" content=\"Tiempo estimado de lectura\" \/>\n\t<meta name=\"twitter:data2\" content=\"2 minutos\" \/>\n<script type=\"application\/ld+json\" class=\"yoast-schema-graph\">{\"@context\":\"https:\\\/\\\/schema.org\",\"@graph\":[{\"@type\":\"Article\",\"@id\":\"https:\\\/\\\/digital58.com.ve\\\/site\\\/2023\\\/07\\\/26\\\/maduro-pide-a-los-militares-estar-en-alerta-permanente-para-garantizar-la-paz-de-venezuela\\\/#article\",\"isPartOf\":{\"@id\":\"https:\\\/\\\/digital58.com.ve\\\/site\\\/2023\\\/07\\\/26\\\/maduro-pide-a-los-militares-estar-en-alerta-permanente-para-garantizar-la-paz-de-venezuela\\\/\"},\"author\":{\"name\":\"Villasmil Henry\",\"@id\":\"https:\\\/\\\/digital58.com.ve\\\/site\\\/#\\\/schema\\\/person\\\/64d1c2e4d0d4fd1b849980c4331c2951\"},\"headline\":\"Maduro pide a los militares estar en alerta permanente para garantizar la paz de Venezuela\",\"datePublished\":\"2023-07-26T14:54:28+00:00\",\"mainEntityOfPage\":{\"@id\":\"https:\\\/\\\/digital58.com.ve\\\/site\\\/2023\\\/07\\\/26\\\/maduro-pide-a-los-militares-estar-en-alerta-permanente-para-garantizar-la-paz-de-venezuela\\\/\"},\"wordCount\":347,\"commentCount\":0,\"publisher\":{\"@id\":\"https:\\\/\\\/digital58.com.ve\\\/site\\\/#\\\/schema\\\/person\\\/64d1c2e4d0d4fd1b849980c4331c2951\"},\"image\":{\"@id\":\"https:\\\/\\\/digital58.com.ve\\\/site\\\/2023\\\/07\\\/26\\\/maduro-pide-a-los-militares-estar-en-alerta-permanente-para-garantizar-la-paz-de-venezuela\\\/#primaryimage\"},\"thumbnailUrl\":\"https:\\\/\\\/digital58.com.ve\\\/site\\\/wp-content\\\/uploads\\\/2023\\\/07\\\/660756aadaf3c7e80b3e431d15e6b451044dce86miniw.jpg\",\"keywords\":[\"Batalla Naval del Lago de Maracaibo\",\"D\u00eda de la Armada Nacional Bolivariana\",\"Fuerza Armada Nacional Bolivariana\",\"Maracaibo\",\"Nacionales\",\"Nicol\u00e1s Maduro Moros\",\"Regionales\",\"Venezuela\"],\"articleSection\":[\"Zulia\"],\"inLanguage\":\"es\",\"potentialAction\":[{\"@type\":\"CommentAction\",\"name\":\"Comment\",\"target\":[\"https:\\\/\\\/digital58.com.ve\\\/site\\\/2023\\\/07\\\/26\\\/maduro-pide-a-los-militares-estar-en-alerta-permanente-para-garantizar-la-paz-de-venezuela\\\/#respond\"]}]},{\"@type\":\"WebPage\",\"@id\":\"https:\\\/\\\/digital58.com.ve\\\/site\\\/2023\\\/07\\\/26\\\/maduro-pide-a-los-militares-estar-en-alerta-permanente-para-garantizar-la-paz-de-venezuela\\\/\",\"url\":\"https:\\\/\\\/digital58.com.ve\\\/site\\\/2023\\\/07\\\/26\\\/maduro-pide-a-los-militares-estar-en-alerta-permanente-para-garantizar-la-paz-de-venezuela\\\/\",\"name\":\"Maduro pide a los militares estar en alerta permanente para garantizar la paz de Venezuela\",\"isPartOf\":{\"@id\":\"https:\\\/\\\/digital58.com.ve\\\/site\\\/#website\"},\"primaryImageOfPage\":{\"@id\":\"https:\\\/\\\/digital58.com.ve\\\/site\\\/2023\\\/07\\\/26\\\/maduro-pide-a-los-militares-estar-en-alerta-permanente-para-garantizar-la-paz-de-venezuela\\\/#primaryimage\"},\"image\":{\"@id\":\"https:\\\/\\\/digital58.com.ve\\\/site\\\/2023\\\/07\\\/26\\\/maduro-pide-a-los-militares-estar-en-alerta-permanente-para-garantizar-la-paz-de-venezuela\\\/#primaryimage\"},\"thumbnailUrl\":\"https:\\\/\\\/digital58.com.ve\\\/site\\\/wp-content\\\/uploads\\\/2023\\\/07\\\/660756aadaf3c7e80b3e431d15e6b451044dce86miniw.jpg\",\"datePublished\":\"2023-07-26T14:54:28+00:00\",\"breadcrumb\":{\"@id\":\"https:\\\/\\\/digital58.com.ve\\\/site\\\/2023\\\/07\\\/26\\\/maduro-pide-a-los-militares-estar-en-alerta-permanente-para-garantizar-la-paz-de-venezuela\\\/#breadcrumb\"},\"inLanguage\":\"es\",\"potentialAction\":[{\"@type\":\"ReadAction\",\"target\":[\"https:\\\/\\\/digital58.com.ve\\\/site\\\/2023\\\/07\\\/26\\\/maduro-pide-a-los-militares-estar-en-alerta-permanente-para-garantizar-la-paz-de-venezuela\\\/\"]}]},{\"@type\":\"ImageObject\",\"inLanguage\":\"es\",\"@id\":\"https:\\\/\\\/digital58.com.ve\\\/site\\\/2023\\\/07\\\/26\\\/maduro-pide-a-los-militares-estar-en-alerta-permanente-para-garantizar-la-paz-de-venezuela\\\/#primaryimage\",\"url\":\"https:\\\/\\\/digital58.com.ve\\\/site\\\/wp-content\\\/uploads\\\/2023\\\/07\\\/660756aadaf3c7e80b3e431d15e6b451044dce86miniw.jpg\",\"contentUrl\":\"https:\\\/\\\/digital58.com.ve\\\/site\\\/wp-content\\\/uploads\\\/2023\\\/07\\\/660756aadaf3c7e80b3e431d15e6b451044dce86miniw.jpg\",\"width\":899,\"height\":614},{\"@type\":\"BreadcrumbList\",\"@id\":\"https:\\\/\\\/digital58.com.ve\\\/site\\\/2023\\\/07\\\/26\\\/maduro-pide-a-los-militares-estar-en-alerta-permanente-para-garantizar-la-paz-de-venezuela\\\/#breadcrumb\",\"itemListElement\":[{\"@type\":\"ListItem\",\"position\":1,\"name\":\"Home\",\"item\":\"https:\\\/\\\/digital58.com.ve\\\/site\\\/\"},{\"@type\":\"ListItem\",\"position\":2,\"name\":\"Maduro pide a los militares estar en alerta permanente para garantizar la paz de Venezuela\"}]},{\"@type\":\"WebSite\",\"@id\":\"https:\\\/\\\/digital58.com.ve\\\/site\\\/#website\",\"url\":\"https:\\\/\\\/digital58.com.ve\\\/site\\\/\",\"name\":\"Noticias Digital58\",\"description\":\"Portal de Noticias \u00a1Periodismo web de verdad! Lanzamiento web 22.11.2005 \\\/ Maracaibo, Venezuela\",\"publisher\":{\"@id\":\"https:\\\/\\\/digital58.com.ve\\\/site\\\/#\\\/schema\\\/person\\\/64d1c2e4d0d4fd1b849980c4331c2951\"},\"alternateName\":\"ND58\",\"potentialAction\":[{\"@type\":\"SearchAction\",\"target\":{\"@type\":\"EntryPoint\",\"urlTemplate\":\"https:\\\/\\\/digital58.com.ve\\\/site\\\/?s={search_term_string}\"},\"query-input\":{\"@type\":\"PropertyValueSpecification\",\"valueRequired\":true,\"valueName\":\"search_term_string\"}}],\"inLanguage\":\"es\"},{\"@type\":[\"Person\",\"Organization\"],\"@id\":\"https:\\\/\\\/digital58.com.ve\\\/site\\\/#\\\/schema\\\/person\\\/64d1c2e4d0d4fd1b849980c4331c2951\",\"name\":\"Villasmil Henry\",\"image\":{\"@type\":\"ImageObject\",\"inLanguage\":\"es\",\"@id\":\"https:\\\/\\\/secure.gravatar.com\\\/avatar\\\/bb0c4a2fcb7970138239f7e404ea75757b1b507b28b5ce4c53fbd62d797c5a7c?s=96&d=mm&r=g\",\"url\":\"https:\\\/\\\/secure.gravatar.com\\\/avatar\\\/bb0c4a2fcb7970138239f7e404ea75757b1b507b28b5ce4c53fbd62d797c5a7c?s=96&d=mm&r=g\",\"contentUrl\":\"https:\\\/\\\/secure.gravatar.com\\\/avatar\\\/bb0c4a2fcb7970138239f7e404ea75757b1b507b28b5ce4c53fbd62d797c5a7c?s=96&d=mm&r=g\",\"caption\":\"Villasmil Henry\"},\"logo\":{\"@id\":\"https:\\\/\\\/secure.gravatar.com\\\/avatar\\\/bb0c4a2fcb7970138239f7e404ea75757b1b507b28b5ce4c53fbd62d797c5a7c?s=96&d=mm&r=g\"},\"sameAs\":[\"http:\\\/\\\/www.henryvillasmil.com.ve\",\"https:\\\/\\\/www.instagram.com\\\/villasmilhfoto\\\/\",\"https:\\\/\\\/x.com\\\/https:\\\/\\\/twitter.com\\\/villasmilhfoto\"],\"url\":\"https:\\\/\\\/digital58.com.ve\\\/site\\\/author\\\/droopy_68\\\/\"}]}<\/script>\n<!-- \/ Yoast SEO plugin. -->","yoast_head_json":{"title":"Maduro pide a los militares estar en alerta permanente para garantizar la paz de Venezuela","robots":{"index":"index","follow":"follow","max-snippet":"max-snippet:-1","max-image-preview":"max-image-preview:large","max-video-preview":"max-video-preview:-1"},"canonical":"https:\/\/digital58.com.ve\/site\/2023\/07\/26\/maduro-pide-a-los-militares-estar-en-alerta-permanente-para-garantizar-la-paz-de-venezuela\/","og_locale":"es_ES","og_type":"article","og_title":"Maduro pide a los militares estar en alerta permanente para garantizar la paz de Venezuela","og_url":"https:\/\/digital58.com.ve\/site\/2023\/07\/26\/maduro-pide-a-los-militares-estar-en-alerta-permanente-para-garantizar-la-paz-de-venezuela\/","og_site_name":"Noticias Digital58","article_published_time":"2023-07-26T14:54:28+00:00","og_image":[{"width":899,"height":614,"url":"https:\/\/i0.wp.com\/digital58.com.ve\/site\/wp-content\/uploads\/2023\/07\/660756aadaf3c7e80b3e431d15e6b451044dce86miniw.jpg?fit=899%2C614&ssl=1","type":"image\/jpeg"}],"author":"Villasmil Henry","twitter_card":"summary_large_image","twitter_creator":"@https:\/\/twitter.com\/villasmilhfoto","twitter_site":"@villasmilhfoto","twitter_misc":{"Escrito por":"Villasmil Henry","Tiempo estimado de lectura":"2 minutos"},"schema":{"@context":"https:\/\/schema.org","@graph":[{"@type":"Article","@id":"https:\/\/digital58.com.ve\/site\/2023\/07\/26\/maduro-pide-a-los-militares-estar-en-alerta-permanente-para-garantizar-la-paz-de-venezuela\/#article","isPartOf":{"@id":"https:\/\/digital58.com.ve\/site\/2023\/07\/26\/maduro-pide-a-los-militares-estar-en-alerta-permanente-para-garantizar-la-paz-de-venezuela\/"},"author":{"name":"Villasmil Henry","@id":"https:\/\/digital58.com.ve\/site\/#\/schema\/person\/64d1c2e4d0d4fd1b849980c4331c2951"},"headline":"Maduro pide a los militares estar en alerta permanente para garantizar la paz de Venezuela","datePublished":"2023-07-26T14:54:28+00:00","mainEntityOfPage":{"@id":"https:\/\/digital58.com.ve\/site\/2023\/07\/26\/maduro-pide-a-los-militares-estar-en-alerta-permanente-para-garantizar-la-paz-de-venezuela\/"},"wordCount":347,"commentCount":0,"publisher":{"@id":"https:\/\/digital58.com.ve\/site\/#\/schema\/person\/64d1c2e4d0d4fd1b849980c4331c2951"},"image":{"@id":"https:\/\/digital58.com.ve\/site\/2023\/07\/26\/maduro-pide-a-los-militares-estar-en-alerta-permanente-para-garantizar-la-paz-de-venezuela\/#primaryimage"},"thumbnailUrl":"https:\/\/digital58.com.ve\/site\/wp-content\/uploads\/2023\/07\/660756aadaf3c7e80b3e431d15e6b451044dce86miniw.jpg","keywords":["Batalla Naval del Lago de Maracaibo","D\u00eda de la Armada Nacional Bolivariana","Fuerza Armada Nacional Bolivariana","Maracaibo","Nacionales","Nicol\u00e1s Maduro Moros","Regionales","Venezuela"],"articleSection":["Zulia"],"inLanguage":"es","potentialAction":[{"@type":"CommentAction","name":"Comment","target":["https:\/\/digital58.com.ve\/site\/2023\/07\/26\/maduro-pide-a-los-militares-estar-en-alerta-permanente-para-garantizar-la-paz-de-venezuela\/#respond"]}]},{"@type":"WebPage","@id":"https:\/\/digital58.com.ve\/site\/2023\/07\/26\/maduro-pide-a-los-militares-estar-en-alerta-permanente-para-garantizar-la-paz-de-venezuela\/","url":"https:\/\/digital58.com.ve\/site\/2023\/07\/26\/maduro-pide-a-los-militares-estar-en-alerta-permanente-para-garantizar-la-paz-de-venezuela\/","name":"Maduro pide a los militares estar en alerta permanente para garantizar la paz de Venezuela","isPartOf":{"@id":"https:\/\/digital58.com.ve\/site\/#website"},"primaryImageOfPage":{"@id":"https:\/\/digital58.com.ve\/site\/2023\/07\/26\/maduro-pide-a-los-militares-estar-en-alerta-permanente-para-garantizar-la-paz-de-venezuela\/#primaryimage"},"image":{"@id":"https:\/\/digital58.com.ve\/site\/2023\/07\/26\/maduro-pide-a-los-militares-estar-en-alerta-permanente-para-garantizar-la-paz-de-venezuela\/#primaryimage"},"thumbnailUrl":"https:\/\/digital58.com.ve\/site\/wp-content\/uploads\/2023\/07\/660756aadaf3c7e80b3e431d15e6b451044dce86miniw.jpg","datePublished":"2023-07-26T14:54:28+00:00","breadcrumb":{"@id":"https:\/\/digital58.com.ve\/site\/2023\/07\/26\/maduro-pide-a-los-militares-estar-en-alerta-permanente-para-garantizar-la-paz-de-venezuela\/#breadcrumb"},"inLanguage":"es","potentialAction":[{"@type":"ReadAction","target":["https:\/\/digital58.com.ve\/site\/2023\/07\/26\/maduro-pide-a-los-militares-estar-en-alerta-permanente-para-garantizar-la-paz-de-venezuela\/"]}]},{"@type":"ImageObject","inLanguage":"es","@id":"https:\/\/digital58.com.ve\/site\/2023\/07\/26\/maduro-pide-a-los-militares-estar-en-alerta-permanente-para-garantizar-la-paz-de-venezuela\/#primaryimage","url":"https:\/\/digital58.com.ve\/site\/wp-content\/uploads\/2023\/07\/660756aadaf3c7e80b3e431d15e6b451044dce86miniw.jpg","contentUrl":"https:\/\/digital58.com.ve\/site\/wp-content\/uploads\/2023\/07\/660756aadaf3c7e80b3e431d15e6b451044dce86miniw.jpg","width":899,"height":614},{"@type":"BreadcrumbList","@id":"https:\/\/digital58.com.ve\/site\/2023\/07\/26\/maduro-pide-a-los-militares-estar-en-alerta-permanente-para-garantizar-la-paz-de-venezuela\/#breadcrumb","itemListElement":[{"@type":"ListItem","position":1,"name":"Home","item":"https:\/\/digital58.com.ve\/site\/"},{"@type":"ListItem","position":2,"name":"Maduro pide a los militares estar en alerta permanente para garantizar la paz de Venezuela"}]},{"@type":"WebSite","@id":"https:\/\/digital58.com.ve\/site\/#website","url":"https:\/\/digital58.com.ve\/site\/","name":"Noticias Digital58","description":"Portal de Noticias \u00a1Periodismo web de verdad! Lanzamiento web 22.11.2005 \/ Maracaibo, Venezuela","publisher":{"@id":"https:\/\/digital58.com.ve\/site\/#\/schema\/person\/64d1c2e4d0d4fd1b849980c4331c2951"},"alternateName":"ND58","potentialAction":[{"@type":"SearchAction","target":{"@type":"EntryPoint","urlTemplate":"https:\/\/digital58.com.ve\/site\/?s={search_term_string}"},"query-input":{"@type":"PropertyValueSpecification","valueRequired":true,"valueName":"search_term_string"}}],"inLanguage":"es"},{"@type":["Person","Organization"],"@id":"https:\/\/digital58.com.ve\/site\/#\/schema\/person\/64d1c2e4d0d4fd1b849980c4331c2951","name":"Villasmil Henry","image":{"@type":"ImageObject","inLanguage":"es","@id":"https:\/\/secure.gravatar.com\/avatar\/bb0c4a2fcb7970138239f7e404ea75757b1b507b28b5ce4c53fbd62d797c5a7c?s=96&d=mm&r=g","url":"https:\/\/secure.gravatar.com\/avatar\/bb0c4a2fcb7970138239f7e404ea75757b1b507b28b5ce4c53fbd62d797c5a7c?s=96&d=mm&r=g","contentUrl":"https:\/\/secure.gravatar.com\/avatar\/bb0c4a2fcb7970138239f7e404ea75757b1b507b28b5ce4c53fbd62d797c5a7c?s=96&d=mm&r=g","caption":"Villasmil Henry"},"logo":{"@id":"https:\/\/secure.gravatar.com\/avatar\/bb0c4a2fcb7970138239f7e404ea75757b1b507b28b5ce4c53fbd62d797c5a7c?s=96&d=mm&r=g"},"sameAs":["http:\/\/www.henryvillasmil.com.ve","https:\/\/www.instagram.com\/villasmilhfoto\/","https:\/\/x.com\/https:\/\/twitter.com\/villasmilhfoto"],"url":"https:\/\/digital58.com.ve\/site\/author\/droopy_68\/"}]}},"uagb_featured_image_src":{"full":["https:\/\/digital58.com.ve\/site\/wp-content\/uploads\/2023\/07\/660756aadaf3c7e80b3e431d15e6b451044dce86miniw.jpg",899,614,false],"thumbnail":["https:\/\/digital58.com.ve\/site\/wp-content\/uploads\/2023\/07\/660756aadaf3c7e80b3e431d15e6b451044dce86miniw-150x150.jpg",150,150,true],"medium":["https:\/\/digital58.com.ve\/site\/wp-content\/uploads\/2023\/07\/660756aadaf3c7e80b3e431d15e6b451044dce86miniw-300x205.jpg",300,205,true],"medium_large":["https:\/\/digital58.com.ve\/site\/wp-content\/uploads\/2023\/07\/660756aadaf3c7e80b3e431d15e6b451044dce86miniw-768x525.jpg",768,525,true],"large":["https:\/\/digital58.com.ve\/site\/wp-content\/uploads\/2023\/07\/660756aadaf3c7e80b3e431d15e6b451044dce86miniw.jpg",800,546,false],"1536x1536":["https:\/\/digital58.com.ve\/site\/wp-content\/uploads\/2023\/07\/660756aadaf3c7e80b3e431d15e6b451044dce86miniw.jpg",899,614,false],"2048x2048":["https:\/\/digital58.com.ve\/site\/wp-content\/uploads\/2023\/07\/660756aadaf3c7e80b3e431d15e6b451044dce86miniw.jpg",899,614,false],"colormag-highlighted-post":["https:\/\/digital58.com.ve\/site\/wp-content\/uploads\/2023\/07\/660756aadaf3c7e80b3e431d15e6b451044dce86miniw-392x272.jpg",392,272,true],"colormag-featured-post-medium":["https:\/\/digital58.com.ve\/site\/wp-content\/uploads\/2023\/07\/660756aadaf3c7e80b3e431d15e6b451044dce86miniw-390x205.jpg",390,205,true],"colormag-featured-post-small":["https:\/\/digital58.com.ve\/site\/wp-content\/uploads\/2023\/07\/660756aadaf3c7e80b3e431d15e6b451044dce86miniw-130x90.jpg",130,90,true],"colormag-featured-image":["https:\/\/digital58.com.ve\/site\/wp-content\/uploads\/2023\/07\/660756aadaf3c7e80b3e431d15e6b451044dce86miniw-800x445.jpg",800,445,true],"colormag-default-news":["https:\/\/digital58.com.ve\/site\/wp-content\/uploads\/2023\/07\/660756aadaf3c7e80b3e431d15e6b451044dce86miniw-150x150.jpg",150,150,true],"colormag-featured-image-large":["https:\/\/digital58.com.ve\/site\/wp-content\/uploads\/2023\/07\/660756aadaf3c7e80b3e431d15e6b451044dce86miniw-899x600.jpg",899,600,true]},"uagb_author_info":{"display_name":"Villasmil Henry","author_link":"https:\/\/digital58.com.ve\/site\/author\/droopy_68\/"},"uagb_comment_info":0,"uagb_excerpt":"La llamada revoluci\u00f3n bolivariana tambi\u00e9n conmemor\u00f3 este lunes el 240 aniversario del natalicio del Libertador Sim\u00f3n Bol\u00edvar y el D\u00eda","_links":{"self":[{"href":"https:\/\/digital58.com.ve\/site\/wp-json\/wp\/v2\/posts\/168846","targetHints":{"allow":["GET"]}}],"collection":[{"href":"https:\/\/digital58.com.ve\/site\/wp-json\/wp\/v2\/posts"}],"about":[{"href":"https:\/\/digital58.com.ve\/site\/wp-json\/wp\/v2\/types\/post"}],"author":[{"embeddable":true,"href":"https:\/\/digital58.com.ve\/site\/wp-json\/wp\/v2\/users\/1"}],"replies":[{"embeddable":true,"href":"https:\/\/digital58.com.ve\/site\/wp-json\/wp\/v2\/comments?post=168846"}],"version-history":[{"count":1,"href":"https:\/\/digital58.com.ve\/site\/wp-json\/wp\/v2\/posts\/168846\/revisions"}],"predecessor-version":[{"id":168848,"href":"https:\/\/digital58.com.ve\/site\/wp-json\/wp\/v2\/posts\/168846\/revisions\/168848"}],"wp:featuredmedia":[{"embeddable":true,"href":"https:\/\/digital58.com.ve\/site\/wp-json\/wp\/v2\/media\/168847"}],"wp:attachment":[{"href":"https:\/\/digital58.com.ve\/site\/wp-json\/wp\/v2\/media?parent=168846"}],"wp:term":[{"taxonomy":"category","embeddable":true,"href":"https:\/\/digital58.com.ve\/site\/wp-json\/wp\/v2\/categories?post=168846"},{"taxonomy":"post_tag","embeddable":true,"href":"https:\/\/digital58.com.ve\/site\/wp-json\/wp\/v2\/tags?post=168846"}],"curies":[{"name":"wp","href":"https:\/\/api.w.org\/{rel}","templated":true}]}}