{"id":168859,"date":"2023-07-26T12:05:56","date_gmt":"2023-07-26T16:05:56","guid":{"rendered":"https:\/\/digital58.com.ve\/site\/?p=168859"},"modified":"2023-07-26T12:05:56","modified_gmt":"2023-07-26T16:05:56","slug":"zulia-mas-de-90-planteles-educativos-de-la-guajira-se-sumaron-al-ix-festival-etnoeduativo-y-cultural-en-paraguaipoa","status":"publish","type":"post","link":"https:\/\/digital58.com.ve\/site\/2023\/07\/26\/zulia-mas-de-90-planteles-educativos-de-la-guajira-se-sumaron-al-ix-festival-etnoeduativo-y-cultural-en-paraguaipoa\/","title":{"rendered":"#Zulia | M\u00e1s de 90 planteles educativos de la Guajira se sumaron al IX Festival Etnoeduativo y Cultural en Paraguaipoa"},"content":{"rendered":"<p><a href=\"https:\/\/digital58.com.ve\/site\/wp-content\/uploads\/2023\/07\/guajira-ve.jpg\"><img loading=\"lazy\" decoding=\"async\" class=\"aligncenter size-full wp-image-168861\" src=\"https:\/\/digital58.com.ve\/site\/wp-content\/uploads\/2023\/07\/guajira-ve.jpg\" alt=\"\" width=\"600\" height=\"800\" srcset=\"https:\/\/digital58.com.ve\/site\/wp-content\/uploads\/2023\/07\/guajira-ve.jpg 600w, https:\/\/digital58.com.ve\/site\/wp-content\/uploads\/2023\/07\/guajira-ve-225x300.jpg 225w\" sizes=\"auto, (max-width: 600px) 100vw, 600px\" \/><\/a><\/p>\n<p>El festival, que ahora se hace por parroquia, se convirti\u00f3 en un aula abierta para propios y extra\u00f1os por todas sus particularidades.<\/p>\n<p><strong>Zulia, Venezuela, 26 de julio de 2023 (ND58).-<\/strong> En el municipio ind\u00edgena Guajira del estado Zulia se llev\u00f3 a cabo con gran \u00e9xito en Paraguaipoa la novena edici\u00f3n del Festival Etnoeducativo y Cultural, evento que revitaliza y fortalece la identidad cultural de los pueblos ind\u00edgenas Way\u00fau y A\u00f1\u00fa, tem\u00e1tica que este a\u00f1o estuvo enfocada en el cambio clim\u00e1tico y sus efectos en la cultura de ambos pueblos.<\/p>\n<p>La alcaldesa Indira Fern\u00e1ndez felicit\u00f3 la alianza escuela-comunidad que permiti\u00f3 una investigaci\u00f3n exhaustiva de los saberes ancestrales por parte de toda una generaci\u00f3n que a\u00f1o tras a\u00f1o impulsa este intercambio cultural de conocimientos propios que atesoran los sabios y sabias ind\u00edgenas y que los comparten con ni\u00f1os y j\u00f3venes.<\/p>\n<p>A su vez, inform\u00f3 a toda la Guajira que desde la Comisi\u00f3n Permanente de Pueblos Ind\u00edgenas, Educaci\u00f3n y Poder Popular del Concejo Municipal y la Alcald\u00eda se propuso que para el pr\u00f3ximo a\u00f1o el festival sea declarado Patrimonio Cultural y Educativo del Pueblo Way\u00fau y A\u00f1\u00fa.<\/p>\n<p><a href=\"https:\/\/digital58.com.ve\/site\/wp-content\/uploads\/2023\/07\/guajira-ve-2.jpg\"><img loading=\"lazy\" decoding=\"async\" class=\"aligncenter size-full wp-image-168860\" src=\"https:\/\/digital58.com.ve\/site\/wp-content\/uploads\/2023\/07\/guajira-ve-2.jpg\" alt=\"\" width=\"800\" height=\"600\" srcset=\"https:\/\/digital58.com.ve\/site\/wp-content\/uploads\/2023\/07\/guajira-ve-2.jpg 800w, https:\/\/digital58.com.ve\/site\/wp-content\/uploads\/2023\/07\/guajira-ve-2-300x225.jpg 300w, https:\/\/digital58.com.ve\/site\/wp-content\/uploads\/2023\/07\/guajira-ve-2-768x576.jpg 768w\" sizes=\"auto, (max-width: 800px) 100vw, 800px\" \/><\/a><\/p>\n<p>\u00abEste festival, que ahora se hace por parroquia, se convirti\u00f3 en un aula abierta para propios y extra\u00f1os por todas sus particularidades; felicitar de manera muy especial la labor del Centro para el Desarrollo de la Calidad Educativa, de todas las escuelas, los docentes, de las Majayu que presentan ante los asistentes todos los conocimientos adquiridos desde el hogar en su formaci\u00f3n, de nuestros sabios y sabias que nos dejaron grandes ense\u00f1anzas en esta edici\u00f3n\u00bb, mencion\u00f3.<\/p>\n<p>Entre los territorios que participaron en el Festival se encuentran Andr\u00e9s Bello, Josefa Hern\u00e1ndez, Kottirawa Sunain Ayatawa, Marleni Cambar, Sim\u00f3n Rodr\u00edguez, Antonio Jos\u00e9 de Sucre, Profesor Vinicio Fern\u00e1ndez, Dr. Bartolo Salas, Mtutchin Andr\u00e9s Bello, Profesora Balgika Fereira, Profesor Albino Gonz\u00e1lez Uliana, Betulio Fern\u00e1ndez y Ricardo Luis Sempr\u00fam, Ram\u00f3n Paz Ipuana y \u00c1ngel Ar\u00e9valo, los cuales agrupan a m\u00e1s de 90 instituciones educativas del municipio.<\/p>\n<p><strong>Redacci\u00f3n ND58 | Fuente: NDP<\/strong><br \/>\n<strong>Edici\u00f3n: Villasmil, Henry<\/strong><br \/>\n<strong>Gr\u00e1fica: Cortes\u00eda<\/strong><\/p>\n<p>&nbsp;<\/p><div class=\"unkch69ef5854a02cb\" ><p style=\"text-align: center;\"><a href=\"https:\/\/t.me\/noticiasdigital58\" target=\"_blank\" rel=\"noopener\"><img class=\"aligncenter size-full wp-image-125363\" src=\"https:\/\/digital58.com.ve\/site\/wp-content\/uploads\/2021\/04\/banner-telegram-web-2021.png\" alt=\"\" width=\"600\" height=\"90\" \/><\/a><\/p><\/div><style type=\"text\/css\">\r\n@media screen and (min-width: 1201px) {\r\n.unkch69ef5854a02cb {\r\ndisplay: block;\r\n}\r\n}\r\n@media screen and (min-width: 993px) and (max-width: 1200px) {\r\n.unkch69ef5854a02cb {\r\ndisplay: block;\r\n}\r\n}\r\n@media screen and (min-width: 769px) and (max-width: 992px) {\r\n.unkch69ef5854a02cb {\r\ndisplay: block;\r\n}\r\n}\r\n@media screen and (min-width: 768px) and (max-width: 768px) {\r\n.unkch69ef5854a02cb {\r\ndisplay: block;\r\n}\r\n}\r\n@media screen and (max-width: 767px) {\r\n.unkch69ef5854a02cb {\r\ndisplay: block;\r\n}\r\n}\r\n<\/style>\r\n\n<p>&nbsp;<\/p>\n<div style=\"margin-top: 0px; margin-bottom: 0px;\" class=\"sharethis-inline-share-buttons\" ><\/div>","protected":false},"excerpt":{"rendered":"<p>El festival, que ahora se hace por parroquia, se convirti\u00f3 en un aula abierta para propios y extra\u00f1os por todas<\/p>\n","protected":false},"author":1,"featured_media":168860,"comment_status":"open","ping_status":"closed","sticky":false,"template":"","format":"standard","meta":{"colormag_page_container_layout":"default_layout","colormag_page_sidebar_layout":"default_layout","_uag_custom_page_level_css":"","footnotes":""},"categories":[14504],"tags":[21019,31738,32017,14301,233,25474,4516,2354,32,4039],"class_list":["post-168859","post","type-post","status-publish","format-standard","has-post-thumbnail","hentry","category-zulia","tag-alcaldesa-indira-fernandez","tag-anu","tag-festival-etnoeducativo-y-cultural","tag-guajira-venezolana","tag-nacionales","tag-paraguaipoa","tag-pueblos-indigenas","tag-regionales","tag-venezuela","tag-wayuu"],"yoast_head":"<!-- This site is optimized with the Yoast SEO plugin v27.4 - https:\/\/yoast.com\/product\/yoast-seo-wordpress\/ -->\n<title>#Zulia | M\u00e1s de 90 planteles educativos de la Guajira se sumaron al IX Festival Etnoeduativo y Cultural en Paraguaipoa<\/title>\n<meta name=\"robots\" content=\"index, follow, max-snippet:-1, max-image-preview:large, max-video-preview:-1\" \/>\n<link rel=\"canonical\" href=\"https:\/\/digital58.com.ve\/site\/2023\/07\/26\/zulia-mas-de-90-planteles-educativos-de-la-guajira-se-sumaron-al-ix-festival-etnoeduativo-y-cultural-en-paraguaipoa\/\" \/>\n<meta property=\"og:locale\" content=\"es_ES\" \/>\n<meta property=\"og:type\" content=\"article\" \/>\n<meta property=\"og:title\" content=\"#Zulia | M\u00e1s de 90 planteles educativos de la Guajira se sumaron al IX Festival Etnoeduativo y Cultural en Paraguaipoa\" \/>\n<meta property=\"og:url\" content=\"https:\/\/digital58.com.ve\/site\/2023\/07\/26\/zulia-mas-de-90-planteles-educativos-de-la-guajira-se-sumaron-al-ix-festival-etnoeduativo-y-cultural-en-paraguaipoa\/\" \/>\n<meta property=\"og:site_name\" content=\"Noticias Digital58\" \/>\n<meta property=\"article:published_time\" content=\"2023-07-26T16:05:56+00:00\" \/>\n<meta property=\"og:image\" content=\"https:\/\/i0.wp.com\/digital58.com.ve\/site\/wp-content\/uploads\/2023\/07\/guajira-ve-2.jpg?fit=800%2C600&ssl=1\" \/>\n\t<meta property=\"og:image:width\" content=\"800\" \/>\n\t<meta property=\"og:image:height\" content=\"600\" \/>\n\t<meta property=\"og:image:type\" content=\"image\/jpeg\" \/>\n<meta name=\"author\" content=\"Villasmil Henry\" \/>\n<meta name=\"twitter:card\" content=\"summary_large_image\" \/>\n<meta name=\"twitter:creator\" content=\"@https:\/\/twitter.com\/villasmilhfoto\" \/>\n<meta name=\"twitter:site\" content=\"@villasmilhfoto\" \/>\n<meta name=\"twitter:label1\" content=\"Escrito por\" \/>\n\t<meta name=\"twitter:data1\" content=\"Villasmil Henry\" \/>\n\t<meta name=\"twitter:label2\" content=\"Tiempo estimado de lectura\" \/>\n\t<meta name=\"twitter:data2\" content=\"2 minutos\" \/>\n<script type=\"application\/ld+json\" class=\"yoast-schema-graph\">{\"@context\":\"https:\\\/\\\/schema.org\",\"@graph\":[{\"@type\":\"Article\",\"@id\":\"https:\\\/\\\/digital58.com.ve\\\/site\\\/2023\\\/07\\\/26\\\/zulia-mas-de-90-planteles-educativos-de-la-guajira-se-sumaron-al-ix-festival-etnoeduativo-y-cultural-en-paraguaipoa\\\/#article\",\"isPartOf\":{\"@id\":\"https:\\\/\\\/digital58.com.ve\\\/site\\\/2023\\\/07\\\/26\\\/zulia-mas-de-90-planteles-educativos-de-la-guajira-se-sumaron-al-ix-festival-etnoeduativo-y-cultural-en-paraguaipoa\\\/\"},\"author\":{\"name\":\"Villasmil Henry\",\"@id\":\"https:\\\/\\\/digital58.com.ve\\\/site\\\/#\\\/schema\\\/person\\\/64d1c2e4d0d4fd1b849980c4331c2951\"},\"headline\":\"#Zulia | M\u00e1s de 90 planteles educativos de la Guajira se sumaron al IX Festival Etnoeduativo y Cultural en Paraguaipoa\",\"datePublished\":\"2023-07-26T16:05:56+00:00\",\"mainEntityOfPage\":{\"@id\":\"https:\\\/\\\/digital58.com.ve\\\/site\\\/2023\\\/07\\\/26\\\/zulia-mas-de-90-planteles-educativos-de-la-guajira-se-sumaron-al-ix-festival-etnoeduativo-y-cultural-en-paraguaipoa\\\/\"},\"wordCount\":395,\"commentCount\":0,\"publisher\":{\"@id\":\"https:\\\/\\\/digital58.com.ve\\\/site\\\/#\\\/schema\\\/person\\\/64d1c2e4d0d4fd1b849980c4331c2951\"},\"image\":{\"@id\":\"https:\\\/\\\/digital58.com.ve\\\/site\\\/2023\\\/07\\\/26\\\/zulia-mas-de-90-planteles-educativos-de-la-guajira-se-sumaron-al-ix-festival-etnoeduativo-y-cultural-en-paraguaipoa\\\/#primaryimage\"},\"thumbnailUrl\":\"https:\\\/\\\/digital58.com.ve\\\/site\\\/wp-content\\\/uploads\\\/2023\\\/07\\\/guajira-ve-2.jpg\",\"keywords\":[\"Alcaldesa Indira Fern\u00e1ndez\",\"A\u00f1\u00fa\",\"Festival Etnoeducativo y Cultural\",\"Guajira Venezolana\",\"Nacionales\",\"Paraguaipoa\",\"Pueblos Indigenas\",\"Regionales\",\"Venezuela\",\"Wayuu\"],\"articleSection\":[\"Zulia\"],\"inLanguage\":\"es\",\"potentialAction\":[{\"@type\":\"CommentAction\",\"name\":\"Comment\",\"target\":[\"https:\\\/\\\/digital58.com.ve\\\/site\\\/2023\\\/07\\\/26\\\/zulia-mas-de-90-planteles-educativos-de-la-guajira-se-sumaron-al-ix-festival-etnoeduativo-y-cultural-en-paraguaipoa\\\/#respond\"]}]},{\"@type\":\"WebPage\",\"@id\":\"https:\\\/\\\/digital58.com.ve\\\/site\\\/2023\\\/07\\\/26\\\/zulia-mas-de-90-planteles-educativos-de-la-guajira-se-sumaron-al-ix-festival-etnoeduativo-y-cultural-en-paraguaipoa\\\/\",\"url\":\"https:\\\/\\\/digital58.com.ve\\\/site\\\/2023\\\/07\\\/26\\\/zulia-mas-de-90-planteles-educativos-de-la-guajira-se-sumaron-al-ix-festival-etnoeduativo-y-cultural-en-paraguaipoa\\\/\",\"name\":\"#Zulia | M\u00e1s de 90 planteles educativos de la Guajira se sumaron al IX Festival Etnoeduativo y Cultural en Paraguaipoa\",\"isPartOf\":{\"@id\":\"https:\\\/\\\/digital58.com.ve\\\/site\\\/#website\"},\"primaryImageOfPage\":{\"@id\":\"https:\\\/\\\/digital58.com.ve\\\/site\\\/2023\\\/07\\\/26\\\/zulia-mas-de-90-planteles-educativos-de-la-guajira-se-sumaron-al-ix-festival-etnoeduativo-y-cultural-en-paraguaipoa\\\/#primaryimage\"},\"image\":{\"@id\":\"https:\\\/\\\/digital58.com.ve\\\/site\\\/2023\\\/07\\\/26\\\/zulia-mas-de-90-planteles-educativos-de-la-guajira-se-sumaron-al-ix-festival-etnoeduativo-y-cultural-en-paraguaipoa\\\/#primaryimage\"},\"thumbnailUrl\":\"https:\\\/\\\/digital58.com.ve\\\/site\\\/wp-content\\\/uploads\\\/2023\\\/07\\\/guajira-ve-2.jpg\",\"datePublished\":\"2023-07-26T16:05:56+00:00\",\"breadcrumb\":{\"@id\":\"https:\\\/\\\/digital58.com.ve\\\/site\\\/2023\\\/07\\\/26\\\/zulia-mas-de-90-planteles-educativos-de-la-guajira-se-sumaron-al-ix-festival-etnoeduativo-y-cultural-en-paraguaipoa\\\/#breadcrumb\"},\"inLanguage\":\"es\",\"potentialAction\":[{\"@type\":\"ReadAction\",\"target\":[\"https:\\\/\\\/digital58.com.ve\\\/site\\\/2023\\\/07\\\/26\\\/zulia-mas-de-90-planteles-educativos-de-la-guajira-se-sumaron-al-ix-festival-etnoeduativo-y-cultural-en-paraguaipoa\\\/\"]}]},{\"@type\":\"ImageObject\",\"inLanguage\":\"es\",\"@id\":\"https:\\\/\\\/digital58.com.ve\\\/site\\\/2023\\\/07\\\/26\\\/zulia-mas-de-90-planteles-educativos-de-la-guajira-se-sumaron-al-ix-festival-etnoeduativo-y-cultural-en-paraguaipoa\\\/#primaryimage\",\"url\":\"https:\\\/\\\/digital58.com.ve\\\/site\\\/wp-content\\\/uploads\\\/2023\\\/07\\\/guajira-ve-2.jpg\",\"contentUrl\":\"https:\\\/\\\/digital58.com.ve\\\/site\\\/wp-content\\\/uploads\\\/2023\\\/07\\\/guajira-ve-2.jpg\",\"width\":800,\"height\":600},{\"@type\":\"BreadcrumbList\",\"@id\":\"https:\\\/\\\/digital58.com.ve\\\/site\\\/2023\\\/07\\\/26\\\/zulia-mas-de-90-planteles-educativos-de-la-guajira-se-sumaron-al-ix-festival-etnoeduativo-y-cultural-en-paraguaipoa\\\/#breadcrumb\",\"itemListElement\":[{\"@type\":\"ListItem\",\"position\":1,\"name\":\"Home\",\"item\":\"https:\\\/\\\/digital58.com.ve\\\/site\\\/\"},{\"@type\":\"ListItem\",\"position\":2,\"name\":\"#Zulia | M\u00e1s de 90 planteles educativos de la Guajira se sumaron al IX Festival Etnoeduativo y Cultural en Paraguaipoa\"}]},{\"@type\":\"WebSite\",\"@id\":\"https:\\\/\\\/digital58.com.ve\\\/site\\\/#website\",\"url\":\"https:\\\/\\\/digital58.com.ve\\\/site\\\/\",\"name\":\"Noticias Digital58\",\"description\":\"Portal de Noticias \u00a1Periodismo web de verdad! Lanzamiento web 22.11.2005 \\\/ Maracaibo, Venezuela\",\"publisher\":{\"@id\":\"https:\\\/\\\/digital58.com.ve\\\/site\\\/#\\\/schema\\\/person\\\/64d1c2e4d0d4fd1b849980c4331c2951\"},\"alternateName\":\"ND58\",\"potentialAction\":[{\"@type\":\"SearchAction\",\"target\":{\"@type\":\"EntryPoint\",\"urlTemplate\":\"https:\\\/\\\/digital58.com.ve\\\/site\\\/?s={search_term_string}\"},\"query-input\":{\"@type\":\"PropertyValueSpecification\",\"valueRequired\":true,\"valueName\":\"search_term_string\"}}],\"inLanguage\":\"es\"},{\"@type\":[\"Person\",\"Organization\"],\"@id\":\"https:\\\/\\\/digital58.com.ve\\\/site\\\/#\\\/schema\\\/person\\\/64d1c2e4d0d4fd1b849980c4331c2951\",\"name\":\"Villasmil Henry\",\"image\":{\"@type\":\"ImageObject\",\"inLanguage\":\"es\",\"@id\":\"https:\\\/\\\/secure.gravatar.com\\\/avatar\\\/bb0c4a2fcb7970138239f7e404ea75757b1b507b28b5ce4c53fbd62d797c5a7c?s=96&d=mm&r=g\",\"url\":\"https:\\\/\\\/secure.gravatar.com\\\/avatar\\\/bb0c4a2fcb7970138239f7e404ea75757b1b507b28b5ce4c53fbd62d797c5a7c?s=96&d=mm&r=g\",\"contentUrl\":\"https:\\\/\\\/secure.gravatar.com\\\/avatar\\\/bb0c4a2fcb7970138239f7e404ea75757b1b507b28b5ce4c53fbd62d797c5a7c?s=96&d=mm&r=g\",\"caption\":\"Villasmil Henry\"},\"logo\":{\"@id\":\"https:\\\/\\\/secure.gravatar.com\\\/avatar\\\/bb0c4a2fcb7970138239f7e404ea75757b1b507b28b5ce4c53fbd62d797c5a7c?s=96&d=mm&r=g\"},\"sameAs\":[\"http:\\\/\\\/www.henryvillasmil.com.ve\",\"https:\\\/\\\/www.instagram.com\\\/villasmilhfoto\\\/\",\"https:\\\/\\\/x.com\\\/https:\\\/\\\/twitter.com\\\/villasmilhfoto\"],\"url\":\"https:\\\/\\\/digital58.com.ve\\\/site\\\/author\\\/droopy_68\\\/\"}]}<\/script>\n<!-- \/ Yoast SEO plugin. -->","yoast_head_json":{"title":"#Zulia | M\u00e1s de 90 planteles educativos de la Guajira se sumaron al IX Festival Etnoeduativo y Cultural en Paraguaipoa","robots":{"index":"index","follow":"follow","max-snippet":"max-snippet:-1","max-image-preview":"max-image-preview:large","max-video-preview":"max-video-preview:-1"},"canonical":"https:\/\/digital58.com.ve\/site\/2023\/07\/26\/zulia-mas-de-90-planteles-educativos-de-la-guajira-se-sumaron-al-ix-festival-etnoeduativo-y-cultural-en-paraguaipoa\/","og_locale":"es_ES","og_type":"article","og_title":"#Zulia | M\u00e1s de 90 planteles educativos de la Guajira se sumaron al IX Festival Etnoeduativo y Cultural en Paraguaipoa","og_url":"https:\/\/digital58.com.ve\/site\/2023\/07\/26\/zulia-mas-de-90-planteles-educativos-de-la-guajira-se-sumaron-al-ix-festival-etnoeduativo-y-cultural-en-paraguaipoa\/","og_site_name":"Noticias Digital58","article_published_time":"2023-07-26T16:05:56+00:00","og_image":[{"width":800,"height":600,"url":"https:\/\/i0.wp.com\/digital58.com.ve\/site\/wp-content\/uploads\/2023\/07\/guajira-ve-2.jpg?fit=800%2C600&ssl=1","type":"image\/jpeg"}],"author":"Villasmil Henry","twitter_card":"summary_large_image","twitter_creator":"@https:\/\/twitter.com\/villasmilhfoto","twitter_site":"@villasmilhfoto","twitter_misc":{"Escrito por":"Villasmil Henry","Tiempo estimado de lectura":"2 minutos"},"schema":{"@context":"https:\/\/schema.org","@graph":[{"@type":"Article","@id":"https:\/\/digital58.com.ve\/site\/2023\/07\/26\/zulia-mas-de-90-planteles-educativos-de-la-guajira-se-sumaron-al-ix-festival-etnoeduativo-y-cultural-en-paraguaipoa\/#article","isPartOf":{"@id":"https:\/\/digital58.com.ve\/site\/2023\/07\/26\/zulia-mas-de-90-planteles-educativos-de-la-guajira-se-sumaron-al-ix-festival-etnoeduativo-y-cultural-en-paraguaipoa\/"},"author":{"name":"Villasmil Henry","@id":"https:\/\/digital58.com.ve\/site\/#\/schema\/person\/64d1c2e4d0d4fd1b849980c4331c2951"},"headline":"#Zulia | M\u00e1s de 90 planteles educativos de la Guajira se sumaron al IX Festival Etnoeduativo y Cultural en Paraguaipoa","datePublished":"2023-07-26T16:05:56+00:00","mainEntityOfPage":{"@id":"https:\/\/digital58.com.ve\/site\/2023\/07\/26\/zulia-mas-de-90-planteles-educativos-de-la-guajira-se-sumaron-al-ix-festival-etnoeduativo-y-cultural-en-paraguaipoa\/"},"wordCount":395,"commentCount":0,"publisher":{"@id":"https:\/\/digital58.com.ve\/site\/#\/schema\/person\/64d1c2e4d0d4fd1b849980c4331c2951"},"image":{"@id":"https:\/\/digital58.com.ve\/site\/2023\/07\/26\/zulia-mas-de-90-planteles-educativos-de-la-guajira-se-sumaron-al-ix-festival-etnoeduativo-y-cultural-en-paraguaipoa\/#primaryimage"},"thumbnailUrl":"https:\/\/digital58.com.ve\/site\/wp-content\/uploads\/2023\/07\/guajira-ve-2.jpg","keywords":["Alcaldesa Indira Fern\u00e1ndez","A\u00f1\u00fa","Festival Etnoeducativo y Cultural","Guajira Venezolana","Nacionales","Paraguaipoa","Pueblos Indigenas","Regionales","Venezuela","Wayuu"],"articleSection":["Zulia"],"inLanguage":"es","potentialAction":[{"@type":"CommentAction","name":"Comment","target":["https:\/\/digital58.com.ve\/site\/2023\/07\/26\/zulia-mas-de-90-planteles-educativos-de-la-guajira-se-sumaron-al-ix-festival-etnoeduativo-y-cultural-en-paraguaipoa\/#respond"]}]},{"@type":"WebPage","@id":"https:\/\/digital58.com.ve\/site\/2023\/07\/26\/zulia-mas-de-90-planteles-educativos-de-la-guajira-se-sumaron-al-ix-festival-etnoeduativo-y-cultural-en-paraguaipoa\/","url":"https:\/\/digital58.com.ve\/site\/2023\/07\/26\/zulia-mas-de-90-planteles-educativos-de-la-guajira-se-sumaron-al-ix-festival-etnoeduativo-y-cultural-en-paraguaipoa\/","name":"#Zulia | M\u00e1s de 90 planteles educativos de la Guajira se sumaron al IX Festival Etnoeduativo y Cultural en Paraguaipoa","isPartOf":{"@id":"https:\/\/digital58.com.ve\/site\/#website"},"primaryImageOfPage":{"@id":"https:\/\/digital58.com.ve\/site\/2023\/07\/26\/zulia-mas-de-90-planteles-educativos-de-la-guajira-se-sumaron-al-ix-festival-etnoeduativo-y-cultural-en-paraguaipoa\/#primaryimage"},"image":{"@id":"https:\/\/digital58.com.ve\/site\/2023\/07\/26\/zulia-mas-de-90-planteles-educativos-de-la-guajira-se-sumaron-al-ix-festival-etnoeduativo-y-cultural-en-paraguaipoa\/#primaryimage"},"thumbnailUrl":"https:\/\/digital58.com.ve\/site\/wp-content\/uploads\/2023\/07\/guajira-ve-2.jpg","datePublished":"2023-07-26T16:05:56+00:00","breadcrumb":{"@id":"https:\/\/digital58.com.ve\/site\/2023\/07\/26\/zulia-mas-de-90-planteles-educativos-de-la-guajira-se-sumaron-al-ix-festival-etnoeduativo-y-cultural-en-paraguaipoa\/#breadcrumb"},"inLanguage":"es","potentialAction":[{"@type":"ReadAction","target":["https:\/\/digital58.com.ve\/site\/2023\/07\/26\/zulia-mas-de-90-planteles-educativos-de-la-guajira-se-sumaron-al-ix-festival-etnoeduativo-y-cultural-en-paraguaipoa\/"]}]},{"@type":"ImageObject","inLanguage":"es","@id":"https:\/\/digital58.com.ve\/site\/2023\/07\/26\/zulia-mas-de-90-planteles-educativos-de-la-guajira-se-sumaron-al-ix-festival-etnoeduativo-y-cultural-en-paraguaipoa\/#primaryimage","url":"https:\/\/digital58.com.ve\/site\/wp-content\/uploads\/2023\/07\/guajira-ve-2.jpg","contentUrl":"https:\/\/digital58.com.ve\/site\/wp-content\/uploads\/2023\/07\/guajira-ve-2.jpg","width":800,"height":600},{"@type":"BreadcrumbList","@id":"https:\/\/digital58.com.ve\/site\/2023\/07\/26\/zulia-mas-de-90-planteles-educativos-de-la-guajira-se-sumaron-al-ix-festival-etnoeduativo-y-cultural-en-paraguaipoa\/#breadcrumb","itemListElement":[{"@type":"ListItem","position":1,"name":"Home","item":"https:\/\/digital58.com.ve\/site\/"},{"@type":"ListItem","position":2,"name":"#Zulia | M\u00e1s de 90 planteles educativos de la Guajira se sumaron al IX Festival Etnoeduativo y Cultural en Paraguaipoa"}]},{"@type":"WebSite","@id":"https:\/\/digital58.com.ve\/site\/#website","url":"https:\/\/digital58.com.ve\/site\/","name":"Noticias Digital58","description":"Portal de Noticias \u00a1Periodismo web de verdad! Lanzamiento web 22.11.2005 \/ Maracaibo, Venezuela","publisher":{"@id":"https:\/\/digital58.com.ve\/site\/#\/schema\/person\/64d1c2e4d0d4fd1b849980c4331c2951"},"alternateName":"ND58","potentialAction":[{"@type":"SearchAction","target":{"@type":"EntryPoint","urlTemplate":"https:\/\/digital58.com.ve\/site\/?s={search_term_string}"},"query-input":{"@type":"PropertyValueSpecification","valueRequired":true,"valueName":"search_term_string"}}],"inLanguage":"es"},{"@type":["Person","Organization"],"@id":"https:\/\/digital58.com.ve\/site\/#\/schema\/person\/64d1c2e4d0d4fd1b849980c4331c2951","name":"Villasmil Henry","image":{"@type":"ImageObject","inLanguage":"es","@id":"https:\/\/secure.gravatar.com\/avatar\/bb0c4a2fcb7970138239f7e404ea75757b1b507b28b5ce4c53fbd62d797c5a7c?s=96&d=mm&r=g","url":"https:\/\/secure.gravatar.com\/avatar\/bb0c4a2fcb7970138239f7e404ea75757b1b507b28b5ce4c53fbd62d797c5a7c?s=96&d=mm&r=g","contentUrl":"https:\/\/secure.gravatar.com\/avatar\/bb0c4a2fcb7970138239f7e404ea75757b1b507b28b5ce4c53fbd62d797c5a7c?s=96&d=mm&r=g","caption":"Villasmil Henry"},"logo":{"@id":"https:\/\/secure.gravatar.com\/avatar\/bb0c4a2fcb7970138239f7e404ea75757b1b507b28b5ce4c53fbd62d797c5a7c?s=96&d=mm&r=g"},"sameAs":["http:\/\/www.henryvillasmil.com.ve","https:\/\/www.instagram.com\/villasmilhfoto\/","https:\/\/x.com\/https:\/\/twitter.com\/villasmilhfoto"],"url":"https:\/\/digital58.com.ve\/site\/author\/droopy_68\/"}]}},"uagb_featured_image_src":{"full":["https:\/\/digital58.com.ve\/site\/wp-content\/uploads\/2023\/07\/guajira-ve-2.jpg",800,600,false],"thumbnail":["https:\/\/digital58.com.ve\/site\/wp-content\/uploads\/2023\/07\/guajira-ve-2-150x150.jpg",150,150,true],"medium":["https:\/\/digital58.com.ve\/site\/wp-content\/uploads\/2023\/07\/guajira-ve-2-300x225.jpg",300,225,true],"medium_large":["https:\/\/digital58.com.ve\/site\/wp-content\/uploads\/2023\/07\/guajira-ve-2-768x576.jpg",768,576,true],"large":["https:\/\/digital58.com.ve\/site\/wp-content\/uploads\/2023\/07\/guajira-ve-2.jpg",800,600,false],"1536x1536":["https:\/\/digital58.com.ve\/site\/wp-content\/uploads\/2023\/07\/guajira-ve-2.jpg",800,600,false],"2048x2048":["https:\/\/digital58.com.ve\/site\/wp-content\/uploads\/2023\/07\/guajira-ve-2.jpg",800,600,false],"colormag-highlighted-post":["https:\/\/digital58.com.ve\/site\/wp-content\/uploads\/2023\/07\/guajira-ve-2-392x272.jpg",392,272,true],"colormag-featured-post-medium":["https:\/\/digital58.com.ve\/site\/wp-content\/uploads\/2023\/07\/guajira-ve-2-390x205.jpg",390,205,true],"colormag-featured-post-small":["https:\/\/digital58.com.ve\/site\/wp-content\/uploads\/2023\/07\/guajira-ve-2-130x90.jpg",130,90,true],"colormag-featured-image":["https:\/\/digital58.com.ve\/site\/wp-content\/uploads\/2023\/07\/guajira-ve-2-800x445.jpg",800,445,true],"colormag-default-news":["https:\/\/digital58.com.ve\/site\/wp-content\/uploads\/2023\/07\/guajira-ve-2-150x150.jpg",150,150,true],"colormag-featured-image-large":["https:\/\/digital58.com.ve\/site\/wp-content\/uploads\/2023\/07\/guajira-ve-2.jpg",800,600,false]},"uagb_author_info":{"display_name":"Villasmil Henry","author_link":"https:\/\/digital58.com.ve\/site\/author\/droopy_68\/"},"uagb_comment_info":0,"uagb_excerpt":"El festival, que ahora se hace por parroquia, se convirti\u00f3 en un aula abierta para propios y extra\u00f1os por todas","_links":{"self":[{"href":"https:\/\/digital58.com.ve\/site\/wp-json\/wp\/v2\/posts\/168859","targetHints":{"allow":["GET"]}}],"collection":[{"href":"https:\/\/digital58.com.ve\/site\/wp-json\/wp\/v2\/posts"}],"about":[{"href":"https:\/\/digital58.com.ve\/site\/wp-json\/wp\/v2\/types\/post"}],"author":[{"embeddable":true,"href":"https:\/\/digital58.com.ve\/site\/wp-json\/wp\/v2\/users\/1"}],"replies":[{"embeddable":true,"href":"https:\/\/digital58.com.ve\/site\/wp-json\/wp\/v2\/comments?post=168859"}],"version-history":[{"count":1,"href":"https:\/\/digital58.com.ve\/site\/wp-json\/wp\/v2\/posts\/168859\/revisions"}],"predecessor-version":[{"id":168862,"href":"https:\/\/digital58.com.ve\/site\/wp-json\/wp\/v2\/posts\/168859\/revisions\/168862"}],"wp:featuredmedia":[{"embeddable":true,"href":"https:\/\/digital58.com.ve\/site\/wp-json\/wp\/v2\/media\/168860"}],"wp:attachment":[{"href":"https:\/\/digital58.com.ve\/site\/wp-json\/wp\/v2\/media?parent=168859"}],"wp:term":[{"taxonomy":"category","embeddable":true,"href":"https:\/\/digital58.com.ve\/site\/wp-json\/wp\/v2\/categories?post=168859"},{"taxonomy":"post_tag","embeddable":true,"href":"https:\/\/digital58.com.ve\/site\/wp-json\/wp\/v2\/tags?post=168859"}],"curies":[{"name":"wp","href":"https:\/\/api.w.org\/{rel}","templated":true}]}}