{"id":168863,"date":"2023-07-26T12:12:15","date_gmt":"2023-07-26T16:12:15","guid":{"rendered":"https:\/\/digital58.com.ve\/site\/?p=168863"},"modified":"2023-07-26T12:12:15","modified_gmt":"2023-07-26T16:12:15","slug":"la-batalla-naval-del-lago-de-maracaibo-200-anos-de-un-legado-historico","status":"publish","type":"post","link":"https:\/\/digital58.com.ve\/site\/2023\/07\/26\/la-batalla-naval-del-lago-de-maracaibo-200-anos-de-un-legado-historico\/","title":{"rendered":"La Batalla Naval del Lago de Maracaibo: 200 a\u00f1os de un legado \u00a1hist\u00f3rico!"},"content":{"rendered":"<p><a href=\"https:\/\/digital58.com.ve\/site\/wp-content\/uploads\/2023\/07\/WhatsApp-Image-2023-07-24-at-9.45.06-AM.jpeg\"><img loading=\"lazy\" decoding=\"async\" class=\"aligncenter size-full wp-image-168864\" src=\"https:\/\/digital58.com.ve\/site\/wp-content\/uploads\/2023\/07\/WhatsApp-Image-2023-07-24-at-9.45.06-AM.jpeg\" alt=\"\" width=\"750\" height=\"390\" srcset=\"https:\/\/digital58.com.ve\/site\/wp-content\/uploads\/2023\/07\/WhatsApp-Image-2023-07-24-at-9.45.06-AM.jpeg 750w, https:\/\/digital58.com.ve\/site\/wp-content\/uploads\/2023\/07\/WhatsApp-Image-2023-07-24-at-9.45.06-AM-300x156.jpeg 300w\" sizes=\"auto, (max-width: 750px) 100vw, 750px\" \/><\/a><\/p>\n<p>Hace 200 a\u00f1os, Venezuela presenci\u00f3 una batalla \u00e9pica en el Lago de Maracaibo que marc\u00f3 un hito \u00fanico en la historia que fu\u00e9 la definitiva Capitulaci\u00f3n de los realistas y la salida de nuestras tierras con la clara realidad del vencido que no volver\u00eda a atreverse a tomar parte en ella.<\/p>\n<p><strong>Maracaibo, Zulia, Venezuela, 26 de julio de 2023 (ND58).-<\/strong> Hoy, en medio de los desaf\u00edos pol\u00edticos que enfrenta el pa\u00eds, es importante recordar \u00e9ste evento y reflexionar sobre su relevancia en el contexto actual y de lo que desde el Zulia hemos realizado ante la necesidad de vencer y vencernos a nosotros mismos para salir adelante ante la destrucci\u00f3n sufrida.<\/p>\n<p>En aquel entonces, la batalla fu\u00e9 una lucha por la necesidad primaria de poder afianzar el triunfo logrado en Carabobo. Era imperante sacar a Morales de estas tierras con sus ejercitos y as\u00ed asegurar posiciones definitivas y estrat\u00e9gicas para vencer del todo a los espa\u00f1oles.<\/p>\n<p>Hoy como ayer, nosotros tambi\u00e9n debemos perseverar en la defensa de nuestros derechos y principios democr\u00e1ticos. Necesitamos afianzar nuevas posiciones y caminos de futuro que nos permitan transitar por recatar nuevos escenarios del desarrollo y modernidad que requerimos para alcanzar toda esa potencia productiva que somos capaces de generar.<\/p>\n<p>La Batalla Naval del Lago, nos ense\u00f1a la importancia de la unidad y la determinaci\u00f3n ante las adversidades por muy dif\u00edciles que sean. Enfrentaron nuestros patriotas a una poderosa flota enemiga, liderados por el Almirante Jos\u00e9 Prudencio Padilla, demostrando un coraje y determinaci\u00f3n por el objetivo que les permiti\u00f3 lograr catapultar la obra de la definitiva Victoria Independentista.<\/p>\n<p>Hoy, enfrentamos desaf\u00edos pol\u00edticos complejos que requieren un esp\u00edritu similar de valent\u00eda y determinaci\u00f3n. Es fundamental recordar los valores que nos inspiran como naci\u00f3n, de justicia, igualdad y respeto a los derechos humanos.<\/p>\n<p>La batalla del pasado nos recuerda que, a pesar de las dificultades, siempre hay esperanza y oportunidad por el futuro y avanzar en cambios requeridos para enfrentarlos. La historia nos demuestra una vez m\u00e1s que la uni\u00f3n es fundamental para ello.<\/p>\n<p>La Batalla Naval del Lago sigue siendo un s\u00edmbolo de valent\u00eda y determinaci\u00f3n en tiempos pol\u00edticos dif\u00edciles, que sigue invit\u00e1ndonos a reflexionar sobre nuestra responsabilidad como ciudadanos en la determinaci\u00f3n que deberemos mantener si queremos desafiar los retos cara al futuro. Somos nosotros mismos los que deberemos abordar nuestras propias naves y afianzarnos en estrategias que nos permitan construir primero, el Zulia que deseamos y merecemos y con ello ayudar a impulsar una Venezuela cara a un futuro regenerador de nuevos desarrollos y oportunidades que nos permitan transitar el futuro de un mundo que nos espera.<\/p>\n<p>La Batalla que conmemoramos hoy, 200 a\u00f1os despu\u00e9s, nos recuerda que somos capaces cuando as\u00ed lo queremos, de lograr vencer lo inalcanzable y vencer lo imposible. Pues en nuestros cuerpos sigue corriendo esa maravillosa sangre de sabernos parte de una patria que nos espera siempre&#8230;\u00a1Viva la Batalla Naval del Lago!<\/p>\n<p>Mantengamos viva la memoria de aquellos que lucharon por nuestra libertad y trabajemos juntos para alcanzar un futuro mejor.<\/p>\n<p>Sigamos hablando de esos patriotas que expusieron sus vidas para sellar con ese triunfo en el coraz\u00f3n de nuestro Lago la definitiva independencia de,Venezuela, pero hagamos tambi\u00e9n lo que ellos hicieron conformando esa f\u00e9rrea unidas que tanta falta le hace al pa\u00eds para superar el estado de cosas que ha producido la d\u00ed\u00e1spora m\u00e1s grande que naci\u00f3n alguna haya podido experimentar a lo largo de la historia.<\/p>\n<p><strong>Por Iraida Villasmil, Legisladora y Presidente del CLEZ<\/strong><br \/>\n<strong>Edici\u00f3n. Villasmil, Henry<\/strong><br \/>\n<strong>Gr\u00e1fica: Cortes\u00eda<\/strong><\/p>\n<p>&nbsp;<\/p><div class=\"curst69ef41d8a23be\" ><p style=\"text-align: center;\"><a href=\"https:\/\/t.me\/noticiasdigital58\" target=\"_blank\" rel=\"noopener\"><img class=\"aligncenter size-full wp-image-125363\" src=\"https:\/\/digital58.com.ve\/site\/wp-content\/uploads\/2021\/04\/banner-telegram-web-2021.png\" alt=\"\" width=\"600\" height=\"90\" \/><\/a><\/p><\/div><style type=\"text\/css\">\r\n@media screen and (min-width: 1201px) {\r\n.curst69ef41d8a23be {\r\ndisplay: block;\r\n}\r\n}\r\n@media screen and (min-width: 993px) and (max-width: 1200px) {\r\n.curst69ef41d8a23be {\r\ndisplay: block;\r\n}\r\n}\r\n@media screen and (min-width: 769px) and (max-width: 992px) {\r\n.curst69ef41d8a23be {\r\ndisplay: block;\r\n}\r\n}\r\n@media screen and (min-width: 768px) and (max-width: 768px) {\r\n.curst69ef41d8a23be {\r\ndisplay: block;\r\n}\r\n}\r\n@media screen and (max-width: 767px) {\r\n.curst69ef41d8a23be {\r\ndisplay: block;\r\n}\r\n}\r\n<\/style>\r\n\n<p>&nbsp;<\/p>\n<div style=\"margin-top: 0px; margin-bottom: 0px;\" class=\"sharethis-inline-share-buttons\" ><\/div>","protected":false},"excerpt":{"rendered":"<p>Hace 200 a\u00f1os, Venezuela presenci\u00f3 una batalla \u00e9pica en el Lago de Maracaibo que marc\u00f3 un hito \u00fanico en la<\/p>\n","protected":false},"author":1,"featured_media":168864,"comment_status":"open","ping_status":"closed","sticky":false,"template":"","format":"standard","meta":{"colormag_page_container_layout":"default_layout","colormag_page_sidebar_layout":"default_layout","_uag_custom_page_level_css":"","footnotes":""},"categories":[17493],"tags":[8534,3475,22593,73,233,2354,32,761],"class_list":["post-168863","post","type-post","status-publish","format-standard","has-post-thumbnail","hentry","category-opinion-editorial","tag-batalla-naval-del-lago-de-maracaibo","tag-clez","tag-iraida-villasmil","tag-maracaibo","tag-nacionales","tag-regionales","tag-venezuela","tag-zulia"],"yoast_head":"<!-- This site is optimized with the Yoast SEO plugin v27.4 - https:\/\/yoast.com\/product\/yoast-seo-wordpress\/ -->\n<title>La Batalla Naval del Lago de Maracaibo: 200 a\u00f1os de un legado \u00a1hist\u00f3rico!<\/title>\n<meta name=\"robots\" content=\"index, follow, max-snippet:-1, max-image-preview:large, max-video-preview:-1\" \/>\n<link rel=\"canonical\" href=\"https:\/\/digital58.com.ve\/site\/2023\/07\/26\/la-batalla-naval-del-lago-de-maracaibo-200-anos-de-un-legado-historico\/\" \/>\n<meta property=\"og:locale\" content=\"es_ES\" \/>\n<meta property=\"og:type\" content=\"article\" \/>\n<meta property=\"og:title\" content=\"La Batalla Naval del Lago de Maracaibo: 200 a\u00f1os de un legado \u00a1hist\u00f3rico!\" \/>\n<meta property=\"og:url\" content=\"https:\/\/digital58.com.ve\/site\/2023\/07\/26\/la-batalla-naval-del-lago-de-maracaibo-200-anos-de-un-legado-historico\/\" \/>\n<meta property=\"og:site_name\" content=\"Noticias Digital58\" \/>\n<meta property=\"article:published_time\" content=\"2023-07-26T16:12:15+00:00\" \/>\n<meta property=\"og:image\" content=\"https:\/\/i0.wp.com\/digital58.com.ve\/site\/wp-content\/uploads\/2023\/07\/WhatsApp-Image-2023-07-24-at-9.45.06-AM.jpeg?fit=750%2C390&ssl=1\" \/>\n\t<meta property=\"og:image:width\" content=\"750\" \/>\n\t<meta property=\"og:image:height\" content=\"390\" \/>\n\t<meta property=\"og:image:type\" content=\"image\/jpeg\" \/>\n<meta name=\"author\" content=\"Villasmil Henry\" \/>\n<meta name=\"twitter:card\" content=\"summary_large_image\" \/>\n<meta name=\"twitter:creator\" content=\"@https:\/\/twitter.com\/villasmilhfoto\" \/>\n<meta name=\"twitter:site\" content=\"@villasmilhfoto\" \/>\n<meta name=\"twitter:label1\" content=\"Escrito por\" \/>\n\t<meta name=\"twitter:data1\" content=\"Villasmil Henry\" \/>\n\t<meta name=\"twitter:label2\" content=\"Tiempo estimado de lectura\" \/>\n\t<meta name=\"twitter:data2\" content=\"3 minutos\" \/>\n<script type=\"application\/ld+json\" class=\"yoast-schema-graph\">{\"@context\":\"https:\\\/\\\/schema.org\",\"@graph\":[{\"@type\":\"Article\",\"@id\":\"https:\\\/\\\/digital58.com.ve\\\/site\\\/2023\\\/07\\\/26\\\/la-batalla-naval-del-lago-de-maracaibo-200-anos-de-un-legado-historico\\\/#article\",\"isPartOf\":{\"@id\":\"https:\\\/\\\/digital58.com.ve\\\/site\\\/2023\\\/07\\\/26\\\/la-batalla-naval-del-lago-de-maracaibo-200-anos-de-un-legado-historico\\\/\"},\"author\":{\"name\":\"Villasmil Henry\",\"@id\":\"https:\\\/\\\/digital58.com.ve\\\/site\\\/#\\\/schema\\\/person\\\/64d1c2e4d0d4fd1b849980c4331c2951\"},\"headline\":\"La Batalla Naval del Lago de Maracaibo: 200 a\u00f1os de un legado \u00a1hist\u00f3rico!\",\"datePublished\":\"2023-07-26T16:12:15+00:00\",\"mainEntityOfPage\":{\"@id\":\"https:\\\/\\\/digital58.com.ve\\\/site\\\/2023\\\/07\\\/26\\\/la-batalla-naval-del-lago-de-maracaibo-200-anos-de-un-legado-historico\\\/\"},\"wordCount\":639,\"commentCount\":0,\"publisher\":{\"@id\":\"https:\\\/\\\/digital58.com.ve\\\/site\\\/#\\\/schema\\\/person\\\/64d1c2e4d0d4fd1b849980c4331c2951\"},\"image\":{\"@id\":\"https:\\\/\\\/digital58.com.ve\\\/site\\\/2023\\\/07\\\/26\\\/la-batalla-naval-del-lago-de-maracaibo-200-anos-de-un-legado-historico\\\/#primaryimage\"},\"thumbnailUrl\":\"https:\\\/\\\/digital58.com.ve\\\/site\\\/wp-content\\\/uploads\\\/2023\\\/07\\\/WhatsApp-Image-2023-07-24-at-9.45.06-AM.jpeg\",\"keywords\":[\"Batalla Naval del Lago de Maracaibo\",\"Clez\",\"Iraida Villasmil\",\"Maracaibo\",\"Nacionales\",\"Regionales\",\"Venezuela\",\"Zulia\"],\"articleSection\":[\"Opini\u00f3n-Editorial\"],\"inLanguage\":\"es\",\"potentialAction\":[{\"@type\":\"CommentAction\",\"name\":\"Comment\",\"target\":[\"https:\\\/\\\/digital58.com.ve\\\/site\\\/2023\\\/07\\\/26\\\/la-batalla-naval-del-lago-de-maracaibo-200-anos-de-un-legado-historico\\\/#respond\"]}]},{\"@type\":\"WebPage\",\"@id\":\"https:\\\/\\\/digital58.com.ve\\\/site\\\/2023\\\/07\\\/26\\\/la-batalla-naval-del-lago-de-maracaibo-200-anos-de-un-legado-historico\\\/\",\"url\":\"https:\\\/\\\/digital58.com.ve\\\/site\\\/2023\\\/07\\\/26\\\/la-batalla-naval-del-lago-de-maracaibo-200-anos-de-un-legado-historico\\\/\",\"name\":\"La Batalla Naval del Lago de Maracaibo: 200 a\u00f1os de un legado \u00a1hist\u00f3rico!\",\"isPartOf\":{\"@id\":\"https:\\\/\\\/digital58.com.ve\\\/site\\\/#website\"},\"primaryImageOfPage\":{\"@id\":\"https:\\\/\\\/digital58.com.ve\\\/site\\\/2023\\\/07\\\/26\\\/la-batalla-naval-del-lago-de-maracaibo-200-anos-de-un-legado-historico\\\/#primaryimage\"},\"image\":{\"@id\":\"https:\\\/\\\/digital58.com.ve\\\/site\\\/2023\\\/07\\\/26\\\/la-batalla-naval-del-lago-de-maracaibo-200-anos-de-un-legado-historico\\\/#primaryimage\"},\"thumbnailUrl\":\"https:\\\/\\\/digital58.com.ve\\\/site\\\/wp-content\\\/uploads\\\/2023\\\/07\\\/WhatsApp-Image-2023-07-24-at-9.45.06-AM.jpeg\",\"datePublished\":\"2023-07-26T16:12:15+00:00\",\"breadcrumb\":{\"@id\":\"https:\\\/\\\/digital58.com.ve\\\/site\\\/2023\\\/07\\\/26\\\/la-batalla-naval-del-lago-de-maracaibo-200-anos-de-un-legado-historico\\\/#breadcrumb\"},\"inLanguage\":\"es\",\"potentialAction\":[{\"@type\":\"ReadAction\",\"target\":[\"https:\\\/\\\/digital58.com.ve\\\/site\\\/2023\\\/07\\\/26\\\/la-batalla-naval-del-lago-de-maracaibo-200-anos-de-un-legado-historico\\\/\"]}]},{\"@type\":\"ImageObject\",\"inLanguage\":\"es\",\"@id\":\"https:\\\/\\\/digital58.com.ve\\\/site\\\/2023\\\/07\\\/26\\\/la-batalla-naval-del-lago-de-maracaibo-200-anos-de-un-legado-historico\\\/#primaryimage\",\"url\":\"https:\\\/\\\/digital58.com.ve\\\/site\\\/wp-content\\\/uploads\\\/2023\\\/07\\\/WhatsApp-Image-2023-07-24-at-9.45.06-AM.jpeg\",\"contentUrl\":\"https:\\\/\\\/digital58.com.ve\\\/site\\\/wp-content\\\/uploads\\\/2023\\\/07\\\/WhatsApp-Image-2023-07-24-at-9.45.06-AM.jpeg\",\"width\":750,\"height\":390},{\"@type\":\"BreadcrumbList\",\"@id\":\"https:\\\/\\\/digital58.com.ve\\\/site\\\/2023\\\/07\\\/26\\\/la-batalla-naval-del-lago-de-maracaibo-200-anos-de-un-legado-historico\\\/#breadcrumb\",\"itemListElement\":[{\"@type\":\"ListItem\",\"position\":1,\"name\":\"Home\",\"item\":\"https:\\\/\\\/digital58.com.ve\\\/site\\\/\"},{\"@type\":\"ListItem\",\"position\":2,\"name\":\"La Batalla Naval del Lago de Maracaibo: 200 a\u00f1os de un legado \u00a1hist\u00f3rico!\"}]},{\"@type\":\"WebSite\",\"@id\":\"https:\\\/\\\/digital58.com.ve\\\/site\\\/#website\",\"url\":\"https:\\\/\\\/digital58.com.ve\\\/site\\\/\",\"name\":\"Noticias Digital58\",\"description\":\"Portal de Noticias \u00a1Periodismo web de verdad! Lanzamiento web 22.11.2005 \\\/ Maracaibo, Venezuela\",\"publisher\":{\"@id\":\"https:\\\/\\\/digital58.com.ve\\\/site\\\/#\\\/schema\\\/person\\\/64d1c2e4d0d4fd1b849980c4331c2951\"},\"alternateName\":\"ND58\",\"potentialAction\":[{\"@type\":\"SearchAction\",\"target\":{\"@type\":\"EntryPoint\",\"urlTemplate\":\"https:\\\/\\\/digital58.com.ve\\\/site\\\/?s={search_term_string}\"},\"query-input\":{\"@type\":\"PropertyValueSpecification\",\"valueRequired\":true,\"valueName\":\"search_term_string\"}}],\"inLanguage\":\"es\"},{\"@type\":[\"Person\",\"Organization\"],\"@id\":\"https:\\\/\\\/digital58.com.ve\\\/site\\\/#\\\/schema\\\/person\\\/64d1c2e4d0d4fd1b849980c4331c2951\",\"name\":\"Villasmil Henry\",\"image\":{\"@type\":\"ImageObject\",\"inLanguage\":\"es\",\"@id\":\"https:\\\/\\\/secure.gravatar.com\\\/avatar\\\/bb0c4a2fcb7970138239f7e404ea75757b1b507b28b5ce4c53fbd62d797c5a7c?s=96&d=mm&r=g\",\"url\":\"https:\\\/\\\/secure.gravatar.com\\\/avatar\\\/bb0c4a2fcb7970138239f7e404ea75757b1b507b28b5ce4c53fbd62d797c5a7c?s=96&d=mm&r=g\",\"contentUrl\":\"https:\\\/\\\/secure.gravatar.com\\\/avatar\\\/bb0c4a2fcb7970138239f7e404ea75757b1b507b28b5ce4c53fbd62d797c5a7c?s=96&d=mm&r=g\",\"caption\":\"Villasmil Henry\"},\"logo\":{\"@id\":\"https:\\\/\\\/secure.gravatar.com\\\/avatar\\\/bb0c4a2fcb7970138239f7e404ea75757b1b507b28b5ce4c53fbd62d797c5a7c?s=96&d=mm&r=g\"},\"sameAs\":[\"http:\\\/\\\/www.henryvillasmil.com.ve\",\"https:\\\/\\\/www.instagram.com\\\/villasmilhfoto\\\/\",\"https:\\\/\\\/x.com\\\/https:\\\/\\\/twitter.com\\\/villasmilhfoto\"],\"url\":\"https:\\\/\\\/digital58.com.ve\\\/site\\\/author\\\/droopy_68\\\/\"}]}<\/script>\n<!-- \/ Yoast SEO plugin. -->","yoast_head_json":{"title":"La Batalla Naval del Lago de Maracaibo: 200 a\u00f1os de un legado \u00a1hist\u00f3rico!","robots":{"index":"index","follow":"follow","max-snippet":"max-snippet:-1","max-image-preview":"max-image-preview:large","max-video-preview":"max-video-preview:-1"},"canonical":"https:\/\/digital58.com.ve\/site\/2023\/07\/26\/la-batalla-naval-del-lago-de-maracaibo-200-anos-de-un-legado-historico\/","og_locale":"es_ES","og_type":"article","og_title":"La Batalla Naval del Lago de Maracaibo: 200 a\u00f1os de un legado \u00a1hist\u00f3rico!","og_url":"https:\/\/digital58.com.ve\/site\/2023\/07\/26\/la-batalla-naval-del-lago-de-maracaibo-200-anos-de-un-legado-historico\/","og_site_name":"Noticias Digital58","article_published_time":"2023-07-26T16:12:15+00:00","og_image":[{"width":750,"height":390,"url":"https:\/\/i0.wp.com\/digital58.com.ve\/site\/wp-content\/uploads\/2023\/07\/WhatsApp-Image-2023-07-24-at-9.45.06-AM.jpeg?fit=750%2C390&ssl=1","type":"image\/jpeg"}],"author":"Villasmil Henry","twitter_card":"summary_large_image","twitter_creator":"@https:\/\/twitter.com\/villasmilhfoto","twitter_site":"@villasmilhfoto","twitter_misc":{"Escrito por":"Villasmil Henry","Tiempo estimado de lectura":"3 minutos"},"schema":{"@context":"https:\/\/schema.org","@graph":[{"@type":"Article","@id":"https:\/\/digital58.com.ve\/site\/2023\/07\/26\/la-batalla-naval-del-lago-de-maracaibo-200-anos-de-un-legado-historico\/#article","isPartOf":{"@id":"https:\/\/digital58.com.ve\/site\/2023\/07\/26\/la-batalla-naval-del-lago-de-maracaibo-200-anos-de-un-legado-historico\/"},"author":{"name":"Villasmil Henry","@id":"https:\/\/digital58.com.ve\/site\/#\/schema\/person\/64d1c2e4d0d4fd1b849980c4331c2951"},"headline":"La Batalla Naval del Lago de Maracaibo: 200 a\u00f1os de un legado \u00a1hist\u00f3rico!","datePublished":"2023-07-26T16:12:15+00:00","mainEntityOfPage":{"@id":"https:\/\/digital58.com.ve\/site\/2023\/07\/26\/la-batalla-naval-del-lago-de-maracaibo-200-anos-de-un-legado-historico\/"},"wordCount":639,"commentCount":0,"publisher":{"@id":"https:\/\/digital58.com.ve\/site\/#\/schema\/person\/64d1c2e4d0d4fd1b849980c4331c2951"},"image":{"@id":"https:\/\/digital58.com.ve\/site\/2023\/07\/26\/la-batalla-naval-del-lago-de-maracaibo-200-anos-de-un-legado-historico\/#primaryimage"},"thumbnailUrl":"https:\/\/digital58.com.ve\/site\/wp-content\/uploads\/2023\/07\/WhatsApp-Image-2023-07-24-at-9.45.06-AM.jpeg","keywords":["Batalla Naval del Lago de Maracaibo","Clez","Iraida Villasmil","Maracaibo","Nacionales","Regionales","Venezuela","Zulia"],"articleSection":["Opini\u00f3n-Editorial"],"inLanguage":"es","potentialAction":[{"@type":"CommentAction","name":"Comment","target":["https:\/\/digital58.com.ve\/site\/2023\/07\/26\/la-batalla-naval-del-lago-de-maracaibo-200-anos-de-un-legado-historico\/#respond"]}]},{"@type":"WebPage","@id":"https:\/\/digital58.com.ve\/site\/2023\/07\/26\/la-batalla-naval-del-lago-de-maracaibo-200-anos-de-un-legado-historico\/","url":"https:\/\/digital58.com.ve\/site\/2023\/07\/26\/la-batalla-naval-del-lago-de-maracaibo-200-anos-de-un-legado-historico\/","name":"La Batalla Naval del Lago de Maracaibo: 200 a\u00f1os de un legado \u00a1hist\u00f3rico!","isPartOf":{"@id":"https:\/\/digital58.com.ve\/site\/#website"},"primaryImageOfPage":{"@id":"https:\/\/digital58.com.ve\/site\/2023\/07\/26\/la-batalla-naval-del-lago-de-maracaibo-200-anos-de-un-legado-historico\/#primaryimage"},"image":{"@id":"https:\/\/digital58.com.ve\/site\/2023\/07\/26\/la-batalla-naval-del-lago-de-maracaibo-200-anos-de-un-legado-historico\/#primaryimage"},"thumbnailUrl":"https:\/\/digital58.com.ve\/site\/wp-content\/uploads\/2023\/07\/WhatsApp-Image-2023-07-24-at-9.45.06-AM.jpeg","datePublished":"2023-07-26T16:12:15+00:00","breadcrumb":{"@id":"https:\/\/digital58.com.ve\/site\/2023\/07\/26\/la-batalla-naval-del-lago-de-maracaibo-200-anos-de-un-legado-historico\/#breadcrumb"},"inLanguage":"es","potentialAction":[{"@type":"ReadAction","target":["https:\/\/digital58.com.ve\/site\/2023\/07\/26\/la-batalla-naval-del-lago-de-maracaibo-200-anos-de-un-legado-historico\/"]}]},{"@type":"ImageObject","inLanguage":"es","@id":"https:\/\/digital58.com.ve\/site\/2023\/07\/26\/la-batalla-naval-del-lago-de-maracaibo-200-anos-de-un-legado-historico\/#primaryimage","url":"https:\/\/digital58.com.ve\/site\/wp-content\/uploads\/2023\/07\/WhatsApp-Image-2023-07-24-at-9.45.06-AM.jpeg","contentUrl":"https:\/\/digital58.com.ve\/site\/wp-content\/uploads\/2023\/07\/WhatsApp-Image-2023-07-24-at-9.45.06-AM.jpeg","width":750,"height":390},{"@type":"BreadcrumbList","@id":"https:\/\/digital58.com.ve\/site\/2023\/07\/26\/la-batalla-naval-del-lago-de-maracaibo-200-anos-de-un-legado-historico\/#breadcrumb","itemListElement":[{"@type":"ListItem","position":1,"name":"Home","item":"https:\/\/digital58.com.ve\/site\/"},{"@type":"ListItem","position":2,"name":"La Batalla Naval del Lago de Maracaibo: 200 a\u00f1os de un legado \u00a1hist\u00f3rico!"}]},{"@type":"WebSite","@id":"https:\/\/digital58.com.ve\/site\/#website","url":"https:\/\/digital58.com.ve\/site\/","name":"Noticias Digital58","description":"Portal de Noticias \u00a1Periodismo web de verdad! Lanzamiento web 22.11.2005 \/ Maracaibo, Venezuela","publisher":{"@id":"https:\/\/digital58.com.ve\/site\/#\/schema\/person\/64d1c2e4d0d4fd1b849980c4331c2951"},"alternateName":"ND58","potentialAction":[{"@type":"SearchAction","target":{"@type":"EntryPoint","urlTemplate":"https:\/\/digital58.com.ve\/site\/?s={search_term_string}"},"query-input":{"@type":"PropertyValueSpecification","valueRequired":true,"valueName":"search_term_string"}}],"inLanguage":"es"},{"@type":["Person","Organization"],"@id":"https:\/\/digital58.com.ve\/site\/#\/schema\/person\/64d1c2e4d0d4fd1b849980c4331c2951","name":"Villasmil Henry","image":{"@type":"ImageObject","inLanguage":"es","@id":"https:\/\/secure.gravatar.com\/avatar\/bb0c4a2fcb7970138239f7e404ea75757b1b507b28b5ce4c53fbd62d797c5a7c?s=96&d=mm&r=g","url":"https:\/\/secure.gravatar.com\/avatar\/bb0c4a2fcb7970138239f7e404ea75757b1b507b28b5ce4c53fbd62d797c5a7c?s=96&d=mm&r=g","contentUrl":"https:\/\/secure.gravatar.com\/avatar\/bb0c4a2fcb7970138239f7e404ea75757b1b507b28b5ce4c53fbd62d797c5a7c?s=96&d=mm&r=g","caption":"Villasmil Henry"},"logo":{"@id":"https:\/\/secure.gravatar.com\/avatar\/bb0c4a2fcb7970138239f7e404ea75757b1b507b28b5ce4c53fbd62d797c5a7c?s=96&d=mm&r=g"},"sameAs":["http:\/\/www.henryvillasmil.com.ve","https:\/\/www.instagram.com\/villasmilhfoto\/","https:\/\/x.com\/https:\/\/twitter.com\/villasmilhfoto"],"url":"https:\/\/digital58.com.ve\/site\/author\/droopy_68\/"}]}},"uagb_featured_image_src":{"full":["https:\/\/digital58.com.ve\/site\/wp-content\/uploads\/2023\/07\/WhatsApp-Image-2023-07-24-at-9.45.06-AM.jpeg",750,390,false],"thumbnail":["https:\/\/digital58.com.ve\/site\/wp-content\/uploads\/2023\/07\/WhatsApp-Image-2023-07-24-at-9.45.06-AM-150x150.jpeg",150,150,true],"medium":["https:\/\/digital58.com.ve\/site\/wp-content\/uploads\/2023\/07\/WhatsApp-Image-2023-07-24-at-9.45.06-AM-300x156.jpeg",300,156,true],"medium_large":["https:\/\/digital58.com.ve\/site\/wp-content\/uploads\/2023\/07\/WhatsApp-Image-2023-07-24-at-9.45.06-AM.jpeg",750,390,false],"large":["https:\/\/digital58.com.ve\/site\/wp-content\/uploads\/2023\/07\/WhatsApp-Image-2023-07-24-at-9.45.06-AM.jpeg",750,390,false],"1536x1536":["https:\/\/digital58.com.ve\/site\/wp-content\/uploads\/2023\/07\/WhatsApp-Image-2023-07-24-at-9.45.06-AM.jpeg",750,390,false],"2048x2048":["https:\/\/digital58.com.ve\/site\/wp-content\/uploads\/2023\/07\/WhatsApp-Image-2023-07-24-at-9.45.06-AM.jpeg",750,390,false],"colormag-highlighted-post":["https:\/\/digital58.com.ve\/site\/wp-content\/uploads\/2023\/07\/WhatsApp-Image-2023-07-24-at-9.45.06-AM-392x272.jpeg",392,272,true],"colormag-featured-post-medium":["https:\/\/digital58.com.ve\/site\/wp-content\/uploads\/2023\/07\/WhatsApp-Image-2023-07-24-at-9.45.06-AM-390x205.jpeg",390,205,true],"colormag-featured-post-small":["https:\/\/digital58.com.ve\/site\/wp-content\/uploads\/2023\/07\/WhatsApp-Image-2023-07-24-at-9.45.06-AM-130x90.jpeg",130,90,true],"colormag-featured-image":["https:\/\/digital58.com.ve\/site\/wp-content\/uploads\/2023\/07\/WhatsApp-Image-2023-07-24-at-9.45.06-AM.jpeg",750,390,false],"colormag-default-news":["https:\/\/digital58.com.ve\/site\/wp-content\/uploads\/2023\/07\/WhatsApp-Image-2023-07-24-at-9.45.06-AM-150x150.jpeg",150,150,true],"colormag-featured-image-large":["https:\/\/digital58.com.ve\/site\/wp-content\/uploads\/2023\/07\/WhatsApp-Image-2023-07-24-at-9.45.06-AM.jpeg",750,390,false]},"uagb_author_info":{"display_name":"Villasmil Henry","author_link":"https:\/\/digital58.com.ve\/site\/author\/droopy_68\/"},"uagb_comment_info":0,"uagb_excerpt":"Hace 200 a\u00f1os, Venezuela presenci\u00f3 una batalla \u00e9pica en el Lago de Maracaibo que marc\u00f3 un hito \u00fanico en la","_links":{"self":[{"href":"https:\/\/digital58.com.ve\/site\/wp-json\/wp\/v2\/posts\/168863","targetHints":{"allow":["GET"]}}],"collection":[{"href":"https:\/\/digital58.com.ve\/site\/wp-json\/wp\/v2\/posts"}],"about":[{"href":"https:\/\/digital58.com.ve\/site\/wp-json\/wp\/v2\/types\/post"}],"author":[{"embeddable":true,"href":"https:\/\/digital58.com.ve\/site\/wp-json\/wp\/v2\/users\/1"}],"replies":[{"embeddable":true,"href":"https:\/\/digital58.com.ve\/site\/wp-json\/wp\/v2\/comments?post=168863"}],"version-history":[{"count":1,"href":"https:\/\/digital58.com.ve\/site\/wp-json\/wp\/v2\/posts\/168863\/revisions"}],"predecessor-version":[{"id":168865,"href":"https:\/\/digital58.com.ve\/site\/wp-json\/wp\/v2\/posts\/168863\/revisions\/168865"}],"wp:featuredmedia":[{"embeddable":true,"href":"https:\/\/digital58.com.ve\/site\/wp-json\/wp\/v2\/media\/168864"}],"wp:attachment":[{"href":"https:\/\/digital58.com.ve\/site\/wp-json\/wp\/v2\/media?parent=168863"}],"wp:term":[{"taxonomy":"category","embeddable":true,"href":"https:\/\/digital58.com.ve\/site\/wp-json\/wp\/v2\/categories?post=168863"},{"taxonomy":"post_tag","embeddable":true,"href":"https:\/\/digital58.com.ve\/site\/wp-json\/wp\/v2\/tags?post=168863"}],"curies":[{"name":"wp","href":"https:\/\/api.w.org\/{rel}","templated":true}]}}