{"id":168939,"date":"2023-07-28T09:31:52","date_gmt":"2023-07-28T13:31:52","guid":{"rendered":"https:\/\/digital58.com.ve\/site\/?p=168939"},"modified":"2023-07-28T09:31:52","modified_gmt":"2023-07-28T13:31:52","slug":"estado-mayor-indigena-del-zulia-atendio-comunidades-de-los-municipios-cabimas-y-simon-bolivar-en-el-eje-costa-oriental-del-lago","status":"publish","type":"post","link":"https:\/\/digital58.com.ve\/site\/2023\/07\/28\/estado-mayor-indigena-del-zulia-atendio-comunidades-de-los-municipios-cabimas-y-simon-bolivar-en-el-eje-costa-oriental-del-lago\/","title":{"rendered":"Estado Mayor Ind\u00edgena del Zulia atendi\u00f3 comunidades de los municipios Cabimas y Sim\u00f3n Bol\u00edvar en el eje Costa Oriental del Lago"},"content":{"rendered":"<p><a href=\"https:\/\/digital58.com.ve\/site\/wp-content\/uploads\/2023\/07\/indigiena-zulia.jpg\"><img loading=\"lazy\" decoding=\"async\" class=\"aligncenter size-full wp-image-168941\" src=\"https:\/\/digital58.com.ve\/site\/wp-content\/uploads\/2023\/07\/indigiena-zulia.jpg\" alt=\"\" width=\"800\" height=\"583\" srcset=\"https:\/\/digital58.com.ve\/site\/wp-content\/uploads\/2023\/07\/indigiena-zulia.jpg 800w, https:\/\/digital58.com.ve\/site\/wp-content\/uploads\/2023\/07\/indigiena-zulia-300x219.jpg 300w, https:\/\/digital58.com.ve\/site\/wp-content\/uploads\/2023\/07\/indigiena-zulia-768x560.jpg 768w\" sizes=\"auto, (max-width: 800px) 100vw, 800px\" \/><\/a><\/p>\n<p>En el despliegue del Estado Mayor Ind\u00edgena tambi\u00e9n participaron la diputada a la Asamblea Nacional Benilda Puche, la legisladora del Clez Anais Viloria, concejales ind\u00edgenas del Bloque de la Patria, enlaces del Psuv de Cabimas y Sim\u00f3n Bol\u00edvar adem\u00e1s de l\u00edderes y lideresas de las comunidades.<\/p>\n<p><strong>Maracaibo, Zulia, Venezuela, 28 de mayo de 2023 (ND58).-<\/strong> El Gobierno Nacional a trav\u00e9s del Estado Mayor Ind\u00edgena contin\u00faa ofreciendo respuestas a la familias y comunidades originarias que existen en el estado Zulia.<\/p>\n<p>En tal sentido este 26 de julio se llev\u00f3 a cabo un abordaje gubernamental en el eje Costa Oriental del Lago espec\u00edficamente en la parroquia Punta Gorda del municipio Cabimas y en la parroquia Manuel Manrique del municipio Sim\u00f3n Bol\u00edvar, en ambos sectores se presentaron planes de atenci\u00f3n social a las personas que habitan en la comunidad ind\u00edgena cabimense Campo Unido y Campo Alegre Este ubicada en Sim\u00f3n Bol\u00edvar.<\/p>\n<p>Durante el despliegue multidisciplinario del Gobierno Bolivariano se llev\u00f3 a cabo un recorrido en primera instancia por el municipio Cabimas comunidad Campo Unido 2 donde se pondr\u00e1 en funcionamiento una Base de Misiones Socialista que atender\u00e1 1 mil 900 familias del sector y sus adyacencias.<\/p>\n<p>Posteriormente en el municipio Sim\u00f3n Bol\u00edvar fueron inspeccionadas las instalaciones de un espacio donde se tiene previsto instalar una Base de Misiones Socialistas que rendir\u00e1 homenaje a la lideresa Way\u00fau Veronica L\u00f3pez quien fue concejal ind\u00edgena por muchos a\u00f1os y se dedico a la lucha social en esa localidad. Este lugar permitir\u00e1 beneficiar a dos mil 075 familias ind\u00edgenas y de esta manera elevar sus condiciones de vida.<\/p>\n<p>Asimismo, Pedro Requena Secretario Nacional de la Vicepresidencia Ind\u00edgena del Partido Socialista (Psuv) e integrante del Estado Mayor Ind\u00edgena inform\u00f3 que se ejecutar\u00e1 en la localidad un programa especial de atenci\u00f3n y protecci\u00f3n social para los ind\u00edgenas del eje Costa Oriental orientado por el presidente Nicol\u00e1s Maduro Moros.<\/p>\n<p><a href=\"https:\/\/digital58.com.ve\/site\/wp-content\/uploads\/2023\/07\/indigena-zulia.jpg\"><img loading=\"lazy\" decoding=\"async\" class=\"aligncenter size-full wp-image-168940\" src=\"https:\/\/digital58.com.ve\/site\/wp-content\/uploads\/2023\/07\/indigena-zulia.jpg\" alt=\"\" width=\"1032\" height=\"707\" srcset=\"https:\/\/digital58.com.ve\/site\/wp-content\/uploads\/2023\/07\/indigena-zulia.jpg 1032w, https:\/\/digital58.com.ve\/site\/wp-content\/uploads\/2023\/07\/indigena-zulia-300x206.jpg 300w, https:\/\/digital58.com.ve\/site\/wp-content\/uploads\/2023\/07\/indigena-zulia-1000x685.jpg 1000w, https:\/\/digital58.com.ve\/site\/wp-content\/uploads\/2023\/07\/indigena-zulia-768x526.jpg 768w, https:\/\/digital58.com.ve\/site\/wp-content\/uploads\/2023\/07\/indigena-zulia-130x90.jpg 130w\" sizes=\"auto, (max-width: 1032px) 100vw, 1032px\" \/><\/a><\/p>\n<p>Por su parte, Arly Gonz\u00e1lez Coordinadora Regional del Consejo Nacional Indio de Venezuela (Conive) y Equipo Regional del PSUV expres\u00f3 que el estado Zulia es la entidad con mayor n\u00famero de ind\u00edgenas del pa\u00eds, por ende fue instalado el Estado Mayor Ind\u00edgena en la regi\u00f3n y sostenidamente se garantiza respuesta al pueblo ind\u00edgena quien al igual que el resto de la sociedad ha sido afectado por las sanciones unilaterales que aplica el gobierno de los Estados Unidos contra el pueblo venezolano.<\/p>\n<p><strong>Redacci\u00f3n ND58 | Fuente: NDP<\/strong><br \/>\n<strong>Edici\u00f3n: Villasmil, Henry<\/strong><br \/>\n<strong>Gr\u00e1fica: Cortes\u00eda<\/strong><\/p>\n<p>&nbsp;<\/p><div class=\"abwjw6a9ce37f2d90b\" ><p style=\"text-align: center;\"><a href=\"https:\/\/t.me\/noticiasdigital58\" target=\"_blank\" rel=\"noopener\"><img class=\"aligncenter size-full wp-image-125363\" src=\"https:\/\/digital58.com.ve\/site\/wp-content\/uploads\/2021\/04\/banner-telegram-web-2021.png\" alt=\"\" width=\"600\" height=\"90\" \/><\/a><\/p><\/div><style type=\"text\/css\">\r\n@media screen and (min-width: 1201px) {\r\n.abwjw6a9ce37f2d90b {\r\ndisplay: block;\r\n}\r\n}\r\n@media screen and (min-width: 993px) and (max-width: 1200px) {\r\n.abwjw6a9ce37f2d90b {\r\ndisplay: block;\r\n}\r\n}\r\n@media screen and (min-width: 769px) and (max-width: 992px) {\r\n.abwjw6a9ce37f2d90b {\r\ndisplay: block;\r\n}\r\n}\r\n@media screen and (min-width: 768px) and (max-width: 768px) {\r\n.abwjw6a9ce37f2d90b {\r\ndisplay: block;\r\n}\r\n}\r\n@media screen and (max-width: 767px) {\r\n.abwjw6a9ce37f2d90b {\r\ndisplay: block;\r\n}\r\n}\r\n<\/style>\r\n\n<p>&nbsp;<\/p>\n<div style=\"margin-top: 0px; margin-bottom: 0px;\" class=\"sharethis-inline-share-buttons\" ><\/div>","protected":false},"excerpt":{"rendered":"<p>En el despliegue del Estado Mayor Ind\u00edgena tambi\u00e9n participaron la diputada a la Asamblea Nacional Benilda Puche, la legisladora del<\/p>\n","protected":false},"author":1,"featured_media":168940,"comment_status":"open","ping_status":"closed","sticky":false,"template":"","format":"standard","meta":{"colormag_page_container_layout":"default_layout","colormag_page_sidebar_layout":"default_layout","_uag_custom_page_level_css":"","footnotes":""},"categories":[14504],"tags":[4280,163,12604,32033,1818,14078,233,32032,21768,2733,2354],"class_list":["post-168939","post","type-post","status-publish","format-standard","has-post-thumbnail","hentry","category-zulia","tag-cabimas","tag-col","tag-costa-oriental-del-lago","tag-estado-mayor-indigena","tag-gobierno-nacional","tag-municipio-simon-bolivar","tag-nacionales","tag-parroquia-manuel-manrique","tag-parroquia-punta-gorda","tag-psuv","tag-regionales"],"yoast_head":"<!-- This site is optimized with the Yoast SEO plugin v28.4 - https:\/\/yoast.com\/product\/yoast-seo-wordpress\/ -->\n<title>Estado Mayor Ind\u00edgena del Zulia atendi\u00f3 comunidades de los municipios Cabimas y Sim\u00f3n Bol\u00edvar en el eje Costa Oriental del Lago<\/title>\n<meta name=\"robots\" content=\"index, follow, max-snippet:-1, max-image-preview:large, max-video-preview:-1\" \/>\n<link rel=\"canonical\" href=\"https:\/\/digital58.com.ve\/site\/2023\/07\/28\/estado-mayor-indigena-del-zulia-atendio-comunidades-de-los-municipios-cabimas-y-simon-bolivar-en-el-eje-costa-oriental-del-lago\/\" \/>\n<meta property=\"og:locale\" content=\"es_ES\" \/>\n<meta property=\"og:type\" content=\"article\" \/>\n<meta property=\"og:title\" content=\"Estado Mayor Ind\u00edgena del Zulia atendi\u00f3 comunidades de los municipios Cabimas y Sim\u00f3n Bol\u00edvar en el eje Costa Oriental del Lago\" \/>\n<meta property=\"og:url\" content=\"https:\/\/digital58.com.ve\/site\/2023\/07\/28\/estado-mayor-indigena-del-zulia-atendio-comunidades-de-los-municipios-cabimas-y-simon-bolivar-en-el-eje-costa-oriental-del-lago\/\" \/>\n<meta property=\"og:site_name\" content=\"Noticias Digital58\" \/>\n<meta property=\"article:published_time\" content=\"2023-07-28T13:31:52+00:00\" \/>\n<meta property=\"og:image\" content=\"https:\/\/i0.wp.com\/digital58.com.ve\/site\/wp-content\/uploads\/2023\/07\/indigena-zulia.jpg?fit=1032%2C707&ssl=1\" \/>\n\t<meta property=\"og:image:width\" content=\"1032\" \/>\n\t<meta property=\"og:image:height\" content=\"707\" \/>\n\t<meta property=\"og:image:type\" content=\"image\/jpeg\" \/>\n<meta name=\"author\" content=\"Villasmil Henry\" \/>\n<meta name=\"twitter:card\" content=\"summary_large_image\" \/>\n<meta name=\"twitter:creator\" content=\"@https:\/\/twitter.com\/villasmilhfoto\" \/>\n<meta name=\"twitter:site\" content=\"@villasmilhfoto\" \/>\n<meta name=\"twitter:label1\" content=\"Escrito por\" \/>\n\t<meta name=\"twitter:data1\" content=\"Villasmil Henry\" \/>\n\t<meta name=\"twitter:label2\" content=\"Tiempo estimado de lectura\" \/>\n\t<meta name=\"twitter:data2\" content=\"2 minutos\" \/>\n<script type=\"application\/ld+json\" class=\"yoast-schema-graph\">{\"@context\":\"https:\\\/\\\/schema.org\",\"@graph\":[{\"@type\":\"Article\",\"@id\":\"https:\\\/\\\/digital58.com.ve\\\/site\\\/2023\\\/07\\\/28\\\/estado-mayor-indigena-del-zulia-atendio-comunidades-de-los-municipios-cabimas-y-simon-bolivar-en-el-eje-costa-oriental-del-lago\\\/#article\",\"isPartOf\":{\"@id\":\"https:\\\/\\\/digital58.com.ve\\\/site\\\/2023\\\/07\\\/28\\\/estado-mayor-indigena-del-zulia-atendio-comunidades-de-los-municipios-cabimas-y-simon-bolivar-en-el-eje-costa-oriental-del-lago\\\/\"},\"author\":{\"name\":\"Villasmil Henry\",\"@id\":\"https:\\\/\\\/digital58.com.ve\\\/site\\\/#\\\/schema\\\/person\\\/64d1c2e4d0d4fd1b849980c4331c2951\"},\"headline\":\"Estado Mayor Ind\u00edgena del Zulia atendi\u00f3 comunidades de los municipios Cabimas y Sim\u00f3n Bol\u00edvar en el eje Costa Oriental del Lago\",\"datePublished\":\"2023-07-28T13:31:52+00:00\",\"mainEntityOfPage\":{\"@id\":\"https:\\\/\\\/digital58.com.ve\\\/site\\\/2023\\\/07\\\/28\\\/estado-mayor-indigena-del-zulia-atendio-comunidades-de-los-municipios-cabimas-y-simon-bolivar-en-el-eje-costa-oriental-del-lago\\\/\"},\"wordCount\":460,\"commentCount\":0,\"publisher\":{\"@id\":\"https:\\\/\\\/digital58.com.ve\\\/site\\\/#\\\/schema\\\/person\\\/64d1c2e4d0d4fd1b849980c4331c2951\"},\"image\":{\"@id\":\"https:\\\/\\\/digital58.com.ve\\\/site\\\/2023\\\/07\\\/28\\\/estado-mayor-indigena-del-zulia-atendio-comunidades-de-los-municipios-cabimas-y-simon-bolivar-en-el-eje-costa-oriental-del-lago\\\/#primaryimage\"},\"thumbnailUrl\":\"https:\\\/\\\/digital58.com.ve\\\/site\\\/wp-content\\\/uploads\\\/2023\\\/07\\\/indigena-zulia.jpg\",\"keywords\":[\"Cabimas\",\"COL\",\"Costa Oriental del Lago\",\"Estado Mayor Ind\u00edgena\",\"Gobierno Nacional\",\"Municipio Sim\u00f3n Bol\u00edvar\",\"Nacionales\",\"Parroquia Manuel Manrique\",\"Parroquia Punta Gorda\",\"PSUV\",\"Regionales\"],\"articleSection\":[\"Zulia\"],\"inLanguage\":\"es\",\"potentialAction\":[{\"@type\":\"CommentAction\",\"name\":\"Comment\",\"target\":[\"https:\\\/\\\/digital58.com.ve\\\/site\\\/2023\\\/07\\\/28\\\/estado-mayor-indigena-del-zulia-atendio-comunidades-de-los-municipios-cabimas-y-simon-bolivar-en-el-eje-costa-oriental-del-lago\\\/#respond\"]}]},{\"@type\":\"WebPage\",\"@id\":\"https:\\\/\\\/digital58.com.ve\\\/site\\\/2023\\\/07\\\/28\\\/estado-mayor-indigena-del-zulia-atendio-comunidades-de-los-municipios-cabimas-y-simon-bolivar-en-el-eje-costa-oriental-del-lago\\\/\",\"url\":\"https:\\\/\\\/digital58.com.ve\\\/site\\\/2023\\\/07\\\/28\\\/estado-mayor-indigena-del-zulia-atendio-comunidades-de-los-municipios-cabimas-y-simon-bolivar-en-el-eje-costa-oriental-del-lago\\\/\",\"name\":\"Estado Mayor Ind\u00edgena del Zulia atendi\u00f3 comunidades de los municipios Cabimas y Sim\u00f3n Bol\u00edvar en el eje Costa Oriental del Lago\",\"isPartOf\":{\"@id\":\"https:\\\/\\\/digital58.com.ve\\\/site\\\/#website\"},\"primaryImageOfPage\":{\"@id\":\"https:\\\/\\\/digital58.com.ve\\\/site\\\/2023\\\/07\\\/28\\\/estado-mayor-indigena-del-zulia-atendio-comunidades-de-los-municipios-cabimas-y-simon-bolivar-en-el-eje-costa-oriental-del-lago\\\/#primaryimage\"},\"image\":{\"@id\":\"https:\\\/\\\/digital58.com.ve\\\/site\\\/2023\\\/07\\\/28\\\/estado-mayor-indigena-del-zulia-atendio-comunidades-de-los-municipios-cabimas-y-simon-bolivar-en-el-eje-costa-oriental-del-lago\\\/#primaryimage\"},\"thumbnailUrl\":\"https:\\\/\\\/digital58.com.ve\\\/site\\\/wp-content\\\/uploads\\\/2023\\\/07\\\/indigena-zulia.jpg\",\"datePublished\":\"2023-07-28T13:31:52+00:00\",\"breadcrumb\":{\"@id\":\"https:\\\/\\\/digital58.com.ve\\\/site\\\/2023\\\/07\\\/28\\\/estado-mayor-indigena-del-zulia-atendio-comunidades-de-los-municipios-cabimas-y-simon-bolivar-en-el-eje-costa-oriental-del-lago\\\/#breadcrumb\"},\"inLanguage\":\"es\",\"potentialAction\":[{\"@type\":\"ReadAction\",\"target\":[\"https:\\\/\\\/digital58.com.ve\\\/site\\\/2023\\\/07\\\/28\\\/estado-mayor-indigena-del-zulia-atendio-comunidades-de-los-municipios-cabimas-y-simon-bolivar-en-el-eje-costa-oriental-del-lago\\\/\"]}]},{\"@type\":\"ImageObject\",\"inLanguage\":\"es\",\"@id\":\"https:\\\/\\\/digital58.com.ve\\\/site\\\/2023\\\/07\\\/28\\\/estado-mayor-indigena-del-zulia-atendio-comunidades-de-los-municipios-cabimas-y-simon-bolivar-en-el-eje-costa-oriental-del-lago\\\/#primaryimage\",\"url\":\"https:\\\/\\\/digital58.com.ve\\\/site\\\/wp-content\\\/uploads\\\/2023\\\/07\\\/indigena-zulia.jpg\",\"contentUrl\":\"https:\\\/\\\/digital58.com.ve\\\/site\\\/wp-content\\\/uploads\\\/2023\\\/07\\\/indigena-zulia.jpg\",\"width\":1032,\"height\":707},{\"@type\":\"BreadcrumbList\",\"@id\":\"https:\\\/\\\/digital58.com.ve\\\/site\\\/2023\\\/07\\\/28\\\/estado-mayor-indigena-del-zulia-atendio-comunidades-de-los-municipios-cabimas-y-simon-bolivar-en-el-eje-costa-oriental-del-lago\\\/#breadcrumb\",\"itemListElement\":[{\"@type\":\"ListItem\",\"position\":1,\"name\":\"Home\",\"item\":\"https:\\\/\\\/digital58.com.ve\\\/site\\\/\"},{\"@type\":\"ListItem\",\"position\":2,\"name\":\"Estado Mayor Ind\u00edgena del Zulia atendi\u00f3 comunidades de los municipios Cabimas y Sim\u00f3n Bol\u00edvar en el eje Costa Oriental del Lago\"}]},{\"@type\":\"WebSite\",\"@id\":\"https:\\\/\\\/digital58.com.ve\\\/site\\\/#website\",\"url\":\"https:\\\/\\\/digital58.com.ve\\\/site\\\/\",\"name\":\"Noticias Digital58\",\"description\":\"Portal de Noticias \u00a1Periodismo web de verdad! Lanzamiento web 22.11.2005 \\\/ Maracaibo, Venezuela\",\"publisher\":{\"@id\":\"https:\\\/\\\/digital58.com.ve\\\/site\\\/#\\\/schema\\\/person\\\/64d1c2e4d0d4fd1b849980c4331c2951\"},\"alternateName\":\"ND58\",\"potentialAction\":[{\"@type\":\"SearchAction\",\"target\":{\"@type\":\"EntryPoint\",\"urlTemplate\":\"https:\\\/\\\/digital58.com.ve\\\/site\\\/?s={search_term_string}\"},\"query-input\":{\"@type\":\"PropertyValueSpecification\",\"valueRequired\":true,\"valueName\":\"search_term_string\"}}],\"inLanguage\":\"es\"},{\"@type\":[\"Person\",\"Organization\"],\"@id\":\"https:\\\/\\\/digital58.com.ve\\\/site\\\/#\\\/schema\\\/person\\\/64d1c2e4d0d4fd1b849980c4331c2951\",\"name\":\"Villasmil Henry\",\"image\":{\"@type\":\"ImageObject\",\"inLanguage\":\"es\",\"@id\":\"https:\\\/\\\/secure.gravatar.com\\\/avatar\\\/bb0c4a2fcb7970138239f7e404ea75757b1b507b28b5ce4c53fbd62d797c5a7c?s=96&d=mm&r=g\",\"url\":\"https:\\\/\\\/secure.gravatar.com\\\/avatar\\\/bb0c4a2fcb7970138239f7e404ea75757b1b507b28b5ce4c53fbd62d797c5a7c?s=96&d=mm&r=g\",\"contentUrl\":\"https:\\\/\\\/secure.gravatar.com\\\/avatar\\\/bb0c4a2fcb7970138239f7e404ea75757b1b507b28b5ce4c53fbd62d797c5a7c?s=96&d=mm&r=g\",\"caption\":\"Villasmil Henry\"},\"logo\":{\"@id\":\"https:\\\/\\\/secure.gravatar.com\\\/avatar\\\/bb0c4a2fcb7970138239f7e404ea75757b1b507b28b5ce4c53fbd62d797c5a7c?s=96&d=mm&r=g\"},\"sameAs\":[\"http:\\\/\\\/www.henryvillasmil.com.ve\",\"https:\\\/\\\/www.instagram.com\\\/villasmilhfoto\\\/\",\"https:\\\/\\\/x.com\\\/https:\\\/\\\/twitter.com\\\/villasmilhfoto\"],\"url\":\"https:\\\/\\\/digital58.com.ve\\\/site\\\/author\\\/droopy_68\\\/\"}]}<\/script>\n<!-- \/ Yoast SEO plugin. -->","yoast_head_json":{"title":"Estado Mayor Ind\u00edgena del Zulia atendi\u00f3 comunidades de los municipios Cabimas y Sim\u00f3n Bol\u00edvar en el eje Costa Oriental del Lago","robots":{"index":"index","follow":"follow","max-snippet":"max-snippet:-1","max-image-preview":"max-image-preview:large","max-video-preview":"max-video-preview:-1"},"canonical":"https:\/\/digital58.com.ve\/site\/2023\/07\/28\/estado-mayor-indigena-del-zulia-atendio-comunidades-de-los-municipios-cabimas-y-simon-bolivar-en-el-eje-costa-oriental-del-lago\/","og_locale":"es_ES","og_type":"article","og_title":"Estado Mayor Ind\u00edgena del Zulia atendi\u00f3 comunidades de los municipios Cabimas y Sim\u00f3n Bol\u00edvar en el eje Costa Oriental del Lago","og_url":"https:\/\/digital58.com.ve\/site\/2023\/07\/28\/estado-mayor-indigena-del-zulia-atendio-comunidades-de-los-municipios-cabimas-y-simon-bolivar-en-el-eje-costa-oriental-del-lago\/","og_site_name":"Noticias Digital58","article_published_time":"2023-07-28T13:31:52+00:00","og_image":[{"width":1032,"height":707,"url":"https:\/\/i0.wp.com\/digital58.com.ve\/site\/wp-content\/uploads\/2023\/07\/indigena-zulia.jpg?fit=1032%2C707&ssl=1","type":"image\/jpeg"}],"author":"Villasmil Henry","twitter_card":"summary_large_image","twitter_creator":"@https:\/\/twitter.com\/villasmilhfoto","twitter_site":"@villasmilhfoto","twitter_misc":{"Escrito por":"Villasmil Henry","Tiempo estimado de lectura":"2 minutos"},"schema":{"@context":"https:\/\/schema.org","@graph":[{"@type":"Article","@id":"https:\/\/digital58.com.ve\/site\/2023\/07\/28\/estado-mayor-indigena-del-zulia-atendio-comunidades-de-los-municipios-cabimas-y-simon-bolivar-en-el-eje-costa-oriental-del-lago\/#article","isPartOf":{"@id":"https:\/\/digital58.com.ve\/site\/2023\/07\/28\/estado-mayor-indigena-del-zulia-atendio-comunidades-de-los-municipios-cabimas-y-simon-bolivar-en-el-eje-costa-oriental-del-lago\/"},"author":{"name":"Villasmil Henry","@id":"https:\/\/digital58.com.ve\/site\/#\/schema\/person\/64d1c2e4d0d4fd1b849980c4331c2951"},"headline":"Estado Mayor Ind\u00edgena del Zulia atendi\u00f3 comunidades de los municipios Cabimas y Sim\u00f3n Bol\u00edvar en el eje Costa Oriental del Lago","datePublished":"2023-07-28T13:31:52+00:00","mainEntityOfPage":{"@id":"https:\/\/digital58.com.ve\/site\/2023\/07\/28\/estado-mayor-indigena-del-zulia-atendio-comunidades-de-los-municipios-cabimas-y-simon-bolivar-en-el-eje-costa-oriental-del-lago\/"},"wordCount":460,"commentCount":0,"publisher":{"@id":"https:\/\/digital58.com.ve\/site\/#\/schema\/person\/64d1c2e4d0d4fd1b849980c4331c2951"},"image":{"@id":"https:\/\/digital58.com.ve\/site\/2023\/07\/28\/estado-mayor-indigena-del-zulia-atendio-comunidades-de-los-municipios-cabimas-y-simon-bolivar-en-el-eje-costa-oriental-del-lago\/#primaryimage"},"thumbnailUrl":"https:\/\/digital58.com.ve\/site\/wp-content\/uploads\/2023\/07\/indigena-zulia.jpg","keywords":["Cabimas","COL","Costa Oriental del Lago","Estado Mayor Ind\u00edgena","Gobierno Nacional","Municipio Sim\u00f3n Bol\u00edvar","Nacionales","Parroquia Manuel Manrique","Parroquia Punta Gorda","PSUV","Regionales"],"articleSection":["Zulia"],"inLanguage":"es","potentialAction":[{"@type":"CommentAction","name":"Comment","target":["https:\/\/digital58.com.ve\/site\/2023\/07\/28\/estado-mayor-indigena-del-zulia-atendio-comunidades-de-los-municipios-cabimas-y-simon-bolivar-en-el-eje-costa-oriental-del-lago\/#respond"]}]},{"@type":"WebPage","@id":"https:\/\/digital58.com.ve\/site\/2023\/07\/28\/estado-mayor-indigena-del-zulia-atendio-comunidades-de-los-municipios-cabimas-y-simon-bolivar-en-el-eje-costa-oriental-del-lago\/","url":"https:\/\/digital58.com.ve\/site\/2023\/07\/28\/estado-mayor-indigena-del-zulia-atendio-comunidades-de-los-municipios-cabimas-y-simon-bolivar-en-el-eje-costa-oriental-del-lago\/","name":"Estado Mayor Ind\u00edgena del Zulia atendi\u00f3 comunidades de los municipios Cabimas y Sim\u00f3n Bol\u00edvar en el eje Costa Oriental del Lago","isPartOf":{"@id":"https:\/\/digital58.com.ve\/site\/#website"},"primaryImageOfPage":{"@id":"https:\/\/digital58.com.ve\/site\/2023\/07\/28\/estado-mayor-indigena-del-zulia-atendio-comunidades-de-los-municipios-cabimas-y-simon-bolivar-en-el-eje-costa-oriental-del-lago\/#primaryimage"},"image":{"@id":"https:\/\/digital58.com.ve\/site\/2023\/07\/28\/estado-mayor-indigena-del-zulia-atendio-comunidades-de-los-municipios-cabimas-y-simon-bolivar-en-el-eje-costa-oriental-del-lago\/#primaryimage"},"thumbnailUrl":"https:\/\/digital58.com.ve\/site\/wp-content\/uploads\/2023\/07\/indigena-zulia.jpg","datePublished":"2023-07-28T13:31:52+00:00","breadcrumb":{"@id":"https:\/\/digital58.com.ve\/site\/2023\/07\/28\/estado-mayor-indigena-del-zulia-atendio-comunidades-de-los-municipios-cabimas-y-simon-bolivar-en-el-eje-costa-oriental-del-lago\/#breadcrumb"},"inLanguage":"es","potentialAction":[{"@type":"ReadAction","target":["https:\/\/digital58.com.ve\/site\/2023\/07\/28\/estado-mayor-indigena-del-zulia-atendio-comunidades-de-los-municipios-cabimas-y-simon-bolivar-en-el-eje-costa-oriental-del-lago\/"]}]},{"@type":"ImageObject","inLanguage":"es","@id":"https:\/\/digital58.com.ve\/site\/2023\/07\/28\/estado-mayor-indigena-del-zulia-atendio-comunidades-de-los-municipios-cabimas-y-simon-bolivar-en-el-eje-costa-oriental-del-lago\/#primaryimage","url":"https:\/\/digital58.com.ve\/site\/wp-content\/uploads\/2023\/07\/indigena-zulia.jpg","contentUrl":"https:\/\/digital58.com.ve\/site\/wp-content\/uploads\/2023\/07\/indigena-zulia.jpg","width":1032,"height":707},{"@type":"BreadcrumbList","@id":"https:\/\/digital58.com.ve\/site\/2023\/07\/28\/estado-mayor-indigena-del-zulia-atendio-comunidades-de-los-municipios-cabimas-y-simon-bolivar-en-el-eje-costa-oriental-del-lago\/#breadcrumb","itemListElement":[{"@type":"ListItem","position":1,"name":"Home","item":"https:\/\/digital58.com.ve\/site\/"},{"@type":"ListItem","position":2,"name":"Estado Mayor Ind\u00edgena del Zulia atendi\u00f3 comunidades de los municipios Cabimas y Sim\u00f3n Bol\u00edvar en el eje Costa Oriental del Lago"}]},{"@type":"WebSite","@id":"https:\/\/digital58.com.ve\/site\/#website","url":"https:\/\/digital58.com.ve\/site\/","name":"Noticias Digital58","description":"Portal de Noticias \u00a1Periodismo web de verdad! Lanzamiento web 22.11.2005 \/ Maracaibo, Venezuela","publisher":{"@id":"https:\/\/digital58.com.ve\/site\/#\/schema\/person\/64d1c2e4d0d4fd1b849980c4331c2951"},"alternateName":"ND58","potentialAction":[{"@type":"SearchAction","target":{"@type":"EntryPoint","urlTemplate":"https:\/\/digital58.com.ve\/site\/?s={search_term_string}"},"query-input":{"@type":"PropertyValueSpecification","valueRequired":true,"valueName":"search_term_string"}}],"inLanguage":"es"},{"@type":["Person","Organization"],"@id":"https:\/\/digital58.com.ve\/site\/#\/schema\/person\/64d1c2e4d0d4fd1b849980c4331c2951","name":"Villasmil Henry","image":{"@type":"ImageObject","inLanguage":"es","@id":"https:\/\/secure.gravatar.com\/avatar\/bb0c4a2fcb7970138239f7e404ea75757b1b507b28b5ce4c53fbd62d797c5a7c?s=96&d=mm&r=g","url":"https:\/\/secure.gravatar.com\/avatar\/bb0c4a2fcb7970138239f7e404ea75757b1b507b28b5ce4c53fbd62d797c5a7c?s=96&d=mm&r=g","contentUrl":"https:\/\/secure.gravatar.com\/avatar\/bb0c4a2fcb7970138239f7e404ea75757b1b507b28b5ce4c53fbd62d797c5a7c?s=96&d=mm&r=g","caption":"Villasmil Henry"},"logo":{"@id":"https:\/\/secure.gravatar.com\/avatar\/bb0c4a2fcb7970138239f7e404ea75757b1b507b28b5ce4c53fbd62d797c5a7c?s=96&d=mm&r=g"},"sameAs":["http:\/\/www.henryvillasmil.com.ve","https:\/\/www.instagram.com\/villasmilhfoto\/","https:\/\/x.com\/https:\/\/twitter.com\/villasmilhfoto"],"url":"https:\/\/digital58.com.ve\/site\/author\/droopy_68\/"}]}},"uagb_featured_image_src":{"full":["https:\/\/digital58.com.ve\/site\/wp-content\/uploads\/2023\/07\/indigena-zulia.jpg",1032,707,false],"thumbnail":["https:\/\/digital58.com.ve\/site\/wp-content\/uploads\/2023\/07\/indigena-zulia-150x150.jpg",150,150,true],"medium":["https:\/\/digital58.com.ve\/site\/wp-content\/uploads\/2023\/07\/indigena-zulia-300x206.jpg",300,206,true],"medium_large":["https:\/\/digital58.com.ve\/site\/wp-content\/uploads\/2023\/07\/indigena-zulia-768x526.jpg",768,526,true],"large":["https:\/\/digital58.com.ve\/site\/wp-content\/uploads\/2023\/07\/indigena-zulia-1000x685.jpg",800,548,true],"1536x1536":["https:\/\/digital58.com.ve\/site\/wp-content\/uploads\/2023\/07\/indigena-zulia.jpg",1032,707,false],"2048x2048":["https:\/\/digital58.com.ve\/site\/wp-content\/uploads\/2023\/07\/indigena-zulia.jpg",1032,707,false],"colormag-highlighted-post":["https:\/\/digital58.com.ve\/site\/wp-content\/uploads\/2023\/07\/indigena-zulia-392x272.jpg",392,272,true],"colormag-featured-post-medium":["https:\/\/digital58.com.ve\/site\/wp-content\/uploads\/2023\/07\/indigena-zulia-390x205.jpg",390,205,true],"colormag-featured-post-small":["https:\/\/digital58.com.ve\/site\/wp-content\/uploads\/2023\/07\/indigena-zulia-130x90.jpg",130,90,true],"colormag-featured-image":["https:\/\/digital58.com.ve\/site\/wp-content\/uploads\/2023\/07\/indigena-zulia-800x445.jpg",800,445,true],"colormag-default-news":["https:\/\/digital58.com.ve\/site\/wp-content\/uploads\/2023\/07\/indigena-zulia-150x150.jpg",150,150,true],"colormag-featured-image-large":["https:\/\/digital58.com.ve\/site\/wp-content\/uploads\/2023\/07\/indigena-zulia-1032x600.jpg",1032,600,true]},"uagb_author_info":{"display_name":"Villasmil Henry","author_link":"https:\/\/digital58.com.ve\/site\/author\/droopy_68\/"},"uagb_comment_info":0,"uagb_excerpt":"En el despliegue del Estado Mayor Ind\u00edgena tambi\u00e9n participaron la diputada a la Asamblea Nacional Benilda Puche, la legisladora del","_links":{"self":[{"href":"https:\/\/digital58.com.ve\/site\/wp-json\/wp\/v2\/posts\/168939","targetHints":{"allow":["GET"]}}],"collection":[{"href":"https:\/\/digital58.com.ve\/site\/wp-json\/wp\/v2\/posts"}],"about":[{"href":"https:\/\/digital58.com.ve\/site\/wp-json\/wp\/v2\/types\/post"}],"author":[{"embeddable":true,"href":"https:\/\/digital58.com.ve\/site\/wp-json\/wp\/v2\/users\/1"}],"replies":[{"embeddable":true,"href":"https:\/\/digital58.com.ve\/site\/wp-json\/wp\/v2\/comments?post=168939"}],"version-history":[{"count":1,"href":"https:\/\/digital58.com.ve\/site\/wp-json\/wp\/v2\/posts\/168939\/revisions"}],"predecessor-version":[{"id":168942,"href":"https:\/\/digital58.com.ve\/site\/wp-json\/wp\/v2\/posts\/168939\/revisions\/168942"}],"wp:featuredmedia":[{"embeddable":true,"href":"https:\/\/digital58.com.ve\/site\/wp-json\/wp\/v2\/media\/168940"}],"wp:attachment":[{"href":"https:\/\/digital58.com.ve\/site\/wp-json\/wp\/v2\/media?parent=168939"}],"wp:term":[{"taxonomy":"category","embeddable":true,"href":"https:\/\/digital58.com.ve\/site\/wp-json\/wp\/v2\/categories?post=168939"},{"taxonomy":"post_tag","embeddable":true,"href":"https:\/\/digital58.com.ve\/site\/wp-json\/wp\/v2\/tags?post=168939"}],"curies":[{"name":"wp","href":"https:\/\/api.w.org\/{rel}","templated":true}]}}