{"id":169426,"date":"2023-08-09T09:49:11","date_gmt":"2023-08-09T13:49:11","guid":{"rendered":"https:\/\/digital58.com.ve\/site\/?p=169426"},"modified":"2023-08-09T10:00:38","modified_gmt":"2023-08-09T14:00:38","slug":"una-montana-de-desechos-de-120-metros-de-largo-fue-el-punto-critico-mas-grande-que-recogio-la-alcaldia-de-maracaibo-en-la-c-3","status":"publish","type":"post","link":"https:\/\/digital58.com.ve\/site\/2023\/08\/09\/una-montana-de-desechos-de-120-metros-de-largo-fue-el-punto-critico-mas-grande-que-recogio-la-alcaldia-de-maracaibo-en-la-c-3\/","title":{"rendered":"Una monta\u00f1a de desechos de 120 metros de largo fue el punto cr\u00edtico m\u00e1s grande que recogi\u00f3 la Alcald\u00eda de Maracaibo en la C-3"},"content":{"rendered":"<p><a href=\"https:\/\/digital58.com.ve\/site\/wp-content\/uploads\/2023\/08\/aseo-urbano-2.jpg\"><img loading=\"lazy\" decoding=\"async\" class=\"aligncenter size-full wp-image-169427\" src=\"https:\/\/digital58.com.ve\/site\/wp-content\/uploads\/2023\/08\/aseo-urbano-2.jpg\" alt=\"\" width=\"800\" height=\"446\" srcset=\"https:\/\/digital58.com.ve\/site\/wp-content\/uploads\/2023\/08\/aseo-urbano-2.jpg 800w, https:\/\/digital58.com.ve\/site\/wp-content\/uploads\/2023\/08\/aseo-urbano-2-300x167.jpg 300w, https:\/\/digital58.com.ve\/site\/wp-content\/uploads\/2023\/08\/aseo-urbano-2-768x428.jpg 768w\" sizes=\"auto, (max-width: 800px) 100vw, 800px\" \/><\/a><\/p>\n<p>25 ambientalistas, cuatro m\u00e1quinas retroexcavadoras y 16 camiones volteo se activaron para recuperar este espacio durante dos d\u00edas.<\/p>\n<p><strong>Maracaibo, Zulia, Venezuela, 09 de agosto de 2023 (ND58).-<\/strong> Una monta\u00f1a de desechos de 120 metros de largo por 1,80 metros de alto ubicado en el sector Las Acacias, a la altura del comando policial Los Patrulleros, en la parroquia Francisco Eugenio Bustamante es, hasta ahora, el punto cr\u00edtico m\u00e1s grande que ha eliminado la Alcald\u00eda de Maracaibo en la jornada de limpieza que realiz\u00f3 en la Circunvalaci\u00f3n 3.<\/p>\n<p>En una tarea tit\u00e1nica se convirti\u00f3 para la municipalidad, a trav\u00e9s del Instituto Municipal del Ambiente (IMA), recolectar las 785,53 toneladas de desperdicios, durante la intervenci\u00f3n de esta importante arterial que comunica al oeste de la ciudad con los municipios San Francisco y Jes\u00fas Enrique Lossada.<\/p>\n<p>25 ambientalistas, cuatro m\u00e1quinas retroexcavadoras y 16 camiones volteo se activaron para recuperar este espacio.<\/p>\n<p>Jos\u00e9 \u00c1ngel P\u00e9rez, presidente del IMA, inform\u00f3 que este punto era utilizado como vertedero con desechos en su \u00abmayor\u00eda domiciliarios\u00bb.<\/p>\n<p>\u00abTen\u00eda 120 metros de largo con 1,80 metros de altura. Es el primero que hemos eliminado de esta magnitud\u00bb, describi\u00f3 P\u00e9rez, quien destac\u00f3 que para el beneficio de las comunidades cercanas fueron recolectados e hizo un llamado a no volver a usarlo el lugar para depositar desechos, respetando el cronograma de recolecci\u00f3n.<\/p>\n<p>Nelson Paz, gerente de operaciones del IMA, detall\u00f3 que tardaron dos d\u00edas de trabajo con el apoyo de \u00ab25 ambientalistas, cuatro m\u00e1quinas retroexcavadoras y 16 camiones volteo\u00bb.<\/p>\n<p><a href=\"https:\/\/digital58.com.ve\/site\/wp-content\/uploads\/2023\/08\/aseo-urbano.jpg\"><img loading=\"lazy\" decoding=\"async\" class=\"aligncenter size-full wp-image-169428\" src=\"https:\/\/digital58.com.ve\/site\/wp-content\/uploads\/2023\/08\/aseo-urbano.jpg\" alt=\"\" width=\"800\" height=\"421\" srcset=\"https:\/\/digital58.com.ve\/site\/wp-content\/uploads\/2023\/08\/aseo-urbano.jpg 800w, https:\/\/digital58.com.ve\/site\/wp-content\/uploads\/2023\/08\/aseo-urbano-300x158.jpg 300w, https:\/\/digital58.com.ve\/site\/wp-content\/uploads\/2023\/08\/aseo-urbano-768x404.jpg 768w, https:\/\/digital58.com.ve\/site\/wp-content\/uploads\/2023\/08\/aseo-urbano-390x205.jpg 390w\" sizes=\"auto, (max-width: 800px) 100vw, 800px\" \/><\/a><\/p>\n<p>\u00abSe hizo un gran esfuerzo para recuperar este espacio, pues los camiones volteo tuvieron que hacer 143 viajes para trasladar los desechos al relleno sanitario el lugar de dep\u00f3sito final\u00bb, precis\u00f3 Paz.<\/p>\n<p>\u00abEntendemos que hubo un retraso en la recolecci\u00f3n por la escasez de combustible, pero tener tanta cantidad de basura es peligroso para la comunidad, porque adem\u00e1s de las moscas, hab\u00edan cien pies y ratas. Gracias a la Alcald\u00eda se pudo limpiar y esperamos que no se vuelva a llenar\u00bb, expres\u00f3 Sof\u00eda Mar\u00edn, habitante de la zona, mientras miraba con asombro el proceso de recolecci\u00f3n.<\/p>\n<p>Rub\u00e9n Uzc\u00e1tegui, otro vecino de Las Acacias, resalt\u00f3: \u00abEs bueno que la Alcald\u00eda lo limpie, como habitantes pedimos que se le d\u00e9 utilidad a ese terreno que es propiedad de Barrio Nuevo Barrio Tricolor para que no se llene de basura otra vez\u00bb.<\/p>\n<p>Un total de 60 puntos cr\u00edticos elimin\u00f3 la Alcald\u00eda en el Plan de Intervenci\u00f3n de la C-3 que dur\u00f3 21 d\u00edas en total abarcando desde el l\u00edmite con San Francisco, en la zona industrial, hasta el empalme con la v\u00eda a La Concepci\u00f3n, JEL, a la altura de la urbanizaci\u00f3n La Rotar\u00eda.<\/p>\n<p><strong>Redacci\u00f3n ND58 | Fuente: Comunicaciones IMA\/ Alcald\u00eda de Maracaibo<\/strong><br \/>\n<strong>Edici\u00f3n: Villasmil, Henry<\/strong><br \/>\n<strong>Gr\u00e1fica: Cortes\u00eda Comunicaciones IMA\/ Alcald\u00eda de Maracaibo<\/strong><\/p>\n<p>&nbsp;<\/p>\n<p>&nbsp;<\/p><div class=\"wltkc69f524d842ffc\" ><p style=\"text-align: center;\"><a href=\"https:\/\/t.me\/noticiasdigital58\" target=\"_blank\" rel=\"noopener\"><img class=\"aligncenter size-full wp-image-125363\" src=\"https:\/\/digital58.com.ve\/site\/wp-content\/uploads\/2021\/04\/banner-telegram-web-2021.png\" alt=\"\" width=\"600\" height=\"90\" \/><\/a><\/p><\/div><style type=\"text\/css\">\r\n@media screen and (min-width: 1201px) {\r\n.wltkc69f524d842ffc {\r\ndisplay: block;\r\n}\r\n}\r\n@media screen and (min-width: 993px) and (max-width: 1200px) {\r\n.wltkc69f524d842ffc {\r\ndisplay: block;\r\n}\r\n}\r\n@media screen and (min-width: 769px) and (max-width: 992px) {\r\n.wltkc69f524d842ffc {\r\ndisplay: block;\r\n}\r\n}\r\n@media screen and (min-width: 768px) and (max-width: 768px) {\r\n.wltkc69f524d842ffc {\r\ndisplay: block;\r\n}\r\n}\r\n@media screen and (max-width: 767px) {\r\n.wltkc69f524d842ffc {\r\ndisplay: block;\r\n}\r\n}\r\n<\/style>\r\n\n<p>&nbsp;<\/p>\n<div style=\"margin-top: 0px; margin-bottom: 0px;\" class=\"sharethis-inline-share-buttons\" ><\/div>","protected":false},"excerpt":{"rendered":"<p>25 ambientalistas, cuatro m\u00e1quinas retroexcavadoras y 16 camiones volteo se activaron para recuperar este espacio durante dos d\u00edas. Maracaibo, Zulia,<\/p>\n","protected":false},"author":1,"featured_media":169428,"comment_status":"open","ping_status":"closed","sticky":false,"template":"","format":"standard","meta":{"colormag_page_container_layout":"default_layout","colormag_page_sidebar_layout":"default_layout","_uag_custom_page_level_css":"","footnotes":""},"categories":[14504],"tags":[290,15280,12654,73,233,13980,2354,10665,32],"class_list":["post-169426","post","type-post","status-publish","format-standard","has-post-thumbnail","hentry","category-zulia","tag-alcaldia-de-maracaibo","tag-aseo-urbano","tag-instituto-municipal-del-ambiente","tag-maracaibo","tag-nacionales","tag-rafael-ramirez-colina","tag-regionales","tag-servicios-publicos","tag-venezuela"],"yoast_head":"<!-- This site is optimized with the Yoast SEO plugin v27.5 - https:\/\/yoast.com\/product\/yoast-seo-wordpress\/ -->\n<title>Una monta\u00f1a de desechos de 120 metros de largo fue el punto cr\u00edtico m\u00e1s grande que recogi\u00f3 la Alcald\u00eda de Maracaibo en la C-3<\/title>\n<meta name=\"robots\" content=\"index, follow, max-snippet:-1, max-image-preview:large, max-video-preview:-1\" \/>\n<link rel=\"canonical\" href=\"https:\/\/digital58.com.ve\/site\/2023\/08\/09\/una-montana-de-desechos-de-120-metros-de-largo-fue-el-punto-critico-mas-grande-que-recogio-la-alcaldia-de-maracaibo-en-la-c-3\/\" \/>\n<meta property=\"og:locale\" content=\"es_ES\" \/>\n<meta property=\"og:type\" content=\"article\" \/>\n<meta property=\"og:title\" content=\"Una monta\u00f1a de desechos de 120 metros de largo fue el punto cr\u00edtico m\u00e1s grande que recogi\u00f3 la Alcald\u00eda de Maracaibo en la C-3\" \/>\n<meta property=\"og:url\" content=\"https:\/\/digital58.com.ve\/site\/2023\/08\/09\/una-montana-de-desechos-de-120-metros-de-largo-fue-el-punto-critico-mas-grande-que-recogio-la-alcaldia-de-maracaibo-en-la-c-3\/\" \/>\n<meta property=\"og:site_name\" content=\"Noticias Digital58\" \/>\n<meta property=\"article:published_time\" content=\"2023-08-09T13:49:11+00:00\" \/>\n<meta property=\"article:modified_time\" content=\"2023-08-09T14:00:38+00:00\" \/>\n<meta property=\"og:image\" content=\"https:\/\/i0.wp.com\/digital58.com.ve\/site\/wp-content\/uploads\/2023\/08\/aseo-urbano.jpg?fit=800%2C421&ssl=1\" \/>\n\t<meta property=\"og:image:width\" content=\"800\" \/>\n\t<meta property=\"og:image:height\" content=\"421\" \/>\n\t<meta property=\"og:image:type\" content=\"image\/jpeg\" \/>\n<meta name=\"author\" content=\"Villasmil Henry\" \/>\n<meta name=\"twitter:card\" content=\"summary_large_image\" \/>\n<meta name=\"twitter:creator\" content=\"@https:\/\/twitter.com\/villasmilhfoto\" \/>\n<meta name=\"twitter:site\" content=\"@villasmilhfoto\" \/>\n<meta name=\"twitter:label1\" content=\"Escrito por\" \/>\n\t<meta name=\"twitter:data1\" content=\"Villasmil Henry\" \/>\n\t<meta name=\"twitter:label2\" content=\"Tiempo estimado de lectura\" \/>\n\t<meta name=\"twitter:data2\" content=\"2 minutos\" \/>\n<script type=\"application\/ld+json\" class=\"yoast-schema-graph\">{\"@context\":\"https:\\\/\\\/schema.org\",\"@graph\":[{\"@type\":\"Article\",\"@id\":\"https:\\\/\\\/digital58.com.ve\\\/site\\\/2023\\\/08\\\/09\\\/una-montana-de-desechos-de-120-metros-de-largo-fue-el-punto-critico-mas-grande-que-recogio-la-alcaldia-de-maracaibo-en-la-c-3\\\/#article\",\"isPartOf\":{\"@id\":\"https:\\\/\\\/digital58.com.ve\\\/site\\\/2023\\\/08\\\/09\\\/una-montana-de-desechos-de-120-metros-de-largo-fue-el-punto-critico-mas-grande-que-recogio-la-alcaldia-de-maracaibo-en-la-c-3\\\/\"},\"author\":{\"name\":\"Villasmil Henry\",\"@id\":\"https:\\\/\\\/digital58.com.ve\\\/site\\\/#\\\/schema\\\/person\\\/64d1c2e4d0d4fd1b849980c4331c2951\"},\"headline\":\"Una monta\u00f1a de desechos de 120 metros de largo fue el punto cr\u00edtico m\u00e1s grande que recogi\u00f3 la Alcald\u00eda de Maracaibo en la C-3\",\"datePublished\":\"2023-08-09T13:49:11+00:00\",\"dateModified\":\"2023-08-09T14:00:38+00:00\",\"mainEntityOfPage\":{\"@id\":\"https:\\\/\\\/digital58.com.ve\\\/site\\\/2023\\\/08\\\/09\\\/una-montana-de-desechos-de-120-metros-de-largo-fue-el-punto-critico-mas-grande-que-recogio-la-alcaldia-de-maracaibo-en-la-c-3\\\/\"},\"wordCount\":515,\"commentCount\":0,\"publisher\":{\"@id\":\"https:\\\/\\\/digital58.com.ve\\\/site\\\/#\\\/schema\\\/person\\\/64d1c2e4d0d4fd1b849980c4331c2951\"},\"image\":{\"@id\":\"https:\\\/\\\/digital58.com.ve\\\/site\\\/2023\\\/08\\\/09\\\/una-montana-de-desechos-de-120-metros-de-largo-fue-el-punto-critico-mas-grande-que-recogio-la-alcaldia-de-maracaibo-en-la-c-3\\\/#primaryimage\"},\"thumbnailUrl\":\"https:\\\/\\\/digital58.com.ve\\\/site\\\/wp-content\\\/uploads\\\/2023\\\/08\\\/aseo-urbano.jpg\",\"keywords\":[\"Alcald\u00eda de Maracaibo\",\"Aseo Urbano\",\"Instituto Municipal del Ambiente\",\"Maracaibo\",\"Nacionales\",\"Rafael Ram\u00edrez Colina\",\"Regionales\",\"Servicios P\u00fablicos\",\"Venezuela\"],\"articleSection\":[\"Zulia\"],\"inLanguage\":\"es\",\"potentialAction\":[{\"@type\":\"CommentAction\",\"name\":\"Comment\",\"target\":[\"https:\\\/\\\/digital58.com.ve\\\/site\\\/2023\\\/08\\\/09\\\/una-montana-de-desechos-de-120-metros-de-largo-fue-el-punto-critico-mas-grande-que-recogio-la-alcaldia-de-maracaibo-en-la-c-3\\\/#respond\"]}]},{\"@type\":\"WebPage\",\"@id\":\"https:\\\/\\\/digital58.com.ve\\\/site\\\/2023\\\/08\\\/09\\\/una-montana-de-desechos-de-120-metros-de-largo-fue-el-punto-critico-mas-grande-que-recogio-la-alcaldia-de-maracaibo-en-la-c-3\\\/\",\"url\":\"https:\\\/\\\/digital58.com.ve\\\/site\\\/2023\\\/08\\\/09\\\/una-montana-de-desechos-de-120-metros-de-largo-fue-el-punto-critico-mas-grande-que-recogio-la-alcaldia-de-maracaibo-en-la-c-3\\\/\",\"name\":\"Una monta\u00f1a de desechos de 120 metros de largo fue el punto cr\u00edtico m\u00e1s grande que recogi\u00f3 la Alcald\u00eda de Maracaibo en la C-3\",\"isPartOf\":{\"@id\":\"https:\\\/\\\/digital58.com.ve\\\/site\\\/#website\"},\"primaryImageOfPage\":{\"@id\":\"https:\\\/\\\/digital58.com.ve\\\/site\\\/2023\\\/08\\\/09\\\/una-montana-de-desechos-de-120-metros-de-largo-fue-el-punto-critico-mas-grande-que-recogio-la-alcaldia-de-maracaibo-en-la-c-3\\\/#primaryimage\"},\"image\":{\"@id\":\"https:\\\/\\\/digital58.com.ve\\\/site\\\/2023\\\/08\\\/09\\\/una-montana-de-desechos-de-120-metros-de-largo-fue-el-punto-critico-mas-grande-que-recogio-la-alcaldia-de-maracaibo-en-la-c-3\\\/#primaryimage\"},\"thumbnailUrl\":\"https:\\\/\\\/digital58.com.ve\\\/site\\\/wp-content\\\/uploads\\\/2023\\\/08\\\/aseo-urbano.jpg\",\"datePublished\":\"2023-08-09T13:49:11+00:00\",\"dateModified\":\"2023-08-09T14:00:38+00:00\",\"breadcrumb\":{\"@id\":\"https:\\\/\\\/digital58.com.ve\\\/site\\\/2023\\\/08\\\/09\\\/una-montana-de-desechos-de-120-metros-de-largo-fue-el-punto-critico-mas-grande-que-recogio-la-alcaldia-de-maracaibo-en-la-c-3\\\/#breadcrumb\"},\"inLanguage\":\"es\",\"potentialAction\":[{\"@type\":\"ReadAction\",\"target\":[\"https:\\\/\\\/digital58.com.ve\\\/site\\\/2023\\\/08\\\/09\\\/una-montana-de-desechos-de-120-metros-de-largo-fue-el-punto-critico-mas-grande-que-recogio-la-alcaldia-de-maracaibo-en-la-c-3\\\/\"]}]},{\"@type\":\"ImageObject\",\"inLanguage\":\"es\",\"@id\":\"https:\\\/\\\/digital58.com.ve\\\/site\\\/2023\\\/08\\\/09\\\/una-montana-de-desechos-de-120-metros-de-largo-fue-el-punto-critico-mas-grande-que-recogio-la-alcaldia-de-maracaibo-en-la-c-3\\\/#primaryimage\",\"url\":\"https:\\\/\\\/digital58.com.ve\\\/site\\\/wp-content\\\/uploads\\\/2023\\\/08\\\/aseo-urbano.jpg\",\"contentUrl\":\"https:\\\/\\\/digital58.com.ve\\\/site\\\/wp-content\\\/uploads\\\/2023\\\/08\\\/aseo-urbano.jpg\",\"width\":800,\"height\":421},{\"@type\":\"BreadcrumbList\",\"@id\":\"https:\\\/\\\/digital58.com.ve\\\/site\\\/2023\\\/08\\\/09\\\/una-montana-de-desechos-de-120-metros-de-largo-fue-el-punto-critico-mas-grande-que-recogio-la-alcaldia-de-maracaibo-en-la-c-3\\\/#breadcrumb\",\"itemListElement\":[{\"@type\":\"ListItem\",\"position\":1,\"name\":\"Home\",\"item\":\"https:\\\/\\\/digital58.com.ve\\\/site\\\/\"},{\"@type\":\"ListItem\",\"position\":2,\"name\":\"Una monta\u00f1a de desechos de 120 metros de largo fue el punto cr\u00edtico m\u00e1s grande que recogi\u00f3 la Alcald\u00eda de Maracaibo en la C-3\"}]},{\"@type\":\"WebSite\",\"@id\":\"https:\\\/\\\/digital58.com.ve\\\/site\\\/#website\",\"url\":\"https:\\\/\\\/digital58.com.ve\\\/site\\\/\",\"name\":\"Noticias Digital58\",\"description\":\"Portal de Noticias \u00a1Periodismo web de verdad! Lanzamiento web 22.11.2005 \\\/ Maracaibo, Venezuela\",\"publisher\":{\"@id\":\"https:\\\/\\\/digital58.com.ve\\\/site\\\/#\\\/schema\\\/person\\\/64d1c2e4d0d4fd1b849980c4331c2951\"},\"alternateName\":\"ND58\",\"potentialAction\":[{\"@type\":\"SearchAction\",\"target\":{\"@type\":\"EntryPoint\",\"urlTemplate\":\"https:\\\/\\\/digital58.com.ve\\\/site\\\/?s={search_term_string}\"},\"query-input\":{\"@type\":\"PropertyValueSpecification\",\"valueRequired\":true,\"valueName\":\"search_term_string\"}}],\"inLanguage\":\"es\"},{\"@type\":[\"Person\",\"Organization\"],\"@id\":\"https:\\\/\\\/digital58.com.ve\\\/site\\\/#\\\/schema\\\/person\\\/64d1c2e4d0d4fd1b849980c4331c2951\",\"name\":\"Villasmil Henry\",\"image\":{\"@type\":\"ImageObject\",\"inLanguage\":\"es\",\"@id\":\"https:\\\/\\\/secure.gravatar.com\\\/avatar\\\/bb0c4a2fcb7970138239f7e404ea75757b1b507b28b5ce4c53fbd62d797c5a7c?s=96&d=mm&r=g\",\"url\":\"https:\\\/\\\/secure.gravatar.com\\\/avatar\\\/bb0c4a2fcb7970138239f7e404ea75757b1b507b28b5ce4c53fbd62d797c5a7c?s=96&d=mm&r=g\",\"contentUrl\":\"https:\\\/\\\/secure.gravatar.com\\\/avatar\\\/bb0c4a2fcb7970138239f7e404ea75757b1b507b28b5ce4c53fbd62d797c5a7c?s=96&d=mm&r=g\",\"caption\":\"Villasmil Henry\"},\"logo\":{\"@id\":\"https:\\\/\\\/secure.gravatar.com\\\/avatar\\\/bb0c4a2fcb7970138239f7e404ea75757b1b507b28b5ce4c53fbd62d797c5a7c?s=96&d=mm&r=g\"},\"sameAs\":[\"http:\\\/\\\/www.henryvillasmil.com.ve\",\"https:\\\/\\\/www.instagram.com\\\/villasmilhfoto\\\/\",\"https:\\\/\\\/x.com\\\/https:\\\/\\\/twitter.com\\\/villasmilhfoto\"],\"url\":\"https:\\\/\\\/digital58.com.ve\\\/site\\\/author\\\/droopy_68\\\/\"}]}<\/script>\n<!-- \/ Yoast SEO plugin. -->","yoast_head_json":{"title":"Una monta\u00f1a de desechos de 120 metros de largo fue el punto cr\u00edtico m\u00e1s grande que recogi\u00f3 la Alcald\u00eda de Maracaibo en la C-3","robots":{"index":"index","follow":"follow","max-snippet":"max-snippet:-1","max-image-preview":"max-image-preview:large","max-video-preview":"max-video-preview:-1"},"canonical":"https:\/\/digital58.com.ve\/site\/2023\/08\/09\/una-montana-de-desechos-de-120-metros-de-largo-fue-el-punto-critico-mas-grande-que-recogio-la-alcaldia-de-maracaibo-en-la-c-3\/","og_locale":"es_ES","og_type":"article","og_title":"Una monta\u00f1a de desechos de 120 metros de largo fue el punto cr\u00edtico m\u00e1s grande que recogi\u00f3 la Alcald\u00eda de Maracaibo en la C-3","og_url":"https:\/\/digital58.com.ve\/site\/2023\/08\/09\/una-montana-de-desechos-de-120-metros-de-largo-fue-el-punto-critico-mas-grande-que-recogio-la-alcaldia-de-maracaibo-en-la-c-3\/","og_site_name":"Noticias Digital58","article_published_time":"2023-08-09T13:49:11+00:00","article_modified_time":"2023-08-09T14:00:38+00:00","og_image":[{"width":800,"height":421,"url":"https:\/\/i0.wp.com\/digital58.com.ve\/site\/wp-content\/uploads\/2023\/08\/aseo-urbano.jpg?fit=800%2C421&ssl=1","type":"image\/jpeg"}],"author":"Villasmil Henry","twitter_card":"summary_large_image","twitter_creator":"@https:\/\/twitter.com\/villasmilhfoto","twitter_site":"@villasmilhfoto","twitter_misc":{"Escrito por":"Villasmil Henry","Tiempo estimado de lectura":"2 minutos"},"schema":{"@context":"https:\/\/schema.org","@graph":[{"@type":"Article","@id":"https:\/\/digital58.com.ve\/site\/2023\/08\/09\/una-montana-de-desechos-de-120-metros-de-largo-fue-el-punto-critico-mas-grande-que-recogio-la-alcaldia-de-maracaibo-en-la-c-3\/#article","isPartOf":{"@id":"https:\/\/digital58.com.ve\/site\/2023\/08\/09\/una-montana-de-desechos-de-120-metros-de-largo-fue-el-punto-critico-mas-grande-que-recogio-la-alcaldia-de-maracaibo-en-la-c-3\/"},"author":{"name":"Villasmil Henry","@id":"https:\/\/digital58.com.ve\/site\/#\/schema\/person\/64d1c2e4d0d4fd1b849980c4331c2951"},"headline":"Una monta\u00f1a de desechos de 120 metros de largo fue el punto cr\u00edtico m\u00e1s grande que recogi\u00f3 la Alcald\u00eda de Maracaibo en la C-3","datePublished":"2023-08-09T13:49:11+00:00","dateModified":"2023-08-09T14:00:38+00:00","mainEntityOfPage":{"@id":"https:\/\/digital58.com.ve\/site\/2023\/08\/09\/una-montana-de-desechos-de-120-metros-de-largo-fue-el-punto-critico-mas-grande-que-recogio-la-alcaldia-de-maracaibo-en-la-c-3\/"},"wordCount":515,"commentCount":0,"publisher":{"@id":"https:\/\/digital58.com.ve\/site\/#\/schema\/person\/64d1c2e4d0d4fd1b849980c4331c2951"},"image":{"@id":"https:\/\/digital58.com.ve\/site\/2023\/08\/09\/una-montana-de-desechos-de-120-metros-de-largo-fue-el-punto-critico-mas-grande-que-recogio-la-alcaldia-de-maracaibo-en-la-c-3\/#primaryimage"},"thumbnailUrl":"https:\/\/digital58.com.ve\/site\/wp-content\/uploads\/2023\/08\/aseo-urbano.jpg","keywords":["Alcald\u00eda de Maracaibo","Aseo Urbano","Instituto Municipal del Ambiente","Maracaibo","Nacionales","Rafael Ram\u00edrez Colina","Regionales","Servicios P\u00fablicos","Venezuela"],"articleSection":["Zulia"],"inLanguage":"es","potentialAction":[{"@type":"CommentAction","name":"Comment","target":["https:\/\/digital58.com.ve\/site\/2023\/08\/09\/una-montana-de-desechos-de-120-metros-de-largo-fue-el-punto-critico-mas-grande-que-recogio-la-alcaldia-de-maracaibo-en-la-c-3\/#respond"]}]},{"@type":"WebPage","@id":"https:\/\/digital58.com.ve\/site\/2023\/08\/09\/una-montana-de-desechos-de-120-metros-de-largo-fue-el-punto-critico-mas-grande-que-recogio-la-alcaldia-de-maracaibo-en-la-c-3\/","url":"https:\/\/digital58.com.ve\/site\/2023\/08\/09\/una-montana-de-desechos-de-120-metros-de-largo-fue-el-punto-critico-mas-grande-que-recogio-la-alcaldia-de-maracaibo-en-la-c-3\/","name":"Una monta\u00f1a de desechos de 120 metros de largo fue el punto cr\u00edtico m\u00e1s grande que recogi\u00f3 la Alcald\u00eda de Maracaibo en la C-3","isPartOf":{"@id":"https:\/\/digital58.com.ve\/site\/#website"},"primaryImageOfPage":{"@id":"https:\/\/digital58.com.ve\/site\/2023\/08\/09\/una-montana-de-desechos-de-120-metros-de-largo-fue-el-punto-critico-mas-grande-que-recogio-la-alcaldia-de-maracaibo-en-la-c-3\/#primaryimage"},"image":{"@id":"https:\/\/digital58.com.ve\/site\/2023\/08\/09\/una-montana-de-desechos-de-120-metros-de-largo-fue-el-punto-critico-mas-grande-que-recogio-la-alcaldia-de-maracaibo-en-la-c-3\/#primaryimage"},"thumbnailUrl":"https:\/\/digital58.com.ve\/site\/wp-content\/uploads\/2023\/08\/aseo-urbano.jpg","datePublished":"2023-08-09T13:49:11+00:00","dateModified":"2023-08-09T14:00:38+00:00","breadcrumb":{"@id":"https:\/\/digital58.com.ve\/site\/2023\/08\/09\/una-montana-de-desechos-de-120-metros-de-largo-fue-el-punto-critico-mas-grande-que-recogio-la-alcaldia-de-maracaibo-en-la-c-3\/#breadcrumb"},"inLanguage":"es","potentialAction":[{"@type":"ReadAction","target":["https:\/\/digital58.com.ve\/site\/2023\/08\/09\/una-montana-de-desechos-de-120-metros-de-largo-fue-el-punto-critico-mas-grande-que-recogio-la-alcaldia-de-maracaibo-en-la-c-3\/"]}]},{"@type":"ImageObject","inLanguage":"es","@id":"https:\/\/digital58.com.ve\/site\/2023\/08\/09\/una-montana-de-desechos-de-120-metros-de-largo-fue-el-punto-critico-mas-grande-que-recogio-la-alcaldia-de-maracaibo-en-la-c-3\/#primaryimage","url":"https:\/\/digital58.com.ve\/site\/wp-content\/uploads\/2023\/08\/aseo-urbano.jpg","contentUrl":"https:\/\/digital58.com.ve\/site\/wp-content\/uploads\/2023\/08\/aseo-urbano.jpg","width":800,"height":421},{"@type":"BreadcrumbList","@id":"https:\/\/digital58.com.ve\/site\/2023\/08\/09\/una-montana-de-desechos-de-120-metros-de-largo-fue-el-punto-critico-mas-grande-que-recogio-la-alcaldia-de-maracaibo-en-la-c-3\/#breadcrumb","itemListElement":[{"@type":"ListItem","position":1,"name":"Home","item":"https:\/\/digital58.com.ve\/site\/"},{"@type":"ListItem","position":2,"name":"Una monta\u00f1a de desechos de 120 metros de largo fue el punto cr\u00edtico m\u00e1s grande que recogi\u00f3 la Alcald\u00eda de Maracaibo en la C-3"}]},{"@type":"WebSite","@id":"https:\/\/digital58.com.ve\/site\/#website","url":"https:\/\/digital58.com.ve\/site\/","name":"Noticias Digital58","description":"Portal de Noticias \u00a1Periodismo web de verdad! Lanzamiento web 22.11.2005 \/ Maracaibo, Venezuela","publisher":{"@id":"https:\/\/digital58.com.ve\/site\/#\/schema\/person\/64d1c2e4d0d4fd1b849980c4331c2951"},"alternateName":"ND58","potentialAction":[{"@type":"SearchAction","target":{"@type":"EntryPoint","urlTemplate":"https:\/\/digital58.com.ve\/site\/?s={search_term_string}"},"query-input":{"@type":"PropertyValueSpecification","valueRequired":true,"valueName":"search_term_string"}}],"inLanguage":"es"},{"@type":["Person","Organization"],"@id":"https:\/\/digital58.com.ve\/site\/#\/schema\/person\/64d1c2e4d0d4fd1b849980c4331c2951","name":"Villasmil Henry","image":{"@type":"ImageObject","inLanguage":"es","@id":"https:\/\/secure.gravatar.com\/avatar\/bb0c4a2fcb7970138239f7e404ea75757b1b507b28b5ce4c53fbd62d797c5a7c?s=96&d=mm&r=g","url":"https:\/\/secure.gravatar.com\/avatar\/bb0c4a2fcb7970138239f7e404ea75757b1b507b28b5ce4c53fbd62d797c5a7c?s=96&d=mm&r=g","contentUrl":"https:\/\/secure.gravatar.com\/avatar\/bb0c4a2fcb7970138239f7e404ea75757b1b507b28b5ce4c53fbd62d797c5a7c?s=96&d=mm&r=g","caption":"Villasmil Henry"},"logo":{"@id":"https:\/\/secure.gravatar.com\/avatar\/bb0c4a2fcb7970138239f7e404ea75757b1b507b28b5ce4c53fbd62d797c5a7c?s=96&d=mm&r=g"},"sameAs":["http:\/\/www.henryvillasmil.com.ve","https:\/\/www.instagram.com\/villasmilhfoto\/","https:\/\/x.com\/https:\/\/twitter.com\/villasmilhfoto"],"url":"https:\/\/digital58.com.ve\/site\/author\/droopy_68\/"}]}},"uagb_featured_image_src":{"full":["https:\/\/digital58.com.ve\/site\/wp-content\/uploads\/2023\/08\/aseo-urbano.jpg",800,421,false],"thumbnail":["https:\/\/digital58.com.ve\/site\/wp-content\/uploads\/2023\/08\/aseo-urbano-150x150.jpg",150,150,true],"medium":["https:\/\/digital58.com.ve\/site\/wp-content\/uploads\/2023\/08\/aseo-urbano-300x158.jpg",300,158,true],"medium_large":["https:\/\/digital58.com.ve\/site\/wp-content\/uploads\/2023\/08\/aseo-urbano-768x404.jpg",768,404,true],"large":["https:\/\/digital58.com.ve\/site\/wp-content\/uploads\/2023\/08\/aseo-urbano.jpg",800,421,false],"1536x1536":["https:\/\/digital58.com.ve\/site\/wp-content\/uploads\/2023\/08\/aseo-urbano.jpg",800,421,false],"2048x2048":["https:\/\/digital58.com.ve\/site\/wp-content\/uploads\/2023\/08\/aseo-urbano.jpg",800,421,false],"colormag-highlighted-post":["https:\/\/digital58.com.ve\/site\/wp-content\/uploads\/2023\/08\/aseo-urbano-392x272.jpg",392,272,true],"colormag-featured-post-medium":["https:\/\/digital58.com.ve\/site\/wp-content\/uploads\/2023\/08\/aseo-urbano-390x205.jpg",390,205,true],"colormag-featured-post-small":["https:\/\/digital58.com.ve\/site\/wp-content\/uploads\/2023\/08\/aseo-urbano-130x90.jpg",130,90,true],"colormag-featured-image":["https:\/\/digital58.com.ve\/site\/wp-content\/uploads\/2023\/08\/aseo-urbano.jpg",800,421,false],"colormag-default-news":["https:\/\/digital58.com.ve\/site\/wp-content\/uploads\/2023\/08\/aseo-urbano-150x150.jpg",150,150,true],"colormag-featured-image-large":["https:\/\/digital58.com.ve\/site\/wp-content\/uploads\/2023\/08\/aseo-urbano.jpg",800,421,false]},"uagb_author_info":{"display_name":"Villasmil Henry","author_link":"https:\/\/digital58.com.ve\/site\/author\/droopy_68\/"},"uagb_comment_info":0,"uagb_excerpt":"25 ambientalistas, cuatro m\u00e1quinas retroexcavadoras y 16 camiones volteo se activaron para recuperar este espacio durante dos d\u00edas. Maracaibo, Zulia,","_links":{"self":[{"href":"https:\/\/digital58.com.ve\/site\/wp-json\/wp\/v2\/posts\/169426","targetHints":{"allow":["GET"]}}],"collection":[{"href":"https:\/\/digital58.com.ve\/site\/wp-json\/wp\/v2\/posts"}],"about":[{"href":"https:\/\/digital58.com.ve\/site\/wp-json\/wp\/v2\/types\/post"}],"author":[{"embeddable":true,"href":"https:\/\/digital58.com.ve\/site\/wp-json\/wp\/v2\/users\/1"}],"replies":[{"embeddable":true,"href":"https:\/\/digital58.com.ve\/site\/wp-json\/wp\/v2\/comments?post=169426"}],"version-history":[{"count":1,"href":"https:\/\/digital58.com.ve\/site\/wp-json\/wp\/v2\/posts\/169426\/revisions"}],"predecessor-version":[{"id":169429,"href":"https:\/\/digital58.com.ve\/site\/wp-json\/wp\/v2\/posts\/169426\/revisions\/169429"}],"wp:featuredmedia":[{"embeddable":true,"href":"https:\/\/digital58.com.ve\/site\/wp-json\/wp\/v2\/media\/169428"}],"wp:attachment":[{"href":"https:\/\/digital58.com.ve\/site\/wp-json\/wp\/v2\/media?parent=169426"}],"wp:term":[{"taxonomy":"category","embeddable":true,"href":"https:\/\/digital58.com.ve\/site\/wp-json\/wp\/v2\/categories?post=169426"},{"taxonomy":"post_tag","embeddable":true,"href":"https:\/\/digital58.com.ve\/site\/wp-json\/wp\/v2\/tags?post=169426"}],"curies":[{"name":"wp","href":"https:\/\/api.w.org\/{rel}","templated":true}]}}