{"id":169526,"date":"2023-08-14T07:56:25","date_gmt":"2023-08-14T11:56:25","guid":{"rendered":"https:\/\/digital58.com.ve\/site\/?p=169526"},"modified":"2023-08-14T07:56:25","modified_gmt":"2023-08-14T11:56:25","slug":"venezuela-pronostico-del-tiempo-para-este-14-de-agosto","status":"publish","type":"post","link":"https:\/\/digital58.com.ve\/site\/2023\/08\/14\/venezuela-pronostico-del-tiempo-para-este-14-de-agosto\/","title":{"rendered":"#Venezuela | Pron\u00f3stico del tiempo para este 14 de agosto"},"content":{"rendered":"<p><a href=\"https:\/\/digital58.com.ve\/site\/wp-content\/uploads\/2023\/05\/lluvia.jpg\"><img loading=\"lazy\" decoding=\"async\" class=\"aligncenter size-full wp-image-165981\" src=\"https:\/\/digital58.com.ve\/site\/wp-content\/uploads\/2023\/05\/lluvia.jpg\" alt=\"\" width=\"800\" height=\"445\" srcset=\"https:\/\/digital58.com.ve\/site\/wp-content\/uploads\/2023\/05\/lluvia.jpg 800w, https:\/\/digital58.com.ve\/site\/wp-content\/uploads\/2023\/05\/lluvia-300x167.jpg 300w, https:\/\/digital58.com.ve\/site\/wp-content\/uploads\/2023\/05\/lluvia-768x427.jpg 768w\" sizes=\"auto, (max-width: 800px) 100vw, 800px\" \/><\/a><\/p>\n<p>La Onda Tropical Nro. 29, mantiene su desplazamiento sobre el occidente del pa\u00eds, interactuando con la Zona de Convergencia Intertropical.<\/p>\n<p><strong>Maracaibo, Zulia, Venezuela, 26 de julio de 2023 (ND58).-<\/strong> El Instituto Nacional de Meteorolog\u00eda e Hidrolog\u00eda (Inameh) prev\u00e9 para este lunes 14 de agosto nubosidad precipitaciones de moderada intensidad, descargas el\u00e9ctricas y eventuales r\u00e1fagas de viento, especialmente despu\u00e9s del mediod\u00eda, en buena parte de nuestro territorio nacional.<\/p>\n<p>Sin embargo, en algunas zonas de Anzo\u00e1tegui, Falc\u00f3n y oeste de Lara se prev\u00e9 poca nubosidad sin precipitaciones, se estiman acumulados pluviom\u00e9tricos entre 3-35 l\/m\u00b2. Temperatura m\u00ednima extrema, en horas de la madrugada, 8\u00b0C en zonas monta\u00f1osas de M\u00e9rida; m\u00e1xima despu\u00e9s del mediod\u00eda, cercana a los 39\u00b0C en Zulia y Falc\u00f3n.<\/p>\n<p><strong>Pron\u00f3stico extendido (24 horas)<\/strong><\/p>\n<p><strong>Regi\u00f3n Central y Capital (Miranda, Vargas, Aragua, Carabobo y el Distrito Capital)<br \/>\n<\/strong><span id=\"page3R_mcid67\" class=\"markedContent\"><span dir=\"ltr\" role=\"presentation\">Nubosidad parcial en horas de la ma\u00f1ana; nubosidad fragmentada con <\/span><span dir=\"ltr\" role=\"presentation\">precipitaciones dispersas, despu\u00e9s del mediod\u00eda.<\/span><\/span><\/p>\n<p><strong>Regi\u00f3n Oriental (Sucre, Anzo\u00e1tegui, Nueva Esparta, Monagas y Delta Amacuro)<br \/>\n<\/strong><span id=\"page3R_mcid58\" class=\"markedContent\"><span dir=\"ltr\" role=\"presentation\"><span id=\"page3R_mcid129\" class=\"markedContent\"><span id=\"page3R_mcid97\" class=\"markedContent\">Nublado con precipitaciones de intensidad variable, algunas <\/span><span id=\"page3R_mcid98\" class=\"markedContent\">acompa\u00f1adas de actividad el\u00e9ctrica y event<\/span><span id=\"page3R_mcid99\" class=\"markedContent\">uales r\u00e1fagas de viento.<\/span><\/span><\/span><\/span><\/p>\n<p><strong>Regi\u00f3n Centro Occidental (Yaracuy, Falc\u00f3n y Lara)<br \/>\n<\/strong><span id=\"page3R_mcid63\" class=\"markedContent\"><span dir=\"ltr\" role=\"presentation\"><span id=\"page3R_mcid133\" class=\"markedContent\"><span id=\"page3R_mcid103\" class=\"markedContent\">Poca nubosidad sin precipitaciones<\/span>.<\/span><\/span><\/span><\/p>\n<p><strong>Regi\u00f3n Llanos Centrales (Gu\u00e1rico y Cojedes)<br \/>\n<\/strong><span id=\"page3R_mcid76\" class=\"markedContent\"><span dir=\"ltr\" role=\"presentation\"><span id=\"page3R_mcid156\" class=\"markedContent\"><span id=\"page3R_mcid123\" class=\"markedContent\">Nublado<\/span><span id=\"page3R_mcid124\" class=\"markedContent\"><\/span><span id=\"page3R_mcid125\" class=\"markedContent\"> con<\/span><span id=\"page3R_mcid126\" class=\"markedContent\"><\/span><span id=\"page3R_mcid127\" class=\"markedContent\"> precipitaciones<\/span><span id=\"page3R_mcid128\" class=\"markedContent\"><\/span><span id=\"page3R_mcid129\" class=\"markedContent\"> de<\/span><span id=\"page3R_mcid130\" class=\"markedContent\"><\/span><span id=\"page3R_mcid131\" class=\"markedContent\"> intensidad<\/span><span id=\"page3R_mcid132\" class=\"markedContent\"><\/span><span id=\"page3R_mcid133\" class=\"markedContent\"> variable,<\/span><span id=\"page3R_mcid134\" class=\"markedContent\"><\/span><span id=\"page3R_mcid135\" class=\"markedContent\"><\/span><span id=\"page3R_mcid136\" class=\"markedContent\"><\/span><span id=\"page3R_mcid137\" class=\"markedContent\"><\/span><span id=\"page3R_mcid138\" class=\"markedContent\"> acompa\u00f1adas<\/span><span id=\"page3R_mcid139\" class=\"markedContent\"><\/span><span id=\"page3R_mcid140\" class=\"markedContent\"> de <\/span><span id=\"page3R_mcid141\" class=\"markedContent\"><\/span><span id=\"page3R_mcid142\" class=\"markedContent\">actividad<\/span><span id=\"page3R_mcid143\" class=\"markedContent\"><\/span><span id=\"page3R_mcid144\" class=\"markedContent\"> el\u00e9ctrica<\/span><span id=\"page3R_mcid145\" class=\"markedContent\"><\/span><span id=\"page3R_mcid146\" class=\"markedContent\"> y<\/span><span id=\"page3R_mcid147\" class=\"markedContent\"><\/span><span id=\"page3R_mcid148\" class=\"markedContent\"> eventuales<\/span><span id=\"page3R_mcid149\" class=\"markedContent\"><\/span><span id=\"page3R_mcid150\" class=\"markedContent\"> r\u00e1fagas<\/span><span id=\"page3R_mcid151\" class=\"markedContent\"><\/span><span id=\"page3R_mcid152\" class=\"markedContent\"> de<\/span><span id=\"page3R_mcid153\" class=\"markedContent\"><\/span><span id=\"page3R_mcid154\" class=\"markedContent\"> viento.<\/span><\/span><\/span><\/span><\/p>\n<p><strong>Regi\u00f3n Llanos Occidentales (Portuguesa, Barinas y Apure)<br \/>\n<\/strong><span id=\"page3R_mcid91\" class=\"markedContent\"><span dir=\"ltr\" role=\"presentation\"><span id=\"page3R_mcid161\" class=\"markedContent\"><span id=\"page3R_mcid159\" class=\"markedContent\">Nublado con precipitaciones de intensidad variable, algunas acompa\u00f1adas de actividad el\u00e9ctrica y eventuales r\u00e1fagas de viento.<\/span><\/span><\/span><\/span><\/p>\n<p><strong>Regi\u00f3n Andes (Trujillo, M\u00e9rida y T\u00e1chira)<br \/>\n<\/strong><span id=\"page3R_mcid105\" class=\"markedContent\"><span dir=\"ltr\" role=\"presentation\"><span id=\"page3R_mcid179\" class=\"markedContent\">Nublado<\/span><span id=\"page3R_mcid180\" class=\"markedContent\"><\/span><span id=\"page3R_mcid181\" class=\"markedContent\"> con<\/span><span id=\"page3R_mcid182\" class=\"markedContent\"><\/span><span id=\"page3R_mcid183\" class=\"markedContent\"> precipitacione<\/span><span id=\"page3R_mcid184\" class=\"markedContent\">s<\/span><span id=\"page3R_mcid185\" class=\"markedContent\"><\/span><span id=\"page3R_mcid186\" class=\"markedContent\"> de<\/span><span id=\"page3R_mcid187\" class=\"markedContent\"><\/span><span id=\"page3R_mcid188\" class=\"markedContent\"> intensidad<\/span><span id=\"page3R_mcid189\" class=\"markedContent\"><\/span><span id=\"page3R_mcid190\" class=\"markedContent\"> variable,<\/span><span id=\"page3R_mcid191\" class=\"markedContent\"><\/span><span id=\"page3R_mcid192\" class=\"markedContent\"> algunas<\/span><span id=\"page3R_mcid193\" class=\"markedContent\"><\/span><span id=\"page3R_mcid194\" class=\"markedContent\"><\/span><span id=\"page3R_mcid195\" class=\"markedContent\"> acompa\u00f1adas <\/span><span id=\"page3R_mcid196\" class=\"markedContent\"><\/span><span id=\"page3R_mcid197\" class=\"markedContent\">de<\/span><span id=\"page3R_mcid198\" class=\"markedContent\"><\/span><span id=\"page3R_mcid199\" class=\"markedContent\"> actividad<\/span><span id=\"page3R_mcid200\" class=\"markedContent\"><\/span><span id=\"page3R_mcid201\" class=\"markedContent\"> el\u00e9ctrica<\/span><span id=\"page3R_mcid202\" class=\"markedContent\"><\/span><span id=\"page3R_mcid203\" class=\"markedContent\"> y<\/span><span id=\"page3R_mcid204\" class=\"markedContent\"><\/span><span id=\"page3R_mcid205\" class=\"markedContent\"> eventuales<\/span><span id=\"page3R_mcid206\" class=\"markedContent\"><\/span><span id=\"page3R_mcid207\" class=\"markedContent\"> r\u00e1fagas<\/span><span id=\"page3R_mcid208\" class=\"markedContent\"><\/span><span id=\"page3R_mcid209\" class=\"markedContent\"> de<\/span><span id=\"page3R_mcid210\" class=\"markedContent\"><\/span><span id=\"page3R_mcid211\" class=\"markedContent\"> viento.<\/span><\/span><\/span><\/p>\n<p><strong>Regi\u00f3n Zuliana (Zulia)<br \/>\n<\/strong><span id=\"page3R_mcid216\" class=\"markedContent\"><span dir=\"ltr\" role=\"presentation\">Nublado con precipitaciones de intensi<\/span><span dir=\"ltr\" role=\"presentation\">dad variable,<\/span> <span dir=\"ltr\" role=\"presentation\">acompa\u00f1adas de <\/span><span dir=\"ltr\" role=\"presentation\">actividad el\u00e9ctrica<\/span> <span dir=\"ltr\" role=\"presentation\">y eventuales r\u00e1fagas de viento<\/span><\/span>.<\/p>\n<p><strong>Regi\u00f3n Sur (Amazonas, Bol\u00edvar y Territorio Esequibo)<br \/>\n<\/strong><span id=\"page3R_mcid239\" class=\"markedContent\"><span dir=\"ltr\" role=\"presentation\">Nublado<\/span><\/span><span id=\"page3R_mcid240\" class=\"markedContent\"><\/span><span id=\"page3R_mcid241\" class=\"markedContent\"> <span dir=\"ltr\" role=\"presentation\">con<\/span><\/span><span id=\"page3R_mcid242\" class=\"markedContent\"><\/span><span id=\"page3R_mcid243\" class=\"markedContent\"> <span dir=\"ltr\" role=\"presentation\">precipitaciones<\/span><\/span><span id=\"page3R_mcid244\" class=\"markedContent\"><\/span><span id=\"page3R_mcid245\" class=\"markedContent\"> <span dir=\"ltr\" role=\"presentation\">de<\/span><\/span><span id=\"page3R_mcid246\" class=\"markedContent\"><\/span><span id=\"page3R_mcid247\" class=\"markedContent\"> <span dir=\"ltr\" role=\"presentation\">intensidad<\/span><\/span><span id=\"page3R_mcid248\" class=\"markedContent\"><\/span><span id=\"page3R_mcid249\" class=\"markedContent\"> <span dir=\"ltr\" role=\"presentation\">variable,<\/span><\/span><span id=\"page3R_mcid250\" class=\"markedContent\"><\/span><span id=\"page3R_mcid251\" class=\"markedContent\"> <span dir=\"ltr\" role=\"presentation\">algunas<\/span><\/span><span id=\"page3R_mcid252\" class=\"markedContent\"><\/span><span id=\"page3R_mcid253\" class=\"markedContent\"><\/span><span id=\"page3R_mcid254\" class=\"markedContent\"> <span dir=\"ltr\" role=\"presentation\">acompa\u00f1adas <\/span><\/span><span id=\"page3R_mcid255\" class=\"markedContent\"><\/span><span id=\"page3R_mcid256\" class=\"markedContent\"><span dir=\"ltr\" role=\"presentation\">de<\/span><\/span><span id=\"page3R_mcid257\" class=\"markedContent\"><\/span><span id=\"page3R_mcid258\" class=\"markedContent\"> <span dir=\"ltr\" role=\"presentation\">actividad<\/span><\/span><span id=\"page3R_mcid259\" class=\"markedContent\"><\/span><span id=\"page3R_mcid260\" class=\"markedContent\"> <span dir=\"ltr\" role=\"presentation\">el\u00e9ctrica<\/span><\/span><span id=\"page3R_mcid261\" class=\"markedContent\"><\/span><span id=\"page3R_mcid262\" class=\"markedContent\"> <span dir=\"ltr\" role=\"presentation\">y<\/span><\/span><span id=\"page3R_mcid263\" class=\"markedContent\"><\/span><span id=\"page3R_mcid264\" class=\"markedContent\"> <span dir=\"ltr\" role=\"presentation\">eventuales<\/span><\/span><span id=\"page3R_mcid265\" class=\"markedContent\"><\/span><span id=\"page3R_mcid266\" class=\"markedContent\"> <span dir=\"ltr\" role=\"presentation\">r\u00e1fagas<\/span><\/span><span id=\"page3R_mcid267\" class=\"markedContent\"><\/span><span id=\"page3R_mcid268\" class=\"markedContent\"> <span dir=\"ltr\" role=\"presentation\">de<\/span><\/span><span id=\"page3R_mcid269\" class=\"markedContent\"><\/span><span id=\"page3R_mcid270\" class=\"markedContent\"> <span dir=\"ltr\" role=\"presentation\">viento.<\/span><\/span><\/p>\n<p><strong>Dependencia Federales (Los Roques, La Orchila, Isla de Aves)<br \/>\n<\/strong><span id=\"page3R_mcid245\" class=\"markedContent\"><span dir=\"ltr\" role=\"presentation\"><span id=\"page3R_mcid274\" class=\"markedContent\">Parcialmente nublado en horas de la ma\u00f1ana; increment\u00e1ndose la nubosidad despu\u00e9s del mediod\u00eda, con lluvias o lloviznas.<\/span><\/span><\/span><\/p>\n<blockquote class=\"twitter-tweet\">\n<p dir=\"ltr\" lang=\"und\"><a href=\"https:\/\/twitter.com\/hashtag\/14Ago?src=hash&amp;ref_src=twsrc%5Etfw\">#14Ago<\/a> <a href=\"https:\/\/twitter.com\/hashtag\/INAMEHInforma?src=hash&amp;ref_src=twsrc%5Etfw\">#INAMEHInforma<\/a> Bolet\u00edn meteorol\u00f3gico <a href=\"https:\/\/twitter.com\/hashtag\/FelizLunes?src=hash&amp;ref_src=twsrc%5Etfw\">#FelizLunes<\/a> <a href=\"https:\/\/t.co\/ZoqCOO5XKd\">pic.twitter.com\/ZoqCOO5XKd<\/a><\/p>\n<p>\u2014 INAMEH (@INAMEH) <a href=\"https:\/\/twitter.com\/INAMEH\/status\/1691022059604791296?ref_src=twsrc%5Etfw\">August 14, 2023<\/a><\/p><\/blockquote>\n<p><script async src=\"https:\/\/platform.twitter.com\/widgets.js\" charset=\"utf-8\"><\/script><\/p>\n<p><strong>Redacci\u00f3n ND58 | Fuente: Inameh<\/strong><br \/>\n<strong>Edici\u00f3n: Villasmil, Henry<\/strong><br \/>\n<strong>Gr\u00e1fica: De Archivo referencial.<\/strong><\/p>\n<p>&nbsp;<\/p>\n<p>&nbsp;<\/p><div class=\"joiav69ef981f5d6ba\" ><p style=\"text-align: center;\"><a href=\"https:\/\/t.me\/noticiasdigital58\" target=\"_blank\" rel=\"noopener\"><img class=\"aligncenter size-full wp-image-125363\" src=\"https:\/\/digital58.com.ve\/site\/wp-content\/uploads\/2021\/04\/banner-telegram-web-2021.png\" alt=\"\" width=\"600\" height=\"90\" \/><\/a><\/p><\/div><style type=\"text\/css\">\r\n@media screen and (min-width: 1201px) {\r\n.joiav69ef981f5d6ba {\r\ndisplay: block;\r\n}\r\n}\r\n@media screen and (min-width: 993px) and (max-width: 1200px) {\r\n.joiav69ef981f5d6ba {\r\ndisplay: block;\r\n}\r\n}\r\n@media screen and (min-width: 769px) and (max-width: 992px) {\r\n.joiav69ef981f5d6ba {\r\ndisplay: block;\r\n}\r\n}\r\n@media screen and (min-width: 768px) and (max-width: 768px) {\r\n.joiav69ef981f5d6ba {\r\ndisplay: block;\r\n}\r\n}\r\n@media screen and (max-width: 767px) {\r\n.joiav69ef981f5d6ba {\r\ndisplay: block;\r\n}\r\n}\r\n<\/style>\r\n\n<p>&nbsp;<\/p>\n<div style=\"margin-top: 0px; margin-bottom: 0px;\" class=\"sharethis-inline-share-buttons\" ><\/div>","protected":false},"excerpt":{"rendered":"<p>La Onda Tropical Nro. 29, mantiene su desplazamiento sobre el occidente del pa\u00eds, interactuando con la Zona de Convergencia Intertropical.<\/p>\n","protected":false},"author":1,"featured_media":165981,"comment_status":"open","ping_status":"closed","sticky":false,"template":"","format":"standard","meta":{"colormag_page_container_layout":"default_layout","colormag_page_sidebar_layout":"default_layout","_uag_custom_page_level_css":"","footnotes":""},"categories":[18714],"tags":[2792,10062,73,233,24036,21766,32],"class_list":["post-169526","post","type-post","status-publish","format-standard","has-post-thumbnail","hentry","category-meteorologia","tag-inameh","tag-lluvias","tag-maracaibo","tag-nacionales","tag-pronostico-del-tiempo-nacional","tag-pronostico-extendido-nacional","tag-venezuela"],"yoast_head":"<!-- This site is optimized with the Yoast SEO plugin v27.4 - https:\/\/yoast.com\/product\/yoast-seo-wordpress\/ -->\n<title>#Venezuela | Pron\u00f3stico del tiempo para este 14 de agosto<\/title>\n<meta name=\"robots\" content=\"index, follow, max-snippet:-1, max-image-preview:large, max-video-preview:-1\" \/>\n<link rel=\"canonical\" href=\"https:\/\/digital58.com.ve\/site\/2023\/08\/14\/venezuela-pronostico-del-tiempo-para-este-14-de-agosto\/\" \/>\n<meta property=\"og:locale\" content=\"es_ES\" \/>\n<meta property=\"og:type\" content=\"article\" \/>\n<meta property=\"og:title\" content=\"#Venezuela | Pron\u00f3stico del tiempo para este 14 de agosto\" \/>\n<meta property=\"og:url\" content=\"https:\/\/digital58.com.ve\/site\/2023\/08\/14\/venezuela-pronostico-del-tiempo-para-este-14-de-agosto\/\" \/>\n<meta property=\"og:site_name\" content=\"Noticias Digital58\" \/>\n<meta property=\"article:published_time\" content=\"2023-08-14T11:56:25+00:00\" \/>\n<meta property=\"og:image\" content=\"https:\/\/i0.wp.com\/digital58.com.ve\/site\/wp-content\/uploads\/2023\/05\/lluvia.jpg?fit=800%2C445&ssl=1\" \/>\n\t<meta property=\"og:image:width\" content=\"800\" \/>\n\t<meta property=\"og:image:height\" content=\"445\" \/>\n\t<meta property=\"og:image:type\" content=\"image\/jpeg\" \/>\n<meta name=\"author\" content=\"Villasmil Henry\" \/>\n<meta name=\"twitter:card\" content=\"summary_large_image\" \/>\n<meta name=\"twitter:creator\" content=\"@https:\/\/twitter.com\/villasmilhfoto\" \/>\n<meta name=\"twitter:site\" content=\"@villasmilhfoto\" \/>\n<meta name=\"twitter:label1\" content=\"Escrito por\" \/>\n\t<meta name=\"twitter:data1\" content=\"Villasmil Henry\" \/>\n\t<meta name=\"twitter:label2\" content=\"Tiempo estimado de lectura\" \/>\n\t<meta name=\"twitter:data2\" content=\"2 minutos\" \/>\n<script type=\"application\/ld+json\" class=\"yoast-schema-graph\">{\"@context\":\"https:\\\/\\\/schema.org\",\"@graph\":[{\"@type\":\"Article\",\"@id\":\"https:\\\/\\\/digital58.com.ve\\\/site\\\/2023\\\/08\\\/14\\\/venezuela-pronostico-del-tiempo-para-este-14-de-agosto\\\/#article\",\"isPartOf\":{\"@id\":\"https:\\\/\\\/digital58.com.ve\\\/site\\\/2023\\\/08\\\/14\\\/venezuela-pronostico-del-tiempo-para-este-14-de-agosto\\\/\"},\"author\":{\"name\":\"Villasmil Henry\",\"@id\":\"https:\\\/\\\/digital58.com.ve\\\/site\\\/#\\\/schema\\\/person\\\/64d1c2e4d0d4fd1b849980c4331c2951\"},\"headline\":\"#Venezuela | Pron\u00f3stico del tiempo para este 14 de agosto\",\"datePublished\":\"2023-08-14T11:56:25+00:00\",\"mainEntityOfPage\":{\"@id\":\"https:\\\/\\\/digital58.com.ve\\\/site\\\/2023\\\/08\\\/14\\\/venezuela-pronostico-del-tiempo-para-este-14-de-agosto\\\/\"},\"wordCount\":417,\"commentCount\":0,\"publisher\":{\"@id\":\"https:\\\/\\\/digital58.com.ve\\\/site\\\/#\\\/schema\\\/person\\\/64d1c2e4d0d4fd1b849980c4331c2951\"},\"image\":{\"@id\":\"https:\\\/\\\/digital58.com.ve\\\/site\\\/2023\\\/08\\\/14\\\/venezuela-pronostico-del-tiempo-para-este-14-de-agosto\\\/#primaryimage\"},\"thumbnailUrl\":\"https:\\\/\\\/digital58.com.ve\\\/site\\\/wp-content\\\/uploads\\\/2023\\\/05\\\/lluvia.jpg\",\"keywords\":[\"Inameh\",\"Lluvias\",\"Maracaibo\",\"Nacionales\",\"Pron\u00f3stico del tiempo Nacional\",\"Pron\u00f3stico extendido nacional\",\"Venezuela\"],\"articleSection\":[\"Meteorolog\u00eda\"],\"inLanguage\":\"es\",\"potentialAction\":[{\"@type\":\"CommentAction\",\"name\":\"Comment\",\"target\":[\"https:\\\/\\\/digital58.com.ve\\\/site\\\/2023\\\/08\\\/14\\\/venezuela-pronostico-del-tiempo-para-este-14-de-agosto\\\/#respond\"]}]},{\"@type\":\"WebPage\",\"@id\":\"https:\\\/\\\/digital58.com.ve\\\/site\\\/2023\\\/08\\\/14\\\/venezuela-pronostico-del-tiempo-para-este-14-de-agosto\\\/\",\"url\":\"https:\\\/\\\/digital58.com.ve\\\/site\\\/2023\\\/08\\\/14\\\/venezuela-pronostico-del-tiempo-para-este-14-de-agosto\\\/\",\"name\":\"#Venezuela | Pron\u00f3stico del tiempo para este 14 de agosto\",\"isPartOf\":{\"@id\":\"https:\\\/\\\/digital58.com.ve\\\/site\\\/#website\"},\"primaryImageOfPage\":{\"@id\":\"https:\\\/\\\/digital58.com.ve\\\/site\\\/2023\\\/08\\\/14\\\/venezuela-pronostico-del-tiempo-para-este-14-de-agosto\\\/#primaryimage\"},\"image\":{\"@id\":\"https:\\\/\\\/digital58.com.ve\\\/site\\\/2023\\\/08\\\/14\\\/venezuela-pronostico-del-tiempo-para-este-14-de-agosto\\\/#primaryimage\"},\"thumbnailUrl\":\"https:\\\/\\\/digital58.com.ve\\\/site\\\/wp-content\\\/uploads\\\/2023\\\/05\\\/lluvia.jpg\",\"datePublished\":\"2023-08-14T11:56:25+00:00\",\"breadcrumb\":{\"@id\":\"https:\\\/\\\/digital58.com.ve\\\/site\\\/2023\\\/08\\\/14\\\/venezuela-pronostico-del-tiempo-para-este-14-de-agosto\\\/#breadcrumb\"},\"inLanguage\":\"es\",\"potentialAction\":[{\"@type\":\"ReadAction\",\"target\":[\"https:\\\/\\\/digital58.com.ve\\\/site\\\/2023\\\/08\\\/14\\\/venezuela-pronostico-del-tiempo-para-este-14-de-agosto\\\/\"]}]},{\"@type\":\"ImageObject\",\"inLanguage\":\"es\",\"@id\":\"https:\\\/\\\/digital58.com.ve\\\/site\\\/2023\\\/08\\\/14\\\/venezuela-pronostico-del-tiempo-para-este-14-de-agosto\\\/#primaryimage\",\"url\":\"https:\\\/\\\/digital58.com.ve\\\/site\\\/wp-content\\\/uploads\\\/2023\\\/05\\\/lluvia.jpg\",\"contentUrl\":\"https:\\\/\\\/digital58.com.ve\\\/site\\\/wp-content\\\/uploads\\\/2023\\\/05\\\/lluvia.jpg\",\"width\":800,\"height\":445},{\"@type\":\"BreadcrumbList\",\"@id\":\"https:\\\/\\\/digital58.com.ve\\\/site\\\/2023\\\/08\\\/14\\\/venezuela-pronostico-del-tiempo-para-este-14-de-agosto\\\/#breadcrumb\",\"itemListElement\":[{\"@type\":\"ListItem\",\"position\":1,\"name\":\"Home\",\"item\":\"https:\\\/\\\/digital58.com.ve\\\/site\\\/\"},{\"@type\":\"ListItem\",\"position\":2,\"name\":\"#Venezuela | Pron\u00f3stico del tiempo para este 14 de agosto\"}]},{\"@type\":\"WebSite\",\"@id\":\"https:\\\/\\\/digital58.com.ve\\\/site\\\/#website\",\"url\":\"https:\\\/\\\/digital58.com.ve\\\/site\\\/\",\"name\":\"Noticias Digital58\",\"description\":\"Portal de Noticias \u00a1Periodismo web de verdad! Lanzamiento web 22.11.2005 \\\/ Maracaibo, Venezuela\",\"publisher\":{\"@id\":\"https:\\\/\\\/digital58.com.ve\\\/site\\\/#\\\/schema\\\/person\\\/64d1c2e4d0d4fd1b849980c4331c2951\"},\"alternateName\":\"ND58\",\"potentialAction\":[{\"@type\":\"SearchAction\",\"target\":{\"@type\":\"EntryPoint\",\"urlTemplate\":\"https:\\\/\\\/digital58.com.ve\\\/site\\\/?s={search_term_string}\"},\"query-input\":{\"@type\":\"PropertyValueSpecification\",\"valueRequired\":true,\"valueName\":\"search_term_string\"}}],\"inLanguage\":\"es\"},{\"@type\":[\"Person\",\"Organization\"],\"@id\":\"https:\\\/\\\/digital58.com.ve\\\/site\\\/#\\\/schema\\\/person\\\/64d1c2e4d0d4fd1b849980c4331c2951\",\"name\":\"Villasmil Henry\",\"image\":{\"@type\":\"ImageObject\",\"inLanguage\":\"es\",\"@id\":\"https:\\\/\\\/secure.gravatar.com\\\/avatar\\\/bb0c4a2fcb7970138239f7e404ea75757b1b507b28b5ce4c53fbd62d797c5a7c?s=96&d=mm&r=g\",\"url\":\"https:\\\/\\\/secure.gravatar.com\\\/avatar\\\/bb0c4a2fcb7970138239f7e404ea75757b1b507b28b5ce4c53fbd62d797c5a7c?s=96&d=mm&r=g\",\"contentUrl\":\"https:\\\/\\\/secure.gravatar.com\\\/avatar\\\/bb0c4a2fcb7970138239f7e404ea75757b1b507b28b5ce4c53fbd62d797c5a7c?s=96&d=mm&r=g\",\"caption\":\"Villasmil Henry\"},\"logo\":{\"@id\":\"https:\\\/\\\/secure.gravatar.com\\\/avatar\\\/bb0c4a2fcb7970138239f7e404ea75757b1b507b28b5ce4c53fbd62d797c5a7c?s=96&d=mm&r=g\"},\"sameAs\":[\"http:\\\/\\\/www.henryvillasmil.com.ve\",\"https:\\\/\\\/www.instagram.com\\\/villasmilhfoto\\\/\",\"https:\\\/\\\/x.com\\\/https:\\\/\\\/twitter.com\\\/villasmilhfoto\"],\"url\":\"https:\\\/\\\/digital58.com.ve\\\/site\\\/author\\\/droopy_68\\\/\"}]}<\/script>\n<!-- \/ Yoast SEO plugin. -->","yoast_head_json":{"title":"#Venezuela | Pron\u00f3stico del tiempo para este 14 de agosto","robots":{"index":"index","follow":"follow","max-snippet":"max-snippet:-1","max-image-preview":"max-image-preview:large","max-video-preview":"max-video-preview:-1"},"canonical":"https:\/\/digital58.com.ve\/site\/2023\/08\/14\/venezuela-pronostico-del-tiempo-para-este-14-de-agosto\/","og_locale":"es_ES","og_type":"article","og_title":"#Venezuela | Pron\u00f3stico del tiempo para este 14 de agosto","og_url":"https:\/\/digital58.com.ve\/site\/2023\/08\/14\/venezuela-pronostico-del-tiempo-para-este-14-de-agosto\/","og_site_name":"Noticias Digital58","article_published_time":"2023-08-14T11:56:25+00:00","og_image":[{"width":800,"height":445,"url":"https:\/\/i0.wp.com\/digital58.com.ve\/site\/wp-content\/uploads\/2023\/05\/lluvia.jpg?fit=800%2C445&ssl=1","type":"image\/jpeg"}],"author":"Villasmil Henry","twitter_card":"summary_large_image","twitter_creator":"@https:\/\/twitter.com\/villasmilhfoto","twitter_site":"@villasmilhfoto","twitter_misc":{"Escrito por":"Villasmil Henry","Tiempo estimado de lectura":"2 minutos"},"schema":{"@context":"https:\/\/schema.org","@graph":[{"@type":"Article","@id":"https:\/\/digital58.com.ve\/site\/2023\/08\/14\/venezuela-pronostico-del-tiempo-para-este-14-de-agosto\/#article","isPartOf":{"@id":"https:\/\/digital58.com.ve\/site\/2023\/08\/14\/venezuela-pronostico-del-tiempo-para-este-14-de-agosto\/"},"author":{"name":"Villasmil Henry","@id":"https:\/\/digital58.com.ve\/site\/#\/schema\/person\/64d1c2e4d0d4fd1b849980c4331c2951"},"headline":"#Venezuela | Pron\u00f3stico del tiempo para este 14 de agosto","datePublished":"2023-08-14T11:56:25+00:00","mainEntityOfPage":{"@id":"https:\/\/digital58.com.ve\/site\/2023\/08\/14\/venezuela-pronostico-del-tiempo-para-este-14-de-agosto\/"},"wordCount":417,"commentCount":0,"publisher":{"@id":"https:\/\/digital58.com.ve\/site\/#\/schema\/person\/64d1c2e4d0d4fd1b849980c4331c2951"},"image":{"@id":"https:\/\/digital58.com.ve\/site\/2023\/08\/14\/venezuela-pronostico-del-tiempo-para-este-14-de-agosto\/#primaryimage"},"thumbnailUrl":"https:\/\/digital58.com.ve\/site\/wp-content\/uploads\/2023\/05\/lluvia.jpg","keywords":["Inameh","Lluvias","Maracaibo","Nacionales","Pron\u00f3stico del tiempo Nacional","Pron\u00f3stico extendido nacional","Venezuela"],"articleSection":["Meteorolog\u00eda"],"inLanguage":"es","potentialAction":[{"@type":"CommentAction","name":"Comment","target":["https:\/\/digital58.com.ve\/site\/2023\/08\/14\/venezuela-pronostico-del-tiempo-para-este-14-de-agosto\/#respond"]}]},{"@type":"WebPage","@id":"https:\/\/digital58.com.ve\/site\/2023\/08\/14\/venezuela-pronostico-del-tiempo-para-este-14-de-agosto\/","url":"https:\/\/digital58.com.ve\/site\/2023\/08\/14\/venezuela-pronostico-del-tiempo-para-este-14-de-agosto\/","name":"#Venezuela | Pron\u00f3stico del tiempo para este 14 de agosto","isPartOf":{"@id":"https:\/\/digital58.com.ve\/site\/#website"},"primaryImageOfPage":{"@id":"https:\/\/digital58.com.ve\/site\/2023\/08\/14\/venezuela-pronostico-del-tiempo-para-este-14-de-agosto\/#primaryimage"},"image":{"@id":"https:\/\/digital58.com.ve\/site\/2023\/08\/14\/venezuela-pronostico-del-tiempo-para-este-14-de-agosto\/#primaryimage"},"thumbnailUrl":"https:\/\/digital58.com.ve\/site\/wp-content\/uploads\/2023\/05\/lluvia.jpg","datePublished":"2023-08-14T11:56:25+00:00","breadcrumb":{"@id":"https:\/\/digital58.com.ve\/site\/2023\/08\/14\/venezuela-pronostico-del-tiempo-para-este-14-de-agosto\/#breadcrumb"},"inLanguage":"es","potentialAction":[{"@type":"ReadAction","target":["https:\/\/digital58.com.ve\/site\/2023\/08\/14\/venezuela-pronostico-del-tiempo-para-este-14-de-agosto\/"]}]},{"@type":"ImageObject","inLanguage":"es","@id":"https:\/\/digital58.com.ve\/site\/2023\/08\/14\/venezuela-pronostico-del-tiempo-para-este-14-de-agosto\/#primaryimage","url":"https:\/\/digital58.com.ve\/site\/wp-content\/uploads\/2023\/05\/lluvia.jpg","contentUrl":"https:\/\/digital58.com.ve\/site\/wp-content\/uploads\/2023\/05\/lluvia.jpg","width":800,"height":445},{"@type":"BreadcrumbList","@id":"https:\/\/digital58.com.ve\/site\/2023\/08\/14\/venezuela-pronostico-del-tiempo-para-este-14-de-agosto\/#breadcrumb","itemListElement":[{"@type":"ListItem","position":1,"name":"Home","item":"https:\/\/digital58.com.ve\/site\/"},{"@type":"ListItem","position":2,"name":"#Venezuela | Pron\u00f3stico del tiempo para este 14 de agosto"}]},{"@type":"WebSite","@id":"https:\/\/digital58.com.ve\/site\/#website","url":"https:\/\/digital58.com.ve\/site\/","name":"Noticias Digital58","description":"Portal de Noticias \u00a1Periodismo web de verdad! Lanzamiento web 22.11.2005 \/ Maracaibo, Venezuela","publisher":{"@id":"https:\/\/digital58.com.ve\/site\/#\/schema\/person\/64d1c2e4d0d4fd1b849980c4331c2951"},"alternateName":"ND58","potentialAction":[{"@type":"SearchAction","target":{"@type":"EntryPoint","urlTemplate":"https:\/\/digital58.com.ve\/site\/?s={search_term_string}"},"query-input":{"@type":"PropertyValueSpecification","valueRequired":true,"valueName":"search_term_string"}}],"inLanguage":"es"},{"@type":["Person","Organization"],"@id":"https:\/\/digital58.com.ve\/site\/#\/schema\/person\/64d1c2e4d0d4fd1b849980c4331c2951","name":"Villasmil Henry","image":{"@type":"ImageObject","inLanguage":"es","@id":"https:\/\/secure.gravatar.com\/avatar\/bb0c4a2fcb7970138239f7e404ea75757b1b507b28b5ce4c53fbd62d797c5a7c?s=96&d=mm&r=g","url":"https:\/\/secure.gravatar.com\/avatar\/bb0c4a2fcb7970138239f7e404ea75757b1b507b28b5ce4c53fbd62d797c5a7c?s=96&d=mm&r=g","contentUrl":"https:\/\/secure.gravatar.com\/avatar\/bb0c4a2fcb7970138239f7e404ea75757b1b507b28b5ce4c53fbd62d797c5a7c?s=96&d=mm&r=g","caption":"Villasmil Henry"},"logo":{"@id":"https:\/\/secure.gravatar.com\/avatar\/bb0c4a2fcb7970138239f7e404ea75757b1b507b28b5ce4c53fbd62d797c5a7c?s=96&d=mm&r=g"},"sameAs":["http:\/\/www.henryvillasmil.com.ve","https:\/\/www.instagram.com\/villasmilhfoto\/","https:\/\/x.com\/https:\/\/twitter.com\/villasmilhfoto"],"url":"https:\/\/digital58.com.ve\/site\/author\/droopy_68\/"}]}},"uagb_featured_image_src":{"full":["https:\/\/digital58.com.ve\/site\/wp-content\/uploads\/2023\/05\/lluvia.jpg",800,445,false],"thumbnail":["https:\/\/digital58.com.ve\/site\/wp-content\/uploads\/2023\/05\/lluvia-150x150.jpg",150,150,true],"medium":["https:\/\/digital58.com.ve\/site\/wp-content\/uploads\/2023\/05\/lluvia-300x167.jpg",300,167,true],"medium_large":["https:\/\/digital58.com.ve\/site\/wp-content\/uploads\/2023\/05\/lluvia-768x427.jpg",768,427,true],"large":["https:\/\/digital58.com.ve\/site\/wp-content\/uploads\/2023\/05\/lluvia.jpg",800,445,false],"1536x1536":["https:\/\/digital58.com.ve\/site\/wp-content\/uploads\/2023\/05\/lluvia.jpg",800,445,false],"2048x2048":["https:\/\/digital58.com.ve\/site\/wp-content\/uploads\/2023\/05\/lluvia.jpg",800,445,false],"colormag-highlighted-post":["https:\/\/digital58.com.ve\/site\/wp-content\/uploads\/2023\/05\/lluvia-392x272.jpg",392,272,true],"colormag-featured-post-medium":["https:\/\/digital58.com.ve\/site\/wp-content\/uploads\/2023\/05\/lluvia-390x205.jpg",390,205,true],"colormag-featured-post-small":["https:\/\/digital58.com.ve\/site\/wp-content\/uploads\/2023\/05\/lluvia-130x90.jpg",130,90,true],"colormag-featured-image":["https:\/\/digital58.com.ve\/site\/wp-content\/uploads\/2023\/05\/lluvia.jpg",800,445,false],"colormag-default-news":["https:\/\/digital58.com.ve\/site\/wp-content\/uploads\/2023\/05\/lluvia.jpg",150,83,false],"colormag-featured-image-large":["https:\/\/digital58.com.ve\/site\/wp-content\/uploads\/2023\/05\/lluvia.jpg",800,445,false]},"uagb_author_info":{"display_name":"Villasmil Henry","author_link":"https:\/\/digital58.com.ve\/site\/author\/droopy_68\/"},"uagb_comment_info":0,"uagb_excerpt":"La Onda Tropical Nro. 29, mantiene su desplazamiento sobre el occidente del pa\u00eds, interactuando con la Zona de Convergencia Intertropical.","_links":{"self":[{"href":"https:\/\/digital58.com.ve\/site\/wp-json\/wp\/v2\/posts\/169526","targetHints":{"allow":["GET"]}}],"collection":[{"href":"https:\/\/digital58.com.ve\/site\/wp-json\/wp\/v2\/posts"}],"about":[{"href":"https:\/\/digital58.com.ve\/site\/wp-json\/wp\/v2\/types\/post"}],"author":[{"embeddable":true,"href":"https:\/\/digital58.com.ve\/site\/wp-json\/wp\/v2\/users\/1"}],"replies":[{"embeddable":true,"href":"https:\/\/digital58.com.ve\/site\/wp-json\/wp\/v2\/comments?post=169526"}],"version-history":[{"count":1,"href":"https:\/\/digital58.com.ve\/site\/wp-json\/wp\/v2\/posts\/169526\/revisions"}],"predecessor-version":[{"id":169527,"href":"https:\/\/digital58.com.ve\/site\/wp-json\/wp\/v2\/posts\/169526\/revisions\/169527"}],"wp:featuredmedia":[{"embeddable":true,"href":"https:\/\/digital58.com.ve\/site\/wp-json\/wp\/v2\/media\/165981"}],"wp:attachment":[{"href":"https:\/\/digital58.com.ve\/site\/wp-json\/wp\/v2\/media?parent=169526"}],"wp:term":[{"taxonomy":"category","embeddable":true,"href":"https:\/\/digital58.com.ve\/site\/wp-json\/wp\/v2\/categories?post=169526"},{"taxonomy":"post_tag","embeddable":true,"href":"https:\/\/digital58.com.ve\/site\/wp-json\/wp\/v2\/tags?post=169526"}],"curies":[{"name":"wp","href":"https:\/\/api.w.org\/{rel}","templated":true}]}}