{"id":169633,"date":"2023-08-15T14:39:43","date_gmt":"2023-08-15T18:39:43","guid":{"rendered":"https:\/\/digital58.com.ve\/site\/?p=169633"},"modified":"2023-08-15T14:39:43","modified_gmt":"2023-08-15T18:39:43","slug":"max-verstappen-no-lograra-siete-titulos-en-la-formula-1-segun-su-equipo","status":"publish","type":"post","link":"https:\/\/digital58.com.ve\/site\/2023\/08\/15\/max-verstappen-no-lograra-siete-titulos-en-la-formula-1-segun-su-equipo\/","title":{"rendered":"Max Verstappen \u00abno lograr\u00e1 siete t\u00edtulos en la Formula 1\u00bb seg\u00fan su equipo"},"content":{"rendered":"<p><img loading=\"lazy\" decoding=\"async\" class=\"aligncenter size-full wp-image-169634\" src=\"https:\/\/digital58.com.ve\/site\/wp-content\/uploads\/2023\/08\/marko-700x467-1.jpg\" alt=\"\" width=\"700\" height=\"467\" srcset=\"https:\/\/digital58.com.ve\/site\/wp-content\/uploads\/2023\/08\/marko-700x467-1.jpg 700w, https:\/\/digital58.com.ve\/site\/wp-content\/uploads\/2023\/08\/marko-700x467-1-300x200.jpg 300w\" sizes=\"auto, (max-width: 700px) 100vw, 700px\" \/><\/p>\n<p>El neerland\u00e9s debut\u00f3 en la F\u00f3rmula 1 en 2015 a bordo de un Toro Rosso con apenas 17 a\u00f1os de edad.<\/p>\n<p><strong>Maracaibo, Zulia, Venezuela, 15 de agosto de 2023 (ND58).-<\/strong> Verstappen\u00a0firm\u00f3 un contrato que lo vinculo hasta 2028 con la escuder\u00eda, por lo que, si bien hay Max para rato, el piloto podr\u00eda decidir dejar la categor\u00eda una vez concluida la relaci\u00f3n con Red Bull. Para ese entonces, el piloto tendr\u00e1 31 a\u00f1os.<\/p>\n<p>El bicampe\u00f3n de la categor\u00eda, \u00abno se quedar\u00e1 mucho tiempo m\u00e1s\u00bb, seg\u00fan lo adelant\u00f3 este martes el austr\u00edaco Helmut Marko, principal asesor de la escuder\u00eda Red Bull.<\/p>\n<p>\u00abNo creo que Verstappen se quede mucho tiempo m\u00e1s en la F\u00f3rmula 1. No se quedar\u00e1 a buscar conseguir los siete t\u00edtulos mundiales que ganaron el alem\u00e1n Michael Schumacher y el brit\u00e1nico Lewis Hamilton\u00bb, anticip\u00f3 Marko en declaraciones a la prensa.<\/p>\n<p>\u00abNo veo que dure tanto tiempo como Fernando Alonso (42 a\u00f1os, en Aston Martin), y cuando se deje de divertir o la presi\u00f3n haya desaparecido se ir\u00e1 a su casa\u00bb, a\u00f1adi\u00f3 el directivo de Red Bull.<\/p>\n<p>Verstappen, de 25 a\u00f1os, gan\u00f3 los dos \u00faltimos campeonatos de la F\u00f3rmula 1 y adem\u00e1s es l\u00edder de manera c\u00f3moda en la temporada actual, donde los Red Bull marcan grandes diferencias con las dem\u00e1s escuder\u00edas, ya que el segundo en las posiciones es el otro piloto del equipo, el mexicano Sergio \u00abCheco\u00bb P\u00e9rez.<\/p>\n<p>Siempre se dijo que Verstappen podr\u00eda liderar una era dominaba por Red Bull e igualar los siete t\u00edtulos mundiales que tienen Lewis Hamilton y Michael Schumacher. Y por qu\u00e9 no superarlos. Pero estas afirmaciones hacen pensar lo contrario.<\/p>\n<p>De hecho, el propio piloto declar\u00f3 en su momento que planea probar otras competiciones luego de que termine su carrera en la F\u00f3rmula 1.<\/p>\n<p>El receso de la categor\u00eda en la tradicional pausa de verano (la competici\u00f3n retomar\u00e1 sus acciones el pr\u00f3ximo 27 de agosto en el Gran Premio de Pa\u00edses Bajos) hace que los protagonistas est\u00e9n mas relajados a la hora de dar declaraciones y hablar sobre su futuro.<\/p>\n<p>Justamente, este receso siempre es aprovechado para reveer contratos y tener un panorama m\u00e1s claro de cara a las pr\u00f3ximas temporadas.<\/p><div class=\"vpugl69f5bcfa2295c\" ><p style=\"text-align: center;\"><a href=\"https:\/\/t.me\/noticiasdigital58\" target=\"_blank\" rel=\"noopener\"><img class=\"aligncenter size-full wp-image-125363\" src=\"https:\/\/digital58.com.ve\/site\/wp-content\/uploads\/2021\/04\/banner-telegram-web-2021.png\" alt=\"\" width=\"600\" height=\"90\" \/><\/a><\/p><\/div><style type=\"text\/css\">\r\n@media screen and (min-width: 1201px) {\r\n.vpugl69f5bcfa2295c {\r\ndisplay: block;\r\n}\r\n}\r\n@media screen and (min-width: 993px) and (max-width: 1200px) {\r\n.vpugl69f5bcfa2295c {\r\ndisplay: block;\r\n}\r\n}\r\n@media screen and (min-width: 769px) and (max-width: 992px) {\r\n.vpugl69f5bcfa2295c {\r\ndisplay: block;\r\n}\r\n}\r\n@media screen and (min-width: 768px) and (max-width: 768px) {\r\n.vpugl69f5bcfa2295c {\r\ndisplay: block;\r\n}\r\n}\r\n@media screen and (max-width: 767px) {\r\n.vpugl69f5bcfa2295c {\r\ndisplay: block;\r\n}\r\n}\r\n<\/style>\r\n\n<p><strong>Redacci\u00f3n ND58 \/ Arismendi, Luis | Fuente: Soy Motor<\/strong><br \/>\n<strong>Edici\u00f3n: Villasmil, Henry<\/strong><br \/>\n<strong>Gr\u00e1ficas: cortes\u00eda Vezess<\/strong><\/p>\n<div style=\"margin-top: 0px; margin-bottom: 0px;\" class=\"sharethis-inline-share-buttons\" ><\/div>","protected":false},"excerpt":{"rendered":"<p>El neerland\u00e9s debut\u00f3 en la F\u00f3rmula 1 en 2015 a bordo de un Toro Rosso con apenas 17 a\u00f1os de<\/p>\n","protected":false},"author":7,"featured_media":169634,"comment_status":"open","ping_status":"closed","sticky":false,"template":"","format":"standard","meta":{"colormag_page_container_layout":"default_layout","colormag_page_sidebar_layout":"default_layout","_uag_custom_page_level_css":"","footnotes":""},"categories":[5402],"tags":[237,2,2687,32186,8,9,561,14553,2454,32185],"class_list":["post-169633","post","type-post","status-publish","format-standard","has-post-thumbnail","hentry","category-deportes","tag-austria","tag-automovilismo","tag-formula-1","tag-helmut-marko","tag-internacionales","tag-lewis-hamilton","tag-max-verstappen","tag-michael-schumacher","tag-paises-bajos","tag-red-bull-racing"],"yoast_head":"<!-- This site is optimized with the Yoast SEO plugin v27.5 - https:\/\/yoast.com\/product\/yoast-seo-wordpress\/ -->\n<title>Max Verstappen \u00abno lograr\u00e1 siete t\u00edtulos en la Formula 1\u00bb seg\u00fan su equipo<\/title>\n<meta name=\"robots\" content=\"index, follow, max-snippet:-1, max-image-preview:large, max-video-preview:-1\" \/>\n<link rel=\"canonical\" href=\"https:\/\/digital58.com.ve\/site\/2023\/08\/15\/max-verstappen-no-lograra-siete-titulos-en-la-formula-1-segun-su-equipo\/\" \/>\n<meta property=\"og:locale\" content=\"es_ES\" \/>\n<meta property=\"og:type\" content=\"article\" \/>\n<meta property=\"og:title\" content=\"Max Verstappen \u00abno lograr\u00e1 siete t\u00edtulos en la Formula 1\u00bb seg\u00fan su equipo\" \/>\n<meta property=\"og:url\" content=\"https:\/\/digital58.com.ve\/site\/2023\/08\/15\/max-verstappen-no-lograra-siete-titulos-en-la-formula-1-segun-su-equipo\/\" \/>\n<meta property=\"og:site_name\" content=\"Noticias Digital58\" \/>\n<meta property=\"article:published_time\" content=\"2023-08-15T18:39:43+00:00\" \/>\n<meta property=\"og:image\" content=\"https:\/\/i0.wp.com\/digital58.com.ve\/site\/wp-content\/uploads\/2023\/08\/marko-700x467-1.jpg?fit=700%2C467&ssl=1\" \/>\n\t<meta property=\"og:image:width\" content=\"700\" \/>\n\t<meta property=\"og:image:height\" content=\"467\" \/>\n\t<meta property=\"og:image:type\" content=\"image\/jpeg\" \/>\n<meta name=\"author\" content=\"Arismendi Luis\" \/>\n<meta name=\"twitter:card\" content=\"summary_large_image\" \/>\n<meta name=\"twitter:creator\" content=\"@Digital_58\" \/>\n<meta name=\"twitter:site\" content=\"@villasmilhfoto\" \/>\n<meta name=\"twitter:label1\" content=\"Escrito por\" \/>\n\t<meta name=\"twitter:data1\" content=\"Arismendi Luis\" \/>\n\t<meta name=\"twitter:label2\" content=\"Tiempo estimado de lectura\" \/>\n\t<meta name=\"twitter:data2\" content=\"2 minutos\" \/>\n<script type=\"application\/ld+json\" class=\"yoast-schema-graph\">{\"@context\":\"https:\\\/\\\/schema.org\",\"@graph\":[{\"@type\":\"Article\",\"@id\":\"https:\\\/\\\/digital58.com.ve\\\/site\\\/2023\\\/08\\\/15\\\/max-verstappen-no-lograra-siete-titulos-en-la-formula-1-segun-su-equipo\\\/#article\",\"isPartOf\":{\"@id\":\"https:\\\/\\\/digital58.com.ve\\\/site\\\/2023\\\/08\\\/15\\\/max-verstappen-no-lograra-siete-titulos-en-la-formula-1-segun-su-equipo\\\/\"},\"author\":{\"name\":\"Arismendi Luis\",\"@id\":\"https:\\\/\\\/digital58.com.ve\\\/site\\\/#\\\/schema\\\/person\\\/d79fb9041200d150763851810f3a6e44\"},\"headline\":\"Max Verstappen \u00abno lograr\u00e1 siete t\u00edtulos en la Formula 1\u00bb seg\u00fan su equipo\",\"datePublished\":\"2023-08-15T18:39:43+00:00\",\"mainEntityOfPage\":{\"@id\":\"https:\\\/\\\/digital58.com.ve\\\/site\\\/2023\\\/08\\\/15\\\/max-verstappen-no-lograra-siete-titulos-en-la-formula-1-segun-su-equipo\\\/\"},\"wordCount\":419,\"commentCount\":0,\"publisher\":{\"@id\":\"https:\\\/\\\/digital58.com.ve\\\/site\\\/#\\\/schema\\\/person\\\/64d1c2e4d0d4fd1b849980c4331c2951\"},\"image\":{\"@id\":\"https:\\\/\\\/digital58.com.ve\\\/site\\\/2023\\\/08\\\/15\\\/max-verstappen-no-lograra-siete-titulos-en-la-formula-1-segun-su-equipo\\\/#primaryimage\"},\"thumbnailUrl\":\"https:\\\/\\\/digital58.com.ve\\\/site\\\/wp-content\\\/uploads\\\/2023\\\/08\\\/marko-700x467-1.jpg\",\"keywords\":[\"Austria\",\"Automovilismo\",\"F\u00f3rmula 1\",\"Helmut Marko\",\"Internacionales\",\"Lewis Hamilton\",\"Max Verstappen\",\"Michael Schumacher\",\"Pa\u00edses Bajos\",\"Red Bull Racing\"],\"articleSection\":[\"Deportes\"],\"inLanguage\":\"es\",\"potentialAction\":[{\"@type\":\"CommentAction\",\"name\":\"Comment\",\"target\":[\"https:\\\/\\\/digital58.com.ve\\\/site\\\/2023\\\/08\\\/15\\\/max-verstappen-no-lograra-siete-titulos-en-la-formula-1-segun-su-equipo\\\/#respond\"]}]},{\"@type\":\"WebPage\",\"@id\":\"https:\\\/\\\/digital58.com.ve\\\/site\\\/2023\\\/08\\\/15\\\/max-verstappen-no-lograra-siete-titulos-en-la-formula-1-segun-su-equipo\\\/\",\"url\":\"https:\\\/\\\/digital58.com.ve\\\/site\\\/2023\\\/08\\\/15\\\/max-verstappen-no-lograra-siete-titulos-en-la-formula-1-segun-su-equipo\\\/\",\"name\":\"Max Verstappen \u00abno lograr\u00e1 siete t\u00edtulos en la Formula 1\u00bb seg\u00fan su equipo\",\"isPartOf\":{\"@id\":\"https:\\\/\\\/digital58.com.ve\\\/site\\\/#website\"},\"primaryImageOfPage\":{\"@id\":\"https:\\\/\\\/digital58.com.ve\\\/site\\\/2023\\\/08\\\/15\\\/max-verstappen-no-lograra-siete-titulos-en-la-formula-1-segun-su-equipo\\\/#primaryimage\"},\"image\":{\"@id\":\"https:\\\/\\\/digital58.com.ve\\\/site\\\/2023\\\/08\\\/15\\\/max-verstappen-no-lograra-siete-titulos-en-la-formula-1-segun-su-equipo\\\/#primaryimage\"},\"thumbnailUrl\":\"https:\\\/\\\/digital58.com.ve\\\/site\\\/wp-content\\\/uploads\\\/2023\\\/08\\\/marko-700x467-1.jpg\",\"datePublished\":\"2023-08-15T18:39:43+00:00\",\"breadcrumb\":{\"@id\":\"https:\\\/\\\/digital58.com.ve\\\/site\\\/2023\\\/08\\\/15\\\/max-verstappen-no-lograra-siete-titulos-en-la-formula-1-segun-su-equipo\\\/#breadcrumb\"},\"inLanguage\":\"es\",\"potentialAction\":[{\"@type\":\"ReadAction\",\"target\":[\"https:\\\/\\\/digital58.com.ve\\\/site\\\/2023\\\/08\\\/15\\\/max-verstappen-no-lograra-siete-titulos-en-la-formula-1-segun-su-equipo\\\/\"]}]},{\"@type\":\"ImageObject\",\"inLanguage\":\"es\",\"@id\":\"https:\\\/\\\/digital58.com.ve\\\/site\\\/2023\\\/08\\\/15\\\/max-verstappen-no-lograra-siete-titulos-en-la-formula-1-segun-su-equipo\\\/#primaryimage\",\"url\":\"https:\\\/\\\/digital58.com.ve\\\/site\\\/wp-content\\\/uploads\\\/2023\\\/08\\\/marko-700x467-1.jpg\",\"contentUrl\":\"https:\\\/\\\/digital58.com.ve\\\/site\\\/wp-content\\\/uploads\\\/2023\\\/08\\\/marko-700x467-1.jpg\",\"width\":700,\"height\":467},{\"@type\":\"BreadcrumbList\",\"@id\":\"https:\\\/\\\/digital58.com.ve\\\/site\\\/2023\\\/08\\\/15\\\/max-verstappen-no-lograra-siete-titulos-en-la-formula-1-segun-su-equipo\\\/#breadcrumb\",\"itemListElement\":[{\"@type\":\"ListItem\",\"position\":1,\"name\":\"Home\",\"item\":\"https:\\\/\\\/digital58.com.ve\\\/site\\\/\"},{\"@type\":\"ListItem\",\"position\":2,\"name\":\"Max Verstappen \u00abno lograr\u00e1 siete t\u00edtulos en la Formula 1\u00bb seg\u00fan su equipo\"}]},{\"@type\":\"WebSite\",\"@id\":\"https:\\\/\\\/digital58.com.ve\\\/site\\\/#website\",\"url\":\"https:\\\/\\\/digital58.com.ve\\\/site\\\/\",\"name\":\"Noticias Digital58\",\"description\":\"Portal de Noticias \u00a1Periodismo web de verdad! Lanzamiento web 22.11.2005 \\\/ Maracaibo, Venezuela\",\"publisher\":{\"@id\":\"https:\\\/\\\/digital58.com.ve\\\/site\\\/#\\\/schema\\\/person\\\/64d1c2e4d0d4fd1b849980c4331c2951\"},\"alternateName\":\"ND58\",\"potentialAction\":[{\"@type\":\"SearchAction\",\"target\":{\"@type\":\"EntryPoint\",\"urlTemplate\":\"https:\\\/\\\/digital58.com.ve\\\/site\\\/?s={search_term_string}\"},\"query-input\":{\"@type\":\"PropertyValueSpecification\",\"valueRequired\":true,\"valueName\":\"search_term_string\"}}],\"inLanguage\":\"es\"},{\"@type\":[\"Person\",\"Organization\"],\"@id\":\"https:\\\/\\\/digital58.com.ve\\\/site\\\/#\\\/schema\\\/person\\\/64d1c2e4d0d4fd1b849980c4331c2951\",\"name\":\"Villasmil Henry\",\"image\":{\"@type\":\"ImageObject\",\"inLanguage\":\"es\",\"@id\":\"https:\\\/\\\/secure.gravatar.com\\\/avatar\\\/bb0c4a2fcb7970138239f7e404ea75757b1b507b28b5ce4c53fbd62d797c5a7c?s=96&d=mm&r=g\",\"url\":\"https:\\\/\\\/secure.gravatar.com\\\/avatar\\\/bb0c4a2fcb7970138239f7e404ea75757b1b507b28b5ce4c53fbd62d797c5a7c?s=96&d=mm&r=g\",\"contentUrl\":\"https:\\\/\\\/secure.gravatar.com\\\/avatar\\\/bb0c4a2fcb7970138239f7e404ea75757b1b507b28b5ce4c53fbd62d797c5a7c?s=96&d=mm&r=g\",\"caption\":\"Villasmil Henry\"},\"logo\":{\"@id\":\"https:\\\/\\\/secure.gravatar.com\\\/avatar\\\/bb0c4a2fcb7970138239f7e404ea75757b1b507b28b5ce4c53fbd62d797c5a7c?s=96&d=mm&r=g\"},\"sameAs\":[\"http:\\\/\\\/www.henryvillasmil.com.ve\",\"https:\\\/\\\/www.instagram.com\\\/villasmilhfoto\\\/\",\"https:\\\/\\\/x.com\\\/https:\\\/\\\/twitter.com\\\/villasmilhfoto\"]},{\"@type\":\"Person\",\"@id\":\"https:\\\/\\\/digital58.com.ve\\\/site\\\/#\\\/schema\\\/person\\\/d79fb9041200d150763851810f3a6e44\",\"name\":\"Arismendi Luis\",\"image\":{\"@type\":\"ImageObject\",\"inLanguage\":\"es\",\"@id\":\"https:\\\/\\\/secure.gravatar.com\\\/avatar\\\/076a9c19816f4976b76b8d88be4606fba80dee0aea5ccae15d7f3466053c0615?s=96&d=mm&r=g\",\"url\":\"https:\\\/\\\/secure.gravatar.com\\\/avatar\\\/076a9c19816f4976b76b8d88be4606fba80dee0aea5ccae15d7f3466053c0615?s=96&d=mm&r=g\",\"contentUrl\":\"https:\\\/\\\/secure.gravatar.com\\\/avatar\\\/076a9c19816f4976b76b8d88be4606fba80dee0aea5ccae15d7f3466053c0615?s=96&d=mm&r=g\",\"caption\":\"Arismendi Luis\"},\"url\":\"https:\\\/\\\/digital58.com.ve\\\/site\\\/author\\\/arismendi17\\\/\"}]}<\/script>\n<!-- \/ Yoast SEO plugin. -->","yoast_head_json":{"title":"Max Verstappen \u00abno lograr\u00e1 siete t\u00edtulos en la Formula 1\u00bb seg\u00fan su equipo","robots":{"index":"index","follow":"follow","max-snippet":"max-snippet:-1","max-image-preview":"max-image-preview:large","max-video-preview":"max-video-preview:-1"},"canonical":"https:\/\/digital58.com.ve\/site\/2023\/08\/15\/max-verstappen-no-lograra-siete-titulos-en-la-formula-1-segun-su-equipo\/","og_locale":"es_ES","og_type":"article","og_title":"Max Verstappen \u00abno lograr\u00e1 siete t\u00edtulos en la Formula 1\u00bb seg\u00fan su equipo","og_url":"https:\/\/digital58.com.ve\/site\/2023\/08\/15\/max-verstappen-no-lograra-siete-titulos-en-la-formula-1-segun-su-equipo\/","og_site_name":"Noticias Digital58","article_published_time":"2023-08-15T18:39:43+00:00","og_image":[{"width":700,"height":467,"url":"https:\/\/i0.wp.com\/digital58.com.ve\/site\/wp-content\/uploads\/2023\/08\/marko-700x467-1.jpg?fit=700%2C467&ssl=1","type":"image\/jpeg"}],"author":"Arismendi Luis","twitter_card":"summary_large_image","twitter_creator":"@Digital_58","twitter_site":"@villasmilhfoto","twitter_misc":{"Escrito por":"Arismendi Luis","Tiempo estimado de lectura":"2 minutos"},"schema":{"@context":"https:\/\/schema.org","@graph":[{"@type":"Article","@id":"https:\/\/digital58.com.ve\/site\/2023\/08\/15\/max-verstappen-no-lograra-siete-titulos-en-la-formula-1-segun-su-equipo\/#article","isPartOf":{"@id":"https:\/\/digital58.com.ve\/site\/2023\/08\/15\/max-verstappen-no-lograra-siete-titulos-en-la-formula-1-segun-su-equipo\/"},"author":{"name":"Arismendi Luis","@id":"https:\/\/digital58.com.ve\/site\/#\/schema\/person\/d79fb9041200d150763851810f3a6e44"},"headline":"Max Verstappen \u00abno lograr\u00e1 siete t\u00edtulos en la Formula 1\u00bb seg\u00fan su equipo","datePublished":"2023-08-15T18:39:43+00:00","mainEntityOfPage":{"@id":"https:\/\/digital58.com.ve\/site\/2023\/08\/15\/max-verstappen-no-lograra-siete-titulos-en-la-formula-1-segun-su-equipo\/"},"wordCount":419,"commentCount":0,"publisher":{"@id":"https:\/\/digital58.com.ve\/site\/#\/schema\/person\/64d1c2e4d0d4fd1b849980c4331c2951"},"image":{"@id":"https:\/\/digital58.com.ve\/site\/2023\/08\/15\/max-verstappen-no-lograra-siete-titulos-en-la-formula-1-segun-su-equipo\/#primaryimage"},"thumbnailUrl":"https:\/\/digital58.com.ve\/site\/wp-content\/uploads\/2023\/08\/marko-700x467-1.jpg","keywords":["Austria","Automovilismo","F\u00f3rmula 1","Helmut Marko","Internacionales","Lewis Hamilton","Max Verstappen","Michael Schumacher","Pa\u00edses Bajos","Red Bull Racing"],"articleSection":["Deportes"],"inLanguage":"es","potentialAction":[{"@type":"CommentAction","name":"Comment","target":["https:\/\/digital58.com.ve\/site\/2023\/08\/15\/max-verstappen-no-lograra-siete-titulos-en-la-formula-1-segun-su-equipo\/#respond"]}]},{"@type":"WebPage","@id":"https:\/\/digital58.com.ve\/site\/2023\/08\/15\/max-verstappen-no-lograra-siete-titulos-en-la-formula-1-segun-su-equipo\/","url":"https:\/\/digital58.com.ve\/site\/2023\/08\/15\/max-verstappen-no-lograra-siete-titulos-en-la-formula-1-segun-su-equipo\/","name":"Max Verstappen \u00abno lograr\u00e1 siete t\u00edtulos en la Formula 1\u00bb seg\u00fan su equipo","isPartOf":{"@id":"https:\/\/digital58.com.ve\/site\/#website"},"primaryImageOfPage":{"@id":"https:\/\/digital58.com.ve\/site\/2023\/08\/15\/max-verstappen-no-lograra-siete-titulos-en-la-formula-1-segun-su-equipo\/#primaryimage"},"image":{"@id":"https:\/\/digital58.com.ve\/site\/2023\/08\/15\/max-verstappen-no-lograra-siete-titulos-en-la-formula-1-segun-su-equipo\/#primaryimage"},"thumbnailUrl":"https:\/\/digital58.com.ve\/site\/wp-content\/uploads\/2023\/08\/marko-700x467-1.jpg","datePublished":"2023-08-15T18:39:43+00:00","breadcrumb":{"@id":"https:\/\/digital58.com.ve\/site\/2023\/08\/15\/max-verstappen-no-lograra-siete-titulos-en-la-formula-1-segun-su-equipo\/#breadcrumb"},"inLanguage":"es","potentialAction":[{"@type":"ReadAction","target":["https:\/\/digital58.com.ve\/site\/2023\/08\/15\/max-verstappen-no-lograra-siete-titulos-en-la-formula-1-segun-su-equipo\/"]}]},{"@type":"ImageObject","inLanguage":"es","@id":"https:\/\/digital58.com.ve\/site\/2023\/08\/15\/max-verstappen-no-lograra-siete-titulos-en-la-formula-1-segun-su-equipo\/#primaryimage","url":"https:\/\/digital58.com.ve\/site\/wp-content\/uploads\/2023\/08\/marko-700x467-1.jpg","contentUrl":"https:\/\/digital58.com.ve\/site\/wp-content\/uploads\/2023\/08\/marko-700x467-1.jpg","width":700,"height":467},{"@type":"BreadcrumbList","@id":"https:\/\/digital58.com.ve\/site\/2023\/08\/15\/max-verstappen-no-lograra-siete-titulos-en-la-formula-1-segun-su-equipo\/#breadcrumb","itemListElement":[{"@type":"ListItem","position":1,"name":"Home","item":"https:\/\/digital58.com.ve\/site\/"},{"@type":"ListItem","position":2,"name":"Max Verstappen \u00abno lograr\u00e1 siete t\u00edtulos en la Formula 1\u00bb seg\u00fan su equipo"}]},{"@type":"WebSite","@id":"https:\/\/digital58.com.ve\/site\/#website","url":"https:\/\/digital58.com.ve\/site\/","name":"Noticias Digital58","description":"Portal de Noticias \u00a1Periodismo web de verdad! Lanzamiento web 22.11.2005 \/ Maracaibo, Venezuela","publisher":{"@id":"https:\/\/digital58.com.ve\/site\/#\/schema\/person\/64d1c2e4d0d4fd1b849980c4331c2951"},"alternateName":"ND58","potentialAction":[{"@type":"SearchAction","target":{"@type":"EntryPoint","urlTemplate":"https:\/\/digital58.com.ve\/site\/?s={search_term_string}"},"query-input":{"@type":"PropertyValueSpecification","valueRequired":true,"valueName":"search_term_string"}}],"inLanguage":"es"},{"@type":["Person","Organization"],"@id":"https:\/\/digital58.com.ve\/site\/#\/schema\/person\/64d1c2e4d0d4fd1b849980c4331c2951","name":"Villasmil Henry","image":{"@type":"ImageObject","inLanguage":"es","@id":"https:\/\/secure.gravatar.com\/avatar\/bb0c4a2fcb7970138239f7e404ea75757b1b507b28b5ce4c53fbd62d797c5a7c?s=96&d=mm&r=g","url":"https:\/\/secure.gravatar.com\/avatar\/bb0c4a2fcb7970138239f7e404ea75757b1b507b28b5ce4c53fbd62d797c5a7c?s=96&d=mm&r=g","contentUrl":"https:\/\/secure.gravatar.com\/avatar\/bb0c4a2fcb7970138239f7e404ea75757b1b507b28b5ce4c53fbd62d797c5a7c?s=96&d=mm&r=g","caption":"Villasmil Henry"},"logo":{"@id":"https:\/\/secure.gravatar.com\/avatar\/bb0c4a2fcb7970138239f7e404ea75757b1b507b28b5ce4c53fbd62d797c5a7c?s=96&d=mm&r=g"},"sameAs":["http:\/\/www.henryvillasmil.com.ve","https:\/\/www.instagram.com\/villasmilhfoto\/","https:\/\/x.com\/https:\/\/twitter.com\/villasmilhfoto"]},{"@type":"Person","@id":"https:\/\/digital58.com.ve\/site\/#\/schema\/person\/d79fb9041200d150763851810f3a6e44","name":"Arismendi Luis","image":{"@type":"ImageObject","inLanguage":"es","@id":"https:\/\/secure.gravatar.com\/avatar\/076a9c19816f4976b76b8d88be4606fba80dee0aea5ccae15d7f3466053c0615?s=96&d=mm&r=g","url":"https:\/\/secure.gravatar.com\/avatar\/076a9c19816f4976b76b8d88be4606fba80dee0aea5ccae15d7f3466053c0615?s=96&d=mm&r=g","contentUrl":"https:\/\/secure.gravatar.com\/avatar\/076a9c19816f4976b76b8d88be4606fba80dee0aea5ccae15d7f3466053c0615?s=96&d=mm&r=g","caption":"Arismendi Luis"},"url":"https:\/\/digital58.com.ve\/site\/author\/arismendi17\/"}]}},"uagb_featured_image_src":{"full":["https:\/\/digital58.com.ve\/site\/wp-content\/uploads\/2023\/08\/marko-700x467-1.jpg",700,467,false],"thumbnail":["https:\/\/digital58.com.ve\/site\/wp-content\/uploads\/2023\/08\/marko-700x467-1-150x150.jpg",150,150,true],"medium":["https:\/\/digital58.com.ve\/site\/wp-content\/uploads\/2023\/08\/marko-700x467-1-300x200.jpg",300,200,true],"medium_large":["https:\/\/digital58.com.ve\/site\/wp-content\/uploads\/2023\/08\/marko-700x467-1.jpg",700,467,false],"large":["https:\/\/digital58.com.ve\/site\/wp-content\/uploads\/2023\/08\/marko-700x467-1.jpg",700,467,false],"1536x1536":["https:\/\/digital58.com.ve\/site\/wp-content\/uploads\/2023\/08\/marko-700x467-1.jpg",700,467,false],"2048x2048":["https:\/\/digital58.com.ve\/site\/wp-content\/uploads\/2023\/08\/marko-700x467-1.jpg",700,467,false],"colormag-highlighted-post":["https:\/\/digital58.com.ve\/site\/wp-content\/uploads\/2023\/08\/marko-700x467-1-392x272.jpg",392,272,true],"colormag-featured-post-medium":["https:\/\/digital58.com.ve\/site\/wp-content\/uploads\/2023\/08\/marko-700x467-1-390x205.jpg",390,205,true],"colormag-featured-post-small":["https:\/\/digital58.com.ve\/site\/wp-content\/uploads\/2023\/08\/marko-700x467-1-130x90.jpg",130,90,true],"colormag-featured-image":["https:\/\/digital58.com.ve\/site\/wp-content\/uploads\/2023\/08\/marko-700x467-1-700x445.jpg",700,445,true],"colormag-default-news":["https:\/\/digital58.com.ve\/site\/wp-content\/uploads\/2023\/08\/marko-700x467-1-150x150.jpg",150,150,true],"colormag-featured-image-large":["https:\/\/digital58.com.ve\/site\/wp-content\/uploads\/2023\/08\/marko-700x467-1.jpg",700,467,false]},"uagb_author_info":{"display_name":"Arismendi Luis","author_link":"https:\/\/digital58.com.ve\/site\/author\/arismendi17\/"},"uagb_comment_info":0,"uagb_excerpt":"El neerland\u00e9s debut\u00f3 en la F\u00f3rmula 1 en 2015 a bordo de un Toro Rosso con apenas 17 a\u00f1os de","_links":{"self":[{"href":"https:\/\/digital58.com.ve\/site\/wp-json\/wp\/v2\/posts\/169633","targetHints":{"allow":["GET"]}}],"collection":[{"href":"https:\/\/digital58.com.ve\/site\/wp-json\/wp\/v2\/posts"}],"about":[{"href":"https:\/\/digital58.com.ve\/site\/wp-json\/wp\/v2\/types\/post"}],"author":[{"embeddable":true,"href":"https:\/\/digital58.com.ve\/site\/wp-json\/wp\/v2\/users\/7"}],"replies":[{"embeddable":true,"href":"https:\/\/digital58.com.ve\/site\/wp-json\/wp\/v2\/comments?post=169633"}],"version-history":[{"count":2,"href":"https:\/\/digital58.com.ve\/site\/wp-json\/wp\/v2\/posts\/169633\/revisions"}],"predecessor-version":[{"id":169636,"href":"https:\/\/digital58.com.ve\/site\/wp-json\/wp\/v2\/posts\/169633\/revisions\/169636"}],"wp:featuredmedia":[{"embeddable":true,"href":"https:\/\/digital58.com.ve\/site\/wp-json\/wp\/v2\/media\/169634"}],"wp:attachment":[{"href":"https:\/\/digital58.com.ve\/site\/wp-json\/wp\/v2\/media?parent=169633"}],"wp:term":[{"taxonomy":"category","embeddable":true,"href":"https:\/\/digital58.com.ve\/site\/wp-json\/wp\/v2\/categories?post=169633"},{"taxonomy":"post_tag","embeddable":true,"href":"https:\/\/digital58.com.ve\/site\/wp-json\/wp\/v2\/tags?post=169633"}],"curies":[{"name":"wp","href":"https:\/\/api.w.org\/{rel}","templated":true}]}}