{"id":169822,"date":"2023-08-20T16:18:55","date_gmt":"2023-08-20T20:18:55","guid":{"rendered":"https:\/\/digital58.com.ve\/site\/?p=169822"},"modified":"2023-08-20T16:18:55","modified_gmt":"2023-08-20T20:18:55","slug":"jorge-luis-chacin-y-su-emotivo-estreno-musical","status":"publish","type":"post","link":"https:\/\/digital58.com.ve\/site\/2023\/08\/20\/jorge-luis-chacin-y-su-emotivo-estreno-musical\/","title":{"rendered":"Jorge Luis Chac\u00edn y su emotivo estreno musical"},"content":{"rendered":"<p><a href=\"https:\/\/digital58.com.ve\/site\/wp-content\/uploads\/2023\/08\/jlc.jpg\"><img loading=\"lazy\" decoding=\"async\" class=\"aligncenter size-full wp-image-169824\" src=\"https:\/\/digital58.com.ve\/site\/wp-content\/uploads\/2023\/08\/jlc.jpg\" alt=\"\" width=\"800\" height=\"800\" srcset=\"https:\/\/digital58.com.ve\/site\/wp-content\/uploads\/2023\/08\/jlc.jpg 800w, https:\/\/digital58.com.ve\/site\/wp-content\/uploads\/2023\/08\/jlc-300x300.jpg 300w, https:\/\/digital58.com.ve\/site\/wp-content\/uploads\/2023\/08\/jlc-150x150.jpg 150w, https:\/\/digital58.com.ve\/site\/wp-content\/uploads\/2023\/08\/jlc-768x768.jpg 768w\" sizes=\"auto, (max-width: 800px) 100vw, 800px\" \/><\/a><\/p>\n<p>El cantautor venezolano lanz\u00f3 este 18 de agosto \u00abSe me estaba olvidando\u00bb, un tema que mueve emociones por el contenido y el mensaje de su letra.<\/p>\n<p><strong>Maracaibo, Zulia, Venezuela, 20 de agosto de 2023 (ND58).-<\/strong> \u00abSe me estaba olvidando\u00bb pertenece a Jorge Luis Chac\u00edn con la producci\u00f3n de Pablo Rodr\u00edguez y Alejandro \u00c1vila quien tambi\u00e9n es su director musical. Este hermoso tema viene acompa\u00f1ado de un video musical donde el cantautor comparte con la violinista Ruvit Bracho, bajo la direcci\u00f3n de los zulianos V\u00edctor M\u00e1rquez y Jes\u00fas Adrianza.<\/p>\n<p>Se me est\u00e1 olvidando<br \/>\nQue all\u00e1 en el calvario<br \/>\nT\u00fa diste la vida por m\u00ed<br \/>\nSe me estaba olvidando que mi abecedario<br \/>\nT\u00fa eres el principio y el fin<br \/>\nQue soportas mi angustia, que tus manos me curan<br \/>\nY tu paz me ayuda a sonre\u00edr<br \/>\nQue aun en medio de la tormenta<br \/>\nEs tu amor el que me sustenta Jes\u00fas.<\/p>\n<p>El tema est\u00e1 disponible en todas las plataformas musicales y pertenece a una serie de canciones nuevas dedicada a Dios como una bonita forma de agradecer a trav\u00e9s de su m\u00fasica todas las bendiciones que ha recibido. As\u00ed mismo, da pie para pr\u00f3ximamente sacar un nuevo disco en formato EP que contar\u00e1 con seis temas.<\/p>\n<p>Recordemos que Jorge Lu\u00eds Chac\u00edn est\u00e1 de gira con su Tour \u00abEl Maleducado\u00bb con la cual recorrer\u00e1 diferentes pa\u00edses como Colombia, Costa Rica, Panam\u00e1, Estados Unidos y Chile, para regresar a Venezuela para cerrar en Maracaibo el 26 de octubre en el Palacio de Eventos de Venezuela.<\/p>\n<div class=\"lyte-wrapper\" title=\"Se Me Estaba Olvidando - Jorge Luis Chacin\" style=\"width:640px;max-width:100%;margin:5px auto;\"><div class=\"lyMe\" id=\"WYL_U8IsuWtemGQ\" itemprop=\"video\" itemscope itemtype=\"https:\/\/schema.org\/VideoObject\"><div><meta itemprop=\"thumbnailUrl\" content=\"https:\/\/i.ytimg.com\/vi\/U8IsuWtemGQ\/hqdefault.jpg\" \/><meta itemprop=\"embedURL\" content=\"https:\/\/www.youtube.com\/embed\/U8IsuWtemGQ\" \/><meta itemprop=\"duration\" content=\"PT3M41S\" \/><meta itemprop=\"uploadDate\" content=\"2023-08-18T04:00:09Z\" \/><\/div><div id=\"lyte_U8IsuWtemGQ\" data-src=\"https:\/\/i.ytimg.com\/vi\/U8IsuWtemGQ\/hqdefault.jpg\" class=\"pL\"><div class=\"tC\"><div class=\"tT\" itemprop=\"name\">Se Me Estaba Olvidando - Jorge Luis Chacin<\/div><\/div><div class=\"play\"><\/div><div class=\"ctrl\"><div class=\"Lctrl\"><\/div><div class=\"Rctrl\"><\/div><\/div><\/div><noscript><a href=\"https:\/\/youtu.be\/U8IsuWtemGQ\" rel=\"nofollow\"><img loading=\"lazy\" decoding=\"async\" src=\"https:\/\/i.ytimg.com\/vi\/U8IsuWtemGQ\/0.jpg\" alt=\"Se Me Estaba Olvidando - Jorge Luis Chacin\" width=\"640\" height=\"340\" \/><br \/>Ver este video en YouTube<\/a><\/noscript><meta itemprop=\"description\" content=\"Hace unas semanas, estuve sentado en mi piano recordando armon\u00edas y melod\u00edas de los ochenta, motivado por la lluvia y los truenos de una s\u00faper tormenta t\u00edpica de estos d\u00edas en la florida, comenc\u00e9 a escribir esto que me hizo pensar que a veces por las abundantes distracciones de este mundo se me olvida que tengo un amigo que con su amor hace posible lo imposible, y que su paz es lo \u00fanico que me calma cuando los ruidos de la ciudad me aturden\u2026 Se me estaba olvidando Autor: Jorge Luis Chacin Se\u00f1or Aunque hace rato que no hablo contigo no creas que se me olvid\u00f3 Que no hay nadie mejor como amigo Que t\u00fa mi se\u00f1or Me quede pegado con las cosas de este mundo y doli\u00f3 Y un gran vac\u00edo fue lo que me dejo . Se me estaba olvidando que all\u00e1 en el calvario t\u00fa diste la vida por mi Se me estaba olvidando que en mi abecedario T\u00fa eres el principio y el fin Que soportas mi angustia que tus manos me curan Y tu paz me ayuda a sonre\u00edr Que A\u00fan en medio de la tormenta Es tu amor el que me sustenta Jes\u00fas Eres bueno y Tu fiel amor es puro y para siempre mi Dios Y hoy solo se, que aunque ande por valles oscuros tu vas conmigo Se\u00f1or Me quede pegado con las cosas de este mundo y doli\u00f3 Y un gran vac\u00edo fue lo que me dejo . Se me estaba olvidando que all\u00e1 en el calvario t\u00fa diste la vida por mi Se me estaba olvidando que en mi abecedario T\u00fa eres el principio y el fin Que soportas mi angustia que tus manos me curan Y tu paz me ayuda a sonre\u00edr Que A\u00fan en medio de la tormenta Es tu amor el que me sustenta Jes\u00fas Gracias infinitas a mis queridos amigos que con su arte han hecho posible este hermoso video para Honrar y Alabar al Rey de Reyes y Se\u00f1or de Se\u00f1ores. Espero que disfruten este video que hicimos con mucho amor para ustedes. Autor : Jorge Luis Chacin Escucha a Jorge Luis Chacin en: YouTube: @jorgeluischacinoficial Spotify: https:\/\/open.spotify.com\/artist\/6ik9b... iTunes: https:\/\/itunes.apple.com\/us\/artist\/jo... Jorge Luis Chacin es considerado uno de los artistas venezolanos m\u00e1s completos de la escena musical, cantautor, productor y brillante m\u00fasico define cada una de sus creaciones como una fusi\u00f3n de estilos musicales incluyendo sus comienzos en la gaita Zuliana (un estilo de m\u00fasica originado en Venezuela), junto con otras influencias latinas y afro- venezolanas representadas como poes\u00eda universal a trav\u00e9s de melod\u00edas pop. Jorge Luis Chacin ademas de ser cantante es compositor y forma parte de \u00e9xitos como \u201cFiesta en mi casa\u201d de CNCO, \u201cAdicto\u201d de Prince Royce y Marc Anthony, \u201cLento\u201d de Thalia y Gente de Zona. Sigue a Jorge Luis Chacin en: Instagram: https:\/\/www.instagram.com\/jorgeluisch... Facebook: https:\/\/www.facebook.com\/jorgeluischa... Twitter: https:\/\/twitter.com\/jorgelchacin?lang=en WEB: www.jorgeluischacin.com \u00a9: 2023 DNR Music | Distributed by Altafonte. All Rights Reserved.\"><\/div><\/div><div class=\"lL\" style=\"max-width:100%;width:640px;margin:5px auto;\"><\/div><\/p>\n<p>Entradas a la venta por @mdticket<\/p>\n<p><strong>Redacci\u00f3n ND58 | Fuente: NDP<\/strong><br \/>\n<strong>Edici\u00f3n: Villasmil, Henry<\/strong><br \/>\n<strong>Gr\u00e1fica: Cortes\u00eda<\/strong><\/p>\n<p>&nbsp;<\/p><div class=\"csnqo69efe0e3e70b0\" ><p style=\"text-align: center;\"><a href=\"https:\/\/t.me\/noticiasdigital58\" target=\"_blank\" rel=\"noopener\"><img class=\"aligncenter size-full wp-image-125363\" src=\"https:\/\/digital58.com.ve\/site\/wp-content\/uploads\/2021\/04\/banner-telegram-web-2021.png\" alt=\"\" width=\"600\" height=\"90\" \/><\/a><\/p><\/div><style type=\"text\/css\">\r\n@media screen and (min-width: 1201px) {\r\n.csnqo69efe0e3e70b0 {\r\ndisplay: block;\r\n}\r\n}\r\n@media screen and (min-width: 993px) and (max-width: 1200px) {\r\n.csnqo69efe0e3e70b0 {\r\ndisplay: block;\r\n}\r\n}\r\n@media screen and (min-width: 769px) and (max-width: 992px) {\r\n.csnqo69efe0e3e70b0 {\r\ndisplay: block;\r\n}\r\n}\r\n@media screen and (min-width: 768px) and (max-width: 768px) {\r\n.csnqo69efe0e3e70b0 {\r\ndisplay: block;\r\n}\r\n}\r\n@media screen and (max-width: 767px) {\r\n.csnqo69efe0e3e70b0 {\r\ndisplay: block;\r\n}\r\n}\r\n<\/style>\r\n\n<p>&nbsp;<\/p>\n<div style=\"margin-top: 0px; margin-bottom: 0px;\" class=\"sharethis-inline-share-buttons\" ><\/div>","protected":false},"excerpt":{"rendered":"<p>El cantautor venezolano lanz\u00f3 este 18 de agosto \u00abSe me estaba olvidando\u00bb, un tema que mueve emociones por el contenido<\/p>\n","protected":false},"author":1,"featured_media":169824,"comment_status":"open","ping_status":"closed","sticky":false,"template":"","format":"standard","meta":{"colormag_page_container_layout":"default_layout","colormag_page_sidebar_layout":"default_layout","_uag_custom_page_level_css":"","footnotes":""},"categories":[1],"tags":[78,50,273,154,25822,61,233,32],"class_list":["post-169822","post","type-post","status-publish","format-standard","has-post-thumbnail","hentry","category-fama","tag-cantantes","tag-entretenimiento","tag-farandula","tag-jorge-luis-chacin","tag-lanzamiento-musicales","tag-musica","tag-nacionales","tag-venezuela"],"yoast_head":"<!-- This site is optimized with the Yoast SEO plugin v27.4 - https:\/\/yoast.com\/product\/yoast-seo-wordpress\/ -->\n<title>Jorge Luis Chac\u00edn y su emotivo estreno musical<\/title>\n<meta name=\"robots\" content=\"index, follow, max-snippet:-1, max-image-preview:large, max-video-preview:-1\" \/>\n<link rel=\"canonical\" href=\"https:\/\/digital58.com.ve\/site\/2023\/08\/20\/jorge-luis-chacin-y-su-emotivo-estreno-musical\/\" \/>\n<meta property=\"og:locale\" content=\"es_ES\" \/>\n<meta property=\"og:type\" content=\"article\" \/>\n<meta property=\"og:title\" content=\"Jorge Luis Chac\u00edn y su emotivo estreno musical\" \/>\n<meta property=\"og:url\" content=\"https:\/\/digital58.com.ve\/site\/2023\/08\/20\/jorge-luis-chacin-y-su-emotivo-estreno-musical\/\" \/>\n<meta property=\"og:site_name\" content=\"Noticias Digital58\" \/>\n<meta property=\"article:published_time\" content=\"2023-08-20T20:18:55+00:00\" \/>\n<meta property=\"og:image\" content=\"https:\/\/i0.wp.com\/digital58.com.ve\/site\/wp-content\/uploads\/2023\/08\/jlc.jpg?fit=800%2C800&ssl=1\" \/>\n\t<meta property=\"og:image:width\" content=\"800\" \/>\n\t<meta property=\"og:image:height\" content=\"800\" \/>\n\t<meta property=\"og:image:type\" content=\"image\/jpeg\" \/>\n<meta name=\"author\" content=\"Villasmil Henry\" \/>\n<meta name=\"twitter:card\" content=\"summary_large_image\" \/>\n<meta name=\"twitter:creator\" content=\"@https:\/\/twitter.com\/villasmilhfoto\" \/>\n<meta name=\"twitter:site\" content=\"@villasmilhfoto\" \/>\n<meta name=\"twitter:label1\" content=\"Escrito por\" \/>\n\t<meta name=\"twitter:data1\" content=\"Villasmil Henry\" \/>\n\t<meta name=\"twitter:label2\" content=\"Tiempo estimado de lectura\" \/>\n\t<meta name=\"twitter:data2\" content=\"1 minuto\" \/>\n<script type=\"application\/ld+json\" class=\"yoast-schema-graph\">{\"@context\":\"https:\\\/\\\/schema.org\",\"@graph\":[{\"@type\":\"Article\",\"@id\":\"https:\\\/\\\/digital58.com.ve\\\/site\\\/2023\\\/08\\\/20\\\/jorge-luis-chacin-y-su-emotivo-estreno-musical\\\/#article\",\"isPartOf\":{\"@id\":\"https:\\\/\\\/digital58.com.ve\\\/site\\\/2023\\\/08\\\/20\\\/jorge-luis-chacin-y-su-emotivo-estreno-musical\\\/\"},\"author\":{\"name\":\"Villasmil Henry\",\"@id\":\"https:\\\/\\\/digital58.com.ve\\\/site\\\/#\\\/schema\\\/person\\\/64d1c2e4d0d4fd1b849980c4331c2951\"},\"headline\":\"Jorge Luis Chac\u00edn y su emotivo estreno musical\",\"datePublished\":\"2023-08-20T20:18:55+00:00\",\"mainEntityOfPage\":{\"@id\":\"https:\\\/\\\/digital58.com.ve\\\/site\\\/2023\\\/08\\\/20\\\/jorge-luis-chacin-y-su-emotivo-estreno-musical\\\/\"},\"wordCount\":301,\"commentCount\":0,\"publisher\":{\"@id\":\"https:\\\/\\\/digital58.com.ve\\\/site\\\/#\\\/schema\\\/person\\\/64d1c2e4d0d4fd1b849980c4331c2951\"},\"image\":{\"@id\":\"https:\\\/\\\/digital58.com.ve\\\/site\\\/2023\\\/08\\\/20\\\/jorge-luis-chacin-y-su-emotivo-estreno-musical\\\/#primaryimage\"},\"thumbnailUrl\":\"https:\\\/\\\/digital58.com.ve\\\/site\\\/wp-content\\\/uploads\\\/2023\\\/08\\\/jlc.jpg\",\"keywords\":[\"Cantantes\",\"Entretenimiento\",\"Far\u00e1ndula\",\"Jorge Luis Chac\u00edn\",\"Lanzamiento musicales\",\"M\u00fasica\",\"Nacionales\",\"Venezuela\"],\"articleSection\":[\"Fama\"],\"inLanguage\":\"es\",\"potentialAction\":[{\"@type\":\"CommentAction\",\"name\":\"Comment\",\"target\":[\"https:\\\/\\\/digital58.com.ve\\\/site\\\/2023\\\/08\\\/20\\\/jorge-luis-chacin-y-su-emotivo-estreno-musical\\\/#respond\"]}]},{\"@type\":\"WebPage\",\"@id\":\"https:\\\/\\\/digital58.com.ve\\\/site\\\/2023\\\/08\\\/20\\\/jorge-luis-chacin-y-su-emotivo-estreno-musical\\\/\",\"url\":\"https:\\\/\\\/digital58.com.ve\\\/site\\\/2023\\\/08\\\/20\\\/jorge-luis-chacin-y-su-emotivo-estreno-musical\\\/\",\"name\":\"Jorge Luis Chac\u00edn y su emotivo estreno musical\",\"isPartOf\":{\"@id\":\"https:\\\/\\\/digital58.com.ve\\\/site\\\/#website\"},\"primaryImageOfPage\":{\"@id\":\"https:\\\/\\\/digital58.com.ve\\\/site\\\/2023\\\/08\\\/20\\\/jorge-luis-chacin-y-su-emotivo-estreno-musical\\\/#primaryimage\"},\"image\":{\"@id\":\"https:\\\/\\\/digital58.com.ve\\\/site\\\/2023\\\/08\\\/20\\\/jorge-luis-chacin-y-su-emotivo-estreno-musical\\\/#primaryimage\"},\"thumbnailUrl\":\"https:\\\/\\\/digital58.com.ve\\\/site\\\/wp-content\\\/uploads\\\/2023\\\/08\\\/jlc.jpg\",\"datePublished\":\"2023-08-20T20:18:55+00:00\",\"breadcrumb\":{\"@id\":\"https:\\\/\\\/digital58.com.ve\\\/site\\\/2023\\\/08\\\/20\\\/jorge-luis-chacin-y-su-emotivo-estreno-musical\\\/#breadcrumb\"},\"inLanguage\":\"es\",\"potentialAction\":[{\"@type\":\"ReadAction\",\"target\":[\"https:\\\/\\\/digital58.com.ve\\\/site\\\/2023\\\/08\\\/20\\\/jorge-luis-chacin-y-su-emotivo-estreno-musical\\\/\"]}]},{\"@type\":\"ImageObject\",\"inLanguage\":\"es\",\"@id\":\"https:\\\/\\\/digital58.com.ve\\\/site\\\/2023\\\/08\\\/20\\\/jorge-luis-chacin-y-su-emotivo-estreno-musical\\\/#primaryimage\",\"url\":\"https:\\\/\\\/digital58.com.ve\\\/site\\\/wp-content\\\/uploads\\\/2023\\\/08\\\/jlc.jpg\",\"contentUrl\":\"https:\\\/\\\/digital58.com.ve\\\/site\\\/wp-content\\\/uploads\\\/2023\\\/08\\\/jlc.jpg\",\"width\":800,\"height\":800},{\"@type\":\"BreadcrumbList\",\"@id\":\"https:\\\/\\\/digital58.com.ve\\\/site\\\/2023\\\/08\\\/20\\\/jorge-luis-chacin-y-su-emotivo-estreno-musical\\\/#breadcrumb\",\"itemListElement\":[{\"@type\":\"ListItem\",\"position\":1,\"name\":\"Home\",\"item\":\"https:\\\/\\\/digital58.com.ve\\\/site\\\/\"},{\"@type\":\"ListItem\",\"position\":2,\"name\":\"Jorge Luis Chac\u00edn y su emotivo estreno musical\"}]},{\"@type\":\"WebSite\",\"@id\":\"https:\\\/\\\/digital58.com.ve\\\/site\\\/#website\",\"url\":\"https:\\\/\\\/digital58.com.ve\\\/site\\\/\",\"name\":\"Noticias Digital58\",\"description\":\"Portal de Noticias \u00a1Periodismo web de verdad! Lanzamiento web 22.11.2005 \\\/ Maracaibo, Venezuela\",\"publisher\":{\"@id\":\"https:\\\/\\\/digital58.com.ve\\\/site\\\/#\\\/schema\\\/person\\\/64d1c2e4d0d4fd1b849980c4331c2951\"},\"alternateName\":\"ND58\",\"potentialAction\":[{\"@type\":\"SearchAction\",\"target\":{\"@type\":\"EntryPoint\",\"urlTemplate\":\"https:\\\/\\\/digital58.com.ve\\\/site\\\/?s={search_term_string}\"},\"query-input\":{\"@type\":\"PropertyValueSpecification\",\"valueRequired\":true,\"valueName\":\"search_term_string\"}}],\"inLanguage\":\"es\"},{\"@type\":[\"Person\",\"Organization\"],\"@id\":\"https:\\\/\\\/digital58.com.ve\\\/site\\\/#\\\/schema\\\/person\\\/64d1c2e4d0d4fd1b849980c4331c2951\",\"name\":\"Villasmil Henry\",\"image\":{\"@type\":\"ImageObject\",\"inLanguage\":\"es\",\"@id\":\"https:\\\/\\\/secure.gravatar.com\\\/avatar\\\/bb0c4a2fcb7970138239f7e404ea75757b1b507b28b5ce4c53fbd62d797c5a7c?s=96&d=mm&r=g\",\"url\":\"https:\\\/\\\/secure.gravatar.com\\\/avatar\\\/bb0c4a2fcb7970138239f7e404ea75757b1b507b28b5ce4c53fbd62d797c5a7c?s=96&d=mm&r=g\",\"contentUrl\":\"https:\\\/\\\/secure.gravatar.com\\\/avatar\\\/bb0c4a2fcb7970138239f7e404ea75757b1b507b28b5ce4c53fbd62d797c5a7c?s=96&d=mm&r=g\",\"caption\":\"Villasmil Henry\"},\"logo\":{\"@id\":\"https:\\\/\\\/secure.gravatar.com\\\/avatar\\\/bb0c4a2fcb7970138239f7e404ea75757b1b507b28b5ce4c53fbd62d797c5a7c?s=96&d=mm&r=g\"},\"sameAs\":[\"http:\\\/\\\/www.henryvillasmil.com.ve\",\"https:\\\/\\\/www.instagram.com\\\/villasmilhfoto\\\/\",\"https:\\\/\\\/x.com\\\/https:\\\/\\\/twitter.com\\\/villasmilhfoto\"],\"url\":\"https:\\\/\\\/digital58.com.ve\\\/site\\\/author\\\/droopy_68\\\/\"}]}<\/script>\n<!-- \/ Yoast SEO plugin. -->","yoast_head_json":{"title":"Jorge Luis Chac\u00edn y su emotivo estreno musical","robots":{"index":"index","follow":"follow","max-snippet":"max-snippet:-1","max-image-preview":"max-image-preview:large","max-video-preview":"max-video-preview:-1"},"canonical":"https:\/\/digital58.com.ve\/site\/2023\/08\/20\/jorge-luis-chacin-y-su-emotivo-estreno-musical\/","og_locale":"es_ES","og_type":"article","og_title":"Jorge Luis Chac\u00edn y su emotivo estreno musical","og_url":"https:\/\/digital58.com.ve\/site\/2023\/08\/20\/jorge-luis-chacin-y-su-emotivo-estreno-musical\/","og_site_name":"Noticias Digital58","article_published_time":"2023-08-20T20:18:55+00:00","og_image":[{"width":800,"height":800,"url":"https:\/\/i0.wp.com\/digital58.com.ve\/site\/wp-content\/uploads\/2023\/08\/jlc.jpg?fit=800%2C800&ssl=1","type":"image\/jpeg"}],"author":"Villasmil Henry","twitter_card":"summary_large_image","twitter_creator":"@https:\/\/twitter.com\/villasmilhfoto","twitter_site":"@villasmilhfoto","twitter_misc":{"Escrito por":"Villasmil Henry","Tiempo estimado de lectura":"1 minuto"},"schema":{"@context":"https:\/\/schema.org","@graph":[{"@type":"Article","@id":"https:\/\/digital58.com.ve\/site\/2023\/08\/20\/jorge-luis-chacin-y-su-emotivo-estreno-musical\/#article","isPartOf":{"@id":"https:\/\/digital58.com.ve\/site\/2023\/08\/20\/jorge-luis-chacin-y-su-emotivo-estreno-musical\/"},"author":{"name":"Villasmil Henry","@id":"https:\/\/digital58.com.ve\/site\/#\/schema\/person\/64d1c2e4d0d4fd1b849980c4331c2951"},"headline":"Jorge Luis Chac\u00edn y su emotivo estreno musical","datePublished":"2023-08-20T20:18:55+00:00","mainEntityOfPage":{"@id":"https:\/\/digital58.com.ve\/site\/2023\/08\/20\/jorge-luis-chacin-y-su-emotivo-estreno-musical\/"},"wordCount":301,"commentCount":0,"publisher":{"@id":"https:\/\/digital58.com.ve\/site\/#\/schema\/person\/64d1c2e4d0d4fd1b849980c4331c2951"},"image":{"@id":"https:\/\/digital58.com.ve\/site\/2023\/08\/20\/jorge-luis-chacin-y-su-emotivo-estreno-musical\/#primaryimage"},"thumbnailUrl":"https:\/\/digital58.com.ve\/site\/wp-content\/uploads\/2023\/08\/jlc.jpg","keywords":["Cantantes","Entretenimiento","Far\u00e1ndula","Jorge Luis Chac\u00edn","Lanzamiento musicales","M\u00fasica","Nacionales","Venezuela"],"articleSection":["Fama"],"inLanguage":"es","potentialAction":[{"@type":"CommentAction","name":"Comment","target":["https:\/\/digital58.com.ve\/site\/2023\/08\/20\/jorge-luis-chacin-y-su-emotivo-estreno-musical\/#respond"]}]},{"@type":"WebPage","@id":"https:\/\/digital58.com.ve\/site\/2023\/08\/20\/jorge-luis-chacin-y-su-emotivo-estreno-musical\/","url":"https:\/\/digital58.com.ve\/site\/2023\/08\/20\/jorge-luis-chacin-y-su-emotivo-estreno-musical\/","name":"Jorge Luis Chac\u00edn y su emotivo estreno musical","isPartOf":{"@id":"https:\/\/digital58.com.ve\/site\/#website"},"primaryImageOfPage":{"@id":"https:\/\/digital58.com.ve\/site\/2023\/08\/20\/jorge-luis-chacin-y-su-emotivo-estreno-musical\/#primaryimage"},"image":{"@id":"https:\/\/digital58.com.ve\/site\/2023\/08\/20\/jorge-luis-chacin-y-su-emotivo-estreno-musical\/#primaryimage"},"thumbnailUrl":"https:\/\/digital58.com.ve\/site\/wp-content\/uploads\/2023\/08\/jlc.jpg","datePublished":"2023-08-20T20:18:55+00:00","breadcrumb":{"@id":"https:\/\/digital58.com.ve\/site\/2023\/08\/20\/jorge-luis-chacin-y-su-emotivo-estreno-musical\/#breadcrumb"},"inLanguage":"es","potentialAction":[{"@type":"ReadAction","target":["https:\/\/digital58.com.ve\/site\/2023\/08\/20\/jorge-luis-chacin-y-su-emotivo-estreno-musical\/"]}]},{"@type":"ImageObject","inLanguage":"es","@id":"https:\/\/digital58.com.ve\/site\/2023\/08\/20\/jorge-luis-chacin-y-su-emotivo-estreno-musical\/#primaryimage","url":"https:\/\/digital58.com.ve\/site\/wp-content\/uploads\/2023\/08\/jlc.jpg","contentUrl":"https:\/\/digital58.com.ve\/site\/wp-content\/uploads\/2023\/08\/jlc.jpg","width":800,"height":800},{"@type":"BreadcrumbList","@id":"https:\/\/digital58.com.ve\/site\/2023\/08\/20\/jorge-luis-chacin-y-su-emotivo-estreno-musical\/#breadcrumb","itemListElement":[{"@type":"ListItem","position":1,"name":"Home","item":"https:\/\/digital58.com.ve\/site\/"},{"@type":"ListItem","position":2,"name":"Jorge Luis Chac\u00edn y su emotivo estreno musical"}]},{"@type":"WebSite","@id":"https:\/\/digital58.com.ve\/site\/#website","url":"https:\/\/digital58.com.ve\/site\/","name":"Noticias Digital58","description":"Portal de Noticias \u00a1Periodismo web de verdad! Lanzamiento web 22.11.2005 \/ Maracaibo, Venezuela","publisher":{"@id":"https:\/\/digital58.com.ve\/site\/#\/schema\/person\/64d1c2e4d0d4fd1b849980c4331c2951"},"alternateName":"ND58","potentialAction":[{"@type":"SearchAction","target":{"@type":"EntryPoint","urlTemplate":"https:\/\/digital58.com.ve\/site\/?s={search_term_string}"},"query-input":{"@type":"PropertyValueSpecification","valueRequired":true,"valueName":"search_term_string"}}],"inLanguage":"es"},{"@type":["Person","Organization"],"@id":"https:\/\/digital58.com.ve\/site\/#\/schema\/person\/64d1c2e4d0d4fd1b849980c4331c2951","name":"Villasmil Henry","image":{"@type":"ImageObject","inLanguage":"es","@id":"https:\/\/secure.gravatar.com\/avatar\/bb0c4a2fcb7970138239f7e404ea75757b1b507b28b5ce4c53fbd62d797c5a7c?s=96&d=mm&r=g","url":"https:\/\/secure.gravatar.com\/avatar\/bb0c4a2fcb7970138239f7e404ea75757b1b507b28b5ce4c53fbd62d797c5a7c?s=96&d=mm&r=g","contentUrl":"https:\/\/secure.gravatar.com\/avatar\/bb0c4a2fcb7970138239f7e404ea75757b1b507b28b5ce4c53fbd62d797c5a7c?s=96&d=mm&r=g","caption":"Villasmil Henry"},"logo":{"@id":"https:\/\/secure.gravatar.com\/avatar\/bb0c4a2fcb7970138239f7e404ea75757b1b507b28b5ce4c53fbd62d797c5a7c?s=96&d=mm&r=g"},"sameAs":["http:\/\/www.henryvillasmil.com.ve","https:\/\/www.instagram.com\/villasmilhfoto\/","https:\/\/x.com\/https:\/\/twitter.com\/villasmilhfoto"],"url":"https:\/\/digital58.com.ve\/site\/author\/droopy_68\/"}]}},"uagb_featured_image_src":{"full":["https:\/\/digital58.com.ve\/site\/wp-content\/uploads\/2023\/08\/jlc.jpg",800,800,false],"thumbnail":["https:\/\/digital58.com.ve\/site\/wp-content\/uploads\/2023\/08\/jlc-150x150.jpg",150,150,true],"medium":["https:\/\/digital58.com.ve\/site\/wp-content\/uploads\/2023\/08\/jlc-300x300.jpg",300,300,true],"medium_large":["https:\/\/digital58.com.ve\/site\/wp-content\/uploads\/2023\/08\/jlc-768x768.jpg",768,768,true],"large":["https:\/\/digital58.com.ve\/site\/wp-content\/uploads\/2023\/08\/jlc.jpg",800,800,false],"1536x1536":["https:\/\/digital58.com.ve\/site\/wp-content\/uploads\/2023\/08\/jlc.jpg",800,800,false],"2048x2048":["https:\/\/digital58.com.ve\/site\/wp-content\/uploads\/2023\/08\/jlc.jpg",800,800,false],"colormag-highlighted-post":["https:\/\/digital58.com.ve\/site\/wp-content\/uploads\/2023\/08\/jlc-392x272.jpg",392,272,true],"colormag-featured-post-medium":["https:\/\/digital58.com.ve\/site\/wp-content\/uploads\/2023\/08\/jlc-390x205.jpg",390,205,true],"colormag-featured-post-small":["https:\/\/digital58.com.ve\/site\/wp-content\/uploads\/2023\/08\/jlc-130x90.jpg",130,90,true],"colormag-featured-image":["https:\/\/digital58.com.ve\/site\/wp-content\/uploads\/2023\/08\/jlc-800x445.jpg",800,445,true],"colormag-default-news":["https:\/\/digital58.com.ve\/site\/wp-content\/uploads\/2023\/08\/jlc-150x150.jpg",150,150,true],"colormag-featured-image-large":["https:\/\/digital58.com.ve\/site\/wp-content\/uploads\/2023\/08\/jlc-800x600.jpg",800,600,true]},"uagb_author_info":{"display_name":"Villasmil Henry","author_link":"https:\/\/digital58.com.ve\/site\/author\/droopy_68\/"},"uagb_comment_info":0,"uagb_excerpt":"El cantautor venezolano lanz\u00f3 este 18 de agosto \u00abSe me estaba olvidando\u00bb, un tema que mueve emociones por el contenido","_links":{"self":[{"href":"https:\/\/digital58.com.ve\/site\/wp-json\/wp\/v2\/posts\/169822","targetHints":{"allow":["GET"]}}],"collection":[{"href":"https:\/\/digital58.com.ve\/site\/wp-json\/wp\/v2\/posts"}],"about":[{"href":"https:\/\/digital58.com.ve\/site\/wp-json\/wp\/v2\/types\/post"}],"author":[{"embeddable":true,"href":"https:\/\/digital58.com.ve\/site\/wp-json\/wp\/v2\/users\/1"}],"replies":[{"embeddable":true,"href":"https:\/\/digital58.com.ve\/site\/wp-json\/wp\/v2\/comments?post=169822"}],"version-history":[{"count":1,"href":"https:\/\/digital58.com.ve\/site\/wp-json\/wp\/v2\/posts\/169822\/revisions"}],"predecessor-version":[{"id":169825,"href":"https:\/\/digital58.com.ve\/site\/wp-json\/wp\/v2\/posts\/169822\/revisions\/169825"}],"wp:featuredmedia":[{"embeddable":true,"href":"https:\/\/digital58.com.ve\/site\/wp-json\/wp\/v2\/media\/169824"}],"wp:attachment":[{"href":"https:\/\/digital58.com.ve\/site\/wp-json\/wp\/v2\/media?parent=169822"}],"wp:term":[{"taxonomy":"category","embeddable":true,"href":"https:\/\/digital58.com.ve\/site\/wp-json\/wp\/v2\/categories?post=169822"},{"taxonomy":"post_tag","embeddable":true,"href":"https:\/\/digital58.com.ve\/site\/wp-json\/wp\/v2\/tags?post=169822"}],"curies":[{"name":"wp","href":"https:\/\/api.w.org\/{rel}","templated":true}]}}