{"id":169910,"date":"2023-08-21T18:46:23","date_gmt":"2023-08-21T22:46:23","guid":{"rendered":"https:\/\/digital58.com.ve\/site\/?p=169910"},"modified":"2023-08-21T19:58:52","modified_gmt":"2023-08-21T23:58:52","slug":"fiba-argentina-fuera-de-la-elite-del-baloncesto-por-primera-vez-en-40-anos","status":"publish","type":"post","link":"https:\/\/digital58.com.ve\/site\/2023\/08\/21\/fiba-argentina-fuera-de-la-elite-del-baloncesto-por-primera-vez-en-40-anos\/","title":{"rendered":"#FIBA | Argentina fuera de la \u00e9lite del baloncesto por primera vez en 40 a\u00f1os"},"content":{"rendered":"<p><img loading=\"lazy\" decoding=\"async\" class=\" aligncenter\" src=\"https:\/\/record.com.do\/media\/uploads\/2023\/08\/image-15-728x410.webp\" width=\"616\" height=\"347\" \/><\/p>\n<p>El actual subcampe\u00f3n del mundo no viv\u00eda esta situaci\u00f3n simult\u00e1neamente desde 1984.<\/p>\n<p><strong>Maracaibo, Zulia, Venezuela, 21 de agosto de 2023 (ND58).-<\/strong> Este 20 de agosto en Argentina, quedara escrita una p\u00e1gina negra en el baloncesto \u00abalbiceleste\u00bb, pues Bahamas dirigidos por Chris DeMarco (asistente de los Golden State Warriors), le dieron a la isla un triunfo de 82-75 en Santiago del Estero.<\/p>\n<p>DeMarco construy\u00f3 un equipo sensacional y todos aportaron su granito de arena hacia la meta, con las estrellas brillando y los jugadores de rol encarg\u00e1ndose del resto.<\/p>\n<p>Con este resultado, los caribe\u00f1os terminaron el certamen con marca de cuatro y cero. La victoria\u00a0 les permiti\u00f3 clasificar a uno de los Torneos de Clasificaci\u00f3n Ol\u00edmpica del a\u00f1o pr\u00f3ximo.<\/p>\n<p>Es decir, derrotaron a una de las grandes potencias del baloncesto para mantener vivo el sue\u00f1o ol\u00edmpico y destrozaron a uno\u00a0 que se ausentar\u00e1 de los Juegos en suelo frances por primera vez desde la edici\u00f3n de Sydney 2000.<\/p>\n<p>Cuando se conoci\u00f3 que Eric Gordon, Buddy Heald y DeAndre Ayton jugar\u00edan en las Bahamas, fue f\u00e1cil determinar que esta reuni\u00f3n de jugadores de la NBA ten\u00eda un prop\u00f3sito: llevar a la naci\u00f3n caribe\u00f1a a los Juegos Ol\u00edmpicos de Par\u00eds 2024, a\u00fan no ha logrado la meta, pero sum\u00f3 la que ya se puede llamar la mayor victoria del pa\u00eds en la historia de su baloncesto.<\/p>\n<p>De hecho, el a\u00f1o pasado Argentina fracas\u00f3 en su intento de clasificar a la Copa del Mundo en Filipinas, Indonesia y este a\u00f1o en Jap\u00f3n, siendo el \u00faltimo subcampe\u00f3n.<\/p>\n<p>La selecci\u00f3n sudamericana estar\u00e1 ausente de la Copa del Mundo por primera vez desde 1982, cuando Colombia fue sede del torneo. Argentina se pierde dos grandes eventos por primera vez desde esa fecha, habiendo fracasado en su intento de llegar a Los \u00c1ngeles en 1984 dos a\u00f1os despu\u00e9s.<\/p>\n<p>Las bajas de la selecci\u00f3n \u00abalbiceleste\u00bb, en la que estaban Marcos D&#8217;Elia y Nicol\u00e1s Laprovittola, contribuyeron al relevo generacional tras la \u00abGeneraci\u00f3n Dorada\u00bb, el constante cambio de entrenadores y problemas internos en la federaci\u00f3n que llevaron a que los campeones ol\u00edmpicos de 2004 no pudieran estar en Par\u00eds y comenz\u00f3 una transici\u00f3n dif\u00edcil para los a\u00f1os venideros.<\/p>\n<p><strong>Redacci\u00f3n ND58 \/ Arismendi, Luis | Fuente: FIBA<\/strong><br \/>\n<strong>Edici\u00f3n: Villasmil, Henry<\/strong><br \/>\n<strong>Gr\u00e1ficas: cortes\u00eda FIBA<\/strong><\/p><div class=\"jalpy6a962c32168ce\" ><p style=\"text-align: center;\"><a href=\"https:\/\/t.me\/noticiasdigital58\" target=\"_blank\" rel=\"noopener\"><img class=\"aligncenter size-full wp-image-125363\" src=\"https:\/\/digital58.com.ve\/site\/wp-content\/uploads\/2021\/04\/banner-telegram-web-2021.png\" alt=\"\" width=\"600\" height=\"90\" \/><\/a><\/p><\/div><style type=\"text\/css\">\r\n@media screen and (min-width: 1201px) {\r\n.jalpy6a962c32168ce {\r\ndisplay: block;\r\n}\r\n}\r\n@media screen and (min-width: 993px) and (max-width: 1200px) {\r\n.jalpy6a962c32168ce {\r\ndisplay: block;\r\n}\r\n}\r\n@media screen and (min-width: 769px) and (max-width: 992px) {\r\n.jalpy6a962c32168ce {\r\ndisplay: block;\r\n}\r\n}\r\n@media screen and (min-width: 768px) and (max-width: 768px) {\r\n.jalpy6a962c32168ce {\r\ndisplay: block;\r\n}\r\n}\r\n@media screen and (max-width: 767px) {\r\n.jalpy6a962c32168ce {\r\ndisplay: block;\r\n}\r\n}\r\n<\/style>\r\n\n<p>&nbsp;<\/p>\n<div style=\"margin-top: 0px; margin-bottom: 0px;\" class=\"sharethis-inline-share-buttons\" ><\/div>","protected":false},"excerpt":{"rendered":"<p>El actual subcampe\u00f3n del mundo no viv\u00eda esta situaci\u00f3n simult\u00e1neamente desde 1984. Maracaibo, Zulia, Venezuela, 21 de agosto de 2023<\/p>\n","protected":false},"author":7,"featured_media":169913,"comment_status":"open","ping_status":"closed","sticky":false,"template":"","format":"standard","meta":{"colormag_page_container_layout":"default_layout","colormag_page_sidebar_layout":"default_layout","_uag_custom_page_level_css":"","footnotes":""},"categories":[5402],"tags":[36,14722,27,33,30,40,8,25181,32254,32253,32252],"class_list":["post-169910","post","type-post","status-publish","format-standard","has-post-thumbnail","hentry","category-deportes","tag-argentina","tag-bahamas","tag-baloncesto","tag-baloncesto-internacional","tag-fiba","tag-francia","tag-internacionales","tag-juegos-olimpicos-paris-2024","tag-mundial-fiba-2023","tag-santiago-del-estero","tag-torneo-preolimpico"],"yoast_head":"<!-- This site is optimized with the Yoast SEO plugin v28.3 - https:\/\/yoast.com\/product\/yoast-seo-wordpress\/ -->\n<title>#FIBA | Argentina fuera de la \u00e9lite del baloncesto por primera vez en 40 a\u00f1os<\/title>\n<meta name=\"robots\" content=\"index, follow, max-snippet:-1, max-image-preview:large, max-video-preview:-1\" \/>\n<link rel=\"canonical\" href=\"https:\/\/digital58.com.ve\/site\/2023\/08\/21\/fiba-argentina-fuera-de-la-elite-del-baloncesto-por-primera-vez-en-40-anos\/\" \/>\n<meta property=\"og:locale\" content=\"es_ES\" \/>\n<meta property=\"og:type\" content=\"article\" \/>\n<meta property=\"og:title\" content=\"#FIBA | Argentina fuera de la \u00e9lite del baloncesto por primera vez en 40 a\u00f1os\" \/>\n<meta property=\"og:url\" content=\"https:\/\/digital58.com.ve\/site\/2023\/08\/21\/fiba-argentina-fuera-de-la-elite-del-baloncesto-por-primera-vez-en-40-anos\/\" \/>\n<meta property=\"og:site_name\" content=\"Noticias Digital58\" \/>\n<meta property=\"article:published_time\" content=\"2023-08-21T22:46:23+00:00\" \/>\n<meta property=\"article:modified_time\" content=\"2023-08-21T23:58:52+00:00\" \/>\n<meta property=\"og:image\" content=\"https:\/\/i0.wp.com\/digital58.com.ve\/site\/wp-content\/uploads\/2023\/08\/ARG.jpg?fit=712%2C500&ssl=1\" \/>\n\t<meta property=\"og:image:width\" content=\"712\" \/>\n\t<meta property=\"og:image:height\" content=\"500\" \/>\n\t<meta property=\"og:image:type\" content=\"image\/jpeg\" \/>\n<meta name=\"author\" content=\"Arismendi Luis\" \/>\n<meta name=\"twitter:card\" content=\"summary_large_image\" \/>\n<meta name=\"twitter:creator\" content=\"@Digital_58\" \/>\n<meta name=\"twitter:site\" content=\"@villasmilhfoto\" \/>\n<meta name=\"twitter:label1\" content=\"Escrito por\" \/>\n\t<meta name=\"twitter:data1\" content=\"Arismendi Luis\" \/>\n\t<meta name=\"twitter:label2\" content=\"Tiempo estimado de lectura\" \/>\n\t<meta name=\"twitter:data2\" content=\"2 minutos\" \/>\n<script type=\"application\/ld+json\" class=\"yoast-schema-graph\">{\"@context\":\"https:\\\/\\\/schema.org\",\"@graph\":[{\"@type\":\"Article\",\"@id\":\"https:\\\/\\\/digital58.com.ve\\\/site\\\/2023\\\/08\\\/21\\\/fiba-argentina-fuera-de-la-elite-del-baloncesto-por-primera-vez-en-40-anos\\\/#article\",\"isPartOf\":{\"@id\":\"https:\\\/\\\/digital58.com.ve\\\/site\\\/2023\\\/08\\\/21\\\/fiba-argentina-fuera-de-la-elite-del-baloncesto-por-primera-vez-en-40-anos\\\/\"},\"author\":{\"name\":\"Arismendi Luis\",\"@id\":\"https:\\\/\\\/digital58.com.ve\\\/site\\\/#\\\/schema\\\/person\\\/d79fb9041200d150763851810f3a6e44\"},\"headline\":\"#FIBA | Argentina fuera de la \u00e9lite del baloncesto por primera vez en 40 a\u00f1os\",\"datePublished\":\"2023-08-21T22:46:23+00:00\",\"dateModified\":\"2023-08-21T23:58:52+00:00\",\"mainEntityOfPage\":{\"@id\":\"https:\\\/\\\/digital58.com.ve\\\/site\\\/2023\\\/08\\\/21\\\/fiba-argentina-fuera-de-la-elite-del-baloncesto-por-primera-vez-en-40-anos\\\/\"},\"wordCount\":422,\"commentCount\":0,\"publisher\":{\"@id\":\"https:\\\/\\\/digital58.com.ve\\\/site\\\/#\\\/schema\\\/person\\\/64d1c2e4d0d4fd1b849980c4331c2951\"},\"image\":{\"@id\":\"https:\\\/\\\/digital58.com.ve\\\/site\\\/2023\\\/08\\\/21\\\/fiba-argentina-fuera-de-la-elite-del-baloncesto-por-primera-vez-en-40-anos\\\/#primaryimage\"},\"thumbnailUrl\":\"https:\\\/\\\/digital58.com.ve\\\/site\\\/wp-content\\\/uploads\\\/2023\\\/08\\\/ARG.jpg\",\"keywords\":[\"Argentina\",\"Bahamas\",\"Baloncesto\",\"Baloncesto Internacional\",\"FIBA\",\"Francia\",\"Internacionales\",\"Juegos Ol\u00edmpicos Par\u00eds 2024\",\"Mundial FIBA 2023\",\"Santiago del Estero\",\"Torneo preolimpico\"],\"articleSection\":[\"Deportes\"],\"inLanguage\":\"es\",\"potentialAction\":[{\"@type\":\"CommentAction\",\"name\":\"Comment\",\"target\":[\"https:\\\/\\\/digital58.com.ve\\\/site\\\/2023\\\/08\\\/21\\\/fiba-argentina-fuera-de-la-elite-del-baloncesto-por-primera-vez-en-40-anos\\\/#respond\"]}]},{\"@type\":\"WebPage\",\"@id\":\"https:\\\/\\\/digital58.com.ve\\\/site\\\/2023\\\/08\\\/21\\\/fiba-argentina-fuera-de-la-elite-del-baloncesto-por-primera-vez-en-40-anos\\\/\",\"url\":\"https:\\\/\\\/digital58.com.ve\\\/site\\\/2023\\\/08\\\/21\\\/fiba-argentina-fuera-de-la-elite-del-baloncesto-por-primera-vez-en-40-anos\\\/\",\"name\":\"#FIBA | Argentina fuera de la \u00e9lite del baloncesto por primera vez en 40 a\u00f1os\",\"isPartOf\":{\"@id\":\"https:\\\/\\\/digital58.com.ve\\\/site\\\/#website\"},\"primaryImageOfPage\":{\"@id\":\"https:\\\/\\\/digital58.com.ve\\\/site\\\/2023\\\/08\\\/21\\\/fiba-argentina-fuera-de-la-elite-del-baloncesto-por-primera-vez-en-40-anos\\\/#primaryimage\"},\"image\":{\"@id\":\"https:\\\/\\\/digital58.com.ve\\\/site\\\/2023\\\/08\\\/21\\\/fiba-argentina-fuera-de-la-elite-del-baloncesto-por-primera-vez-en-40-anos\\\/#primaryimage\"},\"thumbnailUrl\":\"https:\\\/\\\/digital58.com.ve\\\/site\\\/wp-content\\\/uploads\\\/2023\\\/08\\\/ARG.jpg\",\"datePublished\":\"2023-08-21T22:46:23+00:00\",\"dateModified\":\"2023-08-21T23:58:52+00:00\",\"breadcrumb\":{\"@id\":\"https:\\\/\\\/digital58.com.ve\\\/site\\\/2023\\\/08\\\/21\\\/fiba-argentina-fuera-de-la-elite-del-baloncesto-por-primera-vez-en-40-anos\\\/#breadcrumb\"},\"inLanguage\":\"es\",\"potentialAction\":[{\"@type\":\"ReadAction\",\"target\":[\"https:\\\/\\\/digital58.com.ve\\\/site\\\/2023\\\/08\\\/21\\\/fiba-argentina-fuera-de-la-elite-del-baloncesto-por-primera-vez-en-40-anos\\\/\"]}]},{\"@type\":\"ImageObject\",\"inLanguage\":\"es\",\"@id\":\"https:\\\/\\\/digital58.com.ve\\\/site\\\/2023\\\/08\\\/21\\\/fiba-argentina-fuera-de-la-elite-del-baloncesto-por-primera-vez-en-40-anos\\\/#primaryimage\",\"url\":\"https:\\\/\\\/digital58.com.ve\\\/site\\\/wp-content\\\/uploads\\\/2023\\\/08\\\/ARG.jpg\",\"contentUrl\":\"https:\\\/\\\/digital58.com.ve\\\/site\\\/wp-content\\\/uploads\\\/2023\\\/08\\\/ARG.jpg\",\"width\":712,\"height\":500},{\"@type\":\"BreadcrumbList\",\"@id\":\"https:\\\/\\\/digital58.com.ve\\\/site\\\/2023\\\/08\\\/21\\\/fiba-argentina-fuera-de-la-elite-del-baloncesto-por-primera-vez-en-40-anos\\\/#breadcrumb\",\"itemListElement\":[{\"@type\":\"ListItem\",\"position\":1,\"name\":\"Home\",\"item\":\"https:\\\/\\\/digital58.com.ve\\\/site\\\/\"},{\"@type\":\"ListItem\",\"position\":2,\"name\":\"#FIBA | Argentina fuera de la \u00e9lite del baloncesto por primera vez en 40 a\u00f1os\"}]},{\"@type\":\"WebSite\",\"@id\":\"https:\\\/\\\/digital58.com.ve\\\/site\\\/#website\",\"url\":\"https:\\\/\\\/digital58.com.ve\\\/site\\\/\",\"name\":\"Noticias Digital58\",\"description\":\"Portal de Noticias \u00a1Periodismo web de verdad! Lanzamiento web 22.11.2005 \\\/ Maracaibo, Venezuela\",\"publisher\":{\"@id\":\"https:\\\/\\\/digital58.com.ve\\\/site\\\/#\\\/schema\\\/person\\\/64d1c2e4d0d4fd1b849980c4331c2951\"},\"alternateName\":\"ND58\",\"potentialAction\":[{\"@type\":\"SearchAction\",\"target\":{\"@type\":\"EntryPoint\",\"urlTemplate\":\"https:\\\/\\\/digital58.com.ve\\\/site\\\/?s={search_term_string}\"},\"query-input\":{\"@type\":\"PropertyValueSpecification\",\"valueRequired\":true,\"valueName\":\"search_term_string\"}}],\"inLanguage\":\"es\"},{\"@type\":[\"Person\",\"Organization\"],\"@id\":\"https:\\\/\\\/digital58.com.ve\\\/site\\\/#\\\/schema\\\/person\\\/64d1c2e4d0d4fd1b849980c4331c2951\",\"name\":\"Villasmil Henry\",\"image\":{\"@type\":\"ImageObject\",\"inLanguage\":\"es\",\"@id\":\"https:\\\/\\\/secure.gravatar.com\\\/avatar\\\/bb0c4a2fcb7970138239f7e404ea75757b1b507b28b5ce4c53fbd62d797c5a7c?s=96&d=mm&r=g\",\"url\":\"https:\\\/\\\/secure.gravatar.com\\\/avatar\\\/bb0c4a2fcb7970138239f7e404ea75757b1b507b28b5ce4c53fbd62d797c5a7c?s=96&d=mm&r=g\",\"contentUrl\":\"https:\\\/\\\/secure.gravatar.com\\\/avatar\\\/bb0c4a2fcb7970138239f7e404ea75757b1b507b28b5ce4c53fbd62d797c5a7c?s=96&d=mm&r=g\",\"caption\":\"Villasmil Henry\"},\"logo\":{\"@id\":\"https:\\\/\\\/secure.gravatar.com\\\/avatar\\\/bb0c4a2fcb7970138239f7e404ea75757b1b507b28b5ce4c53fbd62d797c5a7c?s=96&d=mm&r=g\"},\"sameAs\":[\"http:\\\/\\\/www.henryvillasmil.com.ve\",\"https:\\\/\\\/www.instagram.com\\\/villasmilhfoto\\\/\",\"https:\\\/\\\/x.com\\\/https:\\\/\\\/twitter.com\\\/villasmilhfoto\"]},{\"@type\":\"Person\",\"@id\":\"https:\\\/\\\/digital58.com.ve\\\/site\\\/#\\\/schema\\\/person\\\/d79fb9041200d150763851810f3a6e44\",\"name\":\"Arismendi Luis\",\"image\":{\"@type\":\"ImageObject\",\"inLanguage\":\"es\",\"@id\":\"https:\\\/\\\/secure.gravatar.com\\\/avatar\\\/076a9c19816f4976b76b8d88be4606fba80dee0aea5ccae15d7f3466053c0615?s=96&d=mm&r=g\",\"url\":\"https:\\\/\\\/secure.gravatar.com\\\/avatar\\\/076a9c19816f4976b76b8d88be4606fba80dee0aea5ccae15d7f3466053c0615?s=96&d=mm&r=g\",\"contentUrl\":\"https:\\\/\\\/secure.gravatar.com\\\/avatar\\\/076a9c19816f4976b76b8d88be4606fba80dee0aea5ccae15d7f3466053c0615?s=96&d=mm&r=g\",\"caption\":\"Arismendi Luis\"},\"url\":\"https:\\\/\\\/digital58.com.ve\\\/site\\\/author\\\/arismendi17\\\/\"}]}<\/script>\n<!-- \/ Yoast SEO plugin. -->","yoast_head_json":{"title":"#FIBA | Argentina fuera de la \u00e9lite del baloncesto por primera vez en 40 a\u00f1os","robots":{"index":"index","follow":"follow","max-snippet":"max-snippet:-1","max-image-preview":"max-image-preview:large","max-video-preview":"max-video-preview:-1"},"canonical":"https:\/\/digital58.com.ve\/site\/2023\/08\/21\/fiba-argentina-fuera-de-la-elite-del-baloncesto-por-primera-vez-en-40-anos\/","og_locale":"es_ES","og_type":"article","og_title":"#FIBA | Argentina fuera de la \u00e9lite del baloncesto por primera vez en 40 a\u00f1os","og_url":"https:\/\/digital58.com.ve\/site\/2023\/08\/21\/fiba-argentina-fuera-de-la-elite-del-baloncesto-por-primera-vez-en-40-anos\/","og_site_name":"Noticias Digital58","article_published_time":"2023-08-21T22:46:23+00:00","article_modified_time":"2023-08-21T23:58:52+00:00","og_image":[{"width":712,"height":500,"url":"https:\/\/i0.wp.com\/digital58.com.ve\/site\/wp-content\/uploads\/2023\/08\/ARG.jpg?fit=712%2C500&ssl=1","type":"image\/jpeg"}],"author":"Arismendi Luis","twitter_card":"summary_large_image","twitter_creator":"@Digital_58","twitter_site":"@villasmilhfoto","twitter_misc":{"Escrito por":"Arismendi Luis","Tiempo estimado de lectura":"2 minutos"},"schema":{"@context":"https:\/\/schema.org","@graph":[{"@type":"Article","@id":"https:\/\/digital58.com.ve\/site\/2023\/08\/21\/fiba-argentina-fuera-de-la-elite-del-baloncesto-por-primera-vez-en-40-anos\/#article","isPartOf":{"@id":"https:\/\/digital58.com.ve\/site\/2023\/08\/21\/fiba-argentina-fuera-de-la-elite-del-baloncesto-por-primera-vez-en-40-anos\/"},"author":{"name":"Arismendi Luis","@id":"https:\/\/digital58.com.ve\/site\/#\/schema\/person\/d79fb9041200d150763851810f3a6e44"},"headline":"#FIBA | Argentina fuera de la \u00e9lite del baloncesto por primera vez en 40 a\u00f1os","datePublished":"2023-08-21T22:46:23+00:00","dateModified":"2023-08-21T23:58:52+00:00","mainEntityOfPage":{"@id":"https:\/\/digital58.com.ve\/site\/2023\/08\/21\/fiba-argentina-fuera-de-la-elite-del-baloncesto-por-primera-vez-en-40-anos\/"},"wordCount":422,"commentCount":0,"publisher":{"@id":"https:\/\/digital58.com.ve\/site\/#\/schema\/person\/64d1c2e4d0d4fd1b849980c4331c2951"},"image":{"@id":"https:\/\/digital58.com.ve\/site\/2023\/08\/21\/fiba-argentina-fuera-de-la-elite-del-baloncesto-por-primera-vez-en-40-anos\/#primaryimage"},"thumbnailUrl":"https:\/\/digital58.com.ve\/site\/wp-content\/uploads\/2023\/08\/ARG.jpg","keywords":["Argentina","Bahamas","Baloncesto","Baloncesto Internacional","FIBA","Francia","Internacionales","Juegos Ol\u00edmpicos Par\u00eds 2024","Mundial FIBA 2023","Santiago del Estero","Torneo preolimpico"],"articleSection":["Deportes"],"inLanguage":"es","potentialAction":[{"@type":"CommentAction","name":"Comment","target":["https:\/\/digital58.com.ve\/site\/2023\/08\/21\/fiba-argentina-fuera-de-la-elite-del-baloncesto-por-primera-vez-en-40-anos\/#respond"]}]},{"@type":"WebPage","@id":"https:\/\/digital58.com.ve\/site\/2023\/08\/21\/fiba-argentina-fuera-de-la-elite-del-baloncesto-por-primera-vez-en-40-anos\/","url":"https:\/\/digital58.com.ve\/site\/2023\/08\/21\/fiba-argentina-fuera-de-la-elite-del-baloncesto-por-primera-vez-en-40-anos\/","name":"#FIBA | Argentina fuera de la \u00e9lite del baloncesto por primera vez en 40 a\u00f1os","isPartOf":{"@id":"https:\/\/digital58.com.ve\/site\/#website"},"primaryImageOfPage":{"@id":"https:\/\/digital58.com.ve\/site\/2023\/08\/21\/fiba-argentina-fuera-de-la-elite-del-baloncesto-por-primera-vez-en-40-anos\/#primaryimage"},"image":{"@id":"https:\/\/digital58.com.ve\/site\/2023\/08\/21\/fiba-argentina-fuera-de-la-elite-del-baloncesto-por-primera-vez-en-40-anos\/#primaryimage"},"thumbnailUrl":"https:\/\/digital58.com.ve\/site\/wp-content\/uploads\/2023\/08\/ARG.jpg","datePublished":"2023-08-21T22:46:23+00:00","dateModified":"2023-08-21T23:58:52+00:00","breadcrumb":{"@id":"https:\/\/digital58.com.ve\/site\/2023\/08\/21\/fiba-argentina-fuera-de-la-elite-del-baloncesto-por-primera-vez-en-40-anos\/#breadcrumb"},"inLanguage":"es","potentialAction":[{"@type":"ReadAction","target":["https:\/\/digital58.com.ve\/site\/2023\/08\/21\/fiba-argentina-fuera-de-la-elite-del-baloncesto-por-primera-vez-en-40-anos\/"]}]},{"@type":"ImageObject","inLanguage":"es","@id":"https:\/\/digital58.com.ve\/site\/2023\/08\/21\/fiba-argentina-fuera-de-la-elite-del-baloncesto-por-primera-vez-en-40-anos\/#primaryimage","url":"https:\/\/digital58.com.ve\/site\/wp-content\/uploads\/2023\/08\/ARG.jpg","contentUrl":"https:\/\/digital58.com.ve\/site\/wp-content\/uploads\/2023\/08\/ARG.jpg","width":712,"height":500},{"@type":"BreadcrumbList","@id":"https:\/\/digital58.com.ve\/site\/2023\/08\/21\/fiba-argentina-fuera-de-la-elite-del-baloncesto-por-primera-vez-en-40-anos\/#breadcrumb","itemListElement":[{"@type":"ListItem","position":1,"name":"Home","item":"https:\/\/digital58.com.ve\/site\/"},{"@type":"ListItem","position":2,"name":"#FIBA | Argentina fuera de la \u00e9lite del baloncesto por primera vez en 40 a\u00f1os"}]},{"@type":"WebSite","@id":"https:\/\/digital58.com.ve\/site\/#website","url":"https:\/\/digital58.com.ve\/site\/","name":"Noticias Digital58","description":"Portal de Noticias \u00a1Periodismo web de verdad! Lanzamiento web 22.11.2005 \/ Maracaibo, Venezuela","publisher":{"@id":"https:\/\/digital58.com.ve\/site\/#\/schema\/person\/64d1c2e4d0d4fd1b849980c4331c2951"},"alternateName":"ND58","potentialAction":[{"@type":"SearchAction","target":{"@type":"EntryPoint","urlTemplate":"https:\/\/digital58.com.ve\/site\/?s={search_term_string}"},"query-input":{"@type":"PropertyValueSpecification","valueRequired":true,"valueName":"search_term_string"}}],"inLanguage":"es"},{"@type":["Person","Organization"],"@id":"https:\/\/digital58.com.ve\/site\/#\/schema\/person\/64d1c2e4d0d4fd1b849980c4331c2951","name":"Villasmil Henry","image":{"@type":"ImageObject","inLanguage":"es","@id":"https:\/\/secure.gravatar.com\/avatar\/bb0c4a2fcb7970138239f7e404ea75757b1b507b28b5ce4c53fbd62d797c5a7c?s=96&d=mm&r=g","url":"https:\/\/secure.gravatar.com\/avatar\/bb0c4a2fcb7970138239f7e404ea75757b1b507b28b5ce4c53fbd62d797c5a7c?s=96&d=mm&r=g","contentUrl":"https:\/\/secure.gravatar.com\/avatar\/bb0c4a2fcb7970138239f7e404ea75757b1b507b28b5ce4c53fbd62d797c5a7c?s=96&d=mm&r=g","caption":"Villasmil Henry"},"logo":{"@id":"https:\/\/secure.gravatar.com\/avatar\/bb0c4a2fcb7970138239f7e404ea75757b1b507b28b5ce4c53fbd62d797c5a7c?s=96&d=mm&r=g"},"sameAs":["http:\/\/www.henryvillasmil.com.ve","https:\/\/www.instagram.com\/villasmilhfoto\/","https:\/\/x.com\/https:\/\/twitter.com\/villasmilhfoto"]},{"@type":"Person","@id":"https:\/\/digital58.com.ve\/site\/#\/schema\/person\/d79fb9041200d150763851810f3a6e44","name":"Arismendi Luis","image":{"@type":"ImageObject","inLanguage":"es","@id":"https:\/\/secure.gravatar.com\/avatar\/076a9c19816f4976b76b8d88be4606fba80dee0aea5ccae15d7f3466053c0615?s=96&d=mm&r=g","url":"https:\/\/secure.gravatar.com\/avatar\/076a9c19816f4976b76b8d88be4606fba80dee0aea5ccae15d7f3466053c0615?s=96&d=mm&r=g","contentUrl":"https:\/\/secure.gravatar.com\/avatar\/076a9c19816f4976b76b8d88be4606fba80dee0aea5ccae15d7f3466053c0615?s=96&d=mm&r=g","caption":"Arismendi Luis"},"url":"https:\/\/digital58.com.ve\/site\/author\/arismendi17\/"}]}},"uagb_featured_image_src":{"full":["https:\/\/digital58.com.ve\/site\/wp-content\/uploads\/2023\/08\/ARG.jpg",712,500,false],"thumbnail":["https:\/\/digital58.com.ve\/site\/wp-content\/uploads\/2023\/08\/ARG-150x150.jpg",150,150,true],"medium":["https:\/\/digital58.com.ve\/site\/wp-content\/uploads\/2023\/08\/ARG-300x211.jpg",300,211,true],"medium_large":["https:\/\/digital58.com.ve\/site\/wp-content\/uploads\/2023\/08\/ARG.jpg",712,500,false],"large":["https:\/\/digital58.com.ve\/site\/wp-content\/uploads\/2023\/08\/ARG.jpg",712,500,false],"1536x1536":["https:\/\/digital58.com.ve\/site\/wp-content\/uploads\/2023\/08\/ARG.jpg",712,500,false],"2048x2048":["https:\/\/digital58.com.ve\/site\/wp-content\/uploads\/2023\/08\/ARG.jpg",712,500,false],"colormag-highlighted-post":["https:\/\/digital58.com.ve\/site\/wp-content\/uploads\/2023\/08\/ARG-392x272.jpg",392,272,true],"colormag-featured-post-medium":["https:\/\/digital58.com.ve\/site\/wp-content\/uploads\/2023\/08\/ARG-390x205.jpg",390,205,true],"colormag-featured-post-small":["https:\/\/digital58.com.ve\/site\/wp-content\/uploads\/2023\/08\/ARG-130x90.jpg",130,90,true],"colormag-featured-image":["https:\/\/digital58.com.ve\/site\/wp-content\/uploads\/2023\/08\/ARG-712x445.jpg",712,445,true],"colormag-default-news":["https:\/\/digital58.com.ve\/site\/wp-content\/uploads\/2023\/08\/ARG-150x150.jpg",150,150,true],"colormag-featured-image-large":["https:\/\/digital58.com.ve\/site\/wp-content\/uploads\/2023\/08\/ARG.jpg",712,500,false]},"uagb_author_info":{"display_name":"Arismendi Luis","author_link":"https:\/\/digital58.com.ve\/site\/author\/arismendi17\/"},"uagb_comment_info":0,"uagb_excerpt":"El actual subcampe\u00f3n del mundo no viv\u00eda esta situaci\u00f3n simult\u00e1neamente desde 1984. Maracaibo, Zulia, Venezuela, 21 de agosto de 2023","_links":{"self":[{"href":"https:\/\/digital58.com.ve\/site\/wp-json\/wp\/v2\/posts\/169910","targetHints":{"allow":["GET"]}}],"collection":[{"href":"https:\/\/digital58.com.ve\/site\/wp-json\/wp\/v2\/posts"}],"about":[{"href":"https:\/\/digital58.com.ve\/site\/wp-json\/wp\/v2\/types\/post"}],"author":[{"embeddable":true,"href":"https:\/\/digital58.com.ve\/site\/wp-json\/wp\/v2\/users\/7"}],"replies":[{"embeddable":true,"href":"https:\/\/digital58.com.ve\/site\/wp-json\/wp\/v2\/comments?post=169910"}],"version-history":[{"count":5,"href":"https:\/\/digital58.com.ve\/site\/wp-json\/wp\/v2\/posts\/169910\/revisions"}],"predecessor-version":[{"id":169931,"href":"https:\/\/digital58.com.ve\/site\/wp-json\/wp\/v2\/posts\/169910\/revisions\/169931"}],"wp:featuredmedia":[{"embeddable":true,"href":"https:\/\/digital58.com.ve\/site\/wp-json\/wp\/v2\/media\/169913"}],"wp:attachment":[{"href":"https:\/\/digital58.com.ve\/site\/wp-json\/wp\/v2\/media?parent=169910"}],"wp:term":[{"taxonomy":"category","embeddable":true,"href":"https:\/\/digital58.com.ve\/site\/wp-json\/wp\/v2\/categories?post=169910"},{"taxonomy":"post_tag","embeddable":true,"href":"https:\/\/digital58.com.ve\/site\/wp-json\/wp\/v2\/tags?post=169910"}],"curies":[{"name":"wp","href":"https:\/\/api.w.org\/{rel}","templated":true}]}}