{"id":169977,"date":"2023-08-23T11:12:25","date_gmt":"2023-08-23T15:12:25","guid":{"rendered":"https:\/\/digital58.com.ve\/site\/?p=169977"},"modified":"2023-08-23T11:12:25","modified_gmt":"2023-08-23T15:12:25","slug":"formula1-piden-descalificar-a-red-bull-del-campeonato-2024","status":"publish","type":"post","link":"https:\/\/digital58.com.ve\/site\/2023\/08\/23\/formula1-piden-descalificar-a-red-bull-del-campeonato-2024\/","title":{"rendered":"#Formula1 | Piden descalificar a Red Bull del campeonato 2024"},"content":{"rendered":"<p><img loading=\"lazy\" decoding=\"async\" class=\" aligncenter\" src=\"https:\/\/cdn.gpblog.com\/news\/2020\/09\/29\/v2_large_8ec7fe9c73409c93fc81eec8a3edbba358ed2785.jpg\" width=\"707\" height=\"365\" \/><\/p>\n<p>Los austr\u00edacos se encuentran preocupados por el veredicto del incumplimiento al l\u00edmite de costos de la temporada 2021, el cual a\u00fan est\u00e1 pendiente.<\/p>\n<p><strong>Maracaibo, Zulia, Venezuela, 23 de agosto de 2023 (ND58).-<\/strong> Uno de los principales competidores de la escuder\u00eda austr\u00edaca pide que de no cambiar la situaci\u00f3n, el equipo sea descalificado. Cabe recordar que la sanci\u00f3n provisoria en 2021 para los \u00abtaurinos\u00bb, fue una multa econ\u00f3mica y una reducci\u00f3n en las horas del t\u00fanel de viento.<\/p>\n<p>En las \u00faltimas horas, Fred Vasseur, el jefe de equipo de Ferrari, pidi\u00f3 un castigo m\u00e1s estricto para la Red Bull Racing en una entrevista con el medio \u00abGazzetta dello Sport\u00bb. El directivo de la marca de \u00abMaranello\u00bb fue muy duro en sus declaraciones al sostener: \u00abSi volviera a suceder, deber\u00eda ser mucho m\u00e1s dr\u00e1stico\u00bb.<\/p>\n<figure id=\"attachment_169982\" aria-describedby=\"caption-attachment-169982\" style=\"width: 539px\" class=\"wp-caption aligncenter\"><img loading=\"lazy\" decoding=\"async\" class=\" wp-image-169982\" src=\"https:\/\/digital58.com.ve\/site\/wp-content\/uploads\/2023\/08\/Vasseur.jpg\" alt=\"Fred Vasseur\" width=\"539\" height=\"359\" srcset=\"https:\/\/digital58.com.ve\/site\/wp-content\/uploads\/2023\/08\/Vasseur.jpg 750w, https:\/\/digital58.com.ve\/site\/wp-content\/uploads\/2023\/08\/Vasseur-300x200.jpg 300w\" sizes=\"auto, (max-width: 539px) 100vw, 539px\" \/><figcaption id=\"caption-attachment-169982\" class=\"wp-caption-text\">Fred Vasseur<\/figcaption><\/figure>\n<p>\u00abTeniendo en cuenta que una ventaja t\u00e9cnica se traduce en una ventaja deportiva, el castigo debe ser deportivo. No solo una multa\u00bb, asegur\u00f3 el suizo a la prensa.<\/p>\n<p>Vasseur opin\u00f3 sobre la multa a Red Bull Racing por parte de la FIA de $7,000,000 y la reducci\u00f3n del 10% en el tiempo de t\u00fanel de viento: \u00abSi se confirmara otra irregularidad, ser\u00eda necesaria una sanci\u00f3n severa. <strong>Tal vez una descalificaci\u00f3n de un a\u00f1o para 2024 o algo similar<\/strong>\u00bb.<\/p>\n<p>Por su parte Christian Horner, jefe de equipo de la marca de los energizantes, habl\u00f3 sobre el rumor de que la categor\u00eda podr\u00eda cambiar el reglamento debido al dominio de Red Bull Racing: \u00abEst\u00e1 todo incre\u00edblemente apretado y con estabilidad en las normas, siempre habr\u00e1 convergencia. Si quieres carreras igualadas, deja las normas en paz y habr\u00e1 convergencia en los equipos y tambi\u00e9n en los coches\u00bb.<\/p>\n<p>El directivo de la marca austr\u00edaca adelant\u00f3 que podr\u00eda suceder el a\u00f1o pr\u00f3ximo en la F\u00f3rmula 1: \u00abTengo la sensaci\u00f3n de que el a\u00f1o que viene tendremos un caldero de pescado totalmente diferente\u00bb.<\/p>\n<p>\u00abEl orden de la parrilla detr\u00e1s nuestro no deja de cambiar cada fin de semana. Algunas veces es Ferrari, otras Mercedes, McLaren tambi\u00e9n ha aparecido ahora, Aston Martin estuvo ah\u00ed a principios de temporada\u00bb cerr\u00f3 Horner.<\/p>\n<p><strong>Redacci\u00f3n ND58 \/ Arismendi, Luis | Fuente: GPBlog<\/strong><br \/>\n<strong>Edici\u00f3n: Villasmil, Henry<\/strong><br \/>\n<strong>Gr\u00e1ficas: cortes\u00eda GPBlog<\/strong><\/p><div class=\"cprnf69f2640122ed2\" ><p style=\"text-align: center;\"><a href=\"https:\/\/t.me\/noticiasdigital58\" target=\"_blank\" rel=\"noopener\"><img class=\"aligncenter size-full wp-image-125363\" src=\"https:\/\/digital58.com.ve\/site\/wp-content\/uploads\/2021\/04\/banner-telegram-web-2021.png\" alt=\"\" width=\"600\" height=\"90\" \/><\/a><\/p><\/div><style type=\"text\/css\">\r\n@media screen and (min-width: 1201px) {\r\n.cprnf69f2640122ed2 {\r\ndisplay: block;\r\n}\r\n}\r\n@media screen and (min-width: 993px) and (max-width: 1200px) {\r\n.cprnf69f2640122ed2 {\r\ndisplay: block;\r\n}\r\n}\r\n@media screen and (min-width: 769px) and (max-width: 992px) {\r\n.cprnf69f2640122ed2 {\r\ndisplay: block;\r\n}\r\n}\r\n@media screen and (min-width: 768px) and (max-width: 768px) {\r\n.cprnf69f2640122ed2 {\r\ndisplay: block;\r\n}\r\n}\r\n@media screen and (max-width: 767px) {\r\n.cprnf69f2640122ed2 {\r\ndisplay: block;\r\n}\r\n}\r\n<\/style>\r\n\n<p>&nbsp;<\/p>\n<div style=\"margin-top: 0px; margin-bottom: 0px;\" class=\"sharethis-inline-share-buttons\" ><\/div>","protected":false},"excerpt":{"rendered":"<p>Los austr\u00edacos se encuentran preocupados por el veredicto del incumplimiento al l\u00edmite de costos de la temporada 2021, el cual<\/p>\n","protected":false},"author":7,"featured_media":169981,"comment_status":"open","ping_status":"closed","sticky":false,"template":"","format":"standard","meta":{"colormag_page_container_layout":"default_layout","colormag_page_sidebar_layout":"default_layout","_uag_custom_page_level_css":"","footnotes":""},"categories":[5402],"tags":[237,2,32262,1596,15311,2687,32263,8,32185],"class_list":["post-169977","post","type-post","status-publish","format-standard","has-post-thumbnail","hentry","category-deportes","tag-austria","tag-automovilismo","tag-christian-horner","tag-ferrari","tag-fia","tag-formula-1","tag-fred-vasseur","tag-internacionales","tag-red-bull-racing"],"yoast_head":"<!-- This site is optimized with the Yoast SEO plugin v27.5 - https:\/\/yoast.com\/product\/yoast-seo-wordpress\/ -->\n<title>#Formula1 | Piden descalificar a Red Bull del campeonato 2024<\/title>\n<meta name=\"robots\" content=\"index, follow, max-snippet:-1, max-image-preview:large, max-video-preview:-1\" \/>\n<link rel=\"canonical\" href=\"https:\/\/digital58.com.ve\/site\/2023\/08\/23\/formula1-piden-descalificar-a-red-bull-del-campeonato-2024\/\" \/>\n<meta property=\"og:locale\" content=\"es_ES\" \/>\n<meta property=\"og:type\" content=\"article\" \/>\n<meta property=\"og:title\" content=\"#Formula1 | Piden descalificar a Red Bull del campeonato 2024\" \/>\n<meta property=\"og:url\" content=\"https:\/\/digital58.com.ve\/site\/2023\/08\/23\/formula1-piden-descalificar-a-red-bull-del-campeonato-2024\/\" \/>\n<meta property=\"og:site_name\" content=\"Noticias Digital58\" \/>\n<meta property=\"article:published_time\" content=\"2023-08-23T15:12:25+00:00\" \/>\n<meta property=\"og:image\" content=\"https:\/\/i0.wp.com\/digital58.com.ve\/site\/wp-content\/uploads\/2023\/08\/red-bull.jpg?fit=720%2C448&ssl=1\" \/>\n\t<meta property=\"og:image:width\" content=\"720\" \/>\n\t<meta property=\"og:image:height\" content=\"448\" \/>\n\t<meta property=\"og:image:type\" content=\"image\/jpeg\" \/>\n<meta name=\"author\" content=\"Arismendi Luis\" \/>\n<meta name=\"twitter:card\" content=\"summary_large_image\" \/>\n<meta name=\"twitter:creator\" content=\"@Digital_58\" \/>\n<meta name=\"twitter:site\" content=\"@villasmilhfoto\" \/>\n<meta name=\"twitter:label1\" content=\"Escrito por\" \/>\n\t<meta name=\"twitter:data1\" content=\"Arismendi Luis\" \/>\n\t<meta name=\"twitter:label2\" content=\"Tiempo estimado de lectura\" \/>\n\t<meta name=\"twitter:data2\" content=\"2 minutos\" \/>\n<script type=\"application\/ld+json\" class=\"yoast-schema-graph\">{\"@context\":\"https:\\\/\\\/schema.org\",\"@graph\":[{\"@type\":\"Article\",\"@id\":\"https:\\\/\\\/digital58.com.ve\\\/site\\\/2023\\\/08\\\/23\\\/formula1-piden-descalificar-a-red-bull-del-campeonato-2024\\\/#article\",\"isPartOf\":{\"@id\":\"https:\\\/\\\/digital58.com.ve\\\/site\\\/2023\\\/08\\\/23\\\/formula1-piden-descalificar-a-red-bull-del-campeonato-2024\\\/\"},\"author\":{\"name\":\"Arismendi Luis\",\"@id\":\"https:\\\/\\\/digital58.com.ve\\\/site\\\/#\\\/schema\\\/person\\\/d79fb9041200d150763851810f3a6e44\"},\"headline\":\"#Formula1 | Piden descalificar a Red Bull del campeonato 2024\",\"datePublished\":\"2023-08-23T15:12:25+00:00\",\"mainEntityOfPage\":{\"@id\":\"https:\\\/\\\/digital58.com.ve\\\/site\\\/2023\\\/08\\\/23\\\/formula1-piden-descalificar-a-red-bull-del-campeonato-2024\\\/\"},\"wordCount\":406,\"commentCount\":0,\"publisher\":{\"@id\":\"https:\\\/\\\/digital58.com.ve\\\/site\\\/#\\\/schema\\\/person\\\/64d1c2e4d0d4fd1b849980c4331c2951\"},\"image\":{\"@id\":\"https:\\\/\\\/digital58.com.ve\\\/site\\\/2023\\\/08\\\/23\\\/formula1-piden-descalificar-a-red-bull-del-campeonato-2024\\\/#primaryimage\"},\"thumbnailUrl\":\"https:\\\/\\\/digital58.com.ve\\\/site\\\/wp-content\\\/uploads\\\/2023\\\/08\\\/red-bull.jpg\",\"keywords\":[\"Austria\",\"Automovilismo\",\"Christian Horner\",\"Ferrari\",\"FIA\",\"F\u00f3rmula 1\",\"Fred Vasseur\",\"Internacionales\",\"Red Bull Racing\"],\"articleSection\":[\"Deportes\"],\"inLanguage\":\"es\",\"potentialAction\":[{\"@type\":\"CommentAction\",\"name\":\"Comment\",\"target\":[\"https:\\\/\\\/digital58.com.ve\\\/site\\\/2023\\\/08\\\/23\\\/formula1-piden-descalificar-a-red-bull-del-campeonato-2024\\\/#respond\"]}]},{\"@type\":\"WebPage\",\"@id\":\"https:\\\/\\\/digital58.com.ve\\\/site\\\/2023\\\/08\\\/23\\\/formula1-piden-descalificar-a-red-bull-del-campeonato-2024\\\/\",\"url\":\"https:\\\/\\\/digital58.com.ve\\\/site\\\/2023\\\/08\\\/23\\\/formula1-piden-descalificar-a-red-bull-del-campeonato-2024\\\/\",\"name\":\"#Formula1 | Piden descalificar a Red Bull del campeonato 2024\",\"isPartOf\":{\"@id\":\"https:\\\/\\\/digital58.com.ve\\\/site\\\/#website\"},\"primaryImageOfPage\":{\"@id\":\"https:\\\/\\\/digital58.com.ve\\\/site\\\/2023\\\/08\\\/23\\\/formula1-piden-descalificar-a-red-bull-del-campeonato-2024\\\/#primaryimage\"},\"image\":{\"@id\":\"https:\\\/\\\/digital58.com.ve\\\/site\\\/2023\\\/08\\\/23\\\/formula1-piden-descalificar-a-red-bull-del-campeonato-2024\\\/#primaryimage\"},\"thumbnailUrl\":\"https:\\\/\\\/digital58.com.ve\\\/site\\\/wp-content\\\/uploads\\\/2023\\\/08\\\/red-bull.jpg\",\"datePublished\":\"2023-08-23T15:12:25+00:00\",\"breadcrumb\":{\"@id\":\"https:\\\/\\\/digital58.com.ve\\\/site\\\/2023\\\/08\\\/23\\\/formula1-piden-descalificar-a-red-bull-del-campeonato-2024\\\/#breadcrumb\"},\"inLanguage\":\"es\",\"potentialAction\":[{\"@type\":\"ReadAction\",\"target\":[\"https:\\\/\\\/digital58.com.ve\\\/site\\\/2023\\\/08\\\/23\\\/formula1-piden-descalificar-a-red-bull-del-campeonato-2024\\\/\"]}]},{\"@type\":\"ImageObject\",\"inLanguage\":\"es\",\"@id\":\"https:\\\/\\\/digital58.com.ve\\\/site\\\/2023\\\/08\\\/23\\\/formula1-piden-descalificar-a-red-bull-del-campeonato-2024\\\/#primaryimage\",\"url\":\"https:\\\/\\\/digital58.com.ve\\\/site\\\/wp-content\\\/uploads\\\/2023\\\/08\\\/red-bull.jpg\",\"contentUrl\":\"https:\\\/\\\/digital58.com.ve\\\/site\\\/wp-content\\\/uploads\\\/2023\\\/08\\\/red-bull.jpg\",\"width\":720,\"height\":448},{\"@type\":\"BreadcrumbList\",\"@id\":\"https:\\\/\\\/digital58.com.ve\\\/site\\\/2023\\\/08\\\/23\\\/formula1-piden-descalificar-a-red-bull-del-campeonato-2024\\\/#breadcrumb\",\"itemListElement\":[{\"@type\":\"ListItem\",\"position\":1,\"name\":\"Home\",\"item\":\"https:\\\/\\\/digital58.com.ve\\\/site\\\/\"},{\"@type\":\"ListItem\",\"position\":2,\"name\":\"#Formula1 | Piden descalificar a Red Bull del campeonato 2024\"}]},{\"@type\":\"WebSite\",\"@id\":\"https:\\\/\\\/digital58.com.ve\\\/site\\\/#website\",\"url\":\"https:\\\/\\\/digital58.com.ve\\\/site\\\/\",\"name\":\"Noticias Digital58\",\"description\":\"Portal de Noticias \u00a1Periodismo web de verdad! Lanzamiento web 22.11.2005 \\\/ Maracaibo, Venezuela\",\"publisher\":{\"@id\":\"https:\\\/\\\/digital58.com.ve\\\/site\\\/#\\\/schema\\\/person\\\/64d1c2e4d0d4fd1b849980c4331c2951\"},\"alternateName\":\"ND58\",\"potentialAction\":[{\"@type\":\"SearchAction\",\"target\":{\"@type\":\"EntryPoint\",\"urlTemplate\":\"https:\\\/\\\/digital58.com.ve\\\/site\\\/?s={search_term_string}\"},\"query-input\":{\"@type\":\"PropertyValueSpecification\",\"valueRequired\":true,\"valueName\":\"search_term_string\"}}],\"inLanguage\":\"es\"},{\"@type\":[\"Person\",\"Organization\"],\"@id\":\"https:\\\/\\\/digital58.com.ve\\\/site\\\/#\\\/schema\\\/person\\\/64d1c2e4d0d4fd1b849980c4331c2951\",\"name\":\"Villasmil Henry\",\"image\":{\"@type\":\"ImageObject\",\"inLanguage\":\"es\",\"@id\":\"https:\\\/\\\/secure.gravatar.com\\\/avatar\\\/bb0c4a2fcb7970138239f7e404ea75757b1b507b28b5ce4c53fbd62d797c5a7c?s=96&d=mm&r=g\",\"url\":\"https:\\\/\\\/secure.gravatar.com\\\/avatar\\\/bb0c4a2fcb7970138239f7e404ea75757b1b507b28b5ce4c53fbd62d797c5a7c?s=96&d=mm&r=g\",\"contentUrl\":\"https:\\\/\\\/secure.gravatar.com\\\/avatar\\\/bb0c4a2fcb7970138239f7e404ea75757b1b507b28b5ce4c53fbd62d797c5a7c?s=96&d=mm&r=g\",\"caption\":\"Villasmil Henry\"},\"logo\":{\"@id\":\"https:\\\/\\\/secure.gravatar.com\\\/avatar\\\/bb0c4a2fcb7970138239f7e404ea75757b1b507b28b5ce4c53fbd62d797c5a7c?s=96&d=mm&r=g\"},\"sameAs\":[\"http:\\\/\\\/www.henryvillasmil.com.ve\",\"https:\\\/\\\/www.instagram.com\\\/villasmilhfoto\\\/\",\"https:\\\/\\\/x.com\\\/https:\\\/\\\/twitter.com\\\/villasmilhfoto\"]},{\"@type\":\"Person\",\"@id\":\"https:\\\/\\\/digital58.com.ve\\\/site\\\/#\\\/schema\\\/person\\\/d79fb9041200d150763851810f3a6e44\",\"name\":\"Arismendi Luis\",\"image\":{\"@type\":\"ImageObject\",\"inLanguage\":\"es\",\"@id\":\"https:\\\/\\\/secure.gravatar.com\\\/avatar\\\/076a9c19816f4976b76b8d88be4606fba80dee0aea5ccae15d7f3466053c0615?s=96&d=mm&r=g\",\"url\":\"https:\\\/\\\/secure.gravatar.com\\\/avatar\\\/076a9c19816f4976b76b8d88be4606fba80dee0aea5ccae15d7f3466053c0615?s=96&d=mm&r=g\",\"contentUrl\":\"https:\\\/\\\/secure.gravatar.com\\\/avatar\\\/076a9c19816f4976b76b8d88be4606fba80dee0aea5ccae15d7f3466053c0615?s=96&d=mm&r=g\",\"caption\":\"Arismendi Luis\"},\"url\":\"https:\\\/\\\/digital58.com.ve\\\/site\\\/author\\\/arismendi17\\\/\"}]}<\/script>\n<!-- \/ Yoast SEO plugin. -->","yoast_head_json":{"title":"#Formula1 | Piden descalificar a Red Bull del campeonato 2024","robots":{"index":"index","follow":"follow","max-snippet":"max-snippet:-1","max-image-preview":"max-image-preview:large","max-video-preview":"max-video-preview:-1"},"canonical":"https:\/\/digital58.com.ve\/site\/2023\/08\/23\/formula1-piden-descalificar-a-red-bull-del-campeonato-2024\/","og_locale":"es_ES","og_type":"article","og_title":"#Formula1 | Piden descalificar a Red Bull del campeonato 2024","og_url":"https:\/\/digital58.com.ve\/site\/2023\/08\/23\/formula1-piden-descalificar-a-red-bull-del-campeonato-2024\/","og_site_name":"Noticias Digital58","article_published_time":"2023-08-23T15:12:25+00:00","og_image":[{"width":720,"height":448,"url":"https:\/\/i0.wp.com\/digital58.com.ve\/site\/wp-content\/uploads\/2023\/08\/red-bull.jpg?fit=720%2C448&ssl=1","type":"image\/jpeg"}],"author":"Arismendi Luis","twitter_card":"summary_large_image","twitter_creator":"@Digital_58","twitter_site":"@villasmilhfoto","twitter_misc":{"Escrito por":"Arismendi Luis","Tiempo estimado de lectura":"2 minutos"},"schema":{"@context":"https:\/\/schema.org","@graph":[{"@type":"Article","@id":"https:\/\/digital58.com.ve\/site\/2023\/08\/23\/formula1-piden-descalificar-a-red-bull-del-campeonato-2024\/#article","isPartOf":{"@id":"https:\/\/digital58.com.ve\/site\/2023\/08\/23\/formula1-piden-descalificar-a-red-bull-del-campeonato-2024\/"},"author":{"name":"Arismendi Luis","@id":"https:\/\/digital58.com.ve\/site\/#\/schema\/person\/d79fb9041200d150763851810f3a6e44"},"headline":"#Formula1 | Piden descalificar a Red Bull del campeonato 2024","datePublished":"2023-08-23T15:12:25+00:00","mainEntityOfPage":{"@id":"https:\/\/digital58.com.ve\/site\/2023\/08\/23\/formula1-piden-descalificar-a-red-bull-del-campeonato-2024\/"},"wordCount":406,"commentCount":0,"publisher":{"@id":"https:\/\/digital58.com.ve\/site\/#\/schema\/person\/64d1c2e4d0d4fd1b849980c4331c2951"},"image":{"@id":"https:\/\/digital58.com.ve\/site\/2023\/08\/23\/formula1-piden-descalificar-a-red-bull-del-campeonato-2024\/#primaryimage"},"thumbnailUrl":"https:\/\/digital58.com.ve\/site\/wp-content\/uploads\/2023\/08\/red-bull.jpg","keywords":["Austria","Automovilismo","Christian Horner","Ferrari","FIA","F\u00f3rmula 1","Fred Vasseur","Internacionales","Red Bull Racing"],"articleSection":["Deportes"],"inLanguage":"es","potentialAction":[{"@type":"CommentAction","name":"Comment","target":["https:\/\/digital58.com.ve\/site\/2023\/08\/23\/formula1-piden-descalificar-a-red-bull-del-campeonato-2024\/#respond"]}]},{"@type":"WebPage","@id":"https:\/\/digital58.com.ve\/site\/2023\/08\/23\/formula1-piden-descalificar-a-red-bull-del-campeonato-2024\/","url":"https:\/\/digital58.com.ve\/site\/2023\/08\/23\/formula1-piden-descalificar-a-red-bull-del-campeonato-2024\/","name":"#Formula1 | Piden descalificar a Red Bull del campeonato 2024","isPartOf":{"@id":"https:\/\/digital58.com.ve\/site\/#website"},"primaryImageOfPage":{"@id":"https:\/\/digital58.com.ve\/site\/2023\/08\/23\/formula1-piden-descalificar-a-red-bull-del-campeonato-2024\/#primaryimage"},"image":{"@id":"https:\/\/digital58.com.ve\/site\/2023\/08\/23\/formula1-piden-descalificar-a-red-bull-del-campeonato-2024\/#primaryimage"},"thumbnailUrl":"https:\/\/digital58.com.ve\/site\/wp-content\/uploads\/2023\/08\/red-bull.jpg","datePublished":"2023-08-23T15:12:25+00:00","breadcrumb":{"@id":"https:\/\/digital58.com.ve\/site\/2023\/08\/23\/formula1-piden-descalificar-a-red-bull-del-campeonato-2024\/#breadcrumb"},"inLanguage":"es","potentialAction":[{"@type":"ReadAction","target":["https:\/\/digital58.com.ve\/site\/2023\/08\/23\/formula1-piden-descalificar-a-red-bull-del-campeonato-2024\/"]}]},{"@type":"ImageObject","inLanguage":"es","@id":"https:\/\/digital58.com.ve\/site\/2023\/08\/23\/formula1-piden-descalificar-a-red-bull-del-campeonato-2024\/#primaryimage","url":"https:\/\/digital58.com.ve\/site\/wp-content\/uploads\/2023\/08\/red-bull.jpg","contentUrl":"https:\/\/digital58.com.ve\/site\/wp-content\/uploads\/2023\/08\/red-bull.jpg","width":720,"height":448},{"@type":"BreadcrumbList","@id":"https:\/\/digital58.com.ve\/site\/2023\/08\/23\/formula1-piden-descalificar-a-red-bull-del-campeonato-2024\/#breadcrumb","itemListElement":[{"@type":"ListItem","position":1,"name":"Home","item":"https:\/\/digital58.com.ve\/site\/"},{"@type":"ListItem","position":2,"name":"#Formula1 | Piden descalificar a Red Bull del campeonato 2024"}]},{"@type":"WebSite","@id":"https:\/\/digital58.com.ve\/site\/#website","url":"https:\/\/digital58.com.ve\/site\/","name":"Noticias Digital58","description":"Portal de Noticias \u00a1Periodismo web de verdad! Lanzamiento web 22.11.2005 \/ Maracaibo, Venezuela","publisher":{"@id":"https:\/\/digital58.com.ve\/site\/#\/schema\/person\/64d1c2e4d0d4fd1b849980c4331c2951"},"alternateName":"ND58","potentialAction":[{"@type":"SearchAction","target":{"@type":"EntryPoint","urlTemplate":"https:\/\/digital58.com.ve\/site\/?s={search_term_string}"},"query-input":{"@type":"PropertyValueSpecification","valueRequired":true,"valueName":"search_term_string"}}],"inLanguage":"es"},{"@type":["Person","Organization"],"@id":"https:\/\/digital58.com.ve\/site\/#\/schema\/person\/64d1c2e4d0d4fd1b849980c4331c2951","name":"Villasmil Henry","image":{"@type":"ImageObject","inLanguage":"es","@id":"https:\/\/secure.gravatar.com\/avatar\/bb0c4a2fcb7970138239f7e404ea75757b1b507b28b5ce4c53fbd62d797c5a7c?s=96&d=mm&r=g","url":"https:\/\/secure.gravatar.com\/avatar\/bb0c4a2fcb7970138239f7e404ea75757b1b507b28b5ce4c53fbd62d797c5a7c?s=96&d=mm&r=g","contentUrl":"https:\/\/secure.gravatar.com\/avatar\/bb0c4a2fcb7970138239f7e404ea75757b1b507b28b5ce4c53fbd62d797c5a7c?s=96&d=mm&r=g","caption":"Villasmil Henry"},"logo":{"@id":"https:\/\/secure.gravatar.com\/avatar\/bb0c4a2fcb7970138239f7e404ea75757b1b507b28b5ce4c53fbd62d797c5a7c?s=96&d=mm&r=g"},"sameAs":["http:\/\/www.henryvillasmil.com.ve","https:\/\/www.instagram.com\/villasmilhfoto\/","https:\/\/x.com\/https:\/\/twitter.com\/villasmilhfoto"]},{"@type":"Person","@id":"https:\/\/digital58.com.ve\/site\/#\/schema\/person\/d79fb9041200d150763851810f3a6e44","name":"Arismendi Luis","image":{"@type":"ImageObject","inLanguage":"es","@id":"https:\/\/secure.gravatar.com\/avatar\/076a9c19816f4976b76b8d88be4606fba80dee0aea5ccae15d7f3466053c0615?s=96&d=mm&r=g","url":"https:\/\/secure.gravatar.com\/avatar\/076a9c19816f4976b76b8d88be4606fba80dee0aea5ccae15d7f3466053c0615?s=96&d=mm&r=g","contentUrl":"https:\/\/secure.gravatar.com\/avatar\/076a9c19816f4976b76b8d88be4606fba80dee0aea5ccae15d7f3466053c0615?s=96&d=mm&r=g","caption":"Arismendi Luis"},"url":"https:\/\/digital58.com.ve\/site\/author\/arismendi17\/"}]}},"uagb_featured_image_src":{"full":["https:\/\/digital58.com.ve\/site\/wp-content\/uploads\/2023\/08\/red-bull.jpg",720,448,false],"thumbnail":["https:\/\/digital58.com.ve\/site\/wp-content\/uploads\/2023\/08\/red-bull-150x150.jpg",150,150,true],"medium":["https:\/\/digital58.com.ve\/site\/wp-content\/uploads\/2023\/08\/red-bull-300x187.jpg",300,187,true],"medium_large":["https:\/\/digital58.com.ve\/site\/wp-content\/uploads\/2023\/08\/red-bull.jpg",720,448,false],"large":["https:\/\/digital58.com.ve\/site\/wp-content\/uploads\/2023\/08\/red-bull.jpg",720,448,false],"1536x1536":["https:\/\/digital58.com.ve\/site\/wp-content\/uploads\/2023\/08\/red-bull.jpg",720,448,false],"2048x2048":["https:\/\/digital58.com.ve\/site\/wp-content\/uploads\/2023\/08\/red-bull.jpg",720,448,false],"colormag-highlighted-post":["https:\/\/digital58.com.ve\/site\/wp-content\/uploads\/2023\/08\/red-bull-392x272.jpg",392,272,true],"colormag-featured-post-medium":["https:\/\/digital58.com.ve\/site\/wp-content\/uploads\/2023\/08\/red-bull-390x205.jpg",390,205,true],"colormag-featured-post-small":["https:\/\/digital58.com.ve\/site\/wp-content\/uploads\/2023\/08\/red-bull-130x90.jpg",130,90,true],"colormag-featured-image":["https:\/\/digital58.com.ve\/site\/wp-content\/uploads\/2023\/08\/red-bull-720x445.jpg",720,445,true],"colormag-default-news":["https:\/\/digital58.com.ve\/site\/wp-content\/uploads\/2023\/08\/red-bull-150x150.jpg",150,150,true],"colormag-featured-image-large":["https:\/\/digital58.com.ve\/site\/wp-content\/uploads\/2023\/08\/red-bull.jpg",720,448,false]},"uagb_author_info":{"display_name":"Arismendi Luis","author_link":"https:\/\/digital58.com.ve\/site\/author\/arismendi17\/"},"uagb_comment_info":0,"uagb_excerpt":"Los austr\u00edacos se encuentran preocupados por el veredicto del incumplimiento al l\u00edmite de costos de la temporada 2021, el cual","_links":{"self":[{"href":"https:\/\/digital58.com.ve\/site\/wp-json\/wp\/v2\/posts\/169977","targetHints":{"allow":["GET"]}}],"collection":[{"href":"https:\/\/digital58.com.ve\/site\/wp-json\/wp\/v2\/posts"}],"about":[{"href":"https:\/\/digital58.com.ve\/site\/wp-json\/wp\/v2\/types\/post"}],"author":[{"embeddable":true,"href":"https:\/\/digital58.com.ve\/site\/wp-json\/wp\/v2\/users\/7"}],"replies":[{"embeddable":true,"href":"https:\/\/digital58.com.ve\/site\/wp-json\/wp\/v2\/comments?post=169977"}],"version-history":[{"count":3,"href":"https:\/\/digital58.com.ve\/site\/wp-json\/wp\/v2\/posts\/169977\/revisions"}],"predecessor-version":[{"id":169983,"href":"https:\/\/digital58.com.ve\/site\/wp-json\/wp\/v2\/posts\/169977\/revisions\/169983"}],"wp:featuredmedia":[{"embeddable":true,"href":"https:\/\/digital58.com.ve\/site\/wp-json\/wp\/v2\/media\/169981"}],"wp:attachment":[{"href":"https:\/\/digital58.com.ve\/site\/wp-json\/wp\/v2\/media?parent=169977"}],"wp:term":[{"taxonomy":"category","embeddable":true,"href":"https:\/\/digital58.com.ve\/site\/wp-json\/wp\/v2\/categories?post=169977"},{"taxonomy":"post_tag","embeddable":true,"href":"https:\/\/digital58.com.ve\/site\/wp-json\/wp\/v2\/tags?post=169977"}],"curies":[{"name":"wp","href":"https:\/\/api.w.org\/{rel}","templated":true}]}}