{"id":170010,"date":"2023-08-23T20:39:35","date_gmt":"2023-08-24T00:39:35","guid":{"rendered":"https:\/\/digital58.com.ve\/site\/?p=170010"},"modified":"2023-08-23T20:39:35","modified_gmt":"2023-08-24T00:39:35","slug":"fallece-el-historico-narrador-de-futbol-lazaro-candal","status":"publish","type":"post","link":"https:\/\/digital58.com.ve\/site\/2023\/08\/23\/fallece-el-historico-narrador-de-futbol-lazaro-candal\/","title":{"rendered":"Fallece el hist\u00f3rico narrador de f\u00fatbol L\u00e1zaro Candal"},"content":{"rendered":"<p><img loading=\"lazy\" decoding=\"async\" class=\"aligncenter  wp-image-170013\" src=\"https:\/\/digital58.com.ve\/site\/wp-content\/uploads\/2023\/08\/candal.jpg\" alt=\"Lazaro Candal\" width=\"726\" height=\"430\" srcset=\"https:\/\/digital58.com.ve\/site\/wp-content\/uploads\/2023\/08\/candal.jpg 836w, https:\/\/digital58.com.ve\/site\/wp-content\/uploads\/2023\/08\/candal-300x178.jpg 300w, https:\/\/digital58.com.ve\/site\/wp-content\/uploads\/2023\/08\/candal-768x455.jpg 768w\" sizes=\"auto, (max-width: 726px) 100vw, 726px\" \/><\/p>\n<p>\u00abPapa\u00edto\u00bb como se le conoci\u00f3, fue premiado con distintos galardones debido a su amplia carrera period\u00edstica.<\/p>\n<p><strong>Maracaibo, Zulia, Venezuela, 23 de agosto de 2023 (ND58).-<\/strong> Tras una larga y exitosa carrera deportiva, el periodista y narrador deportivo hispano-venezolano L\u00e1zaro Candal muri\u00f3 a los noventa y un a\u00f1os de edad, de acuerdo con lo que afirma su hijo, el tambi\u00e9n periodista Alex Candal, en sus redes sociales.<\/p>\n<p>\u00abCon un profundo dolor, lamento decirles que acaba de fallecer mi padre, se fue en paz rodeado de nosotros. Siento una infinita tristeza, que solo me reconforta saber que ahora est\u00e1 con mam\u00e1\u00bb, manifest\u00f3 Alex Candal en un comunicado en la red social Instagram: \u00abVenezuela te am\u00f3 tanto como t\u00fa a ella\u00bb cerr\u00f3 el mensaje.<\/p>\n<p>\u00abPapa\u00edto\u00bb Candal naci\u00f3 el 4 de diciembre de 1931 en la ciudad gallega de La Coru\u00f1a, en Espa\u00f1a. Empez\u00f3 trabajando para medios de Galicia y, en 1960, se trasladar\u00eda a Caracas, Venezuela, lugar donde fue corresponsal de La Voz de Galicia y Diario Marca para luego ser redactor de \u00daltimas Noticias.<\/p>\n<figure style=\"width: 636px\" class=\"wp-caption aligncenter\"><img loading=\"lazy\" decoding=\"async\" class=\"\" src=\"https:\/\/quehicistepapaito.files.wordpress.com\/2017\/11\/pele.png\" alt=\"\" width=\"636\" height=\"469\" \/><figcaption class=\"wp-caption-text\">Candal con el \u00abRey\u00bb Pel\u00e9<\/figcaption><\/figure>\n<p>Entre los reconocimientos que obtuvo est\u00e1n; el Meridiano de Oro desde el a\u00f1o 1982 hasta 1988 y fue finalista del Premio Internacional Pr\u00edncipe de Asturias, entregado por la Corona espa\u00f1ola.<\/p>\n<p>En 1967, comienza su trayectoria como narrador deportivo para las Copas Libertadores con equipos venezolanos por treinta y tres a\u00f1os, as\u00ed como tambi\u00e9n narr\u00f3 torneos como la Copa de Europa, LaLiga espa\u00f1ola, Copa Am\u00e9rica y las Copas del Mundo desde 1974 hasta 2006, esta \u00faltima con Meridiano Televisi\u00f3n.<\/p>\n<p><strong>Redacci\u00f3n ND58 \/ Arismendi, Luis<\/strong><br \/>\n<strong>Edici\u00f3n: Villasmil, Henry<\/strong><br \/>\n<strong>Gr\u00e1fica: cortes\u00eda Blog Que hiciste papa\u00edto<\/strong><\/p><div class=\"daled69f585f241d8c\" ><p style=\"text-align: center;\"><a href=\"https:\/\/t.me\/noticiasdigital58\" target=\"_blank\" rel=\"noopener\"><img class=\"aligncenter size-full wp-image-125363\" src=\"https:\/\/digital58.com.ve\/site\/wp-content\/uploads\/2021\/04\/banner-telegram-web-2021.png\" alt=\"\" width=\"600\" height=\"90\" \/><\/a><\/p><\/div><style type=\"text\/css\">\r\n@media screen and (min-width: 1201px) {\r\n.daled69f585f241d8c {\r\ndisplay: block;\r\n}\r\n}\r\n@media screen and (min-width: 993px) and (max-width: 1200px) {\r\n.daled69f585f241d8c {\r\ndisplay: block;\r\n}\r\n}\r\n@media screen and (min-width: 769px) and (max-width: 992px) {\r\n.daled69f585f241d8c {\r\ndisplay: block;\r\n}\r\n}\r\n@media screen and (min-width: 768px) and (max-width: 768px) {\r\n.daled69f585f241d8c {\r\ndisplay: block;\r\n}\r\n}\r\n@media screen and (max-width: 767px) {\r\n.daled69f585f241d8c {\r\ndisplay: block;\r\n}\r\n}\r\n<\/style>\r\n\n<p>&nbsp;<\/p>\n<div style=\"margin-top: 0px; margin-bottom: 0px;\" class=\"sharethis-inline-share-buttons\" ><\/div>","protected":false},"excerpt":{"rendered":"<p>\u00abPapa\u00edto\u00bb como se le conoci\u00f3, fue premiado con distintos galardones debido a su amplia carrera period\u00edstica. Maracaibo, Zulia, Venezuela, 23<\/p>\n","protected":false},"author":7,"featured_media":170013,"comment_status":"open","ping_status":"closed","sticky":false,"template":"","format":"standard","meta":{"colormag_page_container_layout":"default_layout","colormag_page_sidebar_layout":"default_layout","_uag_custom_page_level_css":"","footnotes":""},"categories":[5402],"tags":[115,7117,14,4364,32276,233,32277,32],"class_list":["post-170010","post","type-post","status-publish","format-standard","has-post-thumbnail","hentry","category-deportes","tag-espana","tag-fallecimiento","tag-futbol-venezolano","tag-galicia","tag-lazaro-candal","tag-nacionales","tag-papaito","tag-venezuela"],"yoast_head":"<!-- This site is optimized with the Yoast SEO plugin v27.5 - https:\/\/yoast.com\/product\/yoast-seo-wordpress\/ -->\n<title>Fallece el hist\u00f3rico narrador de f\u00fatbol L\u00e1zaro Candal<\/title>\n<meta name=\"robots\" content=\"index, follow, max-snippet:-1, max-image-preview:large, max-video-preview:-1\" \/>\n<link rel=\"canonical\" href=\"https:\/\/digital58.com.ve\/site\/2023\/08\/23\/fallece-el-historico-narrador-de-futbol-lazaro-candal\/\" \/>\n<meta property=\"og:locale\" content=\"es_ES\" \/>\n<meta property=\"og:type\" content=\"article\" \/>\n<meta property=\"og:title\" content=\"Fallece el hist\u00f3rico narrador de f\u00fatbol L\u00e1zaro Candal\" \/>\n<meta property=\"og:url\" content=\"https:\/\/digital58.com.ve\/site\/2023\/08\/23\/fallece-el-historico-narrador-de-futbol-lazaro-candal\/\" \/>\n<meta property=\"og:site_name\" content=\"Noticias Digital58\" \/>\n<meta property=\"article:published_time\" content=\"2023-08-24T00:39:35+00:00\" \/>\n<meta property=\"og:image\" content=\"https:\/\/i0.wp.com\/digital58.com.ve\/site\/wp-content\/uploads\/2023\/08\/candal.jpg?fit=836%2C495&ssl=1\" \/>\n\t<meta property=\"og:image:width\" content=\"836\" \/>\n\t<meta property=\"og:image:height\" content=\"495\" \/>\n\t<meta property=\"og:image:type\" content=\"image\/jpeg\" \/>\n<meta name=\"author\" content=\"Arismendi Luis\" \/>\n<meta name=\"twitter:card\" content=\"summary_large_image\" \/>\n<meta name=\"twitter:creator\" content=\"@Digital_58\" \/>\n<meta name=\"twitter:site\" content=\"@villasmilhfoto\" \/>\n<meta name=\"twitter:label1\" content=\"Escrito por\" \/>\n\t<meta name=\"twitter:data1\" content=\"Arismendi Luis\" \/>\n\t<meta name=\"twitter:label2\" content=\"Tiempo estimado de lectura\" \/>\n\t<meta name=\"twitter:data2\" content=\"1 minuto\" \/>\n<script type=\"application\/ld+json\" class=\"yoast-schema-graph\">{\"@context\":\"https:\\\/\\\/schema.org\",\"@graph\":[{\"@type\":\"Article\",\"@id\":\"https:\\\/\\\/digital58.com.ve\\\/site\\\/2023\\\/08\\\/23\\\/fallece-el-historico-narrador-de-futbol-lazaro-candal\\\/#article\",\"isPartOf\":{\"@id\":\"https:\\\/\\\/digital58.com.ve\\\/site\\\/2023\\\/08\\\/23\\\/fallece-el-historico-narrador-de-futbol-lazaro-candal\\\/\"},\"author\":{\"name\":\"Arismendi Luis\",\"@id\":\"https:\\\/\\\/digital58.com.ve\\\/site\\\/#\\\/schema\\\/person\\\/d79fb9041200d150763851810f3a6e44\"},\"headline\":\"Fallece el hist\u00f3rico narrador de f\u00fatbol L\u00e1zaro Candal\",\"datePublished\":\"2023-08-24T00:39:35+00:00\",\"mainEntityOfPage\":{\"@id\":\"https:\\\/\\\/digital58.com.ve\\\/site\\\/2023\\\/08\\\/23\\\/fallece-el-historico-narrador-de-futbol-lazaro-candal\\\/\"},\"wordCount\":300,\"commentCount\":0,\"publisher\":{\"@id\":\"https:\\\/\\\/digital58.com.ve\\\/site\\\/#\\\/schema\\\/person\\\/64d1c2e4d0d4fd1b849980c4331c2951\"},\"image\":{\"@id\":\"https:\\\/\\\/digital58.com.ve\\\/site\\\/2023\\\/08\\\/23\\\/fallece-el-historico-narrador-de-futbol-lazaro-candal\\\/#primaryimage\"},\"thumbnailUrl\":\"https:\\\/\\\/digital58.com.ve\\\/site\\\/wp-content\\\/uploads\\\/2023\\\/08\\\/candal.jpg\",\"keywords\":[\"Espa\u00f1a\",\"Fallecimiento\",\"F\u00fatbol Venezolano\",\"Galicia\",\"L\u00e1zaro Candal\",\"Nacionales\",\"Papaito\",\"Venezuela\"],\"articleSection\":[\"Deportes\"],\"inLanguage\":\"es\",\"potentialAction\":[{\"@type\":\"CommentAction\",\"name\":\"Comment\",\"target\":[\"https:\\\/\\\/digital58.com.ve\\\/site\\\/2023\\\/08\\\/23\\\/fallece-el-historico-narrador-de-futbol-lazaro-candal\\\/#respond\"]}]},{\"@type\":\"WebPage\",\"@id\":\"https:\\\/\\\/digital58.com.ve\\\/site\\\/2023\\\/08\\\/23\\\/fallece-el-historico-narrador-de-futbol-lazaro-candal\\\/\",\"url\":\"https:\\\/\\\/digital58.com.ve\\\/site\\\/2023\\\/08\\\/23\\\/fallece-el-historico-narrador-de-futbol-lazaro-candal\\\/\",\"name\":\"Fallece el hist\u00f3rico narrador de f\u00fatbol L\u00e1zaro Candal\",\"isPartOf\":{\"@id\":\"https:\\\/\\\/digital58.com.ve\\\/site\\\/#website\"},\"primaryImageOfPage\":{\"@id\":\"https:\\\/\\\/digital58.com.ve\\\/site\\\/2023\\\/08\\\/23\\\/fallece-el-historico-narrador-de-futbol-lazaro-candal\\\/#primaryimage\"},\"image\":{\"@id\":\"https:\\\/\\\/digital58.com.ve\\\/site\\\/2023\\\/08\\\/23\\\/fallece-el-historico-narrador-de-futbol-lazaro-candal\\\/#primaryimage\"},\"thumbnailUrl\":\"https:\\\/\\\/digital58.com.ve\\\/site\\\/wp-content\\\/uploads\\\/2023\\\/08\\\/candal.jpg\",\"datePublished\":\"2023-08-24T00:39:35+00:00\",\"breadcrumb\":{\"@id\":\"https:\\\/\\\/digital58.com.ve\\\/site\\\/2023\\\/08\\\/23\\\/fallece-el-historico-narrador-de-futbol-lazaro-candal\\\/#breadcrumb\"},\"inLanguage\":\"es\",\"potentialAction\":[{\"@type\":\"ReadAction\",\"target\":[\"https:\\\/\\\/digital58.com.ve\\\/site\\\/2023\\\/08\\\/23\\\/fallece-el-historico-narrador-de-futbol-lazaro-candal\\\/\"]}]},{\"@type\":\"ImageObject\",\"inLanguage\":\"es\",\"@id\":\"https:\\\/\\\/digital58.com.ve\\\/site\\\/2023\\\/08\\\/23\\\/fallece-el-historico-narrador-de-futbol-lazaro-candal\\\/#primaryimage\",\"url\":\"https:\\\/\\\/digital58.com.ve\\\/site\\\/wp-content\\\/uploads\\\/2023\\\/08\\\/candal.jpg\",\"contentUrl\":\"https:\\\/\\\/digital58.com.ve\\\/site\\\/wp-content\\\/uploads\\\/2023\\\/08\\\/candal.jpg\",\"width\":836,\"height\":495,\"caption\":\"Lazaro Candal\"},{\"@type\":\"BreadcrumbList\",\"@id\":\"https:\\\/\\\/digital58.com.ve\\\/site\\\/2023\\\/08\\\/23\\\/fallece-el-historico-narrador-de-futbol-lazaro-candal\\\/#breadcrumb\",\"itemListElement\":[{\"@type\":\"ListItem\",\"position\":1,\"name\":\"Home\",\"item\":\"https:\\\/\\\/digital58.com.ve\\\/site\\\/\"},{\"@type\":\"ListItem\",\"position\":2,\"name\":\"Fallece el hist\u00f3rico narrador de f\u00fatbol L\u00e1zaro Candal\"}]},{\"@type\":\"WebSite\",\"@id\":\"https:\\\/\\\/digital58.com.ve\\\/site\\\/#website\",\"url\":\"https:\\\/\\\/digital58.com.ve\\\/site\\\/\",\"name\":\"Noticias Digital58\",\"description\":\"Portal de Noticias \u00a1Periodismo web de verdad! Lanzamiento web 22.11.2005 \\\/ Maracaibo, Venezuela\",\"publisher\":{\"@id\":\"https:\\\/\\\/digital58.com.ve\\\/site\\\/#\\\/schema\\\/person\\\/64d1c2e4d0d4fd1b849980c4331c2951\"},\"alternateName\":\"ND58\",\"potentialAction\":[{\"@type\":\"SearchAction\",\"target\":{\"@type\":\"EntryPoint\",\"urlTemplate\":\"https:\\\/\\\/digital58.com.ve\\\/site\\\/?s={search_term_string}\"},\"query-input\":{\"@type\":\"PropertyValueSpecification\",\"valueRequired\":true,\"valueName\":\"search_term_string\"}}],\"inLanguage\":\"es\"},{\"@type\":[\"Person\",\"Organization\"],\"@id\":\"https:\\\/\\\/digital58.com.ve\\\/site\\\/#\\\/schema\\\/person\\\/64d1c2e4d0d4fd1b849980c4331c2951\",\"name\":\"Villasmil Henry\",\"image\":{\"@type\":\"ImageObject\",\"inLanguage\":\"es\",\"@id\":\"https:\\\/\\\/secure.gravatar.com\\\/avatar\\\/bb0c4a2fcb7970138239f7e404ea75757b1b507b28b5ce4c53fbd62d797c5a7c?s=96&d=mm&r=g\",\"url\":\"https:\\\/\\\/secure.gravatar.com\\\/avatar\\\/bb0c4a2fcb7970138239f7e404ea75757b1b507b28b5ce4c53fbd62d797c5a7c?s=96&d=mm&r=g\",\"contentUrl\":\"https:\\\/\\\/secure.gravatar.com\\\/avatar\\\/bb0c4a2fcb7970138239f7e404ea75757b1b507b28b5ce4c53fbd62d797c5a7c?s=96&d=mm&r=g\",\"caption\":\"Villasmil Henry\"},\"logo\":{\"@id\":\"https:\\\/\\\/secure.gravatar.com\\\/avatar\\\/bb0c4a2fcb7970138239f7e404ea75757b1b507b28b5ce4c53fbd62d797c5a7c?s=96&d=mm&r=g\"},\"sameAs\":[\"http:\\\/\\\/www.henryvillasmil.com.ve\",\"https:\\\/\\\/www.instagram.com\\\/villasmilhfoto\\\/\",\"https:\\\/\\\/x.com\\\/https:\\\/\\\/twitter.com\\\/villasmilhfoto\"]},{\"@type\":\"Person\",\"@id\":\"https:\\\/\\\/digital58.com.ve\\\/site\\\/#\\\/schema\\\/person\\\/d79fb9041200d150763851810f3a6e44\",\"name\":\"Arismendi Luis\",\"image\":{\"@type\":\"ImageObject\",\"inLanguage\":\"es\",\"@id\":\"https:\\\/\\\/secure.gravatar.com\\\/avatar\\\/076a9c19816f4976b76b8d88be4606fba80dee0aea5ccae15d7f3466053c0615?s=96&d=mm&r=g\",\"url\":\"https:\\\/\\\/secure.gravatar.com\\\/avatar\\\/076a9c19816f4976b76b8d88be4606fba80dee0aea5ccae15d7f3466053c0615?s=96&d=mm&r=g\",\"contentUrl\":\"https:\\\/\\\/secure.gravatar.com\\\/avatar\\\/076a9c19816f4976b76b8d88be4606fba80dee0aea5ccae15d7f3466053c0615?s=96&d=mm&r=g\",\"caption\":\"Arismendi Luis\"},\"url\":\"https:\\\/\\\/digital58.com.ve\\\/site\\\/author\\\/arismendi17\\\/\"}]}<\/script>\n<!-- \/ Yoast SEO plugin. -->","yoast_head_json":{"title":"Fallece el hist\u00f3rico narrador de f\u00fatbol L\u00e1zaro Candal","robots":{"index":"index","follow":"follow","max-snippet":"max-snippet:-1","max-image-preview":"max-image-preview:large","max-video-preview":"max-video-preview:-1"},"canonical":"https:\/\/digital58.com.ve\/site\/2023\/08\/23\/fallece-el-historico-narrador-de-futbol-lazaro-candal\/","og_locale":"es_ES","og_type":"article","og_title":"Fallece el hist\u00f3rico narrador de f\u00fatbol L\u00e1zaro Candal","og_url":"https:\/\/digital58.com.ve\/site\/2023\/08\/23\/fallece-el-historico-narrador-de-futbol-lazaro-candal\/","og_site_name":"Noticias Digital58","article_published_time":"2023-08-24T00:39:35+00:00","og_image":[{"width":836,"height":495,"url":"https:\/\/i0.wp.com\/digital58.com.ve\/site\/wp-content\/uploads\/2023\/08\/candal.jpg?fit=836%2C495&ssl=1","type":"image\/jpeg"}],"author":"Arismendi Luis","twitter_card":"summary_large_image","twitter_creator":"@Digital_58","twitter_site":"@villasmilhfoto","twitter_misc":{"Escrito por":"Arismendi Luis","Tiempo estimado de lectura":"1 minuto"},"schema":{"@context":"https:\/\/schema.org","@graph":[{"@type":"Article","@id":"https:\/\/digital58.com.ve\/site\/2023\/08\/23\/fallece-el-historico-narrador-de-futbol-lazaro-candal\/#article","isPartOf":{"@id":"https:\/\/digital58.com.ve\/site\/2023\/08\/23\/fallece-el-historico-narrador-de-futbol-lazaro-candal\/"},"author":{"name":"Arismendi Luis","@id":"https:\/\/digital58.com.ve\/site\/#\/schema\/person\/d79fb9041200d150763851810f3a6e44"},"headline":"Fallece el hist\u00f3rico narrador de f\u00fatbol L\u00e1zaro Candal","datePublished":"2023-08-24T00:39:35+00:00","mainEntityOfPage":{"@id":"https:\/\/digital58.com.ve\/site\/2023\/08\/23\/fallece-el-historico-narrador-de-futbol-lazaro-candal\/"},"wordCount":300,"commentCount":0,"publisher":{"@id":"https:\/\/digital58.com.ve\/site\/#\/schema\/person\/64d1c2e4d0d4fd1b849980c4331c2951"},"image":{"@id":"https:\/\/digital58.com.ve\/site\/2023\/08\/23\/fallece-el-historico-narrador-de-futbol-lazaro-candal\/#primaryimage"},"thumbnailUrl":"https:\/\/digital58.com.ve\/site\/wp-content\/uploads\/2023\/08\/candal.jpg","keywords":["Espa\u00f1a","Fallecimiento","F\u00fatbol Venezolano","Galicia","L\u00e1zaro Candal","Nacionales","Papaito","Venezuela"],"articleSection":["Deportes"],"inLanguage":"es","potentialAction":[{"@type":"CommentAction","name":"Comment","target":["https:\/\/digital58.com.ve\/site\/2023\/08\/23\/fallece-el-historico-narrador-de-futbol-lazaro-candal\/#respond"]}]},{"@type":"WebPage","@id":"https:\/\/digital58.com.ve\/site\/2023\/08\/23\/fallece-el-historico-narrador-de-futbol-lazaro-candal\/","url":"https:\/\/digital58.com.ve\/site\/2023\/08\/23\/fallece-el-historico-narrador-de-futbol-lazaro-candal\/","name":"Fallece el hist\u00f3rico narrador de f\u00fatbol L\u00e1zaro Candal","isPartOf":{"@id":"https:\/\/digital58.com.ve\/site\/#website"},"primaryImageOfPage":{"@id":"https:\/\/digital58.com.ve\/site\/2023\/08\/23\/fallece-el-historico-narrador-de-futbol-lazaro-candal\/#primaryimage"},"image":{"@id":"https:\/\/digital58.com.ve\/site\/2023\/08\/23\/fallece-el-historico-narrador-de-futbol-lazaro-candal\/#primaryimage"},"thumbnailUrl":"https:\/\/digital58.com.ve\/site\/wp-content\/uploads\/2023\/08\/candal.jpg","datePublished":"2023-08-24T00:39:35+00:00","breadcrumb":{"@id":"https:\/\/digital58.com.ve\/site\/2023\/08\/23\/fallece-el-historico-narrador-de-futbol-lazaro-candal\/#breadcrumb"},"inLanguage":"es","potentialAction":[{"@type":"ReadAction","target":["https:\/\/digital58.com.ve\/site\/2023\/08\/23\/fallece-el-historico-narrador-de-futbol-lazaro-candal\/"]}]},{"@type":"ImageObject","inLanguage":"es","@id":"https:\/\/digital58.com.ve\/site\/2023\/08\/23\/fallece-el-historico-narrador-de-futbol-lazaro-candal\/#primaryimage","url":"https:\/\/digital58.com.ve\/site\/wp-content\/uploads\/2023\/08\/candal.jpg","contentUrl":"https:\/\/digital58.com.ve\/site\/wp-content\/uploads\/2023\/08\/candal.jpg","width":836,"height":495,"caption":"Lazaro Candal"},{"@type":"BreadcrumbList","@id":"https:\/\/digital58.com.ve\/site\/2023\/08\/23\/fallece-el-historico-narrador-de-futbol-lazaro-candal\/#breadcrumb","itemListElement":[{"@type":"ListItem","position":1,"name":"Home","item":"https:\/\/digital58.com.ve\/site\/"},{"@type":"ListItem","position":2,"name":"Fallece el hist\u00f3rico narrador de f\u00fatbol L\u00e1zaro Candal"}]},{"@type":"WebSite","@id":"https:\/\/digital58.com.ve\/site\/#website","url":"https:\/\/digital58.com.ve\/site\/","name":"Noticias Digital58","description":"Portal de Noticias \u00a1Periodismo web de verdad! Lanzamiento web 22.11.2005 \/ Maracaibo, Venezuela","publisher":{"@id":"https:\/\/digital58.com.ve\/site\/#\/schema\/person\/64d1c2e4d0d4fd1b849980c4331c2951"},"alternateName":"ND58","potentialAction":[{"@type":"SearchAction","target":{"@type":"EntryPoint","urlTemplate":"https:\/\/digital58.com.ve\/site\/?s={search_term_string}"},"query-input":{"@type":"PropertyValueSpecification","valueRequired":true,"valueName":"search_term_string"}}],"inLanguage":"es"},{"@type":["Person","Organization"],"@id":"https:\/\/digital58.com.ve\/site\/#\/schema\/person\/64d1c2e4d0d4fd1b849980c4331c2951","name":"Villasmil Henry","image":{"@type":"ImageObject","inLanguage":"es","@id":"https:\/\/secure.gravatar.com\/avatar\/bb0c4a2fcb7970138239f7e404ea75757b1b507b28b5ce4c53fbd62d797c5a7c?s=96&d=mm&r=g","url":"https:\/\/secure.gravatar.com\/avatar\/bb0c4a2fcb7970138239f7e404ea75757b1b507b28b5ce4c53fbd62d797c5a7c?s=96&d=mm&r=g","contentUrl":"https:\/\/secure.gravatar.com\/avatar\/bb0c4a2fcb7970138239f7e404ea75757b1b507b28b5ce4c53fbd62d797c5a7c?s=96&d=mm&r=g","caption":"Villasmil Henry"},"logo":{"@id":"https:\/\/secure.gravatar.com\/avatar\/bb0c4a2fcb7970138239f7e404ea75757b1b507b28b5ce4c53fbd62d797c5a7c?s=96&d=mm&r=g"},"sameAs":["http:\/\/www.henryvillasmil.com.ve","https:\/\/www.instagram.com\/villasmilhfoto\/","https:\/\/x.com\/https:\/\/twitter.com\/villasmilhfoto"]},{"@type":"Person","@id":"https:\/\/digital58.com.ve\/site\/#\/schema\/person\/d79fb9041200d150763851810f3a6e44","name":"Arismendi Luis","image":{"@type":"ImageObject","inLanguage":"es","@id":"https:\/\/secure.gravatar.com\/avatar\/076a9c19816f4976b76b8d88be4606fba80dee0aea5ccae15d7f3466053c0615?s=96&d=mm&r=g","url":"https:\/\/secure.gravatar.com\/avatar\/076a9c19816f4976b76b8d88be4606fba80dee0aea5ccae15d7f3466053c0615?s=96&d=mm&r=g","contentUrl":"https:\/\/secure.gravatar.com\/avatar\/076a9c19816f4976b76b8d88be4606fba80dee0aea5ccae15d7f3466053c0615?s=96&d=mm&r=g","caption":"Arismendi Luis"},"url":"https:\/\/digital58.com.ve\/site\/author\/arismendi17\/"}]}},"uagb_featured_image_src":{"full":["https:\/\/digital58.com.ve\/site\/wp-content\/uploads\/2023\/08\/candal.jpg",836,495,false],"thumbnail":["https:\/\/digital58.com.ve\/site\/wp-content\/uploads\/2023\/08\/candal-150x150.jpg",150,150,true],"medium":["https:\/\/digital58.com.ve\/site\/wp-content\/uploads\/2023\/08\/candal-300x178.jpg",300,178,true],"medium_large":["https:\/\/digital58.com.ve\/site\/wp-content\/uploads\/2023\/08\/candal-768x455.jpg",768,455,true],"large":["https:\/\/digital58.com.ve\/site\/wp-content\/uploads\/2023\/08\/candal.jpg",800,474,false],"1536x1536":["https:\/\/digital58.com.ve\/site\/wp-content\/uploads\/2023\/08\/candal.jpg",836,495,false],"2048x2048":["https:\/\/digital58.com.ve\/site\/wp-content\/uploads\/2023\/08\/candal.jpg",836,495,false],"colormag-highlighted-post":["https:\/\/digital58.com.ve\/site\/wp-content\/uploads\/2023\/08\/candal-392x272.jpg",392,272,true],"colormag-featured-post-medium":["https:\/\/digital58.com.ve\/site\/wp-content\/uploads\/2023\/08\/candal-390x205.jpg",390,205,true],"colormag-featured-post-small":["https:\/\/digital58.com.ve\/site\/wp-content\/uploads\/2023\/08\/candal-130x90.jpg",130,90,true],"colormag-featured-image":["https:\/\/digital58.com.ve\/site\/wp-content\/uploads\/2023\/08\/candal-800x445.jpg",800,445,true],"colormag-default-news":["https:\/\/digital58.com.ve\/site\/wp-content\/uploads\/2023\/08\/candal-150x150.jpg",150,150,true],"colormag-featured-image-large":["https:\/\/digital58.com.ve\/site\/wp-content\/uploads\/2023\/08\/candal.jpg",836,495,false]},"uagb_author_info":{"display_name":"Arismendi Luis","author_link":"https:\/\/digital58.com.ve\/site\/author\/arismendi17\/"},"uagb_comment_info":0,"uagb_excerpt":"\u00abPapa\u00edto\u00bb como se le conoci\u00f3, fue premiado con distintos galardones debido a su amplia carrera period\u00edstica. Maracaibo, Zulia, Venezuela, 23","_links":{"self":[{"href":"https:\/\/digital58.com.ve\/site\/wp-json\/wp\/v2\/posts\/170010","targetHints":{"allow":["GET"]}}],"collection":[{"href":"https:\/\/digital58.com.ve\/site\/wp-json\/wp\/v2\/posts"}],"about":[{"href":"https:\/\/digital58.com.ve\/site\/wp-json\/wp\/v2\/types\/post"}],"author":[{"embeddable":true,"href":"https:\/\/digital58.com.ve\/site\/wp-json\/wp\/v2\/users\/7"}],"replies":[{"embeddable":true,"href":"https:\/\/digital58.com.ve\/site\/wp-json\/wp\/v2\/comments?post=170010"}],"version-history":[{"count":3,"href":"https:\/\/digital58.com.ve\/site\/wp-json\/wp\/v2\/posts\/170010\/revisions"}],"predecessor-version":[{"id":170014,"href":"https:\/\/digital58.com.ve\/site\/wp-json\/wp\/v2\/posts\/170010\/revisions\/170014"}],"wp:featuredmedia":[{"embeddable":true,"href":"https:\/\/digital58.com.ve\/site\/wp-json\/wp\/v2\/media\/170013"}],"wp:attachment":[{"href":"https:\/\/digital58.com.ve\/site\/wp-json\/wp\/v2\/media?parent=170010"}],"wp:term":[{"taxonomy":"category","embeddable":true,"href":"https:\/\/digital58.com.ve\/site\/wp-json\/wp\/v2\/categories?post=170010"},{"taxonomy":"post_tag","embeddable":true,"href":"https:\/\/digital58.com.ve\/site\/wp-json\/wp\/v2\/tags?post=170010"}],"curies":[{"name":"wp","href":"https:\/\/api.w.org\/{rel}","templated":true}]}}