{"id":170609,"date":"2023-09-15T09:48:38","date_gmt":"2023-09-15T13:48:38","guid":{"rendered":"https:\/\/digital58.com.ve\/site\/?p=170609"},"modified":"2023-09-15T09:48:38","modified_gmt":"2023-09-15T13:48:38","slug":"zulia-ninos-pintan-a-maracaibo-en-su-494-aniversario","status":"publish","type":"post","link":"https:\/\/digital58.com.ve\/site\/2023\/09\/15\/zulia-ninos-pintan-a-maracaibo-en-su-494-aniversario\/","title":{"rendered":"#Zulia | Ni\u00f1os pintan a Maracaibo en su 494 aniversario"},"content":{"rendered":"<p><a href=\"https:\/\/digital58.com.ve\/site\/wp-content\/uploads\/2023\/09\/ninos-pintando-4.jpg\"><img loading=\"lazy\" decoding=\"async\" class=\"aligncenter size-full wp-image-170610\" src=\"https:\/\/digital58.com.ve\/site\/wp-content\/uploads\/2023\/09\/ninos-pintando-4.jpg\" alt=\"\" width=\"800\" height=\"449\" srcset=\"https:\/\/digital58.com.ve\/site\/wp-content\/uploads\/2023\/09\/ninos-pintando-4.jpg 800w, https:\/\/digital58.com.ve\/site\/wp-content\/uploads\/2023\/09\/ninos-pintando-4-300x168.jpg 300w, https:\/\/digital58.com.ve\/site\/wp-content\/uploads\/2023\/09\/ninos-pintando-4-768x431.jpg 768w\" sizes=\"auto, (max-width: 800px) 100vw, 800px\" \/><\/a><\/p>\n<p>M\u00e1s de 50 ni\u00f1os participaron en la iniciativa cultural impulsada por la Alcald\u00eda de Maracaibo para expresar en trazos de pintura lo que significa para ellos el municipio.<\/p>\n<p><strong>Maracaibo, Zulia, Venezuela, 15 de septiembre de 2023 (ND58).-<\/strong> Para continuar celebrando los 494 a\u00f1os de la fundaci\u00f3n de Maracaibo que la Alcald\u00eda ha centrado en trabajo, reconocimiento e identidad; m\u00e1s de 50 ni\u00f1os de la Fundaci\u00f3n Ni\u00f1os del Sol (Fundanis) y de las parroquias Bol\u00edvar y Santa Luc\u00eda, entre los 9 y 14 a\u00f1os, participaron en la actividad Pintando a Maracaibo realizada a trav\u00e9s de la Direcci\u00f3n de Cultura, en el parque Vereda del Lago.<\/p>\n<p><a href=\"https:\/\/digital58.com.ve\/site\/wp-content\/uploads\/2023\/09\/ninos-pintando-2.jpg\"><img loading=\"lazy\" decoding=\"async\" class=\"aligncenter size-full wp-image-170612\" src=\"https:\/\/digital58.com.ve\/site\/wp-content\/uploads\/2023\/09\/ninos-pintando-2.jpg\" alt=\"\" width=\"800\" height=\"449\" srcset=\"https:\/\/digital58.com.ve\/site\/wp-content\/uploads\/2023\/09\/ninos-pintando-2.jpg 800w, https:\/\/digital58.com.ve\/site\/wp-content\/uploads\/2023\/09\/ninos-pintando-2-300x168.jpg 300w, https:\/\/digital58.com.ve\/site\/wp-content\/uploads\/2023\/09\/ninos-pintando-2-768x431.jpg 768w\" sizes=\"auto, (max-width: 800px) 100vw, 800px\" \/><\/a><\/p>\n<p>Los peque\u00f1os, empleando su imaginaci\u00f3n y creatividad, trazaron en un lienzo, que les quedar\u00e1 como recuerdo de haber pintado a su ciudad, la misma composici\u00f3n realizada por el artista pl\u00e1stico Jorge Castilla en las letras corp\u00f3reas Maracaibo, ubicadas en la zona costera del parque, el pasado jueves 7 de septiembre.<\/p>\n<p>El alcalde Rafael Ram\u00edrez Colina, durante su balance n\u00famero 78 de este lunes 11 de septiembre, record\u00f3 que acompa\u00f1\u00f3 la actividad y comparti\u00f3 con los participantes sus ideas y qu\u00e9 significa para ellos Maracaibo.<\/p>\n<p><a href=\"https:\/\/digital58.com.ve\/site\/wp-content\/uploads\/2023\/09\/ninos-pintando-3.jpg\"><img loading=\"lazy\" decoding=\"async\" class=\"aligncenter size-full wp-image-170611\" src=\"https:\/\/digital58.com.ve\/site\/wp-content\/uploads\/2023\/09\/ninos-pintando-3.jpg\" alt=\"\" width=\"800\" height=\"449\" srcset=\"https:\/\/digital58.com.ve\/site\/wp-content\/uploads\/2023\/09\/ninos-pintando-3.jpg 800w, https:\/\/digital58.com.ve\/site\/wp-content\/uploads\/2023\/09\/ninos-pintando-3-300x168.jpg 300w, https:\/\/digital58.com.ve\/site\/wp-content\/uploads\/2023\/09\/ninos-pintando-3-768x431.jpg 768w\" sizes=\"auto, (max-width: 800px) 100vw, 800px\" \/><\/a><\/p>\n<p>\u00abEstuvimos frente a las letras corp\u00f3reas y con ese bonito paisaje nosotros buscamos seguir aferrando los valores de identidad, uno de los aspectos que estamos reforzando en el marco del 494 aniversario de la ciudad\u00bb, expres\u00f3 Ram\u00edrez Colina.<\/p>\n<p>Asimismo, destac\u00f3: \u00abNuestra intenci\u00f3n es que sigamos afianzando nuestro orgullo, el orgullo de ser zuliano, de ser maracucho, pero sobre todas las cosas sepamos claramente cu\u00e1ndo cumple a\u00f1os la ciudad, lo importante de preservar sus tradiciones, valores y cultura. Los ni\u00f1os trabajaron en pintar una postales que ser\u00e1n exhibidas para que todo el mundo sepa que, en la semana aniversario de Maracaibo, ellos le dieron un regalo\u00bb.<\/p>\n<p><a href=\"https:\/\/digital58.com.ve\/site\/wp-content\/uploads\/2023\/09\/ninos-pintando.jpg\"><img loading=\"lazy\" decoding=\"async\" class=\"aligncenter size-full wp-image-170613\" src=\"https:\/\/digital58.com.ve\/site\/wp-content\/uploads\/2023\/09\/ninos-pintando.jpg\" alt=\"\" width=\"800\" height=\"449\" srcset=\"https:\/\/digital58.com.ve\/site\/wp-content\/uploads\/2023\/09\/ninos-pintando.jpg 800w, https:\/\/digital58.com.ve\/site\/wp-content\/uploads\/2023\/09\/ninos-pintando-300x168.jpg 300w, https:\/\/digital58.com.ve\/site\/wp-content\/uploads\/2023\/09\/ninos-pintando-768x431.jpg 768w\" sizes=\"auto, (max-width: 800px) 100vw, 800px\" \/><\/a><\/p>\n<p>La directora de Cultura, Malena Soto, por su parte, destac\u00f3 que la actividad busca regalarle a Maracaibo una pintura hecha por los ni\u00f1os.<\/p>\n<p><strong>Redacci\u00f3n ND58 | Fuente: Comunicaciones Cultura \/ Alcald\u00eda de Maracaibo<\/strong><br \/>\n<strong>Edici\u00f3n: Villasmil, Henry<\/strong><br \/>\n<strong>Gr\u00e1fica: Cortes\u00eda ADM<\/strong><\/p>\n<p>&nbsp;<\/p>\n<p>&nbsp;<\/p><div class=\"joipl69f2753909bac\" ><p style=\"text-align: center;\"><a href=\"https:\/\/t.me\/noticiasdigital58\" target=\"_blank\" rel=\"noopener\"><img class=\"aligncenter size-full wp-image-125363\" src=\"https:\/\/digital58.com.ve\/site\/wp-content\/uploads\/2021\/04\/banner-telegram-web-2021.png\" alt=\"\" width=\"600\" height=\"90\" \/><\/a><\/p><\/div><style type=\"text\/css\">\r\n@media screen and (min-width: 1201px) {\r\n.joipl69f2753909bac {\r\ndisplay: block;\r\n}\r\n}\r\n@media screen and (min-width: 993px) and (max-width: 1200px) {\r\n.joipl69f2753909bac {\r\ndisplay: block;\r\n}\r\n}\r\n@media screen and (min-width: 769px) and (max-width: 992px) {\r\n.joipl69f2753909bac {\r\ndisplay: block;\r\n}\r\n}\r\n@media screen and (min-width: 768px) and (max-width: 768px) {\r\n.joipl69f2753909bac {\r\ndisplay: block;\r\n}\r\n}\r\n@media screen and (max-width: 767px) {\r\n.joipl69f2753909bac {\r\ndisplay: block;\r\n}\r\n}\r\n<\/style>\r\n\n<p>&nbsp;<\/p>\n<div style=\"margin-top: 0px; margin-bottom: 0px;\" class=\"sharethis-inline-share-buttons\" ><\/div>","protected":false},"excerpt":{"rendered":"<p>M\u00e1s de 50 ni\u00f1os participaron en la iniciativa cultural impulsada por la Alcald\u00eda de Maracaibo para expresar en trazos de<\/p>\n","protected":false},"author":1,"featured_media":170611,"comment_status":"open","ping_status":"closed","sticky":false,"template":"","format":"standard","meta":{"colormag_page_container_layout":"default_layout","colormag_page_sidebar_layout":"default_layout","_uag_custom_page_level_css":"","footnotes":""},"categories":[14504],"tags":[32410,3090,9761,6032,73,233,28137,13980,2354,32],"class_list":["post-170609","post","type-post","status-publish","format-standard","has-post-thumbnail","hentry","category-zulia","tag-494-anos-de-fundacion-de-maracaibo","tag-direccion-de-cultura","tag-fundacion-ninos-del-sol","tag-fundanis","tag-maracaibo","tag-nacionales","tag-parque-vereda-del-lago","tag-rafael-ramirez-colina","tag-regionales","tag-venezuela"],"yoast_head":"<!-- This site is optimized with the Yoast SEO plugin v27.5 - https:\/\/yoast.com\/product\/yoast-seo-wordpress\/ -->\n<title>#Zulia | Ni\u00f1os pintan a Maracaibo en su 494 aniversario<\/title>\n<meta name=\"robots\" content=\"index, follow, max-snippet:-1, max-image-preview:large, max-video-preview:-1\" \/>\n<link rel=\"canonical\" href=\"https:\/\/digital58.com.ve\/site\/2023\/09\/15\/zulia-ninos-pintan-a-maracaibo-en-su-494-aniversario\/\" \/>\n<meta property=\"og:locale\" content=\"es_ES\" \/>\n<meta property=\"og:type\" content=\"article\" \/>\n<meta property=\"og:title\" content=\"#Zulia | Ni\u00f1os pintan a Maracaibo en su 494 aniversario\" \/>\n<meta property=\"og:url\" content=\"https:\/\/digital58.com.ve\/site\/2023\/09\/15\/zulia-ninos-pintan-a-maracaibo-en-su-494-aniversario\/\" \/>\n<meta property=\"og:site_name\" content=\"Noticias Digital58\" \/>\n<meta property=\"article:published_time\" content=\"2023-09-15T13:48:38+00:00\" \/>\n<meta property=\"og:image\" content=\"https:\/\/i0.wp.com\/digital58.com.ve\/site\/wp-content\/uploads\/2023\/09\/ninos-pintando-3.jpg?fit=800%2C449&ssl=1\" \/>\n\t<meta property=\"og:image:width\" content=\"800\" \/>\n\t<meta property=\"og:image:height\" content=\"449\" \/>\n\t<meta property=\"og:image:type\" content=\"image\/jpeg\" \/>\n<meta name=\"author\" content=\"Villasmil Henry\" \/>\n<meta name=\"twitter:card\" content=\"summary_large_image\" \/>\n<meta name=\"twitter:creator\" content=\"@https:\/\/twitter.com\/villasmilhfoto\" \/>\n<meta name=\"twitter:site\" content=\"@villasmilhfoto\" \/>\n<meta name=\"twitter:label1\" content=\"Escrito por\" \/>\n\t<meta name=\"twitter:data1\" content=\"Villasmil Henry\" \/>\n\t<meta name=\"twitter:label2\" content=\"Tiempo estimado de lectura\" \/>\n\t<meta name=\"twitter:data2\" content=\"2 minutos\" \/>\n<script type=\"application\/ld+json\" class=\"yoast-schema-graph\">{\"@context\":\"https:\\\/\\\/schema.org\",\"@graph\":[{\"@type\":\"Article\",\"@id\":\"https:\\\/\\\/digital58.com.ve\\\/site\\\/2023\\\/09\\\/15\\\/zulia-ninos-pintan-a-maracaibo-en-su-494-aniversario\\\/#article\",\"isPartOf\":{\"@id\":\"https:\\\/\\\/digital58.com.ve\\\/site\\\/2023\\\/09\\\/15\\\/zulia-ninos-pintan-a-maracaibo-en-su-494-aniversario\\\/\"},\"author\":{\"name\":\"Villasmil Henry\",\"@id\":\"https:\\\/\\\/digital58.com.ve\\\/site\\\/#\\\/schema\\\/person\\\/64d1c2e4d0d4fd1b849980c4331c2951\"},\"headline\":\"#Zulia | Ni\u00f1os pintan a Maracaibo en su 494 aniversario\",\"datePublished\":\"2023-09-15T13:48:38+00:00\",\"mainEntityOfPage\":{\"@id\":\"https:\\\/\\\/digital58.com.ve\\\/site\\\/2023\\\/09\\\/15\\\/zulia-ninos-pintan-a-maracaibo-en-su-494-aniversario\\\/\"},\"wordCount\":367,\"commentCount\":0,\"publisher\":{\"@id\":\"https:\\\/\\\/digital58.com.ve\\\/site\\\/#\\\/schema\\\/person\\\/64d1c2e4d0d4fd1b849980c4331c2951\"},\"image\":{\"@id\":\"https:\\\/\\\/digital58.com.ve\\\/site\\\/2023\\\/09\\\/15\\\/zulia-ninos-pintan-a-maracaibo-en-su-494-aniversario\\\/#primaryimage\"},\"thumbnailUrl\":\"https:\\\/\\\/digital58.com.ve\\\/site\\\/wp-content\\\/uploads\\\/2023\\\/09\\\/ninos-pintando-3.jpg\",\"keywords\":[\"494 a\u00f1os de fundaci\u00f3n de Maracaibo\",\"Direcci\u00f3n de Cultura\",\"Fundaci\u00f3n Ni\u00f1os del Sol\",\"Fundanis\",\"Maracaibo\",\"Nacionales\",\"Parque Vereda del Lago\",\"Rafael Ram\u00edrez Colina\",\"Regionales\",\"Venezuela\"],\"articleSection\":[\"Zulia\"],\"inLanguage\":\"es\",\"potentialAction\":[{\"@type\":\"CommentAction\",\"name\":\"Comment\",\"target\":[\"https:\\\/\\\/digital58.com.ve\\\/site\\\/2023\\\/09\\\/15\\\/zulia-ninos-pintan-a-maracaibo-en-su-494-aniversario\\\/#respond\"]}]},{\"@type\":\"WebPage\",\"@id\":\"https:\\\/\\\/digital58.com.ve\\\/site\\\/2023\\\/09\\\/15\\\/zulia-ninos-pintan-a-maracaibo-en-su-494-aniversario\\\/\",\"url\":\"https:\\\/\\\/digital58.com.ve\\\/site\\\/2023\\\/09\\\/15\\\/zulia-ninos-pintan-a-maracaibo-en-su-494-aniversario\\\/\",\"name\":\"#Zulia | Ni\u00f1os pintan a Maracaibo en su 494 aniversario\",\"isPartOf\":{\"@id\":\"https:\\\/\\\/digital58.com.ve\\\/site\\\/#website\"},\"primaryImageOfPage\":{\"@id\":\"https:\\\/\\\/digital58.com.ve\\\/site\\\/2023\\\/09\\\/15\\\/zulia-ninos-pintan-a-maracaibo-en-su-494-aniversario\\\/#primaryimage\"},\"image\":{\"@id\":\"https:\\\/\\\/digital58.com.ve\\\/site\\\/2023\\\/09\\\/15\\\/zulia-ninos-pintan-a-maracaibo-en-su-494-aniversario\\\/#primaryimage\"},\"thumbnailUrl\":\"https:\\\/\\\/digital58.com.ve\\\/site\\\/wp-content\\\/uploads\\\/2023\\\/09\\\/ninos-pintando-3.jpg\",\"datePublished\":\"2023-09-15T13:48:38+00:00\",\"breadcrumb\":{\"@id\":\"https:\\\/\\\/digital58.com.ve\\\/site\\\/2023\\\/09\\\/15\\\/zulia-ninos-pintan-a-maracaibo-en-su-494-aniversario\\\/#breadcrumb\"},\"inLanguage\":\"es\",\"potentialAction\":[{\"@type\":\"ReadAction\",\"target\":[\"https:\\\/\\\/digital58.com.ve\\\/site\\\/2023\\\/09\\\/15\\\/zulia-ninos-pintan-a-maracaibo-en-su-494-aniversario\\\/\"]}]},{\"@type\":\"ImageObject\",\"inLanguage\":\"es\",\"@id\":\"https:\\\/\\\/digital58.com.ve\\\/site\\\/2023\\\/09\\\/15\\\/zulia-ninos-pintan-a-maracaibo-en-su-494-aniversario\\\/#primaryimage\",\"url\":\"https:\\\/\\\/digital58.com.ve\\\/site\\\/wp-content\\\/uploads\\\/2023\\\/09\\\/ninos-pintando-3.jpg\",\"contentUrl\":\"https:\\\/\\\/digital58.com.ve\\\/site\\\/wp-content\\\/uploads\\\/2023\\\/09\\\/ninos-pintando-3.jpg\",\"width\":800,\"height\":449},{\"@type\":\"BreadcrumbList\",\"@id\":\"https:\\\/\\\/digital58.com.ve\\\/site\\\/2023\\\/09\\\/15\\\/zulia-ninos-pintan-a-maracaibo-en-su-494-aniversario\\\/#breadcrumb\",\"itemListElement\":[{\"@type\":\"ListItem\",\"position\":1,\"name\":\"Home\",\"item\":\"https:\\\/\\\/digital58.com.ve\\\/site\\\/\"},{\"@type\":\"ListItem\",\"position\":2,\"name\":\"#Zulia | Ni\u00f1os pintan a Maracaibo en su 494 aniversario\"}]},{\"@type\":\"WebSite\",\"@id\":\"https:\\\/\\\/digital58.com.ve\\\/site\\\/#website\",\"url\":\"https:\\\/\\\/digital58.com.ve\\\/site\\\/\",\"name\":\"Noticias Digital58\",\"description\":\"Portal de Noticias \u00a1Periodismo web de verdad! Lanzamiento web 22.11.2005 \\\/ Maracaibo, Venezuela\",\"publisher\":{\"@id\":\"https:\\\/\\\/digital58.com.ve\\\/site\\\/#\\\/schema\\\/person\\\/64d1c2e4d0d4fd1b849980c4331c2951\"},\"alternateName\":\"ND58\",\"potentialAction\":[{\"@type\":\"SearchAction\",\"target\":{\"@type\":\"EntryPoint\",\"urlTemplate\":\"https:\\\/\\\/digital58.com.ve\\\/site\\\/?s={search_term_string}\"},\"query-input\":{\"@type\":\"PropertyValueSpecification\",\"valueRequired\":true,\"valueName\":\"search_term_string\"}}],\"inLanguage\":\"es\"},{\"@type\":[\"Person\",\"Organization\"],\"@id\":\"https:\\\/\\\/digital58.com.ve\\\/site\\\/#\\\/schema\\\/person\\\/64d1c2e4d0d4fd1b849980c4331c2951\",\"name\":\"Villasmil Henry\",\"image\":{\"@type\":\"ImageObject\",\"inLanguage\":\"es\",\"@id\":\"https:\\\/\\\/secure.gravatar.com\\\/avatar\\\/bb0c4a2fcb7970138239f7e404ea75757b1b507b28b5ce4c53fbd62d797c5a7c?s=96&d=mm&r=g\",\"url\":\"https:\\\/\\\/secure.gravatar.com\\\/avatar\\\/bb0c4a2fcb7970138239f7e404ea75757b1b507b28b5ce4c53fbd62d797c5a7c?s=96&d=mm&r=g\",\"contentUrl\":\"https:\\\/\\\/secure.gravatar.com\\\/avatar\\\/bb0c4a2fcb7970138239f7e404ea75757b1b507b28b5ce4c53fbd62d797c5a7c?s=96&d=mm&r=g\",\"caption\":\"Villasmil Henry\"},\"logo\":{\"@id\":\"https:\\\/\\\/secure.gravatar.com\\\/avatar\\\/bb0c4a2fcb7970138239f7e404ea75757b1b507b28b5ce4c53fbd62d797c5a7c?s=96&d=mm&r=g\"},\"sameAs\":[\"http:\\\/\\\/www.henryvillasmil.com.ve\",\"https:\\\/\\\/www.instagram.com\\\/villasmilhfoto\\\/\",\"https:\\\/\\\/x.com\\\/https:\\\/\\\/twitter.com\\\/villasmilhfoto\"],\"url\":\"https:\\\/\\\/digital58.com.ve\\\/site\\\/author\\\/droopy_68\\\/\"}]}<\/script>\n<!-- \/ Yoast SEO plugin. -->","yoast_head_json":{"title":"#Zulia | Ni\u00f1os pintan a Maracaibo en su 494 aniversario","robots":{"index":"index","follow":"follow","max-snippet":"max-snippet:-1","max-image-preview":"max-image-preview:large","max-video-preview":"max-video-preview:-1"},"canonical":"https:\/\/digital58.com.ve\/site\/2023\/09\/15\/zulia-ninos-pintan-a-maracaibo-en-su-494-aniversario\/","og_locale":"es_ES","og_type":"article","og_title":"#Zulia | Ni\u00f1os pintan a Maracaibo en su 494 aniversario","og_url":"https:\/\/digital58.com.ve\/site\/2023\/09\/15\/zulia-ninos-pintan-a-maracaibo-en-su-494-aniversario\/","og_site_name":"Noticias Digital58","article_published_time":"2023-09-15T13:48:38+00:00","og_image":[{"width":800,"height":449,"url":"https:\/\/i0.wp.com\/digital58.com.ve\/site\/wp-content\/uploads\/2023\/09\/ninos-pintando-3.jpg?fit=800%2C449&ssl=1","type":"image\/jpeg"}],"author":"Villasmil Henry","twitter_card":"summary_large_image","twitter_creator":"@https:\/\/twitter.com\/villasmilhfoto","twitter_site":"@villasmilhfoto","twitter_misc":{"Escrito por":"Villasmil Henry","Tiempo estimado de lectura":"2 minutos"},"schema":{"@context":"https:\/\/schema.org","@graph":[{"@type":"Article","@id":"https:\/\/digital58.com.ve\/site\/2023\/09\/15\/zulia-ninos-pintan-a-maracaibo-en-su-494-aniversario\/#article","isPartOf":{"@id":"https:\/\/digital58.com.ve\/site\/2023\/09\/15\/zulia-ninos-pintan-a-maracaibo-en-su-494-aniversario\/"},"author":{"name":"Villasmil Henry","@id":"https:\/\/digital58.com.ve\/site\/#\/schema\/person\/64d1c2e4d0d4fd1b849980c4331c2951"},"headline":"#Zulia | Ni\u00f1os pintan a Maracaibo en su 494 aniversario","datePublished":"2023-09-15T13:48:38+00:00","mainEntityOfPage":{"@id":"https:\/\/digital58.com.ve\/site\/2023\/09\/15\/zulia-ninos-pintan-a-maracaibo-en-su-494-aniversario\/"},"wordCount":367,"commentCount":0,"publisher":{"@id":"https:\/\/digital58.com.ve\/site\/#\/schema\/person\/64d1c2e4d0d4fd1b849980c4331c2951"},"image":{"@id":"https:\/\/digital58.com.ve\/site\/2023\/09\/15\/zulia-ninos-pintan-a-maracaibo-en-su-494-aniversario\/#primaryimage"},"thumbnailUrl":"https:\/\/digital58.com.ve\/site\/wp-content\/uploads\/2023\/09\/ninos-pintando-3.jpg","keywords":["494 a\u00f1os de fundaci\u00f3n de Maracaibo","Direcci\u00f3n de Cultura","Fundaci\u00f3n Ni\u00f1os del Sol","Fundanis","Maracaibo","Nacionales","Parque Vereda del Lago","Rafael Ram\u00edrez Colina","Regionales","Venezuela"],"articleSection":["Zulia"],"inLanguage":"es","potentialAction":[{"@type":"CommentAction","name":"Comment","target":["https:\/\/digital58.com.ve\/site\/2023\/09\/15\/zulia-ninos-pintan-a-maracaibo-en-su-494-aniversario\/#respond"]}]},{"@type":"WebPage","@id":"https:\/\/digital58.com.ve\/site\/2023\/09\/15\/zulia-ninos-pintan-a-maracaibo-en-su-494-aniversario\/","url":"https:\/\/digital58.com.ve\/site\/2023\/09\/15\/zulia-ninos-pintan-a-maracaibo-en-su-494-aniversario\/","name":"#Zulia | Ni\u00f1os pintan a Maracaibo en su 494 aniversario","isPartOf":{"@id":"https:\/\/digital58.com.ve\/site\/#website"},"primaryImageOfPage":{"@id":"https:\/\/digital58.com.ve\/site\/2023\/09\/15\/zulia-ninos-pintan-a-maracaibo-en-su-494-aniversario\/#primaryimage"},"image":{"@id":"https:\/\/digital58.com.ve\/site\/2023\/09\/15\/zulia-ninos-pintan-a-maracaibo-en-su-494-aniversario\/#primaryimage"},"thumbnailUrl":"https:\/\/digital58.com.ve\/site\/wp-content\/uploads\/2023\/09\/ninos-pintando-3.jpg","datePublished":"2023-09-15T13:48:38+00:00","breadcrumb":{"@id":"https:\/\/digital58.com.ve\/site\/2023\/09\/15\/zulia-ninos-pintan-a-maracaibo-en-su-494-aniversario\/#breadcrumb"},"inLanguage":"es","potentialAction":[{"@type":"ReadAction","target":["https:\/\/digital58.com.ve\/site\/2023\/09\/15\/zulia-ninos-pintan-a-maracaibo-en-su-494-aniversario\/"]}]},{"@type":"ImageObject","inLanguage":"es","@id":"https:\/\/digital58.com.ve\/site\/2023\/09\/15\/zulia-ninos-pintan-a-maracaibo-en-su-494-aniversario\/#primaryimage","url":"https:\/\/digital58.com.ve\/site\/wp-content\/uploads\/2023\/09\/ninos-pintando-3.jpg","contentUrl":"https:\/\/digital58.com.ve\/site\/wp-content\/uploads\/2023\/09\/ninos-pintando-3.jpg","width":800,"height":449},{"@type":"BreadcrumbList","@id":"https:\/\/digital58.com.ve\/site\/2023\/09\/15\/zulia-ninos-pintan-a-maracaibo-en-su-494-aniversario\/#breadcrumb","itemListElement":[{"@type":"ListItem","position":1,"name":"Home","item":"https:\/\/digital58.com.ve\/site\/"},{"@type":"ListItem","position":2,"name":"#Zulia | Ni\u00f1os pintan a Maracaibo en su 494 aniversario"}]},{"@type":"WebSite","@id":"https:\/\/digital58.com.ve\/site\/#website","url":"https:\/\/digital58.com.ve\/site\/","name":"Noticias Digital58","description":"Portal de Noticias \u00a1Periodismo web de verdad! Lanzamiento web 22.11.2005 \/ Maracaibo, Venezuela","publisher":{"@id":"https:\/\/digital58.com.ve\/site\/#\/schema\/person\/64d1c2e4d0d4fd1b849980c4331c2951"},"alternateName":"ND58","potentialAction":[{"@type":"SearchAction","target":{"@type":"EntryPoint","urlTemplate":"https:\/\/digital58.com.ve\/site\/?s={search_term_string}"},"query-input":{"@type":"PropertyValueSpecification","valueRequired":true,"valueName":"search_term_string"}}],"inLanguage":"es"},{"@type":["Person","Organization"],"@id":"https:\/\/digital58.com.ve\/site\/#\/schema\/person\/64d1c2e4d0d4fd1b849980c4331c2951","name":"Villasmil Henry","image":{"@type":"ImageObject","inLanguage":"es","@id":"https:\/\/secure.gravatar.com\/avatar\/bb0c4a2fcb7970138239f7e404ea75757b1b507b28b5ce4c53fbd62d797c5a7c?s=96&d=mm&r=g","url":"https:\/\/secure.gravatar.com\/avatar\/bb0c4a2fcb7970138239f7e404ea75757b1b507b28b5ce4c53fbd62d797c5a7c?s=96&d=mm&r=g","contentUrl":"https:\/\/secure.gravatar.com\/avatar\/bb0c4a2fcb7970138239f7e404ea75757b1b507b28b5ce4c53fbd62d797c5a7c?s=96&d=mm&r=g","caption":"Villasmil Henry"},"logo":{"@id":"https:\/\/secure.gravatar.com\/avatar\/bb0c4a2fcb7970138239f7e404ea75757b1b507b28b5ce4c53fbd62d797c5a7c?s=96&d=mm&r=g"},"sameAs":["http:\/\/www.henryvillasmil.com.ve","https:\/\/www.instagram.com\/villasmilhfoto\/","https:\/\/x.com\/https:\/\/twitter.com\/villasmilhfoto"],"url":"https:\/\/digital58.com.ve\/site\/author\/droopy_68\/"}]}},"uagb_featured_image_src":{"full":["https:\/\/digital58.com.ve\/site\/wp-content\/uploads\/2023\/09\/ninos-pintando-3.jpg",800,449,false],"thumbnail":["https:\/\/digital58.com.ve\/site\/wp-content\/uploads\/2023\/09\/ninos-pintando-3-150x150.jpg",150,150,true],"medium":["https:\/\/digital58.com.ve\/site\/wp-content\/uploads\/2023\/09\/ninos-pintando-3-300x168.jpg",300,168,true],"medium_large":["https:\/\/digital58.com.ve\/site\/wp-content\/uploads\/2023\/09\/ninos-pintando-3-768x431.jpg",768,431,true],"large":["https:\/\/digital58.com.ve\/site\/wp-content\/uploads\/2023\/09\/ninos-pintando-3.jpg",800,449,false],"1536x1536":["https:\/\/digital58.com.ve\/site\/wp-content\/uploads\/2023\/09\/ninos-pintando-3.jpg",800,449,false],"2048x2048":["https:\/\/digital58.com.ve\/site\/wp-content\/uploads\/2023\/09\/ninos-pintando-3.jpg",800,449,false],"colormag-highlighted-post":["https:\/\/digital58.com.ve\/site\/wp-content\/uploads\/2023\/09\/ninos-pintando-3-392x272.jpg",392,272,true],"colormag-featured-post-medium":["https:\/\/digital58.com.ve\/site\/wp-content\/uploads\/2023\/09\/ninos-pintando-3-390x205.jpg",390,205,true],"colormag-featured-post-small":["https:\/\/digital58.com.ve\/site\/wp-content\/uploads\/2023\/09\/ninos-pintando-3-130x90.jpg",130,90,true],"colormag-featured-image":["https:\/\/digital58.com.ve\/site\/wp-content\/uploads\/2023\/09\/ninos-pintando-3-800x445.jpg",800,445,true],"colormag-default-news":["https:\/\/digital58.com.ve\/site\/wp-content\/uploads\/2023\/09\/ninos-pintando-3-150x150.jpg",150,150,true],"colormag-featured-image-large":["https:\/\/digital58.com.ve\/site\/wp-content\/uploads\/2023\/09\/ninos-pintando-3.jpg",800,449,false]},"uagb_author_info":{"display_name":"Villasmil Henry","author_link":"https:\/\/digital58.com.ve\/site\/author\/droopy_68\/"},"uagb_comment_info":0,"uagb_excerpt":"M\u00e1s de 50 ni\u00f1os participaron en la iniciativa cultural impulsada por la Alcald\u00eda de Maracaibo para expresar en trazos de","_links":{"self":[{"href":"https:\/\/digital58.com.ve\/site\/wp-json\/wp\/v2\/posts\/170609","targetHints":{"allow":["GET"]}}],"collection":[{"href":"https:\/\/digital58.com.ve\/site\/wp-json\/wp\/v2\/posts"}],"about":[{"href":"https:\/\/digital58.com.ve\/site\/wp-json\/wp\/v2\/types\/post"}],"author":[{"embeddable":true,"href":"https:\/\/digital58.com.ve\/site\/wp-json\/wp\/v2\/users\/1"}],"replies":[{"embeddable":true,"href":"https:\/\/digital58.com.ve\/site\/wp-json\/wp\/v2\/comments?post=170609"}],"version-history":[{"count":1,"href":"https:\/\/digital58.com.ve\/site\/wp-json\/wp\/v2\/posts\/170609\/revisions"}],"predecessor-version":[{"id":170614,"href":"https:\/\/digital58.com.ve\/site\/wp-json\/wp\/v2\/posts\/170609\/revisions\/170614"}],"wp:featuredmedia":[{"embeddable":true,"href":"https:\/\/digital58.com.ve\/site\/wp-json\/wp\/v2\/media\/170611"}],"wp:attachment":[{"href":"https:\/\/digital58.com.ve\/site\/wp-json\/wp\/v2\/media?parent=170609"}],"wp:term":[{"taxonomy":"category","embeddable":true,"href":"https:\/\/digital58.com.ve\/site\/wp-json\/wp\/v2\/categories?post=170609"},{"taxonomy":"post_tag","embeddable":true,"href":"https:\/\/digital58.com.ve\/site\/wp-json\/wp\/v2\/tags?post=170609"}],"curies":[{"name":"wp","href":"https:\/\/api.w.org\/{rel}","templated":true}]}}