{"id":170733,"date":"2023-09-21T20:20:46","date_gmt":"2023-09-22T00:20:46","guid":{"rendered":"https:\/\/digital58.com.ve\/site\/?p=170733"},"modified":"2023-09-21T20:20:46","modified_gmt":"2023-09-22T00:20:46","slug":"zulia-gobernacion-apoyara-la-caminata-rosa-xxiii-de-famac","status":"publish","type":"post","link":"https:\/\/digital58.com.ve\/site\/2023\/09\/21\/zulia-gobernacion-apoyara-la-caminata-rosa-xxiii-de-famac\/","title":{"rendered":"#Zulia | Gobernaci\u00f3n apoyar\u00e1 la Caminata Rosa XXIII de Famac"},"content":{"rendered":"<p><a href=\"https:\/\/digital58.com.ve\/site\/wp-content\/uploads\/2023\/09\/famac-2.jpg\"><img loading=\"lazy\" decoding=\"async\" class=\"aligncenter size-full wp-image-170734\" src=\"https:\/\/digital58.com.ve\/site\/wp-content\/uploads\/2023\/09\/famac-2.jpg\" alt=\"\" width=\"800\" height=\"569\" srcset=\"https:\/\/digital58.com.ve\/site\/wp-content\/uploads\/2023\/09\/famac-2.jpg 800w, https:\/\/digital58.com.ve\/site\/wp-content\/uploads\/2023\/09\/famac-2-300x213.jpg 300w, https:\/\/digital58.com.ve\/site\/wp-content\/uploads\/2023\/09\/famac-2-768x546.jpg 768w\" sizes=\"auto, (max-width: 800px) 100vw, 800px\" \/><\/a><\/p>\n<p>Las inscripciones para la Caminata Rosa XXIII de Famac ya est\u00e1n disponibles, a trav\u00e9s de su p\u00e1gina web <strong><a href=\"https:\/\/famac.org.ve\/\" target=\"_blank\" rel=\"noopener\">famac.org.ve<\/a><\/strong>, a un costo solidario de $5.00.<\/p>\n<p><strong>Maracaibo, Zulia, Venezuela, 21 de septiembre de 2023 (ND58).-<\/strong> Con un punto en la Plaza de la Rep\u00fablica, la Gobernaci\u00f3n del estado Zulia apoyar\u00e1 la Caminata Rosa n\u00famero 23 de la Fundaci\u00f3n Amigos de la Mujer con C\u00e1ncer de Mama, Famac, el pr\u00f3ximo 15 de octubre de 2023, a realizarse en la ciudad de Maracaibo.<\/p>\n<p>El secretario del Despacho del Gobernador, Argenis Angulo, se\u00f1al\u00f3 que, una vez m\u00e1s la Gobernaci\u00f3n del Zulia, siguiendo lineamientos del jefe del Ejecutivo regional, Manuel Rosales, dice presente en la Caminata Rosa d Famac apoyando, respaldando la lucha y esfuerzos de la Fama.<\/p>\n<p>\u00abEn esta oportunidad, nuevamente, estaremos en la Caminata Rosa, en coordinaci\u00f3n y liderazgo de la tarima principal, para recibir a todos los que se suman a esta iniciativa, garantizando un evento en paz, tranquilidad y bienestar, a trav\u00e9s de un dispositivo de seguridad a lo largo y ancho del recorrido\u00bb.<\/p>\n<p>Anunci\u00f3 el Secretario del Despacho del Gobernador que la Gobernaci\u00f3n tambi\u00e9n dispondr\u00e1 de cl\u00ednicas m\u00f3viles en todo el recorrido, para brindar servicio de salud y prevenci\u00f3n durante la Caminata Rosa y en un punto clave de hidrataci\u00f3n que estar\u00e1 ubicado en la Plaza de la Rep\u00fablica y, adem\u00e1s, con presencia.<\/p>\n<p>\u00abLa Gobernaci\u00f3n no solo apoyar\u00e1 con log\u00edstica, seguridad y en salud, sino con l\u00edderes acompa\u00f1ando a esta guerreras, a sus familiares y amigos que se suman a esta iniciativa\u00bb.<\/p>\n<p>Por su parte, la presidenta de Famac, M\u00e9lida Plata, invit\u00f3 a la ciudadan\u00eda, amigos todos de esta fundaci\u00f3n, a solidarizarse con esta noble causa y vestir de rosa el domingo 15 de octubre, a las seis de la ma\u00f1ana, participando en la gran caminata que este a\u00f1o aspira reunir unas 10 mil personas, quienes recorrer\u00e1n 10 kil\u00f3metros, partiendo de la Vereda del Lago.<\/p>\n<p>Plata manifest\u00f3 que \u00abel Zulia es un pueblo con un gran coraz\u00f3n, y a trav\u00e9s de los a\u00f1os que tengo en esta fundaci\u00f3n he experimentado esa solidaridad y ese sentimiento de ayudar a los dem\u00e1s. La Gobernaci\u00f3n del Zulia, este a\u00f1o, nos est\u00e1 demostrando su solidaridad, brind\u00e1ndole el apoyo a la Fundaci\u00f3n, en particular a esta Camita Rosa de los amigos de Famac, con un gran punto de apoyo en la Plaza de la Rep\u00fablica, con hidrataci\u00f3n e informaci\u00f3n\u00bb.<\/p>\n<p>Manifest\u00f3 estar segura que la Gobernaci\u00f3n tambi\u00e9n demostrar\u00e1 mucha creatividad y buenas sorpresas para todos los caminantes que nos acompa\u00f1ar\u00e1n la ma\u00f1ana del domingo 15 de octubre. Plata es jubilada del sector educativo de la Gobernaci\u00f3n del estado Zulia y se dedic\u00f3 a esta labor altruista, como apoyo a la mujer con c\u00e1ncer de seno, que este a\u00f1o arriba a sus 23 a\u00f1os de actividades ininterrumpidas.<\/p>\n<p>\u00abInvita a tus familiares, amigos y vecinos. Participa, \u00fanete con determinaci\u00f3n y amor a la lucha contra el c\u00e1ncer de mama\u00bb, dijo agradecida siempre, la presidenta M\u00e9lida Plata<\/p>\n<p><strong>Redacci\u00f3n ND58 | Fuente: Prensa GDZ<\/strong><br \/>\n<strong>Edici\u00f3n: Villasmil, Henry<\/strong><br \/>\n<strong>Gr\u00e1ficas: Juan Guevara<\/strong><\/p>\n<p>&nbsp;<\/p>\n<p>&nbsp;<\/p>\n<p>&nbsp;<\/p><div class=\"doaqu69f468b8f1ba9\" ><p style=\"text-align: center;\"><a href=\"https:\/\/t.me\/noticiasdigital58\" target=\"_blank\" rel=\"noopener\"><img class=\"aligncenter size-full wp-image-125363\" src=\"https:\/\/digital58.com.ve\/site\/wp-content\/uploads\/2021\/04\/banner-telegram-web-2021.png\" alt=\"\" width=\"600\" height=\"90\" \/><\/a><\/p><\/div><style type=\"text\/css\">\r\n@media screen and (min-width: 1201px) {\r\n.doaqu69f468b8f1ba9 {\r\ndisplay: block;\r\n}\r\n}\r\n@media screen and (min-width: 993px) and (max-width: 1200px) {\r\n.doaqu69f468b8f1ba9 {\r\ndisplay: block;\r\n}\r\n}\r\n@media screen and (min-width: 769px) and (max-width: 992px) {\r\n.doaqu69f468b8f1ba9 {\r\ndisplay: block;\r\n}\r\n}\r\n@media screen and (min-width: 768px) and (max-width: 768px) {\r\n.doaqu69f468b8f1ba9 {\r\ndisplay: block;\r\n}\r\n}\r\n@media screen and (max-width: 767px) {\r\n.doaqu69f468b8f1ba9 {\r\ndisplay: block;\r\n}\r\n}\r\n<\/style>\r\n\n<p>&nbsp;<\/p>\n<div style=\"margin-top: 0px; margin-bottom: 0px;\" class=\"sharethis-inline-share-buttons\" ><\/div>","protected":false},"excerpt":{"rendered":"<p>Las inscripciones para la Caminata Rosa XXIII de Famac ya est\u00e1n disponibles, a trav\u00e9s de su p\u00e1gina web famac.org.ve, a<\/p>\n","protected":false},"author":1,"featured_media":170735,"comment_status":"open","ping_status":"closed","sticky":false,"template":"","format":"standard","meta":{"colormag_page_container_layout":"default_layout","colormag_page_sidebar_layout":"default_layout","_uag_custom_page_level_css":"","footnotes":""},"categories":[14504],"tags":[32449,4033,2101,26086,73,233,2354,32],"class_list":["post-170733","post","type-post","status-publish","format-standard","has-post-thumbnail","hentry","category-zulia","tag-caminata-rosa-xxiii","tag-famac","tag-gobernacion-del-zulia","tag-manuel-rosales-guerrero","tag-maracaibo","tag-nacionales","tag-regionales","tag-venezuela"],"yoast_head":"<!-- This site is optimized with the Yoast SEO plugin v27.5 - https:\/\/yoast.com\/product\/yoast-seo-wordpress\/ -->\n<title>#Zulia | Gobernaci\u00f3n apoyar\u00e1 la Caminata Rosa XXIII de Famac<\/title>\n<meta name=\"robots\" content=\"index, follow, max-snippet:-1, max-image-preview:large, max-video-preview:-1\" \/>\n<link rel=\"canonical\" href=\"https:\/\/digital58.com.ve\/site\/2023\/09\/21\/zulia-gobernacion-apoyara-la-caminata-rosa-xxiii-de-famac\/\" \/>\n<meta property=\"og:locale\" content=\"es_ES\" \/>\n<meta property=\"og:type\" content=\"article\" \/>\n<meta property=\"og:title\" content=\"#Zulia | Gobernaci\u00f3n apoyar\u00e1 la Caminata Rosa XXIII de Famac\" \/>\n<meta property=\"og:url\" content=\"https:\/\/digital58.com.ve\/site\/2023\/09\/21\/zulia-gobernacion-apoyara-la-caminata-rosa-xxiii-de-famac\/\" \/>\n<meta property=\"og:site_name\" content=\"Noticias Digital58\" \/>\n<meta property=\"article:published_time\" content=\"2023-09-22T00:20:46+00:00\" \/>\n<meta property=\"og:image\" content=\"https:\/\/i0.wp.com\/digital58.com.ve\/site\/wp-content\/uploads\/2023\/09\/famac-1.jpg?fit=800%2C550&ssl=1\" \/>\n\t<meta property=\"og:image:width\" content=\"800\" \/>\n\t<meta property=\"og:image:height\" content=\"550\" \/>\n\t<meta property=\"og:image:type\" content=\"image\/jpeg\" \/>\n<meta name=\"author\" content=\"Villasmil Henry\" \/>\n<meta name=\"twitter:card\" content=\"summary_large_image\" \/>\n<meta name=\"twitter:creator\" content=\"@https:\/\/twitter.com\/villasmilhfoto\" \/>\n<meta name=\"twitter:site\" content=\"@villasmilhfoto\" \/>\n<meta name=\"twitter:label1\" content=\"Escrito por\" \/>\n\t<meta name=\"twitter:data1\" content=\"Villasmil Henry\" \/>\n\t<meta name=\"twitter:label2\" content=\"Tiempo estimado de lectura\" \/>\n\t<meta name=\"twitter:data2\" content=\"3 minutos\" \/>\n<script type=\"application\/ld+json\" class=\"yoast-schema-graph\">{\"@context\":\"https:\\\/\\\/schema.org\",\"@graph\":[{\"@type\":\"Article\",\"@id\":\"https:\\\/\\\/digital58.com.ve\\\/site\\\/2023\\\/09\\\/21\\\/zulia-gobernacion-apoyara-la-caminata-rosa-xxiii-de-famac\\\/#article\",\"isPartOf\":{\"@id\":\"https:\\\/\\\/digital58.com.ve\\\/site\\\/2023\\\/09\\\/21\\\/zulia-gobernacion-apoyara-la-caminata-rosa-xxiii-de-famac\\\/\"},\"author\":{\"name\":\"Villasmil Henry\",\"@id\":\"https:\\\/\\\/digital58.com.ve\\\/site\\\/#\\\/schema\\\/person\\\/64d1c2e4d0d4fd1b849980c4331c2951\"},\"headline\":\"#Zulia | Gobernaci\u00f3n apoyar\u00e1 la Caminata Rosa XXIII de Famac\",\"datePublished\":\"2023-09-22T00:20:46+00:00\",\"mainEntityOfPage\":{\"@id\":\"https:\\\/\\\/digital58.com.ve\\\/site\\\/2023\\\/09\\\/21\\\/zulia-gobernacion-apoyara-la-caminata-rosa-xxiii-de-famac\\\/\"},\"wordCount\":565,\"commentCount\":0,\"publisher\":{\"@id\":\"https:\\\/\\\/digital58.com.ve\\\/site\\\/#\\\/schema\\\/person\\\/64d1c2e4d0d4fd1b849980c4331c2951\"},\"image\":{\"@id\":\"https:\\\/\\\/digital58.com.ve\\\/site\\\/2023\\\/09\\\/21\\\/zulia-gobernacion-apoyara-la-caminata-rosa-xxiii-de-famac\\\/#primaryimage\"},\"thumbnailUrl\":\"https:\\\/\\\/digital58.com.ve\\\/site\\\/wp-content\\\/uploads\\\/2023\\\/09\\\/famac-1.jpg\",\"keywords\":[\"Caminata Rosa XXIII\",\"Famac\",\"Gobernaci\u00f3n del Zulia\",\"Manuel Rosales Guerrero\",\"Maracaibo\",\"Nacionales\",\"Regionales\",\"Venezuela\"],\"articleSection\":[\"Zulia\"],\"inLanguage\":\"es\",\"potentialAction\":[{\"@type\":\"CommentAction\",\"name\":\"Comment\",\"target\":[\"https:\\\/\\\/digital58.com.ve\\\/site\\\/2023\\\/09\\\/21\\\/zulia-gobernacion-apoyara-la-caminata-rosa-xxiii-de-famac\\\/#respond\"]}]},{\"@type\":\"WebPage\",\"@id\":\"https:\\\/\\\/digital58.com.ve\\\/site\\\/2023\\\/09\\\/21\\\/zulia-gobernacion-apoyara-la-caminata-rosa-xxiii-de-famac\\\/\",\"url\":\"https:\\\/\\\/digital58.com.ve\\\/site\\\/2023\\\/09\\\/21\\\/zulia-gobernacion-apoyara-la-caminata-rosa-xxiii-de-famac\\\/\",\"name\":\"#Zulia | Gobernaci\u00f3n apoyar\u00e1 la Caminata Rosa XXIII de Famac\",\"isPartOf\":{\"@id\":\"https:\\\/\\\/digital58.com.ve\\\/site\\\/#website\"},\"primaryImageOfPage\":{\"@id\":\"https:\\\/\\\/digital58.com.ve\\\/site\\\/2023\\\/09\\\/21\\\/zulia-gobernacion-apoyara-la-caminata-rosa-xxiii-de-famac\\\/#primaryimage\"},\"image\":{\"@id\":\"https:\\\/\\\/digital58.com.ve\\\/site\\\/2023\\\/09\\\/21\\\/zulia-gobernacion-apoyara-la-caminata-rosa-xxiii-de-famac\\\/#primaryimage\"},\"thumbnailUrl\":\"https:\\\/\\\/digital58.com.ve\\\/site\\\/wp-content\\\/uploads\\\/2023\\\/09\\\/famac-1.jpg\",\"datePublished\":\"2023-09-22T00:20:46+00:00\",\"breadcrumb\":{\"@id\":\"https:\\\/\\\/digital58.com.ve\\\/site\\\/2023\\\/09\\\/21\\\/zulia-gobernacion-apoyara-la-caminata-rosa-xxiii-de-famac\\\/#breadcrumb\"},\"inLanguage\":\"es\",\"potentialAction\":[{\"@type\":\"ReadAction\",\"target\":[\"https:\\\/\\\/digital58.com.ve\\\/site\\\/2023\\\/09\\\/21\\\/zulia-gobernacion-apoyara-la-caminata-rosa-xxiii-de-famac\\\/\"]}]},{\"@type\":\"ImageObject\",\"inLanguage\":\"es\",\"@id\":\"https:\\\/\\\/digital58.com.ve\\\/site\\\/2023\\\/09\\\/21\\\/zulia-gobernacion-apoyara-la-caminata-rosa-xxiii-de-famac\\\/#primaryimage\",\"url\":\"https:\\\/\\\/digital58.com.ve\\\/site\\\/wp-content\\\/uploads\\\/2023\\\/09\\\/famac-1.jpg\",\"contentUrl\":\"https:\\\/\\\/digital58.com.ve\\\/site\\\/wp-content\\\/uploads\\\/2023\\\/09\\\/famac-1.jpg\",\"width\":800,\"height\":550},{\"@type\":\"BreadcrumbList\",\"@id\":\"https:\\\/\\\/digital58.com.ve\\\/site\\\/2023\\\/09\\\/21\\\/zulia-gobernacion-apoyara-la-caminata-rosa-xxiii-de-famac\\\/#breadcrumb\",\"itemListElement\":[{\"@type\":\"ListItem\",\"position\":1,\"name\":\"Home\",\"item\":\"https:\\\/\\\/digital58.com.ve\\\/site\\\/\"},{\"@type\":\"ListItem\",\"position\":2,\"name\":\"#Zulia | Gobernaci\u00f3n apoyar\u00e1 la Caminata Rosa XXIII de Famac\"}]},{\"@type\":\"WebSite\",\"@id\":\"https:\\\/\\\/digital58.com.ve\\\/site\\\/#website\",\"url\":\"https:\\\/\\\/digital58.com.ve\\\/site\\\/\",\"name\":\"Noticias Digital58\",\"description\":\"Portal de Noticias \u00a1Periodismo web de verdad! Lanzamiento web 22.11.2005 \\\/ Maracaibo, Venezuela\",\"publisher\":{\"@id\":\"https:\\\/\\\/digital58.com.ve\\\/site\\\/#\\\/schema\\\/person\\\/64d1c2e4d0d4fd1b849980c4331c2951\"},\"alternateName\":\"ND58\",\"potentialAction\":[{\"@type\":\"SearchAction\",\"target\":{\"@type\":\"EntryPoint\",\"urlTemplate\":\"https:\\\/\\\/digital58.com.ve\\\/site\\\/?s={search_term_string}\"},\"query-input\":{\"@type\":\"PropertyValueSpecification\",\"valueRequired\":true,\"valueName\":\"search_term_string\"}}],\"inLanguage\":\"es\"},{\"@type\":[\"Person\",\"Organization\"],\"@id\":\"https:\\\/\\\/digital58.com.ve\\\/site\\\/#\\\/schema\\\/person\\\/64d1c2e4d0d4fd1b849980c4331c2951\",\"name\":\"Villasmil Henry\",\"image\":{\"@type\":\"ImageObject\",\"inLanguage\":\"es\",\"@id\":\"https:\\\/\\\/secure.gravatar.com\\\/avatar\\\/bb0c4a2fcb7970138239f7e404ea75757b1b507b28b5ce4c53fbd62d797c5a7c?s=96&d=mm&r=g\",\"url\":\"https:\\\/\\\/secure.gravatar.com\\\/avatar\\\/bb0c4a2fcb7970138239f7e404ea75757b1b507b28b5ce4c53fbd62d797c5a7c?s=96&d=mm&r=g\",\"contentUrl\":\"https:\\\/\\\/secure.gravatar.com\\\/avatar\\\/bb0c4a2fcb7970138239f7e404ea75757b1b507b28b5ce4c53fbd62d797c5a7c?s=96&d=mm&r=g\",\"caption\":\"Villasmil Henry\"},\"logo\":{\"@id\":\"https:\\\/\\\/secure.gravatar.com\\\/avatar\\\/bb0c4a2fcb7970138239f7e404ea75757b1b507b28b5ce4c53fbd62d797c5a7c?s=96&d=mm&r=g\"},\"sameAs\":[\"http:\\\/\\\/www.henryvillasmil.com.ve\",\"https:\\\/\\\/www.instagram.com\\\/villasmilhfoto\\\/\",\"https:\\\/\\\/x.com\\\/https:\\\/\\\/twitter.com\\\/villasmilhfoto\"],\"url\":\"https:\\\/\\\/digital58.com.ve\\\/site\\\/author\\\/droopy_68\\\/\"}]}<\/script>\n<!-- \/ Yoast SEO plugin. -->","yoast_head_json":{"title":"#Zulia | Gobernaci\u00f3n apoyar\u00e1 la Caminata Rosa XXIII de Famac","robots":{"index":"index","follow":"follow","max-snippet":"max-snippet:-1","max-image-preview":"max-image-preview:large","max-video-preview":"max-video-preview:-1"},"canonical":"https:\/\/digital58.com.ve\/site\/2023\/09\/21\/zulia-gobernacion-apoyara-la-caminata-rosa-xxiii-de-famac\/","og_locale":"es_ES","og_type":"article","og_title":"#Zulia | Gobernaci\u00f3n apoyar\u00e1 la Caminata Rosa XXIII de Famac","og_url":"https:\/\/digital58.com.ve\/site\/2023\/09\/21\/zulia-gobernacion-apoyara-la-caminata-rosa-xxiii-de-famac\/","og_site_name":"Noticias Digital58","article_published_time":"2023-09-22T00:20:46+00:00","og_image":[{"width":800,"height":550,"url":"https:\/\/i0.wp.com\/digital58.com.ve\/site\/wp-content\/uploads\/2023\/09\/famac-1.jpg?fit=800%2C550&ssl=1","type":"image\/jpeg"}],"author":"Villasmil Henry","twitter_card":"summary_large_image","twitter_creator":"@https:\/\/twitter.com\/villasmilhfoto","twitter_site":"@villasmilhfoto","twitter_misc":{"Escrito por":"Villasmil Henry","Tiempo estimado de lectura":"3 minutos"},"schema":{"@context":"https:\/\/schema.org","@graph":[{"@type":"Article","@id":"https:\/\/digital58.com.ve\/site\/2023\/09\/21\/zulia-gobernacion-apoyara-la-caminata-rosa-xxiii-de-famac\/#article","isPartOf":{"@id":"https:\/\/digital58.com.ve\/site\/2023\/09\/21\/zulia-gobernacion-apoyara-la-caminata-rosa-xxiii-de-famac\/"},"author":{"name":"Villasmil Henry","@id":"https:\/\/digital58.com.ve\/site\/#\/schema\/person\/64d1c2e4d0d4fd1b849980c4331c2951"},"headline":"#Zulia | Gobernaci\u00f3n apoyar\u00e1 la Caminata Rosa XXIII de Famac","datePublished":"2023-09-22T00:20:46+00:00","mainEntityOfPage":{"@id":"https:\/\/digital58.com.ve\/site\/2023\/09\/21\/zulia-gobernacion-apoyara-la-caminata-rosa-xxiii-de-famac\/"},"wordCount":565,"commentCount":0,"publisher":{"@id":"https:\/\/digital58.com.ve\/site\/#\/schema\/person\/64d1c2e4d0d4fd1b849980c4331c2951"},"image":{"@id":"https:\/\/digital58.com.ve\/site\/2023\/09\/21\/zulia-gobernacion-apoyara-la-caminata-rosa-xxiii-de-famac\/#primaryimage"},"thumbnailUrl":"https:\/\/digital58.com.ve\/site\/wp-content\/uploads\/2023\/09\/famac-1.jpg","keywords":["Caminata Rosa XXIII","Famac","Gobernaci\u00f3n del Zulia","Manuel Rosales Guerrero","Maracaibo","Nacionales","Regionales","Venezuela"],"articleSection":["Zulia"],"inLanguage":"es","potentialAction":[{"@type":"CommentAction","name":"Comment","target":["https:\/\/digital58.com.ve\/site\/2023\/09\/21\/zulia-gobernacion-apoyara-la-caminata-rosa-xxiii-de-famac\/#respond"]}]},{"@type":"WebPage","@id":"https:\/\/digital58.com.ve\/site\/2023\/09\/21\/zulia-gobernacion-apoyara-la-caminata-rosa-xxiii-de-famac\/","url":"https:\/\/digital58.com.ve\/site\/2023\/09\/21\/zulia-gobernacion-apoyara-la-caminata-rosa-xxiii-de-famac\/","name":"#Zulia | Gobernaci\u00f3n apoyar\u00e1 la Caminata Rosa XXIII de Famac","isPartOf":{"@id":"https:\/\/digital58.com.ve\/site\/#website"},"primaryImageOfPage":{"@id":"https:\/\/digital58.com.ve\/site\/2023\/09\/21\/zulia-gobernacion-apoyara-la-caminata-rosa-xxiii-de-famac\/#primaryimage"},"image":{"@id":"https:\/\/digital58.com.ve\/site\/2023\/09\/21\/zulia-gobernacion-apoyara-la-caminata-rosa-xxiii-de-famac\/#primaryimage"},"thumbnailUrl":"https:\/\/digital58.com.ve\/site\/wp-content\/uploads\/2023\/09\/famac-1.jpg","datePublished":"2023-09-22T00:20:46+00:00","breadcrumb":{"@id":"https:\/\/digital58.com.ve\/site\/2023\/09\/21\/zulia-gobernacion-apoyara-la-caminata-rosa-xxiii-de-famac\/#breadcrumb"},"inLanguage":"es","potentialAction":[{"@type":"ReadAction","target":["https:\/\/digital58.com.ve\/site\/2023\/09\/21\/zulia-gobernacion-apoyara-la-caminata-rosa-xxiii-de-famac\/"]}]},{"@type":"ImageObject","inLanguage":"es","@id":"https:\/\/digital58.com.ve\/site\/2023\/09\/21\/zulia-gobernacion-apoyara-la-caminata-rosa-xxiii-de-famac\/#primaryimage","url":"https:\/\/digital58.com.ve\/site\/wp-content\/uploads\/2023\/09\/famac-1.jpg","contentUrl":"https:\/\/digital58.com.ve\/site\/wp-content\/uploads\/2023\/09\/famac-1.jpg","width":800,"height":550},{"@type":"BreadcrumbList","@id":"https:\/\/digital58.com.ve\/site\/2023\/09\/21\/zulia-gobernacion-apoyara-la-caminata-rosa-xxiii-de-famac\/#breadcrumb","itemListElement":[{"@type":"ListItem","position":1,"name":"Home","item":"https:\/\/digital58.com.ve\/site\/"},{"@type":"ListItem","position":2,"name":"#Zulia | Gobernaci\u00f3n apoyar\u00e1 la Caminata Rosa XXIII de Famac"}]},{"@type":"WebSite","@id":"https:\/\/digital58.com.ve\/site\/#website","url":"https:\/\/digital58.com.ve\/site\/","name":"Noticias Digital58","description":"Portal de Noticias \u00a1Periodismo web de verdad! Lanzamiento web 22.11.2005 \/ Maracaibo, Venezuela","publisher":{"@id":"https:\/\/digital58.com.ve\/site\/#\/schema\/person\/64d1c2e4d0d4fd1b849980c4331c2951"},"alternateName":"ND58","potentialAction":[{"@type":"SearchAction","target":{"@type":"EntryPoint","urlTemplate":"https:\/\/digital58.com.ve\/site\/?s={search_term_string}"},"query-input":{"@type":"PropertyValueSpecification","valueRequired":true,"valueName":"search_term_string"}}],"inLanguage":"es"},{"@type":["Person","Organization"],"@id":"https:\/\/digital58.com.ve\/site\/#\/schema\/person\/64d1c2e4d0d4fd1b849980c4331c2951","name":"Villasmil Henry","image":{"@type":"ImageObject","inLanguage":"es","@id":"https:\/\/secure.gravatar.com\/avatar\/bb0c4a2fcb7970138239f7e404ea75757b1b507b28b5ce4c53fbd62d797c5a7c?s=96&d=mm&r=g","url":"https:\/\/secure.gravatar.com\/avatar\/bb0c4a2fcb7970138239f7e404ea75757b1b507b28b5ce4c53fbd62d797c5a7c?s=96&d=mm&r=g","contentUrl":"https:\/\/secure.gravatar.com\/avatar\/bb0c4a2fcb7970138239f7e404ea75757b1b507b28b5ce4c53fbd62d797c5a7c?s=96&d=mm&r=g","caption":"Villasmil Henry"},"logo":{"@id":"https:\/\/secure.gravatar.com\/avatar\/bb0c4a2fcb7970138239f7e404ea75757b1b507b28b5ce4c53fbd62d797c5a7c?s=96&d=mm&r=g"},"sameAs":["http:\/\/www.henryvillasmil.com.ve","https:\/\/www.instagram.com\/villasmilhfoto\/","https:\/\/x.com\/https:\/\/twitter.com\/villasmilhfoto"],"url":"https:\/\/digital58.com.ve\/site\/author\/droopy_68\/"}]}},"uagb_featured_image_src":{"full":["https:\/\/digital58.com.ve\/site\/wp-content\/uploads\/2023\/09\/famac-1.jpg",800,550,false],"thumbnail":["https:\/\/digital58.com.ve\/site\/wp-content\/uploads\/2023\/09\/famac-1-150x150.jpg",150,150,true],"medium":["https:\/\/digital58.com.ve\/site\/wp-content\/uploads\/2023\/09\/famac-1-300x206.jpg",300,206,true],"medium_large":["https:\/\/digital58.com.ve\/site\/wp-content\/uploads\/2023\/09\/famac-1-768x528.jpg",768,528,true],"large":["https:\/\/digital58.com.ve\/site\/wp-content\/uploads\/2023\/09\/famac-1.jpg",800,550,false],"1536x1536":["https:\/\/digital58.com.ve\/site\/wp-content\/uploads\/2023\/09\/famac-1.jpg",800,550,false],"2048x2048":["https:\/\/digital58.com.ve\/site\/wp-content\/uploads\/2023\/09\/famac-1.jpg",800,550,false],"colormag-highlighted-post":["https:\/\/digital58.com.ve\/site\/wp-content\/uploads\/2023\/09\/famac-1-392x272.jpg",392,272,true],"colormag-featured-post-medium":["https:\/\/digital58.com.ve\/site\/wp-content\/uploads\/2023\/09\/famac-1-390x205.jpg",390,205,true],"colormag-featured-post-small":["https:\/\/digital58.com.ve\/site\/wp-content\/uploads\/2023\/09\/famac-1-130x90.jpg",130,90,true],"colormag-featured-image":["https:\/\/digital58.com.ve\/site\/wp-content\/uploads\/2023\/09\/famac-1-800x445.jpg",800,445,true],"colormag-default-news":["https:\/\/digital58.com.ve\/site\/wp-content\/uploads\/2023\/09\/famac-1-150x150.jpg",150,150,true],"colormag-featured-image-large":["https:\/\/digital58.com.ve\/site\/wp-content\/uploads\/2023\/09\/famac-1.jpg",800,550,false]},"uagb_author_info":{"display_name":"Villasmil Henry","author_link":"https:\/\/digital58.com.ve\/site\/author\/droopy_68\/"},"uagb_comment_info":0,"uagb_excerpt":"Las inscripciones para la Caminata Rosa XXIII de Famac ya est\u00e1n disponibles, a trav\u00e9s de su p\u00e1gina web famac.org.ve, a","_links":{"self":[{"href":"https:\/\/digital58.com.ve\/site\/wp-json\/wp\/v2\/posts\/170733","targetHints":{"allow":["GET"]}}],"collection":[{"href":"https:\/\/digital58.com.ve\/site\/wp-json\/wp\/v2\/posts"}],"about":[{"href":"https:\/\/digital58.com.ve\/site\/wp-json\/wp\/v2\/types\/post"}],"author":[{"embeddable":true,"href":"https:\/\/digital58.com.ve\/site\/wp-json\/wp\/v2\/users\/1"}],"replies":[{"embeddable":true,"href":"https:\/\/digital58.com.ve\/site\/wp-json\/wp\/v2\/comments?post=170733"}],"version-history":[{"count":1,"href":"https:\/\/digital58.com.ve\/site\/wp-json\/wp\/v2\/posts\/170733\/revisions"}],"predecessor-version":[{"id":170736,"href":"https:\/\/digital58.com.ve\/site\/wp-json\/wp\/v2\/posts\/170733\/revisions\/170736"}],"wp:featuredmedia":[{"embeddable":true,"href":"https:\/\/digital58.com.ve\/site\/wp-json\/wp\/v2\/media\/170735"}],"wp:attachment":[{"href":"https:\/\/digital58.com.ve\/site\/wp-json\/wp\/v2\/media?parent=170733"}],"wp:term":[{"taxonomy":"category","embeddable":true,"href":"https:\/\/digital58.com.ve\/site\/wp-json\/wp\/v2\/categories?post=170733"},{"taxonomy":"post_tag","embeddable":true,"href":"https:\/\/digital58.com.ve\/site\/wp-json\/wp\/v2\/tags?post=170733"}],"curies":[{"name":"wp","href":"https:\/\/api.w.org\/{rel}","templated":true}]}}