{"id":170847,"date":"2023-09-25T11:42:37","date_gmt":"2023-09-25T15:42:37","guid":{"rendered":"https:\/\/digital58.com.ve\/site\/?p=170847"},"modified":"2023-09-25T11:42:37","modified_gmt":"2023-09-25T15:42:37","slug":"zulia-comision-presidencial-para-el-rescate-del-lago-de-maracaibo-desplego-saneamiento-y-limpieza-en-la-comunidad-danilo-anderson","status":"publish","type":"post","link":"https:\/\/digital58.com.ve\/site\/2023\/09\/25\/zulia-comision-presidencial-para-el-rescate-del-lago-de-maracaibo-desplego-saneamiento-y-limpieza-en-la-comunidad-danilo-anderson\/","title":{"rendered":"#Zulia | Comisi\u00f3n Presidencial para el Rescate del Lago de Maracaibo despleg\u00f3 saneamiento y limpieza en la comunidad Danilo Anderson"},"content":{"rendered":"<p><a href=\"https:\/\/digital58.com.ve\/site\/wp-content\/uploads\/2023\/09\/WhatsApp-Image-2023-09-16-at-9.50.00-PM-1.jpeg\"><img loading=\"lazy\" decoding=\"async\" class=\"aligncenter size-full wp-image-170848\" src=\"https:\/\/digital58.com.ve\/site\/wp-content\/uploads\/2023\/09\/WhatsApp-Image-2023-09-16-at-9.50.00-PM-1.jpeg\" alt=\"\" width=\"1280\" height=\"853\" srcset=\"https:\/\/digital58.com.ve\/site\/wp-content\/uploads\/2023\/09\/WhatsApp-Image-2023-09-16-at-9.50.00-PM-1.jpeg 1280w, https:\/\/digital58.com.ve\/site\/wp-content\/uploads\/2023\/09\/WhatsApp-Image-2023-09-16-at-9.50.00-PM-1-300x200.jpeg 300w, https:\/\/digital58.com.ve\/site\/wp-content\/uploads\/2023\/09\/WhatsApp-Image-2023-09-16-at-9.50.00-PM-1-1000x666.jpeg 1000w, https:\/\/digital58.com.ve\/site\/wp-content\/uploads\/2023\/09\/WhatsApp-Image-2023-09-16-at-9.50.00-PM-1-768x512.jpeg 768w\" sizes=\"auto, (max-width: 1280px) 100vw, 1280px\" \/><\/a><\/p>\n<p>El viceministro de Gesti\u00f3n del Ambiente del Ministerio del Poder Popular para el Ecosocialismo (Minec), Hern\u00e1n Toro, se\u00f1al\u00f3 que se procedi\u00f3 con una gran avanzada de mujeres y hombres.<\/p>\n<p><strong>Maracaibo, Zulia, Venezuela, 25 de septiembre de 2023 (ND58).-<\/strong> La Comisi\u00f3n Presidencial para el Rescate, Conservaci\u00f3n y Desarrollo Sostenible del Lago de Maracaibo, coordin\u00f3 las acciones y equipos de trabajo que abordaron el pasado s\u00e1bado 16 de septiembre la comunidad Danilo Anderson, de la parroquia Cristo de Aranza en el municipio Maracaibo del estado Zulia, para llevar a cabo una jornada m\u00e1s de limpieza y saneamiento de las orillas del lago en el marco del D\u00eda Mundial de las Playas.<\/p>\n<p>\u00abHoy estamos con la Fuerza Armada Nacional Bolivariana (FANB), el Instituto para el Control y la Conservaci\u00f3n de la Cuenca del Lago de Maracaibo (Iclam) y sus trabajadores, despertando conciencia en las comunidades. Avanzamos con esta gran tarea y reto que supone el saneamiento del lago de Maracaibo\u00bb, indic\u00f3 Hern\u00e1n Toro, viceministro de Gesti\u00f3n del Ambiente del Ministerio del Poder Popular para el Ecosocialismo.<\/p>\n<p>Record\u00f3 que \u00ablo fundamental que se ha precisado en el Plan Maestro es la recolecci\u00f3n de los desechos s\u00f3lidos de las orillas del lago y adem\u00e1s, aprovechamos en el sitio de realizar el levantamiento t\u00e9cnico para poder con maquinaria y equipos, profundizar en la limpieza de esta \u00e1rea\u00bb.<\/p>\n<p>\u00abEstamos despertando conciencia, sensibilizando a la poblaci\u00f3n para que se integren y por eso hoy vemos m\u00e1s de 100 personas concentradas con equipos y disposici\u00f3n\u00bb, coment\u00f3.<\/p>\n<p>Precis\u00f3 que, \u00abdespertamos el amor hacia el Lago de Maracaibo, que todos nos involucremos y participemos\u00bb.<\/p>\n<p>\u00abVemos la acci\u00f3n de las Mesas T\u00e9cnicas de Reciclaje y Aseo (Metras), que se agrupan, adem\u00e1s para promover la econom\u00eda circular\u00bb, afirm\u00f3.<\/p>\n<p>Destac\u00f3 que, \u00abnosotros no venimos a mover desechos solamente, tambi\u00e9n venimos a encadenar productivamente este proceso, que los consejos comunales, las comunas y las Metras puedan capitalizar toda la labor que se est\u00e1 realizando\u00bb.<\/p>\n<p><strong>Evaluaci\u00f3n del \u00e1rea<\/strong><\/p>\n<p>En una evaluaci\u00f3n ambiental se determin\u00f3 que en el \u00e1rea existen cinco h\u00e1bitats de vegetaci\u00f3n: ribere\u00f1a, herbazales, matorrales bajos, ambiente acu\u00e1tico y suelos desnudos. Entre la vegetaci\u00f3n figura el mangle blanco y cremon.<\/p>\n<p>En estas zonas se pudieron observar 20 especies de aves, de las cuales tres son de h\u00e1bitos migratorios que utilizan este sistema lagunar como sitio de alimentaci\u00f3n y descanso.<\/p>\n<p>En cuanto a los mam\u00edferos, pudieran estar presentes algunas especies de murci\u00e9lagos y roedores<\/p>\n<p>Durante la valoraci\u00f3n del sitio participaron los bi\u00f3logos Olga Castej\u00f3n y Fidel Escola, y los ingenieros Engibert Graterol y Larry Power.<\/p>\n<p>Por su parte, la lideresa de la comunidad Danilo Anderson, Jhoana Morales, participante en la recolecci\u00f3n de los desechos s\u00f3lidos, dijo que, \u00abavanzamos con la idea de tener conciencia con mensajes a la comunidad\u00bb.<\/p>\n<p>\u00abNos acompa\u00f1a la comunidad Ram\u00f3n Uzc\u00e1tegui y la gente de los edificios Kimura, todos aportamos en la limpieza el Lago de Maracaibo. Hay que tener conciencia y les pido a todos que nos unamos, recojamos la basura en bolsitas. Tenemos que organizarnos\u00bb, manifest\u00f3 Morales.<\/p>\n<p>Entretanto, el presidente del Iclam, G\/D Castor Vicente P\u00e9rez Leal, asegur\u00f3 que el rescate del lago implica \u00abir a las comunidades, ir a los sitios, inspeccionar, recoger y actuar, algo que no es f\u00e1cil, pero es un proceso acumulativo\u00bb.<\/p>\n<p>\u00abEstamos todos en conjunto, FANB, comunidades, instituciones y los equipos de gobiernos, todos bajo las orientaciones del presidente Nicol\u00e1s Maduro, cumpliendo y haciendo el trabajo requerido porque el \u00a1Lago de Maracaibo es del Zulia!\u00bb, apunt\u00f3.<\/p>\n<p><strong>Redacci\u00f3n ND58 | Fuente: Prensa Ecosocialismo (Minec)<\/strong><br \/>\n<strong>Edici\u00f3n: Villasmil, Henry<\/strong><br \/>\n<strong>Gr\u00e1ficas: Cortes\u00eda Minec<\/strong><\/p>\n<p>&nbsp;<\/p><div class=\"fskti69eddf7279684\" ><p style=\"text-align: center;\"><a href=\"https:\/\/t.me\/noticiasdigital58\" target=\"_blank\" rel=\"noopener\"><img class=\"aligncenter size-full wp-image-125363\" src=\"https:\/\/digital58.com.ve\/site\/wp-content\/uploads\/2021\/04\/banner-telegram-web-2021.png\" alt=\"\" width=\"600\" height=\"90\" \/><\/a><\/p><\/div><style type=\"text\/css\">\r\n@media screen and (min-width: 1201px) {\r\n.fskti69eddf7279684 {\r\ndisplay: block;\r\n}\r\n}\r\n@media screen and (min-width: 993px) and (max-width: 1200px) {\r\n.fskti69eddf7279684 {\r\ndisplay: block;\r\n}\r\n}\r\n@media screen and (min-width: 769px) and (max-width: 992px) {\r\n.fskti69eddf7279684 {\r\ndisplay: block;\r\n}\r\n}\r\n@media screen and (min-width: 768px) and (max-width: 768px) {\r\n.fskti69eddf7279684 {\r\ndisplay: block;\r\n}\r\n}\r\n@media screen and (max-width: 767px) {\r\n.fskti69eddf7279684 {\r\ndisplay: block;\r\n}\r\n}\r\n<\/style>\r\n\n<p>&nbsp;<\/p>\n<div style=\"margin-top: 0px; margin-bottom: 0px;\" class=\"sharethis-inline-share-buttons\" ><\/div>","protected":false},"excerpt":{"rendered":"<p>El viceministro de Gesti\u00f3n del Ambiente del Ministerio del Poder Popular para el Ecosocialismo (Minec), Hern\u00e1n Toro, se\u00f1al\u00f3 que se<\/p>\n","protected":false},"author":1,"featured_media":170848,"comment_status":"open","ping_status":"closed","sticky":false,"template":"","format":"standard","meta":{"colormag_page_container_layout":"default_layout","colormag_page_sidebar_layout":"default_layout","_uag_custom_page_level_css":"","footnotes":""},"categories":[14504],"tags":[3166,32481,4762,73,9151,32019,32480,233,14217,2354,32],"class_list":["post-170847","post","type-post","status-publish","format-standard","has-post-thumbnail","hentry","category-zulia","tag-dia-mundial-de-las-playas","tag-hernan-toro","tag-lago-de-maracaibo","tag-maracaibo","tag-medioambiente","tag-minec","tag-ministerio-del-poder-popular-para-el-ecosocialismo","tag-nacionales","tag-parroquia-cristo-de-aranza","tag-regionales","tag-venezuela"],"yoast_head":"<!-- This site is optimized with the Yoast SEO plugin v27.4 - https:\/\/yoast.com\/product\/yoast-seo-wordpress\/ -->\n<title>#Zulia | Comisi\u00f3n Presidencial para el Rescate del Lago de Maracaibo despleg\u00f3 saneamiento y limpieza en la comunidad Danilo Anderson<\/title>\n<meta name=\"robots\" content=\"index, follow, max-snippet:-1, max-image-preview:large, max-video-preview:-1\" \/>\n<link rel=\"canonical\" href=\"https:\/\/digital58.com.ve\/site\/2023\/09\/25\/zulia-comision-presidencial-para-el-rescate-del-lago-de-maracaibo-desplego-saneamiento-y-limpieza-en-la-comunidad-danilo-anderson\/\" \/>\n<meta property=\"og:locale\" content=\"es_ES\" \/>\n<meta property=\"og:type\" content=\"article\" \/>\n<meta property=\"og:title\" content=\"#Zulia | Comisi\u00f3n Presidencial para el Rescate del Lago de Maracaibo despleg\u00f3 saneamiento y limpieza en la comunidad Danilo Anderson\" \/>\n<meta property=\"og:url\" content=\"https:\/\/digital58.com.ve\/site\/2023\/09\/25\/zulia-comision-presidencial-para-el-rescate-del-lago-de-maracaibo-desplego-saneamiento-y-limpieza-en-la-comunidad-danilo-anderson\/\" \/>\n<meta property=\"og:site_name\" content=\"Noticias Digital58\" \/>\n<meta property=\"article:published_time\" content=\"2023-09-25T15:42:37+00:00\" \/>\n<meta property=\"og:image\" content=\"https:\/\/i0.wp.com\/digital58.com.ve\/site\/wp-content\/uploads\/2023\/09\/WhatsApp-Image-2023-09-16-at-9.50.00-PM-1.jpeg?fit=1280%2C853&ssl=1\" \/>\n\t<meta property=\"og:image:width\" content=\"1280\" \/>\n\t<meta property=\"og:image:height\" content=\"853\" \/>\n\t<meta property=\"og:image:type\" content=\"image\/jpeg\" \/>\n<meta name=\"author\" content=\"Villasmil Henry\" \/>\n<meta name=\"twitter:card\" content=\"summary_large_image\" \/>\n<meta name=\"twitter:creator\" content=\"@https:\/\/twitter.com\/villasmilhfoto\" \/>\n<meta name=\"twitter:site\" content=\"@villasmilhfoto\" \/>\n<meta name=\"twitter:label1\" content=\"Escrito por\" \/>\n\t<meta name=\"twitter:data1\" content=\"Villasmil Henry\" \/>\n\t<meta name=\"twitter:label2\" content=\"Tiempo estimado de lectura\" \/>\n\t<meta name=\"twitter:data2\" content=\"3 minutos\" \/>\n<script type=\"application\/ld+json\" class=\"yoast-schema-graph\">{\"@context\":\"https:\\\/\\\/schema.org\",\"@graph\":[{\"@type\":\"Article\",\"@id\":\"https:\\\/\\\/digital58.com.ve\\\/site\\\/2023\\\/09\\\/25\\\/zulia-comision-presidencial-para-el-rescate-del-lago-de-maracaibo-desplego-saneamiento-y-limpieza-en-la-comunidad-danilo-anderson\\\/#article\",\"isPartOf\":{\"@id\":\"https:\\\/\\\/digital58.com.ve\\\/site\\\/2023\\\/09\\\/25\\\/zulia-comision-presidencial-para-el-rescate-del-lago-de-maracaibo-desplego-saneamiento-y-limpieza-en-la-comunidad-danilo-anderson\\\/\"},\"author\":{\"name\":\"Villasmil Henry\",\"@id\":\"https:\\\/\\\/digital58.com.ve\\\/site\\\/#\\\/schema\\\/person\\\/64d1c2e4d0d4fd1b849980c4331c2951\"},\"headline\":\"#Zulia | Comisi\u00f3n Presidencial para el Rescate del Lago de Maracaibo despleg\u00f3 saneamiento y limpieza en la comunidad Danilo Anderson\",\"datePublished\":\"2023-09-25T15:42:37+00:00\",\"mainEntityOfPage\":{\"@id\":\"https:\\\/\\\/digital58.com.ve\\\/site\\\/2023\\\/09\\\/25\\\/zulia-comision-presidencial-para-el-rescate-del-lago-de-maracaibo-desplego-saneamiento-y-limpieza-en-la-comunidad-danilo-anderson\\\/\"},\"wordCount\":651,\"commentCount\":0,\"publisher\":{\"@id\":\"https:\\\/\\\/digital58.com.ve\\\/site\\\/#\\\/schema\\\/person\\\/64d1c2e4d0d4fd1b849980c4331c2951\"},\"image\":{\"@id\":\"https:\\\/\\\/digital58.com.ve\\\/site\\\/2023\\\/09\\\/25\\\/zulia-comision-presidencial-para-el-rescate-del-lago-de-maracaibo-desplego-saneamiento-y-limpieza-en-la-comunidad-danilo-anderson\\\/#primaryimage\"},\"thumbnailUrl\":\"https:\\\/\\\/digital58.com.ve\\\/site\\\/wp-content\\\/uploads\\\/2023\\\/09\\\/WhatsApp-Image-2023-09-16-at-9.50.00-PM-1.jpeg\",\"keywords\":[\"D\u00eda Mundial de las Playas\",\"Hern\u00e1n Toro\",\"Lago de Maracaibo\",\"Maracaibo\",\"Medioambiente\",\"Minec\",\"Ministerio del Poder Popular para el Ecosocialismo\",\"Nacionales\",\"Parroquia cristo de aranza\",\"Regionales\",\"Venezuela\"],\"articleSection\":[\"Zulia\"],\"inLanguage\":\"es\",\"potentialAction\":[{\"@type\":\"CommentAction\",\"name\":\"Comment\",\"target\":[\"https:\\\/\\\/digital58.com.ve\\\/site\\\/2023\\\/09\\\/25\\\/zulia-comision-presidencial-para-el-rescate-del-lago-de-maracaibo-desplego-saneamiento-y-limpieza-en-la-comunidad-danilo-anderson\\\/#respond\"]}]},{\"@type\":\"WebPage\",\"@id\":\"https:\\\/\\\/digital58.com.ve\\\/site\\\/2023\\\/09\\\/25\\\/zulia-comision-presidencial-para-el-rescate-del-lago-de-maracaibo-desplego-saneamiento-y-limpieza-en-la-comunidad-danilo-anderson\\\/\",\"url\":\"https:\\\/\\\/digital58.com.ve\\\/site\\\/2023\\\/09\\\/25\\\/zulia-comision-presidencial-para-el-rescate-del-lago-de-maracaibo-desplego-saneamiento-y-limpieza-en-la-comunidad-danilo-anderson\\\/\",\"name\":\"#Zulia | Comisi\u00f3n Presidencial para el Rescate del Lago de Maracaibo despleg\u00f3 saneamiento y limpieza en la comunidad Danilo Anderson\",\"isPartOf\":{\"@id\":\"https:\\\/\\\/digital58.com.ve\\\/site\\\/#website\"},\"primaryImageOfPage\":{\"@id\":\"https:\\\/\\\/digital58.com.ve\\\/site\\\/2023\\\/09\\\/25\\\/zulia-comision-presidencial-para-el-rescate-del-lago-de-maracaibo-desplego-saneamiento-y-limpieza-en-la-comunidad-danilo-anderson\\\/#primaryimage\"},\"image\":{\"@id\":\"https:\\\/\\\/digital58.com.ve\\\/site\\\/2023\\\/09\\\/25\\\/zulia-comision-presidencial-para-el-rescate-del-lago-de-maracaibo-desplego-saneamiento-y-limpieza-en-la-comunidad-danilo-anderson\\\/#primaryimage\"},\"thumbnailUrl\":\"https:\\\/\\\/digital58.com.ve\\\/site\\\/wp-content\\\/uploads\\\/2023\\\/09\\\/WhatsApp-Image-2023-09-16-at-9.50.00-PM-1.jpeg\",\"datePublished\":\"2023-09-25T15:42:37+00:00\",\"breadcrumb\":{\"@id\":\"https:\\\/\\\/digital58.com.ve\\\/site\\\/2023\\\/09\\\/25\\\/zulia-comision-presidencial-para-el-rescate-del-lago-de-maracaibo-desplego-saneamiento-y-limpieza-en-la-comunidad-danilo-anderson\\\/#breadcrumb\"},\"inLanguage\":\"es\",\"potentialAction\":[{\"@type\":\"ReadAction\",\"target\":[\"https:\\\/\\\/digital58.com.ve\\\/site\\\/2023\\\/09\\\/25\\\/zulia-comision-presidencial-para-el-rescate-del-lago-de-maracaibo-desplego-saneamiento-y-limpieza-en-la-comunidad-danilo-anderson\\\/\"]}]},{\"@type\":\"ImageObject\",\"inLanguage\":\"es\",\"@id\":\"https:\\\/\\\/digital58.com.ve\\\/site\\\/2023\\\/09\\\/25\\\/zulia-comision-presidencial-para-el-rescate-del-lago-de-maracaibo-desplego-saneamiento-y-limpieza-en-la-comunidad-danilo-anderson\\\/#primaryimage\",\"url\":\"https:\\\/\\\/digital58.com.ve\\\/site\\\/wp-content\\\/uploads\\\/2023\\\/09\\\/WhatsApp-Image-2023-09-16-at-9.50.00-PM-1.jpeg\",\"contentUrl\":\"https:\\\/\\\/digital58.com.ve\\\/site\\\/wp-content\\\/uploads\\\/2023\\\/09\\\/WhatsApp-Image-2023-09-16-at-9.50.00-PM-1.jpeg\",\"width\":1280,\"height\":853},{\"@type\":\"BreadcrumbList\",\"@id\":\"https:\\\/\\\/digital58.com.ve\\\/site\\\/2023\\\/09\\\/25\\\/zulia-comision-presidencial-para-el-rescate-del-lago-de-maracaibo-desplego-saneamiento-y-limpieza-en-la-comunidad-danilo-anderson\\\/#breadcrumb\",\"itemListElement\":[{\"@type\":\"ListItem\",\"position\":1,\"name\":\"Home\",\"item\":\"https:\\\/\\\/digital58.com.ve\\\/site\\\/\"},{\"@type\":\"ListItem\",\"position\":2,\"name\":\"#Zulia | Comisi\u00f3n Presidencial para el Rescate del Lago de Maracaibo despleg\u00f3 saneamiento y limpieza en la comunidad Danilo Anderson\"}]},{\"@type\":\"WebSite\",\"@id\":\"https:\\\/\\\/digital58.com.ve\\\/site\\\/#website\",\"url\":\"https:\\\/\\\/digital58.com.ve\\\/site\\\/\",\"name\":\"Noticias Digital58\",\"description\":\"Portal de Noticias \u00a1Periodismo web de verdad! Lanzamiento web 22.11.2005 \\\/ Maracaibo, Venezuela\",\"publisher\":{\"@id\":\"https:\\\/\\\/digital58.com.ve\\\/site\\\/#\\\/schema\\\/person\\\/64d1c2e4d0d4fd1b849980c4331c2951\"},\"alternateName\":\"ND58\",\"potentialAction\":[{\"@type\":\"SearchAction\",\"target\":{\"@type\":\"EntryPoint\",\"urlTemplate\":\"https:\\\/\\\/digital58.com.ve\\\/site\\\/?s={search_term_string}\"},\"query-input\":{\"@type\":\"PropertyValueSpecification\",\"valueRequired\":true,\"valueName\":\"search_term_string\"}}],\"inLanguage\":\"es\"},{\"@type\":[\"Person\",\"Organization\"],\"@id\":\"https:\\\/\\\/digital58.com.ve\\\/site\\\/#\\\/schema\\\/person\\\/64d1c2e4d0d4fd1b849980c4331c2951\",\"name\":\"Villasmil Henry\",\"image\":{\"@type\":\"ImageObject\",\"inLanguage\":\"es\",\"@id\":\"https:\\\/\\\/secure.gravatar.com\\\/avatar\\\/bb0c4a2fcb7970138239f7e404ea75757b1b507b28b5ce4c53fbd62d797c5a7c?s=96&d=mm&r=g\",\"url\":\"https:\\\/\\\/secure.gravatar.com\\\/avatar\\\/bb0c4a2fcb7970138239f7e404ea75757b1b507b28b5ce4c53fbd62d797c5a7c?s=96&d=mm&r=g\",\"contentUrl\":\"https:\\\/\\\/secure.gravatar.com\\\/avatar\\\/bb0c4a2fcb7970138239f7e404ea75757b1b507b28b5ce4c53fbd62d797c5a7c?s=96&d=mm&r=g\",\"caption\":\"Villasmil Henry\"},\"logo\":{\"@id\":\"https:\\\/\\\/secure.gravatar.com\\\/avatar\\\/bb0c4a2fcb7970138239f7e404ea75757b1b507b28b5ce4c53fbd62d797c5a7c?s=96&d=mm&r=g\"},\"sameAs\":[\"http:\\\/\\\/www.henryvillasmil.com.ve\",\"https:\\\/\\\/www.instagram.com\\\/villasmilhfoto\\\/\",\"https:\\\/\\\/x.com\\\/https:\\\/\\\/twitter.com\\\/villasmilhfoto\"],\"url\":\"https:\\\/\\\/digital58.com.ve\\\/site\\\/author\\\/droopy_68\\\/\"}]}<\/script>\n<!-- \/ Yoast SEO plugin. -->","yoast_head_json":{"title":"#Zulia | Comisi\u00f3n Presidencial para el Rescate del Lago de Maracaibo despleg\u00f3 saneamiento y limpieza en la comunidad Danilo Anderson","robots":{"index":"index","follow":"follow","max-snippet":"max-snippet:-1","max-image-preview":"max-image-preview:large","max-video-preview":"max-video-preview:-1"},"canonical":"https:\/\/digital58.com.ve\/site\/2023\/09\/25\/zulia-comision-presidencial-para-el-rescate-del-lago-de-maracaibo-desplego-saneamiento-y-limpieza-en-la-comunidad-danilo-anderson\/","og_locale":"es_ES","og_type":"article","og_title":"#Zulia | Comisi\u00f3n Presidencial para el Rescate del Lago de Maracaibo despleg\u00f3 saneamiento y limpieza en la comunidad Danilo Anderson","og_url":"https:\/\/digital58.com.ve\/site\/2023\/09\/25\/zulia-comision-presidencial-para-el-rescate-del-lago-de-maracaibo-desplego-saneamiento-y-limpieza-en-la-comunidad-danilo-anderson\/","og_site_name":"Noticias Digital58","article_published_time":"2023-09-25T15:42:37+00:00","og_image":[{"width":1280,"height":853,"url":"https:\/\/i0.wp.com\/digital58.com.ve\/site\/wp-content\/uploads\/2023\/09\/WhatsApp-Image-2023-09-16-at-9.50.00-PM-1.jpeg?fit=1280%2C853&ssl=1","type":"image\/jpeg"}],"author":"Villasmil Henry","twitter_card":"summary_large_image","twitter_creator":"@https:\/\/twitter.com\/villasmilhfoto","twitter_site":"@villasmilhfoto","twitter_misc":{"Escrito por":"Villasmil Henry","Tiempo estimado de lectura":"3 minutos"},"schema":{"@context":"https:\/\/schema.org","@graph":[{"@type":"Article","@id":"https:\/\/digital58.com.ve\/site\/2023\/09\/25\/zulia-comision-presidencial-para-el-rescate-del-lago-de-maracaibo-desplego-saneamiento-y-limpieza-en-la-comunidad-danilo-anderson\/#article","isPartOf":{"@id":"https:\/\/digital58.com.ve\/site\/2023\/09\/25\/zulia-comision-presidencial-para-el-rescate-del-lago-de-maracaibo-desplego-saneamiento-y-limpieza-en-la-comunidad-danilo-anderson\/"},"author":{"name":"Villasmil Henry","@id":"https:\/\/digital58.com.ve\/site\/#\/schema\/person\/64d1c2e4d0d4fd1b849980c4331c2951"},"headline":"#Zulia | Comisi\u00f3n Presidencial para el Rescate del Lago de Maracaibo despleg\u00f3 saneamiento y limpieza en la comunidad Danilo Anderson","datePublished":"2023-09-25T15:42:37+00:00","mainEntityOfPage":{"@id":"https:\/\/digital58.com.ve\/site\/2023\/09\/25\/zulia-comision-presidencial-para-el-rescate-del-lago-de-maracaibo-desplego-saneamiento-y-limpieza-en-la-comunidad-danilo-anderson\/"},"wordCount":651,"commentCount":0,"publisher":{"@id":"https:\/\/digital58.com.ve\/site\/#\/schema\/person\/64d1c2e4d0d4fd1b849980c4331c2951"},"image":{"@id":"https:\/\/digital58.com.ve\/site\/2023\/09\/25\/zulia-comision-presidencial-para-el-rescate-del-lago-de-maracaibo-desplego-saneamiento-y-limpieza-en-la-comunidad-danilo-anderson\/#primaryimage"},"thumbnailUrl":"https:\/\/digital58.com.ve\/site\/wp-content\/uploads\/2023\/09\/WhatsApp-Image-2023-09-16-at-9.50.00-PM-1.jpeg","keywords":["D\u00eda Mundial de las Playas","Hern\u00e1n Toro","Lago de Maracaibo","Maracaibo","Medioambiente","Minec","Ministerio del Poder Popular para el Ecosocialismo","Nacionales","Parroquia cristo de aranza","Regionales","Venezuela"],"articleSection":["Zulia"],"inLanguage":"es","potentialAction":[{"@type":"CommentAction","name":"Comment","target":["https:\/\/digital58.com.ve\/site\/2023\/09\/25\/zulia-comision-presidencial-para-el-rescate-del-lago-de-maracaibo-desplego-saneamiento-y-limpieza-en-la-comunidad-danilo-anderson\/#respond"]}]},{"@type":"WebPage","@id":"https:\/\/digital58.com.ve\/site\/2023\/09\/25\/zulia-comision-presidencial-para-el-rescate-del-lago-de-maracaibo-desplego-saneamiento-y-limpieza-en-la-comunidad-danilo-anderson\/","url":"https:\/\/digital58.com.ve\/site\/2023\/09\/25\/zulia-comision-presidencial-para-el-rescate-del-lago-de-maracaibo-desplego-saneamiento-y-limpieza-en-la-comunidad-danilo-anderson\/","name":"#Zulia | Comisi\u00f3n Presidencial para el Rescate del Lago de Maracaibo despleg\u00f3 saneamiento y limpieza en la comunidad Danilo Anderson","isPartOf":{"@id":"https:\/\/digital58.com.ve\/site\/#website"},"primaryImageOfPage":{"@id":"https:\/\/digital58.com.ve\/site\/2023\/09\/25\/zulia-comision-presidencial-para-el-rescate-del-lago-de-maracaibo-desplego-saneamiento-y-limpieza-en-la-comunidad-danilo-anderson\/#primaryimage"},"image":{"@id":"https:\/\/digital58.com.ve\/site\/2023\/09\/25\/zulia-comision-presidencial-para-el-rescate-del-lago-de-maracaibo-desplego-saneamiento-y-limpieza-en-la-comunidad-danilo-anderson\/#primaryimage"},"thumbnailUrl":"https:\/\/digital58.com.ve\/site\/wp-content\/uploads\/2023\/09\/WhatsApp-Image-2023-09-16-at-9.50.00-PM-1.jpeg","datePublished":"2023-09-25T15:42:37+00:00","breadcrumb":{"@id":"https:\/\/digital58.com.ve\/site\/2023\/09\/25\/zulia-comision-presidencial-para-el-rescate-del-lago-de-maracaibo-desplego-saneamiento-y-limpieza-en-la-comunidad-danilo-anderson\/#breadcrumb"},"inLanguage":"es","potentialAction":[{"@type":"ReadAction","target":["https:\/\/digital58.com.ve\/site\/2023\/09\/25\/zulia-comision-presidencial-para-el-rescate-del-lago-de-maracaibo-desplego-saneamiento-y-limpieza-en-la-comunidad-danilo-anderson\/"]}]},{"@type":"ImageObject","inLanguage":"es","@id":"https:\/\/digital58.com.ve\/site\/2023\/09\/25\/zulia-comision-presidencial-para-el-rescate-del-lago-de-maracaibo-desplego-saneamiento-y-limpieza-en-la-comunidad-danilo-anderson\/#primaryimage","url":"https:\/\/digital58.com.ve\/site\/wp-content\/uploads\/2023\/09\/WhatsApp-Image-2023-09-16-at-9.50.00-PM-1.jpeg","contentUrl":"https:\/\/digital58.com.ve\/site\/wp-content\/uploads\/2023\/09\/WhatsApp-Image-2023-09-16-at-9.50.00-PM-1.jpeg","width":1280,"height":853},{"@type":"BreadcrumbList","@id":"https:\/\/digital58.com.ve\/site\/2023\/09\/25\/zulia-comision-presidencial-para-el-rescate-del-lago-de-maracaibo-desplego-saneamiento-y-limpieza-en-la-comunidad-danilo-anderson\/#breadcrumb","itemListElement":[{"@type":"ListItem","position":1,"name":"Home","item":"https:\/\/digital58.com.ve\/site\/"},{"@type":"ListItem","position":2,"name":"#Zulia | Comisi\u00f3n Presidencial para el Rescate del Lago de Maracaibo despleg\u00f3 saneamiento y limpieza en la comunidad Danilo Anderson"}]},{"@type":"WebSite","@id":"https:\/\/digital58.com.ve\/site\/#website","url":"https:\/\/digital58.com.ve\/site\/","name":"Noticias Digital58","description":"Portal de Noticias \u00a1Periodismo web de verdad! Lanzamiento web 22.11.2005 \/ Maracaibo, Venezuela","publisher":{"@id":"https:\/\/digital58.com.ve\/site\/#\/schema\/person\/64d1c2e4d0d4fd1b849980c4331c2951"},"alternateName":"ND58","potentialAction":[{"@type":"SearchAction","target":{"@type":"EntryPoint","urlTemplate":"https:\/\/digital58.com.ve\/site\/?s={search_term_string}"},"query-input":{"@type":"PropertyValueSpecification","valueRequired":true,"valueName":"search_term_string"}}],"inLanguage":"es"},{"@type":["Person","Organization"],"@id":"https:\/\/digital58.com.ve\/site\/#\/schema\/person\/64d1c2e4d0d4fd1b849980c4331c2951","name":"Villasmil Henry","image":{"@type":"ImageObject","inLanguage":"es","@id":"https:\/\/secure.gravatar.com\/avatar\/bb0c4a2fcb7970138239f7e404ea75757b1b507b28b5ce4c53fbd62d797c5a7c?s=96&d=mm&r=g","url":"https:\/\/secure.gravatar.com\/avatar\/bb0c4a2fcb7970138239f7e404ea75757b1b507b28b5ce4c53fbd62d797c5a7c?s=96&d=mm&r=g","contentUrl":"https:\/\/secure.gravatar.com\/avatar\/bb0c4a2fcb7970138239f7e404ea75757b1b507b28b5ce4c53fbd62d797c5a7c?s=96&d=mm&r=g","caption":"Villasmil Henry"},"logo":{"@id":"https:\/\/secure.gravatar.com\/avatar\/bb0c4a2fcb7970138239f7e404ea75757b1b507b28b5ce4c53fbd62d797c5a7c?s=96&d=mm&r=g"},"sameAs":["http:\/\/www.henryvillasmil.com.ve","https:\/\/www.instagram.com\/villasmilhfoto\/","https:\/\/x.com\/https:\/\/twitter.com\/villasmilhfoto"],"url":"https:\/\/digital58.com.ve\/site\/author\/droopy_68\/"}]}},"uagb_featured_image_src":{"full":["https:\/\/digital58.com.ve\/site\/wp-content\/uploads\/2023\/09\/WhatsApp-Image-2023-09-16-at-9.50.00-PM-1.jpeg",1280,853,false],"thumbnail":["https:\/\/digital58.com.ve\/site\/wp-content\/uploads\/2023\/09\/WhatsApp-Image-2023-09-16-at-9.50.00-PM-1-150x150.jpeg",150,150,true],"medium":["https:\/\/digital58.com.ve\/site\/wp-content\/uploads\/2023\/09\/WhatsApp-Image-2023-09-16-at-9.50.00-PM-1-300x200.jpeg",300,200,true],"medium_large":["https:\/\/digital58.com.ve\/site\/wp-content\/uploads\/2023\/09\/WhatsApp-Image-2023-09-16-at-9.50.00-PM-1-768x512.jpeg",768,512,true],"large":["https:\/\/digital58.com.ve\/site\/wp-content\/uploads\/2023\/09\/WhatsApp-Image-2023-09-16-at-9.50.00-PM-1-1000x666.jpeg",800,533,true],"1536x1536":["https:\/\/digital58.com.ve\/site\/wp-content\/uploads\/2023\/09\/WhatsApp-Image-2023-09-16-at-9.50.00-PM-1.jpeg",1280,853,false],"2048x2048":["https:\/\/digital58.com.ve\/site\/wp-content\/uploads\/2023\/09\/WhatsApp-Image-2023-09-16-at-9.50.00-PM-1.jpeg",1280,853,false],"colormag-highlighted-post":["https:\/\/digital58.com.ve\/site\/wp-content\/uploads\/2023\/09\/WhatsApp-Image-2023-09-16-at-9.50.00-PM-1-392x272.jpeg",392,272,true],"colormag-featured-post-medium":["https:\/\/digital58.com.ve\/site\/wp-content\/uploads\/2023\/09\/WhatsApp-Image-2023-09-16-at-9.50.00-PM-1-390x205.jpeg",390,205,true],"colormag-featured-post-small":["https:\/\/digital58.com.ve\/site\/wp-content\/uploads\/2023\/09\/WhatsApp-Image-2023-09-16-at-9.50.00-PM-1-130x90.jpeg",130,90,true],"colormag-featured-image":["https:\/\/digital58.com.ve\/site\/wp-content\/uploads\/2023\/09\/WhatsApp-Image-2023-09-16-at-9.50.00-PM-1-800x445.jpeg",800,445,true],"colormag-default-news":["https:\/\/digital58.com.ve\/site\/wp-content\/uploads\/2023\/09\/WhatsApp-Image-2023-09-16-at-9.50.00-PM-1-150x150.jpeg",150,150,true],"colormag-featured-image-large":["https:\/\/digital58.com.ve\/site\/wp-content\/uploads\/2023\/09\/WhatsApp-Image-2023-09-16-at-9.50.00-PM-1-1280x600.jpeg",1280,600,true]},"uagb_author_info":{"display_name":"Villasmil Henry","author_link":"https:\/\/digital58.com.ve\/site\/author\/droopy_68\/"},"uagb_comment_info":0,"uagb_excerpt":"El viceministro de Gesti\u00f3n del Ambiente del Ministerio del Poder Popular para el Ecosocialismo (Minec), Hern\u00e1n Toro, se\u00f1al\u00f3 que se","_links":{"self":[{"href":"https:\/\/digital58.com.ve\/site\/wp-json\/wp\/v2\/posts\/170847","targetHints":{"allow":["GET"]}}],"collection":[{"href":"https:\/\/digital58.com.ve\/site\/wp-json\/wp\/v2\/posts"}],"about":[{"href":"https:\/\/digital58.com.ve\/site\/wp-json\/wp\/v2\/types\/post"}],"author":[{"embeddable":true,"href":"https:\/\/digital58.com.ve\/site\/wp-json\/wp\/v2\/users\/1"}],"replies":[{"embeddable":true,"href":"https:\/\/digital58.com.ve\/site\/wp-json\/wp\/v2\/comments?post=170847"}],"version-history":[{"count":1,"href":"https:\/\/digital58.com.ve\/site\/wp-json\/wp\/v2\/posts\/170847\/revisions"}],"predecessor-version":[{"id":170849,"href":"https:\/\/digital58.com.ve\/site\/wp-json\/wp\/v2\/posts\/170847\/revisions\/170849"}],"wp:featuredmedia":[{"embeddable":true,"href":"https:\/\/digital58.com.ve\/site\/wp-json\/wp\/v2\/media\/170848"}],"wp:attachment":[{"href":"https:\/\/digital58.com.ve\/site\/wp-json\/wp\/v2\/media?parent=170847"}],"wp:term":[{"taxonomy":"category","embeddable":true,"href":"https:\/\/digital58.com.ve\/site\/wp-json\/wp\/v2\/categories?post=170847"},{"taxonomy":"post_tag","embeddable":true,"href":"https:\/\/digital58.com.ve\/site\/wp-json\/wp\/v2\/tags?post=170847"}],"curies":[{"name":"wp","href":"https:\/\/api.w.org\/{rel}","templated":true}]}}