{"id":170850,"date":"2023-09-25T11:50:16","date_gmt":"2023-09-25T15:50:16","guid":{"rendered":"https:\/\/digital58.com.ve\/site\/?p=170850"},"modified":"2023-09-25T11:50:16","modified_gmt":"2023-09-25T15:50:16","slug":"autoridades-educativas-del-zulia-celebraron-el-44-aniversario-del-decreto-de-educacion-intercultural-bilingue-en-venezuela","status":"publish","type":"post","link":"https:\/\/digital58.com.ve\/site\/2023\/09\/25\/autoridades-educativas-del-zulia-celebraron-el-44-aniversario-del-decreto-de-educacion-intercultural-bilingue-en-venezuela\/","title":{"rendered":"Autoridades educativas del Zulia celebraron el 44 aniversario del decreto de Educaci\u00f3n Intercultural Biling\u00fce en Venezuela"},"content":{"rendered":"<p><a href=\"https:\/\/digital58.com.ve\/site\/wp-content\/uploads\/2023\/09\/WhatsApp-Image-2023-09-20-at-8.32.58-PM.jpeg\"><img loading=\"lazy\" decoding=\"async\" class=\"aligncenter size-full wp-image-170852\" src=\"https:\/\/digital58.com.ve\/site\/wp-content\/uploads\/2023\/09\/WhatsApp-Image-2023-09-20-at-8.32.58-PM.jpeg\" alt=\"\" width=\"1068\" height=\"712\" srcset=\"https:\/\/digital58.com.ve\/site\/wp-content\/uploads\/2023\/09\/WhatsApp-Image-2023-09-20-at-8.32.58-PM.jpeg 1068w, https:\/\/digital58.com.ve\/site\/wp-content\/uploads\/2023\/09\/WhatsApp-Image-2023-09-20-at-8.32.58-PM-300x200.jpeg 300w, https:\/\/digital58.com.ve\/site\/wp-content\/uploads\/2023\/09\/WhatsApp-Image-2023-09-20-at-8.32.58-PM-1000x667.jpeg 1000w, https:\/\/digital58.com.ve\/site\/wp-content\/uploads\/2023\/09\/WhatsApp-Image-2023-09-20-at-8.32.58-PM-768x512.jpeg 768w\" sizes=\"auto, (max-width: 1068px) 100vw, 1068px\" \/><\/a><\/p>\n<p>La actividad se llev\u00f3 a cabo en los espacios del Planetario Sim\u00f3n Bol\u00edvar en el municipio Mara donde reuni\u00f3 a las autoridades estadales de educaci\u00f3n y docentes ind\u00edgenas de toda la entidad quienes se comprometieron en fortalecer y consolidar la ense\u00f1anza de las lenguas maternas de los cinco pueblos ind\u00edgenas que hacen vida en la geograf\u00eda zuliana.<\/p>\n<p><strong>Maracaibo, Zulia, Venezuela, 25 de septiembre de 2023 (ND58).-<\/strong> Este 20 de septiembre, el Ministerio del Poder Popular para la Educaci\u00f3n celebr\u00f3 en el estado Zulia el 44 aniversario de la promulgaci\u00f3n del decreto 283 de la Educaci\u00f3n Intercultural Biling\u00fce y el primer aniversario del docente ind\u00edgena propuesta que hacen el gremio educativo desde la regi\u00f3n para exaltar y reconocer la labor de los docentes ind\u00edgenas.<\/p>\n<p>El encuentro festivo estuvo encabezado por la Directora del Centro de la Calidad Educativa del estado Zulia Pen\u00e9lope Gonz\u00e1lez quien expres\u00f3 que la educaci\u00f3n intercultural biling\u00fce es de suma importancia para la preservaci\u00f3n de la cultura originaria en la naci\u00f3n y en el caso zuliano es vital ya que es el estado que cuenta con la mayor presencia de ind\u00edgenas en el pa\u00eds. Por ende, el Ministerio de Educaci\u00f3n ofrece toda las herramientas para que se multiplique la cultura ancestral, asever\u00f3.<\/p>\n<p>Como ponente principal fue invitado el profesor Jorge Pocaterra presidente del Instituto Nacional de Idiomas Ind\u00edgenas (Inidi) y propulsor del decreto 283 de educaci\u00f3n intercultural biling\u00fce hace m\u00e1s de 4 d\u00e9cadas. Al respecto Pocaterra record\u00f3 la lucha que emprendieron docentes ind\u00edgenas de toda Venezuela para lograr que las lenguas maternas fueran tomadas en cuenta para que se dictar\u00e1n en las escuelas que se encuentran en territorio ind\u00edgena o con la presencia de alumnos ind\u00edgenas.<\/p>\n<p>A su vez, Jorge Pocaterra destac\u00f3 que la Revoluci\u00f3n Bolivariana incluy\u00f3 los derechos ind\u00edgenas en la Constituci\u00f3n Bolivariana de Venezuela y a partir de all\u00ed leyes y estatutos que garantizan la ense\u00f1anza de idiomas ind\u00edgenas en la escolaridad de los ni\u00f1os y ni\u00f1as ind\u00edgenas y en ese proceso incluir a todos los actuantes de la sociedad ind\u00edgena. Adem\u00e1s el objetivo ser\u00eda avanzar hasta lograr que todos los venezolanos puedan aprender un idioma ind\u00edgena de los m\u00e1s de 40 que existen en la naci\u00f3n.<\/p>\n<p><a href=\"https:\/\/digital58.com.ve\/site\/wp-content\/uploads\/2023\/09\/WhatsApp-Image-2023-09-20-at-8.32.57-PM.jpeg\"><img loading=\"lazy\" decoding=\"async\" class=\"aligncenter size-full wp-image-170853\" src=\"https:\/\/digital58.com.ve\/site\/wp-content\/uploads\/2023\/09\/WhatsApp-Image-2023-09-20-at-8.32.57-PM.jpeg\" alt=\"\" width=\"1068\" height=\"712\" srcset=\"https:\/\/digital58.com.ve\/site\/wp-content\/uploads\/2023\/09\/WhatsApp-Image-2023-09-20-at-8.32.57-PM.jpeg 1068w, https:\/\/digital58.com.ve\/site\/wp-content\/uploads\/2023\/09\/WhatsApp-Image-2023-09-20-at-8.32.57-PM-300x200.jpeg 300w, https:\/\/digital58.com.ve\/site\/wp-content\/uploads\/2023\/09\/WhatsApp-Image-2023-09-20-at-8.32.57-PM-1000x667.jpeg 1000w, https:\/\/digital58.com.ve\/site\/wp-content\/uploads\/2023\/09\/WhatsApp-Image-2023-09-20-at-8.32.57-PM-768x512.jpeg 768w\" sizes=\"auto, (max-width: 1068px) 100vw, 1068px\" \/><\/a><\/p>\n<p>Asimismo, la profesora Dorelis Echeto del pueblo Way\u00fau, Directora del Ipasme Zulia y de amplia trayectoria en el \u00e1rea educativa en el estado, record\u00f3 a grandes figuras de la educaci\u00f3n ind\u00edgena entre ellos Ram\u00f3n Paz Ipuana, Miguel \u00c1ngel Jusayu y luchadoras por los derechos de los pueblos originarios como Noeli Pocaterra.<\/p>\n<p>En este orden inst\u00f3 a los educadores de educaci\u00f3n intercultural Biling\u00fce a tomar el liderazgo acad\u00e9mico y ense\u00f1ar a los ni\u00f1as y ni\u00f1os los valores ancestrales de la cultura ind\u00edgena para consolidar la identidad ind\u00edgena de los futuros hombres y mujeres.<\/p>\n<p>Por su parte, Le\u00edda Mart\u00ednez ind\u00edgena Yukpa y coordinadora de Educaci\u00f3n Intercultural Biling\u00fce y Afrodescendiente agradeci\u00f3 la ardua labor de los maestros y maestras ind\u00edgenas del Zulia ya que a pesar de superar diversas dificultades ocasionadas por el bloqueo contra Venezuela contin\u00faan trabajando sin descanso por formar a los peque\u00f1os que asisten a las escuelas ubicadas en poblaciones originarias.<\/p>\n<p><a href=\"https:\/\/digital58.com.ve\/site\/wp-content\/uploads\/2023\/09\/WhatsApp-Image-2023-09-20-at-8.33.10-PM.jpeg\"><img loading=\"lazy\" decoding=\"async\" class=\"aligncenter size-full wp-image-170851\" src=\"https:\/\/digital58.com.ve\/site\/wp-content\/uploads\/2023\/09\/WhatsApp-Image-2023-09-20-at-8.33.10-PM.jpeg\" alt=\"\" width=\"1068\" height=\"712\" srcset=\"https:\/\/digital58.com.ve\/site\/wp-content\/uploads\/2023\/09\/WhatsApp-Image-2023-09-20-at-8.33.10-PM.jpeg 1068w, https:\/\/digital58.com.ve\/site\/wp-content\/uploads\/2023\/09\/WhatsApp-Image-2023-09-20-at-8.33.10-PM-300x200.jpeg 300w, https:\/\/digital58.com.ve\/site\/wp-content\/uploads\/2023\/09\/WhatsApp-Image-2023-09-20-at-8.33.10-PM-1000x667.jpeg 1000w, https:\/\/digital58.com.ve\/site\/wp-content\/uploads\/2023\/09\/WhatsApp-Image-2023-09-20-at-8.33.10-PM-768x512.jpeg 768w\" sizes=\"auto, (max-width: 1068px) 100vw, 1068px\" \/><\/a><\/p>\n<p>Al concluir la celebraci\u00f3n de la promulgaci\u00f3n del decreto 283 y el primer aniversario del docente ind\u00edgena la directora del Centro de Desarrollo de la Calidad Educativa Zulia Pen\u00e9lope Gonz\u00e1lez hizo entrega de reconocimientos a educadores de intachable trayectoria y personas que han contribuido con la ense\u00f1anza de los idiomas ind\u00edgenas en las escuelas entre ellos el profesor Jorge Pocaterra, Dorelis Echeto, Dulce Mor\u00e1n, Heberto Ortega, Luis Beltr\u00e1n, Oslanda Altuve, entre otros que han dejado un legado y contin\u00faan luchando por la reivindicaci\u00f3n educativa de los ind\u00edgenas.<\/p>\n<p><strong>Redacci\u00f3n ND58 | Fuente: Prensa Inidi Zulia<\/strong><br \/>\n<strong>Edici\u00f3n: Villasmil, Henry<\/strong><br \/>\n<strong>Gr\u00e1ficas: Cortes\u00eda Prensa Inidi Zulia<\/strong><\/p>\n<p>&nbsp;<\/p>\n<p>&nbsp;<\/p><div class=\"vrabd69edf848749a1\" ><p style=\"text-align: center;\"><a href=\"https:\/\/t.me\/noticiasdigital58\" target=\"_blank\" rel=\"noopener\"><img class=\"aligncenter size-full wp-image-125363\" src=\"https:\/\/digital58.com.ve\/site\/wp-content\/uploads\/2021\/04\/banner-telegram-web-2021.png\" alt=\"\" width=\"600\" height=\"90\" \/><\/a><\/p><\/div><style type=\"text\/css\">\r\n@media screen and (min-width: 1201px) {\r\n.vrabd69edf848749a1 {\r\ndisplay: block;\r\n}\r\n}\r\n@media screen and (min-width: 993px) and (max-width: 1200px) {\r\n.vrabd69edf848749a1 {\r\ndisplay: block;\r\n}\r\n}\r\n@media screen and (min-width: 769px) and (max-width: 992px) {\r\n.vrabd69edf848749a1 {\r\ndisplay: block;\r\n}\r\n}\r\n@media screen and (min-width: 768px) and (max-width: 768px) {\r\n.vrabd69edf848749a1 {\r\ndisplay: block;\r\n}\r\n}\r\n@media screen and (max-width: 767px) {\r\n.vrabd69edf848749a1 {\r\ndisplay: block;\r\n}\r\n}\r\n<\/style>\r\n\n<p>&nbsp;<\/p>\n<div style=\"margin-top: 0px; margin-bottom: 0px;\" class=\"sharethis-inline-share-buttons\" ><\/div>","protected":false},"excerpt":{"rendered":"<p>La actividad se llev\u00f3 a cabo en los espacios del Planetario Sim\u00f3n Bol\u00edvar en el municipio Mara donde reuni\u00f3 a<\/p>\n","protected":false},"author":1,"featured_media":170851,"comment_status":"open","ping_status":"closed","sticky":false,"template":"","format":"standard","meta":{"colormag_page_container_layout":"default_layout","colormag_page_sidebar_layout":"default_layout","_uag_custom_page_level_css":"","footnotes":""},"categories":[14504],"tags":[32483,3504,32485,17831,14059,233,32484,32482,4516,2354,32],"class_list":["post-170850","post","type-post","status-publish","format-standard","has-post-thumbnail","hentry","category-zulia","tag-directora-del-centro-de-la-calidad-educativa","tag-educacion-intercultural-bilingue","tag-jorge-pocaterra","tag-ministerio-del-poder-popular-para-la-educacion","tag-municipio-mara","tag-nacionales","tag-penelope-gonzalez","tag-planetario-simon-bolivar","tag-pueblos-indigenas","tag-regionales","tag-venezuela"],"yoast_head":"<!-- This site is optimized with the Yoast SEO plugin v27.4 - https:\/\/yoast.com\/product\/yoast-seo-wordpress\/ -->\n<title>Autoridades educativas del Zulia celebraron el 44 aniversario del decreto de Educaci\u00f3n Intercultural Biling\u00fce en Venezuela<\/title>\n<meta name=\"robots\" content=\"index, follow, max-snippet:-1, max-image-preview:large, max-video-preview:-1\" \/>\n<link rel=\"canonical\" href=\"https:\/\/digital58.com.ve\/site\/2023\/09\/25\/autoridades-educativas-del-zulia-celebraron-el-44-aniversario-del-decreto-de-educacion-intercultural-bilingue-en-venezuela\/\" \/>\n<meta property=\"og:locale\" content=\"es_ES\" \/>\n<meta property=\"og:type\" content=\"article\" \/>\n<meta property=\"og:title\" content=\"Autoridades educativas del Zulia celebraron el 44 aniversario del decreto de Educaci\u00f3n Intercultural Biling\u00fce en Venezuela\" \/>\n<meta property=\"og:url\" content=\"https:\/\/digital58.com.ve\/site\/2023\/09\/25\/autoridades-educativas-del-zulia-celebraron-el-44-aniversario-del-decreto-de-educacion-intercultural-bilingue-en-venezuela\/\" \/>\n<meta property=\"og:site_name\" content=\"Noticias Digital58\" \/>\n<meta property=\"article:published_time\" content=\"2023-09-25T15:50:16+00:00\" \/>\n<meta property=\"og:image\" content=\"https:\/\/i0.wp.com\/digital58.com.ve\/site\/wp-content\/uploads\/2023\/09\/WhatsApp-Image-2023-09-20-at-8.33.10-PM.jpeg?fit=1068%2C712&ssl=1\" \/>\n\t<meta property=\"og:image:width\" content=\"1068\" \/>\n\t<meta property=\"og:image:height\" content=\"712\" \/>\n\t<meta property=\"og:image:type\" content=\"image\/jpeg\" \/>\n<meta name=\"author\" content=\"Villasmil Henry\" \/>\n<meta name=\"twitter:card\" content=\"summary_large_image\" \/>\n<meta name=\"twitter:creator\" content=\"@https:\/\/twitter.com\/villasmilhfoto\" \/>\n<meta name=\"twitter:site\" content=\"@villasmilhfoto\" \/>\n<meta name=\"twitter:label1\" content=\"Escrito por\" \/>\n\t<meta name=\"twitter:data1\" content=\"Villasmil Henry\" \/>\n\t<meta name=\"twitter:label2\" content=\"Tiempo estimado de lectura\" \/>\n\t<meta name=\"twitter:data2\" content=\"3 minutos\" \/>\n<script type=\"application\/ld+json\" class=\"yoast-schema-graph\">{\"@context\":\"https:\\\/\\\/schema.org\",\"@graph\":[{\"@type\":\"Article\",\"@id\":\"https:\\\/\\\/digital58.com.ve\\\/site\\\/2023\\\/09\\\/25\\\/autoridades-educativas-del-zulia-celebraron-el-44-aniversario-del-decreto-de-educacion-intercultural-bilingue-en-venezuela\\\/#article\",\"isPartOf\":{\"@id\":\"https:\\\/\\\/digital58.com.ve\\\/site\\\/2023\\\/09\\\/25\\\/autoridades-educativas-del-zulia-celebraron-el-44-aniversario-del-decreto-de-educacion-intercultural-bilingue-en-venezuela\\\/\"},\"author\":{\"name\":\"Villasmil Henry\",\"@id\":\"https:\\\/\\\/digital58.com.ve\\\/site\\\/#\\\/schema\\\/person\\\/64d1c2e4d0d4fd1b849980c4331c2951\"},\"headline\":\"Autoridades educativas del Zulia celebraron el 44 aniversario del decreto de Educaci\u00f3n Intercultural Biling\u00fce en Venezuela\",\"datePublished\":\"2023-09-25T15:50:16+00:00\",\"mainEntityOfPage\":{\"@id\":\"https:\\\/\\\/digital58.com.ve\\\/site\\\/2023\\\/09\\\/25\\\/autoridades-educativas-del-zulia-celebraron-el-44-aniversario-del-decreto-de-educacion-intercultural-bilingue-en-venezuela\\\/\"},\"wordCount\":707,\"commentCount\":0,\"publisher\":{\"@id\":\"https:\\\/\\\/digital58.com.ve\\\/site\\\/#\\\/schema\\\/person\\\/64d1c2e4d0d4fd1b849980c4331c2951\"},\"image\":{\"@id\":\"https:\\\/\\\/digital58.com.ve\\\/site\\\/2023\\\/09\\\/25\\\/autoridades-educativas-del-zulia-celebraron-el-44-aniversario-del-decreto-de-educacion-intercultural-bilingue-en-venezuela\\\/#primaryimage\"},\"thumbnailUrl\":\"https:\\\/\\\/digital58.com.ve\\\/site\\\/wp-content\\\/uploads\\\/2023\\\/09\\\/WhatsApp-Image-2023-09-20-at-8.33.10-PM.jpeg\",\"keywords\":[\"Directora del Centro de la Calidad Educativa\",\"Educaci\u00f3n intercultural biling\u00fce\",\"Jorge Pocaterra\",\"Ministerio del Poder Popular para la Educaci\u00f3n\",\"Municipio Mara\",\"Nacionales\",\"Pen\u00e9lope Gonz\u00e1lez\",\"Planetario Sim\u00f3n Bol\u00edvar\",\"Pueblos Indigenas\",\"Regionales\",\"Venezuela\"],\"articleSection\":[\"Zulia\"],\"inLanguage\":\"es\",\"potentialAction\":[{\"@type\":\"CommentAction\",\"name\":\"Comment\",\"target\":[\"https:\\\/\\\/digital58.com.ve\\\/site\\\/2023\\\/09\\\/25\\\/autoridades-educativas-del-zulia-celebraron-el-44-aniversario-del-decreto-de-educacion-intercultural-bilingue-en-venezuela\\\/#respond\"]}]},{\"@type\":\"WebPage\",\"@id\":\"https:\\\/\\\/digital58.com.ve\\\/site\\\/2023\\\/09\\\/25\\\/autoridades-educativas-del-zulia-celebraron-el-44-aniversario-del-decreto-de-educacion-intercultural-bilingue-en-venezuela\\\/\",\"url\":\"https:\\\/\\\/digital58.com.ve\\\/site\\\/2023\\\/09\\\/25\\\/autoridades-educativas-del-zulia-celebraron-el-44-aniversario-del-decreto-de-educacion-intercultural-bilingue-en-venezuela\\\/\",\"name\":\"Autoridades educativas del Zulia celebraron el 44 aniversario del decreto de Educaci\u00f3n Intercultural Biling\u00fce en Venezuela\",\"isPartOf\":{\"@id\":\"https:\\\/\\\/digital58.com.ve\\\/site\\\/#website\"},\"primaryImageOfPage\":{\"@id\":\"https:\\\/\\\/digital58.com.ve\\\/site\\\/2023\\\/09\\\/25\\\/autoridades-educativas-del-zulia-celebraron-el-44-aniversario-del-decreto-de-educacion-intercultural-bilingue-en-venezuela\\\/#primaryimage\"},\"image\":{\"@id\":\"https:\\\/\\\/digital58.com.ve\\\/site\\\/2023\\\/09\\\/25\\\/autoridades-educativas-del-zulia-celebraron-el-44-aniversario-del-decreto-de-educacion-intercultural-bilingue-en-venezuela\\\/#primaryimage\"},\"thumbnailUrl\":\"https:\\\/\\\/digital58.com.ve\\\/site\\\/wp-content\\\/uploads\\\/2023\\\/09\\\/WhatsApp-Image-2023-09-20-at-8.33.10-PM.jpeg\",\"datePublished\":\"2023-09-25T15:50:16+00:00\",\"breadcrumb\":{\"@id\":\"https:\\\/\\\/digital58.com.ve\\\/site\\\/2023\\\/09\\\/25\\\/autoridades-educativas-del-zulia-celebraron-el-44-aniversario-del-decreto-de-educacion-intercultural-bilingue-en-venezuela\\\/#breadcrumb\"},\"inLanguage\":\"es\",\"potentialAction\":[{\"@type\":\"ReadAction\",\"target\":[\"https:\\\/\\\/digital58.com.ve\\\/site\\\/2023\\\/09\\\/25\\\/autoridades-educativas-del-zulia-celebraron-el-44-aniversario-del-decreto-de-educacion-intercultural-bilingue-en-venezuela\\\/\"]}]},{\"@type\":\"ImageObject\",\"inLanguage\":\"es\",\"@id\":\"https:\\\/\\\/digital58.com.ve\\\/site\\\/2023\\\/09\\\/25\\\/autoridades-educativas-del-zulia-celebraron-el-44-aniversario-del-decreto-de-educacion-intercultural-bilingue-en-venezuela\\\/#primaryimage\",\"url\":\"https:\\\/\\\/digital58.com.ve\\\/site\\\/wp-content\\\/uploads\\\/2023\\\/09\\\/WhatsApp-Image-2023-09-20-at-8.33.10-PM.jpeg\",\"contentUrl\":\"https:\\\/\\\/digital58.com.ve\\\/site\\\/wp-content\\\/uploads\\\/2023\\\/09\\\/WhatsApp-Image-2023-09-20-at-8.33.10-PM.jpeg\",\"width\":1068,\"height\":712},{\"@type\":\"BreadcrumbList\",\"@id\":\"https:\\\/\\\/digital58.com.ve\\\/site\\\/2023\\\/09\\\/25\\\/autoridades-educativas-del-zulia-celebraron-el-44-aniversario-del-decreto-de-educacion-intercultural-bilingue-en-venezuela\\\/#breadcrumb\",\"itemListElement\":[{\"@type\":\"ListItem\",\"position\":1,\"name\":\"Home\",\"item\":\"https:\\\/\\\/digital58.com.ve\\\/site\\\/\"},{\"@type\":\"ListItem\",\"position\":2,\"name\":\"Autoridades educativas del Zulia celebraron el 44 aniversario del decreto de Educaci\u00f3n Intercultural Biling\u00fce en Venezuela\"}]},{\"@type\":\"WebSite\",\"@id\":\"https:\\\/\\\/digital58.com.ve\\\/site\\\/#website\",\"url\":\"https:\\\/\\\/digital58.com.ve\\\/site\\\/\",\"name\":\"Noticias Digital58\",\"description\":\"Portal de Noticias \u00a1Periodismo web de verdad! Lanzamiento web 22.11.2005 \\\/ Maracaibo, Venezuela\",\"publisher\":{\"@id\":\"https:\\\/\\\/digital58.com.ve\\\/site\\\/#\\\/schema\\\/person\\\/64d1c2e4d0d4fd1b849980c4331c2951\"},\"alternateName\":\"ND58\",\"potentialAction\":[{\"@type\":\"SearchAction\",\"target\":{\"@type\":\"EntryPoint\",\"urlTemplate\":\"https:\\\/\\\/digital58.com.ve\\\/site\\\/?s={search_term_string}\"},\"query-input\":{\"@type\":\"PropertyValueSpecification\",\"valueRequired\":true,\"valueName\":\"search_term_string\"}}],\"inLanguage\":\"es\"},{\"@type\":[\"Person\",\"Organization\"],\"@id\":\"https:\\\/\\\/digital58.com.ve\\\/site\\\/#\\\/schema\\\/person\\\/64d1c2e4d0d4fd1b849980c4331c2951\",\"name\":\"Villasmil Henry\",\"image\":{\"@type\":\"ImageObject\",\"inLanguage\":\"es\",\"@id\":\"https:\\\/\\\/secure.gravatar.com\\\/avatar\\\/bb0c4a2fcb7970138239f7e404ea75757b1b507b28b5ce4c53fbd62d797c5a7c?s=96&d=mm&r=g\",\"url\":\"https:\\\/\\\/secure.gravatar.com\\\/avatar\\\/bb0c4a2fcb7970138239f7e404ea75757b1b507b28b5ce4c53fbd62d797c5a7c?s=96&d=mm&r=g\",\"contentUrl\":\"https:\\\/\\\/secure.gravatar.com\\\/avatar\\\/bb0c4a2fcb7970138239f7e404ea75757b1b507b28b5ce4c53fbd62d797c5a7c?s=96&d=mm&r=g\",\"caption\":\"Villasmil Henry\"},\"logo\":{\"@id\":\"https:\\\/\\\/secure.gravatar.com\\\/avatar\\\/bb0c4a2fcb7970138239f7e404ea75757b1b507b28b5ce4c53fbd62d797c5a7c?s=96&d=mm&r=g\"},\"sameAs\":[\"http:\\\/\\\/www.henryvillasmil.com.ve\",\"https:\\\/\\\/www.instagram.com\\\/villasmilhfoto\\\/\",\"https:\\\/\\\/x.com\\\/https:\\\/\\\/twitter.com\\\/villasmilhfoto\"],\"url\":\"https:\\\/\\\/digital58.com.ve\\\/site\\\/author\\\/droopy_68\\\/\"}]}<\/script>\n<!-- \/ Yoast SEO plugin. -->","yoast_head_json":{"title":"Autoridades educativas del Zulia celebraron el 44 aniversario del decreto de Educaci\u00f3n Intercultural Biling\u00fce en Venezuela","robots":{"index":"index","follow":"follow","max-snippet":"max-snippet:-1","max-image-preview":"max-image-preview:large","max-video-preview":"max-video-preview:-1"},"canonical":"https:\/\/digital58.com.ve\/site\/2023\/09\/25\/autoridades-educativas-del-zulia-celebraron-el-44-aniversario-del-decreto-de-educacion-intercultural-bilingue-en-venezuela\/","og_locale":"es_ES","og_type":"article","og_title":"Autoridades educativas del Zulia celebraron el 44 aniversario del decreto de Educaci\u00f3n Intercultural Biling\u00fce en Venezuela","og_url":"https:\/\/digital58.com.ve\/site\/2023\/09\/25\/autoridades-educativas-del-zulia-celebraron-el-44-aniversario-del-decreto-de-educacion-intercultural-bilingue-en-venezuela\/","og_site_name":"Noticias Digital58","article_published_time":"2023-09-25T15:50:16+00:00","og_image":[{"width":1068,"height":712,"url":"https:\/\/i0.wp.com\/digital58.com.ve\/site\/wp-content\/uploads\/2023\/09\/WhatsApp-Image-2023-09-20-at-8.33.10-PM.jpeg?fit=1068%2C712&ssl=1","type":"image\/jpeg"}],"author":"Villasmil Henry","twitter_card":"summary_large_image","twitter_creator":"@https:\/\/twitter.com\/villasmilhfoto","twitter_site":"@villasmilhfoto","twitter_misc":{"Escrito por":"Villasmil Henry","Tiempo estimado de lectura":"3 minutos"},"schema":{"@context":"https:\/\/schema.org","@graph":[{"@type":"Article","@id":"https:\/\/digital58.com.ve\/site\/2023\/09\/25\/autoridades-educativas-del-zulia-celebraron-el-44-aniversario-del-decreto-de-educacion-intercultural-bilingue-en-venezuela\/#article","isPartOf":{"@id":"https:\/\/digital58.com.ve\/site\/2023\/09\/25\/autoridades-educativas-del-zulia-celebraron-el-44-aniversario-del-decreto-de-educacion-intercultural-bilingue-en-venezuela\/"},"author":{"name":"Villasmil Henry","@id":"https:\/\/digital58.com.ve\/site\/#\/schema\/person\/64d1c2e4d0d4fd1b849980c4331c2951"},"headline":"Autoridades educativas del Zulia celebraron el 44 aniversario del decreto de Educaci\u00f3n Intercultural Biling\u00fce en Venezuela","datePublished":"2023-09-25T15:50:16+00:00","mainEntityOfPage":{"@id":"https:\/\/digital58.com.ve\/site\/2023\/09\/25\/autoridades-educativas-del-zulia-celebraron-el-44-aniversario-del-decreto-de-educacion-intercultural-bilingue-en-venezuela\/"},"wordCount":707,"commentCount":0,"publisher":{"@id":"https:\/\/digital58.com.ve\/site\/#\/schema\/person\/64d1c2e4d0d4fd1b849980c4331c2951"},"image":{"@id":"https:\/\/digital58.com.ve\/site\/2023\/09\/25\/autoridades-educativas-del-zulia-celebraron-el-44-aniversario-del-decreto-de-educacion-intercultural-bilingue-en-venezuela\/#primaryimage"},"thumbnailUrl":"https:\/\/digital58.com.ve\/site\/wp-content\/uploads\/2023\/09\/WhatsApp-Image-2023-09-20-at-8.33.10-PM.jpeg","keywords":["Directora del Centro de la Calidad Educativa","Educaci\u00f3n intercultural biling\u00fce","Jorge Pocaterra","Ministerio del Poder Popular para la Educaci\u00f3n","Municipio Mara","Nacionales","Pen\u00e9lope Gonz\u00e1lez","Planetario Sim\u00f3n Bol\u00edvar","Pueblos Indigenas","Regionales","Venezuela"],"articleSection":["Zulia"],"inLanguage":"es","potentialAction":[{"@type":"CommentAction","name":"Comment","target":["https:\/\/digital58.com.ve\/site\/2023\/09\/25\/autoridades-educativas-del-zulia-celebraron-el-44-aniversario-del-decreto-de-educacion-intercultural-bilingue-en-venezuela\/#respond"]}]},{"@type":"WebPage","@id":"https:\/\/digital58.com.ve\/site\/2023\/09\/25\/autoridades-educativas-del-zulia-celebraron-el-44-aniversario-del-decreto-de-educacion-intercultural-bilingue-en-venezuela\/","url":"https:\/\/digital58.com.ve\/site\/2023\/09\/25\/autoridades-educativas-del-zulia-celebraron-el-44-aniversario-del-decreto-de-educacion-intercultural-bilingue-en-venezuela\/","name":"Autoridades educativas del Zulia celebraron el 44 aniversario del decreto de Educaci\u00f3n Intercultural Biling\u00fce en Venezuela","isPartOf":{"@id":"https:\/\/digital58.com.ve\/site\/#website"},"primaryImageOfPage":{"@id":"https:\/\/digital58.com.ve\/site\/2023\/09\/25\/autoridades-educativas-del-zulia-celebraron-el-44-aniversario-del-decreto-de-educacion-intercultural-bilingue-en-venezuela\/#primaryimage"},"image":{"@id":"https:\/\/digital58.com.ve\/site\/2023\/09\/25\/autoridades-educativas-del-zulia-celebraron-el-44-aniversario-del-decreto-de-educacion-intercultural-bilingue-en-venezuela\/#primaryimage"},"thumbnailUrl":"https:\/\/digital58.com.ve\/site\/wp-content\/uploads\/2023\/09\/WhatsApp-Image-2023-09-20-at-8.33.10-PM.jpeg","datePublished":"2023-09-25T15:50:16+00:00","breadcrumb":{"@id":"https:\/\/digital58.com.ve\/site\/2023\/09\/25\/autoridades-educativas-del-zulia-celebraron-el-44-aniversario-del-decreto-de-educacion-intercultural-bilingue-en-venezuela\/#breadcrumb"},"inLanguage":"es","potentialAction":[{"@type":"ReadAction","target":["https:\/\/digital58.com.ve\/site\/2023\/09\/25\/autoridades-educativas-del-zulia-celebraron-el-44-aniversario-del-decreto-de-educacion-intercultural-bilingue-en-venezuela\/"]}]},{"@type":"ImageObject","inLanguage":"es","@id":"https:\/\/digital58.com.ve\/site\/2023\/09\/25\/autoridades-educativas-del-zulia-celebraron-el-44-aniversario-del-decreto-de-educacion-intercultural-bilingue-en-venezuela\/#primaryimage","url":"https:\/\/digital58.com.ve\/site\/wp-content\/uploads\/2023\/09\/WhatsApp-Image-2023-09-20-at-8.33.10-PM.jpeg","contentUrl":"https:\/\/digital58.com.ve\/site\/wp-content\/uploads\/2023\/09\/WhatsApp-Image-2023-09-20-at-8.33.10-PM.jpeg","width":1068,"height":712},{"@type":"BreadcrumbList","@id":"https:\/\/digital58.com.ve\/site\/2023\/09\/25\/autoridades-educativas-del-zulia-celebraron-el-44-aniversario-del-decreto-de-educacion-intercultural-bilingue-en-venezuela\/#breadcrumb","itemListElement":[{"@type":"ListItem","position":1,"name":"Home","item":"https:\/\/digital58.com.ve\/site\/"},{"@type":"ListItem","position":2,"name":"Autoridades educativas del Zulia celebraron el 44 aniversario del decreto de Educaci\u00f3n Intercultural Biling\u00fce en Venezuela"}]},{"@type":"WebSite","@id":"https:\/\/digital58.com.ve\/site\/#website","url":"https:\/\/digital58.com.ve\/site\/","name":"Noticias Digital58","description":"Portal de Noticias \u00a1Periodismo web de verdad! Lanzamiento web 22.11.2005 \/ Maracaibo, Venezuela","publisher":{"@id":"https:\/\/digital58.com.ve\/site\/#\/schema\/person\/64d1c2e4d0d4fd1b849980c4331c2951"},"alternateName":"ND58","potentialAction":[{"@type":"SearchAction","target":{"@type":"EntryPoint","urlTemplate":"https:\/\/digital58.com.ve\/site\/?s={search_term_string}"},"query-input":{"@type":"PropertyValueSpecification","valueRequired":true,"valueName":"search_term_string"}}],"inLanguage":"es"},{"@type":["Person","Organization"],"@id":"https:\/\/digital58.com.ve\/site\/#\/schema\/person\/64d1c2e4d0d4fd1b849980c4331c2951","name":"Villasmil Henry","image":{"@type":"ImageObject","inLanguage":"es","@id":"https:\/\/secure.gravatar.com\/avatar\/bb0c4a2fcb7970138239f7e404ea75757b1b507b28b5ce4c53fbd62d797c5a7c?s=96&d=mm&r=g","url":"https:\/\/secure.gravatar.com\/avatar\/bb0c4a2fcb7970138239f7e404ea75757b1b507b28b5ce4c53fbd62d797c5a7c?s=96&d=mm&r=g","contentUrl":"https:\/\/secure.gravatar.com\/avatar\/bb0c4a2fcb7970138239f7e404ea75757b1b507b28b5ce4c53fbd62d797c5a7c?s=96&d=mm&r=g","caption":"Villasmil Henry"},"logo":{"@id":"https:\/\/secure.gravatar.com\/avatar\/bb0c4a2fcb7970138239f7e404ea75757b1b507b28b5ce4c53fbd62d797c5a7c?s=96&d=mm&r=g"},"sameAs":["http:\/\/www.henryvillasmil.com.ve","https:\/\/www.instagram.com\/villasmilhfoto\/","https:\/\/x.com\/https:\/\/twitter.com\/villasmilhfoto"],"url":"https:\/\/digital58.com.ve\/site\/author\/droopy_68\/"}]}},"uagb_featured_image_src":{"full":["https:\/\/digital58.com.ve\/site\/wp-content\/uploads\/2023\/09\/WhatsApp-Image-2023-09-20-at-8.33.10-PM.jpeg",1068,712,false],"thumbnail":["https:\/\/digital58.com.ve\/site\/wp-content\/uploads\/2023\/09\/WhatsApp-Image-2023-09-20-at-8.33.10-PM-150x150.jpeg",150,150,true],"medium":["https:\/\/digital58.com.ve\/site\/wp-content\/uploads\/2023\/09\/WhatsApp-Image-2023-09-20-at-8.33.10-PM-300x200.jpeg",300,200,true],"medium_large":["https:\/\/digital58.com.ve\/site\/wp-content\/uploads\/2023\/09\/WhatsApp-Image-2023-09-20-at-8.33.10-PM-768x512.jpeg",768,512,true],"large":["https:\/\/digital58.com.ve\/site\/wp-content\/uploads\/2023\/09\/WhatsApp-Image-2023-09-20-at-8.33.10-PM-1000x667.jpeg",800,534,true],"1536x1536":["https:\/\/digital58.com.ve\/site\/wp-content\/uploads\/2023\/09\/WhatsApp-Image-2023-09-20-at-8.33.10-PM.jpeg",1068,712,false],"2048x2048":["https:\/\/digital58.com.ve\/site\/wp-content\/uploads\/2023\/09\/WhatsApp-Image-2023-09-20-at-8.33.10-PM.jpeg",1068,712,false],"colormag-highlighted-post":["https:\/\/digital58.com.ve\/site\/wp-content\/uploads\/2023\/09\/WhatsApp-Image-2023-09-20-at-8.33.10-PM-392x272.jpeg",392,272,true],"colormag-featured-post-medium":["https:\/\/digital58.com.ve\/site\/wp-content\/uploads\/2023\/09\/WhatsApp-Image-2023-09-20-at-8.33.10-PM-390x205.jpeg",390,205,true],"colormag-featured-post-small":["https:\/\/digital58.com.ve\/site\/wp-content\/uploads\/2023\/09\/WhatsApp-Image-2023-09-20-at-8.33.10-PM-130x90.jpeg",130,90,true],"colormag-featured-image":["https:\/\/digital58.com.ve\/site\/wp-content\/uploads\/2023\/09\/WhatsApp-Image-2023-09-20-at-8.33.10-PM-800x445.jpeg",800,445,true],"colormag-default-news":["https:\/\/digital58.com.ve\/site\/wp-content\/uploads\/2023\/09\/WhatsApp-Image-2023-09-20-at-8.33.10-PM-150x150.jpeg",150,150,true],"colormag-featured-image-large":["https:\/\/digital58.com.ve\/site\/wp-content\/uploads\/2023\/09\/WhatsApp-Image-2023-09-20-at-8.33.10-PM-1068x600.jpeg",1068,600,true]},"uagb_author_info":{"display_name":"Villasmil Henry","author_link":"https:\/\/digital58.com.ve\/site\/author\/droopy_68\/"},"uagb_comment_info":0,"uagb_excerpt":"La actividad se llev\u00f3 a cabo en los espacios del Planetario Sim\u00f3n Bol\u00edvar en el municipio Mara donde reuni\u00f3 a","_links":{"self":[{"href":"https:\/\/digital58.com.ve\/site\/wp-json\/wp\/v2\/posts\/170850","targetHints":{"allow":["GET"]}}],"collection":[{"href":"https:\/\/digital58.com.ve\/site\/wp-json\/wp\/v2\/posts"}],"about":[{"href":"https:\/\/digital58.com.ve\/site\/wp-json\/wp\/v2\/types\/post"}],"author":[{"embeddable":true,"href":"https:\/\/digital58.com.ve\/site\/wp-json\/wp\/v2\/users\/1"}],"replies":[{"embeddable":true,"href":"https:\/\/digital58.com.ve\/site\/wp-json\/wp\/v2\/comments?post=170850"}],"version-history":[{"count":1,"href":"https:\/\/digital58.com.ve\/site\/wp-json\/wp\/v2\/posts\/170850\/revisions"}],"predecessor-version":[{"id":170854,"href":"https:\/\/digital58.com.ve\/site\/wp-json\/wp\/v2\/posts\/170850\/revisions\/170854"}],"wp:featuredmedia":[{"embeddable":true,"href":"https:\/\/digital58.com.ve\/site\/wp-json\/wp\/v2\/media\/170851"}],"wp:attachment":[{"href":"https:\/\/digital58.com.ve\/site\/wp-json\/wp\/v2\/media?parent=170850"}],"wp:term":[{"taxonomy":"category","embeddable":true,"href":"https:\/\/digital58.com.ve\/site\/wp-json\/wp\/v2\/categories?post=170850"},{"taxonomy":"post_tag","embeddable":true,"href":"https:\/\/digital58.com.ve\/site\/wp-json\/wp\/v2\/tags?post=170850"}],"curies":[{"name":"wp","href":"https:\/\/api.w.org\/{rel}","templated":true}]}}