{"id":170864,"date":"2023-09-25T12:18:07","date_gmt":"2023-09-25T16:18:07","guid":{"rendered":"https:\/\/digital58.com.ve\/site\/?p=170864"},"modified":"2023-09-25T12:18:07","modified_gmt":"2023-09-25T16:18:07","slug":"zulia-realizaran-taller-de-fotografia-que-rememora-historia-nacional-y-maracaibera","status":"publish","type":"post","link":"https:\/\/digital58.com.ve\/site\/2023\/09\/25\/zulia-realizaran-taller-de-fotografia-que-rememora-historia-nacional-y-maracaibera\/","title":{"rendered":"#Zulia | Realizar\u00e1n Taller de Fotograf\u00eda que rememora historia nacional y maracaibera"},"content":{"rendered":"<p><a href=\"https:\/\/digital58.com.ve\/site\/wp-content\/uploads\/2023\/09\/WhatsApp-Image-2023-09-21-at-6.08.43-PM.jpeg\"><img loading=\"lazy\" decoding=\"async\" class=\"aligncenter size-full wp-image-170865\" src=\"https:\/\/digital58.com.ve\/site\/wp-content\/uploads\/2023\/09\/WhatsApp-Image-2023-09-21-at-6.08.43-PM.jpeg\" alt=\"\" width=\"1024\" height=\"470\" srcset=\"https:\/\/digital58.com.ve\/site\/wp-content\/uploads\/2023\/09\/WhatsApp-Image-2023-09-21-at-6.08.43-PM.jpeg 1024w, https:\/\/digital58.com.ve\/site\/wp-content\/uploads\/2023\/09\/WhatsApp-Image-2023-09-21-at-6.08.43-PM-300x138.jpeg 300w, https:\/\/digital58.com.ve\/site\/wp-content\/uploads\/2023\/09\/WhatsApp-Image-2023-09-21-at-6.08.43-PM-1000x459.jpeg 1000w, https:\/\/digital58.com.ve\/site\/wp-content\/uploads\/2023\/09\/WhatsApp-Image-2023-09-21-at-6.08.43-PM-768x353.jpeg 768w\" sizes=\"auto, (max-width: 1024px) 100vw, 1024px\" \/><\/a><\/p>\n<p>La actividad tendr\u00e1 lugar en el Piso 1 del Acervo Hist\u00f3rico del estado Zulia, edificio de la Biblioteca P\u00fablica del Zulia \u00abMar\u00eda Calca\u00f1o\u00bb, avenida 2 El Milagro, durante cinco s\u00e1bados.<\/p>\n<p><strong>Maracaibo, Zulia, Venezuela, 25 de septiembre de 2023 (ND58).-<\/strong> Este 30 de septiembre la Gobernaci\u00f3n del estado, a trav\u00e9s del Acervo Hist\u00f3rico del estado Zulia y su Fototeca \u00abArturo Lares Baralt\u00bb, invitan a la colectividad zuliana a cursar el Taller Historia de la Fotograf\u00eda, dictado por Carmelo Raydan. Tendr\u00e1 una duraci\u00f3n de 15 horas, que incluye actividad te\u00f3rica y cinco horas de trabajo pr\u00e1ctico de calle.<\/p>\n<p>El director general del Acervo Hist\u00f3rico del estado Zulia, Jes\u00fas \u00c1ngel Sempr\u00fan Parra, asegur\u00f3 que esta actividad busca fomentar el inter\u00e9s por la fotograf\u00eda, motivar la investigaci\u00f3n y fortalecer los procesos educativos originados en la entidad zuliana. \u00abEs tarea del Acervo Hist\u00f3rico la preservaci\u00f3n de la memoria fotogr\u00e1fica y, por ello, tenemos una fototeca encargada para esto\u00bb, dijo.<\/p>\n<p>El contenido de este taller es el siguiente: Sesi\u00f3n 1: Comprende una visi\u00f3n global de la historia de fotograf\u00eda mundial desde sus inicios hasta nuestros d\u00edas. Sesi\u00f3n 2: El acontecer latinoamericano y venezolano desde el arribo de la disciplina a la regi\u00f3n hasta nuestros d\u00edas. Sesi\u00f3n 3: El acontecer fotogr\u00e1fico maracaibero entre las d\u00e9cadas de 1860 y 1960. Sesi\u00f3n 4: Explicaci\u00f3n de la metodolog\u00eda de investigaci\u00f3n y se\u00f1alamiento del tema a trabajar. Sesi\u00f3n 5: Entrega de la investigaci\u00f3n realizada.<\/p>\n<p>Por su parte, Carmelo Raydan manifest\u00f3 que \u00abel inter\u00e9s de este Taller es resaltar el conocimiento sobre el pasado, porque toda sociedad lo necesita para auto reconocerse. El individuo necesita conocer su pasado, para mantener su identidad y preservar su memoria hist\u00f3rica\u00bb.<\/p>\n<p>Se\u00f1al\u00f3 que este taller presentar\u00e1 una visi\u00f3n del acontecer en Europa, en el mundo isl\u00e1mico, el lejano oriente, la Am\u00e9rica anglosajona, Latinoam\u00e9rica y Venezuela; concluyendo con una investigaci\u00f3n sobre los fot\u00f3grafos maracaiberos.<\/p>\n<p>Cabe destacar que Raydan es un destacado y apasionado de la fotograf\u00eda, autor de varios libros dedicados a este arte, con premios nacionales y una larga trayectoria educativa.<\/p>\n<p>Para m\u00e1s informaci\u00f3n escribir al correo electr\u00f3nico fototecaalb@gmail.com o dirigirse personalmente a la sede del Acervo Hist\u00f3rico del estado Zulia en horas de la ma\u00f1ana.<\/p>\n<p><strong>Redacci\u00f3n ND58 | Fuente: Prensa GDZ<\/strong><br \/>\n<strong>Edici\u00f3n: Villasmil, Henry<\/strong><br \/>\n<strong>Gr\u00e1ficas: Cortes\u00eda Prensa GDZ<\/strong><\/p>\n<p>&nbsp;<\/p>\n<p>&nbsp;<\/p><div class=\"mefzo69f028f36ee78\" ><p style=\"text-align: center;\"><a href=\"https:\/\/t.me\/noticiasdigital58\" target=\"_blank\" rel=\"noopener\"><img class=\"aligncenter size-full wp-image-125363\" src=\"https:\/\/digital58.com.ve\/site\/wp-content\/uploads\/2021\/04\/banner-telegram-web-2021.png\" alt=\"\" width=\"600\" height=\"90\" \/><\/a><\/p><\/div><style type=\"text\/css\">\r\n@media screen and (min-width: 1201px) {\r\n.mefzo69f028f36ee78 {\r\ndisplay: block;\r\n}\r\n}\r\n@media screen and (min-width: 993px) and (max-width: 1200px) {\r\n.mefzo69f028f36ee78 {\r\ndisplay: block;\r\n}\r\n}\r\n@media screen and (min-width: 769px) and (max-width: 992px) {\r\n.mefzo69f028f36ee78 {\r\ndisplay: block;\r\n}\r\n}\r\n@media screen and (min-width: 768px) and (max-width: 768px) {\r\n.mefzo69f028f36ee78 {\r\ndisplay: block;\r\n}\r\n}\r\n@media screen and (max-width: 767px) {\r\n.mefzo69f028f36ee78 {\r\ndisplay: block;\r\n}\r\n}\r\n<\/style>\r\n\n<p>&nbsp;<\/p>\n<div style=\"margin-top: 0px; margin-bottom: 0px;\" class=\"sharethis-inline-share-buttons\" ><\/div>","protected":false},"excerpt":{"rendered":"<p>La actividad tendr\u00e1 lugar en el Piso 1 del Acervo Hist\u00f3rico del estado Zulia, edificio de la Biblioteca P\u00fablica del<\/p>\n","protected":false},"author":1,"featured_media":170865,"comment_status":"open","ping_status":"closed","sticky":false,"template":"","format":"standard","meta":{"colormag_page_container_layout":"default_layout","colormag_page_sidebar_layout":"default_layout","_uag_custom_page_level_css":"","footnotes":""},"categories":[5401],"tags":[32499,32497,145,32495,13579,32498,233,2354,10613,32496,32,761],"class_list":["post-170864","post","type-post","status-publish","format-standard","has-post-thumbnail","hentry","category-artes","tag-acervo-historico","tag-carmelo-raydan","tag-fotografia","tag-fototeca-arturo-lares-baralt","tag-gobierno-del-zulia","tag-jesus-angel-semprun-parra","tag-nacionales","tag-regionales","tag-taller-de-fotografia","tag-taller-historia-de-la-fotografia","tag-venezuela","tag-zulia"],"yoast_head":"<!-- This site is optimized with the Yoast SEO plugin v27.4 - https:\/\/yoast.com\/product\/yoast-seo-wordpress\/ -->\n<title>#Zulia | Realizar\u00e1n Taller de Fotograf\u00eda que rememora historia nacional y maracaibera<\/title>\n<meta name=\"robots\" content=\"index, follow, max-snippet:-1, max-image-preview:large, max-video-preview:-1\" \/>\n<link rel=\"canonical\" href=\"https:\/\/digital58.com.ve\/site\/2023\/09\/25\/zulia-realizaran-taller-de-fotografia-que-rememora-historia-nacional-y-maracaibera\/\" \/>\n<meta property=\"og:locale\" content=\"es_ES\" \/>\n<meta property=\"og:type\" content=\"article\" \/>\n<meta property=\"og:title\" content=\"#Zulia | Realizar\u00e1n Taller de Fotograf\u00eda que rememora historia nacional y maracaibera\" \/>\n<meta property=\"og:url\" content=\"https:\/\/digital58.com.ve\/site\/2023\/09\/25\/zulia-realizaran-taller-de-fotografia-que-rememora-historia-nacional-y-maracaibera\/\" \/>\n<meta property=\"og:site_name\" content=\"Noticias Digital58\" \/>\n<meta property=\"article:published_time\" content=\"2023-09-25T16:18:07+00:00\" \/>\n<meta property=\"og:image\" content=\"https:\/\/i0.wp.com\/digital58.com.ve\/site\/wp-content\/uploads\/2023\/09\/WhatsApp-Image-2023-09-21-at-6.08.43-PM.jpeg?fit=1024%2C470&ssl=1\" \/>\n\t<meta property=\"og:image:width\" content=\"1024\" \/>\n\t<meta property=\"og:image:height\" content=\"470\" \/>\n\t<meta property=\"og:image:type\" content=\"image\/jpeg\" \/>\n<meta name=\"author\" content=\"Villasmil Henry\" \/>\n<meta name=\"twitter:card\" content=\"summary_large_image\" \/>\n<meta name=\"twitter:creator\" content=\"@https:\/\/twitter.com\/villasmilhfoto\" \/>\n<meta name=\"twitter:site\" content=\"@villasmilhfoto\" \/>\n<meta name=\"twitter:label1\" content=\"Escrito por\" \/>\n\t<meta name=\"twitter:data1\" content=\"Villasmil Henry\" \/>\n\t<meta name=\"twitter:label2\" content=\"Tiempo estimado de lectura\" \/>\n\t<meta name=\"twitter:data2\" content=\"2 minutos\" \/>\n<script type=\"application\/ld+json\" class=\"yoast-schema-graph\">{\"@context\":\"https:\\\/\\\/schema.org\",\"@graph\":[{\"@type\":\"Article\",\"@id\":\"https:\\\/\\\/digital58.com.ve\\\/site\\\/2023\\\/09\\\/25\\\/zulia-realizaran-taller-de-fotografia-que-rememora-historia-nacional-y-maracaibera\\\/#article\",\"isPartOf\":{\"@id\":\"https:\\\/\\\/digital58.com.ve\\\/site\\\/2023\\\/09\\\/25\\\/zulia-realizaran-taller-de-fotografia-que-rememora-historia-nacional-y-maracaibera\\\/\"},\"author\":{\"name\":\"Villasmil Henry\",\"@id\":\"https:\\\/\\\/digital58.com.ve\\\/site\\\/#\\\/schema\\\/person\\\/64d1c2e4d0d4fd1b849980c4331c2951\"},\"headline\":\"#Zulia | Realizar\u00e1n Taller de Fotograf\u00eda que rememora historia nacional y maracaibera\",\"datePublished\":\"2023-09-25T16:18:07+00:00\",\"mainEntityOfPage\":{\"@id\":\"https:\\\/\\\/digital58.com.ve\\\/site\\\/2023\\\/09\\\/25\\\/zulia-realizaran-taller-de-fotografia-que-rememora-historia-nacional-y-maracaibera\\\/\"},\"wordCount\":435,\"commentCount\":0,\"publisher\":{\"@id\":\"https:\\\/\\\/digital58.com.ve\\\/site\\\/#\\\/schema\\\/person\\\/64d1c2e4d0d4fd1b849980c4331c2951\"},\"image\":{\"@id\":\"https:\\\/\\\/digital58.com.ve\\\/site\\\/2023\\\/09\\\/25\\\/zulia-realizaran-taller-de-fotografia-que-rememora-historia-nacional-y-maracaibera\\\/#primaryimage\"},\"thumbnailUrl\":\"https:\\\/\\\/digital58.com.ve\\\/site\\\/wp-content\\\/uploads\\\/2023\\\/09\\\/WhatsApp-Image-2023-09-21-at-6.08.43-PM.jpeg\",\"keywords\":[\"Acervo Hist\u00f3rico\",\"Carmelo Raydan\",\"Fotograf\u00eda\",\"Fototeca \u00abArturo Lares Baralt\u00bb\",\"Gobierno del Zulia\",\"Jes\u00fas \u00c1ngel Sempr\u00fan Parra\",\"Nacionales\",\"Regionales\",\"taller de fotograf\u00eda\",\"Taller Historia de la Fotograf\u00eda\",\"Venezuela\",\"Zulia\"],\"articleSection\":[\"Artes\"],\"inLanguage\":\"es\",\"potentialAction\":[{\"@type\":\"CommentAction\",\"name\":\"Comment\",\"target\":[\"https:\\\/\\\/digital58.com.ve\\\/site\\\/2023\\\/09\\\/25\\\/zulia-realizaran-taller-de-fotografia-que-rememora-historia-nacional-y-maracaibera\\\/#respond\"]}]},{\"@type\":\"WebPage\",\"@id\":\"https:\\\/\\\/digital58.com.ve\\\/site\\\/2023\\\/09\\\/25\\\/zulia-realizaran-taller-de-fotografia-que-rememora-historia-nacional-y-maracaibera\\\/\",\"url\":\"https:\\\/\\\/digital58.com.ve\\\/site\\\/2023\\\/09\\\/25\\\/zulia-realizaran-taller-de-fotografia-que-rememora-historia-nacional-y-maracaibera\\\/\",\"name\":\"#Zulia | Realizar\u00e1n Taller de Fotograf\u00eda que rememora historia nacional y maracaibera\",\"isPartOf\":{\"@id\":\"https:\\\/\\\/digital58.com.ve\\\/site\\\/#website\"},\"primaryImageOfPage\":{\"@id\":\"https:\\\/\\\/digital58.com.ve\\\/site\\\/2023\\\/09\\\/25\\\/zulia-realizaran-taller-de-fotografia-que-rememora-historia-nacional-y-maracaibera\\\/#primaryimage\"},\"image\":{\"@id\":\"https:\\\/\\\/digital58.com.ve\\\/site\\\/2023\\\/09\\\/25\\\/zulia-realizaran-taller-de-fotografia-que-rememora-historia-nacional-y-maracaibera\\\/#primaryimage\"},\"thumbnailUrl\":\"https:\\\/\\\/digital58.com.ve\\\/site\\\/wp-content\\\/uploads\\\/2023\\\/09\\\/WhatsApp-Image-2023-09-21-at-6.08.43-PM.jpeg\",\"datePublished\":\"2023-09-25T16:18:07+00:00\",\"breadcrumb\":{\"@id\":\"https:\\\/\\\/digital58.com.ve\\\/site\\\/2023\\\/09\\\/25\\\/zulia-realizaran-taller-de-fotografia-que-rememora-historia-nacional-y-maracaibera\\\/#breadcrumb\"},\"inLanguage\":\"es\",\"potentialAction\":[{\"@type\":\"ReadAction\",\"target\":[\"https:\\\/\\\/digital58.com.ve\\\/site\\\/2023\\\/09\\\/25\\\/zulia-realizaran-taller-de-fotografia-que-rememora-historia-nacional-y-maracaibera\\\/\"]}]},{\"@type\":\"ImageObject\",\"inLanguage\":\"es\",\"@id\":\"https:\\\/\\\/digital58.com.ve\\\/site\\\/2023\\\/09\\\/25\\\/zulia-realizaran-taller-de-fotografia-que-rememora-historia-nacional-y-maracaibera\\\/#primaryimage\",\"url\":\"https:\\\/\\\/digital58.com.ve\\\/site\\\/wp-content\\\/uploads\\\/2023\\\/09\\\/WhatsApp-Image-2023-09-21-at-6.08.43-PM.jpeg\",\"contentUrl\":\"https:\\\/\\\/digital58.com.ve\\\/site\\\/wp-content\\\/uploads\\\/2023\\\/09\\\/WhatsApp-Image-2023-09-21-at-6.08.43-PM.jpeg\",\"width\":1024,\"height\":470},{\"@type\":\"BreadcrumbList\",\"@id\":\"https:\\\/\\\/digital58.com.ve\\\/site\\\/2023\\\/09\\\/25\\\/zulia-realizaran-taller-de-fotografia-que-rememora-historia-nacional-y-maracaibera\\\/#breadcrumb\",\"itemListElement\":[{\"@type\":\"ListItem\",\"position\":1,\"name\":\"Home\",\"item\":\"https:\\\/\\\/digital58.com.ve\\\/site\\\/\"},{\"@type\":\"ListItem\",\"position\":2,\"name\":\"#Zulia | Realizar\u00e1n Taller de Fotograf\u00eda que rememora historia nacional y maracaibera\"}]},{\"@type\":\"WebSite\",\"@id\":\"https:\\\/\\\/digital58.com.ve\\\/site\\\/#website\",\"url\":\"https:\\\/\\\/digital58.com.ve\\\/site\\\/\",\"name\":\"Noticias Digital58\",\"description\":\"Portal de Noticias \u00a1Periodismo web de verdad! Lanzamiento web 22.11.2005 \\\/ Maracaibo, Venezuela\",\"publisher\":{\"@id\":\"https:\\\/\\\/digital58.com.ve\\\/site\\\/#\\\/schema\\\/person\\\/64d1c2e4d0d4fd1b849980c4331c2951\"},\"alternateName\":\"ND58\",\"potentialAction\":[{\"@type\":\"SearchAction\",\"target\":{\"@type\":\"EntryPoint\",\"urlTemplate\":\"https:\\\/\\\/digital58.com.ve\\\/site\\\/?s={search_term_string}\"},\"query-input\":{\"@type\":\"PropertyValueSpecification\",\"valueRequired\":true,\"valueName\":\"search_term_string\"}}],\"inLanguage\":\"es\"},{\"@type\":[\"Person\",\"Organization\"],\"@id\":\"https:\\\/\\\/digital58.com.ve\\\/site\\\/#\\\/schema\\\/person\\\/64d1c2e4d0d4fd1b849980c4331c2951\",\"name\":\"Villasmil Henry\",\"image\":{\"@type\":\"ImageObject\",\"inLanguage\":\"es\",\"@id\":\"https:\\\/\\\/secure.gravatar.com\\\/avatar\\\/bb0c4a2fcb7970138239f7e404ea75757b1b507b28b5ce4c53fbd62d797c5a7c?s=96&d=mm&r=g\",\"url\":\"https:\\\/\\\/secure.gravatar.com\\\/avatar\\\/bb0c4a2fcb7970138239f7e404ea75757b1b507b28b5ce4c53fbd62d797c5a7c?s=96&d=mm&r=g\",\"contentUrl\":\"https:\\\/\\\/secure.gravatar.com\\\/avatar\\\/bb0c4a2fcb7970138239f7e404ea75757b1b507b28b5ce4c53fbd62d797c5a7c?s=96&d=mm&r=g\",\"caption\":\"Villasmil Henry\"},\"logo\":{\"@id\":\"https:\\\/\\\/secure.gravatar.com\\\/avatar\\\/bb0c4a2fcb7970138239f7e404ea75757b1b507b28b5ce4c53fbd62d797c5a7c?s=96&d=mm&r=g\"},\"sameAs\":[\"http:\\\/\\\/www.henryvillasmil.com.ve\",\"https:\\\/\\\/www.instagram.com\\\/villasmilhfoto\\\/\",\"https:\\\/\\\/x.com\\\/https:\\\/\\\/twitter.com\\\/villasmilhfoto\"],\"url\":\"https:\\\/\\\/digital58.com.ve\\\/site\\\/author\\\/droopy_68\\\/\"}]}<\/script>\n<!-- \/ Yoast SEO plugin. -->","yoast_head_json":{"title":"#Zulia | Realizar\u00e1n Taller de Fotograf\u00eda que rememora historia nacional y maracaibera","robots":{"index":"index","follow":"follow","max-snippet":"max-snippet:-1","max-image-preview":"max-image-preview:large","max-video-preview":"max-video-preview:-1"},"canonical":"https:\/\/digital58.com.ve\/site\/2023\/09\/25\/zulia-realizaran-taller-de-fotografia-que-rememora-historia-nacional-y-maracaibera\/","og_locale":"es_ES","og_type":"article","og_title":"#Zulia | Realizar\u00e1n Taller de Fotograf\u00eda que rememora historia nacional y maracaibera","og_url":"https:\/\/digital58.com.ve\/site\/2023\/09\/25\/zulia-realizaran-taller-de-fotografia-que-rememora-historia-nacional-y-maracaibera\/","og_site_name":"Noticias Digital58","article_published_time":"2023-09-25T16:18:07+00:00","og_image":[{"width":1024,"height":470,"url":"https:\/\/i0.wp.com\/digital58.com.ve\/site\/wp-content\/uploads\/2023\/09\/WhatsApp-Image-2023-09-21-at-6.08.43-PM.jpeg?fit=1024%2C470&ssl=1","type":"image\/jpeg"}],"author":"Villasmil Henry","twitter_card":"summary_large_image","twitter_creator":"@https:\/\/twitter.com\/villasmilhfoto","twitter_site":"@villasmilhfoto","twitter_misc":{"Escrito por":"Villasmil Henry","Tiempo estimado de lectura":"2 minutos"},"schema":{"@context":"https:\/\/schema.org","@graph":[{"@type":"Article","@id":"https:\/\/digital58.com.ve\/site\/2023\/09\/25\/zulia-realizaran-taller-de-fotografia-que-rememora-historia-nacional-y-maracaibera\/#article","isPartOf":{"@id":"https:\/\/digital58.com.ve\/site\/2023\/09\/25\/zulia-realizaran-taller-de-fotografia-que-rememora-historia-nacional-y-maracaibera\/"},"author":{"name":"Villasmil Henry","@id":"https:\/\/digital58.com.ve\/site\/#\/schema\/person\/64d1c2e4d0d4fd1b849980c4331c2951"},"headline":"#Zulia | Realizar\u00e1n Taller de Fotograf\u00eda que rememora historia nacional y maracaibera","datePublished":"2023-09-25T16:18:07+00:00","mainEntityOfPage":{"@id":"https:\/\/digital58.com.ve\/site\/2023\/09\/25\/zulia-realizaran-taller-de-fotografia-que-rememora-historia-nacional-y-maracaibera\/"},"wordCount":435,"commentCount":0,"publisher":{"@id":"https:\/\/digital58.com.ve\/site\/#\/schema\/person\/64d1c2e4d0d4fd1b849980c4331c2951"},"image":{"@id":"https:\/\/digital58.com.ve\/site\/2023\/09\/25\/zulia-realizaran-taller-de-fotografia-que-rememora-historia-nacional-y-maracaibera\/#primaryimage"},"thumbnailUrl":"https:\/\/digital58.com.ve\/site\/wp-content\/uploads\/2023\/09\/WhatsApp-Image-2023-09-21-at-6.08.43-PM.jpeg","keywords":["Acervo Hist\u00f3rico","Carmelo Raydan","Fotograf\u00eda","Fototeca \u00abArturo Lares Baralt\u00bb","Gobierno del Zulia","Jes\u00fas \u00c1ngel Sempr\u00fan Parra","Nacionales","Regionales","taller de fotograf\u00eda","Taller Historia de la Fotograf\u00eda","Venezuela","Zulia"],"articleSection":["Artes"],"inLanguage":"es","potentialAction":[{"@type":"CommentAction","name":"Comment","target":["https:\/\/digital58.com.ve\/site\/2023\/09\/25\/zulia-realizaran-taller-de-fotografia-que-rememora-historia-nacional-y-maracaibera\/#respond"]}]},{"@type":"WebPage","@id":"https:\/\/digital58.com.ve\/site\/2023\/09\/25\/zulia-realizaran-taller-de-fotografia-que-rememora-historia-nacional-y-maracaibera\/","url":"https:\/\/digital58.com.ve\/site\/2023\/09\/25\/zulia-realizaran-taller-de-fotografia-que-rememora-historia-nacional-y-maracaibera\/","name":"#Zulia | Realizar\u00e1n Taller de Fotograf\u00eda que rememora historia nacional y maracaibera","isPartOf":{"@id":"https:\/\/digital58.com.ve\/site\/#website"},"primaryImageOfPage":{"@id":"https:\/\/digital58.com.ve\/site\/2023\/09\/25\/zulia-realizaran-taller-de-fotografia-que-rememora-historia-nacional-y-maracaibera\/#primaryimage"},"image":{"@id":"https:\/\/digital58.com.ve\/site\/2023\/09\/25\/zulia-realizaran-taller-de-fotografia-que-rememora-historia-nacional-y-maracaibera\/#primaryimage"},"thumbnailUrl":"https:\/\/digital58.com.ve\/site\/wp-content\/uploads\/2023\/09\/WhatsApp-Image-2023-09-21-at-6.08.43-PM.jpeg","datePublished":"2023-09-25T16:18:07+00:00","breadcrumb":{"@id":"https:\/\/digital58.com.ve\/site\/2023\/09\/25\/zulia-realizaran-taller-de-fotografia-que-rememora-historia-nacional-y-maracaibera\/#breadcrumb"},"inLanguage":"es","potentialAction":[{"@type":"ReadAction","target":["https:\/\/digital58.com.ve\/site\/2023\/09\/25\/zulia-realizaran-taller-de-fotografia-que-rememora-historia-nacional-y-maracaibera\/"]}]},{"@type":"ImageObject","inLanguage":"es","@id":"https:\/\/digital58.com.ve\/site\/2023\/09\/25\/zulia-realizaran-taller-de-fotografia-que-rememora-historia-nacional-y-maracaibera\/#primaryimage","url":"https:\/\/digital58.com.ve\/site\/wp-content\/uploads\/2023\/09\/WhatsApp-Image-2023-09-21-at-6.08.43-PM.jpeg","contentUrl":"https:\/\/digital58.com.ve\/site\/wp-content\/uploads\/2023\/09\/WhatsApp-Image-2023-09-21-at-6.08.43-PM.jpeg","width":1024,"height":470},{"@type":"BreadcrumbList","@id":"https:\/\/digital58.com.ve\/site\/2023\/09\/25\/zulia-realizaran-taller-de-fotografia-que-rememora-historia-nacional-y-maracaibera\/#breadcrumb","itemListElement":[{"@type":"ListItem","position":1,"name":"Home","item":"https:\/\/digital58.com.ve\/site\/"},{"@type":"ListItem","position":2,"name":"#Zulia | Realizar\u00e1n Taller de Fotograf\u00eda que rememora historia nacional y maracaibera"}]},{"@type":"WebSite","@id":"https:\/\/digital58.com.ve\/site\/#website","url":"https:\/\/digital58.com.ve\/site\/","name":"Noticias Digital58","description":"Portal de Noticias \u00a1Periodismo web de verdad! Lanzamiento web 22.11.2005 \/ Maracaibo, Venezuela","publisher":{"@id":"https:\/\/digital58.com.ve\/site\/#\/schema\/person\/64d1c2e4d0d4fd1b849980c4331c2951"},"alternateName":"ND58","potentialAction":[{"@type":"SearchAction","target":{"@type":"EntryPoint","urlTemplate":"https:\/\/digital58.com.ve\/site\/?s={search_term_string}"},"query-input":{"@type":"PropertyValueSpecification","valueRequired":true,"valueName":"search_term_string"}}],"inLanguage":"es"},{"@type":["Person","Organization"],"@id":"https:\/\/digital58.com.ve\/site\/#\/schema\/person\/64d1c2e4d0d4fd1b849980c4331c2951","name":"Villasmil Henry","image":{"@type":"ImageObject","inLanguage":"es","@id":"https:\/\/secure.gravatar.com\/avatar\/bb0c4a2fcb7970138239f7e404ea75757b1b507b28b5ce4c53fbd62d797c5a7c?s=96&d=mm&r=g","url":"https:\/\/secure.gravatar.com\/avatar\/bb0c4a2fcb7970138239f7e404ea75757b1b507b28b5ce4c53fbd62d797c5a7c?s=96&d=mm&r=g","contentUrl":"https:\/\/secure.gravatar.com\/avatar\/bb0c4a2fcb7970138239f7e404ea75757b1b507b28b5ce4c53fbd62d797c5a7c?s=96&d=mm&r=g","caption":"Villasmil Henry"},"logo":{"@id":"https:\/\/secure.gravatar.com\/avatar\/bb0c4a2fcb7970138239f7e404ea75757b1b507b28b5ce4c53fbd62d797c5a7c?s=96&d=mm&r=g"},"sameAs":["http:\/\/www.henryvillasmil.com.ve","https:\/\/www.instagram.com\/villasmilhfoto\/","https:\/\/x.com\/https:\/\/twitter.com\/villasmilhfoto"],"url":"https:\/\/digital58.com.ve\/site\/author\/droopy_68\/"}]}},"uagb_featured_image_src":{"full":["https:\/\/digital58.com.ve\/site\/wp-content\/uploads\/2023\/09\/WhatsApp-Image-2023-09-21-at-6.08.43-PM.jpeg",1024,470,false],"thumbnail":["https:\/\/digital58.com.ve\/site\/wp-content\/uploads\/2023\/09\/WhatsApp-Image-2023-09-21-at-6.08.43-PM-150x150.jpeg",150,150,true],"medium":["https:\/\/digital58.com.ve\/site\/wp-content\/uploads\/2023\/09\/WhatsApp-Image-2023-09-21-at-6.08.43-PM-300x138.jpeg",300,138,true],"medium_large":["https:\/\/digital58.com.ve\/site\/wp-content\/uploads\/2023\/09\/WhatsApp-Image-2023-09-21-at-6.08.43-PM-768x353.jpeg",768,353,true],"large":["https:\/\/digital58.com.ve\/site\/wp-content\/uploads\/2023\/09\/WhatsApp-Image-2023-09-21-at-6.08.43-PM-1000x459.jpeg",800,367,true],"1536x1536":["https:\/\/digital58.com.ve\/site\/wp-content\/uploads\/2023\/09\/WhatsApp-Image-2023-09-21-at-6.08.43-PM.jpeg",1024,470,false],"2048x2048":["https:\/\/digital58.com.ve\/site\/wp-content\/uploads\/2023\/09\/WhatsApp-Image-2023-09-21-at-6.08.43-PM.jpeg",1024,470,false],"colormag-highlighted-post":["https:\/\/digital58.com.ve\/site\/wp-content\/uploads\/2023\/09\/WhatsApp-Image-2023-09-21-at-6.08.43-PM-392x272.jpeg",392,272,true],"colormag-featured-post-medium":["https:\/\/digital58.com.ve\/site\/wp-content\/uploads\/2023\/09\/WhatsApp-Image-2023-09-21-at-6.08.43-PM-390x205.jpeg",390,205,true],"colormag-featured-post-small":["https:\/\/digital58.com.ve\/site\/wp-content\/uploads\/2023\/09\/WhatsApp-Image-2023-09-21-at-6.08.43-PM-130x90.jpeg",130,90,true],"colormag-featured-image":["https:\/\/digital58.com.ve\/site\/wp-content\/uploads\/2023\/09\/WhatsApp-Image-2023-09-21-at-6.08.43-PM-800x445.jpeg",800,445,true],"colormag-default-news":["https:\/\/digital58.com.ve\/site\/wp-content\/uploads\/2023\/09\/WhatsApp-Image-2023-09-21-at-6.08.43-PM-150x150.jpeg",150,150,true],"colormag-featured-image-large":["https:\/\/digital58.com.ve\/site\/wp-content\/uploads\/2023\/09\/WhatsApp-Image-2023-09-21-at-6.08.43-PM.jpeg",1024,470,false]},"uagb_author_info":{"display_name":"Villasmil Henry","author_link":"https:\/\/digital58.com.ve\/site\/author\/droopy_68\/"},"uagb_comment_info":0,"uagb_excerpt":"La actividad tendr\u00e1 lugar en el Piso 1 del Acervo Hist\u00f3rico del estado Zulia, edificio de la Biblioteca P\u00fablica del","_links":{"self":[{"href":"https:\/\/digital58.com.ve\/site\/wp-json\/wp\/v2\/posts\/170864","targetHints":{"allow":["GET"]}}],"collection":[{"href":"https:\/\/digital58.com.ve\/site\/wp-json\/wp\/v2\/posts"}],"about":[{"href":"https:\/\/digital58.com.ve\/site\/wp-json\/wp\/v2\/types\/post"}],"author":[{"embeddable":true,"href":"https:\/\/digital58.com.ve\/site\/wp-json\/wp\/v2\/users\/1"}],"replies":[{"embeddable":true,"href":"https:\/\/digital58.com.ve\/site\/wp-json\/wp\/v2\/comments?post=170864"}],"version-history":[{"count":1,"href":"https:\/\/digital58.com.ve\/site\/wp-json\/wp\/v2\/posts\/170864\/revisions"}],"predecessor-version":[{"id":170866,"href":"https:\/\/digital58.com.ve\/site\/wp-json\/wp\/v2\/posts\/170864\/revisions\/170866"}],"wp:featuredmedia":[{"embeddable":true,"href":"https:\/\/digital58.com.ve\/site\/wp-json\/wp\/v2\/media\/170865"}],"wp:attachment":[{"href":"https:\/\/digital58.com.ve\/site\/wp-json\/wp\/v2\/media?parent=170864"}],"wp:term":[{"taxonomy":"category","embeddable":true,"href":"https:\/\/digital58.com.ve\/site\/wp-json\/wp\/v2\/categories?post=170864"},{"taxonomy":"post_tag","embeddable":true,"href":"https:\/\/digital58.com.ve\/site\/wp-json\/wp\/v2\/tags?post=170864"}],"curies":[{"name":"wp","href":"https:\/\/api.w.org\/{rel}","templated":true}]}}