{"id":170880,"date":"2023-09-25T20:47:33","date_gmt":"2023-09-26T00:47:33","guid":{"rendered":"https:\/\/digital58.com.ve\/site\/?p=170880"},"modified":"2023-09-25T20:47:33","modified_gmt":"2023-09-26T00:47:33","slug":"motogp-bezzecchi-vence-martin-acaba-segundo-y-bagnaia-por-los-suelos","status":"publish","type":"post","link":"https:\/\/digital58.com.ve\/site\/2023\/09\/25\/motogp-bezzecchi-vence-martin-acaba-segundo-y-bagnaia-por-los-suelos\/","title":{"rendered":"#MotoGP | Bezzecchi vence, Mart\u00edn acaba segundo y Bagnaia por los suelos"},"content":{"rendered":"<p><a href=\"https:\/\/digital58.com.ve\/site\/wp-content\/uploads\/2023\/09\/78ef2dfee6a0b2c0dd4478b703983dc8a7a1bfabminiw.jpg\"><img loading=\"lazy\" decoding=\"async\" class=\"aligncenter size-full wp-image-170882\" src=\"https:\/\/digital58.com.ve\/site\/wp-content\/uploads\/2023\/09\/78ef2dfee6a0b2c0dd4478b703983dc8a7a1bfabminiw.jpg\" alt=\"\" width=\"900\" height=\"552\" srcset=\"https:\/\/digital58.com.ve\/site\/wp-content\/uploads\/2023\/09\/78ef2dfee6a0b2c0dd4478b703983dc8a7a1bfabminiw.jpg 900w, https:\/\/digital58.com.ve\/site\/wp-content\/uploads\/2023\/09\/78ef2dfee6a0b2c0dd4478b703983dc8a7a1bfabminiw-300x184.jpg 300w, https:\/\/digital58.com.ve\/site\/wp-content\/uploads\/2023\/09\/78ef2dfee6a0b2c0dd4478b703983dc8a7a1bfabminiw-768x471.jpg 768w\" sizes=\"auto, (max-width: 900px) 100vw, 900px\" \/><\/a><\/p>\n<p>El italiano Francesco \u00abPecco\u00bb Bagnaia (Ducati Desmosedici GP23) consigui\u00f3 superar a Mart\u00edn para ponerse segundo, pero instantes despu\u00e9s acab\u00f3 por los suelos entregando unos puntos muy importantes.<\/p>\n<p><strong>India, 25 de septiembre de 2023 (ND58).-<\/strong> El italiano Marco Bezzecchi (Ducati Desmosedici GP22) consigui\u00f3 una clara y contundente victoria, por delante del espa\u00f1ol Jorge Mart\u00edn (Ducati Desmosedici GP23) en el Gran Premio de la India de MotoGP disputado en el circuito \u00abBuddh International\u00bb, que les permite acercarse al l\u00edder del mundial, que acab\u00f3 por los suelos.<\/p>\n<p>El italiano Francesco \u00abPecco\u00bb Bagnaia (Ducati Desmosedici GP23) consigui\u00f3 superar a Mart\u00edn para ponerse segundo, pero instantes despu\u00e9s acab\u00f3 por los suelos entregando unos puntos muy importantes tanto a Mart\u00edn como a Bezzecchi, pues ahora, en el mundial, tiene una ventaja sobre el espa\u00f1ol de 13 puntos y sobre su compatriota de 44 puntos.<\/p>\n<p>La pelea por la segunda posici\u00f3n result\u00f3 \u00e9pica, pues Jorge Mart\u00edn cometi\u00f3 un error en la \u00faltima vuelta que hizo que el franc\u00e9s Fabio Quartararo (Yamaha YZR M 1) se le echase encima e incluso le superase, pero el madrile\u00f1o, todo pundonor, luch\u00f3 al mil\u00edmetro por recuperar la segunda plaza y lo logr\u00f3, aunque el esfuerzo f\u00edsico le hizo acabar la prueba completamente extenuado.<\/p>\n<p>La carrera perdi\u00f3, adem\u00e1s de tres vueltas por decisi\u00f3n de la organizaci\u00f3n debido a las altas temperaturas y para garantizar la durabilidad de los neum\u00e1ticos, de 24 a 21 vueltas, a dos de sus participantes, ambos lesionados, el espa\u00f1ol Alex M\u00e1rquez (Ducati Desmosedici GP22) en los entrenamientos, y el italiano Luca Marini (Ducati Desmosedici GP22) en la primera vuelta de la carrera sprint.<\/p>\n<p>M\u00e1rquez se rompi\u00f3 tres costillas, aunque sin desplazamiento, en tanto que Marini se fractur\u00f3 la clav\u00edcula izquierda, con lo cual ambos se pierden la carrera de Jap\u00f3n el pr\u00f3ximo fin de semana, pero esperan estar recuperados para la cita de Indonesia.<\/p>\n<p>Mart\u00edn no se dej\u00f3 sorprender en la salida y ejerci\u00f3 de hombre \u00abpole\u00bb al entrar primero en la curva inicial del trazado, con \u00abPecco\u00bb Bagnaia intentando colarse por el interior, a Marco Bezzecchi, mientras que el franc\u00e9s Fabio Quartararo superaba a los dos pilotos de Honda, Marc M\u00e1rquez y Joan Mir, aunque el ocho veces campe\u00f3n del mundo tardaba poco en recuperar la posici\u00f3n.<\/p>\n<p>Delante, Bagnaia aprovech\u00f3 un error en la vuelta inicial de Mart\u00edn para superarlo, aunque en el paso por la l\u00ednea de meta Marco Bezzecchi, que en la carrera sprint sufri\u00f3 una ca\u00edda, se resarci\u00f3 de esa mala suerte situ\u00e1ndose l\u00edder de la competici\u00f3n.<\/p>\n<p>Bezzecchi comenz\u00f3 a tirar con fuerza para romper la carrera cuanto antes, pero tras su estela se peg\u00f3 Bagnaia, con Jorge Mart\u00edn tras ellos y un Marc M\u00e1rquez que intent\u00f3 aguantar el tipo en inferioridad de condiciones respecto a las tres Ducati de cabeza.<\/p>\n<p>Algo m\u00e1s atr\u00e1s ya iban Quartararo y Mir, los campeones del mundo de MotoGP en 2021 y 2020 respectivamente.<\/p>\n<p>El espa\u00f1ol Maverick Vi\u00f1ales (Aprilia RS-GP), no tuvo demasiada suerte, pues un error en la primera vuelta le posterg\u00f3 a la \u00faltima plaza de la carrera, desde donde intent\u00f3 recuperar el m\u00e1ximo de terreno posible.<\/p>\n<p><a href=\"https:\/\/digital58.com.ve\/site\/wp-content\/uploads\/2023\/09\/e944c096cdce7b341c54753c2929e7cca83814f2miniw.jpg\"><img loading=\"lazy\" decoding=\"async\" class=\"aligncenter size-full wp-image-170881\" src=\"https:\/\/digital58.com.ve\/site\/wp-content\/uploads\/2023\/09\/e944c096cdce7b341c54753c2929e7cca83814f2miniw.jpg\" alt=\"\" width=\"900\" height=\"548\" srcset=\"https:\/\/digital58.com.ve\/site\/wp-content\/uploads\/2023\/09\/e944c096cdce7b341c54753c2929e7cca83814f2miniw.jpg 900w, https:\/\/digital58.com.ve\/site\/wp-content\/uploads\/2023\/09\/e944c096cdce7b341c54753c2929e7cca83814f2miniw-300x183.jpg 300w, https:\/\/digital58.com.ve\/site\/wp-content\/uploads\/2023\/09\/e944c096cdce7b341c54753c2929e7cca83814f2miniw-768x468.jpg 768w\" sizes=\"auto, (max-width: 900px) 100vw, 900px\" \/><\/a><\/p>\n<p>Poco a poco Marco Bezzecchi consigui\u00f3 poner tierra de por medio respecto a Bagnaia y Mart\u00edn, que intent\u00f3 por todos los medios superar al italiano para intentar irse tras el l\u00edder de la carrera, un objetivo que consigui\u00f3 en la cuarta vuelta en una acci\u00f3n un tanto arriesgada.<\/p>\n<p>Ese \u00abrifirrafe\u00bb entre Bagnaia y Mart\u00edn benefici\u00f3 a Bezzecchi, que gan\u00f3 algunos metros, pero tambi\u00e9n a M\u00e1rquez y Quartararo, que se acercaron a ellos, aunque el espa\u00f1ol se cay\u00f3 instantes despu\u00e9s en la curva uno, si bien no solt\u00f3 en ning\u00fan momento el manillar para evitar que la moto se parase y regres\u00f3 a pista en la decimoctava plaza.<\/p>\n<p>As\u00ed, Marco Bezzecchi se consolid\u00f3 en la primera plaza, con Mart\u00edn y Bagnaia pele\u00e1ndose por la segunda posici\u00f3n y, ya m\u00e1s atr\u00e1s, el grupo que encabezaba Fabio Quartararo y en el que tambi\u00e9n estaban Joan Mir, Brad Binder (KTM RC 16), Aleix Espargar\u00f3 (Aprilia RS-GP), Franco Morbidelli (Yamaha YZR M 1) y Johann Zarco (Ducati Desemosidici GP23), entre otros.<\/p>\n<p>Algo m\u00e1s atr\u00e1s, Maverick Vi\u00f1ales, en la vuelta nueve, ya era und\u00e9cimo tras superar al japon\u00e9s Takaaki Nakagami (Honda RC 213 V) y Marc M\u00e1rquez estaba en los puntos, decimoquinto.<\/p>\n<p>Pero Aleix Espargar\u00f3 no tuvo demasiada suerte y, a pesar de ocupar la s\u00e9ptima posici\u00f3n, tuvo que acabar tomando el camino de talleres con problemas t\u00e9cnicos en su moto, probablemente con alg\u00fan fallo en el sistema electr\u00f3nico del motor.<\/p>\n<p>Con un Bezzecchi incontestable en la primera plaza, Mart\u00edn se vio superado por Bagnaia a siete vueltas del final, pero el italiano cometi\u00f3 un error garrafal un poco despu\u00e9s que le hizo rodar por los suelos y le dej\u00f3 in\u00e9dito, lo que daba a Bezzecchi y Mart\u00edn la posibilidad de recuperar una buena cantidad de puntos en la provisional del mundial.<\/p>\n<p>La victoria de Bezzecchi, la tercera de la temporada, no se hizo esperar, como tampoco la segunda plaza de Jorge Mart\u00edn, que demostr\u00f3 su habilidad para evitar la eliminaci\u00f3n al estar abri\u00e9ndose la cremallera de cuero, que supo cerrar con maestr\u00eda, aunque Fabio Quartararo le lleg\u00f3 a superar en la \u00faltima vuelta y el espa\u00f1ol supo recuperar la posici\u00f3n con decisi\u00f3n.<\/p>\n<p><a href=\"https:\/\/digital58.com.ve\/site\/wp-content\/uploads\/2023\/09\/cbe0635d5ef9ee6552706fdb7473f00b8adae973miniw.jpg\"><img loading=\"lazy\" decoding=\"async\" class=\"aligncenter size-full wp-image-170883\" src=\"https:\/\/digital58.com.ve\/site\/wp-content\/uploads\/2023\/09\/cbe0635d5ef9ee6552706fdb7473f00b8adae973miniw.jpg\" alt=\"\" width=\"900\" height=\"585\" srcset=\"https:\/\/digital58.com.ve\/site\/wp-content\/uploads\/2023\/09\/cbe0635d5ef9ee6552706fdb7473f00b8adae973miniw.jpg 900w, https:\/\/digital58.com.ve\/site\/wp-content\/uploads\/2023\/09\/cbe0635d5ef9ee6552706fdb7473f00b8adae973miniw-300x195.jpg 300w, https:\/\/digital58.com.ve\/site\/wp-content\/uploads\/2023\/09\/cbe0635d5ef9ee6552706fdb7473f00b8adae973miniw-768x499.jpg 768w\" sizes=\"auto, (max-width: 900px) 100vw, 900px\" \/><\/a><\/p>\n<p>La cuarta plaza fue para le surafricano Brad Binder, con Joan Mir quinto, por delante de Johann Zarco, Franco Morbidelli, Maverick Vi\u00f1ales, Marc M\u00e1rquez y Ra\u00fal Fern\u00e1ndez (Aprilia RS-GP), que fueron quienes coparon las diez primeras posiciones.<\/p>\n<p>El espa\u00f1ol Pol Espargar\u00f3 (Gas Gas RC 16), decimotercero, concluy\u00f3 entre el portugu\u00e9s Miguel Oliveira (Aprilia RS-GP) y el australiano Jack Miller (KTM RC 16).<\/p>\n<p><strong>Redacci\u00f3n ND58 | Fuente: EFE<\/strong><br \/>\n<strong>Edici\u00f3n: Villasmil, Henry<\/strong><br \/>\n<strong>Gr\u00e1fica: EFE<\/strong><\/p>\n<p>&nbsp;<\/p>\n<p>&nbsp;<\/p><div class=\"yaevk69f1568b19506\" ><p style=\"text-align: center;\"><a href=\"https:\/\/t.me\/noticiasdigital58\" target=\"_blank\" rel=\"noopener\"><img class=\"aligncenter size-full wp-image-125363\" src=\"https:\/\/digital58.com.ve\/site\/wp-content\/uploads\/2021\/04\/banner-telegram-web-2021.png\" alt=\"\" width=\"600\" height=\"90\" \/><\/a><\/p><\/div><style type=\"text\/css\">\r\n@media screen and (min-width: 1201px) {\r\n.yaevk69f1568b19506 {\r\ndisplay: block;\r\n}\r\n}\r\n@media screen and (min-width: 993px) and (max-width: 1200px) {\r\n.yaevk69f1568b19506 {\r\ndisplay: block;\r\n}\r\n}\r\n@media screen and (min-width: 769px) and (max-width: 992px) {\r\n.yaevk69f1568b19506 {\r\ndisplay: block;\r\n}\r\n}\r\n@media screen and (min-width: 768px) and (max-width: 768px) {\r\n.yaevk69f1568b19506 {\r\ndisplay: block;\r\n}\r\n}\r\n@media screen and (max-width: 767px) {\r\n.yaevk69f1568b19506 {\r\ndisplay: block;\r\n}\r\n}\r\n<\/style>\r\n\n<p>&nbsp;<\/p>\n<div style=\"margin-top: 0px; margin-bottom: 0px;\" class=\"sharethis-inline-share-buttons\" ><\/div>","protected":false},"excerpt":{"rendered":"<p>El italiano Francesco \u00abPecco\u00bb Bagnaia (Ducati Desmosedici GP23) consigui\u00f3 superar a Mart\u00edn para ponerse segundo, pero instantes despu\u00e9s acab\u00f3 por<\/p>\n","protected":false},"author":1,"featured_media":170883,"comment_status":"open","ping_status":"closed","sticky":false,"template":"","format":"standard","meta":{"colormag_page_container_layout":"default_layout","colormag_page_sidebar_layout":"default_layout","_uag_custom_page_level_css":"","footnotes":""},"categories":[5402],"tags":[20346,29562,32506,8,18071,31377,32250,32249,4716,5483],"class_list":["post-170880","post","type-post","status-publish","format-standard","has-post-thumbnail","hentry","category-deportes","tag-ducati","tag-francesco-pecco-bagnaia","tag-gran-premio-de-la-india","tag-internacionales","tag-jorge-martin","tag-marco-bezzecchi","tag-moto-gp-2023","tag-motociclimo-internacional","tag-motociclismo","tag-motogp"],"yoast_head":"<!-- This site is optimized with the Yoast SEO plugin v27.5 - https:\/\/yoast.com\/product\/yoast-seo-wordpress\/ -->\n<title>#MotoGP | Bezzecchi vence, Mart\u00edn acaba segundo y Bagnaia por los suelos<\/title>\n<meta name=\"robots\" content=\"index, follow, max-snippet:-1, max-image-preview:large, max-video-preview:-1\" \/>\n<link rel=\"canonical\" href=\"https:\/\/digital58.com.ve\/site\/2023\/09\/25\/motogp-bezzecchi-vence-martin-acaba-segundo-y-bagnaia-por-los-suelos\/\" \/>\n<meta property=\"og:locale\" content=\"es_ES\" \/>\n<meta property=\"og:type\" content=\"article\" \/>\n<meta property=\"og:title\" content=\"#MotoGP | Bezzecchi vence, Mart\u00edn acaba segundo y Bagnaia por los suelos\" \/>\n<meta property=\"og:url\" content=\"https:\/\/digital58.com.ve\/site\/2023\/09\/25\/motogp-bezzecchi-vence-martin-acaba-segundo-y-bagnaia-por-los-suelos\/\" \/>\n<meta property=\"og:site_name\" content=\"Noticias Digital58\" \/>\n<meta property=\"article:published_time\" content=\"2023-09-26T00:47:33+00:00\" \/>\n<meta property=\"og:image\" content=\"https:\/\/i0.wp.com\/digital58.com.ve\/site\/wp-content\/uploads\/2023\/09\/cbe0635d5ef9ee6552706fdb7473f00b8adae973miniw.jpg?fit=900%2C585&ssl=1\" \/>\n\t<meta property=\"og:image:width\" content=\"900\" \/>\n\t<meta property=\"og:image:height\" content=\"585\" \/>\n\t<meta property=\"og:image:type\" content=\"image\/jpeg\" \/>\n<meta name=\"author\" content=\"Villasmil Henry\" \/>\n<meta name=\"twitter:card\" content=\"summary_large_image\" \/>\n<meta name=\"twitter:creator\" content=\"@https:\/\/twitter.com\/villasmilhfoto\" \/>\n<meta name=\"twitter:site\" content=\"@villasmilhfoto\" \/>\n<meta name=\"twitter:label1\" content=\"Escrito por\" \/>\n\t<meta name=\"twitter:data1\" content=\"Villasmil Henry\" \/>\n\t<meta name=\"twitter:label2\" content=\"Tiempo estimado de lectura\" \/>\n\t<meta name=\"twitter:data2\" content=\"5 minutos\" \/>\n<script type=\"application\/ld+json\" class=\"yoast-schema-graph\">{\"@context\":\"https:\\\/\\\/schema.org\",\"@graph\":[{\"@type\":\"Article\",\"@id\":\"https:\\\/\\\/digital58.com.ve\\\/site\\\/2023\\\/09\\\/25\\\/motogp-bezzecchi-vence-martin-acaba-segundo-y-bagnaia-por-los-suelos\\\/#article\",\"isPartOf\":{\"@id\":\"https:\\\/\\\/digital58.com.ve\\\/site\\\/2023\\\/09\\\/25\\\/motogp-bezzecchi-vence-martin-acaba-segundo-y-bagnaia-por-los-suelos\\\/\"},\"author\":{\"name\":\"Villasmil Henry\",\"@id\":\"https:\\\/\\\/digital58.com.ve\\\/site\\\/#\\\/schema\\\/person\\\/64d1c2e4d0d4fd1b849980c4331c2951\"},\"headline\":\"#MotoGP | Bezzecchi vence, Mart\u00edn acaba segundo y Bagnaia por los suelos\",\"datePublished\":\"2023-09-26T00:47:33+00:00\",\"mainEntityOfPage\":{\"@id\":\"https:\\\/\\\/digital58.com.ve\\\/site\\\/2023\\\/09\\\/25\\\/motogp-bezzecchi-vence-martin-acaba-segundo-y-bagnaia-por-los-suelos\\\/\"},\"wordCount\":1030,\"commentCount\":0,\"publisher\":{\"@id\":\"https:\\\/\\\/digital58.com.ve\\\/site\\\/#\\\/schema\\\/person\\\/64d1c2e4d0d4fd1b849980c4331c2951\"},\"image\":{\"@id\":\"https:\\\/\\\/digital58.com.ve\\\/site\\\/2023\\\/09\\\/25\\\/motogp-bezzecchi-vence-martin-acaba-segundo-y-bagnaia-por-los-suelos\\\/#primaryimage\"},\"thumbnailUrl\":\"https:\\\/\\\/digital58.com.ve\\\/site\\\/wp-content\\\/uploads\\\/2023\\\/09\\\/cbe0635d5ef9ee6552706fdb7473f00b8adae973miniw.jpg\",\"keywords\":[\"Ducati\",\"Francesco \u00abPecco\u00bb Bagnaia\",\"Gran Premio de la India\",\"Internacionales\",\"Jorge Mart\u00edn\",\"Marco Bezzecchi\",\"Moto GP 2023\",\"Motociclimo internacional\",\"Motociclismo\",\"MotoGP\"],\"articleSection\":[\"Deportes\"],\"inLanguage\":\"es\",\"potentialAction\":[{\"@type\":\"CommentAction\",\"name\":\"Comment\",\"target\":[\"https:\\\/\\\/digital58.com.ve\\\/site\\\/2023\\\/09\\\/25\\\/motogp-bezzecchi-vence-martin-acaba-segundo-y-bagnaia-por-los-suelos\\\/#respond\"]}]},{\"@type\":\"WebPage\",\"@id\":\"https:\\\/\\\/digital58.com.ve\\\/site\\\/2023\\\/09\\\/25\\\/motogp-bezzecchi-vence-martin-acaba-segundo-y-bagnaia-por-los-suelos\\\/\",\"url\":\"https:\\\/\\\/digital58.com.ve\\\/site\\\/2023\\\/09\\\/25\\\/motogp-bezzecchi-vence-martin-acaba-segundo-y-bagnaia-por-los-suelos\\\/\",\"name\":\"#MotoGP | Bezzecchi vence, Mart\u00edn acaba segundo y Bagnaia por los suelos\",\"isPartOf\":{\"@id\":\"https:\\\/\\\/digital58.com.ve\\\/site\\\/#website\"},\"primaryImageOfPage\":{\"@id\":\"https:\\\/\\\/digital58.com.ve\\\/site\\\/2023\\\/09\\\/25\\\/motogp-bezzecchi-vence-martin-acaba-segundo-y-bagnaia-por-los-suelos\\\/#primaryimage\"},\"image\":{\"@id\":\"https:\\\/\\\/digital58.com.ve\\\/site\\\/2023\\\/09\\\/25\\\/motogp-bezzecchi-vence-martin-acaba-segundo-y-bagnaia-por-los-suelos\\\/#primaryimage\"},\"thumbnailUrl\":\"https:\\\/\\\/digital58.com.ve\\\/site\\\/wp-content\\\/uploads\\\/2023\\\/09\\\/cbe0635d5ef9ee6552706fdb7473f00b8adae973miniw.jpg\",\"datePublished\":\"2023-09-26T00:47:33+00:00\",\"breadcrumb\":{\"@id\":\"https:\\\/\\\/digital58.com.ve\\\/site\\\/2023\\\/09\\\/25\\\/motogp-bezzecchi-vence-martin-acaba-segundo-y-bagnaia-por-los-suelos\\\/#breadcrumb\"},\"inLanguage\":\"es\",\"potentialAction\":[{\"@type\":\"ReadAction\",\"target\":[\"https:\\\/\\\/digital58.com.ve\\\/site\\\/2023\\\/09\\\/25\\\/motogp-bezzecchi-vence-martin-acaba-segundo-y-bagnaia-por-los-suelos\\\/\"]}]},{\"@type\":\"ImageObject\",\"inLanguage\":\"es\",\"@id\":\"https:\\\/\\\/digital58.com.ve\\\/site\\\/2023\\\/09\\\/25\\\/motogp-bezzecchi-vence-martin-acaba-segundo-y-bagnaia-por-los-suelos\\\/#primaryimage\",\"url\":\"https:\\\/\\\/digital58.com.ve\\\/site\\\/wp-content\\\/uploads\\\/2023\\\/09\\\/cbe0635d5ef9ee6552706fdb7473f00b8adae973miniw.jpg\",\"contentUrl\":\"https:\\\/\\\/digital58.com.ve\\\/site\\\/wp-content\\\/uploads\\\/2023\\\/09\\\/cbe0635d5ef9ee6552706fdb7473f00b8adae973miniw.jpg\",\"width\":900,\"height\":585},{\"@type\":\"BreadcrumbList\",\"@id\":\"https:\\\/\\\/digital58.com.ve\\\/site\\\/2023\\\/09\\\/25\\\/motogp-bezzecchi-vence-martin-acaba-segundo-y-bagnaia-por-los-suelos\\\/#breadcrumb\",\"itemListElement\":[{\"@type\":\"ListItem\",\"position\":1,\"name\":\"Home\",\"item\":\"https:\\\/\\\/digital58.com.ve\\\/site\\\/\"},{\"@type\":\"ListItem\",\"position\":2,\"name\":\"#MotoGP | Bezzecchi vence, Mart\u00edn acaba segundo y Bagnaia por los suelos\"}]},{\"@type\":\"WebSite\",\"@id\":\"https:\\\/\\\/digital58.com.ve\\\/site\\\/#website\",\"url\":\"https:\\\/\\\/digital58.com.ve\\\/site\\\/\",\"name\":\"Noticias Digital58\",\"description\":\"Portal de Noticias \u00a1Periodismo web de verdad! Lanzamiento web 22.11.2005 \\\/ Maracaibo, Venezuela\",\"publisher\":{\"@id\":\"https:\\\/\\\/digital58.com.ve\\\/site\\\/#\\\/schema\\\/person\\\/64d1c2e4d0d4fd1b849980c4331c2951\"},\"alternateName\":\"ND58\",\"potentialAction\":[{\"@type\":\"SearchAction\",\"target\":{\"@type\":\"EntryPoint\",\"urlTemplate\":\"https:\\\/\\\/digital58.com.ve\\\/site\\\/?s={search_term_string}\"},\"query-input\":{\"@type\":\"PropertyValueSpecification\",\"valueRequired\":true,\"valueName\":\"search_term_string\"}}],\"inLanguage\":\"es\"},{\"@type\":[\"Person\",\"Organization\"],\"@id\":\"https:\\\/\\\/digital58.com.ve\\\/site\\\/#\\\/schema\\\/person\\\/64d1c2e4d0d4fd1b849980c4331c2951\",\"name\":\"Villasmil Henry\",\"image\":{\"@type\":\"ImageObject\",\"inLanguage\":\"es\",\"@id\":\"https:\\\/\\\/secure.gravatar.com\\\/avatar\\\/bb0c4a2fcb7970138239f7e404ea75757b1b507b28b5ce4c53fbd62d797c5a7c?s=96&d=mm&r=g\",\"url\":\"https:\\\/\\\/secure.gravatar.com\\\/avatar\\\/bb0c4a2fcb7970138239f7e404ea75757b1b507b28b5ce4c53fbd62d797c5a7c?s=96&d=mm&r=g\",\"contentUrl\":\"https:\\\/\\\/secure.gravatar.com\\\/avatar\\\/bb0c4a2fcb7970138239f7e404ea75757b1b507b28b5ce4c53fbd62d797c5a7c?s=96&d=mm&r=g\",\"caption\":\"Villasmil Henry\"},\"logo\":{\"@id\":\"https:\\\/\\\/secure.gravatar.com\\\/avatar\\\/bb0c4a2fcb7970138239f7e404ea75757b1b507b28b5ce4c53fbd62d797c5a7c?s=96&d=mm&r=g\"},\"sameAs\":[\"http:\\\/\\\/www.henryvillasmil.com.ve\",\"https:\\\/\\\/www.instagram.com\\\/villasmilhfoto\\\/\",\"https:\\\/\\\/x.com\\\/https:\\\/\\\/twitter.com\\\/villasmilhfoto\"],\"url\":\"https:\\\/\\\/digital58.com.ve\\\/site\\\/author\\\/droopy_68\\\/\"}]}<\/script>\n<!-- \/ Yoast SEO plugin. -->","yoast_head_json":{"title":"#MotoGP | Bezzecchi vence, Mart\u00edn acaba segundo y Bagnaia por los suelos","robots":{"index":"index","follow":"follow","max-snippet":"max-snippet:-1","max-image-preview":"max-image-preview:large","max-video-preview":"max-video-preview:-1"},"canonical":"https:\/\/digital58.com.ve\/site\/2023\/09\/25\/motogp-bezzecchi-vence-martin-acaba-segundo-y-bagnaia-por-los-suelos\/","og_locale":"es_ES","og_type":"article","og_title":"#MotoGP | Bezzecchi vence, Mart\u00edn acaba segundo y Bagnaia por los suelos","og_url":"https:\/\/digital58.com.ve\/site\/2023\/09\/25\/motogp-bezzecchi-vence-martin-acaba-segundo-y-bagnaia-por-los-suelos\/","og_site_name":"Noticias Digital58","article_published_time":"2023-09-26T00:47:33+00:00","og_image":[{"width":900,"height":585,"url":"https:\/\/i0.wp.com\/digital58.com.ve\/site\/wp-content\/uploads\/2023\/09\/cbe0635d5ef9ee6552706fdb7473f00b8adae973miniw.jpg?fit=900%2C585&ssl=1","type":"image\/jpeg"}],"author":"Villasmil Henry","twitter_card":"summary_large_image","twitter_creator":"@https:\/\/twitter.com\/villasmilhfoto","twitter_site":"@villasmilhfoto","twitter_misc":{"Escrito por":"Villasmil Henry","Tiempo estimado de lectura":"5 minutos"},"schema":{"@context":"https:\/\/schema.org","@graph":[{"@type":"Article","@id":"https:\/\/digital58.com.ve\/site\/2023\/09\/25\/motogp-bezzecchi-vence-martin-acaba-segundo-y-bagnaia-por-los-suelos\/#article","isPartOf":{"@id":"https:\/\/digital58.com.ve\/site\/2023\/09\/25\/motogp-bezzecchi-vence-martin-acaba-segundo-y-bagnaia-por-los-suelos\/"},"author":{"name":"Villasmil Henry","@id":"https:\/\/digital58.com.ve\/site\/#\/schema\/person\/64d1c2e4d0d4fd1b849980c4331c2951"},"headline":"#MotoGP | Bezzecchi vence, Mart\u00edn acaba segundo y Bagnaia por los suelos","datePublished":"2023-09-26T00:47:33+00:00","mainEntityOfPage":{"@id":"https:\/\/digital58.com.ve\/site\/2023\/09\/25\/motogp-bezzecchi-vence-martin-acaba-segundo-y-bagnaia-por-los-suelos\/"},"wordCount":1030,"commentCount":0,"publisher":{"@id":"https:\/\/digital58.com.ve\/site\/#\/schema\/person\/64d1c2e4d0d4fd1b849980c4331c2951"},"image":{"@id":"https:\/\/digital58.com.ve\/site\/2023\/09\/25\/motogp-bezzecchi-vence-martin-acaba-segundo-y-bagnaia-por-los-suelos\/#primaryimage"},"thumbnailUrl":"https:\/\/digital58.com.ve\/site\/wp-content\/uploads\/2023\/09\/cbe0635d5ef9ee6552706fdb7473f00b8adae973miniw.jpg","keywords":["Ducati","Francesco \u00abPecco\u00bb Bagnaia","Gran Premio de la India","Internacionales","Jorge Mart\u00edn","Marco Bezzecchi","Moto GP 2023","Motociclimo internacional","Motociclismo","MotoGP"],"articleSection":["Deportes"],"inLanguage":"es","potentialAction":[{"@type":"CommentAction","name":"Comment","target":["https:\/\/digital58.com.ve\/site\/2023\/09\/25\/motogp-bezzecchi-vence-martin-acaba-segundo-y-bagnaia-por-los-suelos\/#respond"]}]},{"@type":"WebPage","@id":"https:\/\/digital58.com.ve\/site\/2023\/09\/25\/motogp-bezzecchi-vence-martin-acaba-segundo-y-bagnaia-por-los-suelos\/","url":"https:\/\/digital58.com.ve\/site\/2023\/09\/25\/motogp-bezzecchi-vence-martin-acaba-segundo-y-bagnaia-por-los-suelos\/","name":"#MotoGP | Bezzecchi vence, Mart\u00edn acaba segundo y Bagnaia por los suelos","isPartOf":{"@id":"https:\/\/digital58.com.ve\/site\/#website"},"primaryImageOfPage":{"@id":"https:\/\/digital58.com.ve\/site\/2023\/09\/25\/motogp-bezzecchi-vence-martin-acaba-segundo-y-bagnaia-por-los-suelos\/#primaryimage"},"image":{"@id":"https:\/\/digital58.com.ve\/site\/2023\/09\/25\/motogp-bezzecchi-vence-martin-acaba-segundo-y-bagnaia-por-los-suelos\/#primaryimage"},"thumbnailUrl":"https:\/\/digital58.com.ve\/site\/wp-content\/uploads\/2023\/09\/cbe0635d5ef9ee6552706fdb7473f00b8adae973miniw.jpg","datePublished":"2023-09-26T00:47:33+00:00","breadcrumb":{"@id":"https:\/\/digital58.com.ve\/site\/2023\/09\/25\/motogp-bezzecchi-vence-martin-acaba-segundo-y-bagnaia-por-los-suelos\/#breadcrumb"},"inLanguage":"es","potentialAction":[{"@type":"ReadAction","target":["https:\/\/digital58.com.ve\/site\/2023\/09\/25\/motogp-bezzecchi-vence-martin-acaba-segundo-y-bagnaia-por-los-suelos\/"]}]},{"@type":"ImageObject","inLanguage":"es","@id":"https:\/\/digital58.com.ve\/site\/2023\/09\/25\/motogp-bezzecchi-vence-martin-acaba-segundo-y-bagnaia-por-los-suelos\/#primaryimage","url":"https:\/\/digital58.com.ve\/site\/wp-content\/uploads\/2023\/09\/cbe0635d5ef9ee6552706fdb7473f00b8adae973miniw.jpg","contentUrl":"https:\/\/digital58.com.ve\/site\/wp-content\/uploads\/2023\/09\/cbe0635d5ef9ee6552706fdb7473f00b8adae973miniw.jpg","width":900,"height":585},{"@type":"BreadcrumbList","@id":"https:\/\/digital58.com.ve\/site\/2023\/09\/25\/motogp-bezzecchi-vence-martin-acaba-segundo-y-bagnaia-por-los-suelos\/#breadcrumb","itemListElement":[{"@type":"ListItem","position":1,"name":"Home","item":"https:\/\/digital58.com.ve\/site\/"},{"@type":"ListItem","position":2,"name":"#MotoGP | Bezzecchi vence, Mart\u00edn acaba segundo y Bagnaia por los suelos"}]},{"@type":"WebSite","@id":"https:\/\/digital58.com.ve\/site\/#website","url":"https:\/\/digital58.com.ve\/site\/","name":"Noticias Digital58","description":"Portal de Noticias \u00a1Periodismo web de verdad! Lanzamiento web 22.11.2005 \/ Maracaibo, Venezuela","publisher":{"@id":"https:\/\/digital58.com.ve\/site\/#\/schema\/person\/64d1c2e4d0d4fd1b849980c4331c2951"},"alternateName":"ND58","potentialAction":[{"@type":"SearchAction","target":{"@type":"EntryPoint","urlTemplate":"https:\/\/digital58.com.ve\/site\/?s={search_term_string}"},"query-input":{"@type":"PropertyValueSpecification","valueRequired":true,"valueName":"search_term_string"}}],"inLanguage":"es"},{"@type":["Person","Organization"],"@id":"https:\/\/digital58.com.ve\/site\/#\/schema\/person\/64d1c2e4d0d4fd1b849980c4331c2951","name":"Villasmil Henry","image":{"@type":"ImageObject","inLanguage":"es","@id":"https:\/\/secure.gravatar.com\/avatar\/bb0c4a2fcb7970138239f7e404ea75757b1b507b28b5ce4c53fbd62d797c5a7c?s=96&d=mm&r=g","url":"https:\/\/secure.gravatar.com\/avatar\/bb0c4a2fcb7970138239f7e404ea75757b1b507b28b5ce4c53fbd62d797c5a7c?s=96&d=mm&r=g","contentUrl":"https:\/\/secure.gravatar.com\/avatar\/bb0c4a2fcb7970138239f7e404ea75757b1b507b28b5ce4c53fbd62d797c5a7c?s=96&d=mm&r=g","caption":"Villasmil Henry"},"logo":{"@id":"https:\/\/secure.gravatar.com\/avatar\/bb0c4a2fcb7970138239f7e404ea75757b1b507b28b5ce4c53fbd62d797c5a7c?s=96&d=mm&r=g"},"sameAs":["http:\/\/www.henryvillasmil.com.ve","https:\/\/www.instagram.com\/villasmilhfoto\/","https:\/\/x.com\/https:\/\/twitter.com\/villasmilhfoto"],"url":"https:\/\/digital58.com.ve\/site\/author\/droopy_68\/"}]}},"uagb_featured_image_src":{"full":["https:\/\/digital58.com.ve\/site\/wp-content\/uploads\/2023\/09\/cbe0635d5ef9ee6552706fdb7473f00b8adae973miniw.jpg",900,585,false],"thumbnail":["https:\/\/digital58.com.ve\/site\/wp-content\/uploads\/2023\/09\/cbe0635d5ef9ee6552706fdb7473f00b8adae973miniw-150x150.jpg",150,150,true],"medium":["https:\/\/digital58.com.ve\/site\/wp-content\/uploads\/2023\/09\/cbe0635d5ef9ee6552706fdb7473f00b8adae973miniw-300x195.jpg",300,195,true],"medium_large":["https:\/\/digital58.com.ve\/site\/wp-content\/uploads\/2023\/09\/cbe0635d5ef9ee6552706fdb7473f00b8adae973miniw-768x499.jpg",768,499,true],"large":["https:\/\/digital58.com.ve\/site\/wp-content\/uploads\/2023\/09\/cbe0635d5ef9ee6552706fdb7473f00b8adae973miniw.jpg",800,520,false],"1536x1536":["https:\/\/digital58.com.ve\/site\/wp-content\/uploads\/2023\/09\/cbe0635d5ef9ee6552706fdb7473f00b8adae973miniw.jpg",900,585,false],"2048x2048":["https:\/\/digital58.com.ve\/site\/wp-content\/uploads\/2023\/09\/cbe0635d5ef9ee6552706fdb7473f00b8adae973miniw.jpg",900,585,false],"colormag-highlighted-post":["https:\/\/digital58.com.ve\/site\/wp-content\/uploads\/2023\/09\/cbe0635d5ef9ee6552706fdb7473f00b8adae973miniw-392x272.jpg",392,272,true],"colormag-featured-post-medium":["https:\/\/digital58.com.ve\/site\/wp-content\/uploads\/2023\/09\/cbe0635d5ef9ee6552706fdb7473f00b8adae973miniw-390x205.jpg",390,205,true],"colormag-featured-post-small":["https:\/\/digital58.com.ve\/site\/wp-content\/uploads\/2023\/09\/cbe0635d5ef9ee6552706fdb7473f00b8adae973miniw-130x90.jpg",130,90,true],"colormag-featured-image":["https:\/\/digital58.com.ve\/site\/wp-content\/uploads\/2023\/09\/cbe0635d5ef9ee6552706fdb7473f00b8adae973miniw-800x445.jpg",800,445,true],"colormag-default-news":["https:\/\/digital58.com.ve\/site\/wp-content\/uploads\/2023\/09\/cbe0635d5ef9ee6552706fdb7473f00b8adae973miniw-150x150.jpg",150,150,true],"colormag-featured-image-large":["https:\/\/digital58.com.ve\/site\/wp-content\/uploads\/2023\/09\/cbe0635d5ef9ee6552706fdb7473f00b8adae973miniw.jpg",900,585,false]},"uagb_author_info":{"display_name":"Villasmil Henry","author_link":"https:\/\/digital58.com.ve\/site\/author\/droopy_68\/"},"uagb_comment_info":0,"uagb_excerpt":"El italiano Francesco \u00abPecco\u00bb Bagnaia (Ducati Desmosedici GP23) consigui\u00f3 superar a Mart\u00edn para ponerse segundo, pero instantes despu\u00e9s acab\u00f3 por","_links":{"self":[{"href":"https:\/\/digital58.com.ve\/site\/wp-json\/wp\/v2\/posts\/170880","targetHints":{"allow":["GET"]}}],"collection":[{"href":"https:\/\/digital58.com.ve\/site\/wp-json\/wp\/v2\/posts"}],"about":[{"href":"https:\/\/digital58.com.ve\/site\/wp-json\/wp\/v2\/types\/post"}],"author":[{"embeddable":true,"href":"https:\/\/digital58.com.ve\/site\/wp-json\/wp\/v2\/users\/1"}],"replies":[{"embeddable":true,"href":"https:\/\/digital58.com.ve\/site\/wp-json\/wp\/v2\/comments?post=170880"}],"version-history":[{"count":1,"href":"https:\/\/digital58.com.ve\/site\/wp-json\/wp\/v2\/posts\/170880\/revisions"}],"predecessor-version":[{"id":170884,"href":"https:\/\/digital58.com.ve\/site\/wp-json\/wp\/v2\/posts\/170880\/revisions\/170884"}],"wp:featuredmedia":[{"embeddable":true,"href":"https:\/\/digital58.com.ve\/site\/wp-json\/wp\/v2\/media\/170883"}],"wp:attachment":[{"href":"https:\/\/digital58.com.ve\/site\/wp-json\/wp\/v2\/media?parent=170880"}],"wp:term":[{"taxonomy":"category","embeddable":true,"href":"https:\/\/digital58.com.ve\/site\/wp-json\/wp\/v2\/categories?post=170880"},{"taxonomy":"post_tag","embeddable":true,"href":"https:\/\/digital58.com.ve\/site\/wp-json\/wp\/v2\/tags?post=170880"}],"curies":[{"name":"wp","href":"https:\/\/api.w.org\/{rel}","templated":true}]}}