{"id":170891,"date":"2023-09-25T21:39:39","date_gmt":"2023-09-26T01:39:39","guid":{"rendered":"https:\/\/digital58.com.ve\/site\/?p=170891"},"modified":"2023-09-25T21:39:39","modified_gmt":"2023-09-26T01:39:39","slug":"moto2-sexta-victoria-de-pedro-acosta-cada-vez-mas-lider","status":"publish","type":"post","link":"https:\/\/digital58.com.ve\/site\/2023\/09\/25\/moto2-sexta-victoria-de-pedro-acosta-cada-vez-mas-lider\/","title":{"rendered":"#Moto2 | Sexta victoria de Pedro Acosta, cada vez m\u00e1s l\u00edder"},"content":{"rendered":"<p><a href=\"https:\/\/digital58.com.ve\/site\/wp-content\/uploads\/2023\/09\/1774391e8f4e49eed9de1ee03c3b699390b8b805miniw.jpg\"><img loading=\"lazy\" decoding=\"async\" class=\"aligncenter size-full wp-image-170892\" src=\"https:\/\/digital58.com.ve\/site\/wp-content\/uploads\/2023\/09\/1774391e8f4e49eed9de1ee03c3b699390b8b805miniw.jpg\" alt=\"\" width=\"900\" height=\"570\" srcset=\"https:\/\/digital58.com.ve\/site\/wp-content\/uploads\/2023\/09\/1774391e8f4e49eed9de1ee03c3b699390b8b805miniw.jpg 900w, https:\/\/digital58.com.ve\/site\/wp-content\/uploads\/2023\/09\/1774391e8f4e49eed9de1ee03c3b699390b8b805miniw-300x190.jpg 300w, https:\/\/digital58.com.ve\/site\/wp-content\/uploads\/2023\/09\/1774391e8f4e49eed9de1ee03c3b699390b8b805miniw-768x486.jpg 768w\" sizes=\"auto, (max-width: 900px) 100vw, 900px\" \/><\/a><\/p>\n<p>El espa\u00f1ol aventaj\u00f3 en m\u00e1s de dos segundos a su rival m\u00e1s directo en el campeonato, el italiano Tony Arbolino (Kalex), con el estadounidense Joe Roberts (Kalex), tercero.<\/p>\n<p><strong>India, 25 de septiembre de 2023 (ND58).-<\/strong> Pedro Acosta (Kalex) sum\u00f3 su sexta victoria de la temporada, la segunda consecutiva tras San Marino, y lo hizo como a \u00e9l le gusta, en solitario, para ser m\u00e1s l\u00edder de la categor\u00eda con su victoria en el Gran Premio de la India de Moto2 disputado en el circuito \u00abBuddh International\u00bb.<\/p>\n<p>El \u00abTibur\u00f3n\u00bb del Puerto de Mazarr\u00f3n suma 236 puntos, por los 197 de su rival m\u00e1s directo, Tony Arbolino.<\/p>\n<p>Pedro Acosta intent\u00f3 meterse por el interior en la salida para superar a Jake Dixon, pero el brit\u00e1nico supo aguantar la presi\u00f3n inicial en la complicada primera curva, en la que se produjo una multitudinaria ca\u00edda.<\/p>\n<p>Antes de concluir la primera vuelta el italiano Tony Arbolino (Kalex), que sal\u00eda s\u00e9ptimo, consigui\u00f3 ponerse l\u00edder, seguido por Dixon y Acosta, pero Direcci\u00f3n de Carrera tuvo que mostrar bandera roja al no haber podido despejar los comisarios de pista todas las motos que se vieron involucradas en la ca\u00edda.<\/p>\n<p>El italiano Celestino Vietti (Kalex), se vio involucrado en esa ca\u00edda de la primera curva, en la que tambi\u00e9n se vieron afectados los espa\u00f1oles Marcos Ram\u00edrez (Kalex) y Jeremy Alcoba (Kalex), adem\u00e1s de Somkiat Chantra (Kalex) y Taiga Haga (Kalex).<\/p>\n<p>Vietti fue el m\u00e1s perjudicado al no poder volver a salir por quedar su moto muy da\u00f1ada.<\/p>\n<p>La carrera de Moto2, prevista inicialmente a 19 vueltas, se vio reducida en una vuelta antes del comienzo de la misma por las fuertes condiciones atmosf\u00e9ricas y, tras la bandera roja que tuvo que mostrar Direcci\u00f3n de Carrera perdi\u00f3 otras seis vueltas para verse reducida a escasamente doce giros, lo que dejaba poco margen para los errores a todos los pilotos.<\/p>\n<p>La segunda salida se realiz\u00f3 con el mismo orden de la primera, al no haberse completado ni un solo giro y en la misma no pudo estar tampoco el japon\u00e9s Taiga Hada, mientras que Jeremy Alcoba fue penalizado con una \u00abvuelta larga\u00bb por \u00abconducci\u00f3n irresponsable\u00bb, al ser quien provoc\u00f3 el accidente inicial.<\/p>\n<p>Alcoba fall\u00f3 a la hora de cumplir la sanci\u00f3n y fue nuevamente penalizado, en esta ocasi\u00f3n con una doble \u00abvuelta larga\u00bb, lo que le dej\u00f3 sin opciones de pelear por estar en las posiciones de puntos.<\/p>\n<p>En esta ocasi\u00f3n Dixon se encontr\u00f3 por el interior de la primera curva al espa\u00f1ol Alonso L\u00f3pez (Boscoscuro) y ambos se tuvieron que esquivar, momento que aprovech\u00f3 Sergio Garc\u00eda Dols (Kalex) para situarse l\u00edder, aunque le dur\u00f3 poco la posici\u00f3n al verse superado por el l\u00edder del mundial, Pedro Acosta (Kalex).<\/p>\n<p>Por detr\u00e1s, se fueron por los suelos en esa vuelta inicial el espa\u00f1ol Ar\u00f3n Canet (Kalex), que se llev\u00f3 por delante al japon\u00e9s Ai Ogura (Kalex) y el brit\u00e1nico Sam Lowes (Kalex), en tanto que el tailand\u00e9s Somkiat Chantra se ten\u00eda que retirar con problemas mec\u00e1nicos en su moto, probablemente por no estar bien reparada tras su primera ca\u00edda.<\/p>\n<p>Acosta comenz\u00f3 a tirar con fuerza con el circuito despejado por delante de \u00e9l y, enseguida, cogi\u00f3 unos metros de ventaja sobre Arbolino, Garc\u00eda Dols, el estadounidense Joe Roberts, el espa\u00f1ol Alonso L\u00f3pez o Jake Dixon.<\/p>\n<p>L\u00f3pez y Dixon se vieron involucrados en un accidente al tocarse en la curva cuatro, al calcular mal el espa\u00f1ol a la hora de pasarlo por el interior, golpeando con su moto en el hombro al brit\u00e1nico, que, aunque inicialmente se doli\u00f3 del impacto, acab\u00f3 recuperando su moto para seguir en carrera. Sin embargo, una vuelta despu\u00e9s se iba por los suelos en la curva doce.<\/p>\n<p>Por delante, Pedro Acosta supo aprovechar su oportunidad y, con el tir\u00f3n inicial que protagoniz\u00f3, logr\u00f3 abrir un hueco de casi dos segundos en apenas cuatro vueltas respecto a Tony Arbolino, que se destac\u00f3 de la pareja formada por Sergio Garc\u00eda Dols y Joe Roberts y ya con un grupo principal encabezado por el neerland\u00e9s Zonta Van der Goorbergh (Kalex), a otros dos segundos.<\/p>\n<p>A seis vuelta del final, Pedro Acosta ten\u00eda 2,2 segundos sobre Arbolino y \u00e9ste 1,8 respecto a Sergio Garc\u00eda Dols y Joe Roberts, al que no se notaba demasiado \u00abc\u00f3modo\u00bb, tras el espa\u00f1ol y protagonizaba varios \u00absustos\u00bb.<\/p>\n<p>La victoria de Pedro Acosta, una vez m\u00e1s, iba a resultar inapelable, por delante de Arbolino y Joe Roberts, sin que Sergio Garc\u00eda Dols pudiese aguantar los ataques finales del estadounidense, con varios adelantamientos entre ellos en la \u00faltima vuelta, pero con ventaja para el estadounidense.<\/p>\n<p>La cuarta plaza fue para el tambi\u00e9n espa\u00f1ol Manuel Gonz\u00e1lez (Kalex), por delante de Zonta Van der Gooerbergh y el surafricano Darryn Binder (Kalex).<\/p>\n<p>Marcos Ram\u00edrez logr\u00f3 la novena posici\u00f3n, con Ferm\u00edn Aldeguer (Boscoscuro), por delante de Izan Guevara (Kalex) y Albert Arenas (Kalex), quien a pesar de salir entre los \u00faltimos consigui\u00f3 entrar en los puntos. Borja G\u00f3mez (Kalex), en su \u00faltima carrera en Moto2, fue decimonoveno.<\/p>\n<p><strong>Redacci\u00f3n ND58 | Fuente: EFE<\/strong><br \/>\n<strong>Edici\u00f3n: Villasmil, Henry<\/strong><br \/>\n<strong>Gr\u00e1ficas: EFE<\/strong><\/p>\n<p>&nbsp;<\/p><div class=\"kridw69f376628d609\" ><p style=\"text-align: center;\"><a href=\"https:\/\/t.me\/noticiasdigital58\" target=\"_blank\" rel=\"noopener\"><img class=\"aligncenter size-full wp-image-125363\" src=\"https:\/\/digital58.com.ve\/site\/wp-content\/uploads\/2021\/04\/banner-telegram-web-2021.png\" alt=\"\" width=\"600\" height=\"90\" \/><\/a><\/p><\/div><style type=\"text\/css\">\r\n@media screen and (min-width: 1201px) {\r\n.kridw69f376628d609 {\r\ndisplay: block;\r\n}\r\n}\r\n@media screen and (min-width: 993px) and (max-width: 1200px) {\r\n.kridw69f376628d609 {\r\ndisplay: block;\r\n}\r\n}\r\n@media screen and (min-width: 769px) and (max-width: 992px) {\r\n.kridw69f376628d609 {\r\ndisplay: block;\r\n}\r\n}\r\n@media screen and (min-width: 768px) and (max-width: 768px) {\r\n.kridw69f376628d609 {\r\ndisplay: block;\r\n}\r\n}\r\n@media screen and (max-width: 767px) {\r\n.kridw69f376628d609 {\r\ndisplay: block;\r\n}\r\n}\r\n<\/style>\r\n\n<p>&nbsp;<\/p>\n<div style=\"margin-top: 0px; margin-bottom: 0px;\" class=\"sharethis-inline-share-buttons\" ><\/div>","protected":false},"excerpt":{"rendered":"<p>El espa\u00f1ol aventaj\u00f3 en m\u00e1s de dos segundos a su rival m\u00e1s directo en el campeonato, el italiano Tony Arbolino<\/p>\n","protected":false},"author":1,"featured_media":170892,"comment_status":"open","ping_status":"closed","sticky":false,"template":"","format":"standard","meta":{"colormag_page_container_layout":"default_layout","colormag_page_sidebar_layout":"default_layout","_uag_custom_page_level_css":"","footnotes":""},"categories":[5402],"tags":[32506,2031,8,28314,18068,30716,32249,4716,23584],"class_list":["post-170891","post","type-post","status-publish","format-standard","has-post-thumbnail","hentry","category-deportes","tag-gran-premio-de-la-india","tag-india","tag-internacionales","tag-kalex","tag-moto2","tag-moto2-2023","tag-motociclimo-internacional","tag-motociclismo","tag-pedro-acosta"],"yoast_head":"<!-- This site is optimized with the Yoast SEO plugin v27.5 - https:\/\/yoast.com\/product\/yoast-seo-wordpress\/ -->\n<title>#Moto2 | Sexta victoria de Pedro Acosta, cada vez m\u00e1s l\u00edder<\/title>\n<meta name=\"robots\" content=\"index, follow, max-snippet:-1, max-image-preview:large, max-video-preview:-1\" \/>\n<link rel=\"canonical\" href=\"https:\/\/digital58.com.ve\/site\/2023\/09\/25\/moto2-sexta-victoria-de-pedro-acosta-cada-vez-mas-lider\/\" \/>\n<meta property=\"og:locale\" content=\"es_ES\" \/>\n<meta property=\"og:type\" content=\"article\" \/>\n<meta property=\"og:title\" content=\"#Moto2 | Sexta victoria de Pedro Acosta, cada vez m\u00e1s l\u00edder\" \/>\n<meta property=\"og:url\" content=\"https:\/\/digital58.com.ve\/site\/2023\/09\/25\/moto2-sexta-victoria-de-pedro-acosta-cada-vez-mas-lider\/\" \/>\n<meta property=\"og:site_name\" content=\"Noticias Digital58\" \/>\n<meta property=\"article:published_time\" content=\"2023-09-26T01:39:39+00:00\" \/>\n<meta property=\"og:image\" content=\"https:\/\/i0.wp.com\/digital58.com.ve\/site\/wp-content\/uploads\/2023\/09\/1774391e8f4e49eed9de1ee03c3b699390b8b805miniw.jpg?fit=900%2C570&ssl=1\" \/>\n\t<meta property=\"og:image:width\" content=\"900\" \/>\n\t<meta property=\"og:image:height\" content=\"570\" \/>\n\t<meta property=\"og:image:type\" content=\"image\/jpeg\" \/>\n<meta name=\"author\" content=\"Villasmil Henry\" \/>\n<meta name=\"twitter:card\" content=\"summary_large_image\" \/>\n<meta name=\"twitter:creator\" content=\"@https:\/\/twitter.com\/villasmilhfoto\" \/>\n<meta name=\"twitter:site\" content=\"@villasmilhfoto\" \/>\n<meta name=\"twitter:label1\" content=\"Escrito por\" \/>\n\t<meta name=\"twitter:data1\" content=\"Villasmil Henry\" \/>\n\t<meta name=\"twitter:label2\" content=\"Tiempo estimado de lectura\" \/>\n\t<meta name=\"twitter:data2\" content=\"5 minutos\" \/>\n<script type=\"application\/ld+json\" class=\"yoast-schema-graph\">{\"@context\":\"https:\\\/\\\/schema.org\",\"@graph\":[{\"@type\":\"Article\",\"@id\":\"https:\\\/\\\/digital58.com.ve\\\/site\\\/2023\\\/09\\\/25\\\/moto2-sexta-victoria-de-pedro-acosta-cada-vez-mas-lider\\\/#article\",\"isPartOf\":{\"@id\":\"https:\\\/\\\/digital58.com.ve\\\/site\\\/2023\\\/09\\\/25\\\/moto2-sexta-victoria-de-pedro-acosta-cada-vez-mas-lider\\\/\"},\"author\":{\"name\":\"Villasmil Henry\",\"@id\":\"https:\\\/\\\/digital58.com.ve\\\/site\\\/#\\\/schema\\\/person\\\/64d1c2e4d0d4fd1b849980c4331c2951\"},\"headline\":\"#Moto2 | Sexta victoria de Pedro Acosta, cada vez m\u00e1s l\u00edder\",\"datePublished\":\"2023-09-26T01:39:39+00:00\",\"mainEntityOfPage\":{\"@id\":\"https:\\\/\\\/digital58.com.ve\\\/site\\\/2023\\\/09\\\/25\\\/moto2-sexta-victoria-de-pedro-acosta-cada-vez-mas-lider\\\/\"},\"wordCount\":913,\"commentCount\":0,\"publisher\":{\"@id\":\"https:\\\/\\\/digital58.com.ve\\\/site\\\/#\\\/schema\\\/person\\\/64d1c2e4d0d4fd1b849980c4331c2951\"},\"image\":{\"@id\":\"https:\\\/\\\/digital58.com.ve\\\/site\\\/2023\\\/09\\\/25\\\/moto2-sexta-victoria-de-pedro-acosta-cada-vez-mas-lider\\\/#primaryimage\"},\"thumbnailUrl\":\"https:\\\/\\\/digital58.com.ve\\\/site\\\/wp-content\\\/uploads\\\/2023\\\/09\\\/1774391e8f4e49eed9de1ee03c3b699390b8b805miniw.jpg\",\"keywords\":[\"Gran Premio de la India\",\"India\",\"Internacionales\",\"Kalex\",\"Moto2\",\"Moto2 2023\",\"Motociclimo internacional\",\"Motociclismo\",\"Pedro Acosta\"],\"articleSection\":[\"Deportes\"],\"inLanguage\":\"es\",\"potentialAction\":[{\"@type\":\"CommentAction\",\"name\":\"Comment\",\"target\":[\"https:\\\/\\\/digital58.com.ve\\\/site\\\/2023\\\/09\\\/25\\\/moto2-sexta-victoria-de-pedro-acosta-cada-vez-mas-lider\\\/#respond\"]}]},{\"@type\":\"WebPage\",\"@id\":\"https:\\\/\\\/digital58.com.ve\\\/site\\\/2023\\\/09\\\/25\\\/moto2-sexta-victoria-de-pedro-acosta-cada-vez-mas-lider\\\/\",\"url\":\"https:\\\/\\\/digital58.com.ve\\\/site\\\/2023\\\/09\\\/25\\\/moto2-sexta-victoria-de-pedro-acosta-cada-vez-mas-lider\\\/\",\"name\":\"#Moto2 | Sexta victoria de Pedro Acosta, cada vez m\u00e1s l\u00edder\",\"isPartOf\":{\"@id\":\"https:\\\/\\\/digital58.com.ve\\\/site\\\/#website\"},\"primaryImageOfPage\":{\"@id\":\"https:\\\/\\\/digital58.com.ve\\\/site\\\/2023\\\/09\\\/25\\\/moto2-sexta-victoria-de-pedro-acosta-cada-vez-mas-lider\\\/#primaryimage\"},\"image\":{\"@id\":\"https:\\\/\\\/digital58.com.ve\\\/site\\\/2023\\\/09\\\/25\\\/moto2-sexta-victoria-de-pedro-acosta-cada-vez-mas-lider\\\/#primaryimage\"},\"thumbnailUrl\":\"https:\\\/\\\/digital58.com.ve\\\/site\\\/wp-content\\\/uploads\\\/2023\\\/09\\\/1774391e8f4e49eed9de1ee03c3b699390b8b805miniw.jpg\",\"datePublished\":\"2023-09-26T01:39:39+00:00\",\"breadcrumb\":{\"@id\":\"https:\\\/\\\/digital58.com.ve\\\/site\\\/2023\\\/09\\\/25\\\/moto2-sexta-victoria-de-pedro-acosta-cada-vez-mas-lider\\\/#breadcrumb\"},\"inLanguage\":\"es\",\"potentialAction\":[{\"@type\":\"ReadAction\",\"target\":[\"https:\\\/\\\/digital58.com.ve\\\/site\\\/2023\\\/09\\\/25\\\/moto2-sexta-victoria-de-pedro-acosta-cada-vez-mas-lider\\\/\"]}]},{\"@type\":\"ImageObject\",\"inLanguage\":\"es\",\"@id\":\"https:\\\/\\\/digital58.com.ve\\\/site\\\/2023\\\/09\\\/25\\\/moto2-sexta-victoria-de-pedro-acosta-cada-vez-mas-lider\\\/#primaryimage\",\"url\":\"https:\\\/\\\/digital58.com.ve\\\/site\\\/wp-content\\\/uploads\\\/2023\\\/09\\\/1774391e8f4e49eed9de1ee03c3b699390b8b805miniw.jpg\",\"contentUrl\":\"https:\\\/\\\/digital58.com.ve\\\/site\\\/wp-content\\\/uploads\\\/2023\\\/09\\\/1774391e8f4e49eed9de1ee03c3b699390b8b805miniw.jpg\",\"width\":900,\"height\":570},{\"@type\":\"BreadcrumbList\",\"@id\":\"https:\\\/\\\/digital58.com.ve\\\/site\\\/2023\\\/09\\\/25\\\/moto2-sexta-victoria-de-pedro-acosta-cada-vez-mas-lider\\\/#breadcrumb\",\"itemListElement\":[{\"@type\":\"ListItem\",\"position\":1,\"name\":\"Home\",\"item\":\"https:\\\/\\\/digital58.com.ve\\\/site\\\/\"},{\"@type\":\"ListItem\",\"position\":2,\"name\":\"#Moto2 | Sexta victoria de Pedro Acosta, cada vez m\u00e1s l\u00edder\"}]},{\"@type\":\"WebSite\",\"@id\":\"https:\\\/\\\/digital58.com.ve\\\/site\\\/#website\",\"url\":\"https:\\\/\\\/digital58.com.ve\\\/site\\\/\",\"name\":\"Noticias Digital58\",\"description\":\"Portal de Noticias \u00a1Periodismo web de verdad! Lanzamiento web 22.11.2005 \\\/ Maracaibo, Venezuela\",\"publisher\":{\"@id\":\"https:\\\/\\\/digital58.com.ve\\\/site\\\/#\\\/schema\\\/person\\\/64d1c2e4d0d4fd1b849980c4331c2951\"},\"alternateName\":\"ND58\",\"potentialAction\":[{\"@type\":\"SearchAction\",\"target\":{\"@type\":\"EntryPoint\",\"urlTemplate\":\"https:\\\/\\\/digital58.com.ve\\\/site\\\/?s={search_term_string}\"},\"query-input\":{\"@type\":\"PropertyValueSpecification\",\"valueRequired\":true,\"valueName\":\"search_term_string\"}}],\"inLanguage\":\"es\"},{\"@type\":[\"Person\",\"Organization\"],\"@id\":\"https:\\\/\\\/digital58.com.ve\\\/site\\\/#\\\/schema\\\/person\\\/64d1c2e4d0d4fd1b849980c4331c2951\",\"name\":\"Villasmil Henry\",\"image\":{\"@type\":\"ImageObject\",\"inLanguage\":\"es\",\"@id\":\"https:\\\/\\\/secure.gravatar.com\\\/avatar\\\/bb0c4a2fcb7970138239f7e404ea75757b1b507b28b5ce4c53fbd62d797c5a7c?s=96&d=mm&r=g\",\"url\":\"https:\\\/\\\/secure.gravatar.com\\\/avatar\\\/bb0c4a2fcb7970138239f7e404ea75757b1b507b28b5ce4c53fbd62d797c5a7c?s=96&d=mm&r=g\",\"contentUrl\":\"https:\\\/\\\/secure.gravatar.com\\\/avatar\\\/bb0c4a2fcb7970138239f7e404ea75757b1b507b28b5ce4c53fbd62d797c5a7c?s=96&d=mm&r=g\",\"caption\":\"Villasmil Henry\"},\"logo\":{\"@id\":\"https:\\\/\\\/secure.gravatar.com\\\/avatar\\\/bb0c4a2fcb7970138239f7e404ea75757b1b507b28b5ce4c53fbd62d797c5a7c?s=96&d=mm&r=g\"},\"sameAs\":[\"http:\\\/\\\/www.henryvillasmil.com.ve\",\"https:\\\/\\\/www.instagram.com\\\/villasmilhfoto\\\/\",\"https:\\\/\\\/x.com\\\/https:\\\/\\\/twitter.com\\\/villasmilhfoto\"],\"url\":\"https:\\\/\\\/digital58.com.ve\\\/site\\\/author\\\/droopy_68\\\/\"}]}<\/script>\n<!-- \/ Yoast SEO plugin. -->","yoast_head_json":{"title":"#Moto2 | Sexta victoria de Pedro Acosta, cada vez m\u00e1s l\u00edder","robots":{"index":"index","follow":"follow","max-snippet":"max-snippet:-1","max-image-preview":"max-image-preview:large","max-video-preview":"max-video-preview:-1"},"canonical":"https:\/\/digital58.com.ve\/site\/2023\/09\/25\/moto2-sexta-victoria-de-pedro-acosta-cada-vez-mas-lider\/","og_locale":"es_ES","og_type":"article","og_title":"#Moto2 | Sexta victoria de Pedro Acosta, cada vez m\u00e1s l\u00edder","og_url":"https:\/\/digital58.com.ve\/site\/2023\/09\/25\/moto2-sexta-victoria-de-pedro-acosta-cada-vez-mas-lider\/","og_site_name":"Noticias Digital58","article_published_time":"2023-09-26T01:39:39+00:00","og_image":[{"width":900,"height":570,"url":"https:\/\/i0.wp.com\/digital58.com.ve\/site\/wp-content\/uploads\/2023\/09\/1774391e8f4e49eed9de1ee03c3b699390b8b805miniw.jpg?fit=900%2C570&ssl=1","type":"image\/jpeg"}],"author":"Villasmil Henry","twitter_card":"summary_large_image","twitter_creator":"@https:\/\/twitter.com\/villasmilhfoto","twitter_site":"@villasmilhfoto","twitter_misc":{"Escrito por":"Villasmil Henry","Tiempo estimado de lectura":"5 minutos"},"schema":{"@context":"https:\/\/schema.org","@graph":[{"@type":"Article","@id":"https:\/\/digital58.com.ve\/site\/2023\/09\/25\/moto2-sexta-victoria-de-pedro-acosta-cada-vez-mas-lider\/#article","isPartOf":{"@id":"https:\/\/digital58.com.ve\/site\/2023\/09\/25\/moto2-sexta-victoria-de-pedro-acosta-cada-vez-mas-lider\/"},"author":{"name":"Villasmil Henry","@id":"https:\/\/digital58.com.ve\/site\/#\/schema\/person\/64d1c2e4d0d4fd1b849980c4331c2951"},"headline":"#Moto2 | Sexta victoria de Pedro Acosta, cada vez m\u00e1s l\u00edder","datePublished":"2023-09-26T01:39:39+00:00","mainEntityOfPage":{"@id":"https:\/\/digital58.com.ve\/site\/2023\/09\/25\/moto2-sexta-victoria-de-pedro-acosta-cada-vez-mas-lider\/"},"wordCount":913,"commentCount":0,"publisher":{"@id":"https:\/\/digital58.com.ve\/site\/#\/schema\/person\/64d1c2e4d0d4fd1b849980c4331c2951"},"image":{"@id":"https:\/\/digital58.com.ve\/site\/2023\/09\/25\/moto2-sexta-victoria-de-pedro-acosta-cada-vez-mas-lider\/#primaryimage"},"thumbnailUrl":"https:\/\/digital58.com.ve\/site\/wp-content\/uploads\/2023\/09\/1774391e8f4e49eed9de1ee03c3b699390b8b805miniw.jpg","keywords":["Gran Premio de la India","India","Internacionales","Kalex","Moto2","Moto2 2023","Motociclimo internacional","Motociclismo","Pedro Acosta"],"articleSection":["Deportes"],"inLanguage":"es","potentialAction":[{"@type":"CommentAction","name":"Comment","target":["https:\/\/digital58.com.ve\/site\/2023\/09\/25\/moto2-sexta-victoria-de-pedro-acosta-cada-vez-mas-lider\/#respond"]}]},{"@type":"WebPage","@id":"https:\/\/digital58.com.ve\/site\/2023\/09\/25\/moto2-sexta-victoria-de-pedro-acosta-cada-vez-mas-lider\/","url":"https:\/\/digital58.com.ve\/site\/2023\/09\/25\/moto2-sexta-victoria-de-pedro-acosta-cada-vez-mas-lider\/","name":"#Moto2 | Sexta victoria de Pedro Acosta, cada vez m\u00e1s l\u00edder","isPartOf":{"@id":"https:\/\/digital58.com.ve\/site\/#website"},"primaryImageOfPage":{"@id":"https:\/\/digital58.com.ve\/site\/2023\/09\/25\/moto2-sexta-victoria-de-pedro-acosta-cada-vez-mas-lider\/#primaryimage"},"image":{"@id":"https:\/\/digital58.com.ve\/site\/2023\/09\/25\/moto2-sexta-victoria-de-pedro-acosta-cada-vez-mas-lider\/#primaryimage"},"thumbnailUrl":"https:\/\/digital58.com.ve\/site\/wp-content\/uploads\/2023\/09\/1774391e8f4e49eed9de1ee03c3b699390b8b805miniw.jpg","datePublished":"2023-09-26T01:39:39+00:00","breadcrumb":{"@id":"https:\/\/digital58.com.ve\/site\/2023\/09\/25\/moto2-sexta-victoria-de-pedro-acosta-cada-vez-mas-lider\/#breadcrumb"},"inLanguage":"es","potentialAction":[{"@type":"ReadAction","target":["https:\/\/digital58.com.ve\/site\/2023\/09\/25\/moto2-sexta-victoria-de-pedro-acosta-cada-vez-mas-lider\/"]}]},{"@type":"ImageObject","inLanguage":"es","@id":"https:\/\/digital58.com.ve\/site\/2023\/09\/25\/moto2-sexta-victoria-de-pedro-acosta-cada-vez-mas-lider\/#primaryimage","url":"https:\/\/digital58.com.ve\/site\/wp-content\/uploads\/2023\/09\/1774391e8f4e49eed9de1ee03c3b699390b8b805miniw.jpg","contentUrl":"https:\/\/digital58.com.ve\/site\/wp-content\/uploads\/2023\/09\/1774391e8f4e49eed9de1ee03c3b699390b8b805miniw.jpg","width":900,"height":570},{"@type":"BreadcrumbList","@id":"https:\/\/digital58.com.ve\/site\/2023\/09\/25\/moto2-sexta-victoria-de-pedro-acosta-cada-vez-mas-lider\/#breadcrumb","itemListElement":[{"@type":"ListItem","position":1,"name":"Home","item":"https:\/\/digital58.com.ve\/site\/"},{"@type":"ListItem","position":2,"name":"#Moto2 | Sexta victoria de Pedro Acosta, cada vez m\u00e1s l\u00edder"}]},{"@type":"WebSite","@id":"https:\/\/digital58.com.ve\/site\/#website","url":"https:\/\/digital58.com.ve\/site\/","name":"Noticias Digital58","description":"Portal de Noticias \u00a1Periodismo web de verdad! Lanzamiento web 22.11.2005 \/ Maracaibo, Venezuela","publisher":{"@id":"https:\/\/digital58.com.ve\/site\/#\/schema\/person\/64d1c2e4d0d4fd1b849980c4331c2951"},"alternateName":"ND58","potentialAction":[{"@type":"SearchAction","target":{"@type":"EntryPoint","urlTemplate":"https:\/\/digital58.com.ve\/site\/?s={search_term_string}"},"query-input":{"@type":"PropertyValueSpecification","valueRequired":true,"valueName":"search_term_string"}}],"inLanguage":"es"},{"@type":["Person","Organization"],"@id":"https:\/\/digital58.com.ve\/site\/#\/schema\/person\/64d1c2e4d0d4fd1b849980c4331c2951","name":"Villasmil Henry","image":{"@type":"ImageObject","inLanguage":"es","@id":"https:\/\/secure.gravatar.com\/avatar\/bb0c4a2fcb7970138239f7e404ea75757b1b507b28b5ce4c53fbd62d797c5a7c?s=96&d=mm&r=g","url":"https:\/\/secure.gravatar.com\/avatar\/bb0c4a2fcb7970138239f7e404ea75757b1b507b28b5ce4c53fbd62d797c5a7c?s=96&d=mm&r=g","contentUrl":"https:\/\/secure.gravatar.com\/avatar\/bb0c4a2fcb7970138239f7e404ea75757b1b507b28b5ce4c53fbd62d797c5a7c?s=96&d=mm&r=g","caption":"Villasmil Henry"},"logo":{"@id":"https:\/\/secure.gravatar.com\/avatar\/bb0c4a2fcb7970138239f7e404ea75757b1b507b28b5ce4c53fbd62d797c5a7c?s=96&d=mm&r=g"},"sameAs":["http:\/\/www.henryvillasmil.com.ve","https:\/\/www.instagram.com\/villasmilhfoto\/","https:\/\/x.com\/https:\/\/twitter.com\/villasmilhfoto"],"url":"https:\/\/digital58.com.ve\/site\/author\/droopy_68\/"}]}},"uagb_featured_image_src":{"full":["https:\/\/digital58.com.ve\/site\/wp-content\/uploads\/2023\/09\/1774391e8f4e49eed9de1ee03c3b699390b8b805miniw.jpg",900,570,false],"thumbnail":["https:\/\/digital58.com.ve\/site\/wp-content\/uploads\/2023\/09\/1774391e8f4e49eed9de1ee03c3b699390b8b805miniw-150x150.jpg",150,150,true],"medium":["https:\/\/digital58.com.ve\/site\/wp-content\/uploads\/2023\/09\/1774391e8f4e49eed9de1ee03c3b699390b8b805miniw-300x190.jpg",300,190,true],"medium_large":["https:\/\/digital58.com.ve\/site\/wp-content\/uploads\/2023\/09\/1774391e8f4e49eed9de1ee03c3b699390b8b805miniw-768x486.jpg",768,486,true],"large":["https:\/\/digital58.com.ve\/site\/wp-content\/uploads\/2023\/09\/1774391e8f4e49eed9de1ee03c3b699390b8b805miniw.jpg",800,507,false],"1536x1536":["https:\/\/digital58.com.ve\/site\/wp-content\/uploads\/2023\/09\/1774391e8f4e49eed9de1ee03c3b699390b8b805miniw.jpg",900,570,false],"2048x2048":["https:\/\/digital58.com.ve\/site\/wp-content\/uploads\/2023\/09\/1774391e8f4e49eed9de1ee03c3b699390b8b805miniw.jpg",900,570,false],"colormag-highlighted-post":["https:\/\/digital58.com.ve\/site\/wp-content\/uploads\/2023\/09\/1774391e8f4e49eed9de1ee03c3b699390b8b805miniw-392x272.jpg",392,272,true],"colormag-featured-post-medium":["https:\/\/digital58.com.ve\/site\/wp-content\/uploads\/2023\/09\/1774391e8f4e49eed9de1ee03c3b699390b8b805miniw-390x205.jpg",390,205,true],"colormag-featured-post-small":["https:\/\/digital58.com.ve\/site\/wp-content\/uploads\/2023\/09\/1774391e8f4e49eed9de1ee03c3b699390b8b805miniw-130x90.jpg",130,90,true],"colormag-featured-image":["https:\/\/digital58.com.ve\/site\/wp-content\/uploads\/2023\/09\/1774391e8f4e49eed9de1ee03c3b699390b8b805miniw-800x445.jpg",800,445,true],"colormag-default-news":["https:\/\/digital58.com.ve\/site\/wp-content\/uploads\/2023\/09\/1774391e8f4e49eed9de1ee03c3b699390b8b805miniw-150x150.jpg",150,150,true],"colormag-featured-image-large":["https:\/\/digital58.com.ve\/site\/wp-content\/uploads\/2023\/09\/1774391e8f4e49eed9de1ee03c3b699390b8b805miniw.jpg",900,570,false]},"uagb_author_info":{"display_name":"Villasmil Henry","author_link":"https:\/\/digital58.com.ve\/site\/author\/droopy_68\/"},"uagb_comment_info":0,"uagb_excerpt":"El espa\u00f1ol aventaj\u00f3 en m\u00e1s de dos segundos a su rival m\u00e1s directo en el campeonato, el italiano Tony Arbolino","_links":{"self":[{"href":"https:\/\/digital58.com.ve\/site\/wp-json\/wp\/v2\/posts\/170891","targetHints":{"allow":["GET"]}}],"collection":[{"href":"https:\/\/digital58.com.ve\/site\/wp-json\/wp\/v2\/posts"}],"about":[{"href":"https:\/\/digital58.com.ve\/site\/wp-json\/wp\/v2\/types\/post"}],"author":[{"embeddable":true,"href":"https:\/\/digital58.com.ve\/site\/wp-json\/wp\/v2\/users\/1"}],"replies":[{"embeddable":true,"href":"https:\/\/digital58.com.ve\/site\/wp-json\/wp\/v2\/comments?post=170891"}],"version-history":[{"count":1,"href":"https:\/\/digital58.com.ve\/site\/wp-json\/wp\/v2\/posts\/170891\/revisions"}],"predecessor-version":[{"id":170893,"href":"https:\/\/digital58.com.ve\/site\/wp-json\/wp\/v2\/posts\/170891\/revisions\/170893"}],"wp:featuredmedia":[{"embeddable":true,"href":"https:\/\/digital58.com.ve\/site\/wp-json\/wp\/v2\/media\/170892"}],"wp:attachment":[{"href":"https:\/\/digital58.com.ve\/site\/wp-json\/wp\/v2\/media?parent=170891"}],"wp:term":[{"taxonomy":"category","embeddable":true,"href":"https:\/\/digital58.com.ve\/site\/wp-json\/wp\/v2\/categories?post=170891"},{"taxonomy":"post_tag","embeddable":true,"href":"https:\/\/digital58.com.ve\/site\/wp-json\/wp\/v2\/tags?post=170891"}],"curies":[{"name":"wp","href":"https:\/\/api.w.org\/{rel}","templated":true}]}}