{"id":170947,"date":"2023-09-27T05:59:37","date_gmt":"2023-09-27T09:59:37","guid":{"rendered":"https:\/\/digital58.com.ve\/site\/?p=170947"},"modified":"2023-09-27T06:01:24","modified_gmt":"2023-09-27T10:01:24","slug":"el-doodle-del-dia-celebra-los-25-anos-del-popular-buscador","status":"publish","type":"post","link":"https:\/\/digital58.com.ve\/site\/2023\/09\/27\/el-doodle-del-dia-celebra-los-25-anos-del-popular-buscador\/","title":{"rendered":"El \u00abdoodle\u00bb del d\u00eda celebra los 25 a\u00f1os del popular buscador"},"content":{"rendered":"<p><a href=\"https:\/\/digital58.com.ve\/site\/wp-content\/uploads\/2023\/09\/google-25.jpg\"><img loading=\"lazy\" decoding=\"async\" class=\"aligncenter size-full wp-image-170949\" src=\"https:\/\/digital58.com.ve\/site\/wp-content\/uploads\/2023\/09\/google-25.jpg\" alt=\"\" width=\"800\" height=\"466\" srcset=\"https:\/\/digital58.com.ve\/site\/wp-content\/uploads\/2023\/09\/google-25.jpg 800w, https:\/\/digital58.com.ve\/site\/wp-content\/uploads\/2023\/09\/google-25-300x175.jpg 300w, https:\/\/digital58.com.ve\/site\/wp-content\/uploads\/2023\/09\/google-25-768x447.jpg 768w\" sizes=\"auto, (max-width: 800px) 100vw, 800px\" \/><\/a>El \u00abdoodle\u00bb de la compa\u00f1\u00eda rinde hoy homenaje a la evoluci\u00f3n del logotipo a lo largo de este cuarto de siglo, aunque en Espa\u00f1a arranc\u00f3 hace veinte.<\/p>\n<p><strong>Internacionales, 27 de septiembre de 2023 (ND58).-<\/strong> El \u00abdoodle\u00bb del d\u00eda \u2014las variaciones sobre el logo oficial que la empresa Google hace con los eventos o aniversarios m\u00e1s destacados\u2014 celebra hoy los 25 a\u00f1os del nacimiento del buscador m\u00e1s popular de la red.<\/p>\n<p>As\u00ed, hoy la palabra \u00abGoogle\u00bb se ha transformado en \u00abG25gle\u00bb en la p\u00e1gina principal de este motor de b\u00fasqueda y el confeti inunda las pantallas al clicar sobre el logotipo de la empresa.<\/p>\n<p>\u00ab\u00bfC\u00f3mo se corta una pi\u00f1a?\u00bb; hace 25 a\u00f1os la respuesta m\u00e1s recurrente llegar\u00eda desde un familiar o un amigo, o desde alg\u00fan libro de cocina. En la actualidad la respuesta m\u00e1s recurrente estar\u00e1 al alcance de cualquier internauta que le pregunte al buscador.<\/p>\n<p><a href=\"https:\/\/digital58.com.ve\/site\/wp-content\/uploads\/2023\/09\/google-25-2.jpg\"><img loading=\"lazy\" decoding=\"async\" class=\"aligncenter size-full wp-image-170950\" src=\"https:\/\/digital58.com.ve\/site\/wp-content\/uploads\/2023\/09\/google-25-2.jpg\" alt=\"\" width=\"800\" height=\"533\" srcset=\"https:\/\/digital58.com.ve\/site\/wp-content\/uploads\/2023\/09\/google-25-2.jpg 800w, https:\/\/digital58.com.ve\/site\/wp-content\/uploads\/2023\/09\/google-25-2-300x200.jpg 300w, https:\/\/digital58.com.ve\/site\/wp-content\/uploads\/2023\/09\/google-25-2-768x512.jpg 768w\" sizes=\"auto, (max-width: 800px) 100vw, 800px\" \/><\/a><\/p>\n<p>El ejemplo lo ha citado hoy la propia empresa con motivo de su 25 aniversario, y ha celebrado que el buscador se haya convertido en una herramienta muy \u00fatil para millones de usuarios que quieren satisfacer su curiosidad o tener respuesta a preguntas \u00abgrandes y peque\u00f1as\u00bb.<\/p>\n<p>La empresa ha valorado que la propia compa\u00f1\u00eda haya evolucionado en funci\u00f3n de la \u00abcuriosidad\u00bb de los navegantes, y ha recordado en este sentido que en el a\u00f1o 2020 la b\u00fasqueda m\u00e1s popular fue el vestido de Jennifer L\u00f3pez en la gala de los Grammy de ese a\u00f1o, lo que gui\u00f3 a los ingenieros de la empresa a crear \u00abGoogle Im\u00e1genes\u00bb para indexar fotograf\u00edas junto a p\u00e1ginas web y agilizar las b\u00fasquedas de esas instant\u00e1neas.<\/p>\n<p>Las oficinas centrales de Google se encuentran ubicadas en Mountain View, California (EE.UU.). Se trata de un complejo, llamado Googleplex, con m\u00e1s de 47 mil metros cuadrados de superficie, donde la compa\u00f1\u00eda est\u00e1 asentada desde 2003.<\/p>\n<p>La empresa naci\u00f3 en 1998 de la mano de Sergey Brin y Larry Page, dos estudiantes de Stanford en ese entonces, que se propusieron crear un buscador \u00abpara organizar la informaci\u00f3n del mundo y hacerla universalmente accesible y \u00fatil\u00bb.<\/p>\n<p><strong>Redacci\u00f3n ND58 | Fuente: EFE<\/strong><br \/>\n<strong>Edici\u00f3n: Villasmil, Henry<\/strong><br \/>\n<strong>Gr\u00e1fica: Captura de pantalla<\/strong><\/p>\n<p>&nbsp;<\/p><div class=\"ubigj69f2efbf8c9f0\" ><p style=\"text-align: center;\"><a href=\"https:\/\/t.me\/noticiasdigital58\" target=\"_blank\" rel=\"noopener\"><img class=\"aligncenter size-full wp-image-125363\" src=\"https:\/\/digital58.com.ve\/site\/wp-content\/uploads\/2021\/04\/banner-telegram-web-2021.png\" alt=\"\" width=\"600\" height=\"90\" \/><\/a><\/p><\/div><style type=\"text\/css\">\r\n@media screen and (min-width: 1201px) {\r\n.ubigj69f2efbf8c9f0 {\r\ndisplay: block;\r\n}\r\n}\r\n@media screen and (min-width: 993px) and (max-width: 1200px) {\r\n.ubigj69f2efbf8c9f0 {\r\ndisplay: block;\r\n}\r\n}\r\n@media screen and (min-width: 769px) and (max-width: 992px) {\r\n.ubigj69f2efbf8c9f0 {\r\ndisplay: block;\r\n}\r\n}\r\n@media screen and (min-width: 768px) and (max-width: 768px) {\r\n.ubigj69f2efbf8c9f0 {\r\ndisplay: block;\r\n}\r\n}\r\n@media screen and (max-width: 767px) {\r\n.ubigj69f2efbf8c9f0 {\r\ndisplay: block;\r\n}\r\n}\r\n<\/style>\r\n\n<p>&nbsp;<\/p>\n<div style=\"margin-top: 0px; margin-bottom: 0px;\" class=\"sharethis-inline-share-buttons\" ><\/div>","protected":false},"excerpt":{"rendered":"<p>El \u00abdoodle\u00bb de la compa\u00f1\u00eda rinde hoy homenaje a la evoluci\u00f3n del logotipo a lo largo de este cuarto de<\/p>\n","protected":false},"author":1,"featured_media":170950,"comment_status":"open","ping_status":"closed","sticky":false,"template":"","format":"standard","meta":{"colormag_page_container_layout":"default_layout","colormag_page_sidebar_layout":"default_layout","_uag_custom_page_level_css":"","footnotes":""},"categories":[5406],"tags":[25633,12993,1161,8,247,32520],"class_list":["post-170947","post","type-post","status-publish","format-standard","has-post-thumbnail","hentry","category-tecnologia","tag-25-aniversario","tag-buscadores-web","tag-google","tag-internacionales","tag-internet","tag-motor-de-busqueda"],"yoast_head":"<!-- This site is optimized with the Yoast SEO plugin v27.5 - https:\/\/yoast.com\/product\/yoast-seo-wordpress\/ -->\n<title>El \u00abdoodle\u00bb del d\u00eda celebra los 25 a\u00f1os del popular buscador<\/title>\n<meta name=\"robots\" content=\"index, follow, max-snippet:-1, max-image-preview:large, max-video-preview:-1\" \/>\n<link rel=\"canonical\" href=\"https:\/\/digital58.com.ve\/site\/2023\/09\/27\/el-doodle-del-dia-celebra-los-25-anos-del-popular-buscador\/\" \/>\n<meta property=\"og:locale\" content=\"es_ES\" \/>\n<meta property=\"og:type\" content=\"article\" \/>\n<meta property=\"og:title\" content=\"El \u00abdoodle\u00bb del d\u00eda celebra los 25 a\u00f1os del popular buscador\" \/>\n<meta property=\"og:url\" content=\"https:\/\/digital58.com.ve\/site\/2023\/09\/27\/el-doodle-del-dia-celebra-los-25-anos-del-popular-buscador\/\" \/>\n<meta property=\"og:site_name\" content=\"Noticias Digital58\" \/>\n<meta property=\"article:published_time\" content=\"2023-09-27T09:59:37+00:00\" \/>\n<meta property=\"article:modified_time\" content=\"2023-09-27T10:01:24+00:00\" \/>\n<meta property=\"og:image\" content=\"https:\/\/i0.wp.com\/digital58.com.ve\/site\/wp-content\/uploads\/2023\/09\/google-25-2.jpg?fit=800%2C533&ssl=1\" \/>\n\t<meta property=\"og:image:width\" content=\"800\" \/>\n\t<meta property=\"og:image:height\" content=\"533\" \/>\n\t<meta property=\"og:image:type\" content=\"image\/jpeg\" \/>\n<meta name=\"author\" content=\"Villasmil Henry\" \/>\n<meta name=\"twitter:card\" content=\"summary_large_image\" \/>\n<meta name=\"twitter:creator\" content=\"@https:\/\/twitter.com\/villasmilhfoto\" \/>\n<meta name=\"twitter:site\" content=\"@villasmilhfoto\" \/>\n<meta name=\"twitter:label1\" content=\"Escrito por\" \/>\n\t<meta name=\"twitter:data1\" content=\"Villasmil Henry\" \/>\n\t<meta name=\"twitter:label2\" content=\"Tiempo estimado de lectura\" \/>\n\t<meta name=\"twitter:data2\" content=\"2 minutos\" \/>\n<script type=\"application\/ld+json\" class=\"yoast-schema-graph\">{\"@context\":\"https:\\\/\\\/schema.org\",\"@graph\":[{\"@type\":\"Article\",\"@id\":\"https:\\\/\\\/digital58.com.ve\\\/site\\\/2023\\\/09\\\/27\\\/el-doodle-del-dia-celebra-los-25-anos-del-popular-buscador\\\/#article\",\"isPartOf\":{\"@id\":\"https:\\\/\\\/digital58.com.ve\\\/site\\\/2023\\\/09\\\/27\\\/el-doodle-del-dia-celebra-los-25-anos-del-popular-buscador\\\/\"},\"author\":{\"name\":\"Villasmil Henry\",\"@id\":\"https:\\\/\\\/digital58.com.ve\\\/site\\\/#\\\/schema\\\/person\\\/64d1c2e4d0d4fd1b849980c4331c2951\"},\"headline\":\"El \u00abdoodle\u00bb del d\u00eda celebra los 25 a\u00f1os del popular buscador\",\"datePublished\":\"2023-09-27T09:59:37+00:00\",\"dateModified\":\"2023-09-27T10:01:24+00:00\",\"mainEntityOfPage\":{\"@id\":\"https:\\\/\\\/digital58.com.ve\\\/site\\\/2023\\\/09\\\/27\\\/el-doodle-del-dia-celebra-los-25-anos-del-popular-buscador\\\/\"},\"wordCount\":396,\"commentCount\":0,\"publisher\":{\"@id\":\"https:\\\/\\\/digital58.com.ve\\\/site\\\/#\\\/schema\\\/person\\\/64d1c2e4d0d4fd1b849980c4331c2951\"},\"image\":{\"@id\":\"https:\\\/\\\/digital58.com.ve\\\/site\\\/2023\\\/09\\\/27\\\/el-doodle-del-dia-celebra-los-25-anos-del-popular-buscador\\\/#primaryimage\"},\"thumbnailUrl\":\"https:\\\/\\\/digital58.com.ve\\\/site\\\/wp-content\\\/uploads\\\/2023\\\/09\\\/google-25-2.jpg\",\"keywords\":[\"25 aniversario\",\"Buscadores web\",\"Google\",\"Internacionales\",\"Internet\",\"Motor de b\u00fasqueda\"],\"articleSection\":[\"Tecnolog\u00eda\"],\"inLanguage\":\"es\",\"potentialAction\":[{\"@type\":\"CommentAction\",\"name\":\"Comment\",\"target\":[\"https:\\\/\\\/digital58.com.ve\\\/site\\\/2023\\\/09\\\/27\\\/el-doodle-del-dia-celebra-los-25-anos-del-popular-buscador\\\/#respond\"]}]},{\"@type\":\"WebPage\",\"@id\":\"https:\\\/\\\/digital58.com.ve\\\/site\\\/2023\\\/09\\\/27\\\/el-doodle-del-dia-celebra-los-25-anos-del-popular-buscador\\\/\",\"url\":\"https:\\\/\\\/digital58.com.ve\\\/site\\\/2023\\\/09\\\/27\\\/el-doodle-del-dia-celebra-los-25-anos-del-popular-buscador\\\/\",\"name\":\"El \u00abdoodle\u00bb del d\u00eda celebra los 25 a\u00f1os del popular buscador\",\"isPartOf\":{\"@id\":\"https:\\\/\\\/digital58.com.ve\\\/site\\\/#website\"},\"primaryImageOfPage\":{\"@id\":\"https:\\\/\\\/digital58.com.ve\\\/site\\\/2023\\\/09\\\/27\\\/el-doodle-del-dia-celebra-los-25-anos-del-popular-buscador\\\/#primaryimage\"},\"image\":{\"@id\":\"https:\\\/\\\/digital58.com.ve\\\/site\\\/2023\\\/09\\\/27\\\/el-doodle-del-dia-celebra-los-25-anos-del-popular-buscador\\\/#primaryimage\"},\"thumbnailUrl\":\"https:\\\/\\\/digital58.com.ve\\\/site\\\/wp-content\\\/uploads\\\/2023\\\/09\\\/google-25-2.jpg\",\"datePublished\":\"2023-09-27T09:59:37+00:00\",\"dateModified\":\"2023-09-27T10:01:24+00:00\",\"breadcrumb\":{\"@id\":\"https:\\\/\\\/digital58.com.ve\\\/site\\\/2023\\\/09\\\/27\\\/el-doodle-del-dia-celebra-los-25-anos-del-popular-buscador\\\/#breadcrumb\"},\"inLanguage\":\"es\",\"potentialAction\":[{\"@type\":\"ReadAction\",\"target\":[\"https:\\\/\\\/digital58.com.ve\\\/site\\\/2023\\\/09\\\/27\\\/el-doodle-del-dia-celebra-los-25-anos-del-popular-buscador\\\/\"]}]},{\"@type\":\"ImageObject\",\"inLanguage\":\"es\",\"@id\":\"https:\\\/\\\/digital58.com.ve\\\/site\\\/2023\\\/09\\\/27\\\/el-doodle-del-dia-celebra-los-25-anos-del-popular-buscador\\\/#primaryimage\",\"url\":\"https:\\\/\\\/digital58.com.ve\\\/site\\\/wp-content\\\/uploads\\\/2023\\\/09\\\/google-25-2.jpg\",\"contentUrl\":\"https:\\\/\\\/digital58.com.ve\\\/site\\\/wp-content\\\/uploads\\\/2023\\\/09\\\/google-25-2.jpg\",\"width\":800,\"height\":533},{\"@type\":\"BreadcrumbList\",\"@id\":\"https:\\\/\\\/digital58.com.ve\\\/site\\\/2023\\\/09\\\/27\\\/el-doodle-del-dia-celebra-los-25-anos-del-popular-buscador\\\/#breadcrumb\",\"itemListElement\":[{\"@type\":\"ListItem\",\"position\":1,\"name\":\"Home\",\"item\":\"https:\\\/\\\/digital58.com.ve\\\/site\\\/\"},{\"@type\":\"ListItem\",\"position\":2,\"name\":\"El \u00abdoodle\u00bb del d\u00eda celebra los 25 a\u00f1os del popular buscador\"}]},{\"@type\":\"WebSite\",\"@id\":\"https:\\\/\\\/digital58.com.ve\\\/site\\\/#website\",\"url\":\"https:\\\/\\\/digital58.com.ve\\\/site\\\/\",\"name\":\"Noticias Digital58\",\"description\":\"Portal de Noticias \u00a1Periodismo web de verdad! Lanzamiento web 22.11.2005 \\\/ Maracaibo, Venezuela\",\"publisher\":{\"@id\":\"https:\\\/\\\/digital58.com.ve\\\/site\\\/#\\\/schema\\\/person\\\/64d1c2e4d0d4fd1b849980c4331c2951\"},\"alternateName\":\"ND58\",\"potentialAction\":[{\"@type\":\"SearchAction\",\"target\":{\"@type\":\"EntryPoint\",\"urlTemplate\":\"https:\\\/\\\/digital58.com.ve\\\/site\\\/?s={search_term_string}\"},\"query-input\":{\"@type\":\"PropertyValueSpecification\",\"valueRequired\":true,\"valueName\":\"search_term_string\"}}],\"inLanguage\":\"es\"},{\"@type\":[\"Person\",\"Organization\"],\"@id\":\"https:\\\/\\\/digital58.com.ve\\\/site\\\/#\\\/schema\\\/person\\\/64d1c2e4d0d4fd1b849980c4331c2951\",\"name\":\"Villasmil Henry\",\"image\":{\"@type\":\"ImageObject\",\"inLanguage\":\"es\",\"@id\":\"https:\\\/\\\/secure.gravatar.com\\\/avatar\\\/bb0c4a2fcb7970138239f7e404ea75757b1b507b28b5ce4c53fbd62d797c5a7c?s=96&d=mm&r=g\",\"url\":\"https:\\\/\\\/secure.gravatar.com\\\/avatar\\\/bb0c4a2fcb7970138239f7e404ea75757b1b507b28b5ce4c53fbd62d797c5a7c?s=96&d=mm&r=g\",\"contentUrl\":\"https:\\\/\\\/secure.gravatar.com\\\/avatar\\\/bb0c4a2fcb7970138239f7e404ea75757b1b507b28b5ce4c53fbd62d797c5a7c?s=96&d=mm&r=g\",\"caption\":\"Villasmil Henry\"},\"logo\":{\"@id\":\"https:\\\/\\\/secure.gravatar.com\\\/avatar\\\/bb0c4a2fcb7970138239f7e404ea75757b1b507b28b5ce4c53fbd62d797c5a7c?s=96&d=mm&r=g\"},\"sameAs\":[\"http:\\\/\\\/www.henryvillasmil.com.ve\",\"https:\\\/\\\/www.instagram.com\\\/villasmilhfoto\\\/\",\"https:\\\/\\\/x.com\\\/https:\\\/\\\/twitter.com\\\/villasmilhfoto\"],\"url\":\"https:\\\/\\\/digital58.com.ve\\\/site\\\/author\\\/droopy_68\\\/\"}]}<\/script>\n<!-- \/ Yoast SEO plugin. -->","yoast_head_json":{"title":"El \u00abdoodle\u00bb del d\u00eda celebra los 25 a\u00f1os del popular buscador","robots":{"index":"index","follow":"follow","max-snippet":"max-snippet:-1","max-image-preview":"max-image-preview:large","max-video-preview":"max-video-preview:-1"},"canonical":"https:\/\/digital58.com.ve\/site\/2023\/09\/27\/el-doodle-del-dia-celebra-los-25-anos-del-popular-buscador\/","og_locale":"es_ES","og_type":"article","og_title":"El \u00abdoodle\u00bb del d\u00eda celebra los 25 a\u00f1os del popular buscador","og_url":"https:\/\/digital58.com.ve\/site\/2023\/09\/27\/el-doodle-del-dia-celebra-los-25-anos-del-popular-buscador\/","og_site_name":"Noticias Digital58","article_published_time":"2023-09-27T09:59:37+00:00","article_modified_time":"2023-09-27T10:01:24+00:00","og_image":[{"width":800,"height":533,"url":"https:\/\/i0.wp.com\/digital58.com.ve\/site\/wp-content\/uploads\/2023\/09\/google-25-2.jpg?fit=800%2C533&ssl=1","type":"image\/jpeg"}],"author":"Villasmil Henry","twitter_card":"summary_large_image","twitter_creator":"@https:\/\/twitter.com\/villasmilhfoto","twitter_site":"@villasmilhfoto","twitter_misc":{"Escrito por":"Villasmil Henry","Tiempo estimado de lectura":"2 minutos"},"schema":{"@context":"https:\/\/schema.org","@graph":[{"@type":"Article","@id":"https:\/\/digital58.com.ve\/site\/2023\/09\/27\/el-doodle-del-dia-celebra-los-25-anos-del-popular-buscador\/#article","isPartOf":{"@id":"https:\/\/digital58.com.ve\/site\/2023\/09\/27\/el-doodle-del-dia-celebra-los-25-anos-del-popular-buscador\/"},"author":{"name":"Villasmil Henry","@id":"https:\/\/digital58.com.ve\/site\/#\/schema\/person\/64d1c2e4d0d4fd1b849980c4331c2951"},"headline":"El \u00abdoodle\u00bb del d\u00eda celebra los 25 a\u00f1os del popular buscador","datePublished":"2023-09-27T09:59:37+00:00","dateModified":"2023-09-27T10:01:24+00:00","mainEntityOfPage":{"@id":"https:\/\/digital58.com.ve\/site\/2023\/09\/27\/el-doodle-del-dia-celebra-los-25-anos-del-popular-buscador\/"},"wordCount":396,"commentCount":0,"publisher":{"@id":"https:\/\/digital58.com.ve\/site\/#\/schema\/person\/64d1c2e4d0d4fd1b849980c4331c2951"},"image":{"@id":"https:\/\/digital58.com.ve\/site\/2023\/09\/27\/el-doodle-del-dia-celebra-los-25-anos-del-popular-buscador\/#primaryimage"},"thumbnailUrl":"https:\/\/digital58.com.ve\/site\/wp-content\/uploads\/2023\/09\/google-25-2.jpg","keywords":["25 aniversario","Buscadores web","Google","Internacionales","Internet","Motor de b\u00fasqueda"],"articleSection":["Tecnolog\u00eda"],"inLanguage":"es","potentialAction":[{"@type":"CommentAction","name":"Comment","target":["https:\/\/digital58.com.ve\/site\/2023\/09\/27\/el-doodle-del-dia-celebra-los-25-anos-del-popular-buscador\/#respond"]}]},{"@type":"WebPage","@id":"https:\/\/digital58.com.ve\/site\/2023\/09\/27\/el-doodle-del-dia-celebra-los-25-anos-del-popular-buscador\/","url":"https:\/\/digital58.com.ve\/site\/2023\/09\/27\/el-doodle-del-dia-celebra-los-25-anos-del-popular-buscador\/","name":"El \u00abdoodle\u00bb del d\u00eda celebra los 25 a\u00f1os del popular buscador","isPartOf":{"@id":"https:\/\/digital58.com.ve\/site\/#website"},"primaryImageOfPage":{"@id":"https:\/\/digital58.com.ve\/site\/2023\/09\/27\/el-doodle-del-dia-celebra-los-25-anos-del-popular-buscador\/#primaryimage"},"image":{"@id":"https:\/\/digital58.com.ve\/site\/2023\/09\/27\/el-doodle-del-dia-celebra-los-25-anos-del-popular-buscador\/#primaryimage"},"thumbnailUrl":"https:\/\/digital58.com.ve\/site\/wp-content\/uploads\/2023\/09\/google-25-2.jpg","datePublished":"2023-09-27T09:59:37+00:00","dateModified":"2023-09-27T10:01:24+00:00","breadcrumb":{"@id":"https:\/\/digital58.com.ve\/site\/2023\/09\/27\/el-doodle-del-dia-celebra-los-25-anos-del-popular-buscador\/#breadcrumb"},"inLanguage":"es","potentialAction":[{"@type":"ReadAction","target":["https:\/\/digital58.com.ve\/site\/2023\/09\/27\/el-doodle-del-dia-celebra-los-25-anos-del-popular-buscador\/"]}]},{"@type":"ImageObject","inLanguage":"es","@id":"https:\/\/digital58.com.ve\/site\/2023\/09\/27\/el-doodle-del-dia-celebra-los-25-anos-del-popular-buscador\/#primaryimage","url":"https:\/\/digital58.com.ve\/site\/wp-content\/uploads\/2023\/09\/google-25-2.jpg","contentUrl":"https:\/\/digital58.com.ve\/site\/wp-content\/uploads\/2023\/09\/google-25-2.jpg","width":800,"height":533},{"@type":"BreadcrumbList","@id":"https:\/\/digital58.com.ve\/site\/2023\/09\/27\/el-doodle-del-dia-celebra-los-25-anos-del-popular-buscador\/#breadcrumb","itemListElement":[{"@type":"ListItem","position":1,"name":"Home","item":"https:\/\/digital58.com.ve\/site\/"},{"@type":"ListItem","position":2,"name":"El \u00abdoodle\u00bb del d\u00eda celebra los 25 a\u00f1os del popular buscador"}]},{"@type":"WebSite","@id":"https:\/\/digital58.com.ve\/site\/#website","url":"https:\/\/digital58.com.ve\/site\/","name":"Noticias Digital58","description":"Portal de Noticias \u00a1Periodismo web de verdad! Lanzamiento web 22.11.2005 \/ Maracaibo, Venezuela","publisher":{"@id":"https:\/\/digital58.com.ve\/site\/#\/schema\/person\/64d1c2e4d0d4fd1b849980c4331c2951"},"alternateName":"ND58","potentialAction":[{"@type":"SearchAction","target":{"@type":"EntryPoint","urlTemplate":"https:\/\/digital58.com.ve\/site\/?s={search_term_string}"},"query-input":{"@type":"PropertyValueSpecification","valueRequired":true,"valueName":"search_term_string"}}],"inLanguage":"es"},{"@type":["Person","Organization"],"@id":"https:\/\/digital58.com.ve\/site\/#\/schema\/person\/64d1c2e4d0d4fd1b849980c4331c2951","name":"Villasmil Henry","image":{"@type":"ImageObject","inLanguage":"es","@id":"https:\/\/secure.gravatar.com\/avatar\/bb0c4a2fcb7970138239f7e404ea75757b1b507b28b5ce4c53fbd62d797c5a7c?s=96&d=mm&r=g","url":"https:\/\/secure.gravatar.com\/avatar\/bb0c4a2fcb7970138239f7e404ea75757b1b507b28b5ce4c53fbd62d797c5a7c?s=96&d=mm&r=g","contentUrl":"https:\/\/secure.gravatar.com\/avatar\/bb0c4a2fcb7970138239f7e404ea75757b1b507b28b5ce4c53fbd62d797c5a7c?s=96&d=mm&r=g","caption":"Villasmil Henry"},"logo":{"@id":"https:\/\/secure.gravatar.com\/avatar\/bb0c4a2fcb7970138239f7e404ea75757b1b507b28b5ce4c53fbd62d797c5a7c?s=96&d=mm&r=g"},"sameAs":["http:\/\/www.henryvillasmil.com.ve","https:\/\/www.instagram.com\/villasmilhfoto\/","https:\/\/x.com\/https:\/\/twitter.com\/villasmilhfoto"],"url":"https:\/\/digital58.com.ve\/site\/author\/droopy_68\/"}]}},"uagb_featured_image_src":{"full":["https:\/\/digital58.com.ve\/site\/wp-content\/uploads\/2023\/09\/google-25-2.jpg",800,533,false],"thumbnail":["https:\/\/digital58.com.ve\/site\/wp-content\/uploads\/2023\/09\/google-25-2-150x150.jpg",150,150,true],"medium":["https:\/\/digital58.com.ve\/site\/wp-content\/uploads\/2023\/09\/google-25-2-300x200.jpg",300,200,true],"medium_large":["https:\/\/digital58.com.ve\/site\/wp-content\/uploads\/2023\/09\/google-25-2-768x512.jpg",768,512,true],"large":["https:\/\/digital58.com.ve\/site\/wp-content\/uploads\/2023\/09\/google-25-2.jpg",800,533,false],"1536x1536":["https:\/\/digital58.com.ve\/site\/wp-content\/uploads\/2023\/09\/google-25-2.jpg",800,533,false],"2048x2048":["https:\/\/digital58.com.ve\/site\/wp-content\/uploads\/2023\/09\/google-25-2.jpg",800,533,false],"colormag-highlighted-post":["https:\/\/digital58.com.ve\/site\/wp-content\/uploads\/2023\/09\/google-25-2-392x272.jpg",392,272,true],"colormag-featured-post-medium":["https:\/\/digital58.com.ve\/site\/wp-content\/uploads\/2023\/09\/google-25-2-390x205.jpg",390,205,true],"colormag-featured-post-small":["https:\/\/digital58.com.ve\/site\/wp-content\/uploads\/2023\/09\/google-25-2-130x90.jpg",130,90,true],"colormag-featured-image":["https:\/\/digital58.com.ve\/site\/wp-content\/uploads\/2023\/09\/google-25-2-800x445.jpg",800,445,true],"colormag-default-news":["https:\/\/digital58.com.ve\/site\/wp-content\/uploads\/2023\/09\/google-25-2-150x150.jpg",150,150,true],"colormag-featured-image-large":["https:\/\/digital58.com.ve\/site\/wp-content\/uploads\/2023\/09\/google-25-2.jpg",800,533,false]},"uagb_author_info":{"display_name":"Villasmil Henry","author_link":"https:\/\/digital58.com.ve\/site\/author\/droopy_68\/"},"uagb_comment_info":0,"uagb_excerpt":"El \u00abdoodle\u00bb de la compa\u00f1\u00eda rinde hoy homenaje a la evoluci\u00f3n del logotipo a lo largo de este cuarto de","_links":{"self":[{"href":"https:\/\/digital58.com.ve\/site\/wp-json\/wp\/v2\/posts\/170947","targetHints":{"allow":["GET"]}}],"collection":[{"href":"https:\/\/digital58.com.ve\/site\/wp-json\/wp\/v2\/posts"}],"about":[{"href":"https:\/\/digital58.com.ve\/site\/wp-json\/wp\/v2\/types\/post"}],"author":[{"embeddable":true,"href":"https:\/\/digital58.com.ve\/site\/wp-json\/wp\/v2\/users\/1"}],"replies":[{"embeddable":true,"href":"https:\/\/digital58.com.ve\/site\/wp-json\/wp\/v2\/comments?post=170947"}],"version-history":[{"count":2,"href":"https:\/\/digital58.com.ve\/site\/wp-json\/wp\/v2\/posts\/170947\/revisions"}],"predecessor-version":[{"id":170952,"href":"https:\/\/digital58.com.ve\/site\/wp-json\/wp\/v2\/posts\/170947\/revisions\/170952"}],"wp:featuredmedia":[{"embeddable":true,"href":"https:\/\/digital58.com.ve\/site\/wp-json\/wp\/v2\/media\/170950"}],"wp:attachment":[{"href":"https:\/\/digital58.com.ve\/site\/wp-json\/wp\/v2\/media?parent=170947"}],"wp:term":[{"taxonomy":"category","embeddable":true,"href":"https:\/\/digital58.com.ve\/site\/wp-json\/wp\/v2\/categories?post=170947"},{"taxonomy":"post_tag","embeddable":true,"href":"https:\/\/digital58.com.ve\/site\/wp-json\/wp\/v2\/tags?post=170947"}],"curies":[{"name":"wp","href":"https:\/\/api.w.org\/{rel}","templated":true}]}}