{"id":170971,"date":"2023-09-29T13:44:53","date_gmt":"2023-09-29T17:44:53","guid":{"rendered":"https:\/\/digital58.com.ve\/site\/?p=170971"},"modified":"2023-09-29T13:44:53","modified_gmt":"2023-09-29T17:44:53","slug":"maracaibo-soledad-bravo-develo-su-estrella-en-el-paseo-del-teatro-baralt","status":"publish","type":"post","link":"https:\/\/digital58.com.ve\/site\/2023\/09\/29\/maracaibo-soledad-bravo-develo-su-estrella-en-el-paseo-del-teatro-baralt\/","title":{"rendered":"#Maracaibo | Soledad Bravo devel\u00f3 su estrella en el paseo del Teatro Baralt"},"content":{"rendered":"<p><a href=\"https:\/\/digital58.com.ve\/site\/wp-content\/uploads\/2023\/09\/soledad-bravo-1.jpg\"><img loading=\"lazy\" decoding=\"async\" class=\"aligncenter size-full wp-image-170978\" src=\"https:\/\/digital58.com.ve\/site\/wp-content\/uploads\/2023\/09\/soledad-bravo-1.jpg\" alt=\"\" width=\"800\" height=\"555\" srcset=\"https:\/\/digital58.com.ve\/site\/wp-content\/uploads\/2023\/09\/soledad-bravo-1.jpg 800w, https:\/\/digital58.com.ve\/site\/wp-content\/uploads\/2023\/09\/soledad-bravo-1-300x208.jpg 300w, https:\/\/digital58.com.ve\/site\/wp-content\/uploads\/2023\/09\/soledad-bravo-1-768x533.jpg 768w, https:\/\/digital58.com.ve\/site\/wp-content\/uploads\/2023\/09\/soledad-bravo-1-392x272.jpg 392w, https:\/\/digital58.com.ve\/site\/wp-content\/uploads\/2023\/09\/soledad-bravo-1-130x90.jpg 130w\" sizes=\"auto, (max-width: 800px) 100vw, 800px\" \/><\/a><\/p>\n<p>En el marco del 140 aniversario del Teatro Baralt de Maracaibo, Soledad Bravo la artista venezolana de origen espa\u00f1ol visit\u00f3 la ciudad para develar la estrella que la consagra como una gran artista y protagonista de la historia musical venezolana.<\/p>\n<p><strong>Maracaibo, Zulia, Venezuela, 29 de septiembre de 2023 (ND58).-<\/strong> Soledad Bravo, lleg\u00f3 acompa\u00f1ada de su hija AnaSol, Maiby Palacios la productora del evento y la Embajada Cultural de Maracaibo, a un ameno encuentro con los medios de comunicaci\u00f3n que la esperaron pacientemente, pero a su llegada, los periodistas zulianos la ovacionaron.<\/p>\n<p>El primero en recibir este reconocimiento \u2014Estrella en el paseo del Teatro Baralt\u2014 fue Gilberto Correa, la segunda Lupita Ferrer, el tercero Enrique Le\u00f3n y la cuarta homenajeada fue Soledad Bravo quien expres\u00f3 su orgullo pues no siendo venezolana de nacimiento pero s\u00ed de coraz\u00f3n y vida, es la primera que recibe este galard\u00f3n con esta condici\u00f3n.<\/p>\n<p><a href=\"https:\/\/digital58.com.ve\/site\/wp-content\/uploads\/2023\/09\/soledad-bravo-2.jpg\"><img loading=\"lazy\" decoding=\"async\" class=\"aligncenter size-full wp-image-170977\" src=\"https:\/\/digital58.com.ve\/site\/wp-content\/uploads\/2023\/09\/soledad-bravo-2.jpg\" alt=\"\" width=\"800\" height=\"509\" srcset=\"https:\/\/digital58.com.ve\/site\/wp-content\/uploads\/2023\/09\/soledad-bravo-2.jpg 800w, https:\/\/digital58.com.ve\/site\/wp-content\/uploads\/2023\/09\/soledad-bravo-2-300x191.jpg 300w, https:\/\/digital58.com.ve\/site\/wp-content\/uploads\/2023\/09\/soledad-bravo-2-768x489.jpg 768w\" sizes=\"auto, (max-width: 800px) 100vw, 800px\" \/><\/a><\/p>\n<p>Junto a la trovadora y cantante estuvieron, el Arq. Jesus Lombardi presidente del Teatro Baralt y a Dra. Elizabeth Miquilena, presidenta de Fundabaralt, quienes expresaron sus palabras de bienvenida y agradecimiento a tan honorable visitante, tambi\u00e9n los acompa\u00f1o, Maiby Palacios de la productora Keiko quienes conjuntamente con el teatro son los organizadores del evento.<\/p>\n<p>Soledad, comparti\u00f3 un rato de tertulia y convers\u00f3 acerca su primera presentaci\u00f3n en el Teatro Baralt que signific\u00f3 mucho para ella, tambi\u00e9n dijo sentirse emocionada de estar en la sala baja que lleva el nombre de su gran amigo el Profesor Sergio Antillano a quien record\u00f3 con mucha emoci\u00f3n y sentimiento, comento de sus ra\u00edces, que aun cuando naci\u00f3 en Espa\u00f1a ella se siente con tres vertientes, la espa\u00f1ola venezolana y la latinoamericana.<\/p>\n<p><a href=\"https:\/\/digital58.com.ve\/site\/wp-content\/uploads\/2023\/09\/soledad-bravo-7.jpg\"><img loading=\"lazy\" decoding=\"async\" class=\"aligncenter size-full wp-image-170972\" src=\"https:\/\/digital58.com.ve\/site\/wp-content\/uploads\/2023\/09\/soledad-bravo-7.jpg\" alt=\"\" width=\"800\" height=\"561\" srcset=\"https:\/\/digital58.com.ve\/site\/wp-content\/uploads\/2023\/09\/soledad-bravo-7.jpg 800w, https:\/\/digital58.com.ve\/site\/wp-content\/uploads\/2023\/09\/soledad-bravo-7-300x210.jpg 300w, https:\/\/digital58.com.ve\/site\/wp-content\/uploads\/2023\/09\/soledad-bravo-7-768x539.jpg 768w, https:\/\/digital58.com.ve\/site\/wp-content\/uploads\/2023\/09\/soledad-bravo-7-130x90.jpg 130w\" sizes=\"auto, (max-width: 800px) 100vw, 800px\" \/><\/a><\/p>\n<p>La irreverencia de su m\u00fasica es considerada por muchos como canci\u00f3n de protesta, pero ella misma aclaro que su m\u00fasica no se trata de una canci\u00f3n de protesta, se trata de opinar cantando, que es distinto a protestar, \u00abla canci\u00f3n de protesta no pertenece al \u00e1mbito venezolano\u00bb, naci\u00f3 en los a\u00f1os 60 en los estados unido cuando se protest\u00f3 contra la guerra de Vietnam.<\/p>\n<p>Soledad, comento que con su m\u00fasica ha querido exaltar a los compositores, poetantes venezolanos y latinoamericanos, aprovecho para dar algunos detalles acerca la presentaci\u00f3n que tendr\u00e1, el pr\u00f3ximo 8 de diciembre, en el marco del 140 aniversario del Teatro Baralt de Maracaibo, cont\u00f3 que traer\u00e1 un repertorio muy variado, con canciones rom\u00e1nticas, del Caribe, tangos, brasileras, joropos y mas, un verdadero recorrido musical por Venezuela y Latinoam\u00e9rica, destac\u00f3 que las entradas para este evento ser\u00e1n a beneficio de Fundabaralt.<\/p>\n<p><a href=\"https:\/\/digital58.com.ve\/site\/wp-content\/uploads\/2023\/09\/soledad-bravo-6.jpg\"><img loading=\"lazy\" decoding=\"async\" class=\"aligncenter size-full wp-image-170973\" src=\"https:\/\/digital58.com.ve\/site\/wp-content\/uploads\/2023\/09\/soledad-bravo-6.jpg\" alt=\"\" width=\"800\" height=\"450\" srcset=\"https:\/\/digital58.com.ve\/site\/wp-content\/uploads\/2023\/09\/soledad-bravo-6.jpg 800w, https:\/\/digital58.com.ve\/site\/wp-content\/uploads\/2023\/09\/soledad-bravo-6-300x169.jpg 300w, https:\/\/digital58.com.ve\/site\/wp-content\/uploads\/2023\/09\/soledad-bravo-6-768x432.jpg 768w\" sizes=\"auto, (max-width: 800px) 100vw, 800px\" \/><\/a><\/p>\n<p>Con m\u00e1s de cuatro d\u00e9cadas de trayectoria y 30 \u00e1lbumes publicados, elogiados por p\u00fablico y la cr\u00edtica, Soledad Bravo sigue siendo el estandarte de la canci\u00f3n latinoamericana, con un amplio registro musical que va desde el cancionero popular a los cantos sefard\u00edes, pasando por boleros, la nueva trova cubana rancheras e incluso la canci\u00f3n urbana.<\/p>\n<p>\u00abA mi siempre me gusto mucho cantar, y eso me abri\u00f3 las puertas en este pa\u00eds\u00bb, \u00abyo escuchaba a Jorge Negrete, Agust\u00edn Lara, Alfredo Sadel, que si Sadel viviera sabr\u00eda que soy la madrina de uno de sus nietos, igual que Sim\u00f3n D\u00edaz\u00bb, dijo con mucho orgullo.<\/p>\n<p><a href=\"https:\/\/digital58.com.ve\/site\/wp-content\/uploads\/2023\/09\/soledad-bravo-4.jpg\"><img loading=\"lazy\" decoding=\"async\" class=\"aligncenter size-full wp-image-170975\" src=\"https:\/\/digital58.com.ve\/site\/wp-content\/uploads\/2023\/09\/soledad-bravo-4.jpg\" alt=\"\" width=\"800\" height=\"578\" srcset=\"https:\/\/digital58.com.ve\/site\/wp-content\/uploads\/2023\/09\/soledad-bravo-4.jpg 800w, https:\/\/digital58.com.ve\/site\/wp-content\/uploads\/2023\/09\/soledad-bravo-4-300x217.jpg 300w, https:\/\/digital58.com.ve\/site\/wp-content\/uploads\/2023\/09\/soledad-bravo-4-768x555.jpg 768w\" sizes=\"auto, (max-width: 800px) 100vw, 800px\" \/><\/a><\/p>\n<p>\u00abDeje de ser la trovadora de la guitarra y el cuatro, para cantar otro tipo de m\u00fasica, que me dio como un crecimiento, escuchando a Celia Cruz, e incorporando todas esas cosas a mi canto, al darle rienda suelta a todo tipo de m\u00fasica, eso me abri\u00f3 un camino para mis posibilidades vocales que estaban en crecimiento en ese momento\u00bb, expres\u00f3 Bravo.<\/p>\n<p>De mis an\u00e9cdotas coment\u00f3, \u00abun d\u00eda estaba en la casa y est\u00e1bamos Sergio Antillano y yo, ve\u00edamos la publicidad del concierto de Ruben Blades y Willy Col\u00f3n, que se iban a presentar en el poliedro y despu\u00e9s de ah\u00ed se me meti\u00f3 en la cabeza hacer un disco con \u00e9l, yo venia de cantar con la trova y de hacer otras cosas incluso, ya hab\u00eda nacido el disco cefardista que cerr\u00f3 ese ciclo de Espa\u00f1a que le deb\u00eda a mis padres.<\/p>\n<p><a href=\"https:\/\/digital58.com.ve\/site\/wp-content\/uploads\/2023\/09\/soledad-bravo-3.jpg\"><img loading=\"lazy\" decoding=\"async\" class=\"aligncenter size-full wp-image-170976\" src=\"https:\/\/digital58.com.ve\/site\/wp-content\/uploads\/2023\/09\/soledad-bravo-3.jpg\" alt=\"\" width=\"800\" height=\"600\" srcset=\"https:\/\/digital58.com.ve\/site\/wp-content\/uploads\/2023\/09\/soledad-bravo-3.jpg 800w, https:\/\/digital58.com.ve\/site\/wp-content\/uploads\/2023\/09\/soledad-bravo-3-300x225.jpg 300w, https:\/\/digital58.com.ve\/site\/wp-content\/uploads\/2023\/09\/soledad-bravo-3-768x576.jpg 768w\" sizes=\"auto, (max-width: 800px) 100vw, 800px\" \/><\/a><\/p>\n<p>Cuando Willy me dice que si, llego a Nueva York , me puse a traducir las canciones y se hizo una producci\u00f3n, que es el \u00fanico disco de esa \u00e9poca que tiene siete canciones, porque todos ten\u00edan 10 o 12. Hacer ese trabajo me abri\u00f3 un mundo diferente en la m\u00fasica, era otro nivel\u00bb.<\/p>\n<p>En el intercambio de preguntas y respuestas con la prensa, Soledad Bravo, aprovech\u00f3 la oportunidad para deleitar a los presentes, haciendo peque\u00f1as interpretaciones de algunas de sus canciones, incluyendo \u00abCoquivacoa\u00bb de Al\u00ed Primera, donde logr\u00f3 que los presentes corearan con ella, la emblem\u00e1tica canci\u00f3n dedicada al Lago de Maracaibo. Bravo tambi\u00e9n manifest\u00f3 que la gaita que mas le gusta es la \u00abGrey zuliana\u00bb.<\/p>\n<p><a href=\"https:\/\/digital58.com.ve\/site\/wp-content\/uploads\/2023\/09\/soledad-bravo-5.jpg\"><img loading=\"lazy\" decoding=\"async\" class=\"aligncenter size-full wp-image-170974\" src=\"https:\/\/digital58.com.ve\/site\/wp-content\/uploads\/2023\/09\/soledad-bravo-5.jpg\" alt=\"\" width=\"800\" height=\"580\" srcset=\"https:\/\/digital58.com.ve\/site\/wp-content\/uploads\/2023\/09\/soledad-bravo-5.jpg 800w, https:\/\/digital58.com.ve\/site\/wp-content\/uploads\/2023\/09\/soledad-bravo-5-300x218.jpg 300w, https:\/\/digital58.com.ve\/site\/wp-content\/uploads\/2023\/09\/soledad-bravo-5-768x557.jpg 768w\" sizes=\"auto, (max-width: 800px) 100vw, 800px\" \/><\/a><\/p>\n<p>Al concluir la rueda de prensa, Soledad Bravo, firm\u00f3 el Libro de los Visitantes Ilustres del Teatro, donde hizo una dedicatoria especial para el lugar donde una vez se present\u00f3 y parte de su mensaje se lo dedico a su buen amigo el Profesor Sergio Antillano<\/p>\n<p>Luego, con la ayuda del Arq. Jesus Lombardi, en presencia de todos los medios de comunicaci\u00f3n, develaron la pieza dedicada a la cantante venezolana, quedando as\u00ed inmortalizada en el el Paseo de las Grandes Estrellas del Teatro Baralt<\/p>\n<p><strong>Redacci\u00f3n ND58 | Fuente: Dayana Katherina Pe\u00f1a<\/strong><br \/>\n<strong>Edici\u00f3n: Villasmil, Henry<\/strong><br \/>\n<strong>Gr\u00e1ficas: Cortes\u00eda SDNNews<\/strong><\/p>\n<p>&nbsp;<\/p><div class=\"gkqvn69f1750e0f474\" ><p style=\"text-align: center;\"><a href=\"https:\/\/t.me\/noticiasdigital58\" target=\"_blank\" rel=\"noopener\"><img class=\"aligncenter size-full wp-image-125363\" src=\"https:\/\/digital58.com.ve\/site\/wp-content\/uploads\/2021\/04\/banner-telegram-web-2021.png\" alt=\"\" width=\"600\" height=\"90\" \/><\/a><\/p><\/div><style type=\"text\/css\">\r\n@media screen and (min-width: 1201px) {\r\n.gkqvn69f1750e0f474 {\r\ndisplay: block;\r\n}\r\n}\r\n@media screen and (min-width: 993px) and (max-width: 1200px) {\r\n.gkqvn69f1750e0f474 {\r\ndisplay: block;\r\n}\r\n}\r\n@media screen and (min-width: 769px) and (max-width: 992px) {\r\n.gkqvn69f1750e0f474 {\r\ndisplay: block;\r\n}\r\n}\r\n@media screen and (min-width: 768px) and (max-width: 768px) {\r\n.gkqvn69f1750e0f474 {\r\ndisplay: block;\r\n}\r\n}\r\n@media screen and (max-width: 767px) {\r\n.gkqvn69f1750e0f474 {\r\ndisplay: block;\r\n}\r\n}\r\n<\/style>\r\n\n<p>&nbsp;<\/p>\n<div style=\"margin-top: 0px; margin-bottom: 0px;\" class=\"sharethis-inline-share-buttons\" ><\/div>","protected":false},"excerpt":{"rendered":"<p>En el marco del 140 aniversario del Teatro Baralt de Maracaibo, Soledad Bravo la artista venezolana de origen espa\u00f1ol visit\u00f3<\/p>\n","protected":false},"author":1,"featured_media":170975,"comment_status":"open","ping_status":"closed","sticky":false,"template":"","format":"standard","meta":{"colormag_page_container_layout":"default_layout","colormag_page_sidebar_layout":"default_layout","_uag_custom_page_level_css":"","footnotes":""},"categories":[5401],"tags":[78,32525,27056,73,61,233,310,2354,198,97,32,761],"class_list":["post-170971","post","type-post","status-publish","format-standard","has-post-thumbnail","hentry","category-artes","tag-cantantes","tag-estrella-paseo-del-teatro-baralt","tag-jesus-lombardi","tag-maracaibo","tag-musica","tag-nacionales","tag-reconocimientos","tag-regionales","tag-soledad-bravo","tag-teatro-baralt","tag-venezuela","tag-zulia"],"yoast_head":"<!-- This site is optimized with the Yoast SEO plugin v27.5 - https:\/\/yoast.com\/product\/yoast-seo-wordpress\/ -->\n<title>#Maracaibo | Soledad Bravo devel\u00f3 su estrella en el paseo del Teatro Baralt<\/title>\n<meta name=\"robots\" content=\"index, follow, max-snippet:-1, max-image-preview:large, max-video-preview:-1\" \/>\n<link rel=\"canonical\" href=\"https:\/\/digital58.com.ve\/site\/2023\/09\/29\/maracaibo-soledad-bravo-develo-su-estrella-en-el-paseo-del-teatro-baralt\/\" \/>\n<meta property=\"og:locale\" content=\"es_ES\" \/>\n<meta property=\"og:type\" content=\"article\" \/>\n<meta property=\"og:title\" content=\"#Maracaibo | Soledad Bravo devel\u00f3 su estrella en el paseo del Teatro Baralt\" \/>\n<meta property=\"og:url\" content=\"https:\/\/digital58.com.ve\/site\/2023\/09\/29\/maracaibo-soledad-bravo-develo-su-estrella-en-el-paseo-del-teatro-baralt\/\" \/>\n<meta property=\"og:site_name\" content=\"Noticias Digital58\" \/>\n<meta property=\"article:published_time\" content=\"2023-09-29T17:44:53+00:00\" \/>\n<meta property=\"og:image\" content=\"https:\/\/i0.wp.com\/digital58.com.ve\/site\/wp-content\/uploads\/2023\/09\/soledad-bravo-4.jpg?fit=800%2C578&ssl=1\" \/>\n\t<meta property=\"og:image:width\" content=\"800\" \/>\n\t<meta property=\"og:image:height\" content=\"578\" \/>\n\t<meta property=\"og:image:type\" content=\"image\/jpeg\" \/>\n<meta name=\"author\" content=\"Villasmil Henry\" \/>\n<meta name=\"twitter:card\" content=\"summary_large_image\" \/>\n<meta name=\"twitter:creator\" content=\"@https:\/\/twitter.com\/villasmilhfoto\" \/>\n<meta name=\"twitter:site\" content=\"@villasmilhfoto\" \/>\n<meta name=\"twitter:label1\" content=\"Escrito por\" \/>\n\t<meta name=\"twitter:data1\" content=\"Villasmil Henry\" \/>\n\t<meta name=\"twitter:label2\" content=\"Tiempo estimado de lectura\" \/>\n\t<meta name=\"twitter:data2\" content=\"5 minutos\" \/>\n<script type=\"application\/ld+json\" class=\"yoast-schema-graph\">{\"@context\":\"https:\\\/\\\/schema.org\",\"@graph\":[{\"@type\":\"Article\",\"@id\":\"https:\\\/\\\/digital58.com.ve\\\/site\\\/2023\\\/09\\\/29\\\/maracaibo-soledad-bravo-develo-su-estrella-en-el-paseo-del-teatro-baralt\\\/#article\",\"isPartOf\":{\"@id\":\"https:\\\/\\\/digital58.com.ve\\\/site\\\/2023\\\/09\\\/29\\\/maracaibo-soledad-bravo-develo-su-estrella-en-el-paseo-del-teatro-baralt\\\/\"},\"author\":{\"name\":\"Villasmil Henry\",\"@id\":\"https:\\\/\\\/digital58.com.ve\\\/site\\\/#\\\/schema\\\/person\\\/64d1c2e4d0d4fd1b849980c4331c2951\"},\"headline\":\"#Maracaibo | Soledad Bravo devel\u00f3 su estrella en el paseo del Teatro Baralt\",\"datePublished\":\"2023-09-29T17:44:53+00:00\",\"mainEntityOfPage\":{\"@id\":\"https:\\\/\\\/digital58.com.ve\\\/site\\\/2023\\\/09\\\/29\\\/maracaibo-soledad-bravo-develo-su-estrella-en-el-paseo-del-teatro-baralt\\\/\"},\"wordCount\":944,\"commentCount\":0,\"publisher\":{\"@id\":\"https:\\\/\\\/digital58.com.ve\\\/site\\\/#\\\/schema\\\/person\\\/64d1c2e4d0d4fd1b849980c4331c2951\"},\"image\":{\"@id\":\"https:\\\/\\\/digital58.com.ve\\\/site\\\/2023\\\/09\\\/29\\\/maracaibo-soledad-bravo-develo-su-estrella-en-el-paseo-del-teatro-baralt\\\/#primaryimage\"},\"thumbnailUrl\":\"https:\\\/\\\/digital58.com.ve\\\/site\\\/wp-content\\\/uploads\\\/2023\\\/09\\\/soledad-bravo-4.jpg\",\"keywords\":[\"Cantantes\",\"Estrella paseo del Teatro Baralt\",\"Jes\u00fas Lombardi\",\"Maracaibo\",\"M\u00fasica\",\"Nacionales\",\"Reconocimientos\",\"Regionales\",\"Soledad Bravo\",\"Teatro Baralt\",\"Venezuela\",\"Zulia\"],\"articleSection\":[\"Artes\"],\"inLanguage\":\"es\",\"potentialAction\":[{\"@type\":\"CommentAction\",\"name\":\"Comment\",\"target\":[\"https:\\\/\\\/digital58.com.ve\\\/site\\\/2023\\\/09\\\/29\\\/maracaibo-soledad-bravo-develo-su-estrella-en-el-paseo-del-teatro-baralt\\\/#respond\"]}]},{\"@type\":\"WebPage\",\"@id\":\"https:\\\/\\\/digital58.com.ve\\\/site\\\/2023\\\/09\\\/29\\\/maracaibo-soledad-bravo-develo-su-estrella-en-el-paseo-del-teatro-baralt\\\/\",\"url\":\"https:\\\/\\\/digital58.com.ve\\\/site\\\/2023\\\/09\\\/29\\\/maracaibo-soledad-bravo-develo-su-estrella-en-el-paseo-del-teatro-baralt\\\/\",\"name\":\"#Maracaibo | Soledad Bravo devel\u00f3 su estrella en el paseo del Teatro Baralt\",\"isPartOf\":{\"@id\":\"https:\\\/\\\/digital58.com.ve\\\/site\\\/#website\"},\"primaryImageOfPage\":{\"@id\":\"https:\\\/\\\/digital58.com.ve\\\/site\\\/2023\\\/09\\\/29\\\/maracaibo-soledad-bravo-develo-su-estrella-en-el-paseo-del-teatro-baralt\\\/#primaryimage\"},\"image\":{\"@id\":\"https:\\\/\\\/digital58.com.ve\\\/site\\\/2023\\\/09\\\/29\\\/maracaibo-soledad-bravo-develo-su-estrella-en-el-paseo-del-teatro-baralt\\\/#primaryimage\"},\"thumbnailUrl\":\"https:\\\/\\\/digital58.com.ve\\\/site\\\/wp-content\\\/uploads\\\/2023\\\/09\\\/soledad-bravo-4.jpg\",\"datePublished\":\"2023-09-29T17:44:53+00:00\",\"breadcrumb\":{\"@id\":\"https:\\\/\\\/digital58.com.ve\\\/site\\\/2023\\\/09\\\/29\\\/maracaibo-soledad-bravo-develo-su-estrella-en-el-paseo-del-teatro-baralt\\\/#breadcrumb\"},\"inLanguage\":\"es\",\"potentialAction\":[{\"@type\":\"ReadAction\",\"target\":[\"https:\\\/\\\/digital58.com.ve\\\/site\\\/2023\\\/09\\\/29\\\/maracaibo-soledad-bravo-develo-su-estrella-en-el-paseo-del-teatro-baralt\\\/\"]}]},{\"@type\":\"ImageObject\",\"inLanguage\":\"es\",\"@id\":\"https:\\\/\\\/digital58.com.ve\\\/site\\\/2023\\\/09\\\/29\\\/maracaibo-soledad-bravo-develo-su-estrella-en-el-paseo-del-teatro-baralt\\\/#primaryimage\",\"url\":\"https:\\\/\\\/digital58.com.ve\\\/site\\\/wp-content\\\/uploads\\\/2023\\\/09\\\/soledad-bravo-4.jpg\",\"contentUrl\":\"https:\\\/\\\/digital58.com.ve\\\/site\\\/wp-content\\\/uploads\\\/2023\\\/09\\\/soledad-bravo-4.jpg\",\"width\":800,\"height\":578},{\"@type\":\"BreadcrumbList\",\"@id\":\"https:\\\/\\\/digital58.com.ve\\\/site\\\/2023\\\/09\\\/29\\\/maracaibo-soledad-bravo-develo-su-estrella-en-el-paseo-del-teatro-baralt\\\/#breadcrumb\",\"itemListElement\":[{\"@type\":\"ListItem\",\"position\":1,\"name\":\"Home\",\"item\":\"https:\\\/\\\/digital58.com.ve\\\/site\\\/\"},{\"@type\":\"ListItem\",\"position\":2,\"name\":\"#Maracaibo | Soledad Bravo devel\u00f3 su estrella en el paseo del Teatro Baralt\"}]},{\"@type\":\"WebSite\",\"@id\":\"https:\\\/\\\/digital58.com.ve\\\/site\\\/#website\",\"url\":\"https:\\\/\\\/digital58.com.ve\\\/site\\\/\",\"name\":\"Noticias Digital58\",\"description\":\"Portal de Noticias \u00a1Periodismo web de verdad! Lanzamiento web 22.11.2005 \\\/ Maracaibo, Venezuela\",\"publisher\":{\"@id\":\"https:\\\/\\\/digital58.com.ve\\\/site\\\/#\\\/schema\\\/person\\\/64d1c2e4d0d4fd1b849980c4331c2951\"},\"alternateName\":\"ND58\",\"potentialAction\":[{\"@type\":\"SearchAction\",\"target\":{\"@type\":\"EntryPoint\",\"urlTemplate\":\"https:\\\/\\\/digital58.com.ve\\\/site\\\/?s={search_term_string}\"},\"query-input\":{\"@type\":\"PropertyValueSpecification\",\"valueRequired\":true,\"valueName\":\"search_term_string\"}}],\"inLanguage\":\"es\"},{\"@type\":[\"Person\",\"Organization\"],\"@id\":\"https:\\\/\\\/digital58.com.ve\\\/site\\\/#\\\/schema\\\/person\\\/64d1c2e4d0d4fd1b849980c4331c2951\",\"name\":\"Villasmil Henry\",\"image\":{\"@type\":\"ImageObject\",\"inLanguage\":\"es\",\"@id\":\"https:\\\/\\\/secure.gravatar.com\\\/avatar\\\/bb0c4a2fcb7970138239f7e404ea75757b1b507b28b5ce4c53fbd62d797c5a7c?s=96&d=mm&r=g\",\"url\":\"https:\\\/\\\/secure.gravatar.com\\\/avatar\\\/bb0c4a2fcb7970138239f7e404ea75757b1b507b28b5ce4c53fbd62d797c5a7c?s=96&d=mm&r=g\",\"contentUrl\":\"https:\\\/\\\/secure.gravatar.com\\\/avatar\\\/bb0c4a2fcb7970138239f7e404ea75757b1b507b28b5ce4c53fbd62d797c5a7c?s=96&d=mm&r=g\",\"caption\":\"Villasmil Henry\"},\"logo\":{\"@id\":\"https:\\\/\\\/secure.gravatar.com\\\/avatar\\\/bb0c4a2fcb7970138239f7e404ea75757b1b507b28b5ce4c53fbd62d797c5a7c?s=96&d=mm&r=g\"},\"sameAs\":[\"http:\\\/\\\/www.henryvillasmil.com.ve\",\"https:\\\/\\\/www.instagram.com\\\/villasmilhfoto\\\/\",\"https:\\\/\\\/x.com\\\/https:\\\/\\\/twitter.com\\\/villasmilhfoto\"],\"url\":\"https:\\\/\\\/digital58.com.ve\\\/site\\\/author\\\/droopy_68\\\/\"}]}<\/script>\n<!-- \/ Yoast SEO plugin. -->","yoast_head_json":{"title":"#Maracaibo | Soledad Bravo devel\u00f3 su estrella en el paseo del Teatro Baralt","robots":{"index":"index","follow":"follow","max-snippet":"max-snippet:-1","max-image-preview":"max-image-preview:large","max-video-preview":"max-video-preview:-1"},"canonical":"https:\/\/digital58.com.ve\/site\/2023\/09\/29\/maracaibo-soledad-bravo-develo-su-estrella-en-el-paseo-del-teatro-baralt\/","og_locale":"es_ES","og_type":"article","og_title":"#Maracaibo | Soledad Bravo devel\u00f3 su estrella en el paseo del Teatro Baralt","og_url":"https:\/\/digital58.com.ve\/site\/2023\/09\/29\/maracaibo-soledad-bravo-develo-su-estrella-en-el-paseo-del-teatro-baralt\/","og_site_name":"Noticias Digital58","article_published_time":"2023-09-29T17:44:53+00:00","og_image":[{"width":800,"height":578,"url":"https:\/\/i0.wp.com\/digital58.com.ve\/site\/wp-content\/uploads\/2023\/09\/soledad-bravo-4.jpg?fit=800%2C578&ssl=1","type":"image\/jpeg"}],"author":"Villasmil Henry","twitter_card":"summary_large_image","twitter_creator":"@https:\/\/twitter.com\/villasmilhfoto","twitter_site":"@villasmilhfoto","twitter_misc":{"Escrito por":"Villasmil Henry","Tiempo estimado de lectura":"5 minutos"},"schema":{"@context":"https:\/\/schema.org","@graph":[{"@type":"Article","@id":"https:\/\/digital58.com.ve\/site\/2023\/09\/29\/maracaibo-soledad-bravo-develo-su-estrella-en-el-paseo-del-teatro-baralt\/#article","isPartOf":{"@id":"https:\/\/digital58.com.ve\/site\/2023\/09\/29\/maracaibo-soledad-bravo-develo-su-estrella-en-el-paseo-del-teatro-baralt\/"},"author":{"name":"Villasmil Henry","@id":"https:\/\/digital58.com.ve\/site\/#\/schema\/person\/64d1c2e4d0d4fd1b849980c4331c2951"},"headline":"#Maracaibo | Soledad Bravo devel\u00f3 su estrella en el paseo del Teatro Baralt","datePublished":"2023-09-29T17:44:53+00:00","mainEntityOfPage":{"@id":"https:\/\/digital58.com.ve\/site\/2023\/09\/29\/maracaibo-soledad-bravo-develo-su-estrella-en-el-paseo-del-teatro-baralt\/"},"wordCount":944,"commentCount":0,"publisher":{"@id":"https:\/\/digital58.com.ve\/site\/#\/schema\/person\/64d1c2e4d0d4fd1b849980c4331c2951"},"image":{"@id":"https:\/\/digital58.com.ve\/site\/2023\/09\/29\/maracaibo-soledad-bravo-develo-su-estrella-en-el-paseo-del-teatro-baralt\/#primaryimage"},"thumbnailUrl":"https:\/\/digital58.com.ve\/site\/wp-content\/uploads\/2023\/09\/soledad-bravo-4.jpg","keywords":["Cantantes","Estrella paseo del Teatro Baralt","Jes\u00fas Lombardi","Maracaibo","M\u00fasica","Nacionales","Reconocimientos","Regionales","Soledad Bravo","Teatro Baralt","Venezuela","Zulia"],"articleSection":["Artes"],"inLanguage":"es","potentialAction":[{"@type":"CommentAction","name":"Comment","target":["https:\/\/digital58.com.ve\/site\/2023\/09\/29\/maracaibo-soledad-bravo-develo-su-estrella-en-el-paseo-del-teatro-baralt\/#respond"]}]},{"@type":"WebPage","@id":"https:\/\/digital58.com.ve\/site\/2023\/09\/29\/maracaibo-soledad-bravo-develo-su-estrella-en-el-paseo-del-teatro-baralt\/","url":"https:\/\/digital58.com.ve\/site\/2023\/09\/29\/maracaibo-soledad-bravo-develo-su-estrella-en-el-paseo-del-teatro-baralt\/","name":"#Maracaibo | Soledad Bravo devel\u00f3 su estrella en el paseo del Teatro Baralt","isPartOf":{"@id":"https:\/\/digital58.com.ve\/site\/#website"},"primaryImageOfPage":{"@id":"https:\/\/digital58.com.ve\/site\/2023\/09\/29\/maracaibo-soledad-bravo-develo-su-estrella-en-el-paseo-del-teatro-baralt\/#primaryimage"},"image":{"@id":"https:\/\/digital58.com.ve\/site\/2023\/09\/29\/maracaibo-soledad-bravo-develo-su-estrella-en-el-paseo-del-teatro-baralt\/#primaryimage"},"thumbnailUrl":"https:\/\/digital58.com.ve\/site\/wp-content\/uploads\/2023\/09\/soledad-bravo-4.jpg","datePublished":"2023-09-29T17:44:53+00:00","breadcrumb":{"@id":"https:\/\/digital58.com.ve\/site\/2023\/09\/29\/maracaibo-soledad-bravo-develo-su-estrella-en-el-paseo-del-teatro-baralt\/#breadcrumb"},"inLanguage":"es","potentialAction":[{"@type":"ReadAction","target":["https:\/\/digital58.com.ve\/site\/2023\/09\/29\/maracaibo-soledad-bravo-develo-su-estrella-en-el-paseo-del-teatro-baralt\/"]}]},{"@type":"ImageObject","inLanguage":"es","@id":"https:\/\/digital58.com.ve\/site\/2023\/09\/29\/maracaibo-soledad-bravo-develo-su-estrella-en-el-paseo-del-teatro-baralt\/#primaryimage","url":"https:\/\/digital58.com.ve\/site\/wp-content\/uploads\/2023\/09\/soledad-bravo-4.jpg","contentUrl":"https:\/\/digital58.com.ve\/site\/wp-content\/uploads\/2023\/09\/soledad-bravo-4.jpg","width":800,"height":578},{"@type":"BreadcrumbList","@id":"https:\/\/digital58.com.ve\/site\/2023\/09\/29\/maracaibo-soledad-bravo-develo-su-estrella-en-el-paseo-del-teatro-baralt\/#breadcrumb","itemListElement":[{"@type":"ListItem","position":1,"name":"Home","item":"https:\/\/digital58.com.ve\/site\/"},{"@type":"ListItem","position":2,"name":"#Maracaibo | Soledad Bravo devel\u00f3 su estrella en el paseo del Teatro Baralt"}]},{"@type":"WebSite","@id":"https:\/\/digital58.com.ve\/site\/#website","url":"https:\/\/digital58.com.ve\/site\/","name":"Noticias Digital58","description":"Portal de Noticias \u00a1Periodismo web de verdad! Lanzamiento web 22.11.2005 \/ Maracaibo, Venezuela","publisher":{"@id":"https:\/\/digital58.com.ve\/site\/#\/schema\/person\/64d1c2e4d0d4fd1b849980c4331c2951"},"alternateName":"ND58","potentialAction":[{"@type":"SearchAction","target":{"@type":"EntryPoint","urlTemplate":"https:\/\/digital58.com.ve\/site\/?s={search_term_string}"},"query-input":{"@type":"PropertyValueSpecification","valueRequired":true,"valueName":"search_term_string"}}],"inLanguage":"es"},{"@type":["Person","Organization"],"@id":"https:\/\/digital58.com.ve\/site\/#\/schema\/person\/64d1c2e4d0d4fd1b849980c4331c2951","name":"Villasmil Henry","image":{"@type":"ImageObject","inLanguage":"es","@id":"https:\/\/secure.gravatar.com\/avatar\/bb0c4a2fcb7970138239f7e404ea75757b1b507b28b5ce4c53fbd62d797c5a7c?s=96&d=mm&r=g","url":"https:\/\/secure.gravatar.com\/avatar\/bb0c4a2fcb7970138239f7e404ea75757b1b507b28b5ce4c53fbd62d797c5a7c?s=96&d=mm&r=g","contentUrl":"https:\/\/secure.gravatar.com\/avatar\/bb0c4a2fcb7970138239f7e404ea75757b1b507b28b5ce4c53fbd62d797c5a7c?s=96&d=mm&r=g","caption":"Villasmil Henry"},"logo":{"@id":"https:\/\/secure.gravatar.com\/avatar\/bb0c4a2fcb7970138239f7e404ea75757b1b507b28b5ce4c53fbd62d797c5a7c?s=96&d=mm&r=g"},"sameAs":["http:\/\/www.henryvillasmil.com.ve","https:\/\/www.instagram.com\/villasmilhfoto\/","https:\/\/x.com\/https:\/\/twitter.com\/villasmilhfoto"],"url":"https:\/\/digital58.com.ve\/site\/author\/droopy_68\/"}]}},"uagb_featured_image_src":{"full":["https:\/\/digital58.com.ve\/site\/wp-content\/uploads\/2023\/09\/soledad-bravo-4.jpg",800,578,false],"thumbnail":["https:\/\/digital58.com.ve\/site\/wp-content\/uploads\/2023\/09\/soledad-bravo-4-150x150.jpg",150,150,true],"medium":["https:\/\/digital58.com.ve\/site\/wp-content\/uploads\/2023\/09\/soledad-bravo-4-300x217.jpg",300,217,true],"medium_large":["https:\/\/digital58.com.ve\/site\/wp-content\/uploads\/2023\/09\/soledad-bravo-4-768x555.jpg",768,555,true],"large":["https:\/\/digital58.com.ve\/site\/wp-content\/uploads\/2023\/09\/soledad-bravo-4.jpg",800,578,false],"1536x1536":["https:\/\/digital58.com.ve\/site\/wp-content\/uploads\/2023\/09\/soledad-bravo-4.jpg",800,578,false],"2048x2048":["https:\/\/digital58.com.ve\/site\/wp-content\/uploads\/2023\/09\/soledad-bravo-4.jpg",800,578,false],"colormag-highlighted-post":["https:\/\/digital58.com.ve\/site\/wp-content\/uploads\/2023\/09\/soledad-bravo-4-392x272.jpg",392,272,true],"colormag-featured-post-medium":["https:\/\/digital58.com.ve\/site\/wp-content\/uploads\/2023\/09\/soledad-bravo-4-390x205.jpg",390,205,true],"colormag-featured-post-small":["https:\/\/digital58.com.ve\/site\/wp-content\/uploads\/2023\/09\/soledad-bravo-4-130x90.jpg",130,90,true],"colormag-featured-image":["https:\/\/digital58.com.ve\/site\/wp-content\/uploads\/2023\/09\/soledad-bravo-4-800x445.jpg",800,445,true],"colormag-default-news":["https:\/\/digital58.com.ve\/site\/wp-content\/uploads\/2023\/09\/soledad-bravo-4-150x150.jpg",150,150,true],"colormag-featured-image-large":["https:\/\/digital58.com.ve\/site\/wp-content\/uploads\/2023\/09\/soledad-bravo-4.jpg",800,578,false]},"uagb_author_info":{"display_name":"Villasmil Henry","author_link":"https:\/\/digital58.com.ve\/site\/author\/droopy_68\/"},"uagb_comment_info":0,"uagb_excerpt":"En el marco del 140 aniversario del Teatro Baralt de Maracaibo, Soledad Bravo la artista venezolana de origen espa\u00f1ol visit\u00f3","_links":{"self":[{"href":"https:\/\/digital58.com.ve\/site\/wp-json\/wp\/v2\/posts\/170971","targetHints":{"allow":["GET"]}}],"collection":[{"href":"https:\/\/digital58.com.ve\/site\/wp-json\/wp\/v2\/posts"}],"about":[{"href":"https:\/\/digital58.com.ve\/site\/wp-json\/wp\/v2\/types\/post"}],"author":[{"embeddable":true,"href":"https:\/\/digital58.com.ve\/site\/wp-json\/wp\/v2\/users\/1"}],"replies":[{"embeddable":true,"href":"https:\/\/digital58.com.ve\/site\/wp-json\/wp\/v2\/comments?post=170971"}],"version-history":[{"count":1,"href":"https:\/\/digital58.com.ve\/site\/wp-json\/wp\/v2\/posts\/170971\/revisions"}],"predecessor-version":[{"id":170979,"href":"https:\/\/digital58.com.ve\/site\/wp-json\/wp\/v2\/posts\/170971\/revisions\/170979"}],"wp:featuredmedia":[{"embeddable":true,"href":"https:\/\/digital58.com.ve\/site\/wp-json\/wp\/v2\/media\/170975"}],"wp:attachment":[{"href":"https:\/\/digital58.com.ve\/site\/wp-json\/wp\/v2\/media?parent=170971"}],"wp:term":[{"taxonomy":"category","embeddable":true,"href":"https:\/\/digital58.com.ve\/site\/wp-json\/wp\/v2\/categories?post=170971"},{"taxonomy":"post_tag","embeddable":true,"href":"https:\/\/digital58.com.ve\/site\/wp-json\/wp\/v2\/tags?post=170971"}],"curies":[{"name":"wp","href":"https:\/\/api.w.org\/{rel}","templated":true}]}}