{"id":171169,"date":"2023-10-06T13:06:07","date_gmt":"2023-10-06T17:06:07","guid":{"rendered":"https:\/\/digital58.com.ve\/site\/?p=171169"},"modified":"2023-10-06T13:06:07","modified_gmt":"2023-10-06T17:06:07","slug":"venezuela-todo-listo-para-el-polar-fest-7a-edicion","status":"publish","type":"post","link":"https:\/\/digital58.com.ve\/site\/2023\/10\/06\/venezuela-todo-listo-para-el-polar-fest-7a-edicion\/","title":{"rendered":"#Venezuela | \u00a1Todo listo para el Polar Fest 7\u00aa edici\u00f3n!"},"content":{"rendered":"<p>&nbsp;<\/p>\n<p><a href=\"https:\/\/digital58.com.ve\/site\/wp-content\/uploads\/2023\/10\/polar-fest-2023.jpg\"><img loading=\"lazy\" decoding=\"async\" class=\"aligncenter size-full wp-image-171170\" src=\"https:\/\/digital58.com.ve\/site\/wp-content\/uploads\/2023\/10\/polar-fest-2023.jpg\" alt=\"\" width=\"800\" height=\"450\" srcset=\"https:\/\/digital58.com.ve\/site\/wp-content\/uploads\/2023\/10\/polar-fest-2023.jpg 800w, https:\/\/digital58.com.ve\/site\/wp-content\/uploads\/2023\/10\/polar-fest-2023-300x169.jpg 300w, https:\/\/digital58.com.ve\/site\/wp-content\/uploads\/2023\/10\/polar-fest-2023-768x432.jpg 768w\" sizes=\"auto, (max-width: 800px) 100vw, 800px\" \/><\/a><\/p>\n<p>El evento se celebrar\u00e1 el 7 y 8 de octubre en el CCCT de la capital nacional.<\/p>\n<p><strong>Caracas, DC, Venezuela, 06 de octubre de 2023 (ND58).-<\/strong> Uno de los eventos m\u00e1s esperados del a\u00f1o ha sido confirmado. Cervecer\u00eda Polar rinde tributo al mes de la cerveza con su campa\u00f1a Polar Fest: un grupo de iniciativas que permitir\u00e1 agradecer la preferencia de los consumidores venezolanos y propiciar experiencias de disfrute en torno a la cerveza en distintas ciudades del pa\u00eds.<\/p>\n<p>La 7\u00aa edici\u00f3n del Polar Fest inicia con su celebraci\u00f3n en el CCCT y como todos los a\u00f1os brindar\u00e1 innovaciones en montaje, producci\u00f3n, gastronom\u00eda y cervezas especiales. La hermandad y la m\u00fasica, convergen en este evento que tambi\u00e9n coincidir\u00e1 con el legendario Oktoberfest de Bavaria, Munich; una celebraci\u00f3n que lleva m\u00e1s de 200 a\u00f1os haciendo felices a los amantes de la cerveza alrededor del mundo.<\/p>\n<p>Bajo la producci\u00f3n de Prodec, Cervecer\u00eda Polar celebrar\u00e1 la 7\u00aa edici\u00f3n de su <strong><a href=\"https:\/\/digital58.com.ve\/site\/2023\/08\/08\/el-polar-fest-mollejuo-estremecio-a-los-maracaiberos\/\" target=\"_blank\" rel=\"noopener\">Polar Fest, tras su exitosa edici\u00f3n mollejua en Maracaibo<\/a><\/strong>.<\/p>\n<p>El evento tendr\u00e1 dos fechas: el s\u00e1bado 7 y el domingo 8 de octubre de 2023, en una carpa que estar\u00e1 ubicada en las instalaciones del CCCT, en Caracas.<\/p>\n<p>Cada entrada incluir\u00e1 dos cervezas de degustaci\u00f3n, una cerveza del actual portafolio, as\u00ed como un agua mineral para la hidrataci\u00f3n y disfrute responsable<\/p>\n<p>Otra de las sorpresas para que todos los consumidores, desde cualquier parte del pa\u00eds puedan celebrar el Polar Fest durante todo el mes, son los combos especiales para puntos de venta. Estos kits con un llamativo dise\u00f1o alusivo al festival, contienen un mix de 12 cervezas pertenecientes al portafolio de Cervecer\u00eda Polar. (Polar Pilsen, Polar Light y Solera y la cerveza oficial del Polar Fest), quienes lo compren se llevar\u00e1n como regalo una gorra. Saldr\u00e1n 6.000 kits a la venta al mercado venezolano.<\/p>\n<p>Podr\u00e1s obtener m\u00e1s detalles del evento y el cartel de artistas a trav\u00e9s del Instagram de las marcas @solerapremium @polarpilsen y @polarlightve. <strong><a href=\"https:\/\/www.maketicket.com.ve\/\" target=\"_blank\" rel=\"noopener\">Enlace directo para compra de entradas.<\/a><\/strong><\/p>\n<p><strong>Redacci\u00f3n ND58 | Fuente: NDP<\/strong><br \/>\n<strong>Edici\u00f3n: Villasmil, Henry<\/strong><br \/>\n<strong>Gr\u00e1ficas: Cortes\u00eda<\/strong><\/p>\n<p>&nbsp;<\/p>\n<p>&nbsp;<\/p>\n<p>&nbsp;<\/p><div class=\"bsgxc69f3d50aaeec1\" ><p style=\"text-align: center;\"><a href=\"https:\/\/t.me\/noticiasdigital58\" target=\"_blank\" rel=\"noopener\"><img class=\"aligncenter size-full wp-image-125363\" src=\"https:\/\/digital58.com.ve\/site\/wp-content\/uploads\/2021\/04\/banner-telegram-web-2021.png\" alt=\"\" width=\"600\" height=\"90\" \/><\/a><\/p><\/div><style type=\"text\/css\">\r\n@media screen and (min-width: 1201px) {\r\n.bsgxc69f3d50aaeec1 {\r\ndisplay: block;\r\n}\r\n}\r\n@media screen and (min-width: 993px) and (max-width: 1200px) {\r\n.bsgxc69f3d50aaeec1 {\r\ndisplay: block;\r\n}\r\n}\r\n@media screen and (min-width: 769px) and (max-width: 992px) {\r\n.bsgxc69f3d50aaeec1 {\r\ndisplay: block;\r\n}\r\n}\r\n@media screen and (min-width: 768px) and (max-width: 768px) {\r\n.bsgxc69f3d50aaeec1 {\r\ndisplay: block;\r\n}\r\n}\r\n@media screen and (max-width: 767px) {\r\n.bsgxc69f3d50aaeec1 {\r\ndisplay: block;\r\n}\r\n}\r\n<\/style>\r\n\n<p>&nbsp;<\/p>\n<div style=\"margin-top: 0px; margin-bottom: 0px;\" class=\"sharethis-inline-share-buttons\" ><\/div>","protected":false},"excerpt":{"rendered":"<p>&nbsp; El evento se celebrar\u00e1 el 7 y 8 de octubre en el CCCT de la capital nacional. Caracas, DC,<\/p>\n","protected":false},"author":1,"featured_media":171170,"comment_status":"open","ping_status":"closed","sticky":false,"template":"","format":"standard","meta":{"colormag_page_container_layout":"default_layout","colormag_page_sidebar_layout":"default_layout","_uag_custom_page_level_css":"","footnotes":""},"categories":[5411],"tags":[29,2935,2913,50,211,61,233,25945,31967,32563],"class_list":["post-171169","post","type-post","status-publish","format-standard","has-post-thumbnail","hentry","category-donde_ir_caracas","tag-caracas","tag-ccct","tag-cerveceria-polar","tag-entretenimiento","tag-espectaculos","tag-musica","tag-nacionales","tag-oktoberfest","tag-polar-fest","tag-polar-fest-7a-edicion"],"yoast_head":"<!-- This site is optimized with the Yoast SEO plugin v27.5 - https:\/\/yoast.com\/product\/yoast-seo-wordpress\/ -->\n<title>#Venezuela | \u00a1Todo listo para el Polar Fest 7\u00aa edici\u00f3n!<\/title>\n<meta name=\"robots\" content=\"index, follow, max-snippet:-1, max-image-preview:large, max-video-preview:-1\" \/>\n<link rel=\"canonical\" href=\"https:\/\/digital58.com.ve\/site\/2023\/10\/06\/venezuela-todo-listo-para-el-polar-fest-7a-edicion\/\" \/>\n<meta property=\"og:locale\" content=\"es_ES\" \/>\n<meta property=\"og:type\" content=\"article\" \/>\n<meta property=\"og:title\" content=\"#Venezuela | \u00a1Todo listo para el Polar Fest 7\u00aa edici\u00f3n!\" \/>\n<meta property=\"og:url\" content=\"https:\/\/digital58.com.ve\/site\/2023\/10\/06\/venezuela-todo-listo-para-el-polar-fest-7a-edicion\/\" \/>\n<meta property=\"og:site_name\" content=\"Noticias Digital58\" \/>\n<meta property=\"article:published_time\" content=\"2023-10-06T17:06:07+00:00\" \/>\n<meta property=\"og:image\" content=\"https:\/\/i0.wp.com\/digital58.com.ve\/site\/wp-content\/uploads\/2023\/10\/polar-fest-2023.jpg?fit=800%2C450&ssl=1\" \/>\n\t<meta property=\"og:image:width\" content=\"800\" \/>\n\t<meta property=\"og:image:height\" content=\"450\" \/>\n\t<meta property=\"og:image:type\" content=\"image\/jpeg\" \/>\n<meta name=\"author\" content=\"Villasmil Henry\" \/>\n<meta name=\"twitter:card\" content=\"summary_large_image\" \/>\n<meta name=\"twitter:creator\" content=\"@https:\/\/twitter.com\/villasmilhfoto\" \/>\n<meta name=\"twitter:site\" content=\"@villasmilhfoto\" \/>\n<meta name=\"twitter:label1\" content=\"Escrito por\" \/>\n\t<meta name=\"twitter:data1\" content=\"Villasmil Henry\" \/>\n\t<meta name=\"twitter:label2\" content=\"Tiempo estimado de lectura\" \/>\n\t<meta name=\"twitter:data2\" content=\"2 minutos\" \/>\n<script type=\"application\/ld+json\" class=\"yoast-schema-graph\">{\"@context\":\"https:\\\/\\\/schema.org\",\"@graph\":[{\"@type\":\"Article\",\"@id\":\"https:\\\/\\\/digital58.com.ve\\\/site\\\/2023\\\/10\\\/06\\\/venezuela-todo-listo-para-el-polar-fest-7a-edicion\\\/#article\",\"isPartOf\":{\"@id\":\"https:\\\/\\\/digital58.com.ve\\\/site\\\/2023\\\/10\\\/06\\\/venezuela-todo-listo-para-el-polar-fest-7a-edicion\\\/\"},\"author\":{\"name\":\"Villasmil Henry\",\"@id\":\"https:\\\/\\\/digital58.com.ve\\\/site\\\/#\\\/schema\\\/person\\\/64d1c2e4d0d4fd1b849980c4331c2951\"},\"headline\":\"#Venezuela | \u00a1Todo listo para el Polar Fest 7\u00aa edici\u00f3n!\",\"datePublished\":\"2023-10-06T17:06:07+00:00\",\"mainEntityOfPage\":{\"@id\":\"https:\\\/\\\/digital58.com.ve\\\/site\\\/2023\\\/10\\\/06\\\/venezuela-todo-listo-para-el-polar-fest-7a-edicion\\\/\"},\"wordCount\":375,\"commentCount\":0,\"publisher\":{\"@id\":\"https:\\\/\\\/digital58.com.ve\\\/site\\\/#\\\/schema\\\/person\\\/64d1c2e4d0d4fd1b849980c4331c2951\"},\"image\":{\"@id\":\"https:\\\/\\\/digital58.com.ve\\\/site\\\/2023\\\/10\\\/06\\\/venezuela-todo-listo-para-el-polar-fest-7a-edicion\\\/#primaryimage\"},\"thumbnailUrl\":\"https:\\\/\\\/digital58.com.ve\\\/site\\\/wp-content\\\/uploads\\\/2023\\\/10\\\/polar-fest-2023.jpg\",\"keywords\":[\"Caracas\",\"CCCT\",\"Cerveceria Polar\",\"Entretenimiento\",\"Espect\u00e1culos\",\"M\u00fasica\",\"Nacionales\",\"Oktoberfest\",\"Polar Fest\",\"Polar Fest 7\u00aa edici\u00f3n\"],\"articleSection\":[\"\u00bfD\u00f3nde ir Caracas?\"],\"inLanguage\":\"es\",\"potentialAction\":[{\"@type\":\"CommentAction\",\"name\":\"Comment\",\"target\":[\"https:\\\/\\\/digital58.com.ve\\\/site\\\/2023\\\/10\\\/06\\\/venezuela-todo-listo-para-el-polar-fest-7a-edicion\\\/#respond\"]}]},{\"@type\":\"WebPage\",\"@id\":\"https:\\\/\\\/digital58.com.ve\\\/site\\\/2023\\\/10\\\/06\\\/venezuela-todo-listo-para-el-polar-fest-7a-edicion\\\/\",\"url\":\"https:\\\/\\\/digital58.com.ve\\\/site\\\/2023\\\/10\\\/06\\\/venezuela-todo-listo-para-el-polar-fest-7a-edicion\\\/\",\"name\":\"#Venezuela | \u00a1Todo listo para el Polar Fest 7\u00aa edici\u00f3n!\",\"isPartOf\":{\"@id\":\"https:\\\/\\\/digital58.com.ve\\\/site\\\/#website\"},\"primaryImageOfPage\":{\"@id\":\"https:\\\/\\\/digital58.com.ve\\\/site\\\/2023\\\/10\\\/06\\\/venezuela-todo-listo-para-el-polar-fest-7a-edicion\\\/#primaryimage\"},\"image\":{\"@id\":\"https:\\\/\\\/digital58.com.ve\\\/site\\\/2023\\\/10\\\/06\\\/venezuela-todo-listo-para-el-polar-fest-7a-edicion\\\/#primaryimage\"},\"thumbnailUrl\":\"https:\\\/\\\/digital58.com.ve\\\/site\\\/wp-content\\\/uploads\\\/2023\\\/10\\\/polar-fest-2023.jpg\",\"datePublished\":\"2023-10-06T17:06:07+00:00\",\"breadcrumb\":{\"@id\":\"https:\\\/\\\/digital58.com.ve\\\/site\\\/2023\\\/10\\\/06\\\/venezuela-todo-listo-para-el-polar-fest-7a-edicion\\\/#breadcrumb\"},\"inLanguage\":\"es\",\"potentialAction\":[{\"@type\":\"ReadAction\",\"target\":[\"https:\\\/\\\/digital58.com.ve\\\/site\\\/2023\\\/10\\\/06\\\/venezuela-todo-listo-para-el-polar-fest-7a-edicion\\\/\"]}]},{\"@type\":\"ImageObject\",\"inLanguage\":\"es\",\"@id\":\"https:\\\/\\\/digital58.com.ve\\\/site\\\/2023\\\/10\\\/06\\\/venezuela-todo-listo-para-el-polar-fest-7a-edicion\\\/#primaryimage\",\"url\":\"https:\\\/\\\/digital58.com.ve\\\/site\\\/wp-content\\\/uploads\\\/2023\\\/10\\\/polar-fest-2023.jpg\",\"contentUrl\":\"https:\\\/\\\/digital58.com.ve\\\/site\\\/wp-content\\\/uploads\\\/2023\\\/10\\\/polar-fest-2023.jpg\",\"width\":800,\"height\":450},{\"@type\":\"BreadcrumbList\",\"@id\":\"https:\\\/\\\/digital58.com.ve\\\/site\\\/2023\\\/10\\\/06\\\/venezuela-todo-listo-para-el-polar-fest-7a-edicion\\\/#breadcrumb\",\"itemListElement\":[{\"@type\":\"ListItem\",\"position\":1,\"name\":\"Home\",\"item\":\"https:\\\/\\\/digital58.com.ve\\\/site\\\/\"},{\"@type\":\"ListItem\",\"position\":2,\"name\":\"#Venezuela | \u00a1Todo listo para el Polar Fest 7\u00aa edici\u00f3n!\"}]},{\"@type\":\"WebSite\",\"@id\":\"https:\\\/\\\/digital58.com.ve\\\/site\\\/#website\",\"url\":\"https:\\\/\\\/digital58.com.ve\\\/site\\\/\",\"name\":\"Noticias Digital58\",\"description\":\"Portal de Noticias \u00a1Periodismo web de verdad! Lanzamiento web 22.11.2005 \\\/ Maracaibo, Venezuela\",\"publisher\":{\"@id\":\"https:\\\/\\\/digital58.com.ve\\\/site\\\/#\\\/schema\\\/person\\\/64d1c2e4d0d4fd1b849980c4331c2951\"},\"alternateName\":\"ND58\",\"potentialAction\":[{\"@type\":\"SearchAction\",\"target\":{\"@type\":\"EntryPoint\",\"urlTemplate\":\"https:\\\/\\\/digital58.com.ve\\\/site\\\/?s={search_term_string}\"},\"query-input\":{\"@type\":\"PropertyValueSpecification\",\"valueRequired\":true,\"valueName\":\"search_term_string\"}}],\"inLanguage\":\"es\"},{\"@type\":[\"Person\",\"Organization\"],\"@id\":\"https:\\\/\\\/digital58.com.ve\\\/site\\\/#\\\/schema\\\/person\\\/64d1c2e4d0d4fd1b849980c4331c2951\",\"name\":\"Villasmil Henry\",\"image\":{\"@type\":\"ImageObject\",\"inLanguage\":\"es\",\"@id\":\"https:\\\/\\\/secure.gravatar.com\\\/avatar\\\/bb0c4a2fcb7970138239f7e404ea75757b1b507b28b5ce4c53fbd62d797c5a7c?s=96&d=mm&r=g\",\"url\":\"https:\\\/\\\/secure.gravatar.com\\\/avatar\\\/bb0c4a2fcb7970138239f7e404ea75757b1b507b28b5ce4c53fbd62d797c5a7c?s=96&d=mm&r=g\",\"contentUrl\":\"https:\\\/\\\/secure.gravatar.com\\\/avatar\\\/bb0c4a2fcb7970138239f7e404ea75757b1b507b28b5ce4c53fbd62d797c5a7c?s=96&d=mm&r=g\",\"caption\":\"Villasmil Henry\"},\"logo\":{\"@id\":\"https:\\\/\\\/secure.gravatar.com\\\/avatar\\\/bb0c4a2fcb7970138239f7e404ea75757b1b507b28b5ce4c53fbd62d797c5a7c?s=96&d=mm&r=g\"},\"sameAs\":[\"http:\\\/\\\/www.henryvillasmil.com.ve\",\"https:\\\/\\\/www.instagram.com\\\/villasmilhfoto\\\/\",\"https:\\\/\\\/x.com\\\/https:\\\/\\\/twitter.com\\\/villasmilhfoto\"],\"url\":\"https:\\\/\\\/digital58.com.ve\\\/site\\\/author\\\/droopy_68\\\/\"}]}<\/script>\n<!-- \/ Yoast SEO plugin. -->","yoast_head_json":{"title":"#Venezuela | \u00a1Todo listo para el Polar Fest 7\u00aa edici\u00f3n!","robots":{"index":"index","follow":"follow","max-snippet":"max-snippet:-1","max-image-preview":"max-image-preview:large","max-video-preview":"max-video-preview:-1"},"canonical":"https:\/\/digital58.com.ve\/site\/2023\/10\/06\/venezuela-todo-listo-para-el-polar-fest-7a-edicion\/","og_locale":"es_ES","og_type":"article","og_title":"#Venezuela | \u00a1Todo listo para el Polar Fest 7\u00aa edici\u00f3n!","og_url":"https:\/\/digital58.com.ve\/site\/2023\/10\/06\/venezuela-todo-listo-para-el-polar-fest-7a-edicion\/","og_site_name":"Noticias Digital58","article_published_time":"2023-10-06T17:06:07+00:00","og_image":[{"width":800,"height":450,"url":"https:\/\/i0.wp.com\/digital58.com.ve\/site\/wp-content\/uploads\/2023\/10\/polar-fest-2023.jpg?fit=800%2C450&ssl=1","type":"image\/jpeg"}],"author":"Villasmil Henry","twitter_card":"summary_large_image","twitter_creator":"@https:\/\/twitter.com\/villasmilhfoto","twitter_site":"@villasmilhfoto","twitter_misc":{"Escrito por":"Villasmil Henry","Tiempo estimado de lectura":"2 minutos"},"schema":{"@context":"https:\/\/schema.org","@graph":[{"@type":"Article","@id":"https:\/\/digital58.com.ve\/site\/2023\/10\/06\/venezuela-todo-listo-para-el-polar-fest-7a-edicion\/#article","isPartOf":{"@id":"https:\/\/digital58.com.ve\/site\/2023\/10\/06\/venezuela-todo-listo-para-el-polar-fest-7a-edicion\/"},"author":{"name":"Villasmil Henry","@id":"https:\/\/digital58.com.ve\/site\/#\/schema\/person\/64d1c2e4d0d4fd1b849980c4331c2951"},"headline":"#Venezuela | \u00a1Todo listo para el Polar Fest 7\u00aa edici\u00f3n!","datePublished":"2023-10-06T17:06:07+00:00","mainEntityOfPage":{"@id":"https:\/\/digital58.com.ve\/site\/2023\/10\/06\/venezuela-todo-listo-para-el-polar-fest-7a-edicion\/"},"wordCount":375,"commentCount":0,"publisher":{"@id":"https:\/\/digital58.com.ve\/site\/#\/schema\/person\/64d1c2e4d0d4fd1b849980c4331c2951"},"image":{"@id":"https:\/\/digital58.com.ve\/site\/2023\/10\/06\/venezuela-todo-listo-para-el-polar-fest-7a-edicion\/#primaryimage"},"thumbnailUrl":"https:\/\/digital58.com.ve\/site\/wp-content\/uploads\/2023\/10\/polar-fest-2023.jpg","keywords":["Caracas","CCCT","Cerveceria Polar","Entretenimiento","Espect\u00e1culos","M\u00fasica","Nacionales","Oktoberfest","Polar Fest","Polar Fest 7\u00aa edici\u00f3n"],"articleSection":["\u00bfD\u00f3nde ir Caracas?"],"inLanguage":"es","potentialAction":[{"@type":"CommentAction","name":"Comment","target":["https:\/\/digital58.com.ve\/site\/2023\/10\/06\/venezuela-todo-listo-para-el-polar-fest-7a-edicion\/#respond"]}]},{"@type":"WebPage","@id":"https:\/\/digital58.com.ve\/site\/2023\/10\/06\/venezuela-todo-listo-para-el-polar-fest-7a-edicion\/","url":"https:\/\/digital58.com.ve\/site\/2023\/10\/06\/venezuela-todo-listo-para-el-polar-fest-7a-edicion\/","name":"#Venezuela | \u00a1Todo listo para el Polar Fest 7\u00aa edici\u00f3n!","isPartOf":{"@id":"https:\/\/digital58.com.ve\/site\/#website"},"primaryImageOfPage":{"@id":"https:\/\/digital58.com.ve\/site\/2023\/10\/06\/venezuela-todo-listo-para-el-polar-fest-7a-edicion\/#primaryimage"},"image":{"@id":"https:\/\/digital58.com.ve\/site\/2023\/10\/06\/venezuela-todo-listo-para-el-polar-fest-7a-edicion\/#primaryimage"},"thumbnailUrl":"https:\/\/digital58.com.ve\/site\/wp-content\/uploads\/2023\/10\/polar-fest-2023.jpg","datePublished":"2023-10-06T17:06:07+00:00","breadcrumb":{"@id":"https:\/\/digital58.com.ve\/site\/2023\/10\/06\/venezuela-todo-listo-para-el-polar-fest-7a-edicion\/#breadcrumb"},"inLanguage":"es","potentialAction":[{"@type":"ReadAction","target":["https:\/\/digital58.com.ve\/site\/2023\/10\/06\/venezuela-todo-listo-para-el-polar-fest-7a-edicion\/"]}]},{"@type":"ImageObject","inLanguage":"es","@id":"https:\/\/digital58.com.ve\/site\/2023\/10\/06\/venezuela-todo-listo-para-el-polar-fest-7a-edicion\/#primaryimage","url":"https:\/\/digital58.com.ve\/site\/wp-content\/uploads\/2023\/10\/polar-fest-2023.jpg","contentUrl":"https:\/\/digital58.com.ve\/site\/wp-content\/uploads\/2023\/10\/polar-fest-2023.jpg","width":800,"height":450},{"@type":"BreadcrumbList","@id":"https:\/\/digital58.com.ve\/site\/2023\/10\/06\/venezuela-todo-listo-para-el-polar-fest-7a-edicion\/#breadcrumb","itemListElement":[{"@type":"ListItem","position":1,"name":"Home","item":"https:\/\/digital58.com.ve\/site\/"},{"@type":"ListItem","position":2,"name":"#Venezuela | \u00a1Todo listo para el Polar Fest 7\u00aa edici\u00f3n!"}]},{"@type":"WebSite","@id":"https:\/\/digital58.com.ve\/site\/#website","url":"https:\/\/digital58.com.ve\/site\/","name":"Noticias Digital58","description":"Portal de Noticias \u00a1Periodismo web de verdad! Lanzamiento web 22.11.2005 \/ Maracaibo, Venezuela","publisher":{"@id":"https:\/\/digital58.com.ve\/site\/#\/schema\/person\/64d1c2e4d0d4fd1b849980c4331c2951"},"alternateName":"ND58","potentialAction":[{"@type":"SearchAction","target":{"@type":"EntryPoint","urlTemplate":"https:\/\/digital58.com.ve\/site\/?s={search_term_string}"},"query-input":{"@type":"PropertyValueSpecification","valueRequired":true,"valueName":"search_term_string"}}],"inLanguage":"es"},{"@type":["Person","Organization"],"@id":"https:\/\/digital58.com.ve\/site\/#\/schema\/person\/64d1c2e4d0d4fd1b849980c4331c2951","name":"Villasmil Henry","image":{"@type":"ImageObject","inLanguage":"es","@id":"https:\/\/secure.gravatar.com\/avatar\/bb0c4a2fcb7970138239f7e404ea75757b1b507b28b5ce4c53fbd62d797c5a7c?s=96&d=mm&r=g","url":"https:\/\/secure.gravatar.com\/avatar\/bb0c4a2fcb7970138239f7e404ea75757b1b507b28b5ce4c53fbd62d797c5a7c?s=96&d=mm&r=g","contentUrl":"https:\/\/secure.gravatar.com\/avatar\/bb0c4a2fcb7970138239f7e404ea75757b1b507b28b5ce4c53fbd62d797c5a7c?s=96&d=mm&r=g","caption":"Villasmil Henry"},"logo":{"@id":"https:\/\/secure.gravatar.com\/avatar\/bb0c4a2fcb7970138239f7e404ea75757b1b507b28b5ce4c53fbd62d797c5a7c?s=96&d=mm&r=g"},"sameAs":["http:\/\/www.henryvillasmil.com.ve","https:\/\/www.instagram.com\/villasmilhfoto\/","https:\/\/x.com\/https:\/\/twitter.com\/villasmilhfoto"],"url":"https:\/\/digital58.com.ve\/site\/author\/droopy_68\/"}]}},"uagb_featured_image_src":{"full":["https:\/\/digital58.com.ve\/site\/wp-content\/uploads\/2023\/10\/polar-fest-2023.jpg",800,450,false],"thumbnail":["https:\/\/digital58.com.ve\/site\/wp-content\/uploads\/2023\/10\/polar-fest-2023-150x150.jpg",150,150,true],"medium":["https:\/\/digital58.com.ve\/site\/wp-content\/uploads\/2023\/10\/polar-fest-2023-300x169.jpg",300,169,true],"medium_large":["https:\/\/digital58.com.ve\/site\/wp-content\/uploads\/2023\/10\/polar-fest-2023-768x432.jpg",768,432,true],"large":["https:\/\/digital58.com.ve\/site\/wp-content\/uploads\/2023\/10\/polar-fest-2023.jpg",800,450,false],"1536x1536":["https:\/\/digital58.com.ve\/site\/wp-content\/uploads\/2023\/10\/polar-fest-2023.jpg",800,450,false],"2048x2048":["https:\/\/digital58.com.ve\/site\/wp-content\/uploads\/2023\/10\/polar-fest-2023.jpg",800,450,false],"colormag-highlighted-post":["https:\/\/digital58.com.ve\/site\/wp-content\/uploads\/2023\/10\/polar-fest-2023-392x272.jpg",392,272,true],"colormag-featured-post-medium":["https:\/\/digital58.com.ve\/site\/wp-content\/uploads\/2023\/10\/polar-fest-2023-390x205.jpg",390,205,true],"colormag-featured-post-small":["https:\/\/digital58.com.ve\/site\/wp-content\/uploads\/2023\/10\/polar-fest-2023-130x90.jpg",130,90,true],"colormag-featured-image":["https:\/\/digital58.com.ve\/site\/wp-content\/uploads\/2023\/10\/polar-fest-2023-800x445.jpg",800,445,true],"colormag-default-news":["https:\/\/digital58.com.ve\/site\/wp-content\/uploads\/2023\/10\/polar-fest-2023-150x150.jpg",150,150,true],"colormag-featured-image-large":["https:\/\/digital58.com.ve\/site\/wp-content\/uploads\/2023\/10\/polar-fest-2023.jpg",800,450,false]},"uagb_author_info":{"display_name":"Villasmil Henry","author_link":"https:\/\/digital58.com.ve\/site\/author\/droopy_68\/"},"uagb_comment_info":0,"uagb_excerpt":"&nbsp; El evento se celebrar\u00e1 el 7 y 8 de octubre en el CCCT de la capital nacional. Caracas, DC,","_links":{"self":[{"href":"https:\/\/digital58.com.ve\/site\/wp-json\/wp\/v2\/posts\/171169","targetHints":{"allow":["GET"]}}],"collection":[{"href":"https:\/\/digital58.com.ve\/site\/wp-json\/wp\/v2\/posts"}],"about":[{"href":"https:\/\/digital58.com.ve\/site\/wp-json\/wp\/v2\/types\/post"}],"author":[{"embeddable":true,"href":"https:\/\/digital58.com.ve\/site\/wp-json\/wp\/v2\/users\/1"}],"replies":[{"embeddable":true,"href":"https:\/\/digital58.com.ve\/site\/wp-json\/wp\/v2\/comments?post=171169"}],"version-history":[{"count":1,"href":"https:\/\/digital58.com.ve\/site\/wp-json\/wp\/v2\/posts\/171169\/revisions"}],"predecessor-version":[{"id":171171,"href":"https:\/\/digital58.com.ve\/site\/wp-json\/wp\/v2\/posts\/171169\/revisions\/171171"}],"wp:featuredmedia":[{"embeddable":true,"href":"https:\/\/digital58.com.ve\/site\/wp-json\/wp\/v2\/media\/171170"}],"wp:attachment":[{"href":"https:\/\/digital58.com.ve\/site\/wp-json\/wp\/v2\/media?parent=171169"}],"wp:term":[{"taxonomy":"category","embeddable":true,"href":"https:\/\/digital58.com.ve\/site\/wp-json\/wp\/v2\/categories?post=171169"},{"taxonomy":"post_tag","embeddable":true,"href":"https:\/\/digital58.com.ve\/site\/wp-json\/wp\/v2\/tags?post=171169"}],"curies":[{"name":"wp","href":"https:\/\/api.w.org\/{rel}","templated":true}]}}