{"id":171172,"date":"2023-10-06T13:59:39","date_gmt":"2023-10-06T17:59:39","guid":{"rendered":"https:\/\/digital58.com.ve\/site\/?p=171172"},"modified":"2023-10-06T13:59:39","modified_gmt":"2023-10-06T17:59:39","slug":"zulia-clez-realizo-la-primera-consulta-publica-de-la-ley-de-salud-mental","status":"publish","type":"post","link":"https:\/\/digital58.com.ve\/site\/2023\/10\/06\/zulia-clez-realizo-la-primera-consulta-publica-de-la-ley-de-salud-mental\/","title":{"rendered":"#Zulia | Clez realiz\u00f3 la primera consulta P\u00fablica de la Ley de Salud Mental"},"content":{"rendered":"<p><a href=\"https:\/\/digital58.com.ve\/site\/wp-content\/uploads\/2023\/10\/clezulia-2.jpg\"><img loading=\"lazy\" decoding=\"async\" class=\"aligncenter size-full wp-image-171173\" src=\"https:\/\/digital58.com.ve\/site\/wp-content\/uploads\/2023\/10\/clezulia-2.jpg\" alt=\"\" width=\"800\" height=\"534\" srcset=\"https:\/\/digital58.com.ve\/site\/wp-content\/uploads\/2023\/10\/clezulia-2.jpg 800w, https:\/\/digital58.com.ve\/site\/wp-content\/uploads\/2023\/10\/clezulia-2-300x200.jpg 300w, https:\/\/digital58.com.ve\/site\/wp-content\/uploads\/2023\/10\/clezulia-2-768x513.jpg 768w\" sizes=\"auto, (max-width: 800px) 100vw, 800px\" \/><\/a><\/p>\n<p>El presidente de la comisi\u00f3n especial para la creaci\u00f3n de la mencionada ley el legislador Jos\u00e9 Leonardo Caldera, dio a conocer que ser\u00e1 el pr\u00f3ximo 10 de octubre la sanci\u00f3n del instrumento.<\/p>\n<p><strong>Maracaibo, Zulia, Venezuela, 06 de octubre de 2023 ND58).-<\/strong> Desde las instalaciones de la Universidad Rafael Urdaneta (URU) el Consejo Legislativo del estado Zulia (CLEZ), realiz\u00f3 la primera consulta p\u00fablica de la Ley de Salud Mental.<\/p>\n<p>Asimismo Caldera manifest\u00f3 que la nueva Ley de Salud Mental, establece 36 art\u00edculos divididos en 9 cap\u00edtulos, convirti\u00e9ndose en el primer marco legal en esa \u00e1rea a nivel nacional. \u00abEl objetivo de la ley es ofrecer una estructura jur\u00eddica a la atenci\u00f3n psicol\u00f3gica en el estado\u00bb.<\/p>\n<p>Por su parte el edil explic\u00f3 que que seg\u00fan registros extraoficiales del Observatorio Venezolano de Violencia, esto afecta al 70 % de la poblaci\u00f3n.<\/p>\n<p>\u00abQuien se suicida muchas veces lo hace porque quiere acabar con su dolor, y no encuentra otra herramienta u otra alternativa\u00bb. Es por esto la importancia de acudir a terapia.<\/p>\n<p>En la consulta estuvieron presentes la Presidente del Clez Ira\u00edda Josefina Villasmil, la cual afirm\u00f3 que la ley no solo busca generar una, sino diversas pol\u00edticas p\u00fablicas que atiendan el tema de la salud mental, c\u00f3mo la prevenci\u00f3n y la rehabilitaci\u00f3n de los pacientes que ameritan atenci\u00f3n.<\/p>\n<p>A su vez asistieron la legisladora Lisbeth Rodr\u00edguez como parte de la comisi\u00f3n, la cual expres\u00f3 la importancia de la ley y el efecto positivo para la regi\u00f3n siempre seremos pionero y nuestra prioridad desde la casa de la leyes es el bienestar del pueblo, lo que incluye la salud mental de cada ciudadano, tambi\u00e9n resalt\u00f3 la atenci\u00f3n para la comunidad ind\u00edgena respetando siempre su cultura.<\/p>\n<p><a href=\"https:\/\/digital58.com.ve\/site\/wp-content\/uploads\/2023\/10\/clezulia-1.jpg\"><img loading=\"lazy\" decoding=\"async\" class=\"aligncenter size-full wp-image-171174\" src=\"https:\/\/digital58.com.ve\/site\/wp-content\/uploads\/2023\/10\/clezulia-1.jpg\" alt=\"\" width=\"800\" height=\"451\" srcset=\"https:\/\/digital58.com.ve\/site\/wp-content\/uploads\/2023\/10\/clezulia-1.jpg 800w, https:\/\/digital58.com.ve\/site\/wp-content\/uploads\/2023\/10\/clezulia-1-300x169.jpg 300w, https:\/\/digital58.com.ve\/site\/wp-content\/uploads\/2023\/10\/clezulia-1-768x433.jpg 768w\" sizes=\"auto, (max-width: 800px) 100vw, 800px\" \/><\/a><\/p>\n<p>Asimismo asisti\u00f3 el legislador Manuel Velazco, la profesora Yolis Perozo, Presidente del Colegio de Psic\u00f3logos del Estado Zulia y la representante de CATESFAM, (Centro de Atenci\u00f3n al Esquizofrenico y Familiares) Ana Lucy Soto, el gremio de psic\u00f3logos zuliano, estudiantes de pregrado, posgrado y p\u00fablico en general.<\/p>\n<p>Para finalizar la actividad el Legislador Caldera expres\u00f3 su agradecimiento con el p\u00fablico y dej\u00f3 claro que la finalidad de la ley es devolverle la dignidad a cada ser humano que por a\u00f1os viene sufriendo en silencio \u00abLos zuliano amerita una ley que les proteja en materia de salud mental, por cuanto, es una poblaci\u00f3n, que si bien ha sido muy golpeada, lo cual genera desgaste y es all\u00ed cuando comienzan a manifestarse s\u00edntomas que deben ser atendidos a tiempo para prevenir males mayores\u00bb.<\/p>\n<p><strong>Redacci\u00f3n ND58 | Fuente: NDP<\/strong><br \/>\n<strong>Edici\u00f3n: Villasmil, Henry<\/strong><br \/>\n<strong>Gr\u00e1ficas: Cortes\u00eda Clezulia<\/strong><\/p>\n<p>&nbsp;<\/p><div class=\"liccj69ef3b388371c\" ><p style=\"text-align: center;\"><a href=\"https:\/\/t.me\/noticiasdigital58\" target=\"_blank\" rel=\"noopener\"><img class=\"aligncenter size-full wp-image-125363\" src=\"https:\/\/digital58.com.ve\/site\/wp-content\/uploads\/2021\/04\/banner-telegram-web-2021.png\" alt=\"\" width=\"600\" height=\"90\" \/><\/a><\/p><\/div><style type=\"text\/css\">\r\n@media screen and (min-width: 1201px) {\r\n.liccj69ef3b388371c {\r\ndisplay: block;\r\n}\r\n}\r\n@media screen and (min-width: 993px) and (max-width: 1200px) {\r\n.liccj69ef3b388371c {\r\ndisplay: block;\r\n}\r\n}\r\n@media screen and (min-width: 769px) and (max-width: 992px) {\r\n.liccj69ef3b388371c {\r\ndisplay: block;\r\n}\r\n}\r\n@media screen and (min-width: 768px) and (max-width: 768px) {\r\n.liccj69ef3b388371c {\r\ndisplay: block;\r\n}\r\n}\r\n@media screen and (max-width: 767px) {\r\n.liccj69ef3b388371c {\r\ndisplay: block;\r\n}\r\n}\r\n<\/style>\r\n\n<p>&nbsp;<\/p>\n<div style=\"margin-top: 0px; margin-bottom: 0px;\" class=\"sharethis-inline-share-buttons\" ><\/div>","protected":false},"excerpt":{"rendered":"<p>El presidente de la comisi\u00f3n especial para la creaci\u00f3n de la mencionada ley el legislador Jos\u00e9 Leonardo Caldera, dio a<\/p>\n","protected":false},"author":1,"featured_media":171174,"comment_status":"open","ping_status":"closed","sticky":false,"template":"","format":"standard","meta":{"colormag_page_container_layout":"default_layout","colormag_page_sidebar_layout":"default_layout","_uag_custom_page_level_css":"","footnotes":""},"categories":[14504],"tags":[3475,19406,32564,73,233,2354,32],"class_list":["post-171172","post","type-post","status-publish","format-standard","has-post-thumbnail","hentry","category-zulia","tag-clez","tag-consejo-legislativo-del-estado-zulia","tag-ley-de-salud-mental","tag-maracaibo","tag-nacionales","tag-regionales","tag-venezuela"],"yoast_head":"<!-- This site is optimized with the Yoast SEO plugin v27.4 - https:\/\/yoast.com\/product\/yoast-seo-wordpress\/ -->\n<title>#Zulia | Clez realiz\u00f3 la primera consulta P\u00fablica de la Ley de Salud Mental<\/title>\n<meta name=\"robots\" content=\"index, follow, max-snippet:-1, max-image-preview:large, max-video-preview:-1\" \/>\n<link rel=\"canonical\" href=\"https:\/\/digital58.com.ve\/site\/2023\/10\/06\/zulia-clez-realizo-la-primera-consulta-publica-de-la-ley-de-salud-mental\/\" \/>\n<meta property=\"og:locale\" content=\"es_ES\" \/>\n<meta property=\"og:type\" content=\"article\" \/>\n<meta property=\"og:title\" content=\"#Zulia | Clez realiz\u00f3 la primera consulta P\u00fablica de la Ley de Salud Mental\" \/>\n<meta property=\"og:url\" content=\"https:\/\/digital58.com.ve\/site\/2023\/10\/06\/zulia-clez-realizo-la-primera-consulta-publica-de-la-ley-de-salud-mental\/\" \/>\n<meta property=\"og:site_name\" content=\"Noticias Digital58\" \/>\n<meta property=\"article:published_time\" content=\"2023-10-06T17:59:39+00:00\" \/>\n<meta property=\"og:image\" content=\"https:\/\/i0.wp.com\/digital58.com.ve\/site\/wp-content\/uploads\/2023\/10\/clezulia-1.jpg?fit=800%2C451&ssl=1\" \/>\n\t<meta property=\"og:image:width\" content=\"800\" \/>\n\t<meta property=\"og:image:height\" content=\"451\" \/>\n\t<meta property=\"og:image:type\" content=\"image\/jpeg\" \/>\n<meta name=\"author\" content=\"Villasmil Henry\" \/>\n<meta name=\"twitter:card\" content=\"summary_large_image\" \/>\n<meta name=\"twitter:creator\" content=\"@https:\/\/twitter.com\/villasmilhfoto\" \/>\n<meta name=\"twitter:site\" content=\"@villasmilhfoto\" \/>\n<meta name=\"twitter:label1\" content=\"Escrito por\" \/>\n\t<meta name=\"twitter:data1\" content=\"Villasmil Henry\" \/>\n\t<meta name=\"twitter:label2\" content=\"Tiempo estimado de lectura\" \/>\n\t<meta name=\"twitter:data2\" content=\"2 minutos\" \/>\n<script type=\"application\/ld+json\" class=\"yoast-schema-graph\">{\"@context\":\"https:\\\/\\\/schema.org\",\"@graph\":[{\"@type\":\"Article\",\"@id\":\"https:\\\/\\\/digital58.com.ve\\\/site\\\/2023\\\/10\\\/06\\\/zulia-clez-realizo-la-primera-consulta-publica-de-la-ley-de-salud-mental\\\/#article\",\"isPartOf\":{\"@id\":\"https:\\\/\\\/digital58.com.ve\\\/site\\\/2023\\\/10\\\/06\\\/zulia-clez-realizo-la-primera-consulta-publica-de-la-ley-de-salud-mental\\\/\"},\"author\":{\"name\":\"Villasmil Henry\",\"@id\":\"https:\\\/\\\/digital58.com.ve\\\/site\\\/#\\\/schema\\\/person\\\/64d1c2e4d0d4fd1b849980c4331c2951\"},\"headline\":\"#Zulia | Clez realiz\u00f3 la primera consulta P\u00fablica de la Ley de Salud Mental\",\"datePublished\":\"2023-10-06T17:59:39+00:00\",\"mainEntityOfPage\":{\"@id\":\"https:\\\/\\\/digital58.com.ve\\\/site\\\/2023\\\/10\\\/06\\\/zulia-clez-realizo-la-primera-consulta-publica-de-la-ley-de-salud-mental\\\/\"},\"wordCount\":469,\"commentCount\":0,\"publisher\":{\"@id\":\"https:\\\/\\\/digital58.com.ve\\\/site\\\/#\\\/schema\\\/person\\\/64d1c2e4d0d4fd1b849980c4331c2951\"},\"image\":{\"@id\":\"https:\\\/\\\/digital58.com.ve\\\/site\\\/2023\\\/10\\\/06\\\/zulia-clez-realizo-la-primera-consulta-publica-de-la-ley-de-salud-mental\\\/#primaryimage\"},\"thumbnailUrl\":\"https:\\\/\\\/digital58.com.ve\\\/site\\\/wp-content\\\/uploads\\\/2023\\\/10\\\/clezulia-1.jpg\",\"keywords\":[\"Clez\",\"Consejo Legislativo del estado Zulia\",\"Ley de Salud Mental\",\"Maracaibo\",\"Nacionales\",\"Regionales\",\"Venezuela\"],\"articleSection\":[\"Zulia\"],\"inLanguage\":\"es\",\"potentialAction\":[{\"@type\":\"CommentAction\",\"name\":\"Comment\",\"target\":[\"https:\\\/\\\/digital58.com.ve\\\/site\\\/2023\\\/10\\\/06\\\/zulia-clez-realizo-la-primera-consulta-publica-de-la-ley-de-salud-mental\\\/#respond\"]}]},{\"@type\":\"WebPage\",\"@id\":\"https:\\\/\\\/digital58.com.ve\\\/site\\\/2023\\\/10\\\/06\\\/zulia-clez-realizo-la-primera-consulta-publica-de-la-ley-de-salud-mental\\\/\",\"url\":\"https:\\\/\\\/digital58.com.ve\\\/site\\\/2023\\\/10\\\/06\\\/zulia-clez-realizo-la-primera-consulta-publica-de-la-ley-de-salud-mental\\\/\",\"name\":\"#Zulia | Clez realiz\u00f3 la primera consulta P\u00fablica de la Ley de Salud Mental\",\"isPartOf\":{\"@id\":\"https:\\\/\\\/digital58.com.ve\\\/site\\\/#website\"},\"primaryImageOfPage\":{\"@id\":\"https:\\\/\\\/digital58.com.ve\\\/site\\\/2023\\\/10\\\/06\\\/zulia-clez-realizo-la-primera-consulta-publica-de-la-ley-de-salud-mental\\\/#primaryimage\"},\"image\":{\"@id\":\"https:\\\/\\\/digital58.com.ve\\\/site\\\/2023\\\/10\\\/06\\\/zulia-clez-realizo-la-primera-consulta-publica-de-la-ley-de-salud-mental\\\/#primaryimage\"},\"thumbnailUrl\":\"https:\\\/\\\/digital58.com.ve\\\/site\\\/wp-content\\\/uploads\\\/2023\\\/10\\\/clezulia-1.jpg\",\"datePublished\":\"2023-10-06T17:59:39+00:00\",\"breadcrumb\":{\"@id\":\"https:\\\/\\\/digital58.com.ve\\\/site\\\/2023\\\/10\\\/06\\\/zulia-clez-realizo-la-primera-consulta-publica-de-la-ley-de-salud-mental\\\/#breadcrumb\"},\"inLanguage\":\"es\",\"potentialAction\":[{\"@type\":\"ReadAction\",\"target\":[\"https:\\\/\\\/digital58.com.ve\\\/site\\\/2023\\\/10\\\/06\\\/zulia-clez-realizo-la-primera-consulta-publica-de-la-ley-de-salud-mental\\\/\"]}]},{\"@type\":\"ImageObject\",\"inLanguage\":\"es\",\"@id\":\"https:\\\/\\\/digital58.com.ve\\\/site\\\/2023\\\/10\\\/06\\\/zulia-clez-realizo-la-primera-consulta-publica-de-la-ley-de-salud-mental\\\/#primaryimage\",\"url\":\"https:\\\/\\\/digital58.com.ve\\\/site\\\/wp-content\\\/uploads\\\/2023\\\/10\\\/clezulia-1.jpg\",\"contentUrl\":\"https:\\\/\\\/digital58.com.ve\\\/site\\\/wp-content\\\/uploads\\\/2023\\\/10\\\/clezulia-1.jpg\",\"width\":800,\"height\":451},{\"@type\":\"BreadcrumbList\",\"@id\":\"https:\\\/\\\/digital58.com.ve\\\/site\\\/2023\\\/10\\\/06\\\/zulia-clez-realizo-la-primera-consulta-publica-de-la-ley-de-salud-mental\\\/#breadcrumb\",\"itemListElement\":[{\"@type\":\"ListItem\",\"position\":1,\"name\":\"Home\",\"item\":\"https:\\\/\\\/digital58.com.ve\\\/site\\\/\"},{\"@type\":\"ListItem\",\"position\":2,\"name\":\"#Zulia | Clez realiz\u00f3 la primera consulta P\u00fablica de la Ley de Salud Mental\"}]},{\"@type\":\"WebSite\",\"@id\":\"https:\\\/\\\/digital58.com.ve\\\/site\\\/#website\",\"url\":\"https:\\\/\\\/digital58.com.ve\\\/site\\\/\",\"name\":\"Noticias Digital58\",\"description\":\"Portal de Noticias \u00a1Periodismo web de verdad! Lanzamiento web 22.11.2005 \\\/ Maracaibo, Venezuela\",\"publisher\":{\"@id\":\"https:\\\/\\\/digital58.com.ve\\\/site\\\/#\\\/schema\\\/person\\\/64d1c2e4d0d4fd1b849980c4331c2951\"},\"alternateName\":\"ND58\",\"potentialAction\":[{\"@type\":\"SearchAction\",\"target\":{\"@type\":\"EntryPoint\",\"urlTemplate\":\"https:\\\/\\\/digital58.com.ve\\\/site\\\/?s={search_term_string}\"},\"query-input\":{\"@type\":\"PropertyValueSpecification\",\"valueRequired\":true,\"valueName\":\"search_term_string\"}}],\"inLanguage\":\"es\"},{\"@type\":[\"Person\",\"Organization\"],\"@id\":\"https:\\\/\\\/digital58.com.ve\\\/site\\\/#\\\/schema\\\/person\\\/64d1c2e4d0d4fd1b849980c4331c2951\",\"name\":\"Villasmil Henry\",\"image\":{\"@type\":\"ImageObject\",\"inLanguage\":\"es\",\"@id\":\"https:\\\/\\\/secure.gravatar.com\\\/avatar\\\/bb0c4a2fcb7970138239f7e404ea75757b1b507b28b5ce4c53fbd62d797c5a7c?s=96&d=mm&r=g\",\"url\":\"https:\\\/\\\/secure.gravatar.com\\\/avatar\\\/bb0c4a2fcb7970138239f7e404ea75757b1b507b28b5ce4c53fbd62d797c5a7c?s=96&d=mm&r=g\",\"contentUrl\":\"https:\\\/\\\/secure.gravatar.com\\\/avatar\\\/bb0c4a2fcb7970138239f7e404ea75757b1b507b28b5ce4c53fbd62d797c5a7c?s=96&d=mm&r=g\",\"caption\":\"Villasmil Henry\"},\"logo\":{\"@id\":\"https:\\\/\\\/secure.gravatar.com\\\/avatar\\\/bb0c4a2fcb7970138239f7e404ea75757b1b507b28b5ce4c53fbd62d797c5a7c?s=96&d=mm&r=g\"},\"sameAs\":[\"http:\\\/\\\/www.henryvillasmil.com.ve\",\"https:\\\/\\\/www.instagram.com\\\/villasmilhfoto\\\/\",\"https:\\\/\\\/x.com\\\/https:\\\/\\\/twitter.com\\\/villasmilhfoto\"],\"url\":\"https:\\\/\\\/digital58.com.ve\\\/site\\\/author\\\/droopy_68\\\/\"}]}<\/script>\n<!-- \/ Yoast SEO plugin. -->","yoast_head_json":{"title":"#Zulia | Clez realiz\u00f3 la primera consulta P\u00fablica de la Ley de Salud Mental","robots":{"index":"index","follow":"follow","max-snippet":"max-snippet:-1","max-image-preview":"max-image-preview:large","max-video-preview":"max-video-preview:-1"},"canonical":"https:\/\/digital58.com.ve\/site\/2023\/10\/06\/zulia-clez-realizo-la-primera-consulta-publica-de-la-ley-de-salud-mental\/","og_locale":"es_ES","og_type":"article","og_title":"#Zulia | Clez realiz\u00f3 la primera consulta P\u00fablica de la Ley de Salud Mental","og_url":"https:\/\/digital58.com.ve\/site\/2023\/10\/06\/zulia-clez-realizo-la-primera-consulta-publica-de-la-ley-de-salud-mental\/","og_site_name":"Noticias Digital58","article_published_time":"2023-10-06T17:59:39+00:00","og_image":[{"width":800,"height":451,"url":"https:\/\/i0.wp.com\/digital58.com.ve\/site\/wp-content\/uploads\/2023\/10\/clezulia-1.jpg?fit=800%2C451&ssl=1","type":"image\/jpeg"}],"author":"Villasmil Henry","twitter_card":"summary_large_image","twitter_creator":"@https:\/\/twitter.com\/villasmilhfoto","twitter_site":"@villasmilhfoto","twitter_misc":{"Escrito por":"Villasmil Henry","Tiempo estimado de lectura":"2 minutos"},"schema":{"@context":"https:\/\/schema.org","@graph":[{"@type":"Article","@id":"https:\/\/digital58.com.ve\/site\/2023\/10\/06\/zulia-clez-realizo-la-primera-consulta-publica-de-la-ley-de-salud-mental\/#article","isPartOf":{"@id":"https:\/\/digital58.com.ve\/site\/2023\/10\/06\/zulia-clez-realizo-la-primera-consulta-publica-de-la-ley-de-salud-mental\/"},"author":{"name":"Villasmil Henry","@id":"https:\/\/digital58.com.ve\/site\/#\/schema\/person\/64d1c2e4d0d4fd1b849980c4331c2951"},"headline":"#Zulia | Clez realiz\u00f3 la primera consulta P\u00fablica de la Ley de Salud Mental","datePublished":"2023-10-06T17:59:39+00:00","mainEntityOfPage":{"@id":"https:\/\/digital58.com.ve\/site\/2023\/10\/06\/zulia-clez-realizo-la-primera-consulta-publica-de-la-ley-de-salud-mental\/"},"wordCount":469,"commentCount":0,"publisher":{"@id":"https:\/\/digital58.com.ve\/site\/#\/schema\/person\/64d1c2e4d0d4fd1b849980c4331c2951"},"image":{"@id":"https:\/\/digital58.com.ve\/site\/2023\/10\/06\/zulia-clez-realizo-la-primera-consulta-publica-de-la-ley-de-salud-mental\/#primaryimage"},"thumbnailUrl":"https:\/\/digital58.com.ve\/site\/wp-content\/uploads\/2023\/10\/clezulia-1.jpg","keywords":["Clez","Consejo Legislativo del estado Zulia","Ley de Salud Mental","Maracaibo","Nacionales","Regionales","Venezuela"],"articleSection":["Zulia"],"inLanguage":"es","potentialAction":[{"@type":"CommentAction","name":"Comment","target":["https:\/\/digital58.com.ve\/site\/2023\/10\/06\/zulia-clez-realizo-la-primera-consulta-publica-de-la-ley-de-salud-mental\/#respond"]}]},{"@type":"WebPage","@id":"https:\/\/digital58.com.ve\/site\/2023\/10\/06\/zulia-clez-realizo-la-primera-consulta-publica-de-la-ley-de-salud-mental\/","url":"https:\/\/digital58.com.ve\/site\/2023\/10\/06\/zulia-clez-realizo-la-primera-consulta-publica-de-la-ley-de-salud-mental\/","name":"#Zulia | Clez realiz\u00f3 la primera consulta P\u00fablica de la Ley de Salud Mental","isPartOf":{"@id":"https:\/\/digital58.com.ve\/site\/#website"},"primaryImageOfPage":{"@id":"https:\/\/digital58.com.ve\/site\/2023\/10\/06\/zulia-clez-realizo-la-primera-consulta-publica-de-la-ley-de-salud-mental\/#primaryimage"},"image":{"@id":"https:\/\/digital58.com.ve\/site\/2023\/10\/06\/zulia-clez-realizo-la-primera-consulta-publica-de-la-ley-de-salud-mental\/#primaryimage"},"thumbnailUrl":"https:\/\/digital58.com.ve\/site\/wp-content\/uploads\/2023\/10\/clezulia-1.jpg","datePublished":"2023-10-06T17:59:39+00:00","breadcrumb":{"@id":"https:\/\/digital58.com.ve\/site\/2023\/10\/06\/zulia-clez-realizo-la-primera-consulta-publica-de-la-ley-de-salud-mental\/#breadcrumb"},"inLanguage":"es","potentialAction":[{"@type":"ReadAction","target":["https:\/\/digital58.com.ve\/site\/2023\/10\/06\/zulia-clez-realizo-la-primera-consulta-publica-de-la-ley-de-salud-mental\/"]}]},{"@type":"ImageObject","inLanguage":"es","@id":"https:\/\/digital58.com.ve\/site\/2023\/10\/06\/zulia-clez-realizo-la-primera-consulta-publica-de-la-ley-de-salud-mental\/#primaryimage","url":"https:\/\/digital58.com.ve\/site\/wp-content\/uploads\/2023\/10\/clezulia-1.jpg","contentUrl":"https:\/\/digital58.com.ve\/site\/wp-content\/uploads\/2023\/10\/clezulia-1.jpg","width":800,"height":451},{"@type":"BreadcrumbList","@id":"https:\/\/digital58.com.ve\/site\/2023\/10\/06\/zulia-clez-realizo-la-primera-consulta-publica-de-la-ley-de-salud-mental\/#breadcrumb","itemListElement":[{"@type":"ListItem","position":1,"name":"Home","item":"https:\/\/digital58.com.ve\/site\/"},{"@type":"ListItem","position":2,"name":"#Zulia | Clez realiz\u00f3 la primera consulta P\u00fablica de la Ley de Salud Mental"}]},{"@type":"WebSite","@id":"https:\/\/digital58.com.ve\/site\/#website","url":"https:\/\/digital58.com.ve\/site\/","name":"Noticias Digital58","description":"Portal de Noticias \u00a1Periodismo web de verdad! Lanzamiento web 22.11.2005 \/ Maracaibo, Venezuela","publisher":{"@id":"https:\/\/digital58.com.ve\/site\/#\/schema\/person\/64d1c2e4d0d4fd1b849980c4331c2951"},"alternateName":"ND58","potentialAction":[{"@type":"SearchAction","target":{"@type":"EntryPoint","urlTemplate":"https:\/\/digital58.com.ve\/site\/?s={search_term_string}"},"query-input":{"@type":"PropertyValueSpecification","valueRequired":true,"valueName":"search_term_string"}}],"inLanguage":"es"},{"@type":["Person","Organization"],"@id":"https:\/\/digital58.com.ve\/site\/#\/schema\/person\/64d1c2e4d0d4fd1b849980c4331c2951","name":"Villasmil Henry","image":{"@type":"ImageObject","inLanguage":"es","@id":"https:\/\/secure.gravatar.com\/avatar\/bb0c4a2fcb7970138239f7e404ea75757b1b507b28b5ce4c53fbd62d797c5a7c?s=96&d=mm&r=g","url":"https:\/\/secure.gravatar.com\/avatar\/bb0c4a2fcb7970138239f7e404ea75757b1b507b28b5ce4c53fbd62d797c5a7c?s=96&d=mm&r=g","contentUrl":"https:\/\/secure.gravatar.com\/avatar\/bb0c4a2fcb7970138239f7e404ea75757b1b507b28b5ce4c53fbd62d797c5a7c?s=96&d=mm&r=g","caption":"Villasmil Henry"},"logo":{"@id":"https:\/\/secure.gravatar.com\/avatar\/bb0c4a2fcb7970138239f7e404ea75757b1b507b28b5ce4c53fbd62d797c5a7c?s=96&d=mm&r=g"},"sameAs":["http:\/\/www.henryvillasmil.com.ve","https:\/\/www.instagram.com\/villasmilhfoto\/","https:\/\/x.com\/https:\/\/twitter.com\/villasmilhfoto"],"url":"https:\/\/digital58.com.ve\/site\/author\/droopy_68\/"}]}},"uagb_featured_image_src":{"full":["https:\/\/digital58.com.ve\/site\/wp-content\/uploads\/2023\/10\/clezulia-1.jpg",800,451,false],"thumbnail":["https:\/\/digital58.com.ve\/site\/wp-content\/uploads\/2023\/10\/clezulia-1-150x150.jpg",150,150,true],"medium":["https:\/\/digital58.com.ve\/site\/wp-content\/uploads\/2023\/10\/clezulia-1-300x169.jpg",300,169,true],"medium_large":["https:\/\/digital58.com.ve\/site\/wp-content\/uploads\/2023\/10\/clezulia-1-768x433.jpg",768,433,true],"large":["https:\/\/digital58.com.ve\/site\/wp-content\/uploads\/2023\/10\/clezulia-1.jpg",800,451,false],"1536x1536":["https:\/\/digital58.com.ve\/site\/wp-content\/uploads\/2023\/10\/clezulia-1.jpg",800,451,false],"2048x2048":["https:\/\/digital58.com.ve\/site\/wp-content\/uploads\/2023\/10\/clezulia-1.jpg",800,451,false],"colormag-highlighted-post":["https:\/\/digital58.com.ve\/site\/wp-content\/uploads\/2023\/10\/clezulia-1-392x272.jpg",392,272,true],"colormag-featured-post-medium":["https:\/\/digital58.com.ve\/site\/wp-content\/uploads\/2023\/10\/clezulia-1-390x205.jpg",390,205,true],"colormag-featured-post-small":["https:\/\/digital58.com.ve\/site\/wp-content\/uploads\/2023\/10\/clezulia-1-130x90.jpg",130,90,true],"colormag-featured-image":["https:\/\/digital58.com.ve\/site\/wp-content\/uploads\/2023\/10\/clezulia-1-800x445.jpg",800,445,true],"colormag-default-news":["https:\/\/digital58.com.ve\/site\/wp-content\/uploads\/2023\/10\/clezulia-1-150x150.jpg",150,150,true],"colormag-featured-image-large":["https:\/\/digital58.com.ve\/site\/wp-content\/uploads\/2023\/10\/clezulia-1.jpg",800,451,false]},"uagb_author_info":{"display_name":"Villasmil Henry","author_link":"https:\/\/digital58.com.ve\/site\/author\/droopy_68\/"},"uagb_comment_info":0,"uagb_excerpt":"El presidente de la comisi\u00f3n especial para la creaci\u00f3n de la mencionada ley el legislador Jos\u00e9 Leonardo Caldera, dio a","_links":{"self":[{"href":"https:\/\/digital58.com.ve\/site\/wp-json\/wp\/v2\/posts\/171172","targetHints":{"allow":["GET"]}}],"collection":[{"href":"https:\/\/digital58.com.ve\/site\/wp-json\/wp\/v2\/posts"}],"about":[{"href":"https:\/\/digital58.com.ve\/site\/wp-json\/wp\/v2\/types\/post"}],"author":[{"embeddable":true,"href":"https:\/\/digital58.com.ve\/site\/wp-json\/wp\/v2\/users\/1"}],"replies":[{"embeddable":true,"href":"https:\/\/digital58.com.ve\/site\/wp-json\/wp\/v2\/comments?post=171172"}],"version-history":[{"count":1,"href":"https:\/\/digital58.com.ve\/site\/wp-json\/wp\/v2\/posts\/171172\/revisions"}],"predecessor-version":[{"id":171175,"href":"https:\/\/digital58.com.ve\/site\/wp-json\/wp\/v2\/posts\/171172\/revisions\/171175"}],"wp:featuredmedia":[{"embeddable":true,"href":"https:\/\/digital58.com.ve\/site\/wp-json\/wp\/v2\/media\/171174"}],"wp:attachment":[{"href":"https:\/\/digital58.com.ve\/site\/wp-json\/wp\/v2\/media?parent=171172"}],"wp:term":[{"taxonomy":"category","embeddable":true,"href":"https:\/\/digital58.com.ve\/site\/wp-json\/wp\/v2\/categories?post=171172"},{"taxonomy":"post_tag","embeddable":true,"href":"https:\/\/digital58.com.ve\/site\/wp-json\/wp\/v2\/tags?post=171172"}],"curies":[{"name":"wp","href":"https:\/\/api.w.org\/{rel}","templated":true}]}}