{"id":171254,"date":"2023-10-09T14:23:34","date_gmt":"2023-10-09T18:23:34","guid":{"rendered":"https:\/\/digital58.com.ve\/site\/?p=171254"},"modified":"2023-10-09T14:23:34","modified_gmt":"2023-10-09T18:23:34","slug":"herzog-desde-el-holocausto-no-se-habia-matado-a-tantos-judios-en-un-dia","status":"publish","type":"post","link":"https:\/\/digital58.com.ve\/site\/2023\/10\/09\/herzog-desde-el-holocausto-no-se-habia-matado-a-tantos-judios-en-un-dia\/","title":{"rendered":"Herzog: \u00abDesde el Holocausto no se hab\u00eda matado a tantos jud\u00edos en un d\u00eda\u00bb"},"content":{"rendered":"<p><a href=\"https:\/\/digital58.com.ve\/site\/wp-content\/uploads\/2023\/10\/isarael.jpg\"><img loading=\"lazy\" decoding=\"async\" class=\"aligncenter wp-image-171255 size-full\" src=\"https:\/\/digital58.com.ve\/site\/wp-content\/uploads\/2023\/10\/isarael.jpg\" alt=\"\" width=\"800\" height=\"533\" srcset=\"https:\/\/digital58.com.ve\/site\/wp-content\/uploads\/2023\/10\/isarael.jpg 800w, https:\/\/digital58.com.ve\/site\/wp-content\/uploads\/2023\/10\/isarael-300x200.jpg 300w, https:\/\/digital58.com.ve\/site\/wp-content\/uploads\/2023\/10\/isarael-768x512.jpg 768w\" sizes=\"auto, (max-width: 800px) 100vw, 800px\" \/><\/a><\/p>\n<p>Actualmente, Israel, Estados Unidos \u2014su principal socio\u2014 y la Uni\u00f3n Europea consideran a Ham\u00e1s un movimiento terrorista.<\/p>\n<p><strong>Internacionales, 09 de octubre de 2023 (ND58).-<\/strong> El presidente israel\u00ed, Isaac Herzog, afirm\u00f3 este lunes que nunca hab\u00edan asesinado a tantos jud\u00edos en un solo d\u00eda desde el Holocausto, como en la actual guerra con Ham\u00e1s, en un discurso en el que llam\u00f3 a la comunidad internacional a considerar al movimiento islamista como \u00abterrorista\u00bb.<\/p>\n<p>\u00abDesde el Holocausto no se hab\u00eda matado a tantos jud\u00edos en un solo d\u00eda. Y desde el Holocausto no hemos sido testigos de escenas de mujeres, ni\u00f1os y abuelos jud\u00edos \u2014incluso sobrevivientes del Holocausto\u2014 siendo metidos en camiones y llevados en cautiverio\u00bb, dijo Herzog en un discurso difundido por su oficina.<\/p>\n<p>\u00abHam\u00e1s ha importado, adoptado y replicado el salvajismo del Estado Isl\u00e1mico. Entrar en casas civiles en un d\u00eda santo y asesinar a sangre fr\u00eda a familias enteras. J\u00f3venes y viejos. Violando y quemando cuerpos. Golpear y torturar a sus v\u00edctimas inocentes\u00bb, a\u00f1adi\u00f3.<\/p>\n<p>El s\u00e1bado pasado, en pleno shabat (d\u00eda sagrado para los jud\u00edos), Ham\u00e1s \u2014que gobierna de facto la Franja de Gaza\u2014tom\u00f3 por sorpresa a Israel con una ofensiva masiva que incluy\u00f3 el lanzamiento de miles de cohetes y la infiltraci\u00f3n en territorio israel\u00ed de un n\u00famero indeterminado de milicianos, que han masacrado civiles y secuestrado m\u00e1s de 100 personas, aparentemente para intercambiarlas por presos palestinos.<\/p>\n<p>El mismo s\u00e1bado, Israel se declar\u00f3 en estado de guerra e inici\u00f3 un contraataque con proyectiles a\u00e9reos, navales y terrestres sobre la Franja de Gaza, as\u00ed como la caza de milicianos en territorio israel\u00ed.<\/p>\n<p>El n\u00famero de muertos del lado israel\u00ed alcanz\u00f3 los 300 en las primeras 24 horas de la escalada, una cifra que ha aumentado a m\u00e1s de 900. En la Franja de Gaza, suman al menos 560 muertos.<\/p>\n<p>Por otro lado, Herzog inst\u00f3 a la comunidad internacional a \u00abcondenar clara y ruidosamente las acciones de Ham\u00e1s as\u00ed como condenan las acciones abominables e indescriptibles de ISIS, porque hoy son lo mismo\u00bb, y a designar a todo el aparato de Ham\u00e1s \u00abcomo organismo terrorista\u00bb.<\/p>\n<p>El d\u00eda que estall\u00f3 la guerra, el presidente de Estados Unidos, Joe Biden, conden\u00f3 \u00ablos ataques terroristas\u00bb contra Israel y advirti\u00f3 que Washington \u00abnunca\u00bb dejar\u00e1 de respaldar al gobierno israel\u00ed.<\/p>\n<p>\u00abQue no se equivoque nadie en la regi\u00f3n que est\u00e9 considerando operar contra Israel. Israel es un pa\u00eds muy fuerte y emplear\u00e1 todo su poder y fuerza para defenderse a s\u00ed mismo y a su pueblo\u00bb, subray\u00f3 Herzog, al exigir a Ham\u00e1s garantizar el bienestar de los rehenes as\u00ed como su \u00abregreso inmediato a Israel\u00bb.<\/p>\n<p>Un portavoz del movimiento islamista asegur\u00f3 a EFE que no hay ninguna negociaci\u00f3n desarroll\u00e1ndose con el gobierno israel\u00ed sobre un posible intercambio de rehenes por presos palestinos, una versi\u00f3n que concuerda con la de Israel.<\/p>\n<p><strong>Redacci\u00f3n ND58 | Fuente: EFE<\/strong><br \/>\n<strong>Edici\u00f3n: Villasmil, Henry<\/strong><br \/>\n<strong>Gr\u00e1ficas: EFE<\/strong><\/p>\n<p>&nbsp;<\/p>\n<p>&nbsp;<\/p><div class=\"grrhr69f46401adff1\" ><p style=\"text-align: center;\"><a href=\"https:\/\/t.me\/noticiasdigital58\" target=\"_blank\" rel=\"noopener\"><img class=\"aligncenter size-full wp-image-125363\" src=\"https:\/\/digital58.com.ve\/site\/wp-content\/uploads\/2021\/04\/banner-telegram-web-2021.png\" alt=\"\" width=\"600\" height=\"90\" \/><\/a><\/p><\/div><style type=\"text\/css\">\r\n@media screen and (min-width: 1201px) {\r\n.grrhr69f46401adff1 {\r\ndisplay: block;\r\n}\r\n}\r\n@media screen and (min-width: 993px) and (max-width: 1200px) {\r\n.grrhr69f46401adff1 {\r\ndisplay: block;\r\n}\r\n}\r\n@media screen and (min-width: 769px) and (max-width: 992px) {\r\n.grrhr69f46401adff1 {\r\ndisplay: block;\r\n}\r\n}\r\n@media screen and (min-width: 768px) and (max-width: 768px) {\r\n.grrhr69f46401adff1 {\r\ndisplay: block;\r\n}\r\n}\r\n@media screen and (max-width: 767px) {\r\n.grrhr69f46401adff1 {\r\ndisplay: block;\r\n}\r\n}\r\n<\/style>\r\n\n<p>&nbsp;<\/p>\n<div style=\"margin-top: 0px; margin-bottom: 0px;\" class=\"sharethis-inline-share-buttons\" ><\/div>","protected":false},"excerpt":{"rendered":"<p>Actualmente, Israel, Estados Unidos \u2014su principal socio\u2014 y la Uni\u00f3n Europea consideran a Ham\u00e1s un movimiento terrorista. Internacionales, 09 de<\/p>\n","protected":false},"author":1,"featured_media":171255,"comment_status":"open","ping_status":"closed","sticky":false,"template":"","format":"standard","meta":{"colormag_page_container_layout":"default_layout","colormag_page_sidebar_layout":"default_layout","_uag_custom_page_level_css":"","footnotes":""},"categories":[16451],"tags":[24152,14259,13766,17108,32578,7424,8,32579,7798,17109],"class_list":["post-171254","post","type-post","status-publish","format-standard","has-post-thumbnail","hentry","category-mundo","tag-ataque-aereo","tag-conflicto-belico","tag-fallecidos","tag-gaza","tag-hamas","tag-heridos","tag-internacionales","tag-isaac-herzog","tag-israel","tag-palestina"],"yoast_head":"<!-- This site is optimized with the Yoast SEO plugin v27.5 - https:\/\/yoast.com\/product\/yoast-seo-wordpress\/ -->\n<title>Herzog: \u00abDesde el Holocausto no se hab\u00eda matado a tantos jud\u00edos en un d\u00eda\u00bb<\/title>\n<meta name=\"robots\" content=\"index, follow, max-snippet:-1, max-image-preview:large, max-video-preview:-1\" \/>\n<link rel=\"canonical\" href=\"https:\/\/digital58.com.ve\/site\/2023\/10\/09\/herzog-desde-el-holocausto-no-se-habia-matado-a-tantos-judios-en-un-dia\/\" \/>\n<meta property=\"og:locale\" content=\"es_ES\" \/>\n<meta property=\"og:type\" content=\"article\" \/>\n<meta property=\"og:title\" content=\"Herzog: \u00abDesde el Holocausto no se hab\u00eda matado a tantos jud\u00edos en un d\u00eda\u00bb\" \/>\n<meta property=\"og:url\" content=\"https:\/\/digital58.com.ve\/site\/2023\/10\/09\/herzog-desde-el-holocausto-no-se-habia-matado-a-tantos-judios-en-un-dia\/\" \/>\n<meta property=\"og:site_name\" content=\"Noticias Digital58\" \/>\n<meta property=\"article:published_time\" content=\"2023-10-09T18:23:34+00:00\" \/>\n<meta property=\"og:image\" content=\"https:\/\/i0.wp.com\/digital58.com.ve\/site\/wp-content\/uploads\/2023\/10\/isarael.jpg?fit=800%2C533&ssl=1\" \/>\n\t<meta property=\"og:image:width\" content=\"800\" \/>\n\t<meta property=\"og:image:height\" content=\"533\" \/>\n\t<meta property=\"og:image:type\" content=\"image\/jpeg\" \/>\n<meta name=\"author\" content=\"Villasmil Henry\" \/>\n<meta name=\"twitter:card\" content=\"summary_large_image\" \/>\n<meta name=\"twitter:creator\" content=\"@https:\/\/twitter.com\/villasmilhfoto\" \/>\n<meta name=\"twitter:site\" content=\"@villasmilhfoto\" \/>\n<meta name=\"twitter:label1\" content=\"Escrito por\" \/>\n\t<meta name=\"twitter:data1\" content=\"Villasmil Henry\" \/>\n\t<meta name=\"twitter:label2\" content=\"Tiempo estimado de lectura\" \/>\n\t<meta name=\"twitter:data2\" content=\"3 minutos\" \/>\n<script type=\"application\/ld+json\" class=\"yoast-schema-graph\">{\"@context\":\"https:\\\/\\\/schema.org\",\"@graph\":[{\"@type\":\"Article\",\"@id\":\"https:\\\/\\\/digital58.com.ve\\\/site\\\/2023\\\/10\\\/09\\\/herzog-desde-el-holocausto-no-se-habia-matado-a-tantos-judios-en-un-dia\\\/#article\",\"isPartOf\":{\"@id\":\"https:\\\/\\\/digital58.com.ve\\\/site\\\/2023\\\/10\\\/09\\\/herzog-desde-el-holocausto-no-se-habia-matado-a-tantos-judios-en-un-dia\\\/\"},\"author\":{\"name\":\"Villasmil Henry\",\"@id\":\"https:\\\/\\\/digital58.com.ve\\\/site\\\/#\\\/schema\\\/person\\\/64d1c2e4d0d4fd1b849980c4331c2951\"},\"headline\":\"Herzog: \u00abDesde el Holocausto no se hab\u00eda matado a tantos jud\u00edos en un d\u00eda\u00bb\",\"datePublished\":\"2023-10-09T18:23:34+00:00\",\"mainEntityOfPage\":{\"@id\":\"https:\\\/\\\/digital58.com.ve\\\/site\\\/2023\\\/10\\\/09\\\/herzog-desde-el-holocausto-no-se-habia-matado-a-tantos-judios-en-un-dia\\\/\"},\"wordCount\":529,\"commentCount\":0,\"publisher\":{\"@id\":\"https:\\\/\\\/digital58.com.ve\\\/site\\\/#\\\/schema\\\/person\\\/64d1c2e4d0d4fd1b849980c4331c2951\"},\"image\":{\"@id\":\"https:\\\/\\\/digital58.com.ve\\\/site\\\/2023\\\/10\\\/09\\\/herzog-desde-el-holocausto-no-se-habia-matado-a-tantos-judios-en-un-dia\\\/#primaryimage\"},\"thumbnailUrl\":\"https:\\\/\\\/digital58.com.ve\\\/site\\\/wp-content\\\/uploads\\\/2023\\\/10\\\/isarael.jpg\",\"keywords\":[\"Ataque A\u00e9reo\",\"Conflicto b\u00e9lico\",\"Fallecidos\",\"Gaza\",\"Ham\u00e1s\",\"Heridos\",\"Internacionales\",\"Isaac Herzog\",\"Israel\",\"Palestina\"],\"articleSection\":[\"Mundo\"],\"inLanguage\":\"es\",\"potentialAction\":[{\"@type\":\"CommentAction\",\"name\":\"Comment\",\"target\":[\"https:\\\/\\\/digital58.com.ve\\\/site\\\/2023\\\/10\\\/09\\\/herzog-desde-el-holocausto-no-se-habia-matado-a-tantos-judios-en-un-dia\\\/#respond\"]}]},{\"@type\":\"WebPage\",\"@id\":\"https:\\\/\\\/digital58.com.ve\\\/site\\\/2023\\\/10\\\/09\\\/herzog-desde-el-holocausto-no-se-habia-matado-a-tantos-judios-en-un-dia\\\/\",\"url\":\"https:\\\/\\\/digital58.com.ve\\\/site\\\/2023\\\/10\\\/09\\\/herzog-desde-el-holocausto-no-se-habia-matado-a-tantos-judios-en-un-dia\\\/\",\"name\":\"Herzog: \u00abDesde el Holocausto no se hab\u00eda matado a tantos jud\u00edos en un d\u00eda\u00bb\",\"isPartOf\":{\"@id\":\"https:\\\/\\\/digital58.com.ve\\\/site\\\/#website\"},\"primaryImageOfPage\":{\"@id\":\"https:\\\/\\\/digital58.com.ve\\\/site\\\/2023\\\/10\\\/09\\\/herzog-desde-el-holocausto-no-se-habia-matado-a-tantos-judios-en-un-dia\\\/#primaryimage\"},\"image\":{\"@id\":\"https:\\\/\\\/digital58.com.ve\\\/site\\\/2023\\\/10\\\/09\\\/herzog-desde-el-holocausto-no-se-habia-matado-a-tantos-judios-en-un-dia\\\/#primaryimage\"},\"thumbnailUrl\":\"https:\\\/\\\/digital58.com.ve\\\/site\\\/wp-content\\\/uploads\\\/2023\\\/10\\\/isarael.jpg\",\"datePublished\":\"2023-10-09T18:23:34+00:00\",\"breadcrumb\":{\"@id\":\"https:\\\/\\\/digital58.com.ve\\\/site\\\/2023\\\/10\\\/09\\\/herzog-desde-el-holocausto-no-se-habia-matado-a-tantos-judios-en-un-dia\\\/#breadcrumb\"},\"inLanguage\":\"es\",\"potentialAction\":[{\"@type\":\"ReadAction\",\"target\":[\"https:\\\/\\\/digital58.com.ve\\\/site\\\/2023\\\/10\\\/09\\\/herzog-desde-el-holocausto-no-se-habia-matado-a-tantos-judios-en-un-dia\\\/\"]}]},{\"@type\":\"ImageObject\",\"inLanguage\":\"es\",\"@id\":\"https:\\\/\\\/digital58.com.ve\\\/site\\\/2023\\\/10\\\/09\\\/herzog-desde-el-holocausto-no-se-habia-matado-a-tantos-judios-en-un-dia\\\/#primaryimage\",\"url\":\"https:\\\/\\\/digital58.com.ve\\\/site\\\/wp-content\\\/uploads\\\/2023\\\/10\\\/isarael.jpg\",\"contentUrl\":\"https:\\\/\\\/digital58.com.ve\\\/site\\\/wp-content\\\/uploads\\\/2023\\\/10\\\/isarael.jpg\",\"width\":800,\"height\":533,\"caption\":\"Gaza, 09\\\/10\\\/2023.- Un ni\u00f1o palestino pasa junto a coches da\u00f1ados en medio de los escombros de una zona destruida tras los ataques a\u00e9reos israel\u00edes en la ciudad de Gaza, este lunes. El ej\u00e9rcito israel\u00ed anunci\u00f3 el 9 de octubre que durante la noche se lanzaron m\u00e1s de 500 ataques contra objetivos en toda la Franja de Gaza. Los funcionarios palestinos dijeron que casi 500 personas murieron y m\u00e1s de 2.700 resultaron heridas despu\u00e9s de que Israel lanzara ataques a\u00e9reos y ataques de represalia. EFE\\\/MOHAMMED SABER\"},{\"@type\":\"BreadcrumbList\",\"@id\":\"https:\\\/\\\/digital58.com.ve\\\/site\\\/2023\\\/10\\\/09\\\/herzog-desde-el-holocausto-no-se-habia-matado-a-tantos-judios-en-un-dia\\\/#breadcrumb\",\"itemListElement\":[{\"@type\":\"ListItem\",\"position\":1,\"name\":\"Home\",\"item\":\"https:\\\/\\\/digital58.com.ve\\\/site\\\/\"},{\"@type\":\"ListItem\",\"position\":2,\"name\":\"Herzog: \u00abDesde el Holocausto no se hab\u00eda matado a tantos jud\u00edos en un d\u00eda\u00bb\"}]},{\"@type\":\"WebSite\",\"@id\":\"https:\\\/\\\/digital58.com.ve\\\/site\\\/#website\",\"url\":\"https:\\\/\\\/digital58.com.ve\\\/site\\\/\",\"name\":\"Noticias Digital58\",\"description\":\"Portal de Noticias \u00a1Periodismo web de verdad! Lanzamiento web 22.11.2005 \\\/ Maracaibo, Venezuela\",\"publisher\":{\"@id\":\"https:\\\/\\\/digital58.com.ve\\\/site\\\/#\\\/schema\\\/person\\\/64d1c2e4d0d4fd1b849980c4331c2951\"},\"alternateName\":\"ND58\",\"potentialAction\":[{\"@type\":\"SearchAction\",\"target\":{\"@type\":\"EntryPoint\",\"urlTemplate\":\"https:\\\/\\\/digital58.com.ve\\\/site\\\/?s={search_term_string}\"},\"query-input\":{\"@type\":\"PropertyValueSpecification\",\"valueRequired\":true,\"valueName\":\"search_term_string\"}}],\"inLanguage\":\"es\"},{\"@type\":[\"Person\",\"Organization\"],\"@id\":\"https:\\\/\\\/digital58.com.ve\\\/site\\\/#\\\/schema\\\/person\\\/64d1c2e4d0d4fd1b849980c4331c2951\",\"name\":\"Villasmil Henry\",\"image\":{\"@type\":\"ImageObject\",\"inLanguage\":\"es\",\"@id\":\"https:\\\/\\\/secure.gravatar.com\\\/avatar\\\/bb0c4a2fcb7970138239f7e404ea75757b1b507b28b5ce4c53fbd62d797c5a7c?s=96&d=mm&r=g\",\"url\":\"https:\\\/\\\/secure.gravatar.com\\\/avatar\\\/bb0c4a2fcb7970138239f7e404ea75757b1b507b28b5ce4c53fbd62d797c5a7c?s=96&d=mm&r=g\",\"contentUrl\":\"https:\\\/\\\/secure.gravatar.com\\\/avatar\\\/bb0c4a2fcb7970138239f7e404ea75757b1b507b28b5ce4c53fbd62d797c5a7c?s=96&d=mm&r=g\",\"caption\":\"Villasmil Henry\"},\"logo\":{\"@id\":\"https:\\\/\\\/secure.gravatar.com\\\/avatar\\\/bb0c4a2fcb7970138239f7e404ea75757b1b507b28b5ce4c53fbd62d797c5a7c?s=96&d=mm&r=g\"},\"sameAs\":[\"http:\\\/\\\/www.henryvillasmil.com.ve\",\"https:\\\/\\\/www.instagram.com\\\/villasmilhfoto\\\/\",\"https:\\\/\\\/x.com\\\/https:\\\/\\\/twitter.com\\\/villasmilhfoto\"],\"url\":\"https:\\\/\\\/digital58.com.ve\\\/site\\\/author\\\/droopy_68\\\/\"}]}<\/script>\n<!-- \/ Yoast SEO plugin. -->","yoast_head_json":{"title":"Herzog: \u00abDesde el Holocausto no se hab\u00eda matado a tantos jud\u00edos en un d\u00eda\u00bb","robots":{"index":"index","follow":"follow","max-snippet":"max-snippet:-1","max-image-preview":"max-image-preview:large","max-video-preview":"max-video-preview:-1"},"canonical":"https:\/\/digital58.com.ve\/site\/2023\/10\/09\/herzog-desde-el-holocausto-no-se-habia-matado-a-tantos-judios-en-un-dia\/","og_locale":"es_ES","og_type":"article","og_title":"Herzog: \u00abDesde el Holocausto no se hab\u00eda matado a tantos jud\u00edos en un d\u00eda\u00bb","og_url":"https:\/\/digital58.com.ve\/site\/2023\/10\/09\/herzog-desde-el-holocausto-no-se-habia-matado-a-tantos-judios-en-un-dia\/","og_site_name":"Noticias Digital58","article_published_time":"2023-10-09T18:23:34+00:00","og_image":[{"width":800,"height":533,"url":"https:\/\/i0.wp.com\/digital58.com.ve\/site\/wp-content\/uploads\/2023\/10\/isarael.jpg?fit=800%2C533&ssl=1","type":"image\/jpeg"}],"author":"Villasmil Henry","twitter_card":"summary_large_image","twitter_creator":"@https:\/\/twitter.com\/villasmilhfoto","twitter_site":"@villasmilhfoto","twitter_misc":{"Escrito por":"Villasmil Henry","Tiempo estimado de lectura":"3 minutos"},"schema":{"@context":"https:\/\/schema.org","@graph":[{"@type":"Article","@id":"https:\/\/digital58.com.ve\/site\/2023\/10\/09\/herzog-desde-el-holocausto-no-se-habia-matado-a-tantos-judios-en-un-dia\/#article","isPartOf":{"@id":"https:\/\/digital58.com.ve\/site\/2023\/10\/09\/herzog-desde-el-holocausto-no-se-habia-matado-a-tantos-judios-en-un-dia\/"},"author":{"name":"Villasmil Henry","@id":"https:\/\/digital58.com.ve\/site\/#\/schema\/person\/64d1c2e4d0d4fd1b849980c4331c2951"},"headline":"Herzog: \u00abDesde el Holocausto no se hab\u00eda matado a tantos jud\u00edos en un d\u00eda\u00bb","datePublished":"2023-10-09T18:23:34+00:00","mainEntityOfPage":{"@id":"https:\/\/digital58.com.ve\/site\/2023\/10\/09\/herzog-desde-el-holocausto-no-se-habia-matado-a-tantos-judios-en-un-dia\/"},"wordCount":529,"commentCount":0,"publisher":{"@id":"https:\/\/digital58.com.ve\/site\/#\/schema\/person\/64d1c2e4d0d4fd1b849980c4331c2951"},"image":{"@id":"https:\/\/digital58.com.ve\/site\/2023\/10\/09\/herzog-desde-el-holocausto-no-se-habia-matado-a-tantos-judios-en-un-dia\/#primaryimage"},"thumbnailUrl":"https:\/\/digital58.com.ve\/site\/wp-content\/uploads\/2023\/10\/isarael.jpg","keywords":["Ataque A\u00e9reo","Conflicto b\u00e9lico","Fallecidos","Gaza","Ham\u00e1s","Heridos","Internacionales","Isaac Herzog","Israel","Palestina"],"articleSection":["Mundo"],"inLanguage":"es","potentialAction":[{"@type":"CommentAction","name":"Comment","target":["https:\/\/digital58.com.ve\/site\/2023\/10\/09\/herzog-desde-el-holocausto-no-se-habia-matado-a-tantos-judios-en-un-dia\/#respond"]}]},{"@type":"WebPage","@id":"https:\/\/digital58.com.ve\/site\/2023\/10\/09\/herzog-desde-el-holocausto-no-se-habia-matado-a-tantos-judios-en-un-dia\/","url":"https:\/\/digital58.com.ve\/site\/2023\/10\/09\/herzog-desde-el-holocausto-no-se-habia-matado-a-tantos-judios-en-un-dia\/","name":"Herzog: \u00abDesde el Holocausto no se hab\u00eda matado a tantos jud\u00edos en un d\u00eda\u00bb","isPartOf":{"@id":"https:\/\/digital58.com.ve\/site\/#website"},"primaryImageOfPage":{"@id":"https:\/\/digital58.com.ve\/site\/2023\/10\/09\/herzog-desde-el-holocausto-no-se-habia-matado-a-tantos-judios-en-un-dia\/#primaryimage"},"image":{"@id":"https:\/\/digital58.com.ve\/site\/2023\/10\/09\/herzog-desde-el-holocausto-no-se-habia-matado-a-tantos-judios-en-un-dia\/#primaryimage"},"thumbnailUrl":"https:\/\/digital58.com.ve\/site\/wp-content\/uploads\/2023\/10\/isarael.jpg","datePublished":"2023-10-09T18:23:34+00:00","breadcrumb":{"@id":"https:\/\/digital58.com.ve\/site\/2023\/10\/09\/herzog-desde-el-holocausto-no-se-habia-matado-a-tantos-judios-en-un-dia\/#breadcrumb"},"inLanguage":"es","potentialAction":[{"@type":"ReadAction","target":["https:\/\/digital58.com.ve\/site\/2023\/10\/09\/herzog-desde-el-holocausto-no-se-habia-matado-a-tantos-judios-en-un-dia\/"]}]},{"@type":"ImageObject","inLanguage":"es","@id":"https:\/\/digital58.com.ve\/site\/2023\/10\/09\/herzog-desde-el-holocausto-no-se-habia-matado-a-tantos-judios-en-un-dia\/#primaryimage","url":"https:\/\/digital58.com.ve\/site\/wp-content\/uploads\/2023\/10\/isarael.jpg","contentUrl":"https:\/\/digital58.com.ve\/site\/wp-content\/uploads\/2023\/10\/isarael.jpg","width":800,"height":533,"caption":"Gaza, 09\/10\/2023.- Un ni\u00f1o palestino pasa junto a coches da\u00f1ados en medio de los escombros de una zona destruida tras los ataques a\u00e9reos israel\u00edes en la ciudad de Gaza, este lunes. El ej\u00e9rcito israel\u00ed anunci\u00f3 el 9 de octubre que durante la noche se lanzaron m\u00e1s de 500 ataques contra objetivos en toda la Franja de Gaza. Los funcionarios palestinos dijeron que casi 500 personas murieron y m\u00e1s de 2.700 resultaron heridas despu\u00e9s de que Israel lanzara ataques a\u00e9reos y ataques de represalia. EFE\/MOHAMMED SABER"},{"@type":"BreadcrumbList","@id":"https:\/\/digital58.com.ve\/site\/2023\/10\/09\/herzog-desde-el-holocausto-no-se-habia-matado-a-tantos-judios-en-un-dia\/#breadcrumb","itemListElement":[{"@type":"ListItem","position":1,"name":"Home","item":"https:\/\/digital58.com.ve\/site\/"},{"@type":"ListItem","position":2,"name":"Herzog: \u00abDesde el Holocausto no se hab\u00eda matado a tantos jud\u00edos en un d\u00eda\u00bb"}]},{"@type":"WebSite","@id":"https:\/\/digital58.com.ve\/site\/#website","url":"https:\/\/digital58.com.ve\/site\/","name":"Noticias Digital58","description":"Portal de Noticias \u00a1Periodismo web de verdad! Lanzamiento web 22.11.2005 \/ Maracaibo, Venezuela","publisher":{"@id":"https:\/\/digital58.com.ve\/site\/#\/schema\/person\/64d1c2e4d0d4fd1b849980c4331c2951"},"alternateName":"ND58","potentialAction":[{"@type":"SearchAction","target":{"@type":"EntryPoint","urlTemplate":"https:\/\/digital58.com.ve\/site\/?s={search_term_string}"},"query-input":{"@type":"PropertyValueSpecification","valueRequired":true,"valueName":"search_term_string"}}],"inLanguage":"es"},{"@type":["Person","Organization"],"@id":"https:\/\/digital58.com.ve\/site\/#\/schema\/person\/64d1c2e4d0d4fd1b849980c4331c2951","name":"Villasmil Henry","image":{"@type":"ImageObject","inLanguage":"es","@id":"https:\/\/secure.gravatar.com\/avatar\/bb0c4a2fcb7970138239f7e404ea75757b1b507b28b5ce4c53fbd62d797c5a7c?s=96&d=mm&r=g","url":"https:\/\/secure.gravatar.com\/avatar\/bb0c4a2fcb7970138239f7e404ea75757b1b507b28b5ce4c53fbd62d797c5a7c?s=96&d=mm&r=g","contentUrl":"https:\/\/secure.gravatar.com\/avatar\/bb0c4a2fcb7970138239f7e404ea75757b1b507b28b5ce4c53fbd62d797c5a7c?s=96&d=mm&r=g","caption":"Villasmil Henry"},"logo":{"@id":"https:\/\/secure.gravatar.com\/avatar\/bb0c4a2fcb7970138239f7e404ea75757b1b507b28b5ce4c53fbd62d797c5a7c?s=96&d=mm&r=g"},"sameAs":["http:\/\/www.henryvillasmil.com.ve","https:\/\/www.instagram.com\/villasmilhfoto\/","https:\/\/x.com\/https:\/\/twitter.com\/villasmilhfoto"],"url":"https:\/\/digital58.com.ve\/site\/author\/droopy_68\/"}]}},"uagb_featured_image_src":{"full":["https:\/\/digital58.com.ve\/site\/wp-content\/uploads\/2023\/10\/isarael.jpg",800,533,false],"thumbnail":["https:\/\/digital58.com.ve\/site\/wp-content\/uploads\/2023\/10\/isarael-150x150.jpg",150,150,true],"medium":["https:\/\/digital58.com.ve\/site\/wp-content\/uploads\/2023\/10\/isarael-300x200.jpg",300,200,true],"medium_large":["https:\/\/digital58.com.ve\/site\/wp-content\/uploads\/2023\/10\/isarael-768x512.jpg",768,512,true],"large":["https:\/\/digital58.com.ve\/site\/wp-content\/uploads\/2023\/10\/isarael.jpg",800,533,false],"1536x1536":["https:\/\/digital58.com.ve\/site\/wp-content\/uploads\/2023\/10\/isarael.jpg",800,533,false],"2048x2048":["https:\/\/digital58.com.ve\/site\/wp-content\/uploads\/2023\/10\/isarael.jpg",800,533,false],"colormag-highlighted-post":["https:\/\/digital58.com.ve\/site\/wp-content\/uploads\/2023\/10\/isarael-392x272.jpg",392,272,true],"colormag-featured-post-medium":["https:\/\/digital58.com.ve\/site\/wp-content\/uploads\/2023\/10\/isarael-390x205.jpg",390,205,true],"colormag-featured-post-small":["https:\/\/digital58.com.ve\/site\/wp-content\/uploads\/2023\/10\/isarael-130x90.jpg",130,90,true],"colormag-featured-image":["https:\/\/digital58.com.ve\/site\/wp-content\/uploads\/2023\/10\/isarael-800x445.jpg",800,445,true],"colormag-default-news":["https:\/\/digital58.com.ve\/site\/wp-content\/uploads\/2023\/10\/isarael-150x150.jpg",150,150,true],"colormag-featured-image-large":["https:\/\/digital58.com.ve\/site\/wp-content\/uploads\/2023\/10\/isarael.jpg",800,533,false]},"uagb_author_info":{"display_name":"Villasmil Henry","author_link":"https:\/\/digital58.com.ve\/site\/author\/droopy_68\/"},"uagb_comment_info":0,"uagb_excerpt":"Actualmente, Israel, Estados Unidos \u2014su principal socio\u2014 y la Uni\u00f3n Europea consideran a Ham\u00e1s un movimiento terrorista. Internacionales, 09 de","_links":{"self":[{"href":"https:\/\/digital58.com.ve\/site\/wp-json\/wp\/v2\/posts\/171254","targetHints":{"allow":["GET"]}}],"collection":[{"href":"https:\/\/digital58.com.ve\/site\/wp-json\/wp\/v2\/posts"}],"about":[{"href":"https:\/\/digital58.com.ve\/site\/wp-json\/wp\/v2\/types\/post"}],"author":[{"embeddable":true,"href":"https:\/\/digital58.com.ve\/site\/wp-json\/wp\/v2\/users\/1"}],"replies":[{"embeddable":true,"href":"https:\/\/digital58.com.ve\/site\/wp-json\/wp\/v2\/comments?post=171254"}],"version-history":[{"count":1,"href":"https:\/\/digital58.com.ve\/site\/wp-json\/wp\/v2\/posts\/171254\/revisions"}],"predecessor-version":[{"id":171256,"href":"https:\/\/digital58.com.ve\/site\/wp-json\/wp\/v2\/posts\/171254\/revisions\/171256"}],"wp:featuredmedia":[{"embeddable":true,"href":"https:\/\/digital58.com.ve\/site\/wp-json\/wp\/v2\/media\/171255"}],"wp:attachment":[{"href":"https:\/\/digital58.com.ve\/site\/wp-json\/wp\/v2\/media?parent=171254"}],"wp:term":[{"taxonomy":"category","embeddable":true,"href":"https:\/\/digital58.com.ve\/site\/wp-json\/wp\/v2\/categories?post=171254"},{"taxonomy":"post_tag","embeddable":true,"href":"https:\/\/digital58.com.ve\/site\/wp-json\/wp\/v2\/tags?post=171254"}],"curies":[{"name":"wp","href":"https:\/\/api.w.org\/{rel}","templated":true}]}}