{"id":171257,"date":"2023-10-09T20:54:39","date_gmt":"2023-10-10T00:54:39","guid":{"rendered":"https:\/\/digital58.com.ve\/site\/?p=171257"},"modified":"2023-10-09T20:54:39","modified_gmt":"2023-10-10T00:54:39","slug":"dvorayozuliano-javier-portillo-hicimos-historia-porque-jamas-desistimos","status":"publish","type":"post","link":"https:\/\/digital58.com.ve\/site\/2023\/10\/09\/dvorayozuliano-javier-portillo-hicimos-historia-porque-jamas-desistimos\/","title":{"rendered":"#DvoRayoZuliano | Javier Portillo: \u00abHicimos historia porque jam\u00e1s desistimos\u00bb"},"content":{"rendered":"<p><a href=\"https:\/\/digital58.com.ve\/site\/wp-content\/uploads\/2023\/10\/rayo-academia.jpg\"><img loading=\"lazy\" decoding=\"async\" class=\"aligncenter wp-image-171258 size-full\" src=\"https:\/\/digital58.com.ve\/site\/wp-content\/uploads\/2023\/10\/rayo-academia.jpg\" alt=\"\" width=\"800\" height=\"533\" srcset=\"https:\/\/digital58.com.ve\/site\/wp-content\/uploads\/2023\/10\/rayo-academia.jpg 800w, https:\/\/digital58.com.ve\/site\/wp-content\/uploads\/2023\/10\/rayo-academia-300x200.jpg 300w, https:\/\/digital58.com.ve\/site\/wp-content\/uploads\/2023\/10\/rayo-academia-768x512.jpg 768w\" sizes=\"auto, (max-width: 800px) 100vw, 800px\" \/><\/a><\/p>\n<p>El presidente del Deportivo Rayo Zuliano valor\u00f3 la clasificaci\u00f3n a Copa Sudamericana.<\/p>\n<p><strong>Maracaibo, Zulia, Venezuela, 09 de octubre de 2023 (ND58).-<\/strong> Parec\u00eda impensado, pero la haza\u00f1a se edific\u00f3 desde el primer momento que esperanza, esfuerzo y compromiso se convirtieron en conceptos afines, con el trabajo de premisa fundamental.<\/p>\n<p>Hace tres semanas, la llama de Rayo Zuliano mostraba s\u00edntomas de extinci\u00f3n, hasta que una trabajada victoria contra Angostura, un dur\u00edsimo empate ante Caracas y un categ\u00f3rico \u00e9xito versus Academia Puerto Cabello, significaron nada menos que el avance a la Copa Sudamericana, prestigiosa competici\u00f3n internacional, a la cual el equipo con sede en Maracaibo clasific\u00f3 al hacerse con la posici\u00f3n n\u00famero ocho del campeonato, con 36 unidades conquistadas.<\/p>\n<p>Detr\u00e1s de la haza\u00f1a hay muchos h\u00e9roes an\u00f3nimos y de frente al proyecto, un empresario cuya visi\u00f3n fue tan certera como fundamental. Se llama Javier Portillo y es presidente del equipo, realizando una contribuci\u00f3n cuyo resultado no tiene precedentes en la historia balomp\u00e9dica contempor\u00e1nea.<\/p>\n<p>\u00abMe siento muy orgulloso de lo que somos como equipo y estructura, del gran entrenador que tenemos, de los jugadores aguerridos con quienes contamos y de la fanaticada que hemos generado, porque Rayo es el Zulia, es un sentimiento que representa a nuestra entidad, lo que somos y c\u00f3mo nos hacemos sentir\u00bb, asever\u00f3.<\/p>\n<p>Portillo comprendi\u00f3 que el f\u00fatbol es una empresa y que las organizaciones deben contar con personal calificado, quienes hagan gala de sus funciones rindiendo en la m\u00e1xima expresi\u00f3n.<\/p>\n<p>\u00abHicimos historia porque jam\u00e1s desistimos, porque a pesar de encontrarnos con muchas dificultades en el camino, supimos salir adelante. Somos una familia en la que cada uno de nosotros se protege\u00bb, agreg\u00f3.<\/p>\n<p>Para el futuro inmediato, Portillo, junto al equipo que le acompa\u00f1a, asumen el compromiso de perseguir la excelencia, ofreci\u00e9ndole al estado Zulia y a toda Venezuela una nueva ventana deportiva, formando atletas de primer nivel, pero tambi\u00e9n ciudadanos que avancen en pro de construir un pa\u00eds que enaltezca grandes valores.<\/p>\n<p>\u00abEn lo deportivo cumplimos y hay que destacar lo institucional, porque en los pr\u00f3ximos d\u00edas vamos a inaugurar nuestra Escuela, porque el f\u00fatbol es una herramienta educativa, que hace de las naciones lugares que puedan expresar sus culturas a trav\u00e9s del juego\u00bb, asever\u00f3.<\/p>\n<p>\u00abEl pr\u00f3ximo paso, por ahora, es celebrar la consecuci\u00f3n de un \u00e9xito extraordinario, para luego, fortalecer al plantel en el confeccionamiento de un elenco que ahora, se har\u00e1 sentir fuera de fronteras nacionales\u00bb.<\/p>\n<p><strong>Redacci\u00f3n ND58 | Fuente: Prensa Dvo. Rayo Zuliano<\/strong><br \/>\n<strong>Edici\u00f3n: Villasmil, Henry<\/strong><br \/>\n<strong>Gr\u00e1ficas: @villasmilhfoto<\/strong><\/p>\n<p>&nbsp;<\/p>\n<p>&nbsp;<\/p>\n<p>&nbsp;<\/p><div class=\"ievxn69f18227c9bc7\" ><p style=\"text-align: center;\"><a href=\"https:\/\/t.me\/noticiasdigital58\" target=\"_blank\" rel=\"noopener\"><img class=\"aligncenter size-full wp-image-125363\" src=\"https:\/\/digital58.com.ve\/site\/wp-content\/uploads\/2021\/04\/banner-telegram-web-2021.png\" alt=\"\" width=\"600\" height=\"90\" \/><\/a><\/p><\/div><style type=\"text\/css\">\r\n@media screen and (min-width: 1201px) {\r\n.ievxn69f18227c9bc7 {\r\ndisplay: block;\r\n}\r\n}\r\n@media screen and (min-width: 993px) and (max-width: 1200px) {\r\n.ievxn69f18227c9bc7 {\r\ndisplay: block;\r\n}\r\n}\r\n@media screen and (min-width: 769px) and (max-width: 992px) {\r\n.ievxn69f18227c9bc7 {\r\ndisplay: block;\r\n}\r\n}\r\n@media screen and (min-width: 768px) and (max-width: 768px) {\r\n.ievxn69f18227c9bc7 {\r\ndisplay: block;\r\n}\r\n}\r\n@media screen and (max-width: 767px) {\r\n.ievxn69f18227c9bc7 {\r\ndisplay: block;\r\n}\r\n}\r\n<\/style>\r\n\n<p>&nbsp;<\/p>\n<div style=\"margin-top: 0px; margin-bottom: 0px;\" class=\"sharethis-inline-share-buttons\" ><\/div>","protected":false},"excerpt":{"rendered":"<p>El presidente del Deportivo Rayo Zuliano valor\u00f3 la clasificaci\u00f3n a Copa Sudamericana. Maracaibo, Zulia, Venezuela, 09 de octubre de 2023<\/p>\n","protected":false},"author":1,"featured_media":171258,"comment_status":"open","ping_status":"closed","sticky":false,"template":"","format":"standard","meta":{"colormag_page_container_layout":"default_layout","colormag_page_sidebar_layout":"default_layout","_uag_custom_page_level_css":"","footnotes":""},"categories":[5402],"tags":[25104,13,5721,14,32580,10421,30408,73,233,19,2354,32,761],"class_list":["post-171257","post","type-post","status-publish","format-standard","has-post-thumbnail","hentry","category-deportes","tag-deportivo-rayo-zuliano","tag-futbol","tag-futbol-nacional","tag-futbol-venezolano","tag-javier-portillo","tag-liga-futve","tag-liga-futve-2023","tag-maracaibo","tag-nacionales","tag-primera-division","tag-regionales","tag-venezuela","tag-zulia"],"yoast_head":"<!-- This site is optimized with the Yoast SEO plugin v27.5 - https:\/\/yoast.com\/product\/yoast-seo-wordpress\/ -->\n<title>#DvoRayoZuliano | Javier Portillo: \u00abHicimos historia porque jam\u00e1s desistimos\u00bb<\/title>\n<meta name=\"robots\" content=\"index, follow, max-snippet:-1, max-image-preview:large, max-video-preview:-1\" \/>\n<link rel=\"canonical\" href=\"https:\/\/digital58.com.ve\/site\/2023\/10\/09\/dvorayozuliano-javier-portillo-hicimos-historia-porque-jamas-desistimos\/\" \/>\n<meta property=\"og:locale\" content=\"es_ES\" \/>\n<meta property=\"og:type\" content=\"article\" \/>\n<meta property=\"og:title\" content=\"#DvoRayoZuliano | Javier Portillo: \u00abHicimos historia porque jam\u00e1s desistimos\u00bb\" \/>\n<meta property=\"og:url\" content=\"https:\/\/digital58.com.ve\/site\/2023\/10\/09\/dvorayozuliano-javier-portillo-hicimos-historia-porque-jamas-desistimos\/\" \/>\n<meta property=\"og:site_name\" content=\"Noticias Digital58\" \/>\n<meta property=\"article:published_time\" content=\"2023-10-10T00:54:39+00:00\" \/>\n<meta property=\"og:image\" content=\"https:\/\/i0.wp.com\/digital58.com.ve\/site\/wp-content\/uploads\/2023\/10\/rayo-academia.jpg?fit=800%2C533&ssl=1\" \/>\n\t<meta property=\"og:image:width\" content=\"800\" \/>\n\t<meta property=\"og:image:height\" content=\"533\" \/>\n\t<meta property=\"og:image:type\" content=\"image\/jpeg\" \/>\n<meta name=\"author\" content=\"Villasmil Henry\" \/>\n<meta name=\"twitter:card\" content=\"summary_large_image\" \/>\n<meta name=\"twitter:creator\" content=\"@https:\/\/twitter.com\/villasmilhfoto\" \/>\n<meta name=\"twitter:site\" content=\"@villasmilhfoto\" \/>\n<meta name=\"twitter:label1\" content=\"Escrito por\" \/>\n\t<meta name=\"twitter:data1\" content=\"Villasmil Henry\" \/>\n\t<meta name=\"twitter:label2\" content=\"Tiempo estimado de lectura\" \/>\n\t<meta name=\"twitter:data2\" content=\"2 minutos\" \/>\n<script type=\"application\/ld+json\" class=\"yoast-schema-graph\">{\"@context\":\"https:\\\/\\\/schema.org\",\"@graph\":[{\"@type\":\"Article\",\"@id\":\"https:\\\/\\\/digital58.com.ve\\\/site\\\/2023\\\/10\\\/09\\\/dvorayozuliano-javier-portillo-hicimos-historia-porque-jamas-desistimos\\\/#article\",\"isPartOf\":{\"@id\":\"https:\\\/\\\/digital58.com.ve\\\/site\\\/2023\\\/10\\\/09\\\/dvorayozuliano-javier-portillo-hicimos-historia-porque-jamas-desistimos\\\/\"},\"author\":{\"name\":\"Villasmil Henry\",\"@id\":\"https:\\\/\\\/digital58.com.ve\\\/site\\\/#\\\/schema\\\/person\\\/64d1c2e4d0d4fd1b849980c4331c2951\"},\"headline\":\"#DvoRayoZuliano | Javier Portillo: \u00abHicimos historia porque jam\u00e1s desistimos\u00bb\",\"datePublished\":\"2023-10-10T00:54:39+00:00\",\"mainEntityOfPage\":{\"@id\":\"https:\\\/\\\/digital58.com.ve\\\/site\\\/2023\\\/10\\\/09\\\/dvorayozuliano-javier-portillo-hicimos-historia-porque-jamas-desistimos\\\/\"},\"wordCount\":458,\"commentCount\":0,\"publisher\":{\"@id\":\"https:\\\/\\\/digital58.com.ve\\\/site\\\/#\\\/schema\\\/person\\\/64d1c2e4d0d4fd1b849980c4331c2951\"},\"image\":{\"@id\":\"https:\\\/\\\/digital58.com.ve\\\/site\\\/2023\\\/10\\\/09\\\/dvorayozuliano-javier-portillo-hicimos-historia-porque-jamas-desistimos\\\/#primaryimage\"},\"thumbnailUrl\":\"https:\\\/\\\/digital58.com.ve\\\/site\\\/wp-content\\\/uploads\\\/2023\\\/10\\\/rayo-academia.jpg\",\"keywords\":[\"Deportivo Rayo Zuliano\",\"F\u00fatbol\",\"F\u00fatbol Nacional\",\"F\u00fatbol Venezolano\",\"Javier Portillo\",\"Liga F\u00fatVe\",\"Liga F\u00fatVe 2023\",\"Maracaibo\",\"Nacionales\",\"Primera Divisi\u00f3n\",\"Regionales\",\"Venezuela\",\"Zulia\"],\"articleSection\":[\"Deportes\"],\"inLanguage\":\"es\",\"potentialAction\":[{\"@type\":\"CommentAction\",\"name\":\"Comment\",\"target\":[\"https:\\\/\\\/digital58.com.ve\\\/site\\\/2023\\\/10\\\/09\\\/dvorayozuliano-javier-portillo-hicimos-historia-porque-jamas-desistimos\\\/#respond\"]}]},{\"@type\":\"WebPage\",\"@id\":\"https:\\\/\\\/digital58.com.ve\\\/site\\\/2023\\\/10\\\/09\\\/dvorayozuliano-javier-portillo-hicimos-historia-porque-jamas-desistimos\\\/\",\"url\":\"https:\\\/\\\/digital58.com.ve\\\/site\\\/2023\\\/10\\\/09\\\/dvorayozuliano-javier-portillo-hicimos-historia-porque-jamas-desistimos\\\/\",\"name\":\"#DvoRayoZuliano | Javier Portillo: \u00abHicimos historia porque jam\u00e1s desistimos\u00bb\",\"isPartOf\":{\"@id\":\"https:\\\/\\\/digital58.com.ve\\\/site\\\/#website\"},\"primaryImageOfPage\":{\"@id\":\"https:\\\/\\\/digital58.com.ve\\\/site\\\/2023\\\/10\\\/09\\\/dvorayozuliano-javier-portillo-hicimos-historia-porque-jamas-desistimos\\\/#primaryimage\"},\"image\":{\"@id\":\"https:\\\/\\\/digital58.com.ve\\\/site\\\/2023\\\/10\\\/09\\\/dvorayozuliano-javier-portillo-hicimos-historia-porque-jamas-desistimos\\\/#primaryimage\"},\"thumbnailUrl\":\"https:\\\/\\\/digital58.com.ve\\\/site\\\/wp-content\\\/uploads\\\/2023\\\/10\\\/rayo-academia.jpg\",\"datePublished\":\"2023-10-10T00:54:39+00:00\",\"breadcrumb\":{\"@id\":\"https:\\\/\\\/digital58.com.ve\\\/site\\\/2023\\\/10\\\/09\\\/dvorayozuliano-javier-portillo-hicimos-historia-porque-jamas-desistimos\\\/#breadcrumb\"},\"inLanguage\":\"es\",\"potentialAction\":[{\"@type\":\"ReadAction\",\"target\":[\"https:\\\/\\\/digital58.com.ve\\\/site\\\/2023\\\/10\\\/09\\\/dvorayozuliano-javier-portillo-hicimos-historia-porque-jamas-desistimos\\\/\"]}]},{\"@type\":\"ImageObject\",\"inLanguage\":\"es\",\"@id\":\"https:\\\/\\\/digital58.com.ve\\\/site\\\/2023\\\/10\\\/09\\\/dvorayozuliano-javier-portillo-hicimos-historia-porque-jamas-desistimos\\\/#primaryimage\",\"url\":\"https:\\\/\\\/digital58.com.ve\\\/site\\\/wp-content\\\/uploads\\\/2023\\\/10\\\/rayo-academia.jpg\",\"contentUrl\":\"https:\\\/\\\/digital58.com.ve\\\/site\\\/wp-content\\\/uploads\\\/2023\\\/10\\\/rayo-academia.jpg\",\"width\":800,\"height\":533,\"caption\":\"charset=Ascii\"},{\"@type\":\"BreadcrumbList\",\"@id\":\"https:\\\/\\\/digital58.com.ve\\\/site\\\/2023\\\/10\\\/09\\\/dvorayozuliano-javier-portillo-hicimos-historia-porque-jamas-desistimos\\\/#breadcrumb\",\"itemListElement\":[{\"@type\":\"ListItem\",\"position\":1,\"name\":\"Home\",\"item\":\"https:\\\/\\\/digital58.com.ve\\\/site\\\/\"},{\"@type\":\"ListItem\",\"position\":2,\"name\":\"#DvoRayoZuliano | Javier Portillo: \u00abHicimos historia porque jam\u00e1s desistimos\u00bb\"}]},{\"@type\":\"WebSite\",\"@id\":\"https:\\\/\\\/digital58.com.ve\\\/site\\\/#website\",\"url\":\"https:\\\/\\\/digital58.com.ve\\\/site\\\/\",\"name\":\"Noticias Digital58\",\"description\":\"Portal de Noticias \u00a1Periodismo web de verdad! Lanzamiento web 22.11.2005 \\\/ Maracaibo, Venezuela\",\"publisher\":{\"@id\":\"https:\\\/\\\/digital58.com.ve\\\/site\\\/#\\\/schema\\\/person\\\/64d1c2e4d0d4fd1b849980c4331c2951\"},\"alternateName\":\"ND58\",\"potentialAction\":[{\"@type\":\"SearchAction\",\"target\":{\"@type\":\"EntryPoint\",\"urlTemplate\":\"https:\\\/\\\/digital58.com.ve\\\/site\\\/?s={search_term_string}\"},\"query-input\":{\"@type\":\"PropertyValueSpecification\",\"valueRequired\":true,\"valueName\":\"search_term_string\"}}],\"inLanguage\":\"es\"},{\"@type\":[\"Person\",\"Organization\"],\"@id\":\"https:\\\/\\\/digital58.com.ve\\\/site\\\/#\\\/schema\\\/person\\\/64d1c2e4d0d4fd1b849980c4331c2951\",\"name\":\"Villasmil Henry\",\"image\":{\"@type\":\"ImageObject\",\"inLanguage\":\"es\",\"@id\":\"https:\\\/\\\/secure.gravatar.com\\\/avatar\\\/bb0c4a2fcb7970138239f7e404ea75757b1b507b28b5ce4c53fbd62d797c5a7c?s=96&d=mm&r=g\",\"url\":\"https:\\\/\\\/secure.gravatar.com\\\/avatar\\\/bb0c4a2fcb7970138239f7e404ea75757b1b507b28b5ce4c53fbd62d797c5a7c?s=96&d=mm&r=g\",\"contentUrl\":\"https:\\\/\\\/secure.gravatar.com\\\/avatar\\\/bb0c4a2fcb7970138239f7e404ea75757b1b507b28b5ce4c53fbd62d797c5a7c?s=96&d=mm&r=g\",\"caption\":\"Villasmil Henry\"},\"logo\":{\"@id\":\"https:\\\/\\\/secure.gravatar.com\\\/avatar\\\/bb0c4a2fcb7970138239f7e404ea75757b1b507b28b5ce4c53fbd62d797c5a7c?s=96&d=mm&r=g\"},\"sameAs\":[\"http:\\\/\\\/www.henryvillasmil.com.ve\",\"https:\\\/\\\/www.instagram.com\\\/villasmilhfoto\\\/\",\"https:\\\/\\\/x.com\\\/https:\\\/\\\/twitter.com\\\/villasmilhfoto\"],\"url\":\"https:\\\/\\\/digital58.com.ve\\\/site\\\/author\\\/droopy_68\\\/\"}]}<\/script>\n<!-- \/ Yoast SEO plugin. -->","yoast_head_json":{"title":"#DvoRayoZuliano | Javier Portillo: \u00abHicimos historia porque jam\u00e1s desistimos\u00bb","robots":{"index":"index","follow":"follow","max-snippet":"max-snippet:-1","max-image-preview":"max-image-preview:large","max-video-preview":"max-video-preview:-1"},"canonical":"https:\/\/digital58.com.ve\/site\/2023\/10\/09\/dvorayozuliano-javier-portillo-hicimos-historia-porque-jamas-desistimos\/","og_locale":"es_ES","og_type":"article","og_title":"#DvoRayoZuliano | Javier Portillo: \u00abHicimos historia porque jam\u00e1s desistimos\u00bb","og_url":"https:\/\/digital58.com.ve\/site\/2023\/10\/09\/dvorayozuliano-javier-portillo-hicimos-historia-porque-jamas-desistimos\/","og_site_name":"Noticias Digital58","article_published_time":"2023-10-10T00:54:39+00:00","og_image":[{"width":800,"height":533,"url":"https:\/\/i0.wp.com\/digital58.com.ve\/site\/wp-content\/uploads\/2023\/10\/rayo-academia.jpg?fit=800%2C533&ssl=1","type":"image\/jpeg"}],"author":"Villasmil Henry","twitter_card":"summary_large_image","twitter_creator":"@https:\/\/twitter.com\/villasmilhfoto","twitter_site":"@villasmilhfoto","twitter_misc":{"Escrito por":"Villasmil Henry","Tiempo estimado de lectura":"2 minutos"},"schema":{"@context":"https:\/\/schema.org","@graph":[{"@type":"Article","@id":"https:\/\/digital58.com.ve\/site\/2023\/10\/09\/dvorayozuliano-javier-portillo-hicimos-historia-porque-jamas-desistimos\/#article","isPartOf":{"@id":"https:\/\/digital58.com.ve\/site\/2023\/10\/09\/dvorayozuliano-javier-portillo-hicimos-historia-porque-jamas-desistimos\/"},"author":{"name":"Villasmil Henry","@id":"https:\/\/digital58.com.ve\/site\/#\/schema\/person\/64d1c2e4d0d4fd1b849980c4331c2951"},"headline":"#DvoRayoZuliano | Javier Portillo: \u00abHicimos historia porque jam\u00e1s desistimos\u00bb","datePublished":"2023-10-10T00:54:39+00:00","mainEntityOfPage":{"@id":"https:\/\/digital58.com.ve\/site\/2023\/10\/09\/dvorayozuliano-javier-portillo-hicimos-historia-porque-jamas-desistimos\/"},"wordCount":458,"commentCount":0,"publisher":{"@id":"https:\/\/digital58.com.ve\/site\/#\/schema\/person\/64d1c2e4d0d4fd1b849980c4331c2951"},"image":{"@id":"https:\/\/digital58.com.ve\/site\/2023\/10\/09\/dvorayozuliano-javier-portillo-hicimos-historia-porque-jamas-desistimos\/#primaryimage"},"thumbnailUrl":"https:\/\/digital58.com.ve\/site\/wp-content\/uploads\/2023\/10\/rayo-academia.jpg","keywords":["Deportivo Rayo Zuliano","F\u00fatbol","F\u00fatbol Nacional","F\u00fatbol Venezolano","Javier Portillo","Liga F\u00fatVe","Liga F\u00fatVe 2023","Maracaibo","Nacionales","Primera Divisi\u00f3n","Regionales","Venezuela","Zulia"],"articleSection":["Deportes"],"inLanguage":"es","potentialAction":[{"@type":"CommentAction","name":"Comment","target":["https:\/\/digital58.com.ve\/site\/2023\/10\/09\/dvorayozuliano-javier-portillo-hicimos-historia-porque-jamas-desistimos\/#respond"]}]},{"@type":"WebPage","@id":"https:\/\/digital58.com.ve\/site\/2023\/10\/09\/dvorayozuliano-javier-portillo-hicimos-historia-porque-jamas-desistimos\/","url":"https:\/\/digital58.com.ve\/site\/2023\/10\/09\/dvorayozuliano-javier-portillo-hicimos-historia-porque-jamas-desistimos\/","name":"#DvoRayoZuliano | Javier Portillo: \u00abHicimos historia porque jam\u00e1s desistimos\u00bb","isPartOf":{"@id":"https:\/\/digital58.com.ve\/site\/#website"},"primaryImageOfPage":{"@id":"https:\/\/digital58.com.ve\/site\/2023\/10\/09\/dvorayozuliano-javier-portillo-hicimos-historia-porque-jamas-desistimos\/#primaryimage"},"image":{"@id":"https:\/\/digital58.com.ve\/site\/2023\/10\/09\/dvorayozuliano-javier-portillo-hicimos-historia-porque-jamas-desistimos\/#primaryimage"},"thumbnailUrl":"https:\/\/digital58.com.ve\/site\/wp-content\/uploads\/2023\/10\/rayo-academia.jpg","datePublished":"2023-10-10T00:54:39+00:00","breadcrumb":{"@id":"https:\/\/digital58.com.ve\/site\/2023\/10\/09\/dvorayozuliano-javier-portillo-hicimos-historia-porque-jamas-desistimos\/#breadcrumb"},"inLanguage":"es","potentialAction":[{"@type":"ReadAction","target":["https:\/\/digital58.com.ve\/site\/2023\/10\/09\/dvorayozuliano-javier-portillo-hicimos-historia-porque-jamas-desistimos\/"]}]},{"@type":"ImageObject","inLanguage":"es","@id":"https:\/\/digital58.com.ve\/site\/2023\/10\/09\/dvorayozuliano-javier-portillo-hicimos-historia-porque-jamas-desistimos\/#primaryimage","url":"https:\/\/digital58.com.ve\/site\/wp-content\/uploads\/2023\/10\/rayo-academia.jpg","contentUrl":"https:\/\/digital58.com.ve\/site\/wp-content\/uploads\/2023\/10\/rayo-academia.jpg","width":800,"height":533,"caption":"charset=Ascii"},{"@type":"BreadcrumbList","@id":"https:\/\/digital58.com.ve\/site\/2023\/10\/09\/dvorayozuliano-javier-portillo-hicimos-historia-porque-jamas-desistimos\/#breadcrumb","itemListElement":[{"@type":"ListItem","position":1,"name":"Home","item":"https:\/\/digital58.com.ve\/site\/"},{"@type":"ListItem","position":2,"name":"#DvoRayoZuliano | Javier Portillo: \u00abHicimos historia porque jam\u00e1s desistimos\u00bb"}]},{"@type":"WebSite","@id":"https:\/\/digital58.com.ve\/site\/#website","url":"https:\/\/digital58.com.ve\/site\/","name":"Noticias Digital58","description":"Portal de Noticias \u00a1Periodismo web de verdad! Lanzamiento web 22.11.2005 \/ Maracaibo, Venezuela","publisher":{"@id":"https:\/\/digital58.com.ve\/site\/#\/schema\/person\/64d1c2e4d0d4fd1b849980c4331c2951"},"alternateName":"ND58","potentialAction":[{"@type":"SearchAction","target":{"@type":"EntryPoint","urlTemplate":"https:\/\/digital58.com.ve\/site\/?s={search_term_string}"},"query-input":{"@type":"PropertyValueSpecification","valueRequired":true,"valueName":"search_term_string"}}],"inLanguage":"es"},{"@type":["Person","Organization"],"@id":"https:\/\/digital58.com.ve\/site\/#\/schema\/person\/64d1c2e4d0d4fd1b849980c4331c2951","name":"Villasmil Henry","image":{"@type":"ImageObject","inLanguage":"es","@id":"https:\/\/secure.gravatar.com\/avatar\/bb0c4a2fcb7970138239f7e404ea75757b1b507b28b5ce4c53fbd62d797c5a7c?s=96&d=mm&r=g","url":"https:\/\/secure.gravatar.com\/avatar\/bb0c4a2fcb7970138239f7e404ea75757b1b507b28b5ce4c53fbd62d797c5a7c?s=96&d=mm&r=g","contentUrl":"https:\/\/secure.gravatar.com\/avatar\/bb0c4a2fcb7970138239f7e404ea75757b1b507b28b5ce4c53fbd62d797c5a7c?s=96&d=mm&r=g","caption":"Villasmil Henry"},"logo":{"@id":"https:\/\/secure.gravatar.com\/avatar\/bb0c4a2fcb7970138239f7e404ea75757b1b507b28b5ce4c53fbd62d797c5a7c?s=96&d=mm&r=g"},"sameAs":["http:\/\/www.henryvillasmil.com.ve","https:\/\/www.instagram.com\/villasmilhfoto\/","https:\/\/x.com\/https:\/\/twitter.com\/villasmilhfoto"],"url":"https:\/\/digital58.com.ve\/site\/author\/droopy_68\/"}]}},"uagb_featured_image_src":{"full":["https:\/\/digital58.com.ve\/site\/wp-content\/uploads\/2023\/10\/rayo-academia.jpg",800,533,false],"thumbnail":["https:\/\/digital58.com.ve\/site\/wp-content\/uploads\/2023\/10\/rayo-academia-150x150.jpg",150,150,true],"medium":["https:\/\/digital58.com.ve\/site\/wp-content\/uploads\/2023\/10\/rayo-academia-300x200.jpg",300,200,true],"medium_large":["https:\/\/digital58.com.ve\/site\/wp-content\/uploads\/2023\/10\/rayo-academia-768x512.jpg",768,512,true],"large":["https:\/\/digital58.com.ve\/site\/wp-content\/uploads\/2023\/10\/rayo-academia.jpg",800,533,false],"1536x1536":["https:\/\/digital58.com.ve\/site\/wp-content\/uploads\/2023\/10\/rayo-academia.jpg",800,533,false],"2048x2048":["https:\/\/digital58.com.ve\/site\/wp-content\/uploads\/2023\/10\/rayo-academia.jpg",800,533,false],"colormag-highlighted-post":["https:\/\/digital58.com.ve\/site\/wp-content\/uploads\/2023\/10\/rayo-academia-392x272.jpg",392,272,true],"colormag-featured-post-medium":["https:\/\/digital58.com.ve\/site\/wp-content\/uploads\/2023\/10\/rayo-academia-390x205.jpg",390,205,true],"colormag-featured-post-small":["https:\/\/digital58.com.ve\/site\/wp-content\/uploads\/2023\/10\/rayo-academia-130x90.jpg",130,90,true],"colormag-featured-image":["https:\/\/digital58.com.ve\/site\/wp-content\/uploads\/2023\/10\/rayo-academia-800x445.jpg",800,445,true],"colormag-default-news":["https:\/\/digital58.com.ve\/site\/wp-content\/uploads\/2023\/10\/rayo-academia-150x150.jpg",150,150,true],"colormag-featured-image-large":["https:\/\/digital58.com.ve\/site\/wp-content\/uploads\/2023\/10\/rayo-academia.jpg",800,533,false]},"uagb_author_info":{"display_name":"Villasmil Henry","author_link":"https:\/\/digital58.com.ve\/site\/author\/droopy_68\/"},"uagb_comment_info":0,"uagb_excerpt":"El presidente del Deportivo Rayo Zuliano valor\u00f3 la clasificaci\u00f3n a Copa Sudamericana. Maracaibo, Zulia, Venezuela, 09 de octubre de 2023","_links":{"self":[{"href":"https:\/\/digital58.com.ve\/site\/wp-json\/wp\/v2\/posts\/171257","targetHints":{"allow":["GET"]}}],"collection":[{"href":"https:\/\/digital58.com.ve\/site\/wp-json\/wp\/v2\/posts"}],"about":[{"href":"https:\/\/digital58.com.ve\/site\/wp-json\/wp\/v2\/types\/post"}],"author":[{"embeddable":true,"href":"https:\/\/digital58.com.ve\/site\/wp-json\/wp\/v2\/users\/1"}],"replies":[{"embeddable":true,"href":"https:\/\/digital58.com.ve\/site\/wp-json\/wp\/v2\/comments?post=171257"}],"version-history":[{"count":1,"href":"https:\/\/digital58.com.ve\/site\/wp-json\/wp\/v2\/posts\/171257\/revisions"}],"predecessor-version":[{"id":171259,"href":"https:\/\/digital58.com.ve\/site\/wp-json\/wp\/v2\/posts\/171257\/revisions\/171259"}],"wp:featuredmedia":[{"embeddable":true,"href":"https:\/\/digital58.com.ve\/site\/wp-json\/wp\/v2\/media\/171258"}],"wp:attachment":[{"href":"https:\/\/digital58.com.ve\/site\/wp-json\/wp\/v2\/media?parent=171257"}],"wp:term":[{"taxonomy":"category","embeddable":true,"href":"https:\/\/digital58.com.ve\/site\/wp-json\/wp\/v2\/categories?post=171257"},{"taxonomy":"post_tag","embeddable":true,"href":"https:\/\/digital58.com.ve\/site\/wp-json\/wp\/v2\/tags?post=171257"}],"curies":[{"name":"wp","href":"https:\/\/api.w.org\/{rel}","templated":true}]}}