{"id":171396,"date":"2023-10-13T22:05:11","date_gmt":"2023-10-14T02:05:11","guid":{"rendered":"https:\/\/digital58.com.ve\/site\/?p=171396"},"modified":"2023-10-13T22:05:11","modified_gmt":"2023-10-14T02:05:11","slug":"venezuela-freddy-superlano-se-retira-de-las-primarias-y-ofrece-respaldo-a-maria-corina-machado","status":"publish","type":"post","link":"https:\/\/digital58.com.ve\/site\/2023\/10\/13\/venezuela-freddy-superlano-se-retira-de-las-primarias-y-ofrece-respaldo-a-maria-corina-machado\/","title":{"rendered":"#Venezuela | Freddy Superlano se retira de las primarias y ofrece respaldo a Mar\u00eda Corina Machado"},"content":{"rendered":"<p><a href=\"https:\/\/digital58.com.ve\/site\/wp-content\/uploads\/2023\/10\/fc534ff9b2155d6cafb7c08ed017f5b5103d657bminiw.jpg\"><img loading=\"lazy\" decoding=\"async\" class=\"aligncenter size-full wp-image-171397\" src=\"https:\/\/digital58.com.ve\/site\/wp-content\/uploads\/2023\/10\/fc534ff9b2155d6cafb7c08ed017f5b5103d657bminiw.jpg\" alt=\"\" width=\"900\" height=\"600\" srcset=\"https:\/\/digital58.com.ve\/site\/wp-content\/uploads\/2023\/10\/fc534ff9b2155d6cafb7c08ed017f5b5103d657bminiw.jpg 900w, https:\/\/digital58.com.ve\/site\/wp-content\/uploads\/2023\/10\/fc534ff9b2155d6cafb7c08ed017f5b5103d657bminiw-300x200.jpg 300w, https:\/\/digital58.com.ve\/site\/wp-content\/uploads\/2023\/10\/fc534ff9b2155d6cafb7c08ed017f5b5103d657bminiw-768x512.jpg 768w\" sizes=\"auto, (max-width: 900px) 100vw, 900px\" \/><\/a><\/p>\n<p>La renuncia de Superlano se produce seis d\u00edas despu\u00e9s de que Henrique Capriles anunciara tambi\u00e9n su retiro de la contienda electoral del 22 de octubre, en su caso, para dar paso a una \u00abopci\u00f3n viable\u00bb de alg\u00fan competidor que no est\u00e9 inhabilitado para ejercer cargos p\u00fablicos como \u00e9l.<\/p>\n<p><strong>Caracas, DC, Venezuela, 13 de octubre de 2023 (ND58).-<\/strong> El candidato a las primarias de la oposici\u00f3n venezolana Freddy Superlano, inhabilitado por la Contralor\u00eda para ejercer cargos p\u00fablicos, anunci\u00f3 este viernes que retira su candidatura para respaldar a Mar\u00eda Corina Machado, quien tambi\u00e9n est\u00e1 inhabilitada.<\/p>\n<p>Durante una rueda de prensa desde la sede en Caracas del partido Vente Venezuela, liderado por Machado, Superlano asegur\u00f3 que la precandidata tiene toda la \u00abconfianza\u00bb de \u00e9l y de su formaci\u00f3n pol\u00edtica, Voluntad Popular (VP).<\/p>\n<p>\u00abMar\u00eda Corina tiene nuestra confianza, te entregamos a ti un valor que para nosotros es invalorable que es la gente\u00bb, subray\u00f3.<\/p>\n<p>Dijo que ahora comienza \u00abuna nueva etapa\u00bb en la contienda electoral y que ponen todas sus \u00abcapacidades a disposici\u00f3n de la causa libertaria venezolana\u00bb.<\/p>\n<p>\u00abLa opini\u00f3n p\u00fablica generalizada manifiesta, Mar\u00eda (Corina Machado), que eres t\u00fa la persona que debe conducir esa idea de cambio en Venezuela\u00bb, asever\u00f3 Superlano.<\/p>\n<p>Machado tambi\u00e9n se dirigi\u00f3 a los medios de comunicaci\u00f3n y se mostr\u00f3 \u00abemocionada\u00bb y \u00aba\u00fan m\u00e1s comprometida\u00bb con el reto de derrotar al chavismo.<\/p>\n<p><a href=\"https:\/\/digital58.com.ve\/site\/wp-content\/uploads\/2023\/10\/superlano.jpg\"><img loading=\"lazy\" decoding=\"async\" class=\"aligncenter wp-image-171398 size-full\" src=\"https:\/\/digital58.com.ve\/site\/wp-content\/uploads\/2023\/10\/superlano.jpg\" alt=\"\" width=\"800\" height=\"533\" srcset=\"https:\/\/digital58.com.ve\/site\/wp-content\/uploads\/2023\/10\/superlano.jpg 800w, https:\/\/digital58.com.ve\/site\/wp-content\/uploads\/2023\/10\/superlano-300x200.jpg 300w, https:\/\/digital58.com.ve\/site\/wp-content\/uploads\/2023\/10\/superlano-768x512.jpg 768w\" sizes=\"auto, (max-width: 800px) 100vw, 800px\" \/><\/a><\/p>\n<p>\u00abEsta lucha va mucho m\u00e1s all\u00e1 de lo electoral convencional (&#8230;) esta fuerza que crece cada d\u00eda es indetenible y lo estamos convirtiendo en un movimiento social invencible\u00bb, expres\u00f3.<\/p>\n<p>La exdiputada consider\u00f3 que este apoyo de VP es un \u00abtestimonio de confianza\u00bb que recibe con \u00abhumildad\u00bb, y que proviene de un movimiento pol\u00edtico que apuesta por \u00abla liberaci\u00f3n de Venezuela\u00bb.<\/p>\n<p>Con la salida de Capriles y Superlano, en las primarias se enfrentar\u00e1n 11 aspirantes que esperan ser elegidos para representar al antichavismo en las presidenciales de 2024.<\/p>\n<p><strong>Redacci\u00f3n ND58 | Fuente: EFE<\/strong><br \/>\n<strong>Edici\u00f3n: Villasmil, Henry<\/strong><br \/>\n<strong>Gr\u00e1ficas: EFE<\/strong><\/p>\n<p>&nbsp;<\/p>\n<p>&nbsp;<\/p><div class=\"jokku69f2d1d153ae0\" ><p style=\"text-align: center;\"><a href=\"https:\/\/t.me\/noticiasdigital58\" target=\"_blank\" rel=\"noopener\"><img class=\"aligncenter size-full wp-image-125363\" src=\"https:\/\/digital58.com.ve\/site\/wp-content\/uploads\/2021\/04\/banner-telegram-web-2021.png\" alt=\"\" width=\"600\" height=\"90\" \/><\/a><\/p><\/div><style type=\"text\/css\">\r\n@media screen and (min-width: 1201px) {\r\n.jokku69f2d1d153ae0 {\r\ndisplay: block;\r\n}\r\n}\r\n@media screen and (min-width: 993px) and (max-width: 1200px) {\r\n.jokku69f2d1d153ae0 {\r\ndisplay: block;\r\n}\r\n}\r\n@media screen and (min-width: 769px) and (max-width: 992px) {\r\n.jokku69f2d1d153ae0 {\r\ndisplay: block;\r\n}\r\n}\r\n@media screen and (min-width: 768px) and (max-width: 768px) {\r\n.jokku69f2d1d153ae0 {\r\ndisplay: block;\r\n}\r\n}\r\n@media screen and (max-width: 767px) {\r\n.jokku69f2d1d153ae0 {\r\ndisplay: block;\r\n}\r\n}\r\n<\/style>\r\n\n<p>&nbsp;<\/p>\n<div style=\"margin-top: 0px; margin-bottom: 0px;\" class=\"sharethis-inline-share-buttons\" ><\/div>","protected":false},"excerpt":{"rendered":"<p>La renuncia de Superlano se produce seis d\u00edas despu\u00e9s de que Henrique Capriles anunciara tambi\u00e9n su retiro de la contienda<\/p>\n","protected":false},"author":1,"featured_media":171398,"comment_status":"open","ping_status":"closed","sticky":false,"template":"","format":"standard","meta":{"colormag_page_container_layout":"default_layout","colormag_page_sidebar_layout":"default_layout","_uag_custom_page_level_css":"","footnotes":""},"categories":[16454],"tags":[17549,26125,14491,233,11058,14492,10706],"class_list":["post-171396","post","type-post","status-publish","format-standard","has-post-thumbnail","hentry","category-venezuela","tag-elecciones-primarias","tag-freddy-superlano","tag-maria-corina-machado","tag-nacionales","tag-partidos-politicos","tag-vente-venezuela","tag-voluntad-popular"],"yoast_head":"<!-- This site is optimized with the Yoast SEO plugin v27.5 - https:\/\/yoast.com\/product\/yoast-seo-wordpress\/ -->\n<title>#Venezuela | Freddy Superlano se retira de las primarias y ofrece respaldo a Mar\u00eda Corina Machado<\/title>\n<meta name=\"robots\" content=\"index, follow, max-snippet:-1, max-image-preview:large, max-video-preview:-1\" \/>\n<link rel=\"canonical\" href=\"https:\/\/digital58.com.ve\/site\/2023\/10\/13\/venezuela-freddy-superlano-se-retira-de-las-primarias-y-ofrece-respaldo-a-maria-corina-machado\/\" \/>\n<meta property=\"og:locale\" content=\"es_ES\" \/>\n<meta property=\"og:type\" content=\"article\" \/>\n<meta property=\"og:title\" content=\"#Venezuela | Freddy Superlano se retira de las primarias y ofrece respaldo a Mar\u00eda Corina Machado\" \/>\n<meta property=\"og:url\" content=\"https:\/\/digital58.com.ve\/site\/2023\/10\/13\/venezuela-freddy-superlano-se-retira-de-las-primarias-y-ofrece-respaldo-a-maria-corina-machado\/\" \/>\n<meta property=\"og:site_name\" content=\"Noticias Digital58\" \/>\n<meta property=\"article:published_time\" content=\"2023-10-14T02:05:11+00:00\" \/>\n<meta property=\"og:image\" content=\"https:\/\/i0.wp.com\/digital58.com.ve\/site\/wp-content\/uploads\/2023\/10\/superlano.jpg?fit=800%2C533&ssl=1\" \/>\n\t<meta property=\"og:image:width\" content=\"800\" \/>\n\t<meta property=\"og:image:height\" content=\"533\" \/>\n\t<meta property=\"og:image:type\" content=\"image\/jpeg\" \/>\n<meta name=\"author\" content=\"Villasmil Henry\" \/>\n<meta name=\"twitter:card\" content=\"summary_large_image\" \/>\n<meta name=\"twitter:creator\" content=\"@https:\/\/twitter.com\/villasmilhfoto\" \/>\n<meta name=\"twitter:site\" content=\"@villasmilhfoto\" \/>\n<meta name=\"twitter:label1\" content=\"Escrito por\" \/>\n\t<meta name=\"twitter:data1\" content=\"Villasmil Henry\" \/>\n\t<meta name=\"twitter:label2\" content=\"Tiempo estimado de lectura\" \/>\n\t<meta name=\"twitter:data2\" content=\"2 minutos\" \/>\n<script type=\"application\/ld+json\" class=\"yoast-schema-graph\">{\"@context\":\"https:\\\/\\\/schema.org\",\"@graph\":[{\"@type\":\"Article\",\"@id\":\"https:\\\/\\\/digital58.com.ve\\\/site\\\/2023\\\/10\\\/13\\\/venezuela-freddy-superlano-se-retira-de-las-primarias-y-ofrece-respaldo-a-maria-corina-machado\\\/#article\",\"isPartOf\":{\"@id\":\"https:\\\/\\\/digital58.com.ve\\\/site\\\/2023\\\/10\\\/13\\\/venezuela-freddy-superlano-se-retira-de-las-primarias-y-ofrece-respaldo-a-maria-corina-machado\\\/\"},\"author\":{\"name\":\"Villasmil Henry\",\"@id\":\"https:\\\/\\\/digital58.com.ve\\\/site\\\/#\\\/schema\\\/person\\\/64d1c2e4d0d4fd1b849980c4331c2951\"},\"headline\":\"#Venezuela | Freddy Superlano se retira de las primarias y ofrece respaldo a Mar\u00eda Corina Machado\",\"datePublished\":\"2023-10-14T02:05:11+00:00\",\"mainEntityOfPage\":{\"@id\":\"https:\\\/\\\/digital58.com.ve\\\/site\\\/2023\\\/10\\\/13\\\/venezuela-freddy-superlano-se-retira-de-las-primarias-y-ofrece-respaldo-a-maria-corina-machado\\\/\"},\"wordCount\":362,\"commentCount\":0,\"publisher\":{\"@id\":\"https:\\\/\\\/digital58.com.ve\\\/site\\\/#\\\/schema\\\/person\\\/64d1c2e4d0d4fd1b849980c4331c2951\"},\"image\":{\"@id\":\"https:\\\/\\\/digital58.com.ve\\\/site\\\/2023\\\/10\\\/13\\\/venezuela-freddy-superlano-se-retira-de-las-primarias-y-ofrece-respaldo-a-maria-corina-machado\\\/#primaryimage\"},\"thumbnailUrl\":\"https:\\\/\\\/digital58.com.ve\\\/site\\\/wp-content\\\/uploads\\\/2023\\\/10\\\/superlano.jpg\",\"keywords\":[\"Elecciones primarias\",\"Freddy Superlano\",\"Mar\u00eda Corina Machado\",\"Nacionales\",\"Partidos Pol\u00edticos\",\"Vente Venezuela\",\"Voluntad Popular\"],\"articleSection\":[\"Venezuela\"],\"inLanguage\":\"es\",\"potentialAction\":[{\"@type\":\"CommentAction\",\"name\":\"Comment\",\"target\":[\"https:\\\/\\\/digital58.com.ve\\\/site\\\/2023\\\/10\\\/13\\\/venezuela-freddy-superlano-se-retira-de-las-primarias-y-ofrece-respaldo-a-maria-corina-machado\\\/#respond\"]}]},{\"@type\":\"WebPage\",\"@id\":\"https:\\\/\\\/digital58.com.ve\\\/site\\\/2023\\\/10\\\/13\\\/venezuela-freddy-superlano-se-retira-de-las-primarias-y-ofrece-respaldo-a-maria-corina-machado\\\/\",\"url\":\"https:\\\/\\\/digital58.com.ve\\\/site\\\/2023\\\/10\\\/13\\\/venezuela-freddy-superlano-se-retira-de-las-primarias-y-ofrece-respaldo-a-maria-corina-machado\\\/\",\"name\":\"#Venezuela | Freddy Superlano se retira de las primarias y ofrece respaldo a Mar\u00eda Corina Machado\",\"isPartOf\":{\"@id\":\"https:\\\/\\\/digital58.com.ve\\\/site\\\/#website\"},\"primaryImageOfPage\":{\"@id\":\"https:\\\/\\\/digital58.com.ve\\\/site\\\/2023\\\/10\\\/13\\\/venezuela-freddy-superlano-se-retira-de-las-primarias-y-ofrece-respaldo-a-maria-corina-machado\\\/#primaryimage\"},\"image\":{\"@id\":\"https:\\\/\\\/digital58.com.ve\\\/site\\\/2023\\\/10\\\/13\\\/venezuela-freddy-superlano-se-retira-de-las-primarias-y-ofrece-respaldo-a-maria-corina-machado\\\/#primaryimage\"},\"thumbnailUrl\":\"https:\\\/\\\/digital58.com.ve\\\/site\\\/wp-content\\\/uploads\\\/2023\\\/10\\\/superlano.jpg\",\"datePublished\":\"2023-10-14T02:05:11+00:00\",\"breadcrumb\":{\"@id\":\"https:\\\/\\\/digital58.com.ve\\\/site\\\/2023\\\/10\\\/13\\\/venezuela-freddy-superlano-se-retira-de-las-primarias-y-ofrece-respaldo-a-maria-corina-machado\\\/#breadcrumb\"},\"inLanguage\":\"es\",\"potentialAction\":[{\"@type\":\"ReadAction\",\"target\":[\"https:\\\/\\\/digital58.com.ve\\\/site\\\/2023\\\/10\\\/13\\\/venezuela-freddy-superlano-se-retira-de-las-primarias-y-ofrece-respaldo-a-maria-corina-machado\\\/\"]}]},{\"@type\":\"ImageObject\",\"inLanguage\":\"es\",\"@id\":\"https:\\\/\\\/digital58.com.ve\\\/site\\\/2023\\\/10\\\/13\\\/venezuela-freddy-superlano-se-retira-de-las-primarias-y-ofrece-respaldo-a-maria-corina-machado\\\/#primaryimage\",\"url\":\"https:\\\/\\\/digital58.com.ve\\\/site\\\/wp-content\\\/uploads\\\/2023\\\/10\\\/superlano.jpg\",\"contentUrl\":\"https:\\\/\\\/digital58.com.ve\\\/site\\\/wp-content\\\/uploads\\\/2023\\\/10\\\/superlano.jpg\",\"width\":800,\"height\":533,\"caption\":\"AME6822. CARACAS (VENEZUELA), 13\\\/10\\\/2023.- El opositor Freddy Superlano abraza a Mar\u00eda Corina Machado luego de hablar en rueda de prensa, hoy, en Caracas (Venezuela). El candidato a las primarias de la oposici\u00f3n venezolana Freddy Superlano, inhabilitado por la Contralor\u00eda para ejercer cargos p\u00fablicos, anunci\u00f3 este viernes que retira su candidatura para respaldar a Mar\u00eda Corina Machado, quien tambi\u00e9n est\u00e1 inhabilitada. La renuncia de Superlano se produce seis d\u00edas despu\u00e9s de que Henrique Capriles anunciara tambi\u00e9n su retiro de la contienda electoral del 22 de octubre, en su caso, para dar paso a una \\\"opci\u00f3n viable\\\" de alg\u00fan competidor que no est\u00e9 inhabilitado para ejercer cargos p\u00fablicos como \u00e9l. EFE\\\/Rayner Pe\u00f1aR\"},{\"@type\":\"BreadcrumbList\",\"@id\":\"https:\\\/\\\/digital58.com.ve\\\/site\\\/2023\\\/10\\\/13\\\/venezuela-freddy-superlano-se-retira-de-las-primarias-y-ofrece-respaldo-a-maria-corina-machado\\\/#breadcrumb\",\"itemListElement\":[{\"@type\":\"ListItem\",\"position\":1,\"name\":\"Home\",\"item\":\"https:\\\/\\\/digital58.com.ve\\\/site\\\/\"},{\"@type\":\"ListItem\",\"position\":2,\"name\":\"#Venezuela | Freddy Superlano se retira de las primarias y ofrece respaldo a Mar\u00eda Corina Machado\"}]},{\"@type\":\"WebSite\",\"@id\":\"https:\\\/\\\/digital58.com.ve\\\/site\\\/#website\",\"url\":\"https:\\\/\\\/digital58.com.ve\\\/site\\\/\",\"name\":\"Noticias Digital58\",\"description\":\"Portal de Noticias \u00a1Periodismo web de verdad! Lanzamiento web 22.11.2005 \\\/ Maracaibo, Venezuela\",\"publisher\":{\"@id\":\"https:\\\/\\\/digital58.com.ve\\\/site\\\/#\\\/schema\\\/person\\\/64d1c2e4d0d4fd1b849980c4331c2951\"},\"alternateName\":\"ND58\",\"potentialAction\":[{\"@type\":\"SearchAction\",\"target\":{\"@type\":\"EntryPoint\",\"urlTemplate\":\"https:\\\/\\\/digital58.com.ve\\\/site\\\/?s={search_term_string}\"},\"query-input\":{\"@type\":\"PropertyValueSpecification\",\"valueRequired\":true,\"valueName\":\"search_term_string\"}}],\"inLanguage\":\"es\"},{\"@type\":[\"Person\",\"Organization\"],\"@id\":\"https:\\\/\\\/digital58.com.ve\\\/site\\\/#\\\/schema\\\/person\\\/64d1c2e4d0d4fd1b849980c4331c2951\",\"name\":\"Villasmil Henry\",\"image\":{\"@type\":\"ImageObject\",\"inLanguage\":\"es\",\"@id\":\"https:\\\/\\\/secure.gravatar.com\\\/avatar\\\/bb0c4a2fcb7970138239f7e404ea75757b1b507b28b5ce4c53fbd62d797c5a7c?s=96&d=mm&r=g\",\"url\":\"https:\\\/\\\/secure.gravatar.com\\\/avatar\\\/bb0c4a2fcb7970138239f7e404ea75757b1b507b28b5ce4c53fbd62d797c5a7c?s=96&d=mm&r=g\",\"contentUrl\":\"https:\\\/\\\/secure.gravatar.com\\\/avatar\\\/bb0c4a2fcb7970138239f7e404ea75757b1b507b28b5ce4c53fbd62d797c5a7c?s=96&d=mm&r=g\",\"caption\":\"Villasmil Henry\"},\"logo\":{\"@id\":\"https:\\\/\\\/secure.gravatar.com\\\/avatar\\\/bb0c4a2fcb7970138239f7e404ea75757b1b507b28b5ce4c53fbd62d797c5a7c?s=96&d=mm&r=g\"},\"sameAs\":[\"http:\\\/\\\/www.henryvillasmil.com.ve\",\"https:\\\/\\\/www.instagram.com\\\/villasmilhfoto\\\/\",\"https:\\\/\\\/x.com\\\/https:\\\/\\\/twitter.com\\\/villasmilhfoto\"],\"url\":\"https:\\\/\\\/digital58.com.ve\\\/site\\\/author\\\/droopy_68\\\/\"}]}<\/script>\n<!-- \/ Yoast SEO plugin. -->","yoast_head_json":{"title":"#Venezuela | Freddy Superlano se retira de las primarias y ofrece respaldo a Mar\u00eda Corina Machado","robots":{"index":"index","follow":"follow","max-snippet":"max-snippet:-1","max-image-preview":"max-image-preview:large","max-video-preview":"max-video-preview:-1"},"canonical":"https:\/\/digital58.com.ve\/site\/2023\/10\/13\/venezuela-freddy-superlano-se-retira-de-las-primarias-y-ofrece-respaldo-a-maria-corina-machado\/","og_locale":"es_ES","og_type":"article","og_title":"#Venezuela | Freddy Superlano se retira de las primarias y ofrece respaldo a Mar\u00eda Corina Machado","og_url":"https:\/\/digital58.com.ve\/site\/2023\/10\/13\/venezuela-freddy-superlano-se-retira-de-las-primarias-y-ofrece-respaldo-a-maria-corina-machado\/","og_site_name":"Noticias Digital58","article_published_time":"2023-10-14T02:05:11+00:00","og_image":[{"width":800,"height":533,"url":"https:\/\/i0.wp.com\/digital58.com.ve\/site\/wp-content\/uploads\/2023\/10\/superlano.jpg?fit=800%2C533&ssl=1","type":"image\/jpeg"}],"author":"Villasmil Henry","twitter_card":"summary_large_image","twitter_creator":"@https:\/\/twitter.com\/villasmilhfoto","twitter_site":"@villasmilhfoto","twitter_misc":{"Escrito por":"Villasmil Henry","Tiempo estimado de lectura":"2 minutos"},"schema":{"@context":"https:\/\/schema.org","@graph":[{"@type":"Article","@id":"https:\/\/digital58.com.ve\/site\/2023\/10\/13\/venezuela-freddy-superlano-se-retira-de-las-primarias-y-ofrece-respaldo-a-maria-corina-machado\/#article","isPartOf":{"@id":"https:\/\/digital58.com.ve\/site\/2023\/10\/13\/venezuela-freddy-superlano-se-retira-de-las-primarias-y-ofrece-respaldo-a-maria-corina-machado\/"},"author":{"name":"Villasmil Henry","@id":"https:\/\/digital58.com.ve\/site\/#\/schema\/person\/64d1c2e4d0d4fd1b849980c4331c2951"},"headline":"#Venezuela | Freddy Superlano se retira de las primarias y ofrece respaldo a Mar\u00eda Corina Machado","datePublished":"2023-10-14T02:05:11+00:00","mainEntityOfPage":{"@id":"https:\/\/digital58.com.ve\/site\/2023\/10\/13\/venezuela-freddy-superlano-se-retira-de-las-primarias-y-ofrece-respaldo-a-maria-corina-machado\/"},"wordCount":362,"commentCount":0,"publisher":{"@id":"https:\/\/digital58.com.ve\/site\/#\/schema\/person\/64d1c2e4d0d4fd1b849980c4331c2951"},"image":{"@id":"https:\/\/digital58.com.ve\/site\/2023\/10\/13\/venezuela-freddy-superlano-se-retira-de-las-primarias-y-ofrece-respaldo-a-maria-corina-machado\/#primaryimage"},"thumbnailUrl":"https:\/\/digital58.com.ve\/site\/wp-content\/uploads\/2023\/10\/superlano.jpg","keywords":["Elecciones primarias","Freddy Superlano","Mar\u00eda Corina Machado","Nacionales","Partidos Pol\u00edticos","Vente Venezuela","Voluntad Popular"],"articleSection":["Venezuela"],"inLanguage":"es","potentialAction":[{"@type":"CommentAction","name":"Comment","target":["https:\/\/digital58.com.ve\/site\/2023\/10\/13\/venezuela-freddy-superlano-se-retira-de-las-primarias-y-ofrece-respaldo-a-maria-corina-machado\/#respond"]}]},{"@type":"WebPage","@id":"https:\/\/digital58.com.ve\/site\/2023\/10\/13\/venezuela-freddy-superlano-se-retira-de-las-primarias-y-ofrece-respaldo-a-maria-corina-machado\/","url":"https:\/\/digital58.com.ve\/site\/2023\/10\/13\/venezuela-freddy-superlano-se-retira-de-las-primarias-y-ofrece-respaldo-a-maria-corina-machado\/","name":"#Venezuela | Freddy Superlano se retira de las primarias y ofrece respaldo a Mar\u00eda Corina Machado","isPartOf":{"@id":"https:\/\/digital58.com.ve\/site\/#website"},"primaryImageOfPage":{"@id":"https:\/\/digital58.com.ve\/site\/2023\/10\/13\/venezuela-freddy-superlano-se-retira-de-las-primarias-y-ofrece-respaldo-a-maria-corina-machado\/#primaryimage"},"image":{"@id":"https:\/\/digital58.com.ve\/site\/2023\/10\/13\/venezuela-freddy-superlano-se-retira-de-las-primarias-y-ofrece-respaldo-a-maria-corina-machado\/#primaryimage"},"thumbnailUrl":"https:\/\/digital58.com.ve\/site\/wp-content\/uploads\/2023\/10\/superlano.jpg","datePublished":"2023-10-14T02:05:11+00:00","breadcrumb":{"@id":"https:\/\/digital58.com.ve\/site\/2023\/10\/13\/venezuela-freddy-superlano-se-retira-de-las-primarias-y-ofrece-respaldo-a-maria-corina-machado\/#breadcrumb"},"inLanguage":"es","potentialAction":[{"@type":"ReadAction","target":["https:\/\/digital58.com.ve\/site\/2023\/10\/13\/venezuela-freddy-superlano-se-retira-de-las-primarias-y-ofrece-respaldo-a-maria-corina-machado\/"]}]},{"@type":"ImageObject","inLanguage":"es","@id":"https:\/\/digital58.com.ve\/site\/2023\/10\/13\/venezuela-freddy-superlano-se-retira-de-las-primarias-y-ofrece-respaldo-a-maria-corina-machado\/#primaryimage","url":"https:\/\/digital58.com.ve\/site\/wp-content\/uploads\/2023\/10\/superlano.jpg","contentUrl":"https:\/\/digital58.com.ve\/site\/wp-content\/uploads\/2023\/10\/superlano.jpg","width":800,"height":533,"caption":"AME6822. CARACAS (VENEZUELA), 13\/10\/2023.- El opositor Freddy Superlano abraza a Mar\u00eda Corina Machado luego de hablar en rueda de prensa, hoy, en Caracas (Venezuela). El candidato a las primarias de la oposici\u00f3n venezolana Freddy Superlano, inhabilitado por la Contralor\u00eda para ejercer cargos p\u00fablicos, anunci\u00f3 este viernes que retira su candidatura para respaldar a Mar\u00eda Corina Machado, quien tambi\u00e9n est\u00e1 inhabilitada. La renuncia de Superlano se produce seis d\u00edas despu\u00e9s de que Henrique Capriles anunciara tambi\u00e9n su retiro de la contienda electoral del 22 de octubre, en su caso, para dar paso a una \"opci\u00f3n viable\" de alg\u00fan competidor que no est\u00e9 inhabilitado para ejercer cargos p\u00fablicos como \u00e9l. EFE\/Rayner Pe\u00f1aR"},{"@type":"BreadcrumbList","@id":"https:\/\/digital58.com.ve\/site\/2023\/10\/13\/venezuela-freddy-superlano-se-retira-de-las-primarias-y-ofrece-respaldo-a-maria-corina-machado\/#breadcrumb","itemListElement":[{"@type":"ListItem","position":1,"name":"Home","item":"https:\/\/digital58.com.ve\/site\/"},{"@type":"ListItem","position":2,"name":"#Venezuela | Freddy Superlano se retira de las primarias y ofrece respaldo a Mar\u00eda Corina Machado"}]},{"@type":"WebSite","@id":"https:\/\/digital58.com.ve\/site\/#website","url":"https:\/\/digital58.com.ve\/site\/","name":"Noticias Digital58","description":"Portal de Noticias \u00a1Periodismo web de verdad! Lanzamiento web 22.11.2005 \/ Maracaibo, Venezuela","publisher":{"@id":"https:\/\/digital58.com.ve\/site\/#\/schema\/person\/64d1c2e4d0d4fd1b849980c4331c2951"},"alternateName":"ND58","potentialAction":[{"@type":"SearchAction","target":{"@type":"EntryPoint","urlTemplate":"https:\/\/digital58.com.ve\/site\/?s={search_term_string}"},"query-input":{"@type":"PropertyValueSpecification","valueRequired":true,"valueName":"search_term_string"}}],"inLanguage":"es"},{"@type":["Person","Organization"],"@id":"https:\/\/digital58.com.ve\/site\/#\/schema\/person\/64d1c2e4d0d4fd1b849980c4331c2951","name":"Villasmil Henry","image":{"@type":"ImageObject","inLanguage":"es","@id":"https:\/\/secure.gravatar.com\/avatar\/bb0c4a2fcb7970138239f7e404ea75757b1b507b28b5ce4c53fbd62d797c5a7c?s=96&d=mm&r=g","url":"https:\/\/secure.gravatar.com\/avatar\/bb0c4a2fcb7970138239f7e404ea75757b1b507b28b5ce4c53fbd62d797c5a7c?s=96&d=mm&r=g","contentUrl":"https:\/\/secure.gravatar.com\/avatar\/bb0c4a2fcb7970138239f7e404ea75757b1b507b28b5ce4c53fbd62d797c5a7c?s=96&d=mm&r=g","caption":"Villasmil Henry"},"logo":{"@id":"https:\/\/secure.gravatar.com\/avatar\/bb0c4a2fcb7970138239f7e404ea75757b1b507b28b5ce4c53fbd62d797c5a7c?s=96&d=mm&r=g"},"sameAs":["http:\/\/www.henryvillasmil.com.ve","https:\/\/www.instagram.com\/villasmilhfoto\/","https:\/\/x.com\/https:\/\/twitter.com\/villasmilhfoto"],"url":"https:\/\/digital58.com.ve\/site\/author\/droopy_68\/"}]}},"uagb_featured_image_src":{"full":["https:\/\/digital58.com.ve\/site\/wp-content\/uploads\/2023\/10\/superlano.jpg",800,533,false],"thumbnail":["https:\/\/digital58.com.ve\/site\/wp-content\/uploads\/2023\/10\/superlano-150x150.jpg",150,150,true],"medium":["https:\/\/digital58.com.ve\/site\/wp-content\/uploads\/2023\/10\/superlano-300x200.jpg",300,200,true],"medium_large":["https:\/\/digital58.com.ve\/site\/wp-content\/uploads\/2023\/10\/superlano-768x512.jpg",768,512,true],"large":["https:\/\/digital58.com.ve\/site\/wp-content\/uploads\/2023\/10\/superlano.jpg",800,533,false],"1536x1536":["https:\/\/digital58.com.ve\/site\/wp-content\/uploads\/2023\/10\/superlano.jpg",800,533,false],"2048x2048":["https:\/\/digital58.com.ve\/site\/wp-content\/uploads\/2023\/10\/superlano.jpg",800,533,false],"colormag-highlighted-post":["https:\/\/digital58.com.ve\/site\/wp-content\/uploads\/2023\/10\/superlano-392x272.jpg",392,272,true],"colormag-featured-post-medium":["https:\/\/digital58.com.ve\/site\/wp-content\/uploads\/2023\/10\/superlano-390x205.jpg",390,205,true],"colormag-featured-post-small":["https:\/\/digital58.com.ve\/site\/wp-content\/uploads\/2023\/10\/superlano-130x90.jpg",130,90,true],"colormag-featured-image":["https:\/\/digital58.com.ve\/site\/wp-content\/uploads\/2023\/10\/superlano-800x445.jpg",800,445,true],"colormag-default-news":["https:\/\/digital58.com.ve\/site\/wp-content\/uploads\/2023\/10\/superlano-150x150.jpg",150,150,true],"colormag-featured-image-large":["https:\/\/digital58.com.ve\/site\/wp-content\/uploads\/2023\/10\/superlano.jpg",800,533,false]},"uagb_author_info":{"display_name":"Villasmil Henry","author_link":"https:\/\/digital58.com.ve\/site\/author\/droopy_68\/"},"uagb_comment_info":0,"uagb_excerpt":"La renuncia de Superlano se produce seis d\u00edas despu\u00e9s de que Henrique Capriles anunciara tambi\u00e9n su retiro de la contienda","_links":{"self":[{"href":"https:\/\/digital58.com.ve\/site\/wp-json\/wp\/v2\/posts\/171396","targetHints":{"allow":["GET"]}}],"collection":[{"href":"https:\/\/digital58.com.ve\/site\/wp-json\/wp\/v2\/posts"}],"about":[{"href":"https:\/\/digital58.com.ve\/site\/wp-json\/wp\/v2\/types\/post"}],"author":[{"embeddable":true,"href":"https:\/\/digital58.com.ve\/site\/wp-json\/wp\/v2\/users\/1"}],"replies":[{"embeddable":true,"href":"https:\/\/digital58.com.ve\/site\/wp-json\/wp\/v2\/comments?post=171396"}],"version-history":[{"count":1,"href":"https:\/\/digital58.com.ve\/site\/wp-json\/wp\/v2\/posts\/171396\/revisions"}],"predecessor-version":[{"id":171399,"href":"https:\/\/digital58.com.ve\/site\/wp-json\/wp\/v2\/posts\/171396\/revisions\/171399"}],"wp:featuredmedia":[{"embeddable":true,"href":"https:\/\/digital58.com.ve\/site\/wp-json\/wp\/v2\/media\/171398"}],"wp:attachment":[{"href":"https:\/\/digital58.com.ve\/site\/wp-json\/wp\/v2\/media?parent=171396"}],"wp:term":[{"taxonomy":"category","embeddable":true,"href":"https:\/\/digital58.com.ve\/site\/wp-json\/wp\/v2\/categories?post=171396"},{"taxonomy":"post_tag","embeddable":true,"href":"https:\/\/digital58.com.ve\/site\/wp-json\/wp\/v2\/tags?post=171396"}],"curies":[{"name":"wp","href":"https:\/\/api.w.org\/{rel}","templated":true}]}}