{"id":171459,"date":"2023-10-16T12:08:20","date_gmt":"2023-10-16T16:08:20","guid":{"rendered":"https:\/\/digital58.com.ve\/site\/?p=171459"},"modified":"2023-10-16T12:08:20","modified_gmt":"2023-10-16T16:08:20","slug":"maracaibo-develaron-los-cuatro-mantos-que-usara-la-chinita-en-las-fiestas-patronales-2023","status":"publish","type":"post","link":"https:\/\/digital58.com.ve\/site\/2023\/10\/16\/maracaibo-develaron-los-cuatro-mantos-que-usara-la-chinita-en-las-fiestas-patronales-2023\/","title":{"rendered":"#Maracaibo | Develaron los cuatro mantos que usar\u00e1 \u00abLa Chinita\u00bb en las fiestas patronales 2023"},"content":{"rendered":"<p><a href=\"https:\/\/digital58.com.ve\/site\/wp-content\/uploads\/2023\/10\/mantos-chinita-3.jpg\"><img loading=\"lazy\" decoding=\"async\" class=\"aligncenter size-full wp-image-171471\" src=\"https:\/\/digital58.com.ve\/site\/wp-content\/uploads\/2023\/10\/mantos-chinita-3.jpg\" alt=\"\" width=\"800\" height=\"533\" srcset=\"https:\/\/digital58.com.ve\/site\/wp-content\/uploads\/2023\/10\/mantos-chinita-3.jpg 800w, https:\/\/digital58.com.ve\/site\/wp-content\/uploads\/2023\/10\/mantos-chinita-3-300x200.jpg 300w, https:\/\/digital58.com.ve\/site\/wp-content\/uploads\/2023\/10\/mantos-chinita-3-768x512.jpg 768w\" sizes=\"auto, (max-width: 800px) 100vw, 800px\" \/><\/a><\/p>\n<p>En la Bas\u00edlica de Nuestra Se\u00f1ora del Rosario de Chiquinquir\u00e1 se reunieron devotos, creyentes y servidores de Mar\u00eda para iniciar la eucarist\u00eda dominical que llen\u00f3 de alegr\u00eda a los presentes.<\/p>\n<p><strong>Maracaibo, Zulia, Venezuela, 16 de octubre de 2023 (ND58).-<\/strong> Con la bendici\u00f3n de Dios y una afluencia de cientos de feligreses zulianos, este domingo 15 de octubre se develaron los cuatro mantos que usar\u00e1 \u00abLa Chinita\u00bb en las fiestas patronales que iniciar\u00e1n con su Bajada.<\/p>\n<p><a href=\"https:\/\/digital58.com.ve\/site\/wp-content\/uploads\/2023\/10\/mantos-chinita-4.jpg\"><img loading=\"lazy\" decoding=\"async\" class=\"aligncenter size-full wp-image-171470\" src=\"https:\/\/digital58.com.ve\/site\/wp-content\/uploads\/2023\/10\/mantos-chinita-4.jpg\" alt=\"\" width=\"800\" height=\"533\" srcset=\"https:\/\/digital58.com.ve\/site\/wp-content\/uploads\/2023\/10\/mantos-chinita-4.jpg 800w, https:\/\/digital58.com.ve\/site\/wp-content\/uploads\/2023\/10\/mantos-chinita-4-300x200.jpg 300w, https:\/\/digital58.com.ve\/site\/wp-content\/uploads\/2023\/10\/mantos-chinita-4-768x512.jpg 768w\" sizes=\"auto, (max-width: 800px) 100vw, 800px\" \/><\/a><\/p>\n<p>Durante la misa, presidida por el p\u00e1rroco de la Bas\u00edlica, el presb\u00edtero Nedward Andrade, se conocieron varias noticias sobre las fiestas patronales de este a\u00f1o. Una de ellas es la gaita ganadora que protagonizar\u00e1 las celebraciones y es \u00abMadre de la juventud\u00bb, compuesta por Jos\u00e9 Rafael Mar\u00edn.<\/p>\n<p>Tambi\u00e9n se conoci\u00f3 que el Arzobispo Metropolitano de M\u00e9rida, monse\u00f1or Helizandro Ter\u00e1n, ser\u00e1 quien oficiar\u00e1 la misa de la Bajada de La Chinita, el s\u00e1bado 28 de octubre.<\/p>\n<p><a href=\"https:\/\/digital58.com.ve\/site\/wp-content\/uploads\/2023\/10\/mantos-chinita-1.jpg\"><img loading=\"lazy\" decoding=\"async\" class=\"aligncenter size-full wp-image-171473\" src=\"https:\/\/digital58.com.ve\/site\/wp-content\/uploads\/2023\/10\/mantos-chinita-1.jpg\" alt=\"\" width=\"800\" height=\"533\" srcset=\"https:\/\/digital58.com.ve\/site\/wp-content\/uploads\/2023\/10\/mantos-chinita-1.jpg 800w, https:\/\/digital58.com.ve\/site\/wp-content\/uploads\/2023\/10\/mantos-chinita-1-300x200.jpg 300w, https:\/\/digital58.com.ve\/site\/wp-content\/uploads\/2023\/10\/mantos-chinita-1-768x512.jpg 768w\" sizes=\"auto, (max-width: 800px) 100vw, 800px\" \/><\/a><\/p>\n<p>Al terminar la eucarist\u00eda, un conteo hasta cinco emocion\u00f3 a los asistentes al bajar el tel\u00f3n que tapaba los mantos, mostrando as\u00ed cuatro t\u00fanicas con los dise\u00f1os m\u00e1s delicados y hermosos para la Virgen de Chiquinquir\u00e1.<br \/>\nManto procesional de la bajada de \u00abLa Chinita\u00bb.<\/p>\n<p><a href=\"https:\/\/digital58.com.ve\/site\/wp-content\/uploads\/2023\/10\/mantos-chinita-10.jpg\"><img loading=\"lazy\" decoding=\"async\" class=\"aligncenter size-full wp-image-171464\" src=\"https:\/\/digital58.com.ve\/site\/wp-content\/uploads\/2023\/10\/mantos-chinita-10.jpg\" alt=\"\" width=\"800\" height=\"533\" srcset=\"https:\/\/digital58.com.ve\/site\/wp-content\/uploads\/2023\/10\/mantos-chinita-10.jpg 800w, https:\/\/digital58.com.ve\/site\/wp-content\/uploads\/2023\/10\/mantos-chinita-10-300x200.jpg 300w, https:\/\/digital58.com.ve\/site\/wp-content\/uploads\/2023\/10\/mantos-chinita-10-768x512.jpg 768w\" sizes=\"auto, (max-width: 800px) 100vw, 800px\" \/><\/a><\/p>\n<p>Su primer manto est\u00e1 inspirado en la llegada de la Virgen de Chiquinquir\u00e1 a las costas del Lago de Maracaibo. El vestuario tiene la imagen de Mar\u00eda en el centro que representa su juventud y belleza que la caracteriza, adem\u00e1s posee una capa verde esmeralda que representa la problem\u00e1tica que vive actualmente el estuario zuliano.<\/p>\n<p>Este manto ser\u00e1 el que utilizar\u00e1 La Chinita durante su bajada para encontrarse con su pueblo y es dise\u00f1ado y confeccionado por Nidal Nouaihed.<\/p>\n<p><a href=\"https:\/\/digital58.com.ve\/site\/wp-content\/uploads\/2023\/10\/mantos-chinita-2.jpg\"><img loading=\"lazy\" decoding=\"async\" class=\"aligncenter size-full wp-image-171472\" src=\"https:\/\/digital58.com.ve\/site\/wp-content\/uploads\/2023\/10\/mantos-chinita-2.jpg\" alt=\"\" width=\"600\" height=\"800\" srcset=\"https:\/\/digital58.com.ve\/site\/wp-content\/uploads\/2023\/10\/mantos-chinita-2.jpg 600w, https:\/\/digital58.com.ve\/site\/wp-content\/uploads\/2023\/10\/mantos-chinita-2-225x300.jpg 225w\" sizes=\"auto, (max-width: 600px) 100vw, 600px\" \/><\/a><\/p>\n<p><strong>Manto procesional que usar\u00e1 La Chinita el 18 de noviembre<\/strong><\/p>\n<p>La elegancia y el brillo son los elementos m\u00e1s destacados y es as\u00ed como la Virgen de Chiquinquir\u00e1 lucir\u00e1 un divino manto confeccionado con tela azul marino y detalles dorados el d\u00eda de su cumplea\u00f1os, el 18 de noviembre.<\/p>\n<p>Este manto se inspir\u00f3 en la advocaci\u00f3n de la Esperanza Macarena de Sevilla y en \u00e9l se observa un dise\u00f1o central por flores y hojas de acantos.<\/p>\n<p><a href=\"https:\/\/digital58.com.ve\/site\/wp-content\/uploads\/2023\/10\/mantos-chinita-12.jpg\"><img loading=\"lazy\" decoding=\"async\" class=\"aligncenter size-full wp-image-171462\" src=\"https:\/\/digital58.com.ve\/site\/wp-content\/uploads\/2023\/10\/mantos-chinita-12.jpg\" alt=\"\" width=\"600\" height=\"800\" srcset=\"https:\/\/digital58.com.ve\/site\/wp-content\/uploads\/2023\/10\/mantos-chinita-12.jpg 600w, https:\/\/digital58.com.ve\/site\/wp-content\/uploads\/2023\/10\/mantos-chinita-12-225x300.jpg 225w\" sizes=\"auto, (max-width: 600px) 100vw, 600px\" \/><\/a><\/p>\n<p>Asimismo, su confecci\u00f3n y dise\u00f1o estuvo a cargo de Mirian Rodr\u00edguez y fue ofrendado por la familia Ram\u00edrez Linares.<\/p>\n<p><strong>Manto procesional homenaje parroquial a La Chinita<\/strong><\/p>\n<p>Dise\u00f1ado y confeccionado por Luis David Acosta, este manto lleva por nombre \u00abRegina Sanectorum Omnium\u00bb y representa a la Virgen Mar\u00eda como \u00abla Santa entre todos los Santos de Dios\u00bb, tal y como reza su escrito explicativo.<\/p>\n<p>Con un delicado color celeste y destellos de cristales alrededor, el manto caracteriza la pureza y nobleza de Mar\u00eda y el reino de los cielos.<\/p>\n<p><a href=\"https:\/\/digital58.com.ve\/site\/wp-content\/uploads\/2023\/10\/mantos-chinita-13.jpg\"><img loading=\"lazy\" decoding=\"async\" class=\"aligncenter size-full wp-image-171461\" src=\"https:\/\/digital58.com.ve\/site\/wp-content\/uploads\/2023\/10\/mantos-chinita-13.jpg\" alt=\"\" width=\"600\" height=\"800\" srcset=\"https:\/\/digital58.com.ve\/site\/wp-content\/uploads\/2023\/10\/mantos-chinita-13.jpg 600w, https:\/\/digital58.com.ve\/site\/wp-content\/uploads\/2023\/10\/mantos-chinita-13-225x300.jpg 225w\" sizes=\"auto, (max-width: 600px) 100vw, 600px\" \/><\/a><\/p>\n<p><strong>Manto procesional que vestir\u00e1 a La Chinita en la Aurora<\/strong><\/p>\n<p>Vestida de color rosado en representaci\u00f3n a la alegr\u00eda que sentimos todos al ser hijos de Dios, \u00abLa Chinita\u00bb lucir\u00e1 su cuarto manto durante la misa de la Aurora que finalizar\u00e1 estos 40 d\u00edas de fiestas patronales.<\/p>\n<p>El dise\u00f1o y confecci\u00f3n es de Rafael Tapia y se inspir\u00f3 en el coraz\u00f3n inmaculado de Mar\u00eda para realizar esta hermosa obra.<\/p>\n<p><a href=\"https:\/\/digital58.com.ve\/site\/wp-content\/uploads\/2023\/10\/mantos-chinita-14.jpg\"><img loading=\"lazy\" decoding=\"async\" class=\"aligncenter size-full wp-image-171460\" src=\"https:\/\/digital58.com.ve\/site\/wp-content\/uploads\/2023\/10\/mantos-chinita-14.jpg\" alt=\"\" width=\"600\" height=\"800\" srcset=\"https:\/\/digital58.com.ve\/site\/wp-content\/uploads\/2023\/10\/mantos-chinita-14.jpg 600w, https:\/\/digital58.com.ve\/site\/wp-content\/uploads\/2023\/10\/mantos-chinita-14-225x300.jpg 225w\" sizes=\"auto, (max-width: 600px) 100vw, 600px\" \/><\/a><\/p>\n<p>Por otro lado, tambi\u00e9n se devel\u00f3 el manto que usar\u00e1 \u00abLa Reina Morena\u00bb en la procesi\u00f3n lacustre, donde vestir\u00e1 una delicada pieza color dorada para visitar sus amados pueblos de agua.<\/p>\n<p>Adem\u00e1s, se mostraron dos mantos de camer\u00edn, uno de color celeste y otro rojo.<\/p>\n<p><a href=\"https:\/\/digital58.com.ve\/site\/wp-content\/uploads\/2023\/10\/mantos-chinita-5.jpg\"><img loading=\"lazy\" decoding=\"async\" class=\"aligncenter size-full wp-image-171469\" src=\"https:\/\/digital58.com.ve\/site\/wp-content\/uploads\/2023\/10\/mantos-chinita-5.jpg\" alt=\"\" width=\"800\" height=\"533\" srcset=\"https:\/\/digital58.com.ve\/site\/wp-content\/uploads\/2023\/10\/mantos-chinita-5.jpg 800w, https:\/\/digital58.com.ve\/site\/wp-content\/uploads\/2023\/10\/mantos-chinita-5-300x200.jpg 300w, https:\/\/digital58.com.ve\/site\/wp-content\/uploads\/2023\/10\/mantos-chinita-5-768x512.jpg 768w\" sizes=\"auto, (max-width: 800px) 100vw, 800px\" \/><\/a><\/p>\n<p>Tambi\u00e9n se devel\u00f3 un nuevo palio que estrenar\u00e1 la Virgen de Chiquinquir\u00e1 en sus fiestas patronales. Este toldo fue dise\u00f1ado por Nidal Nouaihed y ofrendado por la Guardia Nacional de Venezuela, ya que La Chinita es patrona de ese organismo.<\/p>\n<p><a href=\"https:\/\/digital58.com.ve\/site\/wp-content\/uploads\/2023\/10\/mantos-chinita-6.jpg\"><img loading=\"lazy\" decoding=\"async\" class=\"aligncenter size-full wp-image-171468\" src=\"https:\/\/digital58.com.ve\/site\/wp-content\/uploads\/2023\/10\/mantos-chinita-6.jpg\" alt=\"\" width=\"800\" height=\"533\" srcset=\"https:\/\/digital58.com.ve\/site\/wp-content\/uploads\/2023\/10\/mantos-chinita-6.jpg 800w, https:\/\/digital58.com.ve\/site\/wp-content\/uploads\/2023\/10\/mantos-chinita-6-300x200.jpg 300w, https:\/\/digital58.com.ve\/site\/wp-content\/uploads\/2023\/10\/mantos-chinita-6-768x512.jpg 768w\" sizes=\"auto, (max-width: 800px) 100vw, 800px\" \/><\/a><\/p>\n<p><a href=\"https:\/\/digital58.com.ve\/site\/wp-content\/uploads\/2023\/10\/mantos-chinita-7.jpg\"><img loading=\"lazy\" decoding=\"async\" class=\"aligncenter size-full wp-image-171467\" src=\"https:\/\/digital58.com.ve\/site\/wp-content\/uploads\/2023\/10\/mantos-chinita-7.jpg\" alt=\"\" width=\"800\" height=\"533\" srcset=\"https:\/\/digital58.com.ve\/site\/wp-content\/uploads\/2023\/10\/mantos-chinita-7.jpg 800w, https:\/\/digital58.com.ve\/site\/wp-content\/uploads\/2023\/10\/mantos-chinita-7-300x200.jpg 300w, https:\/\/digital58.com.ve\/site\/wp-content\/uploads\/2023\/10\/mantos-chinita-7-768x512.jpg 768w\" sizes=\"auto, (max-width: 800px) 100vw, 800px\" \/><\/a><\/p>\n<p><a href=\"https:\/\/digital58.com.ve\/site\/wp-content\/uploads\/2023\/10\/mantos-chinita-9.jpg\"><img loading=\"lazy\" decoding=\"async\" class=\"aligncenter size-full wp-image-171465\" src=\"https:\/\/digital58.com.ve\/site\/wp-content\/uploads\/2023\/10\/mantos-chinita-9.jpg\" alt=\"\" width=\"800\" height=\"533\" srcset=\"https:\/\/digital58.com.ve\/site\/wp-content\/uploads\/2023\/10\/mantos-chinita-9.jpg 800w, https:\/\/digital58.com.ve\/site\/wp-content\/uploads\/2023\/10\/mantos-chinita-9-300x200.jpg 300w, https:\/\/digital58.com.ve\/site\/wp-content\/uploads\/2023\/10\/mantos-chinita-9-768x512.jpg 768w\" sizes=\"auto, (max-width: 800px) 100vw, 800px\" \/><\/a><\/p>\n<p><a href=\"https:\/\/digital58.com.ve\/site\/wp-content\/uploads\/2023\/10\/mantos-chinita-8.jpg\"><img loading=\"lazy\" decoding=\"async\" class=\"aligncenter size-full wp-image-171466\" src=\"https:\/\/digital58.com.ve\/site\/wp-content\/uploads\/2023\/10\/mantos-chinita-8.jpg\" alt=\"\" width=\"800\" height=\"533\" srcset=\"https:\/\/digital58.com.ve\/site\/wp-content\/uploads\/2023\/10\/mantos-chinita-8.jpg 800w, https:\/\/digital58.com.ve\/site\/wp-content\/uploads\/2023\/10\/mantos-chinita-8-300x200.jpg 300w, https:\/\/digital58.com.ve\/site\/wp-content\/uploads\/2023\/10\/mantos-chinita-8-768x512.jpg 768w\" sizes=\"auto, (max-width: 800px) 100vw, 800px\" \/><\/a><\/p>\n<p><a href=\"https:\/\/digital58.com.ve\/site\/wp-content\/uploads\/2023\/10\/mantos-chinita-11.jpg\"><img loading=\"lazy\" decoding=\"async\" class=\"aligncenter size-full wp-image-171463\" src=\"https:\/\/digital58.com.ve\/site\/wp-content\/uploads\/2023\/10\/mantos-chinita-11.jpg\" alt=\"\" width=\"800\" height=\"533\" srcset=\"https:\/\/digital58.com.ve\/site\/wp-content\/uploads\/2023\/10\/mantos-chinita-11.jpg 800w, https:\/\/digital58.com.ve\/site\/wp-content\/uploads\/2023\/10\/mantos-chinita-11-300x200.jpg 300w, https:\/\/digital58.com.ve\/site\/wp-content\/uploads\/2023\/10\/mantos-chinita-11-768x512.jpg 768w\" sizes=\"auto, (max-width: 800px) 100vw, 800px\" \/><\/a><\/p>\n<p><strong>Redacci\u00f3n ND58 | Fuente: Darianna Moreno Cale \/ ElVigilanteWeb<\/strong><br \/>\n<strong>Edici\u00f3n: Villasmil, Henry<\/strong><br \/>\n<strong>Gr\u00e1ficas: <a href=\"https:\/\/www.instagram.com\/basilicachinita\/?img_index=1\" target=\"_blank\" rel=\"noopener\">@basilicachinita<\/a> \/ <a href=\"https:\/\/elvigilanteweb.com\/mantos-de-la-chinita-fiestas-patronales-2023\/\" target=\"_blank\" rel=\"noopener\">ElVigilanteWeb<\/a><\/strong><\/p>\n<p>&nbsp;<\/p><div class=\"zduwe69f1ed130b4d4\" ><p style=\"text-align: center;\"><a href=\"https:\/\/t.me\/noticiasdigital58\" target=\"_blank\" rel=\"noopener\"><img class=\"aligncenter size-full wp-image-125363\" src=\"https:\/\/digital58.com.ve\/site\/wp-content\/uploads\/2021\/04\/banner-telegram-web-2021.png\" alt=\"\" width=\"600\" height=\"90\" \/><\/a><\/p><\/div><style type=\"text\/css\">\r\n@media screen and (min-width: 1201px) {\r\n.zduwe69f1ed130b4d4 {\r\ndisplay: block;\r\n}\r\n}\r\n@media screen and (min-width: 993px) and (max-width: 1200px) {\r\n.zduwe69f1ed130b4d4 {\r\ndisplay: block;\r\n}\r\n}\r\n@media screen and (min-width: 769px) and (max-width: 992px) {\r\n.zduwe69f1ed130b4d4 {\r\ndisplay: block;\r\n}\r\n}\r\n@media screen and (min-width: 768px) and (max-width: 768px) {\r\n.zduwe69f1ed130b4d4 {\r\ndisplay: block;\r\n}\r\n}\r\n@media screen and (max-width: 767px) {\r\n.zduwe69f1ed130b4d4 {\r\ndisplay: block;\r\n}\r\n}\r\n<\/style>\r\n\n<p>&nbsp;<\/p>\n<div style=\"margin-top: 0px; margin-bottom: 0px;\" class=\"sharethis-inline-share-buttons\" ><\/div>","protected":false},"excerpt":{"rendered":"<p>En la Bas\u00edlica de Nuestra Se\u00f1ora del Rosario de Chiquinquir\u00e1 se reunieron devotos, creyentes y servidores de Mar\u00eda para iniciar<\/p>\n","protected":false},"author":1,"featured_media":171471,"comment_status":"open","ping_status":"closed","sticky":false,"template":"","format":"standard","meta":{"colormag_page_container_layout":"default_layout","colormag_page_sidebar_layout":"default_layout","_uag_custom_page_level_css":"","footnotes":""},"categories":[14504],"tags":[19266,32625,1692,22399,73,233,14730,2354,32],"class_list":["post-171459","post","type-post","status-publish","format-standard","has-post-thumbnail","hentry","category-zulia","tag-basilica-de-nuestra-senora-del-rosario-de-chiquinquira","tag-fiestas-patronales-de-nuestra-senora-del-chiquinquira-2023","tag-iglesia-catolica","tag-mantos-de-la-chinita","tag-maracaibo","tag-nacionales","tag-nedward-andrade","tag-regionales","tag-venezuela"],"yoast_head":"<!-- This site is optimized with the Yoast SEO plugin v27.5 - https:\/\/yoast.com\/product\/yoast-seo-wordpress\/ -->\n<title>#Maracaibo | Develaron los cuatro mantos que usar\u00e1 \u00abLa Chinita\u00bb en las fiestas patronales 2023<\/title>\n<meta name=\"robots\" content=\"index, follow, max-snippet:-1, max-image-preview:large, max-video-preview:-1\" \/>\n<link rel=\"canonical\" href=\"https:\/\/digital58.com.ve\/site\/2023\/10\/16\/maracaibo-develaron-los-cuatro-mantos-que-usara-la-chinita-en-las-fiestas-patronales-2023\/\" \/>\n<meta property=\"og:locale\" content=\"es_ES\" \/>\n<meta property=\"og:type\" content=\"article\" \/>\n<meta property=\"og:title\" content=\"#Maracaibo | Develaron los cuatro mantos que usar\u00e1 \u00abLa Chinita\u00bb en las fiestas patronales 2023\" \/>\n<meta property=\"og:url\" content=\"https:\/\/digital58.com.ve\/site\/2023\/10\/16\/maracaibo-develaron-los-cuatro-mantos-que-usara-la-chinita-en-las-fiestas-patronales-2023\/\" \/>\n<meta property=\"og:site_name\" content=\"Noticias Digital58\" \/>\n<meta property=\"article:published_time\" content=\"2023-10-16T16:08:20+00:00\" \/>\n<meta property=\"og:image\" content=\"https:\/\/i0.wp.com\/digital58.com.ve\/site\/wp-content\/uploads\/2023\/10\/mantos-chinita-3.jpg?fit=800%2C533&ssl=1\" \/>\n\t<meta property=\"og:image:width\" content=\"800\" \/>\n\t<meta property=\"og:image:height\" content=\"533\" \/>\n\t<meta property=\"og:image:type\" content=\"image\/jpeg\" \/>\n<meta name=\"author\" content=\"Villasmil Henry\" \/>\n<meta name=\"twitter:card\" content=\"summary_large_image\" \/>\n<meta name=\"twitter:creator\" content=\"@https:\/\/twitter.com\/villasmilhfoto\" \/>\n<meta name=\"twitter:site\" content=\"@villasmilhfoto\" \/>\n<meta name=\"twitter:label1\" content=\"Escrito por\" \/>\n\t<meta name=\"twitter:data1\" content=\"Villasmil Henry\" \/>\n\t<meta name=\"twitter:label2\" content=\"Tiempo estimado de lectura\" \/>\n\t<meta name=\"twitter:data2\" content=\"3 minutos\" \/>\n<script type=\"application\/ld+json\" class=\"yoast-schema-graph\">{\"@context\":\"https:\\\/\\\/schema.org\",\"@graph\":[{\"@type\":\"Article\",\"@id\":\"https:\\\/\\\/digital58.com.ve\\\/site\\\/2023\\\/10\\\/16\\\/maracaibo-develaron-los-cuatro-mantos-que-usara-la-chinita-en-las-fiestas-patronales-2023\\\/#article\",\"isPartOf\":{\"@id\":\"https:\\\/\\\/digital58.com.ve\\\/site\\\/2023\\\/10\\\/16\\\/maracaibo-develaron-los-cuatro-mantos-que-usara-la-chinita-en-las-fiestas-patronales-2023\\\/\"},\"author\":{\"name\":\"Villasmil Henry\",\"@id\":\"https:\\\/\\\/digital58.com.ve\\\/site\\\/#\\\/schema\\\/person\\\/64d1c2e4d0d4fd1b849980c4331c2951\"},\"headline\":\"#Maracaibo | Develaron los cuatro mantos que usar\u00e1 \u00abLa Chinita\u00bb en las fiestas patronales 2023\",\"datePublished\":\"2023-10-16T16:08:20+00:00\",\"mainEntityOfPage\":{\"@id\":\"https:\\\/\\\/digital58.com.ve\\\/site\\\/2023\\\/10\\\/16\\\/maracaibo-develaron-los-cuatro-mantos-que-usara-la-chinita-en-las-fiestas-patronales-2023\\\/\"},\"wordCount\":667,\"commentCount\":0,\"publisher\":{\"@id\":\"https:\\\/\\\/digital58.com.ve\\\/site\\\/#\\\/schema\\\/person\\\/64d1c2e4d0d4fd1b849980c4331c2951\"},\"image\":{\"@id\":\"https:\\\/\\\/digital58.com.ve\\\/site\\\/2023\\\/10\\\/16\\\/maracaibo-develaron-los-cuatro-mantos-que-usara-la-chinita-en-las-fiestas-patronales-2023\\\/#primaryimage\"},\"thumbnailUrl\":\"https:\\\/\\\/digital58.com.ve\\\/site\\\/wp-content\\\/uploads\\\/2023\\\/10\\\/mantos-chinita-3.jpg\",\"keywords\":[\"Bas\u00edlica de Nuestra Se\u00f1ora del Rosario de Chiquinquir\u00e1\",\"Fiestas Patronales de Nuestra Se\u00f1ora del Chiquinquir\u00e1 2023\",\"Iglesia Cat\u00f3lica\",\"Mantos de la Chinita\",\"Maracaibo\",\"Nacionales\",\"Nedward Andrade\",\"Regionales\",\"Venezuela\"],\"articleSection\":[\"Zulia\"],\"inLanguage\":\"es\",\"potentialAction\":[{\"@type\":\"CommentAction\",\"name\":\"Comment\",\"target\":[\"https:\\\/\\\/digital58.com.ve\\\/site\\\/2023\\\/10\\\/16\\\/maracaibo-develaron-los-cuatro-mantos-que-usara-la-chinita-en-las-fiestas-patronales-2023\\\/#respond\"]}]},{\"@type\":\"WebPage\",\"@id\":\"https:\\\/\\\/digital58.com.ve\\\/site\\\/2023\\\/10\\\/16\\\/maracaibo-develaron-los-cuatro-mantos-que-usara-la-chinita-en-las-fiestas-patronales-2023\\\/\",\"url\":\"https:\\\/\\\/digital58.com.ve\\\/site\\\/2023\\\/10\\\/16\\\/maracaibo-develaron-los-cuatro-mantos-que-usara-la-chinita-en-las-fiestas-patronales-2023\\\/\",\"name\":\"#Maracaibo | Develaron los cuatro mantos que usar\u00e1 \u00abLa Chinita\u00bb en las fiestas patronales 2023\",\"isPartOf\":{\"@id\":\"https:\\\/\\\/digital58.com.ve\\\/site\\\/#website\"},\"primaryImageOfPage\":{\"@id\":\"https:\\\/\\\/digital58.com.ve\\\/site\\\/2023\\\/10\\\/16\\\/maracaibo-develaron-los-cuatro-mantos-que-usara-la-chinita-en-las-fiestas-patronales-2023\\\/#primaryimage\"},\"image\":{\"@id\":\"https:\\\/\\\/digital58.com.ve\\\/site\\\/2023\\\/10\\\/16\\\/maracaibo-develaron-los-cuatro-mantos-que-usara-la-chinita-en-las-fiestas-patronales-2023\\\/#primaryimage\"},\"thumbnailUrl\":\"https:\\\/\\\/digital58.com.ve\\\/site\\\/wp-content\\\/uploads\\\/2023\\\/10\\\/mantos-chinita-3.jpg\",\"datePublished\":\"2023-10-16T16:08:20+00:00\",\"breadcrumb\":{\"@id\":\"https:\\\/\\\/digital58.com.ve\\\/site\\\/2023\\\/10\\\/16\\\/maracaibo-develaron-los-cuatro-mantos-que-usara-la-chinita-en-las-fiestas-patronales-2023\\\/#breadcrumb\"},\"inLanguage\":\"es\",\"potentialAction\":[{\"@type\":\"ReadAction\",\"target\":[\"https:\\\/\\\/digital58.com.ve\\\/site\\\/2023\\\/10\\\/16\\\/maracaibo-develaron-los-cuatro-mantos-que-usara-la-chinita-en-las-fiestas-patronales-2023\\\/\"]}]},{\"@type\":\"ImageObject\",\"inLanguage\":\"es\",\"@id\":\"https:\\\/\\\/digital58.com.ve\\\/site\\\/2023\\\/10\\\/16\\\/maracaibo-develaron-los-cuatro-mantos-que-usara-la-chinita-en-las-fiestas-patronales-2023\\\/#primaryimage\",\"url\":\"https:\\\/\\\/digital58.com.ve\\\/site\\\/wp-content\\\/uploads\\\/2023\\\/10\\\/mantos-chinita-3.jpg\",\"contentUrl\":\"https:\\\/\\\/digital58.com.ve\\\/site\\\/wp-content\\\/uploads\\\/2023\\\/10\\\/mantos-chinita-3.jpg\",\"width\":800,\"height\":533},{\"@type\":\"BreadcrumbList\",\"@id\":\"https:\\\/\\\/digital58.com.ve\\\/site\\\/2023\\\/10\\\/16\\\/maracaibo-develaron-los-cuatro-mantos-que-usara-la-chinita-en-las-fiestas-patronales-2023\\\/#breadcrumb\",\"itemListElement\":[{\"@type\":\"ListItem\",\"position\":1,\"name\":\"Home\",\"item\":\"https:\\\/\\\/digital58.com.ve\\\/site\\\/\"},{\"@type\":\"ListItem\",\"position\":2,\"name\":\"#Maracaibo | Develaron los cuatro mantos que usar\u00e1 \u00abLa Chinita\u00bb en las fiestas patronales 2023\"}]},{\"@type\":\"WebSite\",\"@id\":\"https:\\\/\\\/digital58.com.ve\\\/site\\\/#website\",\"url\":\"https:\\\/\\\/digital58.com.ve\\\/site\\\/\",\"name\":\"Noticias Digital58\",\"description\":\"Portal de Noticias \u00a1Periodismo web de verdad! Lanzamiento web 22.11.2005 \\\/ Maracaibo, Venezuela\",\"publisher\":{\"@id\":\"https:\\\/\\\/digital58.com.ve\\\/site\\\/#\\\/schema\\\/person\\\/64d1c2e4d0d4fd1b849980c4331c2951\"},\"alternateName\":\"ND58\",\"potentialAction\":[{\"@type\":\"SearchAction\",\"target\":{\"@type\":\"EntryPoint\",\"urlTemplate\":\"https:\\\/\\\/digital58.com.ve\\\/site\\\/?s={search_term_string}\"},\"query-input\":{\"@type\":\"PropertyValueSpecification\",\"valueRequired\":true,\"valueName\":\"search_term_string\"}}],\"inLanguage\":\"es\"},{\"@type\":[\"Person\",\"Organization\"],\"@id\":\"https:\\\/\\\/digital58.com.ve\\\/site\\\/#\\\/schema\\\/person\\\/64d1c2e4d0d4fd1b849980c4331c2951\",\"name\":\"Villasmil Henry\",\"image\":{\"@type\":\"ImageObject\",\"inLanguage\":\"es\",\"@id\":\"https:\\\/\\\/secure.gravatar.com\\\/avatar\\\/bb0c4a2fcb7970138239f7e404ea75757b1b507b28b5ce4c53fbd62d797c5a7c?s=96&d=mm&r=g\",\"url\":\"https:\\\/\\\/secure.gravatar.com\\\/avatar\\\/bb0c4a2fcb7970138239f7e404ea75757b1b507b28b5ce4c53fbd62d797c5a7c?s=96&d=mm&r=g\",\"contentUrl\":\"https:\\\/\\\/secure.gravatar.com\\\/avatar\\\/bb0c4a2fcb7970138239f7e404ea75757b1b507b28b5ce4c53fbd62d797c5a7c?s=96&d=mm&r=g\",\"caption\":\"Villasmil Henry\"},\"logo\":{\"@id\":\"https:\\\/\\\/secure.gravatar.com\\\/avatar\\\/bb0c4a2fcb7970138239f7e404ea75757b1b507b28b5ce4c53fbd62d797c5a7c?s=96&d=mm&r=g\"},\"sameAs\":[\"http:\\\/\\\/www.henryvillasmil.com.ve\",\"https:\\\/\\\/www.instagram.com\\\/villasmilhfoto\\\/\",\"https:\\\/\\\/x.com\\\/https:\\\/\\\/twitter.com\\\/villasmilhfoto\"],\"url\":\"https:\\\/\\\/digital58.com.ve\\\/site\\\/author\\\/droopy_68\\\/\"}]}<\/script>\n<!-- \/ Yoast SEO plugin. -->","yoast_head_json":{"title":"#Maracaibo | Develaron los cuatro mantos que usar\u00e1 \u00abLa Chinita\u00bb en las fiestas patronales 2023","robots":{"index":"index","follow":"follow","max-snippet":"max-snippet:-1","max-image-preview":"max-image-preview:large","max-video-preview":"max-video-preview:-1"},"canonical":"https:\/\/digital58.com.ve\/site\/2023\/10\/16\/maracaibo-develaron-los-cuatro-mantos-que-usara-la-chinita-en-las-fiestas-patronales-2023\/","og_locale":"es_ES","og_type":"article","og_title":"#Maracaibo | Develaron los cuatro mantos que usar\u00e1 \u00abLa Chinita\u00bb en las fiestas patronales 2023","og_url":"https:\/\/digital58.com.ve\/site\/2023\/10\/16\/maracaibo-develaron-los-cuatro-mantos-que-usara-la-chinita-en-las-fiestas-patronales-2023\/","og_site_name":"Noticias Digital58","article_published_time":"2023-10-16T16:08:20+00:00","og_image":[{"width":800,"height":533,"url":"https:\/\/i0.wp.com\/digital58.com.ve\/site\/wp-content\/uploads\/2023\/10\/mantos-chinita-3.jpg?fit=800%2C533&ssl=1","type":"image\/jpeg"}],"author":"Villasmil Henry","twitter_card":"summary_large_image","twitter_creator":"@https:\/\/twitter.com\/villasmilhfoto","twitter_site":"@villasmilhfoto","twitter_misc":{"Escrito por":"Villasmil Henry","Tiempo estimado de lectura":"3 minutos"},"schema":{"@context":"https:\/\/schema.org","@graph":[{"@type":"Article","@id":"https:\/\/digital58.com.ve\/site\/2023\/10\/16\/maracaibo-develaron-los-cuatro-mantos-que-usara-la-chinita-en-las-fiestas-patronales-2023\/#article","isPartOf":{"@id":"https:\/\/digital58.com.ve\/site\/2023\/10\/16\/maracaibo-develaron-los-cuatro-mantos-que-usara-la-chinita-en-las-fiestas-patronales-2023\/"},"author":{"name":"Villasmil Henry","@id":"https:\/\/digital58.com.ve\/site\/#\/schema\/person\/64d1c2e4d0d4fd1b849980c4331c2951"},"headline":"#Maracaibo | Develaron los cuatro mantos que usar\u00e1 \u00abLa Chinita\u00bb en las fiestas patronales 2023","datePublished":"2023-10-16T16:08:20+00:00","mainEntityOfPage":{"@id":"https:\/\/digital58.com.ve\/site\/2023\/10\/16\/maracaibo-develaron-los-cuatro-mantos-que-usara-la-chinita-en-las-fiestas-patronales-2023\/"},"wordCount":667,"commentCount":0,"publisher":{"@id":"https:\/\/digital58.com.ve\/site\/#\/schema\/person\/64d1c2e4d0d4fd1b849980c4331c2951"},"image":{"@id":"https:\/\/digital58.com.ve\/site\/2023\/10\/16\/maracaibo-develaron-los-cuatro-mantos-que-usara-la-chinita-en-las-fiestas-patronales-2023\/#primaryimage"},"thumbnailUrl":"https:\/\/digital58.com.ve\/site\/wp-content\/uploads\/2023\/10\/mantos-chinita-3.jpg","keywords":["Bas\u00edlica de Nuestra Se\u00f1ora del Rosario de Chiquinquir\u00e1","Fiestas Patronales de Nuestra Se\u00f1ora del Chiquinquir\u00e1 2023","Iglesia Cat\u00f3lica","Mantos de la Chinita","Maracaibo","Nacionales","Nedward Andrade","Regionales","Venezuela"],"articleSection":["Zulia"],"inLanguage":"es","potentialAction":[{"@type":"CommentAction","name":"Comment","target":["https:\/\/digital58.com.ve\/site\/2023\/10\/16\/maracaibo-develaron-los-cuatro-mantos-que-usara-la-chinita-en-las-fiestas-patronales-2023\/#respond"]}]},{"@type":"WebPage","@id":"https:\/\/digital58.com.ve\/site\/2023\/10\/16\/maracaibo-develaron-los-cuatro-mantos-que-usara-la-chinita-en-las-fiestas-patronales-2023\/","url":"https:\/\/digital58.com.ve\/site\/2023\/10\/16\/maracaibo-develaron-los-cuatro-mantos-que-usara-la-chinita-en-las-fiestas-patronales-2023\/","name":"#Maracaibo | Develaron los cuatro mantos que usar\u00e1 \u00abLa Chinita\u00bb en las fiestas patronales 2023","isPartOf":{"@id":"https:\/\/digital58.com.ve\/site\/#website"},"primaryImageOfPage":{"@id":"https:\/\/digital58.com.ve\/site\/2023\/10\/16\/maracaibo-develaron-los-cuatro-mantos-que-usara-la-chinita-en-las-fiestas-patronales-2023\/#primaryimage"},"image":{"@id":"https:\/\/digital58.com.ve\/site\/2023\/10\/16\/maracaibo-develaron-los-cuatro-mantos-que-usara-la-chinita-en-las-fiestas-patronales-2023\/#primaryimage"},"thumbnailUrl":"https:\/\/digital58.com.ve\/site\/wp-content\/uploads\/2023\/10\/mantos-chinita-3.jpg","datePublished":"2023-10-16T16:08:20+00:00","breadcrumb":{"@id":"https:\/\/digital58.com.ve\/site\/2023\/10\/16\/maracaibo-develaron-los-cuatro-mantos-que-usara-la-chinita-en-las-fiestas-patronales-2023\/#breadcrumb"},"inLanguage":"es","potentialAction":[{"@type":"ReadAction","target":["https:\/\/digital58.com.ve\/site\/2023\/10\/16\/maracaibo-develaron-los-cuatro-mantos-que-usara-la-chinita-en-las-fiestas-patronales-2023\/"]}]},{"@type":"ImageObject","inLanguage":"es","@id":"https:\/\/digital58.com.ve\/site\/2023\/10\/16\/maracaibo-develaron-los-cuatro-mantos-que-usara-la-chinita-en-las-fiestas-patronales-2023\/#primaryimage","url":"https:\/\/digital58.com.ve\/site\/wp-content\/uploads\/2023\/10\/mantos-chinita-3.jpg","contentUrl":"https:\/\/digital58.com.ve\/site\/wp-content\/uploads\/2023\/10\/mantos-chinita-3.jpg","width":800,"height":533},{"@type":"BreadcrumbList","@id":"https:\/\/digital58.com.ve\/site\/2023\/10\/16\/maracaibo-develaron-los-cuatro-mantos-que-usara-la-chinita-en-las-fiestas-patronales-2023\/#breadcrumb","itemListElement":[{"@type":"ListItem","position":1,"name":"Home","item":"https:\/\/digital58.com.ve\/site\/"},{"@type":"ListItem","position":2,"name":"#Maracaibo | Develaron los cuatro mantos que usar\u00e1 \u00abLa Chinita\u00bb en las fiestas patronales 2023"}]},{"@type":"WebSite","@id":"https:\/\/digital58.com.ve\/site\/#website","url":"https:\/\/digital58.com.ve\/site\/","name":"Noticias Digital58","description":"Portal de Noticias \u00a1Periodismo web de verdad! Lanzamiento web 22.11.2005 \/ Maracaibo, Venezuela","publisher":{"@id":"https:\/\/digital58.com.ve\/site\/#\/schema\/person\/64d1c2e4d0d4fd1b849980c4331c2951"},"alternateName":"ND58","potentialAction":[{"@type":"SearchAction","target":{"@type":"EntryPoint","urlTemplate":"https:\/\/digital58.com.ve\/site\/?s={search_term_string}"},"query-input":{"@type":"PropertyValueSpecification","valueRequired":true,"valueName":"search_term_string"}}],"inLanguage":"es"},{"@type":["Person","Organization"],"@id":"https:\/\/digital58.com.ve\/site\/#\/schema\/person\/64d1c2e4d0d4fd1b849980c4331c2951","name":"Villasmil Henry","image":{"@type":"ImageObject","inLanguage":"es","@id":"https:\/\/secure.gravatar.com\/avatar\/bb0c4a2fcb7970138239f7e404ea75757b1b507b28b5ce4c53fbd62d797c5a7c?s=96&d=mm&r=g","url":"https:\/\/secure.gravatar.com\/avatar\/bb0c4a2fcb7970138239f7e404ea75757b1b507b28b5ce4c53fbd62d797c5a7c?s=96&d=mm&r=g","contentUrl":"https:\/\/secure.gravatar.com\/avatar\/bb0c4a2fcb7970138239f7e404ea75757b1b507b28b5ce4c53fbd62d797c5a7c?s=96&d=mm&r=g","caption":"Villasmil Henry"},"logo":{"@id":"https:\/\/secure.gravatar.com\/avatar\/bb0c4a2fcb7970138239f7e404ea75757b1b507b28b5ce4c53fbd62d797c5a7c?s=96&d=mm&r=g"},"sameAs":["http:\/\/www.henryvillasmil.com.ve","https:\/\/www.instagram.com\/villasmilhfoto\/","https:\/\/x.com\/https:\/\/twitter.com\/villasmilhfoto"],"url":"https:\/\/digital58.com.ve\/site\/author\/droopy_68\/"}]}},"uagb_featured_image_src":{"full":["https:\/\/digital58.com.ve\/site\/wp-content\/uploads\/2023\/10\/mantos-chinita-3.jpg",800,533,false],"thumbnail":["https:\/\/digital58.com.ve\/site\/wp-content\/uploads\/2023\/10\/mantos-chinita-3-150x150.jpg",150,150,true],"medium":["https:\/\/digital58.com.ve\/site\/wp-content\/uploads\/2023\/10\/mantos-chinita-3-300x200.jpg",300,200,true],"medium_large":["https:\/\/digital58.com.ve\/site\/wp-content\/uploads\/2023\/10\/mantos-chinita-3-768x512.jpg",768,512,true],"large":["https:\/\/digital58.com.ve\/site\/wp-content\/uploads\/2023\/10\/mantos-chinita-3.jpg",800,533,false],"1536x1536":["https:\/\/digital58.com.ve\/site\/wp-content\/uploads\/2023\/10\/mantos-chinita-3.jpg",800,533,false],"2048x2048":["https:\/\/digital58.com.ve\/site\/wp-content\/uploads\/2023\/10\/mantos-chinita-3.jpg",800,533,false],"colormag-highlighted-post":["https:\/\/digital58.com.ve\/site\/wp-content\/uploads\/2023\/10\/mantos-chinita-3-392x272.jpg",392,272,true],"colormag-featured-post-medium":["https:\/\/digital58.com.ve\/site\/wp-content\/uploads\/2023\/10\/mantos-chinita-3-390x205.jpg",390,205,true],"colormag-featured-post-small":["https:\/\/digital58.com.ve\/site\/wp-content\/uploads\/2023\/10\/mantos-chinita-3-130x90.jpg",130,90,true],"colormag-featured-image":["https:\/\/digital58.com.ve\/site\/wp-content\/uploads\/2023\/10\/mantos-chinita-3-800x445.jpg",800,445,true],"colormag-default-news":["https:\/\/digital58.com.ve\/site\/wp-content\/uploads\/2023\/10\/mantos-chinita-3-150x150.jpg",150,150,true],"colormag-featured-image-large":["https:\/\/digital58.com.ve\/site\/wp-content\/uploads\/2023\/10\/mantos-chinita-3.jpg",800,533,false]},"uagb_author_info":{"display_name":"Villasmil Henry","author_link":"https:\/\/digital58.com.ve\/site\/author\/droopy_68\/"},"uagb_comment_info":0,"uagb_excerpt":"En la Bas\u00edlica de Nuestra Se\u00f1ora del Rosario de Chiquinquir\u00e1 se reunieron devotos, creyentes y servidores de Mar\u00eda para iniciar","_links":{"self":[{"href":"https:\/\/digital58.com.ve\/site\/wp-json\/wp\/v2\/posts\/171459","targetHints":{"allow":["GET"]}}],"collection":[{"href":"https:\/\/digital58.com.ve\/site\/wp-json\/wp\/v2\/posts"}],"about":[{"href":"https:\/\/digital58.com.ve\/site\/wp-json\/wp\/v2\/types\/post"}],"author":[{"embeddable":true,"href":"https:\/\/digital58.com.ve\/site\/wp-json\/wp\/v2\/users\/1"}],"replies":[{"embeddable":true,"href":"https:\/\/digital58.com.ve\/site\/wp-json\/wp\/v2\/comments?post=171459"}],"version-history":[{"count":1,"href":"https:\/\/digital58.com.ve\/site\/wp-json\/wp\/v2\/posts\/171459\/revisions"}],"predecessor-version":[{"id":171474,"href":"https:\/\/digital58.com.ve\/site\/wp-json\/wp\/v2\/posts\/171459\/revisions\/171474"}],"wp:featuredmedia":[{"embeddable":true,"href":"https:\/\/digital58.com.ve\/site\/wp-json\/wp\/v2\/media\/171471"}],"wp:attachment":[{"href":"https:\/\/digital58.com.ve\/site\/wp-json\/wp\/v2\/media?parent=171459"}],"wp:term":[{"taxonomy":"category","embeddable":true,"href":"https:\/\/digital58.com.ve\/site\/wp-json\/wp\/v2\/categories?post=171459"},{"taxonomy":"post_tag","embeddable":true,"href":"https:\/\/digital58.com.ve\/site\/wp-json\/wp\/v2\/tags?post=171459"}],"curies":[{"name":"wp","href":"https:\/\/api.w.org\/{rel}","templated":true}]}}