{"id":171475,"date":"2023-10-16T16:12:36","date_gmt":"2023-10-16T20:12:36","guid":{"rendered":"https:\/\/digital58.com.ve\/site\/?p=171475"},"modified":"2023-10-16T16:12:36","modified_gmt":"2023-10-16T20:12:36","slug":"maracaibo-mas-de-siete-mil-personas-recorrieron-los-10k-de-la-xxiii-caminata-por-la-vida-de-famac","status":"publish","type":"post","link":"https:\/\/digital58.com.ve\/site\/2023\/10\/16\/maracaibo-mas-de-siete-mil-personas-recorrieron-los-10k-de-la-xxiii-caminata-por-la-vida-de-famac\/","title":{"rendered":"#Maracaibo | Mas de siete mil personas recorrieron los 10K de la XXIII Caminata por la Vida de Famac"},"content":{"rendered":"<p><a href=\"https:\/\/digital58.com.ve\/site\/wp-content\/uploads\/2023\/10\/Caminata-Famac-8-1024x614-1.jpg\"><img loading=\"lazy\" decoding=\"async\" class=\"aligncenter size-full wp-image-171477\" src=\"https:\/\/digital58.com.ve\/site\/wp-content\/uploads\/2023\/10\/Caminata-Famac-8-1024x614-1.jpg\" alt=\"\" width=\"1024\" height=\"614\" srcset=\"https:\/\/digital58.com.ve\/site\/wp-content\/uploads\/2023\/10\/Caminata-Famac-8-1024x614-1.jpg 1024w, https:\/\/digital58.com.ve\/site\/wp-content\/uploads\/2023\/10\/Caminata-Famac-8-1024x614-1-300x180.jpg 300w, https:\/\/digital58.com.ve\/site\/wp-content\/uploads\/2023\/10\/Caminata-Famac-8-1024x614-1-1000x600.jpg 1000w, https:\/\/digital58.com.ve\/site\/wp-content\/uploads\/2023\/10\/Caminata-Famac-8-1024x614-1-768x461.jpg 768w\" sizes=\"auto, (max-width: 1024px) 100vw, 1024px\" \/><\/a><\/p>\n<p>La caminata sali\u00f3 puntual a las seis de la ma\u00f1ana desde la entrada norte de La Vereda del Lago. La gente recorri\u00f3 con energ\u00eda los 10 kil\u00f3metros de la ruta y disfrut\u00f3 de las animaciones en cada uno de los puntos de hidrataci\u00f3n.<\/p>\n<p><strong>Maracaibo Zulia, Venezuela, 16 de octubre de 2023 (ND58).-<\/strong> Un verdadero sentimiento de solidaridad y alegr\u00eda que eriza la piel llen\u00f3 las calles por donde pas\u00f3 la XXIII Caminata por la Vida de Famac. Asistieron m\u00e1s de siete mil personas, seg\u00fan los comentarios de los organizadores del evento.<\/p>\n<p><a href=\"https:\/\/digital58.com.ve\/site\/wp-content\/uploads\/2023\/10\/Caminata-Famac-9.jpg\"><img loading=\"lazy\" decoding=\"async\" class=\"aligncenter size-full wp-image-171478\" src=\"https:\/\/digital58.com.ve\/site\/wp-content\/uploads\/2023\/10\/Caminata-Famac-9.jpg\" alt=\"\" width=\"1500\" height=\"900\" srcset=\"https:\/\/digital58.com.ve\/site\/wp-content\/uploads\/2023\/10\/Caminata-Famac-9.jpg 1500w, https:\/\/digital58.com.ve\/site\/wp-content\/uploads\/2023\/10\/Caminata-Famac-9-300x180.jpg 300w, https:\/\/digital58.com.ve\/site\/wp-content\/uploads\/2023\/10\/Caminata-Famac-9-1000x600.jpg 1000w, https:\/\/digital58.com.ve\/site\/wp-content\/uploads\/2023\/10\/Caminata-Famac-9-768x461.jpg 768w\" sizes=\"auto, (max-width: 1500px) 100vw, 1500px\" \/><\/a><\/p>\n<p>Hombres, mujeres, ni\u00f1os, mascotas y muchos adultos mayores participaron con un gran derroche de alegr\u00eda. Tambi\u00e9n caminaron el alcalde de Maracaibo, Rafael Ram\u00edrez, junto a su familia, y la primera dama, Eveling Trejo de Rosales, entre otras personalidades.<\/p>\n<p>Pasadas las siete empezaron a llegar los primeros a la meta, aquellos que eligieron recorrer el trayecto corriendo. El resto de la \u00abmarea rosa\u00bb comenz\u00f3 a entrar de nuevo a La Vereda del Lago a las ocho de la ma\u00f1ana.<\/p>\n<p><a href=\"https:\/\/digital58.com.ve\/site\/wp-content\/uploads\/2023\/10\/Caminata-Famac-4-1024x614-1.jpg\"><img loading=\"lazy\" decoding=\"async\" class=\"aligncenter size-full wp-image-171476\" src=\"https:\/\/digital58.com.ve\/site\/wp-content\/uploads\/2023\/10\/Caminata-Famac-4-1024x614-1.jpg\" alt=\"\" width=\"1024\" height=\"614\" srcset=\"https:\/\/digital58.com.ve\/site\/wp-content\/uploads\/2023\/10\/Caminata-Famac-4-1024x614-1.jpg 1024w, https:\/\/digital58.com.ve\/site\/wp-content\/uploads\/2023\/10\/Caminata-Famac-4-1024x614-1-300x180.jpg 300w, https:\/\/digital58.com.ve\/site\/wp-content\/uploads\/2023\/10\/Caminata-Famac-4-1024x614-1-1000x600.jpg 1000w, https:\/\/digital58.com.ve\/site\/wp-content\/uploads\/2023\/10\/Caminata-Famac-4-1024x614-1-768x461.jpg 768w\" sizes=\"auto, (max-width: 1024px) 100vw, 1024px\" \/><\/a><\/p>\n<p>En el parque a orillas del lago hubo una gran celebraci\u00f3n. M\u00fasica, bailes, entusiasmo y el orgullo de haber cumplido un a\u00f1o m\u00e1s con esta noble misi\u00f3n que asumi\u00f3 una gran cantidad de zulianos: apoyar a las mujeres que padecen c\u00e1ncer de mama.<\/p>\n<p><strong>Redacci\u00f3n ND58 | Fuente: Reyna Carre\u00f1o Miranda \/ ElVigilanteWeb<\/strong><br \/>\n<strong>Edici\u00f3n: Villasmil, Henry<\/strong><br \/>\n<strong>Gr\u00e1ficas: Cortes\u00eda ElVigilanteWeb<\/strong><\/p>\n<p>&nbsp;<\/p><div class=\"ilzua69f1e1720e2c3\" ><p style=\"text-align: center;\"><a href=\"https:\/\/t.me\/noticiasdigital58\" target=\"_blank\" rel=\"noopener\"><img class=\"aligncenter size-full wp-image-125363\" src=\"https:\/\/digital58.com.ve\/site\/wp-content\/uploads\/2021\/04\/banner-telegram-web-2021.png\" alt=\"\" width=\"600\" height=\"90\" \/><\/a><\/p><\/div><style type=\"text\/css\">\r\n@media screen and (min-width: 1201px) {\r\n.ilzua69f1e1720e2c3 {\r\ndisplay: block;\r\n}\r\n}\r\n@media screen and (min-width: 993px) and (max-width: 1200px) {\r\n.ilzua69f1e1720e2c3 {\r\ndisplay: block;\r\n}\r\n}\r\n@media screen and (min-width: 769px) and (max-width: 992px) {\r\n.ilzua69f1e1720e2c3 {\r\ndisplay: block;\r\n}\r\n}\r\n@media screen and (min-width: 768px) and (max-width: 768px) {\r\n.ilzua69f1e1720e2c3 {\r\ndisplay: block;\r\n}\r\n}\r\n@media screen and (max-width: 767px) {\r\n.ilzua69f1e1720e2c3 {\r\ndisplay: block;\r\n}\r\n}\r\n<\/style>\r\n\n<p>&nbsp;<\/p>\n<div style=\"margin-top: 0px; margin-bottom: 0px;\" class=\"sharethis-inline-share-buttons\" ><\/div>","protected":false},"excerpt":{"rendered":"<p>La caminata sali\u00f3 puntual a las seis de la ma\u00f1ana desde la entrada norte de La Vereda del Lago. La<\/p>\n","protected":false},"author":1,"featured_media":171478,"comment_status":"open","ping_status":"closed","sticky":false,"template":"","format":"standard","meta":{"colormag_page_container_layout":"default_layout","colormag_page_sidebar_layout":"default_layout","_uag_custom_page_level_css":"","footnotes":""},"categories":[5409],"tags":[6533,11662,4033,32626,73,5827,233,2354,32,32627],"class_list":["post-171475","post","type-post","status-publish","format-standard","has-post-thumbnail","hentry","category-sociales","tag-caminatas","tag-cancer-de-mamas","tag-famac","tag-la-vereda-del-lago","tag-maracaibo","tag-marea-rosa","tag-nacionales","tag-regionales","tag-venezuela","tag-xxiii-caminata-por-la-vida"],"yoast_head":"<!-- This site is optimized with the Yoast SEO plugin v27.5 - https:\/\/yoast.com\/product\/yoast-seo-wordpress\/ -->\n<title>#Maracaibo | Mas de siete mil personas recorrieron los 10K de la XXIII Caminata por la Vida de Famac<\/title>\n<meta name=\"robots\" content=\"index, follow, max-snippet:-1, max-image-preview:large, max-video-preview:-1\" \/>\n<link rel=\"canonical\" href=\"https:\/\/digital58.com.ve\/site\/2023\/10\/16\/maracaibo-mas-de-siete-mil-personas-recorrieron-los-10k-de-la-xxiii-caminata-por-la-vida-de-famac\/\" \/>\n<meta property=\"og:locale\" content=\"es_ES\" \/>\n<meta property=\"og:type\" content=\"article\" \/>\n<meta property=\"og:title\" content=\"#Maracaibo | Mas de siete mil personas recorrieron los 10K de la XXIII Caminata por la Vida de Famac\" \/>\n<meta property=\"og:url\" content=\"https:\/\/digital58.com.ve\/site\/2023\/10\/16\/maracaibo-mas-de-siete-mil-personas-recorrieron-los-10k-de-la-xxiii-caminata-por-la-vida-de-famac\/\" \/>\n<meta property=\"og:site_name\" content=\"Noticias Digital58\" \/>\n<meta property=\"article:published_time\" content=\"2023-10-16T20:12:36+00:00\" \/>\n<meta property=\"og:image\" content=\"https:\/\/i0.wp.com\/digital58.com.ve\/site\/wp-content\/uploads\/2023\/10\/Caminata-Famac-9.jpg?fit=1500%2C900&ssl=1\" \/>\n\t<meta property=\"og:image:width\" content=\"1500\" \/>\n\t<meta property=\"og:image:height\" content=\"900\" \/>\n\t<meta property=\"og:image:type\" content=\"image\/jpeg\" \/>\n<meta name=\"author\" content=\"Villasmil Henry\" \/>\n<meta name=\"twitter:card\" content=\"summary_large_image\" \/>\n<meta name=\"twitter:creator\" content=\"@https:\/\/twitter.com\/villasmilhfoto\" \/>\n<meta name=\"twitter:site\" content=\"@villasmilhfoto\" \/>\n<meta name=\"twitter:label1\" content=\"Escrito por\" \/>\n\t<meta name=\"twitter:data1\" content=\"Villasmil Henry\" \/>\n\t<meta name=\"twitter:label2\" content=\"Tiempo estimado de lectura\" \/>\n\t<meta name=\"twitter:data2\" content=\"1 minuto\" \/>\n<script type=\"application\/ld+json\" class=\"yoast-schema-graph\">{\"@context\":\"https:\\\/\\\/schema.org\",\"@graph\":[{\"@type\":\"Article\",\"@id\":\"https:\\\/\\\/digital58.com.ve\\\/site\\\/2023\\\/10\\\/16\\\/maracaibo-mas-de-siete-mil-personas-recorrieron-los-10k-de-la-xxiii-caminata-por-la-vida-de-famac\\\/#article\",\"isPartOf\":{\"@id\":\"https:\\\/\\\/digital58.com.ve\\\/site\\\/2023\\\/10\\\/16\\\/maracaibo-mas-de-siete-mil-personas-recorrieron-los-10k-de-la-xxiii-caminata-por-la-vida-de-famac\\\/\"},\"author\":{\"name\":\"Villasmil Henry\",\"@id\":\"https:\\\/\\\/digital58.com.ve\\\/site\\\/#\\\/schema\\\/person\\\/64d1c2e4d0d4fd1b849980c4331c2951\"},\"headline\":\"#Maracaibo | Mas de siete mil personas recorrieron los 10K de la XXIII Caminata por la Vida de Famac\",\"datePublished\":\"2023-10-16T20:12:36+00:00\",\"mainEntityOfPage\":{\"@id\":\"https:\\\/\\\/digital58.com.ve\\\/site\\\/2023\\\/10\\\/16\\\/maracaibo-mas-de-siete-mil-personas-recorrieron-los-10k-de-la-xxiii-caminata-por-la-vida-de-famac\\\/\"},\"wordCount\":266,\"commentCount\":0,\"publisher\":{\"@id\":\"https:\\\/\\\/digital58.com.ve\\\/site\\\/#\\\/schema\\\/person\\\/64d1c2e4d0d4fd1b849980c4331c2951\"},\"image\":{\"@id\":\"https:\\\/\\\/digital58.com.ve\\\/site\\\/2023\\\/10\\\/16\\\/maracaibo-mas-de-siete-mil-personas-recorrieron-los-10k-de-la-xxiii-caminata-por-la-vida-de-famac\\\/#primaryimage\"},\"thumbnailUrl\":\"https:\\\/\\\/digital58.com.ve\\\/site\\\/wp-content\\\/uploads\\\/2023\\\/10\\\/Caminata-Famac-9.jpg\",\"keywords\":[\"Caminatas\",\"C\u00e1ncer de Mamas\",\"Famac\",\"La Vereda del Lago\",\"Maracaibo\",\"marea rosa\",\"Nacionales\",\"Regionales\",\"Venezuela\",\"XXIII Caminata por la Vida\"],\"articleSection\":[\"Sociales\"],\"inLanguage\":\"es\",\"potentialAction\":[{\"@type\":\"CommentAction\",\"name\":\"Comment\",\"target\":[\"https:\\\/\\\/digital58.com.ve\\\/site\\\/2023\\\/10\\\/16\\\/maracaibo-mas-de-siete-mil-personas-recorrieron-los-10k-de-la-xxiii-caminata-por-la-vida-de-famac\\\/#respond\"]}]},{\"@type\":\"WebPage\",\"@id\":\"https:\\\/\\\/digital58.com.ve\\\/site\\\/2023\\\/10\\\/16\\\/maracaibo-mas-de-siete-mil-personas-recorrieron-los-10k-de-la-xxiii-caminata-por-la-vida-de-famac\\\/\",\"url\":\"https:\\\/\\\/digital58.com.ve\\\/site\\\/2023\\\/10\\\/16\\\/maracaibo-mas-de-siete-mil-personas-recorrieron-los-10k-de-la-xxiii-caminata-por-la-vida-de-famac\\\/\",\"name\":\"#Maracaibo | Mas de siete mil personas recorrieron los 10K de la XXIII Caminata por la Vida de Famac\",\"isPartOf\":{\"@id\":\"https:\\\/\\\/digital58.com.ve\\\/site\\\/#website\"},\"primaryImageOfPage\":{\"@id\":\"https:\\\/\\\/digital58.com.ve\\\/site\\\/2023\\\/10\\\/16\\\/maracaibo-mas-de-siete-mil-personas-recorrieron-los-10k-de-la-xxiii-caminata-por-la-vida-de-famac\\\/#primaryimage\"},\"image\":{\"@id\":\"https:\\\/\\\/digital58.com.ve\\\/site\\\/2023\\\/10\\\/16\\\/maracaibo-mas-de-siete-mil-personas-recorrieron-los-10k-de-la-xxiii-caminata-por-la-vida-de-famac\\\/#primaryimage\"},\"thumbnailUrl\":\"https:\\\/\\\/digital58.com.ve\\\/site\\\/wp-content\\\/uploads\\\/2023\\\/10\\\/Caminata-Famac-9.jpg\",\"datePublished\":\"2023-10-16T20:12:36+00:00\",\"breadcrumb\":{\"@id\":\"https:\\\/\\\/digital58.com.ve\\\/site\\\/2023\\\/10\\\/16\\\/maracaibo-mas-de-siete-mil-personas-recorrieron-los-10k-de-la-xxiii-caminata-por-la-vida-de-famac\\\/#breadcrumb\"},\"inLanguage\":\"es\",\"potentialAction\":[{\"@type\":\"ReadAction\",\"target\":[\"https:\\\/\\\/digital58.com.ve\\\/site\\\/2023\\\/10\\\/16\\\/maracaibo-mas-de-siete-mil-personas-recorrieron-los-10k-de-la-xxiii-caminata-por-la-vida-de-famac\\\/\"]}]},{\"@type\":\"ImageObject\",\"inLanguage\":\"es\",\"@id\":\"https:\\\/\\\/digital58.com.ve\\\/site\\\/2023\\\/10\\\/16\\\/maracaibo-mas-de-siete-mil-personas-recorrieron-los-10k-de-la-xxiii-caminata-por-la-vida-de-famac\\\/#primaryimage\",\"url\":\"https:\\\/\\\/digital58.com.ve\\\/site\\\/wp-content\\\/uploads\\\/2023\\\/10\\\/Caminata-Famac-9.jpg\",\"contentUrl\":\"https:\\\/\\\/digital58.com.ve\\\/site\\\/wp-content\\\/uploads\\\/2023\\\/10\\\/Caminata-Famac-9.jpg\",\"width\":1500,\"height\":900},{\"@type\":\"BreadcrumbList\",\"@id\":\"https:\\\/\\\/digital58.com.ve\\\/site\\\/2023\\\/10\\\/16\\\/maracaibo-mas-de-siete-mil-personas-recorrieron-los-10k-de-la-xxiii-caminata-por-la-vida-de-famac\\\/#breadcrumb\",\"itemListElement\":[{\"@type\":\"ListItem\",\"position\":1,\"name\":\"Home\",\"item\":\"https:\\\/\\\/digital58.com.ve\\\/site\\\/\"},{\"@type\":\"ListItem\",\"position\":2,\"name\":\"#Maracaibo | Mas de siete mil personas recorrieron los 10K de la XXIII Caminata por la Vida de Famac\"}]},{\"@type\":\"WebSite\",\"@id\":\"https:\\\/\\\/digital58.com.ve\\\/site\\\/#website\",\"url\":\"https:\\\/\\\/digital58.com.ve\\\/site\\\/\",\"name\":\"Noticias Digital58\",\"description\":\"Portal de Noticias \u00a1Periodismo web de verdad! Lanzamiento web 22.11.2005 \\\/ Maracaibo, Venezuela\",\"publisher\":{\"@id\":\"https:\\\/\\\/digital58.com.ve\\\/site\\\/#\\\/schema\\\/person\\\/64d1c2e4d0d4fd1b849980c4331c2951\"},\"alternateName\":\"ND58\",\"potentialAction\":[{\"@type\":\"SearchAction\",\"target\":{\"@type\":\"EntryPoint\",\"urlTemplate\":\"https:\\\/\\\/digital58.com.ve\\\/site\\\/?s={search_term_string}\"},\"query-input\":{\"@type\":\"PropertyValueSpecification\",\"valueRequired\":true,\"valueName\":\"search_term_string\"}}],\"inLanguage\":\"es\"},{\"@type\":[\"Person\",\"Organization\"],\"@id\":\"https:\\\/\\\/digital58.com.ve\\\/site\\\/#\\\/schema\\\/person\\\/64d1c2e4d0d4fd1b849980c4331c2951\",\"name\":\"Villasmil Henry\",\"image\":{\"@type\":\"ImageObject\",\"inLanguage\":\"es\",\"@id\":\"https:\\\/\\\/secure.gravatar.com\\\/avatar\\\/bb0c4a2fcb7970138239f7e404ea75757b1b507b28b5ce4c53fbd62d797c5a7c?s=96&d=mm&r=g\",\"url\":\"https:\\\/\\\/secure.gravatar.com\\\/avatar\\\/bb0c4a2fcb7970138239f7e404ea75757b1b507b28b5ce4c53fbd62d797c5a7c?s=96&d=mm&r=g\",\"contentUrl\":\"https:\\\/\\\/secure.gravatar.com\\\/avatar\\\/bb0c4a2fcb7970138239f7e404ea75757b1b507b28b5ce4c53fbd62d797c5a7c?s=96&d=mm&r=g\",\"caption\":\"Villasmil Henry\"},\"logo\":{\"@id\":\"https:\\\/\\\/secure.gravatar.com\\\/avatar\\\/bb0c4a2fcb7970138239f7e404ea75757b1b507b28b5ce4c53fbd62d797c5a7c?s=96&d=mm&r=g\"},\"sameAs\":[\"http:\\\/\\\/www.henryvillasmil.com.ve\",\"https:\\\/\\\/www.instagram.com\\\/villasmilhfoto\\\/\",\"https:\\\/\\\/x.com\\\/https:\\\/\\\/twitter.com\\\/villasmilhfoto\"],\"url\":\"https:\\\/\\\/digital58.com.ve\\\/site\\\/author\\\/droopy_68\\\/\"}]}<\/script>\n<!-- \/ Yoast SEO plugin. -->","yoast_head_json":{"title":"#Maracaibo | Mas de siete mil personas recorrieron los 10K de la XXIII Caminata por la Vida de Famac","robots":{"index":"index","follow":"follow","max-snippet":"max-snippet:-1","max-image-preview":"max-image-preview:large","max-video-preview":"max-video-preview:-1"},"canonical":"https:\/\/digital58.com.ve\/site\/2023\/10\/16\/maracaibo-mas-de-siete-mil-personas-recorrieron-los-10k-de-la-xxiii-caminata-por-la-vida-de-famac\/","og_locale":"es_ES","og_type":"article","og_title":"#Maracaibo | Mas de siete mil personas recorrieron los 10K de la XXIII Caminata por la Vida de Famac","og_url":"https:\/\/digital58.com.ve\/site\/2023\/10\/16\/maracaibo-mas-de-siete-mil-personas-recorrieron-los-10k-de-la-xxiii-caminata-por-la-vida-de-famac\/","og_site_name":"Noticias Digital58","article_published_time":"2023-10-16T20:12:36+00:00","og_image":[{"width":1500,"height":900,"url":"https:\/\/i0.wp.com\/digital58.com.ve\/site\/wp-content\/uploads\/2023\/10\/Caminata-Famac-9.jpg?fit=1500%2C900&ssl=1","type":"image\/jpeg"}],"author":"Villasmil Henry","twitter_card":"summary_large_image","twitter_creator":"@https:\/\/twitter.com\/villasmilhfoto","twitter_site":"@villasmilhfoto","twitter_misc":{"Escrito por":"Villasmil Henry","Tiempo estimado de lectura":"1 minuto"},"schema":{"@context":"https:\/\/schema.org","@graph":[{"@type":"Article","@id":"https:\/\/digital58.com.ve\/site\/2023\/10\/16\/maracaibo-mas-de-siete-mil-personas-recorrieron-los-10k-de-la-xxiii-caminata-por-la-vida-de-famac\/#article","isPartOf":{"@id":"https:\/\/digital58.com.ve\/site\/2023\/10\/16\/maracaibo-mas-de-siete-mil-personas-recorrieron-los-10k-de-la-xxiii-caminata-por-la-vida-de-famac\/"},"author":{"name":"Villasmil Henry","@id":"https:\/\/digital58.com.ve\/site\/#\/schema\/person\/64d1c2e4d0d4fd1b849980c4331c2951"},"headline":"#Maracaibo | Mas de siete mil personas recorrieron los 10K de la XXIII Caminata por la Vida de Famac","datePublished":"2023-10-16T20:12:36+00:00","mainEntityOfPage":{"@id":"https:\/\/digital58.com.ve\/site\/2023\/10\/16\/maracaibo-mas-de-siete-mil-personas-recorrieron-los-10k-de-la-xxiii-caminata-por-la-vida-de-famac\/"},"wordCount":266,"commentCount":0,"publisher":{"@id":"https:\/\/digital58.com.ve\/site\/#\/schema\/person\/64d1c2e4d0d4fd1b849980c4331c2951"},"image":{"@id":"https:\/\/digital58.com.ve\/site\/2023\/10\/16\/maracaibo-mas-de-siete-mil-personas-recorrieron-los-10k-de-la-xxiii-caminata-por-la-vida-de-famac\/#primaryimage"},"thumbnailUrl":"https:\/\/digital58.com.ve\/site\/wp-content\/uploads\/2023\/10\/Caminata-Famac-9.jpg","keywords":["Caminatas","C\u00e1ncer de Mamas","Famac","La Vereda del Lago","Maracaibo","marea rosa","Nacionales","Regionales","Venezuela","XXIII Caminata por la Vida"],"articleSection":["Sociales"],"inLanguage":"es","potentialAction":[{"@type":"CommentAction","name":"Comment","target":["https:\/\/digital58.com.ve\/site\/2023\/10\/16\/maracaibo-mas-de-siete-mil-personas-recorrieron-los-10k-de-la-xxiii-caminata-por-la-vida-de-famac\/#respond"]}]},{"@type":"WebPage","@id":"https:\/\/digital58.com.ve\/site\/2023\/10\/16\/maracaibo-mas-de-siete-mil-personas-recorrieron-los-10k-de-la-xxiii-caminata-por-la-vida-de-famac\/","url":"https:\/\/digital58.com.ve\/site\/2023\/10\/16\/maracaibo-mas-de-siete-mil-personas-recorrieron-los-10k-de-la-xxiii-caminata-por-la-vida-de-famac\/","name":"#Maracaibo | Mas de siete mil personas recorrieron los 10K de la XXIII Caminata por la Vida de Famac","isPartOf":{"@id":"https:\/\/digital58.com.ve\/site\/#website"},"primaryImageOfPage":{"@id":"https:\/\/digital58.com.ve\/site\/2023\/10\/16\/maracaibo-mas-de-siete-mil-personas-recorrieron-los-10k-de-la-xxiii-caminata-por-la-vida-de-famac\/#primaryimage"},"image":{"@id":"https:\/\/digital58.com.ve\/site\/2023\/10\/16\/maracaibo-mas-de-siete-mil-personas-recorrieron-los-10k-de-la-xxiii-caminata-por-la-vida-de-famac\/#primaryimage"},"thumbnailUrl":"https:\/\/digital58.com.ve\/site\/wp-content\/uploads\/2023\/10\/Caminata-Famac-9.jpg","datePublished":"2023-10-16T20:12:36+00:00","breadcrumb":{"@id":"https:\/\/digital58.com.ve\/site\/2023\/10\/16\/maracaibo-mas-de-siete-mil-personas-recorrieron-los-10k-de-la-xxiii-caminata-por-la-vida-de-famac\/#breadcrumb"},"inLanguage":"es","potentialAction":[{"@type":"ReadAction","target":["https:\/\/digital58.com.ve\/site\/2023\/10\/16\/maracaibo-mas-de-siete-mil-personas-recorrieron-los-10k-de-la-xxiii-caminata-por-la-vida-de-famac\/"]}]},{"@type":"ImageObject","inLanguage":"es","@id":"https:\/\/digital58.com.ve\/site\/2023\/10\/16\/maracaibo-mas-de-siete-mil-personas-recorrieron-los-10k-de-la-xxiii-caminata-por-la-vida-de-famac\/#primaryimage","url":"https:\/\/digital58.com.ve\/site\/wp-content\/uploads\/2023\/10\/Caminata-Famac-9.jpg","contentUrl":"https:\/\/digital58.com.ve\/site\/wp-content\/uploads\/2023\/10\/Caminata-Famac-9.jpg","width":1500,"height":900},{"@type":"BreadcrumbList","@id":"https:\/\/digital58.com.ve\/site\/2023\/10\/16\/maracaibo-mas-de-siete-mil-personas-recorrieron-los-10k-de-la-xxiii-caminata-por-la-vida-de-famac\/#breadcrumb","itemListElement":[{"@type":"ListItem","position":1,"name":"Home","item":"https:\/\/digital58.com.ve\/site\/"},{"@type":"ListItem","position":2,"name":"#Maracaibo | Mas de siete mil personas recorrieron los 10K de la XXIII Caminata por la Vida de Famac"}]},{"@type":"WebSite","@id":"https:\/\/digital58.com.ve\/site\/#website","url":"https:\/\/digital58.com.ve\/site\/","name":"Noticias Digital58","description":"Portal de Noticias \u00a1Periodismo web de verdad! Lanzamiento web 22.11.2005 \/ Maracaibo, Venezuela","publisher":{"@id":"https:\/\/digital58.com.ve\/site\/#\/schema\/person\/64d1c2e4d0d4fd1b849980c4331c2951"},"alternateName":"ND58","potentialAction":[{"@type":"SearchAction","target":{"@type":"EntryPoint","urlTemplate":"https:\/\/digital58.com.ve\/site\/?s={search_term_string}"},"query-input":{"@type":"PropertyValueSpecification","valueRequired":true,"valueName":"search_term_string"}}],"inLanguage":"es"},{"@type":["Person","Organization"],"@id":"https:\/\/digital58.com.ve\/site\/#\/schema\/person\/64d1c2e4d0d4fd1b849980c4331c2951","name":"Villasmil Henry","image":{"@type":"ImageObject","inLanguage":"es","@id":"https:\/\/secure.gravatar.com\/avatar\/bb0c4a2fcb7970138239f7e404ea75757b1b507b28b5ce4c53fbd62d797c5a7c?s=96&d=mm&r=g","url":"https:\/\/secure.gravatar.com\/avatar\/bb0c4a2fcb7970138239f7e404ea75757b1b507b28b5ce4c53fbd62d797c5a7c?s=96&d=mm&r=g","contentUrl":"https:\/\/secure.gravatar.com\/avatar\/bb0c4a2fcb7970138239f7e404ea75757b1b507b28b5ce4c53fbd62d797c5a7c?s=96&d=mm&r=g","caption":"Villasmil Henry"},"logo":{"@id":"https:\/\/secure.gravatar.com\/avatar\/bb0c4a2fcb7970138239f7e404ea75757b1b507b28b5ce4c53fbd62d797c5a7c?s=96&d=mm&r=g"},"sameAs":["http:\/\/www.henryvillasmil.com.ve","https:\/\/www.instagram.com\/villasmilhfoto\/","https:\/\/x.com\/https:\/\/twitter.com\/villasmilhfoto"],"url":"https:\/\/digital58.com.ve\/site\/author\/droopy_68\/"}]}},"uagb_featured_image_src":{"full":["https:\/\/digital58.com.ve\/site\/wp-content\/uploads\/2023\/10\/Caminata-Famac-9.jpg",1500,900,false],"thumbnail":["https:\/\/digital58.com.ve\/site\/wp-content\/uploads\/2023\/10\/Caminata-Famac-9-150x150.jpg",150,150,true],"medium":["https:\/\/digital58.com.ve\/site\/wp-content\/uploads\/2023\/10\/Caminata-Famac-9-300x180.jpg",300,180,true],"medium_large":["https:\/\/digital58.com.ve\/site\/wp-content\/uploads\/2023\/10\/Caminata-Famac-9-768x461.jpg",768,461,true],"large":["https:\/\/digital58.com.ve\/site\/wp-content\/uploads\/2023\/10\/Caminata-Famac-9-1000x600.jpg",800,480,true],"1536x1536":["https:\/\/digital58.com.ve\/site\/wp-content\/uploads\/2023\/10\/Caminata-Famac-9.jpg",1500,900,false],"2048x2048":["https:\/\/digital58.com.ve\/site\/wp-content\/uploads\/2023\/10\/Caminata-Famac-9.jpg",1500,900,false],"colormag-highlighted-post":["https:\/\/digital58.com.ve\/site\/wp-content\/uploads\/2023\/10\/Caminata-Famac-9-392x272.jpg",392,272,true],"colormag-featured-post-medium":["https:\/\/digital58.com.ve\/site\/wp-content\/uploads\/2023\/10\/Caminata-Famac-9-390x205.jpg",390,205,true],"colormag-featured-post-small":["https:\/\/digital58.com.ve\/site\/wp-content\/uploads\/2023\/10\/Caminata-Famac-9-130x90.jpg",130,90,true],"colormag-featured-image":["https:\/\/digital58.com.ve\/site\/wp-content\/uploads\/2023\/10\/Caminata-Famac-9-800x445.jpg",800,445,true],"colormag-default-news":["https:\/\/digital58.com.ve\/site\/wp-content\/uploads\/2023\/10\/Caminata-Famac-9-150x150.jpg",150,150,true],"colormag-featured-image-large":["https:\/\/digital58.com.ve\/site\/wp-content\/uploads\/2023\/10\/Caminata-Famac-9-1400x600.jpg",1400,600,true]},"uagb_author_info":{"display_name":"Villasmil Henry","author_link":"https:\/\/digital58.com.ve\/site\/author\/droopy_68\/"},"uagb_comment_info":0,"uagb_excerpt":"La caminata sali\u00f3 puntual a las seis de la ma\u00f1ana desde la entrada norte de La Vereda del Lago. La","_links":{"self":[{"href":"https:\/\/digital58.com.ve\/site\/wp-json\/wp\/v2\/posts\/171475","targetHints":{"allow":["GET"]}}],"collection":[{"href":"https:\/\/digital58.com.ve\/site\/wp-json\/wp\/v2\/posts"}],"about":[{"href":"https:\/\/digital58.com.ve\/site\/wp-json\/wp\/v2\/types\/post"}],"author":[{"embeddable":true,"href":"https:\/\/digital58.com.ve\/site\/wp-json\/wp\/v2\/users\/1"}],"replies":[{"embeddable":true,"href":"https:\/\/digital58.com.ve\/site\/wp-json\/wp\/v2\/comments?post=171475"}],"version-history":[{"count":1,"href":"https:\/\/digital58.com.ve\/site\/wp-json\/wp\/v2\/posts\/171475\/revisions"}],"predecessor-version":[{"id":171479,"href":"https:\/\/digital58.com.ve\/site\/wp-json\/wp\/v2\/posts\/171475\/revisions\/171479"}],"wp:featuredmedia":[{"embeddable":true,"href":"https:\/\/digital58.com.ve\/site\/wp-json\/wp\/v2\/media\/171478"}],"wp:attachment":[{"href":"https:\/\/digital58.com.ve\/site\/wp-json\/wp\/v2\/media?parent=171475"}],"wp:term":[{"taxonomy":"category","embeddable":true,"href":"https:\/\/digital58.com.ve\/site\/wp-json\/wp\/v2\/categories?post=171475"},{"taxonomy":"post_tag","embeddable":true,"href":"https:\/\/digital58.com.ve\/site\/wp-json\/wp\/v2\/tags?post=171475"}],"curies":[{"name":"wp","href":"https:\/\/api.w.org\/{rel}","templated":true}]}}